{"id":50876,"date":"2024-10-02T11:16:00","date_gmt":"2024-10-02T09:16:00","guid":{"rendered":"https:\/\/www.laguiadepamplona.com\/actualidad\/?p=50876"},"modified":"2024-10-02T11:16:00","modified_gmt":"2024-10-02T09:16:00","slug":"el-ayuntamiento-atendera-durante-todo-el-dia-y-no-solo-por-la-noche-a-las-personas-sin-hogar-que-accedan-a-las-165-plazas-previstas-en-diferentes-recursos-municipales","status":"publish","type":"post","link":"https:\/\/www.laguiadepamplona.com\/actualidad\/el-ayuntamiento-atendera-durante-todo-el-dia-y-no-solo-por-la-noche-a-las-personas-sin-hogar-que-accedan-a-las-165-plazas-previstas-en-diferentes-recursos-municipales\/","title":{"rendered":"El Ayuntamiento atender\u00e1 durante todo el d\u00eda, y no solo por la noche, a las personas sin hogar que accedan a las 165 plazas previstas en diferentes recursos municipales"},"content":{"rendered":"<h2>La Campa\u00f1a de Fr\u00edo se activar\u00e1 del 1 de noviembre al 31 de marzo, con 30 plazas m\u00e1s y acompa\u00f1amiento social profesional para personas y familias<\/h2>\n<p><!--more--><\/p>\n<p>A partir del 1 de noviembre, Pamplona activar\u00e1 su Protocolo de Ola de Fr\u00edo cuando la sensaci\u00f3n t\u00e9rmica baje de 3 grados o existan condiciones climatol\u00f3gicas adversas (lluvia muy intensa, nieve u otras circunstancias naturales graves). A esa condici\u00f3n, se a\u00f1ade este invierno la activaci\u00f3n del protocolo en aquellos casos en los que la sensaci\u00f3n t\u00e9rmica a la hora de la salida del recurso de acogida sea igual o inferior a 3 grados y en los que la sensaci\u00f3n t\u00e9rmica m\u00e1xima durante el d\u00eda no supere los 8 grados.<\/p>\n<p>Para estos pr\u00f3ximos meses, el Ayuntamiento de Pamplona habilitar\u00e1 en la Campa\u00f1a de Fr\u00edo 165 plazas de acogida de personas sin hogar en diferentes recursos municipales, 30 plazas m\u00e1s que el a\u00f1o pasado. La principal novedad tiene que ver con la atenci\u00f3n espec\u00edfica que se llevar\u00e1 a cabo, pues se atender\u00e1 durante todo el d\u00eda, no solo por la noche como hasta ahora tanto a personas con m\u00e1s de un a\u00f1o de empadronamiento en Pamplona como a personas itinerantes. De esta forma, se evita que permanezcan muchas horas en la calle, incluso en d\u00edas de condiciones climatol\u00f3gicas muy adversas.<\/p>\n<p>Adem\u00e1s, el Ayuntamiento de Pamplona une a la atenci\u00f3n durante m\u00e1s horas un componente de acompa\u00f1amiento social con equipos profesionales, un servicio clave para tratar de paliar el sinhogarismo. Se busca, de esta forma, poder realizar itinerarios de integraci\u00f3n social con aquellas personas sin hogar empadronadas desde hace m\u00e1s de un a\u00f1o en Pamplona para tratar de garantizarles una salida de su situaci\u00f3n de vida en la calle. Hasta ahora, \u00fanicamente se ofrec\u00eda el alojamiento para las noches, sin apenas seguimiento, lo que no lograba evitar las situaciones de sinhogarismo de las personas acogidas.<\/p>\n<p>El concejal delegado de Acci\u00f3n Social, Txema Maule\u00f3n Echeverr\u00eda, y el director del \u00e1rea Rub\u00e9n Unanua Ruiz han explicado en rueda de prensa las novedades que se van a implementar en esta Campa\u00f1a de Fr\u00edo y la atenci\u00f3n a las personas sin hogar tanto itinerantes como con arraigo en Pamplona. La campa\u00f1a y la posibilidad de activar el Protocolo, que finalizar\u00e1n el 31 de marzo, est\u00e1n recogidas en la Ordenanza Reguladora del Programa de Alta Exclusi\u00f3n del Ayuntamiento de Pamplona y tienen como objetivo \u201ccoordinar los medios t\u00e9cnicos y humanos que deben utilizarse con las personas que duermen en la calle durante situaciones de emergencia provocadas por inclemencias meteorol\u00f3gicas\u201d.<\/p>\n<p><strong>M\u00e1s plazas que el pasado invierno<\/strong><\/p>\n<p>La prioridad del Ayuntamiento de Pamplona es que se cubran las 165 plazas existentes en los recursos municipales, al margen del perfil de personas destinatarias. El Ayuntamiento cuenta con 58 plazas en el Centro de Atenci\u00f3n a Personas sin Hogar, 28 habilitadas en un ala del albergue Jes\u00fas y Mar\u00eda, 30 en viviendas gestionadas por el programa \u2018Etxe Bat \u2013 Un hogar\u2019, 14 en pensiones y 35 para familias, estas \u00faltimas tanto en pensiones como en viviendas municipales. A estos recursos se sumar\u00e1n otros en d\u00edas espec\u00edficos de fr\u00edo extremo o en d\u00edas de activaci\u00f3n del Protocolo de Ola de Fr\u00edo.<\/p>\n<p>Este dispositivo sienta las bases de lo que ser\u00e1 la atenci\u00f3n al sinhogarismo durante 2025, fuera de los meses de invierno. Permanecer\u00e1n como recursos estables para todo el a\u00f1o las 52 plazas del Centro de Atenci\u00f3n a Personas sin Hogar (dos m\u00e1s que hasta ahora), las 30 que se ofrecen a trav\u00e9s del convenio con la Fundaci\u00f3n Adsis para el programa \u2018Etxe Bat \u2013 Un hogar\u2019 y las 35 plazas en viviendas para familias. En total, 117 plazas fijas para todo el a\u00f1o, que duplican las cifras actuales de recursos de acogida para el sinhogarismo.<\/p>\n<p>El Ayuntamiento de Pamplona quiere apostar por viviendas de uso temporal y compartido frente a vales para hoteles y pensiones, ya que son viviendas municipales rehabilitadas con el consiguiente ahorro econ\u00f3mico de esos vales, y propician una mayor integraci\u00f3n social, especialmente en el caso de las familias. Ese modelo de integraci\u00f3n social va a priorizar a quienes tengan m\u00e1s arraigo la ciudad y a perfiles vulnerables (familias con menores, mujeres, personas mayores, personas con problemas de salud), con un aumento de plazas para personas residentes en Pamplona durante m\u00e1s de un a\u00f1o.<\/p>\n<p>Las acciones de esta Campa\u00f1a de Fr\u00edo en estos meses de noviembre y diciembre van a contar con una subvenci\u00f3n del Gobierno de Navarra de 100.000 euros. Durante este a\u00f1o 2024, esa financiaci\u00f3n a trav\u00e9s de ayudas del Gobierno de Navarra alcanzar\u00e1 los 777.000 euros frente a los 290.000 obtenidos en 2023.<\/p>\n<p><strong>Atenci\u00f3n a personas con arraigo e itinerantes<\/strong><\/p>\n<p>La Campa\u00f1a de Fr\u00edo establece dos perfiles diferenciados para la atenci\u00f3n el sinhogarismo. Se consideran personas empadronadas o con arraigo para el acceso a estos recursos de acogida aquellas que viven de manera estable en Pamplona por un periodo de al menos 1 a\u00f1o, constatado por los servicios municipales, Servicio Navarro de Salud\u2026 y cuenten un profesional de referencia. Adem\u00e1s del arraigo, para poder utilizar los recursos se requiere ser mayor de edad, no tener ingresos estables y no tener otra soluci\u00f3n habitacional.<\/p>\n<p>Las personas itinerantes, que no lleven un a\u00f1o en la ciudad y por tanto sin arraigo, tambi\u00e9n ser\u00e1n atendidas. \u00danicamente se les podr\u00e1 atender a trav\u00e9s del denominado Programa de Itinerantes o en el caso de quedar plazas en los programadas dirigidos a personas empadronadas. Como recoge la ordenanza, podr\u00e1n utilizar el Centro de Atenci\u00f3n a Personas sin Hogar durante un m\u00e1ximo de 6 d\u00edas al a\u00f1o, en varias tandas seg\u00fan las condiciones climatol\u00f3gicas, y se les ofrece despu\u00e9s un billete de autob\u00fas.<\/p>\n<p><strong>Situaci\u00f3n actual<\/strong><\/p>\n<p>Desde el \u00e1rea de Acci\u00f3n Social, han mostrado su preocupaci\u00f3n por el agravamiento de la situaci\u00f3n del sinhogarismo sobre todo en familias con menores de edad que llevan a Pamplona sin escudo social porque en otras ciudades y en otras autonom\u00edas no han encontrado recursos que les atiendan. En estos momentos, Pamplona tienen todas las plazas disponibles para familias al completo. Hasta que no quede alguna plaza disponible no se va a poder acoger a m\u00e1s familias.<\/p>\n<p>La misma situaci\u00f3n est\u00e1 ocurriendo con las personas sin hogar que a t\u00edtulo individual llegan a Pamplona a trav\u00e9s del Programa de Itinerantes. Una vez que agotan sus d\u00edas de estancia en el Centro de Atenci\u00f3n a Personas sin Hogar, permanecen en la ciudad en situaci\u00f3n de calle sin posibilidad de acceder a m\u00e1s recursos que el del propio centro o el equipo de calle. Las plazas de comedor, duchas y lavander\u00eda est\u00e1n completas. Esas personas itinerantes no suelen cumplir requisitos para el acceso a prestaciones como la Renta Garantizada u otros recursos de alojamiento, que ya de por s\u00ed tienen lista de espera incluso con quienes s\u00ed cumplen los requisitos.<\/p>\n","protected":false},"excerpt":{"rendered":"<p>La Campa\u00f1a de Fr\u00edo se activar\u00e1 del 1 de noviembre al 31 de marzo, con 30 plazas m\u00e1s y acompa\u00f1amiento social profesional para personas y familias<\/p>\n","protected":false},"author":1,"featured_media":50877,"comment_status":"open","ping_status":"closed","sticky":false,"template":"","format":"standard","meta":{"footnotes":""},"categories":[2],"tags":[],"class_list":["post-50876","post","type-post","status-publish","format-standard","has-post-thumbnail","hentry","category-ayuntamiento-pamplona"],"yoast_head":"<!-- This site is optimized with the Yoast SEO plugin v27.3 - https:\/\/yoast.com\/product\/yoast-seo-wordpress\/ -->\n<title>El Ayuntamiento atender\u00e1 durante todo el d\u00eda, y no solo por la noche, a las personas sin hogar que accedan a las 165 plazas previstas en diferentes recursos municipales<\/title>\n<meta name=\"description\" content=\"La Campa\u00f1a de Fr\u00edo se activar\u00e1 del 1 de noviembre al 31 de marzo, con 30 plazas m\u00e1s y acompa\u00f1amiento social profesional para personas y familias\u00a0\" \/>\n<meta name=\"robots\" content=\"index, follow, max-snippet:-1, max-image-preview:large, max-video-preview:-1\" \/>\n<link rel=\"canonical\" href=\"https:\/\/www.laguiadepamplona.com\/actualidad\/el-ayuntamiento-atendera-durante-todo-el-dia-y-no-solo-por-la-noche-a-las-personas-sin-hogar-que-accedan-a-las-165-plazas-previstas-en-diferentes-recursos-municipales\/\" \/>\n<meta property=\"og:locale\" content=\"es_ES\" \/>\n<meta property=\"og:type\" content=\"article\" \/>\n<meta property=\"og:title\" content=\"El Ayuntamiento atender\u00e1 durante todo el d\u00eda, y no solo por la noche, a las personas sin hogar que accedan a las 165 plazas previstas en diferentes recursos municipales\" \/>\n<meta property=\"og:description\" content=\"La Campa\u00f1a de Fr\u00edo se activar\u00e1 del 1 de noviembre al 31 de marzo, con 30 plazas m\u00e1s y acompa\u00f1amiento social profesional para personas y familias\u00a0\" \/>\n<meta property=\"og:url\" content=\"https:\/\/www.laguiadepamplona.com\/actualidad\/el-ayuntamiento-atendera-durante-todo-el-dia-y-no-solo-por-la-noche-a-las-personas-sin-hogar-que-accedan-a-las-165-plazas-previstas-en-diferentes-recursos-municipales\/\" \/>\n<meta property=\"og:site_name\" content=\"La Gu\u00eda de Pamplona\" \/>\n<meta property=\"article:publisher\" content=\"https:\/\/www.facebook.com\/laguiadepamplonacom-133175176762273\/?ref=hl\" \/>\n<meta property=\"article:published_time\" content=\"2024-10-02T09:16:00+00:00\" \/>\n<meta property=\"og:image\" content=\"https:\/\/www.laguiadepamplona.com\/actualidad\/wp-content\/uploads\/2024\/10\/albergue-trinitarios_web_0.webp\" \/>\n\t<meta property=\"og:image:width\" content=\"1000\" \/>\n\t<meta property=\"og:image:height\" content=\"667\" \/>\n\t<meta property=\"og:image:type\" content=\"image\/webp\" \/>\n<meta name=\"author\" content=\"La Gu\u00eda de Pamplona\" \/>\n<meta name=\"twitter:card\" content=\"summary_large_image\" \/>\n<meta name=\"twitter:creator\" content=\"@LaGuiadPamplona\" \/>\n<meta name=\"twitter:site\" content=\"@LaGuiadPamplona\" \/>\n<meta name=\"twitter:label1\" content=\"Escrito por\" \/>\n\t<meta name=\"twitter:data1\" content=\"La Gu\u00eda de Pamplona\" \/>\n\t<meta name=\"twitter:label2\" content=\"Tiempo de lectura\" \/>\n\t<meta name=\"twitter:data2\" content=\"6 minutos\" \/>\n<script type=\"application\/ld+json\" class=\"yoast-schema-graph\">{\"@context\":\"https:\\\/\\\/schema.org\",\"@graph\":[{\"@type\":\"Article\",\"@id\":\"https:\\\/\\\/www.laguiadepamplona.com\\\/actualidad\\\/el-ayuntamiento-atendera-durante-todo-el-dia-y-no-solo-por-la-noche-a-las-personas-sin-hogar-que-accedan-a-las-165-plazas-previstas-en-diferentes-recursos-municipales\\\/#article\",\"isPartOf\":{\"@id\":\"https:\\\/\\\/www.laguiadepamplona.com\\\/actualidad\\\/el-ayuntamiento-atendera-durante-todo-el-dia-y-no-solo-por-la-noche-a-las-personas-sin-hogar-que-accedan-a-las-165-plazas-previstas-en-diferentes-recursos-municipales\\\/\"},\"author\":{\"name\":\"La Gu\u00eda de Pamplona\",\"@id\":\"https:\\\/\\\/www.laguiadepamplona.com\\\/actualidad\\\/#\\\/schema\\\/person\\\/efe887376f0213d4657c93adc50b1fdb\"},\"headline\":\"El Ayuntamiento atender\u00e1 durante todo el d\u00eda, y no solo por la noche, a las personas sin hogar que accedan a las 165 plazas previstas en diferentes recursos municipales\",\"datePublished\":\"2024-10-02T09:16:00+00:00\",\"mainEntityOfPage\":{\"@id\":\"https:\\\/\\\/www.laguiadepamplona.com\\\/actualidad\\\/el-ayuntamiento-atendera-durante-todo-el-dia-y-no-solo-por-la-noche-a-las-personas-sin-hogar-que-accedan-a-las-165-plazas-previstas-en-diferentes-recursos-municipales\\\/\"},\"wordCount\":1242,\"commentCount\":0,\"publisher\":{\"@id\":\"https:\\\/\\\/www.laguiadepamplona.com\\\/actualidad\\\/#organization\"},\"image\":{\"@id\":\"https:\\\/\\\/www.laguiadepamplona.com\\\/actualidad\\\/el-ayuntamiento-atendera-durante-todo-el-dia-y-no-solo-por-la-noche-a-las-personas-sin-hogar-que-accedan-a-las-165-plazas-previstas-en-diferentes-recursos-municipales\\\/#primaryimage\"},\"thumbnailUrl\":\"https:\\\/\\\/www.laguiadepamplona.com\\\/actualidad\\\/wp-content\\\/uploads\\\/2024\\\/10\\\/albergue-trinitarios_web_0.webp\",\"articleSection\":[\"Ayto Pamplona\"],\"inLanguage\":\"es\",\"potentialAction\":[{\"@type\":\"CommentAction\",\"name\":\"Comment\",\"target\":[\"https:\\\/\\\/www.laguiadepamplona.com\\\/actualidad\\\/el-ayuntamiento-atendera-durante-todo-el-dia-y-no-solo-por-la-noche-a-las-personas-sin-hogar-que-accedan-a-las-165-plazas-previstas-en-diferentes-recursos-municipales\\\/#respond\"]}]},{\"@type\":\"WebPage\",\"@id\":\"https:\\\/\\\/www.laguiadepamplona.com\\\/actualidad\\\/el-ayuntamiento-atendera-durante-todo-el-dia-y-no-solo-por-la-noche-a-las-personas-sin-hogar-que-accedan-a-las-165-plazas-previstas-en-diferentes-recursos-municipales\\\/\",\"url\":\"https:\\\/\\\/www.laguiadepamplona.com\\\/actualidad\\\/el-ayuntamiento-atendera-durante-todo-el-dia-y-no-solo-por-la-noche-a-las-personas-sin-hogar-que-accedan-a-las-165-plazas-previstas-en-diferentes-recursos-municipales\\\/\",\"name\":\"El Ayuntamiento atender\u00e1 durante todo el d\u00eda, y no solo por la noche, a las personas sin hogar que accedan a las 165 plazas previstas en diferentes recursos municipales\",\"isPartOf\":{\"@id\":\"https:\\\/\\\/www.laguiadepamplona.com\\\/actualidad\\\/#website\"},\"primaryImageOfPage\":{\"@id\":\"https:\\\/\\\/www.laguiadepamplona.com\\\/actualidad\\\/el-ayuntamiento-atendera-durante-todo-el-dia-y-no-solo-por-la-noche-a-las-personas-sin-hogar-que-accedan-a-las-165-plazas-previstas-en-diferentes-recursos-municipales\\\/#primaryimage\"},\"image\":{\"@id\":\"https:\\\/\\\/www.laguiadepamplona.com\\\/actualidad\\\/el-ayuntamiento-atendera-durante-todo-el-dia-y-no-solo-por-la-noche-a-las-personas-sin-hogar-que-accedan-a-las-165-plazas-previstas-en-diferentes-recursos-municipales\\\/#primaryimage\"},\"thumbnailUrl\":\"https:\\\/\\\/www.laguiadepamplona.com\\\/actualidad\\\/wp-content\\\/uploads\\\/2024\\\/10\\\/albergue-trinitarios_web_0.webp\",\"datePublished\":\"2024-10-02T09:16:00+00:00\",\"description\":\"La Campa\u00f1a de Fr\u00edo se activar\u00e1 del 1 de noviembre al 31 de marzo, con 30 plazas m\u00e1s y acompa\u00f1amiento social profesional para personas y familias\u00a0\",\"breadcrumb\":{\"@id\":\"https:\\\/\\\/www.laguiadepamplona.com\\\/actualidad\\\/el-ayuntamiento-atendera-durante-todo-el-dia-y-no-solo-por-la-noche-a-las-personas-sin-hogar-que-accedan-a-las-165-plazas-previstas-en-diferentes-recursos-municipales\\\/#breadcrumb\"},\"inLanguage\":\"es\",\"potentialAction\":[{\"@type\":\"ReadAction\",\"target\":[\"https:\\\/\\\/www.laguiadepamplona.com\\\/actualidad\\\/el-ayuntamiento-atendera-durante-todo-el-dia-y-no-solo-por-la-noche-a-las-personas-sin-hogar-que-accedan-a-las-165-plazas-previstas-en-diferentes-recursos-municipales\\\/\"]}]},{\"@type\":\"ImageObject\",\"inLanguage\":\"es\",\"@id\":\"https:\\\/\\\/www.laguiadepamplona.com\\\/actualidad\\\/el-ayuntamiento-atendera-durante-todo-el-dia-y-no-solo-por-la-noche-a-las-personas-sin-hogar-que-accedan-a-las-165-plazas-previstas-en-diferentes-recursos-municipales\\\/#primaryimage\",\"url\":\"https:\\\/\\\/www.laguiadepamplona.com\\\/actualidad\\\/wp-content\\\/uploads\\\/2024\\\/10\\\/albergue-trinitarios_web_0.webp\",\"contentUrl\":\"https:\\\/\\\/www.laguiadepamplona.com\\\/actualidad\\\/wp-content\\\/uploads\\\/2024\\\/10\\\/albergue-trinitarios_web_0.webp\",\"width\":1000,\"height\":667,\"caption\":\"albergue trinitarios\"},{\"@type\":\"BreadcrumbList\",\"@id\":\"https:\\\/\\\/www.laguiadepamplona.com\\\/actualidad\\\/el-ayuntamiento-atendera-durante-todo-el-dia-y-no-solo-por-la-noche-a-las-personas-sin-hogar-que-accedan-a-las-165-plazas-previstas-en-diferentes-recursos-municipales\\\/#breadcrumb\",\"itemListElement\":[{\"@type\":\"ListItem\",\"position\":1,\"name\":\"Portada\",\"item\":\"https:\\\/\\\/www.laguiadepamplona.com\\\/actualidad\\\/\"},{\"@type\":\"ListItem\",\"position\":2,\"name\":\"El Ayuntamiento atender\u00e1 durante todo el d\u00eda, y no solo por la noche, a las personas sin hogar que accedan a las 165 plazas previstas en diferentes recursos municipales\"}]},{\"@type\":\"WebSite\",\"@id\":\"https:\\\/\\\/www.laguiadepamplona.com\\\/actualidad\\\/#website\",\"url\":\"https:\\\/\\\/www.laguiadepamplona.com\\\/actualidad\\\/\",\"name\":\"La gu\u00eda de Pamplona\",\"description\":\"Noticias de Pamplona\",\"publisher\":{\"@id\":\"https:\\\/\\\/www.laguiadepamplona.com\\\/actualidad\\\/#organization\"},\"potentialAction\":[{\"@type\":\"SearchAction\",\"target\":{\"@type\":\"EntryPoint\",\"urlTemplate\":\"https:\\\/\\\/www.laguiadepamplona.com\\\/actualidad\\\/?s={search_term_string}\"},\"query-input\":{\"@type\":\"PropertyValueSpecification\",\"valueRequired\":true,\"valueName\":\"search_term_string\"}}],\"inLanguage\":\"es\"},{\"@type\":\"Organization\",\"@id\":\"https:\\\/\\\/www.laguiadepamplona.com\\\/actualidad\\\/#organization\",\"name\":\"La Gu\u00eda de Pamplona \\\/ Noticias\",\"url\":\"https:\\\/\\\/www.laguiadepamplona.com\\\/actualidad\\\/\",\"logo\":{\"@type\":\"ImageObject\",\"inLanguage\":\"es\",\"@id\":\"https:\\\/\\\/www.laguiadepamplona.com\\\/actualidad\\\/#\\\/schema\\\/logo\\\/image\\\/\",\"url\":\"https:\\\/\\\/www.laguiadepamplona.com\\\/actualidad\\\/wp-content\\\/uploads\\\/2018\\\/11\\\/logo-laguiadepamplona18-web1.png\",\"contentUrl\":\"https:\\\/\\\/www.laguiadepamplona.com\\\/actualidad\\\/wp-content\\\/uploads\\\/2018\\\/11\\\/logo-laguiadepamplona18-web1.png\",\"width\":600,\"height\":196,\"caption\":\"La Gu\u00eda de Pamplona \\\/ Noticias\"},\"image\":{\"@id\":\"https:\\\/\\\/www.laguiadepamplona.com\\\/actualidad\\\/#\\\/schema\\\/logo\\\/image\\\/\"},\"sameAs\":[\"https:\\\/\\\/www.facebook.com\\\/laguiadepamplonacom-133175176762273\\\/?ref=hl\",\"https:\\\/\\\/x.com\\\/LaGuiadPamplona\",\"https:\\\/\\\/www.instagram.com\\\/la_guia_de_pamplona\\\/\",\"https:\\\/\\\/www.youtube.com\\\/user\\\/laguiadepamplona\"]},{\"@type\":\"Person\",\"@id\":\"https:\\\/\\\/www.laguiadepamplona.com\\\/actualidad\\\/#\\\/schema\\\/person\\\/efe887376f0213d4657c93adc50b1fdb\",\"name\":\"La Gu\u00eda de Pamplona\",\"image\":{\"@type\":\"ImageObject\",\"inLanguage\":\"es\",\"@id\":\"https:\\\/\\\/secure.gravatar.com\\\/avatar\\\/b6992f131dc8d30ab0dff15446e9d346d9dbd95992de0fef795073f5ea83a81c?s=96&d=mm&r=g\",\"url\":\"https:\\\/\\\/secure.gravatar.com\\\/avatar\\\/b6992f131dc8d30ab0dff15446e9d346d9dbd95992de0fef795073f5ea83a81c?s=96&d=mm&r=g\",\"contentUrl\":\"https:\\\/\\\/secure.gravatar.com\\\/avatar\\\/b6992f131dc8d30ab0dff15446e9d346d9dbd95992de0fef795073f5ea83a81c?s=96&d=mm&r=g\",\"caption\":\"La Gu\u00eda de Pamplona\"}}]}<\/script>\n<!-- \/ Yoast SEO plugin. -->","yoast_head_json":{"title":"El Ayuntamiento atender\u00e1 durante todo el d\u00eda, y no solo por la noche, a las personas sin hogar que accedan a las 165 plazas previstas en diferentes recursos municipales","description":"La Campa\u00f1a de Fr\u00edo se activar\u00e1 del 1 de noviembre al 31 de marzo, con 30 plazas m\u00e1s y acompa\u00f1amiento social profesional para personas y familias\u00a0","robots":{"index":"index","follow":"follow","max-snippet":"max-snippet:-1","max-image-preview":"max-image-preview:large","max-video-preview":"max-video-preview:-1"},"canonical":"https:\/\/www.laguiadepamplona.com\/actualidad\/el-ayuntamiento-atendera-durante-todo-el-dia-y-no-solo-por-la-noche-a-las-personas-sin-hogar-que-accedan-a-las-165-plazas-previstas-en-diferentes-recursos-municipales\/","og_locale":"es_ES","og_type":"article","og_title":"El Ayuntamiento atender\u00e1 durante todo el d\u00eda, y no solo por la noche, a las personas sin hogar que accedan a las 165 plazas previstas en diferentes recursos municipales","og_description":"La Campa\u00f1a de Fr\u00edo se activar\u00e1 del 1 de noviembre al 31 de marzo, con 30 plazas m\u00e1s y acompa\u00f1amiento social profesional para personas y familias\u00a0","og_url":"https:\/\/www.laguiadepamplona.com\/actualidad\/el-ayuntamiento-atendera-durante-todo-el-dia-y-no-solo-por-la-noche-a-las-personas-sin-hogar-que-accedan-a-las-165-plazas-previstas-en-diferentes-recursos-municipales\/","og_site_name":"La Gu\u00eda de Pamplona","article_publisher":"https:\/\/www.facebook.com\/laguiadepamplonacom-133175176762273\/?ref=hl","article_published_time":"2024-10-02T09:16:00+00:00","og_image":[{"width":1000,"height":667,"url":"https:\/\/www.laguiadepamplona.com\/actualidad\/wp-content\/uploads\/2024\/10\/albergue-trinitarios_web_0.webp","type":"image\/webp"}],"author":"La Gu\u00eda de Pamplona","twitter_card":"summary_large_image","twitter_creator":"@LaGuiadPamplona","twitter_site":"@LaGuiadPamplona","twitter_misc":{"Escrito por":"La Gu\u00eda de Pamplona","Tiempo de lectura":"6 minutos"},"schema":{"@context":"https:\/\/schema.org","@graph":[{"@type":"Article","@id":"https:\/\/www.laguiadepamplona.com\/actualidad\/el-ayuntamiento-atendera-durante-todo-el-dia-y-no-solo-por-la-noche-a-las-personas-sin-hogar-que-accedan-a-las-165-plazas-previstas-en-diferentes-recursos-municipales\/#article","isPartOf":{"@id":"https:\/\/www.laguiadepamplona.com\/actualidad\/el-ayuntamiento-atendera-durante-todo-el-dia-y-no-solo-por-la-noche-a-las-personas-sin-hogar-que-accedan-a-las-165-plazas-previstas-en-diferentes-recursos-municipales\/"},"author":{"name":"La Gu\u00eda de Pamplona","@id":"https:\/\/www.laguiadepamplona.com\/actualidad\/#\/schema\/person\/efe887376f0213d4657c93adc50b1fdb"},"headline":"El Ayuntamiento atender\u00e1 durante todo el d\u00eda, y no solo por la noche, a las personas sin hogar que accedan a las 165 plazas previstas en diferentes recursos municipales","datePublished":"2024-10-02T09:16:00+00:00","mainEntityOfPage":{"@id":"https:\/\/www.laguiadepamplona.com\/actualidad\/el-ayuntamiento-atendera-durante-todo-el-dia-y-no-solo-por-la-noche-a-las-personas-sin-hogar-que-accedan-a-las-165-plazas-previstas-en-diferentes-recursos-municipales\/"},"wordCount":1242,"commentCount":0,"publisher":{"@id":"https:\/\/www.laguiadepamplona.com\/actualidad\/#organization"},"image":{"@id":"https:\/\/www.laguiadepamplona.com\/actualidad\/el-ayuntamiento-atendera-durante-todo-el-dia-y-no-solo-por-la-noche-a-las-personas-sin-hogar-que-accedan-a-las-165-plazas-previstas-en-diferentes-recursos-municipales\/#primaryimage"},"thumbnailUrl":"https:\/\/www.laguiadepamplona.com\/actualidad\/wp-content\/uploads\/2024\/10\/albergue-trinitarios_web_0.webp","articleSection":["Ayto Pamplona"],"inLanguage":"es","potentialAction":[{"@type":"CommentAction","name":"Comment","target":["https:\/\/www.laguiadepamplona.com\/actualidad\/el-ayuntamiento-atendera-durante-todo-el-dia-y-no-solo-por-la-noche-a-las-personas-sin-hogar-que-accedan-a-las-165-plazas-previstas-en-diferentes-recursos-municipales\/#respond"]}]},{"@type":"WebPage","@id":"https:\/\/www.laguiadepamplona.com\/actualidad\/el-ayuntamiento-atendera-durante-todo-el-dia-y-no-solo-por-la-noche-a-las-personas-sin-hogar-que-accedan-a-las-165-plazas-previstas-en-diferentes-recursos-municipales\/","url":"https:\/\/www.laguiadepamplona.com\/actualidad\/el-ayuntamiento-atendera-durante-todo-el-dia-y-no-solo-por-la-noche-a-las-personas-sin-hogar-que-accedan-a-las-165-plazas-previstas-en-diferentes-recursos-municipales\/","name":"El Ayuntamiento atender\u00e1 durante todo el d\u00eda, y no solo por la noche, a las personas sin hogar que accedan a las 165 plazas previstas en diferentes recursos municipales","isPartOf":{"@id":"https:\/\/www.laguiadepamplona.com\/actualidad\/#website"},"primaryImageOfPage":{"@id":"https:\/\/www.laguiadepamplona.com\/actualidad\/el-ayuntamiento-atendera-durante-todo-el-dia-y-no-solo-por-la-noche-a-las-personas-sin-hogar-que-accedan-a-las-165-plazas-previstas-en-diferentes-recursos-municipales\/#primaryimage"},"image":{"@id":"https:\/\/www.laguiadepamplona.com\/actualidad\/el-ayuntamiento-atendera-durante-todo-el-dia-y-no-solo-por-la-noche-a-las-personas-sin-hogar-que-accedan-a-las-165-plazas-previstas-en-diferentes-recursos-municipales\/#primaryimage"},"thumbnailUrl":"https:\/\/www.laguiadepamplona.com\/actualidad\/wp-content\/uploads\/2024\/10\/albergue-trinitarios_web_0.webp","datePublished":"2024-10-02T09:16:00+00:00","description":"La Campa\u00f1a de Fr\u00edo se activar\u00e1 del 1 de noviembre al 31 de marzo, con 30 plazas m\u00e1s y acompa\u00f1amiento social profesional para personas y familias\u00a0","breadcrumb":{"@id":"https:\/\/www.laguiadepamplona.com\/actualidad\/el-ayuntamiento-atendera-durante-todo-el-dia-y-no-solo-por-la-noche-a-las-personas-sin-hogar-que-accedan-a-las-165-plazas-previstas-en-diferentes-recursos-municipales\/#breadcrumb"},"inLanguage":"es","potentialAction":[{"@type":"ReadAction","target":["https:\/\/www.laguiadepamplona.com\/actualidad\/el-ayuntamiento-atendera-durante-todo-el-dia-y-no-solo-por-la-noche-a-las-personas-sin-hogar-que-accedan-a-las-165-plazas-previstas-en-diferentes-recursos-municipales\/"]}]},{"@type":"ImageObject","inLanguage":"es","@id":"https:\/\/www.laguiadepamplona.com\/actualidad\/el-ayuntamiento-atendera-durante-todo-el-dia-y-no-solo-por-la-noche-a-las-personas-sin-hogar-que-accedan-a-las-165-plazas-previstas-en-diferentes-recursos-municipales\/#primaryimage","url":"https:\/\/www.laguiadepamplona.com\/actualidad\/wp-content\/uploads\/2024\/10\/albergue-trinitarios_web_0.webp","contentUrl":"https:\/\/www.laguiadepamplona.com\/actualidad\/wp-content\/uploads\/2024\/10\/albergue-trinitarios_web_0.webp","width":1000,"height":667,"caption":"albergue trinitarios"},{"@type":"BreadcrumbList","@id":"https:\/\/www.laguiadepamplona.com\/actualidad\/el-ayuntamiento-atendera-durante-todo-el-dia-y-no-solo-por-la-noche-a-las-personas-sin-hogar-que-accedan-a-las-165-plazas-previstas-en-diferentes-recursos-municipales\/#breadcrumb","itemListElement":[{"@type":"ListItem","position":1,"name":"Portada","item":"https:\/\/www.laguiadepamplona.com\/actualidad\/"},{"@type":"ListItem","position":2,"name":"El Ayuntamiento atender\u00e1 durante todo el d\u00eda, y no solo por la noche, a las personas sin hogar que accedan a las 165 plazas previstas en diferentes recursos municipales"}]},{"@type":"WebSite","@id":"https:\/\/www.laguiadepamplona.com\/actualidad\/#website","url":"https:\/\/www.laguiadepamplona.com\/actualidad\/","name":"La gu\u00eda de Pamplona","description":"Noticias de Pamplona","publisher":{"@id":"https:\/\/www.laguiadepamplona.com\/actualidad\/#organization"},"potentialAction":[{"@type":"SearchAction","target":{"@type":"EntryPoint","urlTemplate":"https:\/\/www.laguiadepamplona.com\/actualidad\/?s={search_term_string}"},"query-input":{"@type":"PropertyValueSpecification","valueRequired":true,"valueName":"search_term_string"}}],"inLanguage":"es"},{"@type":"Organization","@id":"https:\/\/www.laguiadepamplona.com\/actualidad\/#organization","name":"La Gu\u00eda de Pamplona \/ Noticias","url":"https:\/\/www.laguiadepamplona.com\/actualidad\/","logo":{"@type":"ImageObject","inLanguage":"es","@id":"https:\/\/www.laguiadepamplona.com\/actualidad\/#\/schema\/logo\/image\/","url":"https:\/\/www.laguiadepamplona.com\/actualidad\/wp-content\/uploads\/2018\/11\/logo-laguiadepamplona18-web1.png","contentUrl":"https:\/\/www.laguiadepamplona.com\/actualidad\/wp-content\/uploads\/2018\/11\/logo-laguiadepamplona18-web1.png","width":600,"height":196,"caption":"La Gu\u00eda de Pamplona \/ Noticias"},"image":{"@id":"https:\/\/www.laguiadepamplona.com\/actualidad\/#\/schema\/logo\/image\/"},"sameAs":["https:\/\/www.facebook.com\/laguiadepamplonacom-133175176762273\/?ref=hl","https:\/\/x.com\/LaGuiadPamplona","https:\/\/www.instagram.com\/la_guia_de_pamplona\/","https:\/\/www.youtube.com\/user\/laguiadepamplona"]},{"@type":"Person","@id":"https:\/\/www.laguiadepamplona.com\/actualidad\/#\/schema\/person\/efe887376f0213d4657c93adc50b1fdb","name":"La Gu\u00eda de Pamplona","image":{"@type":"ImageObject","inLanguage":"es","@id":"https:\/\/secure.gravatar.com\/avatar\/b6992f131dc8d30ab0dff15446e9d346d9dbd95992de0fef795073f5ea83a81c?s=96&d=mm&r=g","url":"https:\/\/secure.gravatar.com\/avatar\/b6992f131dc8d30ab0dff15446e9d346d9dbd95992de0fef795073f5ea83a81c?s=96&d=mm&r=g","contentUrl":"https:\/\/secure.gravatar.com\/avatar\/b6992f131dc8d30ab0dff15446e9d346d9dbd95992de0fef795073f5ea83a81c?s=96&d=mm&r=g","caption":"La Gu\u00eda de Pamplona"}}]}},"post_mailing_queue_ids":[],"_links":{"self":[{"href":"https:\/\/www.laguiadepamplona.com\/actualidad\/wp-json\/wp\/v2\/posts\/50876","targetHints":{"allow":["GET"]}}],"collection":[{"href":"https:\/\/www.laguiadepamplona.com\/actualidad\/wp-json\/wp\/v2\/posts"}],"about":[{"href":"https:\/\/www.laguiadepamplona.com\/actualidad\/wp-json\/wp\/v2\/types\/post"}],"author":[{"embeddable":true,"href":"https:\/\/www.laguiadepamplona.com\/actualidad\/wp-json\/wp\/v2\/users\/1"}],"replies":[{"embeddable":true,"href":"https:\/\/www.laguiadepamplona.com\/actualidad\/wp-json\/wp\/v2\/comments?post=50876"}],"version-history":[{"count":1,"href":"https:\/\/www.laguiadepamplona.com\/actualidad\/wp-json\/wp\/v2\/posts\/50876\/revisions"}],"predecessor-version":[{"id":50878,"href":"https:\/\/www.laguiadepamplona.com\/actualidad\/wp-json\/wp\/v2\/posts\/50876\/revisions\/50878"}],"wp:featuredmedia":[{"embeddable":true,"href":"https:\/\/www.laguiadepamplona.com\/actualidad\/wp-json\/wp\/v2\/media\/50877"}],"wp:attachment":[{"href":"https:\/\/www.laguiadepamplona.com\/actualidad\/wp-json\/wp\/v2\/media?parent=50876"}],"wp:term":[{"taxonomy":"category","embeddable":true,"href":"https:\/\/www.laguiadepamplona.com\/actualidad\/wp-json\/wp\/v2\/categories?post=50876"},{"taxonomy":"post_tag","embeddable":true,"href":"https:\/\/www.laguiadepamplona.com\/actualidad\/wp-json\/wp\/v2\/tags?post=50876"}],"curies":[{"name":"wp","href":"https:\/\/api.w.org\/{rel}","templated":true}]}}