{"id":50870,"date":"2024-09-30T13:10:28","date_gmt":"2024-09-30T11:10:28","guid":{"rendered":"https:\/\/www.laguiadepamplona.com\/actualidad\/?p=50870"},"modified":"2024-09-30T13:10:28","modified_gmt":"2024-09-30T11:10:28","slug":"pamplona-celebra-el-dia-internacional-de-las-personas-de-edad-con-una-recepcion-institucional-a-redes-y-entidades-de-mayores-y-la-organizacion-de-varias-actividades","status":"publish","type":"post","link":"https:\/\/www.laguiadepamplona.com\/actualidad\/pamplona-celebra-el-dia-internacional-de-las-personas-de-edad-con-una-recepcion-institucional-a-redes-y-entidades-de-mayores-y-la-organizacion-de-varias-actividades\/","title":{"rendered":"Pamplona celebra el D\u00eda Internacional de las Personas de Edad con una recepci\u00f3n institucional a redes y entidades de mayores y la organizaci\u00f3n de varias actividades"},"content":{"rendered":"<h2>Ayuntamiento de Pamplona, asociaciones y redes de mayores han programado charlas, encuentros y conciertos para el martes y el mi\u00e9rcoles<\/h2>\n<p><!--more--><\/p>\n<p>El 14 de diciembre de 1990, la Asamblea General de las Naciones Unidas, a trav\u00e9s de la resoluci\u00f3n 45\/106 design\u00f3 el 1 de octubre D\u00eda Internacional de las Personas de Edad. El Ayuntamiento de Pamplona quiere celebrar esta efem\u00e9ride con las redes, asociaciones y entidades que trabajan con y por las personas mayores. Este lunes el Sal\u00f3n de Recepciones de la Casa Consistorial ha acogido una recepci\u00f3n institucional a 31 entidades, en representaci\u00f3n de todas las personas mayores de la ciudad.<\/p>\n<p>El alcalde de Pamplona, Joseba Asiron Saez, y miembros de la Corporaci\u00f3n municipal han participado en este reconocimiento a la poblaci\u00f3n mayor de la ciudad. Como recuerdo de este d\u00eda se ha entregado a las entidades un pa\u00f1uelico rojo, adem\u00e1s de otros obsequios municipales. El alcalde ha anunciado que el Ayuntamiento de Pamplona est\u00e1 trabajando en el I Plan Municipal de las Personas Mayores, que busca adaptar la ciudad a las necesidades y expectativas de este colectivo. Tambi\u00e9n ha intervenido en el acto, como voz de las asociaciones presentes y de las personas mayores, Alberto Lafarga, del Foro Social de Iturrama.<\/p>\n<p>En Pamplona, la poblaci\u00f3n mayor de 65 a\u00f1os supone el 22,97% del total de habitantes de la ciudad. Poco a poco la mejora de las condiciones de vida est\u00e1 aumentando la esperanza de vida, lo que supone un reto en la adaptaci\u00f3n y planificaci\u00f3n de actividades y servicios para este sector de poblaci\u00f3n. Adem\u00e1s, la diferencia de edad entre este sector de poblaci\u00f3n tambi\u00e9n supone un reto, ya que las inquietudes son muy diferentes.<\/p>\n<p>En 2017, Pamplona se adhiri\u00f3 a la Red Mundial de Ciudades y Comunidades Amigables con las Personas Mayores. Desde entonces, el Ayuntamiento viene desarrollando diferentes acciones para mejorar el bienestar psicosocial de las personas mayores de Pamplona, facilitando as\u00ed su envejecimiento activo, mejorando sus entornos y servicios e incorporando esta perspectiva en la planificaci\u00f3n municipal.<\/p>\n<p><strong>Actividades para el martes y el mi\u00e9rcoles<\/strong><\/p>\n<p>El Ayuntamiento de Pamplona, junto a las asociaciones y redes de mayores, han organizado varias actividades para conmemorar este D\u00eda Internacional de las Personas de Edad. El martes, a las 10.15 horas, Condestable acoger\u00e1 una charla del Defensor del Pueblo de Navarra, Patxi Vera Don\u00e1zar, sobre \u2018El Defensor del Mayor\u2019 organizada por la Confederaci\u00f3n Tercer Tiempo, Mayores frente a la Crisis, Mayores del Casco Viejo y Ayuntamiento de Pamplona. A las 10.30 horas, la Red de Mayores de Iturrama ha organizado una reflexi\u00f3n grupal sobre reivindicaciones y derechos de las personas mayores y un concierto, a las 11 horas, en la llamada plaza de la Conciliaci\u00f3n a cargos del coro de Padre Ciriano.<\/p>\n<p>Para el mi\u00e9rcoles, se han programado dos actividades de la Red de Mayores del Ensanche en la plaza de la Cruz. A las 17 horas, se ha organizado una biblioteca humana intergeneracional para que las personas mayores cuenten y escuchen sus historias. A las 18.15 horas, el coro del Centro Convive Leire ofrecer\u00e1 un concierto. Todas las actividades organizadas son gratuitas y est\u00e1n abiertas a la participaci\u00f3n.<\/p>\n<p>&nbsp;<\/p>\n<h3>D\u00eda Internacional de las Personas de Edad. Actividades. 1 y 2 de octubre<\/h3>\n<ul>\n<li><strong>Martes 1 octubre. Sal\u00f3n de actos del Palacio de Condestable. Charla \u2018El Defensor del Mayor\u2019. Patxi Vera Donazar. <\/strong>\n<ul>\n<li>15 horas. Saludo de Zaloa Basabe, concejala del \u00e1rea de Igualdad, Barrios, Acci\u00f3n Comunitaria, Participaci\u00f3n y Euskera<\/li>\n<li>30 horas. Intervenci\u00f3n de Patxi Vera Don\u00e1zar, Defensor del Pueblo de Navarra<\/li>\n<li>Organizan: Confederaci\u00f3n Tercer Tiempo, Mayores frente a la Crisis, Mayores del Casco Viejo y Ayuntamiento de Pamplona<\/li>\n<\/ul>\n<\/li>\n<\/ul>\n<p>&nbsp;<\/p>\n<ul>\n<li><strong>Martes 1 de octubre. Red de Mayores de Iturrama. Celebraci\u00f3n del D\u00eda Internacional de la Persona de Edad<\/strong>\n<ul>\n<li>30 horas. Reflexi\u00f3n grupal sobre el significado del 1 de octubre. Reivindicaciones y Derechos<\/li>\n<li>00 horas. Concierto a cargo del Coro de Padre Ciriano en la Plaza de la Conciliaci\u00f3n y Panel del Programa Siempre Acompa\u00f1ados<\/li>\n<li>Organizan: Red de mayores de Iturrama<\/li>\n<\/ul>\n<\/li>\n<\/ul>\n<p>&nbsp;<\/p>\n<ul>\n<li><strong>Mi\u00e9rcoles 2 octubre. Red de Mayores del Ensanche. Celebraci\u00f3n del D\u00eda Internacional de la Persona de Edad. Plaza de la Cruz<\/strong>\n<ul>\n<li>00 horas. Ven a escuchar mi historia. Biblioteca humana intergeneracional<\/li>\n<li>15 horas. Concierto a cargo del Coro de Centro Convive Leire y Panel del Programa Siempre Acompa\u00f1ados<\/li>\n<li>Organiza: Red de Mayores de Ensanche<\/li>\n<\/ul>\n<\/li>\n<\/ul>\n","protected":false},"excerpt":{"rendered":"<p>Ayuntamiento de Pamplona, asociaciones y redes de mayores han programado charlas, encuentros y conciertos para el martes y el mi\u00e9rcoles<\/p>\n","protected":false},"author":1,"featured_media":50871,"comment_status":"open","ping_status":"closed","sticky":false,"template":"","format":"standard","meta":{"footnotes":""},"categories":[2],"tags":[],"class_list":["post-50870","post","type-post","status-publish","format-standard","has-post-thumbnail","hentry","category-ayuntamiento-pamplona"],"yoast_head":"<!-- This site is optimized with the Yoast SEO plugin v27.3 - https:\/\/yoast.com\/product\/yoast-seo-wordpress\/ -->\n<title>Pamplona celebra el D\u00eda Internacional de las Personas de Edad con una recepci\u00f3n institucional a redes y entidades de mayores y la organizaci\u00f3n de varias actividades<\/title>\n<meta name=\"description\" content=\"Ayuntamiento de Pamplona, asociaciones y redes de mayores han programado charlas, encuentros y conciertos para el martes y el mi\u00e9rcoles\" \/>\n<meta name=\"robots\" content=\"index, follow, max-snippet:-1, max-image-preview:large, max-video-preview:-1\" \/>\n<link rel=\"canonical\" href=\"https:\/\/www.laguiadepamplona.com\/actualidad\/pamplona-celebra-el-dia-internacional-de-las-personas-de-edad-con-una-recepcion-institucional-a-redes-y-entidades-de-mayores-y-la-organizacion-de-varias-actividades\/\" \/>\n<meta property=\"og:locale\" content=\"es_ES\" \/>\n<meta property=\"og:type\" content=\"article\" \/>\n<meta property=\"og:title\" content=\"Pamplona celebra el D\u00eda Internacional de las Personas de Edad con una recepci\u00f3n institucional a redes y entidades de mayores y la organizaci\u00f3n de varias actividades\" \/>\n<meta property=\"og:description\" content=\"Ayuntamiento de Pamplona, asociaciones y redes de mayores han programado charlas, encuentros y conciertos para el martes y el mi\u00e9rcoles\" \/>\n<meta property=\"og:url\" content=\"https:\/\/www.laguiadepamplona.com\/actualidad\/pamplona-celebra-el-dia-internacional-de-las-personas-de-edad-con-una-recepcion-institucional-a-redes-y-entidades-de-mayores-y-la-organizacion-de-varias-actividades\/\" \/>\n<meta property=\"og:site_name\" content=\"La Gu\u00eda de Pamplona\" \/>\n<meta property=\"article:publisher\" content=\"https:\/\/www.facebook.com\/laguiadepamplonacom-133175176762273\/?ref=hl\" \/>\n<meta property=\"article:published_time\" content=\"2024-09-30T11:10:28+00:00\" \/>\n<meta property=\"og:image\" content=\"https:\/\/www.laguiadepamplona.com\/actualidad\/wp-content\/uploads\/2024\/09\/recepciondiadelaspersonasmayores1_0.webp\" \/>\n\t<meta property=\"og:image:width\" content=\"1000\" \/>\n\t<meta property=\"og:image:height\" content=\"667\" \/>\n\t<meta property=\"og:image:type\" content=\"image\/webp\" \/>\n<meta name=\"author\" content=\"La Gu\u00eda de Pamplona\" \/>\n<meta name=\"twitter:card\" content=\"summary_large_image\" \/>\n<meta name=\"twitter:creator\" content=\"@LaGuiadPamplona\" \/>\n<meta name=\"twitter:site\" content=\"@LaGuiadPamplona\" \/>\n<meta name=\"twitter:label1\" content=\"Escrito por\" \/>\n\t<meta name=\"twitter:data1\" content=\"La Gu\u00eda de Pamplona\" \/>\n\t<meta name=\"twitter:label2\" content=\"Tiempo de lectura\" \/>\n\t<meta name=\"twitter:data2\" content=\"4 minutos\" \/>\n<script type=\"application\/ld+json\" class=\"yoast-schema-graph\">{\"@context\":\"https:\\\/\\\/schema.org\",\"@graph\":[{\"@type\":\"Article\",\"@id\":\"https:\\\/\\\/www.laguiadepamplona.com\\\/actualidad\\\/pamplona-celebra-el-dia-internacional-de-las-personas-de-edad-con-una-recepcion-institucional-a-redes-y-entidades-de-mayores-y-la-organizacion-de-varias-actividades\\\/#article\",\"isPartOf\":{\"@id\":\"https:\\\/\\\/www.laguiadepamplona.com\\\/actualidad\\\/pamplona-celebra-el-dia-internacional-de-las-personas-de-edad-con-una-recepcion-institucional-a-redes-y-entidades-de-mayores-y-la-organizacion-de-varias-actividades\\\/\"},\"author\":{\"name\":\"La Gu\u00eda de Pamplona\",\"@id\":\"https:\\\/\\\/www.laguiadepamplona.com\\\/actualidad\\\/#\\\/schema\\\/person\\\/efe887376f0213d4657c93adc50b1fdb\"},\"headline\":\"Pamplona celebra el D\u00eda Internacional de las Personas de Edad con una recepci\u00f3n institucional a redes y entidades de mayores y la organizaci\u00f3n de varias actividades\",\"datePublished\":\"2024-09-30T11:10:28+00:00\",\"mainEntityOfPage\":{\"@id\":\"https:\\\/\\\/www.laguiadepamplona.com\\\/actualidad\\\/pamplona-celebra-el-dia-internacional-de-las-personas-de-edad-con-una-recepcion-institucional-a-redes-y-entidades-de-mayores-y-la-organizacion-de-varias-actividades\\\/\"},\"wordCount\":764,\"commentCount\":0,\"publisher\":{\"@id\":\"https:\\\/\\\/www.laguiadepamplona.com\\\/actualidad\\\/#organization\"},\"image\":{\"@id\":\"https:\\\/\\\/www.laguiadepamplona.com\\\/actualidad\\\/pamplona-celebra-el-dia-internacional-de-las-personas-de-edad-con-una-recepcion-institucional-a-redes-y-entidades-de-mayores-y-la-organizacion-de-varias-actividades\\\/#primaryimage\"},\"thumbnailUrl\":\"https:\\\/\\\/www.laguiadepamplona.com\\\/actualidad\\\/wp-content\\\/uploads\\\/2024\\\/09\\\/recepciondiadelaspersonasmayores1_0.webp\",\"articleSection\":[\"Ayto Pamplona\"],\"inLanguage\":\"es\",\"potentialAction\":[{\"@type\":\"CommentAction\",\"name\":\"Comment\",\"target\":[\"https:\\\/\\\/www.laguiadepamplona.com\\\/actualidad\\\/pamplona-celebra-el-dia-internacional-de-las-personas-de-edad-con-una-recepcion-institucional-a-redes-y-entidades-de-mayores-y-la-organizacion-de-varias-actividades\\\/#respond\"]}]},{\"@type\":\"WebPage\",\"@id\":\"https:\\\/\\\/www.laguiadepamplona.com\\\/actualidad\\\/pamplona-celebra-el-dia-internacional-de-las-personas-de-edad-con-una-recepcion-institucional-a-redes-y-entidades-de-mayores-y-la-organizacion-de-varias-actividades\\\/\",\"url\":\"https:\\\/\\\/www.laguiadepamplona.com\\\/actualidad\\\/pamplona-celebra-el-dia-internacional-de-las-personas-de-edad-con-una-recepcion-institucional-a-redes-y-entidades-de-mayores-y-la-organizacion-de-varias-actividades\\\/\",\"name\":\"Pamplona celebra el D\u00eda Internacional de las Personas de Edad con una recepci\u00f3n institucional a redes y entidades de mayores y la organizaci\u00f3n de varias actividades\",\"isPartOf\":{\"@id\":\"https:\\\/\\\/www.laguiadepamplona.com\\\/actualidad\\\/#website\"},\"primaryImageOfPage\":{\"@id\":\"https:\\\/\\\/www.laguiadepamplona.com\\\/actualidad\\\/pamplona-celebra-el-dia-internacional-de-las-personas-de-edad-con-una-recepcion-institucional-a-redes-y-entidades-de-mayores-y-la-organizacion-de-varias-actividades\\\/#primaryimage\"},\"image\":{\"@id\":\"https:\\\/\\\/www.laguiadepamplona.com\\\/actualidad\\\/pamplona-celebra-el-dia-internacional-de-las-personas-de-edad-con-una-recepcion-institucional-a-redes-y-entidades-de-mayores-y-la-organizacion-de-varias-actividades\\\/#primaryimage\"},\"thumbnailUrl\":\"https:\\\/\\\/www.laguiadepamplona.com\\\/actualidad\\\/wp-content\\\/uploads\\\/2024\\\/09\\\/recepciondiadelaspersonasmayores1_0.webp\",\"datePublished\":\"2024-09-30T11:10:28+00:00\",\"description\":\"Ayuntamiento de Pamplona, asociaciones y redes de mayores han programado charlas, encuentros y conciertos para el martes y el mi\u00e9rcoles\",\"breadcrumb\":{\"@id\":\"https:\\\/\\\/www.laguiadepamplona.com\\\/actualidad\\\/pamplona-celebra-el-dia-internacional-de-las-personas-de-edad-con-una-recepcion-institucional-a-redes-y-entidades-de-mayores-y-la-organizacion-de-varias-actividades\\\/#breadcrumb\"},\"inLanguage\":\"es\",\"potentialAction\":[{\"@type\":\"ReadAction\",\"target\":[\"https:\\\/\\\/www.laguiadepamplona.com\\\/actualidad\\\/pamplona-celebra-el-dia-internacional-de-las-personas-de-edad-con-una-recepcion-institucional-a-redes-y-entidades-de-mayores-y-la-organizacion-de-varias-actividades\\\/\"]}]},{\"@type\":\"ImageObject\",\"inLanguage\":\"es\",\"@id\":\"https:\\\/\\\/www.laguiadepamplona.com\\\/actualidad\\\/pamplona-celebra-el-dia-internacional-de-las-personas-de-edad-con-una-recepcion-institucional-a-redes-y-entidades-de-mayores-y-la-organizacion-de-varias-actividades\\\/#primaryimage\",\"url\":\"https:\\\/\\\/www.laguiadepamplona.com\\\/actualidad\\\/wp-content\\\/uploads\\\/2024\\\/09\\\/recepciondiadelaspersonasmayores1_0.webp\",\"contentUrl\":\"https:\\\/\\\/www.laguiadepamplona.com\\\/actualidad\\\/wp-content\\\/uploads\\\/2024\\\/09\\\/recepciondiadelaspersonasmayores1_0.webp\",\"width\":1000,\"height\":667,\"caption\":\"recepci\u00f3n d\u00eda de las personas mayores\"},{\"@type\":\"BreadcrumbList\",\"@id\":\"https:\\\/\\\/www.laguiadepamplona.com\\\/actualidad\\\/pamplona-celebra-el-dia-internacional-de-las-personas-de-edad-con-una-recepcion-institucional-a-redes-y-entidades-de-mayores-y-la-organizacion-de-varias-actividades\\\/#breadcrumb\",\"itemListElement\":[{\"@type\":\"ListItem\",\"position\":1,\"name\":\"Portada\",\"item\":\"https:\\\/\\\/www.laguiadepamplona.com\\\/actualidad\\\/\"},{\"@type\":\"ListItem\",\"position\":2,\"name\":\"Pamplona celebra el D\u00eda Internacional de las Personas de Edad con una recepci\u00f3n institucional a redes y entidades de mayores y la organizaci\u00f3n de varias actividades\"}]},{\"@type\":\"WebSite\",\"@id\":\"https:\\\/\\\/www.laguiadepamplona.com\\\/actualidad\\\/#website\",\"url\":\"https:\\\/\\\/www.laguiadepamplona.com\\\/actualidad\\\/\",\"name\":\"La gu\u00eda de Pamplona\",\"description\":\"Noticias de Pamplona\",\"publisher\":{\"@id\":\"https:\\\/\\\/www.laguiadepamplona.com\\\/actualidad\\\/#organization\"},\"potentialAction\":[{\"@type\":\"SearchAction\",\"target\":{\"@type\":\"EntryPoint\",\"urlTemplate\":\"https:\\\/\\\/www.laguiadepamplona.com\\\/actualidad\\\/?s={search_term_string}\"},\"query-input\":{\"@type\":\"PropertyValueSpecification\",\"valueRequired\":true,\"valueName\":\"search_term_string\"}}],\"inLanguage\":\"es\"},{\"@type\":\"Organization\",\"@id\":\"https:\\\/\\\/www.laguiadepamplona.com\\\/actualidad\\\/#organization\",\"name\":\"La Gu\u00eda de Pamplona \\\/ Noticias\",\"url\":\"https:\\\/\\\/www.laguiadepamplona.com\\\/actualidad\\\/\",\"logo\":{\"@type\":\"ImageObject\",\"inLanguage\":\"es\",\"@id\":\"https:\\\/\\\/www.laguiadepamplona.com\\\/actualidad\\\/#\\\/schema\\\/logo\\\/image\\\/\",\"url\":\"https:\\\/\\\/www.laguiadepamplona.com\\\/actualidad\\\/wp-content\\\/uploads\\\/2018\\\/11\\\/logo-laguiadepamplona18-web1.png\",\"contentUrl\":\"https:\\\/\\\/www.laguiadepamplona.com\\\/actualidad\\\/wp-content\\\/uploads\\\/2018\\\/11\\\/logo-laguiadepamplona18-web1.png\",\"width\":600,\"height\":196,\"caption\":\"La Gu\u00eda de Pamplona \\\/ Noticias\"},\"image\":{\"@id\":\"https:\\\/\\\/www.laguiadepamplona.com\\\/actualidad\\\/#\\\/schema\\\/logo\\\/image\\\/\"},\"sameAs\":[\"https:\\\/\\\/www.facebook.com\\\/laguiadepamplonacom-133175176762273\\\/?ref=hl\",\"https:\\\/\\\/x.com\\\/LaGuiadPamplona\",\"https:\\\/\\\/www.instagram.com\\\/la_guia_de_pamplona\\\/\",\"https:\\\/\\\/www.youtube.com\\\/user\\\/laguiadepamplona\"]},{\"@type\":\"Person\",\"@id\":\"https:\\\/\\\/www.laguiadepamplona.com\\\/actualidad\\\/#\\\/schema\\\/person\\\/efe887376f0213d4657c93adc50b1fdb\",\"name\":\"La Gu\u00eda de Pamplona\",\"image\":{\"@type\":\"ImageObject\",\"inLanguage\":\"es\",\"@id\":\"https:\\\/\\\/secure.gravatar.com\\\/avatar\\\/b6992f131dc8d30ab0dff15446e9d346d9dbd95992de0fef795073f5ea83a81c?s=96&d=mm&r=g\",\"url\":\"https:\\\/\\\/secure.gravatar.com\\\/avatar\\\/b6992f131dc8d30ab0dff15446e9d346d9dbd95992de0fef795073f5ea83a81c?s=96&d=mm&r=g\",\"contentUrl\":\"https:\\\/\\\/secure.gravatar.com\\\/avatar\\\/b6992f131dc8d30ab0dff15446e9d346d9dbd95992de0fef795073f5ea83a81c?s=96&d=mm&r=g\",\"caption\":\"La Gu\u00eda de Pamplona\"}}]}<\/script>\n<!-- \/ Yoast SEO plugin. -->","yoast_head_json":{"title":"Pamplona celebra el D\u00eda Internacional de las Personas de Edad con una recepci\u00f3n institucional a redes y entidades de mayores y la organizaci\u00f3n de varias actividades","description":"Ayuntamiento de Pamplona, asociaciones y redes de mayores han programado charlas, encuentros y conciertos para el martes y el mi\u00e9rcoles","robots":{"index":"index","follow":"follow","max-snippet":"max-snippet:-1","max-image-preview":"max-image-preview:large","max-video-preview":"max-video-preview:-1"},"canonical":"https:\/\/www.laguiadepamplona.com\/actualidad\/pamplona-celebra-el-dia-internacional-de-las-personas-de-edad-con-una-recepcion-institucional-a-redes-y-entidades-de-mayores-y-la-organizacion-de-varias-actividades\/","og_locale":"es_ES","og_type":"article","og_title":"Pamplona celebra el D\u00eda Internacional de las Personas de Edad con una recepci\u00f3n institucional a redes y entidades de mayores y la organizaci\u00f3n de varias actividades","og_description":"Ayuntamiento de Pamplona, asociaciones y redes de mayores han programado charlas, encuentros y conciertos para el martes y el mi\u00e9rcoles","og_url":"https:\/\/www.laguiadepamplona.com\/actualidad\/pamplona-celebra-el-dia-internacional-de-las-personas-de-edad-con-una-recepcion-institucional-a-redes-y-entidades-de-mayores-y-la-organizacion-de-varias-actividades\/","og_site_name":"La Gu\u00eda de Pamplona","article_publisher":"https:\/\/www.facebook.com\/laguiadepamplonacom-133175176762273\/?ref=hl","article_published_time":"2024-09-30T11:10:28+00:00","og_image":[{"width":1000,"height":667,"url":"https:\/\/www.laguiadepamplona.com\/actualidad\/wp-content\/uploads\/2024\/09\/recepciondiadelaspersonasmayores1_0.webp","type":"image\/webp"}],"author":"La Gu\u00eda de Pamplona","twitter_card":"summary_large_image","twitter_creator":"@LaGuiadPamplona","twitter_site":"@LaGuiadPamplona","twitter_misc":{"Escrito por":"La Gu\u00eda de Pamplona","Tiempo de lectura":"4 minutos"},"schema":{"@context":"https:\/\/schema.org","@graph":[{"@type":"Article","@id":"https:\/\/www.laguiadepamplona.com\/actualidad\/pamplona-celebra-el-dia-internacional-de-las-personas-de-edad-con-una-recepcion-institucional-a-redes-y-entidades-de-mayores-y-la-organizacion-de-varias-actividades\/#article","isPartOf":{"@id":"https:\/\/www.laguiadepamplona.com\/actualidad\/pamplona-celebra-el-dia-internacional-de-las-personas-de-edad-con-una-recepcion-institucional-a-redes-y-entidades-de-mayores-y-la-organizacion-de-varias-actividades\/"},"author":{"name":"La Gu\u00eda de Pamplona","@id":"https:\/\/www.laguiadepamplona.com\/actualidad\/#\/schema\/person\/efe887376f0213d4657c93adc50b1fdb"},"headline":"Pamplona celebra el D\u00eda Internacional de las Personas de Edad con una recepci\u00f3n institucional a redes y entidades de mayores y la organizaci\u00f3n de varias actividades","datePublished":"2024-09-30T11:10:28+00:00","mainEntityOfPage":{"@id":"https:\/\/www.laguiadepamplona.com\/actualidad\/pamplona-celebra-el-dia-internacional-de-las-personas-de-edad-con-una-recepcion-institucional-a-redes-y-entidades-de-mayores-y-la-organizacion-de-varias-actividades\/"},"wordCount":764,"commentCount":0,"publisher":{"@id":"https:\/\/www.laguiadepamplona.com\/actualidad\/#organization"},"image":{"@id":"https:\/\/www.laguiadepamplona.com\/actualidad\/pamplona-celebra-el-dia-internacional-de-las-personas-de-edad-con-una-recepcion-institucional-a-redes-y-entidades-de-mayores-y-la-organizacion-de-varias-actividades\/#primaryimage"},"thumbnailUrl":"https:\/\/www.laguiadepamplona.com\/actualidad\/wp-content\/uploads\/2024\/09\/recepciondiadelaspersonasmayores1_0.webp","articleSection":["Ayto Pamplona"],"inLanguage":"es","potentialAction":[{"@type":"CommentAction","name":"Comment","target":["https:\/\/www.laguiadepamplona.com\/actualidad\/pamplona-celebra-el-dia-internacional-de-las-personas-de-edad-con-una-recepcion-institucional-a-redes-y-entidades-de-mayores-y-la-organizacion-de-varias-actividades\/#respond"]}]},{"@type":"WebPage","@id":"https:\/\/www.laguiadepamplona.com\/actualidad\/pamplona-celebra-el-dia-internacional-de-las-personas-de-edad-con-una-recepcion-institucional-a-redes-y-entidades-de-mayores-y-la-organizacion-de-varias-actividades\/","url":"https:\/\/www.laguiadepamplona.com\/actualidad\/pamplona-celebra-el-dia-internacional-de-las-personas-de-edad-con-una-recepcion-institucional-a-redes-y-entidades-de-mayores-y-la-organizacion-de-varias-actividades\/","name":"Pamplona celebra el D\u00eda Internacional de las Personas de Edad con una recepci\u00f3n institucional a redes y entidades de mayores y la organizaci\u00f3n de varias actividades","isPartOf":{"@id":"https:\/\/www.laguiadepamplona.com\/actualidad\/#website"},"primaryImageOfPage":{"@id":"https:\/\/www.laguiadepamplona.com\/actualidad\/pamplona-celebra-el-dia-internacional-de-las-personas-de-edad-con-una-recepcion-institucional-a-redes-y-entidades-de-mayores-y-la-organizacion-de-varias-actividades\/#primaryimage"},"image":{"@id":"https:\/\/www.laguiadepamplona.com\/actualidad\/pamplona-celebra-el-dia-internacional-de-las-personas-de-edad-con-una-recepcion-institucional-a-redes-y-entidades-de-mayores-y-la-organizacion-de-varias-actividades\/#primaryimage"},"thumbnailUrl":"https:\/\/www.laguiadepamplona.com\/actualidad\/wp-content\/uploads\/2024\/09\/recepciondiadelaspersonasmayores1_0.webp","datePublished":"2024-09-30T11:10:28+00:00","description":"Ayuntamiento de Pamplona, asociaciones y redes de mayores han programado charlas, encuentros y conciertos para el martes y el mi\u00e9rcoles","breadcrumb":{"@id":"https:\/\/www.laguiadepamplona.com\/actualidad\/pamplona-celebra-el-dia-internacional-de-las-personas-de-edad-con-una-recepcion-institucional-a-redes-y-entidades-de-mayores-y-la-organizacion-de-varias-actividades\/#breadcrumb"},"inLanguage":"es","potentialAction":[{"@type":"ReadAction","target":["https:\/\/www.laguiadepamplona.com\/actualidad\/pamplona-celebra-el-dia-internacional-de-las-personas-de-edad-con-una-recepcion-institucional-a-redes-y-entidades-de-mayores-y-la-organizacion-de-varias-actividades\/"]}]},{"@type":"ImageObject","inLanguage":"es","@id":"https:\/\/www.laguiadepamplona.com\/actualidad\/pamplona-celebra-el-dia-internacional-de-las-personas-de-edad-con-una-recepcion-institucional-a-redes-y-entidades-de-mayores-y-la-organizacion-de-varias-actividades\/#primaryimage","url":"https:\/\/www.laguiadepamplona.com\/actualidad\/wp-content\/uploads\/2024\/09\/recepciondiadelaspersonasmayores1_0.webp","contentUrl":"https:\/\/www.laguiadepamplona.com\/actualidad\/wp-content\/uploads\/2024\/09\/recepciondiadelaspersonasmayores1_0.webp","width":1000,"height":667,"caption":"recepci\u00f3n d\u00eda de las personas mayores"},{"@type":"BreadcrumbList","@id":"https:\/\/www.laguiadepamplona.com\/actualidad\/pamplona-celebra-el-dia-internacional-de-las-personas-de-edad-con-una-recepcion-institucional-a-redes-y-entidades-de-mayores-y-la-organizacion-de-varias-actividades\/#breadcrumb","itemListElement":[{"@type":"ListItem","position":1,"name":"Portada","item":"https:\/\/www.laguiadepamplona.com\/actualidad\/"},{"@type":"ListItem","position":2,"name":"Pamplona celebra el D\u00eda Internacional de las Personas de Edad con una recepci\u00f3n institucional a redes y entidades de mayores y la organizaci\u00f3n de varias actividades"}]},{"@type":"WebSite","@id":"https:\/\/www.laguiadepamplona.com\/actualidad\/#website","url":"https:\/\/www.laguiadepamplona.com\/actualidad\/","name":"La gu\u00eda de Pamplona","description":"Noticias de Pamplona","publisher":{"@id":"https:\/\/www.laguiadepamplona.com\/actualidad\/#organization"},"potentialAction":[{"@type":"SearchAction","target":{"@type":"EntryPoint","urlTemplate":"https:\/\/www.laguiadepamplona.com\/actualidad\/?s={search_term_string}"},"query-input":{"@type":"PropertyValueSpecification","valueRequired":true,"valueName":"search_term_string"}}],"inLanguage":"es"},{"@type":"Organization","@id":"https:\/\/www.laguiadepamplona.com\/actualidad\/#organization","name":"La Gu\u00eda de Pamplona \/ Noticias","url":"https:\/\/www.laguiadepamplona.com\/actualidad\/","logo":{"@type":"ImageObject","inLanguage":"es","@id":"https:\/\/www.laguiadepamplona.com\/actualidad\/#\/schema\/logo\/image\/","url":"https:\/\/www.laguiadepamplona.com\/actualidad\/wp-content\/uploads\/2018\/11\/logo-laguiadepamplona18-web1.png","contentUrl":"https:\/\/www.laguiadepamplona.com\/actualidad\/wp-content\/uploads\/2018\/11\/logo-laguiadepamplona18-web1.png","width":600,"height":196,"caption":"La Gu\u00eda de Pamplona \/ Noticias"},"image":{"@id":"https:\/\/www.laguiadepamplona.com\/actualidad\/#\/schema\/logo\/image\/"},"sameAs":["https:\/\/www.facebook.com\/laguiadepamplonacom-133175176762273\/?ref=hl","https:\/\/x.com\/LaGuiadPamplona","https:\/\/www.instagram.com\/la_guia_de_pamplona\/","https:\/\/www.youtube.com\/user\/laguiadepamplona"]},{"@type":"Person","@id":"https:\/\/www.laguiadepamplona.com\/actualidad\/#\/schema\/person\/efe887376f0213d4657c93adc50b1fdb","name":"La Gu\u00eda de Pamplona","image":{"@type":"ImageObject","inLanguage":"es","@id":"https:\/\/secure.gravatar.com\/avatar\/b6992f131dc8d30ab0dff15446e9d346d9dbd95992de0fef795073f5ea83a81c?s=96&d=mm&r=g","url":"https:\/\/secure.gravatar.com\/avatar\/b6992f131dc8d30ab0dff15446e9d346d9dbd95992de0fef795073f5ea83a81c?s=96&d=mm&r=g","contentUrl":"https:\/\/secure.gravatar.com\/avatar\/b6992f131dc8d30ab0dff15446e9d346d9dbd95992de0fef795073f5ea83a81c?s=96&d=mm&r=g","caption":"La Gu\u00eda de Pamplona"}}]}},"post_mailing_queue_ids":[],"_links":{"self":[{"href":"https:\/\/www.laguiadepamplona.com\/actualidad\/wp-json\/wp\/v2\/posts\/50870","targetHints":{"allow":["GET"]}}],"collection":[{"href":"https:\/\/www.laguiadepamplona.com\/actualidad\/wp-json\/wp\/v2\/posts"}],"about":[{"href":"https:\/\/www.laguiadepamplona.com\/actualidad\/wp-json\/wp\/v2\/types\/post"}],"author":[{"embeddable":true,"href":"https:\/\/www.laguiadepamplona.com\/actualidad\/wp-json\/wp\/v2\/users\/1"}],"replies":[{"embeddable":true,"href":"https:\/\/www.laguiadepamplona.com\/actualidad\/wp-json\/wp\/v2\/comments?post=50870"}],"version-history":[{"count":1,"href":"https:\/\/www.laguiadepamplona.com\/actualidad\/wp-json\/wp\/v2\/posts\/50870\/revisions"}],"predecessor-version":[{"id":50872,"href":"https:\/\/www.laguiadepamplona.com\/actualidad\/wp-json\/wp\/v2\/posts\/50870\/revisions\/50872"}],"wp:featuredmedia":[{"embeddable":true,"href":"https:\/\/www.laguiadepamplona.com\/actualidad\/wp-json\/wp\/v2\/media\/50871"}],"wp:attachment":[{"href":"https:\/\/www.laguiadepamplona.com\/actualidad\/wp-json\/wp\/v2\/media?parent=50870"}],"wp:term":[{"taxonomy":"category","embeddable":true,"href":"https:\/\/www.laguiadepamplona.com\/actualidad\/wp-json\/wp\/v2\/categories?post=50870"},{"taxonomy":"post_tag","embeddable":true,"href":"https:\/\/www.laguiadepamplona.com\/actualidad\/wp-json\/wp\/v2\/tags?post=50870"}],"curies":[{"name":"wp","href":"https:\/\/api.w.org\/{rel}","templated":true}]}}