{"id":50867,"date":"2024-09-30T13:07:03","date_gmt":"2024-09-30T11:07:03","guid":{"rendered":"https:\/\/www.laguiadepamplona.com\/actualidad\/?p=50867"},"modified":"2024-09-30T13:07:03","modified_gmt":"2024-09-30T11:07:03","slug":"el-29-de-las-personas-jovenes-que-han-recibido-orientacion-laboral-en-el-programa-konekta-han-conseguido-un-empleo","status":"publish","type":"post","link":"https:\/\/www.laguiadepamplona.com\/actualidad\/el-29-de-las-personas-jovenes-que-han-recibido-orientacion-laboral-en-el-programa-konekta-han-conseguido-un-empleo\/","title":{"rendered":"El 29% de las personas j\u00f3venes que han recibido orientaci\u00f3n laboral en el programa KONEKTA han conseguido un empleo"},"content":{"rendered":"<h2>En el programa impulsado por el Ayuntamiento de Pamplona y SNE-NL han participado 87 j\u00f3venes perceptores de IMV o Renta Garantizada con una media de edad de 25 a\u00f1os<\/h2>\n<p><!--more--><\/p>\n<p>52 mujeres y 35 hombres han participado durante los \u00faltimos seis meses para su activaci\u00f3n laboral o formativa mediante el programa KONEKTA, una iniciativa del Ayuntamiento de Pamplona con el Servicio Navarro de Empleo \/ Nafar Lansare, que se inici\u00f3 en el mes de abril. KONEKTA buscaba apoyar mediante orientaci\u00f3n profesional la inserci\u00f3n laboral o formativa de hasta 90 personas menores de 30 a\u00f1os, residentes en Pamplona, perceptoras o beneficiarias de renta garantizada o ingreso m\u00ednimo vital. Al proceso de selecci\u00f3n se presentaron 717 candidaturas. La media de edad de las personas finalmente seleccionadas ha sido de 24,6 a\u00f1os y, en un 43% de los casos se ha trabajado con familias monomarentales. El 62% de las personas participantes proced\u00edan de fuera Espa\u00f1a, de hasta 19 pa\u00edses.<\/p>\n<p>Mediante un proceso de diagn\u00f3stico personalizado, el equipo t\u00e9cnico estudi\u00f3 las \u00e1reas de mejora a nivel individual, se dise\u00f1\u00f3 un plan personalizado de manera conjunta y realiz\u00f3 seguimiento de los itinerarios adaptados a cada perfil, combinando tutor\u00edas individuales y actividades grupales. A falta de los datos definitivos, hoy el 50% de las personas participantes (43) ha iniciado alguna acci\u00f3n formativa. De ellas, 11 han retomado estudios reglados y 32 se han inscrito en distintas iniciativas de capacitaci\u00f3n profesionales. En cuanto a la inserci\u00f3n laboral, el programa ha facilitado que el 29% de los participantes (25 personas) hayan conseguido empleo.<\/p>\n<p>Esta ma\u00f1ana han realizado la clausura de KONEKTA el concejal delegado de Acci\u00f3n Social del Ayuntamiento de Pamplona, Txema Maule\u00f3n, y la directora del Servicio Navarro de Empleo \/ Nafar Lansare, Miriam Mart\u00f3n. Este programa ha sido financiado en el marco del Plan de Recuperaci\u00f3n, Transformaci\u00f3n y Resiliencia (PRTR) a cargo de fondos Next Generation de la Uni\u00f3n Europea con una inversi\u00f3n de 99.029 euros. Adem\u00e1s, forma parte del plan de trabajo 2024 del Centro de Orientaci\u00f3n y Emprendimiento (COE) de Navarra. La mayor parte del presupuesto, 72.029 euros, se ha destinado a gastos de personal y 27.000 euros a la formaci\u00f3n en competencias transversales y digitales de las personas participantes.<\/p>\n<p><strong>Colaboraci\u00f3n activa de entidades y empresas<\/strong><\/p>\n<p>El desarrollo del programa ha sido posible gracias a la colaboraci\u00f3n desinteresada y activa de diversas entidades y empresas como Volkswagen, Fundaci\u00f3n Adecco, Josenea, Nasertic, Escuelas Taller del Ayuntamiento de Pamplona, Proyecto Reciclo; CNAI, Empleo Social, <span style=\"text-decoration: line-through;\">el<\/span> voluntariado de Pamplonistas y el Servicio de prevenci\u00f3n a la infancia del Ayuntamiento de Pamplona. Estas actuaciones han facilitado a las personas participantes el acercamiento a un entorno laboral real.<\/p>\n<p>As\u00ed, se han realizado hasta 15 actividades diferentes, 6 talleres impartidos por el equipo KONEKTA abordando temas como la conciliaci\u00f3n familiar y laboral, comunicaci\u00f3n, habilidades para el empleo, certificados de profesionalidad, duelo migratorio y resiliencia y 9 visitas a empresas y entidades colaboradoras. Se ha hecho un esfuerzo especial para apoyar el acceso a las actividades de las familias monomarentales ofreciendo servicios de conciliaci\u00f3n.<\/p>\n<p>A lo largo del programa, los participantes han adquirido competencias clave como la autoconfianza, la comunicaci\u00f3n, la gesti\u00f3n del tiempo y habilidades digitales, orientadas a mejorar su empleabilidad. Un aspecto destacado fueron los \u201cencuentros improbables\u201d, sesiones dise\u00f1adas para conectar a los j\u00f3venes con el \u00e1mbito laboral y educativo a trav\u00e9s de experiencias.<\/p>\n","protected":false},"excerpt":{"rendered":"<p>En el programa impulsado por el Ayuntamiento de Pamplona y SNE-NL han participado 87 j\u00f3venes perceptores de IMV o Renta Garantizada con una media de edad de 25 a\u00f1os<\/p>\n","protected":false},"author":1,"featured_media":50868,"comment_status":"open","ping_status":"closed","sticky":false,"template":"","format":"standard","meta":{"footnotes":""},"categories":[2],"tags":[],"class_list":["post-50867","post","type-post","status-publish","format-standard","has-post-thumbnail","hentry","category-ayuntamiento-pamplona"],"yoast_head":"<!-- This site is optimized with the Yoast SEO plugin v27.3 - https:\/\/yoast.com\/product\/yoast-seo-wordpress\/ -->\n<title>El 29% de las personas j\u00f3venes que han recibido orientaci\u00f3n laboral en el programa KONEKTA han conseguido un empleo<\/title>\n<meta name=\"description\" content=\"En el programa impulsado por el Ayuntamiento de Pamplona y SNE-NL han participado 87 j\u00f3venes perceptores de IMV o Renta Garantizada con una media de edad de 25 a\u00f1os\" \/>\n<meta name=\"robots\" content=\"index, follow, max-snippet:-1, max-image-preview:large, max-video-preview:-1\" \/>\n<link rel=\"canonical\" href=\"https:\/\/www.laguiadepamplona.com\/actualidad\/el-29-de-las-personas-jovenes-que-han-recibido-orientacion-laboral-en-el-programa-konekta-han-conseguido-un-empleo\/\" \/>\n<meta property=\"og:locale\" content=\"es_ES\" \/>\n<meta property=\"og:type\" content=\"article\" \/>\n<meta property=\"og:title\" content=\"El 29% de las personas j\u00f3venes que han recibido orientaci\u00f3n laboral en el programa KONEKTA han conseguido un empleo\" \/>\n<meta property=\"og:description\" content=\"En el programa impulsado por el Ayuntamiento de Pamplona y SNE-NL han participado 87 j\u00f3venes perceptores de IMV o Renta Garantizada con una media de edad de 25 a\u00f1os\" \/>\n<meta property=\"og:url\" content=\"https:\/\/www.laguiadepamplona.com\/actualidad\/el-29-de-las-personas-jovenes-que-han-recibido-orientacion-laboral-en-el-programa-konekta-han-conseguido-un-empleo\/\" \/>\n<meta property=\"og:site_name\" content=\"La Gu\u00eda de Pamplona\" \/>\n<meta property=\"article:publisher\" content=\"https:\/\/www.facebook.com\/laguiadepamplonacom-133175176762273\/?ref=hl\" \/>\n<meta property=\"article:published_time\" content=\"2024-09-30T11:07:03+00:00\" \/>\n<meta property=\"og:image\" content=\"https:\/\/www.laguiadepamplona.com\/actualidad\/wp-content\/uploads\/2024\/09\/clausuraprogramakonekta1_0.webp\" \/>\n\t<meta property=\"og:image:width\" content=\"1000\" \/>\n\t<meta property=\"og:image:height\" content=\"667\" \/>\n\t<meta property=\"og:image:type\" content=\"image\/webp\" \/>\n<meta name=\"author\" content=\"La Gu\u00eda de Pamplona\" \/>\n<meta name=\"twitter:card\" content=\"summary_large_image\" \/>\n<meta name=\"twitter:creator\" content=\"@LaGuiadPamplona\" \/>\n<meta name=\"twitter:site\" content=\"@LaGuiadPamplona\" \/>\n<meta name=\"twitter:label1\" content=\"Escrito por\" \/>\n\t<meta name=\"twitter:data1\" content=\"La Gu\u00eda de Pamplona\" \/>\n\t<meta name=\"twitter:label2\" content=\"Tiempo de lectura\" \/>\n\t<meta name=\"twitter:data2\" content=\"3 minutos\" \/>\n<script type=\"application\/ld+json\" class=\"yoast-schema-graph\">{\"@context\":\"https:\\\/\\\/schema.org\",\"@graph\":[{\"@type\":\"Article\",\"@id\":\"https:\\\/\\\/www.laguiadepamplona.com\\\/actualidad\\\/el-29-de-las-personas-jovenes-que-han-recibido-orientacion-laboral-en-el-programa-konekta-han-conseguido-un-empleo\\\/#article\",\"isPartOf\":{\"@id\":\"https:\\\/\\\/www.laguiadepamplona.com\\\/actualidad\\\/el-29-de-las-personas-jovenes-que-han-recibido-orientacion-laboral-en-el-programa-konekta-han-conseguido-un-empleo\\\/\"},\"author\":{\"name\":\"La Gu\u00eda de Pamplona\",\"@id\":\"https:\\\/\\\/www.laguiadepamplona.com\\\/actualidad\\\/#\\\/schema\\\/person\\\/efe887376f0213d4657c93adc50b1fdb\"},\"headline\":\"El 29% de las personas j\u00f3venes que han recibido orientaci\u00f3n laboral en el programa KONEKTA han conseguido un empleo\",\"datePublished\":\"2024-09-30T11:07:03+00:00\",\"mainEntityOfPage\":{\"@id\":\"https:\\\/\\\/www.laguiadepamplona.com\\\/actualidad\\\/el-29-de-las-personas-jovenes-que-han-recibido-orientacion-laboral-en-el-programa-konekta-han-conseguido-un-empleo\\\/\"},\"wordCount\":589,\"commentCount\":0,\"publisher\":{\"@id\":\"https:\\\/\\\/www.laguiadepamplona.com\\\/actualidad\\\/#organization\"},\"image\":{\"@id\":\"https:\\\/\\\/www.laguiadepamplona.com\\\/actualidad\\\/el-29-de-las-personas-jovenes-que-han-recibido-orientacion-laboral-en-el-programa-konekta-han-conseguido-un-empleo\\\/#primaryimage\"},\"thumbnailUrl\":\"https:\\\/\\\/www.laguiadepamplona.com\\\/actualidad\\\/wp-content\\\/uploads\\\/2024\\\/09\\\/clausuraprogramakonekta1_0.webp\",\"articleSection\":[\"Ayto Pamplona\"],\"inLanguage\":\"es\",\"potentialAction\":[{\"@type\":\"CommentAction\",\"name\":\"Comment\",\"target\":[\"https:\\\/\\\/www.laguiadepamplona.com\\\/actualidad\\\/el-29-de-las-personas-jovenes-que-han-recibido-orientacion-laboral-en-el-programa-konekta-han-conseguido-un-empleo\\\/#respond\"]}]},{\"@type\":\"WebPage\",\"@id\":\"https:\\\/\\\/www.laguiadepamplona.com\\\/actualidad\\\/el-29-de-las-personas-jovenes-que-han-recibido-orientacion-laboral-en-el-programa-konekta-han-conseguido-un-empleo\\\/\",\"url\":\"https:\\\/\\\/www.laguiadepamplona.com\\\/actualidad\\\/el-29-de-las-personas-jovenes-que-han-recibido-orientacion-laboral-en-el-programa-konekta-han-conseguido-un-empleo\\\/\",\"name\":\"El 29% de las personas j\u00f3venes que han recibido orientaci\u00f3n laboral en el programa KONEKTA han conseguido un empleo\",\"isPartOf\":{\"@id\":\"https:\\\/\\\/www.laguiadepamplona.com\\\/actualidad\\\/#website\"},\"primaryImageOfPage\":{\"@id\":\"https:\\\/\\\/www.laguiadepamplona.com\\\/actualidad\\\/el-29-de-las-personas-jovenes-que-han-recibido-orientacion-laboral-en-el-programa-konekta-han-conseguido-un-empleo\\\/#primaryimage\"},\"image\":{\"@id\":\"https:\\\/\\\/www.laguiadepamplona.com\\\/actualidad\\\/el-29-de-las-personas-jovenes-que-han-recibido-orientacion-laboral-en-el-programa-konekta-han-conseguido-un-empleo\\\/#primaryimage\"},\"thumbnailUrl\":\"https:\\\/\\\/www.laguiadepamplona.com\\\/actualidad\\\/wp-content\\\/uploads\\\/2024\\\/09\\\/clausuraprogramakonekta1_0.webp\",\"datePublished\":\"2024-09-30T11:07:03+00:00\",\"description\":\"En el programa impulsado por el Ayuntamiento de Pamplona y SNE-NL han participado 87 j\u00f3venes perceptores de IMV o Renta Garantizada con una media de edad de 25 a\u00f1os\",\"breadcrumb\":{\"@id\":\"https:\\\/\\\/www.laguiadepamplona.com\\\/actualidad\\\/el-29-de-las-personas-jovenes-que-han-recibido-orientacion-laboral-en-el-programa-konekta-han-conseguido-un-empleo\\\/#breadcrumb\"},\"inLanguage\":\"es\",\"potentialAction\":[{\"@type\":\"ReadAction\",\"target\":[\"https:\\\/\\\/www.laguiadepamplona.com\\\/actualidad\\\/el-29-de-las-personas-jovenes-que-han-recibido-orientacion-laboral-en-el-programa-konekta-han-conseguido-un-empleo\\\/\"]}]},{\"@type\":\"ImageObject\",\"inLanguage\":\"es\",\"@id\":\"https:\\\/\\\/www.laguiadepamplona.com\\\/actualidad\\\/el-29-de-las-personas-jovenes-que-han-recibido-orientacion-laboral-en-el-programa-konekta-han-conseguido-un-empleo\\\/#primaryimage\",\"url\":\"https:\\\/\\\/www.laguiadepamplona.com\\\/actualidad\\\/wp-content\\\/uploads\\\/2024\\\/09\\\/clausuraprogramakonekta1_0.webp\",\"contentUrl\":\"https:\\\/\\\/www.laguiadepamplona.com\\\/actualidad\\\/wp-content\\\/uploads\\\/2024\\\/09\\\/clausuraprogramakonekta1_0.webp\",\"width\":1000,\"height\":667,\"caption\":\"clausula programa konekta\"},{\"@type\":\"BreadcrumbList\",\"@id\":\"https:\\\/\\\/www.laguiadepamplona.com\\\/actualidad\\\/el-29-de-las-personas-jovenes-que-han-recibido-orientacion-laboral-en-el-programa-konekta-han-conseguido-un-empleo\\\/#breadcrumb\",\"itemListElement\":[{\"@type\":\"ListItem\",\"position\":1,\"name\":\"Portada\",\"item\":\"https:\\\/\\\/www.laguiadepamplona.com\\\/actualidad\\\/\"},{\"@type\":\"ListItem\",\"position\":2,\"name\":\"El 29% de las personas j\u00f3venes que han recibido orientaci\u00f3n laboral en el programa KONEKTA han conseguido un empleo\"}]},{\"@type\":\"WebSite\",\"@id\":\"https:\\\/\\\/www.laguiadepamplona.com\\\/actualidad\\\/#website\",\"url\":\"https:\\\/\\\/www.laguiadepamplona.com\\\/actualidad\\\/\",\"name\":\"La gu\u00eda de Pamplona\",\"description\":\"Noticias de Pamplona\",\"publisher\":{\"@id\":\"https:\\\/\\\/www.laguiadepamplona.com\\\/actualidad\\\/#organization\"},\"potentialAction\":[{\"@type\":\"SearchAction\",\"target\":{\"@type\":\"EntryPoint\",\"urlTemplate\":\"https:\\\/\\\/www.laguiadepamplona.com\\\/actualidad\\\/?s={search_term_string}\"},\"query-input\":{\"@type\":\"PropertyValueSpecification\",\"valueRequired\":true,\"valueName\":\"search_term_string\"}}],\"inLanguage\":\"es\"},{\"@type\":\"Organization\",\"@id\":\"https:\\\/\\\/www.laguiadepamplona.com\\\/actualidad\\\/#organization\",\"name\":\"La Gu\u00eda de Pamplona \\\/ Noticias\",\"url\":\"https:\\\/\\\/www.laguiadepamplona.com\\\/actualidad\\\/\",\"logo\":{\"@type\":\"ImageObject\",\"inLanguage\":\"es\",\"@id\":\"https:\\\/\\\/www.laguiadepamplona.com\\\/actualidad\\\/#\\\/schema\\\/logo\\\/image\\\/\",\"url\":\"https:\\\/\\\/www.laguiadepamplona.com\\\/actualidad\\\/wp-content\\\/uploads\\\/2018\\\/11\\\/logo-laguiadepamplona18-web1.png\",\"contentUrl\":\"https:\\\/\\\/www.laguiadepamplona.com\\\/actualidad\\\/wp-content\\\/uploads\\\/2018\\\/11\\\/logo-laguiadepamplona18-web1.png\",\"width\":600,\"height\":196,\"caption\":\"La Gu\u00eda de Pamplona \\\/ Noticias\"},\"image\":{\"@id\":\"https:\\\/\\\/www.laguiadepamplona.com\\\/actualidad\\\/#\\\/schema\\\/logo\\\/image\\\/\"},\"sameAs\":[\"https:\\\/\\\/www.facebook.com\\\/laguiadepamplonacom-133175176762273\\\/?ref=hl\",\"https:\\\/\\\/x.com\\\/LaGuiadPamplona\",\"https:\\\/\\\/www.instagram.com\\\/la_guia_de_pamplona\\\/\",\"https:\\\/\\\/www.youtube.com\\\/user\\\/laguiadepamplona\"]},{\"@type\":\"Person\",\"@id\":\"https:\\\/\\\/www.laguiadepamplona.com\\\/actualidad\\\/#\\\/schema\\\/person\\\/efe887376f0213d4657c93adc50b1fdb\",\"name\":\"La Gu\u00eda de Pamplona\",\"image\":{\"@type\":\"ImageObject\",\"inLanguage\":\"es\",\"@id\":\"https:\\\/\\\/secure.gravatar.com\\\/avatar\\\/b6992f131dc8d30ab0dff15446e9d346d9dbd95992de0fef795073f5ea83a81c?s=96&d=mm&r=g\",\"url\":\"https:\\\/\\\/secure.gravatar.com\\\/avatar\\\/b6992f131dc8d30ab0dff15446e9d346d9dbd95992de0fef795073f5ea83a81c?s=96&d=mm&r=g\",\"contentUrl\":\"https:\\\/\\\/secure.gravatar.com\\\/avatar\\\/b6992f131dc8d30ab0dff15446e9d346d9dbd95992de0fef795073f5ea83a81c?s=96&d=mm&r=g\",\"caption\":\"La Gu\u00eda de Pamplona\"}}]}<\/script>\n<!-- \/ Yoast SEO plugin. -->","yoast_head_json":{"title":"El 29% de las personas j\u00f3venes que han recibido orientaci\u00f3n laboral en el programa KONEKTA han conseguido un empleo","description":"En el programa impulsado por el Ayuntamiento de Pamplona y SNE-NL han participado 87 j\u00f3venes perceptores de IMV o Renta Garantizada con una media de edad de 25 a\u00f1os","robots":{"index":"index","follow":"follow","max-snippet":"max-snippet:-1","max-image-preview":"max-image-preview:large","max-video-preview":"max-video-preview:-1"},"canonical":"https:\/\/www.laguiadepamplona.com\/actualidad\/el-29-de-las-personas-jovenes-que-han-recibido-orientacion-laboral-en-el-programa-konekta-han-conseguido-un-empleo\/","og_locale":"es_ES","og_type":"article","og_title":"El 29% de las personas j\u00f3venes que han recibido orientaci\u00f3n laboral en el programa KONEKTA han conseguido un empleo","og_description":"En el programa impulsado por el Ayuntamiento de Pamplona y SNE-NL han participado 87 j\u00f3venes perceptores de IMV o Renta Garantizada con una media de edad de 25 a\u00f1os","og_url":"https:\/\/www.laguiadepamplona.com\/actualidad\/el-29-de-las-personas-jovenes-que-han-recibido-orientacion-laboral-en-el-programa-konekta-han-conseguido-un-empleo\/","og_site_name":"La Gu\u00eda de Pamplona","article_publisher":"https:\/\/www.facebook.com\/laguiadepamplonacom-133175176762273\/?ref=hl","article_published_time":"2024-09-30T11:07:03+00:00","og_image":[{"width":1000,"height":667,"url":"https:\/\/www.laguiadepamplona.com\/actualidad\/wp-content\/uploads\/2024\/09\/clausuraprogramakonekta1_0.webp","type":"image\/webp"}],"author":"La Gu\u00eda de Pamplona","twitter_card":"summary_large_image","twitter_creator":"@LaGuiadPamplona","twitter_site":"@LaGuiadPamplona","twitter_misc":{"Escrito por":"La Gu\u00eda de Pamplona","Tiempo de lectura":"3 minutos"},"schema":{"@context":"https:\/\/schema.org","@graph":[{"@type":"Article","@id":"https:\/\/www.laguiadepamplona.com\/actualidad\/el-29-de-las-personas-jovenes-que-han-recibido-orientacion-laboral-en-el-programa-konekta-han-conseguido-un-empleo\/#article","isPartOf":{"@id":"https:\/\/www.laguiadepamplona.com\/actualidad\/el-29-de-las-personas-jovenes-que-han-recibido-orientacion-laboral-en-el-programa-konekta-han-conseguido-un-empleo\/"},"author":{"name":"La Gu\u00eda de Pamplona","@id":"https:\/\/www.laguiadepamplona.com\/actualidad\/#\/schema\/person\/efe887376f0213d4657c93adc50b1fdb"},"headline":"El 29% de las personas j\u00f3venes que han recibido orientaci\u00f3n laboral en el programa KONEKTA han conseguido un empleo","datePublished":"2024-09-30T11:07:03+00:00","mainEntityOfPage":{"@id":"https:\/\/www.laguiadepamplona.com\/actualidad\/el-29-de-las-personas-jovenes-que-han-recibido-orientacion-laboral-en-el-programa-konekta-han-conseguido-un-empleo\/"},"wordCount":589,"commentCount":0,"publisher":{"@id":"https:\/\/www.laguiadepamplona.com\/actualidad\/#organization"},"image":{"@id":"https:\/\/www.laguiadepamplona.com\/actualidad\/el-29-de-las-personas-jovenes-que-han-recibido-orientacion-laboral-en-el-programa-konekta-han-conseguido-un-empleo\/#primaryimage"},"thumbnailUrl":"https:\/\/www.laguiadepamplona.com\/actualidad\/wp-content\/uploads\/2024\/09\/clausuraprogramakonekta1_0.webp","articleSection":["Ayto Pamplona"],"inLanguage":"es","potentialAction":[{"@type":"CommentAction","name":"Comment","target":["https:\/\/www.laguiadepamplona.com\/actualidad\/el-29-de-las-personas-jovenes-que-han-recibido-orientacion-laboral-en-el-programa-konekta-han-conseguido-un-empleo\/#respond"]}]},{"@type":"WebPage","@id":"https:\/\/www.laguiadepamplona.com\/actualidad\/el-29-de-las-personas-jovenes-que-han-recibido-orientacion-laboral-en-el-programa-konekta-han-conseguido-un-empleo\/","url":"https:\/\/www.laguiadepamplona.com\/actualidad\/el-29-de-las-personas-jovenes-que-han-recibido-orientacion-laboral-en-el-programa-konekta-han-conseguido-un-empleo\/","name":"El 29% de las personas j\u00f3venes que han recibido orientaci\u00f3n laboral en el programa KONEKTA han conseguido un empleo","isPartOf":{"@id":"https:\/\/www.laguiadepamplona.com\/actualidad\/#website"},"primaryImageOfPage":{"@id":"https:\/\/www.laguiadepamplona.com\/actualidad\/el-29-de-las-personas-jovenes-que-han-recibido-orientacion-laboral-en-el-programa-konekta-han-conseguido-un-empleo\/#primaryimage"},"image":{"@id":"https:\/\/www.laguiadepamplona.com\/actualidad\/el-29-de-las-personas-jovenes-que-han-recibido-orientacion-laboral-en-el-programa-konekta-han-conseguido-un-empleo\/#primaryimage"},"thumbnailUrl":"https:\/\/www.laguiadepamplona.com\/actualidad\/wp-content\/uploads\/2024\/09\/clausuraprogramakonekta1_0.webp","datePublished":"2024-09-30T11:07:03+00:00","description":"En el programa impulsado por el Ayuntamiento de Pamplona y SNE-NL han participado 87 j\u00f3venes perceptores de IMV o Renta Garantizada con una media de edad de 25 a\u00f1os","breadcrumb":{"@id":"https:\/\/www.laguiadepamplona.com\/actualidad\/el-29-de-las-personas-jovenes-que-han-recibido-orientacion-laboral-en-el-programa-konekta-han-conseguido-un-empleo\/#breadcrumb"},"inLanguage":"es","potentialAction":[{"@type":"ReadAction","target":["https:\/\/www.laguiadepamplona.com\/actualidad\/el-29-de-las-personas-jovenes-que-han-recibido-orientacion-laboral-en-el-programa-konekta-han-conseguido-un-empleo\/"]}]},{"@type":"ImageObject","inLanguage":"es","@id":"https:\/\/www.laguiadepamplona.com\/actualidad\/el-29-de-las-personas-jovenes-que-han-recibido-orientacion-laboral-en-el-programa-konekta-han-conseguido-un-empleo\/#primaryimage","url":"https:\/\/www.laguiadepamplona.com\/actualidad\/wp-content\/uploads\/2024\/09\/clausuraprogramakonekta1_0.webp","contentUrl":"https:\/\/www.laguiadepamplona.com\/actualidad\/wp-content\/uploads\/2024\/09\/clausuraprogramakonekta1_0.webp","width":1000,"height":667,"caption":"clausula programa konekta"},{"@type":"BreadcrumbList","@id":"https:\/\/www.laguiadepamplona.com\/actualidad\/el-29-de-las-personas-jovenes-que-han-recibido-orientacion-laboral-en-el-programa-konekta-han-conseguido-un-empleo\/#breadcrumb","itemListElement":[{"@type":"ListItem","position":1,"name":"Portada","item":"https:\/\/www.laguiadepamplona.com\/actualidad\/"},{"@type":"ListItem","position":2,"name":"El 29% de las personas j\u00f3venes que han recibido orientaci\u00f3n laboral en el programa KONEKTA han conseguido un empleo"}]},{"@type":"WebSite","@id":"https:\/\/www.laguiadepamplona.com\/actualidad\/#website","url":"https:\/\/www.laguiadepamplona.com\/actualidad\/","name":"La gu\u00eda de Pamplona","description":"Noticias de Pamplona","publisher":{"@id":"https:\/\/www.laguiadepamplona.com\/actualidad\/#organization"},"potentialAction":[{"@type":"SearchAction","target":{"@type":"EntryPoint","urlTemplate":"https:\/\/www.laguiadepamplona.com\/actualidad\/?s={search_term_string}"},"query-input":{"@type":"PropertyValueSpecification","valueRequired":true,"valueName":"search_term_string"}}],"inLanguage":"es"},{"@type":"Organization","@id":"https:\/\/www.laguiadepamplona.com\/actualidad\/#organization","name":"La Gu\u00eda de Pamplona \/ Noticias","url":"https:\/\/www.laguiadepamplona.com\/actualidad\/","logo":{"@type":"ImageObject","inLanguage":"es","@id":"https:\/\/www.laguiadepamplona.com\/actualidad\/#\/schema\/logo\/image\/","url":"https:\/\/www.laguiadepamplona.com\/actualidad\/wp-content\/uploads\/2018\/11\/logo-laguiadepamplona18-web1.png","contentUrl":"https:\/\/www.laguiadepamplona.com\/actualidad\/wp-content\/uploads\/2018\/11\/logo-laguiadepamplona18-web1.png","width":600,"height":196,"caption":"La Gu\u00eda de Pamplona \/ Noticias"},"image":{"@id":"https:\/\/www.laguiadepamplona.com\/actualidad\/#\/schema\/logo\/image\/"},"sameAs":["https:\/\/www.facebook.com\/laguiadepamplonacom-133175176762273\/?ref=hl","https:\/\/x.com\/LaGuiadPamplona","https:\/\/www.instagram.com\/la_guia_de_pamplona\/","https:\/\/www.youtube.com\/user\/laguiadepamplona"]},{"@type":"Person","@id":"https:\/\/www.laguiadepamplona.com\/actualidad\/#\/schema\/person\/efe887376f0213d4657c93adc50b1fdb","name":"La Gu\u00eda de Pamplona","image":{"@type":"ImageObject","inLanguage":"es","@id":"https:\/\/secure.gravatar.com\/avatar\/b6992f131dc8d30ab0dff15446e9d346d9dbd95992de0fef795073f5ea83a81c?s=96&d=mm&r=g","url":"https:\/\/secure.gravatar.com\/avatar\/b6992f131dc8d30ab0dff15446e9d346d9dbd95992de0fef795073f5ea83a81c?s=96&d=mm&r=g","contentUrl":"https:\/\/secure.gravatar.com\/avatar\/b6992f131dc8d30ab0dff15446e9d346d9dbd95992de0fef795073f5ea83a81c?s=96&d=mm&r=g","caption":"La Gu\u00eda de Pamplona"}}]}},"post_mailing_queue_ids":[],"_links":{"self":[{"href":"https:\/\/www.laguiadepamplona.com\/actualidad\/wp-json\/wp\/v2\/posts\/50867","targetHints":{"allow":["GET"]}}],"collection":[{"href":"https:\/\/www.laguiadepamplona.com\/actualidad\/wp-json\/wp\/v2\/posts"}],"about":[{"href":"https:\/\/www.laguiadepamplona.com\/actualidad\/wp-json\/wp\/v2\/types\/post"}],"author":[{"embeddable":true,"href":"https:\/\/www.laguiadepamplona.com\/actualidad\/wp-json\/wp\/v2\/users\/1"}],"replies":[{"embeddable":true,"href":"https:\/\/www.laguiadepamplona.com\/actualidad\/wp-json\/wp\/v2\/comments?post=50867"}],"version-history":[{"count":1,"href":"https:\/\/www.laguiadepamplona.com\/actualidad\/wp-json\/wp\/v2\/posts\/50867\/revisions"}],"predecessor-version":[{"id":50869,"href":"https:\/\/www.laguiadepamplona.com\/actualidad\/wp-json\/wp\/v2\/posts\/50867\/revisions\/50869"}],"wp:featuredmedia":[{"embeddable":true,"href":"https:\/\/www.laguiadepamplona.com\/actualidad\/wp-json\/wp\/v2\/media\/50868"}],"wp:attachment":[{"href":"https:\/\/www.laguiadepamplona.com\/actualidad\/wp-json\/wp\/v2\/media?parent=50867"}],"wp:term":[{"taxonomy":"category","embeddable":true,"href":"https:\/\/www.laguiadepamplona.com\/actualidad\/wp-json\/wp\/v2\/categories?post=50867"},{"taxonomy":"post_tag","embeddable":true,"href":"https:\/\/www.laguiadepamplona.com\/actualidad\/wp-json\/wp\/v2\/tags?post=50867"}],"curies":[{"name":"wp","href":"https:\/\/api.w.org\/{rel}","templated":true}]}}