{"id":50865,"date":"2024-09-30T13:05:08","date_gmt":"2024-09-30T11:05:08","guid":{"rendered":"https:\/\/www.laguiadepamplona.com\/actualidad\/?p=50865"},"modified":"2024-09-30T13:05:08","modified_gmt":"2024-09-30T11:05:08","slug":"la-fachada-de-la-casa-consistorial-se-ilumina-en-amarillo-este-lunes-por-la-celebracion-del-dia-internacional-del-trastorno-especifico-del-lenguaje-tel","status":"publish","type":"post","link":"https:\/\/www.laguiadepamplona.com\/actualidad\/la-fachada-de-la-casa-consistorial-se-ilumina-en-amarillo-este-lunes-por-la-celebracion-del-dia-internacional-del-trastorno-especifico-del-lenguaje-tel\/","title":{"rendered":"La fachada de la Casa Consistorial se ilumina en amarillo este lunes por la celebraci\u00f3n del D\u00eda Internacional del Trastorno Espec\u00edfico del Lenguaje (TEL)"},"content":{"rendered":"<h2>Este trastorno del desarrollo afecta a la adquisici\u00f3n del lenguaje en la infancia y puede dejar secuelas en la edad adulta<\/h2>\n<p><!--more--><\/p>\n<p>El Ayuntamiento de Pamplona secunda la celebraci\u00f3n del D\u00eda Internacional del Trastorno Espec\u00edfico del Lenguaje (TEL) iluminando en color amarillo la fachada de la Casa Consistorial este lunes. La conmemoraci\u00f3n busca dar a conocer este trastorno grave y duradero que afecta a la adquisici\u00f3n del lenguaje desde la infancia y puede dejar secuelas en la edad adulta.<\/p>\n<p>Aparece en ni\u00f1os y ni\u00f1as con habilidades cognitivas normales y que no tienen ning\u00fan tipo de p\u00e9rdida auditiva o discapacidad intelectual, y entre otras \u00e1reas puede afectar, el habla, la lectura y la escritura. Los s\u00edntomas de este trastorno var\u00edan de unas personas a otras, y no afectan de la misma manera ni con la misma intensidad a aspectos como la comprensi\u00f3n, uso de la sintaxis o la pronunciaci\u00f3n. Adem\u00e1s, en ocasiones coinciden con otras alteraciones del desarrollo, lo que dificulta la identificaci\u00f3n del trastorno espec\u00edfico.<\/p>\n<p>Uno de los grandes retos que plantea el TEL es su causa, desconocida en la actualidad, por lo que la investigaci\u00f3n es clave para avanzar en su tratamiento. La eficacia de este tratamiento depende de la intervenci\u00f3n precoz, ya que la dificultad en la comunicaci\u00f3n afecta al desarrollo cognitivo, afectivo y social de la persona afectada. Las familias reclaman medidas educativas, como adaptaciones, para atender sus necesidades especiales, adem\u00e1s de medidas terap\u00e9uticas, como programas de logopedia o motricidad.<\/p>\n<p>Las consecuencias del trastorno var\u00edan entre el bajo rendimiento escolar, problemas de lectura y escritura, problemas de atenci\u00f3n y de comunicaci\u00f3n, lo que genera dificultad para relacionarse con otros ni\u00f1os y ni\u00f1as, problemas emocionales vinculados a baja autoestima y en algunos casos hiperactividad<\/p>\n","protected":false},"excerpt":{"rendered":"<p>Este trastorno del desarrollo afecta a la adquisici\u00f3n del lenguaje en la infancia y puede dejar secuelas en la edad adulta<\/p>\n","protected":false},"author":1,"featured_media":34649,"comment_status":"open","ping_status":"closed","sticky":false,"template":"","format":"standard","meta":{"footnotes":""},"categories":[2],"tags":[],"class_list":["post-50865","post","type-post","status-publish","format-standard","has-post-thumbnail","hentry","category-ayuntamiento-pamplona"],"yoast_head":"<!-- This site is optimized with the Yoast SEO plugin v27.3 - https:\/\/yoast.com\/product\/yoast-seo-wordpress\/ -->\n<title>La fachada de la Casa Consistorial se ilumina en amarillo este lunes por la celebraci\u00f3n del D\u00eda Internacional del Trastorno Espec\u00edfico del Lenguaje (TEL)<\/title>\n<meta name=\"description\" content=\"Este trastorno del desarrollo afecta a la adquisici\u00f3n del lenguaje en la infancia y puede dejar secuelas en la edad adulta\" \/>\n<meta name=\"robots\" content=\"index, follow, max-snippet:-1, max-image-preview:large, max-video-preview:-1\" \/>\n<link rel=\"canonical\" href=\"https:\/\/www.laguiadepamplona.com\/actualidad\/la-fachada-de-la-casa-consistorial-se-ilumina-en-amarillo-este-lunes-por-la-celebracion-del-dia-internacional-del-trastorno-especifico-del-lenguaje-tel\/\" \/>\n<meta property=\"og:locale\" content=\"es_ES\" \/>\n<meta property=\"og:type\" content=\"article\" \/>\n<meta property=\"og:title\" content=\"La fachada de la Casa Consistorial se ilumina en amarillo este lunes por la celebraci\u00f3n del D\u00eda Internacional del Trastorno Espec\u00edfico del Lenguaje (TEL)\" \/>\n<meta property=\"og:description\" content=\"Este trastorno del desarrollo afecta a la adquisici\u00f3n del lenguaje en la infancia y puede dejar secuelas en la edad adulta\" \/>\n<meta property=\"og:url\" content=\"https:\/\/www.laguiadepamplona.com\/actualidad\/la-fachada-de-la-casa-consistorial-se-ilumina-en-amarillo-este-lunes-por-la-celebracion-del-dia-internacional-del-trastorno-especifico-del-lenguaje-tel\/\" \/>\n<meta property=\"og:site_name\" content=\"La Gu\u00eda de Pamplona\" \/>\n<meta property=\"article:publisher\" content=\"https:\/\/www.facebook.com\/laguiadepamplonacom-133175176762273\/?ref=hl\" \/>\n<meta property=\"article:published_time\" content=\"2024-09-30T11:05:08+00:00\" \/>\n<meta property=\"og:image\" content=\"https:\/\/www.laguiadepamplona.com\/actualidad\/wp-content\/uploads\/2021\/05\/Ayuntamiento_iluminacion_amarillo_nocturna.jpg\" \/>\n\t<meta property=\"og:image:width\" content=\"1529\" \/>\n\t<meta property=\"og:image:height\" content=\"1019\" \/>\n\t<meta property=\"og:image:type\" content=\"image\/jpeg\" \/>\n<meta name=\"author\" content=\"La Gu\u00eda de Pamplona\" \/>\n<meta name=\"twitter:card\" content=\"summary_large_image\" \/>\n<meta name=\"twitter:creator\" content=\"@LaGuiadPamplona\" \/>\n<meta name=\"twitter:site\" content=\"@LaGuiadPamplona\" \/>\n<meta name=\"twitter:label1\" content=\"Escrito por\" \/>\n\t<meta name=\"twitter:data1\" content=\"La Gu\u00eda de Pamplona\" \/>\n\t<meta name=\"twitter:label2\" content=\"Tiempo de lectura\" \/>\n\t<meta name=\"twitter:data2\" content=\"2 minutos\" \/>\n<script type=\"application\/ld+json\" class=\"yoast-schema-graph\">{\"@context\":\"https:\\\/\\\/schema.org\",\"@graph\":[{\"@type\":\"Article\",\"@id\":\"https:\\\/\\\/www.laguiadepamplona.com\\\/actualidad\\\/la-fachada-de-la-casa-consistorial-se-ilumina-en-amarillo-este-lunes-por-la-celebracion-del-dia-internacional-del-trastorno-especifico-del-lenguaje-tel\\\/#article\",\"isPartOf\":{\"@id\":\"https:\\\/\\\/www.laguiadepamplona.com\\\/actualidad\\\/la-fachada-de-la-casa-consistorial-se-ilumina-en-amarillo-este-lunes-por-la-celebracion-del-dia-internacional-del-trastorno-especifico-del-lenguaje-tel\\\/\"},\"author\":{\"name\":\"La Gu\u00eda de Pamplona\",\"@id\":\"https:\\\/\\\/www.laguiadepamplona.com\\\/actualidad\\\/#\\\/schema\\\/person\\\/efe887376f0213d4657c93adc50b1fdb\"},\"headline\":\"La fachada de la Casa Consistorial se ilumina en amarillo este lunes por la celebraci\u00f3n del D\u00eda Internacional del Trastorno Espec\u00edfico del Lenguaje (TEL)\",\"datePublished\":\"2024-09-30T11:05:08+00:00\",\"mainEntityOfPage\":{\"@id\":\"https:\\\/\\\/www.laguiadepamplona.com\\\/actualidad\\\/la-fachada-de-la-casa-consistorial-se-ilumina-en-amarillo-este-lunes-por-la-celebracion-del-dia-internacional-del-trastorno-especifico-del-lenguaje-tel\\\/\"},\"wordCount\":339,\"commentCount\":0,\"publisher\":{\"@id\":\"https:\\\/\\\/www.laguiadepamplona.com\\\/actualidad\\\/#organization\"},\"image\":{\"@id\":\"https:\\\/\\\/www.laguiadepamplona.com\\\/actualidad\\\/la-fachada-de-la-casa-consistorial-se-ilumina-en-amarillo-este-lunes-por-la-celebracion-del-dia-internacional-del-trastorno-especifico-del-lenguaje-tel\\\/#primaryimage\"},\"thumbnailUrl\":\"https:\\\/\\\/www.laguiadepamplona.com\\\/actualidad\\\/wp-content\\\/uploads\\\/2021\\\/05\\\/Ayuntamiento_iluminacion_amarillo_nocturna.jpg\",\"articleSection\":[\"Ayto Pamplona\"],\"inLanguage\":\"es\",\"potentialAction\":[{\"@type\":\"CommentAction\",\"name\":\"Comment\",\"target\":[\"https:\\\/\\\/www.laguiadepamplona.com\\\/actualidad\\\/la-fachada-de-la-casa-consistorial-se-ilumina-en-amarillo-este-lunes-por-la-celebracion-del-dia-internacional-del-trastorno-especifico-del-lenguaje-tel\\\/#respond\"]}]},{\"@type\":\"WebPage\",\"@id\":\"https:\\\/\\\/www.laguiadepamplona.com\\\/actualidad\\\/la-fachada-de-la-casa-consistorial-se-ilumina-en-amarillo-este-lunes-por-la-celebracion-del-dia-internacional-del-trastorno-especifico-del-lenguaje-tel\\\/\",\"url\":\"https:\\\/\\\/www.laguiadepamplona.com\\\/actualidad\\\/la-fachada-de-la-casa-consistorial-se-ilumina-en-amarillo-este-lunes-por-la-celebracion-del-dia-internacional-del-trastorno-especifico-del-lenguaje-tel\\\/\",\"name\":\"La fachada de la Casa Consistorial se ilumina en amarillo este lunes por la celebraci\u00f3n del D\u00eda Internacional del Trastorno Espec\u00edfico del Lenguaje (TEL)\",\"isPartOf\":{\"@id\":\"https:\\\/\\\/www.laguiadepamplona.com\\\/actualidad\\\/#website\"},\"primaryImageOfPage\":{\"@id\":\"https:\\\/\\\/www.laguiadepamplona.com\\\/actualidad\\\/la-fachada-de-la-casa-consistorial-se-ilumina-en-amarillo-este-lunes-por-la-celebracion-del-dia-internacional-del-trastorno-especifico-del-lenguaje-tel\\\/#primaryimage\"},\"image\":{\"@id\":\"https:\\\/\\\/www.laguiadepamplona.com\\\/actualidad\\\/la-fachada-de-la-casa-consistorial-se-ilumina-en-amarillo-este-lunes-por-la-celebracion-del-dia-internacional-del-trastorno-especifico-del-lenguaje-tel\\\/#primaryimage\"},\"thumbnailUrl\":\"https:\\\/\\\/www.laguiadepamplona.com\\\/actualidad\\\/wp-content\\\/uploads\\\/2021\\\/05\\\/Ayuntamiento_iluminacion_amarillo_nocturna.jpg\",\"datePublished\":\"2024-09-30T11:05:08+00:00\",\"description\":\"Este trastorno del desarrollo afecta a la adquisici\u00f3n del lenguaje en la infancia y puede dejar secuelas en la edad adulta\",\"breadcrumb\":{\"@id\":\"https:\\\/\\\/www.laguiadepamplona.com\\\/actualidad\\\/la-fachada-de-la-casa-consistorial-se-ilumina-en-amarillo-este-lunes-por-la-celebracion-del-dia-internacional-del-trastorno-especifico-del-lenguaje-tel\\\/#breadcrumb\"},\"inLanguage\":\"es\",\"potentialAction\":[{\"@type\":\"ReadAction\",\"target\":[\"https:\\\/\\\/www.laguiadepamplona.com\\\/actualidad\\\/la-fachada-de-la-casa-consistorial-se-ilumina-en-amarillo-este-lunes-por-la-celebracion-del-dia-internacional-del-trastorno-especifico-del-lenguaje-tel\\\/\"]}]},{\"@type\":\"ImageObject\",\"inLanguage\":\"es\",\"@id\":\"https:\\\/\\\/www.laguiadepamplona.com\\\/actualidad\\\/la-fachada-de-la-casa-consistorial-se-ilumina-en-amarillo-este-lunes-por-la-celebracion-del-dia-internacional-del-trastorno-especifico-del-lenguaje-tel\\\/#primaryimage\",\"url\":\"https:\\\/\\\/www.laguiadepamplona.com\\\/actualidad\\\/wp-content\\\/uploads\\\/2021\\\/05\\\/Ayuntamiento_iluminacion_amarillo_nocturna.jpg\",\"contentUrl\":\"https:\\\/\\\/www.laguiadepamplona.com\\\/actualidad\\\/wp-content\\\/uploads\\\/2021\\\/05\\\/Ayuntamiento_iluminacion_amarillo_nocturna.jpg\",\"width\":1529,\"height\":1019},{\"@type\":\"BreadcrumbList\",\"@id\":\"https:\\\/\\\/www.laguiadepamplona.com\\\/actualidad\\\/la-fachada-de-la-casa-consistorial-se-ilumina-en-amarillo-este-lunes-por-la-celebracion-del-dia-internacional-del-trastorno-especifico-del-lenguaje-tel\\\/#breadcrumb\",\"itemListElement\":[{\"@type\":\"ListItem\",\"position\":1,\"name\":\"Portada\",\"item\":\"https:\\\/\\\/www.laguiadepamplona.com\\\/actualidad\\\/\"},{\"@type\":\"ListItem\",\"position\":2,\"name\":\"La fachada de la Casa Consistorial se ilumina en amarillo este lunes por la celebraci\u00f3n del D\u00eda Internacional del Trastorno Espec\u00edfico del Lenguaje (TEL)\"}]},{\"@type\":\"WebSite\",\"@id\":\"https:\\\/\\\/www.laguiadepamplona.com\\\/actualidad\\\/#website\",\"url\":\"https:\\\/\\\/www.laguiadepamplona.com\\\/actualidad\\\/\",\"name\":\"La gu\u00eda de Pamplona\",\"description\":\"Noticias de Pamplona\",\"publisher\":{\"@id\":\"https:\\\/\\\/www.laguiadepamplona.com\\\/actualidad\\\/#organization\"},\"potentialAction\":[{\"@type\":\"SearchAction\",\"target\":{\"@type\":\"EntryPoint\",\"urlTemplate\":\"https:\\\/\\\/www.laguiadepamplona.com\\\/actualidad\\\/?s={search_term_string}\"},\"query-input\":{\"@type\":\"PropertyValueSpecification\",\"valueRequired\":true,\"valueName\":\"search_term_string\"}}],\"inLanguage\":\"es\"},{\"@type\":\"Organization\",\"@id\":\"https:\\\/\\\/www.laguiadepamplona.com\\\/actualidad\\\/#organization\",\"name\":\"La Gu\u00eda de Pamplona \\\/ Noticias\",\"url\":\"https:\\\/\\\/www.laguiadepamplona.com\\\/actualidad\\\/\",\"logo\":{\"@type\":\"ImageObject\",\"inLanguage\":\"es\",\"@id\":\"https:\\\/\\\/www.laguiadepamplona.com\\\/actualidad\\\/#\\\/schema\\\/logo\\\/image\\\/\",\"url\":\"https:\\\/\\\/www.laguiadepamplona.com\\\/actualidad\\\/wp-content\\\/uploads\\\/2018\\\/11\\\/logo-laguiadepamplona18-web1.png\",\"contentUrl\":\"https:\\\/\\\/www.laguiadepamplona.com\\\/actualidad\\\/wp-content\\\/uploads\\\/2018\\\/11\\\/logo-laguiadepamplona18-web1.png\",\"width\":600,\"height\":196,\"caption\":\"La Gu\u00eda de Pamplona \\\/ Noticias\"},\"image\":{\"@id\":\"https:\\\/\\\/www.laguiadepamplona.com\\\/actualidad\\\/#\\\/schema\\\/logo\\\/image\\\/\"},\"sameAs\":[\"https:\\\/\\\/www.facebook.com\\\/laguiadepamplonacom-133175176762273\\\/?ref=hl\",\"https:\\\/\\\/x.com\\\/LaGuiadPamplona\",\"https:\\\/\\\/www.instagram.com\\\/la_guia_de_pamplona\\\/\",\"https:\\\/\\\/www.youtube.com\\\/user\\\/laguiadepamplona\"]},{\"@type\":\"Person\",\"@id\":\"https:\\\/\\\/www.laguiadepamplona.com\\\/actualidad\\\/#\\\/schema\\\/person\\\/efe887376f0213d4657c93adc50b1fdb\",\"name\":\"La Gu\u00eda de Pamplona\",\"image\":{\"@type\":\"ImageObject\",\"inLanguage\":\"es\",\"@id\":\"https:\\\/\\\/secure.gravatar.com\\\/avatar\\\/b6992f131dc8d30ab0dff15446e9d346d9dbd95992de0fef795073f5ea83a81c?s=96&d=mm&r=g\",\"url\":\"https:\\\/\\\/secure.gravatar.com\\\/avatar\\\/b6992f131dc8d30ab0dff15446e9d346d9dbd95992de0fef795073f5ea83a81c?s=96&d=mm&r=g\",\"contentUrl\":\"https:\\\/\\\/secure.gravatar.com\\\/avatar\\\/b6992f131dc8d30ab0dff15446e9d346d9dbd95992de0fef795073f5ea83a81c?s=96&d=mm&r=g\",\"caption\":\"La Gu\u00eda de Pamplona\"}}]}<\/script>\n<!-- \/ Yoast SEO plugin. -->","yoast_head_json":{"title":"La fachada de la Casa Consistorial se ilumina en amarillo este lunes por la celebraci\u00f3n del D\u00eda Internacional del Trastorno Espec\u00edfico del Lenguaje (TEL)","description":"Este trastorno del desarrollo afecta a la adquisici\u00f3n del lenguaje en la infancia y puede dejar secuelas en la edad adulta","robots":{"index":"index","follow":"follow","max-snippet":"max-snippet:-1","max-image-preview":"max-image-preview:large","max-video-preview":"max-video-preview:-1"},"canonical":"https:\/\/www.laguiadepamplona.com\/actualidad\/la-fachada-de-la-casa-consistorial-se-ilumina-en-amarillo-este-lunes-por-la-celebracion-del-dia-internacional-del-trastorno-especifico-del-lenguaje-tel\/","og_locale":"es_ES","og_type":"article","og_title":"La fachada de la Casa Consistorial se ilumina en amarillo este lunes por la celebraci\u00f3n del D\u00eda Internacional del Trastorno Espec\u00edfico del Lenguaje (TEL)","og_description":"Este trastorno del desarrollo afecta a la adquisici\u00f3n del lenguaje en la infancia y puede dejar secuelas en la edad adulta","og_url":"https:\/\/www.laguiadepamplona.com\/actualidad\/la-fachada-de-la-casa-consistorial-se-ilumina-en-amarillo-este-lunes-por-la-celebracion-del-dia-internacional-del-trastorno-especifico-del-lenguaje-tel\/","og_site_name":"La Gu\u00eda de Pamplona","article_publisher":"https:\/\/www.facebook.com\/laguiadepamplonacom-133175176762273\/?ref=hl","article_published_time":"2024-09-30T11:05:08+00:00","og_image":[{"width":1529,"height":1019,"url":"https:\/\/www.laguiadepamplona.com\/actualidad\/wp-content\/uploads\/2021\/05\/Ayuntamiento_iluminacion_amarillo_nocturna.jpg","type":"image\/jpeg"}],"author":"La Gu\u00eda de Pamplona","twitter_card":"summary_large_image","twitter_creator":"@LaGuiadPamplona","twitter_site":"@LaGuiadPamplona","twitter_misc":{"Escrito por":"La Gu\u00eda de Pamplona","Tiempo de lectura":"2 minutos"},"schema":{"@context":"https:\/\/schema.org","@graph":[{"@type":"Article","@id":"https:\/\/www.laguiadepamplona.com\/actualidad\/la-fachada-de-la-casa-consistorial-se-ilumina-en-amarillo-este-lunes-por-la-celebracion-del-dia-internacional-del-trastorno-especifico-del-lenguaje-tel\/#article","isPartOf":{"@id":"https:\/\/www.laguiadepamplona.com\/actualidad\/la-fachada-de-la-casa-consistorial-se-ilumina-en-amarillo-este-lunes-por-la-celebracion-del-dia-internacional-del-trastorno-especifico-del-lenguaje-tel\/"},"author":{"name":"La Gu\u00eda de Pamplona","@id":"https:\/\/www.laguiadepamplona.com\/actualidad\/#\/schema\/person\/efe887376f0213d4657c93adc50b1fdb"},"headline":"La fachada de la Casa Consistorial se ilumina en amarillo este lunes por la celebraci\u00f3n del D\u00eda Internacional del Trastorno Espec\u00edfico del Lenguaje (TEL)","datePublished":"2024-09-30T11:05:08+00:00","mainEntityOfPage":{"@id":"https:\/\/www.laguiadepamplona.com\/actualidad\/la-fachada-de-la-casa-consistorial-se-ilumina-en-amarillo-este-lunes-por-la-celebracion-del-dia-internacional-del-trastorno-especifico-del-lenguaje-tel\/"},"wordCount":339,"commentCount":0,"publisher":{"@id":"https:\/\/www.laguiadepamplona.com\/actualidad\/#organization"},"image":{"@id":"https:\/\/www.laguiadepamplona.com\/actualidad\/la-fachada-de-la-casa-consistorial-se-ilumina-en-amarillo-este-lunes-por-la-celebracion-del-dia-internacional-del-trastorno-especifico-del-lenguaje-tel\/#primaryimage"},"thumbnailUrl":"https:\/\/www.laguiadepamplona.com\/actualidad\/wp-content\/uploads\/2021\/05\/Ayuntamiento_iluminacion_amarillo_nocturna.jpg","articleSection":["Ayto Pamplona"],"inLanguage":"es","potentialAction":[{"@type":"CommentAction","name":"Comment","target":["https:\/\/www.laguiadepamplona.com\/actualidad\/la-fachada-de-la-casa-consistorial-se-ilumina-en-amarillo-este-lunes-por-la-celebracion-del-dia-internacional-del-trastorno-especifico-del-lenguaje-tel\/#respond"]}]},{"@type":"WebPage","@id":"https:\/\/www.laguiadepamplona.com\/actualidad\/la-fachada-de-la-casa-consistorial-se-ilumina-en-amarillo-este-lunes-por-la-celebracion-del-dia-internacional-del-trastorno-especifico-del-lenguaje-tel\/","url":"https:\/\/www.laguiadepamplona.com\/actualidad\/la-fachada-de-la-casa-consistorial-se-ilumina-en-amarillo-este-lunes-por-la-celebracion-del-dia-internacional-del-trastorno-especifico-del-lenguaje-tel\/","name":"La fachada de la Casa Consistorial se ilumina en amarillo este lunes por la celebraci\u00f3n del D\u00eda Internacional del Trastorno Espec\u00edfico del Lenguaje (TEL)","isPartOf":{"@id":"https:\/\/www.laguiadepamplona.com\/actualidad\/#website"},"primaryImageOfPage":{"@id":"https:\/\/www.laguiadepamplona.com\/actualidad\/la-fachada-de-la-casa-consistorial-se-ilumina-en-amarillo-este-lunes-por-la-celebracion-del-dia-internacional-del-trastorno-especifico-del-lenguaje-tel\/#primaryimage"},"image":{"@id":"https:\/\/www.laguiadepamplona.com\/actualidad\/la-fachada-de-la-casa-consistorial-se-ilumina-en-amarillo-este-lunes-por-la-celebracion-del-dia-internacional-del-trastorno-especifico-del-lenguaje-tel\/#primaryimage"},"thumbnailUrl":"https:\/\/www.laguiadepamplona.com\/actualidad\/wp-content\/uploads\/2021\/05\/Ayuntamiento_iluminacion_amarillo_nocturna.jpg","datePublished":"2024-09-30T11:05:08+00:00","description":"Este trastorno del desarrollo afecta a la adquisici\u00f3n del lenguaje en la infancia y puede dejar secuelas en la edad adulta","breadcrumb":{"@id":"https:\/\/www.laguiadepamplona.com\/actualidad\/la-fachada-de-la-casa-consistorial-se-ilumina-en-amarillo-este-lunes-por-la-celebracion-del-dia-internacional-del-trastorno-especifico-del-lenguaje-tel\/#breadcrumb"},"inLanguage":"es","potentialAction":[{"@type":"ReadAction","target":["https:\/\/www.laguiadepamplona.com\/actualidad\/la-fachada-de-la-casa-consistorial-se-ilumina-en-amarillo-este-lunes-por-la-celebracion-del-dia-internacional-del-trastorno-especifico-del-lenguaje-tel\/"]}]},{"@type":"ImageObject","inLanguage":"es","@id":"https:\/\/www.laguiadepamplona.com\/actualidad\/la-fachada-de-la-casa-consistorial-se-ilumina-en-amarillo-este-lunes-por-la-celebracion-del-dia-internacional-del-trastorno-especifico-del-lenguaje-tel\/#primaryimage","url":"https:\/\/www.laguiadepamplona.com\/actualidad\/wp-content\/uploads\/2021\/05\/Ayuntamiento_iluminacion_amarillo_nocturna.jpg","contentUrl":"https:\/\/www.laguiadepamplona.com\/actualidad\/wp-content\/uploads\/2021\/05\/Ayuntamiento_iluminacion_amarillo_nocturna.jpg","width":1529,"height":1019},{"@type":"BreadcrumbList","@id":"https:\/\/www.laguiadepamplona.com\/actualidad\/la-fachada-de-la-casa-consistorial-se-ilumina-en-amarillo-este-lunes-por-la-celebracion-del-dia-internacional-del-trastorno-especifico-del-lenguaje-tel\/#breadcrumb","itemListElement":[{"@type":"ListItem","position":1,"name":"Portada","item":"https:\/\/www.laguiadepamplona.com\/actualidad\/"},{"@type":"ListItem","position":2,"name":"La fachada de la Casa Consistorial se ilumina en amarillo este lunes por la celebraci\u00f3n del D\u00eda Internacional del Trastorno Espec\u00edfico del Lenguaje (TEL)"}]},{"@type":"WebSite","@id":"https:\/\/www.laguiadepamplona.com\/actualidad\/#website","url":"https:\/\/www.laguiadepamplona.com\/actualidad\/","name":"La gu\u00eda de Pamplona","description":"Noticias de Pamplona","publisher":{"@id":"https:\/\/www.laguiadepamplona.com\/actualidad\/#organization"},"potentialAction":[{"@type":"SearchAction","target":{"@type":"EntryPoint","urlTemplate":"https:\/\/www.laguiadepamplona.com\/actualidad\/?s={search_term_string}"},"query-input":{"@type":"PropertyValueSpecification","valueRequired":true,"valueName":"search_term_string"}}],"inLanguage":"es"},{"@type":"Organization","@id":"https:\/\/www.laguiadepamplona.com\/actualidad\/#organization","name":"La Gu\u00eda de Pamplona \/ Noticias","url":"https:\/\/www.laguiadepamplona.com\/actualidad\/","logo":{"@type":"ImageObject","inLanguage":"es","@id":"https:\/\/www.laguiadepamplona.com\/actualidad\/#\/schema\/logo\/image\/","url":"https:\/\/www.laguiadepamplona.com\/actualidad\/wp-content\/uploads\/2018\/11\/logo-laguiadepamplona18-web1.png","contentUrl":"https:\/\/www.laguiadepamplona.com\/actualidad\/wp-content\/uploads\/2018\/11\/logo-laguiadepamplona18-web1.png","width":600,"height":196,"caption":"La Gu\u00eda de Pamplona \/ Noticias"},"image":{"@id":"https:\/\/www.laguiadepamplona.com\/actualidad\/#\/schema\/logo\/image\/"},"sameAs":["https:\/\/www.facebook.com\/laguiadepamplonacom-133175176762273\/?ref=hl","https:\/\/x.com\/LaGuiadPamplona","https:\/\/www.instagram.com\/la_guia_de_pamplona\/","https:\/\/www.youtube.com\/user\/laguiadepamplona"]},{"@type":"Person","@id":"https:\/\/www.laguiadepamplona.com\/actualidad\/#\/schema\/person\/efe887376f0213d4657c93adc50b1fdb","name":"La Gu\u00eda de Pamplona","image":{"@type":"ImageObject","inLanguage":"es","@id":"https:\/\/secure.gravatar.com\/avatar\/b6992f131dc8d30ab0dff15446e9d346d9dbd95992de0fef795073f5ea83a81c?s=96&d=mm&r=g","url":"https:\/\/secure.gravatar.com\/avatar\/b6992f131dc8d30ab0dff15446e9d346d9dbd95992de0fef795073f5ea83a81c?s=96&d=mm&r=g","contentUrl":"https:\/\/secure.gravatar.com\/avatar\/b6992f131dc8d30ab0dff15446e9d346d9dbd95992de0fef795073f5ea83a81c?s=96&d=mm&r=g","caption":"La Gu\u00eda de Pamplona"}}]}},"post_mailing_queue_ids":[],"_links":{"self":[{"href":"https:\/\/www.laguiadepamplona.com\/actualidad\/wp-json\/wp\/v2\/posts\/50865","targetHints":{"allow":["GET"]}}],"collection":[{"href":"https:\/\/www.laguiadepamplona.com\/actualidad\/wp-json\/wp\/v2\/posts"}],"about":[{"href":"https:\/\/www.laguiadepamplona.com\/actualidad\/wp-json\/wp\/v2\/types\/post"}],"author":[{"embeddable":true,"href":"https:\/\/www.laguiadepamplona.com\/actualidad\/wp-json\/wp\/v2\/users\/1"}],"replies":[{"embeddable":true,"href":"https:\/\/www.laguiadepamplona.com\/actualidad\/wp-json\/wp\/v2\/comments?post=50865"}],"version-history":[{"count":1,"href":"https:\/\/www.laguiadepamplona.com\/actualidad\/wp-json\/wp\/v2\/posts\/50865\/revisions"}],"predecessor-version":[{"id":50866,"href":"https:\/\/www.laguiadepamplona.com\/actualidad\/wp-json\/wp\/v2\/posts\/50865\/revisions\/50866"}],"wp:featuredmedia":[{"embeddable":true,"href":"https:\/\/www.laguiadepamplona.com\/actualidad\/wp-json\/wp\/v2\/media\/34649"}],"wp:attachment":[{"href":"https:\/\/www.laguiadepamplona.com\/actualidad\/wp-json\/wp\/v2\/media?parent=50865"}],"wp:term":[{"taxonomy":"category","embeddable":true,"href":"https:\/\/www.laguiadepamplona.com\/actualidad\/wp-json\/wp\/v2\/categories?post=50865"},{"taxonomy":"post_tag","embeddable":true,"href":"https:\/\/www.laguiadepamplona.com\/actualidad\/wp-json\/wp\/v2\/tags?post=50865"}],"curies":[{"name":"wp","href":"https:\/\/api.w.org\/{rel}","templated":true}]}}