{"id":50862,"date":"2024-09-30T13:04:19","date_gmt":"2024-09-30T11:04:19","guid":{"rendered":"https:\/\/www.laguiadepamplona.com\/actualidad\/?p=50862"},"modified":"2024-09-30T13:04:19","modified_gmt":"2024-09-30T11:04:19","slug":"el-programa-de-mediacion-artistica-taldeka-dirigido-a-jovenes-de-15-a-21-anos-amplia-su-plazo-de-inscripcion-hasta-el-14-de-octubre","status":"publish","type":"post","link":"https:\/\/www.laguiadepamplona.com\/actualidad\/el-programa-de-mediacion-artistica-taldeka-dirigido-a-jovenes-de-15-a-21-anos-amplia-su-plazo-de-inscripcion-hasta-el-14-de-octubre\/","title":{"rendered":"El programa de mediaci\u00f3n art\u00edstica Taldeka, dirigido a j\u00f3venes de 15 a 21 a\u00f1os, ampl\u00eda su plazo de inscripci\u00f3n hasta el 14 de octubre"},"content":{"rendered":"<h2>Esta actividad plantea formas de acercarse a la cultura y el arte actuales en el territorio a trav\u00e9s de 13 sesiones durante el curso 2024\/2024<\/h2>\n<p><!--more--><\/p>\n<p>El Ayuntamiento de Pamplona ha ampliado el plazo de inscripci\u00f3n de la primera edici\u00f3n del programa de mediaci\u00f3n art\u00edstica Taldeka, dirigido a j\u00f3venes de 15 a 21 a\u00f1os. Este espacio de encuentro y exploraci\u00f3n cultural impulsa la participaci\u00f3n de j\u00f3venes en el ecosistema cultural contempor\u00e1neo del territorio para promover un acercamiento cr\u00edtico y creativo a la cultura contempor\u00e1nea.<\/p>\n<p>Para participar en este programa gratuito, que se desarrollar\u00e1 entre el 10 de octubre y el 15 de junio, en\u00a0jueves alternos cada tres semanas, se debe completar un formulario habilitado en la web\u00a0<a href=\"https:\/\/www.pamplonaescultura.es\/programas\/taldeka-2024-2025\/www.pamplonaescultura.es\" target=\"_blank\" rel=\"noopener\">www.pamplonaescultura.es<\/a>. El plazo se ha ampliado hasta el lunes 14 de octubre. El programa lo coordinan Oihane Mcguinness y Karmele Oteros, quienes facilitar\u00e1n el intercambio entre los grupos de j\u00f3venes.<\/p>\n<p>El programa plantea dos grupos diferentes, de 10 a 15 personas, divididos por edades: de 15 a 17 a\u00f1os, y de 18 a 21 a\u00f1os. Estos grupos participar\u00e1n en encuentros, talleres, visitas y actividades de mediaci\u00f3n, para generar espacios de di\u00e1logo y creaci\u00f3n colectiva. Tambi\u00e9n podr\u00e1n proponer activaciones culturales. El horario previsto para un total de 13 sesiones es de 17:30 a 20:30, en la Sala de Armas de la Ciudadela como espacio principal.<\/p>\n<p>Los encuentros invitar\u00e1n a reflexionar sobre c\u00f3mo se percibe y entiende la cultura del entorno para resolver preguntas como \u00ab\u00bfVemos, observamos o miramos?\u00bb y \u00ab\u00bfEntendemos o atendemos?\u00bb. Se presentan como una oportunidad para que las personas m\u00e1s j\u00f3venes de la ciudad no solo descubran y experimenten la cultura, sino que tambi\u00e9n la redefinan y hagan suya, contribuyendo activamente al panorama cultural contempor\u00e1neo del territorio<\/p>\n<p>Para m\u00e1s informaci\u00f3n sobre el programa se puede consultar la web <a href=\"https:\/\/www.pamplonaescultura.es\/programas\/taldeka-2024-2025\/www.pamplonaescultura.es\" target=\"_blank\" rel=\"noopener\">www.pamplonaescultura.es<\/a> o escribir al correo electr\u00f3nico <a href=\"mailto:taldeka.programa@gmail.com\">taldeka.programa@gmail.com<\/a><\/p>\n<p>&nbsp;<\/p>\n<h3>Taldeka 2024\/2025<\/h3>\n<ul>\n<li>Programa de mediaci\u00f3n art\u00edstica\n<ul>\n<li>Inscripciones: hasta el 14 de octubre en la web\u00a0<a href=\"https:\/\/www.pamplonaescultura.es\/programas\/taldeka-2024-2025\/www.pamplonaescultura.es\" target=\"_blank\" rel=\"noopener\">pamplonaescultura.es<\/a><\/li>\n<li>M\u00e1s informaci\u00f3n en la web <a href=\"https:\/\/www.pamplonaescultura.es\/programas\/taldeka-2024-2025\/www.pamplonaescultura.es\" target=\"_blank\" rel=\"noopener\">pamplonaescultura.es<\/a> y el correo electr\u00f3nico <a href=\"mailto:taldeka.programa@gmail.com\">taldeka.programa@gmail.com<\/a><\/li>\n<\/ul>\n<\/li>\n<\/ul>\n","protected":false},"excerpt":{"rendered":"<p>Esta actividad plantea formas de acercarse a la cultura y el arte actuales en el territorio a trav\u00e9s de 13 sesiones durante el curso 2024\/2024<\/p>\n","protected":false},"author":1,"featured_media":50863,"comment_status":"open","ping_status":"closed","sticky":false,"template":"","format":"standard","meta":{"footnotes":""},"categories":[2],"tags":[],"class_list":["post-50862","post","type-post","status-publish","format-standard","has-post-thumbnail","hentry","category-ayuntamiento-pamplona"],"yoast_head":"<!-- This site is optimized with the Yoast SEO plugin v27.3 - https:\/\/yoast.com\/product\/yoast-seo-wordpress\/ -->\n<title>El programa de mediaci\u00f3n art\u00edstica Taldeka, dirigido a j\u00f3venes de 15 a 21 a\u00f1os, ampl\u00eda su plazo de inscripci\u00f3n hasta el 14 de octubre<\/title>\n<meta name=\"description\" content=\"Esta actividad plantea formas de acercarse a la cultura y el arte actuales en el territorio a trav\u00e9s de 13 sesiones durante el curso 2024\/2024\" \/>\n<meta name=\"robots\" content=\"index, follow, max-snippet:-1, max-image-preview:large, max-video-preview:-1\" \/>\n<link rel=\"canonical\" href=\"https:\/\/www.laguiadepamplona.com\/actualidad\/el-programa-de-mediacion-artistica-taldeka-dirigido-a-jovenes-de-15-a-21-anos-amplia-su-plazo-de-inscripcion-hasta-el-14-de-octubre\/\" \/>\n<meta property=\"og:locale\" content=\"es_ES\" \/>\n<meta property=\"og:type\" content=\"article\" \/>\n<meta property=\"og:title\" content=\"El programa de mediaci\u00f3n art\u00edstica Taldeka, dirigido a j\u00f3venes de 15 a 21 a\u00f1os, ampl\u00eda su plazo de inscripci\u00f3n hasta el 14 de octubre\" \/>\n<meta property=\"og:description\" content=\"Esta actividad plantea formas de acercarse a la cultura y el arte actuales en el territorio a trav\u00e9s de 13 sesiones durante el curso 2024\/2024\" \/>\n<meta property=\"og:url\" content=\"https:\/\/www.laguiadepamplona.com\/actualidad\/el-programa-de-mediacion-artistica-taldeka-dirigido-a-jovenes-de-15-a-21-anos-amplia-su-plazo-de-inscripcion-hasta-el-14-de-octubre\/\" \/>\n<meta property=\"og:site_name\" content=\"La Gu\u00eda de Pamplona\" \/>\n<meta property=\"article:publisher\" content=\"https:\/\/www.facebook.com\/laguiadepamplonacom-133175176762273\/?ref=hl\" \/>\n<meta property=\"article:published_time\" content=\"2024-09-30T11:04:19+00:00\" \/>\n<meta property=\"og:image\" content=\"https:\/\/www.laguiadepamplona.com\/actualidad\/wp-content\/uploads\/2024\/09\/taldeka_web_0.webp\" \/>\n\t<meta property=\"og:image:width\" content=\"720\" \/>\n\t<meta property=\"og:image:height\" content=\"480\" \/>\n\t<meta property=\"og:image:type\" content=\"image\/webp\" \/>\n<meta name=\"author\" content=\"La Gu\u00eda de Pamplona\" \/>\n<meta name=\"twitter:card\" content=\"summary_large_image\" \/>\n<meta name=\"twitter:creator\" content=\"@LaGuiadPamplona\" \/>\n<meta name=\"twitter:site\" content=\"@LaGuiadPamplona\" \/>\n<meta name=\"twitter:label1\" content=\"Escrito por\" \/>\n\t<meta name=\"twitter:data1\" content=\"La Gu\u00eda de Pamplona\" \/>\n\t<meta name=\"twitter:label2\" content=\"Tiempo de lectura\" \/>\n\t<meta name=\"twitter:data2\" content=\"2 minutos\" \/>\n<script type=\"application\/ld+json\" class=\"yoast-schema-graph\">{\"@context\":\"https:\\\/\\\/schema.org\",\"@graph\":[{\"@type\":\"Article\",\"@id\":\"https:\\\/\\\/www.laguiadepamplona.com\\\/actualidad\\\/el-programa-de-mediacion-artistica-taldeka-dirigido-a-jovenes-de-15-a-21-anos-amplia-su-plazo-de-inscripcion-hasta-el-14-de-octubre\\\/#article\",\"isPartOf\":{\"@id\":\"https:\\\/\\\/www.laguiadepamplona.com\\\/actualidad\\\/el-programa-de-mediacion-artistica-taldeka-dirigido-a-jovenes-de-15-a-21-anos-amplia-su-plazo-de-inscripcion-hasta-el-14-de-octubre\\\/\"},\"author\":{\"name\":\"La Gu\u00eda de Pamplona\",\"@id\":\"https:\\\/\\\/www.laguiadepamplona.com\\\/actualidad\\\/#\\\/schema\\\/person\\\/efe887376f0213d4657c93adc50b1fdb\"},\"headline\":\"El programa de mediaci\u00f3n art\u00edstica Taldeka, dirigido a j\u00f3venes de 15 a 21 a\u00f1os, ampl\u00eda su plazo de inscripci\u00f3n hasta el 14 de octubre\",\"datePublished\":\"2024-09-30T11:04:19+00:00\",\"mainEntityOfPage\":{\"@id\":\"https:\\\/\\\/www.laguiadepamplona.com\\\/actualidad\\\/el-programa-de-mediacion-artistica-taldeka-dirigido-a-jovenes-de-15-a-21-anos-amplia-su-plazo-de-inscripcion-hasta-el-14-de-octubre\\\/\"},\"wordCount\":389,\"commentCount\":0,\"publisher\":{\"@id\":\"https:\\\/\\\/www.laguiadepamplona.com\\\/actualidad\\\/#organization\"},\"image\":{\"@id\":\"https:\\\/\\\/www.laguiadepamplona.com\\\/actualidad\\\/el-programa-de-mediacion-artistica-taldeka-dirigido-a-jovenes-de-15-a-21-anos-amplia-su-plazo-de-inscripcion-hasta-el-14-de-octubre\\\/#primaryimage\"},\"thumbnailUrl\":\"https:\\\/\\\/www.laguiadepamplona.com\\\/actualidad\\\/wp-content\\\/uploads\\\/2024\\\/09\\\/taldeka_web_0.webp\",\"articleSection\":[\"Ayto Pamplona\"],\"inLanguage\":\"es\",\"potentialAction\":[{\"@type\":\"CommentAction\",\"name\":\"Comment\",\"target\":[\"https:\\\/\\\/www.laguiadepamplona.com\\\/actualidad\\\/el-programa-de-mediacion-artistica-taldeka-dirigido-a-jovenes-de-15-a-21-anos-amplia-su-plazo-de-inscripcion-hasta-el-14-de-octubre\\\/#respond\"]}]},{\"@type\":\"WebPage\",\"@id\":\"https:\\\/\\\/www.laguiadepamplona.com\\\/actualidad\\\/el-programa-de-mediacion-artistica-taldeka-dirigido-a-jovenes-de-15-a-21-anos-amplia-su-plazo-de-inscripcion-hasta-el-14-de-octubre\\\/\",\"url\":\"https:\\\/\\\/www.laguiadepamplona.com\\\/actualidad\\\/el-programa-de-mediacion-artistica-taldeka-dirigido-a-jovenes-de-15-a-21-anos-amplia-su-plazo-de-inscripcion-hasta-el-14-de-octubre\\\/\",\"name\":\"El programa de mediaci\u00f3n art\u00edstica Taldeka, dirigido a j\u00f3venes de 15 a 21 a\u00f1os, ampl\u00eda su plazo de inscripci\u00f3n hasta el 14 de octubre\",\"isPartOf\":{\"@id\":\"https:\\\/\\\/www.laguiadepamplona.com\\\/actualidad\\\/#website\"},\"primaryImageOfPage\":{\"@id\":\"https:\\\/\\\/www.laguiadepamplona.com\\\/actualidad\\\/el-programa-de-mediacion-artistica-taldeka-dirigido-a-jovenes-de-15-a-21-anos-amplia-su-plazo-de-inscripcion-hasta-el-14-de-octubre\\\/#primaryimage\"},\"image\":{\"@id\":\"https:\\\/\\\/www.laguiadepamplona.com\\\/actualidad\\\/el-programa-de-mediacion-artistica-taldeka-dirigido-a-jovenes-de-15-a-21-anos-amplia-su-plazo-de-inscripcion-hasta-el-14-de-octubre\\\/#primaryimage\"},\"thumbnailUrl\":\"https:\\\/\\\/www.laguiadepamplona.com\\\/actualidad\\\/wp-content\\\/uploads\\\/2024\\\/09\\\/taldeka_web_0.webp\",\"datePublished\":\"2024-09-30T11:04:19+00:00\",\"description\":\"Esta actividad plantea formas de acercarse a la cultura y el arte actuales en el territorio a trav\u00e9s de 13 sesiones durante el curso 2024\\\/2024\",\"breadcrumb\":{\"@id\":\"https:\\\/\\\/www.laguiadepamplona.com\\\/actualidad\\\/el-programa-de-mediacion-artistica-taldeka-dirigido-a-jovenes-de-15-a-21-anos-amplia-su-plazo-de-inscripcion-hasta-el-14-de-octubre\\\/#breadcrumb\"},\"inLanguage\":\"es\",\"potentialAction\":[{\"@type\":\"ReadAction\",\"target\":[\"https:\\\/\\\/www.laguiadepamplona.com\\\/actualidad\\\/el-programa-de-mediacion-artistica-taldeka-dirigido-a-jovenes-de-15-a-21-anos-amplia-su-plazo-de-inscripcion-hasta-el-14-de-octubre\\\/\"]}]},{\"@type\":\"ImageObject\",\"inLanguage\":\"es\",\"@id\":\"https:\\\/\\\/www.laguiadepamplona.com\\\/actualidad\\\/el-programa-de-mediacion-artistica-taldeka-dirigido-a-jovenes-de-15-a-21-anos-amplia-su-plazo-de-inscripcion-hasta-el-14-de-octubre\\\/#primaryimage\",\"url\":\"https:\\\/\\\/www.laguiadepamplona.com\\\/actualidad\\\/wp-content\\\/uploads\\\/2024\\\/09\\\/taldeka_web_0.webp\",\"contentUrl\":\"https:\\\/\\\/www.laguiadepamplona.com\\\/actualidad\\\/wp-content\\\/uploads\\\/2024\\\/09\\\/taldeka_web_0.webp\",\"width\":720,\"height\":480,\"caption\":\"taldeka\"},{\"@type\":\"BreadcrumbList\",\"@id\":\"https:\\\/\\\/www.laguiadepamplona.com\\\/actualidad\\\/el-programa-de-mediacion-artistica-taldeka-dirigido-a-jovenes-de-15-a-21-anos-amplia-su-plazo-de-inscripcion-hasta-el-14-de-octubre\\\/#breadcrumb\",\"itemListElement\":[{\"@type\":\"ListItem\",\"position\":1,\"name\":\"Portada\",\"item\":\"https:\\\/\\\/www.laguiadepamplona.com\\\/actualidad\\\/\"},{\"@type\":\"ListItem\",\"position\":2,\"name\":\"El programa de mediaci\u00f3n art\u00edstica Taldeka, dirigido a j\u00f3venes de 15 a 21 a\u00f1os, ampl\u00eda su plazo de inscripci\u00f3n hasta el 14 de octubre\"}]},{\"@type\":\"WebSite\",\"@id\":\"https:\\\/\\\/www.laguiadepamplona.com\\\/actualidad\\\/#website\",\"url\":\"https:\\\/\\\/www.laguiadepamplona.com\\\/actualidad\\\/\",\"name\":\"La gu\u00eda de Pamplona\",\"description\":\"Noticias de Pamplona\",\"publisher\":{\"@id\":\"https:\\\/\\\/www.laguiadepamplona.com\\\/actualidad\\\/#organization\"},\"potentialAction\":[{\"@type\":\"SearchAction\",\"target\":{\"@type\":\"EntryPoint\",\"urlTemplate\":\"https:\\\/\\\/www.laguiadepamplona.com\\\/actualidad\\\/?s={search_term_string}\"},\"query-input\":{\"@type\":\"PropertyValueSpecification\",\"valueRequired\":true,\"valueName\":\"search_term_string\"}}],\"inLanguage\":\"es\"},{\"@type\":\"Organization\",\"@id\":\"https:\\\/\\\/www.laguiadepamplona.com\\\/actualidad\\\/#organization\",\"name\":\"La Gu\u00eda de Pamplona \\\/ Noticias\",\"url\":\"https:\\\/\\\/www.laguiadepamplona.com\\\/actualidad\\\/\",\"logo\":{\"@type\":\"ImageObject\",\"inLanguage\":\"es\",\"@id\":\"https:\\\/\\\/www.laguiadepamplona.com\\\/actualidad\\\/#\\\/schema\\\/logo\\\/image\\\/\",\"url\":\"https:\\\/\\\/www.laguiadepamplona.com\\\/actualidad\\\/wp-content\\\/uploads\\\/2018\\\/11\\\/logo-laguiadepamplona18-web1.png\",\"contentUrl\":\"https:\\\/\\\/www.laguiadepamplona.com\\\/actualidad\\\/wp-content\\\/uploads\\\/2018\\\/11\\\/logo-laguiadepamplona18-web1.png\",\"width\":600,\"height\":196,\"caption\":\"La Gu\u00eda de Pamplona \\\/ Noticias\"},\"image\":{\"@id\":\"https:\\\/\\\/www.laguiadepamplona.com\\\/actualidad\\\/#\\\/schema\\\/logo\\\/image\\\/\"},\"sameAs\":[\"https:\\\/\\\/www.facebook.com\\\/laguiadepamplonacom-133175176762273\\\/?ref=hl\",\"https:\\\/\\\/x.com\\\/LaGuiadPamplona\",\"https:\\\/\\\/www.instagram.com\\\/la_guia_de_pamplona\\\/\",\"https:\\\/\\\/www.youtube.com\\\/user\\\/laguiadepamplona\"]},{\"@type\":\"Person\",\"@id\":\"https:\\\/\\\/www.laguiadepamplona.com\\\/actualidad\\\/#\\\/schema\\\/person\\\/efe887376f0213d4657c93adc50b1fdb\",\"name\":\"La Gu\u00eda de Pamplona\",\"image\":{\"@type\":\"ImageObject\",\"inLanguage\":\"es\",\"@id\":\"https:\\\/\\\/secure.gravatar.com\\\/avatar\\\/b6992f131dc8d30ab0dff15446e9d346d9dbd95992de0fef795073f5ea83a81c?s=96&d=mm&r=g\",\"url\":\"https:\\\/\\\/secure.gravatar.com\\\/avatar\\\/b6992f131dc8d30ab0dff15446e9d346d9dbd95992de0fef795073f5ea83a81c?s=96&d=mm&r=g\",\"contentUrl\":\"https:\\\/\\\/secure.gravatar.com\\\/avatar\\\/b6992f131dc8d30ab0dff15446e9d346d9dbd95992de0fef795073f5ea83a81c?s=96&d=mm&r=g\",\"caption\":\"La Gu\u00eda de Pamplona\"}}]}<\/script>\n<!-- \/ Yoast SEO plugin. -->","yoast_head_json":{"title":"El programa de mediaci\u00f3n art\u00edstica Taldeka, dirigido a j\u00f3venes de 15 a 21 a\u00f1os, ampl\u00eda su plazo de inscripci\u00f3n hasta el 14 de octubre","description":"Esta actividad plantea formas de acercarse a la cultura y el arte actuales en el territorio a trav\u00e9s de 13 sesiones durante el curso 2024\/2024","robots":{"index":"index","follow":"follow","max-snippet":"max-snippet:-1","max-image-preview":"max-image-preview:large","max-video-preview":"max-video-preview:-1"},"canonical":"https:\/\/www.laguiadepamplona.com\/actualidad\/el-programa-de-mediacion-artistica-taldeka-dirigido-a-jovenes-de-15-a-21-anos-amplia-su-plazo-de-inscripcion-hasta-el-14-de-octubre\/","og_locale":"es_ES","og_type":"article","og_title":"El programa de mediaci\u00f3n art\u00edstica Taldeka, dirigido a j\u00f3venes de 15 a 21 a\u00f1os, ampl\u00eda su plazo de inscripci\u00f3n hasta el 14 de octubre","og_description":"Esta actividad plantea formas de acercarse a la cultura y el arte actuales en el territorio a trav\u00e9s de 13 sesiones durante el curso 2024\/2024","og_url":"https:\/\/www.laguiadepamplona.com\/actualidad\/el-programa-de-mediacion-artistica-taldeka-dirigido-a-jovenes-de-15-a-21-anos-amplia-su-plazo-de-inscripcion-hasta-el-14-de-octubre\/","og_site_name":"La Gu\u00eda de Pamplona","article_publisher":"https:\/\/www.facebook.com\/laguiadepamplonacom-133175176762273\/?ref=hl","article_published_time":"2024-09-30T11:04:19+00:00","og_image":[{"width":720,"height":480,"url":"https:\/\/www.laguiadepamplona.com\/actualidad\/wp-content\/uploads\/2024\/09\/taldeka_web_0.webp","type":"image\/webp"}],"author":"La Gu\u00eda de Pamplona","twitter_card":"summary_large_image","twitter_creator":"@LaGuiadPamplona","twitter_site":"@LaGuiadPamplona","twitter_misc":{"Escrito por":"La Gu\u00eda de Pamplona","Tiempo de lectura":"2 minutos"},"schema":{"@context":"https:\/\/schema.org","@graph":[{"@type":"Article","@id":"https:\/\/www.laguiadepamplona.com\/actualidad\/el-programa-de-mediacion-artistica-taldeka-dirigido-a-jovenes-de-15-a-21-anos-amplia-su-plazo-de-inscripcion-hasta-el-14-de-octubre\/#article","isPartOf":{"@id":"https:\/\/www.laguiadepamplona.com\/actualidad\/el-programa-de-mediacion-artistica-taldeka-dirigido-a-jovenes-de-15-a-21-anos-amplia-su-plazo-de-inscripcion-hasta-el-14-de-octubre\/"},"author":{"name":"La Gu\u00eda de Pamplona","@id":"https:\/\/www.laguiadepamplona.com\/actualidad\/#\/schema\/person\/efe887376f0213d4657c93adc50b1fdb"},"headline":"El programa de mediaci\u00f3n art\u00edstica Taldeka, dirigido a j\u00f3venes de 15 a 21 a\u00f1os, ampl\u00eda su plazo de inscripci\u00f3n hasta el 14 de octubre","datePublished":"2024-09-30T11:04:19+00:00","mainEntityOfPage":{"@id":"https:\/\/www.laguiadepamplona.com\/actualidad\/el-programa-de-mediacion-artistica-taldeka-dirigido-a-jovenes-de-15-a-21-anos-amplia-su-plazo-de-inscripcion-hasta-el-14-de-octubre\/"},"wordCount":389,"commentCount":0,"publisher":{"@id":"https:\/\/www.laguiadepamplona.com\/actualidad\/#organization"},"image":{"@id":"https:\/\/www.laguiadepamplona.com\/actualidad\/el-programa-de-mediacion-artistica-taldeka-dirigido-a-jovenes-de-15-a-21-anos-amplia-su-plazo-de-inscripcion-hasta-el-14-de-octubre\/#primaryimage"},"thumbnailUrl":"https:\/\/www.laguiadepamplona.com\/actualidad\/wp-content\/uploads\/2024\/09\/taldeka_web_0.webp","articleSection":["Ayto Pamplona"],"inLanguage":"es","potentialAction":[{"@type":"CommentAction","name":"Comment","target":["https:\/\/www.laguiadepamplona.com\/actualidad\/el-programa-de-mediacion-artistica-taldeka-dirigido-a-jovenes-de-15-a-21-anos-amplia-su-plazo-de-inscripcion-hasta-el-14-de-octubre\/#respond"]}]},{"@type":"WebPage","@id":"https:\/\/www.laguiadepamplona.com\/actualidad\/el-programa-de-mediacion-artistica-taldeka-dirigido-a-jovenes-de-15-a-21-anos-amplia-su-plazo-de-inscripcion-hasta-el-14-de-octubre\/","url":"https:\/\/www.laguiadepamplona.com\/actualidad\/el-programa-de-mediacion-artistica-taldeka-dirigido-a-jovenes-de-15-a-21-anos-amplia-su-plazo-de-inscripcion-hasta-el-14-de-octubre\/","name":"El programa de mediaci\u00f3n art\u00edstica Taldeka, dirigido a j\u00f3venes de 15 a 21 a\u00f1os, ampl\u00eda su plazo de inscripci\u00f3n hasta el 14 de octubre","isPartOf":{"@id":"https:\/\/www.laguiadepamplona.com\/actualidad\/#website"},"primaryImageOfPage":{"@id":"https:\/\/www.laguiadepamplona.com\/actualidad\/el-programa-de-mediacion-artistica-taldeka-dirigido-a-jovenes-de-15-a-21-anos-amplia-su-plazo-de-inscripcion-hasta-el-14-de-octubre\/#primaryimage"},"image":{"@id":"https:\/\/www.laguiadepamplona.com\/actualidad\/el-programa-de-mediacion-artistica-taldeka-dirigido-a-jovenes-de-15-a-21-anos-amplia-su-plazo-de-inscripcion-hasta-el-14-de-octubre\/#primaryimage"},"thumbnailUrl":"https:\/\/www.laguiadepamplona.com\/actualidad\/wp-content\/uploads\/2024\/09\/taldeka_web_0.webp","datePublished":"2024-09-30T11:04:19+00:00","description":"Esta actividad plantea formas de acercarse a la cultura y el arte actuales en el territorio a trav\u00e9s de 13 sesiones durante el curso 2024\/2024","breadcrumb":{"@id":"https:\/\/www.laguiadepamplona.com\/actualidad\/el-programa-de-mediacion-artistica-taldeka-dirigido-a-jovenes-de-15-a-21-anos-amplia-su-plazo-de-inscripcion-hasta-el-14-de-octubre\/#breadcrumb"},"inLanguage":"es","potentialAction":[{"@type":"ReadAction","target":["https:\/\/www.laguiadepamplona.com\/actualidad\/el-programa-de-mediacion-artistica-taldeka-dirigido-a-jovenes-de-15-a-21-anos-amplia-su-plazo-de-inscripcion-hasta-el-14-de-octubre\/"]}]},{"@type":"ImageObject","inLanguage":"es","@id":"https:\/\/www.laguiadepamplona.com\/actualidad\/el-programa-de-mediacion-artistica-taldeka-dirigido-a-jovenes-de-15-a-21-anos-amplia-su-plazo-de-inscripcion-hasta-el-14-de-octubre\/#primaryimage","url":"https:\/\/www.laguiadepamplona.com\/actualidad\/wp-content\/uploads\/2024\/09\/taldeka_web_0.webp","contentUrl":"https:\/\/www.laguiadepamplona.com\/actualidad\/wp-content\/uploads\/2024\/09\/taldeka_web_0.webp","width":720,"height":480,"caption":"taldeka"},{"@type":"BreadcrumbList","@id":"https:\/\/www.laguiadepamplona.com\/actualidad\/el-programa-de-mediacion-artistica-taldeka-dirigido-a-jovenes-de-15-a-21-anos-amplia-su-plazo-de-inscripcion-hasta-el-14-de-octubre\/#breadcrumb","itemListElement":[{"@type":"ListItem","position":1,"name":"Portada","item":"https:\/\/www.laguiadepamplona.com\/actualidad\/"},{"@type":"ListItem","position":2,"name":"El programa de mediaci\u00f3n art\u00edstica Taldeka, dirigido a j\u00f3venes de 15 a 21 a\u00f1os, ampl\u00eda su plazo de inscripci\u00f3n hasta el 14 de octubre"}]},{"@type":"WebSite","@id":"https:\/\/www.laguiadepamplona.com\/actualidad\/#website","url":"https:\/\/www.laguiadepamplona.com\/actualidad\/","name":"La gu\u00eda de Pamplona","description":"Noticias de Pamplona","publisher":{"@id":"https:\/\/www.laguiadepamplona.com\/actualidad\/#organization"},"potentialAction":[{"@type":"SearchAction","target":{"@type":"EntryPoint","urlTemplate":"https:\/\/www.laguiadepamplona.com\/actualidad\/?s={search_term_string}"},"query-input":{"@type":"PropertyValueSpecification","valueRequired":true,"valueName":"search_term_string"}}],"inLanguage":"es"},{"@type":"Organization","@id":"https:\/\/www.laguiadepamplona.com\/actualidad\/#organization","name":"La Gu\u00eda de Pamplona \/ Noticias","url":"https:\/\/www.laguiadepamplona.com\/actualidad\/","logo":{"@type":"ImageObject","inLanguage":"es","@id":"https:\/\/www.laguiadepamplona.com\/actualidad\/#\/schema\/logo\/image\/","url":"https:\/\/www.laguiadepamplona.com\/actualidad\/wp-content\/uploads\/2018\/11\/logo-laguiadepamplona18-web1.png","contentUrl":"https:\/\/www.laguiadepamplona.com\/actualidad\/wp-content\/uploads\/2018\/11\/logo-laguiadepamplona18-web1.png","width":600,"height":196,"caption":"La Gu\u00eda de Pamplona \/ Noticias"},"image":{"@id":"https:\/\/www.laguiadepamplona.com\/actualidad\/#\/schema\/logo\/image\/"},"sameAs":["https:\/\/www.facebook.com\/laguiadepamplonacom-133175176762273\/?ref=hl","https:\/\/x.com\/LaGuiadPamplona","https:\/\/www.instagram.com\/la_guia_de_pamplona\/","https:\/\/www.youtube.com\/user\/laguiadepamplona"]},{"@type":"Person","@id":"https:\/\/www.laguiadepamplona.com\/actualidad\/#\/schema\/person\/efe887376f0213d4657c93adc50b1fdb","name":"La Gu\u00eda de Pamplona","image":{"@type":"ImageObject","inLanguage":"es","@id":"https:\/\/secure.gravatar.com\/avatar\/b6992f131dc8d30ab0dff15446e9d346d9dbd95992de0fef795073f5ea83a81c?s=96&d=mm&r=g","url":"https:\/\/secure.gravatar.com\/avatar\/b6992f131dc8d30ab0dff15446e9d346d9dbd95992de0fef795073f5ea83a81c?s=96&d=mm&r=g","contentUrl":"https:\/\/secure.gravatar.com\/avatar\/b6992f131dc8d30ab0dff15446e9d346d9dbd95992de0fef795073f5ea83a81c?s=96&d=mm&r=g","caption":"La Gu\u00eda de Pamplona"}}]}},"post_mailing_queue_ids":[],"_links":{"self":[{"href":"https:\/\/www.laguiadepamplona.com\/actualidad\/wp-json\/wp\/v2\/posts\/50862","targetHints":{"allow":["GET"]}}],"collection":[{"href":"https:\/\/www.laguiadepamplona.com\/actualidad\/wp-json\/wp\/v2\/posts"}],"about":[{"href":"https:\/\/www.laguiadepamplona.com\/actualidad\/wp-json\/wp\/v2\/types\/post"}],"author":[{"embeddable":true,"href":"https:\/\/www.laguiadepamplona.com\/actualidad\/wp-json\/wp\/v2\/users\/1"}],"replies":[{"embeddable":true,"href":"https:\/\/www.laguiadepamplona.com\/actualidad\/wp-json\/wp\/v2\/comments?post=50862"}],"version-history":[{"count":1,"href":"https:\/\/www.laguiadepamplona.com\/actualidad\/wp-json\/wp\/v2\/posts\/50862\/revisions"}],"predecessor-version":[{"id":50864,"href":"https:\/\/www.laguiadepamplona.com\/actualidad\/wp-json\/wp\/v2\/posts\/50862\/revisions\/50864"}],"wp:featuredmedia":[{"embeddable":true,"href":"https:\/\/www.laguiadepamplona.com\/actualidad\/wp-json\/wp\/v2\/media\/50863"}],"wp:attachment":[{"href":"https:\/\/www.laguiadepamplona.com\/actualidad\/wp-json\/wp\/v2\/media?parent=50862"}],"wp:term":[{"taxonomy":"category","embeddable":true,"href":"https:\/\/www.laguiadepamplona.com\/actualidad\/wp-json\/wp\/v2\/categories?post=50862"},{"taxonomy":"post_tag","embeddable":true,"href":"https:\/\/www.laguiadepamplona.com\/actualidad\/wp-json\/wp\/v2\/tags?post=50862"}],"curies":[{"name":"wp","href":"https:\/\/api.w.org\/{rel}","templated":true}]}}