{"id":50850,"date":"2024-09-26T13:20:02","date_gmt":"2024-09-26T11:20:02","guid":{"rendered":"https:\/\/www.laguiadepamplona.com\/actualidad\/?p=50850"},"modified":"2024-09-26T13:20:02","modified_gmt":"2024-09-26T11:20:02","slug":"cincuenta-y-siete-entidades-se-reparten-340-000-euros-de-la-convocatoria-municipal-de-ayudas-a-proyectos-de-accion-social-en-discapacidad-dependencia-e-inclusion-social","status":"publish","type":"post","link":"https:\/\/www.laguiadepamplona.com\/actualidad\/cincuenta-y-siete-entidades-se-reparten-340-000-euros-de-la-convocatoria-municipal-de-ayudas-a-proyectos-de-accion-social-en-discapacidad-dependencia-e-inclusion-social\/","title":{"rendered":"Cincuenta y siete entidades se reparten 340.000 euros de la convocatoria municipal de ayudas a proyectos de acci\u00f3n social en discapacidad, dependencia e inclusi\u00f3n social"},"content":{"rendered":"<h2>La convocatoria tiene como objetivo favorecer la integraci\u00f3n, la igualdad de oportunidades o la prevenci\u00f3n de situaciones de riesgo social, entre otros<\/h2>\n<p><!--more--><\/p>\n<p>El Ayuntamiento de Pamplona ha resuelto la convocatoria destinada a entidades sin \u00e1nimo de lucro que desarrollen proyectos espec\u00edficos de acci\u00f3n social en el \u00e1mbito de la discapacidad\/dependencia y la inclusi\u00f3n social en este 2024. Un total de 57 asociaciones se han repartido los 340.000 euros con los que estaba esta convocatoria municipal, que busca favorecer la integraci\u00f3n, la igualdad de oportunidades, la prevenci\u00f3n de situaciones de riesgo social o el tratamiento de situaciones de vulnerabilidad, dependencia, desprotecci\u00f3n o exclusi\u00f3n social.<\/p>\n<p>La convocatoria ten\u00eda dos l\u00edneas de ayudas, una para el \u00e1mbito de la discapacidad\/dependencia dotada con 202.000 euros, de la que se han beneficiado 35 entidades; y otra de inclusi\u00f3n social, con 22 asociaciones subvencionadas y una dotaci\u00f3n de 138.000 euros. La cuant\u00eda que han recibido las diferentes entidades no supera el 80% del presupuesto total del proyecto presentado. No se pod\u00eda admitir, ni por tanto subvencionar, a asociaciones que en los que el d\u00e9ficit a solicitar fuera superior a 20.000 euros.<\/p>\n<p>Los proyectos sobre discapacidad\/dependencia se dedican a complementar aspectos educativos, formativos, psicosociales, de integraci\u00f3n y de promoci\u00f3n de la autonom\u00eda, y favorecer las condiciones de acceso a un empleo como medio de autonom\u00eda personal e independencia econ\u00f3mica. Tambi\u00e9n pueden fomentar la formaci\u00f3n del voluntariado en el \u00e1mbito socio-sanitario y apoyar los proyectos de autoayuda en torno a una afectaci\u00f3n com\u00fan.<\/p>\n<p>Los que se enmarcan en la inclusi\u00f3n social, se orientan a mejorar aspectos psicosociales, formativos, residenciales, sociosanitarios y de integraci\u00f3n social, as\u00ed como a favorecer las condiciones de acceso a un empleo, el fomento de la formaci\u00f3n del voluntariado y el apoyo a proyectos de autoayuda.<\/p>\n<p>&nbsp;<\/p>\n<h3>Convocatoria de subvenciones para proyectos de acci\u00f3n social<\/h3>\n<ul>\n<li><strong>\u00c1mbito de la discapacidad\/dependencia<\/strong><\/li>\n<\/ul>\n<p>&nbsp;<\/p>\n<table width=\"623\">\n<tbody>\n<tr>\n<td width=\"208\"><strong>ENTIDAD<\/strong><\/td>\n<td width=\"359\"><strong>PROYECTO<\/strong><\/td>\n<td width=\"57\"><strong>\u20ac<\/strong><\/td>\n<\/tr>\n<tr>\n<td width=\"208\">A TU LADO ZUREKIN, COOPERATIVA DE INICIATIVA SOCIAL<\/td>\n<td width=\"359\">BIDEA ZUREKIN. Apoyos centrados en la persona.<\/td>\n<td width=\"57\">794<\/td>\n<\/tr>\n<tr>\n<td width=\"208\">ASOCIACI\u00d3N COORDINADORA DE PERSONAS CON DISCAPACIDAD F\u00cdSICA DE NAVARRA (ACODIFNA)<\/td>\n<td width=\"359\">Servicio de atenci\u00f3n psico-social para personas con discapacidad y\/o dependencia y sus familias<\/td>\n<td width=\"57\">9.108<\/td>\n<\/tr>\n<tr>\n<td width=\"208\">ASOCIACI\u00d3N DE DA\u00d1O CEREBRAL DE NAVARRA (ADACEN)<\/td>\n<td width=\"359\">Programa de intervenci\u00f3n sobre la dependencia de las personas con da\u00f1o cerebral adquirido para mejorar su integraci\u00f3n social tras la lesi\u00f3n<\/td>\n<td width=\"57\">6.750<\/td>\n<\/tr>\n<tr>\n<td width=\"208\">ASOCIACION DE ESCLEROSIS MULTIPLE DE NAVARRA<\/td>\n<td width=\"359\">En positivo se puede, un proyecto para persona con esclerosis m\u00faltiple que quieren crecer<\/td>\n<td width=\"57\">6.965<\/td>\n<\/tr>\n<tr>\n<td width=\"208\">ASOCIACI\u00d3N DE FAMILIARES DE ENFERMOS DE ALZHEIMER EN NAVARRA (AFAN)<\/td>\n<td width=\"359\">Atenci\u00f3n integral a familias cuidadoras de personas con demencia<\/td>\n<td width=\"57\">9.215<\/td>\n<\/tr>\n<tr>\n<td width=\"208\">ASOCIACI\u00d3N DE FIBROMIALGIA Y FATIGA CR\u00d3NICA DE NAVARRA (AFINA)<\/td>\n<td width=\"359\">Alimentaci\u00f3n social para personas con discapacidad<\/td>\n<td width=\"57\">1.135<\/td>\n<\/tr>\n<tr>\n<td width=\"208\">ASOCIACI\u00d3N DE PERSONAS SORDAS DE NAVARRA (ASORNA)<\/td>\n<td width=\"359\">Proyecto de educaci\u00f3n para personas sordas<\/td>\n<td width=\"57\">1.902<\/td>\n<\/tr>\n<tr>\n<td width=\"208\">ASOCIACI\u00d3N EUNATE DE FAMILIAS DE PERSONAS CON DISCAPACIDAD AUDITIVA DE NAVARRA<\/td>\n<td width=\"359\">Atenci\u00f3n integral a las personas con discapacidad auditiva y sus familias: habilidades auditivas-comunicativas, autoayuda y bienestar emocional<\/td>\n<td width=\"57\">9.976<\/td>\n<\/tr>\n<tr>\n<td width=\"208\">ASOCIACI\u00d3N FAMILIARES Y AMIGOS DE DISCAPACITADOS INTELECTUALES DEL CENTRO VALLE RONCAL<\/td>\n<td width=\"359\">Taller de creatividad musical y musicoterapia en personas adultas con discapacidad intelectual<\/td>\n<td width=\"57\">5.465<\/td>\n<\/tr>\n<tr>\n<td width=\"208\">ASOCIACI\u00d3N HIRU AMABI<\/td>\n<td width=\"359\">Atenci\u00f3n al DCAI (Da\u00f1o cerebral adquirido infantil)<\/td>\n<td width=\"57\">4.072<\/td>\n<\/tr>\n<tr>\n<td width=\"208\">ASOCIACI\u00d3N NAVARRA A FAVOR DE LAS PERSONAS CON DISCAPACIDAD INTELECTUAL O TRASTORNOS DEL DESARROLLO Y SUS FAMILIAS (ANFAS)<\/td>\n<td width=\"359\">Habilidades acad\u00e9micas, sociales y de comunicaci\u00f3n para personas con discapacidad intelectual o trastornos del desarrollo de Pamplona<\/td>\n<td width=\"57\">9.429<\/td>\n<\/tr>\n<tr>\n<td width=\"208\">ASOCIACI\u00d3N NAVARRA DE AUTISMO<\/td>\n<td width=\"359\">Escuelas de atenci\u00f3n espec\u00edfica y continuada con formaci\u00f3n en TEA de familias, voluntariado\/personas en pr\u00e1cticas en periodos vacacionales<\/td>\n<td width=\"57\">8.293<\/td>\n<\/tr>\n<tr>\n<td width=\"208\">ASOCIACI\u00d3N NAVARRA DE AYUDA A LA PAR\u00c1LISIS CEREBRAL (ASPACE)<\/td>\n<td width=\"359\">Programa de Ciudadan\u00eda Activa: Autonom\u00eda, autodeterminaci\u00f3n y participaci\u00f3n<\/td>\n<td width=\"57\">9.233<\/td>\n<\/tr>\n<tr>\n<td width=\"208\">ASOCIACI\u00d3N NAVARRA DE DIABETES (ANADI)<\/td>\n<td width=\"359\">Atenci\u00f3n integral a personas con diabetes y sus familias<\/td>\n<td width=\"57\">9.644<\/td>\n<\/tr>\n<tr>\n<td width=\"208\">ASOCIACI\u00d3N NAVARRA DE ESPINA B\u00cdFIDA E HIDROCEFALIA<\/td>\n<td width=\"359\">Proyecto de apoyo formativo y estimulaci\u00f3n vocacional temprana<\/td>\n<td width=\"57\">5.034<\/td>\n<\/tr>\n<tr>\n<td width=\"208\">ASOCIACI\u00d3N NAVARRA DE LARINGECTOMIZADOS<\/td>\n<td width=\"359\">Voluntariado por y para personas laringectomizadas<\/td>\n<td width=\"57\">945<\/td>\n<\/tr>\n<tr>\n<td width=\"208\">ASOCIACI\u00d3N NAVARRA DE PARKINSON (ANAPAR)<\/td>\n<td width=\"359\">Prevenci\u00f3n de la dependencia y mejora de la integraci\u00f3n social<\/td>\n<td width=\"57\">7.179<\/td>\n<\/tr>\n<tr>\n<td width=\"208\">ASOCIACI\u00d3N NAVARRA PARA LA SALUD MENTAL (ANASAPS)<\/td>\n<td width=\"359\">Promoci\u00f3n, mantenimiento y recuperaci\u00f3n de la autonom\u00eda para personas con trastorno mental grave<\/td>\n<td width=\"57\">9.536<\/td>\n<\/tr>\n<tr>\n<td width=\"208\">ASOCIACI\u00d3N PARA LUCHA CONTRA ENFERMEDADES RENALES<\/td>\n<td width=\"359\">Personas con prop\u00f3sito: Proyecto de atenci\u00f3n integral a personas con enfermedad renal cr\u00f3nica (ERC)<\/td>\n<td width=\"57\">1.302<\/td>\n<\/tr>\n<tr>\n<td width=\"208\">ASOCIACI\u00d3N PARA TRATAMIENTO Y ESTUDIO D\u00c9FICIT DE ATENCI\u00d3N HIPERACTIVIDAD E IMPULSIVIDAD (ADHI)<\/td>\n<td width=\"359\">Programa de intervenci\u00f3n psicoeducativa.<\/td>\n<td width=\"57\">1.543<\/td>\n<\/tr>\n<tr>\n<td width=\"208\">ASOCIACI\u00d3N S\u00cdNDROME DE DOWN DE NAVARRA (ASDN)<\/td>\n<td width=\"359\">Aprendizaje no formal en el entorno natural de la empresa<\/td>\n<td width=\"57\">5.741<\/td>\n<\/tr>\n<tr>\n<td width=\"208\">FEDERACI\u00d3N DE ASOCIACIONES DE PERSONAS CON DISCAPACIDAD F\u00cdSICA Y ORG\u00c1NICA DE NAVARRA (COCEMFE Navarra)<\/td>\n<td width=\"359\">Empleo y empoderamiento para personas con discapacidad<\/td>\n<td width=\"57\">8.572<\/td>\n<\/tr>\n<tr>\n<td width=\"208\">FUNDACI\u00d3N ADACEN<\/td>\n<td width=\"359\">Informaci\u00f3n, Orientaci\u00f3n, y Apoyo dirigido al entorno familiar de personas con dependencia neurol\u00f3gica<\/td>\n<td width=\"57\">3.472<\/td>\n<\/tr>\n<tr>\n<td width=\"208\">FUNDACI\u00d3N ADECCO<\/td>\n<td width=\"359\">Por la inserci\u00f3n sociolaboral de las personas con discapacidad en Pamplona<\/td>\n<td width=\"57\">8.572<\/td>\n<\/tr>\n<tr>\n<td width=\"208\">FUNDACI\u00d3N ATENA<\/td>\n<td width=\"359\">Escuela de m\u00fasica y danza ARTE Y DISCAPACIDAD<\/td>\n<td width=\"57\">9.965<\/td>\n<\/tr>\n<tr>\n<td width=\"208\">FUNDACI\u00d3N MEJORANDO CADA D\u00cdA<\/td>\n<td width=\"359\">Programa Acomp\u00e1\u00f1ame edici\u00f3n inicial discapacidad<\/td>\n<td width=\"57\">3.188<\/td>\n<\/tr>\n<tr>\n<td width=\"208\">FUNDACI\u00d3N NAVARRA DE AUTISMO ALEGR\u00cdA<\/td>\n<td width=\"359\">Programa educativo para la transici\u00f3n a la vida adulta y en verano y Navidad<\/td>\n<td width=\"57\">1.693<\/td>\n<\/tr>\n<tr>\n<td width=\"208\">FUNDACI\u00d3N PROFESIONALES SOLIDARIOS<\/td>\n<td width=\"359\">Soledad y Mayores<\/td>\n<td width=\"57\">5.722<\/td>\n<\/tr>\n<tr>\n<td width=\"208\">INCLUYE SOCIEDAD MICROCOOPERATIVA<\/td>\n<td width=\"359\">Servicio de terapia fisicocognitiva para personas con discapacidad intelectual<\/td>\n<td width=\"57\">5.304<\/td>\n<\/tr>\n<tr>\n<td width=\"208\">SARAY, ASOCIACI\u00d3N NAVARRA DE C\u00c1NCER DE MAMA<\/td>\n<td width=\"359\">Atenci\u00f3n Psicosocial a personas con c\u00e1ncer de mama y a sus familias<\/td>\n<td width=\"57\">9.491<\/td>\n<\/tr>\n<tr>\n<td width=\"208\">SERVICIO CAPUCHINO PARA EL DESARROLLO Y LA SOLIDARIDAD SERCADE<\/td>\n<td width=\"359\">Acompa\u00f1amiento a personas mayores dependientes para su inclusi\u00f3n<\/td>\n<td width=\"57\">3.686<\/td>\n<\/tr>\n<tr>\n<td width=\"208\">TXIRIBUELTA SOCIEDAD MICROCOOPERATIVA<\/td>\n<td width=\"359\">Programa SER. S\u00e1bados sensoriales<\/td>\n<td width=\"57\">4.071<\/td>\n<\/tr>\n<tr>\n<td width=\"208\">ASOCIACI\u00d3N RETINA NAVARRA NAFARROA RETINA ELKARTEA<\/td>\n<td width=\"359\">Construyendo el Futuro en Com\u00fan<\/td>\n<td width=\"57\">4.477<\/td>\n<\/tr>\n<tr>\n<td width=\"208\">ASOCIACI\u00d3N DE AYUDA A NI\u00d1OS CON C\u00c1NCER DE NAVARRA (ADANO)<\/td>\n<td width=\"359\">Apoyo psicosocial y econ\u00f3mico a ni\u00f1os, ni\u00f1as y adolescentes con c\u00e1ncer y sus familias<\/td>\n<td width=\"57\">9.853<\/td>\n<\/tr>\n<tr>\n<td width=\"208\">ASOCIACI\u00d3N NAVARRA DE ENFERMEDADES NEUROMUSCULARES ASNAEN<\/td>\n<td width=\"359\">Apoyar la vida independiente de las personas con enfermedades neuromusculares a trav\u00e9s de la autoayuda<\/td>\n<td width=\"57\">673<\/td>\n<\/tr>\n<\/tbody>\n<\/table>\n<ul>\n<li><strong>b) \u00c1mbito de la inclusi\u00f3n social<\/strong><\/li>\n<\/ul>\n<p>&nbsp;<\/p>\n<table width=\"623\">\n<tbody>\n<tr>\n<td width=\"205\"><strong>ENTIDAD<\/strong><\/td>\n<td width=\"362\"><strong>PROYECTO<\/strong><\/td>\n<td width=\"57\"><strong>\u20ac<\/strong><\/td>\n<\/tr>\n<tr>\n<td width=\"205\">AGINTZARI SOCIEDAD COOPERATIVA DE INICIATIVA SOCIAL<\/td>\n<td width=\"362\">Programa preventivo grupal de Resiliencia y Mentalizaci\u00f3n para Adolescentes en situaci\u00f3n de dificultad social<\/td>\n<td width=\"57\">3.574<\/td>\n<\/tr>\n<tr>\n<td width=\"205\">ASOCIACI\u00d3N ACOAD SERVICIOS ASISTENCIALES<\/td>\n<td width=\"362\">Programa de incorporaci\u00f3n sociolaboral<\/td>\n<td width=\"57\">3.570<\/td>\n<\/tr>\n<tr>\n<td width=\"205\">ASOCIACI\u00d3N CRISTIANA VIDA NUEVA<\/td>\n<td width=\"362\">Atenci\u00f3n para la reinserci\u00f3n y rehabilitaci\u00f3n integral de la poblaci\u00f3n reclusa y exreclusa<\/td>\n<td width=\"57\">2.701<\/td>\n<\/tr>\n<tr>\n<td width=\"205\">ASOCIACI\u00d3N DE FAMILIAS Y AMIGOS EN DUELO GOIZARGI<\/td>\n<td width=\"362\">Acompa\u00f1amiento en duelo a personas en situaci\u00f3n de vulnerabilidad social: acogida, valoraci\u00f3n, orientaci\u00f3n y acompa\u00f1amiento<\/td>\n<td width=\"57\">7.678<\/td>\n<\/tr>\n<tr>\n<td width=\"205\">ASOCIACI\u00d3N DE LUD\u00d3PATAS DE NAVARRA ARALAR<\/td>\n<td width=\"362\">Programa de ayuda, prevenci\u00f3n y sensibilizaci\u00f3n sobre juego patol\u00f3gico<\/td>\n<td width=\"57\">9.636<\/td>\n<\/tr>\n<tr>\n<td width=\"205\">ASOCIACI\u00d3N HAZIAK<\/td>\n<td width=\"362\">S\u00f3fora 2.0<\/td>\n<td width=\"57\">5.507<\/td>\n<\/tr>\n<tr>\n<td width=\"205\">ASOCIACI\u00d3N ITXAROPEN GUNE-LUGAR DE ESPERANZA (AIGLE)<\/td>\n<td width=\"362\">Proyecto AGAR dirigido a la recuperaci\u00f3n e integraci\u00f3n de mujeres en contextos de prostituci\u00f3n y v\u00edctimas de trata con fines de explotaci\u00f3n sexual<\/td>\n<td width=\"57\">9.372<\/td>\n<\/tr>\n<tr>\n<td width=\"205\">ASOCIACI\u00d3N NAVARRA DE DEFENSA DE LA VIDA (ANDEVI)<\/td>\n<td width=\"362\">Asistencia integral a mujeres embarazadas en situaci\u00f3n de dificultad y riesgo de exclusi\u00f3n social<\/td>\n<td width=\"57\">7.608<\/td>\n<\/tr>\n<tr>\n<td width=\"205\">ASOCIACI\u00d3N NAVARRA PARA LA INVESTIGACI\u00d3N, PREVENCI\u00d3N Y TRATAMIENTO DE ADICCIONES (ANTOX)<\/td>\n<td width=\"362\">Atenci\u00f3n a las personas con adicciones y a sus familias para favorecer su inclusi\u00f3n social<\/td>\n<td width=\"57\">8.159<\/td>\n<\/tr>\n<tr>\n<td width=\"205\">ASOCIACION POSTHAC &#8211; ENTIDAD SOCIAL POR EL EMPLEO<\/td>\n<td width=\"362\">Concilia Oportunidades III<\/td>\n<td width=\"57\">3.117<\/td>\n<\/tr>\n<tr>\n<td width=\"205\">ASOCIACI\u00d3N REMAR NAVARRA<\/td>\n<td width=\"362\">REMAR ACOGE Atenci\u00f3n integral para personas en situaci\u00f3n de exclusi\u00f3n social y\/o residencial, potenciando las habilidades personales y sociales para logar la inserci\u00f3n social en la localidad de Pamplona<\/td>\n<td width=\"57\">5.788<\/td>\n<\/tr>\n<tr>\n<td width=\"205\">ASOCIACI\u00d3N SARE<\/td>\n<td width=\"362\">VIVIR+: Apoyo social y emocional a personas que viven con VIH<\/td>\n<td width=\"57\">7.704<\/td>\n<\/tr>\n<tr>\n<td width=\"205\">ASOCIACI\u00d3N SERVICIO SOCIOEDUCATIVO INTERCULTURAL (SEI)<\/td>\n<td width=\"362\">Acogida y acompa\u00f1amiento de adolescencias migradas a nuestra ciudad en proceso de adaptaci\u00f3n<\/td>\n<td width=\"57\">4.156<\/td>\n<\/tr>\n<tr>\n<td width=\"205\">ASOCIACI\u00d3N UNZUTXIKI BERRI<\/td>\n<td width=\"362\">Unzutxiki Berri por la Igualdad Social<\/td>\n<td width=\"57\">9.194<\/td>\n<\/tr>\n<tr>\n<td width=\"205\">COMISI\u00d3N CIUDADANA ANTISIDA<\/td>\n<td width=\"362\">Programa de intervenci\u00f3n comunitaria en el \u00e1mbito de inclusi\u00f3n social<\/td>\n<td width=\"57\">4.528<\/td>\n<\/tr>\n<tr>\n<td width=\"205\">CRUZ ROJA ESPA\u00d1OLA<\/td>\n<td width=\"362\">Acompa\u00f1amiento e informaci\u00f3n en la profesionalizaci\u00f3n a mujeres cuidadoras<\/td>\n<td width=\"57\">3.164<\/td>\n<\/tr>\n<tr>\n<td width=\"205\">FUNDACI\u00d3N ADSIS<\/td>\n<td width=\"362\">Programa de transici\u00f3n a la vida adulta para j\u00f3venes en situaci\u00f3n de vulnerabilidad<\/td>\n<td width=\"57\">8.159<\/td>\n<\/tr>\n<tr>\n<td width=\"205\">FUNDACI\u00d3N CORE<\/td>\n<td width=\"362\">Ayuda a la incorporaci\u00f3n sociolaboral de las personas migrantes<\/td>\n<td width=\"57\">9.372<\/td>\n<\/tr>\n<tr>\n<td width=\"205\">FUNDACI\u00d3N ELKARTE<\/td>\n<td width=\"362\">Taller de empleo Operario Industrial<\/td>\n<td width=\"57\">5.955<\/td>\n<\/tr>\n<tr>\n<td width=\"205\">FUNDACI\u00d3N ILUNDAIN HARITZ BERRI<\/td>\n<td width=\"362\">Acompa\u00f1amiento social y laboral a j\u00f3venes en el marco de una Escuela de Segunda Oportunidad<\/td>\n<td width=\"57\">2.720<\/td>\n<\/tr>\n<tr>\n<td width=\"205\">FUNDACI\u00d3N KOINE AEQUALITAS PARA LA CALIDAD Y DESARROLLO SOCIAL<\/td>\n<td width=\"362\">MUJER EMPLEA 2024. Itinerarios de inserci\u00f3n sociolaboral en el \u00e1rea de comercio<\/td>\n<td width=\"57\">8.179<\/td>\n<\/tr>\n<tr>\n<td width=\"205\">FUNDACI\u00d3N PROYECTO HOMBRE NAVARRA (PHN)<\/td>\n<td width=\"362\">Seguimiento m\u00e9dico y apoyo familiar en el programa de acogida, diagn\u00f3stico inicial y acompa\u00f1amiento a personas atendidas en la Fundaci\u00f3n Proyecto Hombre Navarra<\/td>\n<td width=\"57\">8.159<\/td>\n<\/tr>\n<\/tbody>\n<\/table>\n<p>&nbsp;<\/p>\n","protected":false},"excerpt":{"rendered":"<p>La convocatoria tiene como objetivo favorecer la integraci\u00f3n, la igualdad de oportunidades o la prevenci\u00f3n de situaciones de riesgo social, entre otros<\/p>\n","protected":false},"author":1,"featured_media":50851,"comment_status":"open","ping_status":"closed","sticky":false,"template":"","format":"standard","meta":{"footnotes":""},"categories":[2],"tags":[],"class_list":["post-50850","post","type-post","status-publish","format-standard","has-post-thumbnail","hentry","category-ayuntamiento-pamplona"],"yoast_head":"<!-- This site is optimized with the Yoast SEO plugin v27.3 - https:\/\/yoast.com\/product\/yoast-seo-wordpress\/ -->\n<title>Cincuenta y siete entidades se reparten 340.000 euros de la convocatoria municipal de ayudas a proyectos de acci\u00f3n social en discapacidad, dependencia e inclusi\u00f3n social<\/title>\n<meta name=\"description\" content=\"La convocatoria tiene como objetivo favorecer la integraci\u00f3n, la igualdad de oportunidades o la prevenci\u00f3n de situaciones de riesgo social\" \/>\n<meta name=\"robots\" content=\"index, follow, max-snippet:-1, max-image-preview:large, max-video-preview:-1\" \/>\n<link rel=\"canonical\" href=\"https:\/\/www.laguiadepamplona.com\/actualidad\/cincuenta-y-siete-entidades-se-reparten-340-000-euros-de-la-convocatoria-municipal-de-ayudas-a-proyectos-de-accion-social-en-discapacidad-dependencia-e-inclusion-social\/\" \/>\n<meta property=\"og:locale\" content=\"es_ES\" \/>\n<meta property=\"og:type\" content=\"article\" \/>\n<meta property=\"og:title\" content=\"Cincuenta y siete entidades se reparten 340.000 euros de la convocatoria municipal de ayudas a proyectos de acci\u00f3n social en discapacidad, dependencia e inclusi\u00f3n social\" \/>\n<meta property=\"og:description\" content=\"La convocatoria tiene como objetivo favorecer la integraci\u00f3n, la igualdad de oportunidades o la prevenci\u00f3n de situaciones de riesgo social\" \/>\n<meta property=\"og:url\" content=\"https:\/\/www.laguiadepamplona.com\/actualidad\/cincuenta-y-siete-entidades-se-reparten-340-000-euros-de-la-convocatoria-municipal-de-ayudas-a-proyectos-de-accion-social-en-discapacidad-dependencia-e-inclusion-social\/\" \/>\n<meta property=\"og:site_name\" content=\"La Gu\u00eda de Pamplona\" \/>\n<meta property=\"article:publisher\" content=\"https:\/\/www.facebook.com\/laguiadepamplonacom-133175176762273\/?ref=hl\" \/>\n<meta property=\"article:published_time\" content=\"2024-09-26T11:20:02+00:00\" \/>\n<meta property=\"og:image\" content=\"https:\/\/www.laguiadepamplona.com\/actualidad\/wp-content\/uploads\/2024\/09\/Subvenciones-accion-social_web.webp\" \/>\n\t<meta property=\"og:image:width\" content=\"1000\" \/>\n\t<meta property=\"og:image:height\" content=\"667\" \/>\n\t<meta property=\"og:image:type\" content=\"image\/webp\" \/>\n<meta name=\"author\" content=\"La Gu\u00eda de Pamplona\" \/>\n<meta name=\"twitter:card\" content=\"summary_large_image\" \/>\n<meta name=\"twitter:creator\" content=\"@LaGuiadPamplona\" \/>\n<meta name=\"twitter:site\" content=\"@LaGuiadPamplona\" \/>\n<meta name=\"twitter:label1\" content=\"Escrito por\" \/>\n\t<meta name=\"twitter:data1\" content=\"La Gu\u00eda de Pamplona\" \/>\n\t<meta name=\"twitter:label2\" content=\"Tiempo de lectura\" \/>\n\t<meta name=\"twitter:data2\" content=\"7 minutos\" \/>\n<script type=\"application\/ld+json\" class=\"yoast-schema-graph\">{\"@context\":\"https:\\\/\\\/schema.org\",\"@graph\":[{\"@type\":\"Article\",\"@id\":\"https:\\\/\\\/www.laguiadepamplona.com\\\/actualidad\\\/cincuenta-y-siete-entidades-se-reparten-340-000-euros-de-la-convocatoria-municipal-de-ayudas-a-proyectos-de-accion-social-en-discapacidad-dependencia-e-inclusion-social\\\/#article\",\"isPartOf\":{\"@id\":\"https:\\\/\\\/www.laguiadepamplona.com\\\/actualidad\\\/cincuenta-y-siete-entidades-se-reparten-340-000-euros-de-la-convocatoria-municipal-de-ayudas-a-proyectos-de-accion-social-en-discapacidad-dependencia-e-inclusion-social\\\/\"},\"author\":{\"name\":\"La Gu\u00eda de Pamplona\",\"@id\":\"https:\\\/\\\/www.laguiadepamplona.com\\\/actualidad\\\/#\\\/schema\\\/person\\\/efe887376f0213d4657c93adc50b1fdb\"},\"headline\":\"Cincuenta y siete entidades se reparten 340.000 euros de la convocatoria municipal de ayudas a proyectos de acci\u00f3n social en discapacidad, dependencia e inclusi\u00f3n social\",\"datePublished\":\"2024-09-26T11:20:02+00:00\",\"mainEntityOfPage\":{\"@id\":\"https:\\\/\\\/www.laguiadepamplona.com\\\/actualidad\\\/cincuenta-y-siete-entidades-se-reparten-340-000-euros-de-la-convocatoria-municipal-de-ayudas-a-proyectos-de-accion-social-en-discapacidad-dependencia-e-inclusion-social\\\/\"},\"wordCount\":1508,\"commentCount\":0,\"publisher\":{\"@id\":\"https:\\\/\\\/www.laguiadepamplona.com\\\/actualidad\\\/#organization\"},\"image\":{\"@id\":\"https:\\\/\\\/www.laguiadepamplona.com\\\/actualidad\\\/cincuenta-y-siete-entidades-se-reparten-340-000-euros-de-la-convocatoria-municipal-de-ayudas-a-proyectos-de-accion-social-en-discapacidad-dependencia-e-inclusion-social\\\/#primaryimage\"},\"thumbnailUrl\":\"https:\\\/\\\/www.laguiadepamplona.com\\\/actualidad\\\/wp-content\\\/uploads\\\/2024\\\/09\\\/Subvenciones-accion-social_web.webp\",\"articleSection\":[\"Ayto Pamplona\"],\"inLanguage\":\"es\",\"potentialAction\":[{\"@type\":\"CommentAction\",\"name\":\"Comment\",\"target\":[\"https:\\\/\\\/www.laguiadepamplona.com\\\/actualidad\\\/cincuenta-y-siete-entidades-se-reparten-340-000-euros-de-la-convocatoria-municipal-de-ayudas-a-proyectos-de-accion-social-en-discapacidad-dependencia-e-inclusion-social\\\/#respond\"]}]},{\"@type\":\"WebPage\",\"@id\":\"https:\\\/\\\/www.laguiadepamplona.com\\\/actualidad\\\/cincuenta-y-siete-entidades-se-reparten-340-000-euros-de-la-convocatoria-municipal-de-ayudas-a-proyectos-de-accion-social-en-discapacidad-dependencia-e-inclusion-social\\\/\",\"url\":\"https:\\\/\\\/www.laguiadepamplona.com\\\/actualidad\\\/cincuenta-y-siete-entidades-se-reparten-340-000-euros-de-la-convocatoria-municipal-de-ayudas-a-proyectos-de-accion-social-en-discapacidad-dependencia-e-inclusion-social\\\/\",\"name\":\"Cincuenta y siete entidades se reparten 340.000 euros de la convocatoria municipal de ayudas a proyectos de acci\u00f3n social en discapacidad, dependencia e inclusi\u00f3n social\",\"isPartOf\":{\"@id\":\"https:\\\/\\\/www.laguiadepamplona.com\\\/actualidad\\\/#website\"},\"primaryImageOfPage\":{\"@id\":\"https:\\\/\\\/www.laguiadepamplona.com\\\/actualidad\\\/cincuenta-y-siete-entidades-se-reparten-340-000-euros-de-la-convocatoria-municipal-de-ayudas-a-proyectos-de-accion-social-en-discapacidad-dependencia-e-inclusion-social\\\/#primaryimage\"},\"image\":{\"@id\":\"https:\\\/\\\/www.laguiadepamplona.com\\\/actualidad\\\/cincuenta-y-siete-entidades-se-reparten-340-000-euros-de-la-convocatoria-municipal-de-ayudas-a-proyectos-de-accion-social-en-discapacidad-dependencia-e-inclusion-social\\\/#primaryimage\"},\"thumbnailUrl\":\"https:\\\/\\\/www.laguiadepamplona.com\\\/actualidad\\\/wp-content\\\/uploads\\\/2024\\\/09\\\/Subvenciones-accion-social_web.webp\",\"datePublished\":\"2024-09-26T11:20:02+00:00\",\"description\":\"La convocatoria tiene como objetivo favorecer la integraci\u00f3n, la igualdad de oportunidades o la prevenci\u00f3n de situaciones de riesgo social\",\"breadcrumb\":{\"@id\":\"https:\\\/\\\/www.laguiadepamplona.com\\\/actualidad\\\/cincuenta-y-siete-entidades-se-reparten-340-000-euros-de-la-convocatoria-municipal-de-ayudas-a-proyectos-de-accion-social-en-discapacidad-dependencia-e-inclusion-social\\\/#breadcrumb\"},\"inLanguage\":\"es\",\"potentialAction\":[{\"@type\":\"ReadAction\",\"target\":[\"https:\\\/\\\/www.laguiadepamplona.com\\\/actualidad\\\/cincuenta-y-siete-entidades-se-reparten-340-000-euros-de-la-convocatoria-municipal-de-ayudas-a-proyectos-de-accion-social-en-discapacidad-dependencia-e-inclusion-social\\\/\"]}]},{\"@type\":\"ImageObject\",\"inLanguage\":\"es\",\"@id\":\"https:\\\/\\\/www.laguiadepamplona.com\\\/actualidad\\\/cincuenta-y-siete-entidades-se-reparten-340-000-euros-de-la-convocatoria-municipal-de-ayudas-a-proyectos-de-accion-social-en-discapacidad-dependencia-e-inclusion-social\\\/#primaryimage\",\"url\":\"https:\\\/\\\/www.laguiadepamplona.com\\\/actualidad\\\/wp-content\\\/uploads\\\/2024\\\/09\\\/Subvenciones-accion-social_web.webp\",\"contentUrl\":\"https:\\\/\\\/www.laguiadepamplona.com\\\/actualidad\\\/wp-content\\\/uploads\\\/2024\\\/09\\\/Subvenciones-accion-social_web.webp\",\"width\":1000,\"height\":667,\"caption\":\"subvenciones acci\u00f3n social\"},{\"@type\":\"BreadcrumbList\",\"@id\":\"https:\\\/\\\/www.laguiadepamplona.com\\\/actualidad\\\/cincuenta-y-siete-entidades-se-reparten-340-000-euros-de-la-convocatoria-municipal-de-ayudas-a-proyectos-de-accion-social-en-discapacidad-dependencia-e-inclusion-social\\\/#breadcrumb\",\"itemListElement\":[{\"@type\":\"ListItem\",\"position\":1,\"name\":\"Portada\",\"item\":\"https:\\\/\\\/www.laguiadepamplona.com\\\/actualidad\\\/\"},{\"@type\":\"ListItem\",\"position\":2,\"name\":\"Cincuenta y siete entidades se reparten 340.000 euros de la convocatoria municipal de ayudas a proyectos de acci\u00f3n social en discapacidad, dependencia e inclusi\u00f3n social\"}]},{\"@type\":\"WebSite\",\"@id\":\"https:\\\/\\\/www.laguiadepamplona.com\\\/actualidad\\\/#website\",\"url\":\"https:\\\/\\\/www.laguiadepamplona.com\\\/actualidad\\\/\",\"name\":\"La gu\u00eda de Pamplona\",\"description\":\"Noticias de Pamplona\",\"publisher\":{\"@id\":\"https:\\\/\\\/www.laguiadepamplona.com\\\/actualidad\\\/#organization\"},\"potentialAction\":[{\"@type\":\"SearchAction\",\"target\":{\"@type\":\"EntryPoint\",\"urlTemplate\":\"https:\\\/\\\/www.laguiadepamplona.com\\\/actualidad\\\/?s={search_term_string}\"},\"query-input\":{\"@type\":\"PropertyValueSpecification\",\"valueRequired\":true,\"valueName\":\"search_term_string\"}}],\"inLanguage\":\"es\"},{\"@type\":\"Organization\",\"@id\":\"https:\\\/\\\/www.laguiadepamplona.com\\\/actualidad\\\/#organization\",\"name\":\"La Gu\u00eda de Pamplona \\\/ Noticias\",\"url\":\"https:\\\/\\\/www.laguiadepamplona.com\\\/actualidad\\\/\",\"logo\":{\"@type\":\"ImageObject\",\"inLanguage\":\"es\",\"@id\":\"https:\\\/\\\/www.laguiadepamplona.com\\\/actualidad\\\/#\\\/schema\\\/logo\\\/image\\\/\",\"url\":\"https:\\\/\\\/www.laguiadepamplona.com\\\/actualidad\\\/wp-content\\\/uploads\\\/2018\\\/11\\\/logo-laguiadepamplona18-web1.png\",\"contentUrl\":\"https:\\\/\\\/www.laguiadepamplona.com\\\/actualidad\\\/wp-content\\\/uploads\\\/2018\\\/11\\\/logo-laguiadepamplona18-web1.png\",\"width\":600,\"height\":196,\"caption\":\"La Gu\u00eda de Pamplona \\\/ Noticias\"},\"image\":{\"@id\":\"https:\\\/\\\/www.laguiadepamplona.com\\\/actualidad\\\/#\\\/schema\\\/logo\\\/image\\\/\"},\"sameAs\":[\"https:\\\/\\\/www.facebook.com\\\/laguiadepamplonacom-133175176762273\\\/?ref=hl\",\"https:\\\/\\\/x.com\\\/LaGuiadPamplona\",\"https:\\\/\\\/www.instagram.com\\\/la_guia_de_pamplona\\\/\",\"https:\\\/\\\/www.youtube.com\\\/user\\\/laguiadepamplona\"]},{\"@type\":\"Person\",\"@id\":\"https:\\\/\\\/www.laguiadepamplona.com\\\/actualidad\\\/#\\\/schema\\\/person\\\/efe887376f0213d4657c93adc50b1fdb\",\"name\":\"La Gu\u00eda de Pamplona\",\"image\":{\"@type\":\"ImageObject\",\"inLanguage\":\"es\",\"@id\":\"https:\\\/\\\/secure.gravatar.com\\\/avatar\\\/b6992f131dc8d30ab0dff15446e9d346d9dbd95992de0fef795073f5ea83a81c?s=96&d=mm&r=g\",\"url\":\"https:\\\/\\\/secure.gravatar.com\\\/avatar\\\/b6992f131dc8d30ab0dff15446e9d346d9dbd95992de0fef795073f5ea83a81c?s=96&d=mm&r=g\",\"contentUrl\":\"https:\\\/\\\/secure.gravatar.com\\\/avatar\\\/b6992f131dc8d30ab0dff15446e9d346d9dbd95992de0fef795073f5ea83a81c?s=96&d=mm&r=g\",\"caption\":\"La Gu\u00eda de Pamplona\"}}]}<\/script>\n<!-- \/ Yoast SEO plugin. -->","yoast_head_json":{"title":"Cincuenta y siete entidades se reparten 340.000 euros de la convocatoria municipal de ayudas a proyectos de acci\u00f3n social en discapacidad, dependencia e inclusi\u00f3n social","description":"La convocatoria tiene como objetivo favorecer la integraci\u00f3n, la igualdad de oportunidades o la prevenci\u00f3n de situaciones de riesgo social","robots":{"index":"index","follow":"follow","max-snippet":"max-snippet:-1","max-image-preview":"max-image-preview:large","max-video-preview":"max-video-preview:-1"},"canonical":"https:\/\/www.laguiadepamplona.com\/actualidad\/cincuenta-y-siete-entidades-se-reparten-340-000-euros-de-la-convocatoria-municipal-de-ayudas-a-proyectos-de-accion-social-en-discapacidad-dependencia-e-inclusion-social\/","og_locale":"es_ES","og_type":"article","og_title":"Cincuenta y siete entidades se reparten 340.000 euros de la convocatoria municipal de ayudas a proyectos de acci\u00f3n social en discapacidad, dependencia e inclusi\u00f3n social","og_description":"La convocatoria tiene como objetivo favorecer la integraci\u00f3n, la igualdad de oportunidades o la prevenci\u00f3n de situaciones de riesgo social","og_url":"https:\/\/www.laguiadepamplona.com\/actualidad\/cincuenta-y-siete-entidades-se-reparten-340-000-euros-de-la-convocatoria-municipal-de-ayudas-a-proyectos-de-accion-social-en-discapacidad-dependencia-e-inclusion-social\/","og_site_name":"La Gu\u00eda de Pamplona","article_publisher":"https:\/\/www.facebook.com\/laguiadepamplonacom-133175176762273\/?ref=hl","article_published_time":"2024-09-26T11:20:02+00:00","og_image":[{"width":1000,"height":667,"url":"https:\/\/www.laguiadepamplona.com\/actualidad\/wp-content\/uploads\/2024\/09\/Subvenciones-accion-social_web.webp","type":"image\/webp"}],"author":"La Gu\u00eda de Pamplona","twitter_card":"summary_large_image","twitter_creator":"@LaGuiadPamplona","twitter_site":"@LaGuiadPamplona","twitter_misc":{"Escrito por":"La Gu\u00eda de Pamplona","Tiempo de lectura":"7 minutos"},"schema":{"@context":"https:\/\/schema.org","@graph":[{"@type":"Article","@id":"https:\/\/www.laguiadepamplona.com\/actualidad\/cincuenta-y-siete-entidades-se-reparten-340-000-euros-de-la-convocatoria-municipal-de-ayudas-a-proyectos-de-accion-social-en-discapacidad-dependencia-e-inclusion-social\/#article","isPartOf":{"@id":"https:\/\/www.laguiadepamplona.com\/actualidad\/cincuenta-y-siete-entidades-se-reparten-340-000-euros-de-la-convocatoria-municipal-de-ayudas-a-proyectos-de-accion-social-en-discapacidad-dependencia-e-inclusion-social\/"},"author":{"name":"La Gu\u00eda de Pamplona","@id":"https:\/\/www.laguiadepamplona.com\/actualidad\/#\/schema\/person\/efe887376f0213d4657c93adc50b1fdb"},"headline":"Cincuenta y siete entidades se reparten 340.000 euros de la convocatoria municipal de ayudas a proyectos de acci\u00f3n social en discapacidad, dependencia e inclusi\u00f3n social","datePublished":"2024-09-26T11:20:02+00:00","mainEntityOfPage":{"@id":"https:\/\/www.laguiadepamplona.com\/actualidad\/cincuenta-y-siete-entidades-se-reparten-340-000-euros-de-la-convocatoria-municipal-de-ayudas-a-proyectos-de-accion-social-en-discapacidad-dependencia-e-inclusion-social\/"},"wordCount":1508,"commentCount":0,"publisher":{"@id":"https:\/\/www.laguiadepamplona.com\/actualidad\/#organization"},"image":{"@id":"https:\/\/www.laguiadepamplona.com\/actualidad\/cincuenta-y-siete-entidades-se-reparten-340-000-euros-de-la-convocatoria-municipal-de-ayudas-a-proyectos-de-accion-social-en-discapacidad-dependencia-e-inclusion-social\/#primaryimage"},"thumbnailUrl":"https:\/\/www.laguiadepamplona.com\/actualidad\/wp-content\/uploads\/2024\/09\/Subvenciones-accion-social_web.webp","articleSection":["Ayto Pamplona"],"inLanguage":"es","potentialAction":[{"@type":"CommentAction","name":"Comment","target":["https:\/\/www.laguiadepamplona.com\/actualidad\/cincuenta-y-siete-entidades-se-reparten-340-000-euros-de-la-convocatoria-municipal-de-ayudas-a-proyectos-de-accion-social-en-discapacidad-dependencia-e-inclusion-social\/#respond"]}]},{"@type":"WebPage","@id":"https:\/\/www.laguiadepamplona.com\/actualidad\/cincuenta-y-siete-entidades-se-reparten-340-000-euros-de-la-convocatoria-municipal-de-ayudas-a-proyectos-de-accion-social-en-discapacidad-dependencia-e-inclusion-social\/","url":"https:\/\/www.laguiadepamplona.com\/actualidad\/cincuenta-y-siete-entidades-se-reparten-340-000-euros-de-la-convocatoria-municipal-de-ayudas-a-proyectos-de-accion-social-en-discapacidad-dependencia-e-inclusion-social\/","name":"Cincuenta y siete entidades se reparten 340.000 euros de la convocatoria municipal de ayudas a proyectos de acci\u00f3n social en discapacidad, dependencia e inclusi\u00f3n social","isPartOf":{"@id":"https:\/\/www.laguiadepamplona.com\/actualidad\/#website"},"primaryImageOfPage":{"@id":"https:\/\/www.laguiadepamplona.com\/actualidad\/cincuenta-y-siete-entidades-se-reparten-340-000-euros-de-la-convocatoria-municipal-de-ayudas-a-proyectos-de-accion-social-en-discapacidad-dependencia-e-inclusion-social\/#primaryimage"},"image":{"@id":"https:\/\/www.laguiadepamplona.com\/actualidad\/cincuenta-y-siete-entidades-se-reparten-340-000-euros-de-la-convocatoria-municipal-de-ayudas-a-proyectos-de-accion-social-en-discapacidad-dependencia-e-inclusion-social\/#primaryimage"},"thumbnailUrl":"https:\/\/www.laguiadepamplona.com\/actualidad\/wp-content\/uploads\/2024\/09\/Subvenciones-accion-social_web.webp","datePublished":"2024-09-26T11:20:02+00:00","description":"La convocatoria tiene como objetivo favorecer la integraci\u00f3n, la igualdad de oportunidades o la prevenci\u00f3n de situaciones de riesgo social","breadcrumb":{"@id":"https:\/\/www.laguiadepamplona.com\/actualidad\/cincuenta-y-siete-entidades-se-reparten-340-000-euros-de-la-convocatoria-municipal-de-ayudas-a-proyectos-de-accion-social-en-discapacidad-dependencia-e-inclusion-social\/#breadcrumb"},"inLanguage":"es","potentialAction":[{"@type":"ReadAction","target":["https:\/\/www.laguiadepamplona.com\/actualidad\/cincuenta-y-siete-entidades-se-reparten-340-000-euros-de-la-convocatoria-municipal-de-ayudas-a-proyectos-de-accion-social-en-discapacidad-dependencia-e-inclusion-social\/"]}]},{"@type":"ImageObject","inLanguage":"es","@id":"https:\/\/www.laguiadepamplona.com\/actualidad\/cincuenta-y-siete-entidades-se-reparten-340-000-euros-de-la-convocatoria-municipal-de-ayudas-a-proyectos-de-accion-social-en-discapacidad-dependencia-e-inclusion-social\/#primaryimage","url":"https:\/\/www.laguiadepamplona.com\/actualidad\/wp-content\/uploads\/2024\/09\/Subvenciones-accion-social_web.webp","contentUrl":"https:\/\/www.laguiadepamplona.com\/actualidad\/wp-content\/uploads\/2024\/09\/Subvenciones-accion-social_web.webp","width":1000,"height":667,"caption":"subvenciones acci\u00f3n social"},{"@type":"BreadcrumbList","@id":"https:\/\/www.laguiadepamplona.com\/actualidad\/cincuenta-y-siete-entidades-se-reparten-340-000-euros-de-la-convocatoria-municipal-de-ayudas-a-proyectos-de-accion-social-en-discapacidad-dependencia-e-inclusion-social\/#breadcrumb","itemListElement":[{"@type":"ListItem","position":1,"name":"Portada","item":"https:\/\/www.laguiadepamplona.com\/actualidad\/"},{"@type":"ListItem","position":2,"name":"Cincuenta y siete entidades se reparten 340.000 euros de la convocatoria municipal de ayudas a proyectos de acci\u00f3n social en discapacidad, dependencia e inclusi\u00f3n social"}]},{"@type":"WebSite","@id":"https:\/\/www.laguiadepamplona.com\/actualidad\/#website","url":"https:\/\/www.laguiadepamplona.com\/actualidad\/","name":"La gu\u00eda de Pamplona","description":"Noticias de Pamplona","publisher":{"@id":"https:\/\/www.laguiadepamplona.com\/actualidad\/#organization"},"potentialAction":[{"@type":"SearchAction","target":{"@type":"EntryPoint","urlTemplate":"https:\/\/www.laguiadepamplona.com\/actualidad\/?s={search_term_string}"},"query-input":{"@type":"PropertyValueSpecification","valueRequired":true,"valueName":"search_term_string"}}],"inLanguage":"es"},{"@type":"Organization","@id":"https:\/\/www.laguiadepamplona.com\/actualidad\/#organization","name":"La Gu\u00eda de Pamplona \/ Noticias","url":"https:\/\/www.laguiadepamplona.com\/actualidad\/","logo":{"@type":"ImageObject","inLanguage":"es","@id":"https:\/\/www.laguiadepamplona.com\/actualidad\/#\/schema\/logo\/image\/","url":"https:\/\/www.laguiadepamplona.com\/actualidad\/wp-content\/uploads\/2018\/11\/logo-laguiadepamplona18-web1.png","contentUrl":"https:\/\/www.laguiadepamplona.com\/actualidad\/wp-content\/uploads\/2018\/11\/logo-laguiadepamplona18-web1.png","width":600,"height":196,"caption":"La Gu\u00eda de Pamplona \/ Noticias"},"image":{"@id":"https:\/\/www.laguiadepamplona.com\/actualidad\/#\/schema\/logo\/image\/"},"sameAs":["https:\/\/www.facebook.com\/laguiadepamplonacom-133175176762273\/?ref=hl","https:\/\/x.com\/LaGuiadPamplona","https:\/\/www.instagram.com\/la_guia_de_pamplona\/","https:\/\/www.youtube.com\/user\/laguiadepamplona"]},{"@type":"Person","@id":"https:\/\/www.laguiadepamplona.com\/actualidad\/#\/schema\/person\/efe887376f0213d4657c93adc50b1fdb","name":"La Gu\u00eda de Pamplona","image":{"@type":"ImageObject","inLanguage":"es","@id":"https:\/\/secure.gravatar.com\/avatar\/b6992f131dc8d30ab0dff15446e9d346d9dbd95992de0fef795073f5ea83a81c?s=96&d=mm&r=g","url":"https:\/\/secure.gravatar.com\/avatar\/b6992f131dc8d30ab0dff15446e9d346d9dbd95992de0fef795073f5ea83a81c?s=96&d=mm&r=g","contentUrl":"https:\/\/secure.gravatar.com\/avatar\/b6992f131dc8d30ab0dff15446e9d346d9dbd95992de0fef795073f5ea83a81c?s=96&d=mm&r=g","caption":"La Gu\u00eda de Pamplona"}}]}},"post_mailing_queue_ids":[],"_links":{"self":[{"href":"https:\/\/www.laguiadepamplona.com\/actualidad\/wp-json\/wp\/v2\/posts\/50850","targetHints":{"allow":["GET"]}}],"collection":[{"href":"https:\/\/www.laguiadepamplona.com\/actualidad\/wp-json\/wp\/v2\/posts"}],"about":[{"href":"https:\/\/www.laguiadepamplona.com\/actualidad\/wp-json\/wp\/v2\/types\/post"}],"author":[{"embeddable":true,"href":"https:\/\/www.laguiadepamplona.com\/actualidad\/wp-json\/wp\/v2\/users\/1"}],"replies":[{"embeddable":true,"href":"https:\/\/www.laguiadepamplona.com\/actualidad\/wp-json\/wp\/v2\/comments?post=50850"}],"version-history":[{"count":1,"href":"https:\/\/www.laguiadepamplona.com\/actualidad\/wp-json\/wp\/v2\/posts\/50850\/revisions"}],"predecessor-version":[{"id":50852,"href":"https:\/\/www.laguiadepamplona.com\/actualidad\/wp-json\/wp\/v2\/posts\/50850\/revisions\/50852"}],"wp:featuredmedia":[{"embeddable":true,"href":"https:\/\/www.laguiadepamplona.com\/actualidad\/wp-json\/wp\/v2\/media\/50851"}],"wp:attachment":[{"href":"https:\/\/www.laguiadepamplona.com\/actualidad\/wp-json\/wp\/v2\/media?parent=50850"}],"wp:term":[{"taxonomy":"category","embeddable":true,"href":"https:\/\/www.laguiadepamplona.com\/actualidad\/wp-json\/wp\/v2\/categories?post=50850"},{"taxonomy":"post_tag","embeddable":true,"href":"https:\/\/www.laguiadepamplona.com\/actualidad\/wp-json\/wp\/v2\/tags?post=50850"}],"curies":[{"name":"wp","href":"https:\/\/api.w.org\/{rel}","templated":true}]}}