{"id":50848,"date":"2024-09-26T13:17:47","date_gmt":"2024-09-26T11:17:47","guid":{"rendered":"https:\/\/www.laguiadepamplona.com\/actualidad\/?p=50848"},"modified":"2024-09-26T13:17:47","modified_gmt":"2024-09-26T11:17:47","slug":"la-casa-de-las-mujeres-acoge-la-nueva-edicion-del-grupo-de-accion-climatica-una-herramienta-del-ayuntamiento-de-pamplona-para-lograr-una-sociedad-mas-ecologica","status":"publish","type":"post","link":"https:\/\/www.laguiadepamplona.com\/actualidad\/la-casa-de-las-mujeres-acoge-la-nueva-edicion-del-grupo-de-accion-climatica-una-herramienta-del-ayuntamiento-de-pamplona-para-lograr-una-sociedad-mas-ecologica\/","title":{"rendered":"La Casa de las Mujeres acoge la nueva edici\u00f3n del grupo de acci\u00f3n clim\u00e1tica, una herramienta del Ayuntamiento de Pamplona para lograr una sociedad m\u00e1s ecol\u00f3gica"},"content":{"rendered":"<h2>Este jueves arranca la inscripci\u00f3n para participar en este grupo de debate y concienciaci\u00f3n sobre el cambio clim\u00e1tico<\/h2>\n<p><!--more--><\/p>\n<p>Abordar la transici\u00f3n ecol\u00f3gica de forma colectiva, acompa\u00f1ada y realizando acciones cotidianas es el objetivo que persigue el Ayuntamiento de Pamplona a trav\u00e9s de su Grupo de Acci\u00f3n Clim\u00e1tica. La iniciativa, que celebra ya su cuarta edici\u00f3n, cuenta este a\u00f1o con un cambio de ubicaci\u00f3n. Esta vez, el grupo se reunir\u00e1 en la Casa de las Mujeres, en lugar de en el Museo de Educaci\u00f3n Ambiental. No obstante, permanecer\u00e1 abierto a toda la ciudadan\u00eda interesada. Todas aquellas personas que quieran inscribirse podr\u00e1n hacerlo a partir de este mismo jueves, en el tel\u00e9fono de atenci\u00f3n ciudadana 010 \u00f3 948 42 01 00, si se llama desde m\u00f3vil y de fuera de Pamplona.<\/p>\n<p>Desde octubre y hasta mayo, las personas participantes se reunir\u00e1n durante ocho jueves, en horario de tarde, de 18 a 20 horas, en la Casa de las Mujeres, ubicada en la calle Aoiz n\u00famero 9, para tratar aspectos relacionados con el cambio clim\u00e1tico y la transici\u00f3n ecol\u00f3gica. Las sesiones ser\u00e1n el 24 de octubre, el 21 de noviembre, el 19 de diciembre, el 23 de enero, el 20 de febrero, el 20 de marzo, el 10 de abril y el 22 de mayo.<\/p>\n<p>Acompa\u00f1adas por el Equipo de Educaci\u00f3n Ambiental del Ayuntamiento, las participantes en esta iniciativa explorar\u00e1n cambios en su d\u00eda a d\u00eda en aras a mejorar el medio ambiente, a trav\u00e9s de acciones individuales y colectivas, asumiendo compromisos evaluables para poner en marcha procesos de transici\u00f3n ecol\u00f3gica. Adem\u00e1s de este tipo de acciones, como en a\u00f1os anteriores, se realizar\u00e1n visitas a distintos espacios y se conocer\u00e1n iniciativas reales que est\u00e1n transitando en la adaptaci\u00f3n y mitigaci\u00f3n.<\/p>\n<p>Esta iniciativa pretende ser una semilla de empoderamiento que acompa\u00f1e a un grupo de personas, para que su experiencia puede extenderse a la sociedad. La propuesta forma parte de la Estrategia de Transici\u00f3n Energ\u00e9tica y Cambio Clim\u00e1tico de Pamplona 2030 y en la Agenda Urbana de Pamplona, como un eje necesario para impulsar un cambio hac\u00eda un modelo de ciudad m\u00e1s sostenible a todos los niveles. En concreto, se engloba dentro del Objetivo Estrat\u00e9gico 5: \u201cInstaurar una cultura clim\u00e1tica en la sociedad de Pamplona\u201d.<\/p>\n","protected":false},"excerpt":{"rendered":"<p>Este jueves arranca la inscripci\u00f3n para participar en este grupo de debate y concienciaci\u00f3n sobre el cambio clim\u00e1tico<\/p>\n","protected":false},"author":1,"featured_media":48588,"comment_status":"open","ping_status":"closed","sticky":false,"template":"","format":"standard","meta":{"footnotes":""},"categories":[2],"tags":[],"class_list":["post-50848","post","type-post","status-publish","format-standard","has-post-thumbnail","hentry","category-ayuntamiento-pamplona"],"yoast_head":"<!-- This site is optimized with the Yoast SEO plugin v27.3 - https:\/\/yoast.com\/product\/yoast-seo-wordpress\/ -->\n<title>La Casa de las Mujeres acoge la nueva edici\u00f3n del grupo de acci\u00f3n clim\u00e1tica, una herramienta del Ayuntamiento de Pamplona para lograr una sociedad m\u00e1s ecol\u00f3gica<\/title>\n<meta name=\"description\" content=\"Este jueves arranca la inscripci\u00f3n para participar en este grupo de debate y concienciaci\u00f3n sobre el cambio clim\u00e1tico\" \/>\n<meta name=\"robots\" content=\"index, follow, max-snippet:-1, max-image-preview:large, max-video-preview:-1\" \/>\n<link rel=\"canonical\" href=\"https:\/\/www.laguiadepamplona.com\/actualidad\/la-casa-de-las-mujeres-acoge-la-nueva-edicion-del-grupo-de-accion-climatica-una-herramienta-del-ayuntamiento-de-pamplona-para-lograr-una-sociedad-mas-ecologica\/\" \/>\n<meta property=\"og:locale\" content=\"es_ES\" \/>\n<meta property=\"og:type\" content=\"article\" \/>\n<meta property=\"og:title\" content=\"La Casa de las Mujeres acoge la nueva edici\u00f3n del grupo de acci\u00f3n clim\u00e1tica, una herramienta del Ayuntamiento de Pamplona para lograr una sociedad m\u00e1s ecol\u00f3gica\" \/>\n<meta property=\"og:description\" content=\"Este jueves arranca la inscripci\u00f3n para participar en este grupo de debate y concienciaci\u00f3n sobre el cambio clim\u00e1tico\" \/>\n<meta property=\"og:url\" content=\"https:\/\/www.laguiadepamplona.com\/actualidad\/la-casa-de-las-mujeres-acoge-la-nueva-edicion-del-grupo-de-accion-climatica-una-herramienta-del-ayuntamiento-de-pamplona-para-lograr-una-sociedad-mas-ecologica\/\" \/>\n<meta property=\"og:site_name\" content=\"La Gu\u00eda de Pamplona\" \/>\n<meta property=\"article:publisher\" content=\"https:\/\/www.facebook.com\/laguiadepamplonacom-133175176762273\/?ref=hl\" \/>\n<meta property=\"article:published_time\" content=\"2024-09-26T11:17:47+00:00\" \/>\n<meta property=\"og:image\" content=\"https:\/\/www.laguiadepamplona.com\/actualidad\/wp-content\/uploads\/2024\/01\/casamujeres_JMG7268_1.webp\" \/>\n\t<meta property=\"og:image:width\" content=\"1200\" \/>\n\t<meta property=\"og:image:height\" content=\"800\" \/>\n\t<meta property=\"og:image:type\" content=\"image\/webp\" \/>\n<meta name=\"author\" content=\"La Gu\u00eda de Pamplona\" \/>\n<meta name=\"twitter:card\" content=\"summary_large_image\" \/>\n<meta name=\"twitter:creator\" content=\"@LaGuiadPamplona\" \/>\n<meta name=\"twitter:site\" content=\"@LaGuiadPamplona\" \/>\n<meta name=\"twitter:label1\" content=\"Escrito por\" \/>\n\t<meta name=\"twitter:data1\" content=\"La Gu\u00eda de Pamplona\" \/>\n\t<meta name=\"twitter:label2\" content=\"Tiempo de lectura\" \/>\n\t<meta name=\"twitter:data2\" content=\"2 minutos\" \/>\n<script type=\"application\/ld+json\" class=\"yoast-schema-graph\">{\"@context\":\"https:\\\/\\\/schema.org\",\"@graph\":[{\"@type\":\"Article\",\"@id\":\"https:\\\/\\\/www.laguiadepamplona.com\\\/actualidad\\\/la-casa-de-las-mujeres-acoge-la-nueva-edicion-del-grupo-de-accion-climatica-una-herramienta-del-ayuntamiento-de-pamplona-para-lograr-una-sociedad-mas-ecologica\\\/#article\",\"isPartOf\":{\"@id\":\"https:\\\/\\\/www.laguiadepamplona.com\\\/actualidad\\\/la-casa-de-las-mujeres-acoge-la-nueva-edicion-del-grupo-de-accion-climatica-una-herramienta-del-ayuntamiento-de-pamplona-para-lograr-una-sociedad-mas-ecologica\\\/\"},\"author\":{\"name\":\"La Gu\u00eda de Pamplona\",\"@id\":\"https:\\\/\\\/www.laguiadepamplona.com\\\/actualidad\\\/#\\\/schema\\\/person\\\/efe887376f0213d4657c93adc50b1fdb\"},\"headline\":\"La Casa de las Mujeres acoge la nueva edici\u00f3n del grupo de acci\u00f3n clim\u00e1tica, una herramienta del Ayuntamiento de Pamplona para lograr una sociedad m\u00e1s ecol\u00f3gica\",\"datePublished\":\"2024-09-26T11:17:47+00:00\",\"mainEntityOfPage\":{\"@id\":\"https:\\\/\\\/www.laguiadepamplona.com\\\/actualidad\\\/la-casa-de-las-mujeres-acoge-la-nueva-edicion-del-grupo-de-accion-climatica-una-herramienta-del-ayuntamiento-de-pamplona-para-lograr-una-sociedad-mas-ecologica\\\/\"},\"wordCount\":430,\"commentCount\":0,\"publisher\":{\"@id\":\"https:\\\/\\\/www.laguiadepamplona.com\\\/actualidad\\\/#organization\"},\"image\":{\"@id\":\"https:\\\/\\\/www.laguiadepamplona.com\\\/actualidad\\\/la-casa-de-las-mujeres-acoge-la-nueva-edicion-del-grupo-de-accion-climatica-una-herramienta-del-ayuntamiento-de-pamplona-para-lograr-una-sociedad-mas-ecologica\\\/#primaryimage\"},\"thumbnailUrl\":\"https:\\\/\\\/www.laguiadepamplona.com\\\/actualidad\\\/wp-content\\\/uploads\\\/2024\\\/01\\\/casamujeres_JMG7268_1.webp\",\"articleSection\":[\"Ayto Pamplona\"],\"inLanguage\":\"es\",\"potentialAction\":[{\"@type\":\"CommentAction\",\"name\":\"Comment\",\"target\":[\"https:\\\/\\\/www.laguiadepamplona.com\\\/actualidad\\\/la-casa-de-las-mujeres-acoge-la-nueva-edicion-del-grupo-de-accion-climatica-una-herramienta-del-ayuntamiento-de-pamplona-para-lograr-una-sociedad-mas-ecologica\\\/#respond\"]}]},{\"@type\":\"WebPage\",\"@id\":\"https:\\\/\\\/www.laguiadepamplona.com\\\/actualidad\\\/la-casa-de-las-mujeres-acoge-la-nueva-edicion-del-grupo-de-accion-climatica-una-herramienta-del-ayuntamiento-de-pamplona-para-lograr-una-sociedad-mas-ecologica\\\/\",\"url\":\"https:\\\/\\\/www.laguiadepamplona.com\\\/actualidad\\\/la-casa-de-las-mujeres-acoge-la-nueva-edicion-del-grupo-de-accion-climatica-una-herramienta-del-ayuntamiento-de-pamplona-para-lograr-una-sociedad-mas-ecologica\\\/\",\"name\":\"La Casa de las Mujeres acoge la nueva edici\u00f3n del grupo de acci\u00f3n clim\u00e1tica, una herramienta del Ayuntamiento de Pamplona para lograr una sociedad m\u00e1s ecol\u00f3gica\",\"isPartOf\":{\"@id\":\"https:\\\/\\\/www.laguiadepamplona.com\\\/actualidad\\\/#website\"},\"primaryImageOfPage\":{\"@id\":\"https:\\\/\\\/www.laguiadepamplona.com\\\/actualidad\\\/la-casa-de-las-mujeres-acoge-la-nueva-edicion-del-grupo-de-accion-climatica-una-herramienta-del-ayuntamiento-de-pamplona-para-lograr-una-sociedad-mas-ecologica\\\/#primaryimage\"},\"image\":{\"@id\":\"https:\\\/\\\/www.laguiadepamplona.com\\\/actualidad\\\/la-casa-de-las-mujeres-acoge-la-nueva-edicion-del-grupo-de-accion-climatica-una-herramienta-del-ayuntamiento-de-pamplona-para-lograr-una-sociedad-mas-ecologica\\\/#primaryimage\"},\"thumbnailUrl\":\"https:\\\/\\\/www.laguiadepamplona.com\\\/actualidad\\\/wp-content\\\/uploads\\\/2024\\\/01\\\/casamujeres_JMG7268_1.webp\",\"datePublished\":\"2024-09-26T11:17:47+00:00\",\"description\":\"Este jueves arranca la inscripci\u00f3n para participar en este grupo de debate y concienciaci\u00f3n sobre el cambio clim\u00e1tico\",\"breadcrumb\":{\"@id\":\"https:\\\/\\\/www.laguiadepamplona.com\\\/actualidad\\\/la-casa-de-las-mujeres-acoge-la-nueva-edicion-del-grupo-de-accion-climatica-una-herramienta-del-ayuntamiento-de-pamplona-para-lograr-una-sociedad-mas-ecologica\\\/#breadcrumb\"},\"inLanguage\":\"es\",\"potentialAction\":[{\"@type\":\"ReadAction\",\"target\":[\"https:\\\/\\\/www.laguiadepamplona.com\\\/actualidad\\\/la-casa-de-las-mujeres-acoge-la-nueva-edicion-del-grupo-de-accion-climatica-una-herramienta-del-ayuntamiento-de-pamplona-para-lograr-una-sociedad-mas-ecologica\\\/\"]}]},{\"@type\":\"ImageObject\",\"inLanguage\":\"es\",\"@id\":\"https:\\\/\\\/www.laguiadepamplona.com\\\/actualidad\\\/la-casa-de-las-mujeres-acoge-la-nueva-edicion-del-grupo-de-accion-climatica-una-herramienta-del-ayuntamiento-de-pamplona-para-lograr-una-sociedad-mas-ecologica\\\/#primaryimage\",\"url\":\"https:\\\/\\\/www.laguiadepamplona.com\\\/actualidad\\\/wp-content\\\/uploads\\\/2024\\\/01\\\/casamujeres_JMG7268_1.webp\",\"contentUrl\":\"https:\\\/\\\/www.laguiadepamplona.com\\\/actualidad\\\/wp-content\\\/uploads\\\/2024\\\/01\\\/casamujeres_JMG7268_1.webp\",\"width\":1200,\"height\":800,\"caption\":\"casa mujeres\"},{\"@type\":\"BreadcrumbList\",\"@id\":\"https:\\\/\\\/www.laguiadepamplona.com\\\/actualidad\\\/la-casa-de-las-mujeres-acoge-la-nueva-edicion-del-grupo-de-accion-climatica-una-herramienta-del-ayuntamiento-de-pamplona-para-lograr-una-sociedad-mas-ecologica\\\/#breadcrumb\",\"itemListElement\":[{\"@type\":\"ListItem\",\"position\":1,\"name\":\"Portada\",\"item\":\"https:\\\/\\\/www.laguiadepamplona.com\\\/actualidad\\\/\"},{\"@type\":\"ListItem\",\"position\":2,\"name\":\"La Casa de las Mujeres acoge la nueva edici\u00f3n del grupo de acci\u00f3n clim\u00e1tica, una herramienta del Ayuntamiento de Pamplona para lograr una sociedad m\u00e1s ecol\u00f3gica\"}]},{\"@type\":\"WebSite\",\"@id\":\"https:\\\/\\\/www.laguiadepamplona.com\\\/actualidad\\\/#website\",\"url\":\"https:\\\/\\\/www.laguiadepamplona.com\\\/actualidad\\\/\",\"name\":\"La gu\u00eda de Pamplona\",\"description\":\"Noticias de Pamplona\",\"publisher\":{\"@id\":\"https:\\\/\\\/www.laguiadepamplona.com\\\/actualidad\\\/#organization\"},\"potentialAction\":[{\"@type\":\"SearchAction\",\"target\":{\"@type\":\"EntryPoint\",\"urlTemplate\":\"https:\\\/\\\/www.laguiadepamplona.com\\\/actualidad\\\/?s={search_term_string}\"},\"query-input\":{\"@type\":\"PropertyValueSpecification\",\"valueRequired\":true,\"valueName\":\"search_term_string\"}}],\"inLanguage\":\"es\"},{\"@type\":\"Organization\",\"@id\":\"https:\\\/\\\/www.laguiadepamplona.com\\\/actualidad\\\/#organization\",\"name\":\"La Gu\u00eda de Pamplona \\\/ Noticias\",\"url\":\"https:\\\/\\\/www.laguiadepamplona.com\\\/actualidad\\\/\",\"logo\":{\"@type\":\"ImageObject\",\"inLanguage\":\"es\",\"@id\":\"https:\\\/\\\/www.laguiadepamplona.com\\\/actualidad\\\/#\\\/schema\\\/logo\\\/image\\\/\",\"url\":\"https:\\\/\\\/www.laguiadepamplona.com\\\/actualidad\\\/wp-content\\\/uploads\\\/2018\\\/11\\\/logo-laguiadepamplona18-web1.png\",\"contentUrl\":\"https:\\\/\\\/www.laguiadepamplona.com\\\/actualidad\\\/wp-content\\\/uploads\\\/2018\\\/11\\\/logo-laguiadepamplona18-web1.png\",\"width\":600,\"height\":196,\"caption\":\"La Gu\u00eda de Pamplona \\\/ Noticias\"},\"image\":{\"@id\":\"https:\\\/\\\/www.laguiadepamplona.com\\\/actualidad\\\/#\\\/schema\\\/logo\\\/image\\\/\"},\"sameAs\":[\"https:\\\/\\\/www.facebook.com\\\/laguiadepamplonacom-133175176762273\\\/?ref=hl\",\"https:\\\/\\\/x.com\\\/LaGuiadPamplona\",\"https:\\\/\\\/www.instagram.com\\\/la_guia_de_pamplona\\\/\",\"https:\\\/\\\/www.youtube.com\\\/user\\\/laguiadepamplona\"]},{\"@type\":\"Person\",\"@id\":\"https:\\\/\\\/www.laguiadepamplona.com\\\/actualidad\\\/#\\\/schema\\\/person\\\/efe887376f0213d4657c93adc50b1fdb\",\"name\":\"La Gu\u00eda de Pamplona\",\"image\":{\"@type\":\"ImageObject\",\"inLanguage\":\"es\",\"@id\":\"https:\\\/\\\/secure.gravatar.com\\\/avatar\\\/b6992f131dc8d30ab0dff15446e9d346d9dbd95992de0fef795073f5ea83a81c?s=96&d=mm&r=g\",\"url\":\"https:\\\/\\\/secure.gravatar.com\\\/avatar\\\/b6992f131dc8d30ab0dff15446e9d346d9dbd95992de0fef795073f5ea83a81c?s=96&d=mm&r=g\",\"contentUrl\":\"https:\\\/\\\/secure.gravatar.com\\\/avatar\\\/b6992f131dc8d30ab0dff15446e9d346d9dbd95992de0fef795073f5ea83a81c?s=96&d=mm&r=g\",\"caption\":\"La Gu\u00eda de Pamplona\"}}]}<\/script>\n<!-- \/ Yoast SEO plugin. -->","yoast_head_json":{"title":"La Casa de las Mujeres acoge la nueva edici\u00f3n del grupo de acci\u00f3n clim\u00e1tica, una herramienta del Ayuntamiento de Pamplona para lograr una sociedad m\u00e1s ecol\u00f3gica","description":"Este jueves arranca la inscripci\u00f3n para participar en este grupo de debate y concienciaci\u00f3n sobre el cambio clim\u00e1tico","robots":{"index":"index","follow":"follow","max-snippet":"max-snippet:-1","max-image-preview":"max-image-preview:large","max-video-preview":"max-video-preview:-1"},"canonical":"https:\/\/www.laguiadepamplona.com\/actualidad\/la-casa-de-las-mujeres-acoge-la-nueva-edicion-del-grupo-de-accion-climatica-una-herramienta-del-ayuntamiento-de-pamplona-para-lograr-una-sociedad-mas-ecologica\/","og_locale":"es_ES","og_type":"article","og_title":"La Casa de las Mujeres acoge la nueva edici\u00f3n del grupo de acci\u00f3n clim\u00e1tica, una herramienta del Ayuntamiento de Pamplona para lograr una sociedad m\u00e1s ecol\u00f3gica","og_description":"Este jueves arranca la inscripci\u00f3n para participar en este grupo de debate y concienciaci\u00f3n sobre el cambio clim\u00e1tico","og_url":"https:\/\/www.laguiadepamplona.com\/actualidad\/la-casa-de-las-mujeres-acoge-la-nueva-edicion-del-grupo-de-accion-climatica-una-herramienta-del-ayuntamiento-de-pamplona-para-lograr-una-sociedad-mas-ecologica\/","og_site_name":"La Gu\u00eda de Pamplona","article_publisher":"https:\/\/www.facebook.com\/laguiadepamplonacom-133175176762273\/?ref=hl","article_published_time":"2024-09-26T11:17:47+00:00","og_image":[{"width":1200,"height":800,"url":"https:\/\/www.laguiadepamplona.com\/actualidad\/wp-content\/uploads\/2024\/01\/casamujeres_JMG7268_1.webp","type":"image\/webp"}],"author":"La Gu\u00eda de Pamplona","twitter_card":"summary_large_image","twitter_creator":"@LaGuiadPamplona","twitter_site":"@LaGuiadPamplona","twitter_misc":{"Escrito por":"La Gu\u00eda de Pamplona","Tiempo de lectura":"2 minutos"},"schema":{"@context":"https:\/\/schema.org","@graph":[{"@type":"Article","@id":"https:\/\/www.laguiadepamplona.com\/actualidad\/la-casa-de-las-mujeres-acoge-la-nueva-edicion-del-grupo-de-accion-climatica-una-herramienta-del-ayuntamiento-de-pamplona-para-lograr-una-sociedad-mas-ecologica\/#article","isPartOf":{"@id":"https:\/\/www.laguiadepamplona.com\/actualidad\/la-casa-de-las-mujeres-acoge-la-nueva-edicion-del-grupo-de-accion-climatica-una-herramienta-del-ayuntamiento-de-pamplona-para-lograr-una-sociedad-mas-ecologica\/"},"author":{"name":"La Gu\u00eda de Pamplona","@id":"https:\/\/www.laguiadepamplona.com\/actualidad\/#\/schema\/person\/efe887376f0213d4657c93adc50b1fdb"},"headline":"La Casa de las Mujeres acoge la nueva edici\u00f3n del grupo de acci\u00f3n clim\u00e1tica, una herramienta del Ayuntamiento de Pamplona para lograr una sociedad m\u00e1s ecol\u00f3gica","datePublished":"2024-09-26T11:17:47+00:00","mainEntityOfPage":{"@id":"https:\/\/www.laguiadepamplona.com\/actualidad\/la-casa-de-las-mujeres-acoge-la-nueva-edicion-del-grupo-de-accion-climatica-una-herramienta-del-ayuntamiento-de-pamplona-para-lograr-una-sociedad-mas-ecologica\/"},"wordCount":430,"commentCount":0,"publisher":{"@id":"https:\/\/www.laguiadepamplona.com\/actualidad\/#organization"},"image":{"@id":"https:\/\/www.laguiadepamplona.com\/actualidad\/la-casa-de-las-mujeres-acoge-la-nueva-edicion-del-grupo-de-accion-climatica-una-herramienta-del-ayuntamiento-de-pamplona-para-lograr-una-sociedad-mas-ecologica\/#primaryimage"},"thumbnailUrl":"https:\/\/www.laguiadepamplona.com\/actualidad\/wp-content\/uploads\/2024\/01\/casamujeres_JMG7268_1.webp","articleSection":["Ayto Pamplona"],"inLanguage":"es","potentialAction":[{"@type":"CommentAction","name":"Comment","target":["https:\/\/www.laguiadepamplona.com\/actualidad\/la-casa-de-las-mujeres-acoge-la-nueva-edicion-del-grupo-de-accion-climatica-una-herramienta-del-ayuntamiento-de-pamplona-para-lograr-una-sociedad-mas-ecologica\/#respond"]}]},{"@type":"WebPage","@id":"https:\/\/www.laguiadepamplona.com\/actualidad\/la-casa-de-las-mujeres-acoge-la-nueva-edicion-del-grupo-de-accion-climatica-una-herramienta-del-ayuntamiento-de-pamplona-para-lograr-una-sociedad-mas-ecologica\/","url":"https:\/\/www.laguiadepamplona.com\/actualidad\/la-casa-de-las-mujeres-acoge-la-nueva-edicion-del-grupo-de-accion-climatica-una-herramienta-del-ayuntamiento-de-pamplona-para-lograr-una-sociedad-mas-ecologica\/","name":"La Casa de las Mujeres acoge la nueva edici\u00f3n del grupo de acci\u00f3n clim\u00e1tica, una herramienta del Ayuntamiento de Pamplona para lograr una sociedad m\u00e1s ecol\u00f3gica","isPartOf":{"@id":"https:\/\/www.laguiadepamplona.com\/actualidad\/#website"},"primaryImageOfPage":{"@id":"https:\/\/www.laguiadepamplona.com\/actualidad\/la-casa-de-las-mujeres-acoge-la-nueva-edicion-del-grupo-de-accion-climatica-una-herramienta-del-ayuntamiento-de-pamplona-para-lograr-una-sociedad-mas-ecologica\/#primaryimage"},"image":{"@id":"https:\/\/www.laguiadepamplona.com\/actualidad\/la-casa-de-las-mujeres-acoge-la-nueva-edicion-del-grupo-de-accion-climatica-una-herramienta-del-ayuntamiento-de-pamplona-para-lograr-una-sociedad-mas-ecologica\/#primaryimage"},"thumbnailUrl":"https:\/\/www.laguiadepamplona.com\/actualidad\/wp-content\/uploads\/2024\/01\/casamujeres_JMG7268_1.webp","datePublished":"2024-09-26T11:17:47+00:00","description":"Este jueves arranca la inscripci\u00f3n para participar en este grupo de debate y concienciaci\u00f3n sobre el cambio clim\u00e1tico","breadcrumb":{"@id":"https:\/\/www.laguiadepamplona.com\/actualidad\/la-casa-de-las-mujeres-acoge-la-nueva-edicion-del-grupo-de-accion-climatica-una-herramienta-del-ayuntamiento-de-pamplona-para-lograr-una-sociedad-mas-ecologica\/#breadcrumb"},"inLanguage":"es","potentialAction":[{"@type":"ReadAction","target":["https:\/\/www.laguiadepamplona.com\/actualidad\/la-casa-de-las-mujeres-acoge-la-nueva-edicion-del-grupo-de-accion-climatica-una-herramienta-del-ayuntamiento-de-pamplona-para-lograr-una-sociedad-mas-ecologica\/"]}]},{"@type":"ImageObject","inLanguage":"es","@id":"https:\/\/www.laguiadepamplona.com\/actualidad\/la-casa-de-las-mujeres-acoge-la-nueva-edicion-del-grupo-de-accion-climatica-una-herramienta-del-ayuntamiento-de-pamplona-para-lograr-una-sociedad-mas-ecologica\/#primaryimage","url":"https:\/\/www.laguiadepamplona.com\/actualidad\/wp-content\/uploads\/2024\/01\/casamujeres_JMG7268_1.webp","contentUrl":"https:\/\/www.laguiadepamplona.com\/actualidad\/wp-content\/uploads\/2024\/01\/casamujeres_JMG7268_1.webp","width":1200,"height":800,"caption":"casa mujeres"},{"@type":"BreadcrumbList","@id":"https:\/\/www.laguiadepamplona.com\/actualidad\/la-casa-de-las-mujeres-acoge-la-nueva-edicion-del-grupo-de-accion-climatica-una-herramienta-del-ayuntamiento-de-pamplona-para-lograr-una-sociedad-mas-ecologica\/#breadcrumb","itemListElement":[{"@type":"ListItem","position":1,"name":"Portada","item":"https:\/\/www.laguiadepamplona.com\/actualidad\/"},{"@type":"ListItem","position":2,"name":"La Casa de las Mujeres acoge la nueva edici\u00f3n del grupo de acci\u00f3n clim\u00e1tica, una herramienta del Ayuntamiento de Pamplona para lograr una sociedad m\u00e1s ecol\u00f3gica"}]},{"@type":"WebSite","@id":"https:\/\/www.laguiadepamplona.com\/actualidad\/#website","url":"https:\/\/www.laguiadepamplona.com\/actualidad\/","name":"La gu\u00eda de Pamplona","description":"Noticias de Pamplona","publisher":{"@id":"https:\/\/www.laguiadepamplona.com\/actualidad\/#organization"},"potentialAction":[{"@type":"SearchAction","target":{"@type":"EntryPoint","urlTemplate":"https:\/\/www.laguiadepamplona.com\/actualidad\/?s={search_term_string}"},"query-input":{"@type":"PropertyValueSpecification","valueRequired":true,"valueName":"search_term_string"}}],"inLanguage":"es"},{"@type":"Organization","@id":"https:\/\/www.laguiadepamplona.com\/actualidad\/#organization","name":"La Gu\u00eda de Pamplona \/ Noticias","url":"https:\/\/www.laguiadepamplona.com\/actualidad\/","logo":{"@type":"ImageObject","inLanguage":"es","@id":"https:\/\/www.laguiadepamplona.com\/actualidad\/#\/schema\/logo\/image\/","url":"https:\/\/www.laguiadepamplona.com\/actualidad\/wp-content\/uploads\/2018\/11\/logo-laguiadepamplona18-web1.png","contentUrl":"https:\/\/www.laguiadepamplona.com\/actualidad\/wp-content\/uploads\/2018\/11\/logo-laguiadepamplona18-web1.png","width":600,"height":196,"caption":"La Gu\u00eda de Pamplona \/ Noticias"},"image":{"@id":"https:\/\/www.laguiadepamplona.com\/actualidad\/#\/schema\/logo\/image\/"},"sameAs":["https:\/\/www.facebook.com\/laguiadepamplonacom-133175176762273\/?ref=hl","https:\/\/x.com\/LaGuiadPamplona","https:\/\/www.instagram.com\/la_guia_de_pamplona\/","https:\/\/www.youtube.com\/user\/laguiadepamplona"]},{"@type":"Person","@id":"https:\/\/www.laguiadepamplona.com\/actualidad\/#\/schema\/person\/efe887376f0213d4657c93adc50b1fdb","name":"La Gu\u00eda de Pamplona","image":{"@type":"ImageObject","inLanguage":"es","@id":"https:\/\/secure.gravatar.com\/avatar\/b6992f131dc8d30ab0dff15446e9d346d9dbd95992de0fef795073f5ea83a81c?s=96&d=mm&r=g","url":"https:\/\/secure.gravatar.com\/avatar\/b6992f131dc8d30ab0dff15446e9d346d9dbd95992de0fef795073f5ea83a81c?s=96&d=mm&r=g","contentUrl":"https:\/\/secure.gravatar.com\/avatar\/b6992f131dc8d30ab0dff15446e9d346d9dbd95992de0fef795073f5ea83a81c?s=96&d=mm&r=g","caption":"La Gu\u00eda de Pamplona"}}]}},"post_mailing_queue_ids":[],"_links":{"self":[{"href":"https:\/\/www.laguiadepamplona.com\/actualidad\/wp-json\/wp\/v2\/posts\/50848","targetHints":{"allow":["GET"]}}],"collection":[{"href":"https:\/\/www.laguiadepamplona.com\/actualidad\/wp-json\/wp\/v2\/posts"}],"about":[{"href":"https:\/\/www.laguiadepamplona.com\/actualidad\/wp-json\/wp\/v2\/types\/post"}],"author":[{"embeddable":true,"href":"https:\/\/www.laguiadepamplona.com\/actualidad\/wp-json\/wp\/v2\/users\/1"}],"replies":[{"embeddable":true,"href":"https:\/\/www.laguiadepamplona.com\/actualidad\/wp-json\/wp\/v2\/comments?post=50848"}],"version-history":[{"count":1,"href":"https:\/\/www.laguiadepamplona.com\/actualidad\/wp-json\/wp\/v2\/posts\/50848\/revisions"}],"predecessor-version":[{"id":50849,"href":"https:\/\/www.laguiadepamplona.com\/actualidad\/wp-json\/wp\/v2\/posts\/50848\/revisions\/50849"}],"wp:featuredmedia":[{"embeddable":true,"href":"https:\/\/www.laguiadepamplona.com\/actualidad\/wp-json\/wp\/v2\/media\/48588"}],"wp:attachment":[{"href":"https:\/\/www.laguiadepamplona.com\/actualidad\/wp-json\/wp\/v2\/media?parent=50848"}],"wp:term":[{"taxonomy":"category","embeddable":true,"href":"https:\/\/www.laguiadepamplona.com\/actualidad\/wp-json\/wp\/v2\/categories?post=50848"},{"taxonomy":"post_tag","embeddable":true,"href":"https:\/\/www.laguiadepamplona.com\/actualidad\/wp-json\/wp\/v2\/tags?post=50848"}],"curies":[{"name":"wp","href":"https:\/\/api.w.org\/{rel}","templated":true}]}}