{"id":50818,"date":"2024-09-24T12:59:54","date_gmt":"2024-09-24T10:59:54","guid":{"rendered":"https:\/\/www.laguiadepamplona.com\/actualidad\/?p=50818"},"modified":"2024-09-24T12:59:54","modified_gmt":"2024-09-24T10:59:54","slug":"la-oficina-verde-de-rochapea-se-presenta-este-miercoles-en-el-museo-de-educacion-ambiental","status":"publish","type":"post","link":"https:\/\/www.laguiadepamplona.com\/actualidad\/la-oficina-verde-de-rochapea-se-presenta-este-miercoles-en-el-museo-de-educacion-ambiental\/","title":{"rendered":"La Oficina Verde de Rochapea se presenta este mi\u00e9rcoles en el Museo de Educaci\u00f3n Ambiental"},"content":{"rendered":"<h2>A partir de las 17.30 horas, con entrada libre, se celebrar\u00e1 una jornada en la que se dar\u00e1n a conocer sus caracter\u00edsticas y funcionamiento<\/h2>\n<p><!--more--><\/p>\n<p>La semana pasada fue la Oficina Verde de Milagrosa y este mi\u00e9rcoles la Oficina Verde de Rochapea. Se ubicar\u00e1 en el Museo de Educaci\u00f3n Ambiental, que acoger\u00e1 una jornada de presentaci\u00f3n de este nuevo servicio p\u00fablico, que forma parte del proyecto europeo H2020 oPEN Lab. La Oficina Verde de Rochapea funcionar\u00e1 con atenci\u00f3n presencial los martes de 10 a 13 horas y de 18 a 20 horas para cuestiones de rehabilitaci\u00f3n energ\u00e9tica y regeneraci\u00f3n urbana y en materia energ\u00e9tica y comunidades energ\u00e9ticas. La atenci\u00f3n telem\u00e1tica estar\u00e1 operativa de lunes a viernes, de 9 a 14 horas.<\/p>\n<p>La jornada comenzar\u00e1 a las 17.30 horas con el saludo del concejal delegado de Gobierno Estrat\u00e9gico, Urbanismo, Vivienda y Agenda 2023, Joxe Abaurrea San Juan, y una presentaci\u00f3n general sobre los servicios de las oficinas de barrio, a cargo de la directora del \u00e1rea Uxua Dombl\u00e1s Ib\u00e1\u00f1ez. En torno a las 17.50 horas, intervendr\u00e1 el t\u00e9cnico de la Agencia Energ\u00e9tica de Pamplona, Juan Rold\u00e1n Marzo, para presentar la Oficina Verde de Rochapea.<\/p>\n<p>A continuaci\u00f3n, una charla abordar\u00e1 el marco de apoyo a la rehabilitaci\u00f3n energ\u00e9tica de barrio con el t\u00e9cnico de la Agencia Energ\u00e9tica de Pamplona, Carlos Fern\u00e1ndez Tob\u00edas, y la arquitecta de la Oficina de Rehabilitaci\u00f3n de Pamplona, Mar\u00eda Victoria Cortijo G\u00f3mez. A las 18.35 horas, se celebrar\u00e1 un coloquio sobre casos concretos de rehabilitaciones en barrios como San Jorge, Txantrea o Rochapea. La jornada la cerrar\u00e1, a las 19.15 horas, la gerente de Pamplona Centro Hist\u00f3rico, Idoia Madariaga L\u00f3pez.<\/p>\n<p><strong>Sobre las Oficinas Verdes<\/strong><\/p>\n<p>Entre los objetivos de la Estrategia de Transici\u00f3n Energ\u00e9tica y Cambio Clim\u00e1tico 2030 de Pamplona, se incluye la creaci\u00f3n de dos oficinas verdes en los barrios de la Milagrosa y Rochapea para llevar a cabo la transformaci\u00f3n energ\u00e9tica de la ciudad. La finalidad de estas dos\u00a0<strong>oficinas verdes es asesorar y acompa\u00f1ar a la ciudadan\u00eda<\/strong>\u00a0de estos dos barrios en materia de rehabilitaci\u00f3n, regeneraci\u00f3n urbana y transici\u00f3n energ\u00e9tica ofreciendo una red de servicios clave para apoyar un modelo m\u00e1s sostenible de mejora de barrios y viviendas.<\/p>\n<p>Las oficinas se conciben como <strong>espacios de proximidad y punto de encuentro,<\/strong>\u00a0ofreciendo servicios clave como orientaci\u00f3n personalizada y continua para mejorar la eficiencia energ\u00e9tica de las viviendas, asesoramiento para el impulso de nuevas comunidades energ\u00e9ticas e informaci\u00f3n para reducir las facturas energ\u00e9ticas mejorando el confort de sus hogares y su calidad de vida. El equipo de las oficinas verdes est\u00e1 formado por\u00a0personal t\u00e9cnico especializado en arquitectura e ingenier\u00eda con el fin de apoyar en la toma de decisiones y ofrece tambi\u00e9n asesoramiento de car\u00e1cter administrativo jur\u00eddico acerca de procedimientos como toma de acuerdos, contrataci\u00f3n y gesti\u00f3n de subvenciones.<\/p>\n","protected":false},"excerpt":{"rendered":"<p>A partir de las 17.30 horas, con entrada libre, se celebrar\u00e1 una jornada en la que se dar\u00e1n a conocer sus caracter\u00edsticas y funcionamiento<\/p>\n","protected":false},"author":1,"featured_media":50819,"comment_status":"open","ping_status":"closed","sticky":false,"template":"","format":"standard","meta":{"footnotes":""},"categories":[2],"tags":[],"class_list":["post-50818","post","type-post","status-publish","format-standard","has-post-thumbnail","hentry","category-ayuntamiento-pamplona"],"yoast_head":"<!-- This site is optimized with the Yoast SEO plugin v27.3 - https:\/\/yoast.com\/product\/yoast-seo-wordpress\/ -->\n<title>La Oficina Verde de Rochapea se presenta este mi\u00e9rcoles en el Museo de Educaci\u00f3n Ambiental<\/title>\n<meta name=\"description\" content=\"A partir de las 17.30 horas, con entrada libre, se celebrar\u00e1 una jornada en la que se dar\u00e1n a conocer sus caracter\u00edsticas y funcionamiento\" \/>\n<meta name=\"robots\" content=\"index, follow, max-snippet:-1, max-image-preview:large, max-video-preview:-1\" \/>\n<link rel=\"canonical\" href=\"https:\/\/www.laguiadepamplona.com\/actualidad\/la-oficina-verde-de-rochapea-se-presenta-este-miercoles-en-el-museo-de-educacion-ambiental\/\" \/>\n<meta property=\"og:locale\" content=\"es_ES\" \/>\n<meta property=\"og:type\" content=\"article\" \/>\n<meta property=\"og:title\" content=\"La Oficina Verde de Rochapea se presenta este mi\u00e9rcoles en el Museo de Educaci\u00f3n Ambiental\" \/>\n<meta property=\"og:description\" content=\"A partir de las 17.30 horas, con entrada libre, se celebrar\u00e1 una jornada en la que se dar\u00e1n a conocer sus caracter\u00edsticas y funcionamiento\" \/>\n<meta property=\"og:url\" content=\"https:\/\/www.laguiadepamplona.com\/actualidad\/la-oficina-verde-de-rochapea-se-presenta-este-miercoles-en-el-museo-de-educacion-ambiental\/\" \/>\n<meta property=\"og:site_name\" content=\"La Gu\u00eda de Pamplona\" \/>\n<meta property=\"article:publisher\" content=\"https:\/\/www.facebook.com\/laguiadepamplonacom-133175176762273\/?ref=hl\" \/>\n<meta property=\"article:published_time\" content=\"2024-09-24T10:59:54+00:00\" \/>\n<meta property=\"og:image\" content=\"https:\/\/www.laguiadepamplona.com\/actualidad\/wp-content\/uploads\/2024\/09\/oficina-verde_web.jpg\" \/>\n\t<meta property=\"og:image:width\" content=\"1000\" \/>\n\t<meta property=\"og:image:height\" content=\"884\" \/>\n\t<meta property=\"og:image:type\" content=\"image\/jpeg\" \/>\n<meta name=\"author\" content=\"La Gu\u00eda de Pamplona\" \/>\n<meta name=\"twitter:card\" content=\"summary_large_image\" \/>\n<meta name=\"twitter:creator\" content=\"@LaGuiadPamplona\" \/>\n<meta name=\"twitter:site\" content=\"@LaGuiadPamplona\" \/>\n<meta name=\"twitter:label1\" content=\"Escrito por\" \/>\n\t<meta name=\"twitter:data1\" content=\"La Gu\u00eda de Pamplona\" \/>\n\t<meta name=\"twitter:label2\" content=\"Tiempo de lectura\" \/>\n\t<meta name=\"twitter:data2\" content=\"3 minutos\" \/>\n<script type=\"application\/ld+json\" class=\"yoast-schema-graph\">{\"@context\":\"https:\\\/\\\/schema.org\",\"@graph\":[{\"@type\":\"Article\",\"@id\":\"https:\\\/\\\/www.laguiadepamplona.com\\\/actualidad\\\/la-oficina-verde-de-rochapea-se-presenta-este-miercoles-en-el-museo-de-educacion-ambiental\\\/#article\",\"isPartOf\":{\"@id\":\"https:\\\/\\\/www.laguiadepamplona.com\\\/actualidad\\\/la-oficina-verde-de-rochapea-se-presenta-este-miercoles-en-el-museo-de-educacion-ambiental\\\/\"},\"author\":{\"name\":\"La Gu\u00eda de Pamplona\",\"@id\":\"https:\\\/\\\/www.laguiadepamplona.com\\\/actualidad\\\/#\\\/schema\\\/person\\\/efe887376f0213d4657c93adc50b1fdb\"},\"headline\":\"La Oficina Verde de Rochapea se presenta este mi\u00e9rcoles en el Museo de Educaci\u00f3n Ambiental\",\"datePublished\":\"2024-09-24T10:59:54+00:00\",\"mainEntityOfPage\":{\"@id\":\"https:\\\/\\\/www.laguiadepamplona.com\\\/actualidad\\\/la-oficina-verde-de-rochapea-se-presenta-este-miercoles-en-el-museo-de-educacion-ambiental\\\/\"},\"wordCount\":523,\"commentCount\":0,\"publisher\":{\"@id\":\"https:\\\/\\\/www.laguiadepamplona.com\\\/actualidad\\\/#organization\"},\"image\":{\"@id\":\"https:\\\/\\\/www.laguiadepamplona.com\\\/actualidad\\\/la-oficina-verde-de-rochapea-se-presenta-este-miercoles-en-el-museo-de-educacion-ambiental\\\/#primaryimage\"},\"thumbnailUrl\":\"https:\\\/\\\/www.laguiadepamplona.com\\\/actualidad\\\/wp-content\\\/uploads\\\/2024\\\/09\\\/oficina-verde_web.jpg\",\"articleSection\":[\"Ayto Pamplona\"],\"inLanguage\":\"es\",\"potentialAction\":[{\"@type\":\"CommentAction\",\"name\":\"Comment\",\"target\":[\"https:\\\/\\\/www.laguiadepamplona.com\\\/actualidad\\\/la-oficina-verde-de-rochapea-se-presenta-este-miercoles-en-el-museo-de-educacion-ambiental\\\/#respond\"]}]},{\"@type\":\"WebPage\",\"@id\":\"https:\\\/\\\/www.laguiadepamplona.com\\\/actualidad\\\/la-oficina-verde-de-rochapea-se-presenta-este-miercoles-en-el-museo-de-educacion-ambiental\\\/\",\"url\":\"https:\\\/\\\/www.laguiadepamplona.com\\\/actualidad\\\/la-oficina-verde-de-rochapea-se-presenta-este-miercoles-en-el-museo-de-educacion-ambiental\\\/\",\"name\":\"La Oficina Verde de Rochapea se presenta este mi\u00e9rcoles en el Museo de Educaci\u00f3n Ambiental\",\"isPartOf\":{\"@id\":\"https:\\\/\\\/www.laguiadepamplona.com\\\/actualidad\\\/#website\"},\"primaryImageOfPage\":{\"@id\":\"https:\\\/\\\/www.laguiadepamplona.com\\\/actualidad\\\/la-oficina-verde-de-rochapea-se-presenta-este-miercoles-en-el-museo-de-educacion-ambiental\\\/#primaryimage\"},\"image\":{\"@id\":\"https:\\\/\\\/www.laguiadepamplona.com\\\/actualidad\\\/la-oficina-verde-de-rochapea-se-presenta-este-miercoles-en-el-museo-de-educacion-ambiental\\\/#primaryimage\"},\"thumbnailUrl\":\"https:\\\/\\\/www.laguiadepamplona.com\\\/actualidad\\\/wp-content\\\/uploads\\\/2024\\\/09\\\/oficina-verde_web.jpg\",\"datePublished\":\"2024-09-24T10:59:54+00:00\",\"description\":\"A partir de las 17.30 horas, con entrada libre, se celebrar\u00e1 una jornada en la que se dar\u00e1n a conocer sus caracter\u00edsticas y funcionamiento\",\"breadcrumb\":{\"@id\":\"https:\\\/\\\/www.laguiadepamplona.com\\\/actualidad\\\/la-oficina-verde-de-rochapea-se-presenta-este-miercoles-en-el-museo-de-educacion-ambiental\\\/#breadcrumb\"},\"inLanguage\":\"es\",\"potentialAction\":[{\"@type\":\"ReadAction\",\"target\":[\"https:\\\/\\\/www.laguiadepamplona.com\\\/actualidad\\\/la-oficina-verde-de-rochapea-se-presenta-este-miercoles-en-el-museo-de-educacion-ambiental\\\/\"]}]},{\"@type\":\"ImageObject\",\"inLanguage\":\"es\",\"@id\":\"https:\\\/\\\/www.laguiadepamplona.com\\\/actualidad\\\/la-oficina-verde-de-rochapea-se-presenta-este-miercoles-en-el-museo-de-educacion-ambiental\\\/#primaryimage\",\"url\":\"https:\\\/\\\/www.laguiadepamplona.com\\\/actualidad\\\/wp-content\\\/uploads\\\/2024\\\/09\\\/oficina-verde_web.jpg\",\"contentUrl\":\"https:\\\/\\\/www.laguiadepamplona.com\\\/actualidad\\\/wp-content\\\/uploads\\\/2024\\\/09\\\/oficina-verde_web.jpg\",\"width\":1000,\"height\":884,\"caption\":\"oficina verde logo\"},{\"@type\":\"BreadcrumbList\",\"@id\":\"https:\\\/\\\/www.laguiadepamplona.com\\\/actualidad\\\/la-oficina-verde-de-rochapea-se-presenta-este-miercoles-en-el-museo-de-educacion-ambiental\\\/#breadcrumb\",\"itemListElement\":[{\"@type\":\"ListItem\",\"position\":1,\"name\":\"Portada\",\"item\":\"https:\\\/\\\/www.laguiadepamplona.com\\\/actualidad\\\/\"},{\"@type\":\"ListItem\",\"position\":2,\"name\":\"La Oficina Verde de Rochapea se presenta este mi\u00e9rcoles en el Museo de Educaci\u00f3n Ambiental\"}]},{\"@type\":\"WebSite\",\"@id\":\"https:\\\/\\\/www.laguiadepamplona.com\\\/actualidad\\\/#website\",\"url\":\"https:\\\/\\\/www.laguiadepamplona.com\\\/actualidad\\\/\",\"name\":\"La gu\u00eda de Pamplona\",\"description\":\"Noticias de Pamplona\",\"publisher\":{\"@id\":\"https:\\\/\\\/www.laguiadepamplona.com\\\/actualidad\\\/#organization\"},\"potentialAction\":[{\"@type\":\"SearchAction\",\"target\":{\"@type\":\"EntryPoint\",\"urlTemplate\":\"https:\\\/\\\/www.laguiadepamplona.com\\\/actualidad\\\/?s={search_term_string}\"},\"query-input\":{\"@type\":\"PropertyValueSpecification\",\"valueRequired\":true,\"valueName\":\"search_term_string\"}}],\"inLanguage\":\"es\"},{\"@type\":\"Organization\",\"@id\":\"https:\\\/\\\/www.laguiadepamplona.com\\\/actualidad\\\/#organization\",\"name\":\"La Gu\u00eda de Pamplona \\\/ Noticias\",\"url\":\"https:\\\/\\\/www.laguiadepamplona.com\\\/actualidad\\\/\",\"logo\":{\"@type\":\"ImageObject\",\"inLanguage\":\"es\",\"@id\":\"https:\\\/\\\/www.laguiadepamplona.com\\\/actualidad\\\/#\\\/schema\\\/logo\\\/image\\\/\",\"url\":\"https:\\\/\\\/www.laguiadepamplona.com\\\/actualidad\\\/wp-content\\\/uploads\\\/2018\\\/11\\\/logo-laguiadepamplona18-web1.png\",\"contentUrl\":\"https:\\\/\\\/www.laguiadepamplona.com\\\/actualidad\\\/wp-content\\\/uploads\\\/2018\\\/11\\\/logo-laguiadepamplona18-web1.png\",\"width\":600,\"height\":196,\"caption\":\"La Gu\u00eda de Pamplona \\\/ Noticias\"},\"image\":{\"@id\":\"https:\\\/\\\/www.laguiadepamplona.com\\\/actualidad\\\/#\\\/schema\\\/logo\\\/image\\\/\"},\"sameAs\":[\"https:\\\/\\\/www.facebook.com\\\/laguiadepamplonacom-133175176762273\\\/?ref=hl\",\"https:\\\/\\\/x.com\\\/LaGuiadPamplona\",\"https:\\\/\\\/www.instagram.com\\\/la_guia_de_pamplona\\\/\",\"https:\\\/\\\/www.youtube.com\\\/user\\\/laguiadepamplona\"]},{\"@type\":\"Person\",\"@id\":\"https:\\\/\\\/www.laguiadepamplona.com\\\/actualidad\\\/#\\\/schema\\\/person\\\/efe887376f0213d4657c93adc50b1fdb\",\"name\":\"La Gu\u00eda de Pamplona\",\"image\":{\"@type\":\"ImageObject\",\"inLanguage\":\"es\",\"@id\":\"https:\\\/\\\/secure.gravatar.com\\\/avatar\\\/b6992f131dc8d30ab0dff15446e9d346d9dbd95992de0fef795073f5ea83a81c?s=96&d=mm&r=g\",\"url\":\"https:\\\/\\\/secure.gravatar.com\\\/avatar\\\/b6992f131dc8d30ab0dff15446e9d346d9dbd95992de0fef795073f5ea83a81c?s=96&d=mm&r=g\",\"contentUrl\":\"https:\\\/\\\/secure.gravatar.com\\\/avatar\\\/b6992f131dc8d30ab0dff15446e9d346d9dbd95992de0fef795073f5ea83a81c?s=96&d=mm&r=g\",\"caption\":\"La Gu\u00eda de Pamplona\"}}]}<\/script>\n<!-- \/ Yoast SEO plugin. -->","yoast_head_json":{"title":"La Oficina Verde de Rochapea se presenta este mi\u00e9rcoles en el Museo de Educaci\u00f3n Ambiental","description":"A partir de las 17.30 horas, con entrada libre, se celebrar\u00e1 una jornada en la que se dar\u00e1n a conocer sus caracter\u00edsticas y funcionamiento","robots":{"index":"index","follow":"follow","max-snippet":"max-snippet:-1","max-image-preview":"max-image-preview:large","max-video-preview":"max-video-preview:-1"},"canonical":"https:\/\/www.laguiadepamplona.com\/actualidad\/la-oficina-verde-de-rochapea-se-presenta-este-miercoles-en-el-museo-de-educacion-ambiental\/","og_locale":"es_ES","og_type":"article","og_title":"La Oficina Verde de Rochapea se presenta este mi\u00e9rcoles en el Museo de Educaci\u00f3n Ambiental","og_description":"A partir de las 17.30 horas, con entrada libre, se celebrar\u00e1 una jornada en la que se dar\u00e1n a conocer sus caracter\u00edsticas y funcionamiento","og_url":"https:\/\/www.laguiadepamplona.com\/actualidad\/la-oficina-verde-de-rochapea-se-presenta-este-miercoles-en-el-museo-de-educacion-ambiental\/","og_site_name":"La Gu\u00eda de Pamplona","article_publisher":"https:\/\/www.facebook.com\/laguiadepamplonacom-133175176762273\/?ref=hl","article_published_time":"2024-09-24T10:59:54+00:00","og_image":[{"width":1000,"height":884,"url":"https:\/\/www.laguiadepamplona.com\/actualidad\/wp-content\/uploads\/2024\/09\/oficina-verde_web.jpg","type":"image\/jpeg"}],"author":"La Gu\u00eda de Pamplona","twitter_card":"summary_large_image","twitter_creator":"@LaGuiadPamplona","twitter_site":"@LaGuiadPamplona","twitter_misc":{"Escrito por":"La Gu\u00eda de Pamplona","Tiempo de lectura":"3 minutos"},"schema":{"@context":"https:\/\/schema.org","@graph":[{"@type":"Article","@id":"https:\/\/www.laguiadepamplona.com\/actualidad\/la-oficina-verde-de-rochapea-se-presenta-este-miercoles-en-el-museo-de-educacion-ambiental\/#article","isPartOf":{"@id":"https:\/\/www.laguiadepamplona.com\/actualidad\/la-oficina-verde-de-rochapea-se-presenta-este-miercoles-en-el-museo-de-educacion-ambiental\/"},"author":{"name":"La Gu\u00eda de Pamplona","@id":"https:\/\/www.laguiadepamplona.com\/actualidad\/#\/schema\/person\/efe887376f0213d4657c93adc50b1fdb"},"headline":"La Oficina Verde de Rochapea se presenta este mi\u00e9rcoles en el Museo de Educaci\u00f3n Ambiental","datePublished":"2024-09-24T10:59:54+00:00","mainEntityOfPage":{"@id":"https:\/\/www.laguiadepamplona.com\/actualidad\/la-oficina-verde-de-rochapea-se-presenta-este-miercoles-en-el-museo-de-educacion-ambiental\/"},"wordCount":523,"commentCount":0,"publisher":{"@id":"https:\/\/www.laguiadepamplona.com\/actualidad\/#organization"},"image":{"@id":"https:\/\/www.laguiadepamplona.com\/actualidad\/la-oficina-verde-de-rochapea-se-presenta-este-miercoles-en-el-museo-de-educacion-ambiental\/#primaryimage"},"thumbnailUrl":"https:\/\/www.laguiadepamplona.com\/actualidad\/wp-content\/uploads\/2024\/09\/oficina-verde_web.jpg","articleSection":["Ayto Pamplona"],"inLanguage":"es","potentialAction":[{"@type":"CommentAction","name":"Comment","target":["https:\/\/www.laguiadepamplona.com\/actualidad\/la-oficina-verde-de-rochapea-se-presenta-este-miercoles-en-el-museo-de-educacion-ambiental\/#respond"]}]},{"@type":"WebPage","@id":"https:\/\/www.laguiadepamplona.com\/actualidad\/la-oficina-verde-de-rochapea-se-presenta-este-miercoles-en-el-museo-de-educacion-ambiental\/","url":"https:\/\/www.laguiadepamplona.com\/actualidad\/la-oficina-verde-de-rochapea-se-presenta-este-miercoles-en-el-museo-de-educacion-ambiental\/","name":"La Oficina Verde de Rochapea se presenta este mi\u00e9rcoles en el Museo de Educaci\u00f3n Ambiental","isPartOf":{"@id":"https:\/\/www.laguiadepamplona.com\/actualidad\/#website"},"primaryImageOfPage":{"@id":"https:\/\/www.laguiadepamplona.com\/actualidad\/la-oficina-verde-de-rochapea-se-presenta-este-miercoles-en-el-museo-de-educacion-ambiental\/#primaryimage"},"image":{"@id":"https:\/\/www.laguiadepamplona.com\/actualidad\/la-oficina-verde-de-rochapea-se-presenta-este-miercoles-en-el-museo-de-educacion-ambiental\/#primaryimage"},"thumbnailUrl":"https:\/\/www.laguiadepamplona.com\/actualidad\/wp-content\/uploads\/2024\/09\/oficina-verde_web.jpg","datePublished":"2024-09-24T10:59:54+00:00","description":"A partir de las 17.30 horas, con entrada libre, se celebrar\u00e1 una jornada en la que se dar\u00e1n a conocer sus caracter\u00edsticas y funcionamiento","breadcrumb":{"@id":"https:\/\/www.laguiadepamplona.com\/actualidad\/la-oficina-verde-de-rochapea-se-presenta-este-miercoles-en-el-museo-de-educacion-ambiental\/#breadcrumb"},"inLanguage":"es","potentialAction":[{"@type":"ReadAction","target":["https:\/\/www.laguiadepamplona.com\/actualidad\/la-oficina-verde-de-rochapea-se-presenta-este-miercoles-en-el-museo-de-educacion-ambiental\/"]}]},{"@type":"ImageObject","inLanguage":"es","@id":"https:\/\/www.laguiadepamplona.com\/actualidad\/la-oficina-verde-de-rochapea-se-presenta-este-miercoles-en-el-museo-de-educacion-ambiental\/#primaryimage","url":"https:\/\/www.laguiadepamplona.com\/actualidad\/wp-content\/uploads\/2024\/09\/oficina-verde_web.jpg","contentUrl":"https:\/\/www.laguiadepamplona.com\/actualidad\/wp-content\/uploads\/2024\/09\/oficina-verde_web.jpg","width":1000,"height":884,"caption":"oficina verde logo"},{"@type":"BreadcrumbList","@id":"https:\/\/www.laguiadepamplona.com\/actualidad\/la-oficina-verde-de-rochapea-se-presenta-este-miercoles-en-el-museo-de-educacion-ambiental\/#breadcrumb","itemListElement":[{"@type":"ListItem","position":1,"name":"Portada","item":"https:\/\/www.laguiadepamplona.com\/actualidad\/"},{"@type":"ListItem","position":2,"name":"La Oficina Verde de Rochapea se presenta este mi\u00e9rcoles en el Museo de Educaci\u00f3n Ambiental"}]},{"@type":"WebSite","@id":"https:\/\/www.laguiadepamplona.com\/actualidad\/#website","url":"https:\/\/www.laguiadepamplona.com\/actualidad\/","name":"La gu\u00eda de Pamplona","description":"Noticias de Pamplona","publisher":{"@id":"https:\/\/www.laguiadepamplona.com\/actualidad\/#organization"},"potentialAction":[{"@type":"SearchAction","target":{"@type":"EntryPoint","urlTemplate":"https:\/\/www.laguiadepamplona.com\/actualidad\/?s={search_term_string}"},"query-input":{"@type":"PropertyValueSpecification","valueRequired":true,"valueName":"search_term_string"}}],"inLanguage":"es"},{"@type":"Organization","@id":"https:\/\/www.laguiadepamplona.com\/actualidad\/#organization","name":"La Gu\u00eda de Pamplona \/ Noticias","url":"https:\/\/www.laguiadepamplona.com\/actualidad\/","logo":{"@type":"ImageObject","inLanguage":"es","@id":"https:\/\/www.laguiadepamplona.com\/actualidad\/#\/schema\/logo\/image\/","url":"https:\/\/www.laguiadepamplona.com\/actualidad\/wp-content\/uploads\/2018\/11\/logo-laguiadepamplona18-web1.png","contentUrl":"https:\/\/www.laguiadepamplona.com\/actualidad\/wp-content\/uploads\/2018\/11\/logo-laguiadepamplona18-web1.png","width":600,"height":196,"caption":"La Gu\u00eda de Pamplona \/ Noticias"},"image":{"@id":"https:\/\/www.laguiadepamplona.com\/actualidad\/#\/schema\/logo\/image\/"},"sameAs":["https:\/\/www.facebook.com\/laguiadepamplonacom-133175176762273\/?ref=hl","https:\/\/x.com\/LaGuiadPamplona","https:\/\/www.instagram.com\/la_guia_de_pamplona\/","https:\/\/www.youtube.com\/user\/laguiadepamplona"]},{"@type":"Person","@id":"https:\/\/www.laguiadepamplona.com\/actualidad\/#\/schema\/person\/efe887376f0213d4657c93adc50b1fdb","name":"La Gu\u00eda de Pamplona","image":{"@type":"ImageObject","inLanguage":"es","@id":"https:\/\/secure.gravatar.com\/avatar\/b6992f131dc8d30ab0dff15446e9d346d9dbd95992de0fef795073f5ea83a81c?s=96&d=mm&r=g","url":"https:\/\/secure.gravatar.com\/avatar\/b6992f131dc8d30ab0dff15446e9d346d9dbd95992de0fef795073f5ea83a81c?s=96&d=mm&r=g","contentUrl":"https:\/\/secure.gravatar.com\/avatar\/b6992f131dc8d30ab0dff15446e9d346d9dbd95992de0fef795073f5ea83a81c?s=96&d=mm&r=g","caption":"La Gu\u00eda de Pamplona"}}]}},"post_mailing_queue_ids":[],"_links":{"self":[{"href":"https:\/\/www.laguiadepamplona.com\/actualidad\/wp-json\/wp\/v2\/posts\/50818","targetHints":{"allow":["GET"]}}],"collection":[{"href":"https:\/\/www.laguiadepamplona.com\/actualidad\/wp-json\/wp\/v2\/posts"}],"about":[{"href":"https:\/\/www.laguiadepamplona.com\/actualidad\/wp-json\/wp\/v2\/types\/post"}],"author":[{"embeddable":true,"href":"https:\/\/www.laguiadepamplona.com\/actualidad\/wp-json\/wp\/v2\/users\/1"}],"replies":[{"embeddable":true,"href":"https:\/\/www.laguiadepamplona.com\/actualidad\/wp-json\/wp\/v2\/comments?post=50818"}],"version-history":[{"count":1,"href":"https:\/\/www.laguiadepamplona.com\/actualidad\/wp-json\/wp\/v2\/posts\/50818\/revisions"}],"predecessor-version":[{"id":50820,"href":"https:\/\/www.laguiadepamplona.com\/actualidad\/wp-json\/wp\/v2\/posts\/50818\/revisions\/50820"}],"wp:featuredmedia":[{"embeddable":true,"href":"https:\/\/www.laguiadepamplona.com\/actualidad\/wp-json\/wp\/v2\/media\/50819"}],"wp:attachment":[{"href":"https:\/\/www.laguiadepamplona.com\/actualidad\/wp-json\/wp\/v2\/media?parent=50818"}],"wp:term":[{"taxonomy":"category","embeddable":true,"href":"https:\/\/www.laguiadepamplona.com\/actualidad\/wp-json\/wp\/v2\/categories?post=50818"},{"taxonomy":"post_tag","embeddable":true,"href":"https:\/\/www.laguiadepamplona.com\/actualidad\/wp-json\/wp\/v2\/tags?post=50818"}],"curies":[{"name":"wp","href":"https:\/\/api.w.org\/{rel}","templated":true}]}}