{"id":50815,"date":"2024-09-24T12:51:11","date_gmt":"2024-09-24T10:51:11","guid":{"rendered":"https:\/\/www.laguiadepamplona.com\/actualidad\/?p=50815"},"modified":"2024-09-24T12:51:11","modified_gmt":"2024-09-24T10:51:11","slug":"el-ayuntamiento-encarga-a-pamplona-centro-historico-iruna-biziberritzen-que-supervise-la-reparacion-de-varias-deficiencias-detectadas-en-el-palacio-del-condestable","status":"publish","type":"post","link":"https:\/\/www.laguiadepamplona.com\/actualidad\/el-ayuntamiento-encarga-a-pamplona-centro-historico-iruna-biziberritzen-que-supervise-la-reparacion-de-varias-deficiencias-detectadas-en-el-palacio-del-condestable\/","title":{"rendered":"El Ayuntamiento encarga a Pamplona Centro Hist\u00f3rico \u2013 Iru\u00f1a Biziberritzen que supervise la reparaci\u00f3n de varias deficiencias detectadas en el Palacio del Condestable"},"content":{"rendered":"<h2>Se han encontrado vigas defectuosas en la sala de conferencias (cerrada), deformaciones en las de la zona de Padr\u00f3n, adem\u00e1s de filtraciones de agua<\/h2>\n<p><!--more--><\/p>\n<p>El Servicio de Mantenimiento de Edificios del \u00c1rea de Conservaci\u00f3n Urbana ha realizado un informe sobre las patolog\u00edas que presenta el Palacio del Condestable, abierto al p\u00fablico desde el a\u00f1o 2009. El informe recoge deficiencias en vigas de la segunda planta, deformaciones en las vigas de la zona de atenci\u00f3n al p\u00fablico del Padr\u00f3n municipal y filtraciones de agua asociadas a precipitaciones muy intensas, sobre todo en la red de evacuaci\u00f3n del lucernario central.<\/p>\n<p>Ante estas patolog\u00edas, que exceden las labores de mantenimiento ordinario y requieren una intervenci\u00f3n inmediata, la Junta de Gobierno Local ha aprobado el encargo al ente instrumental Pamplona Centro Hist\u00f3rico \u2013 Iru\u00f1a Biziberritzen SA (PCH-IB, SA), para que realice la licitaci\u00f3n, apoyo y seguimiento t\u00e9cnico para la supervisi\u00f3n de las obras de reparaci\u00f3n y conservaci\u00f3n del edificio, y la propuesta de soluci\u00f3n de cualquier otra incidencia derivada de la intervenci\u00f3n.<\/p>\n<p>Las deficiencias, detectadas por t\u00e9cnicos del \u00c1rea de Conservaci\u00f3n a principios de verano, se sit\u00faan en la segunda planta, en las vigas del techo del taller de la planta segunda, conocida como sala 9 o sala de conferencias. Una de las vigas presenta una fisura en un punto d\u00e9bil por presencia de un nudo natural de la madera; de forma preventiva, en aquel momento, se tom\u00f3 la decisi\u00f3n del cierre de la sala al p\u00fablico y las actividades y del apuntalamiento de la viga fisurada, as\u00ed como el resto de las vigas del \u00e1mbito. La sala ha sido cerrada hasta que se reparen estos defectos. Tambi\u00e9n se detectaron fuertes deformaciones en vigas de la zona de atenci\u00f3n al p\u00fablico del Padr\u00f3n municipal, en la Planta Baja, aunque no suponen un riesgo por lo que el servicio sigue abierto al p\u00fablico.<\/p>\n<p><strong>Reforzar las vigas siendo respetuosos con el valor patrimonial del edificio<\/strong><\/p>\n<p>Desde que se detectaron las deficiencias, se ha estudiado, junto al equipo de arquitectos que realiz\u00f3 la rehabilitaci\u00f3n del Palacio finalizada en el a\u00f1o 2009 y el equipo t\u00e9cnico de PCH-IB SA, diferentes soluciones t\u00e9cnicas para la reparaci\u00f3n de la sala y su m\u00e1s r\u00e1pida puesta en uso. El objetivo es reforzar las vigas de forma respetuosa con el valor patrimonial del edificio y buscando una soluci\u00f3n que se integre adecuadamente con las vigas originales.<\/p>\n<p>Para ello, se plantea una contrataci\u00f3n de un especialista en estructuras que estudie una soluci\u00f3n de forma coordinada con los arquitectos autores del proyecto y direcci\u00f3n de obras de la Rehabilitaci\u00f3n del Palacio del Condestable, la instituci\u00f3n Pr\u00edncipe de Viana, el Servicio de Licencias del Ayuntamiento de Pamplona y PCH-IB, SA. En una primera valoraci\u00f3n, el coste de estas reparaciones ascender\u00eda a 140.000 euros. Paralelamente, desde el \u00c1rea de Conservaci\u00f3n, se recomienda realizar un estudio de las causas y una supervisi\u00f3n del resto del edificio para anticipar posibles puntos d\u00e9biles, como los detectados en el Padr\u00f3n.<\/p>\n<p>Adem\u00e1s, en casos de lluvias torrenciales, cada vez m\u00e1s frecuentes, se han registrado filtraciones de agua, localizadas principalmente en la red de evacuaci\u00f3n del lucernario central y, menormente, en sellados y juntas de carpinter\u00eda. El rebose de exceso de caudales de agua se registra en lugares inaccesibles por el paso de conductos de instalaciones, en concreto, por los sumideros de pluviales del lucernario, por lo que es necesario plantear una actuaci\u00f3n desde la propia cubierta. Asociado tambi\u00e9n a los excesos de caudal de lluvias torrenciales, hay una filtraci\u00f3n puntual en el canal\u00f3n de la calle Jarauta que se encuentra accesible mediante plataforma elevadora. Por lo dem\u00e1s, la cubierta se encuentra en buen estado.<\/p>\n<p><strong>Un edificio hist\u00f3rico restaurado hace 15 a\u00f1os<\/strong><\/p>\n<p>El Palacio del Condestable, conocido tambi\u00e9n como Civivox Condestable, es un edificio hist\u00f3rico, situado en la confluencia de las calles Mayor y Jarauta de Pamplona, y constituye el \u00fanico exponente de la arquitectura civil de la Pamplona del siglo XVI. Fue edificado en 1530 por el IV conde de Ler\u00edn y qued\u00f3 vinculado por herencia a la casa ducal de Alba, quien m\u00e1s adelante la don\u00f3 a diferentes instituciones de la ciudad. Durante el siglo XVII y parte del XVIII fue residencia arzobispal, para m\u00e1s tarde ser sede del Ayuntamiento, entre los a\u00f1os 1752 y 1760, mientras se terminaba su nuevo edificio. Ya recientemente, el palacio fue sede de los Amigos de Arte, una asociaci\u00f3n musical, y actualmente es centro cultural.<\/p>\n<p>En el siglo XIX el edificio fue reformado por Pedro Arrieta. Una de las reformas m\u00e1s llamativas fue la uni\u00f3n de ambas fachadas por un chafl\u00e1n con miradores, que permit\u00edan una buena visi\u00f3n de las calles Mayor y Jarauta. Es el primer chafl\u00e1n del casco antiguo. Entre ambas fachadas, una hornacina guarda una imagen sedente de San Saturnino, probablemente del siglo XVIII.<\/p>\n<p>Declarado Bien de Inter\u00e9s Cultural en 1997, fue reformado para su uso p\u00fablico. El 22 de abril de 2009 se inaugur\u00f3 como centro c\u00edvico, de ah\u00ed el sobrenombre de Civivox Condestable. Tambi\u00e9n alberga las oficinas del Registro General del Ayuntamiento de Pamplona en su planta baja, as\u00ed como el Museo de Sarasate, donde se conserva el inmenso legado que el m\u00fasico Pablo Sarasate don\u00f3 a la Ciudad de Pamplona.<\/p>\n<p>Pamplona Centro Hist\u00f3rico \u2013 Iru\u00f1a Biziberritzen es una sociedad p\u00fablica del Ayuntamiento de Pamplona, que tiene reconocido car\u00e1cter de ente instrumental por acuerdo del Pleno de 1 de abril de 2004. Entre sus objetivos figura el desarrollo del Plan Especial de Reforma Interior de Casco Antiguo.<\/p>\n","protected":false},"excerpt":{"rendered":"<p>Se han encontrado vigas defectuosas en la sala de conferencias (cerrada), deformaciones en las de la zona de Padr\u00f3n, adem\u00e1s de filtraciones de agua<\/p>\n","protected":false},"author":1,"featured_media":50816,"comment_status":"open","ping_status":"closed","sticky":false,"template":"","format":"standard","meta":{"footnotes":""},"categories":[2],"tags":[],"class_list":["post-50815","post","type-post","status-publish","format-standard","has-post-thumbnail","hentry","category-ayuntamiento-pamplona"],"yoast_head":"<!-- This site is optimized with the Yoast SEO plugin v27.3 - https:\/\/yoast.com\/product\/yoast-seo-wordpress\/ -->\n<title>El Ayuntamiento encarga a Pamplona Centro Hist\u00f3rico \u2013 Iru\u00f1a Biziberritzen que supervise la reparaci\u00f3n de varias deficiencias detectadas en el Palacio del Condestable<\/title>\n<meta name=\"description\" content=\"Se han encontrado vigas defectuosas en la sala de conferencias (cerrada), deformaciones en las de la zona de Padr\u00f3n, adem\u00e1s de filtraciones de agua\u00a0\" \/>\n<meta name=\"robots\" content=\"index, follow, max-snippet:-1, max-image-preview:large, max-video-preview:-1\" \/>\n<link rel=\"canonical\" href=\"https:\/\/www.laguiadepamplona.com\/actualidad\/el-ayuntamiento-encarga-a-pamplona-centro-historico-iruna-biziberritzen-que-supervise-la-reparacion-de-varias-deficiencias-detectadas-en-el-palacio-del-condestable\/\" \/>\n<meta property=\"og:locale\" content=\"es_ES\" \/>\n<meta property=\"og:type\" content=\"article\" \/>\n<meta property=\"og:title\" content=\"El Ayuntamiento encarga a Pamplona Centro Hist\u00f3rico \u2013 Iru\u00f1a Biziberritzen que supervise la reparaci\u00f3n de varias deficiencias detectadas en el Palacio del Condestable\" \/>\n<meta property=\"og:description\" content=\"Se han encontrado vigas defectuosas en la sala de conferencias (cerrada), deformaciones en las de la zona de Padr\u00f3n, adem\u00e1s de filtraciones de agua\u00a0\" \/>\n<meta property=\"og:url\" content=\"https:\/\/www.laguiadepamplona.com\/actualidad\/el-ayuntamiento-encarga-a-pamplona-centro-historico-iruna-biziberritzen-que-supervise-la-reparacion-de-varias-deficiencias-detectadas-en-el-palacio-del-condestable\/\" \/>\n<meta property=\"og:site_name\" content=\"La Gu\u00eda de Pamplona\" \/>\n<meta property=\"article:publisher\" content=\"https:\/\/www.facebook.com\/laguiadepamplonacom-133175176762273\/?ref=hl\" \/>\n<meta property=\"article:published_time\" content=\"2024-09-24T10:51:11+00:00\" \/>\n<meta property=\"og:image\" content=\"https:\/\/www.laguiadepamplona.com\/actualidad\/wp-content\/uploads\/2024\/09\/obrascondestableweb1_0.webp\" \/>\n\t<meta property=\"og:image:width\" content=\"1000\" \/>\n\t<meta property=\"og:image:height\" content=\"578\" \/>\n\t<meta property=\"og:image:type\" content=\"image\/webp\" \/>\n<meta name=\"author\" content=\"La Gu\u00eda de Pamplona\" \/>\n<meta name=\"twitter:card\" content=\"summary_large_image\" \/>\n<meta name=\"twitter:creator\" content=\"@LaGuiadPamplona\" \/>\n<meta name=\"twitter:site\" content=\"@LaGuiadPamplona\" \/>\n<meta name=\"twitter:label1\" content=\"Escrito por\" \/>\n\t<meta name=\"twitter:data1\" content=\"La Gu\u00eda de Pamplona\" \/>\n\t<meta name=\"twitter:label2\" content=\"Tiempo de lectura\" \/>\n\t<meta name=\"twitter:data2\" content=\"5 minutos\" \/>\n<script type=\"application\/ld+json\" class=\"yoast-schema-graph\">{\"@context\":\"https:\\\/\\\/schema.org\",\"@graph\":[{\"@type\":\"Article\",\"@id\":\"https:\\\/\\\/www.laguiadepamplona.com\\\/actualidad\\\/el-ayuntamiento-encarga-a-pamplona-centro-historico-iruna-biziberritzen-que-supervise-la-reparacion-de-varias-deficiencias-detectadas-en-el-palacio-del-condestable\\\/#article\",\"isPartOf\":{\"@id\":\"https:\\\/\\\/www.laguiadepamplona.com\\\/actualidad\\\/el-ayuntamiento-encarga-a-pamplona-centro-historico-iruna-biziberritzen-que-supervise-la-reparacion-de-varias-deficiencias-detectadas-en-el-palacio-del-condestable\\\/\"},\"author\":{\"name\":\"La Gu\u00eda de Pamplona\",\"@id\":\"https:\\\/\\\/www.laguiadepamplona.com\\\/actualidad\\\/#\\\/schema\\\/person\\\/efe887376f0213d4657c93adc50b1fdb\"},\"headline\":\"El Ayuntamiento encarga a Pamplona Centro Hist\u00f3rico \u2013 Iru\u00f1a Biziberritzen que supervise la reparaci\u00f3n de varias deficiencias detectadas en el Palacio del Condestable\",\"datePublished\":\"2024-09-24T10:51:11+00:00\",\"mainEntityOfPage\":{\"@id\":\"https:\\\/\\\/www.laguiadepamplona.com\\\/actualidad\\\/el-ayuntamiento-encarga-a-pamplona-centro-historico-iruna-biziberritzen-que-supervise-la-reparacion-de-varias-deficiencias-detectadas-en-el-palacio-del-condestable\\\/\"},\"wordCount\":1003,\"commentCount\":0,\"publisher\":{\"@id\":\"https:\\\/\\\/www.laguiadepamplona.com\\\/actualidad\\\/#organization\"},\"image\":{\"@id\":\"https:\\\/\\\/www.laguiadepamplona.com\\\/actualidad\\\/el-ayuntamiento-encarga-a-pamplona-centro-historico-iruna-biziberritzen-que-supervise-la-reparacion-de-varias-deficiencias-detectadas-en-el-palacio-del-condestable\\\/#primaryimage\"},\"thumbnailUrl\":\"https:\\\/\\\/www.laguiadepamplona.com\\\/actualidad\\\/wp-content\\\/uploads\\\/2024\\\/09\\\/obrascondestableweb1_0.webp\",\"articleSection\":[\"Ayto Pamplona\"],\"inLanguage\":\"es\",\"potentialAction\":[{\"@type\":\"CommentAction\",\"name\":\"Comment\",\"target\":[\"https:\\\/\\\/www.laguiadepamplona.com\\\/actualidad\\\/el-ayuntamiento-encarga-a-pamplona-centro-historico-iruna-biziberritzen-que-supervise-la-reparacion-de-varias-deficiencias-detectadas-en-el-palacio-del-condestable\\\/#respond\"]}]},{\"@type\":\"WebPage\",\"@id\":\"https:\\\/\\\/www.laguiadepamplona.com\\\/actualidad\\\/el-ayuntamiento-encarga-a-pamplona-centro-historico-iruna-biziberritzen-que-supervise-la-reparacion-de-varias-deficiencias-detectadas-en-el-palacio-del-condestable\\\/\",\"url\":\"https:\\\/\\\/www.laguiadepamplona.com\\\/actualidad\\\/el-ayuntamiento-encarga-a-pamplona-centro-historico-iruna-biziberritzen-que-supervise-la-reparacion-de-varias-deficiencias-detectadas-en-el-palacio-del-condestable\\\/\",\"name\":\"El Ayuntamiento encarga a Pamplona Centro Hist\u00f3rico \u2013 Iru\u00f1a Biziberritzen que supervise la reparaci\u00f3n de varias deficiencias detectadas en el Palacio del Condestable\",\"isPartOf\":{\"@id\":\"https:\\\/\\\/www.laguiadepamplona.com\\\/actualidad\\\/#website\"},\"primaryImageOfPage\":{\"@id\":\"https:\\\/\\\/www.laguiadepamplona.com\\\/actualidad\\\/el-ayuntamiento-encarga-a-pamplona-centro-historico-iruna-biziberritzen-que-supervise-la-reparacion-de-varias-deficiencias-detectadas-en-el-palacio-del-condestable\\\/#primaryimage\"},\"image\":{\"@id\":\"https:\\\/\\\/www.laguiadepamplona.com\\\/actualidad\\\/el-ayuntamiento-encarga-a-pamplona-centro-historico-iruna-biziberritzen-que-supervise-la-reparacion-de-varias-deficiencias-detectadas-en-el-palacio-del-condestable\\\/#primaryimage\"},\"thumbnailUrl\":\"https:\\\/\\\/www.laguiadepamplona.com\\\/actualidad\\\/wp-content\\\/uploads\\\/2024\\\/09\\\/obrascondestableweb1_0.webp\",\"datePublished\":\"2024-09-24T10:51:11+00:00\",\"description\":\"Se han encontrado vigas defectuosas en la sala de conferencias (cerrada), deformaciones en las de la zona de Padr\u00f3n, adem\u00e1s de filtraciones de agua\u00a0\",\"breadcrumb\":{\"@id\":\"https:\\\/\\\/www.laguiadepamplona.com\\\/actualidad\\\/el-ayuntamiento-encarga-a-pamplona-centro-historico-iruna-biziberritzen-que-supervise-la-reparacion-de-varias-deficiencias-detectadas-en-el-palacio-del-condestable\\\/#breadcrumb\"},\"inLanguage\":\"es\",\"potentialAction\":[{\"@type\":\"ReadAction\",\"target\":[\"https:\\\/\\\/www.laguiadepamplona.com\\\/actualidad\\\/el-ayuntamiento-encarga-a-pamplona-centro-historico-iruna-biziberritzen-que-supervise-la-reparacion-de-varias-deficiencias-detectadas-en-el-palacio-del-condestable\\\/\"]}]},{\"@type\":\"ImageObject\",\"inLanguage\":\"es\",\"@id\":\"https:\\\/\\\/www.laguiadepamplona.com\\\/actualidad\\\/el-ayuntamiento-encarga-a-pamplona-centro-historico-iruna-biziberritzen-que-supervise-la-reparacion-de-varias-deficiencias-detectadas-en-el-palacio-del-condestable\\\/#primaryimage\",\"url\":\"https:\\\/\\\/www.laguiadepamplona.com\\\/actualidad\\\/wp-content\\\/uploads\\\/2024\\\/09\\\/obrascondestableweb1_0.webp\",\"contentUrl\":\"https:\\\/\\\/www.laguiadepamplona.com\\\/actualidad\\\/wp-content\\\/uploads\\\/2024\\\/09\\\/obrascondestableweb1_0.webp\",\"width\":1000,\"height\":578,\"caption\":\"obras condestable\"},{\"@type\":\"BreadcrumbList\",\"@id\":\"https:\\\/\\\/www.laguiadepamplona.com\\\/actualidad\\\/el-ayuntamiento-encarga-a-pamplona-centro-historico-iruna-biziberritzen-que-supervise-la-reparacion-de-varias-deficiencias-detectadas-en-el-palacio-del-condestable\\\/#breadcrumb\",\"itemListElement\":[{\"@type\":\"ListItem\",\"position\":1,\"name\":\"Portada\",\"item\":\"https:\\\/\\\/www.laguiadepamplona.com\\\/actualidad\\\/\"},{\"@type\":\"ListItem\",\"position\":2,\"name\":\"El Ayuntamiento encarga a Pamplona Centro Hist\u00f3rico \u2013 Iru\u00f1a Biziberritzen que supervise la reparaci\u00f3n de varias deficiencias detectadas en el Palacio del Condestable\"}]},{\"@type\":\"WebSite\",\"@id\":\"https:\\\/\\\/www.laguiadepamplona.com\\\/actualidad\\\/#website\",\"url\":\"https:\\\/\\\/www.laguiadepamplona.com\\\/actualidad\\\/\",\"name\":\"La gu\u00eda de Pamplona\",\"description\":\"Noticias de Pamplona\",\"publisher\":{\"@id\":\"https:\\\/\\\/www.laguiadepamplona.com\\\/actualidad\\\/#organization\"},\"potentialAction\":[{\"@type\":\"SearchAction\",\"target\":{\"@type\":\"EntryPoint\",\"urlTemplate\":\"https:\\\/\\\/www.laguiadepamplona.com\\\/actualidad\\\/?s={search_term_string}\"},\"query-input\":{\"@type\":\"PropertyValueSpecification\",\"valueRequired\":true,\"valueName\":\"search_term_string\"}}],\"inLanguage\":\"es\"},{\"@type\":\"Organization\",\"@id\":\"https:\\\/\\\/www.laguiadepamplona.com\\\/actualidad\\\/#organization\",\"name\":\"La Gu\u00eda de Pamplona \\\/ Noticias\",\"url\":\"https:\\\/\\\/www.laguiadepamplona.com\\\/actualidad\\\/\",\"logo\":{\"@type\":\"ImageObject\",\"inLanguage\":\"es\",\"@id\":\"https:\\\/\\\/www.laguiadepamplona.com\\\/actualidad\\\/#\\\/schema\\\/logo\\\/image\\\/\",\"url\":\"https:\\\/\\\/www.laguiadepamplona.com\\\/actualidad\\\/wp-content\\\/uploads\\\/2018\\\/11\\\/logo-laguiadepamplona18-web1.png\",\"contentUrl\":\"https:\\\/\\\/www.laguiadepamplona.com\\\/actualidad\\\/wp-content\\\/uploads\\\/2018\\\/11\\\/logo-laguiadepamplona18-web1.png\",\"width\":600,\"height\":196,\"caption\":\"La Gu\u00eda de Pamplona \\\/ Noticias\"},\"image\":{\"@id\":\"https:\\\/\\\/www.laguiadepamplona.com\\\/actualidad\\\/#\\\/schema\\\/logo\\\/image\\\/\"},\"sameAs\":[\"https:\\\/\\\/www.facebook.com\\\/laguiadepamplonacom-133175176762273\\\/?ref=hl\",\"https:\\\/\\\/x.com\\\/LaGuiadPamplona\",\"https:\\\/\\\/www.instagram.com\\\/la_guia_de_pamplona\\\/\",\"https:\\\/\\\/www.youtube.com\\\/user\\\/laguiadepamplona\"]},{\"@type\":\"Person\",\"@id\":\"https:\\\/\\\/www.laguiadepamplona.com\\\/actualidad\\\/#\\\/schema\\\/person\\\/efe887376f0213d4657c93adc50b1fdb\",\"name\":\"La Gu\u00eda de Pamplona\",\"image\":{\"@type\":\"ImageObject\",\"inLanguage\":\"es\",\"@id\":\"https:\\\/\\\/secure.gravatar.com\\\/avatar\\\/b6992f131dc8d30ab0dff15446e9d346d9dbd95992de0fef795073f5ea83a81c?s=96&d=mm&r=g\",\"url\":\"https:\\\/\\\/secure.gravatar.com\\\/avatar\\\/b6992f131dc8d30ab0dff15446e9d346d9dbd95992de0fef795073f5ea83a81c?s=96&d=mm&r=g\",\"contentUrl\":\"https:\\\/\\\/secure.gravatar.com\\\/avatar\\\/b6992f131dc8d30ab0dff15446e9d346d9dbd95992de0fef795073f5ea83a81c?s=96&d=mm&r=g\",\"caption\":\"La Gu\u00eda de Pamplona\"}}]}<\/script>\n<!-- \/ Yoast SEO plugin. -->","yoast_head_json":{"title":"El Ayuntamiento encarga a Pamplona Centro Hist\u00f3rico \u2013 Iru\u00f1a Biziberritzen que supervise la reparaci\u00f3n de varias deficiencias detectadas en el Palacio del Condestable","description":"Se han encontrado vigas defectuosas en la sala de conferencias (cerrada), deformaciones en las de la zona de Padr\u00f3n, adem\u00e1s de filtraciones de agua\u00a0","robots":{"index":"index","follow":"follow","max-snippet":"max-snippet:-1","max-image-preview":"max-image-preview:large","max-video-preview":"max-video-preview:-1"},"canonical":"https:\/\/www.laguiadepamplona.com\/actualidad\/el-ayuntamiento-encarga-a-pamplona-centro-historico-iruna-biziberritzen-que-supervise-la-reparacion-de-varias-deficiencias-detectadas-en-el-palacio-del-condestable\/","og_locale":"es_ES","og_type":"article","og_title":"El Ayuntamiento encarga a Pamplona Centro Hist\u00f3rico \u2013 Iru\u00f1a Biziberritzen que supervise la reparaci\u00f3n de varias deficiencias detectadas en el Palacio del Condestable","og_description":"Se han encontrado vigas defectuosas en la sala de conferencias (cerrada), deformaciones en las de la zona de Padr\u00f3n, adem\u00e1s de filtraciones de agua\u00a0","og_url":"https:\/\/www.laguiadepamplona.com\/actualidad\/el-ayuntamiento-encarga-a-pamplona-centro-historico-iruna-biziberritzen-que-supervise-la-reparacion-de-varias-deficiencias-detectadas-en-el-palacio-del-condestable\/","og_site_name":"La Gu\u00eda de Pamplona","article_publisher":"https:\/\/www.facebook.com\/laguiadepamplonacom-133175176762273\/?ref=hl","article_published_time":"2024-09-24T10:51:11+00:00","og_image":[{"width":1000,"height":578,"url":"https:\/\/www.laguiadepamplona.com\/actualidad\/wp-content\/uploads\/2024\/09\/obrascondestableweb1_0.webp","type":"image\/webp"}],"author":"La Gu\u00eda de Pamplona","twitter_card":"summary_large_image","twitter_creator":"@LaGuiadPamplona","twitter_site":"@LaGuiadPamplona","twitter_misc":{"Escrito por":"La Gu\u00eda de Pamplona","Tiempo de lectura":"5 minutos"},"schema":{"@context":"https:\/\/schema.org","@graph":[{"@type":"Article","@id":"https:\/\/www.laguiadepamplona.com\/actualidad\/el-ayuntamiento-encarga-a-pamplona-centro-historico-iruna-biziberritzen-que-supervise-la-reparacion-de-varias-deficiencias-detectadas-en-el-palacio-del-condestable\/#article","isPartOf":{"@id":"https:\/\/www.laguiadepamplona.com\/actualidad\/el-ayuntamiento-encarga-a-pamplona-centro-historico-iruna-biziberritzen-que-supervise-la-reparacion-de-varias-deficiencias-detectadas-en-el-palacio-del-condestable\/"},"author":{"name":"La Gu\u00eda de Pamplona","@id":"https:\/\/www.laguiadepamplona.com\/actualidad\/#\/schema\/person\/efe887376f0213d4657c93adc50b1fdb"},"headline":"El Ayuntamiento encarga a Pamplona Centro Hist\u00f3rico \u2013 Iru\u00f1a Biziberritzen que supervise la reparaci\u00f3n de varias deficiencias detectadas en el Palacio del Condestable","datePublished":"2024-09-24T10:51:11+00:00","mainEntityOfPage":{"@id":"https:\/\/www.laguiadepamplona.com\/actualidad\/el-ayuntamiento-encarga-a-pamplona-centro-historico-iruna-biziberritzen-que-supervise-la-reparacion-de-varias-deficiencias-detectadas-en-el-palacio-del-condestable\/"},"wordCount":1003,"commentCount":0,"publisher":{"@id":"https:\/\/www.laguiadepamplona.com\/actualidad\/#organization"},"image":{"@id":"https:\/\/www.laguiadepamplona.com\/actualidad\/el-ayuntamiento-encarga-a-pamplona-centro-historico-iruna-biziberritzen-que-supervise-la-reparacion-de-varias-deficiencias-detectadas-en-el-palacio-del-condestable\/#primaryimage"},"thumbnailUrl":"https:\/\/www.laguiadepamplona.com\/actualidad\/wp-content\/uploads\/2024\/09\/obrascondestableweb1_0.webp","articleSection":["Ayto Pamplona"],"inLanguage":"es","potentialAction":[{"@type":"CommentAction","name":"Comment","target":["https:\/\/www.laguiadepamplona.com\/actualidad\/el-ayuntamiento-encarga-a-pamplona-centro-historico-iruna-biziberritzen-que-supervise-la-reparacion-de-varias-deficiencias-detectadas-en-el-palacio-del-condestable\/#respond"]}]},{"@type":"WebPage","@id":"https:\/\/www.laguiadepamplona.com\/actualidad\/el-ayuntamiento-encarga-a-pamplona-centro-historico-iruna-biziberritzen-que-supervise-la-reparacion-de-varias-deficiencias-detectadas-en-el-palacio-del-condestable\/","url":"https:\/\/www.laguiadepamplona.com\/actualidad\/el-ayuntamiento-encarga-a-pamplona-centro-historico-iruna-biziberritzen-que-supervise-la-reparacion-de-varias-deficiencias-detectadas-en-el-palacio-del-condestable\/","name":"El Ayuntamiento encarga a Pamplona Centro Hist\u00f3rico \u2013 Iru\u00f1a Biziberritzen que supervise la reparaci\u00f3n de varias deficiencias detectadas en el Palacio del Condestable","isPartOf":{"@id":"https:\/\/www.laguiadepamplona.com\/actualidad\/#website"},"primaryImageOfPage":{"@id":"https:\/\/www.laguiadepamplona.com\/actualidad\/el-ayuntamiento-encarga-a-pamplona-centro-historico-iruna-biziberritzen-que-supervise-la-reparacion-de-varias-deficiencias-detectadas-en-el-palacio-del-condestable\/#primaryimage"},"image":{"@id":"https:\/\/www.laguiadepamplona.com\/actualidad\/el-ayuntamiento-encarga-a-pamplona-centro-historico-iruna-biziberritzen-que-supervise-la-reparacion-de-varias-deficiencias-detectadas-en-el-palacio-del-condestable\/#primaryimage"},"thumbnailUrl":"https:\/\/www.laguiadepamplona.com\/actualidad\/wp-content\/uploads\/2024\/09\/obrascondestableweb1_0.webp","datePublished":"2024-09-24T10:51:11+00:00","description":"Se han encontrado vigas defectuosas en la sala de conferencias (cerrada), deformaciones en las de la zona de Padr\u00f3n, adem\u00e1s de filtraciones de agua\u00a0","breadcrumb":{"@id":"https:\/\/www.laguiadepamplona.com\/actualidad\/el-ayuntamiento-encarga-a-pamplona-centro-historico-iruna-biziberritzen-que-supervise-la-reparacion-de-varias-deficiencias-detectadas-en-el-palacio-del-condestable\/#breadcrumb"},"inLanguage":"es","potentialAction":[{"@type":"ReadAction","target":["https:\/\/www.laguiadepamplona.com\/actualidad\/el-ayuntamiento-encarga-a-pamplona-centro-historico-iruna-biziberritzen-que-supervise-la-reparacion-de-varias-deficiencias-detectadas-en-el-palacio-del-condestable\/"]}]},{"@type":"ImageObject","inLanguage":"es","@id":"https:\/\/www.laguiadepamplona.com\/actualidad\/el-ayuntamiento-encarga-a-pamplona-centro-historico-iruna-biziberritzen-que-supervise-la-reparacion-de-varias-deficiencias-detectadas-en-el-palacio-del-condestable\/#primaryimage","url":"https:\/\/www.laguiadepamplona.com\/actualidad\/wp-content\/uploads\/2024\/09\/obrascondestableweb1_0.webp","contentUrl":"https:\/\/www.laguiadepamplona.com\/actualidad\/wp-content\/uploads\/2024\/09\/obrascondestableweb1_0.webp","width":1000,"height":578,"caption":"obras condestable"},{"@type":"BreadcrumbList","@id":"https:\/\/www.laguiadepamplona.com\/actualidad\/el-ayuntamiento-encarga-a-pamplona-centro-historico-iruna-biziberritzen-que-supervise-la-reparacion-de-varias-deficiencias-detectadas-en-el-palacio-del-condestable\/#breadcrumb","itemListElement":[{"@type":"ListItem","position":1,"name":"Portada","item":"https:\/\/www.laguiadepamplona.com\/actualidad\/"},{"@type":"ListItem","position":2,"name":"El Ayuntamiento encarga a Pamplona Centro Hist\u00f3rico \u2013 Iru\u00f1a Biziberritzen que supervise la reparaci\u00f3n de varias deficiencias detectadas en el Palacio del Condestable"}]},{"@type":"WebSite","@id":"https:\/\/www.laguiadepamplona.com\/actualidad\/#website","url":"https:\/\/www.laguiadepamplona.com\/actualidad\/","name":"La gu\u00eda de Pamplona","description":"Noticias de Pamplona","publisher":{"@id":"https:\/\/www.laguiadepamplona.com\/actualidad\/#organization"},"potentialAction":[{"@type":"SearchAction","target":{"@type":"EntryPoint","urlTemplate":"https:\/\/www.laguiadepamplona.com\/actualidad\/?s={search_term_string}"},"query-input":{"@type":"PropertyValueSpecification","valueRequired":true,"valueName":"search_term_string"}}],"inLanguage":"es"},{"@type":"Organization","@id":"https:\/\/www.laguiadepamplona.com\/actualidad\/#organization","name":"La Gu\u00eda de Pamplona \/ Noticias","url":"https:\/\/www.laguiadepamplona.com\/actualidad\/","logo":{"@type":"ImageObject","inLanguage":"es","@id":"https:\/\/www.laguiadepamplona.com\/actualidad\/#\/schema\/logo\/image\/","url":"https:\/\/www.laguiadepamplona.com\/actualidad\/wp-content\/uploads\/2018\/11\/logo-laguiadepamplona18-web1.png","contentUrl":"https:\/\/www.laguiadepamplona.com\/actualidad\/wp-content\/uploads\/2018\/11\/logo-laguiadepamplona18-web1.png","width":600,"height":196,"caption":"La Gu\u00eda de Pamplona \/ Noticias"},"image":{"@id":"https:\/\/www.laguiadepamplona.com\/actualidad\/#\/schema\/logo\/image\/"},"sameAs":["https:\/\/www.facebook.com\/laguiadepamplonacom-133175176762273\/?ref=hl","https:\/\/x.com\/LaGuiadPamplona","https:\/\/www.instagram.com\/la_guia_de_pamplona\/","https:\/\/www.youtube.com\/user\/laguiadepamplona"]},{"@type":"Person","@id":"https:\/\/www.laguiadepamplona.com\/actualidad\/#\/schema\/person\/efe887376f0213d4657c93adc50b1fdb","name":"La Gu\u00eda de Pamplona","image":{"@type":"ImageObject","inLanguage":"es","@id":"https:\/\/secure.gravatar.com\/avatar\/b6992f131dc8d30ab0dff15446e9d346d9dbd95992de0fef795073f5ea83a81c?s=96&d=mm&r=g","url":"https:\/\/secure.gravatar.com\/avatar\/b6992f131dc8d30ab0dff15446e9d346d9dbd95992de0fef795073f5ea83a81c?s=96&d=mm&r=g","contentUrl":"https:\/\/secure.gravatar.com\/avatar\/b6992f131dc8d30ab0dff15446e9d346d9dbd95992de0fef795073f5ea83a81c?s=96&d=mm&r=g","caption":"La Gu\u00eda de Pamplona"}}]}},"post_mailing_queue_ids":[],"_links":{"self":[{"href":"https:\/\/www.laguiadepamplona.com\/actualidad\/wp-json\/wp\/v2\/posts\/50815","targetHints":{"allow":["GET"]}}],"collection":[{"href":"https:\/\/www.laguiadepamplona.com\/actualidad\/wp-json\/wp\/v2\/posts"}],"about":[{"href":"https:\/\/www.laguiadepamplona.com\/actualidad\/wp-json\/wp\/v2\/types\/post"}],"author":[{"embeddable":true,"href":"https:\/\/www.laguiadepamplona.com\/actualidad\/wp-json\/wp\/v2\/users\/1"}],"replies":[{"embeddable":true,"href":"https:\/\/www.laguiadepamplona.com\/actualidad\/wp-json\/wp\/v2\/comments?post=50815"}],"version-history":[{"count":1,"href":"https:\/\/www.laguiadepamplona.com\/actualidad\/wp-json\/wp\/v2\/posts\/50815\/revisions"}],"predecessor-version":[{"id":50817,"href":"https:\/\/www.laguiadepamplona.com\/actualidad\/wp-json\/wp\/v2\/posts\/50815\/revisions\/50817"}],"wp:featuredmedia":[{"embeddable":true,"href":"https:\/\/www.laguiadepamplona.com\/actualidad\/wp-json\/wp\/v2\/media\/50816"}],"wp:attachment":[{"href":"https:\/\/www.laguiadepamplona.com\/actualidad\/wp-json\/wp\/v2\/media?parent=50815"}],"wp:term":[{"taxonomy":"category","embeddable":true,"href":"https:\/\/www.laguiadepamplona.com\/actualidad\/wp-json\/wp\/v2\/categories?post=50815"},{"taxonomy":"post_tag","embeddable":true,"href":"https:\/\/www.laguiadepamplona.com\/actualidad\/wp-json\/wp\/v2\/tags?post=50815"}],"curies":[{"name":"wp","href":"https:\/\/api.w.org\/{rel}","templated":true}]}}