{"id":50764,"date":"2024-09-20T11:54:59","date_gmt":"2024-09-20T09:54:59","guid":{"rendered":"https:\/\/www.laguiadepamplona.com\/actualidad\/?p=50764"},"modified":"2024-09-20T11:54:59","modified_gmt":"2024-09-20T09:54:59","slug":"abierta-la-convocatoria-municipal-de-subvenciones-para-la-rehabilitacion-integral-de-edificios-dotada-con-16-millones-de-euros","status":"publish","type":"post","link":"https:\/\/www.laguiadepamplona.com\/actualidad\/abierta-la-convocatoria-municipal-de-subvenciones-para-la-rehabilitacion-integral-de-edificios-dotada-con-16-millones-de-euros\/","title":{"rendered":"Abierta la convocatoria municipal de subvenciones para la rehabilitaci\u00f3n integral de edificios, dotada con 1,6 millones de euros"},"content":{"rendered":"<h2>El 30 de noviembre acaba el plazo para presentar solicitudes en una convocatoria destinada al pago de ayudas de rehabilitaciones ya finalizadas<\/h2>\n<p><!--more--><\/p>\n<p>El Ayuntamiento de Pamplona ha puesto en marcha la convocatoria de subvenciones destinadas a la rehabilitaci\u00f3n integral de edificios en Pamplona durante este a\u00f1o 2024. Est\u00e1 dotada con 1,6 millones de euros, de los que 1,5 se dirigen a obras de rehabilitaci\u00f3n y renovaci\u00f3n de edificios y 100.000 euros a pr\u00e9stamos a personas propietarias usuarias sin recursos econ\u00f3micos. La convocatoria busca fomentar la realizaci\u00f3n de actuaciones en edificios del Casco Antiguo, Primer y Segundo Ensanches, Milagrosa y del resto de la ciudad de Pamplona.<\/p>\n<p>Ser\u00e1 requisito com\u00fan a todas las solicitudes de ayuda y\/o pr\u00e9stamo contar con la calificaci\u00f3n del expediente como de rehabilitaci\u00f3n protegida, en base a las condiciones establecidas en la Ordenanza Reguladora de las Ayudas Municipales a la Rehabilitaci\u00f3n de Edificios. Si bien en cualquier momento pueden presentarse a tr\u00e1mite proyectos para su aprobaci\u00f3n por parte del Ayuntamiento, el plazo para presentar las correspondientes solicitudes de pago finaliza el 30 de noviembre.<\/p>\n<p>Lo podr\u00e1n hacer las comunidades de propietarios que hayan finalizado las obras de rehabilitaci\u00f3n de su edificio, en el Registro General, en los registros auxiliares municipales y en cualquiera de los previsto en la ley o de forma telem\u00e1tica a trav\u00e9s de la Sede Electr\u00f3nica del Ayuntamiento de Pamplona. Seg\u00fan recoge la convocatoria, los expedientes ser\u00e1n tramitados y resueltos por orden de presentaci\u00f3n completar de la documentaci\u00f3n y en tanto se disponga de cr\u00e9dito presupuestario.<\/p>\n<p><strong>Requisitos de solicitud<\/strong><\/p>\n<p>La convocatoria regula la concesi\u00f3n de subvenciones dirigidas a fomentar la realizaci\u00f3n, en el t\u00e9rmino municipal de Pamplona, de las actuaciones contempladas en el art\u00edculo 1 de la Ordenanza Reguladora de las Ayudas Municipales a la Rehabilitaci\u00f3n de Edificios, tanto en obras de rehabilitaci\u00f3n y renovaci\u00f3n de edificios del Casco Antiguo de la ciudad, de conformidad con lo dispuesto en el T\u00edtulo III de la Ordenanza, como en obras de rehabilitaci\u00f3n en edificios del Primer y Segundo Ensanche, Milagrosa y del resto de la ciudad, de conformidad con lo dispuesto en el T\u00edtulo IV de la Ordenanza.<\/p>\n<p>De conformidad con lo que establece esa misma ordenanza, solo se conceder\u00e1 esta subvenci\u00f3n a las actuaciones ya finalizadas, y que hayan realizado obras consideradas necesarias por la Oficina de Rehabilitaci\u00f3n para dotar al edificio de una adecuada actualizaci\u00f3n funcional.<\/p>\n<p>Las actuaciones protegidas de rehabilitaci\u00f3n podr\u00e1n ser realizadas por las personas f\u00edsicas o jur\u00eddicas que ostenten y acrediten la condici\u00f3n de persona propietaria, inquilina o usuaria no propietaria (en estos casos, siempre que cuente con el permiso expreso de la persona propietaria), sobre los bienes sobre los que recaigan las actuaciones susceptibles de subvenci\u00f3n. Asimismo, podr\u00e1n obtener la condici\u00f3n de persona beneficiaria las comunidades de personas propietarias en los supuestos y t\u00e9rminos contemplados en la Ordenanza Reguladora de las Ayudas Municipales a la Rehabilitaci\u00f3n de Edificios.<\/p>\n","protected":false},"excerpt":{"rendered":"<p>El 30 de noviembre acaba el plazo para presentar solicitudes en una convocatoria destinada al pago de ayudas de rehabilitaciones ya finalizadas<\/p>\n","protected":false},"author":1,"featured_media":50765,"comment_status":"open","ping_status":"closed","sticky":false,"template":"","format":"standard","meta":{"footnotes":""},"categories":[2],"tags":[],"class_list":["post-50764","post","type-post","status-publish","format-standard","has-post-thumbnail","hentry","category-ayuntamiento-pamplona"],"yoast_head":"<!-- This site is optimized with the Yoast SEO plugin v27.3 - https:\/\/yoast.com\/product\/yoast-seo-wordpress\/ -->\n<title>Abierta la convocatoria municipal de subvenciones para la rehabilitaci\u00f3n integral de edificios, dotada con 1,6 millones de euros<\/title>\n<meta name=\"description\" content=\"El 30 de noviembre acaba el plazo para presentar solicitudes en una convocatoria destinada al pago de ayudas de rehabilitaciones ya finalizadas\" \/>\n<meta name=\"robots\" content=\"index, follow, max-snippet:-1, max-image-preview:large, max-video-preview:-1\" \/>\n<link rel=\"canonical\" href=\"https:\/\/www.laguiadepamplona.com\/actualidad\/abierta-la-convocatoria-municipal-de-subvenciones-para-la-rehabilitacion-integral-de-edificios-dotada-con-16-millones-de-euros\/\" \/>\n<meta property=\"og:locale\" content=\"es_ES\" \/>\n<meta property=\"og:type\" content=\"article\" \/>\n<meta property=\"og:title\" content=\"Abierta la convocatoria municipal de subvenciones para la rehabilitaci\u00f3n integral de edificios, dotada con 1,6 millones de euros\" \/>\n<meta property=\"og:description\" content=\"El 30 de noviembre acaba el plazo para presentar solicitudes en una convocatoria destinada al pago de ayudas de rehabilitaciones ya finalizadas\" \/>\n<meta property=\"og:url\" content=\"https:\/\/www.laguiadepamplona.com\/actualidad\/abierta-la-convocatoria-municipal-de-subvenciones-para-la-rehabilitacion-integral-de-edificios-dotada-con-16-millones-de-euros\/\" \/>\n<meta property=\"og:site_name\" content=\"La Gu\u00eda de Pamplona\" \/>\n<meta property=\"article:publisher\" content=\"https:\/\/www.facebook.com\/laguiadepamplonacom-133175176762273\/?ref=hl\" \/>\n<meta property=\"article:published_time\" content=\"2024-09-20T09:54:59+00:00\" \/>\n<meta property=\"og:image\" content=\"https:\/\/www.laguiadepamplona.com\/actualidad\/wp-content\/uploads\/2024\/09\/rehabilitacion_web_0.webp\" \/>\n\t<meta property=\"og:image:width\" content=\"1000\" \/>\n\t<meta property=\"og:image:height\" content=\"667\" \/>\n\t<meta property=\"og:image:type\" content=\"image\/webp\" \/>\n<meta name=\"author\" content=\"La Gu\u00eda de Pamplona\" \/>\n<meta name=\"twitter:card\" content=\"summary_large_image\" \/>\n<meta name=\"twitter:creator\" content=\"@LaGuiadPamplona\" \/>\n<meta name=\"twitter:site\" content=\"@LaGuiadPamplona\" \/>\n<meta name=\"twitter:label1\" content=\"Escrito por\" \/>\n\t<meta name=\"twitter:data1\" content=\"La Gu\u00eda de Pamplona\" \/>\n\t<meta name=\"twitter:label2\" content=\"Tiempo de lectura\" \/>\n\t<meta name=\"twitter:data2\" content=\"3 minutos\" \/>\n<script type=\"application\/ld+json\" class=\"yoast-schema-graph\">{\"@context\":\"https:\\\/\\\/schema.org\",\"@graph\":[{\"@type\":\"Article\",\"@id\":\"https:\\\/\\\/www.laguiadepamplona.com\\\/actualidad\\\/abierta-la-convocatoria-municipal-de-subvenciones-para-la-rehabilitacion-integral-de-edificios-dotada-con-16-millones-de-euros\\\/#article\",\"isPartOf\":{\"@id\":\"https:\\\/\\\/www.laguiadepamplona.com\\\/actualidad\\\/abierta-la-convocatoria-municipal-de-subvenciones-para-la-rehabilitacion-integral-de-edificios-dotada-con-16-millones-de-euros\\\/\"},\"author\":{\"name\":\"La Gu\u00eda de Pamplona\",\"@id\":\"https:\\\/\\\/www.laguiadepamplona.com\\\/actualidad\\\/#\\\/schema\\\/person\\\/efe887376f0213d4657c93adc50b1fdb\"},\"headline\":\"Abierta la convocatoria municipal de subvenciones para la rehabilitaci\u00f3n integral de edificios, dotada con 1,6 millones de euros\",\"datePublished\":\"2024-09-20T09:54:59+00:00\",\"mainEntityOfPage\":{\"@id\":\"https:\\\/\\\/www.laguiadepamplona.com\\\/actualidad\\\/abierta-la-convocatoria-municipal-de-subvenciones-para-la-rehabilitacion-integral-de-edificios-dotada-con-16-millones-de-euros\\\/\"},\"wordCount\":537,\"commentCount\":0,\"publisher\":{\"@id\":\"https:\\\/\\\/www.laguiadepamplona.com\\\/actualidad\\\/#organization\"},\"image\":{\"@id\":\"https:\\\/\\\/www.laguiadepamplona.com\\\/actualidad\\\/abierta-la-convocatoria-municipal-de-subvenciones-para-la-rehabilitacion-integral-de-edificios-dotada-con-16-millones-de-euros\\\/#primaryimage\"},\"thumbnailUrl\":\"https:\\\/\\\/www.laguiadepamplona.com\\\/actualidad\\\/wp-content\\\/uploads\\\/2024\\\/09\\\/rehabilitacion_web_0.webp\",\"articleSection\":[\"Ayto Pamplona\"],\"inLanguage\":\"es\",\"potentialAction\":[{\"@type\":\"CommentAction\",\"name\":\"Comment\",\"target\":[\"https:\\\/\\\/www.laguiadepamplona.com\\\/actualidad\\\/abierta-la-convocatoria-municipal-de-subvenciones-para-la-rehabilitacion-integral-de-edificios-dotada-con-16-millones-de-euros\\\/#respond\"]}]},{\"@type\":\"WebPage\",\"@id\":\"https:\\\/\\\/www.laguiadepamplona.com\\\/actualidad\\\/abierta-la-convocatoria-municipal-de-subvenciones-para-la-rehabilitacion-integral-de-edificios-dotada-con-16-millones-de-euros\\\/\",\"url\":\"https:\\\/\\\/www.laguiadepamplona.com\\\/actualidad\\\/abierta-la-convocatoria-municipal-de-subvenciones-para-la-rehabilitacion-integral-de-edificios-dotada-con-16-millones-de-euros\\\/\",\"name\":\"Abierta la convocatoria municipal de subvenciones para la rehabilitaci\u00f3n integral de edificios, dotada con 1,6 millones de euros\",\"isPartOf\":{\"@id\":\"https:\\\/\\\/www.laguiadepamplona.com\\\/actualidad\\\/#website\"},\"primaryImageOfPage\":{\"@id\":\"https:\\\/\\\/www.laguiadepamplona.com\\\/actualidad\\\/abierta-la-convocatoria-municipal-de-subvenciones-para-la-rehabilitacion-integral-de-edificios-dotada-con-16-millones-de-euros\\\/#primaryimage\"},\"image\":{\"@id\":\"https:\\\/\\\/www.laguiadepamplona.com\\\/actualidad\\\/abierta-la-convocatoria-municipal-de-subvenciones-para-la-rehabilitacion-integral-de-edificios-dotada-con-16-millones-de-euros\\\/#primaryimage\"},\"thumbnailUrl\":\"https:\\\/\\\/www.laguiadepamplona.com\\\/actualidad\\\/wp-content\\\/uploads\\\/2024\\\/09\\\/rehabilitacion_web_0.webp\",\"datePublished\":\"2024-09-20T09:54:59+00:00\",\"description\":\"El 30 de noviembre acaba el plazo para presentar solicitudes en una convocatoria destinada al pago de ayudas de rehabilitaciones ya finalizadas\",\"breadcrumb\":{\"@id\":\"https:\\\/\\\/www.laguiadepamplona.com\\\/actualidad\\\/abierta-la-convocatoria-municipal-de-subvenciones-para-la-rehabilitacion-integral-de-edificios-dotada-con-16-millones-de-euros\\\/#breadcrumb\"},\"inLanguage\":\"es\",\"potentialAction\":[{\"@type\":\"ReadAction\",\"target\":[\"https:\\\/\\\/www.laguiadepamplona.com\\\/actualidad\\\/abierta-la-convocatoria-municipal-de-subvenciones-para-la-rehabilitacion-integral-de-edificios-dotada-con-16-millones-de-euros\\\/\"]}]},{\"@type\":\"ImageObject\",\"inLanguage\":\"es\",\"@id\":\"https:\\\/\\\/www.laguiadepamplona.com\\\/actualidad\\\/abierta-la-convocatoria-municipal-de-subvenciones-para-la-rehabilitacion-integral-de-edificios-dotada-con-16-millones-de-euros\\\/#primaryimage\",\"url\":\"https:\\\/\\\/www.laguiadepamplona.com\\\/actualidad\\\/wp-content\\\/uploads\\\/2024\\\/09\\\/rehabilitacion_web_0.webp\",\"contentUrl\":\"https:\\\/\\\/www.laguiadepamplona.com\\\/actualidad\\\/wp-content\\\/uploads\\\/2024\\\/09\\\/rehabilitacion_web_0.webp\",\"width\":1000,\"height\":667,\"caption\":\"rehabilitaci\u00f3n fachadas\"},{\"@type\":\"BreadcrumbList\",\"@id\":\"https:\\\/\\\/www.laguiadepamplona.com\\\/actualidad\\\/abierta-la-convocatoria-municipal-de-subvenciones-para-la-rehabilitacion-integral-de-edificios-dotada-con-16-millones-de-euros\\\/#breadcrumb\",\"itemListElement\":[{\"@type\":\"ListItem\",\"position\":1,\"name\":\"Portada\",\"item\":\"https:\\\/\\\/www.laguiadepamplona.com\\\/actualidad\\\/\"},{\"@type\":\"ListItem\",\"position\":2,\"name\":\"Abierta la convocatoria municipal de subvenciones para la rehabilitaci\u00f3n integral de edificios, dotada con 1,6 millones de euros\"}]},{\"@type\":\"WebSite\",\"@id\":\"https:\\\/\\\/www.laguiadepamplona.com\\\/actualidad\\\/#website\",\"url\":\"https:\\\/\\\/www.laguiadepamplona.com\\\/actualidad\\\/\",\"name\":\"La gu\u00eda de Pamplona\",\"description\":\"Noticias de Pamplona\",\"publisher\":{\"@id\":\"https:\\\/\\\/www.laguiadepamplona.com\\\/actualidad\\\/#organization\"},\"potentialAction\":[{\"@type\":\"SearchAction\",\"target\":{\"@type\":\"EntryPoint\",\"urlTemplate\":\"https:\\\/\\\/www.laguiadepamplona.com\\\/actualidad\\\/?s={search_term_string}\"},\"query-input\":{\"@type\":\"PropertyValueSpecification\",\"valueRequired\":true,\"valueName\":\"search_term_string\"}}],\"inLanguage\":\"es\"},{\"@type\":\"Organization\",\"@id\":\"https:\\\/\\\/www.laguiadepamplona.com\\\/actualidad\\\/#organization\",\"name\":\"La Gu\u00eda de Pamplona \\\/ Noticias\",\"url\":\"https:\\\/\\\/www.laguiadepamplona.com\\\/actualidad\\\/\",\"logo\":{\"@type\":\"ImageObject\",\"inLanguage\":\"es\",\"@id\":\"https:\\\/\\\/www.laguiadepamplona.com\\\/actualidad\\\/#\\\/schema\\\/logo\\\/image\\\/\",\"url\":\"https:\\\/\\\/www.laguiadepamplona.com\\\/actualidad\\\/wp-content\\\/uploads\\\/2018\\\/11\\\/logo-laguiadepamplona18-web1.png\",\"contentUrl\":\"https:\\\/\\\/www.laguiadepamplona.com\\\/actualidad\\\/wp-content\\\/uploads\\\/2018\\\/11\\\/logo-laguiadepamplona18-web1.png\",\"width\":600,\"height\":196,\"caption\":\"La Gu\u00eda de Pamplona \\\/ Noticias\"},\"image\":{\"@id\":\"https:\\\/\\\/www.laguiadepamplona.com\\\/actualidad\\\/#\\\/schema\\\/logo\\\/image\\\/\"},\"sameAs\":[\"https:\\\/\\\/www.facebook.com\\\/laguiadepamplonacom-133175176762273\\\/?ref=hl\",\"https:\\\/\\\/x.com\\\/LaGuiadPamplona\",\"https:\\\/\\\/www.instagram.com\\\/la_guia_de_pamplona\\\/\",\"https:\\\/\\\/www.youtube.com\\\/user\\\/laguiadepamplona\"]},{\"@type\":\"Person\",\"@id\":\"https:\\\/\\\/www.laguiadepamplona.com\\\/actualidad\\\/#\\\/schema\\\/person\\\/efe887376f0213d4657c93adc50b1fdb\",\"name\":\"La Gu\u00eda de Pamplona\",\"image\":{\"@type\":\"ImageObject\",\"inLanguage\":\"es\",\"@id\":\"https:\\\/\\\/secure.gravatar.com\\\/avatar\\\/b6992f131dc8d30ab0dff15446e9d346d9dbd95992de0fef795073f5ea83a81c?s=96&d=mm&r=g\",\"url\":\"https:\\\/\\\/secure.gravatar.com\\\/avatar\\\/b6992f131dc8d30ab0dff15446e9d346d9dbd95992de0fef795073f5ea83a81c?s=96&d=mm&r=g\",\"contentUrl\":\"https:\\\/\\\/secure.gravatar.com\\\/avatar\\\/b6992f131dc8d30ab0dff15446e9d346d9dbd95992de0fef795073f5ea83a81c?s=96&d=mm&r=g\",\"caption\":\"La Gu\u00eda de Pamplona\"}}]}<\/script>\n<!-- \/ Yoast SEO plugin. -->","yoast_head_json":{"title":"Abierta la convocatoria municipal de subvenciones para la rehabilitaci\u00f3n integral de edificios, dotada con 1,6 millones de euros","description":"El 30 de noviembre acaba el plazo para presentar solicitudes en una convocatoria destinada al pago de ayudas de rehabilitaciones ya finalizadas","robots":{"index":"index","follow":"follow","max-snippet":"max-snippet:-1","max-image-preview":"max-image-preview:large","max-video-preview":"max-video-preview:-1"},"canonical":"https:\/\/www.laguiadepamplona.com\/actualidad\/abierta-la-convocatoria-municipal-de-subvenciones-para-la-rehabilitacion-integral-de-edificios-dotada-con-16-millones-de-euros\/","og_locale":"es_ES","og_type":"article","og_title":"Abierta la convocatoria municipal de subvenciones para la rehabilitaci\u00f3n integral de edificios, dotada con 1,6 millones de euros","og_description":"El 30 de noviembre acaba el plazo para presentar solicitudes en una convocatoria destinada al pago de ayudas de rehabilitaciones ya finalizadas","og_url":"https:\/\/www.laguiadepamplona.com\/actualidad\/abierta-la-convocatoria-municipal-de-subvenciones-para-la-rehabilitacion-integral-de-edificios-dotada-con-16-millones-de-euros\/","og_site_name":"La Gu\u00eda de Pamplona","article_publisher":"https:\/\/www.facebook.com\/laguiadepamplonacom-133175176762273\/?ref=hl","article_published_time":"2024-09-20T09:54:59+00:00","og_image":[{"width":1000,"height":667,"url":"https:\/\/www.laguiadepamplona.com\/actualidad\/wp-content\/uploads\/2024\/09\/rehabilitacion_web_0.webp","type":"image\/webp"}],"author":"La Gu\u00eda de Pamplona","twitter_card":"summary_large_image","twitter_creator":"@LaGuiadPamplona","twitter_site":"@LaGuiadPamplona","twitter_misc":{"Escrito por":"La Gu\u00eda de Pamplona","Tiempo de lectura":"3 minutos"},"schema":{"@context":"https:\/\/schema.org","@graph":[{"@type":"Article","@id":"https:\/\/www.laguiadepamplona.com\/actualidad\/abierta-la-convocatoria-municipal-de-subvenciones-para-la-rehabilitacion-integral-de-edificios-dotada-con-16-millones-de-euros\/#article","isPartOf":{"@id":"https:\/\/www.laguiadepamplona.com\/actualidad\/abierta-la-convocatoria-municipal-de-subvenciones-para-la-rehabilitacion-integral-de-edificios-dotada-con-16-millones-de-euros\/"},"author":{"name":"La Gu\u00eda de Pamplona","@id":"https:\/\/www.laguiadepamplona.com\/actualidad\/#\/schema\/person\/efe887376f0213d4657c93adc50b1fdb"},"headline":"Abierta la convocatoria municipal de subvenciones para la rehabilitaci\u00f3n integral de edificios, dotada con 1,6 millones de euros","datePublished":"2024-09-20T09:54:59+00:00","mainEntityOfPage":{"@id":"https:\/\/www.laguiadepamplona.com\/actualidad\/abierta-la-convocatoria-municipal-de-subvenciones-para-la-rehabilitacion-integral-de-edificios-dotada-con-16-millones-de-euros\/"},"wordCount":537,"commentCount":0,"publisher":{"@id":"https:\/\/www.laguiadepamplona.com\/actualidad\/#organization"},"image":{"@id":"https:\/\/www.laguiadepamplona.com\/actualidad\/abierta-la-convocatoria-municipal-de-subvenciones-para-la-rehabilitacion-integral-de-edificios-dotada-con-16-millones-de-euros\/#primaryimage"},"thumbnailUrl":"https:\/\/www.laguiadepamplona.com\/actualidad\/wp-content\/uploads\/2024\/09\/rehabilitacion_web_0.webp","articleSection":["Ayto Pamplona"],"inLanguage":"es","potentialAction":[{"@type":"CommentAction","name":"Comment","target":["https:\/\/www.laguiadepamplona.com\/actualidad\/abierta-la-convocatoria-municipal-de-subvenciones-para-la-rehabilitacion-integral-de-edificios-dotada-con-16-millones-de-euros\/#respond"]}]},{"@type":"WebPage","@id":"https:\/\/www.laguiadepamplona.com\/actualidad\/abierta-la-convocatoria-municipal-de-subvenciones-para-la-rehabilitacion-integral-de-edificios-dotada-con-16-millones-de-euros\/","url":"https:\/\/www.laguiadepamplona.com\/actualidad\/abierta-la-convocatoria-municipal-de-subvenciones-para-la-rehabilitacion-integral-de-edificios-dotada-con-16-millones-de-euros\/","name":"Abierta la convocatoria municipal de subvenciones para la rehabilitaci\u00f3n integral de edificios, dotada con 1,6 millones de euros","isPartOf":{"@id":"https:\/\/www.laguiadepamplona.com\/actualidad\/#website"},"primaryImageOfPage":{"@id":"https:\/\/www.laguiadepamplona.com\/actualidad\/abierta-la-convocatoria-municipal-de-subvenciones-para-la-rehabilitacion-integral-de-edificios-dotada-con-16-millones-de-euros\/#primaryimage"},"image":{"@id":"https:\/\/www.laguiadepamplona.com\/actualidad\/abierta-la-convocatoria-municipal-de-subvenciones-para-la-rehabilitacion-integral-de-edificios-dotada-con-16-millones-de-euros\/#primaryimage"},"thumbnailUrl":"https:\/\/www.laguiadepamplona.com\/actualidad\/wp-content\/uploads\/2024\/09\/rehabilitacion_web_0.webp","datePublished":"2024-09-20T09:54:59+00:00","description":"El 30 de noviembre acaba el plazo para presentar solicitudes en una convocatoria destinada al pago de ayudas de rehabilitaciones ya finalizadas","breadcrumb":{"@id":"https:\/\/www.laguiadepamplona.com\/actualidad\/abierta-la-convocatoria-municipal-de-subvenciones-para-la-rehabilitacion-integral-de-edificios-dotada-con-16-millones-de-euros\/#breadcrumb"},"inLanguage":"es","potentialAction":[{"@type":"ReadAction","target":["https:\/\/www.laguiadepamplona.com\/actualidad\/abierta-la-convocatoria-municipal-de-subvenciones-para-la-rehabilitacion-integral-de-edificios-dotada-con-16-millones-de-euros\/"]}]},{"@type":"ImageObject","inLanguage":"es","@id":"https:\/\/www.laguiadepamplona.com\/actualidad\/abierta-la-convocatoria-municipal-de-subvenciones-para-la-rehabilitacion-integral-de-edificios-dotada-con-16-millones-de-euros\/#primaryimage","url":"https:\/\/www.laguiadepamplona.com\/actualidad\/wp-content\/uploads\/2024\/09\/rehabilitacion_web_0.webp","contentUrl":"https:\/\/www.laguiadepamplona.com\/actualidad\/wp-content\/uploads\/2024\/09\/rehabilitacion_web_0.webp","width":1000,"height":667,"caption":"rehabilitaci\u00f3n fachadas"},{"@type":"BreadcrumbList","@id":"https:\/\/www.laguiadepamplona.com\/actualidad\/abierta-la-convocatoria-municipal-de-subvenciones-para-la-rehabilitacion-integral-de-edificios-dotada-con-16-millones-de-euros\/#breadcrumb","itemListElement":[{"@type":"ListItem","position":1,"name":"Portada","item":"https:\/\/www.laguiadepamplona.com\/actualidad\/"},{"@type":"ListItem","position":2,"name":"Abierta la convocatoria municipal de subvenciones para la rehabilitaci\u00f3n integral de edificios, dotada con 1,6 millones de euros"}]},{"@type":"WebSite","@id":"https:\/\/www.laguiadepamplona.com\/actualidad\/#website","url":"https:\/\/www.laguiadepamplona.com\/actualidad\/","name":"La gu\u00eda de Pamplona","description":"Noticias de Pamplona","publisher":{"@id":"https:\/\/www.laguiadepamplona.com\/actualidad\/#organization"},"potentialAction":[{"@type":"SearchAction","target":{"@type":"EntryPoint","urlTemplate":"https:\/\/www.laguiadepamplona.com\/actualidad\/?s={search_term_string}"},"query-input":{"@type":"PropertyValueSpecification","valueRequired":true,"valueName":"search_term_string"}}],"inLanguage":"es"},{"@type":"Organization","@id":"https:\/\/www.laguiadepamplona.com\/actualidad\/#organization","name":"La Gu\u00eda de Pamplona \/ Noticias","url":"https:\/\/www.laguiadepamplona.com\/actualidad\/","logo":{"@type":"ImageObject","inLanguage":"es","@id":"https:\/\/www.laguiadepamplona.com\/actualidad\/#\/schema\/logo\/image\/","url":"https:\/\/www.laguiadepamplona.com\/actualidad\/wp-content\/uploads\/2018\/11\/logo-laguiadepamplona18-web1.png","contentUrl":"https:\/\/www.laguiadepamplona.com\/actualidad\/wp-content\/uploads\/2018\/11\/logo-laguiadepamplona18-web1.png","width":600,"height":196,"caption":"La Gu\u00eda de Pamplona \/ Noticias"},"image":{"@id":"https:\/\/www.laguiadepamplona.com\/actualidad\/#\/schema\/logo\/image\/"},"sameAs":["https:\/\/www.facebook.com\/laguiadepamplonacom-133175176762273\/?ref=hl","https:\/\/x.com\/LaGuiadPamplona","https:\/\/www.instagram.com\/la_guia_de_pamplona\/","https:\/\/www.youtube.com\/user\/laguiadepamplona"]},{"@type":"Person","@id":"https:\/\/www.laguiadepamplona.com\/actualidad\/#\/schema\/person\/efe887376f0213d4657c93adc50b1fdb","name":"La Gu\u00eda de Pamplona","image":{"@type":"ImageObject","inLanguage":"es","@id":"https:\/\/secure.gravatar.com\/avatar\/b6992f131dc8d30ab0dff15446e9d346d9dbd95992de0fef795073f5ea83a81c?s=96&d=mm&r=g","url":"https:\/\/secure.gravatar.com\/avatar\/b6992f131dc8d30ab0dff15446e9d346d9dbd95992de0fef795073f5ea83a81c?s=96&d=mm&r=g","contentUrl":"https:\/\/secure.gravatar.com\/avatar\/b6992f131dc8d30ab0dff15446e9d346d9dbd95992de0fef795073f5ea83a81c?s=96&d=mm&r=g","caption":"La Gu\u00eda de Pamplona"}}]}},"post_mailing_queue_ids":[],"_links":{"self":[{"href":"https:\/\/www.laguiadepamplona.com\/actualidad\/wp-json\/wp\/v2\/posts\/50764","targetHints":{"allow":["GET"]}}],"collection":[{"href":"https:\/\/www.laguiadepamplona.com\/actualidad\/wp-json\/wp\/v2\/posts"}],"about":[{"href":"https:\/\/www.laguiadepamplona.com\/actualidad\/wp-json\/wp\/v2\/types\/post"}],"author":[{"embeddable":true,"href":"https:\/\/www.laguiadepamplona.com\/actualidad\/wp-json\/wp\/v2\/users\/1"}],"replies":[{"embeddable":true,"href":"https:\/\/www.laguiadepamplona.com\/actualidad\/wp-json\/wp\/v2\/comments?post=50764"}],"version-history":[{"count":1,"href":"https:\/\/www.laguiadepamplona.com\/actualidad\/wp-json\/wp\/v2\/posts\/50764\/revisions"}],"predecessor-version":[{"id":50766,"href":"https:\/\/www.laguiadepamplona.com\/actualidad\/wp-json\/wp\/v2\/posts\/50764\/revisions\/50766"}],"wp:featuredmedia":[{"embeddable":true,"href":"https:\/\/www.laguiadepamplona.com\/actualidad\/wp-json\/wp\/v2\/media\/50765"}],"wp:attachment":[{"href":"https:\/\/www.laguiadepamplona.com\/actualidad\/wp-json\/wp\/v2\/media?parent=50764"}],"wp:term":[{"taxonomy":"category","embeddable":true,"href":"https:\/\/www.laguiadepamplona.com\/actualidad\/wp-json\/wp\/v2\/categories?post=50764"},{"taxonomy":"post_tag","embeddable":true,"href":"https:\/\/www.laguiadepamplona.com\/actualidad\/wp-json\/wp\/v2\/tags?post=50764"}],"curies":[{"name":"wp","href":"https:\/\/api.w.org\/{rel}","templated":true}]}}