{"id":50759,"date":"2024-09-20T11:52:21","date_gmt":"2024-09-20T09:52:21","guid":{"rendered":"https:\/\/www.laguiadepamplona.com\/actualidad\/?p=50759"},"modified":"2024-09-20T11:52:21","modified_gmt":"2024-09-20T09:52:21","slug":"la-escuela-de-feminismos-abre-las-inscripciones-para-sus-dos-niveles-de-formacion-en-teoria-de-genero-y-feminista-del-23-de-septiembre-al-2-de-octubre-a-traves-del-010","status":"publish","type":"post","link":"https:\/\/www.laguiadepamplona.com\/actualidad\/la-escuela-de-feminismos-abre-las-inscripciones-para-sus-dos-niveles-de-formacion-en-teoria-de-genero-y-feminista-del-23-de-septiembre-al-2-de-octubre-a-traves-del-010\/","title":{"rendered":"La Escuela de Feminismos abre las inscripciones para sus dos niveles de formaci\u00f3n en teor\u00eda de g\u00e9nero y feminista del 23 de septiembre al 2 de octubre a trav\u00e9s del 010"},"content":{"rendered":"<h2>El curso se desarrollar\u00e1 del 14 de octubre al 5 de mayo, con 25 plazas y 62,5 horas de formaci\u00f3n en cada nivel<\/h2>\n<p><!--more--><\/p>\n<p>El Ayuntamiento de Pamplona y la Fundaci\u00f3n IPES organizan este curso la Escuela de Feminismos con dos niveles de formaci\u00f3n. Ambos imparten formaci\u00f3n en teor\u00eda de g\u00e9nero y feminista que aborda la evoluci\u00f3n y los distintos \u00e1mbitos del movimiento y la teor\u00eda feminista, as\u00ed como las estrategias pol\u00edticas para conquistar los derechos de las mujeres. La inscripci\u00f3n es gratuita y se puede realizar a trav\u00e9s del tel\u00e9fono 010 \u2013 948 420 100 entre el 23 de septiembre y el 2 de octubre.<\/p>\n<p>Se ofertan 25 plazas para cada uno de los dos niveles. En caso de que las inscripciones superen el n\u00famero de plazas disponibles, se realizar\u00e1 un sorteo. El curso se desarrollar\u00e1 del 14 de octubre al 5 de mayo, en sesiones vespertinas, de 17 a 19.30 horas. Los dos niveles se imparten en castellano. La Escuela de Feminismos es un proyecto de formaci\u00f3n que se imparte desde 2006, que busca recuperar y poner en valor las aportaciones de las mujeres al mundo, analizando las desigualdades de g\u00e9nero existentes, presentando los debates feministas actuales y fomentando la transformaci\u00f3n social.<\/p>\n<p>El Nivel I est\u00e1 dirigido a toda persona que quiera iniciarse en la teor\u00eda feminista y la perspectiva de g\u00e9nero. Como requisito, se establece la necesidad de que la persona est\u00e9 empadronada en Pamplona. La formaci\u00f3n de este Nivel I se estructura en cinco bloques: introducci\u00f3n a la teor\u00eda de g\u00e9nero; historia del feminismo; g\u00e9nero, desigualdades y cambio social, subjetividades y g\u00e9nero; y g\u00e9nero y poder.<\/p>\n<p>El Nivel II tiene como objetivo seguir profundizando en tem\u00e1ticas cl\u00e1sicas de inter\u00e9s (conceptos de la teor\u00eda de g\u00e9nero: transversalidad, principio de igualdad, interseccionalidad; derechos de las mujeres y pol\u00edticas de igualdad, etc), pero tambi\u00e9n en nuevas tem\u00e1ticas y \u00e1mbitos (la utop\u00eda rom\u00e1ntica, feminismos y LGTBI+, la discapacidad y el g\u00e9nero, arte y feminismo, deporte y g\u00e9nero o mujeres migrantes y refugiadas).<\/p>\n<p>Adem\u00e1s del requisito de empadronamiento en Pamplona, es obligatorio haber completado el Nivel I de esta Escuela de Feminismos o el equivalente de horas en otra formaci\u00f3n en Igualdad acreditada. El Nivel II tambi\u00e9n se estructura en cinco bloques formativos: marco general y estrategias feministas; violencias; \u00e1mbito socioecon\u00f3mico y la reproducci\u00f3n de la vida; interseccionalidades y cuerpos; y medios de comunicaci\u00f3n y creaci\u00f3n art\u00edstica.<\/p>\n","protected":false},"excerpt":{"rendered":"<p>El curso se desarrollar\u00e1 del 14 de octubre al 5 de mayo, con 25 plazas y 62,5 horas de formaci\u00f3n en cada nivel<\/p>\n","protected":false},"author":1,"featured_media":50760,"comment_status":"open","ping_status":"closed","sticky":false,"template":"","format":"standard","meta":{"footnotes":""},"categories":[2],"tags":[],"class_list":["post-50759","post","type-post","status-publish","format-standard","has-post-thumbnail","hentry","category-ayuntamiento-pamplona"],"yoast_head":"<!-- This site is optimized with the Yoast SEO plugin v27.3 - https:\/\/yoast.com\/product\/yoast-seo-wordpress\/ -->\n<title>La Escuela de Feminismos abre las inscripciones para sus dos niveles de formaci\u00f3n en teor\u00eda de g\u00e9nero y feminista del 23 de septiembre al 2 de octubre a trav\u00e9s del 010<\/title>\n<meta name=\"description\" content=\"El curso se desarrollar\u00e1 del 14 de octubre al 5 de mayo, con 25 plazas y 62,5 horas de formaci\u00f3n en cada nivel\" \/>\n<meta name=\"robots\" content=\"index, follow, max-snippet:-1, max-image-preview:large, max-video-preview:-1\" \/>\n<link rel=\"canonical\" href=\"https:\/\/www.laguiadepamplona.com\/actualidad\/la-escuela-de-feminismos-abre-las-inscripciones-para-sus-dos-niveles-de-formacion-en-teoria-de-genero-y-feminista-del-23-de-septiembre-al-2-de-octubre-a-traves-del-010\/\" \/>\n<meta property=\"og:locale\" content=\"es_ES\" \/>\n<meta property=\"og:type\" content=\"article\" \/>\n<meta property=\"og:title\" content=\"La Escuela de Feminismos abre las inscripciones para sus dos niveles de formaci\u00f3n en teor\u00eda de g\u00e9nero y feminista del 23 de septiembre al 2 de octubre a trav\u00e9s del 010\" \/>\n<meta property=\"og:description\" content=\"El curso se desarrollar\u00e1 del 14 de octubre al 5 de mayo, con 25 plazas y 62,5 horas de formaci\u00f3n en cada nivel\" \/>\n<meta property=\"og:url\" content=\"https:\/\/www.laguiadepamplona.com\/actualidad\/la-escuela-de-feminismos-abre-las-inscripciones-para-sus-dos-niveles-de-formacion-en-teoria-de-genero-y-feminista-del-23-de-septiembre-al-2-de-octubre-a-traves-del-010\/\" \/>\n<meta property=\"og:site_name\" content=\"La Gu\u00eda de Pamplona\" \/>\n<meta property=\"article:publisher\" content=\"https:\/\/www.facebook.com\/laguiadepamplonacom-133175176762273\/?ref=hl\" \/>\n<meta property=\"article:published_time\" content=\"2024-09-20T09:52:21+00:00\" \/>\n<meta property=\"og:image\" content=\"https:\/\/www.laguiadepamplona.com\/actualidad\/wp-content\/uploads\/2024\/09\/escuela-de-feminismos_web.webp\" \/>\n\t<meta property=\"og:image:width\" content=\"1000\" \/>\n\t<meta property=\"og:image:height\" content=\"667\" \/>\n\t<meta property=\"og:image:type\" content=\"image\/webp\" \/>\n<meta name=\"author\" content=\"La Gu\u00eda de Pamplona\" \/>\n<meta name=\"twitter:card\" content=\"summary_large_image\" \/>\n<meta name=\"twitter:creator\" content=\"@LaGuiadPamplona\" \/>\n<meta name=\"twitter:site\" content=\"@LaGuiadPamplona\" \/>\n<meta name=\"twitter:label1\" content=\"Escrito por\" \/>\n\t<meta name=\"twitter:data1\" content=\"La Gu\u00eda de Pamplona\" \/>\n\t<meta name=\"twitter:label2\" content=\"Tiempo de lectura\" \/>\n\t<meta name=\"twitter:data2\" content=\"3 minutos\" \/>\n<script type=\"application\/ld+json\" class=\"yoast-schema-graph\">{\"@context\":\"https:\\\/\\\/schema.org\",\"@graph\":[{\"@type\":\"Article\",\"@id\":\"https:\\\/\\\/www.laguiadepamplona.com\\\/actualidad\\\/la-escuela-de-feminismos-abre-las-inscripciones-para-sus-dos-niveles-de-formacion-en-teoria-de-genero-y-feminista-del-23-de-septiembre-al-2-de-octubre-a-traves-del-010\\\/#article\",\"isPartOf\":{\"@id\":\"https:\\\/\\\/www.laguiadepamplona.com\\\/actualidad\\\/la-escuela-de-feminismos-abre-las-inscripciones-para-sus-dos-niveles-de-formacion-en-teoria-de-genero-y-feminista-del-23-de-septiembre-al-2-de-octubre-a-traves-del-010\\\/\"},\"author\":{\"name\":\"La Gu\u00eda de Pamplona\",\"@id\":\"https:\\\/\\\/www.laguiadepamplona.com\\\/actualidad\\\/#\\\/schema\\\/person\\\/efe887376f0213d4657c93adc50b1fdb\"},\"headline\":\"La Escuela de Feminismos abre las inscripciones para sus dos niveles de formaci\u00f3n en teor\u00eda de g\u00e9nero y feminista del 23 de septiembre al 2 de octubre a trav\u00e9s del 010\",\"datePublished\":\"2024-09-20T09:52:21+00:00\",\"mainEntityOfPage\":{\"@id\":\"https:\\\/\\\/www.laguiadepamplona.com\\\/actualidad\\\/la-escuela-de-feminismos-abre-las-inscripciones-para-sus-dos-niveles-de-formacion-en-teoria-de-genero-y-feminista-del-23-de-septiembre-al-2-de-octubre-a-traves-del-010\\\/\"},\"wordCount\":455,\"commentCount\":0,\"publisher\":{\"@id\":\"https:\\\/\\\/www.laguiadepamplona.com\\\/actualidad\\\/#organization\"},\"image\":{\"@id\":\"https:\\\/\\\/www.laguiadepamplona.com\\\/actualidad\\\/la-escuela-de-feminismos-abre-las-inscripciones-para-sus-dos-niveles-de-formacion-en-teoria-de-genero-y-feminista-del-23-de-septiembre-al-2-de-octubre-a-traves-del-010\\\/#primaryimage\"},\"thumbnailUrl\":\"https:\\\/\\\/www.laguiadepamplona.com\\\/actualidad\\\/wp-content\\\/uploads\\\/2024\\\/09\\\/escuela-de-feminismos_web.webp\",\"articleSection\":[\"Ayto Pamplona\"],\"inLanguage\":\"es\",\"potentialAction\":[{\"@type\":\"CommentAction\",\"name\":\"Comment\",\"target\":[\"https:\\\/\\\/www.laguiadepamplona.com\\\/actualidad\\\/la-escuela-de-feminismos-abre-las-inscripciones-para-sus-dos-niveles-de-formacion-en-teoria-de-genero-y-feminista-del-23-de-septiembre-al-2-de-octubre-a-traves-del-010\\\/#respond\"]}]},{\"@type\":\"WebPage\",\"@id\":\"https:\\\/\\\/www.laguiadepamplona.com\\\/actualidad\\\/la-escuela-de-feminismos-abre-las-inscripciones-para-sus-dos-niveles-de-formacion-en-teoria-de-genero-y-feminista-del-23-de-septiembre-al-2-de-octubre-a-traves-del-010\\\/\",\"url\":\"https:\\\/\\\/www.laguiadepamplona.com\\\/actualidad\\\/la-escuela-de-feminismos-abre-las-inscripciones-para-sus-dos-niveles-de-formacion-en-teoria-de-genero-y-feminista-del-23-de-septiembre-al-2-de-octubre-a-traves-del-010\\\/\",\"name\":\"La Escuela de Feminismos abre las inscripciones para sus dos niveles de formaci\u00f3n en teor\u00eda de g\u00e9nero y feminista del 23 de septiembre al 2 de octubre a trav\u00e9s del 010\",\"isPartOf\":{\"@id\":\"https:\\\/\\\/www.laguiadepamplona.com\\\/actualidad\\\/#website\"},\"primaryImageOfPage\":{\"@id\":\"https:\\\/\\\/www.laguiadepamplona.com\\\/actualidad\\\/la-escuela-de-feminismos-abre-las-inscripciones-para-sus-dos-niveles-de-formacion-en-teoria-de-genero-y-feminista-del-23-de-septiembre-al-2-de-octubre-a-traves-del-010\\\/#primaryimage\"},\"image\":{\"@id\":\"https:\\\/\\\/www.laguiadepamplona.com\\\/actualidad\\\/la-escuela-de-feminismos-abre-las-inscripciones-para-sus-dos-niveles-de-formacion-en-teoria-de-genero-y-feminista-del-23-de-septiembre-al-2-de-octubre-a-traves-del-010\\\/#primaryimage\"},\"thumbnailUrl\":\"https:\\\/\\\/www.laguiadepamplona.com\\\/actualidad\\\/wp-content\\\/uploads\\\/2024\\\/09\\\/escuela-de-feminismos_web.webp\",\"datePublished\":\"2024-09-20T09:52:21+00:00\",\"description\":\"El curso se desarrollar\u00e1 del 14 de octubre al 5 de mayo, con 25 plazas y 62,5 horas de formaci\u00f3n en cada nivel\",\"breadcrumb\":{\"@id\":\"https:\\\/\\\/www.laguiadepamplona.com\\\/actualidad\\\/la-escuela-de-feminismos-abre-las-inscripciones-para-sus-dos-niveles-de-formacion-en-teoria-de-genero-y-feminista-del-23-de-septiembre-al-2-de-octubre-a-traves-del-010\\\/#breadcrumb\"},\"inLanguage\":\"es\",\"potentialAction\":[{\"@type\":\"ReadAction\",\"target\":[\"https:\\\/\\\/www.laguiadepamplona.com\\\/actualidad\\\/la-escuela-de-feminismos-abre-las-inscripciones-para-sus-dos-niveles-de-formacion-en-teoria-de-genero-y-feminista-del-23-de-septiembre-al-2-de-octubre-a-traves-del-010\\\/\"]}]},{\"@type\":\"ImageObject\",\"inLanguage\":\"es\",\"@id\":\"https:\\\/\\\/www.laguiadepamplona.com\\\/actualidad\\\/la-escuela-de-feminismos-abre-las-inscripciones-para-sus-dos-niveles-de-formacion-en-teoria-de-genero-y-feminista-del-23-de-septiembre-al-2-de-octubre-a-traves-del-010\\\/#primaryimage\",\"url\":\"https:\\\/\\\/www.laguiadepamplona.com\\\/actualidad\\\/wp-content\\\/uploads\\\/2024\\\/09\\\/escuela-de-feminismos_web.webp\",\"contentUrl\":\"https:\\\/\\\/www.laguiadepamplona.com\\\/actualidad\\\/wp-content\\\/uploads\\\/2024\\\/09\\\/escuela-de-feminismos_web.webp\",\"width\":1000,\"height\":667,\"caption\":\"escuela de feminismos\"},{\"@type\":\"BreadcrumbList\",\"@id\":\"https:\\\/\\\/www.laguiadepamplona.com\\\/actualidad\\\/la-escuela-de-feminismos-abre-las-inscripciones-para-sus-dos-niveles-de-formacion-en-teoria-de-genero-y-feminista-del-23-de-septiembre-al-2-de-octubre-a-traves-del-010\\\/#breadcrumb\",\"itemListElement\":[{\"@type\":\"ListItem\",\"position\":1,\"name\":\"Portada\",\"item\":\"https:\\\/\\\/www.laguiadepamplona.com\\\/actualidad\\\/\"},{\"@type\":\"ListItem\",\"position\":2,\"name\":\"La Escuela de Feminismos abre las inscripciones para sus dos niveles de formaci\u00f3n en teor\u00eda de g\u00e9nero y feminista del 23 de septiembre al 2 de octubre a trav\u00e9s del 010\"}]},{\"@type\":\"WebSite\",\"@id\":\"https:\\\/\\\/www.laguiadepamplona.com\\\/actualidad\\\/#website\",\"url\":\"https:\\\/\\\/www.laguiadepamplona.com\\\/actualidad\\\/\",\"name\":\"La gu\u00eda de Pamplona\",\"description\":\"Noticias de Pamplona\",\"publisher\":{\"@id\":\"https:\\\/\\\/www.laguiadepamplona.com\\\/actualidad\\\/#organization\"},\"potentialAction\":[{\"@type\":\"SearchAction\",\"target\":{\"@type\":\"EntryPoint\",\"urlTemplate\":\"https:\\\/\\\/www.laguiadepamplona.com\\\/actualidad\\\/?s={search_term_string}\"},\"query-input\":{\"@type\":\"PropertyValueSpecification\",\"valueRequired\":true,\"valueName\":\"search_term_string\"}}],\"inLanguage\":\"es\"},{\"@type\":\"Organization\",\"@id\":\"https:\\\/\\\/www.laguiadepamplona.com\\\/actualidad\\\/#organization\",\"name\":\"La Gu\u00eda de Pamplona \\\/ Noticias\",\"url\":\"https:\\\/\\\/www.laguiadepamplona.com\\\/actualidad\\\/\",\"logo\":{\"@type\":\"ImageObject\",\"inLanguage\":\"es\",\"@id\":\"https:\\\/\\\/www.laguiadepamplona.com\\\/actualidad\\\/#\\\/schema\\\/logo\\\/image\\\/\",\"url\":\"https:\\\/\\\/www.laguiadepamplona.com\\\/actualidad\\\/wp-content\\\/uploads\\\/2018\\\/11\\\/logo-laguiadepamplona18-web1.png\",\"contentUrl\":\"https:\\\/\\\/www.laguiadepamplona.com\\\/actualidad\\\/wp-content\\\/uploads\\\/2018\\\/11\\\/logo-laguiadepamplona18-web1.png\",\"width\":600,\"height\":196,\"caption\":\"La Gu\u00eda de Pamplona \\\/ Noticias\"},\"image\":{\"@id\":\"https:\\\/\\\/www.laguiadepamplona.com\\\/actualidad\\\/#\\\/schema\\\/logo\\\/image\\\/\"},\"sameAs\":[\"https:\\\/\\\/www.facebook.com\\\/laguiadepamplonacom-133175176762273\\\/?ref=hl\",\"https:\\\/\\\/x.com\\\/LaGuiadPamplona\",\"https:\\\/\\\/www.instagram.com\\\/la_guia_de_pamplona\\\/\",\"https:\\\/\\\/www.youtube.com\\\/user\\\/laguiadepamplona\"]},{\"@type\":\"Person\",\"@id\":\"https:\\\/\\\/www.laguiadepamplona.com\\\/actualidad\\\/#\\\/schema\\\/person\\\/efe887376f0213d4657c93adc50b1fdb\",\"name\":\"La Gu\u00eda de Pamplona\",\"image\":{\"@type\":\"ImageObject\",\"inLanguage\":\"es\",\"@id\":\"https:\\\/\\\/secure.gravatar.com\\\/avatar\\\/b6992f131dc8d30ab0dff15446e9d346d9dbd95992de0fef795073f5ea83a81c?s=96&d=mm&r=g\",\"url\":\"https:\\\/\\\/secure.gravatar.com\\\/avatar\\\/b6992f131dc8d30ab0dff15446e9d346d9dbd95992de0fef795073f5ea83a81c?s=96&d=mm&r=g\",\"contentUrl\":\"https:\\\/\\\/secure.gravatar.com\\\/avatar\\\/b6992f131dc8d30ab0dff15446e9d346d9dbd95992de0fef795073f5ea83a81c?s=96&d=mm&r=g\",\"caption\":\"La Gu\u00eda de Pamplona\"}}]}<\/script>\n<!-- \/ Yoast SEO plugin. -->","yoast_head_json":{"title":"La Escuela de Feminismos abre las inscripciones para sus dos niveles de formaci\u00f3n en teor\u00eda de g\u00e9nero y feminista del 23 de septiembre al 2 de octubre a trav\u00e9s del 010","description":"El curso se desarrollar\u00e1 del 14 de octubre al 5 de mayo, con 25 plazas y 62,5 horas de formaci\u00f3n en cada nivel","robots":{"index":"index","follow":"follow","max-snippet":"max-snippet:-1","max-image-preview":"max-image-preview:large","max-video-preview":"max-video-preview:-1"},"canonical":"https:\/\/www.laguiadepamplona.com\/actualidad\/la-escuela-de-feminismos-abre-las-inscripciones-para-sus-dos-niveles-de-formacion-en-teoria-de-genero-y-feminista-del-23-de-septiembre-al-2-de-octubre-a-traves-del-010\/","og_locale":"es_ES","og_type":"article","og_title":"La Escuela de Feminismos abre las inscripciones para sus dos niveles de formaci\u00f3n en teor\u00eda de g\u00e9nero y feminista del 23 de septiembre al 2 de octubre a trav\u00e9s del 010","og_description":"El curso se desarrollar\u00e1 del 14 de octubre al 5 de mayo, con 25 plazas y 62,5 horas de formaci\u00f3n en cada nivel","og_url":"https:\/\/www.laguiadepamplona.com\/actualidad\/la-escuela-de-feminismos-abre-las-inscripciones-para-sus-dos-niveles-de-formacion-en-teoria-de-genero-y-feminista-del-23-de-septiembre-al-2-de-octubre-a-traves-del-010\/","og_site_name":"La Gu\u00eda de Pamplona","article_publisher":"https:\/\/www.facebook.com\/laguiadepamplonacom-133175176762273\/?ref=hl","article_published_time":"2024-09-20T09:52:21+00:00","og_image":[{"width":1000,"height":667,"url":"https:\/\/www.laguiadepamplona.com\/actualidad\/wp-content\/uploads\/2024\/09\/escuela-de-feminismos_web.webp","type":"image\/webp"}],"author":"La Gu\u00eda de Pamplona","twitter_card":"summary_large_image","twitter_creator":"@LaGuiadPamplona","twitter_site":"@LaGuiadPamplona","twitter_misc":{"Escrito por":"La Gu\u00eda de Pamplona","Tiempo de lectura":"3 minutos"},"schema":{"@context":"https:\/\/schema.org","@graph":[{"@type":"Article","@id":"https:\/\/www.laguiadepamplona.com\/actualidad\/la-escuela-de-feminismos-abre-las-inscripciones-para-sus-dos-niveles-de-formacion-en-teoria-de-genero-y-feminista-del-23-de-septiembre-al-2-de-octubre-a-traves-del-010\/#article","isPartOf":{"@id":"https:\/\/www.laguiadepamplona.com\/actualidad\/la-escuela-de-feminismos-abre-las-inscripciones-para-sus-dos-niveles-de-formacion-en-teoria-de-genero-y-feminista-del-23-de-septiembre-al-2-de-octubre-a-traves-del-010\/"},"author":{"name":"La Gu\u00eda de Pamplona","@id":"https:\/\/www.laguiadepamplona.com\/actualidad\/#\/schema\/person\/efe887376f0213d4657c93adc50b1fdb"},"headline":"La Escuela de Feminismos abre las inscripciones para sus dos niveles de formaci\u00f3n en teor\u00eda de g\u00e9nero y feminista del 23 de septiembre al 2 de octubre a trav\u00e9s del 010","datePublished":"2024-09-20T09:52:21+00:00","mainEntityOfPage":{"@id":"https:\/\/www.laguiadepamplona.com\/actualidad\/la-escuela-de-feminismos-abre-las-inscripciones-para-sus-dos-niveles-de-formacion-en-teoria-de-genero-y-feminista-del-23-de-septiembre-al-2-de-octubre-a-traves-del-010\/"},"wordCount":455,"commentCount":0,"publisher":{"@id":"https:\/\/www.laguiadepamplona.com\/actualidad\/#organization"},"image":{"@id":"https:\/\/www.laguiadepamplona.com\/actualidad\/la-escuela-de-feminismos-abre-las-inscripciones-para-sus-dos-niveles-de-formacion-en-teoria-de-genero-y-feminista-del-23-de-septiembre-al-2-de-octubre-a-traves-del-010\/#primaryimage"},"thumbnailUrl":"https:\/\/www.laguiadepamplona.com\/actualidad\/wp-content\/uploads\/2024\/09\/escuela-de-feminismos_web.webp","articleSection":["Ayto Pamplona"],"inLanguage":"es","potentialAction":[{"@type":"CommentAction","name":"Comment","target":["https:\/\/www.laguiadepamplona.com\/actualidad\/la-escuela-de-feminismos-abre-las-inscripciones-para-sus-dos-niveles-de-formacion-en-teoria-de-genero-y-feminista-del-23-de-septiembre-al-2-de-octubre-a-traves-del-010\/#respond"]}]},{"@type":"WebPage","@id":"https:\/\/www.laguiadepamplona.com\/actualidad\/la-escuela-de-feminismos-abre-las-inscripciones-para-sus-dos-niveles-de-formacion-en-teoria-de-genero-y-feminista-del-23-de-septiembre-al-2-de-octubre-a-traves-del-010\/","url":"https:\/\/www.laguiadepamplona.com\/actualidad\/la-escuela-de-feminismos-abre-las-inscripciones-para-sus-dos-niveles-de-formacion-en-teoria-de-genero-y-feminista-del-23-de-septiembre-al-2-de-octubre-a-traves-del-010\/","name":"La Escuela de Feminismos abre las inscripciones para sus dos niveles de formaci\u00f3n en teor\u00eda de g\u00e9nero y feminista del 23 de septiembre al 2 de octubre a trav\u00e9s del 010","isPartOf":{"@id":"https:\/\/www.laguiadepamplona.com\/actualidad\/#website"},"primaryImageOfPage":{"@id":"https:\/\/www.laguiadepamplona.com\/actualidad\/la-escuela-de-feminismos-abre-las-inscripciones-para-sus-dos-niveles-de-formacion-en-teoria-de-genero-y-feminista-del-23-de-septiembre-al-2-de-octubre-a-traves-del-010\/#primaryimage"},"image":{"@id":"https:\/\/www.laguiadepamplona.com\/actualidad\/la-escuela-de-feminismos-abre-las-inscripciones-para-sus-dos-niveles-de-formacion-en-teoria-de-genero-y-feminista-del-23-de-septiembre-al-2-de-octubre-a-traves-del-010\/#primaryimage"},"thumbnailUrl":"https:\/\/www.laguiadepamplona.com\/actualidad\/wp-content\/uploads\/2024\/09\/escuela-de-feminismos_web.webp","datePublished":"2024-09-20T09:52:21+00:00","description":"El curso se desarrollar\u00e1 del 14 de octubre al 5 de mayo, con 25 plazas y 62,5 horas de formaci\u00f3n en cada nivel","breadcrumb":{"@id":"https:\/\/www.laguiadepamplona.com\/actualidad\/la-escuela-de-feminismos-abre-las-inscripciones-para-sus-dos-niveles-de-formacion-en-teoria-de-genero-y-feminista-del-23-de-septiembre-al-2-de-octubre-a-traves-del-010\/#breadcrumb"},"inLanguage":"es","potentialAction":[{"@type":"ReadAction","target":["https:\/\/www.laguiadepamplona.com\/actualidad\/la-escuela-de-feminismos-abre-las-inscripciones-para-sus-dos-niveles-de-formacion-en-teoria-de-genero-y-feminista-del-23-de-septiembre-al-2-de-octubre-a-traves-del-010\/"]}]},{"@type":"ImageObject","inLanguage":"es","@id":"https:\/\/www.laguiadepamplona.com\/actualidad\/la-escuela-de-feminismos-abre-las-inscripciones-para-sus-dos-niveles-de-formacion-en-teoria-de-genero-y-feminista-del-23-de-septiembre-al-2-de-octubre-a-traves-del-010\/#primaryimage","url":"https:\/\/www.laguiadepamplona.com\/actualidad\/wp-content\/uploads\/2024\/09\/escuela-de-feminismos_web.webp","contentUrl":"https:\/\/www.laguiadepamplona.com\/actualidad\/wp-content\/uploads\/2024\/09\/escuela-de-feminismos_web.webp","width":1000,"height":667,"caption":"escuela de feminismos"},{"@type":"BreadcrumbList","@id":"https:\/\/www.laguiadepamplona.com\/actualidad\/la-escuela-de-feminismos-abre-las-inscripciones-para-sus-dos-niveles-de-formacion-en-teoria-de-genero-y-feminista-del-23-de-septiembre-al-2-de-octubre-a-traves-del-010\/#breadcrumb","itemListElement":[{"@type":"ListItem","position":1,"name":"Portada","item":"https:\/\/www.laguiadepamplona.com\/actualidad\/"},{"@type":"ListItem","position":2,"name":"La Escuela de Feminismos abre las inscripciones para sus dos niveles de formaci\u00f3n en teor\u00eda de g\u00e9nero y feminista del 23 de septiembre al 2 de octubre a trav\u00e9s del 010"}]},{"@type":"WebSite","@id":"https:\/\/www.laguiadepamplona.com\/actualidad\/#website","url":"https:\/\/www.laguiadepamplona.com\/actualidad\/","name":"La gu\u00eda de Pamplona","description":"Noticias de Pamplona","publisher":{"@id":"https:\/\/www.laguiadepamplona.com\/actualidad\/#organization"},"potentialAction":[{"@type":"SearchAction","target":{"@type":"EntryPoint","urlTemplate":"https:\/\/www.laguiadepamplona.com\/actualidad\/?s={search_term_string}"},"query-input":{"@type":"PropertyValueSpecification","valueRequired":true,"valueName":"search_term_string"}}],"inLanguage":"es"},{"@type":"Organization","@id":"https:\/\/www.laguiadepamplona.com\/actualidad\/#organization","name":"La Gu\u00eda de Pamplona \/ Noticias","url":"https:\/\/www.laguiadepamplona.com\/actualidad\/","logo":{"@type":"ImageObject","inLanguage":"es","@id":"https:\/\/www.laguiadepamplona.com\/actualidad\/#\/schema\/logo\/image\/","url":"https:\/\/www.laguiadepamplona.com\/actualidad\/wp-content\/uploads\/2018\/11\/logo-laguiadepamplona18-web1.png","contentUrl":"https:\/\/www.laguiadepamplona.com\/actualidad\/wp-content\/uploads\/2018\/11\/logo-laguiadepamplona18-web1.png","width":600,"height":196,"caption":"La Gu\u00eda de Pamplona \/ Noticias"},"image":{"@id":"https:\/\/www.laguiadepamplona.com\/actualidad\/#\/schema\/logo\/image\/"},"sameAs":["https:\/\/www.facebook.com\/laguiadepamplonacom-133175176762273\/?ref=hl","https:\/\/x.com\/LaGuiadPamplona","https:\/\/www.instagram.com\/la_guia_de_pamplona\/","https:\/\/www.youtube.com\/user\/laguiadepamplona"]},{"@type":"Person","@id":"https:\/\/www.laguiadepamplona.com\/actualidad\/#\/schema\/person\/efe887376f0213d4657c93adc50b1fdb","name":"La Gu\u00eda de Pamplona","image":{"@type":"ImageObject","inLanguage":"es","@id":"https:\/\/secure.gravatar.com\/avatar\/b6992f131dc8d30ab0dff15446e9d346d9dbd95992de0fef795073f5ea83a81c?s=96&d=mm&r=g","url":"https:\/\/secure.gravatar.com\/avatar\/b6992f131dc8d30ab0dff15446e9d346d9dbd95992de0fef795073f5ea83a81c?s=96&d=mm&r=g","contentUrl":"https:\/\/secure.gravatar.com\/avatar\/b6992f131dc8d30ab0dff15446e9d346d9dbd95992de0fef795073f5ea83a81c?s=96&d=mm&r=g","caption":"La Gu\u00eda de Pamplona"}}]}},"post_mailing_queue_ids":[],"_links":{"self":[{"href":"https:\/\/www.laguiadepamplona.com\/actualidad\/wp-json\/wp\/v2\/posts\/50759","targetHints":{"allow":["GET"]}}],"collection":[{"href":"https:\/\/www.laguiadepamplona.com\/actualidad\/wp-json\/wp\/v2\/posts"}],"about":[{"href":"https:\/\/www.laguiadepamplona.com\/actualidad\/wp-json\/wp\/v2\/types\/post"}],"author":[{"embeddable":true,"href":"https:\/\/www.laguiadepamplona.com\/actualidad\/wp-json\/wp\/v2\/users\/1"}],"replies":[{"embeddable":true,"href":"https:\/\/www.laguiadepamplona.com\/actualidad\/wp-json\/wp\/v2\/comments?post=50759"}],"version-history":[{"count":1,"href":"https:\/\/www.laguiadepamplona.com\/actualidad\/wp-json\/wp\/v2\/posts\/50759\/revisions"}],"predecessor-version":[{"id":50761,"href":"https:\/\/www.laguiadepamplona.com\/actualidad\/wp-json\/wp\/v2\/posts\/50759\/revisions\/50761"}],"wp:featuredmedia":[{"embeddable":true,"href":"https:\/\/www.laguiadepamplona.com\/actualidad\/wp-json\/wp\/v2\/media\/50760"}],"wp:attachment":[{"href":"https:\/\/www.laguiadepamplona.com\/actualidad\/wp-json\/wp\/v2\/media?parent=50759"}],"wp:term":[{"taxonomy":"category","embeddable":true,"href":"https:\/\/www.laguiadepamplona.com\/actualidad\/wp-json\/wp\/v2\/categories?post=50759"},{"taxonomy":"post_tag","embeddable":true,"href":"https:\/\/www.laguiadepamplona.com\/actualidad\/wp-json\/wp\/v2\/tags?post=50759"}],"curies":[{"name":"wp","href":"https:\/\/api.w.org\/{rel}","templated":true}]}}