{"id":50756,"date":"2024-09-19T16:58:36","date_gmt":"2024-09-19T14:58:36","guid":{"rendered":"https:\/\/www.laguiadepamplona.com\/actualidad\/?p=50756"},"modified":"2024-09-19T16:58:36","modified_gmt":"2024-09-19T14:58:36","slug":"mas-de-32-700-personas-participaron-en-los-actos-culturales-organizados-por-el-ayuntamiento-de-pamplona-este-verano","status":"publish","type":"post","link":"https:\/\/www.laguiadepamplona.com\/actualidad\/mas-de-32-700-personas-participaron-en-los-actos-culturales-organizados-por-el-ayuntamiento-de-pamplona-este-verano\/","title":{"rendered":"M\u00e1s de 32.700 personas participaron en los actos culturales organizados por el Ayuntamiento de Pamplona este verano"},"content":{"rendered":"<h2>El festival Cinco Puntas, con m\u00e1s de 9.400 asistentes, y las noches de cine, con 7.500 personas, son los eventos m\u00e1s numerosos<!--more--><\/h2>\n<p>La programaci\u00f3n cultural del Ayuntamiento de Pamplona para este verano ha atra\u00eddo a m\u00e1s de 32.700 personas, que han disfrutado con las acrobacias, la danza y la m\u00fasica del Festival de las Murallas y con las distintas propuestas de ocio y tiempo libre de Civivox. De todas ellas, las m\u00e1s que mayor aceptaci\u00f3n han tenido han sido las noches de cine al aire libre y el programa Cinco Puntas, que trajo a la Ciudadela nueva espect\u00e1culos de teatro y acrobacias.<\/p>\n<p>Dentro del Festival de las Murallas, el Consistorio elabor\u00f3 una propuesta variada, que inclu\u00eda el programa Cinco Puntas en la Ciudadela; Atardecer Pamplona en la plaza de la Virgen de la O con funciones de ciencia y m\u00fasica; Danzad, Danzad, Malditos, donde grupos de danza mostraban sus performances junto al recinto amurallado de la ciudad; y Malditos Night, que combinaba m\u00fasica electr\u00f3nica y danza en el front\u00f3n Jito Alai. En total, han sido 13.516 las personas que han disfrutado de las distintas propuestas del festival. De todas ellas, Cinco Puntas ha sido la que m\u00e1s p\u00fablico ha atra\u00eddo, con 9.400 espectadores, tiendo en cuenta que el martes 13 de agosto la actuaci\u00f3n de La Trokola tuvo que ser suspendida por la lluvia. Salvo ese d\u00eda, m\u00e1s de mil visitantes acud\u00edan cada tarde al espect\u00e1culo, llegando a 1.500 el d\u00eda de la inauguraci\u00f3n, con el espect\u00e1culo de Pistolet \u2018El Itinerante\u2019.<\/p>\n<p>Al margen de Cinco Puntas, Danzad, Danzad, Malditos atrajo a 1.750 personas en sus tres actuaciones, celebradas los s\u00e1bados 10, 17 y 24 de agosto; y Atardecer Pamplona logr\u00f3 una repercusi\u00f3n de 1.579 personas, en las tardes del 9, 16 y 23 de agosto. La asistencia a Malditos Night fue menor, quedando en 787 personas, si bien la lluvia condicion\u00f3 el desarrollo de varias de estas actuaciones.<\/p>\n<p><strong>M\u00e1s de 16.000 asistentes a las actividades de Civivox<\/strong><\/p>\n<p>Durante los meses de verano, la red Civivox ha programado una serie de acciones pensadas para disfrutar al aire libre, que han sido secundadas por m\u00e1s de 16.300 personas. Una de las propuestas, ya cl\u00e1sica, es el programa Noches de Cine, que ofrec\u00edan una veintena de pel\u00edculas al aire libre, en la plazas y parques de los distintos barrios de la ciudad. Han sido 7.588 las personas que han acudido a ver los largometrajes propuestos. Las citas m\u00e1s numerosas fueron el 5 de agosto en el parque de Yamaguchi, donde se proyect\u00f3 \u2018Barbie\u2019, y que cont\u00f3 con 1.090 espectadores; y el 9 de agosto, en la plaza Maravillas Lamberto de Lezkairu, donde la pel\u00edcula \u2018S\u00faper Mario Bros. La Pel\u00edcula\u2019 fue visionada por 1.013 personas. Otros dos filmes tuvieron que ser suspendidos por la lluvia.<\/p>\n<p>El programa Versionando, que se celebr\u00f3 del 5 al 26 de agosto, cont\u00f3 con 3.709 espectadores en los cuatro conciertos que se celebraron en la plaza de San Jos\u00e9. En ellos, los grupos invitados versionaba canciones de otros artistas en conciertos aptos para todos los p\u00fablicos. Los dos primeros conciertos, de Atxajaunak y Mind the gap, fueron seguidos por una media de 760 espectadores. Por su parte, los dos \u00faltimos, de Los apandadores y 100 to 8, tuvieron m\u00e1s de 1.000 espectadores respectivamente.<\/p>\n<p>Por su parte, el palacio de Ezpeleta acogi\u00f3 este verano el ciclo \u2018Artes de calle\u2019, con espect\u00e1culos de teatro para el p\u00fablico familiar tres jueves de agosto; y dos ciclos culturales gratuitos para todos los p\u00fablicos, \u2018Instalaciones y juegos\u2019 y \u2018Respirando m\u00fasica en familia\u2019. A lo largo de las distintas jornadas, han sido 3.307 personas las que han disfrutado de las distintas actuaciones.<\/p>\n<p><strong>M\u00fasica en espacios naturales y al aire libre<\/strong><\/p>\n<p>Los viernes de agosto ofrec\u00edan, entre las propuestas culturales, conciertos dentro del ciclo \u2018Enklaves\u2019, en distintos espacios de la Vuelta del Castillo. Las actuaciones, de grupos emergentes del panorama musical local, permitieron escuchar a Enemigos del comercio (2 de agosto), The Titanians (9 de agosto), Lanai (16 de agosto) y Bris (23 de agosto). En total, fueron 1.722 las personas que participaron en estos conciertos.<\/p>\n<p>A todos ellos se sum\u00f3 otro de los ciclos organizados por el Ayuntamiento de Pamplona, de la mano de salas de m\u00fasica. La iniciativa \u2018Salas de M\u00fasica en la Calle\u2019, que concluy\u00f3 esta misma semana. En total, 2.880 personas han disfrutado de los siete conciertos, que se realizaron en la calle Bosquecillo. Los m\u00e1s numerosos fueron los de Ezpalak, ayer, con 530 personas; y Airu, del pasado 14 de agosto, con otros 500 espectadores.<\/p>\n<p><strong>Los conciertos del Privilegio de la Uni\u00f3n<\/strong><\/p>\n<p>Como cierre de la programaci\u00f3n estival, el Ayuntamiento de Pamplona program\u00f3 tres conciertos en la Plaza del Castillo dentro de los actos del Privilegio de la Uni\u00f3n.\u00a0 La Pamplonesa, que actu\u00f3 el viernes d\u00eda 6, cont\u00f3 con 1.500 espectadores; y la Orquesta Sinf\u00f3nica de Navarra reuni\u00f3 a 1.900 personas.<\/p>\n<p>Sin duda, el mayor evento de la celebraci\u00f3n del Privilegio fue el concierto que ofreci\u00f3 el grupo El Columpio Asesino, el domingo d\u00eda 8. Alrededor de 4.500 personas se reunieron en la Plaza del Castillo para escuchar a este grupo navarro. De esta forma, la apuesta musical del Privilegio reuni\u00f3, en total a 7.900 personas.<\/p>\n<p>&nbsp;<\/p>\n<h3>Participaci\u00f3n<\/h3>\n<ul>\n<li><strong>Festival de las Murallas<\/strong>\n<ul>\n<li>Atardecer Pamplona: 1.579 personas<\/li>\n<li>Cinco Puntas: 9.400 personas<\/li>\n<li>Danzad, Danzad, Malditos: 1.750 personas<\/li>\n<li>Malditos Night: 787 personas<\/li>\n<\/ul>\n<\/li>\n<li><strong>Verano Civivox<\/strong>\n<ul>\n<li>Noches de cine: 7.588 personas<\/li>\n<li>Versionando: 3.709 personas<\/li>\n<li>Enklaves: 1.722 personas<\/li>\n<li>Patio de Ezpeleta: 3.307 personas<\/li>\n<\/ul>\n<\/li>\n<li><strong>Salas de M\u00fasica en la Calle<\/strong>: 2.880 personas<\/li>\n<li><strong>Conciertos del Privilegio de la Uni\u00f3n<\/strong>\n<ul>\n<li>La Pamplonesa: 1.500 personas<\/li>\n<li>Orquesta Sinf\u00f3nica de Navarra. 1.900 personas<\/li>\n<li>El Columpio Asesino: 4.500 personas<\/li>\n<\/ul>\n<\/li>\n<\/ul>\n","protected":false},"excerpt":{"rendered":"<p>El festival Cinco Puntas, con m\u00e1s de 9.400 asistentes, y las noches de cine, con 7.500 personas, son los eventos m\u00e1s numerosos<\/p>\n","protected":false},"author":1,"featured_media":50757,"comment_status":"open","ping_status":"closed","sticky":false,"template":"","format":"standard","meta":{"footnotes":""},"categories":[2],"tags":[],"class_list":["post-50756","post","type-post","status-publish","format-standard","has-post-thumbnail","hentry","category-ayuntamiento-pamplona"],"yoast_head":"<!-- This site is optimized with the Yoast SEO plugin v27.3 - https:\/\/yoast.com\/product\/yoast-seo-wordpress\/ -->\n<title>M\u00e1s de 32.700 personas participaron en los actos culturales organizados por el Ayuntamiento de Pamplona este verano<\/title>\n<meta name=\"description\" content=\"El festival Cinco Puntas, con m\u00e1s de 9.400 asistentes, y las noches de cine, con 7.500 personas, son los eventos m\u00e1s numerosos\" \/>\n<meta name=\"robots\" content=\"index, follow, max-snippet:-1, max-image-preview:large, max-video-preview:-1\" \/>\n<link rel=\"canonical\" href=\"https:\/\/www.laguiadepamplona.com\/actualidad\/mas-de-32-700-personas-participaron-en-los-actos-culturales-organizados-por-el-ayuntamiento-de-pamplona-este-verano\/\" \/>\n<meta property=\"og:locale\" content=\"es_ES\" \/>\n<meta property=\"og:type\" content=\"article\" \/>\n<meta property=\"og:title\" content=\"M\u00e1s de 32.700 personas participaron en los actos culturales organizados por el Ayuntamiento de Pamplona este verano\" \/>\n<meta property=\"og:description\" content=\"El festival Cinco Puntas, con m\u00e1s de 9.400 asistentes, y las noches de cine, con 7.500 personas, son los eventos m\u00e1s numerosos\" \/>\n<meta property=\"og:url\" content=\"https:\/\/www.laguiadepamplona.com\/actualidad\/mas-de-32-700-personas-participaron-en-los-actos-culturales-organizados-por-el-ayuntamiento-de-pamplona-este-verano\/\" \/>\n<meta property=\"og:site_name\" content=\"La Gu\u00eda de Pamplona\" \/>\n<meta property=\"article:publisher\" content=\"https:\/\/www.facebook.com\/laguiadepamplonacom-133175176762273\/?ref=hl\" \/>\n<meta property=\"article:published_time\" content=\"2024-09-19T14:58:36+00:00\" \/>\n<meta property=\"og:image\" content=\"https:\/\/www.laguiadepamplona.com\/actualidad\/wp-content\/uploads\/2024\/09\/balance-cultura_versionando_web.webp\" \/>\n\t<meta property=\"og:image:width\" content=\"1000\" \/>\n\t<meta property=\"og:image:height\" content=\"667\" \/>\n\t<meta property=\"og:image:type\" content=\"image\/webp\" \/>\n<meta name=\"author\" content=\"La Gu\u00eda de Pamplona\" \/>\n<meta name=\"twitter:card\" content=\"summary_large_image\" \/>\n<meta name=\"twitter:creator\" content=\"@LaGuiadPamplona\" \/>\n<meta name=\"twitter:site\" content=\"@LaGuiadPamplona\" \/>\n<meta name=\"twitter:label1\" content=\"Escrito por\" \/>\n\t<meta name=\"twitter:data1\" content=\"La Gu\u00eda de Pamplona\" \/>\n\t<meta name=\"twitter:label2\" content=\"Tiempo de lectura\" \/>\n\t<meta name=\"twitter:data2\" content=\"5 minutos\" \/>\n<script type=\"application\/ld+json\" class=\"yoast-schema-graph\">{\"@context\":\"https:\\\/\\\/schema.org\",\"@graph\":[{\"@type\":\"Article\",\"@id\":\"https:\\\/\\\/www.laguiadepamplona.com\\\/actualidad\\\/mas-de-32-700-personas-participaron-en-los-actos-culturales-organizados-por-el-ayuntamiento-de-pamplona-este-verano\\\/#article\",\"isPartOf\":{\"@id\":\"https:\\\/\\\/www.laguiadepamplona.com\\\/actualidad\\\/mas-de-32-700-personas-participaron-en-los-actos-culturales-organizados-por-el-ayuntamiento-de-pamplona-este-verano\\\/\"},\"author\":{\"name\":\"La Gu\u00eda de Pamplona\",\"@id\":\"https:\\\/\\\/www.laguiadepamplona.com\\\/actualidad\\\/#\\\/schema\\\/person\\\/efe887376f0213d4657c93adc50b1fdb\"},\"headline\":\"M\u00e1s de 32.700 personas participaron en los actos culturales organizados por el Ayuntamiento de Pamplona este verano\",\"datePublished\":\"2024-09-19T14:58:36+00:00\",\"mainEntityOfPage\":{\"@id\":\"https:\\\/\\\/www.laguiadepamplona.com\\\/actualidad\\\/mas-de-32-700-personas-participaron-en-los-actos-culturales-organizados-por-el-ayuntamiento-de-pamplona-este-verano\\\/\"},\"wordCount\":952,\"commentCount\":0,\"publisher\":{\"@id\":\"https:\\\/\\\/www.laguiadepamplona.com\\\/actualidad\\\/#organization\"},\"image\":{\"@id\":\"https:\\\/\\\/www.laguiadepamplona.com\\\/actualidad\\\/mas-de-32-700-personas-participaron-en-los-actos-culturales-organizados-por-el-ayuntamiento-de-pamplona-este-verano\\\/#primaryimage\"},\"thumbnailUrl\":\"https:\\\/\\\/www.laguiadepamplona.com\\\/actualidad\\\/wp-content\\\/uploads\\\/2024\\\/09\\\/balance-cultura_versionando_web.webp\",\"articleSection\":[\"Ayto Pamplona\"],\"inLanguage\":\"es\",\"potentialAction\":[{\"@type\":\"CommentAction\",\"name\":\"Comment\",\"target\":[\"https:\\\/\\\/www.laguiadepamplona.com\\\/actualidad\\\/mas-de-32-700-personas-participaron-en-los-actos-culturales-organizados-por-el-ayuntamiento-de-pamplona-este-verano\\\/#respond\"]}]},{\"@type\":\"WebPage\",\"@id\":\"https:\\\/\\\/www.laguiadepamplona.com\\\/actualidad\\\/mas-de-32-700-personas-participaron-en-los-actos-culturales-organizados-por-el-ayuntamiento-de-pamplona-este-verano\\\/\",\"url\":\"https:\\\/\\\/www.laguiadepamplona.com\\\/actualidad\\\/mas-de-32-700-personas-participaron-en-los-actos-culturales-organizados-por-el-ayuntamiento-de-pamplona-este-verano\\\/\",\"name\":\"M\u00e1s de 32.700 personas participaron en los actos culturales organizados por el Ayuntamiento de Pamplona este verano\",\"isPartOf\":{\"@id\":\"https:\\\/\\\/www.laguiadepamplona.com\\\/actualidad\\\/#website\"},\"primaryImageOfPage\":{\"@id\":\"https:\\\/\\\/www.laguiadepamplona.com\\\/actualidad\\\/mas-de-32-700-personas-participaron-en-los-actos-culturales-organizados-por-el-ayuntamiento-de-pamplona-este-verano\\\/#primaryimage\"},\"image\":{\"@id\":\"https:\\\/\\\/www.laguiadepamplona.com\\\/actualidad\\\/mas-de-32-700-personas-participaron-en-los-actos-culturales-organizados-por-el-ayuntamiento-de-pamplona-este-verano\\\/#primaryimage\"},\"thumbnailUrl\":\"https:\\\/\\\/www.laguiadepamplona.com\\\/actualidad\\\/wp-content\\\/uploads\\\/2024\\\/09\\\/balance-cultura_versionando_web.webp\",\"datePublished\":\"2024-09-19T14:58:36+00:00\",\"description\":\"El festival Cinco Puntas, con m\u00e1s de 9.400 asistentes, y las noches de cine, con 7.500 personas, son los eventos m\u00e1s numerosos\",\"breadcrumb\":{\"@id\":\"https:\\\/\\\/www.laguiadepamplona.com\\\/actualidad\\\/mas-de-32-700-personas-participaron-en-los-actos-culturales-organizados-por-el-ayuntamiento-de-pamplona-este-verano\\\/#breadcrumb\"},\"inLanguage\":\"es\",\"potentialAction\":[{\"@type\":\"ReadAction\",\"target\":[\"https:\\\/\\\/www.laguiadepamplona.com\\\/actualidad\\\/mas-de-32-700-personas-participaron-en-los-actos-culturales-organizados-por-el-ayuntamiento-de-pamplona-este-verano\\\/\"]}]},{\"@type\":\"ImageObject\",\"inLanguage\":\"es\",\"@id\":\"https:\\\/\\\/www.laguiadepamplona.com\\\/actualidad\\\/mas-de-32-700-personas-participaron-en-los-actos-culturales-organizados-por-el-ayuntamiento-de-pamplona-este-verano\\\/#primaryimage\",\"url\":\"https:\\\/\\\/www.laguiadepamplona.com\\\/actualidad\\\/wp-content\\\/uploads\\\/2024\\\/09\\\/balance-cultura_versionando_web.webp\",\"contentUrl\":\"https:\\\/\\\/www.laguiadepamplona.com\\\/actualidad\\\/wp-content\\\/uploads\\\/2024\\\/09\\\/balance-cultura_versionando_web.webp\",\"width\":1000,\"height\":667},{\"@type\":\"BreadcrumbList\",\"@id\":\"https:\\\/\\\/www.laguiadepamplona.com\\\/actualidad\\\/mas-de-32-700-personas-participaron-en-los-actos-culturales-organizados-por-el-ayuntamiento-de-pamplona-este-verano\\\/#breadcrumb\",\"itemListElement\":[{\"@type\":\"ListItem\",\"position\":1,\"name\":\"Portada\",\"item\":\"https:\\\/\\\/www.laguiadepamplona.com\\\/actualidad\\\/\"},{\"@type\":\"ListItem\",\"position\":2,\"name\":\"M\u00e1s de 32.700 personas participaron en los actos culturales organizados por el Ayuntamiento de Pamplona este verano\"}]},{\"@type\":\"WebSite\",\"@id\":\"https:\\\/\\\/www.laguiadepamplona.com\\\/actualidad\\\/#website\",\"url\":\"https:\\\/\\\/www.laguiadepamplona.com\\\/actualidad\\\/\",\"name\":\"La gu\u00eda de Pamplona\",\"description\":\"Noticias de Pamplona\",\"publisher\":{\"@id\":\"https:\\\/\\\/www.laguiadepamplona.com\\\/actualidad\\\/#organization\"},\"potentialAction\":[{\"@type\":\"SearchAction\",\"target\":{\"@type\":\"EntryPoint\",\"urlTemplate\":\"https:\\\/\\\/www.laguiadepamplona.com\\\/actualidad\\\/?s={search_term_string}\"},\"query-input\":{\"@type\":\"PropertyValueSpecification\",\"valueRequired\":true,\"valueName\":\"search_term_string\"}}],\"inLanguage\":\"es\"},{\"@type\":\"Organization\",\"@id\":\"https:\\\/\\\/www.laguiadepamplona.com\\\/actualidad\\\/#organization\",\"name\":\"La Gu\u00eda de Pamplona \\\/ Noticias\",\"url\":\"https:\\\/\\\/www.laguiadepamplona.com\\\/actualidad\\\/\",\"logo\":{\"@type\":\"ImageObject\",\"inLanguage\":\"es\",\"@id\":\"https:\\\/\\\/www.laguiadepamplona.com\\\/actualidad\\\/#\\\/schema\\\/logo\\\/image\\\/\",\"url\":\"https:\\\/\\\/www.laguiadepamplona.com\\\/actualidad\\\/wp-content\\\/uploads\\\/2018\\\/11\\\/logo-laguiadepamplona18-web1.png\",\"contentUrl\":\"https:\\\/\\\/www.laguiadepamplona.com\\\/actualidad\\\/wp-content\\\/uploads\\\/2018\\\/11\\\/logo-laguiadepamplona18-web1.png\",\"width\":600,\"height\":196,\"caption\":\"La Gu\u00eda de Pamplona \\\/ Noticias\"},\"image\":{\"@id\":\"https:\\\/\\\/www.laguiadepamplona.com\\\/actualidad\\\/#\\\/schema\\\/logo\\\/image\\\/\"},\"sameAs\":[\"https:\\\/\\\/www.facebook.com\\\/laguiadepamplonacom-133175176762273\\\/?ref=hl\",\"https:\\\/\\\/x.com\\\/LaGuiadPamplona\",\"https:\\\/\\\/www.instagram.com\\\/la_guia_de_pamplona\\\/\",\"https:\\\/\\\/www.youtube.com\\\/user\\\/laguiadepamplona\"]},{\"@type\":\"Person\",\"@id\":\"https:\\\/\\\/www.laguiadepamplona.com\\\/actualidad\\\/#\\\/schema\\\/person\\\/efe887376f0213d4657c93adc50b1fdb\",\"name\":\"La Gu\u00eda de Pamplona\",\"image\":{\"@type\":\"ImageObject\",\"inLanguage\":\"es\",\"@id\":\"https:\\\/\\\/secure.gravatar.com\\\/avatar\\\/b6992f131dc8d30ab0dff15446e9d346d9dbd95992de0fef795073f5ea83a81c?s=96&d=mm&r=g\",\"url\":\"https:\\\/\\\/secure.gravatar.com\\\/avatar\\\/b6992f131dc8d30ab0dff15446e9d346d9dbd95992de0fef795073f5ea83a81c?s=96&d=mm&r=g\",\"contentUrl\":\"https:\\\/\\\/secure.gravatar.com\\\/avatar\\\/b6992f131dc8d30ab0dff15446e9d346d9dbd95992de0fef795073f5ea83a81c?s=96&d=mm&r=g\",\"caption\":\"La Gu\u00eda de Pamplona\"}}]}<\/script>\n<!-- \/ Yoast SEO plugin. -->","yoast_head_json":{"title":"M\u00e1s de 32.700 personas participaron en los actos culturales organizados por el Ayuntamiento de Pamplona este verano","description":"El festival Cinco Puntas, con m\u00e1s de 9.400 asistentes, y las noches de cine, con 7.500 personas, son los eventos m\u00e1s numerosos","robots":{"index":"index","follow":"follow","max-snippet":"max-snippet:-1","max-image-preview":"max-image-preview:large","max-video-preview":"max-video-preview:-1"},"canonical":"https:\/\/www.laguiadepamplona.com\/actualidad\/mas-de-32-700-personas-participaron-en-los-actos-culturales-organizados-por-el-ayuntamiento-de-pamplona-este-verano\/","og_locale":"es_ES","og_type":"article","og_title":"M\u00e1s de 32.700 personas participaron en los actos culturales organizados por el Ayuntamiento de Pamplona este verano","og_description":"El festival Cinco Puntas, con m\u00e1s de 9.400 asistentes, y las noches de cine, con 7.500 personas, son los eventos m\u00e1s numerosos","og_url":"https:\/\/www.laguiadepamplona.com\/actualidad\/mas-de-32-700-personas-participaron-en-los-actos-culturales-organizados-por-el-ayuntamiento-de-pamplona-este-verano\/","og_site_name":"La Gu\u00eda de Pamplona","article_publisher":"https:\/\/www.facebook.com\/laguiadepamplonacom-133175176762273\/?ref=hl","article_published_time":"2024-09-19T14:58:36+00:00","og_image":[{"width":1000,"height":667,"url":"https:\/\/www.laguiadepamplona.com\/actualidad\/wp-content\/uploads\/2024\/09\/balance-cultura_versionando_web.webp","type":"image\/webp"}],"author":"La Gu\u00eda de Pamplona","twitter_card":"summary_large_image","twitter_creator":"@LaGuiadPamplona","twitter_site":"@LaGuiadPamplona","twitter_misc":{"Escrito por":"La Gu\u00eda de Pamplona","Tiempo de lectura":"5 minutos"},"schema":{"@context":"https:\/\/schema.org","@graph":[{"@type":"Article","@id":"https:\/\/www.laguiadepamplona.com\/actualidad\/mas-de-32-700-personas-participaron-en-los-actos-culturales-organizados-por-el-ayuntamiento-de-pamplona-este-verano\/#article","isPartOf":{"@id":"https:\/\/www.laguiadepamplona.com\/actualidad\/mas-de-32-700-personas-participaron-en-los-actos-culturales-organizados-por-el-ayuntamiento-de-pamplona-este-verano\/"},"author":{"name":"La Gu\u00eda de Pamplona","@id":"https:\/\/www.laguiadepamplona.com\/actualidad\/#\/schema\/person\/efe887376f0213d4657c93adc50b1fdb"},"headline":"M\u00e1s de 32.700 personas participaron en los actos culturales organizados por el Ayuntamiento de Pamplona este verano","datePublished":"2024-09-19T14:58:36+00:00","mainEntityOfPage":{"@id":"https:\/\/www.laguiadepamplona.com\/actualidad\/mas-de-32-700-personas-participaron-en-los-actos-culturales-organizados-por-el-ayuntamiento-de-pamplona-este-verano\/"},"wordCount":952,"commentCount":0,"publisher":{"@id":"https:\/\/www.laguiadepamplona.com\/actualidad\/#organization"},"image":{"@id":"https:\/\/www.laguiadepamplona.com\/actualidad\/mas-de-32-700-personas-participaron-en-los-actos-culturales-organizados-por-el-ayuntamiento-de-pamplona-este-verano\/#primaryimage"},"thumbnailUrl":"https:\/\/www.laguiadepamplona.com\/actualidad\/wp-content\/uploads\/2024\/09\/balance-cultura_versionando_web.webp","articleSection":["Ayto Pamplona"],"inLanguage":"es","potentialAction":[{"@type":"CommentAction","name":"Comment","target":["https:\/\/www.laguiadepamplona.com\/actualidad\/mas-de-32-700-personas-participaron-en-los-actos-culturales-organizados-por-el-ayuntamiento-de-pamplona-este-verano\/#respond"]}]},{"@type":"WebPage","@id":"https:\/\/www.laguiadepamplona.com\/actualidad\/mas-de-32-700-personas-participaron-en-los-actos-culturales-organizados-por-el-ayuntamiento-de-pamplona-este-verano\/","url":"https:\/\/www.laguiadepamplona.com\/actualidad\/mas-de-32-700-personas-participaron-en-los-actos-culturales-organizados-por-el-ayuntamiento-de-pamplona-este-verano\/","name":"M\u00e1s de 32.700 personas participaron en los actos culturales organizados por el Ayuntamiento de Pamplona este verano","isPartOf":{"@id":"https:\/\/www.laguiadepamplona.com\/actualidad\/#website"},"primaryImageOfPage":{"@id":"https:\/\/www.laguiadepamplona.com\/actualidad\/mas-de-32-700-personas-participaron-en-los-actos-culturales-organizados-por-el-ayuntamiento-de-pamplona-este-verano\/#primaryimage"},"image":{"@id":"https:\/\/www.laguiadepamplona.com\/actualidad\/mas-de-32-700-personas-participaron-en-los-actos-culturales-organizados-por-el-ayuntamiento-de-pamplona-este-verano\/#primaryimage"},"thumbnailUrl":"https:\/\/www.laguiadepamplona.com\/actualidad\/wp-content\/uploads\/2024\/09\/balance-cultura_versionando_web.webp","datePublished":"2024-09-19T14:58:36+00:00","description":"El festival Cinco Puntas, con m\u00e1s de 9.400 asistentes, y las noches de cine, con 7.500 personas, son los eventos m\u00e1s numerosos","breadcrumb":{"@id":"https:\/\/www.laguiadepamplona.com\/actualidad\/mas-de-32-700-personas-participaron-en-los-actos-culturales-organizados-por-el-ayuntamiento-de-pamplona-este-verano\/#breadcrumb"},"inLanguage":"es","potentialAction":[{"@type":"ReadAction","target":["https:\/\/www.laguiadepamplona.com\/actualidad\/mas-de-32-700-personas-participaron-en-los-actos-culturales-organizados-por-el-ayuntamiento-de-pamplona-este-verano\/"]}]},{"@type":"ImageObject","inLanguage":"es","@id":"https:\/\/www.laguiadepamplona.com\/actualidad\/mas-de-32-700-personas-participaron-en-los-actos-culturales-organizados-por-el-ayuntamiento-de-pamplona-este-verano\/#primaryimage","url":"https:\/\/www.laguiadepamplona.com\/actualidad\/wp-content\/uploads\/2024\/09\/balance-cultura_versionando_web.webp","contentUrl":"https:\/\/www.laguiadepamplona.com\/actualidad\/wp-content\/uploads\/2024\/09\/balance-cultura_versionando_web.webp","width":1000,"height":667},{"@type":"BreadcrumbList","@id":"https:\/\/www.laguiadepamplona.com\/actualidad\/mas-de-32-700-personas-participaron-en-los-actos-culturales-organizados-por-el-ayuntamiento-de-pamplona-este-verano\/#breadcrumb","itemListElement":[{"@type":"ListItem","position":1,"name":"Portada","item":"https:\/\/www.laguiadepamplona.com\/actualidad\/"},{"@type":"ListItem","position":2,"name":"M\u00e1s de 32.700 personas participaron en los actos culturales organizados por el Ayuntamiento de Pamplona este verano"}]},{"@type":"WebSite","@id":"https:\/\/www.laguiadepamplona.com\/actualidad\/#website","url":"https:\/\/www.laguiadepamplona.com\/actualidad\/","name":"La gu\u00eda de Pamplona","description":"Noticias de Pamplona","publisher":{"@id":"https:\/\/www.laguiadepamplona.com\/actualidad\/#organization"},"potentialAction":[{"@type":"SearchAction","target":{"@type":"EntryPoint","urlTemplate":"https:\/\/www.laguiadepamplona.com\/actualidad\/?s={search_term_string}"},"query-input":{"@type":"PropertyValueSpecification","valueRequired":true,"valueName":"search_term_string"}}],"inLanguage":"es"},{"@type":"Organization","@id":"https:\/\/www.laguiadepamplona.com\/actualidad\/#organization","name":"La Gu\u00eda de Pamplona \/ Noticias","url":"https:\/\/www.laguiadepamplona.com\/actualidad\/","logo":{"@type":"ImageObject","inLanguage":"es","@id":"https:\/\/www.laguiadepamplona.com\/actualidad\/#\/schema\/logo\/image\/","url":"https:\/\/www.laguiadepamplona.com\/actualidad\/wp-content\/uploads\/2018\/11\/logo-laguiadepamplona18-web1.png","contentUrl":"https:\/\/www.laguiadepamplona.com\/actualidad\/wp-content\/uploads\/2018\/11\/logo-laguiadepamplona18-web1.png","width":600,"height":196,"caption":"La Gu\u00eda de Pamplona \/ Noticias"},"image":{"@id":"https:\/\/www.laguiadepamplona.com\/actualidad\/#\/schema\/logo\/image\/"},"sameAs":["https:\/\/www.facebook.com\/laguiadepamplonacom-133175176762273\/?ref=hl","https:\/\/x.com\/LaGuiadPamplona","https:\/\/www.instagram.com\/la_guia_de_pamplona\/","https:\/\/www.youtube.com\/user\/laguiadepamplona"]},{"@type":"Person","@id":"https:\/\/www.laguiadepamplona.com\/actualidad\/#\/schema\/person\/efe887376f0213d4657c93adc50b1fdb","name":"La Gu\u00eda de Pamplona","image":{"@type":"ImageObject","inLanguage":"es","@id":"https:\/\/secure.gravatar.com\/avatar\/b6992f131dc8d30ab0dff15446e9d346d9dbd95992de0fef795073f5ea83a81c?s=96&d=mm&r=g","url":"https:\/\/secure.gravatar.com\/avatar\/b6992f131dc8d30ab0dff15446e9d346d9dbd95992de0fef795073f5ea83a81c?s=96&d=mm&r=g","contentUrl":"https:\/\/secure.gravatar.com\/avatar\/b6992f131dc8d30ab0dff15446e9d346d9dbd95992de0fef795073f5ea83a81c?s=96&d=mm&r=g","caption":"La Gu\u00eda de Pamplona"}}]}},"post_mailing_queue_ids":[],"_links":{"self":[{"href":"https:\/\/www.laguiadepamplona.com\/actualidad\/wp-json\/wp\/v2\/posts\/50756","targetHints":{"allow":["GET"]}}],"collection":[{"href":"https:\/\/www.laguiadepamplona.com\/actualidad\/wp-json\/wp\/v2\/posts"}],"about":[{"href":"https:\/\/www.laguiadepamplona.com\/actualidad\/wp-json\/wp\/v2\/types\/post"}],"author":[{"embeddable":true,"href":"https:\/\/www.laguiadepamplona.com\/actualidad\/wp-json\/wp\/v2\/users\/1"}],"replies":[{"embeddable":true,"href":"https:\/\/www.laguiadepamplona.com\/actualidad\/wp-json\/wp\/v2\/comments?post=50756"}],"version-history":[{"count":1,"href":"https:\/\/www.laguiadepamplona.com\/actualidad\/wp-json\/wp\/v2\/posts\/50756\/revisions"}],"predecessor-version":[{"id":50758,"href":"https:\/\/www.laguiadepamplona.com\/actualidad\/wp-json\/wp\/v2\/posts\/50756\/revisions\/50758"}],"wp:featuredmedia":[{"embeddable":true,"href":"https:\/\/www.laguiadepamplona.com\/actualidad\/wp-json\/wp\/v2\/media\/50757"}],"wp:attachment":[{"href":"https:\/\/www.laguiadepamplona.com\/actualidad\/wp-json\/wp\/v2\/media?parent=50756"}],"wp:term":[{"taxonomy":"category","embeddable":true,"href":"https:\/\/www.laguiadepamplona.com\/actualidad\/wp-json\/wp\/v2\/categories?post=50756"},{"taxonomy":"post_tag","embeddable":true,"href":"https:\/\/www.laguiadepamplona.com\/actualidad\/wp-json\/wp\/v2\/tags?post=50756"}],"curies":[{"name":"wp","href":"https:\/\/api.w.org\/{rel}","templated":true}]}}