{"id":50754,"date":"2024-09-19T14:36:16","date_gmt":"2024-09-19T12:36:16","guid":{"rendered":"https:\/\/www.laguiadepamplona.com\/actualidad\/?p=50754"},"modified":"2024-09-19T14:36:16","modified_gmt":"2024-09-19T12:36:16","slug":"los-gigantes-y-cabezudos-vuelven-a-recorrer-las-calles-de-pamplona-este-fin-de-semana-con-motivo-de-las-fiestas-de-san-fermin-de-aldapa","status":"publish","type":"post","link":"https:\/\/www.laguiadepamplona.com\/actualidad\/los-gigantes-y-cabezudos-vuelven-a-recorrer-las-calles-de-pamplona-este-fin-de-semana-con-motivo-de-las-fiestas-de-san-fermin-de-aldapa\/","title":{"rendered":"Los gigantes y cabezudos vuelven a recorrer las calles de Pamplona este fin de semana con motivo de las fiestas de San Ferm\u00edn de Aldapa"},"content":{"rendered":"<h2>Habr\u00e1, tambi\u00e9n, un concierto de La Pamplonesa el s\u00e1bado y dantzas de Duguna el domingo<\/h2>\n<p><!--more--><\/p>\n<p>Con motivo de las fiestas de San Ferm\u00edn de Aldapa, este fin de semana las calles del Casco Antiguo de Pamplona volver\u00e1n a disfrutar de los bailes de la Comparsa de Gigantes y Cabezudos. No ser\u00e1 \u00e9sta la \u00fanica actuaci\u00f3n municipal, ya que tambi\u00e9n habr\u00e1 dianas, tanto el s\u00e1bado como el domingo, y un concierto de La Pamplonesa, en la Plaza del Castillo. Tanto la banda de m\u00fasica municipal como la comparsa acompa\u00f1ar\u00e1n a la procesi\u00f3n de San Ferm\u00edn de Aldapa el domingo a mediod\u00eda, junto con el grupo de dantzas municipal Duguna \u2013 Iru\u00f1eko Dantzariak a la procesi\u00f3n de San Ferm\u00edn de Aldapa el domingo a mediod\u00eda.<\/p>\n<p>Aunque el chupinazo de estas fiestas se lanzar\u00e1 ma\u00f1ana viernes a mediod\u00eda, los actos municipales comenzar\u00e1n con las dianas, a las 9 horas del s\u00e1bado, en las que participar\u00e1n los gaiteros y los txistularis, aunque con distinto recorrido. As\u00ed, el grupo de Gaiteros Municipales saldr\u00e1 desde la Plaza Consistorial hacia la calle Nueva, el Rinc\u00f3n de la Aduana, la calle Mayor, la calle Eslava, la plaza San Francisco y la calle Ansoleaga, para volver despu\u00e9s a la Plaza Consistorial. Por su parte, el grupo de Txistularis Municipales, que tambi\u00e9n saldr\u00e1 de la Plaza Consistorial, llevar\u00e1 sus melod\u00edas por las calles Calceteros, Pozoblanco, Comedias, Paseo Sarasate, San Gregorio, San Miguel, Zapater\u00eda, Pozoblanco y Plaza del Castillo.<\/p>\n<p>Ya por la tarde, tomar\u00e1 el relevo la Comparsa de Gigantes y Cabezudos, que saldr\u00e1 de la estaci\u00f3n de autobuses a las 17 horas. Durante tres horas y media, recorrer\u00e1 las distintas calles del Casco Antiguo, hasta recogerse en el Palacio de Ezpeleta, en la calle Mayor. El recorrido marcado les llevar\u00e1 por la Plaza de la Paz, Yanguas y Miranda, Garc\u00eda Xim\u00e9nez, Roncesvalles, la avenida de Carlos III, Duque de Ahumada, Estafeta, Tejer\u00eda, San Agust\u00edn, Javier, Dormitaler\u00eda, Plaza San Jos\u00e9, calle Red\u00edn, Caballo Blanco, Barquilleros, Cuesta de Palacio, Aldapa, calle del Mercado, Cuesta de Santo Domingo, Plaza Consistorial, San Saturnino y calle Mayor.<\/p>\n<p>Mientras la Comparsa recorre las calles de Pamplona, la banda municipal de m\u00fasica La Pamplonesa ofrecer\u00e1, a las 19 horas, un concierto en la Plaza del Castillo, bajo la batuta de Jes\u00fas Gar\u00edsoain.<\/p>\n<p>El domingo, de nuevo los gaiteros y txistularis amenizar\u00e1n el amanecer, a partir de las 9 horas, en los mismos recorridos que el d\u00eda anterior. El d\u00eda grande de San Ferm\u00edn de Aldapa, la Comparsa de Gigantes y Cabezudos, La Pamplonesa y el grupo de dantzas Duguna \u2013 Iru\u00f1eko Dantzariak arropar\u00e1n al santo en la procesi\u00f3n por el entorno de la iglesia de San Ferm\u00edn de Aldapa.\u00a0 Los primeros en salir a la calle ser\u00e1n los gigantes y cabezudos, que a las 11 horas abandonar\u00e1n el palacio de Ezpeleta rumbo a la calle 2 de Mayo, a trav\u00e9s de las calles Eslava, San Francisco, Plaza Consejo, Nueva, Plaza Consistorial, Santo Domingo, Mercado y la Cuesta del Palacio.<\/p>\n<p>Se sumar\u00e1n al cortejo los dantzaris de Duguna, que a las 11.30 horas partir\u00e1 desde el puente de la Rochapea (Curtidores) donde se realizar\u00e1 el ondeo de bandera. Seguir\u00e1 un pasacalles por la cuesta de Santo Domingo para llegar a la Plaza de San Ferm\u00edn de Aldapa donde los ezpata-txikis bailar\u00e1n en honor al santo.<\/p>\n<p>La procesi\u00f3n arrancar\u00e1 a las 12 horas, no solo con los dantzaris y con los gigantes y cabezudos, sino tambi\u00e9n con La Pamplonesa. Est\u00e1 previsto que salgan de la bas\u00edlica de San Ferm\u00edn de Aldapa (Corazonistas) rumbo a las calles Dos de Mayo, Carmen, Aldapa, Zacat\u00edn, Ma\u00f1ueta, Curia y Navarrer\u00eda, para volver por la calle del Carmen y Dos de Mayo, hasta la bas\u00edlica de nuevo. Al finalizar la procesi\u00f3n, los dantzaris har\u00e1n el arco a San Ferm\u00edn.<\/p>\n<p>Posteriormente, la Comparsa de Gigantes y Cabezudos retomar\u00e1 su recorrido por las calles del Carmen, Navarrer\u00eda, Curia, Compa\u00f1\u00eda, Merced, Tejer\u00eda, Estafeta, Duque de Ahumada, Carlos III, Plaza del Castillo, Paseo Sarasate, Alh\u00f3ndiga, Tudela, Conde Oliveto y la plaza de la Paz, hasta recogerse de nuevo en la estaci\u00f3n de autobuses. All\u00ed permanecer\u00e1n hasta la festividad de San Saturnino, el 29 de noviembre.<\/p>\n<p>Por su parte, una vez finalizada la misa, el Grupo de Danzas Municipal Duguna \u2013 Iru\u00f1eko Dantzariak acompa\u00f1ar\u00e1 al cortejo hasta la Plaza Consistorial donde bailar\u00e1 la Danza de Espadas hacia las 13.15 horas. Tras ellos, los ezpata-txikis vuelven a bailar su zortziko acompa\u00f1ados por el capit\u00e1n.<\/p>\n","protected":false},"excerpt":{"rendered":"<p>Habr\u00e1, tambi\u00e9n, un concierto de La Pamplonesa el s\u00e1bado y dantzas de Duguna el domingo<\/p>\n","protected":false},"author":1,"featured_media":48129,"comment_status":"open","ping_status":"closed","sticky":false,"template":"","format":"standard","meta":{"footnotes":""},"categories":[2],"tags":[],"class_list":["post-50754","post","type-post","status-publish","format-standard","has-post-thumbnail","hentry","category-ayuntamiento-pamplona"],"yoast_head":"<!-- This site is optimized with the Yoast SEO plugin v27.3 - https:\/\/yoast.com\/product\/yoast-seo-wordpress\/ -->\n<title>Los gigantes y cabezudos vuelven a recorrer las calles de Pamplona este fin de semana con motivo de las fiestas de San Ferm\u00edn de Aldapa<\/title>\n<meta name=\"description\" content=\"Habr\u00e1, tambi\u00e9n, un concierto de La Pamplonesa el s\u00e1bado y dantzas de Duguna el domingo\" \/>\n<meta name=\"robots\" content=\"index, follow, max-snippet:-1, max-image-preview:large, max-video-preview:-1\" \/>\n<link rel=\"canonical\" href=\"https:\/\/www.laguiadepamplona.com\/actualidad\/los-gigantes-y-cabezudos-vuelven-a-recorrer-las-calles-de-pamplona-este-fin-de-semana-con-motivo-de-las-fiestas-de-san-fermin-de-aldapa\/\" \/>\n<meta property=\"og:locale\" content=\"es_ES\" \/>\n<meta property=\"og:type\" content=\"article\" \/>\n<meta property=\"og:title\" content=\"Los gigantes y cabezudos vuelven a recorrer las calles de Pamplona este fin de semana con motivo de las fiestas de San Ferm\u00edn de Aldapa\" \/>\n<meta property=\"og:description\" content=\"Habr\u00e1, tambi\u00e9n, un concierto de La Pamplonesa el s\u00e1bado y dantzas de Duguna el domingo\" \/>\n<meta property=\"og:url\" content=\"https:\/\/www.laguiadepamplona.com\/actualidad\/los-gigantes-y-cabezudos-vuelven-a-recorrer-las-calles-de-pamplona-este-fin-de-semana-con-motivo-de-las-fiestas-de-san-fermin-de-aldapa\/\" \/>\n<meta property=\"og:site_name\" content=\"La Gu\u00eda de Pamplona\" \/>\n<meta property=\"article:publisher\" content=\"https:\/\/www.facebook.com\/laguiadepamplonacom-133175176762273\/?ref=hl\" \/>\n<meta property=\"article:published_time\" content=\"2024-09-19T12:36:16+00:00\" \/>\n<meta property=\"og:image\" content=\"https:\/\/www.laguiadepamplona.com\/actualidad\/wp-content\/uploads\/2023\/12\/caravinagre.webp\" \/>\n\t<meta property=\"og:image:width\" content=\"1200\" \/>\n\t<meta property=\"og:image:height\" content=\"800\" \/>\n\t<meta property=\"og:image:type\" content=\"image\/webp\" \/>\n<meta name=\"author\" content=\"La Gu\u00eda de Pamplona\" \/>\n<meta name=\"twitter:card\" content=\"summary_large_image\" \/>\n<meta name=\"twitter:creator\" content=\"@LaGuiadPamplona\" \/>\n<meta name=\"twitter:site\" content=\"@LaGuiadPamplona\" \/>\n<meta name=\"twitter:label1\" content=\"Escrito por\" \/>\n\t<meta name=\"twitter:data1\" content=\"La Gu\u00eda de Pamplona\" \/>\n\t<meta name=\"twitter:label2\" content=\"Tiempo de lectura\" \/>\n\t<meta name=\"twitter:data2\" content=\"4 minutos\" \/>\n<script type=\"application\/ld+json\" class=\"yoast-schema-graph\">{\"@context\":\"https:\\\/\\\/schema.org\",\"@graph\":[{\"@type\":\"Article\",\"@id\":\"https:\\\/\\\/www.laguiadepamplona.com\\\/actualidad\\\/los-gigantes-y-cabezudos-vuelven-a-recorrer-las-calles-de-pamplona-este-fin-de-semana-con-motivo-de-las-fiestas-de-san-fermin-de-aldapa\\\/#article\",\"isPartOf\":{\"@id\":\"https:\\\/\\\/www.laguiadepamplona.com\\\/actualidad\\\/los-gigantes-y-cabezudos-vuelven-a-recorrer-las-calles-de-pamplona-este-fin-de-semana-con-motivo-de-las-fiestas-de-san-fermin-de-aldapa\\\/\"},\"author\":{\"name\":\"La Gu\u00eda de Pamplona\",\"@id\":\"https:\\\/\\\/www.laguiadepamplona.com\\\/actualidad\\\/#\\\/schema\\\/person\\\/efe887376f0213d4657c93adc50b1fdb\"},\"headline\":\"Los gigantes y cabezudos vuelven a recorrer las calles de Pamplona este fin de semana con motivo de las fiestas de San Ferm\u00edn de Aldapa\",\"datePublished\":\"2024-09-19T12:36:16+00:00\",\"mainEntityOfPage\":{\"@id\":\"https:\\\/\\\/www.laguiadepamplona.com\\\/actualidad\\\/los-gigantes-y-cabezudos-vuelven-a-recorrer-las-calles-de-pamplona-este-fin-de-semana-con-motivo-de-las-fiestas-de-san-fermin-de-aldapa\\\/\"},\"wordCount\":819,\"commentCount\":0,\"publisher\":{\"@id\":\"https:\\\/\\\/www.laguiadepamplona.com\\\/actualidad\\\/#organization\"},\"image\":{\"@id\":\"https:\\\/\\\/www.laguiadepamplona.com\\\/actualidad\\\/los-gigantes-y-cabezudos-vuelven-a-recorrer-las-calles-de-pamplona-este-fin-de-semana-con-motivo-de-las-fiestas-de-san-fermin-de-aldapa\\\/#primaryimage\"},\"thumbnailUrl\":\"https:\\\/\\\/www.laguiadepamplona.com\\\/actualidad\\\/wp-content\\\/uploads\\\/2023\\\/12\\\/caravinagre.webp\",\"articleSection\":[\"Ayto Pamplona\"],\"inLanguage\":\"es\",\"potentialAction\":[{\"@type\":\"CommentAction\",\"name\":\"Comment\",\"target\":[\"https:\\\/\\\/www.laguiadepamplona.com\\\/actualidad\\\/los-gigantes-y-cabezudos-vuelven-a-recorrer-las-calles-de-pamplona-este-fin-de-semana-con-motivo-de-las-fiestas-de-san-fermin-de-aldapa\\\/#respond\"]}]},{\"@type\":\"WebPage\",\"@id\":\"https:\\\/\\\/www.laguiadepamplona.com\\\/actualidad\\\/los-gigantes-y-cabezudos-vuelven-a-recorrer-las-calles-de-pamplona-este-fin-de-semana-con-motivo-de-las-fiestas-de-san-fermin-de-aldapa\\\/\",\"url\":\"https:\\\/\\\/www.laguiadepamplona.com\\\/actualidad\\\/los-gigantes-y-cabezudos-vuelven-a-recorrer-las-calles-de-pamplona-este-fin-de-semana-con-motivo-de-las-fiestas-de-san-fermin-de-aldapa\\\/\",\"name\":\"Los gigantes y cabezudos vuelven a recorrer las calles de Pamplona este fin de semana con motivo de las fiestas de San Ferm\u00edn de Aldapa\",\"isPartOf\":{\"@id\":\"https:\\\/\\\/www.laguiadepamplona.com\\\/actualidad\\\/#website\"},\"primaryImageOfPage\":{\"@id\":\"https:\\\/\\\/www.laguiadepamplona.com\\\/actualidad\\\/los-gigantes-y-cabezudos-vuelven-a-recorrer-las-calles-de-pamplona-este-fin-de-semana-con-motivo-de-las-fiestas-de-san-fermin-de-aldapa\\\/#primaryimage\"},\"image\":{\"@id\":\"https:\\\/\\\/www.laguiadepamplona.com\\\/actualidad\\\/los-gigantes-y-cabezudos-vuelven-a-recorrer-las-calles-de-pamplona-este-fin-de-semana-con-motivo-de-las-fiestas-de-san-fermin-de-aldapa\\\/#primaryimage\"},\"thumbnailUrl\":\"https:\\\/\\\/www.laguiadepamplona.com\\\/actualidad\\\/wp-content\\\/uploads\\\/2023\\\/12\\\/caravinagre.webp\",\"datePublished\":\"2024-09-19T12:36:16+00:00\",\"description\":\"Habr\u00e1, tambi\u00e9n, un concierto de La Pamplonesa el s\u00e1bado y dantzas de Duguna el domingo\",\"breadcrumb\":{\"@id\":\"https:\\\/\\\/www.laguiadepamplona.com\\\/actualidad\\\/los-gigantes-y-cabezudos-vuelven-a-recorrer-las-calles-de-pamplona-este-fin-de-semana-con-motivo-de-las-fiestas-de-san-fermin-de-aldapa\\\/#breadcrumb\"},\"inLanguage\":\"es\",\"potentialAction\":[{\"@type\":\"ReadAction\",\"target\":[\"https:\\\/\\\/www.laguiadepamplona.com\\\/actualidad\\\/los-gigantes-y-cabezudos-vuelven-a-recorrer-las-calles-de-pamplona-este-fin-de-semana-con-motivo-de-las-fiestas-de-san-fermin-de-aldapa\\\/\"]}]},{\"@type\":\"ImageObject\",\"inLanguage\":\"es\",\"@id\":\"https:\\\/\\\/www.laguiadepamplona.com\\\/actualidad\\\/los-gigantes-y-cabezudos-vuelven-a-recorrer-las-calles-de-pamplona-este-fin-de-semana-con-motivo-de-las-fiestas-de-san-fermin-de-aldapa\\\/#primaryimage\",\"url\":\"https:\\\/\\\/www.laguiadepamplona.com\\\/actualidad\\\/wp-content\\\/uploads\\\/2023\\\/12\\\/caravinagre.webp\",\"contentUrl\":\"https:\\\/\\\/www.laguiadepamplona.com\\\/actualidad\\\/wp-content\\\/uploads\\\/2023\\\/12\\\/caravinagre.webp\",\"width\":1200,\"height\":800,\"caption\":\"caravinagre\"},{\"@type\":\"BreadcrumbList\",\"@id\":\"https:\\\/\\\/www.laguiadepamplona.com\\\/actualidad\\\/los-gigantes-y-cabezudos-vuelven-a-recorrer-las-calles-de-pamplona-este-fin-de-semana-con-motivo-de-las-fiestas-de-san-fermin-de-aldapa\\\/#breadcrumb\",\"itemListElement\":[{\"@type\":\"ListItem\",\"position\":1,\"name\":\"Portada\",\"item\":\"https:\\\/\\\/www.laguiadepamplona.com\\\/actualidad\\\/\"},{\"@type\":\"ListItem\",\"position\":2,\"name\":\"Los gigantes y cabezudos vuelven a recorrer las calles de Pamplona este fin de semana con motivo de las fiestas de San Ferm\u00edn de Aldapa\"}]},{\"@type\":\"WebSite\",\"@id\":\"https:\\\/\\\/www.laguiadepamplona.com\\\/actualidad\\\/#website\",\"url\":\"https:\\\/\\\/www.laguiadepamplona.com\\\/actualidad\\\/\",\"name\":\"La gu\u00eda de Pamplona\",\"description\":\"Noticias de Pamplona\",\"publisher\":{\"@id\":\"https:\\\/\\\/www.laguiadepamplona.com\\\/actualidad\\\/#organization\"},\"potentialAction\":[{\"@type\":\"SearchAction\",\"target\":{\"@type\":\"EntryPoint\",\"urlTemplate\":\"https:\\\/\\\/www.laguiadepamplona.com\\\/actualidad\\\/?s={search_term_string}\"},\"query-input\":{\"@type\":\"PropertyValueSpecification\",\"valueRequired\":true,\"valueName\":\"search_term_string\"}}],\"inLanguage\":\"es\"},{\"@type\":\"Organization\",\"@id\":\"https:\\\/\\\/www.laguiadepamplona.com\\\/actualidad\\\/#organization\",\"name\":\"La Gu\u00eda de Pamplona \\\/ Noticias\",\"url\":\"https:\\\/\\\/www.laguiadepamplona.com\\\/actualidad\\\/\",\"logo\":{\"@type\":\"ImageObject\",\"inLanguage\":\"es\",\"@id\":\"https:\\\/\\\/www.laguiadepamplona.com\\\/actualidad\\\/#\\\/schema\\\/logo\\\/image\\\/\",\"url\":\"https:\\\/\\\/www.laguiadepamplona.com\\\/actualidad\\\/wp-content\\\/uploads\\\/2018\\\/11\\\/logo-laguiadepamplona18-web1.png\",\"contentUrl\":\"https:\\\/\\\/www.laguiadepamplona.com\\\/actualidad\\\/wp-content\\\/uploads\\\/2018\\\/11\\\/logo-laguiadepamplona18-web1.png\",\"width\":600,\"height\":196,\"caption\":\"La Gu\u00eda de Pamplona \\\/ Noticias\"},\"image\":{\"@id\":\"https:\\\/\\\/www.laguiadepamplona.com\\\/actualidad\\\/#\\\/schema\\\/logo\\\/image\\\/\"},\"sameAs\":[\"https:\\\/\\\/www.facebook.com\\\/laguiadepamplonacom-133175176762273\\\/?ref=hl\",\"https:\\\/\\\/x.com\\\/LaGuiadPamplona\",\"https:\\\/\\\/www.instagram.com\\\/la_guia_de_pamplona\\\/\",\"https:\\\/\\\/www.youtube.com\\\/user\\\/laguiadepamplona\"]},{\"@type\":\"Person\",\"@id\":\"https:\\\/\\\/www.laguiadepamplona.com\\\/actualidad\\\/#\\\/schema\\\/person\\\/efe887376f0213d4657c93adc50b1fdb\",\"name\":\"La Gu\u00eda de Pamplona\",\"image\":{\"@type\":\"ImageObject\",\"inLanguage\":\"es\",\"@id\":\"https:\\\/\\\/secure.gravatar.com\\\/avatar\\\/b6992f131dc8d30ab0dff15446e9d346d9dbd95992de0fef795073f5ea83a81c?s=96&d=mm&r=g\",\"url\":\"https:\\\/\\\/secure.gravatar.com\\\/avatar\\\/b6992f131dc8d30ab0dff15446e9d346d9dbd95992de0fef795073f5ea83a81c?s=96&d=mm&r=g\",\"contentUrl\":\"https:\\\/\\\/secure.gravatar.com\\\/avatar\\\/b6992f131dc8d30ab0dff15446e9d346d9dbd95992de0fef795073f5ea83a81c?s=96&d=mm&r=g\",\"caption\":\"La Gu\u00eda de Pamplona\"}}]}<\/script>\n<!-- \/ Yoast SEO plugin. -->","yoast_head_json":{"title":"Los gigantes y cabezudos vuelven a recorrer las calles de Pamplona este fin de semana con motivo de las fiestas de San Ferm\u00edn de Aldapa","description":"Habr\u00e1, tambi\u00e9n, un concierto de La Pamplonesa el s\u00e1bado y dantzas de Duguna el domingo","robots":{"index":"index","follow":"follow","max-snippet":"max-snippet:-1","max-image-preview":"max-image-preview:large","max-video-preview":"max-video-preview:-1"},"canonical":"https:\/\/www.laguiadepamplona.com\/actualidad\/los-gigantes-y-cabezudos-vuelven-a-recorrer-las-calles-de-pamplona-este-fin-de-semana-con-motivo-de-las-fiestas-de-san-fermin-de-aldapa\/","og_locale":"es_ES","og_type":"article","og_title":"Los gigantes y cabezudos vuelven a recorrer las calles de Pamplona este fin de semana con motivo de las fiestas de San Ferm\u00edn de Aldapa","og_description":"Habr\u00e1, tambi\u00e9n, un concierto de La Pamplonesa el s\u00e1bado y dantzas de Duguna el domingo","og_url":"https:\/\/www.laguiadepamplona.com\/actualidad\/los-gigantes-y-cabezudos-vuelven-a-recorrer-las-calles-de-pamplona-este-fin-de-semana-con-motivo-de-las-fiestas-de-san-fermin-de-aldapa\/","og_site_name":"La Gu\u00eda de Pamplona","article_publisher":"https:\/\/www.facebook.com\/laguiadepamplonacom-133175176762273\/?ref=hl","article_published_time":"2024-09-19T12:36:16+00:00","og_image":[{"width":1200,"height":800,"url":"https:\/\/www.laguiadepamplona.com\/actualidad\/wp-content\/uploads\/2023\/12\/caravinagre.webp","type":"image\/webp"}],"author":"La Gu\u00eda de Pamplona","twitter_card":"summary_large_image","twitter_creator":"@LaGuiadPamplona","twitter_site":"@LaGuiadPamplona","twitter_misc":{"Escrito por":"La Gu\u00eda de Pamplona","Tiempo de lectura":"4 minutos"},"schema":{"@context":"https:\/\/schema.org","@graph":[{"@type":"Article","@id":"https:\/\/www.laguiadepamplona.com\/actualidad\/los-gigantes-y-cabezudos-vuelven-a-recorrer-las-calles-de-pamplona-este-fin-de-semana-con-motivo-de-las-fiestas-de-san-fermin-de-aldapa\/#article","isPartOf":{"@id":"https:\/\/www.laguiadepamplona.com\/actualidad\/los-gigantes-y-cabezudos-vuelven-a-recorrer-las-calles-de-pamplona-este-fin-de-semana-con-motivo-de-las-fiestas-de-san-fermin-de-aldapa\/"},"author":{"name":"La Gu\u00eda de Pamplona","@id":"https:\/\/www.laguiadepamplona.com\/actualidad\/#\/schema\/person\/efe887376f0213d4657c93adc50b1fdb"},"headline":"Los gigantes y cabezudos vuelven a recorrer las calles de Pamplona este fin de semana con motivo de las fiestas de San Ferm\u00edn de Aldapa","datePublished":"2024-09-19T12:36:16+00:00","mainEntityOfPage":{"@id":"https:\/\/www.laguiadepamplona.com\/actualidad\/los-gigantes-y-cabezudos-vuelven-a-recorrer-las-calles-de-pamplona-este-fin-de-semana-con-motivo-de-las-fiestas-de-san-fermin-de-aldapa\/"},"wordCount":819,"commentCount":0,"publisher":{"@id":"https:\/\/www.laguiadepamplona.com\/actualidad\/#organization"},"image":{"@id":"https:\/\/www.laguiadepamplona.com\/actualidad\/los-gigantes-y-cabezudos-vuelven-a-recorrer-las-calles-de-pamplona-este-fin-de-semana-con-motivo-de-las-fiestas-de-san-fermin-de-aldapa\/#primaryimage"},"thumbnailUrl":"https:\/\/www.laguiadepamplona.com\/actualidad\/wp-content\/uploads\/2023\/12\/caravinagre.webp","articleSection":["Ayto Pamplona"],"inLanguage":"es","potentialAction":[{"@type":"CommentAction","name":"Comment","target":["https:\/\/www.laguiadepamplona.com\/actualidad\/los-gigantes-y-cabezudos-vuelven-a-recorrer-las-calles-de-pamplona-este-fin-de-semana-con-motivo-de-las-fiestas-de-san-fermin-de-aldapa\/#respond"]}]},{"@type":"WebPage","@id":"https:\/\/www.laguiadepamplona.com\/actualidad\/los-gigantes-y-cabezudos-vuelven-a-recorrer-las-calles-de-pamplona-este-fin-de-semana-con-motivo-de-las-fiestas-de-san-fermin-de-aldapa\/","url":"https:\/\/www.laguiadepamplona.com\/actualidad\/los-gigantes-y-cabezudos-vuelven-a-recorrer-las-calles-de-pamplona-este-fin-de-semana-con-motivo-de-las-fiestas-de-san-fermin-de-aldapa\/","name":"Los gigantes y cabezudos vuelven a recorrer las calles de Pamplona este fin de semana con motivo de las fiestas de San Ferm\u00edn de Aldapa","isPartOf":{"@id":"https:\/\/www.laguiadepamplona.com\/actualidad\/#website"},"primaryImageOfPage":{"@id":"https:\/\/www.laguiadepamplona.com\/actualidad\/los-gigantes-y-cabezudos-vuelven-a-recorrer-las-calles-de-pamplona-este-fin-de-semana-con-motivo-de-las-fiestas-de-san-fermin-de-aldapa\/#primaryimage"},"image":{"@id":"https:\/\/www.laguiadepamplona.com\/actualidad\/los-gigantes-y-cabezudos-vuelven-a-recorrer-las-calles-de-pamplona-este-fin-de-semana-con-motivo-de-las-fiestas-de-san-fermin-de-aldapa\/#primaryimage"},"thumbnailUrl":"https:\/\/www.laguiadepamplona.com\/actualidad\/wp-content\/uploads\/2023\/12\/caravinagre.webp","datePublished":"2024-09-19T12:36:16+00:00","description":"Habr\u00e1, tambi\u00e9n, un concierto de La Pamplonesa el s\u00e1bado y dantzas de Duguna el domingo","breadcrumb":{"@id":"https:\/\/www.laguiadepamplona.com\/actualidad\/los-gigantes-y-cabezudos-vuelven-a-recorrer-las-calles-de-pamplona-este-fin-de-semana-con-motivo-de-las-fiestas-de-san-fermin-de-aldapa\/#breadcrumb"},"inLanguage":"es","potentialAction":[{"@type":"ReadAction","target":["https:\/\/www.laguiadepamplona.com\/actualidad\/los-gigantes-y-cabezudos-vuelven-a-recorrer-las-calles-de-pamplona-este-fin-de-semana-con-motivo-de-las-fiestas-de-san-fermin-de-aldapa\/"]}]},{"@type":"ImageObject","inLanguage":"es","@id":"https:\/\/www.laguiadepamplona.com\/actualidad\/los-gigantes-y-cabezudos-vuelven-a-recorrer-las-calles-de-pamplona-este-fin-de-semana-con-motivo-de-las-fiestas-de-san-fermin-de-aldapa\/#primaryimage","url":"https:\/\/www.laguiadepamplona.com\/actualidad\/wp-content\/uploads\/2023\/12\/caravinagre.webp","contentUrl":"https:\/\/www.laguiadepamplona.com\/actualidad\/wp-content\/uploads\/2023\/12\/caravinagre.webp","width":1200,"height":800,"caption":"caravinagre"},{"@type":"BreadcrumbList","@id":"https:\/\/www.laguiadepamplona.com\/actualidad\/los-gigantes-y-cabezudos-vuelven-a-recorrer-las-calles-de-pamplona-este-fin-de-semana-con-motivo-de-las-fiestas-de-san-fermin-de-aldapa\/#breadcrumb","itemListElement":[{"@type":"ListItem","position":1,"name":"Portada","item":"https:\/\/www.laguiadepamplona.com\/actualidad\/"},{"@type":"ListItem","position":2,"name":"Los gigantes y cabezudos vuelven a recorrer las calles de Pamplona este fin de semana con motivo de las fiestas de San Ferm\u00edn de Aldapa"}]},{"@type":"WebSite","@id":"https:\/\/www.laguiadepamplona.com\/actualidad\/#website","url":"https:\/\/www.laguiadepamplona.com\/actualidad\/","name":"La gu\u00eda de Pamplona","description":"Noticias de Pamplona","publisher":{"@id":"https:\/\/www.laguiadepamplona.com\/actualidad\/#organization"},"potentialAction":[{"@type":"SearchAction","target":{"@type":"EntryPoint","urlTemplate":"https:\/\/www.laguiadepamplona.com\/actualidad\/?s={search_term_string}"},"query-input":{"@type":"PropertyValueSpecification","valueRequired":true,"valueName":"search_term_string"}}],"inLanguage":"es"},{"@type":"Organization","@id":"https:\/\/www.laguiadepamplona.com\/actualidad\/#organization","name":"La Gu\u00eda de Pamplona \/ Noticias","url":"https:\/\/www.laguiadepamplona.com\/actualidad\/","logo":{"@type":"ImageObject","inLanguage":"es","@id":"https:\/\/www.laguiadepamplona.com\/actualidad\/#\/schema\/logo\/image\/","url":"https:\/\/www.laguiadepamplona.com\/actualidad\/wp-content\/uploads\/2018\/11\/logo-laguiadepamplona18-web1.png","contentUrl":"https:\/\/www.laguiadepamplona.com\/actualidad\/wp-content\/uploads\/2018\/11\/logo-laguiadepamplona18-web1.png","width":600,"height":196,"caption":"La Gu\u00eda de Pamplona \/ Noticias"},"image":{"@id":"https:\/\/www.laguiadepamplona.com\/actualidad\/#\/schema\/logo\/image\/"},"sameAs":["https:\/\/www.facebook.com\/laguiadepamplonacom-133175176762273\/?ref=hl","https:\/\/x.com\/LaGuiadPamplona","https:\/\/www.instagram.com\/la_guia_de_pamplona\/","https:\/\/www.youtube.com\/user\/laguiadepamplona"]},{"@type":"Person","@id":"https:\/\/www.laguiadepamplona.com\/actualidad\/#\/schema\/person\/efe887376f0213d4657c93adc50b1fdb","name":"La Gu\u00eda de Pamplona","image":{"@type":"ImageObject","inLanguage":"es","@id":"https:\/\/secure.gravatar.com\/avatar\/b6992f131dc8d30ab0dff15446e9d346d9dbd95992de0fef795073f5ea83a81c?s=96&d=mm&r=g","url":"https:\/\/secure.gravatar.com\/avatar\/b6992f131dc8d30ab0dff15446e9d346d9dbd95992de0fef795073f5ea83a81c?s=96&d=mm&r=g","contentUrl":"https:\/\/secure.gravatar.com\/avatar\/b6992f131dc8d30ab0dff15446e9d346d9dbd95992de0fef795073f5ea83a81c?s=96&d=mm&r=g","caption":"La Gu\u00eda de Pamplona"}}]}},"post_mailing_queue_ids":[],"_links":{"self":[{"href":"https:\/\/www.laguiadepamplona.com\/actualidad\/wp-json\/wp\/v2\/posts\/50754","targetHints":{"allow":["GET"]}}],"collection":[{"href":"https:\/\/www.laguiadepamplona.com\/actualidad\/wp-json\/wp\/v2\/posts"}],"about":[{"href":"https:\/\/www.laguiadepamplona.com\/actualidad\/wp-json\/wp\/v2\/types\/post"}],"author":[{"embeddable":true,"href":"https:\/\/www.laguiadepamplona.com\/actualidad\/wp-json\/wp\/v2\/users\/1"}],"replies":[{"embeddable":true,"href":"https:\/\/www.laguiadepamplona.com\/actualidad\/wp-json\/wp\/v2\/comments?post=50754"}],"version-history":[{"count":1,"href":"https:\/\/www.laguiadepamplona.com\/actualidad\/wp-json\/wp\/v2\/posts\/50754\/revisions"}],"predecessor-version":[{"id":50755,"href":"https:\/\/www.laguiadepamplona.com\/actualidad\/wp-json\/wp\/v2\/posts\/50754\/revisions\/50755"}],"wp:featuredmedia":[{"embeddable":true,"href":"https:\/\/www.laguiadepamplona.com\/actualidad\/wp-json\/wp\/v2\/media\/48129"}],"wp:attachment":[{"href":"https:\/\/www.laguiadepamplona.com\/actualidad\/wp-json\/wp\/v2\/media?parent=50754"}],"wp:term":[{"taxonomy":"category","embeddable":true,"href":"https:\/\/www.laguiadepamplona.com\/actualidad\/wp-json\/wp\/v2\/categories?post=50754"},{"taxonomy":"post_tag","embeddable":true,"href":"https:\/\/www.laguiadepamplona.com\/actualidad\/wp-json\/wp\/v2\/tags?post=50754"}],"curies":[{"name":"wp","href":"https:\/\/api.w.org\/{rel}","templated":true}]}}