{"id":50744,"date":"2024-09-19T12:13:30","date_gmt":"2024-09-19T10:13:30","guid":{"rendered":"https:\/\/www.laguiadepamplona.com\/actualidad\/?p=50744"},"modified":"2024-09-19T12:13:30","modified_gmt":"2024-09-19T10:13:30","slug":"el-ayuntamiento-de-pamplona-plantea-en-la-junta-de-movilidad-una-reconfiguracion-de-la-calle-abejeras-con-una-mayor-anchura-del-carril-bici-para-reforzar-la-seguridad","status":"publish","type":"post","link":"https:\/\/www.laguiadepamplona.com\/actualidad\/el-ayuntamiento-de-pamplona-plantea-en-la-junta-de-movilidad-una-reconfiguracion-de-la-calle-abejeras-con-una-mayor-anchura-del-carril-bici-para-reforzar-la-seguridad\/","title":{"rendered":"El Ayuntamiento de Pamplona plantea en la Junta de Movilidad una reconfiguraci\u00f3n de la calle Abejeras con una mayor anchura del carril bici para reforzar la seguridad"},"content":{"rendered":"<h2>Se asfaltar\u00e1 la v\u00eda entre la calle Iturrama y la avenida de Zaragoza y se aprovechar\u00e1 para implementar diferentes actuaciones de calmado de tr\u00e1fico<\/h2>\n<p><!--more--><\/p>\n<p>El Ayuntamiento de Pamplona va a intervenir en la calle Abejeras para generar una nueva disposici\u00f3n m\u00e1s amable con el entorno y m\u00e1s equitativa en el reparto de espacios de convivencia para peatones, ciclistas y veh\u00edculo privado. Entre otras medidas, se ampliar\u00e1 la anchura del carril bici y de su banda de protecci\u00f3n para adecuarla a la normativa actual, se reducir\u00e1 la anchura de los carriles de circulaci\u00f3n de veh\u00edculos y se reordenar\u00e1n los aparcamientos.<\/p>\n<p>El concejal delegado de Ciudad Habitable y Vivienda, Borja Izagirre Larra\u00f1aga, y la responsable del Servicio de Movilidad, Alexia Canto \u00c1lvarez, han presentado la intervenci\u00f3n prevista en la calle Abejeras, una de las propuestas que se tratan esta ma\u00f1ana en la Junta de Movilidad. La actuaci\u00f3n se llevar\u00e1 a cabo en los meses de noviembre y diciembre, con un presupuesto de 280.000 euros. Primero, se ejecutar\u00e1 el asfaltado de la v\u00eda en el tramo de unos 700 metros comprendido entre la glorieta de intersecci\u00f3n con la calle Iturrama y el cruce con la avenida de Zaragoza.<\/p>\n<p>A d\u00eda de hoy, la calle Abejeras no cumple las instrucciones t\u00e9cnicas que se aplican en la actualidad en Pamplona para la construcci\u00f3n infraestructuras ciclistas, as\u00ed como otros aspectos relacionados con dimensiones de acera o ubicaci\u00f3n de plazas de aparcamientos. El carril bici tiene una anchura de 1,70 metros y su banda de protecci\u00f3n de 0,20 metros, con separadores en mal estado o incluso desaparecidos. Los avances de pasos peatones no cuentan con tramo de acera bici diferenciado y la parada semiavanzada de la villavesa tampoco es correcta, pues el carril bici desaparece unos 30 metros y las bicicletas deben pasar por delante de la marquesina.<\/p>\n<p>Junto a las actuaciones en el carril bici y en la calzada, en los cuatro pasos peatonales avanzados situados en el margen derecho de la calle, en sentido centro ciudad, se construir\u00e1n aceras bici con pavimento diferenciado para dar continuidad a la v\u00eda ciclista. En esas aceras bici, se se\u00f1alizar\u00e1 pasos peatonales con el objetivo de remarcar la prioridad peatonal en estas zonas. La intervenci\u00f3n en la calle Abejeras incluye la eliminaci\u00f3n 31 plazas de aparcamiento a lo largo de la v\u00eda. El Ayuntamiento de Pamplona est\u00e1 estudiando su reubicaci\u00f3n en calles adyacentes para minimizar el impacto.<\/p>\n<p><strong>Ampliaci\u00f3n del carril bici, reordenaci\u00f3n de aparcamientos y otras actuaciones<\/strong><\/p>\n<p>En el tramo entre la glorieta ovalada de intersecci\u00f3n con la calle Iturrama y la intersecci\u00f3n con la calle Seraf\u00edn Olave, se ampliar\u00e1 la anchura del carril bici hasta los 2,50 metros m\u00e1s 0,90 metros de banda de protecci\u00f3n. Las actuales plazas de aparcamiento se mantienen en el margen derecho de la v\u00eda. Los metros de ampliaci\u00f3n del carril bici se obtendr\u00e1n de la reducci\u00f3n de la anchura de los carriles de circulaci\u00f3n, del ajuste de la anchura de la isleta pavimentada existente inmediatamente despu\u00e9s de la glorieta con la calle Iturrama y de la modificaci\u00f3n de las actuales dimensiones del paso peatonal avanzado frente al Colegio Sant\u00edsimo Sacramento. Las plazas de carga y descarga y los contenedores de residuos se mantendr\u00e1n en sus actuales ubicaciones. Adem\u00e1s, el comienzo del carril bici junto a esa glorieta de la calle Iturrama se va a ejecutar correctamente, permitiendo que la acera para peatones disponga de una anchura correcta.<\/p>\n<p>Entre Seraf\u00edn Olave y la calle Erletokieta, tambi\u00e9n se ampliar\u00e1 la anchura del carril bici hasta los 2,50 metros, aunque la banda de protecci\u00f3n ser\u00e1 de 0,50 metros, y se eliminar\u00e1 la actual banda de aparcamiento en l\u00ednea del margen derecho en sentido centro de ciudad. La actual zona de carga y descarga se llevar\u00e1 a la banda de aparcamiento en semibater\u00eda del margen izquierdo, mientras los contenedores de residuos se mantendr\u00e1n en su misma ubicaci\u00f3n. Entre el cruce con Erletokieta y el Colegio Santa Catalina Labour\u00e9, la parada semiavanzada de la villavesa se convertir\u00e1 en parada en el propio carril. Se adelantar\u00e1 la marquesina para permitir que por detr\u00e1s se habilite una acera bici. El aparcamiento se modificar\u00e1, pasando de la actual banda en semibater\u00eda en el margen izquierdo a dos bandas de aparcamiento en l\u00ednea en ambos m\u00e1rgenes.<\/p>\n<p><strong>Enlace con el carril bici de la calle Juli\u00e1n Gayarre<\/strong><\/p>\n<p>Por \u00faltimo, en el tramo entre el Colegio Santa Catalina Labour\u00e9 y la avenida de Zaragoza, se eliminar\u00e1 uno de los dos carriles de circulaci\u00f3n para ampliar el carril bici a una anchura de 2,50 metros con una banda de protecci\u00f3n de 0,50 metros. En el tramo existen unos contenedores, actualmente en la acera, que se ubicar\u00e1n en la nueva banda de aparcamiento del margen derecho de la calzada, liberando as\u00ed el espacio para los peatones.<\/p>\n<p>En el cruce con la avenida de Zaragoza, se continuar\u00e1 el carril bici hasta conectar con el paso ciclista existente y que da acceso a la calle Juli\u00e1n Gayarre. Para ello, se deber\u00e1 retranquear un peque\u00f1o tramo de la actual acera, paviment\u00e1ndolo como calzada y se\u00f1alizando posteriormente el carril bici, con objeto de seguir permitiendo el correcto giro a derechas de los veh\u00edculos que circulan desde Abejeras.<\/p>\n<p>La intervenci\u00f3n propuesta a lo largo de la calle Abejeras mejora ostensiblemente la circulaci\u00f3n de peatones y ciclistas gracias a las mejoras que se quieren implementar tanto en las aceras como en los carriles bici. Las actuaciones que se van a llevar a cabo contribuir\u00e1n al calmado de tr\u00e1fico y a la amabilizaci\u00f3n de la calle. El transporte urbano, adem\u00e1s, mejorar\u00e1 su velocidad comercial y se facilitar\u00e1 su circulaci\u00f3n, pues la parada avanzada al final de la calle posicionar\u00e1 a las villavesas en primer lugar en el cruce semaf\u00f3rico de la intersecci\u00f3n con la avenida de Zaragoza.<\/p>\n<p><strong>Otras actuaciones: Fuente del Hierro y paradas avanzadas de villavesas<\/strong><\/p>\n<p>La Junta de Movilidad ha conocido tambi\u00e9n otros dos proyectos que va a llevar a cabo el Ayuntamiento de Pamplona y que cuenta ya con partida presupuestaria adjudicada a trav\u00e9s del acuerdo marco para la ejecuci\u00f3n de obras de mejora de la movilidad y la sostenibilidad. Se trata de la transformaci\u00f3n de la calle Fuente del Hierro y de las obras para ejecutar once paradas avanzadas para las villavesas en distintos puntos de la ciudad.<\/p>\n<p>El Ayuntamiento de Pamplona va a completar para final de a\u00f1o la transformaci\u00f3n de la calle Fuente del Hierro como v\u00eda con mayor accesibilidad y mayor riqueza paisaj\u00edstica. La segunda fase de las obras comprende el tramo entre las calles Iturrama y Seraf\u00edn Olave con un presupuesto de 335,721,42 euros. Las obras incluyen la creaci\u00f3n de zonas verdes que funcionen como jardines de lluvia entre la calzada y la acera, la creaci\u00f3n de pasos de aceras adelantadas para reducir la longitud de cruce de los pasos y peatones y, por \u00faltimo, el ensanchamiento de la mediana. De esta manera, se conseguir\u00e1 un entorno m\u00e1s agradable y seguro, se mejora la calidad paisaj\u00edstica de uno de los tramos del Camino de Santiago a su paso por Pamplona.<\/p>\n<p>El Ayuntamiento de Pamplona va a invertir 144.830,97 euros en obras de mejora de la accesibilidad en once paradas de transporte urbano comarcal en los barrios de San Jorge, Etxabakoitz, San Juan, Ermitaga\u00f1a, Milagrosa y Lezkairu. En todas ellas, se realizar\u00e1n avances de forma que el autob\u00fas urbano se detenga en el propio carril de circulaci\u00f3n para la subida y bajada de las personas usuarias. Este recurso mejora la velocidad comercial de las l\u00edneas y, por tanto, la calidad del servicio.<\/p>\n","protected":false},"excerpt":{"rendered":"<p>Se asfaltar\u00e1 la v\u00eda entre la calle Iturrama y la avenida de Zaragoza y se aprovechar\u00e1 para implementar diferentes actuaciones de calmado de tr\u00e1fico<\/p>\n","protected":false},"author":1,"featured_media":49013,"comment_status":"open","ping_status":"closed","sticky":false,"template":"","format":"standard","meta":{"footnotes":""},"categories":[2],"tags":[],"class_list":["post-50744","post","type-post","status-publish","format-standard","has-post-thumbnail","hentry","category-ayuntamiento-pamplona"],"yoast_head":"<!-- This site is optimized with the Yoast SEO plugin v27.3 - https:\/\/yoast.com\/product\/yoast-seo-wordpress\/ -->\n<title>El Ayuntamiento de Pamplona plantea en la Junta de Movilidad una reconfiguraci\u00f3n de la calle Abejeras con una mayor anchura del carril bici para reforzar la seguridad<\/title>\n<meta name=\"description\" content=\"Se asfaltar\u00e1 la v\u00eda entre la calle Iturrama y la avenida de Zaragoza y se aprovechar\u00e1 para implementar diferentes actuaciones de calmado de tr\u00e1fico\" \/>\n<meta name=\"robots\" content=\"index, follow, max-snippet:-1, max-image-preview:large, max-video-preview:-1\" \/>\n<link rel=\"canonical\" href=\"https:\/\/www.laguiadepamplona.com\/actualidad\/el-ayuntamiento-de-pamplona-plantea-en-la-junta-de-movilidad-una-reconfiguracion-de-la-calle-abejeras-con-una-mayor-anchura-del-carril-bici-para-reforzar-la-seguridad\/\" \/>\n<meta property=\"og:locale\" content=\"es_ES\" \/>\n<meta property=\"og:type\" content=\"article\" \/>\n<meta property=\"og:title\" content=\"El Ayuntamiento de Pamplona plantea en la Junta de Movilidad una reconfiguraci\u00f3n de la calle Abejeras con una mayor anchura del carril bici para reforzar la seguridad\" \/>\n<meta property=\"og:description\" content=\"Se asfaltar\u00e1 la v\u00eda entre la calle Iturrama y la avenida de Zaragoza y se aprovechar\u00e1 para implementar diferentes actuaciones de calmado de tr\u00e1fico\" \/>\n<meta property=\"og:url\" content=\"https:\/\/www.laguiadepamplona.com\/actualidad\/el-ayuntamiento-de-pamplona-plantea-en-la-junta-de-movilidad-una-reconfiguracion-de-la-calle-abejeras-con-una-mayor-anchura-del-carril-bici-para-reforzar-la-seguridad\/\" \/>\n<meta property=\"og:site_name\" content=\"La Gu\u00eda de Pamplona\" \/>\n<meta property=\"article:publisher\" content=\"https:\/\/www.facebook.com\/laguiadepamplonacom-133175176762273\/?ref=hl\" \/>\n<meta property=\"article:published_time\" content=\"2024-09-19T10:13:30+00:00\" \/>\n<meta property=\"og:image\" content=\"https:\/\/www.laguiadepamplona.com\/actualidad\/wp-content\/uploads\/2024\/03\/carril-bici_03_3.webp\" \/>\n\t<meta property=\"og:image:width\" content=\"1200\" \/>\n\t<meta property=\"og:image:height\" content=\"797\" \/>\n\t<meta property=\"og:image:type\" content=\"image\/webp\" \/>\n<meta name=\"author\" content=\"La Gu\u00eda de Pamplona\" \/>\n<meta name=\"twitter:card\" content=\"summary_large_image\" \/>\n<meta name=\"twitter:creator\" content=\"@LaGuiadPamplona\" \/>\n<meta name=\"twitter:site\" content=\"@LaGuiadPamplona\" \/>\n<meta name=\"twitter:label1\" content=\"Escrito por\" \/>\n\t<meta name=\"twitter:data1\" content=\"La Gu\u00eda de Pamplona\" \/>\n\t<meta name=\"twitter:label2\" content=\"Tiempo de lectura\" \/>\n\t<meta name=\"twitter:data2\" content=\"6 minutos\" \/>\n<script type=\"application\/ld+json\" class=\"yoast-schema-graph\">{\"@context\":\"https:\\\/\\\/schema.org\",\"@graph\":[{\"@type\":\"Article\",\"@id\":\"https:\\\/\\\/www.laguiadepamplona.com\\\/actualidad\\\/el-ayuntamiento-de-pamplona-plantea-en-la-junta-de-movilidad-una-reconfiguracion-de-la-calle-abejeras-con-una-mayor-anchura-del-carril-bici-para-reforzar-la-seguridad\\\/#article\",\"isPartOf\":{\"@id\":\"https:\\\/\\\/www.laguiadepamplona.com\\\/actualidad\\\/el-ayuntamiento-de-pamplona-plantea-en-la-junta-de-movilidad-una-reconfiguracion-de-la-calle-abejeras-con-una-mayor-anchura-del-carril-bici-para-reforzar-la-seguridad\\\/\"},\"author\":{\"name\":\"La Gu\u00eda de Pamplona\",\"@id\":\"https:\\\/\\\/www.laguiadepamplona.com\\\/actualidad\\\/#\\\/schema\\\/person\\\/efe887376f0213d4657c93adc50b1fdb\"},\"headline\":\"El Ayuntamiento de Pamplona plantea en la Junta de Movilidad una reconfiguraci\u00f3n de la calle Abejeras con una mayor anchura del carril bici para reforzar la seguridad\",\"datePublished\":\"2024-09-19T10:13:30+00:00\",\"mainEntityOfPage\":{\"@id\":\"https:\\\/\\\/www.laguiadepamplona.com\\\/actualidad\\\/el-ayuntamiento-de-pamplona-plantea-en-la-junta-de-movilidad-una-reconfiguracion-de-la-calle-abejeras-con-una-mayor-anchura-del-carril-bici-para-reforzar-la-seguridad\\\/\"},\"wordCount\":1352,\"commentCount\":0,\"publisher\":{\"@id\":\"https:\\\/\\\/www.laguiadepamplona.com\\\/actualidad\\\/#organization\"},\"image\":{\"@id\":\"https:\\\/\\\/www.laguiadepamplona.com\\\/actualidad\\\/el-ayuntamiento-de-pamplona-plantea-en-la-junta-de-movilidad-una-reconfiguracion-de-la-calle-abejeras-con-una-mayor-anchura-del-carril-bici-para-reforzar-la-seguridad\\\/#primaryimage\"},\"thumbnailUrl\":\"https:\\\/\\\/www.laguiadepamplona.com\\\/actualidad\\\/wp-content\\\/uploads\\\/2024\\\/03\\\/carril-bici_03_3.webp\",\"articleSection\":[\"Ayto Pamplona\"],\"inLanguage\":\"es\",\"potentialAction\":[{\"@type\":\"CommentAction\",\"name\":\"Comment\",\"target\":[\"https:\\\/\\\/www.laguiadepamplona.com\\\/actualidad\\\/el-ayuntamiento-de-pamplona-plantea-en-la-junta-de-movilidad-una-reconfiguracion-de-la-calle-abejeras-con-una-mayor-anchura-del-carril-bici-para-reforzar-la-seguridad\\\/#respond\"]}]},{\"@type\":\"WebPage\",\"@id\":\"https:\\\/\\\/www.laguiadepamplona.com\\\/actualidad\\\/el-ayuntamiento-de-pamplona-plantea-en-la-junta-de-movilidad-una-reconfiguracion-de-la-calle-abejeras-con-una-mayor-anchura-del-carril-bici-para-reforzar-la-seguridad\\\/\",\"url\":\"https:\\\/\\\/www.laguiadepamplona.com\\\/actualidad\\\/el-ayuntamiento-de-pamplona-plantea-en-la-junta-de-movilidad-una-reconfiguracion-de-la-calle-abejeras-con-una-mayor-anchura-del-carril-bici-para-reforzar-la-seguridad\\\/\",\"name\":\"El Ayuntamiento de Pamplona plantea en la Junta de Movilidad una reconfiguraci\u00f3n de la calle Abejeras con una mayor anchura del carril bici para reforzar la seguridad\",\"isPartOf\":{\"@id\":\"https:\\\/\\\/www.laguiadepamplona.com\\\/actualidad\\\/#website\"},\"primaryImageOfPage\":{\"@id\":\"https:\\\/\\\/www.laguiadepamplona.com\\\/actualidad\\\/el-ayuntamiento-de-pamplona-plantea-en-la-junta-de-movilidad-una-reconfiguracion-de-la-calle-abejeras-con-una-mayor-anchura-del-carril-bici-para-reforzar-la-seguridad\\\/#primaryimage\"},\"image\":{\"@id\":\"https:\\\/\\\/www.laguiadepamplona.com\\\/actualidad\\\/el-ayuntamiento-de-pamplona-plantea-en-la-junta-de-movilidad-una-reconfiguracion-de-la-calle-abejeras-con-una-mayor-anchura-del-carril-bici-para-reforzar-la-seguridad\\\/#primaryimage\"},\"thumbnailUrl\":\"https:\\\/\\\/www.laguiadepamplona.com\\\/actualidad\\\/wp-content\\\/uploads\\\/2024\\\/03\\\/carril-bici_03_3.webp\",\"datePublished\":\"2024-09-19T10:13:30+00:00\",\"description\":\"Se asfaltar\u00e1 la v\u00eda entre la calle Iturrama y la avenida de Zaragoza y se aprovechar\u00e1 para implementar diferentes actuaciones de calmado de tr\u00e1fico\",\"breadcrumb\":{\"@id\":\"https:\\\/\\\/www.laguiadepamplona.com\\\/actualidad\\\/el-ayuntamiento-de-pamplona-plantea-en-la-junta-de-movilidad-una-reconfiguracion-de-la-calle-abejeras-con-una-mayor-anchura-del-carril-bici-para-reforzar-la-seguridad\\\/#breadcrumb\"},\"inLanguage\":\"es\",\"potentialAction\":[{\"@type\":\"ReadAction\",\"target\":[\"https:\\\/\\\/www.laguiadepamplona.com\\\/actualidad\\\/el-ayuntamiento-de-pamplona-plantea-en-la-junta-de-movilidad-una-reconfiguracion-de-la-calle-abejeras-con-una-mayor-anchura-del-carril-bici-para-reforzar-la-seguridad\\\/\"]}]},{\"@type\":\"ImageObject\",\"inLanguage\":\"es\",\"@id\":\"https:\\\/\\\/www.laguiadepamplona.com\\\/actualidad\\\/el-ayuntamiento-de-pamplona-plantea-en-la-junta-de-movilidad-una-reconfiguracion-de-la-calle-abejeras-con-una-mayor-anchura-del-carril-bici-para-reforzar-la-seguridad\\\/#primaryimage\",\"url\":\"https:\\\/\\\/www.laguiadepamplona.com\\\/actualidad\\\/wp-content\\\/uploads\\\/2024\\\/03\\\/carril-bici_03_3.webp\",\"contentUrl\":\"https:\\\/\\\/www.laguiadepamplona.com\\\/actualidad\\\/wp-content\\\/uploads\\\/2024\\\/03\\\/carril-bici_03_3.webp\",\"width\":1200,\"height\":797,\"caption\":\"carril bici\"},{\"@type\":\"BreadcrumbList\",\"@id\":\"https:\\\/\\\/www.laguiadepamplona.com\\\/actualidad\\\/el-ayuntamiento-de-pamplona-plantea-en-la-junta-de-movilidad-una-reconfiguracion-de-la-calle-abejeras-con-una-mayor-anchura-del-carril-bici-para-reforzar-la-seguridad\\\/#breadcrumb\",\"itemListElement\":[{\"@type\":\"ListItem\",\"position\":1,\"name\":\"Portada\",\"item\":\"https:\\\/\\\/www.laguiadepamplona.com\\\/actualidad\\\/\"},{\"@type\":\"ListItem\",\"position\":2,\"name\":\"El Ayuntamiento de Pamplona plantea en la Junta de Movilidad una reconfiguraci\u00f3n de la calle Abejeras con una mayor anchura del carril bici para reforzar la seguridad\"}]},{\"@type\":\"WebSite\",\"@id\":\"https:\\\/\\\/www.laguiadepamplona.com\\\/actualidad\\\/#website\",\"url\":\"https:\\\/\\\/www.laguiadepamplona.com\\\/actualidad\\\/\",\"name\":\"La gu\u00eda de Pamplona\",\"description\":\"Noticias de Pamplona\",\"publisher\":{\"@id\":\"https:\\\/\\\/www.laguiadepamplona.com\\\/actualidad\\\/#organization\"},\"potentialAction\":[{\"@type\":\"SearchAction\",\"target\":{\"@type\":\"EntryPoint\",\"urlTemplate\":\"https:\\\/\\\/www.laguiadepamplona.com\\\/actualidad\\\/?s={search_term_string}\"},\"query-input\":{\"@type\":\"PropertyValueSpecification\",\"valueRequired\":true,\"valueName\":\"search_term_string\"}}],\"inLanguage\":\"es\"},{\"@type\":\"Organization\",\"@id\":\"https:\\\/\\\/www.laguiadepamplona.com\\\/actualidad\\\/#organization\",\"name\":\"La Gu\u00eda de Pamplona \\\/ Noticias\",\"url\":\"https:\\\/\\\/www.laguiadepamplona.com\\\/actualidad\\\/\",\"logo\":{\"@type\":\"ImageObject\",\"inLanguage\":\"es\",\"@id\":\"https:\\\/\\\/www.laguiadepamplona.com\\\/actualidad\\\/#\\\/schema\\\/logo\\\/image\\\/\",\"url\":\"https:\\\/\\\/www.laguiadepamplona.com\\\/actualidad\\\/wp-content\\\/uploads\\\/2018\\\/11\\\/logo-laguiadepamplona18-web1.png\",\"contentUrl\":\"https:\\\/\\\/www.laguiadepamplona.com\\\/actualidad\\\/wp-content\\\/uploads\\\/2018\\\/11\\\/logo-laguiadepamplona18-web1.png\",\"width\":600,\"height\":196,\"caption\":\"La Gu\u00eda de Pamplona \\\/ Noticias\"},\"image\":{\"@id\":\"https:\\\/\\\/www.laguiadepamplona.com\\\/actualidad\\\/#\\\/schema\\\/logo\\\/image\\\/\"},\"sameAs\":[\"https:\\\/\\\/www.facebook.com\\\/laguiadepamplonacom-133175176762273\\\/?ref=hl\",\"https:\\\/\\\/x.com\\\/LaGuiadPamplona\",\"https:\\\/\\\/www.instagram.com\\\/la_guia_de_pamplona\\\/\",\"https:\\\/\\\/www.youtube.com\\\/user\\\/laguiadepamplona\"]},{\"@type\":\"Person\",\"@id\":\"https:\\\/\\\/www.laguiadepamplona.com\\\/actualidad\\\/#\\\/schema\\\/person\\\/efe887376f0213d4657c93adc50b1fdb\",\"name\":\"La Gu\u00eda de Pamplona\",\"image\":{\"@type\":\"ImageObject\",\"inLanguage\":\"es\",\"@id\":\"https:\\\/\\\/secure.gravatar.com\\\/avatar\\\/b6992f131dc8d30ab0dff15446e9d346d9dbd95992de0fef795073f5ea83a81c?s=96&d=mm&r=g\",\"url\":\"https:\\\/\\\/secure.gravatar.com\\\/avatar\\\/b6992f131dc8d30ab0dff15446e9d346d9dbd95992de0fef795073f5ea83a81c?s=96&d=mm&r=g\",\"contentUrl\":\"https:\\\/\\\/secure.gravatar.com\\\/avatar\\\/b6992f131dc8d30ab0dff15446e9d346d9dbd95992de0fef795073f5ea83a81c?s=96&d=mm&r=g\",\"caption\":\"La Gu\u00eda de Pamplona\"}}]}<\/script>\n<!-- \/ Yoast SEO plugin. -->","yoast_head_json":{"title":"El Ayuntamiento de Pamplona plantea en la Junta de Movilidad una reconfiguraci\u00f3n de la calle Abejeras con una mayor anchura del carril bici para reforzar la seguridad","description":"Se asfaltar\u00e1 la v\u00eda entre la calle Iturrama y la avenida de Zaragoza y se aprovechar\u00e1 para implementar diferentes actuaciones de calmado de tr\u00e1fico","robots":{"index":"index","follow":"follow","max-snippet":"max-snippet:-1","max-image-preview":"max-image-preview:large","max-video-preview":"max-video-preview:-1"},"canonical":"https:\/\/www.laguiadepamplona.com\/actualidad\/el-ayuntamiento-de-pamplona-plantea-en-la-junta-de-movilidad-una-reconfiguracion-de-la-calle-abejeras-con-una-mayor-anchura-del-carril-bici-para-reforzar-la-seguridad\/","og_locale":"es_ES","og_type":"article","og_title":"El Ayuntamiento de Pamplona plantea en la Junta de Movilidad una reconfiguraci\u00f3n de la calle Abejeras con una mayor anchura del carril bici para reforzar la seguridad","og_description":"Se asfaltar\u00e1 la v\u00eda entre la calle Iturrama y la avenida de Zaragoza y se aprovechar\u00e1 para implementar diferentes actuaciones de calmado de tr\u00e1fico","og_url":"https:\/\/www.laguiadepamplona.com\/actualidad\/el-ayuntamiento-de-pamplona-plantea-en-la-junta-de-movilidad-una-reconfiguracion-de-la-calle-abejeras-con-una-mayor-anchura-del-carril-bici-para-reforzar-la-seguridad\/","og_site_name":"La Gu\u00eda de Pamplona","article_publisher":"https:\/\/www.facebook.com\/laguiadepamplonacom-133175176762273\/?ref=hl","article_published_time":"2024-09-19T10:13:30+00:00","og_image":[{"width":1200,"height":797,"url":"https:\/\/www.laguiadepamplona.com\/actualidad\/wp-content\/uploads\/2024\/03\/carril-bici_03_3.webp","type":"image\/webp"}],"author":"La Gu\u00eda de Pamplona","twitter_card":"summary_large_image","twitter_creator":"@LaGuiadPamplona","twitter_site":"@LaGuiadPamplona","twitter_misc":{"Escrito por":"La Gu\u00eda de Pamplona","Tiempo de lectura":"6 minutos"},"schema":{"@context":"https:\/\/schema.org","@graph":[{"@type":"Article","@id":"https:\/\/www.laguiadepamplona.com\/actualidad\/el-ayuntamiento-de-pamplona-plantea-en-la-junta-de-movilidad-una-reconfiguracion-de-la-calle-abejeras-con-una-mayor-anchura-del-carril-bici-para-reforzar-la-seguridad\/#article","isPartOf":{"@id":"https:\/\/www.laguiadepamplona.com\/actualidad\/el-ayuntamiento-de-pamplona-plantea-en-la-junta-de-movilidad-una-reconfiguracion-de-la-calle-abejeras-con-una-mayor-anchura-del-carril-bici-para-reforzar-la-seguridad\/"},"author":{"name":"La Gu\u00eda de Pamplona","@id":"https:\/\/www.laguiadepamplona.com\/actualidad\/#\/schema\/person\/efe887376f0213d4657c93adc50b1fdb"},"headline":"El Ayuntamiento de Pamplona plantea en la Junta de Movilidad una reconfiguraci\u00f3n de la calle Abejeras con una mayor anchura del carril bici para reforzar la seguridad","datePublished":"2024-09-19T10:13:30+00:00","mainEntityOfPage":{"@id":"https:\/\/www.laguiadepamplona.com\/actualidad\/el-ayuntamiento-de-pamplona-plantea-en-la-junta-de-movilidad-una-reconfiguracion-de-la-calle-abejeras-con-una-mayor-anchura-del-carril-bici-para-reforzar-la-seguridad\/"},"wordCount":1352,"commentCount":0,"publisher":{"@id":"https:\/\/www.laguiadepamplona.com\/actualidad\/#organization"},"image":{"@id":"https:\/\/www.laguiadepamplona.com\/actualidad\/el-ayuntamiento-de-pamplona-plantea-en-la-junta-de-movilidad-una-reconfiguracion-de-la-calle-abejeras-con-una-mayor-anchura-del-carril-bici-para-reforzar-la-seguridad\/#primaryimage"},"thumbnailUrl":"https:\/\/www.laguiadepamplona.com\/actualidad\/wp-content\/uploads\/2024\/03\/carril-bici_03_3.webp","articleSection":["Ayto Pamplona"],"inLanguage":"es","potentialAction":[{"@type":"CommentAction","name":"Comment","target":["https:\/\/www.laguiadepamplona.com\/actualidad\/el-ayuntamiento-de-pamplona-plantea-en-la-junta-de-movilidad-una-reconfiguracion-de-la-calle-abejeras-con-una-mayor-anchura-del-carril-bici-para-reforzar-la-seguridad\/#respond"]}]},{"@type":"WebPage","@id":"https:\/\/www.laguiadepamplona.com\/actualidad\/el-ayuntamiento-de-pamplona-plantea-en-la-junta-de-movilidad-una-reconfiguracion-de-la-calle-abejeras-con-una-mayor-anchura-del-carril-bici-para-reforzar-la-seguridad\/","url":"https:\/\/www.laguiadepamplona.com\/actualidad\/el-ayuntamiento-de-pamplona-plantea-en-la-junta-de-movilidad-una-reconfiguracion-de-la-calle-abejeras-con-una-mayor-anchura-del-carril-bici-para-reforzar-la-seguridad\/","name":"El Ayuntamiento de Pamplona plantea en la Junta de Movilidad una reconfiguraci\u00f3n de la calle Abejeras con una mayor anchura del carril bici para reforzar la seguridad","isPartOf":{"@id":"https:\/\/www.laguiadepamplona.com\/actualidad\/#website"},"primaryImageOfPage":{"@id":"https:\/\/www.laguiadepamplona.com\/actualidad\/el-ayuntamiento-de-pamplona-plantea-en-la-junta-de-movilidad-una-reconfiguracion-de-la-calle-abejeras-con-una-mayor-anchura-del-carril-bici-para-reforzar-la-seguridad\/#primaryimage"},"image":{"@id":"https:\/\/www.laguiadepamplona.com\/actualidad\/el-ayuntamiento-de-pamplona-plantea-en-la-junta-de-movilidad-una-reconfiguracion-de-la-calle-abejeras-con-una-mayor-anchura-del-carril-bici-para-reforzar-la-seguridad\/#primaryimage"},"thumbnailUrl":"https:\/\/www.laguiadepamplona.com\/actualidad\/wp-content\/uploads\/2024\/03\/carril-bici_03_3.webp","datePublished":"2024-09-19T10:13:30+00:00","description":"Se asfaltar\u00e1 la v\u00eda entre la calle Iturrama y la avenida de Zaragoza y se aprovechar\u00e1 para implementar diferentes actuaciones de calmado de tr\u00e1fico","breadcrumb":{"@id":"https:\/\/www.laguiadepamplona.com\/actualidad\/el-ayuntamiento-de-pamplona-plantea-en-la-junta-de-movilidad-una-reconfiguracion-de-la-calle-abejeras-con-una-mayor-anchura-del-carril-bici-para-reforzar-la-seguridad\/#breadcrumb"},"inLanguage":"es","potentialAction":[{"@type":"ReadAction","target":["https:\/\/www.laguiadepamplona.com\/actualidad\/el-ayuntamiento-de-pamplona-plantea-en-la-junta-de-movilidad-una-reconfiguracion-de-la-calle-abejeras-con-una-mayor-anchura-del-carril-bici-para-reforzar-la-seguridad\/"]}]},{"@type":"ImageObject","inLanguage":"es","@id":"https:\/\/www.laguiadepamplona.com\/actualidad\/el-ayuntamiento-de-pamplona-plantea-en-la-junta-de-movilidad-una-reconfiguracion-de-la-calle-abejeras-con-una-mayor-anchura-del-carril-bici-para-reforzar-la-seguridad\/#primaryimage","url":"https:\/\/www.laguiadepamplona.com\/actualidad\/wp-content\/uploads\/2024\/03\/carril-bici_03_3.webp","contentUrl":"https:\/\/www.laguiadepamplona.com\/actualidad\/wp-content\/uploads\/2024\/03\/carril-bici_03_3.webp","width":1200,"height":797,"caption":"carril bici"},{"@type":"BreadcrumbList","@id":"https:\/\/www.laguiadepamplona.com\/actualidad\/el-ayuntamiento-de-pamplona-plantea-en-la-junta-de-movilidad-una-reconfiguracion-de-la-calle-abejeras-con-una-mayor-anchura-del-carril-bici-para-reforzar-la-seguridad\/#breadcrumb","itemListElement":[{"@type":"ListItem","position":1,"name":"Portada","item":"https:\/\/www.laguiadepamplona.com\/actualidad\/"},{"@type":"ListItem","position":2,"name":"El Ayuntamiento de Pamplona plantea en la Junta de Movilidad una reconfiguraci\u00f3n de la calle Abejeras con una mayor anchura del carril bici para reforzar la seguridad"}]},{"@type":"WebSite","@id":"https:\/\/www.laguiadepamplona.com\/actualidad\/#website","url":"https:\/\/www.laguiadepamplona.com\/actualidad\/","name":"La gu\u00eda de Pamplona","description":"Noticias de Pamplona","publisher":{"@id":"https:\/\/www.laguiadepamplona.com\/actualidad\/#organization"},"potentialAction":[{"@type":"SearchAction","target":{"@type":"EntryPoint","urlTemplate":"https:\/\/www.laguiadepamplona.com\/actualidad\/?s={search_term_string}"},"query-input":{"@type":"PropertyValueSpecification","valueRequired":true,"valueName":"search_term_string"}}],"inLanguage":"es"},{"@type":"Organization","@id":"https:\/\/www.laguiadepamplona.com\/actualidad\/#organization","name":"La Gu\u00eda de Pamplona \/ Noticias","url":"https:\/\/www.laguiadepamplona.com\/actualidad\/","logo":{"@type":"ImageObject","inLanguage":"es","@id":"https:\/\/www.laguiadepamplona.com\/actualidad\/#\/schema\/logo\/image\/","url":"https:\/\/www.laguiadepamplona.com\/actualidad\/wp-content\/uploads\/2018\/11\/logo-laguiadepamplona18-web1.png","contentUrl":"https:\/\/www.laguiadepamplona.com\/actualidad\/wp-content\/uploads\/2018\/11\/logo-laguiadepamplona18-web1.png","width":600,"height":196,"caption":"La Gu\u00eda de Pamplona \/ Noticias"},"image":{"@id":"https:\/\/www.laguiadepamplona.com\/actualidad\/#\/schema\/logo\/image\/"},"sameAs":["https:\/\/www.facebook.com\/laguiadepamplonacom-133175176762273\/?ref=hl","https:\/\/x.com\/LaGuiadPamplona","https:\/\/www.instagram.com\/la_guia_de_pamplona\/","https:\/\/www.youtube.com\/user\/laguiadepamplona"]},{"@type":"Person","@id":"https:\/\/www.laguiadepamplona.com\/actualidad\/#\/schema\/person\/efe887376f0213d4657c93adc50b1fdb","name":"La Gu\u00eda de Pamplona","image":{"@type":"ImageObject","inLanguage":"es","@id":"https:\/\/secure.gravatar.com\/avatar\/b6992f131dc8d30ab0dff15446e9d346d9dbd95992de0fef795073f5ea83a81c?s=96&d=mm&r=g","url":"https:\/\/secure.gravatar.com\/avatar\/b6992f131dc8d30ab0dff15446e9d346d9dbd95992de0fef795073f5ea83a81c?s=96&d=mm&r=g","contentUrl":"https:\/\/secure.gravatar.com\/avatar\/b6992f131dc8d30ab0dff15446e9d346d9dbd95992de0fef795073f5ea83a81c?s=96&d=mm&r=g","caption":"La Gu\u00eda de Pamplona"}}]}},"post_mailing_queue_ids":[],"_links":{"self":[{"href":"https:\/\/www.laguiadepamplona.com\/actualidad\/wp-json\/wp\/v2\/posts\/50744","targetHints":{"allow":["GET"]}}],"collection":[{"href":"https:\/\/www.laguiadepamplona.com\/actualidad\/wp-json\/wp\/v2\/posts"}],"about":[{"href":"https:\/\/www.laguiadepamplona.com\/actualidad\/wp-json\/wp\/v2\/types\/post"}],"author":[{"embeddable":true,"href":"https:\/\/www.laguiadepamplona.com\/actualidad\/wp-json\/wp\/v2\/users\/1"}],"replies":[{"embeddable":true,"href":"https:\/\/www.laguiadepamplona.com\/actualidad\/wp-json\/wp\/v2\/comments?post=50744"}],"version-history":[{"count":1,"href":"https:\/\/www.laguiadepamplona.com\/actualidad\/wp-json\/wp\/v2\/posts\/50744\/revisions"}],"predecessor-version":[{"id":50745,"href":"https:\/\/www.laguiadepamplona.com\/actualidad\/wp-json\/wp\/v2\/posts\/50744\/revisions\/50745"}],"wp:featuredmedia":[{"embeddable":true,"href":"https:\/\/www.laguiadepamplona.com\/actualidad\/wp-json\/wp\/v2\/media\/49013"}],"wp:attachment":[{"href":"https:\/\/www.laguiadepamplona.com\/actualidad\/wp-json\/wp\/v2\/media?parent=50744"}],"wp:term":[{"taxonomy":"category","embeddable":true,"href":"https:\/\/www.laguiadepamplona.com\/actualidad\/wp-json\/wp\/v2\/categories?post=50744"},{"taxonomy":"post_tag","embeddable":true,"href":"https:\/\/www.laguiadepamplona.com\/actualidad\/wp-json\/wp\/v2\/tags?post=50744"}],"curies":[{"name":"wp","href":"https:\/\/api.w.org\/{rel}","templated":true}]}}