{"id":50741,"date":"2024-09-19T12:12:22","date_gmt":"2024-09-19T10:12:22","guid":{"rendered":"https:\/\/www.laguiadepamplona.com\/actualidad\/?p=50741"},"modified":"2024-09-19T12:12:22","modified_gmt":"2024-09-19T10:12:22","slug":"el-ayuntamiento-de-pamplona-pone-en-marcha-el-programa-de-corresponsalias-juveniles-de-informacion","status":"publish","type":"post","link":"https:\/\/www.laguiadepamplona.com\/actualidad\/el-ayuntamiento-de-pamplona-pone-en-marcha-el-programa-de-corresponsalias-juveniles-de-informacion\/","title":{"rendered":"El Ayuntamiento de Pamplona pone en marcha el programa de corresponsal\u00edas juveniles de informaci\u00f3n"},"content":{"rendered":"<h2>El 4 de octubre acaba el plazo para que centros educativos, colegios mayores o residencias de estudiantes se inscriban como \u2018espacios colaboradores\u2019<\/h2>\n<p><!--more--><\/p>\n<p>El Ayuntamiento de Pamplona ha convocado un a\u00f1o m\u00e1s el concurso para la puesta en marcha de corresponsal\u00edas de informaci\u00f3n en espacios juveniles de Pamplona. Hasta el 4 de octubre se abre el periodo de inscripci\u00f3n para que centros educativos, colegios mayores, residencias de estudiantes y otros espacios adquieran la condici\u00f3n de \u2018espacios colaboradores\u2019. Una vez obtenida esa condici\u00f3n, cada espacio deber\u00e1 seleccionar antes del 18 de octubre a la pareja de j\u00f3venes que desempe\u00f1ar\u00e1 las labores de la corresponsal\u00eda.<\/p>\n<p>Este programa, puesto en marcha hace casi tres d\u00e9cadas, consiste en que dos j\u00f3venes vinculados al espacio colaborador\u2019 se encargan de acercar a la juventud de sus respectivos espacios informaci\u00f3n de su inter\u00e9s, con la coordinaci\u00f3n y supervisi\u00f3n de la Oficina Municipal de Informaci\u00f3n Juvenil de la Casa de la Juventud. La difusi\u00f3n de la informaci\u00f3n se lleva a cabo mediante la actualizaci\u00f3n de un panel de informaci\u00f3n, la atenci\u00f3n personal en los diferentes espacios, la gesti\u00f3n de un espacio virtual de informaci\u00f3n y otras medidas de difusi\u00f3n.<\/p>\n<p>La condici\u00f3n de \u2018espacio colaborador\u2019 para el curso 2024 &#8211; 2025 se puede alcanzar remitiendo una solicitud al correo electr\u00f3nico <a href=\"mailto:corresponsales@casajuventud.com\">corresponsales@casajuventud.com<\/a>. El 4 de octubre es la fecha l\u00edmite para inscribirse. Desde el Ayuntamiento de Pamplona se ha establecido un n\u00famero m\u00e1ximo de 60 espacios colaboradores para este curso. La informaci\u00f3n sobre este programa se puede consultar en <a href=\"http:\/\/www.pamplona.es\" target=\"_blank\" rel=\"noopener\">www.pamplona.es<\/a>, en <a href=\"http:\/\/www.pamplonajoven.es\" target=\"_blank\" rel=\"noopener\">www.pamplonajoven.es<\/a> y en el Bolet\u00edn Oficial de Navarra n\u00famero 191 de 19 de septiembre.<\/p>\n<p><strong>Espacios colaboradores y corresponsales informativos<\/strong><\/p>\n<p>Podr\u00e1n participar en el programa de corresponsal\u00edas informativas los centros de ense\u00f1anza con alumnado de edades comprendidas entre los 14 y los 30 a\u00f1os; colegios mayores y residencias de estudiantes cuya poblaci\u00f3n mayoritaria sean j\u00f3venes con edades comprendidas entre los 14 y los 30 a\u00f1os; espacios juveniles, entendidos como lugares donde se lleven a cabo programas de titularidad municipal o de cualquier otra administraci\u00f3n relacionados con la juventud; y locales de asociaciones juveniles constituidas oficialmente. Los espacios susceptibles de participar en el programa deber\u00e1n estar ubicados en el t\u00e9rmino municipal de Pamplona.<\/p>\n<p>Una vez confirmada desde el Ayuntamiento de Pamplona la condici\u00f3n de \u2018espacio colaborador\u2019, ser\u00e1n los propios espacios juveniles los que realicen una preselecci\u00f3n de la pareja de corresponsales que desarrollar\u00e1 el programa. Antes del 18 de octubre, esos espacios comunicar\u00e1n al Ayuntamiento de Pamplona los datos de la pareja preseleccionada. El Ayuntamiento de Pamplona proceder\u00e1 a la selecci\u00f3n definitiva que comunicar\u00e1 a los espacios colaboradores. La preselecci\u00f3n de quienes conforman la pareja de corresponsales se llevar\u00e1 a cabo a trav\u00e9s de un proceso en el que se valorar\u00e1n aspectos como el proyecto de corresponsal\u00eda que plantee cada equipo, sus habilidades personales y sociales, as\u00ed como otros par\u00e1metros que considere oportunos cada espacio colaborador.<\/p>\n<p><strong>Labor de las corresponsal\u00edas<\/strong><\/p>\n<p>Las personas encargadas de las corresponsal\u00edas seleccionadas acudir\u00e1n semanalmente a la Oficina Municipal de Informaci\u00f3n Juvenil de la Casa de la Juventud para realizar el seguimiento t\u00e9cnico de su labor como informadores juveniles. Recibir\u00e1n formaci\u00f3n y asesoramiento por parte del equipo t\u00e9cnico encargado del desarrollo del programa y ser\u00e1n responsables de la gesti\u00f3n y difusi\u00f3n de la informaci\u00f3n a trav\u00e9s de diferentes soportes, incluyendo un panel f\u00edsico ubicado en los propios espacios colaboradores y otros medios virtuales, como p\u00e1ginas web o cuentas en redes sociales.<\/p>\n<p>Las parejas seleccionadas por los espacios colaboradores se comprometen a poner en marcha su proyecto de corresponsal\u00eda de informaci\u00f3n juvenil y mantenerlo conforme a lo propuesto en el proyecto elaborado para cada espacio; a mantener la actividad del punto de informaci\u00f3n del espacio en que desarrollen su labor desde la primera semana de noviembre de 2024 hasta el 31 de mayo de 2025; y someterse a cualesquiera de las actuaciones de comprobaci\u00f3n por parte del equipo t\u00e9cnico de la Casa de la Juventud.<\/p>\n<p>Las parejas que realicen su labor a lo largo del curso escolar podr\u00e1n optar a una convocatoria p\u00fablica en la que se establecer\u00e1n los premios econ\u00f3micos a percibir por el desarrollo de esa tarea. Esos premios econ\u00f3micos est\u00e1n condicionados a la existencia de consignaci\u00f3n presupuestaria para ello en los presupuestos municipales de 2025.<\/p>\n","protected":false},"excerpt":{"rendered":"<p>El 4 de octubre acaba el plazo para que centros educativos, colegios mayores o residencias de estudiantes se inscriban como \u2018espacios colaboradores\u2019<\/p>\n","protected":false},"author":1,"featured_media":50742,"comment_status":"open","ping_status":"closed","sticky":false,"template":"","format":"standard","meta":{"footnotes":""},"categories":[2],"tags":[],"class_list":["post-50741","post","type-post","status-publish","format-standard","has-post-thumbnail","hentry","category-ayuntamiento-pamplona"],"yoast_head":"<!-- This site is optimized with the Yoast SEO plugin v27.3 - https:\/\/yoast.com\/product\/yoast-seo-wordpress\/ -->\n<title>El Ayuntamiento de Pamplona pone en marcha el programa de corresponsal\u00edas juveniles de informaci\u00f3n<\/title>\n<meta name=\"description\" content=\"El 4 de octubre acaba el plazo para que centros educativos, colegios mayores o residencias de estudiantes se inscriban como \u2018espacios colaboradores\u2019\" \/>\n<meta name=\"robots\" content=\"index, follow, max-snippet:-1, max-image-preview:large, max-video-preview:-1\" \/>\n<link rel=\"canonical\" href=\"https:\/\/www.laguiadepamplona.com\/actualidad\/el-ayuntamiento-de-pamplona-pone-en-marcha-el-programa-de-corresponsalias-juveniles-de-informacion\/\" \/>\n<meta property=\"og:locale\" content=\"es_ES\" \/>\n<meta property=\"og:type\" content=\"article\" \/>\n<meta property=\"og:title\" content=\"El Ayuntamiento de Pamplona pone en marcha el programa de corresponsal\u00edas juveniles de informaci\u00f3n\" \/>\n<meta property=\"og:description\" content=\"El 4 de octubre acaba el plazo para que centros educativos, colegios mayores o residencias de estudiantes se inscriban como \u2018espacios colaboradores\u2019\" \/>\n<meta property=\"og:url\" content=\"https:\/\/www.laguiadepamplona.com\/actualidad\/el-ayuntamiento-de-pamplona-pone-en-marcha-el-programa-de-corresponsalias-juveniles-de-informacion\/\" \/>\n<meta property=\"og:site_name\" content=\"La Gu\u00eda de Pamplona\" \/>\n<meta property=\"article:publisher\" content=\"https:\/\/www.facebook.com\/laguiadepamplonacom-133175176762273\/?ref=hl\" \/>\n<meta property=\"article:published_time\" content=\"2024-09-19T10:12:22+00:00\" \/>\n<meta property=\"og:image\" content=\"https:\/\/www.laguiadepamplona.com\/actualidad\/wp-content\/uploads\/2024\/09\/corresponsales-informativos_web.webp\" \/>\n\t<meta property=\"og:image:width\" content=\"1000\" \/>\n\t<meta property=\"og:image:height\" content=\"667\" \/>\n\t<meta property=\"og:image:type\" content=\"image\/webp\" \/>\n<meta name=\"author\" content=\"La Gu\u00eda de Pamplona\" \/>\n<meta name=\"twitter:card\" content=\"summary_large_image\" \/>\n<meta name=\"twitter:creator\" content=\"@LaGuiadPamplona\" \/>\n<meta name=\"twitter:site\" content=\"@LaGuiadPamplona\" \/>\n<meta name=\"twitter:label1\" content=\"Escrito por\" \/>\n\t<meta name=\"twitter:data1\" content=\"La Gu\u00eda de Pamplona\" \/>\n\t<meta name=\"twitter:label2\" content=\"Tiempo de lectura\" \/>\n\t<meta name=\"twitter:data2\" content=\"4 minutos\" \/>\n<script type=\"application\/ld+json\" class=\"yoast-schema-graph\">{\"@context\":\"https:\\\/\\\/schema.org\",\"@graph\":[{\"@type\":\"Article\",\"@id\":\"https:\\\/\\\/www.laguiadepamplona.com\\\/actualidad\\\/el-ayuntamiento-de-pamplona-pone-en-marcha-el-programa-de-corresponsalias-juveniles-de-informacion\\\/#article\",\"isPartOf\":{\"@id\":\"https:\\\/\\\/www.laguiadepamplona.com\\\/actualidad\\\/el-ayuntamiento-de-pamplona-pone-en-marcha-el-programa-de-corresponsalias-juveniles-de-informacion\\\/\"},\"author\":{\"name\":\"La Gu\u00eda de Pamplona\",\"@id\":\"https:\\\/\\\/www.laguiadepamplona.com\\\/actualidad\\\/#\\\/schema\\\/person\\\/efe887376f0213d4657c93adc50b1fdb\"},\"headline\":\"El Ayuntamiento de Pamplona pone en marcha el programa de corresponsal\u00edas juveniles de informaci\u00f3n\",\"datePublished\":\"2024-09-19T10:12:22+00:00\",\"mainEntityOfPage\":{\"@id\":\"https:\\\/\\\/www.laguiadepamplona.com\\\/actualidad\\\/el-ayuntamiento-de-pamplona-pone-en-marcha-el-programa-de-corresponsalias-juveniles-de-informacion\\\/\"},\"wordCount\":783,\"commentCount\":0,\"publisher\":{\"@id\":\"https:\\\/\\\/www.laguiadepamplona.com\\\/actualidad\\\/#organization\"},\"image\":{\"@id\":\"https:\\\/\\\/www.laguiadepamplona.com\\\/actualidad\\\/el-ayuntamiento-de-pamplona-pone-en-marcha-el-programa-de-corresponsalias-juveniles-de-informacion\\\/#primaryimage\"},\"thumbnailUrl\":\"https:\\\/\\\/www.laguiadepamplona.com\\\/actualidad\\\/wp-content\\\/uploads\\\/2024\\\/09\\\/corresponsales-informativos_web.webp\",\"articleSection\":[\"Ayto Pamplona\"],\"inLanguage\":\"es\",\"potentialAction\":[{\"@type\":\"CommentAction\",\"name\":\"Comment\",\"target\":[\"https:\\\/\\\/www.laguiadepamplona.com\\\/actualidad\\\/el-ayuntamiento-de-pamplona-pone-en-marcha-el-programa-de-corresponsalias-juveniles-de-informacion\\\/#respond\"]}]},{\"@type\":\"WebPage\",\"@id\":\"https:\\\/\\\/www.laguiadepamplona.com\\\/actualidad\\\/el-ayuntamiento-de-pamplona-pone-en-marcha-el-programa-de-corresponsalias-juveniles-de-informacion\\\/\",\"url\":\"https:\\\/\\\/www.laguiadepamplona.com\\\/actualidad\\\/el-ayuntamiento-de-pamplona-pone-en-marcha-el-programa-de-corresponsalias-juveniles-de-informacion\\\/\",\"name\":\"El Ayuntamiento de Pamplona pone en marcha el programa de corresponsal\u00edas juveniles de informaci\u00f3n\",\"isPartOf\":{\"@id\":\"https:\\\/\\\/www.laguiadepamplona.com\\\/actualidad\\\/#website\"},\"primaryImageOfPage\":{\"@id\":\"https:\\\/\\\/www.laguiadepamplona.com\\\/actualidad\\\/el-ayuntamiento-de-pamplona-pone-en-marcha-el-programa-de-corresponsalias-juveniles-de-informacion\\\/#primaryimage\"},\"image\":{\"@id\":\"https:\\\/\\\/www.laguiadepamplona.com\\\/actualidad\\\/el-ayuntamiento-de-pamplona-pone-en-marcha-el-programa-de-corresponsalias-juveniles-de-informacion\\\/#primaryimage\"},\"thumbnailUrl\":\"https:\\\/\\\/www.laguiadepamplona.com\\\/actualidad\\\/wp-content\\\/uploads\\\/2024\\\/09\\\/corresponsales-informativos_web.webp\",\"datePublished\":\"2024-09-19T10:12:22+00:00\",\"description\":\"El 4 de octubre acaba el plazo para que centros educativos, colegios mayores o residencias de estudiantes se inscriban como \u2018espacios colaboradores\u2019\",\"breadcrumb\":{\"@id\":\"https:\\\/\\\/www.laguiadepamplona.com\\\/actualidad\\\/el-ayuntamiento-de-pamplona-pone-en-marcha-el-programa-de-corresponsalias-juveniles-de-informacion\\\/#breadcrumb\"},\"inLanguage\":\"es\",\"potentialAction\":[{\"@type\":\"ReadAction\",\"target\":[\"https:\\\/\\\/www.laguiadepamplona.com\\\/actualidad\\\/el-ayuntamiento-de-pamplona-pone-en-marcha-el-programa-de-corresponsalias-juveniles-de-informacion\\\/\"]}]},{\"@type\":\"ImageObject\",\"inLanguage\":\"es\",\"@id\":\"https:\\\/\\\/www.laguiadepamplona.com\\\/actualidad\\\/el-ayuntamiento-de-pamplona-pone-en-marcha-el-programa-de-corresponsalias-juveniles-de-informacion\\\/#primaryimage\",\"url\":\"https:\\\/\\\/www.laguiadepamplona.com\\\/actualidad\\\/wp-content\\\/uploads\\\/2024\\\/09\\\/corresponsales-informativos_web.webp\",\"contentUrl\":\"https:\\\/\\\/www.laguiadepamplona.com\\\/actualidad\\\/wp-content\\\/uploads\\\/2024\\\/09\\\/corresponsales-informativos_web.webp\",\"width\":1000,\"height\":667,\"caption\":\"corresponsales informativos\"},{\"@type\":\"BreadcrumbList\",\"@id\":\"https:\\\/\\\/www.laguiadepamplona.com\\\/actualidad\\\/el-ayuntamiento-de-pamplona-pone-en-marcha-el-programa-de-corresponsalias-juveniles-de-informacion\\\/#breadcrumb\",\"itemListElement\":[{\"@type\":\"ListItem\",\"position\":1,\"name\":\"Portada\",\"item\":\"https:\\\/\\\/www.laguiadepamplona.com\\\/actualidad\\\/\"},{\"@type\":\"ListItem\",\"position\":2,\"name\":\"El Ayuntamiento de Pamplona pone en marcha el programa de corresponsal\u00edas juveniles de informaci\u00f3n\"}]},{\"@type\":\"WebSite\",\"@id\":\"https:\\\/\\\/www.laguiadepamplona.com\\\/actualidad\\\/#website\",\"url\":\"https:\\\/\\\/www.laguiadepamplona.com\\\/actualidad\\\/\",\"name\":\"La gu\u00eda de Pamplona\",\"description\":\"Noticias de Pamplona\",\"publisher\":{\"@id\":\"https:\\\/\\\/www.laguiadepamplona.com\\\/actualidad\\\/#organization\"},\"potentialAction\":[{\"@type\":\"SearchAction\",\"target\":{\"@type\":\"EntryPoint\",\"urlTemplate\":\"https:\\\/\\\/www.laguiadepamplona.com\\\/actualidad\\\/?s={search_term_string}\"},\"query-input\":{\"@type\":\"PropertyValueSpecification\",\"valueRequired\":true,\"valueName\":\"search_term_string\"}}],\"inLanguage\":\"es\"},{\"@type\":\"Organization\",\"@id\":\"https:\\\/\\\/www.laguiadepamplona.com\\\/actualidad\\\/#organization\",\"name\":\"La Gu\u00eda de Pamplona \\\/ Noticias\",\"url\":\"https:\\\/\\\/www.laguiadepamplona.com\\\/actualidad\\\/\",\"logo\":{\"@type\":\"ImageObject\",\"inLanguage\":\"es\",\"@id\":\"https:\\\/\\\/www.laguiadepamplona.com\\\/actualidad\\\/#\\\/schema\\\/logo\\\/image\\\/\",\"url\":\"https:\\\/\\\/www.laguiadepamplona.com\\\/actualidad\\\/wp-content\\\/uploads\\\/2018\\\/11\\\/logo-laguiadepamplona18-web1.png\",\"contentUrl\":\"https:\\\/\\\/www.laguiadepamplona.com\\\/actualidad\\\/wp-content\\\/uploads\\\/2018\\\/11\\\/logo-laguiadepamplona18-web1.png\",\"width\":600,\"height\":196,\"caption\":\"La Gu\u00eda de Pamplona \\\/ Noticias\"},\"image\":{\"@id\":\"https:\\\/\\\/www.laguiadepamplona.com\\\/actualidad\\\/#\\\/schema\\\/logo\\\/image\\\/\"},\"sameAs\":[\"https:\\\/\\\/www.facebook.com\\\/laguiadepamplonacom-133175176762273\\\/?ref=hl\",\"https:\\\/\\\/x.com\\\/LaGuiadPamplona\",\"https:\\\/\\\/www.instagram.com\\\/la_guia_de_pamplona\\\/\",\"https:\\\/\\\/www.youtube.com\\\/user\\\/laguiadepamplona\"]},{\"@type\":\"Person\",\"@id\":\"https:\\\/\\\/www.laguiadepamplona.com\\\/actualidad\\\/#\\\/schema\\\/person\\\/efe887376f0213d4657c93adc50b1fdb\",\"name\":\"La Gu\u00eda de Pamplona\",\"image\":{\"@type\":\"ImageObject\",\"inLanguage\":\"es\",\"@id\":\"https:\\\/\\\/secure.gravatar.com\\\/avatar\\\/b6992f131dc8d30ab0dff15446e9d346d9dbd95992de0fef795073f5ea83a81c?s=96&d=mm&r=g\",\"url\":\"https:\\\/\\\/secure.gravatar.com\\\/avatar\\\/b6992f131dc8d30ab0dff15446e9d346d9dbd95992de0fef795073f5ea83a81c?s=96&d=mm&r=g\",\"contentUrl\":\"https:\\\/\\\/secure.gravatar.com\\\/avatar\\\/b6992f131dc8d30ab0dff15446e9d346d9dbd95992de0fef795073f5ea83a81c?s=96&d=mm&r=g\",\"caption\":\"La Gu\u00eda de Pamplona\"}}]}<\/script>\n<!-- \/ Yoast SEO plugin. -->","yoast_head_json":{"title":"El Ayuntamiento de Pamplona pone en marcha el programa de corresponsal\u00edas juveniles de informaci\u00f3n","description":"El 4 de octubre acaba el plazo para que centros educativos, colegios mayores o residencias de estudiantes se inscriban como \u2018espacios colaboradores\u2019","robots":{"index":"index","follow":"follow","max-snippet":"max-snippet:-1","max-image-preview":"max-image-preview:large","max-video-preview":"max-video-preview:-1"},"canonical":"https:\/\/www.laguiadepamplona.com\/actualidad\/el-ayuntamiento-de-pamplona-pone-en-marcha-el-programa-de-corresponsalias-juveniles-de-informacion\/","og_locale":"es_ES","og_type":"article","og_title":"El Ayuntamiento de Pamplona pone en marcha el programa de corresponsal\u00edas juveniles de informaci\u00f3n","og_description":"El 4 de octubre acaba el plazo para que centros educativos, colegios mayores o residencias de estudiantes se inscriban como \u2018espacios colaboradores\u2019","og_url":"https:\/\/www.laguiadepamplona.com\/actualidad\/el-ayuntamiento-de-pamplona-pone-en-marcha-el-programa-de-corresponsalias-juveniles-de-informacion\/","og_site_name":"La Gu\u00eda de Pamplona","article_publisher":"https:\/\/www.facebook.com\/laguiadepamplonacom-133175176762273\/?ref=hl","article_published_time":"2024-09-19T10:12:22+00:00","og_image":[{"width":1000,"height":667,"url":"https:\/\/www.laguiadepamplona.com\/actualidad\/wp-content\/uploads\/2024\/09\/corresponsales-informativos_web.webp","type":"image\/webp"}],"author":"La Gu\u00eda de Pamplona","twitter_card":"summary_large_image","twitter_creator":"@LaGuiadPamplona","twitter_site":"@LaGuiadPamplona","twitter_misc":{"Escrito por":"La Gu\u00eda de Pamplona","Tiempo de lectura":"4 minutos"},"schema":{"@context":"https:\/\/schema.org","@graph":[{"@type":"Article","@id":"https:\/\/www.laguiadepamplona.com\/actualidad\/el-ayuntamiento-de-pamplona-pone-en-marcha-el-programa-de-corresponsalias-juveniles-de-informacion\/#article","isPartOf":{"@id":"https:\/\/www.laguiadepamplona.com\/actualidad\/el-ayuntamiento-de-pamplona-pone-en-marcha-el-programa-de-corresponsalias-juveniles-de-informacion\/"},"author":{"name":"La Gu\u00eda de Pamplona","@id":"https:\/\/www.laguiadepamplona.com\/actualidad\/#\/schema\/person\/efe887376f0213d4657c93adc50b1fdb"},"headline":"El Ayuntamiento de Pamplona pone en marcha el programa de corresponsal\u00edas juveniles de informaci\u00f3n","datePublished":"2024-09-19T10:12:22+00:00","mainEntityOfPage":{"@id":"https:\/\/www.laguiadepamplona.com\/actualidad\/el-ayuntamiento-de-pamplona-pone-en-marcha-el-programa-de-corresponsalias-juveniles-de-informacion\/"},"wordCount":783,"commentCount":0,"publisher":{"@id":"https:\/\/www.laguiadepamplona.com\/actualidad\/#organization"},"image":{"@id":"https:\/\/www.laguiadepamplona.com\/actualidad\/el-ayuntamiento-de-pamplona-pone-en-marcha-el-programa-de-corresponsalias-juveniles-de-informacion\/#primaryimage"},"thumbnailUrl":"https:\/\/www.laguiadepamplona.com\/actualidad\/wp-content\/uploads\/2024\/09\/corresponsales-informativos_web.webp","articleSection":["Ayto Pamplona"],"inLanguage":"es","potentialAction":[{"@type":"CommentAction","name":"Comment","target":["https:\/\/www.laguiadepamplona.com\/actualidad\/el-ayuntamiento-de-pamplona-pone-en-marcha-el-programa-de-corresponsalias-juveniles-de-informacion\/#respond"]}]},{"@type":"WebPage","@id":"https:\/\/www.laguiadepamplona.com\/actualidad\/el-ayuntamiento-de-pamplona-pone-en-marcha-el-programa-de-corresponsalias-juveniles-de-informacion\/","url":"https:\/\/www.laguiadepamplona.com\/actualidad\/el-ayuntamiento-de-pamplona-pone-en-marcha-el-programa-de-corresponsalias-juveniles-de-informacion\/","name":"El Ayuntamiento de Pamplona pone en marcha el programa de corresponsal\u00edas juveniles de informaci\u00f3n","isPartOf":{"@id":"https:\/\/www.laguiadepamplona.com\/actualidad\/#website"},"primaryImageOfPage":{"@id":"https:\/\/www.laguiadepamplona.com\/actualidad\/el-ayuntamiento-de-pamplona-pone-en-marcha-el-programa-de-corresponsalias-juveniles-de-informacion\/#primaryimage"},"image":{"@id":"https:\/\/www.laguiadepamplona.com\/actualidad\/el-ayuntamiento-de-pamplona-pone-en-marcha-el-programa-de-corresponsalias-juveniles-de-informacion\/#primaryimage"},"thumbnailUrl":"https:\/\/www.laguiadepamplona.com\/actualidad\/wp-content\/uploads\/2024\/09\/corresponsales-informativos_web.webp","datePublished":"2024-09-19T10:12:22+00:00","description":"El 4 de octubre acaba el plazo para que centros educativos, colegios mayores o residencias de estudiantes se inscriban como \u2018espacios colaboradores\u2019","breadcrumb":{"@id":"https:\/\/www.laguiadepamplona.com\/actualidad\/el-ayuntamiento-de-pamplona-pone-en-marcha-el-programa-de-corresponsalias-juveniles-de-informacion\/#breadcrumb"},"inLanguage":"es","potentialAction":[{"@type":"ReadAction","target":["https:\/\/www.laguiadepamplona.com\/actualidad\/el-ayuntamiento-de-pamplona-pone-en-marcha-el-programa-de-corresponsalias-juveniles-de-informacion\/"]}]},{"@type":"ImageObject","inLanguage":"es","@id":"https:\/\/www.laguiadepamplona.com\/actualidad\/el-ayuntamiento-de-pamplona-pone-en-marcha-el-programa-de-corresponsalias-juveniles-de-informacion\/#primaryimage","url":"https:\/\/www.laguiadepamplona.com\/actualidad\/wp-content\/uploads\/2024\/09\/corresponsales-informativos_web.webp","contentUrl":"https:\/\/www.laguiadepamplona.com\/actualidad\/wp-content\/uploads\/2024\/09\/corresponsales-informativos_web.webp","width":1000,"height":667,"caption":"corresponsales informativos"},{"@type":"BreadcrumbList","@id":"https:\/\/www.laguiadepamplona.com\/actualidad\/el-ayuntamiento-de-pamplona-pone-en-marcha-el-programa-de-corresponsalias-juveniles-de-informacion\/#breadcrumb","itemListElement":[{"@type":"ListItem","position":1,"name":"Portada","item":"https:\/\/www.laguiadepamplona.com\/actualidad\/"},{"@type":"ListItem","position":2,"name":"El Ayuntamiento de Pamplona pone en marcha el programa de corresponsal\u00edas juveniles de informaci\u00f3n"}]},{"@type":"WebSite","@id":"https:\/\/www.laguiadepamplona.com\/actualidad\/#website","url":"https:\/\/www.laguiadepamplona.com\/actualidad\/","name":"La gu\u00eda de Pamplona","description":"Noticias de Pamplona","publisher":{"@id":"https:\/\/www.laguiadepamplona.com\/actualidad\/#organization"},"potentialAction":[{"@type":"SearchAction","target":{"@type":"EntryPoint","urlTemplate":"https:\/\/www.laguiadepamplona.com\/actualidad\/?s={search_term_string}"},"query-input":{"@type":"PropertyValueSpecification","valueRequired":true,"valueName":"search_term_string"}}],"inLanguage":"es"},{"@type":"Organization","@id":"https:\/\/www.laguiadepamplona.com\/actualidad\/#organization","name":"La Gu\u00eda de Pamplona \/ Noticias","url":"https:\/\/www.laguiadepamplona.com\/actualidad\/","logo":{"@type":"ImageObject","inLanguage":"es","@id":"https:\/\/www.laguiadepamplona.com\/actualidad\/#\/schema\/logo\/image\/","url":"https:\/\/www.laguiadepamplona.com\/actualidad\/wp-content\/uploads\/2018\/11\/logo-laguiadepamplona18-web1.png","contentUrl":"https:\/\/www.laguiadepamplona.com\/actualidad\/wp-content\/uploads\/2018\/11\/logo-laguiadepamplona18-web1.png","width":600,"height":196,"caption":"La Gu\u00eda de Pamplona \/ Noticias"},"image":{"@id":"https:\/\/www.laguiadepamplona.com\/actualidad\/#\/schema\/logo\/image\/"},"sameAs":["https:\/\/www.facebook.com\/laguiadepamplonacom-133175176762273\/?ref=hl","https:\/\/x.com\/LaGuiadPamplona","https:\/\/www.instagram.com\/la_guia_de_pamplona\/","https:\/\/www.youtube.com\/user\/laguiadepamplona"]},{"@type":"Person","@id":"https:\/\/www.laguiadepamplona.com\/actualidad\/#\/schema\/person\/efe887376f0213d4657c93adc50b1fdb","name":"La Gu\u00eda de Pamplona","image":{"@type":"ImageObject","inLanguage":"es","@id":"https:\/\/secure.gravatar.com\/avatar\/b6992f131dc8d30ab0dff15446e9d346d9dbd95992de0fef795073f5ea83a81c?s=96&d=mm&r=g","url":"https:\/\/secure.gravatar.com\/avatar\/b6992f131dc8d30ab0dff15446e9d346d9dbd95992de0fef795073f5ea83a81c?s=96&d=mm&r=g","contentUrl":"https:\/\/secure.gravatar.com\/avatar\/b6992f131dc8d30ab0dff15446e9d346d9dbd95992de0fef795073f5ea83a81c?s=96&d=mm&r=g","caption":"La Gu\u00eda de Pamplona"}}]}},"post_mailing_queue_ids":[],"_links":{"self":[{"href":"https:\/\/www.laguiadepamplona.com\/actualidad\/wp-json\/wp\/v2\/posts\/50741","targetHints":{"allow":["GET"]}}],"collection":[{"href":"https:\/\/www.laguiadepamplona.com\/actualidad\/wp-json\/wp\/v2\/posts"}],"about":[{"href":"https:\/\/www.laguiadepamplona.com\/actualidad\/wp-json\/wp\/v2\/types\/post"}],"author":[{"embeddable":true,"href":"https:\/\/www.laguiadepamplona.com\/actualidad\/wp-json\/wp\/v2\/users\/1"}],"replies":[{"embeddable":true,"href":"https:\/\/www.laguiadepamplona.com\/actualidad\/wp-json\/wp\/v2\/comments?post=50741"}],"version-history":[{"count":1,"href":"https:\/\/www.laguiadepamplona.com\/actualidad\/wp-json\/wp\/v2\/posts\/50741\/revisions"}],"predecessor-version":[{"id":50743,"href":"https:\/\/www.laguiadepamplona.com\/actualidad\/wp-json\/wp\/v2\/posts\/50741\/revisions\/50743"}],"wp:featuredmedia":[{"embeddable":true,"href":"https:\/\/www.laguiadepamplona.com\/actualidad\/wp-json\/wp\/v2\/media\/50742"}],"wp:attachment":[{"href":"https:\/\/www.laguiadepamplona.com\/actualidad\/wp-json\/wp\/v2\/media?parent=50741"}],"wp:term":[{"taxonomy":"category","embeddable":true,"href":"https:\/\/www.laguiadepamplona.com\/actualidad\/wp-json\/wp\/v2\/categories?post=50741"},{"taxonomy":"post_tag","embeddable":true,"href":"https:\/\/www.laguiadepamplona.com\/actualidad\/wp-json\/wp\/v2\/tags?post=50741"}],"curies":[{"name":"wp","href":"https:\/\/api.w.org\/{rel}","templated":true}]}}