{"id":50729,"date":"2024-09-18T11:03:23","date_gmt":"2024-09-18T09:03:23","guid":{"rendered":"https:\/\/www.laguiadepamplona.com\/actualidad\/?p=50729"},"modified":"2024-09-18T11:03:23","modified_gmt":"2024-09-18T09:03:23","slug":"el-ayuntamiento-de-pamplona-amplia-este-fin-de-semana-los-horarios-de-cierre-de-establecimientos-en-el-casco-antiguo-con-motivo-de-las-fiestas-de-san-fermin-de-aldapa","status":"publish","type":"post","link":"https:\/\/www.laguiadepamplona.com\/actualidad\/el-ayuntamiento-de-pamplona-amplia-este-fin-de-semana-los-horarios-de-cierre-de-establecimientos-en-el-casco-antiguo-con-motivo-de-las-fiestas-de-san-fermin-de-aldapa\/","title":{"rendered":"El Ayuntamiento de Pamplona ampl\u00eda este fin de semana los horarios de cierre de establecimientos en el Casco Antiguo con motivo de las fiestas de San Ferm\u00edn de Aldapa"},"content":{"rendered":"<h2>Bares, cafeter\u00edas y restaurantes podr\u00e1n cerrar a las 4.30 horas, bares especiales a las 6 y discotecas a las 7 horas<\/h2>\n<p><!--more--><\/p>\n<p>El Ayuntamiento de Pamplona ha ampliado los horarios de cierre de establecimientos del Casco Antiguo este fin de semana debido a la celebraci\u00f3n de las fiestas de San Ferm\u00edn de Aldapa.\u00a0 Mediante resoluci\u00f3n de la concejal\u00eda delegada de Seguridad Ciudadana y en virtud del Decreto Foral 201\/2002, de 23 de septiembre, que lo autoriza, se ampl\u00edan los horarios para la noche del viernes 20 al s\u00e1bado 21 de septiembre y para la noche del s\u00e1bado 21 de septiembre al domingo 22 de septiembre.<\/p>\n<p>As\u00ed las cosas, se fijan las 4.30 horas de la madrugada para el cierre de establecimientos dedicados a las actividades de bar, cafeter\u00eda y restaurante y se fijan las 6 horas de la ma\u00f1ana para el cierre de los establecimientos dedicados a la actividad de bar especial. Lo \u00faltimo que podr\u00e1 cerrar, a las 7 horas de la ma\u00f1ana, son los establecimientos dedicados a actividades de discoteca.<\/p>\n<p>Asimismo, se limite a tres horas el periodo m\u00ednimo de inactividad entre el cierre y la reapertura de los establecimientos. Ese tiempo se considera suficiente para realizar las labores de limpieza habituales, cumplido el requisito de dar cuenta de todo ello al Departamento de Interior, Funci\u00f3n P\u00fablica y Justicia del Gobierno de Navarra.<\/p>\n","protected":false},"excerpt":{"rendered":"<p>Bares, cafeter\u00edas y restaurantes podr\u00e1n cerrar a las 4.30 horas, bares especiales a las 6 y discotecas a las 7 horas<\/p>\n","protected":false},"author":1,"featured_media":50730,"comment_status":"open","ping_status":"closed","sticky":false,"template":"","format":"standard","meta":{"footnotes":""},"categories":[2],"tags":[],"class_list":["post-50729","post","type-post","status-publish","format-standard","has-post-thumbnail","hentry","category-ayuntamiento-pamplona"],"yoast_head":"<!-- This site is optimized with the Yoast SEO plugin v27.3 - https:\/\/yoast.com\/product\/yoast-seo-wordpress\/ -->\n<title>El Ayuntamiento de Pamplona ampl\u00eda este fin de semana los horarios de cierre de establecimientos en el Casco Antiguo con motivo de las fiestas de San Ferm\u00edn de Aldapa<\/title>\n<meta name=\"description\" content=\"Bares, cafeter\u00edas y restaurantes podr\u00e1n cerrar a las 4.30 horas, bares especiales a las 6 y discotecas a las 7 horas\" \/>\n<meta name=\"robots\" content=\"index, follow, max-snippet:-1, max-image-preview:large, max-video-preview:-1\" \/>\n<link rel=\"canonical\" href=\"https:\/\/www.laguiadepamplona.com\/actualidad\/el-ayuntamiento-de-pamplona-amplia-este-fin-de-semana-los-horarios-de-cierre-de-establecimientos-en-el-casco-antiguo-con-motivo-de-las-fiestas-de-san-fermin-de-aldapa\/\" \/>\n<meta property=\"og:locale\" content=\"es_ES\" \/>\n<meta property=\"og:type\" content=\"article\" \/>\n<meta property=\"og:title\" content=\"El Ayuntamiento de Pamplona ampl\u00eda este fin de semana los horarios de cierre de establecimientos en el Casco Antiguo con motivo de las fiestas de San Ferm\u00edn de Aldapa\" \/>\n<meta property=\"og:description\" content=\"Bares, cafeter\u00edas y restaurantes podr\u00e1n cerrar a las 4.30 horas, bares especiales a las 6 y discotecas a las 7 horas\" \/>\n<meta property=\"og:url\" content=\"https:\/\/www.laguiadepamplona.com\/actualidad\/el-ayuntamiento-de-pamplona-amplia-este-fin-de-semana-los-horarios-de-cierre-de-establecimientos-en-el-casco-antiguo-con-motivo-de-las-fiestas-de-san-fermin-de-aldapa\/\" \/>\n<meta property=\"og:site_name\" content=\"La Gu\u00eda de Pamplona\" \/>\n<meta property=\"article:publisher\" content=\"https:\/\/www.facebook.com\/laguiadepamplonacom-133175176762273\/?ref=hl\" \/>\n<meta property=\"article:published_time\" content=\"2024-09-18T09:03:23+00:00\" \/>\n<meta property=\"og:image\" content=\"https:\/\/www.laguiadepamplona.com\/actualidad\/wp-content\/uploads\/2024\/09\/horarios-bares-San-Fermin-de-Aldapa_web.webp\" \/>\n\t<meta property=\"og:image:width\" content=\"1000\" \/>\n\t<meta property=\"og:image:height\" content=\"667\" \/>\n\t<meta property=\"og:image:type\" content=\"image\/webp\" \/>\n<meta name=\"author\" content=\"La Gu\u00eda de Pamplona\" \/>\n<meta name=\"twitter:card\" content=\"summary_large_image\" \/>\n<meta name=\"twitter:creator\" content=\"@LaGuiadPamplona\" \/>\n<meta name=\"twitter:site\" content=\"@LaGuiadPamplona\" \/>\n<meta name=\"twitter:label1\" content=\"Escrito por\" \/>\n\t<meta name=\"twitter:data1\" content=\"La Gu\u00eda de Pamplona\" \/>\n\t<meta name=\"twitter:label2\" content=\"Tiempo de lectura\" \/>\n\t<meta name=\"twitter:data2\" content=\"2 minutos\" \/>\n<script type=\"application\/ld+json\" class=\"yoast-schema-graph\">{\"@context\":\"https:\\\/\\\/schema.org\",\"@graph\":[{\"@type\":\"Article\",\"@id\":\"https:\\\/\\\/www.laguiadepamplona.com\\\/actualidad\\\/el-ayuntamiento-de-pamplona-amplia-este-fin-de-semana-los-horarios-de-cierre-de-establecimientos-en-el-casco-antiguo-con-motivo-de-las-fiestas-de-san-fermin-de-aldapa\\\/#article\",\"isPartOf\":{\"@id\":\"https:\\\/\\\/www.laguiadepamplona.com\\\/actualidad\\\/el-ayuntamiento-de-pamplona-amplia-este-fin-de-semana-los-horarios-de-cierre-de-establecimientos-en-el-casco-antiguo-con-motivo-de-las-fiestas-de-san-fermin-de-aldapa\\\/\"},\"author\":{\"name\":\"La Gu\u00eda de Pamplona\",\"@id\":\"https:\\\/\\\/www.laguiadepamplona.com\\\/actualidad\\\/#\\\/schema\\\/person\\\/efe887376f0213d4657c93adc50b1fdb\"},\"headline\":\"El Ayuntamiento de Pamplona ampl\u00eda este fin de semana los horarios de cierre de establecimientos en el Casco Antiguo con motivo de las fiestas de San Ferm\u00edn de Aldapa\",\"datePublished\":\"2024-09-18T09:03:23+00:00\",\"mainEntityOfPage\":{\"@id\":\"https:\\\/\\\/www.laguiadepamplona.com\\\/actualidad\\\/el-ayuntamiento-de-pamplona-amplia-este-fin-de-semana-los-horarios-de-cierre-de-establecimientos-en-el-casco-antiguo-con-motivo-de-las-fiestas-de-san-fermin-de-aldapa\\\/\"},\"wordCount\":258,\"commentCount\":0,\"publisher\":{\"@id\":\"https:\\\/\\\/www.laguiadepamplona.com\\\/actualidad\\\/#organization\"},\"image\":{\"@id\":\"https:\\\/\\\/www.laguiadepamplona.com\\\/actualidad\\\/el-ayuntamiento-de-pamplona-amplia-este-fin-de-semana-los-horarios-de-cierre-de-establecimientos-en-el-casco-antiguo-con-motivo-de-las-fiestas-de-san-fermin-de-aldapa\\\/#primaryimage\"},\"thumbnailUrl\":\"https:\\\/\\\/www.laguiadepamplona.com\\\/actualidad\\\/wp-content\\\/uploads\\\/2024\\\/09\\\/horarios-bares-San-Fermin-de-Aldapa_web.webp\",\"articleSection\":[\"Ayto Pamplona\"],\"inLanguage\":\"es\",\"potentialAction\":[{\"@type\":\"CommentAction\",\"name\":\"Comment\",\"target\":[\"https:\\\/\\\/www.laguiadepamplona.com\\\/actualidad\\\/el-ayuntamiento-de-pamplona-amplia-este-fin-de-semana-los-horarios-de-cierre-de-establecimientos-en-el-casco-antiguo-con-motivo-de-las-fiestas-de-san-fermin-de-aldapa\\\/#respond\"]}]},{\"@type\":\"WebPage\",\"@id\":\"https:\\\/\\\/www.laguiadepamplona.com\\\/actualidad\\\/el-ayuntamiento-de-pamplona-amplia-este-fin-de-semana-los-horarios-de-cierre-de-establecimientos-en-el-casco-antiguo-con-motivo-de-las-fiestas-de-san-fermin-de-aldapa\\\/\",\"url\":\"https:\\\/\\\/www.laguiadepamplona.com\\\/actualidad\\\/el-ayuntamiento-de-pamplona-amplia-este-fin-de-semana-los-horarios-de-cierre-de-establecimientos-en-el-casco-antiguo-con-motivo-de-las-fiestas-de-san-fermin-de-aldapa\\\/\",\"name\":\"El Ayuntamiento de Pamplona ampl\u00eda este fin de semana los horarios de cierre de establecimientos en el Casco Antiguo con motivo de las fiestas de San Ferm\u00edn de Aldapa\",\"isPartOf\":{\"@id\":\"https:\\\/\\\/www.laguiadepamplona.com\\\/actualidad\\\/#website\"},\"primaryImageOfPage\":{\"@id\":\"https:\\\/\\\/www.laguiadepamplona.com\\\/actualidad\\\/el-ayuntamiento-de-pamplona-amplia-este-fin-de-semana-los-horarios-de-cierre-de-establecimientos-en-el-casco-antiguo-con-motivo-de-las-fiestas-de-san-fermin-de-aldapa\\\/#primaryimage\"},\"image\":{\"@id\":\"https:\\\/\\\/www.laguiadepamplona.com\\\/actualidad\\\/el-ayuntamiento-de-pamplona-amplia-este-fin-de-semana-los-horarios-de-cierre-de-establecimientos-en-el-casco-antiguo-con-motivo-de-las-fiestas-de-san-fermin-de-aldapa\\\/#primaryimage\"},\"thumbnailUrl\":\"https:\\\/\\\/www.laguiadepamplona.com\\\/actualidad\\\/wp-content\\\/uploads\\\/2024\\\/09\\\/horarios-bares-San-Fermin-de-Aldapa_web.webp\",\"datePublished\":\"2024-09-18T09:03:23+00:00\",\"description\":\"Bares, cafeter\u00edas y restaurantes podr\u00e1n cerrar a las 4.30 horas, bares especiales a las 6 y discotecas a las 7 horas\",\"breadcrumb\":{\"@id\":\"https:\\\/\\\/www.laguiadepamplona.com\\\/actualidad\\\/el-ayuntamiento-de-pamplona-amplia-este-fin-de-semana-los-horarios-de-cierre-de-establecimientos-en-el-casco-antiguo-con-motivo-de-las-fiestas-de-san-fermin-de-aldapa\\\/#breadcrumb\"},\"inLanguage\":\"es\",\"potentialAction\":[{\"@type\":\"ReadAction\",\"target\":[\"https:\\\/\\\/www.laguiadepamplona.com\\\/actualidad\\\/el-ayuntamiento-de-pamplona-amplia-este-fin-de-semana-los-horarios-de-cierre-de-establecimientos-en-el-casco-antiguo-con-motivo-de-las-fiestas-de-san-fermin-de-aldapa\\\/\"]}]},{\"@type\":\"ImageObject\",\"inLanguage\":\"es\",\"@id\":\"https:\\\/\\\/www.laguiadepamplona.com\\\/actualidad\\\/el-ayuntamiento-de-pamplona-amplia-este-fin-de-semana-los-horarios-de-cierre-de-establecimientos-en-el-casco-antiguo-con-motivo-de-las-fiestas-de-san-fermin-de-aldapa\\\/#primaryimage\",\"url\":\"https:\\\/\\\/www.laguiadepamplona.com\\\/actualidad\\\/wp-content\\\/uploads\\\/2024\\\/09\\\/horarios-bares-San-Fermin-de-Aldapa_web.webp\",\"contentUrl\":\"https:\\\/\\\/www.laguiadepamplona.com\\\/actualidad\\\/wp-content\\\/uploads\\\/2024\\\/09\\\/horarios-bares-San-Fermin-de-Aldapa_web.webp\",\"width\":1000,\"height\":667,\"caption\":\"horarios bares san ferm\u00edn aldapa\"},{\"@type\":\"BreadcrumbList\",\"@id\":\"https:\\\/\\\/www.laguiadepamplona.com\\\/actualidad\\\/el-ayuntamiento-de-pamplona-amplia-este-fin-de-semana-los-horarios-de-cierre-de-establecimientos-en-el-casco-antiguo-con-motivo-de-las-fiestas-de-san-fermin-de-aldapa\\\/#breadcrumb\",\"itemListElement\":[{\"@type\":\"ListItem\",\"position\":1,\"name\":\"Portada\",\"item\":\"https:\\\/\\\/www.laguiadepamplona.com\\\/actualidad\\\/\"},{\"@type\":\"ListItem\",\"position\":2,\"name\":\"El Ayuntamiento de Pamplona ampl\u00eda este fin de semana los horarios de cierre de establecimientos en el Casco Antiguo con motivo de las fiestas de San Ferm\u00edn de Aldapa\"}]},{\"@type\":\"WebSite\",\"@id\":\"https:\\\/\\\/www.laguiadepamplona.com\\\/actualidad\\\/#website\",\"url\":\"https:\\\/\\\/www.laguiadepamplona.com\\\/actualidad\\\/\",\"name\":\"La gu\u00eda de Pamplona\",\"description\":\"Noticias de Pamplona\",\"publisher\":{\"@id\":\"https:\\\/\\\/www.laguiadepamplona.com\\\/actualidad\\\/#organization\"},\"potentialAction\":[{\"@type\":\"SearchAction\",\"target\":{\"@type\":\"EntryPoint\",\"urlTemplate\":\"https:\\\/\\\/www.laguiadepamplona.com\\\/actualidad\\\/?s={search_term_string}\"},\"query-input\":{\"@type\":\"PropertyValueSpecification\",\"valueRequired\":true,\"valueName\":\"search_term_string\"}}],\"inLanguage\":\"es\"},{\"@type\":\"Organization\",\"@id\":\"https:\\\/\\\/www.laguiadepamplona.com\\\/actualidad\\\/#organization\",\"name\":\"La Gu\u00eda de Pamplona \\\/ Noticias\",\"url\":\"https:\\\/\\\/www.laguiadepamplona.com\\\/actualidad\\\/\",\"logo\":{\"@type\":\"ImageObject\",\"inLanguage\":\"es\",\"@id\":\"https:\\\/\\\/www.laguiadepamplona.com\\\/actualidad\\\/#\\\/schema\\\/logo\\\/image\\\/\",\"url\":\"https:\\\/\\\/www.laguiadepamplona.com\\\/actualidad\\\/wp-content\\\/uploads\\\/2018\\\/11\\\/logo-laguiadepamplona18-web1.png\",\"contentUrl\":\"https:\\\/\\\/www.laguiadepamplona.com\\\/actualidad\\\/wp-content\\\/uploads\\\/2018\\\/11\\\/logo-laguiadepamplona18-web1.png\",\"width\":600,\"height\":196,\"caption\":\"La Gu\u00eda de Pamplona \\\/ Noticias\"},\"image\":{\"@id\":\"https:\\\/\\\/www.laguiadepamplona.com\\\/actualidad\\\/#\\\/schema\\\/logo\\\/image\\\/\"},\"sameAs\":[\"https:\\\/\\\/www.facebook.com\\\/laguiadepamplonacom-133175176762273\\\/?ref=hl\",\"https:\\\/\\\/x.com\\\/LaGuiadPamplona\",\"https:\\\/\\\/www.instagram.com\\\/la_guia_de_pamplona\\\/\",\"https:\\\/\\\/www.youtube.com\\\/user\\\/laguiadepamplona\"]},{\"@type\":\"Person\",\"@id\":\"https:\\\/\\\/www.laguiadepamplona.com\\\/actualidad\\\/#\\\/schema\\\/person\\\/efe887376f0213d4657c93adc50b1fdb\",\"name\":\"La Gu\u00eda de Pamplona\",\"image\":{\"@type\":\"ImageObject\",\"inLanguage\":\"es\",\"@id\":\"https:\\\/\\\/secure.gravatar.com\\\/avatar\\\/b6992f131dc8d30ab0dff15446e9d346d9dbd95992de0fef795073f5ea83a81c?s=96&d=mm&r=g\",\"url\":\"https:\\\/\\\/secure.gravatar.com\\\/avatar\\\/b6992f131dc8d30ab0dff15446e9d346d9dbd95992de0fef795073f5ea83a81c?s=96&d=mm&r=g\",\"contentUrl\":\"https:\\\/\\\/secure.gravatar.com\\\/avatar\\\/b6992f131dc8d30ab0dff15446e9d346d9dbd95992de0fef795073f5ea83a81c?s=96&d=mm&r=g\",\"caption\":\"La Gu\u00eda de Pamplona\"}}]}<\/script>\n<!-- \/ Yoast SEO plugin. -->","yoast_head_json":{"title":"El Ayuntamiento de Pamplona ampl\u00eda este fin de semana los horarios de cierre de establecimientos en el Casco Antiguo con motivo de las fiestas de San Ferm\u00edn de Aldapa","description":"Bares, cafeter\u00edas y restaurantes podr\u00e1n cerrar a las 4.30 horas, bares especiales a las 6 y discotecas a las 7 horas","robots":{"index":"index","follow":"follow","max-snippet":"max-snippet:-1","max-image-preview":"max-image-preview:large","max-video-preview":"max-video-preview:-1"},"canonical":"https:\/\/www.laguiadepamplona.com\/actualidad\/el-ayuntamiento-de-pamplona-amplia-este-fin-de-semana-los-horarios-de-cierre-de-establecimientos-en-el-casco-antiguo-con-motivo-de-las-fiestas-de-san-fermin-de-aldapa\/","og_locale":"es_ES","og_type":"article","og_title":"El Ayuntamiento de Pamplona ampl\u00eda este fin de semana los horarios de cierre de establecimientos en el Casco Antiguo con motivo de las fiestas de San Ferm\u00edn de Aldapa","og_description":"Bares, cafeter\u00edas y restaurantes podr\u00e1n cerrar a las 4.30 horas, bares especiales a las 6 y discotecas a las 7 horas","og_url":"https:\/\/www.laguiadepamplona.com\/actualidad\/el-ayuntamiento-de-pamplona-amplia-este-fin-de-semana-los-horarios-de-cierre-de-establecimientos-en-el-casco-antiguo-con-motivo-de-las-fiestas-de-san-fermin-de-aldapa\/","og_site_name":"La Gu\u00eda de Pamplona","article_publisher":"https:\/\/www.facebook.com\/laguiadepamplonacom-133175176762273\/?ref=hl","article_published_time":"2024-09-18T09:03:23+00:00","og_image":[{"width":1000,"height":667,"url":"https:\/\/www.laguiadepamplona.com\/actualidad\/wp-content\/uploads\/2024\/09\/horarios-bares-San-Fermin-de-Aldapa_web.webp","type":"image\/webp"}],"author":"La Gu\u00eda de Pamplona","twitter_card":"summary_large_image","twitter_creator":"@LaGuiadPamplona","twitter_site":"@LaGuiadPamplona","twitter_misc":{"Escrito por":"La Gu\u00eda de Pamplona","Tiempo de lectura":"2 minutos"},"schema":{"@context":"https:\/\/schema.org","@graph":[{"@type":"Article","@id":"https:\/\/www.laguiadepamplona.com\/actualidad\/el-ayuntamiento-de-pamplona-amplia-este-fin-de-semana-los-horarios-de-cierre-de-establecimientos-en-el-casco-antiguo-con-motivo-de-las-fiestas-de-san-fermin-de-aldapa\/#article","isPartOf":{"@id":"https:\/\/www.laguiadepamplona.com\/actualidad\/el-ayuntamiento-de-pamplona-amplia-este-fin-de-semana-los-horarios-de-cierre-de-establecimientos-en-el-casco-antiguo-con-motivo-de-las-fiestas-de-san-fermin-de-aldapa\/"},"author":{"name":"La Gu\u00eda de Pamplona","@id":"https:\/\/www.laguiadepamplona.com\/actualidad\/#\/schema\/person\/efe887376f0213d4657c93adc50b1fdb"},"headline":"El Ayuntamiento de Pamplona ampl\u00eda este fin de semana los horarios de cierre de establecimientos en el Casco Antiguo con motivo de las fiestas de San Ferm\u00edn de Aldapa","datePublished":"2024-09-18T09:03:23+00:00","mainEntityOfPage":{"@id":"https:\/\/www.laguiadepamplona.com\/actualidad\/el-ayuntamiento-de-pamplona-amplia-este-fin-de-semana-los-horarios-de-cierre-de-establecimientos-en-el-casco-antiguo-con-motivo-de-las-fiestas-de-san-fermin-de-aldapa\/"},"wordCount":258,"commentCount":0,"publisher":{"@id":"https:\/\/www.laguiadepamplona.com\/actualidad\/#organization"},"image":{"@id":"https:\/\/www.laguiadepamplona.com\/actualidad\/el-ayuntamiento-de-pamplona-amplia-este-fin-de-semana-los-horarios-de-cierre-de-establecimientos-en-el-casco-antiguo-con-motivo-de-las-fiestas-de-san-fermin-de-aldapa\/#primaryimage"},"thumbnailUrl":"https:\/\/www.laguiadepamplona.com\/actualidad\/wp-content\/uploads\/2024\/09\/horarios-bares-San-Fermin-de-Aldapa_web.webp","articleSection":["Ayto Pamplona"],"inLanguage":"es","potentialAction":[{"@type":"CommentAction","name":"Comment","target":["https:\/\/www.laguiadepamplona.com\/actualidad\/el-ayuntamiento-de-pamplona-amplia-este-fin-de-semana-los-horarios-de-cierre-de-establecimientos-en-el-casco-antiguo-con-motivo-de-las-fiestas-de-san-fermin-de-aldapa\/#respond"]}]},{"@type":"WebPage","@id":"https:\/\/www.laguiadepamplona.com\/actualidad\/el-ayuntamiento-de-pamplona-amplia-este-fin-de-semana-los-horarios-de-cierre-de-establecimientos-en-el-casco-antiguo-con-motivo-de-las-fiestas-de-san-fermin-de-aldapa\/","url":"https:\/\/www.laguiadepamplona.com\/actualidad\/el-ayuntamiento-de-pamplona-amplia-este-fin-de-semana-los-horarios-de-cierre-de-establecimientos-en-el-casco-antiguo-con-motivo-de-las-fiestas-de-san-fermin-de-aldapa\/","name":"El Ayuntamiento de Pamplona ampl\u00eda este fin de semana los horarios de cierre de establecimientos en el Casco Antiguo con motivo de las fiestas de San Ferm\u00edn de Aldapa","isPartOf":{"@id":"https:\/\/www.laguiadepamplona.com\/actualidad\/#website"},"primaryImageOfPage":{"@id":"https:\/\/www.laguiadepamplona.com\/actualidad\/el-ayuntamiento-de-pamplona-amplia-este-fin-de-semana-los-horarios-de-cierre-de-establecimientos-en-el-casco-antiguo-con-motivo-de-las-fiestas-de-san-fermin-de-aldapa\/#primaryimage"},"image":{"@id":"https:\/\/www.laguiadepamplona.com\/actualidad\/el-ayuntamiento-de-pamplona-amplia-este-fin-de-semana-los-horarios-de-cierre-de-establecimientos-en-el-casco-antiguo-con-motivo-de-las-fiestas-de-san-fermin-de-aldapa\/#primaryimage"},"thumbnailUrl":"https:\/\/www.laguiadepamplona.com\/actualidad\/wp-content\/uploads\/2024\/09\/horarios-bares-San-Fermin-de-Aldapa_web.webp","datePublished":"2024-09-18T09:03:23+00:00","description":"Bares, cafeter\u00edas y restaurantes podr\u00e1n cerrar a las 4.30 horas, bares especiales a las 6 y discotecas a las 7 horas","breadcrumb":{"@id":"https:\/\/www.laguiadepamplona.com\/actualidad\/el-ayuntamiento-de-pamplona-amplia-este-fin-de-semana-los-horarios-de-cierre-de-establecimientos-en-el-casco-antiguo-con-motivo-de-las-fiestas-de-san-fermin-de-aldapa\/#breadcrumb"},"inLanguage":"es","potentialAction":[{"@type":"ReadAction","target":["https:\/\/www.laguiadepamplona.com\/actualidad\/el-ayuntamiento-de-pamplona-amplia-este-fin-de-semana-los-horarios-de-cierre-de-establecimientos-en-el-casco-antiguo-con-motivo-de-las-fiestas-de-san-fermin-de-aldapa\/"]}]},{"@type":"ImageObject","inLanguage":"es","@id":"https:\/\/www.laguiadepamplona.com\/actualidad\/el-ayuntamiento-de-pamplona-amplia-este-fin-de-semana-los-horarios-de-cierre-de-establecimientos-en-el-casco-antiguo-con-motivo-de-las-fiestas-de-san-fermin-de-aldapa\/#primaryimage","url":"https:\/\/www.laguiadepamplona.com\/actualidad\/wp-content\/uploads\/2024\/09\/horarios-bares-San-Fermin-de-Aldapa_web.webp","contentUrl":"https:\/\/www.laguiadepamplona.com\/actualidad\/wp-content\/uploads\/2024\/09\/horarios-bares-San-Fermin-de-Aldapa_web.webp","width":1000,"height":667,"caption":"horarios bares san ferm\u00edn aldapa"},{"@type":"BreadcrumbList","@id":"https:\/\/www.laguiadepamplona.com\/actualidad\/el-ayuntamiento-de-pamplona-amplia-este-fin-de-semana-los-horarios-de-cierre-de-establecimientos-en-el-casco-antiguo-con-motivo-de-las-fiestas-de-san-fermin-de-aldapa\/#breadcrumb","itemListElement":[{"@type":"ListItem","position":1,"name":"Portada","item":"https:\/\/www.laguiadepamplona.com\/actualidad\/"},{"@type":"ListItem","position":2,"name":"El Ayuntamiento de Pamplona ampl\u00eda este fin de semana los horarios de cierre de establecimientos en el Casco Antiguo con motivo de las fiestas de San Ferm\u00edn de Aldapa"}]},{"@type":"WebSite","@id":"https:\/\/www.laguiadepamplona.com\/actualidad\/#website","url":"https:\/\/www.laguiadepamplona.com\/actualidad\/","name":"La gu\u00eda de Pamplona","description":"Noticias de Pamplona","publisher":{"@id":"https:\/\/www.laguiadepamplona.com\/actualidad\/#organization"},"potentialAction":[{"@type":"SearchAction","target":{"@type":"EntryPoint","urlTemplate":"https:\/\/www.laguiadepamplona.com\/actualidad\/?s={search_term_string}"},"query-input":{"@type":"PropertyValueSpecification","valueRequired":true,"valueName":"search_term_string"}}],"inLanguage":"es"},{"@type":"Organization","@id":"https:\/\/www.laguiadepamplona.com\/actualidad\/#organization","name":"La Gu\u00eda de Pamplona \/ Noticias","url":"https:\/\/www.laguiadepamplona.com\/actualidad\/","logo":{"@type":"ImageObject","inLanguage":"es","@id":"https:\/\/www.laguiadepamplona.com\/actualidad\/#\/schema\/logo\/image\/","url":"https:\/\/www.laguiadepamplona.com\/actualidad\/wp-content\/uploads\/2018\/11\/logo-laguiadepamplona18-web1.png","contentUrl":"https:\/\/www.laguiadepamplona.com\/actualidad\/wp-content\/uploads\/2018\/11\/logo-laguiadepamplona18-web1.png","width":600,"height":196,"caption":"La Gu\u00eda de Pamplona \/ Noticias"},"image":{"@id":"https:\/\/www.laguiadepamplona.com\/actualidad\/#\/schema\/logo\/image\/"},"sameAs":["https:\/\/www.facebook.com\/laguiadepamplonacom-133175176762273\/?ref=hl","https:\/\/x.com\/LaGuiadPamplona","https:\/\/www.instagram.com\/la_guia_de_pamplona\/","https:\/\/www.youtube.com\/user\/laguiadepamplona"]},{"@type":"Person","@id":"https:\/\/www.laguiadepamplona.com\/actualidad\/#\/schema\/person\/efe887376f0213d4657c93adc50b1fdb","name":"La Gu\u00eda de Pamplona","image":{"@type":"ImageObject","inLanguage":"es","@id":"https:\/\/secure.gravatar.com\/avatar\/b6992f131dc8d30ab0dff15446e9d346d9dbd95992de0fef795073f5ea83a81c?s=96&d=mm&r=g","url":"https:\/\/secure.gravatar.com\/avatar\/b6992f131dc8d30ab0dff15446e9d346d9dbd95992de0fef795073f5ea83a81c?s=96&d=mm&r=g","contentUrl":"https:\/\/secure.gravatar.com\/avatar\/b6992f131dc8d30ab0dff15446e9d346d9dbd95992de0fef795073f5ea83a81c?s=96&d=mm&r=g","caption":"La Gu\u00eda de Pamplona"}}]}},"post_mailing_queue_ids":[],"_links":{"self":[{"href":"https:\/\/www.laguiadepamplona.com\/actualidad\/wp-json\/wp\/v2\/posts\/50729","targetHints":{"allow":["GET"]}}],"collection":[{"href":"https:\/\/www.laguiadepamplona.com\/actualidad\/wp-json\/wp\/v2\/posts"}],"about":[{"href":"https:\/\/www.laguiadepamplona.com\/actualidad\/wp-json\/wp\/v2\/types\/post"}],"author":[{"embeddable":true,"href":"https:\/\/www.laguiadepamplona.com\/actualidad\/wp-json\/wp\/v2\/users\/1"}],"replies":[{"embeddable":true,"href":"https:\/\/www.laguiadepamplona.com\/actualidad\/wp-json\/wp\/v2\/comments?post=50729"}],"version-history":[{"count":1,"href":"https:\/\/www.laguiadepamplona.com\/actualidad\/wp-json\/wp\/v2\/posts\/50729\/revisions"}],"predecessor-version":[{"id":50731,"href":"https:\/\/www.laguiadepamplona.com\/actualidad\/wp-json\/wp\/v2\/posts\/50729\/revisions\/50731"}],"wp:featuredmedia":[{"embeddable":true,"href":"https:\/\/www.laguiadepamplona.com\/actualidad\/wp-json\/wp\/v2\/media\/50730"}],"wp:attachment":[{"href":"https:\/\/www.laguiadepamplona.com\/actualidad\/wp-json\/wp\/v2\/media?parent=50729"}],"wp:term":[{"taxonomy":"category","embeddable":true,"href":"https:\/\/www.laguiadepamplona.com\/actualidad\/wp-json\/wp\/v2\/categories?post=50729"},{"taxonomy":"post_tag","embeddable":true,"href":"https:\/\/www.laguiadepamplona.com\/actualidad\/wp-json\/wp\/v2\/tags?post=50729"}],"curies":[{"name":"wp","href":"https:\/\/api.w.org\/{rel}","templated":true}]}}