{"id":50720,"date":"2024-09-18T10:58:53","date_gmt":"2024-09-18T08:58:53","guid":{"rendered":"https:\/\/www.laguiadepamplona.com\/actualidad\/?p=50720"},"modified":"2024-09-18T10:58:53","modified_gmt":"2024-09-18T08:58:53","slug":"la-oficina-verde-del-barrio-de-milagrosa-arranca-como-punto-de-informacion-y-ventanilla-unica-para-tramites-de-rehabilitacion-y-asesoria-energetica","status":"publish","type":"post","link":"https:\/\/www.laguiadepamplona.com\/actualidad\/la-oficina-verde-del-barrio-de-milagrosa-arranca-como-punto-de-informacion-y-ventanilla-unica-para-tramites-de-rehabilitacion-y-asesoria-energetica\/","title":{"rendered":"La Oficina Verde del barrio de Milagrosa arranca como punto de informaci\u00f3n y ventanilla \u00fanica para tr\u00e1mites de rehabilitaci\u00f3n y asesor\u00eda energ\u00e9tica"},"content":{"rendered":"<h2>Esta tarde se realizar\u00e1 una jornada informativa para el vecindario y se presentar\u00e1 su imagen identificativa<\/h2>\n<p><!--more--><\/p>\n<p>La Oficina Verde del barrio de Milagrosa echa a andar los pr\u00f3ximos d\u00edas, con el objetivo de convertirse en un espacio de referencia para el vecindario en materia de eficiencia energ\u00e9tica y rehabilitaci\u00f3n. La nueva oficina, ubicada en la calle Manuel de Falla n\u00famero 2, ofrecer\u00e1 atenci\u00f3n personalizada y asesoramiento, tanto individual como para comunidades de vecinos que est\u00e9n interesados en llevar a cabo actuaciones encaminadas a mejorar su inmueble y los consumos energ\u00e9ticos.<\/p>\n<p>Los miembros del Consejo de Gerencia de Urbanismo y de la Comisi\u00f3n de Urbanismo han visitado esta ma\u00f1ana las nuevas instalaciones, desde las que se quiere abordar tres aspectos clave en el desarrollo de los barrios, en particular, y de la ciudad, en general. Se trata de la rehabilitaci\u00f3n de inmuebles, la regeneraci\u00f3n urbana y la transici\u00f3n energ\u00e9tica. Precisamente partiendo esa idea, se ha dise\u00f1ado una imagen que distinga e identifique la Red de Oficinas Verdes, de la que la Milagrosa es la primera. Esta imagen, compuesta por tres casas superpuestas, refleja la red de oficinas verdes por su uso de tonos verdes, no solo por tratarse del color corporativo del Ayuntamiento, sino tambi\u00e9n porque evoca sostenibilidad y eficiencia energ\u00e9tica. La forma de casa simboliza la rehabilitaci\u00f3n de viviendas y regeneraci\u00f3n urbana, mientras que las capas en expansi\u00f3n representan el crecimiento de una red que impacta tanto en los hogares como en el entorno. As\u00ed, el dise\u00f1o transmite de forma clara los valores de sostenibilidad, regeneraci\u00f3n y mejora comunitaria de las oficinas.<\/p>\n<p>En la Oficina Verde se ofrecer\u00e1 asesoramiento y acompa\u00f1amiento. Pero, adem\u00e1s, este espacio se convertir\u00e1 en una \u2018ventanilla \u00fanica\u2019 para la gesti\u00f3n de consultas y tr\u00e1mites, tanto individuales como colectivos, siempre en materia de vivienda. Adem\u00e1s, desde aqu\u00ed se informar\u00e1, de forma actualizada y rigurosa, sobre las subvenciones locales, regionales y estatales disponibles en cada momento en lo que ha rehabilitaci\u00f3n y eficiencia energ\u00e9tica se refiere.<\/p>\n<p>Otra de las labores de esta oficina ser\u00e1 el impulso de nuevas comunidades energ\u00e9ticas, que permitir\u00e1n a la ciudadan\u00eda unirse para obtener energ\u00eda de forma conjunta. Se trata de entidades sin \u00e1nimo de lucro, que promueve proyectos energ\u00e9ticos, como por ejemplo producci\u00f3n de energ\u00edas renovables a peque\u00f1a escala, movilidad compartida, recarga de veh\u00edculos el\u00e9ctricos, cuyo objetivo principal es ofrecer beneficios medioambientales, econ\u00f3micos y sociales a las personas asociadas y al barrio donde desarrolla su actividad.<\/p>\n<p>Este nuevo servicio atender\u00e1 al p\u00fablico en materia de rehabilitaci\u00f3n y regeneraci\u00f3n urbana de forma presencial de lunes a viernes de 9 a 14 horas. Y en materia energ\u00e9tica, la atenci\u00f3n ser\u00e1, presencialmente, los martes de 10 a 13 horas y de 18 a 20 horas, y de manera telem\u00e1tica (email y tel\u00e9fono) de lunes a viernes de 9 a 14 horas. La direcci\u00f3n de correo electr\u00f3nico habilitada para tal fin es <a href=\"mailto:agencia.energetica@pamplona.es\">agencia.energetica@pamplona.es<\/a> y el tel\u00e9fono de contacto el 948420991.<\/p>\n<p>El equipo de las oficinas verdes est\u00e1 formado por <strong>arquitectas e ingenieros<\/strong> con el fin de apoyar en la toma de decisiones de car\u00e1cter t\u00e9cnico y constructivo, y de asesorar administrativa y jur\u00eddicamente sobre diferentes procedimientos como toma de acuerdos, contrataci\u00f3n y gesti\u00f3n de subvenciones.<\/p>\n<p>El Ayuntamiento de Pamplona ha invertido un total de 366.315 euros en la puesta en marcha de esta oficina en el barrio de Milagrosa. La mayor partida corresponde a la compra y las obras en el local, cuyo importe conjunto supera los 340.000 euros.<\/p>\n<p>Junto a la Oficina Verde de Milagrosa, el Consistorio ha puesto en marcha otra Oficina Verde en Rochapea, al abrigo del proyecto europeo OpenLab. De hecho, esta segunda oficina, ubicada en el Museo de Educaci\u00f3n Ambiental en el Antiguo Monasterio de San Pedro, no ha necesitado inversi\u00f3n para adecuar espacios, sino que \u00fanicamente ha requerido invertir en la contrataci\u00f3n del personal t\u00e9cnico que, a su vez, est\u00e1 financiado \u00edntegramente por dicho proyecto europeo.<\/p>\n<p>La red de Oficinas Verdes de Pamplona expande la l\u00ednea de trabajo realizado en colaboraci\u00f3n con la oficina de Nasuvinsa en la Txantrea dentro del proyecto Efidistrict y la tradicional tarea en este \u00e1mbito que se impulsa desde la Oficina de Rehabilitaci\u00f3n de Pamplona (ORVE).<\/p>\n<p><strong>Jornadas de presentaci\u00f3n, en la Casa de la Juventud<\/strong><\/p>\n<p>Para dar a conocer este servicio a la ciudadan\u00eda, esta tarde, a las 17.30 horas, la Casa de la Juventud acoger\u00e1 una jornada de presentaci\u00f3n abierta al p\u00fablico. En ella, participar\u00e1n, adem\u00e1s del concejal de Gobierno Estrat\u00e9gico, Urbanismo, Vivienda y Agenda 2030, Joxe Abaurrea, varios t\u00e9cnicos de rehabilitaci\u00f3n y eficiencia energ\u00e9tica. Adem\u00e1s, se dar\u00e1n a conocer varios ejemplos de regeneraci\u00f3n urbana y de comunidades energ\u00e9ticas.<\/p>\n<p>El pr\u00f3ximo mi\u00e9rcoles, d\u00eda 25, se realizar\u00e1 otra jornada de presentaci\u00f3n para la Oficina Verde de Rochapea, que tendr\u00e1 lugar a la misma hora en el Museo de Educaci\u00f3n Ambiental.<\/p>\n<p>&nbsp;<\/p>\n<h3>Jornada de Presentaci\u00f3n de la Oficina Verde de Milagrosa<\/h3>\n<ul>\n<li>D\u00eda: Mi\u00e9rcoles 18 de septiembre<\/li>\n<li>Lugar: Casa de la Juventud (calle Sang\u00fcesa, 30)<\/li>\n<li>Hora: 17.30<\/li>\n<li>Programa\n<ul>\n<li>A las 17.30 horas. Apertura por parte del concejal de Gobierno Estrat\u00e9gico, Urbanismo, Vivienda y Agenda 2030, Joxe Abaurrea San Juan<\/li>\n<li>A las 17:40 horas. Presentaci\u00f3n de los servicios de las oficinas de barrio de Pamplona<\/li>\n<li>A las 17:50 horas. Presentaci\u00f3n de la oficina de barrio de Milagrosa<\/li>\n<li>A las 18:05 horas. Marco de apoyo a la rehabilitaci\u00f3n energ\u00e9tica de barrio<\/li>\n<li>A las 18:35 horas. Coloquio sobre casos de \u00e9xito de rehabilitaciones energ\u00e9ticas de barrio<\/li>\n<li>A las 19:15 horas. Clausura<\/li>\n<\/ul>\n<\/li>\n<li>Tras la jornada se realizar\u00e1 una visita a la Oficina Verde de Milagrosa<\/li>\n<\/ul>\n","protected":false},"excerpt":{"rendered":"<p>Esta tarde se realizar\u00e1 una jornada informativa para el vecindario y se presentar\u00e1 su imagen identificativa<\/p>\n","protected":false},"author":1,"featured_media":50721,"comment_status":"open","ping_status":"closed","sticky":false,"template":"","format":"standard","meta":{"footnotes":""},"categories":[2],"tags":[],"class_list":["post-50720","post","type-post","status-publish","format-standard","has-post-thumbnail","hentry","category-ayuntamiento-pamplona"],"yoast_head":"<!-- This site is optimized with the Yoast SEO plugin v27.3 - https:\/\/yoast.com\/product\/yoast-seo-wordpress\/ -->\n<title>La Oficina Verde del barrio de Milagrosa arranca como punto de informaci\u00f3n y ventanilla \u00fanica para tr\u00e1mites de rehabilitaci\u00f3n y asesor\u00eda energ\u00e9tica<\/title>\n<meta name=\"description\" content=\"Esta tarde se realizar\u00e1 una jornada informativa para el vecindario y se presentar\u00e1 su imagen identificativa\" \/>\n<meta name=\"robots\" content=\"index, follow, max-snippet:-1, max-image-preview:large, max-video-preview:-1\" \/>\n<link rel=\"canonical\" href=\"https:\/\/www.laguiadepamplona.com\/actualidad\/la-oficina-verde-del-barrio-de-milagrosa-arranca-como-punto-de-informacion-y-ventanilla-unica-para-tramites-de-rehabilitacion-y-asesoria-energetica\/\" \/>\n<meta property=\"og:locale\" content=\"es_ES\" \/>\n<meta property=\"og:type\" content=\"article\" \/>\n<meta property=\"og:title\" content=\"La Oficina Verde del barrio de Milagrosa arranca como punto de informaci\u00f3n y ventanilla \u00fanica para tr\u00e1mites de rehabilitaci\u00f3n y asesor\u00eda energ\u00e9tica\" \/>\n<meta property=\"og:description\" content=\"Esta tarde se realizar\u00e1 una jornada informativa para el vecindario y se presentar\u00e1 su imagen identificativa\" \/>\n<meta property=\"og:url\" content=\"https:\/\/www.laguiadepamplona.com\/actualidad\/la-oficina-verde-del-barrio-de-milagrosa-arranca-como-punto-de-informacion-y-ventanilla-unica-para-tramites-de-rehabilitacion-y-asesoria-energetica\/\" \/>\n<meta property=\"og:site_name\" content=\"La Gu\u00eda de Pamplona\" \/>\n<meta property=\"article:publisher\" content=\"https:\/\/www.facebook.com\/laguiadepamplonacom-133175176762273\/?ref=hl\" \/>\n<meta property=\"article:published_time\" content=\"2024-09-18T08:58:53+00:00\" \/>\n<meta property=\"og:image\" content=\"https:\/\/www.laguiadepamplona.com\/actualidad\/wp-content\/uploads\/2024\/09\/visitaoficinaverdemilagrosa1.webp\" \/>\n\t<meta property=\"og:image:width\" content=\"1000\" \/>\n\t<meta property=\"og:image:height\" content=\"666\" \/>\n\t<meta property=\"og:image:type\" content=\"image\/webp\" \/>\n<meta name=\"author\" content=\"La Gu\u00eda de Pamplona\" \/>\n<meta name=\"twitter:card\" content=\"summary_large_image\" \/>\n<meta name=\"twitter:creator\" content=\"@LaGuiadPamplona\" \/>\n<meta name=\"twitter:site\" content=\"@LaGuiadPamplona\" \/>\n<meta name=\"twitter:label1\" content=\"Escrito por\" \/>\n\t<meta name=\"twitter:data1\" content=\"La Gu\u00eda de Pamplona\" \/>\n\t<meta name=\"twitter:label2\" content=\"Tiempo de lectura\" \/>\n\t<meta name=\"twitter:data2\" content=\"5 minutos\" \/>\n<script type=\"application\/ld+json\" class=\"yoast-schema-graph\">{\"@context\":\"https:\\\/\\\/schema.org\",\"@graph\":[{\"@type\":\"Article\",\"@id\":\"https:\\\/\\\/www.laguiadepamplona.com\\\/actualidad\\\/la-oficina-verde-del-barrio-de-milagrosa-arranca-como-punto-de-informacion-y-ventanilla-unica-para-tramites-de-rehabilitacion-y-asesoria-energetica\\\/#article\",\"isPartOf\":{\"@id\":\"https:\\\/\\\/www.laguiadepamplona.com\\\/actualidad\\\/la-oficina-verde-del-barrio-de-milagrosa-arranca-como-punto-de-informacion-y-ventanilla-unica-para-tramites-de-rehabilitacion-y-asesoria-energetica\\\/\"},\"author\":{\"name\":\"La Gu\u00eda de Pamplona\",\"@id\":\"https:\\\/\\\/www.laguiadepamplona.com\\\/actualidad\\\/#\\\/schema\\\/person\\\/efe887376f0213d4657c93adc50b1fdb\"},\"headline\":\"La Oficina Verde del barrio de Milagrosa arranca como punto de informaci\u00f3n y ventanilla \u00fanica para tr\u00e1mites de rehabilitaci\u00f3n y asesor\u00eda energ\u00e9tica\",\"datePublished\":\"2024-09-18T08:58:53+00:00\",\"mainEntityOfPage\":{\"@id\":\"https:\\\/\\\/www.laguiadepamplona.com\\\/actualidad\\\/la-oficina-verde-del-barrio-de-milagrosa-arranca-como-punto-de-informacion-y-ventanilla-unica-para-tramites-de-rehabilitacion-y-asesoria-energetica\\\/\"},\"wordCount\":1009,\"commentCount\":0,\"publisher\":{\"@id\":\"https:\\\/\\\/www.laguiadepamplona.com\\\/actualidad\\\/#organization\"},\"image\":{\"@id\":\"https:\\\/\\\/www.laguiadepamplona.com\\\/actualidad\\\/la-oficina-verde-del-barrio-de-milagrosa-arranca-como-punto-de-informacion-y-ventanilla-unica-para-tramites-de-rehabilitacion-y-asesoria-energetica\\\/#primaryimage\"},\"thumbnailUrl\":\"https:\\\/\\\/www.laguiadepamplona.com\\\/actualidad\\\/wp-content\\\/uploads\\\/2024\\\/09\\\/visitaoficinaverdemilagrosa1.webp\",\"articleSection\":[\"Ayto Pamplona\"],\"inLanguage\":\"es\",\"potentialAction\":[{\"@type\":\"CommentAction\",\"name\":\"Comment\",\"target\":[\"https:\\\/\\\/www.laguiadepamplona.com\\\/actualidad\\\/la-oficina-verde-del-barrio-de-milagrosa-arranca-como-punto-de-informacion-y-ventanilla-unica-para-tramites-de-rehabilitacion-y-asesoria-energetica\\\/#respond\"]}]},{\"@type\":\"WebPage\",\"@id\":\"https:\\\/\\\/www.laguiadepamplona.com\\\/actualidad\\\/la-oficina-verde-del-barrio-de-milagrosa-arranca-como-punto-de-informacion-y-ventanilla-unica-para-tramites-de-rehabilitacion-y-asesoria-energetica\\\/\",\"url\":\"https:\\\/\\\/www.laguiadepamplona.com\\\/actualidad\\\/la-oficina-verde-del-barrio-de-milagrosa-arranca-como-punto-de-informacion-y-ventanilla-unica-para-tramites-de-rehabilitacion-y-asesoria-energetica\\\/\",\"name\":\"La Oficina Verde del barrio de Milagrosa arranca como punto de informaci\u00f3n y ventanilla \u00fanica para tr\u00e1mites de rehabilitaci\u00f3n y asesor\u00eda energ\u00e9tica\",\"isPartOf\":{\"@id\":\"https:\\\/\\\/www.laguiadepamplona.com\\\/actualidad\\\/#website\"},\"primaryImageOfPage\":{\"@id\":\"https:\\\/\\\/www.laguiadepamplona.com\\\/actualidad\\\/la-oficina-verde-del-barrio-de-milagrosa-arranca-como-punto-de-informacion-y-ventanilla-unica-para-tramites-de-rehabilitacion-y-asesoria-energetica\\\/#primaryimage\"},\"image\":{\"@id\":\"https:\\\/\\\/www.laguiadepamplona.com\\\/actualidad\\\/la-oficina-verde-del-barrio-de-milagrosa-arranca-como-punto-de-informacion-y-ventanilla-unica-para-tramites-de-rehabilitacion-y-asesoria-energetica\\\/#primaryimage\"},\"thumbnailUrl\":\"https:\\\/\\\/www.laguiadepamplona.com\\\/actualidad\\\/wp-content\\\/uploads\\\/2024\\\/09\\\/visitaoficinaverdemilagrosa1.webp\",\"datePublished\":\"2024-09-18T08:58:53+00:00\",\"description\":\"Esta tarde se realizar\u00e1 una jornada informativa para el vecindario y se presentar\u00e1 su imagen identificativa\",\"breadcrumb\":{\"@id\":\"https:\\\/\\\/www.laguiadepamplona.com\\\/actualidad\\\/la-oficina-verde-del-barrio-de-milagrosa-arranca-como-punto-de-informacion-y-ventanilla-unica-para-tramites-de-rehabilitacion-y-asesoria-energetica\\\/#breadcrumb\"},\"inLanguage\":\"es\",\"potentialAction\":[{\"@type\":\"ReadAction\",\"target\":[\"https:\\\/\\\/www.laguiadepamplona.com\\\/actualidad\\\/la-oficina-verde-del-barrio-de-milagrosa-arranca-como-punto-de-informacion-y-ventanilla-unica-para-tramites-de-rehabilitacion-y-asesoria-energetica\\\/\"]}]},{\"@type\":\"ImageObject\",\"inLanguage\":\"es\",\"@id\":\"https:\\\/\\\/www.laguiadepamplona.com\\\/actualidad\\\/la-oficina-verde-del-barrio-de-milagrosa-arranca-como-punto-de-informacion-y-ventanilla-unica-para-tramites-de-rehabilitacion-y-asesoria-energetica\\\/#primaryimage\",\"url\":\"https:\\\/\\\/www.laguiadepamplona.com\\\/actualidad\\\/wp-content\\\/uploads\\\/2024\\\/09\\\/visitaoficinaverdemilagrosa1.webp\",\"contentUrl\":\"https:\\\/\\\/www.laguiadepamplona.com\\\/actualidad\\\/wp-content\\\/uploads\\\/2024\\\/09\\\/visitaoficinaverdemilagrosa1.webp\",\"width\":1000,\"height\":666,\"caption\":\"visita oficina verde milagrosa\"},{\"@type\":\"BreadcrumbList\",\"@id\":\"https:\\\/\\\/www.laguiadepamplona.com\\\/actualidad\\\/la-oficina-verde-del-barrio-de-milagrosa-arranca-como-punto-de-informacion-y-ventanilla-unica-para-tramites-de-rehabilitacion-y-asesoria-energetica\\\/#breadcrumb\",\"itemListElement\":[{\"@type\":\"ListItem\",\"position\":1,\"name\":\"Portada\",\"item\":\"https:\\\/\\\/www.laguiadepamplona.com\\\/actualidad\\\/\"},{\"@type\":\"ListItem\",\"position\":2,\"name\":\"La Oficina Verde del barrio de Milagrosa arranca como punto de informaci\u00f3n y ventanilla \u00fanica para tr\u00e1mites de rehabilitaci\u00f3n y asesor\u00eda energ\u00e9tica\"}]},{\"@type\":\"WebSite\",\"@id\":\"https:\\\/\\\/www.laguiadepamplona.com\\\/actualidad\\\/#website\",\"url\":\"https:\\\/\\\/www.laguiadepamplona.com\\\/actualidad\\\/\",\"name\":\"La gu\u00eda de Pamplona\",\"description\":\"Noticias de Pamplona\",\"publisher\":{\"@id\":\"https:\\\/\\\/www.laguiadepamplona.com\\\/actualidad\\\/#organization\"},\"potentialAction\":[{\"@type\":\"SearchAction\",\"target\":{\"@type\":\"EntryPoint\",\"urlTemplate\":\"https:\\\/\\\/www.laguiadepamplona.com\\\/actualidad\\\/?s={search_term_string}\"},\"query-input\":{\"@type\":\"PropertyValueSpecification\",\"valueRequired\":true,\"valueName\":\"search_term_string\"}}],\"inLanguage\":\"es\"},{\"@type\":\"Organization\",\"@id\":\"https:\\\/\\\/www.laguiadepamplona.com\\\/actualidad\\\/#organization\",\"name\":\"La Gu\u00eda de Pamplona \\\/ Noticias\",\"url\":\"https:\\\/\\\/www.laguiadepamplona.com\\\/actualidad\\\/\",\"logo\":{\"@type\":\"ImageObject\",\"inLanguage\":\"es\",\"@id\":\"https:\\\/\\\/www.laguiadepamplona.com\\\/actualidad\\\/#\\\/schema\\\/logo\\\/image\\\/\",\"url\":\"https:\\\/\\\/www.laguiadepamplona.com\\\/actualidad\\\/wp-content\\\/uploads\\\/2018\\\/11\\\/logo-laguiadepamplona18-web1.png\",\"contentUrl\":\"https:\\\/\\\/www.laguiadepamplona.com\\\/actualidad\\\/wp-content\\\/uploads\\\/2018\\\/11\\\/logo-laguiadepamplona18-web1.png\",\"width\":600,\"height\":196,\"caption\":\"La Gu\u00eda de Pamplona \\\/ Noticias\"},\"image\":{\"@id\":\"https:\\\/\\\/www.laguiadepamplona.com\\\/actualidad\\\/#\\\/schema\\\/logo\\\/image\\\/\"},\"sameAs\":[\"https:\\\/\\\/www.facebook.com\\\/laguiadepamplonacom-133175176762273\\\/?ref=hl\",\"https:\\\/\\\/x.com\\\/LaGuiadPamplona\",\"https:\\\/\\\/www.instagram.com\\\/la_guia_de_pamplona\\\/\",\"https:\\\/\\\/www.youtube.com\\\/user\\\/laguiadepamplona\"]},{\"@type\":\"Person\",\"@id\":\"https:\\\/\\\/www.laguiadepamplona.com\\\/actualidad\\\/#\\\/schema\\\/person\\\/efe887376f0213d4657c93adc50b1fdb\",\"name\":\"La Gu\u00eda de Pamplona\",\"image\":{\"@type\":\"ImageObject\",\"inLanguage\":\"es\",\"@id\":\"https:\\\/\\\/secure.gravatar.com\\\/avatar\\\/b6992f131dc8d30ab0dff15446e9d346d9dbd95992de0fef795073f5ea83a81c?s=96&d=mm&r=g\",\"url\":\"https:\\\/\\\/secure.gravatar.com\\\/avatar\\\/b6992f131dc8d30ab0dff15446e9d346d9dbd95992de0fef795073f5ea83a81c?s=96&d=mm&r=g\",\"contentUrl\":\"https:\\\/\\\/secure.gravatar.com\\\/avatar\\\/b6992f131dc8d30ab0dff15446e9d346d9dbd95992de0fef795073f5ea83a81c?s=96&d=mm&r=g\",\"caption\":\"La Gu\u00eda de Pamplona\"}}]}<\/script>\n<!-- \/ Yoast SEO plugin. -->","yoast_head_json":{"title":"La Oficina Verde del barrio de Milagrosa arranca como punto de informaci\u00f3n y ventanilla \u00fanica para tr\u00e1mites de rehabilitaci\u00f3n y asesor\u00eda energ\u00e9tica","description":"Esta tarde se realizar\u00e1 una jornada informativa para el vecindario y se presentar\u00e1 su imagen identificativa","robots":{"index":"index","follow":"follow","max-snippet":"max-snippet:-1","max-image-preview":"max-image-preview:large","max-video-preview":"max-video-preview:-1"},"canonical":"https:\/\/www.laguiadepamplona.com\/actualidad\/la-oficina-verde-del-barrio-de-milagrosa-arranca-como-punto-de-informacion-y-ventanilla-unica-para-tramites-de-rehabilitacion-y-asesoria-energetica\/","og_locale":"es_ES","og_type":"article","og_title":"La Oficina Verde del barrio de Milagrosa arranca como punto de informaci\u00f3n y ventanilla \u00fanica para tr\u00e1mites de rehabilitaci\u00f3n y asesor\u00eda energ\u00e9tica","og_description":"Esta tarde se realizar\u00e1 una jornada informativa para el vecindario y se presentar\u00e1 su imagen identificativa","og_url":"https:\/\/www.laguiadepamplona.com\/actualidad\/la-oficina-verde-del-barrio-de-milagrosa-arranca-como-punto-de-informacion-y-ventanilla-unica-para-tramites-de-rehabilitacion-y-asesoria-energetica\/","og_site_name":"La Gu\u00eda de Pamplona","article_publisher":"https:\/\/www.facebook.com\/laguiadepamplonacom-133175176762273\/?ref=hl","article_published_time":"2024-09-18T08:58:53+00:00","og_image":[{"width":1000,"height":666,"url":"https:\/\/www.laguiadepamplona.com\/actualidad\/wp-content\/uploads\/2024\/09\/visitaoficinaverdemilagrosa1.webp","type":"image\/webp"}],"author":"La Gu\u00eda de Pamplona","twitter_card":"summary_large_image","twitter_creator":"@LaGuiadPamplona","twitter_site":"@LaGuiadPamplona","twitter_misc":{"Escrito por":"La Gu\u00eda de Pamplona","Tiempo de lectura":"5 minutos"},"schema":{"@context":"https:\/\/schema.org","@graph":[{"@type":"Article","@id":"https:\/\/www.laguiadepamplona.com\/actualidad\/la-oficina-verde-del-barrio-de-milagrosa-arranca-como-punto-de-informacion-y-ventanilla-unica-para-tramites-de-rehabilitacion-y-asesoria-energetica\/#article","isPartOf":{"@id":"https:\/\/www.laguiadepamplona.com\/actualidad\/la-oficina-verde-del-barrio-de-milagrosa-arranca-como-punto-de-informacion-y-ventanilla-unica-para-tramites-de-rehabilitacion-y-asesoria-energetica\/"},"author":{"name":"La Gu\u00eda de Pamplona","@id":"https:\/\/www.laguiadepamplona.com\/actualidad\/#\/schema\/person\/efe887376f0213d4657c93adc50b1fdb"},"headline":"La Oficina Verde del barrio de Milagrosa arranca como punto de informaci\u00f3n y ventanilla \u00fanica para tr\u00e1mites de rehabilitaci\u00f3n y asesor\u00eda energ\u00e9tica","datePublished":"2024-09-18T08:58:53+00:00","mainEntityOfPage":{"@id":"https:\/\/www.laguiadepamplona.com\/actualidad\/la-oficina-verde-del-barrio-de-milagrosa-arranca-como-punto-de-informacion-y-ventanilla-unica-para-tramites-de-rehabilitacion-y-asesoria-energetica\/"},"wordCount":1009,"commentCount":0,"publisher":{"@id":"https:\/\/www.laguiadepamplona.com\/actualidad\/#organization"},"image":{"@id":"https:\/\/www.laguiadepamplona.com\/actualidad\/la-oficina-verde-del-barrio-de-milagrosa-arranca-como-punto-de-informacion-y-ventanilla-unica-para-tramites-de-rehabilitacion-y-asesoria-energetica\/#primaryimage"},"thumbnailUrl":"https:\/\/www.laguiadepamplona.com\/actualidad\/wp-content\/uploads\/2024\/09\/visitaoficinaverdemilagrosa1.webp","articleSection":["Ayto Pamplona"],"inLanguage":"es","potentialAction":[{"@type":"CommentAction","name":"Comment","target":["https:\/\/www.laguiadepamplona.com\/actualidad\/la-oficina-verde-del-barrio-de-milagrosa-arranca-como-punto-de-informacion-y-ventanilla-unica-para-tramites-de-rehabilitacion-y-asesoria-energetica\/#respond"]}]},{"@type":"WebPage","@id":"https:\/\/www.laguiadepamplona.com\/actualidad\/la-oficina-verde-del-barrio-de-milagrosa-arranca-como-punto-de-informacion-y-ventanilla-unica-para-tramites-de-rehabilitacion-y-asesoria-energetica\/","url":"https:\/\/www.laguiadepamplona.com\/actualidad\/la-oficina-verde-del-barrio-de-milagrosa-arranca-como-punto-de-informacion-y-ventanilla-unica-para-tramites-de-rehabilitacion-y-asesoria-energetica\/","name":"La Oficina Verde del barrio de Milagrosa arranca como punto de informaci\u00f3n y ventanilla \u00fanica para tr\u00e1mites de rehabilitaci\u00f3n y asesor\u00eda energ\u00e9tica","isPartOf":{"@id":"https:\/\/www.laguiadepamplona.com\/actualidad\/#website"},"primaryImageOfPage":{"@id":"https:\/\/www.laguiadepamplona.com\/actualidad\/la-oficina-verde-del-barrio-de-milagrosa-arranca-como-punto-de-informacion-y-ventanilla-unica-para-tramites-de-rehabilitacion-y-asesoria-energetica\/#primaryimage"},"image":{"@id":"https:\/\/www.laguiadepamplona.com\/actualidad\/la-oficina-verde-del-barrio-de-milagrosa-arranca-como-punto-de-informacion-y-ventanilla-unica-para-tramites-de-rehabilitacion-y-asesoria-energetica\/#primaryimage"},"thumbnailUrl":"https:\/\/www.laguiadepamplona.com\/actualidad\/wp-content\/uploads\/2024\/09\/visitaoficinaverdemilagrosa1.webp","datePublished":"2024-09-18T08:58:53+00:00","description":"Esta tarde se realizar\u00e1 una jornada informativa para el vecindario y se presentar\u00e1 su imagen identificativa","breadcrumb":{"@id":"https:\/\/www.laguiadepamplona.com\/actualidad\/la-oficina-verde-del-barrio-de-milagrosa-arranca-como-punto-de-informacion-y-ventanilla-unica-para-tramites-de-rehabilitacion-y-asesoria-energetica\/#breadcrumb"},"inLanguage":"es","potentialAction":[{"@type":"ReadAction","target":["https:\/\/www.laguiadepamplona.com\/actualidad\/la-oficina-verde-del-barrio-de-milagrosa-arranca-como-punto-de-informacion-y-ventanilla-unica-para-tramites-de-rehabilitacion-y-asesoria-energetica\/"]}]},{"@type":"ImageObject","inLanguage":"es","@id":"https:\/\/www.laguiadepamplona.com\/actualidad\/la-oficina-verde-del-barrio-de-milagrosa-arranca-como-punto-de-informacion-y-ventanilla-unica-para-tramites-de-rehabilitacion-y-asesoria-energetica\/#primaryimage","url":"https:\/\/www.laguiadepamplona.com\/actualidad\/wp-content\/uploads\/2024\/09\/visitaoficinaverdemilagrosa1.webp","contentUrl":"https:\/\/www.laguiadepamplona.com\/actualidad\/wp-content\/uploads\/2024\/09\/visitaoficinaverdemilagrosa1.webp","width":1000,"height":666,"caption":"visita oficina verde milagrosa"},{"@type":"BreadcrumbList","@id":"https:\/\/www.laguiadepamplona.com\/actualidad\/la-oficina-verde-del-barrio-de-milagrosa-arranca-como-punto-de-informacion-y-ventanilla-unica-para-tramites-de-rehabilitacion-y-asesoria-energetica\/#breadcrumb","itemListElement":[{"@type":"ListItem","position":1,"name":"Portada","item":"https:\/\/www.laguiadepamplona.com\/actualidad\/"},{"@type":"ListItem","position":2,"name":"La Oficina Verde del barrio de Milagrosa arranca como punto de informaci\u00f3n y ventanilla \u00fanica para tr\u00e1mites de rehabilitaci\u00f3n y asesor\u00eda energ\u00e9tica"}]},{"@type":"WebSite","@id":"https:\/\/www.laguiadepamplona.com\/actualidad\/#website","url":"https:\/\/www.laguiadepamplona.com\/actualidad\/","name":"La gu\u00eda de Pamplona","description":"Noticias de Pamplona","publisher":{"@id":"https:\/\/www.laguiadepamplona.com\/actualidad\/#organization"},"potentialAction":[{"@type":"SearchAction","target":{"@type":"EntryPoint","urlTemplate":"https:\/\/www.laguiadepamplona.com\/actualidad\/?s={search_term_string}"},"query-input":{"@type":"PropertyValueSpecification","valueRequired":true,"valueName":"search_term_string"}}],"inLanguage":"es"},{"@type":"Organization","@id":"https:\/\/www.laguiadepamplona.com\/actualidad\/#organization","name":"La Gu\u00eda de Pamplona \/ Noticias","url":"https:\/\/www.laguiadepamplona.com\/actualidad\/","logo":{"@type":"ImageObject","inLanguage":"es","@id":"https:\/\/www.laguiadepamplona.com\/actualidad\/#\/schema\/logo\/image\/","url":"https:\/\/www.laguiadepamplona.com\/actualidad\/wp-content\/uploads\/2018\/11\/logo-laguiadepamplona18-web1.png","contentUrl":"https:\/\/www.laguiadepamplona.com\/actualidad\/wp-content\/uploads\/2018\/11\/logo-laguiadepamplona18-web1.png","width":600,"height":196,"caption":"La Gu\u00eda de Pamplona \/ Noticias"},"image":{"@id":"https:\/\/www.laguiadepamplona.com\/actualidad\/#\/schema\/logo\/image\/"},"sameAs":["https:\/\/www.facebook.com\/laguiadepamplonacom-133175176762273\/?ref=hl","https:\/\/x.com\/LaGuiadPamplona","https:\/\/www.instagram.com\/la_guia_de_pamplona\/","https:\/\/www.youtube.com\/user\/laguiadepamplona"]},{"@type":"Person","@id":"https:\/\/www.laguiadepamplona.com\/actualidad\/#\/schema\/person\/efe887376f0213d4657c93adc50b1fdb","name":"La Gu\u00eda de Pamplona","image":{"@type":"ImageObject","inLanguage":"es","@id":"https:\/\/secure.gravatar.com\/avatar\/b6992f131dc8d30ab0dff15446e9d346d9dbd95992de0fef795073f5ea83a81c?s=96&d=mm&r=g","url":"https:\/\/secure.gravatar.com\/avatar\/b6992f131dc8d30ab0dff15446e9d346d9dbd95992de0fef795073f5ea83a81c?s=96&d=mm&r=g","contentUrl":"https:\/\/secure.gravatar.com\/avatar\/b6992f131dc8d30ab0dff15446e9d346d9dbd95992de0fef795073f5ea83a81c?s=96&d=mm&r=g","caption":"La Gu\u00eda de Pamplona"}}]}},"post_mailing_queue_ids":[],"_links":{"self":[{"href":"https:\/\/www.laguiadepamplona.com\/actualidad\/wp-json\/wp\/v2\/posts\/50720","targetHints":{"allow":["GET"]}}],"collection":[{"href":"https:\/\/www.laguiadepamplona.com\/actualidad\/wp-json\/wp\/v2\/posts"}],"about":[{"href":"https:\/\/www.laguiadepamplona.com\/actualidad\/wp-json\/wp\/v2\/types\/post"}],"author":[{"embeddable":true,"href":"https:\/\/www.laguiadepamplona.com\/actualidad\/wp-json\/wp\/v2\/users\/1"}],"replies":[{"embeddable":true,"href":"https:\/\/www.laguiadepamplona.com\/actualidad\/wp-json\/wp\/v2\/comments?post=50720"}],"version-history":[{"count":1,"href":"https:\/\/www.laguiadepamplona.com\/actualidad\/wp-json\/wp\/v2\/posts\/50720\/revisions"}],"predecessor-version":[{"id":50722,"href":"https:\/\/www.laguiadepamplona.com\/actualidad\/wp-json\/wp\/v2\/posts\/50720\/revisions\/50722"}],"wp:featuredmedia":[{"embeddable":true,"href":"https:\/\/www.laguiadepamplona.com\/actualidad\/wp-json\/wp\/v2\/media\/50721"}],"wp:attachment":[{"href":"https:\/\/www.laguiadepamplona.com\/actualidad\/wp-json\/wp\/v2\/media?parent=50720"}],"wp:term":[{"taxonomy":"category","embeddable":true,"href":"https:\/\/www.laguiadepamplona.com\/actualidad\/wp-json\/wp\/v2\/categories?post=50720"},{"taxonomy":"post_tag","embeddable":true,"href":"https:\/\/www.laguiadepamplona.com\/actualidad\/wp-json\/wp\/v2\/tags?post=50720"}],"curies":[{"name":"wp","href":"https:\/\/api.w.org\/{rel}","templated":true}]}}