{"id":50717,"date":"2024-09-17T11:58:50","date_gmt":"2024-09-17T09:58:50","guid":{"rendered":"https:\/\/www.laguiadepamplona.com\/actualidad\/?p=50717"},"modified":"2024-09-17T11:58:50","modified_gmt":"2024-09-17T09:58:50","slug":"el-ayuntamiento-impulsa-la-modificacion-del-plan-parcial-txantrea-sur-para-garantizar-la-proteccion-de-los-espacios-destinados-al-comercio-local","status":"publish","type":"post","link":"https:\/\/www.laguiadepamplona.com\/actualidad\/el-ayuntamiento-impulsa-la-modificacion-del-plan-parcial-txantrea-sur-para-garantizar-la-proteccion-de-los-espacios-destinados-al-comercio-local\/","title":{"rendered":"El Ayuntamiento impulsa la modificaci\u00f3n del Plan Parcial Txantrea Sur para garantizar la protecci\u00f3n de los espacios destinados al comercio local"},"content":{"rendered":"<h2>Se busca que las plantas bajas de la plaza central, el frente del parque y el paseo peatonal retengan el uso terciario en vez de convertirse en viviendas<\/h2>\n<p><!--more--><\/p>\n<p>El Consejo de la Gerencia de Urbanismo considera este mi\u00e9rcoles la modificaci\u00f3n del Plan Parcial Txantrea Sur. Los cambios tienen por objetivo que las plantas bajas de las edificaciones que den frente al parque de la Magdalena, a la nueva plaza central y al paseo peatonal de la avenida de Corella mantengan el uso terciario previsto en el planeamiento y no puedan transformarse en vivienda. Se da as\u00ed respuesta a los objetivos urban\u00edsticos para la zona, as\u00ed como a aquellos de la Ley Foral de Comercio y del Plan Estrat\u00e9gico de Comercio de Pamplona.<\/p>\n<p>La propuesta es modificar el art\u00edculo 5 de la Normativa Urban\u00edstica del Plan Parcial, en cuanto al r\u00e9gimen de usos pormenorizados de planta baja, de manera que se hagan normativas las previsiones del Plan Parcial, para que en las plantas bajas de uso terciario de las edificaciones que den frente al parque de la Magdalena, a la nueva plaza central, no pueda haber vivienda, residencia eventual ni residencia comunitaria, y ampliando esta prohibici\u00f3n al edificio que d\u00e9 al paseo peatonal de la avenida de Corella.<\/p>\n<p>Esta modificaci\u00f3n pretende, asimismo, garantizar la seguridad jur\u00eddica de la aplicaci\u00f3n del r\u00e9gimen de compatibilidad de usos, regulando de forma clara y concreta en qu\u00e9 supuestos es de aplicaci\u00f3n lo establecido en la Normativa Urban\u00edstica General del Plan Municipal para los cambios de usos detallados en plantas bajas y en cu\u00e1les no, por ser contrarios a los objetivos en cuanto a usos establecidos en el Plan Parcial Txantrea Sur, en la Ley Foral de Comercio y en el Plan Estrat\u00e9gico de Comercio de Pamplona.<\/p>\n<p>Adem\u00e1s, se aprovecha esta modificaci\u00f3n para adecuar la denominaci\u00f3n de los usos a la legislaci\u00f3n urban\u00edstica de aplicaci\u00f3n, renombrando el uso global del \u00e1mbito y englobando varios usos pormenorizados de planta baja en el uso terciario, de manera que se otorgue mayor flexibilidad a los distintos usos terciarios: comerciales, hosteleros, educativos, asistenciales, etc\u00e9tera. Durante la tramitaci\u00f3n de la modificaci\u00f3n, se propone la suspensi\u00f3n de las licencias de cambio de uso de las plantas bajas en el \u00e1mbito Txantrea Sur.<\/p>\n<p><strong>Una medida que busca favorecer la vida en el barrio<\/strong><\/p>\n<p>El Plan Parcial Txantrea Sur refleja la voluntad de contar en su \u00e1mbito con una dotaci\u00f3n importante de locales comerciales en las plantas bajas de los edificios situados en los ejes principales, as\u00ed como en el edificio integrado en la plaza p\u00fablica y en el bloque aislado. El texto indica que \u201cen las plantas bajas que den frente al parque sur y en la edificaci\u00f3n que d\u00e9 frente a la plaza no podr\u00e1 haber vivienda\u201d; sin embargo, esta determinaci\u00f3n no se recogi\u00f3 en la normativa del Plan Parcial, y, en lo no regulado, remite al Plan Municipal.<\/p>\n<p>En 2014 se modific\u00f3 la Normativa Urban\u00edstica General del Plan Municipal con el objeto de permitir la implantaci\u00f3n total o parcial del uso residencial en la planta baja en parcelas con uso pormenorizado residencial colectivo, salvo en ciertas zonas que se reflejan en un plano en el que se definen las Zonas Comerciales de Centralidad y las Zonas de Relevancia Comercial. Este plano se basa en el Estudio de Comercio Urbano de Pamplona 2013-2015, en el que no se incorporaron los \u00e1mbitos todav\u00eda no construidos, como Txantrea Sur, que se encuentra en desarrollo: hay cuatro parcelas con edificaciones finalizadas y siete parcelas en construcci\u00f3n o con licencia de obras solicitada.<\/p>\n<p>La aplicaci\u00f3n de esa modificaci\u00f3n de 2014 hace posible que, una vez concedida la licencia de primera ocupaci\u00f3n del edificio, se puedan modificar los usos comerciales de las plantas bajas para la implantaci\u00f3n de viviendas, de modo que se incumplen las previsiones urban\u00edsticas, la dotaci\u00f3n comercial m\u00ednima establecida en la Ley Foral de Comercio. Entre los principios rectores de esta ley se encuentra el mantenimiento del sistema del comercio minorista dentro del n\u00facleo urbano de los municipios navarros, y el crecimiento armonioso y equilibrado de actividades comerciales aspirando a un desarrollo sostenible del entorno urbano, estableciendo, adem\u00e1s, una dotaci\u00f3n comercial m\u00ednima de tres metros cuadrados por vivienda en los bajos de los edificios de vivienda colectiva.<\/p>\n<p>Poniendo el foco en el barrio de Txantrea, el Plan Estrat\u00e9gico de Comercio de Pamplona 2017-2021 lo considera un barrio con una oferta comercial insuficiente para su poblaci\u00f3n. Su redacci\u00f3n, que es anterior a la urbanizaci\u00f3n del \u00e1mbito Txantrea Sur, establece dos ejes comerciales principales en el barrio: avenida de Villava y calle San Crist\u00f3bal. El Plan Estrat\u00e9gico plantea distintas acciones para el fomento del comercio de proximidad, incidiendo en la importancia de la incorporaci\u00f3n de criterios comerciales en la planificaci\u00f3n urban\u00edstica de nuevos entornos residenciales. Estos mismos objetivos se recogen en el Plan Estrat\u00e9gico de Comercio -Agenda Urbana Pamplona 2030, actualmente en elaboraci\u00f3n.<\/p>\n","protected":false},"excerpt":{"rendered":"<p>Se busca que las plantas bajas de la plaza central, el frente del parque y el paseo peatonal retengan el uso terciario en vez de convertirse en viviendas<\/p>\n","protected":false},"author":1,"featured_media":50718,"comment_status":"open","ping_status":"closed","sticky":false,"template":"","format":"standard","meta":{"footnotes":""},"categories":[2],"tags":[],"class_list":["post-50717","post","type-post","status-publish","format-standard","has-post-thumbnail","hentry","category-ayuntamiento-pamplona"],"yoast_head":"<!-- This site is optimized with the Yoast SEO plugin v27.3 - https:\/\/yoast.com\/product\/yoast-seo-wordpress\/ -->\n<title>El Ayuntamiento impulsa la modificaci\u00f3n del Plan Parcial Txantrea Sur para garantizar la protecci\u00f3n de los espacios destinados al comercio local<\/title>\n<meta name=\"description\" content=\"Se busca que las plantas bajas de la plaza central, el frente del parque y el paseo peatonal retengan el uso terciario en vez de convertirse en viviendas\" \/>\n<meta name=\"robots\" content=\"index, follow, max-snippet:-1, max-image-preview:large, max-video-preview:-1\" \/>\n<link rel=\"canonical\" href=\"https:\/\/www.laguiadepamplona.com\/actualidad\/el-ayuntamiento-impulsa-la-modificacion-del-plan-parcial-txantrea-sur-para-garantizar-la-proteccion-de-los-espacios-destinados-al-comercio-local\/\" \/>\n<meta property=\"og:locale\" content=\"es_ES\" \/>\n<meta property=\"og:type\" content=\"article\" \/>\n<meta property=\"og:title\" content=\"El Ayuntamiento impulsa la modificaci\u00f3n del Plan Parcial Txantrea Sur para garantizar la protecci\u00f3n de los espacios destinados al comercio local\" \/>\n<meta property=\"og:description\" content=\"Se busca que las plantas bajas de la plaza central, el frente del parque y el paseo peatonal retengan el uso terciario en vez de convertirse en viviendas\" \/>\n<meta property=\"og:url\" content=\"https:\/\/www.laguiadepamplona.com\/actualidad\/el-ayuntamiento-impulsa-la-modificacion-del-plan-parcial-txantrea-sur-para-garantizar-la-proteccion-de-los-espacios-destinados-al-comercio-local\/\" \/>\n<meta property=\"og:site_name\" content=\"La Gu\u00eda de Pamplona\" \/>\n<meta property=\"article:publisher\" content=\"https:\/\/www.facebook.com\/laguiadepamplonacom-133175176762273\/?ref=hl\" \/>\n<meta property=\"article:published_time\" content=\"2024-09-17T09:58:50+00:00\" \/>\n<meta property=\"og:image\" content=\"https:\/\/www.laguiadepamplona.com\/actualidad\/wp-content\/uploads\/2024\/09\/txantrea-sur_web.webp\" \/>\n\t<meta property=\"og:image:width\" content=\"1000\" \/>\n\t<meta property=\"og:image:height\" content=\"667\" \/>\n\t<meta property=\"og:image:type\" content=\"image\/webp\" \/>\n<meta name=\"author\" content=\"La Gu\u00eda de Pamplona\" \/>\n<meta name=\"twitter:card\" content=\"summary_large_image\" \/>\n<meta name=\"twitter:creator\" content=\"@LaGuiadPamplona\" \/>\n<meta name=\"twitter:site\" content=\"@LaGuiadPamplona\" \/>\n<meta name=\"twitter:label1\" content=\"Escrito por\" \/>\n\t<meta name=\"twitter:data1\" content=\"La Gu\u00eda de Pamplona\" \/>\n\t<meta name=\"twitter:label2\" content=\"Tiempo de lectura\" \/>\n\t<meta name=\"twitter:data2\" content=\"4 minutos\" \/>\n<script type=\"application\/ld+json\" class=\"yoast-schema-graph\">{\"@context\":\"https:\\\/\\\/schema.org\",\"@graph\":[{\"@type\":\"Article\",\"@id\":\"https:\\\/\\\/www.laguiadepamplona.com\\\/actualidad\\\/el-ayuntamiento-impulsa-la-modificacion-del-plan-parcial-txantrea-sur-para-garantizar-la-proteccion-de-los-espacios-destinados-al-comercio-local\\\/#article\",\"isPartOf\":{\"@id\":\"https:\\\/\\\/www.laguiadepamplona.com\\\/actualidad\\\/el-ayuntamiento-impulsa-la-modificacion-del-plan-parcial-txantrea-sur-para-garantizar-la-proteccion-de-los-espacios-destinados-al-comercio-local\\\/\"},\"author\":{\"name\":\"La Gu\u00eda de Pamplona\",\"@id\":\"https:\\\/\\\/www.laguiadepamplona.com\\\/actualidad\\\/#\\\/schema\\\/person\\\/efe887376f0213d4657c93adc50b1fdb\"},\"headline\":\"El Ayuntamiento impulsa la modificaci\u00f3n del Plan Parcial Txantrea Sur para garantizar la protecci\u00f3n de los espacios destinados al comercio local\",\"datePublished\":\"2024-09-17T09:58:50+00:00\",\"mainEntityOfPage\":{\"@id\":\"https:\\\/\\\/www.laguiadepamplona.com\\\/actualidad\\\/el-ayuntamiento-impulsa-la-modificacion-del-plan-parcial-txantrea-sur-para-garantizar-la-proteccion-de-los-espacios-destinados-al-comercio-local\\\/\"},\"wordCount\":882,\"commentCount\":0,\"publisher\":{\"@id\":\"https:\\\/\\\/www.laguiadepamplona.com\\\/actualidad\\\/#organization\"},\"image\":{\"@id\":\"https:\\\/\\\/www.laguiadepamplona.com\\\/actualidad\\\/el-ayuntamiento-impulsa-la-modificacion-del-plan-parcial-txantrea-sur-para-garantizar-la-proteccion-de-los-espacios-destinados-al-comercio-local\\\/#primaryimage\"},\"thumbnailUrl\":\"https:\\\/\\\/www.laguiadepamplona.com\\\/actualidad\\\/wp-content\\\/uploads\\\/2024\\\/09\\\/txantrea-sur_web.webp\",\"articleSection\":[\"Ayto Pamplona\"],\"inLanguage\":\"es\",\"potentialAction\":[{\"@type\":\"CommentAction\",\"name\":\"Comment\",\"target\":[\"https:\\\/\\\/www.laguiadepamplona.com\\\/actualidad\\\/el-ayuntamiento-impulsa-la-modificacion-del-plan-parcial-txantrea-sur-para-garantizar-la-proteccion-de-los-espacios-destinados-al-comercio-local\\\/#respond\"]}]},{\"@type\":\"WebPage\",\"@id\":\"https:\\\/\\\/www.laguiadepamplona.com\\\/actualidad\\\/el-ayuntamiento-impulsa-la-modificacion-del-plan-parcial-txantrea-sur-para-garantizar-la-proteccion-de-los-espacios-destinados-al-comercio-local\\\/\",\"url\":\"https:\\\/\\\/www.laguiadepamplona.com\\\/actualidad\\\/el-ayuntamiento-impulsa-la-modificacion-del-plan-parcial-txantrea-sur-para-garantizar-la-proteccion-de-los-espacios-destinados-al-comercio-local\\\/\",\"name\":\"El Ayuntamiento impulsa la modificaci\u00f3n del Plan Parcial Txantrea Sur para garantizar la protecci\u00f3n de los espacios destinados al comercio local\",\"isPartOf\":{\"@id\":\"https:\\\/\\\/www.laguiadepamplona.com\\\/actualidad\\\/#website\"},\"primaryImageOfPage\":{\"@id\":\"https:\\\/\\\/www.laguiadepamplona.com\\\/actualidad\\\/el-ayuntamiento-impulsa-la-modificacion-del-plan-parcial-txantrea-sur-para-garantizar-la-proteccion-de-los-espacios-destinados-al-comercio-local\\\/#primaryimage\"},\"image\":{\"@id\":\"https:\\\/\\\/www.laguiadepamplona.com\\\/actualidad\\\/el-ayuntamiento-impulsa-la-modificacion-del-plan-parcial-txantrea-sur-para-garantizar-la-proteccion-de-los-espacios-destinados-al-comercio-local\\\/#primaryimage\"},\"thumbnailUrl\":\"https:\\\/\\\/www.laguiadepamplona.com\\\/actualidad\\\/wp-content\\\/uploads\\\/2024\\\/09\\\/txantrea-sur_web.webp\",\"datePublished\":\"2024-09-17T09:58:50+00:00\",\"description\":\"Se busca que las plantas bajas de la plaza central, el frente del parque y el paseo peatonal retengan el uso terciario en vez de convertirse en viviendas\",\"breadcrumb\":{\"@id\":\"https:\\\/\\\/www.laguiadepamplona.com\\\/actualidad\\\/el-ayuntamiento-impulsa-la-modificacion-del-plan-parcial-txantrea-sur-para-garantizar-la-proteccion-de-los-espacios-destinados-al-comercio-local\\\/#breadcrumb\"},\"inLanguage\":\"es\",\"potentialAction\":[{\"@type\":\"ReadAction\",\"target\":[\"https:\\\/\\\/www.laguiadepamplona.com\\\/actualidad\\\/el-ayuntamiento-impulsa-la-modificacion-del-plan-parcial-txantrea-sur-para-garantizar-la-proteccion-de-los-espacios-destinados-al-comercio-local\\\/\"]}]},{\"@type\":\"ImageObject\",\"inLanguage\":\"es\",\"@id\":\"https:\\\/\\\/www.laguiadepamplona.com\\\/actualidad\\\/el-ayuntamiento-impulsa-la-modificacion-del-plan-parcial-txantrea-sur-para-garantizar-la-proteccion-de-los-espacios-destinados-al-comercio-local\\\/#primaryimage\",\"url\":\"https:\\\/\\\/www.laguiadepamplona.com\\\/actualidad\\\/wp-content\\\/uploads\\\/2024\\\/09\\\/txantrea-sur_web.webp\",\"contentUrl\":\"https:\\\/\\\/www.laguiadepamplona.com\\\/actualidad\\\/wp-content\\\/uploads\\\/2024\\\/09\\\/txantrea-sur_web.webp\",\"width\":1000,\"height\":667,\"caption\":\"txantrea sur\"},{\"@type\":\"BreadcrumbList\",\"@id\":\"https:\\\/\\\/www.laguiadepamplona.com\\\/actualidad\\\/el-ayuntamiento-impulsa-la-modificacion-del-plan-parcial-txantrea-sur-para-garantizar-la-proteccion-de-los-espacios-destinados-al-comercio-local\\\/#breadcrumb\",\"itemListElement\":[{\"@type\":\"ListItem\",\"position\":1,\"name\":\"Portada\",\"item\":\"https:\\\/\\\/www.laguiadepamplona.com\\\/actualidad\\\/\"},{\"@type\":\"ListItem\",\"position\":2,\"name\":\"El Ayuntamiento impulsa la modificaci\u00f3n del Plan Parcial Txantrea Sur para garantizar la protecci\u00f3n de los espacios destinados al comercio local\"}]},{\"@type\":\"WebSite\",\"@id\":\"https:\\\/\\\/www.laguiadepamplona.com\\\/actualidad\\\/#website\",\"url\":\"https:\\\/\\\/www.laguiadepamplona.com\\\/actualidad\\\/\",\"name\":\"La gu\u00eda de Pamplona\",\"description\":\"Noticias de Pamplona\",\"publisher\":{\"@id\":\"https:\\\/\\\/www.laguiadepamplona.com\\\/actualidad\\\/#organization\"},\"potentialAction\":[{\"@type\":\"SearchAction\",\"target\":{\"@type\":\"EntryPoint\",\"urlTemplate\":\"https:\\\/\\\/www.laguiadepamplona.com\\\/actualidad\\\/?s={search_term_string}\"},\"query-input\":{\"@type\":\"PropertyValueSpecification\",\"valueRequired\":true,\"valueName\":\"search_term_string\"}}],\"inLanguage\":\"es\"},{\"@type\":\"Organization\",\"@id\":\"https:\\\/\\\/www.laguiadepamplona.com\\\/actualidad\\\/#organization\",\"name\":\"La Gu\u00eda de Pamplona \\\/ Noticias\",\"url\":\"https:\\\/\\\/www.laguiadepamplona.com\\\/actualidad\\\/\",\"logo\":{\"@type\":\"ImageObject\",\"inLanguage\":\"es\",\"@id\":\"https:\\\/\\\/www.laguiadepamplona.com\\\/actualidad\\\/#\\\/schema\\\/logo\\\/image\\\/\",\"url\":\"https:\\\/\\\/www.laguiadepamplona.com\\\/actualidad\\\/wp-content\\\/uploads\\\/2018\\\/11\\\/logo-laguiadepamplona18-web1.png\",\"contentUrl\":\"https:\\\/\\\/www.laguiadepamplona.com\\\/actualidad\\\/wp-content\\\/uploads\\\/2018\\\/11\\\/logo-laguiadepamplona18-web1.png\",\"width\":600,\"height\":196,\"caption\":\"La Gu\u00eda de Pamplona \\\/ Noticias\"},\"image\":{\"@id\":\"https:\\\/\\\/www.laguiadepamplona.com\\\/actualidad\\\/#\\\/schema\\\/logo\\\/image\\\/\"},\"sameAs\":[\"https:\\\/\\\/www.facebook.com\\\/laguiadepamplonacom-133175176762273\\\/?ref=hl\",\"https:\\\/\\\/x.com\\\/LaGuiadPamplona\",\"https:\\\/\\\/www.instagram.com\\\/la_guia_de_pamplona\\\/\",\"https:\\\/\\\/www.youtube.com\\\/user\\\/laguiadepamplona\"]},{\"@type\":\"Person\",\"@id\":\"https:\\\/\\\/www.laguiadepamplona.com\\\/actualidad\\\/#\\\/schema\\\/person\\\/efe887376f0213d4657c93adc50b1fdb\",\"name\":\"La Gu\u00eda de Pamplona\",\"image\":{\"@type\":\"ImageObject\",\"inLanguage\":\"es\",\"@id\":\"https:\\\/\\\/secure.gravatar.com\\\/avatar\\\/b6992f131dc8d30ab0dff15446e9d346d9dbd95992de0fef795073f5ea83a81c?s=96&d=mm&r=g\",\"url\":\"https:\\\/\\\/secure.gravatar.com\\\/avatar\\\/b6992f131dc8d30ab0dff15446e9d346d9dbd95992de0fef795073f5ea83a81c?s=96&d=mm&r=g\",\"contentUrl\":\"https:\\\/\\\/secure.gravatar.com\\\/avatar\\\/b6992f131dc8d30ab0dff15446e9d346d9dbd95992de0fef795073f5ea83a81c?s=96&d=mm&r=g\",\"caption\":\"La Gu\u00eda de Pamplona\"}}]}<\/script>\n<!-- \/ Yoast SEO plugin. -->","yoast_head_json":{"title":"El Ayuntamiento impulsa la modificaci\u00f3n del Plan Parcial Txantrea Sur para garantizar la protecci\u00f3n de los espacios destinados al comercio local","description":"Se busca que las plantas bajas de la plaza central, el frente del parque y el paseo peatonal retengan el uso terciario en vez de convertirse en viviendas","robots":{"index":"index","follow":"follow","max-snippet":"max-snippet:-1","max-image-preview":"max-image-preview:large","max-video-preview":"max-video-preview:-1"},"canonical":"https:\/\/www.laguiadepamplona.com\/actualidad\/el-ayuntamiento-impulsa-la-modificacion-del-plan-parcial-txantrea-sur-para-garantizar-la-proteccion-de-los-espacios-destinados-al-comercio-local\/","og_locale":"es_ES","og_type":"article","og_title":"El Ayuntamiento impulsa la modificaci\u00f3n del Plan Parcial Txantrea Sur para garantizar la protecci\u00f3n de los espacios destinados al comercio local","og_description":"Se busca que las plantas bajas de la plaza central, el frente del parque y el paseo peatonal retengan el uso terciario en vez de convertirse en viviendas","og_url":"https:\/\/www.laguiadepamplona.com\/actualidad\/el-ayuntamiento-impulsa-la-modificacion-del-plan-parcial-txantrea-sur-para-garantizar-la-proteccion-de-los-espacios-destinados-al-comercio-local\/","og_site_name":"La Gu\u00eda de Pamplona","article_publisher":"https:\/\/www.facebook.com\/laguiadepamplonacom-133175176762273\/?ref=hl","article_published_time":"2024-09-17T09:58:50+00:00","og_image":[{"width":1000,"height":667,"url":"https:\/\/www.laguiadepamplona.com\/actualidad\/wp-content\/uploads\/2024\/09\/txantrea-sur_web.webp","type":"image\/webp"}],"author":"La Gu\u00eda de Pamplona","twitter_card":"summary_large_image","twitter_creator":"@LaGuiadPamplona","twitter_site":"@LaGuiadPamplona","twitter_misc":{"Escrito por":"La Gu\u00eda de Pamplona","Tiempo de lectura":"4 minutos"},"schema":{"@context":"https:\/\/schema.org","@graph":[{"@type":"Article","@id":"https:\/\/www.laguiadepamplona.com\/actualidad\/el-ayuntamiento-impulsa-la-modificacion-del-plan-parcial-txantrea-sur-para-garantizar-la-proteccion-de-los-espacios-destinados-al-comercio-local\/#article","isPartOf":{"@id":"https:\/\/www.laguiadepamplona.com\/actualidad\/el-ayuntamiento-impulsa-la-modificacion-del-plan-parcial-txantrea-sur-para-garantizar-la-proteccion-de-los-espacios-destinados-al-comercio-local\/"},"author":{"name":"La Gu\u00eda de Pamplona","@id":"https:\/\/www.laguiadepamplona.com\/actualidad\/#\/schema\/person\/efe887376f0213d4657c93adc50b1fdb"},"headline":"El Ayuntamiento impulsa la modificaci\u00f3n del Plan Parcial Txantrea Sur para garantizar la protecci\u00f3n de los espacios destinados al comercio local","datePublished":"2024-09-17T09:58:50+00:00","mainEntityOfPage":{"@id":"https:\/\/www.laguiadepamplona.com\/actualidad\/el-ayuntamiento-impulsa-la-modificacion-del-plan-parcial-txantrea-sur-para-garantizar-la-proteccion-de-los-espacios-destinados-al-comercio-local\/"},"wordCount":882,"commentCount":0,"publisher":{"@id":"https:\/\/www.laguiadepamplona.com\/actualidad\/#organization"},"image":{"@id":"https:\/\/www.laguiadepamplona.com\/actualidad\/el-ayuntamiento-impulsa-la-modificacion-del-plan-parcial-txantrea-sur-para-garantizar-la-proteccion-de-los-espacios-destinados-al-comercio-local\/#primaryimage"},"thumbnailUrl":"https:\/\/www.laguiadepamplona.com\/actualidad\/wp-content\/uploads\/2024\/09\/txantrea-sur_web.webp","articleSection":["Ayto Pamplona"],"inLanguage":"es","potentialAction":[{"@type":"CommentAction","name":"Comment","target":["https:\/\/www.laguiadepamplona.com\/actualidad\/el-ayuntamiento-impulsa-la-modificacion-del-plan-parcial-txantrea-sur-para-garantizar-la-proteccion-de-los-espacios-destinados-al-comercio-local\/#respond"]}]},{"@type":"WebPage","@id":"https:\/\/www.laguiadepamplona.com\/actualidad\/el-ayuntamiento-impulsa-la-modificacion-del-plan-parcial-txantrea-sur-para-garantizar-la-proteccion-de-los-espacios-destinados-al-comercio-local\/","url":"https:\/\/www.laguiadepamplona.com\/actualidad\/el-ayuntamiento-impulsa-la-modificacion-del-plan-parcial-txantrea-sur-para-garantizar-la-proteccion-de-los-espacios-destinados-al-comercio-local\/","name":"El Ayuntamiento impulsa la modificaci\u00f3n del Plan Parcial Txantrea Sur para garantizar la protecci\u00f3n de los espacios destinados al comercio local","isPartOf":{"@id":"https:\/\/www.laguiadepamplona.com\/actualidad\/#website"},"primaryImageOfPage":{"@id":"https:\/\/www.laguiadepamplona.com\/actualidad\/el-ayuntamiento-impulsa-la-modificacion-del-plan-parcial-txantrea-sur-para-garantizar-la-proteccion-de-los-espacios-destinados-al-comercio-local\/#primaryimage"},"image":{"@id":"https:\/\/www.laguiadepamplona.com\/actualidad\/el-ayuntamiento-impulsa-la-modificacion-del-plan-parcial-txantrea-sur-para-garantizar-la-proteccion-de-los-espacios-destinados-al-comercio-local\/#primaryimage"},"thumbnailUrl":"https:\/\/www.laguiadepamplona.com\/actualidad\/wp-content\/uploads\/2024\/09\/txantrea-sur_web.webp","datePublished":"2024-09-17T09:58:50+00:00","description":"Se busca que las plantas bajas de la plaza central, el frente del parque y el paseo peatonal retengan el uso terciario en vez de convertirse en viviendas","breadcrumb":{"@id":"https:\/\/www.laguiadepamplona.com\/actualidad\/el-ayuntamiento-impulsa-la-modificacion-del-plan-parcial-txantrea-sur-para-garantizar-la-proteccion-de-los-espacios-destinados-al-comercio-local\/#breadcrumb"},"inLanguage":"es","potentialAction":[{"@type":"ReadAction","target":["https:\/\/www.laguiadepamplona.com\/actualidad\/el-ayuntamiento-impulsa-la-modificacion-del-plan-parcial-txantrea-sur-para-garantizar-la-proteccion-de-los-espacios-destinados-al-comercio-local\/"]}]},{"@type":"ImageObject","inLanguage":"es","@id":"https:\/\/www.laguiadepamplona.com\/actualidad\/el-ayuntamiento-impulsa-la-modificacion-del-plan-parcial-txantrea-sur-para-garantizar-la-proteccion-de-los-espacios-destinados-al-comercio-local\/#primaryimage","url":"https:\/\/www.laguiadepamplona.com\/actualidad\/wp-content\/uploads\/2024\/09\/txantrea-sur_web.webp","contentUrl":"https:\/\/www.laguiadepamplona.com\/actualidad\/wp-content\/uploads\/2024\/09\/txantrea-sur_web.webp","width":1000,"height":667,"caption":"txantrea sur"},{"@type":"BreadcrumbList","@id":"https:\/\/www.laguiadepamplona.com\/actualidad\/el-ayuntamiento-impulsa-la-modificacion-del-plan-parcial-txantrea-sur-para-garantizar-la-proteccion-de-los-espacios-destinados-al-comercio-local\/#breadcrumb","itemListElement":[{"@type":"ListItem","position":1,"name":"Portada","item":"https:\/\/www.laguiadepamplona.com\/actualidad\/"},{"@type":"ListItem","position":2,"name":"El Ayuntamiento impulsa la modificaci\u00f3n del Plan Parcial Txantrea Sur para garantizar la protecci\u00f3n de los espacios destinados al comercio local"}]},{"@type":"WebSite","@id":"https:\/\/www.laguiadepamplona.com\/actualidad\/#website","url":"https:\/\/www.laguiadepamplona.com\/actualidad\/","name":"La gu\u00eda de Pamplona","description":"Noticias de Pamplona","publisher":{"@id":"https:\/\/www.laguiadepamplona.com\/actualidad\/#organization"},"potentialAction":[{"@type":"SearchAction","target":{"@type":"EntryPoint","urlTemplate":"https:\/\/www.laguiadepamplona.com\/actualidad\/?s={search_term_string}"},"query-input":{"@type":"PropertyValueSpecification","valueRequired":true,"valueName":"search_term_string"}}],"inLanguage":"es"},{"@type":"Organization","@id":"https:\/\/www.laguiadepamplona.com\/actualidad\/#organization","name":"La Gu\u00eda de Pamplona \/ Noticias","url":"https:\/\/www.laguiadepamplona.com\/actualidad\/","logo":{"@type":"ImageObject","inLanguage":"es","@id":"https:\/\/www.laguiadepamplona.com\/actualidad\/#\/schema\/logo\/image\/","url":"https:\/\/www.laguiadepamplona.com\/actualidad\/wp-content\/uploads\/2018\/11\/logo-laguiadepamplona18-web1.png","contentUrl":"https:\/\/www.laguiadepamplona.com\/actualidad\/wp-content\/uploads\/2018\/11\/logo-laguiadepamplona18-web1.png","width":600,"height":196,"caption":"La Gu\u00eda de Pamplona \/ Noticias"},"image":{"@id":"https:\/\/www.laguiadepamplona.com\/actualidad\/#\/schema\/logo\/image\/"},"sameAs":["https:\/\/www.facebook.com\/laguiadepamplonacom-133175176762273\/?ref=hl","https:\/\/x.com\/LaGuiadPamplona","https:\/\/www.instagram.com\/la_guia_de_pamplona\/","https:\/\/www.youtube.com\/user\/laguiadepamplona"]},{"@type":"Person","@id":"https:\/\/www.laguiadepamplona.com\/actualidad\/#\/schema\/person\/efe887376f0213d4657c93adc50b1fdb","name":"La Gu\u00eda de Pamplona","image":{"@type":"ImageObject","inLanguage":"es","@id":"https:\/\/secure.gravatar.com\/avatar\/b6992f131dc8d30ab0dff15446e9d346d9dbd95992de0fef795073f5ea83a81c?s=96&d=mm&r=g","url":"https:\/\/secure.gravatar.com\/avatar\/b6992f131dc8d30ab0dff15446e9d346d9dbd95992de0fef795073f5ea83a81c?s=96&d=mm&r=g","contentUrl":"https:\/\/secure.gravatar.com\/avatar\/b6992f131dc8d30ab0dff15446e9d346d9dbd95992de0fef795073f5ea83a81c?s=96&d=mm&r=g","caption":"La Gu\u00eda de Pamplona"}}]}},"post_mailing_queue_ids":[],"_links":{"self":[{"href":"https:\/\/www.laguiadepamplona.com\/actualidad\/wp-json\/wp\/v2\/posts\/50717","targetHints":{"allow":["GET"]}}],"collection":[{"href":"https:\/\/www.laguiadepamplona.com\/actualidad\/wp-json\/wp\/v2\/posts"}],"about":[{"href":"https:\/\/www.laguiadepamplona.com\/actualidad\/wp-json\/wp\/v2\/types\/post"}],"author":[{"embeddable":true,"href":"https:\/\/www.laguiadepamplona.com\/actualidad\/wp-json\/wp\/v2\/users\/1"}],"replies":[{"embeddable":true,"href":"https:\/\/www.laguiadepamplona.com\/actualidad\/wp-json\/wp\/v2\/comments?post=50717"}],"version-history":[{"count":1,"href":"https:\/\/www.laguiadepamplona.com\/actualidad\/wp-json\/wp\/v2\/posts\/50717\/revisions"}],"predecessor-version":[{"id":50719,"href":"https:\/\/www.laguiadepamplona.com\/actualidad\/wp-json\/wp\/v2\/posts\/50717\/revisions\/50719"}],"wp:featuredmedia":[{"embeddable":true,"href":"https:\/\/www.laguiadepamplona.com\/actualidad\/wp-json\/wp\/v2\/media\/50718"}],"wp:attachment":[{"href":"https:\/\/www.laguiadepamplona.com\/actualidad\/wp-json\/wp\/v2\/media?parent=50717"}],"wp:term":[{"taxonomy":"category","embeddable":true,"href":"https:\/\/www.laguiadepamplona.com\/actualidad\/wp-json\/wp\/v2\/categories?post=50717"},{"taxonomy":"post_tag","embeddable":true,"href":"https:\/\/www.laguiadepamplona.com\/actualidad\/wp-json\/wp\/v2\/tags?post=50717"}],"curies":[{"name":"wp","href":"https:\/\/api.w.org\/{rel}","templated":true}]}}