{"id":50714,"date":"2024-09-17T11:57:13","date_gmt":"2024-09-17T09:57:13","guid":{"rendered":"https:\/\/www.laguiadepamplona.com\/actualidad\/?p=50714"},"modified":"2024-09-17T11:57:13","modified_gmt":"2024-09-17T09:57:13","slug":"el-ciclo-salas-de-musica-en-la-calle-concluye-este-miercoles-con-la-actuacion-del-grupo-guipuzcoano-ezpalak-en-el-bosquecillo","status":"publish","type":"post","link":"https:\/\/www.laguiadepamplona.com\/actualidad\/el-ciclo-salas-de-musica-en-la-calle-concluye-este-miercoles-con-la-actuacion-del-grupo-guipuzcoano-ezpalak-en-el-bosquecillo\/","title":{"rendered":"El ciclo Salas de M\u00fasica en la Calle concluye este mi\u00e9rcoles con la actuaci\u00f3n del grupo guipuzcoano Ezpalak en el Bosquecillo"},"content":{"rendered":"<h2>El concierto de esta banda referente del rock alternativo euskaldun comenzar\u00e1 a las 20 horas<\/h2>\n<p><!--more--><\/p>\n<p>A pocos d\u00edas del final del verano, concluye la programaci\u00f3n estival organizada por el Ayuntamiento de Pamplona con el concierto que este mi\u00e9rcoles ofrece el grupo de rock alternativo Ezpalak dentro del ciclo Salas de M\u00fasica en la Calle. Ser\u00e1 el \u00faltimo concierto de los diez programados este verano en Pamplona, Tudela, Elizondo y Roncal. Esta \u00faltima actuaci\u00f3n, que llega de la mano de la sala Canalla, comenzar\u00e1 a las 20 horas en el Bosquecillo.<\/p>\n<p>Ezpalak es una de las bandas referencia del rock alternativo euskaldun de los \u00faltimos a\u00f1os. Centrada en influencias de punk, grunge y el post-hardcore, han creado un sonido potente y directo. La banda ha sido reconocida por grandes medios como MondoSonoro o Gaztea y ha demostrado su potencia en directo en su paso por el plat\u00f3 de Los Conciertos de Radio 3 o por festivales como Bilbao BBK Live o Tsunami Xixon, entre otros. La banda de Zestoa est\u00e1 actualmente preparando el lanzamiento de su cuarto disco, titulado \u201cGatza\u201d, que saldr\u00e1 en noviembre.<\/p>\n<p>Por primera vez, este nuevo trabajo lo han autoeditado con su propio sello, Patana Records. \u201c<a href=\"https:\/\/links.altafonte.com\/g2gky5q\" target=\"_blank\" rel=\"noopener\"><strong>Nola Ahaztu<\/strong><\/a>\u201d es el primer adelanto con el que sorprend\u00edan al p\u00fablico a finales de julio, acompa\u00f1ado de\u00a0<a href=\"https:\/\/youtu.be\/mu54x2Wqx9g?feature=shared\" target=\"_blank\" rel=\"noopener\">un v\u00eddeo de lo m\u00e1s gore<\/a>. La banda guipuzcoana Ezpalak la conforman <strong>Juanjo Berasain<\/strong>\u00a0(voz),\u00a0<strong>E\u00f1aut Gazta\u00f1aga<\/strong>\u00a0(guitarra),\u00a0<strong>Unai Eizagirre<\/strong>\u00a0(bajo) y\u00a0<strong>Janardana Iglesias<\/strong>\u00a0(bater\u00eda).<\/p>\n","protected":false},"excerpt":{"rendered":"<p>El concierto de esta banda referente del rock alternativo euskaldun comenzar\u00e1 a las 20 horas<\/p>\n","protected":false},"author":1,"featured_media":50715,"comment_status":"open","ping_status":"closed","sticky":false,"template":"","format":"standard","meta":{"footnotes":""},"categories":[2],"tags":[],"class_list":["post-50714","post","type-post","status-publish","format-standard","has-post-thumbnail","hentry","category-ayuntamiento-pamplona"],"yoast_head":"<!-- This site is optimized with the Yoast SEO plugin v27.3 - https:\/\/yoast.com\/product\/yoast-seo-wordpress\/ -->\n<title>El ciclo Salas de M\u00fasica en la Calle concluye este mi\u00e9rcoles con la actuaci\u00f3n del grupo guipuzcoano Ezpalak en el Bosquecillo<\/title>\n<meta name=\"description\" content=\"El concierto de esta banda referente del rock alternativo euskaldun comenzar\u00e1 a las 20 horas\" \/>\n<meta name=\"robots\" content=\"index, follow, max-snippet:-1, max-image-preview:large, max-video-preview:-1\" \/>\n<link rel=\"canonical\" href=\"https:\/\/www.laguiadepamplona.com\/actualidad\/el-ciclo-salas-de-musica-en-la-calle-concluye-este-miercoles-con-la-actuacion-del-grupo-guipuzcoano-ezpalak-en-el-bosquecillo\/\" \/>\n<meta property=\"og:locale\" content=\"es_ES\" \/>\n<meta property=\"og:type\" content=\"article\" \/>\n<meta property=\"og:title\" content=\"El ciclo Salas de M\u00fasica en la Calle concluye este mi\u00e9rcoles con la actuaci\u00f3n del grupo guipuzcoano Ezpalak en el Bosquecillo\" \/>\n<meta property=\"og:description\" content=\"El concierto de esta banda referente del rock alternativo euskaldun comenzar\u00e1 a las 20 horas\" \/>\n<meta property=\"og:url\" content=\"https:\/\/www.laguiadepamplona.com\/actualidad\/el-ciclo-salas-de-musica-en-la-calle-concluye-este-miercoles-con-la-actuacion-del-grupo-guipuzcoano-ezpalak-en-el-bosquecillo\/\" \/>\n<meta property=\"og:site_name\" content=\"La Gu\u00eda de Pamplona\" \/>\n<meta property=\"article:publisher\" content=\"https:\/\/www.facebook.com\/laguiadepamplonacom-133175176762273\/?ref=hl\" \/>\n<meta property=\"article:published_time\" content=\"2024-09-17T09:57:13+00:00\" \/>\n<meta property=\"og:image\" content=\"https:\/\/www.laguiadepamplona.com\/actualidad\/wp-content\/uploads\/2024\/09\/Salas-de-musica-en-la-calle_web.webp\" \/>\n\t<meta property=\"og:image:width\" content=\"1000\" \/>\n\t<meta property=\"og:image:height\" content=\"1000\" \/>\n\t<meta property=\"og:image:type\" content=\"image\/webp\" \/>\n<meta name=\"author\" content=\"La Gu\u00eda de Pamplona\" \/>\n<meta name=\"twitter:card\" content=\"summary_large_image\" \/>\n<meta name=\"twitter:creator\" content=\"@LaGuiadPamplona\" \/>\n<meta name=\"twitter:site\" content=\"@LaGuiadPamplona\" \/>\n<meta name=\"twitter:label1\" content=\"Escrito por\" \/>\n\t<meta name=\"twitter:data1\" content=\"La Gu\u00eda de Pamplona\" \/>\n\t<meta name=\"twitter:label2\" content=\"Tiempo de lectura\" \/>\n\t<meta name=\"twitter:data2\" content=\"2 minutos\" \/>\n<script type=\"application\/ld+json\" class=\"yoast-schema-graph\">{\"@context\":\"https:\\\/\\\/schema.org\",\"@graph\":[{\"@type\":\"Article\",\"@id\":\"https:\\\/\\\/www.laguiadepamplona.com\\\/actualidad\\\/el-ciclo-salas-de-musica-en-la-calle-concluye-este-miercoles-con-la-actuacion-del-grupo-guipuzcoano-ezpalak-en-el-bosquecillo\\\/#article\",\"isPartOf\":{\"@id\":\"https:\\\/\\\/www.laguiadepamplona.com\\\/actualidad\\\/el-ciclo-salas-de-musica-en-la-calle-concluye-este-miercoles-con-la-actuacion-del-grupo-guipuzcoano-ezpalak-en-el-bosquecillo\\\/\"},\"author\":{\"name\":\"La Gu\u00eda de Pamplona\",\"@id\":\"https:\\\/\\\/www.laguiadepamplona.com\\\/actualidad\\\/#\\\/schema\\\/person\\\/efe887376f0213d4657c93adc50b1fdb\"},\"headline\":\"El ciclo Salas de M\u00fasica en la Calle concluye este mi\u00e9rcoles con la actuaci\u00f3n del grupo guipuzcoano Ezpalak en el Bosquecillo\",\"datePublished\":\"2024-09-17T09:57:13+00:00\",\"mainEntityOfPage\":{\"@id\":\"https:\\\/\\\/www.laguiadepamplona.com\\\/actualidad\\\/el-ciclo-salas-de-musica-en-la-calle-concluye-este-miercoles-con-la-actuacion-del-grupo-guipuzcoano-ezpalak-en-el-bosquecillo\\\/\"},\"wordCount\":276,\"commentCount\":0,\"publisher\":{\"@id\":\"https:\\\/\\\/www.laguiadepamplona.com\\\/actualidad\\\/#organization\"},\"image\":{\"@id\":\"https:\\\/\\\/www.laguiadepamplona.com\\\/actualidad\\\/el-ciclo-salas-de-musica-en-la-calle-concluye-este-miercoles-con-la-actuacion-del-grupo-guipuzcoano-ezpalak-en-el-bosquecillo\\\/#primaryimage\"},\"thumbnailUrl\":\"https:\\\/\\\/www.laguiadepamplona.com\\\/actualidad\\\/wp-content\\\/uploads\\\/2024\\\/09\\\/Salas-de-musica-en-la-calle_web.webp\",\"articleSection\":[\"Ayto Pamplona\"],\"inLanguage\":\"es\",\"potentialAction\":[{\"@type\":\"CommentAction\",\"name\":\"Comment\",\"target\":[\"https:\\\/\\\/www.laguiadepamplona.com\\\/actualidad\\\/el-ciclo-salas-de-musica-en-la-calle-concluye-este-miercoles-con-la-actuacion-del-grupo-guipuzcoano-ezpalak-en-el-bosquecillo\\\/#respond\"]}]},{\"@type\":\"WebPage\",\"@id\":\"https:\\\/\\\/www.laguiadepamplona.com\\\/actualidad\\\/el-ciclo-salas-de-musica-en-la-calle-concluye-este-miercoles-con-la-actuacion-del-grupo-guipuzcoano-ezpalak-en-el-bosquecillo\\\/\",\"url\":\"https:\\\/\\\/www.laguiadepamplona.com\\\/actualidad\\\/el-ciclo-salas-de-musica-en-la-calle-concluye-este-miercoles-con-la-actuacion-del-grupo-guipuzcoano-ezpalak-en-el-bosquecillo\\\/\",\"name\":\"El ciclo Salas de M\u00fasica en la Calle concluye este mi\u00e9rcoles con la actuaci\u00f3n del grupo guipuzcoano Ezpalak en el Bosquecillo\",\"isPartOf\":{\"@id\":\"https:\\\/\\\/www.laguiadepamplona.com\\\/actualidad\\\/#website\"},\"primaryImageOfPage\":{\"@id\":\"https:\\\/\\\/www.laguiadepamplona.com\\\/actualidad\\\/el-ciclo-salas-de-musica-en-la-calle-concluye-este-miercoles-con-la-actuacion-del-grupo-guipuzcoano-ezpalak-en-el-bosquecillo\\\/#primaryimage\"},\"image\":{\"@id\":\"https:\\\/\\\/www.laguiadepamplona.com\\\/actualidad\\\/el-ciclo-salas-de-musica-en-la-calle-concluye-este-miercoles-con-la-actuacion-del-grupo-guipuzcoano-ezpalak-en-el-bosquecillo\\\/#primaryimage\"},\"thumbnailUrl\":\"https:\\\/\\\/www.laguiadepamplona.com\\\/actualidad\\\/wp-content\\\/uploads\\\/2024\\\/09\\\/Salas-de-musica-en-la-calle_web.webp\",\"datePublished\":\"2024-09-17T09:57:13+00:00\",\"description\":\"El concierto de esta banda referente del rock alternativo euskaldun comenzar\u00e1 a las 20 horas\",\"breadcrumb\":{\"@id\":\"https:\\\/\\\/www.laguiadepamplona.com\\\/actualidad\\\/el-ciclo-salas-de-musica-en-la-calle-concluye-este-miercoles-con-la-actuacion-del-grupo-guipuzcoano-ezpalak-en-el-bosquecillo\\\/#breadcrumb\"},\"inLanguage\":\"es\",\"potentialAction\":[{\"@type\":\"ReadAction\",\"target\":[\"https:\\\/\\\/www.laguiadepamplona.com\\\/actualidad\\\/el-ciclo-salas-de-musica-en-la-calle-concluye-este-miercoles-con-la-actuacion-del-grupo-guipuzcoano-ezpalak-en-el-bosquecillo\\\/\"]}]},{\"@type\":\"ImageObject\",\"inLanguage\":\"es\",\"@id\":\"https:\\\/\\\/www.laguiadepamplona.com\\\/actualidad\\\/el-ciclo-salas-de-musica-en-la-calle-concluye-este-miercoles-con-la-actuacion-del-grupo-guipuzcoano-ezpalak-en-el-bosquecillo\\\/#primaryimage\",\"url\":\"https:\\\/\\\/www.laguiadepamplona.com\\\/actualidad\\\/wp-content\\\/uploads\\\/2024\\\/09\\\/Salas-de-musica-en-la-calle_web.webp\",\"contentUrl\":\"https:\\\/\\\/www.laguiadepamplona.com\\\/actualidad\\\/wp-content\\\/uploads\\\/2024\\\/09\\\/Salas-de-musica-en-la-calle_web.webp\",\"width\":1000,\"height\":1000,\"caption\":\"salas de m\u00fasica en la calle\"},{\"@type\":\"BreadcrumbList\",\"@id\":\"https:\\\/\\\/www.laguiadepamplona.com\\\/actualidad\\\/el-ciclo-salas-de-musica-en-la-calle-concluye-este-miercoles-con-la-actuacion-del-grupo-guipuzcoano-ezpalak-en-el-bosquecillo\\\/#breadcrumb\",\"itemListElement\":[{\"@type\":\"ListItem\",\"position\":1,\"name\":\"Portada\",\"item\":\"https:\\\/\\\/www.laguiadepamplona.com\\\/actualidad\\\/\"},{\"@type\":\"ListItem\",\"position\":2,\"name\":\"El ciclo Salas de M\u00fasica en la Calle concluye este mi\u00e9rcoles con la actuaci\u00f3n del grupo guipuzcoano Ezpalak en el Bosquecillo\"}]},{\"@type\":\"WebSite\",\"@id\":\"https:\\\/\\\/www.laguiadepamplona.com\\\/actualidad\\\/#website\",\"url\":\"https:\\\/\\\/www.laguiadepamplona.com\\\/actualidad\\\/\",\"name\":\"La gu\u00eda de Pamplona\",\"description\":\"Noticias de Pamplona\",\"publisher\":{\"@id\":\"https:\\\/\\\/www.laguiadepamplona.com\\\/actualidad\\\/#organization\"},\"potentialAction\":[{\"@type\":\"SearchAction\",\"target\":{\"@type\":\"EntryPoint\",\"urlTemplate\":\"https:\\\/\\\/www.laguiadepamplona.com\\\/actualidad\\\/?s={search_term_string}\"},\"query-input\":{\"@type\":\"PropertyValueSpecification\",\"valueRequired\":true,\"valueName\":\"search_term_string\"}}],\"inLanguage\":\"es\"},{\"@type\":\"Organization\",\"@id\":\"https:\\\/\\\/www.laguiadepamplona.com\\\/actualidad\\\/#organization\",\"name\":\"La Gu\u00eda de Pamplona \\\/ Noticias\",\"url\":\"https:\\\/\\\/www.laguiadepamplona.com\\\/actualidad\\\/\",\"logo\":{\"@type\":\"ImageObject\",\"inLanguage\":\"es\",\"@id\":\"https:\\\/\\\/www.laguiadepamplona.com\\\/actualidad\\\/#\\\/schema\\\/logo\\\/image\\\/\",\"url\":\"https:\\\/\\\/www.laguiadepamplona.com\\\/actualidad\\\/wp-content\\\/uploads\\\/2018\\\/11\\\/logo-laguiadepamplona18-web1.png\",\"contentUrl\":\"https:\\\/\\\/www.laguiadepamplona.com\\\/actualidad\\\/wp-content\\\/uploads\\\/2018\\\/11\\\/logo-laguiadepamplona18-web1.png\",\"width\":600,\"height\":196,\"caption\":\"La Gu\u00eda de Pamplona \\\/ Noticias\"},\"image\":{\"@id\":\"https:\\\/\\\/www.laguiadepamplona.com\\\/actualidad\\\/#\\\/schema\\\/logo\\\/image\\\/\"},\"sameAs\":[\"https:\\\/\\\/www.facebook.com\\\/laguiadepamplonacom-133175176762273\\\/?ref=hl\",\"https:\\\/\\\/x.com\\\/LaGuiadPamplona\",\"https:\\\/\\\/www.instagram.com\\\/la_guia_de_pamplona\\\/\",\"https:\\\/\\\/www.youtube.com\\\/user\\\/laguiadepamplona\"]},{\"@type\":\"Person\",\"@id\":\"https:\\\/\\\/www.laguiadepamplona.com\\\/actualidad\\\/#\\\/schema\\\/person\\\/efe887376f0213d4657c93adc50b1fdb\",\"name\":\"La Gu\u00eda de Pamplona\",\"image\":{\"@type\":\"ImageObject\",\"inLanguage\":\"es\",\"@id\":\"https:\\\/\\\/secure.gravatar.com\\\/avatar\\\/b6992f131dc8d30ab0dff15446e9d346d9dbd95992de0fef795073f5ea83a81c?s=96&d=mm&r=g\",\"url\":\"https:\\\/\\\/secure.gravatar.com\\\/avatar\\\/b6992f131dc8d30ab0dff15446e9d346d9dbd95992de0fef795073f5ea83a81c?s=96&d=mm&r=g\",\"contentUrl\":\"https:\\\/\\\/secure.gravatar.com\\\/avatar\\\/b6992f131dc8d30ab0dff15446e9d346d9dbd95992de0fef795073f5ea83a81c?s=96&d=mm&r=g\",\"caption\":\"La Gu\u00eda de Pamplona\"}}]}<\/script>\n<!-- \/ Yoast SEO plugin. -->","yoast_head_json":{"title":"El ciclo Salas de M\u00fasica en la Calle concluye este mi\u00e9rcoles con la actuaci\u00f3n del grupo guipuzcoano Ezpalak en el Bosquecillo","description":"El concierto de esta banda referente del rock alternativo euskaldun comenzar\u00e1 a las 20 horas","robots":{"index":"index","follow":"follow","max-snippet":"max-snippet:-1","max-image-preview":"max-image-preview:large","max-video-preview":"max-video-preview:-1"},"canonical":"https:\/\/www.laguiadepamplona.com\/actualidad\/el-ciclo-salas-de-musica-en-la-calle-concluye-este-miercoles-con-la-actuacion-del-grupo-guipuzcoano-ezpalak-en-el-bosquecillo\/","og_locale":"es_ES","og_type":"article","og_title":"El ciclo Salas de M\u00fasica en la Calle concluye este mi\u00e9rcoles con la actuaci\u00f3n del grupo guipuzcoano Ezpalak en el Bosquecillo","og_description":"El concierto de esta banda referente del rock alternativo euskaldun comenzar\u00e1 a las 20 horas","og_url":"https:\/\/www.laguiadepamplona.com\/actualidad\/el-ciclo-salas-de-musica-en-la-calle-concluye-este-miercoles-con-la-actuacion-del-grupo-guipuzcoano-ezpalak-en-el-bosquecillo\/","og_site_name":"La Gu\u00eda de Pamplona","article_publisher":"https:\/\/www.facebook.com\/laguiadepamplonacom-133175176762273\/?ref=hl","article_published_time":"2024-09-17T09:57:13+00:00","og_image":[{"width":1000,"height":1000,"url":"https:\/\/www.laguiadepamplona.com\/actualidad\/wp-content\/uploads\/2024\/09\/Salas-de-musica-en-la-calle_web.webp","type":"image\/webp"}],"author":"La Gu\u00eda de Pamplona","twitter_card":"summary_large_image","twitter_creator":"@LaGuiadPamplona","twitter_site":"@LaGuiadPamplona","twitter_misc":{"Escrito por":"La Gu\u00eda de Pamplona","Tiempo de lectura":"2 minutos"},"schema":{"@context":"https:\/\/schema.org","@graph":[{"@type":"Article","@id":"https:\/\/www.laguiadepamplona.com\/actualidad\/el-ciclo-salas-de-musica-en-la-calle-concluye-este-miercoles-con-la-actuacion-del-grupo-guipuzcoano-ezpalak-en-el-bosquecillo\/#article","isPartOf":{"@id":"https:\/\/www.laguiadepamplona.com\/actualidad\/el-ciclo-salas-de-musica-en-la-calle-concluye-este-miercoles-con-la-actuacion-del-grupo-guipuzcoano-ezpalak-en-el-bosquecillo\/"},"author":{"name":"La Gu\u00eda de Pamplona","@id":"https:\/\/www.laguiadepamplona.com\/actualidad\/#\/schema\/person\/efe887376f0213d4657c93adc50b1fdb"},"headline":"El ciclo Salas de M\u00fasica en la Calle concluye este mi\u00e9rcoles con la actuaci\u00f3n del grupo guipuzcoano Ezpalak en el Bosquecillo","datePublished":"2024-09-17T09:57:13+00:00","mainEntityOfPage":{"@id":"https:\/\/www.laguiadepamplona.com\/actualidad\/el-ciclo-salas-de-musica-en-la-calle-concluye-este-miercoles-con-la-actuacion-del-grupo-guipuzcoano-ezpalak-en-el-bosquecillo\/"},"wordCount":276,"commentCount":0,"publisher":{"@id":"https:\/\/www.laguiadepamplona.com\/actualidad\/#organization"},"image":{"@id":"https:\/\/www.laguiadepamplona.com\/actualidad\/el-ciclo-salas-de-musica-en-la-calle-concluye-este-miercoles-con-la-actuacion-del-grupo-guipuzcoano-ezpalak-en-el-bosquecillo\/#primaryimage"},"thumbnailUrl":"https:\/\/www.laguiadepamplona.com\/actualidad\/wp-content\/uploads\/2024\/09\/Salas-de-musica-en-la-calle_web.webp","articleSection":["Ayto Pamplona"],"inLanguage":"es","potentialAction":[{"@type":"CommentAction","name":"Comment","target":["https:\/\/www.laguiadepamplona.com\/actualidad\/el-ciclo-salas-de-musica-en-la-calle-concluye-este-miercoles-con-la-actuacion-del-grupo-guipuzcoano-ezpalak-en-el-bosquecillo\/#respond"]}]},{"@type":"WebPage","@id":"https:\/\/www.laguiadepamplona.com\/actualidad\/el-ciclo-salas-de-musica-en-la-calle-concluye-este-miercoles-con-la-actuacion-del-grupo-guipuzcoano-ezpalak-en-el-bosquecillo\/","url":"https:\/\/www.laguiadepamplona.com\/actualidad\/el-ciclo-salas-de-musica-en-la-calle-concluye-este-miercoles-con-la-actuacion-del-grupo-guipuzcoano-ezpalak-en-el-bosquecillo\/","name":"El ciclo Salas de M\u00fasica en la Calle concluye este mi\u00e9rcoles con la actuaci\u00f3n del grupo guipuzcoano Ezpalak en el Bosquecillo","isPartOf":{"@id":"https:\/\/www.laguiadepamplona.com\/actualidad\/#website"},"primaryImageOfPage":{"@id":"https:\/\/www.laguiadepamplona.com\/actualidad\/el-ciclo-salas-de-musica-en-la-calle-concluye-este-miercoles-con-la-actuacion-del-grupo-guipuzcoano-ezpalak-en-el-bosquecillo\/#primaryimage"},"image":{"@id":"https:\/\/www.laguiadepamplona.com\/actualidad\/el-ciclo-salas-de-musica-en-la-calle-concluye-este-miercoles-con-la-actuacion-del-grupo-guipuzcoano-ezpalak-en-el-bosquecillo\/#primaryimage"},"thumbnailUrl":"https:\/\/www.laguiadepamplona.com\/actualidad\/wp-content\/uploads\/2024\/09\/Salas-de-musica-en-la-calle_web.webp","datePublished":"2024-09-17T09:57:13+00:00","description":"El concierto de esta banda referente del rock alternativo euskaldun comenzar\u00e1 a las 20 horas","breadcrumb":{"@id":"https:\/\/www.laguiadepamplona.com\/actualidad\/el-ciclo-salas-de-musica-en-la-calle-concluye-este-miercoles-con-la-actuacion-del-grupo-guipuzcoano-ezpalak-en-el-bosquecillo\/#breadcrumb"},"inLanguage":"es","potentialAction":[{"@type":"ReadAction","target":["https:\/\/www.laguiadepamplona.com\/actualidad\/el-ciclo-salas-de-musica-en-la-calle-concluye-este-miercoles-con-la-actuacion-del-grupo-guipuzcoano-ezpalak-en-el-bosquecillo\/"]}]},{"@type":"ImageObject","inLanguage":"es","@id":"https:\/\/www.laguiadepamplona.com\/actualidad\/el-ciclo-salas-de-musica-en-la-calle-concluye-este-miercoles-con-la-actuacion-del-grupo-guipuzcoano-ezpalak-en-el-bosquecillo\/#primaryimage","url":"https:\/\/www.laguiadepamplona.com\/actualidad\/wp-content\/uploads\/2024\/09\/Salas-de-musica-en-la-calle_web.webp","contentUrl":"https:\/\/www.laguiadepamplona.com\/actualidad\/wp-content\/uploads\/2024\/09\/Salas-de-musica-en-la-calle_web.webp","width":1000,"height":1000,"caption":"salas de m\u00fasica en la calle"},{"@type":"BreadcrumbList","@id":"https:\/\/www.laguiadepamplona.com\/actualidad\/el-ciclo-salas-de-musica-en-la-calle-concluye-este-miercoles-con-la-actuacion-del-grupo-guipuzcoano-ezpalak-en-el-bosquecillo\/#breadcrumb","itemListElement":[{"@type":"ListItem","position":1,"name":"Portada","item":"https:\/\/www.laguiadepamplona.com\/actualidad\/"},{"@type":"ListItem","position":2,"name":"El ciclo Salas de M\u00fasica en la Calle concluye este mi\u00e9rcoles con la actuaci\u00f3n del grupo guipuzcoano Ezpalak en el Bosquecillo"}]},{"@type":"WebSite","@id":"https:\/\/www.laguiadepamplona.com\/actualidad\/#website","url":"https:\/\/www.laguiadepamplona.com\/actualidad\/","name":"La gu\u00eda de Pamplona","description":"Noticias de Pamplona","publisher":{"@id":"https:\/\/www.laguiadepamplona.com\/actualidad\/#organization"},"potentialAction":[{"@type":"SearchAction","target":{"@type":"EntryPoint","urlTemplate":"https:\/\/www.laguiadepamplona.com\/actualidad\/?s={search_term_string}"},"query-input":{"@type":"PropertyValueSpecification","valueRequired":true,"valueName":"search_term_string"}}],"inLanguage":"es"},{"@type":"Organization","@id":"https:\/\/www.laguiadepamplona.com\/actualidad\/#organization","name":"La Gu\u00eda de Pamplona \/ Noticias","url":"https:\/\/www.laguiadepamplona.com\/actualidad\/","logo":{"@type":"ImageObject","inLanguage":"es","@id":"https:\/\/www.laguiadepamplona.com\/actualidad\/#\/schema\/logo\/image\/","url":"https:\/\/www.laguiadepamplona.com\/actualidad\/wp-content\/uploads\/2018\/11\/logo-laguiadepamplona18-web1.png","contentUrl":"https:\/\/www.laguiadepamplona.com\/actualidad\/wp-content\/uploads\/2018\/11\/logo-laguiadepamplona18-web1.png","width":600,"height":196,"caption":"La Gu\u00eda de Pamplona \/ Noticias"},"image":{"@id":"https:\/\/www.laguiadepamplona.com\/actualidad\/#\/schema\/logo\/image\/"},"sameAs":["https:\/\/www.facebook.com\/laguiadepamplonacom-133175176762273\/?ref=hl","https:\/\/x.com\/LaGuiadPamplona","https:\/\/www.instagram.com\/la_guia_de_pamplona\/","https:\/\/www.youtube.com\/user\/laguiadepamplona"]},{"@type":"Person","@id":"https:\/\/www.laguiadepamplona.com\/actualidad\/#\/schema\/person\/efe887376f0213d4657c93adc50b1fdb","name":"La Gu\u00eda de Pamplona","image":{"@type":"ImageObject","inLanguage":"es","@id":"https:\/\/secure.gravatar.com\/avatar\/b6992f131dc8d30ab0dff15446e9d346d9dbd95992de0fef795073f5ea83a81c?s=96&d=mm&r=g","url":"https:\/\/secure.gravatar.com\/avatar\/b6992f131dc8d30ab0dff15446e9d346d9dbd95992de0fef795073f5ea83a81c?s=96&d=mm&r=g","contentUrl":"https:\/\/secure.gravatar.com\/avatar\/b6992f131dc8d30ab0dff15446e9d346d9dbd95992de0fef795073f5ea83a81c?s=96&d=mm&r=g","caption":"La Gu\u00eda de Pamplona"}}]}},"post_mailing_queue_ids":[],"_links":{"self":[{"href":"https:\/\/www.laguiadepamplona.com\/actualidad\/wp-json\/wp\/v2\/posts\/50714","targetHints":{"allow":["GET"]}}],"collection":[{"href":"https:\/\/www.laguiadepamplona.com\/actualidad\/wp-json\/wp\/v2\/posts"}],"about":[{"href":"https:\/\/www.laguiadepamplona.com\/actualidad\/wp-json\/wp\/v2\/types\/post"}],"author":[{"embeddable":true,"href":"https:\/\/www.laguiadepamplona.com\/actualidad\/wp-json\/wp\/v2\/users\/1"}],"replies":[{"embeddable":true,"href":"https:\/\/www.laguiadepamplona.com\/actualidad\/wp-json\/wp\/v2\/comments?post=50714"}],"version-history":[{"count":1,"href":"https:\/\/www.laguiadepamplona.com\/actualidad\/wp-json\/wp\/v2\/posts\/50714\/revisions"}],"predecessor-version":[{"id":50716,"href":"https:\/\/www.laguiadepamplona.com\/actualidad\/wp-json\/wp\/v2\/posts\/50714\/revisions\/50716"}],"wp:featuredmedia":[{"embeddable":true,"href":"https:\/\/www.laguiadepamplona.com\/actualidad\/wp-json\/wp\/v2\/media\/50715"}],"wp:attachment":[{"href":"https:\/\/www.laguiadepamplona.com\/actualidad\/wp-json\/wp\/v2\/media?parent=50714"}],"wp:term":[{"taxonomy":"category","embeddable":true,"href":"https:\/\/www.laguiadepamplona.com\/actualidad\/wp-json\/wp\/v2\/categories?post=50714"},{"taxonomy":"post_tag","embeddable":true,"href":"https:\/\/www.laguiadepamplona.com\/actualidad\/wp-json\/wp\/v2\/tags?post=50714"}],"curies":[{"name":"wp","href":"https:\/\/api.w.org\/{rel}","templated":true}]}}