{"id":50711,"date":"2024-09-17T11:55:26","date_gmt":"2024-09-17T09:55:26","guid":{"rendered":"https:\/\/www.laguiadepamplona.com\/actualidad\/?p=50711"},"modified":"2024-09-17T11:55:26","modified_gmt":"2024-09-17T09:55:26","slug":"el-ayuntamiento-de-pamplona-y-el-cnai-forman-a-40-personas-para-mejorar-su-cualificacion-profesional-en-el-sector-de-atencion-sociosanitaria","status":"publish","type":"post","link":"https:\/\/www.laguiadepamplona.com\/actualidad\/el-ayuntamiento-de-pamplona-y-el-cnai-forman-a-40-personas-para-mejorar-su-cualificacion-profesional-en-el-sector-de-atencion-sociosanitaria\/","title":{"rendered":"El Ayuntamiento de Pamplona y el CNAI forman a 40 personas para mejorar su cualificaci\u00f3n profesional en el sector de atenci\u00f3n sociosanitaria"},"content":{"rendered":"<h2>El alumnado, personas atendidas en los distintos programas y recursos del \u00e1rea de Acci\u00f3n Social, podr\u00e1 obtener tras la formaci\u00f3n un certificado profesional<\/h2>\n<p><!--more--><\/p>\n<p>El Ayuntamiento de Pamplona, en colaboraci\u00f3n con el departamento de Educaci\u00f3n de Gobierno de Navarra, ha puesto en marcha dos cursos de formaci\u00f3n para la cualificaci\u00f3n de perfiles profesionales en el sector sociosanitario, a trav\u00e9s de la convocatoria de Reskilling \u2013 Upskilling. En concreto, cuarenta personas participan en sendos cursos de Atenci\u00f3n a Personas en Situaci\u00f3n de Dependencia y\/o Discapacidad en Instituciones, que buscan favorecer el acceso al empleo, la inclusi\u00f3n y la atenci\u00f3n de calidad en los cuidados.<\/p>\n<p>Ambos itinerarios formativos, con 20 participantes cada uno de ellos, se iniciaron el 3 de junio y finalizan el 19 noviembre. El conjunto de acciones formativas tiene una duraci\u00f3n de 370 horas y est\u00e1n destinadas a personas atendidas desde los diferentes programas y recursos del \u00c1rea de Acci\u00f3n Social del Ayuntamiento de Pamplona interesadas en dedicarse a este sector profesional.<\/p>\n<p>En este caso, el perfil del alumnado es mayoritariamente femenino (36 mujeres y 4 hombres) con una media de edad de 44 a\u00f1os. La mayor parte del alumnado ha nacido fuera de Espa\u00f1a y contaba, adem\u00e1s, con experiencia previa en el sector de los cuidados. Los cursos se imparten en los locales de IWER, en la calle Marcelo Celayeta 75, en un horario de ma\u00f1anas a fin de hacerlo compatible con la conciliaci\u00f3n familiar.<\/p>\n<p>Tras superar la acci\u00f3n formativa, el alumnado podr\u00e1 realizar los tr\u00e1mites para acceder al procedimiento de acreditaci\u00f3n de las competencias profesionales. De esta forma, tras superar el procedimiento, obtendr\u00eda un certificado profesional de nivel 2 v\u00eda formaci\u00f3n no formal. Con esta acreditaci\u00f3n podr\u00e1n trabajar en instituciones con personas mayores y\/o dependientes.<\/p>\n<p>Tanto el Ayuntamiento de Pamplona como el Gobierno de Navarra apuestas por este tipo de programas de cualificaci\u00f3n, ya que gracias a ellos se logran dos objetivos simult\u00e1neos. Por un lado, permiten el acceso al mercado laboral de las personas formadas en el \u00e1rea de cuidados. Y, por otro, garantizan la capacidad t\u00e9cnica de quienes cuidan a las personas usuarias demandantes de estos servicios en instituciones.<\/p>\n<p>La entidad p\u00fablica del Gobierno de Navarra, CNAI, adscrita al departamento de Educaci\u00f3n, se encarga de la gesti\u00f3n de este programa de acciones para la mejora de las cualificaciones profesionales de la poblaci\u00f3n activa de la Comunidad Foral. En este caso, la formaci\u00f3n te\u00f3rico-pr\u00e1ctica corre a cargo de la consultora de recursos humanos ACTIMA, adjudicataria de la licitaci\u00f3n correspondiente.<\/p>\n<p>Estas acciones de Reskilling y Upskilling est\u00e1n financiadas por los fondos del Mecanismo de Recuperaci\u00f3n, Transformaci\u00f3n y Resiliencia de la Uni\u00f3n Europea Next Generation EU. Su prop\u00f3sito es mejorar la cualificaci\u00f3n y recualificaci\u00f3n de la poblaci\u00f3n activa, vinculada a cualificaciones profesionales en sectores estrat\u00e9gicos, y orientadas al cuidado de las personas, prestando especial atenci\u00f3n a zonas en riesgo de despoblaci\u00f3n.<\/p>\n<p>Recientemente, el Ayuntamiento de Pamplona han renovado la acreditaci\u00f3n ISO 9001:2015 en lo relacionado con la formaci\u00f3n que organiza. De esta forma, todas las acciones formativas que se llevan a cabo desde el \u00e1rea de Acci\u00f3n Social cumplen con el est\u00e1ndar internacional que regula los Sistemas de Gesti\u00f3n de la Calidad. Concretamente se ha obtenido este reconocimiento en el dise\u00f1o, gesti\u00f3n e impartici\u00f3n de las acciones formativas de los programas de Escuelas Taller, acciones formativas dirigidas a personas usuarias del \u00e1rea de Servicios Sociales.<\/p>\n","protected":false},"excerpt":{"rendered":"<p>El alumnado, personas atendidas en los distintos programas y recursos del \u00e1rea de Acci\u00f3n Social, podr\u00e1 obtener tras la formaci\u00f3n un certificado profesional<\/p>\n","protected":false},"author":1,"featured_media":50712,"comment_status":"open","ping_status":"closed","sticky":false,"template":"","format":"standard","meta":{"footnotes":""},"categories":[2],"tags":[],"class_list":["post-50711","post","type-post","status-publish","format-standard","has-post-thumbnail","hentry","category-ayuntamiento-pamplona"],"yoast_head":"<!-- This site is optimized with the Yoast SEO plugin v27.3 - https:\/\/yoast.com\/product\/yoast-seo-wordpress\/ -->\n<title>El Ayuntamiento de Pamplona y el CNAI forman a 40 personas para mejorar su cualificaci\u00f3n profesional en el sector de atenci\u00f3n sociosanitaria<\/title>\n<meta name=\"description\" content=\"El alumnado, personas atendidas en los distintos programas y recursos del \u00e1rea de Acci\u00f3n Social, podr\u00e1 obtener tras la formaci\u00f3n un certificado profesional\" \/>\n<meta name=\"robots\" content=\"index, follow, max-snippet:-1, max-image-preview:large, max-video-preview:-1\" \/>\n<link rel=\"canonical\" href=\"https:\/\/www.laguiadepamplona.com\/actualidad\/el-ayuntamiento-de-pamplona-y-el-cnai-forman-a-40-personas-para-mejorar-su-cualificacion-profesional-en-el-sector-de-atencion-sociosanitaria\/\" \/>\n<meta property=\"og:locale\" content=\"es_ES\" \/>\n<meta property=\"og:type\" content=\"article\" \/>\n<meta property=\"og:title\" content=\"El Ayuntamiento de Pamplona y el CNAI forman a 40 personas para mejorar su cualificaci\u00f3n profesional en el sector de atenci\u00f3n sociosanitaria\" \/>\n<meta property=\"og:description\" content=\"El alumnado, personas atendidas en los distintos programas y recursos del \u00e1rea de Acci\u00f3n Social, podr\u00e1 obtener tras la formaci\u00f3n un certificado profesional\" \/>\n<meta property=\"og:url\" content=\"https:\/\/www.laguiadepamplona.com\/actualidad\/el-ayuntamiento-de-pamplona-y-el-cnai-forman-a-40-personas-para-mejorar-su-cualificacion-profesional-en-el-sector-de-atencion-sociosanitaria\/\" \/>\n<meta property=\"og:site_name\" content=\"La Gu\u00eda de Pamplona\" \/>\n<meta property=\"article:publisher\" content=\"https:\/\/www.facebook.com\/laguiadepamplonacom-133175176762273\/?ref=hl\" \/>\n<meta property=\"article:published_time\" content=\"2024-09-17T09:55:26+00:00\" \/>\n<meta property=\"og:image\" content=\"https:\/\/www.laguiadepamplona.com\/actualidad\/wp-content\/uploads\/2024\/09\/Formacion-sociales_web.webp\" \/>\n\t<meta property=\"og:image:width\" content=\"1000\" \/>\n\t<meta property=\"og:image:height\" content=\"667\" \/>\n\t<meta property=\"og:image:type\" content=\"image\/webp\" \/>\n<meta name=\"author\" content=\"La Gu\u00eda de Pamplona\" \/>\n<meta name=\"twitter:card\" content=\"summary_large_image\" \/>\n<meta name=\"twitter:creator\" content=\"@LaGuiadPamplona\" \/>\n<meta name=\"twitter:site\" content=\"@LaGuiadPamplona\" \/>\n<meta name=\"twitter:label1\" content=\"Escrito por\" \/>\n\t<meta name=\"twitter:data1\" content=\"La Gu\u00eda de Pamplona\" \/>\n\t<meta name=\"twitter:label2\" content=\"Tiempo de lectura\" \/>\n\t<meta name=\"twitter:data2\" content=\"3 minutos\" \/>\n<script type=\"application\/ld+json\" class=\"yoast-schema-graph\">{\"@context\":\"https:\\\/\\\/schema.org\",\"@graph\":[{\"@type\":\"Article\",\"@id\":\"https:\\\/\\\/www.laguiadepamplona.com\\\/actualidad\\\/el-ayuntamiento-de-pamplona-y-el-cnai-forman-a-40-personas-para-mejorar-su-cualificacion-profesional-en-el-sector-de-atencion-sociosanitaria\\\/#article\",\"isPartOf\":{\"@id\":\"https:\\\/\\\/www.laguiadepamplona.com\\\/actualidad\\\/el-ayuntamiento-de-pamplona-y-el-cnai-forman-a-40-personas-para-mejorar-su-cualificacion-profesional-en-el-sector-de-atencion-sociosanitaria\\\/\"},\"author\":{\"name\":\"La Gu\u00eda de Pamplona\",\"@id\":\"https:\\\/\\\/www.laguiadepamplona.com\\\/actualidad\\\/#\\\/schema\\\/person\\\/efe887376f0213d4657c93adc50b1fdb\"},\"headline\":\"El Ayuntamiento de Pamplona y el CNAI forman a 40 personas para mejorar su cualificaci\u00f3n profesional en el sector de atenci\u00f3n sociosanitaria\",\"datePublished\":\"2024-09-17T09:55:26+00:00\",\"mainEntityOfPage\":{\"@id\":\"https:\\\/\\\/www.laguiadepamplona.com\\\/actualidad\\\/el-ayuntamiento-de-pamplona-y-el-cnai-forman-a-40-personas-para-mejorar-su-cualificacion-profesional-en-el-sector-de-atencion-sociosanitaria\\\/\"},\"wordCount\":627,\"commentCount\":0,\"publisher\":{\"@id\":\"https:\\\/\\\/www.laguiadepamplona.com\\\/actualidad\\\/#organization\"},\"image\":{\"@id\":\"https:\\\/\\\/www.laguiadepamplona.com\\\/actualidad\\\/el-ayuntamiento-de-pamplona-y-el-cnai-forman-a-40-personas-para-mejorar-su-cualificacion-profesional-en-el-sector-de-atencion-sociosanitaria\\\/#primaryimage\"},\"thumbnailUrl\":\"https:\\\/\\\/www.laguiadepamplona.com\\\/actualidad\\\/wp-content\\\/uploads\\\/2024\\\/09\\\/Formacion-sociales_web.webp\",\"articleSection\":[\"Ayto Pamplona\"],\"inLanguage\":\"es\",\"potentialAction\":[{\"@type\":\"CommentAction\",\"name\":\"Comment\",\"target\":[\"https:\\\/\\\/www.laguiadepamplona.com\\\/actualidad\\\/el-ayuntamiento-de-pamplona-y-el-cnai-forman-a-40-personas-para-mejorar-su-cualificacion-profesional-en-el-sector-de-atencion-sociosanitaria\\\/#respond\"]}]},{\"@type\":\"WebPage\",\"@id\":\"https:\\\/\\\/www.laguiadepamplona.com\\\/actualidad\\\/el-ayuntamiento-de-pamplona-y-el-cnai-forman-a-40-personas-para-mejorar-su-cualificacion-profesional-en-el-sector-de-atencion-sociosanitaria\\\/\",\"url\":\"https:\\\/\\\/www.laguiadepamplona.com\\\/actualidad\\\/el-ayuntamiento-de-pamplona-y-el-cnai-forman-a-40-personas-para-mejorar-su-cualificacion-profesional-en-el-sector-de-atencion-sociosanitaria\\\/\",\"name\":\"El Ayuntamiento de Pamplona y el CNAI forman a 40 personas para mejorar su cualificaci\u00f3n profesional en el sector de atenci\u00f3n sociosanitaria\",\"isPartOf\":{\"@id\":\"https:\\\/\\\/www.laguiadepamplona.com\\\/actualidad\\\/#website\"},\"primaryImageOfPage\":{\"@id\":\"https:\\\/\\\/www.laguiadepamplona.com\\\/actualidad\\\/el-ayuntamiento-de-pamplona-y-el-cnai-forman-a-40-personas-para-mejorar-su-cualificacion-profesional-en-el-sector-de-atencion-sociosanitaria\\\/#primaryimage\"},\"image\":{\"@id\":\"https:\\\/\\\/www.laguiadepamplona.com\\\/actualidad\\\/el-ayuntamiento-de-pamplona-y-el-cnai-forman-a-40-personas-para-mejorar-su-cualificacion-profesional-en-el-sector-de-atencion-sociosanitaria\\\/#primaryimage\"},\"thumbnailUrl\":\"https:\\\/\\\/www.laguiadepamplona.com\\\/actualidad\\\/wp-content\\\/uploads\\\/2024\\\/09\\\/Formacion-sociales_web.webp\",\"datePublished\":\"2024-09-17T09:55:26+00:00\",\"description\":\"El alumnado, personas atendidas en los distintos programas y recursos del \u00e1rea de Acci\u00f3n Social, podr\u00e1 obtener tras la formaci\u00f3n un certificado profesional\",\"breadcrumb\":{\"@id\":\"https:\\\/\\\/www.laguiadepamplona.com\\\/actualidad\\\/el-ayuntamiento-de-pamplona-y-el-cnai-forman-a-40-personas-para-mejorar-su-cualificacion-profesional-en-el-sector-de-atencion-sociosanitaria\\\/#breadcrumb\"},\"inLanguage\":\"es\",\"potentialAction\":[{\"@type\":\"ReadAction\",\"target\":[\"https:\\\/\\\/www.laguiadepamplona.com\\\/actualidad\\\/el-ayuntamiento-de-pamplona-y-el-cnai-forman-a-40-personas-para-mejorar-su-cualificacion-profesional-en-el-sector-de-atencion-sociosanitaria\\\/\"]}]},{\"@type\":\"ImageObject\",\"inLanguage\":\"es\",\"@id\":\"https:\\\/\\\/www.laguiadepamplona.com\\\/actualidad\\\/el-ayuntamiento-de-pamplona-y-el-cnai-forman-a-40-personas-para-mejorar-su-cualificacion-profesional-en-el-sector-de-atencion-sociosanitaria\\\/#primaryimage\",\"url\":\"https:\\\/\\\/www.laguiadepamplona.com\\\/actualidad\\\/wp-content\\\/uploads\\\/2024\\\/09\\\/Formacion-sociales_web.webp\",\"contentUrl\":\"https:\\\/\\\/www.laguiadepamplona.com\\\/actualidad\\\/wp-content\\\/uploads\\\/2024\\\/09\\\/Formacion-sociales_web.webp\",\"width\":1000,\"height\":667,\"caption\":\"formaci\u00f3n sociales\"},{\"@type\":\"BreadcrumbList\",\"@id\":\"https:\\\/\\\/www.laguiadepamplona.com\\\/actualidad\\\/el-ayuntamiento-de-pamplona-y-el-cnai-forman-a-40-personas-para-mejorar-su-cualificacion-profesional-en-el-sector-de-atencion-sociosanitaria\\\/#breadcrumb\",\"itemListElement\":[{\"@type\":\"ListItem\",\"position\":1,\"name\":\"Portada\",\"item\":\"https:\\\/\\\/www.laguiadepamplona.com\\\/actualidad\\\/\"},{\"@type\":\"ListItem\",\"position\":2,\"name\":\"El Ayuntamiento de Pamplona y el CNAI forman a 40 personas para mejorar su cualificaci\u00f3n profesional en el sector de atenci\u00f3n sociosanitaria\"}]},{\"@type\":\"WebSite\",\"@id\":\"https:\\\/\\\/www.laguiadepamplona.com\\\/actualidad\\\/#website\",\"url\":\"https:\\\/\\\/www.laguiadepamplona.com\\\/actualidad\\\/\",\"name\":\"La gu\u00eda de Pamplona\",\"description\":\"Noticias de Pamplona\",\"publisher\":{\"@id\":\"https:\\\/\\\/www.laguiadepamplona.com\\\/actualidad\\\/#organization\"},\"potentialAction\":[{\"@type\":\"SearchAction\",\"target\":{\"@type\":\"EntryPoint\",\"urlTemplate\":\"https:\\\/\\\/www.laguiadepamplona.com\\\/actualidad\\\/?s={search_term_string}\"},\"query-input\":{\"@type\":\"PropertyValueSpecification\",\"valueRequired\":true,\"valueName\":\"search_term_string\"}}],\"inLanguage\":\"es\"},{\"@type\":\"Organization\",\"@id\":\"https:\\\/\\\/www.laguiadepamplona.com\\\/actualidad\\\/#organization\",\"name\":\"La Gu\u00eda de Pamplona \\\/ Noticias\",\"url\":\"https:\\\/\\\/www.laguiadepamplona.com\\\/actualidad\\\/\",\"logo\":{\"@type\":\"ImageObject\",\"inLanguage\":\"es\",\"@id\":\"https:\\\/\\\/www.laguiadepamplona.com\\\/actualidad\\\/#\\\/schema\\\/logo\\\/image\\\/\",\"url\":\"https:\\\/\\\/www.laguiadepamplona.com\\\/actualidad\\\/wp-content\\\/uploads\\\/2018\\\/11\\\/logo-laguiadepamplona18-web1.png\",\"contentUrl\":\"https:\\\/\\\/www.laguiadepamplona.com\\\/actualidad\\\/wp-content\\\/uploads\\\/2018\\\/11\\\/logo-laguiadepamplona18-web1.png\",\"width\":600,\"height\":196,\"caption\":\"La Gu\u00eda de Pamplona \\\/ Noticias\"},\"image\":{\"@id\":\"https:\\\/\\\/www.laguiadepamplona.com\\\/actualidad\\\/#\\\/schema\\\/logo\\\/image\\\/\"},\"sameAs\":[\"https:\\\/\\\/www.facebook.com\\\/laguiadepamplonacom-133175176762273\\\/?ref=hl\",\"https:\\\/\\\/x.com\\\/LaGuiadPamplona\",\"https:\\\/\\\/www.instagram.com\\\/la_guia_de_pamplona\\\/\",\"https:\\\/\\\/www.youtube.com\\\/user\\\/laguiadepamplona\"]},{\"@type\":\"Person\",\"@id\":\"https:\\\/\\\/www.laguiadepamplona.com\\\/actualidad\\\/#\\\/schema\\\/person\\\/efe887376f0213d4657c93adc50b1fdb\",\"name\":\"La Gu\u00eda de Pamplona\",\"image\":{\"@type\":\"ImageObject\",\"inLanguage\":\"es\",\"@id\":\"https:\\\/\\\/secure.gravatar.com\\\/avatar\\\/b6992f131dc8d30ab0dff15446e9d346d9dbd95992de0fef795073f5ea83a81c?s=96&d=mm&r=g\",\"url\":\"https:\\\/\\\/secure.gravatar.com\\\/avatar\\\/b6992f131dc8d30ab0dff15446e9d346d9dbd95992de0fef795073f5ea83a81c?s=96&d=mm&r=g\",\"contentUrl\":\"https:\\\/\\\/secure.gravatar.com\\\/avatar\\\/b6992f131dc8d30ab0dff15446e9d346d9dbd95992de0fef795073f5ea83a81c?s=96&d=mm&r=g\",\"caption\":\"La Gu\u00eda de Pamplona\"}}]}<\/script>\n<!-- \/ Yoast SEO plugin. -->","yoast_head_json":{"title":"El Ayuntamiento de Pamplona y el CNAI forman a 40 personas para mejorar su cualificaci\u00f3n profesional en el sector de atenci\u00f3n sociosanitaria","description":"El alumnado, personas atendidas en los distintos programas y recursos del \u00e1rea de Acci\u00f3n Social, podr\u00e1 obtener tras la formaci\u00f3n un certificado profesional","robots":{"index":"index","follow":"follow","max-snippet":"max-snippet:-1","max-image-preview":"max-image-preview:large","max-video-preview":"max-video-preview:-1"},"canonical":"https:\/\/www.laguiadepamplona.com\/actualidad\/el-ayuntamiento-de-pamplona-y-el-cnai-forman-a-40-personas-para-mejorar-su-cualificacion-profesional-en-el-sector-de-atencion-sociosanitaria\/","og_locale":"es_ES","og_type":"article","og_title":"El Ayuntamiento de Pamplona y el CNAI forman a 40 personas para mejorar su cualificaci\u00f3n profesional en el sector de atenci\u00f3n sociosanitaria","og_description":"El alumnado, personas atendidas en los distintos programas y recursos del \u00e1rea de Acci\u00f3n Social, podr\u00e1 obtener tras la formaci\u00f3n un certificado profesional","og_url":"https:\/\/www.laguiadepamplona.com\/actualidad\/el-ayuntamiento-de-pamplona-y-el-cnai-forman-a-40-personas-para-mejorar-su-cualificacion-profesional-en-el-sector-de-atencion-sociosanitaria\/","og_site_name":"La Gu\u00eda de Pamplona","article_publisher":"https:\/\/www.facebook.com\/laguiadepamplonacom-133175176762273\/?ref=hl","article_published_time":"2024-09-17T09:55:26+00:00","og_image":[{"width":1000,"height":667,"url":"https:\/\/www.laguiadepamplona.com\/actualidad\/wp-content\/uploads\/2024\/09\/Formacion-sociales_web.webp","type":"image\/webp"}],"author":"La Gu\u00eda de Pamplona","twitter_card":"summary_large_image","twitter_creator":"@LaGuiadPamplona","twitter_site":"@LaGuiadPamplona","twitter_misc":{"Escrito por":"La Gu\u00eda de Pamplona","Tiempo de lectura":"3 minutos"},"schema":{"@context":"https:\/\/schema.org","@graph":[{"@type":"Article","@id":"https:\/\/www.laguiadepamplona.com\/actualidad\/el-ayuntamiento-de-pamplona-y-el-cnai-forman-a-40-personas-para-mejorar-su-cualificacion-profesional-en-el-sector-de-atencion-sociosanitaria\/#article","isPartOf":{"@id":"https:\/\/www.laguiadepamplona.com\/actualidad\/el-ayuntamiento-de-pamplona-y-el-cnai-forman-a-40-personas-para-mejorar-su-cualificacion-profesional-en-el-sector-de-atencion-sociosanitaria\/"},"author":{"name":"La Gu\u00eda de Pamplona","@id":"https:\/\/www.laguiadepamplona.com\/actualidad\/#\/schema\/person\/efe887376f0213d4657c93adc50b1fdb"},"headline":"El Ayuntamiento de Pamplona y el CNAI forman a 40 personas para mejorar su cualificaci\u00f3n profesional en el sector de atenci\u00f3n sociosanitaria","datePublished":"2024-09-17T09:55:26+00:00","mainEntityOfPage":{"@id":"https:\/\/www.laguiadepamplona.com\/actualidad\/el-ayuntamiento-de-pamplona-y-el-cnai-forman-a-40-personas-para-mejorar-su-cualificacion-profesional-en-el-sector-de-atencion-sociosanitaria\/"},"wordCount":627,"commentCount":0,"publisher":{"@id":"https:\/\/www.laguiadepamplona.com\/actualidad\/#organization"},"image":{"@id":"https:\/\/www.laguiadepamplona.com\/actualidad\/el-ayuntamiento-de-pamplona-y-el-cnai-forman-a-40-personas-para-mejorar-su-cualificacion-profesional-en-el-sector-de-atencion-sociosanitaria\/#primaryimage"},"thumbnailUrl":"https:\/\/www.laguiadepamplona.com\/actualidad\/wp-content\/uploads\/2024\/09\/Formacion-sociales_web.webp","articleSection":["Ayto Pamplona"],"inLanguage":"es","potentialAction":[{"@type":"CommentAction","name":"Comment","target":["https:\/\/www.laguiadepamplona.com\/actualidad\/el-ayuntamiento-de-pamplona-y-el-cnai-forman-a-40-personas-para-mejorar-su-cualificacion-profesional-en-el-sector-de-atencion-sociosanitaria\/#respond"]}]},{"@type":"WebPage","@id":"https:\/\/www.laguiadepamplona.com\/actualidad\/el-ayuntamiento-de-pamplona-y-el-cnai-forman-a-40-personas-para-mejorar-su-cualificacion-profesional-en-el-sector-de-atencion-sociosanitaria\/","url":"https:\/\/www.laguiadepamplona.com\/actualidad\/el-ayuntamiento-de-pamplona-y-el-cnai-forman-a-40-personas-para-mejorar-su-cualificacion-profesional-en-el-sector-de-atencion-sociosanitaria\/","name":"El Ayuntamiento de Pamplona y el CNAI forman a 40 personas para mejorar su cualificaci\u00f3n profesional en el sector de atenci\u00f3n sociosanitaria","isPartOf":{"@id":"https:\/\/www.laguiadepamplona.com\/actualidad\/#website"},"primaryImageOfPage":{"@id":"https:\/\/www.laguiadepamplona.com\/actualidad\/el-ayuntamiento-de-pamplona-y-el-cnai-forman-a-40-personas-para-mejorar-su-cualificacion-profesional-en-el-sector-de-atencion-sociosanitaria\/#primaryimage"},"image":{"@id":"https:\/\/www.laguiadepamplona.com\/actualidad\/el-ayuntamiento-de-pamplona-y-el-cnai-forman-a-40-personas-para-mejorar-su-cualificacion-profesional-en-el-sector-de-atencion-sociosanitaria\/#primaryimage"},"thumbnailUrl":"https:\/\/www.laguiadepamplona.com\/actualidad\/wp-content\/uploads\/2024\/09\/Formacion-sociales_web.webp","datePublished":"2024-09-17T09:55:26+00:00","description":"El alumnado, personas atendidas en los distintos programas y recursos del \u00e1rea de Acci\u00f3n Social, podr\u00e1 obtener tras la formaci\u00f3n un certificado profesional","breadcrumb":{"@id":"https:\/\/www.laguiadepamplona.com\/actualidad\/el-ayuntamiento-de-pamplona-y-el-cnai-forman-a-40-personas-para-mejorar-su-cualificacion-profesional-en-el-sector-de-atencion-sociosanitaria\/#breadcrumb"},"inLanguage":"es","potentialAction":[{"@type":"ReadAction","target":["https:\/\/www.laguiadepamplona.com\/actualidad\/el-ayuntamiento-de-pamplona-y-el-cnai-forman-a-40-personas-para-mejorar-su-cualificacion-profesional-en-el-sector-de-atencion-sociosanitaria\/"]}]},{"@type":"ImageObject","inLanguage":"es","@id":"https:\/\/www.laguiadepamplona.com\/actualidad\/el-ayuntamiento-de-pamplona-y-el-cnai-forman-a-40-personas-para-mejorar-su-cualificacion-profesional-en-el-sector-de-atencion-sociosanitaria\/#primaryimage","url":"https:\/\/www.laguiadepamplona.com\/actualidad\/wp-content\/uploads\/2024\/09\/Formacion-sociales_web.webp","contentUrl":"https:\/\/www.laguiadepamplona.com\/actualidad\/wp-content\/uploads\/2024\/09\/Formacion-sociales_web.webp","width":1000,"height":667,"caption":"formaci\u00f3n sociales"},{"@type":"BreadcrumbList","@id":"https:\/\/www.laguiadepamplona.com\/actualidad\/el-ayuntamiento-de-pamplona-y-el-cnai-forman-a-40-personas-para-mejorar-su-cualificacion-profesional-en-el-sector-de-atencion-sociosanitaria\/#breadcrumb","itemListElement":[{"@type":"ListItem","position":1,"name":"Portada","item":"https:\/\/www.laguiadepamplona.com\/actualidad\/"},{"@type":"ListItem","position":2,"name":"El Ayuntamiento de Pamplona y el CNAI forman a 40 personas para mejorar su cualificaci\u00f3n profesional en el sector de atenci\u00f3n sociosanitaria"}]},{"@type":"WebSite","@id":"https:\/\/www.laguiadepamplona.com\/actualidad\/#website","url":"https:\/\/www.laguiadepamplona.com\/actualidad\/","name":"La gu\u00eda de Pamplona","description":"Noticias de Pamplona","publisher":{"@id":"https:\/\/www.laguiadepamplona.com\/actualidad\/#organization"},"potentialAction":[{"@type":"SearchAction","target":{"@type":"EntryPoint","urlTemplate":"https:\/\/www.laguiadepamplona.com\/actualidad\/?s={search_term_string}"},"query-input":{"@type":"PropertyValueSpecification","valueRequired":true,"valueName":"search_term_string"}}],"inLanguage":"es"},{"@type":"Organization","@id":"https:\/\/www.laguiadepamplona.com\/actualidad\/#organization","name":"La Gu\u00eda de Pamplona \/ Noticias","url":"https:\/\/www.laguiadepamplona.com\/actualidad\/","logo":{"@type":"ImageObject","inLanguage":"es","@id":"https:\/\/www.laguiadepamplona.com\/actualidad\/#\/schema\/logo\/image\/","url":"https:\/\/www.laguiadepamplona.com\/actualidad\/wp-content\/uploads\/2018\/11\/logo-laguiadepamplona18-web1.png","contentUrl":"https:\/\/www.laguiadepamplona.com\/actualidad\/wp-content\/uploads\/2018\/11\/logo-laguiadepamplona18-web1.png","width":600,"height":196,"caption":"La Gu\u00eda de Pamplona \/ Noticias"},"image":{"@id":"https:\/\/www.laguiadepamplona.com\/actualidad\/#\/schema\/logo\/image\/"},"sameAs":["https:\/\/www.facebook.com\/laguiadepamplonacom-133175176762273\/?ref=hl","https:\/\/x.com\/LaGuiadPamplona","https:\/\/www.instagram.com\/la_guia_de_pamplona\/","https:\/\/www.youtube.com\/user\/laguiadepamplona"]},{"@type":"Person","@id":"https:\/\/www.laguiadepamplona.com\/actualidad\/#\/schema\/person\/efe887376f0213d4657c93adc50b1fdb","name":"La Gu\u00eda de Pamplona","image":{"@type":"ImageObject","inLanguage":"es","@id":"https:\/\/secure.gravatar.com\/avatar\/b6992f131dc8d30ab0dff15446e9d346d9dbd95992de0fef795073f5ea83a81c?s=96&d=mm&r=g","url":"https:\/\/secure.gravatar.com\/avatar\/b6992f131dc8d30ab0dff15446e9d346d9dbd95992de0fef795073f5ea83a81c?s=96&d=mm&r=g","contentUrl":"https:\/\/secure.gravatar.com\/avatar\/b6992f131dc8d30ab0dff15446e9d346d9dbd95992de0fef795073f5ea83a81c?s=96&d=mm&r=g","caption":"La Gu\u00eda de Pamplona"}}]}},"post_mailing_queue_ids":[],"_links":{"self":[{"href":"https:\/\/www.laguiadepamplona.com\/actualidad\/wp-json\/wp\/v2\/posts\/50711","targetHints":{"allow":["GET"]}}],"collection":[{"href":"https:\/\/www.laguiadepamplona.com\/actualidad\/wp-json\/wp\/v2\/posts"}],"about":[{"href":"https:\/\/www.laguiadepamplona.com\/actualidad\/wp-json\/wp\/v2\/types\/post"}],"author":[{"embeddable":true,"href":"https:\/\/www.laguiadepamplona.com\/actualidad\/wp-json\/wp\/v2\/users\/1"}],"replies":[{"embeddable":true,"href":"https:\/\/www.laguiadepamplona.com\/actualidad\/wp-json\/wp\/v2\/comments?post=50711"}],"version-history":[{"count":1,"href":"https:\/\/www.laguiadepamplona.com\/actualidad\/wp-json\/wp\/v2\/posts\/50711\/revisions"}],"predecessor-version":[{"id":50713,"href":"https:\/\/www.laguiadepamplona.com\/actualidad\/wp-json\/wp\/v2\/posts\/50711\/revisions\/50713"}],"wp:featuredmedia":[{"embeddable":true,"href":"https:\/\/www.laguiadepamplona.com\/actualidad\/wp-json\/wp\/v2\/media\/50712"}],"wp:attachment":[{"href":"https:\/\/www.laguiadepamplona.com\/actualidad\/wp-json\/wp\/v2\/media?parent=50711"}],"wp:term":[{"taxonomy":"category","embeddable":true,"href":"https:\/\/www.laguiadepamplona.com\/actualidad\/wp-json\/wp\/v2\/categories?post=50711"},{"taxonomy":"post_tag","embeddable":true,"href":"https:\/\/www.laguiadepamplona.com\/actualidad\/wp-json\/wp\/v2\/tags?post=50711"}],"curies":[{"name":"wp","href":"https:\/\/api.w.org\/{rel}","templated":true}]}}