{"id":50708,"date":"2024-09-17T11:53:39","date_gmt":"2024-09-17T09:53:39","guid":{"rendered":"https:\/\/www.laguiadepamplona.com\/actualidad\/?p=50708"},"modified":"2024-09-17T11:53:39","modified_gmt":"2024-09-17T09:53:39","slug":"el-colegio-publico-cpeip-buztintxuri-estrena-su-red-de-caminos-escolares-seguros-para-promover-la-movilidad-sostenible-al-centro","status":"publish","type":"post","link":"https:\/\/www.laguiadepamplona.com\/actualidad\/el-colegio-publico-cpeip-buztintxuri-estrena-su-red-de-caminos-escolares-seguros-para-promover-la-movilidad-sostenible-al-centro\/","title":{"rendered":"El colegio p\u00fablico CPEIP Buztintxuri estrena su red de caminos escolares seguros para promover la movilidad sostenible al centro"},"content":{"rendered":"<h2>La Comisi\u00f3n de Asuntos Ciudadanos ha participado en la acci\u00f3n inaugural, en la que escolares han plantado flores para se\u00f1alizar los distintos caminos<\/h2>\n<p><!--more--><\/p>\n<p>Ir al colegio andando, a trav\u00e9s de un camino se\u00f1alizado y seguro, propiciando as\u00ed la autonom\u00eda infantil y los h\u00e1bitos de vida saludable, es el objetivo que persigue el proyecto Caminos Escolares Seguros, que el Ayuntamiento de Pamplona inici\u00f3 en 2017 junto con la ikastola Amaiur. Este curso se suma a la iniciativa el CPEIP Buztintxuri, cuya comunidad educativa ha promovido tres rutas seguras para que el alumnado del propio barrio, de Artica y de Euzentxiki puedan acudir caminando al centro de forma segura.<\/p>\n<p>Para inaugurar estos tres caminos que unen distintas zonas colindantes con el CPEIP Buztintxuri, escolares, profesores y representantes de padres y madres han participado esta ma\u00f1ana en el plantado de flores y plantas por el recorrido marcado. A la cita han acudido tambi\u00e9n los miembros de la Comisi\u00f3n de Asuntos Ciudadanos del Ayuntamiento de Pamplona. No en vano, el Consistorio ha realizado las obras de mejora de la accesibilidad y el pintado de las rutas propuestas por el propio colegio.<\/p>\n<p>De hecho, una de las apuestas del proyecto municipal Caminos Escolares Seguros es la coordinaci\u00f3n con los propios centros escolares. Son \u00e9stos los que proponen al Ayuntamiento los itinerarios, las mejoras y la se\u00f1alizaci\u00f3n de estas rutas peatonales seguras con la \u2018huella\u2019 que cada centro elige. Tras visitar los recorridos propuestos y analizarlos, el Consistorio ejecuta aquellas obras necesarias y se encarga de la se\u00f1al\u00e9tica y del pintado de las rutas. Para este a\u00f1o 2024, Pamplona tiene previsto invertir 100.000 euros en obras de se\u00f1alizaci\u00f3n, calmado de tr\u00e1fico y mejora de la accesibilidad en rutas peatonales hacia centros escolares. Adem\u00e1s del CPEIP Buztintxuri, cuyos caminos seguros ya est\u00e1n operativos, se est\u00e1 trabajando tambi\u00e9n con el centro Patxi Larrainzar y con la mejora y renovaci\u00f3n de las rutas de la ikastola Amaiur, que ya entraron en funcionamiento en 2017.<\/p>\n<p>En el caso de CPEIP Buztintxuri, se ha creado tres caminos, en base a un proyecto elaborado por al apyma del centro. As\u00ed, se han creado un itinerario azul, que va desde la calle Santa Luc\u00eda hasta el centro escolar de 375 metros. En color rojo se ha usado para marcar la ruta de 664 metros que une la plaza de Nuevo Artica, ubicada en la calle Mar\u00eda Dom\u00ednguez, con el colegio, a trav\u00e9s de la calle Santos Ochandategui. Y el verde sirve para distinguir la ruta segura desde Euzentxiki, recorriendo 478 metros desde el paseo ubicado en la avenida de Gipuzkoa junto al cruce con la calle Francisco Javier Saiz de Olza. Todos ellos permiten llegar al centro escolar en menos de veinte minutos.<\/p>\n<p>El inicio de estos tres itinerarios est\u00e1 debidamente marcado con el logotipo del centro escolar, una flor con cuatro p\u00e9talos de colores, colocado en alto (en una farola o columna seg\u00fan los casos) y una rayuela en el suelo. En cada una de las tres rutas, la flor se ha pintado del color que identifica ese camino en concreto. Desde ese punto de encuentro, cada d\u00eda se podr\u00e1 iniciar el paseo hasta el centro educativo, por una ruta debidamente se\u00f1alizada y en la que se han llevado a cabo diversas obras para mejorar la seguridad de los ni\u00f1os y ni\u00f1as que las recorren. As\u00ed, por ejemplo, se ha ampliado el tiempo en verde de los sem\u00e1foros para peatones, se han instalado cojines berlineses en aquellos cruces por donde circula el camino seguro y se ha procedido a despejar la zona de los pasos de peatones, eliminando las plazas de aparcamiento junto a los pasos, para mejorar la visibilidad.<\/p>\n<p><strong>Seguros y saludables<\/strong><\/p>\n<p>El proyecto municipal de Caminos Escolares Seguros pretende promover que cada vez m\u00e1s ni\u00f1os y ni\u00f1as acudan andando, en patinete o en bicicleta a su centro escolar, instaurando as\u00ed desde edades tempranas h\u00e1bitos saludables. No obstante, los objetivos de esta iniciativa no se quedan ah\u00ed. Propiciando recorridos a pie se reduce tambi\u00e9n el tr\u00e1fico rodado en las zonas escolares, disminuyendo las emisiones de di\u00f3xido de carbono y eliminando atascos y situaciones de peligro en los accesos a los centros educativos. Y, adem\u00e1s, se favorece la autonom\u00eda y responsabilidad de los peque\u00f1os, al tiempo que crean relaciones sociales y de amistad entre ni\u00f1os y ni\u00f1as que realizan el recorrido juntos. Todo ello promueve el compa\u00f1erismo y la autonom\u00eda, mejorando las condiciones f\u00edsicas y ps\u00edquicas del alumnado.<\/p>\n<p>La decisi\u00f3n de poner en marcha caminos escolares seguros se realiza en estrecha relaci\u00f3n con la comunidad educativa de los propios centros educativos. De hecho, es \u00e9sta la que debe tomar la iniciativa, ya que sin su implicaci\u00f3n es imposible que los caminos escolares tengan \u00e9xito. Son, por tanto, el \u201cgrupo motor\u201d que impulsa la iniciativa. Una vez detectada la necesidad y planteada la colaboraci\u00f3n, se estudian cu\u00e1les son las v\u00edas que mejor se ajustan a las necesidades de cada centro escolar. Se trata de rutas que deben ser seguras para los viandantes y que discurran por un espacio agradable para caminar, con un recorrido lo m\u00e1s directo posible al centro escolar.<\/p>\n<p>Para que sean efectivos, la duraci\u00f3n de los trayectos debe ser menor de veinte minutos caminando desde el punto de salida y, adem\u00e1s, deben contar con al menos un punto intermedio donde se puedan incorporar m\u00e1s personas al recorrido provenientes de otros puntos colindantes. Los caminos est\u00e1n debidamente se\u00f1alizados tanto en el punto de encuentro como durante el recorrido.<\/p>\n","protected":false},"excerpt":{"rendered":"<p>La Comisi\u00f3n de Asuntos Ciudadanos ha participado en la acci\u00f3n inaugural, en la que escolares han plantado flores para se\u00f1alizar los distintos caminos<\/p>\n","protected":false},"author":1,"featured_media":50709,"comment_status":"open","ping_status":"closed","sticky":false,"template":"","format":"standard","meta":{"footnotes":""},"categories":[2],"tags":[],"class_list":["post-50708","post","type-post","status-publish","format-standard","has-post-thumbnail","hentry","category-ayuntamiento-pamplona"],"yoast_head":"<!-- This site is optimized with the Yoast SEO plugin v27.3 - https:\/\/yoast.com\/product\/yoast-seo-wordpress\/ -->\n<title>El colegio p\u00fablico CPEIP Buztintxuri estrena su red de caminos escolares seguros para promover la movilidad sostenible al centro<\/title>\n<meta name=\"description\" content=\"La Comisi\u00f3n de Asuntos Ciudadanos ha participado en la acci\u00f3n inaugural, en la que escolares han plantado flores para se\u00f1alizar los distintos caminos\" \/>\n<meta name=\"robots\" content=\"index, follow, max-snippet:-1, max-image-preview:large, max-video-preview:-1\" \/>\n<link rel=\"canonical\" href=\"https:\/\/www.laguiadepamplona.com\/actualidad\/el-colegio-publico-cpeip-buztintxuri-estrena-su-red-de-caminos-escolares-seguros-para-promover-la-movilidad-sostenible-al-centro\/\" \/>\n<meta property=\"og:locale\" content=\"es_ES\" \/>\n<meta property=\"og:type\" content=\"article\" \/>\n<meta property=\"og:title\" content=\"El colegio p\u00fablico CPEIP Buztintxuri estrena su red de caminos escolares seguros para promover la movilidad sostenible al centro\" \/>\n<meta property=\"og:description\" content=\"La Comisi\u00f3n de Asuntos Ciudadanos ha participado en la acci\u00f3n inaugural, en la que escolares han plantado flores para se\u00f1alizar los distintos caminos\" \/>\n<meta property=\"og:url\" content=\"https:\/\/www.laguiadepamplona.com\/actualidad\/el-colegio-publico-cpeip-buztintxuri-estrena-su-red-de-caminos-escolares-seguros-para-promover-la-movilidad-sostenible-al-centro\/\" \/>\n<meta property=\"og:site_name\" content=\"La Gu\u00eda de Pamplona\" \/>\n<meta property=\"article:publisher\" content=\"https:\/\/www.facebook.com\/laguiadepamplonacom-133175176762273\/?ref=hl\" \/>\n<meta property=\"article:published_time\" content=\"2024-09-17T09:53:39+00:00\" \/>\n<meta property=\"og:image\" content=\"https:\/\/www.laguiadepamplona.com\/actualidad\/wp-content\/uploads\/2024\/09\/inauguracioncaminosescolaresyplantacionarboles2.webp\" \/>\n\t<meta property=\"og:image:width\" content=\"1000\" \/>\n\t<meta property=\"og:image:height\" content=\"667\" \/>\n\t<meta property=\"og:image:type\" content=\"image\/webp\" \/>\n<meta name=\"author\" content=\"La Gu\u00eda de Pamplona\" \/>\n<meta name=\"twitter:card\" content=\"summary_large_image\" \/>\n<meta name=\"twitter:creator\" content=\"@LaGuiadPamplona\" \/>\n<meta name=\"twitter:site\" content=\"@LaGuiadPamplona\" \/>\n<meta name=\"twitter:label1\" content=\"Escrito por\" \/>\n\t<meta name=\"twitter:data1\" content=\"La Gu\u00eda de Pamplona\" \/>\n\t<meta name=\"twitter:label2\" content=\"Tiempo de lectura\" \/>\n\t<meta name=\"twitter:data2\" content=\"5 minutos\" \/>\n<script type=\"application\/ld+json\" class=\"yoast-schema-graph\">{\"@context\":\"https:\\\/\\\/schema.org\",\"@graph\":[{\"@type\":\"Article\",\"@id\":\"https:\\\/\\\/www.laguiadepamplona.com\\\/actualidad\\\/el-colegio-publico-cpeip-buztintxuri-estrena-su-red-de-caminos-escolares-seguros-para-promover-la-movilidad-sostenible-al-centro\\\/#article\",\"isPartOf\":{\"@id\":\"https:\\\/\\\/www.laguiadepamplona.com\\\/actualidad\\\/el-colegio-publico-cpeip-buztintxuri-estrena-su-red-de-caminos-escolares-seguros-para-promover-la-movilidad-sostenible-al-centro\\\/\"},\"author\":{\"name\":\"La Gu\u00eda de Pamplona\",\"@id\":\"https:\\\/\\\/www.laguiadepamplona.com\\\/actualidad\\\/#\\\/schema\\\/person\\\/efe887376f0213d4657c93adc50b1fdb\"},\"headline\":\"El colegio p\u00fablico CPEIP Buztintxuri estrena su red de caminos escolares seguros para promover la movilidad sostenible al centro\",\"datePublished\":\"2024-09-17T09:53:39+00:00\",\"mainEntityOfPage\":{\"@id\":\"https:\\\/\\\/www.laguiadepamplona.com\\\/actualidad\\\/el-colegio-publico-cpeip-buztintxuri-estrena-su-red-de-caminos-escolares-seguros-para-promover-la-movilidad-sostenible-al-centro\\\/\"},\"wordCount\":982,\"commentCount\":0,\"publisher\":{\"@id\":\"https:\\\/\\\/www.laguiadepamplona.com\\\/actualidad\\\/#organization\"},\"image\":{\"@id\":\"https:\\\/\\\/www.laguiadepamplona.com\\\/actualidad\\\/el-colegio-publico-cpeip-buztintxuri-estrena-su-red-de-caminos-escolares-seguros-para-promover-la-movilidad-sostenible-al-centro\\\/#primaryimage\"},\"thumbnailUrl\":\"https:\\\/\\\/www.laguiadepamplona.com\\\/actualidad\\\/wp-content\\\/uploads\\\/2024\\\/09\\\/inauguracioncaminosescolaresyplantacionarboles2.webp\",\"articleSection\":[\"Ayto Pamplona\"],\"inLanguage\":\"es\",\"potentialAction\":[{\"@type\":\"CommentAction\",\"name\":\"Comment\",\"target\":[\"https:\\\/\\\/www.laguiadepamplona.com\\\/actualidad\\\/el-colegio-publico-cpeip-buztintxuri-estrena-su-red-de-caminos-escolares-seguros-para-promover-la-movilidad-sostenible-al-centro\\\/#respond\"]}]},{\"@type\":\"WebPage\",\"@id\":\"https:\\\/\\\/www.laguiadepamplona.com\\\/actualidad\\\/el-colegio-publico-cpeip-buztintxuri-estrena-su-red-de-caminos-escolares-seguros-para-promover-la-movilidad-sostenible-al-centro\\\/\",\"url\":\"https:\\\/\\\/www.laguiadepamplona.com\\\/actualidad\\\/el-colegio-publico-cpeip-buztintxuri-estrena-su-red-de-caminos-escolares-seguros-para-promover-la-movilidad-sostenible-al-centro\\\/\",\"name\":\"El colegio p\u00fablico CPEIP Buztintxuri estrena su red de caminos escolares seguros para promover la movilidad sostenible al centro\",\"isPartOf\":{\"@id\":\"https:\\\/\\\/www.laguiadepamplona.com\\\/actualidad\\\/#website\"},\"primaryImageOfPage\":{\"@id\":\"https:\\\/\\\/www.laguiadepamplona.com\\\/actualidad\\\/el-colegio-publico-cpeip-buztintxuri-estrena-su-red-de-caminos-escolares-seguros-para-promover-la-movilidad-sostenible-al-centro\\\/#primaryimage\"},\"image\":{\"@id\":\"https:\\\/\\\/www.laguiadepamplona.com\\\/actualidad\\\/el-colegio-publico-cpeip-buztintxuri-estrena-su-red-de-caminos-escolares-seguros-para-promover-la-movilidad-sostenible-al-centro\\\/#primaryimage\"},\"thumbnailUrl\":\"https:\\\/\\\/www.laguiadepamplona.com\\\/actualidad\\\/wp-content\\\/uploads\\\/2024\\\/09\\\/inauguracioncaminosescolaresyplantacionarboles2.webp\",\"datePublished\":\"2024-09-17T09:53:39+00:00\",\"description\":\"La Comisi\u00f3n de Asuntos Ciudadanos ha participado en la acci\u00f3n inaugural, en la que escolares han plantado flores para se\u00f1alizar los distintos caminos\",\"breadcrumb\":{\"@id\":\"https:\\\/\\\/www.laguiadepamplona.com\\\/actualidad\\\/el-colegio-publico-cpeip-buztintxuri-estrena-su-red-de-caminos-escolares-seguros-para-promover-la-movilidad-sostenible-al-centro\\\/#breadcrumb\"},\"inLanguage\":\"es\",\"potentialAction\":[{\"@type\":\"ReadAction\",\"target\":[\"https:\\\/\\\/www.laguiadepamplona.com\\\/actualidad\\\/el-colegio-publico-cpeip-buztintxuri-estrena-su-red-de-caminos-escolares-seguros-para-promover-la-movilidad-sostenible-al-centro\\\/\"]}]},{\"@type\":\"ImageObject\",\"inLanguage\":\"es\",\"@id\":\"https:\\\/\\\/www.laguiadepamplona.com\\\/actualidad\\\/el-colegio-publico-cpeip-buztintxuri-estrena-su-red-de-caminos-escolares-seguros-para-promover-la-movilidad-sostenible-al-centro\\\/#primaryimage\",\"url\":\"https:\\\/\\\/www.laguiadepamplona.com\\\/actualidad\\\/wp-content\\\/uploads\\\/2024\\\/09\\\/inauguracioncaminosescolaresyplantacionarboles2.webp\",\"contentUrl\":\"https:\\\/\\\/www.laguiadepamplona.com\\\/actualidad\\\/wp-content\\\/uploads\\\/2024\\\/09\\\/inauguracioncaminosescolaresyplantacionarboles2.webp\",\"width\":1000,\"height\":667,\"caption\":\"inauguraci\u00f3n caminos escolares\"},{\"@type\":\"BreadcrumbList\",\"@id\":\"https:\\\/\\\/www.laguiadepamplona.com\\\/actualidad\\\/el-colegio-publico-cpeip-buztintxuri-estrena-su-red-de-caminos-escolares-seguros-para-promover-la-movilidad-sostenible-al-centro\\\/#breadcrumb\",\"itemListElement\":[{\"@type\":\"ListItem\",\"position\":1,\"name\":\"Portada\",\"item\":\"https:\\\/\\\/www.laguiadepamplona.com\\\/actualidad\\\/\"},{\"@type\":\"ListItem\",\"position\":2,\"name\":\"El colegio p\u00fablico CPEIP Buztintxuri estrena su red de caminos escolares seguros para promover la movilidad sostenible al centro\"}]},{\"@type\":\"WebSite\",\"@id\":\"https:\\\/\\\/www.laguiadepamplona.com\\\/actualidad\\\/#website\",\"url\":\"https:\\\/\\\/www.laguiadepamplona.com\\\/actualidad\\\/\",\"name\":\"La gu\u00eda de Pamplona\",\"description\":\"Noticias de Pamplona\",\"publisher\":{\"@id\":\"https:\\\/\\\/www.laguiadepamplona.com\\\/actualidad\\\/#organization\"},\"potentialAction\":[{\"@type\":\"SearchAction\",\"target\":{\"@type\":\"EntryPoint\",\"urlTemplate\":\"https:\\\/\\\/www.laguiadepamplona.com\\\/actualidad\\\/?s={search_term_string}\"},\"query-input\":{\"@type\":\"PropertyValueSpecification\",\"valueRequired\":true,\"valueName\":\"search_term_string\"}}],\"inLanguage\":\"es\"},{\"@type\":\"Organization\",\"@id\":\"https:\\\/\\\/www.laguiadepamplona.com\\\/actualidad\\\/#organization\",\"name\":\"La Gu\u00eda de Pamplona \\\/ Noticias\",\"url\":\"https:\\\/\\\/www.laguiadepamplona.com\\\/actualidad\\\/\",\"logo\":{\"@type\":\"ImageObject\",\"inLanguage\":\"es\",\"@id\":\"https:\\\/\\\/www.laguiadepamplona.com\\\/actualidad\\\/#\\\/schema\\\/logo\\\/image\\\/\",\"url\":\"https:\\\/\\\/www.laguiadepamplona.com\\\/actualidad\\\/wp-content\\\/uploads\\\/2018\\\/11\\\/logo-laguiadepamplona18-web1.png\",\"contentUrl\":\"https:\\\/\\\/www.laguiadepamplona.com\\\/actualidad\\\/wp-content\\\/uploads\\\/2018\\\/11\\\/logo-laguiadepamplona18-web1.png\",\"width\":600,\"height\":196,\"caption\":\"La Gu\u00eda de Pamplona \\\/ Noticias\"},\"image\":{\"@id\":\"https:\\\/\\\/www.laguiadepamplona.com\\\/actualidad\\\/#\\\/schema\\\/logo\\\/image\\\/\"},\"sameAs\":[\"https:\\\/\\\/www.facebook.com\\\/laguiadepamplonacom-133175176762273\\\/?ref=hl\",\"https:\\\/\\\/x.com\\\/LaGuiadPamplona\",\"https:\\\/\\\/www.instagram.com\\\/la_guia_de_pamplona\\\/\",\"https:\\\/\\\/www.youtube.com\\\/user\\\/laguiadepamplona\"]},{\"@type\":\"Person\",\"@id\":\"https:\\\/\\\/www.laguiadepamplona.com\\\/actualidad\\\/#\\\/schema\\\/person\\\/efe887376f0213d4657c93adc50b1fdb\",\"name\":\"La Gu\u00eda de Pamplona\",\"image\":{\"@type\":\"ImageObject\",\"inLanguage\":\"es\",\"@id\":\"https:\\\/\\\/secure.gravatar.com\\\/avatar\\\/b6992f131dc8d30ab0dff15446e9d346d9dbd95992de0fef795073f5ea83a81c?s=96&d=mm&r=g\",\"url\":\"https:\\\/\\\/secure.gravatar.com\\\/avatar\\\/b6992f131dc8d30ab0dff15446e9d346d9dbd95992de0fef795073f5ea83a81c?s=96&d=mm&r=g\",\"contentUrl\":\"https:\\\/\\\/secure.gravatar.com\\\/avatar\\\/b6992f131dc8d30ab0dff15446e9d346d9dbd95992de0fef795073f5ea83a81c?s=96&d=mm&r=g\",\"caption\":\"La Gu\u00eda de Pamplona\"}}]}<\/script>\n<!-- \/ Yoast SEO plugin. -->","yoast_head_json":{"title":"El colegio p\u00fablico CPEIP Buztintxuri estrena su red de caminos escolares seguros para promover la movilidad sostenible al centro","description":"La Comisi\u00f3n de Asuntos Ciudadanos ha participado en la acci\u00f3n inaugural, en la que escolares han plantado flores para se\u00f1alizar los distintos caminos","robots":{"index":"index","follow":"follow","max-snippet":"max-snippet:-1","max-image-preview":"max-image-preview:large","max-video-preview":"max-video-preview:-1"},"canonical":"https:\/\/www.laguiadepamplona.com\/actualidad\/el-colegio-publico-cpeip-buztintxuri-estrena-su-red-de-caminos-escolares-seguros-para-promover-la-movilidad-sostenible-al-centro\/","og_locale":"es_ES","og_type":"article","og_title":"El colegio p\u00fablico CPEIP Buztintxuri estrena su red de caminos escolares seguros para promover la movilidad sostenible al centro","og_description":"La Comisi\u00f3n de Asuntos Ciudadanos ha participado en la acci\u00f3n inaugural, en la que escolares han plantado flores para se\u00f1alizar los distintos caminos","og_url":"https:\/\/www.laguiadepamplona.com\/actualidad\/el-colegio-publico-cpeip-buztintxuri-estrena-su-red-de-caminos-escolares-seguros-para-promover-la-movilidad-sostenible-al-centro\/","og_site_name":"La Gu\u00eda de Pamplona","article_publisher":"https:\/\/www.facebook.com\/laguiadepamplonacom-133175176762273\/?ref=hl","article_published_time":"2024-09-17T09:53:39+00:00","og_image":[{"width":1000,"height":667,"url":"https:\/\/www.laguiadepamplona.com\/actualidad\/wp-content\/uploads\/2024\/09\/inauguracioncaminosescolaresyplantacionarboles2.webp","type":"image\/webp"}],"author":"La Gu\u00eda de Pamplona","twitter_card":"summary_large_image","twitter_creator":"@LaGuiadPamplona","twitter_site":"@LaGuiadPamplona","twitter_misc":{"Escrito por":"La Gu\u00eda de Pamplona","Tiempo de lectura":"5 minutos"},"schema":{"@context":"https:\/\/schema.org","@graph":[{"@type":"Article","@id":"https:\/\/www.laguiadepamplona.com\/actualidad\/el-colegio-publico-cpeip-buztintxuri-estrena-su-red-de-caminos-escolares-seguros-para-promover-la-movilidad-sostenible-al-centro\/#article","isPartOf":{"@id":"https:\/\/www.laguiadepamplona.com\/actualidad\/el-colegio-publico-cpeip-buztintxuri-estrena-su-red-de-caminos-escolares-seguros-para-promover-la-movilidad-sostenible-al-centro\/"},"author":{"name":"La Gu\u00eda de Pamplona","@id":"https:\/\/www.laguiadepamplona.com\/actualidad\/#\/schema\/person\/efe887376f0213d4657c93adc50b1fdb"},"headline":"El colegio p\u00fablico CPEIP Buztintxuri estrena su red de caminos escolares seguros para promover la movilidad sostenible al centro","datePublished":"2024-09-17T09:53:39+00:00","mainEntityOfPage":{"@id":"https:\/\/www.laguiadepamplona.com\/actualidad\/el-colegio-publico-cpeip-buztintxuri-estrena-su-red-de-caminos-escolares-seguros-para-promover-la-movilidad-sostenible-al-centro\/"},"wordCount":982,"commentCount":0,"publisher":{"@id":"https:\/\/www.laguiadepamplona.com\/actualidad\/#organization"},"image":{"@id":"https:\/\/www.laguiadepamplona.com\/actualidad\/el-colegio-publico-cpeip-buztintxuri-estrena-su-red-de-caminos-escolares-seguros-para-promover-la-movilidad-sostenible-al-centro\/#primaryimage"},"thumbnailUrl":"https:\/\/www.laguiadepamplona.com\/actualidad\/wp-content\/uploads\/2024\/09\/inauguracioncaminosescolaresyplantacionarboles2.webp","articleSection":["Ayto Pamplona"],"inLanguage":"es","potentialAction":[{"@type":"CommentAction","name":"Comment","target":["https:\/\/www.laguiadepamplona.com\/actualidad\/el-colegio-publico-cpeip-buztintxuri-estrena-su-red-de-caminos-escolares-seguros-para-promover-la-movilidad-sostenible-al-centro\/#respond"]}]},{"@type":"WebPage","@id":"https:\/\/www.laguiadepamplona.com\/actualidad\/el-colegio-publico-cpeip-buztintxuri-estrena-su-red-de-caminos-escolares-seguros-para-promover-la-movilidad-sostenible-al-centro\/","url":"https:\/\/www.laguiadepamplona.com\/actualidad\/el-colegio-publico-cpeip-buztintxuri-estrena-su-red-de-caminos-escolares-seguros-para-promover-la-movilidad-sostenible-al-centro\/","name":"El colegio p\u00fablico CPEIP Buztintxuri estrena su red de caminos escolares seguros para promover la movilidad sostenible al centro","isPartOf":{"@id":"https:\/\/www.laguiadepamplona.com\/actualidad\/#website"},"primaryImageOfPage":{"@id":"https:\/\/www.laguiadepamplona.com\/actualidad\/el-colegio-publico-cpeip-buztintxuri-estrena-su-red-de-caminos-escolares-seguros-para-promover-la-movilidad-sostenible-al-centro\/#primaryimage"},"image":{"@id":"https:\/\/www.laguiadepamplona.com\/actualidad\/el-colegio-publico-cpeip-buztintxuri-estrena-su-red-de-caminos-escolares-seguros-para-promover-la-movilidad-sostenible-al-centro\/#primaryimage"},"thumbnailUrl":"https:\/\/www.laguiadepamplona.com\/actualidad\/wp-content\/uploads\/2024\/09\/inauguracioncaminosescolaresyplantacionarboles2.webp","datePublished":"2024-09-17T09:53:39+00:00","description":"La Comisi\u00f3n de Asuntos Ciudadanos ha participado en la acci\u00f3n inaugural, en la que escolares han plantado flores para se\u00f1alizar los distintos caminos","breadcrumb":{"@id":"https:\/\/www.laguiadepamplona.com\/actualidad\/el-colegio-publico-cpeip-buztintxuri-estrena-su-red-de-caminos-escolares-seguros-para-promover-la-movilidad-sostenible-al-centro\/#breadcrumb"},"inLanguage":"es","potentialAction":[{"@type":"ReadAction","target":["https:\/\/www.laguiadepamplona.com\/actualidad\/el-colegio-publico-cpeip-buztintxuri-estrena-su-red-de-caminos-escolares-seguros-para-promover-la-movilidad-sostenible-al-centro\/"]}]},{"@type":"ImageObject","inLanguage":"es","@id":"https:\/\/www.laguiadepamplona.com\/actualidad\/el-colegio-publico-cpeip-buztintxuri-estrena-su-red-de-caminos-escolares-seguros-para-promover-la-movilidad-sostenible-al-centro\/#primaryimage","url":"https:\/\/www.laguiadepamplona.com\/actualidad\/wp-content\/uploads\/2024\/09\/inauguracioncaminosescolaresyplantacionarboles2.webp","contentUrl":"https:\/\/www.laguiadepamplona.com\/actualidad\/wp-content\/uploads\/2024\/09\/inauguracioncaminosescolaresyplantacionarboles2.webp","width":1000,"height":667,"caption":"inauguraci\u00f3n caminos escolares"},{"@type":"BreadcrumbList","@id":"https:\/\/www.laguiadepamplona.com\/actualidad\/el-colegio-publico-cpeip-buztintxuri-estrena-su-red-de-caminos-escolares-seguros-para-promover-la-movilidad-sostenible-al-centro\/#breadcrumb","itemListElement":[{"@type":"ListItem","position":1,"name":"Portada","item":"https:\/\/www.laguiadepamplona.com\/actualidad\/"},{"@type":"ListItem","position":2,"name":"El colegio p\u00fablico CPEIP Buztintxuri estrena su red de caminos escolares seguros para promover la movilidad sostenible al centro"}]},{"@type":"WebSite","@id":"https:\/\/www.laguiadepamplona.com\/actualidad\/#website","url":"https:\/\/www.laguiadepamplona.com\/actualidad\/","name":"La gu\u00eda de Pamplona","description":"Noticias de Pamplona","publisher":{"@id":"https:\/\/www.laguiadepamplona.com\/actualidad\/#organization"},"potentialAction":[{"@type":"SearchAction","target":{"@type":"EntryPoint","urlTemplate":"https:\/\/www.laguiadepamplona.com\/actualidad\/?s={search_term_string}"},"query-input":{"@type":"PropertyValueSpecification","valueRequired":true,"valueName":"search_term_string"}}],"inLanguage":"es"},{"@type":"Organization","@id":"https:\/\/www.laguiadepamplona.com\/actualidad\/#organization","name":"La Gu\u00eda de Pamplona \/ Noticias","url":"https:\/\/www.laguiadepamplona.com\/actualidad\/","logo":{"@type":"ImageObject","inLanguage":"es","@id":"https:\/\/www.laguiadepamplona.com\/actualidad\/#\/schema\/logo\/image\/","url":"https:\/\/www.laguiadepamplona.com\/actualidad\/wp-content\/uploads\/2018\/11\/logo-laguiadepamplona18-web1.png","contentUrl":"https:\/\/www.laguiadepamplona.com\/actualidad\/wp-content\/uploads\/2018\/11\/logo-laguiadepamplona18-web1.png","width":600,"height":196,"caption":"La Gu\u00eda de Pamplona \/ Noticias"},"image":{"@id":"https:\/\/www.laguiadepamplona.com\/actualidad\/#\/schema\/logo\/image\/"},"sameAs":["https:\/\/www.facebook.com\/laguiadepamplonacom-133175176762273\/?ref=hl","https:\/\/x.com\/LaGuiadPamplona","https:\/\/www.instagram.com\/la_guia_de_pamplona\/","https:\/\/www.youtube.com\/user\/laguiadepamplona"]},{"@type":"Person","@id":"https:\/\/www.laguiadepamplona.com\/actualidad\/#\/schema\/person\/efe887376f0213d4657c93adc50b1fdb","name":"La Gu\u00eda de Pamplona","image":{"@type":"ImageObject","inLanguage":"es","@id":"https:\/\/secure.gravatar.com\/avatar\/b6992f131dc8d30ab0dff15446e9d346d9dbd95992de0fef795073f5ea83a81c?s=96&d=mm&r=g","url":"https:\/\/secure.gravatar.com\/avatar\/b6992f131dc8d30ab0dff15446e9d346d9dbd95992de0fef795073f5ea83a81c?s=96&d=mm&r=g","contentUrl":"https:\/\/secure.gravatar.com\/avatar\/b6992f131dc8d30ab0dff15446e9d346d9dbd95992de0fef795073f5ea83a81c?s=96&d=mm&r=g","caption":"La Gu\u00eda de Pamplona"}}]}},"post_mailing_queue_ids":[],"_links":{"self":[{"href":"https:\/\/www.laguiadepamplona.com\/actualidad\/wp-json\/wp\/v2\/posts\/50708","targetHints":{"allow":["GET"]}}],"collection":[{"href":"https:\/\/www.laguiadepamplona.com\/actualidad\/wp-json\/wp\/v2\/posts"}],"about":[{"href":"https:\/\/www.laguiadepamplona.com\/actualidad\/wp-json\/wp\/v2\/types\/post"}],"author":[{"embeddable":true,"href":"https:\/\/www.laguiadepamplona.com\/actualidad\/wp-json\/wp\/v2\/users\/1"}],"replies":[{"embeddable":true,"href":"https:\/\/www.laguiadepamplona.com\/actualidad\/wp-json\/wp\/v2\/comments?post=50708"}],"version-history":[{"count":1,"href":"https:\/\/www.laguiadepamplona.com\/actualidad\/wp-json\/wp\/v2\/posts\/50708\/revisions"}],"predecessor-version":[{"id":50710,"href":"https:\/\/www.laguiadepamplona.com\/actualidad\/wp-json\/wp\/v2\/posts\/50708\/revisions\/50710"}],"wp:featuredmedia":[{"embeddable":true,"href":"https:\/\/www.laguiadepamplona.com\/actualidad\/wp-json\/wp\/v2\/media\/50709"}],"wp:attachment":[{"href":"https:\/\/www.laguiadepamplona.com\/actualidad\/wp-json\/wp\/v2\/media?parent=50708"}],"wp:term":[{"taxonomy":"category","embeddable":true,"href":"https:\/\/www.laguiadepamplona.com\/actualidad\/wp-json\/wp\/v2\/categories?post=50708"},{"taxonomy":"post_tag","embeddable":true,"href":"https:\/\/www.laguiadepamplona.com\/actualidad\/wp-json\/wp\/v2\/tags?post=50708"}],"curies":[{"name":"wp","href":"https:\/\/api.w.org\/{rel}","templated":true}]}}