{"id":50701,"date":"2024-09-16T20:22:45","date_gmt":"2024-09-16T18:22:45","guid":{"rendered":"https:\/\/www.laguiadepamplona.com\/actualidad\/?p=50701"},"modified":"2024-09-16T20:22:45","modified_gmt":"2024-09-16T18:22:45","slug":"propuesta-de-actividades-organizadas-por-el-ayuntamiento-de-pamplona-del-17-al-19-de-septiembre-con-plazas-libres","status":"publish","type":"post","link":"https:\/\/www.laguiadepamplona.com\/actualidad\/propuesta-de-actividades-organizadas-por-el-ayuntamiento-de-pamplona-del-17-al-19-de-septiembre-con-plazas-libres\/","title":{"rendered":"Propuesta de actividades organizadas por el Ayuntamiento de Pamplona del 17 al 19 de septiembre con plazas libres"},"content":{"rendered":"<p><!--more--><\/p>\n<p><strong>MARTES 17 DE SEPTIEMBRE<\/strong><\/p>\n<p><a href=\"https:\/\/www.pamplona.es\/actualidad\/eventos\/taller-de-haikus-haikunversaciones-biblioteca-publica-de-yamaguchi\">Taller de haikus. Haikunversaciones. Biblioteca P\u00fablica de Yamaguchi<\/a>, 18 horas. Entrada libre<\/p>\n<p>Reuni\u00f3n abierta para el estudio del Haiku. Se retoman las actividades despu\u00e9s del verano. Organiza Haikunversaciones.<\/p>\n<p><a href=\"https:\/\/www.pamplona.es\/actualidad\/eventos\/cafeteando-juegos-de-mesa-casa-de-la-juventud-0\">Cafeteando. Juegos de mesa. Casa la Juventud<\/a>, 18.30 horas. Libre participaci\u00f3n<\/p>\n<p>La Casa de Juventud ha preparado para este martes una tarde de juegos de mesa para pasar un rato entretenido, divirti\u00e9ndose y ech\u00e1ndose unas risas.<\/p>\n<p><a href=\"https:\/\/www.pamplona.es\/actualidad\/eventos\/bailables-de-txistu-y-gaita-2\">Bailables de txistu y gaita. M\u00fasica y folklore. Plaza del Castillo<\/a>, de 18.30 a 20.30 horas. Abierto a la libre participaci\u00f3n<\/p>\n<p>La Plaza del Castillo acoge como cada a\u00f1o, las tradicionales actuaciones de txistu y gaita, con la m\u00fasica interpretada desde quiosco para que pueda bailar quien quiera. Se interpretar\u00e1n pasacalles, jotas, porrusaldas, polkas y pasodobles. La Asociaci\u00f3n Banda de Gaiteros de Pamplona\u2013Iru\u00f1eko Gaiteroak y la Asociaci\u00f3n Banda de Txistularis de Pamplona\u2013Irui\u00f1ako Txistulari Taldea interpretan las melod\u00edas en unas actuaciones que se enmarcan en el convenio anual de colaboraci\u00f3n que tienen suscrito con el Ayuntamiento de Pamplona. Los bailables de txistu y gaita se celebran desde 1943.<\/p>\n<p><strong>\u00a0<\/strong><\/p>\n<p><strong>MI\u00c9RCOLES 18 DE SEPTIEMBRE<\/strong><\/p>\n<p><a href=\"https:\/\/www.pamplona.es\/actualidad\/eventos\/animacion-la-lectura-club-de-lectura-en-euskera-biblioteca-publica-de-0\">Animaci\u00f3n a la lectura. Club de lectura en euskera. Biblioteca P\u00fablica de Milagrosa<\/a>, 18.30 horas. Inscipci\u00f3n previa en la propia biblioteca, el 948 24 54 60 y <a href=\"mailto:biblimil@navarra.es\">biblimil@navarra.es<\/a><\/p>\n<p>Se comentar\u00e1 el libro \u201cLurraz beste\u201d, con su autora, Garazi Arrula Ruiz. Es una sesi\u00f3n de club de lectura en euskera abierto para toda persona interesada. Esta actividad es posible gracias a Haizegoa Euskara Taldea.<\/p>\n<p><a href=\"https:\/\/www.pamplona.es\/actualidad\/eventos\/cafeteando-taller-de-talento-matematico-casa-de-la-juventud\">Cafeteando. Taller de talento matem\u00e1tico. Casa de la Juventud<\/a>, 19 horas. Entrada libre, hasta completar el aforo<\/p>\n<p>La Asesor\u00eda de Asociacionismo de la Casa de la Juventud propone para este mi\u00e9rcoles un taller de talento matem\u00e1tico. Se busca de esta manera la divulgaci\u00f3n de las Matem\u00e1ticas y mejora de las capacidades del alumnado navarro.<\/p>\n<p><a href=\"https:\/\/www.pamplona.es\/actualidad\/eventos\/lectura-dramatizada-manos-arriba-biblioteca-publica-de-la-txantrea\">Lectura dramatizada. \u2018Manos arriba\u2019 de Yolanda Almeida. Biblioteca P\u00fablica de Txantrea<\/a>, 19 horas. Entrada libre, hasta completar el aforo<\/p>\n<p>Con una duraci\u00f3n de 50 minutos y con dos actores, Alain Elizalde y Yolanda Almeida, se lleva a escena esta comedia que raya el absurdo. Un ladr\u00f3n y un parado de larga duraci\u00f3n se juntar\u00e1n para montar un negocio destinado al \u00e9xito: una empresa dedicada al hurto.<\/p>\n<p><a href=\"https:\/\/www.pamplona.es\/actualidad\/eventos\/salas-de-musica-en-la-calle-concierto-ezpalak-de-la-mano-de-canalla-el\">Salas de M\u00fasica en la Calle. Concierto. Ezpalak, de la mano de Canalla. El Bosquecillo<\/a>, 20 horas. Entrada libre<\/p>\n<p>Concierto del grupo Ezpalak, de la mano de Canalla dentro del ciclo Salas de M\u00fasica en la Calle. \u00daltima actuaci\u00f3n, centrada en el rock alternativo, de un ciclo que ha acercado al Bosquecillo a numerosas personas los mi\u00e9rcoles de verano.<\/p>\n<p>&nbsp;<\/p>\n<p><strong>JUEVES 19 DE SEPTIEMBRE<\/strong><\/p>\n<p><a href=\"https:\/\/www.pamplona.es\/actualidad\/eventos\/cafeteando-preguntas-acertijos-y-pruebas-casa-de-la-juventud-0\">Cafeteando. Preguntas, acertijos y pruebas. Casa de la Juventud<\/a>, 18.30 horas. Entrada libre, hasta completar el aforo<\/p>\n<p>La Casa de Juventud ha preparado para este jueves una tarde para poner a prueba la rapidez e inteligencia de quien se atreva para pasar un rato entretenido, divirti\u00e9ndose y ech\u00e1ndose unas risas con pruebas y acertijos.<\/p>\n<p><a href=\"https:\/\/www.pamplona.es\/actualidad\/eventos\/callejeando-por-la-rocha-teatro-las-senoritas-de-avignon-con-el-aula-de-teatro\">Callejeando por la Rocha. Teatro. \u2018Las se\u00f1oritas de Avignon\u2019, con el Aula de Teatro Jus la Rocha. Civivox Jus la Rocha<\/a>. 19.30 horas. Entrada libre, hasta completar el aforo<\/p>\n<p>\u00bfAlguna vez te has preguntado qu\u00e9 inspir\u00f3 a Picasso para pintar un cuadro sobre la vida de un burdel parisino? Si es as\u00ed, \u00a1no te puedes perder esta obra!<\/p>\n<p><a href=\"https:\/\/www.pamplona.es\/actualidad\/eventos\/el-legado-de-sarasate-concierto-homenaje-pablo-sarasate-civivox-condestable\">El legado de Sarasate. Concierto \u2013 homenaje a Pablo Sarasate. Civivox Condestable<\/a>, 19.30 horas. Entrada libre, previa inscripci\u00f3n en el 010, la red Civivox o <a href=\"http:\/\/www.pamplonaescultura.es\">www.pamplonaescultura.es<\/a><\/p>\n<p>Con ocasi\u00f3n del 116 aniversario del fallecimiento de Pablo Sarasate, el d\u00fao formado por Viktor Babak (viol\u00edn) y Ander Brigido (piano) ofrecen un conciertohomenaje que tiene al violinista pamplon\u00e9s como protagonista. El programa que presentan incluye obras de compositores que Sarasate sol\u00eda interpretar en sus conciertos (J.S. Bach, J. Pachelbel, F. Schubert o W. A. Mozart) para terminar con la interpretaci\u00f3n de varias piezas del mismo Pablo Sarasate.<\/p>\n<p><a href=\"https:\/\/www.pamplona.es\/actualidad\/eventos\/bailables-de-txistu-y-gaita-1\">Bailables de txistu y gaita. M\u00fasica y folklore. Plaza del Castillo<\/a>, de 18.30 a 20.30 horas. Abierto a la libre participaci\u00f3n<\/p>\n<p>La Plaza del Castillo acoge como cada a\u00f1o, las tradicionales actuaciones de txistu y gaita, con la m\u00fasica interpretada desde quiosco para que pueda bailar quien quiera. Se interpretar\u00e1n pasacalles, jotas, porrusaldas, polkas y pasodobles. La Asociaci\u00f3n Banda de Gaiteros de Pamplona\u2013Iru\u00f1eko Gaiteroak y la Asociaci\u00f3n Banda de Txistularis de Pamplona\u2013Irui\u00f1ako Txistulari Taldea interpretan las melod\u00edas en unas actuaciones que se enmarcan en el convenio anual de colaboraci\u00f3n que tienen suscrito con el Ayuntamiento de Pamplona. Los bailables de txistu y gaita se celebran desde 1943.<\/p>\n","protected":false},"excerpt":{"rendered":"","protected":false},"author":1,"featured_media":48433,"comment_status":"open","ping_status":"closed","sticky":false,"template":"","format":"standard","meta":{"footnotes":""},"categories":[2],"tags":[],"class_list":["post-50701","post","type-post","status-publish","format-standard","has-post-thumbnail","hentry","category-ayuntamiento-pamplona"],"yoast_head":"<!-- This site is optimized with the Yoast SEO plugin v27.3 - https:\/\/yoast.com\/product\/yoast-seo-wordpress\/ -->\n<title>Propuesta de actividades organizadas por el Ayuntamiento de Pamplona del 17 al 19 de septiembre con plazas libres<\/title>\n<meta name=\"robots\" content=\"index, follow, max-snippet:-1, max-image-preview:large, max-video-preview:-1\" \/>\n<link rel=\"canonical\" href=\"https:\/\/www.laguiadepamplona.com\/actualidad\/propuesta-de-actividades-organizadas-por-el-ayuntamiento-de-pamplona-del-17-al-19-de-septiembre-con-plazas-libres\/\" \/>\n<meta property=\"og:locale\" content=\"es_ES\" \/>\n<meta property=\"og:type\" content=\"article\" \/>\n<meta property=\"og:title\" content=\"Propuesta de actividades organizadas por el Ayuntamiento de Pamplona del 17 al 19 de septiembre con plazas libres\" \/>\n<meta property=\"og:url\" content=\"https:\/\/www.laguiadepamplona.com\/actualidad\/propuesta-de-actividades-organizadas-por-el-ayuntamiento-de-pamplona-del-17-al-19-de-septiembre-con-plazas-libres\/\" \/>\n<meta property=\"og:site_name\" content=\"La Gu\u00eda de Pamplona\" \/>\n<meta property=\"article:publisher\" content=\"https:\/\/www.facebook.com\/laguiadepamplonacom-133175176762273\/?ref=hl\" \/>\n<meta property=\"article:published_time\" content=\"2024-09-16T18:22:45+00:00\" \/>\n<meta property=\"og:image\" content=\"https:\/\/www.laguiadepamplona.com\/actualidad\/wp-content\/uploads\/2024\/01\/ayuntamiento-pamplona-plaza.webp\" \/>\n\t<meta property=\"og:image:width\" content=\"1200\" \/>\n\t<meta property=\"og:image:height\" content=\"675\" \/>\n\t<meta property=\"og:image:type\" content=\"image\/webp\" \/>\n<meta name=\"author\" content=\"La Gu\u00eda de Pamplona\" \/>\n<meta name=\"twitter:card\" content=\"summary_large_image\" \/>\n<meta name=\"twitter:creator\" content=\"@LaGuiadPamplona\" \/>\n<meta name=\"twitter:site\" content=\"@LaGuiadPamplona\" \/>\n<meta name=\"twitter:label1\" content=\"Escrito por\" \/>\n\t<meta name=\"twitter:data1\" content=\"La Gu\u00eda de Pamplona\" \/>\n\t<meta name=\"twitter:label2\" content=\"Tiempo de lectura\" \/>\n\t<meta name=\"twitter:data2\" content=\"4 minutos\" \/>\n<script type=\"application\/ld+json\" class=\"yoast-schema-graph\">{\"@context\":\"https:\\\/\\\/schema.org\",\"@graph\":[{\"@type\":\"Article\",\"@id\":\"https:\\\/\\\/www.laguiadepamplona.com\\\/actualidad\\\/propuesta-de-actividades-organizadas-por-el-ayuntamiento-de-pamplona-del-17-al-19-de-septiembre-con-plazas-libres\\\/#article\",\"isPartOf\":{\"@id\":\"https:\\\/\\\/www.laguiadepamplona.com\\\/actualidad\\\/propuesta-de-actividades-organizadas-por-el-ayuntamiento-de-pamplona-del-17-al-19-de-septiembre-con-plazas-libres\\\/\"},\"author\":{\"name\":\"La Gu\u00eda de Pamplona\",\"@id\":\"https:\\\/\\\/www.laguiadepamplona.com\\\/actualidad\\\/#\\\/schema\\\/person\\\/efe887376f0213d4657c93adc50b1fdb\"},\"headline\":\"Propuesta de actividades organizadas por el Ayuntamiento de Pamplona del 17 al 19 de septiembre con plazas libres\",\"datePublished\":\"2024-09-16T18:22:45+00:00\",\"mainEntityOfPage\":{\"@id\":\"https:\\\/\\\/www.laguiadepamplona.com\\\/actualidad\\\/propuesta-de-actividades-organizadas-por-el-ayuntamiento-de-pamplona-del-17-al-19-de-septiembre-con-plazas-libres\\\/\"},\"wordCount\":796,\"commentCount\":0,\"publisher\":{\"@id\":\"https:\\\/\\\/www.laguiadepamplona.com\\\/actualidad\\\/#organization\"},\"image\":{\"@id\":\"https:\\\/\\\/www.laguiadepamplona.com\\\/actualidad\\\/propuesta-de-actividades-organizadas-por-el-ayuntamiento-de-pamplona-del-17-al-19-de-septiembre-con-plazas-libres\\\/#primaryimage\"},\"thumbnailUrl\":\"https:\\\/\\\/www.laguiadepamplona.com\\\/actualidad\\\/wp-content\\\/uploads\\\/2024\\\/01\\\/ayuntamiento-pamplona-plaza.webp\",\"articleSection\":[\"Ayto Pamplona\"],\"inLanguage\":\"es\",\"potentialAction\":[{\"@type\":\"CommentAction\",\"name\":\"Comment\",\"target\":[\"https:\\\/\\\/www.laguiadepamplona.com\\\/actualidad\\\/propuesta-de-actividades-organizadas-por-el-ayuntamiento-de-pamplona-del-17-al-19-de-septiembre-con-plazas-libres\\\/#respond\"]}]},{\"@type\":\"WebPage\",\"@id\":\"https:\\\/\\\/www.laguiadepamplona.com\\\/actualidad\\\/propuesta-de-actividades-organizadas-por-el-ayuntamiento-de-pamplona-del-17-al-19-de-septiembre-con-plazas-libres\\\/\",\"url\":\"https:\\\/\\\/www.laguiadepamplona.com\\\/actualidad\\\/propuesta-de-actividades-organizadas-por-el-ayuntamiento-de-pamplona-del-17-al-19-de-septiembre-con-plazas-libres\\\/\",\"name\":\"Propuesta de actividades organizadas por el Ayuntamiento de Pamplona del 17 al 19 de septiembre con plazas libres\",\"isPartOf\":{\"@id\":\"https:\\\/\\\/www.laguiadepamplona.com\\\/actualidad\\\/#website\"},\"primaryImageOfPage\":{\"@id\":\"https:\\\/\\\/www.laguiadepamplona.com\\\/actualidad\\\/propuesta-de-actividades-organizadas-por-el-ayuntamiento-de-pamplona-del-17-al-19-de-septiembre-con-plazas-libres\\\/#primaryimage\"},\"image\":{\"@id\":\"https:\\\/\\\/www.laguiadepamplona.com\\\/actualidad\\\/propuesta-de-actividades-organizadas-por-el-ayuntamiento-de-pamplona-del-17-al-19-de-septiembre-con-plazas-libres\\\/#primaryimage\"},\"thumbnailUrl\":\"https:\\\/\\\/www.laguiadepamplona.com\\\/actualidad\\\/wp-content\\\/uploads\\\/2024\\\/01\\\/ayuntamiento-pamplona-plaza.webp\",\"datePublished\":\"2024-09-16T18:22:45+00:00\",\"breadcrumb\":{\"@id\":\"https:\\\/\\\/www.laguiadepamplona.com\\\/actualidad\\\/propuesta-de-actividades-organizadas-por-el-ayuntamiento-de-pamplona-del-17-al-19-de-septiembre-con-plazas-libres\\\/#breadcrumb\"},\"inLanguage\":\"es\",\"potentialAction\":[{\"@type\":\"ReadAction\",\"target\":[\"https:\\\/\\\/www.laguiadepamplona.com\\\/actualidad\\\/propuesta-de-actividades-organizadas-por-el-ayuntamiento-de-pamplona-del-17-al-19-de-septiembre-con-plazas-libres\\\/\"]}]},{\"@type\":\"ImageObject\",\"inLanguage\":\"es\",\"@id\":\"https:\\\/\\\/www.laguiadepamplona.com\\\/actualidad\\\/propuesta-de-actividades-organizadas-por-el-ayuntamiento-de-pamplona-del-17-al-19-de-septiembre-con-plazas-libres\\\/#primaryimage\",\"url\":\"https:\\\/\\\/www.laguiadepamplona.com\\\/actualidad\\\/wp-content\\\/uploads\\\/2024\\\/01\\\/ayuntamiento-pamplona-plaza.webp\",\"contentUrl\":\"https:\\\/\\\/www.laguiadepamplona.com\\\/actualidad\\\/wp-content\\\/uploads\\\/2024\\\/01\\\/ayuntamiento-pamplona-plaza.webp\",\"width\":1200,\"height\":675,\"caption\":\"Ayuntamiento Pamplona\"},{\"@type\":\"BreadcrumbList\",\"@id\":\"https:\\\/\\\/www.laguiadepamplona.com\\\/actualidad\\\/propuesta-de-actividades-organizadas-por-el-ayuntamiento-de-pamplona-del-17-al-19-de-septiembre-con-plazas-libres\\\/#breadcrumb\",\"itemListElement\":[{\"@type\":\"ListItem\",\"position\":1,\"name\":\"Portada\",\"item\":\"https:\\\/\\\/www.laguiadepamplona.com\\\/actualidad\\\/\"},{\"@type\":\"ListItem\",\"position\":2,\"name\":\"Propuesta de actividades organizadas por el Ayuntamiento de Pamplona del 17 al 19 de septiembre con plazas libres\"}]},{\"@type\":\"WebSite\",\"@id\":\"https:\\\/\\\/www.laguiadepamplona.com\\\/actualidad\\\/#website\",\"url\":\"https:\\\/\\\/www.laguiadepamplona.com\\\/actualidad\\\/\",\"name\":\"La gu\u00eda de Pamplona\",\"description\":\"Noticias de Pamplona\",\"publisher\":{\"@id\":\"https:\\\/\\\/www.laguiadepamplona.com\\\/actualidad\\\/#organization\"},\"potentialAction\":[{\"@type\":\"SearchAction\",\"target\":{\"@type\":\"EntryPoint\",\"urlTemplate\":\"https:\\\/\\\/www.laguiadepamplona.com\\\/actualidad\\\/?s={search_term_string}\"},\"query-input\":{\"@type\":\"PropertyValueSpecification\",\"valueRequired\":true,\"valueName\":\"search_term_string\"}}],\"inLanguage\":\"es\"},{\"@type\":\"Organization\",\"@id\":\"https:\\\/\\\/www.laguiadepamplona.com\\\/actualidad\\\/#organization\",\"name\":\"La Gu\u00eda de Pamplona \\\/ Noticias\",\"url\":\"https:\\\/\\\/www.laguiadepamplona.com\\\/actualidad\\\/\",\"logo\":{\"@type\":\"ImageObject\",\"inLanguage\":\"es\",\"@id\":\"https:\\\/\\\/www.laguiadepamplona.com\\\/actualidad\\\/#\\\/schema\\\/logo\\\/image\\\/\",\"url\":\"https:\\\/\\\/www.laguiadepamplona.com\\\/actualidad\\\/wp-content\\\/uploads\\\/2018\\\/11\\\/logo-laguiadepamplona18-web1.png\",\"contentUrl\":\"https:\\\/\\\/www.laguiadepamplona.com\\\/actualidad\\\/wp-content\\\/uploads\\\/2018\\\/11\\\/logo-laguiadepamplona18-web1.png\",\"width\":600,\"height\":196,\"caption\":\"La Gu\u00eda de Pamplona \\\/ Noticias\"},\"image\":{\"@id\":\"https:\\\/\\\/www.laguiadepamplona.com\\\/actualidad\\\/#\\\/schema\\\/logo\\\/image\\\/\"},\"sameAs\":[\"https:\\\/\\\/www.facebook.com\\\/laguiadepamplonacom-133175176762273\\\/?ref=hl\",\"https:\\\/\\\/x.com\\\/LaGuiadPamplona\",\"https:\\\/\\\/www.instagram.com\\\/la_guia_de_pamplona\\\/\",\"https:\\\/\\\/www.youtube.com\\\/user\\\/laguiadepamplona\"]},{\"@type\":\"Person\",\"@id\":\"https:\\\/\\\/www.laguiadepamplona.com\\\/actualidad\\\/#\\\/schema\\\/person\\\/efe887376f0213d4657c93adc50b1fdb\",\"name\":\"La Gu\u00eda de Pamplona\",\"image\":{\"@type\":\"ImageObject\",\"inLanguage\":\"es\",\"@id\":\"https:\\\/\\\/secure.gravatar.com\\\/avatar\\\/b6992f131dc8d30ab0dff15446e9d346d9dbd95992de0fef795073f5ea83a81c?s=96&d=mm&r=g\",\"url\":\"https:\\\/\\\/secure.gravatar.com\\\/avatar\\\/b6992f131dc8d30ab0dff15446e9d346d9dbd95992de0fef795073f5ea83a81c?s=96&d=mm&r=g\",\"contentUrl\":\"https:\\\/\\\/secure.gravatar.com\\\/avatar\\\/b6992f131dc8d30ab0dff15446e9d346d9dbd95992de0fef795073f5ea83a81c?s=96&d=mm&r=g\",\"caption\":\"La Gu\u00eda de Pamplona\"}}]}<\/script>\n<!-- \/ Yoast SEO plugin. -->","yoast_head_json":{"title":"Propuesta de actividades organizadas por el Ayuntamiento de Pamplona del 17 al 19 de septiembre con plazas libres","robots":{"index":"index","follow":"follow","max-snippet":"max-snippet:-1","max-image-preview":"max-image-preview:large","max-video-preview":"max-video-preview:-1"},"canonical":"https:\/\/www.laguiadepamplona.com\/actualidad\/propuesta-de-actividades-organizadas-por-el-ayuntamiento-de-pamplona-del-17-al-19-de-septiembre-con-plazas-libres\/","og_locale":"es_ES","og_type":"article","og_title":"Propuesta de actividades organizadas por el Ayuntamiento de Pamplona del 17 al 19 de septiembre con plazas libres","og_url":"https:\/\/www.laguiadepamplona.com\/actualidad\/propuesta-de-actividades-organizadas-por-el-ayuntamiento-de-pamplona-del-17-al-19-de-septiembre-con-plazas-libres\/","og_site_name":"La Gu\u00eda de Pamplona","article_publisher":"https:\/\/www.facebook.com\/laguiadepamplonacom-133175176762273\/?ref=hl","article_published_time":"2024-09-16T18:22:45+00:00","og_image":[{"width":1200,"height":675,"url":"https:\/\/www.laguiadepamplona.com\/actualidad\/wp-content\/uploads\/2024\/01\/ayuntamiento-pamplona-plaza.webp","type":"image\/webp"}],"author":"La Gu\u00eda de Pamplona","twitter_card":"summary_large_image","twitter_creator":"@LaGuiadPamplona","twitter_site":"@LaGuiadPamplona","twitter_misc":{"Escrito por":"La Gu\u00eda de Pamplona","Tiempo de lectura":"4 minutos"},"schema":{"@context":"https:\/\/schema.org","@graph":[{"@type":"Article","@id":"https:\/\/www.laguiadepamplona.com\/actualidad\/propuesta-de-actividades-organizadas-por-el-ayuntamiento-de-pamplona-del-17-al-19-de-septiembre-con-plazas-libres\/#article","isPartOf":{"@id":"https:\/\/www.laguiadepamplona.com\/actualidad\/propuesta-de-actividades-organizadas-por-el-ayuntamiento-de-pamplona-del-17-al-19-de-septiembre-con-plazas-libres\/"},"author":{"name":"La Gu\u00eda de Pamplona","@id":"https:\/\/www.laguiadepamplona.com\/actualidad\/#\/schema\/person\/efe887376f0213d4657c93adc50b1fdb"},"headline":"Propuesta de actividades organizadas por el Ayuntamiento de Pamplona del 17 al 19 de septiembre con plazas libres","datePublished":"2024-09-16T18:22:45+00:00","mainEntityOfPage":{"@id":"https:\/\/www.laguiadepamplona.com\/actualidad\/propuesta-de-actividades-organizadas-por-el-ayuntamiento-de-pamplona-del-17-al-19-de-septiembre-con-plazas-libres\/"},"wordCount":796,"commentCount":0,"publisher":{"@id":"https:\/\/www.laguiadepamplona.com\/actualidad\/#organization"},"image":{"@id":"https:\/\/www.laguiadepamplona.com\/actualidad\/propuesta-de-actividades-organizadas-por-el-ayuntamiento-de-pamplona-del-17-al-19-de-septiembre-con-plazas-libres\/#primaryimage"},"thumbnailUrl":"https:\/\/www.laguiadepamplona.com\/actualidad\/wp-content\/uploads\/2024\/01\/ayuntamiento-pamplona-plaza.webp","articleSection":["Ayto Pamplona"],"inLanguage":"es","potentialAction":[{"@type":"CommentAction","name":"Comment","target":["https:\/\/www.laguiadepamplona.com\/actualidad\/propuesta-de-actividades-organizadas-por-el-ayuntamiento-de-pamplona-del-17-al-19-de-septiembre-con-plazas-libres\/#respond"]}]},{"@type":"WebPage","@id":"https:\/\/www.laguiadepamplona.com\/actualidad\/propuesta-de-actividades-organizadas-por-el-ayuntamiento-de-pamplona-del-17-al-19-de-septiembre-con-plazas-libres\/","url":"https:\/\/www.laguiadepamplona.com\/actualidad\/propuesta-de-actividades-organizadas-por-el-ayuntamiento-de-pamplona-del-17-al-19-de-septiembre-con-plazas-libres\/","name":"Propuesta de actividades organizadas por el Ayuntamiento de Pamplona del 17 al 19 de septiembre con plazas libres","isPartOf":{"@id":"https:\/\/www.laguiadepamplona.com\/actualidad\/#website"},"primaryImageOfPage":{"@id":"https:\/\/www.laguiadepamplona.com\/actualidad\/propuesta-de-actividades-organizadas-por-el-ayuntamiento-de-pamplona-del-17-al-19-de-septiembre-con-plazas-libres\/#primaryimage"},"image":{"@id":"https:\/\/www.laguiadepamplona.com\/actualidad\/propuesta-de-actividades-organizadas-por-el-ayuntamiento-de-pamplona-del-17-al-19-de-septiembre-con-plazas-libres\/#primaryimage"},"thumbnailUrl":"https:\/\/www.laguiadepamplona.com\/actualidad\/wp-content\/uploads\/2024\/01\/ayuntamiento-pamplona-plaza.webp","datePublished":"2024-09-16T18:22:45+00:00","breadcrumb":{"@id":"https:\/\/www.laguiadepamplona.com\/actualidad\/propuesta-de-actividades-organizadas-por-el-ayuntamiento-de-pamplona-del-17-al-19-de-septiembre-con-plazas-libres\/#breadcrumb"},"inLanguage":"es","potentialAction":[{"@type":"ReadAction","target":["https:\/\/www.laguiadepamplona.com\/actualidad\/propuesta-de-actividades-organizadas-por-el-ayuntamiento-de-pamplona-del-17-al-19-de-septiembre-con-plazas-libres\/"]}]},{"@type":"ImageObject","inLanguage":"es","@id":"https:\/\/www.laguiadepamplona.com\/actualidad\/propuesta-de-actividades-organizadas-por-el-ayuntamiento-de-pamplona-del-17-al-19-de-septiembre-con-plazas-libres\/#primaryimage","url":"https:\/\/www.laguiadepamplona.com\/actualidad\/wp-content\/uploads\/2024\/01\/ayuntamiento-pamplona-plaza.webp","contentUrl":"https:\/\/www.laguiadepamplona.com\/actualidad\/wp-content\/uploads\/2024\/01\/ayuntamiento-pamplona-plaza.webp","width":1200,"height":675,"caption":"Ayuntamiento Pamplona"},{"@type":"BreadcrumbList","@id":"https:\/\/www.laguiadepamplona.com\/actualidad\/propuesta-de-actividades-organizadas-por-el-ayuntamiento-de-pamplona-del-17-al-19-de-septiembre-con-plazas-libres\/#breadcrumb","itemListElement":[{"@type":"ListItem","position":1,"name":"Portada","item":"https:\/\/www.laguiadepamplona.com\/actualidad\/"},{"@type":"ListItem","position":2,"name":"Propuesta de actividades organizadas por el Ayuntamiento de Pamplona del 17 al 19 de septiembre con plazas libres"}]},{"@type":"WebSite","@id":"https:\/\/www.laguiadepamplona.com\/actualidad\/#website","url":"https:\/\/www.laguiadepamplona.com\/actualidad\/","name":"La gu\u00eda de Pamplona","description":"Noticias de Pamplona","publisher":{"@id":"https:\/\/www.laguiadepamplona.com\/actualidad\/#organization"},"potentialAction":[{"@type":"SearchAction","target":{"@type":"EntryPoint","urlTemplate":"https:\/\/www.laguiadepamplona.com\/actualidad\/?s={search_term_string}"},"query-input":{"@type":"PropertyValueSpecification","valueRequired":true,"valueName":"search_term_string"}}],"inLanguage":"es"},{"@type":"Organization","@id":"https:\/\/www.laguiadepamplona.com\/actualidad\/#organization","name":"La Gu\u00eda de Pamplona \/ Noticias","url":"https:\/\/www.laguiadepamplona.com\/actualidad\/","logo":{"@type":"ImageObject","inLanguage":"es","@id":"https:\/\/www.laguiadepamplona.com\/actualidad\/#\/schema\/logo\/image\/","url":"https:\/\/www.laguiadepamplona.com\/actualidad\/wp-content\/uploads\/2018\/11\/logo-laguiadepamplona18-web1.png","contentUrl":"https:\/\/www.laguiadepamplona.com\/actualidad\/wp-content\/uploads\/2018\/11\/logo-laguiadepamplona18-web1.png","width":600,"height":196,"caption":"La Gu\u00eda de Pamplona \/ Noticias"},"image":{"@id":"https:\/\/www.laguiadepamplona.com\/actualidad\/#\/schema\/logo\/image\/"},"sameAs":["https:\/\/www.facebook.com\/laguiadepamplonacom-133175176762273\/?ref=hl","https:\/\/x.com\/LaGuiadPamplona","https:\/\/www.instagram.com\/la_guia_de_pamplona\/","https:\/\/www.youtube.com\/user\/laguiadepamplona"]},{"@type":"Person","@id":"https:\/\/www.laguiadepamplona.com\/actualidad\/#\/schema\/person\/efe887376f0213d4657c93adc50b1fdb","name":"La Gu\u00eda de Pamplona","image":{"@type":"ImageObject","inLanguage":"es","@id":"https:\/\/secure.gravatar.com\/avatar\/b6992f131dc8d30ab0dff15446e9d346d9dbd95992de0fef795073f5ea83a81c?s=96&d=mm&r=g","url":"https:\/\/secure.gravatar.com\/avatar\/b6992f131dc8d30ab0dff15446e9d346d9dbd95992de0fef795073f5ea83a81c?s=96&d=mm&r=g","contentUrl":"https:\/\/secure.gravatar.com\/avatar\/b6992f131dc8d30ab0dff15446e9d346d9dbd95992de0fef795073f5ea83a81c?s=96&d=mm&r=g","caption":"La Gu\u00eda de Pamplona"}}]}},"post_mailing_queue_ids":[],"_links":{"self":[{"href":"https:\/\/www.laguiadepamplona.com\/actualidad\/wp-json\/wp\/v2\/posts\/50701","targetHints":{"allow":["GET"]}}],"collection":[{"href":"https:\/\/www.laguiadepamplona.com\/actualidad\/wp-json\/wp\/v2\/posts"}],"about":[{"href":"https:\/\/www.laguiadepamplona.com\/actualidad\/wp-json\/wp\/v2\/types\/post"}],"author":[{"embeddable":true,"href":"https:\/\/www.laguiadepamplona.com\/actualidad\/wp-json\/wp\/v2\/users\/1"}],"replies":[{"embeddable":true,"href":"https:\/\/www.laguiadepamplona.com\/actualidad\/wp-json\/wp\/v2\/comments?post=50701"}],"version-history":[{"count":1,"href":"https:\/\/www.laguiadepamplona.com\/actualidad\/wp-json\/wp\/v2\/posts\/50701\/revisions"}],"predecessor-version":[{"id":50702,"href":"https:\/\/www.laguiadepamplona.com\/actualidad\/wp-json\/wp\/v2\/posts\/50701\/revisions\/50702"}],"wp:featuredmedia":[{"embeddable":true,"href":"https:\/\/www.laguiadepamplona.com\/actualidad\/wp-json\/wp\/v2\/media\/48433"}],"wp:attachment":[{"href":"https:\/\/www.laguiadepamplona.com\/actualidad\/wp-json\/wp\/v2\/media?parent=50701"}],"wp:term":[{"taxonomy":"category","embeddable":true,"href":"https:\/\/www.laguiadepamplona.com\/actualidad\/wp-json\/wp\/v2\/categories?post=50701"},{"taxonomy":"post_tag","embeddable":true,"href":"https:\/\/www.laguiadepamplona.com\/actualidad\/wp-json\/wp\/v2\/tags?post=50701"}],"curies":[{"name":"wp","href":"https:\/\/api.w.org\/{rel}","templated":true}]}}