{"id":50660,"date":"2024-09-13T19:22:18","date_gmt":"2024-09-13T17:22:18","guid":{"rendered":"https:\/\/www.laguiadepamplona.com\/actualidad\/?p=50660"},"modified":"2024-09-13T19:22:18","modified_gmt":"2024-09-13T17:22:18","slug":"el-ayuntamiento-de-pamplona-homenajeara-al-violinista-pablo-sarasate-frente-a-su-tumba-el-20-de-septiembre-fecha-del-fallecimiento-del-insigne-musico-pamplones","status":"publish","type":"post","link":"https:\/\/www.laguiadepamplona.com\/actualidad\/el-ayuntamiento-de-pamplona-homenajeara-al-violinista-pablo-sarasate-frente-a-su-tumba-el-20-de-septiembre-fecha-del-fallecimiento-del-insigne-musico-pamplones\/","title":{"rendered":"El Ayuntamiento de Pamplona homenajear\u00e1 al violinista Pablo Sarasate frente a su tumba el 20 de septiembre, fecha del fallecimiento del insigne m\u00fasico pamplon\u00e9s"},"content":{"rendered":"<h2>Este cambio, apoyado por la mayor\u00eda de los grupos, busca ligar el homenaje al \u201cperiplo vital\u201d de Sarasate, y dar mayor valor a un acto que se celebraba el 1 de noviembre<\/h2>\n<p><!--more--><\/p>\n<p>El homenaje de Pamplona al m\u00fasico y compositor Pablo Sarasate se realizar\u00e1 este a\u00f1o el viernes 20 de septiembre, a las 11 horas, en la fecha del fallecimiento del insigne int\u00e9rprete pamplon\u00e9s. La Junta de Portavoces del Ayuntamiento, a propuesta de Alcald\u00eda, ha acordado por mayor\u00eda homenajear a Sarasate en el 116 aniversario de su muerte, en lugar del 1 noviembre, festividad de Todos los Santos, como se ven\u00eda haciendo en los \u00faltimos a\u00f1os.<\/p>\n<p>La celebraci\u00f3n del acto el 20 de septiembre se centra en la figura del m\u00fasico y su trayectoria profesional, como ya se hizo en el a\u00f1o 2018. Este a\u00f1o, representantes municipales se desplazar\u00e1n hasta el Cementerio de San Jos\u00e9 para realizar un sencillo homenaje, con la interpretaci\u00f3n de varias piezas musicales, una ofrenda floral y un responso ante la sepultura del violinista pamplon\u00e9s.<\/p>\n<p>Pablo Sarasate y Navascu\u00e9s naci\u00f3 el 10 de marzo de 1844 en Pamplona y falleci\u00f3 el 20 de septiembre de 1908 en Biarritz (Francia). Considerado un ni\u00f1o prodigio, estudi\u00f3 en Madrid y Par\u00eds, y ofreci\u00f3 numerosos conciertos en todo el mundo. Compuso decenas de obras para viol\u00edn, con inspiraci\u00f3n de los lugares que iba conociendo y su folklore, sobre todo, el de su lugar de origen. Entre sus obras m\u00e1s celebradas se encuentran Aires bohemios, la Fantas\u00eda sobre Carmen de Bizet, la Havanera n\u00famero 2, el Zapateado o el Capricho Vasco.<\/p>\n<p>El m\u00fasico pamplon\u00e9s fue asiduo visitante de las fiestas de San Ferm\u00edn, y ofrec\u00eda conciertos desde los balcones del hotel La Perla, donde se sol\u00eda alojar. Tambi\u00e9n deleitaba con su m\u00fasica en conciertos en el Teatro Principal, acompa\u00f1ado por el Orfe\u00f3n Pamplon\u00e9s y la Orquesta Santa Cecilia, que presid\u00eda. Recibi\u00f3 el t\u00edtulo de Hijo Predilecto de Pamplona en los Sanfermines de 1902 y cuenta con un pante\u00f3n en el Cementerio de San Jos\u00e9 desde 1879, el mismo a\u00f1o en que fund\u00f3 la Orquesta Pablo Sarasate, actual Orquesta Sinf\u00f3nica de Navarra (OSN).<\/p>\n<p>Pablo Sarasate leg\u00f3 a Pamplona sus partituras, instrumentos, cuadros, diplomas y trofeos, que pueden verse en el Museo ubicado en la primera planta del Palacio de Condestable (calle Mayor, 2). En honor a su fama y trayectoria profesional de reconocido prestigio, la ciudad le dedic\u00f3 uno de sus paseos principales.<\/p>\n<p>&nbsp;<\/p>\n<h3>Homenaje a Pablo Sarasate<\/h3>\n<ul>\n<li>Viernes, 20 de septiembre, a las 11 horas\n<ul>\n<li>Cementerio Municipal de San Jos\u00e9<\/li>\n<\/ul>\n<\/li>\n<\/ul>\n","protected":false},"excerpt":{"rendered":"<p>Este cambio, apoyado por la mayor\u00eda de los grupos, busca ligar el homenaje al \u201cperiplo vital\u201d de Sarasate, y dar mayor valor a un acto que se celebraba el 1&#8230;<\/p>\n","protected":false},"author":1,"featured_media":50661,"comment_status":"open","ping_status":"closed","sticky":false,"template":"","format":"standard","meta":{"footnotes":""},"categories":[2],"tags":[],"class_list":["post-50660","post","type-post","status-publish","format-standard","has-post-thumbnail","hentry","category-ayuntamiento-pamplona"],"yoast_head":"<!-- This site is optimized with the Yoast SEO plugin v27.3 - https:\/\/yoast.com\/product\/yoast-seo-wordpress\/ -->\n<title>El Ayuntamiento de Pamplona homenajear\u00e1 al violinista Pablo Sarasate frente a su tumba el 20 de septiembre, fecha del fallecimiento del insigne m\u00fasico pamplon\u00e9s<\/title>\n<meta name=\"description\" content=\"Este cambio, apoyado por la mayor\u00eda de los grupos, busca ligar el homenaje al \u201cperiplo vital\u201d de Sarasate, y dar mayor valor a un acto que se celebraba el 1 de noviembre\" \/>\n<meta name=\"robots\" content=\"index, follow, max-snippet:-1, max-image-preview:large, max-video-preview:-1\" \/>\n<link rel=\"canonical\" href=\"https:\/\/www.laguiadepamplona.com\/actualidad\/el-ayuntamiento-de-pamplona-homenajeara-al-violinista-pablo-sarasate-frente-a-su-tumba-el-20-de-septiembre-fecha-del-fallecimiento-del-insigne-musico-pamplones\/\" \/>\n<meta property=\"og:locale\" content=\"es_ES\" \/>\n<meta property=\"og:type\" content=\"article\" \/>\n<meta property=\"og:title\" content=\"El Ayuntamiento de Pamplona homenajear\u00e1 al violinista Pablo Sarasate frente a su tumba el 20 de septiembre, fecha del fallecimiento del insigne m\u00fasico pamplon\u00e9s\" \/>\n<meta property=\"og:description\" content=\"Este cambio, apoyado por la mayor\u00eda de los grupos, busca ligar el homenaje al \u201cperiplo vital\u201d de Sarasate, y dar mayor valor a un acto que se celebraba el 1 de noviembre\" \/>\n<meta property=\"og:url\" content=\"https:\/\/www.laguiadepamplona.com\/actualidad\/el-ayuntamiento-de-pamplona-homenajeara-al-violinista-pablo-sarasate-frente-a-su-tumba-el-20-de-septiembre-fecha-del-fallecimiento-del-insigne-musico-pamplones\/\" \/>\n<meta property=\"og:site_name\" content=\"La Gu\u00eda de Pamplona\" \/>\n<meta property=\"article:publisher\" content=\"https:\/\/www.facebook.com\/laguiadepamplonacom-133175176762273\/?ref=hl\" \/>\n<meta property=\"article:published_time\" content=\"2024-09-13T17:22:18+00:00\" \/>\n<meta property=\"og:image\" content=\"https:\/\/www.laguiadepamplona.com\/actualidad\/wp-content\/uploads\/2024\/09\/homenaje-Sarasate_web.webp\" \/>\n\t<meta property=\"og:image:width\" content=\"1000\" \/>\n\t<meta property=\"og:image:height\" content=\"667\" \/>\n\t<meta property=\"og:image:type\" content=\"image\/webp\" \/>\n<meta name=\"author\" content=\"La Gu\u00eda de Pamplona\" \/>\n<meta name=\"twitter:card\" content=\"summary_large_image\" \/>\n<meta name=\"twitter:creator\" content=\"@LaGuiadPamplona\" \/>\n<meta name=\"twitter:site\" content=\"@LaGuiadPamplona\" \/>\n<meta name=\"twitter:label1\" content=\"Escrito por\" \/>\n\t<meta name=\"twitter:data1\" content=\"La Gu\u00eda de Pamplona\" \/>\n\t<meta name=\"twitter:label2\" content=\"Tiempo de lectura\" \/>\n\t<meta name=\"twitter:data2\" content=\"2 minutos\" \/>\n<script type=\"application\/ld+json\" class=\"yoast-schema-graph\">{\"@context\":\"https:\\\/\\\/schema.org\",\"@graph\":[{\"@type\":\"Article\",\"@id\":\"https:\\\/\\\/www.laguiadepamplona.com\\\/actualidad\\\/el-ayuntamiento-de-pamplona-homenajeara-al-violinista-pablo-sarasate-frente-a-su-tumba-el-20-de-septiembre-fecha-del-fallecimiento-del-insigne-musico-pamplones\\\/#article\",\"isPartOf\":{\"@id\":\"https:\\\/\\\/www.laguiadepamplona.com\\\/actualidad\\\/el-ayuntamiento-de-pamplona-homenajeara-al-violinista-pablo-sarasate-frente-a-su-tumba-el-20-de-septiembre-fecha-del-fallecimiento-del-insigne-musico-pamplones\\\/\"},\"author\":{\"name\":\"La Gu\u00eda de Pamplona\",\"@id\":\"https:\\\/\\\/www.laguiadepamplona.com\\\/actualidad\\\/#\\\/schema\\\/person\\\/efe887376f0213d4657c93adc50b1fdb\"},\"headline\":\"El Ayuntamiento de Pamplona homenajear\u00e1 al violinista Pablo Sarasate frente a su tumba el 20 de septiembre, fecha del fallecimiento del insigne m\u00fasico pamplon\u00e9s\",\"datePublished\":\"2024-09-13T17:22:18+00:00\",\"mainEntityOfPage\":{\"@id\":\"https:\\\/\\\/www.laguiadepamplona.com\\\/actualidad\\\/el-ayuntamiento-de-pamplona-homenajeara-al-violinista-pablo-sarasate-frente-a-su-tumba-el-20-de-septiembre-fecha-del-fallecimiento-del-insigne-musico-pamplones\\\/\"},\"wordCount\":466,\"commentCount\":0,\"publisher\":{\"@id\":\"https:\\\/\\\/www.laguiadepamplona.com\\\/actualidad\\\/#organization\"},\"image\":{\"@id\":\"https:\\\/\\\/www.laguiadepamplona.com\\\/actualidad\\\/el-ayuntamiento-de-pamplona-homenajeara-al-violinista-pablo-sarasate-frente-a-su-tumba-el-20-de-septiembre-fecha-del-fallecimiento-del-insigne-musico-pamplones\\\/#primaryimage\"},\"thumbnailUrl\":\"https:\\\/\\\/www.laguiadepamplona.com\\\/actualidad\\\/wp-content\\\/uploads\\\/2024\\\/09\\\/homenaje-Sarasate_web.webp\",\"articleSection\":[\"Ayto Pamplona\"],\"inLanguage\":\"es\",\"potentialAction\":[{\"@type\":\"CommentAction\",\"name\":\"Comment\",\"target\":[\"https:\\\/\\\/www.laguiadepamplona.com\\\/actualidad\\\/el-ayuntamiento-de-pamplona-homenajeara-al-violinista-pablo-sarasate-frente-a-su-tumba-el-20-de-septiembre-fecha-del-fallecimiento-del-insigne-musico-pamplones\\\/#respond\"]}]},{\"@type\":\"WebPage\",\"@id\":\"https:\\\/\\\/www.laguiadepamplona.com\\\/actualidad\\\/el-ayuntamiento-de-pamplona-homenajeara-al-violinista-pablo-sarasate-frente-a-su-tumba-el-20-de-septiembre-fecha-del-fallecimiento-del-insigne-musico-pamplones\\\/\",\"url\":\"https:\\\/\\\/www.laguiadepamplona.com\\\/actualidad\\\/el-ayuntamiento-de-pamplona-homenajeara-al-violinista-pablo-sarasate-frente-a-su-tumba-el-20-de-septiembre-fecha-del-fallecimiento-del-insigne-musico-pamplones\\\/\",\"name\":\"El Ayuntamiento de Pamplona homenajear\u00e1 al violinista Pablo Sarasate frente a su tumba el 20 de septiembre, fecha del fallecimiento del insigne m\u00fasico pamplon\u00e9s\",\"isPartOf\":{\"@id\":\"https:\\\/\\\/www.laguiadepamplona.com\\\/actualidad\\\/#website\"},\"primaryImageOfPage\":{\"@id\":\"https:\\\/\\\/www.laguiadepamplona.com\\\/actualidad\\\/el-ayuntamiento-de-pamplona-homenajeara-al-violinista-pablo-sarasate-frente-a-su-tumba-el-20-de-septiembre-fecha-del-fallecimiento-del-insigne-musico-pamplones\\\/#primaryimage\"},\"image\":{\"@id\":\"https:\\\/\\\/www.laguiadepamplona.com\\\/actualidad\\\/el-ayuntamiento-de-pamplona-homenajeara-al-violinista-pablo-sarasate-frente-a-su-tumba-el-20-de-septiembre-fecha-del-fallecimiento-del-insigne-musico-pamplones\\\/#primaryimage\"},\"thumbnailUrl\":\"https:\\\/\\\/www.laguiadepamplona.com\\\/actualidad\\\/wp-content\\\/uploads\\\/2024\\\/09\\\/homenaje-Sarasate_web.webp\",\"datePublished\":\"2024-09-13T17:22:18+00:00\",\"description\":\"Este cambio, apoyado por la mayor\u00eda de los grupos, busca ligar el homenaje al \u201cperiplo vital\u201d de Sarasate, y dar mayor valor a un acto que se celebraba el 1 de noviembre\",\"breadcrumb\":{\"@id\":\"https:\\\/\\\/www.laguiadepamplona.com\\\/actualidad\\\/el-ayuntamiento-de-pamplona-homenajeara-al-violinista-pablo-sarasate-frente-a-su-tumba-el-20-de-septiembre-fecha-del-fallecimiento-del-insigne-musico-pamplones\\\/#breadcrumb\"},\"inLanguage\":\"es\",\"potentialAction\":[{\"@type\":\"ReadAction\",\"target\":[\"https:\\\/\\\/www.laguiadepamplona.com\\\/actualidad\\\/el-ayuntamiento-de-pamplona-homenajeara-al-violinista-pablo-sarasate-frente-a-su-tumba-el-20-de-septiembre-fecha-del-fallecimiento-del-insigne-musico-pamplones\\\/\"]}]},{\"@type\":\"ImageObject\",\"inLanguage\":\"es\",\"@id\":\"https:\\\/\\\/www.laguiadepamplona.com\\\/actualidad\\\/el-ayuntamiento-de-pamplona-homenajeara-al-violinista-pablo-sarasate-frente-a-su-tumba-el-20-de-septiembre-fecha-del-fallecimiento-del-insigne-musico-pamplones\\\/#primaryimage\",\"url\":\"https:\\\/\\\/www.laguiadepamplona.com\\\/actualidad\\\/wp-content\\\/uploads\\\/2024\\\/09\\\/homenaje-Sarasate_web.webp\",\"contentUrl\":\"https:\\\/\\\/www.laguiadepamplona.com\\\/actualidad\\\/wp-content\\\/uploads\\\/2024\\\/09\\\/homenaje-Sarasate_web.webp\",\"width\":1000,\"height\":667,\"caption\":\"homenaje Pablo Sarasate\"},{\"@type\":\"BreadcrumbList\",\"@id\":\"https:\\\/\\\/www.laguiadepamplona.com\\\/actualidad\\\/el-ayuntamiento-de-pamplona-homenajeara-al-violinista-pablo-sarasate-frente-a-su-tumba-el-20-de-septiembre-fecha-del-fallecimiento-del-insigne-musico-pamplones\\\/#breadcrumb\",\"itemListElement\":[{\"@type\":\"ListItem\",\"position\":1,\"name\":\"Portada\",\"item\":\"https:\\\/\\\/www.laguiadepamplona.com\\\/actualidad\\\/\"},{\"@type\":\"ListItem\",\"position\":2,\"name\":\"El Ayuntamiento de Pamplona homenajear\u00e1 al violinista Pablo Sarasate frente a su tumba el 20 de septiembre, fecha del fallecimiento del insigne m\u00fasico pamplon\u00e9s\"}]},{\"@type\":\"WebSite\",\"@id\":\"https:\\\/\\\/www.laguiadepamplona.com\\\/actualidad\\\/#website\",\"url\":\"https:\\\/\\\/www.laguiadepamplona.com\\\/actualidad\\\/\",\"name\":\"La gu\u00eda de Pamplona\",\"description\":\"Noticias de Pamplona\",\"publisher\":{\"@id\":\"https:\\\/\\\/www.laguiadepamplona.com\\\/actualidad\\\/#organization\"},\"potentialAction\":[{\"@type\":\"SearchAction\",\"target\":{\"@type\":\"EntryPoint\",\"urlTemplate\":\"https:\\\/\\\/www.laguiadepamplona.com\\\/actualidad\\\/?s={search_term_string}\"},\"query-input\":{\"@type\":\"PropertyValueSpecification\",\"valueRequired\":true,\"valueName\":\"search_term_string\"}}],\"inLanguage\":\"es\"},{\"@type\":\"Organization\",\"@id\":\"https:\\\/\\\/www.laguiadepamplona.com\\\/actualidad\\\/#organization\",\"name\":\"La Gu\u00eda de Pamplona \\\/ Noticias\",\"url\":\"https:\\\/\\\/www.laguiadepamplona.com\\\/actualidad\\\/\",\"logo\":{\"@type\":\"ImageObject\",\"inLanguage\":\"es\",\"@id\":\"https:\\\/\\\/www.laguiadepamplona.com\\\/actualidad\\\/#\\\/schema\\\/logo\\\/image\\\/\",\"url\":\"https:\\\/\\\/www.laguiadepamplona.com\\\/actualidad\\\/wp-content\\\/uploads\\\/2018\\\/11\\\/logo-laguiadepamplona18-web1.png\",\"contentUrl\":\"https:\\\/\\\/www.laguiadepamplona.com\\\/actualidad\\\/wp-content\\\/uploads\\\/2018\\\/11\\\/logo-laguiadepamplona18-web1.png\",\"width\":600,\"height\":196,\"caption\":\"La Gu\u00eda de Pamplona \\\/ Noticias\"},\"image\":{\"@id\":\"https:\\\/\\\/www.laguiadepamplona.com\\\/actualidad\\\/#\\\/schema\\\/logo\\\/image\\\/\"},\"sameAs\":[\"https:\\\/\\\/www.facebook.com\\\/laguiadepamplonacom-133175176762273\\\/?ref=hl\",\"https:\\\/\\\/x.com\\\/LaGuiadPamplona\",\"https:\\\/\\\/www.instagram.com\\\/la_guia_de_pamplona\\\/\",\"https:\\\/\\\/www.youtube.com\\\/user\\\/laguiadepamplona\"]},{\"@type\":\"Person\",\"@id\":\"https:\\\/\\\/www.laguiadepamplona.com\\\/actualidad\\\/#\\\/schema\\\/person\\\/efe887376f0213d4657c93adc50b1fdb\",\"name\":\"La Gu\u00eda de Pamplona\",\"image\":{\"@type\":\"ImageObject\",\"inLanguage\":\"es\",\"@id\":\"https:\\\/\\\/secure.gravatar.com\\\/avatar\\\/b6992f131dc8d30ab0dff15446e9d346d9dbd95992de0fef795073f5ea83a81c?s=96&d=mm&r=g\",\"url\":\"https:\\\/\\\/secure.gravatar.com\\\/avatar\\\/b6992f131dc8d30ab0dff15446e9d346d9dbd95992de0fef795073f5ea83a81c?s=96&d=mm&r=g\",\"contentUrl\":\"https:\\\/\\\/secure.gravatar.com\\\/avatar\\\/b6992f131dc8d30ab0dff15446e9d346d9dbd95992de0fef795073f5ea83a81c?s=96&d=mm&r=g\",\"caption\":\"La Gu\u00eda de Pamplona\"}}]}<\/script>\n<!-- \/ Yoast SEO plugin. -->","yoast_head_json":{"title":"El Ayuntamiento de Pamplona homenajear\u00e1 al violinista Pablo Sarasate frente a su tumba el 20 de septiembre, fecha del fallecimiento del insigne m\u00fasico pamplon\u00e9s","description":"Este cambio, apoyado por la mayor\u00eda de los grupos, busca ligar el homenaje al \u201cperiplo vital\u201d de Sarasate, y dar mayor valor a un acto que se celebraba el 1 de noviembre","robots":{"index":"index","follow":"follow","max-snippet":"max-snippet:-1","max-image-preview":"max-image-preview:large","max-video-preview":"max-video-preview:-1"},"canonical":"https:\/\/www.laguiadepamplona.com\/actualidad\/el-ayuntamiento-de-pamplona-homenajeara-al-violinista-pablo-sarasate-frente-a-su-tumba-el-20-de-septiembre-fecha-del-fallecimiento-del-insigne-musico-pamplones\/","og_locale":"es_ES","og_type":"article","og_title":"El Ayuntamiento de Pamplona homenajear\u00e1 al violinista Pablo Sarasate frente a su tumba el 20 de septiembre, fecha del fallecimiento del insigne m\u00fasico pamplon\u00e9s","og_description":"Este cambio, apoyado por la mayor\u00eda de los grupos, busca ligar el homenaje al \u201cperiplo vital\u201d de Sarasate, y dar mayor valor a un acto que se celebraba el 1 de noviembre","og_url":"https:\/\/www.laguiadepamplona.com\/actualidad\/el-ayuntamiento-de-pamplona-homenajeara-al-violinista-pablo-sarasate-frente-a-su-tumba-el-20-de-septiembre-fecha-del-fallecimiento-del-insigne-musico-pamplones\/","og_site_name":"La Gu\u00eda de Pamplona","article_publisher":"https:\/\/www.facebook.com\/laguiadepamplonacom-133175176762273\/?ref=hl","article_published_time":"2024-09-13T17:22:18+00:00","og_image":[{"width":1000,"height":667,"url":"https:\/\/www.laguiadepamplona.com\/actualidad\/wp-content\/uploads\/2024\/09\/homenaje-Sarasate_web.webp","type":"image\/webp"}],"author":"La Gu\u00eda de Pamplona","twitter_card":"summary_large_image","twitter_creator":"@LaGuiadPamplona","twitter_site":"@LaGuiadPamplona","twitter_misc":{"Escrito por":"La Gu\u00eda de Pamplona","Tiempo de lectura":"2 minutos"},"schema":{"@context":"https:\/\/schema.org","@graph":[{"@type":"Article","@id":"https:\/\/www.laguiadepamplona.com\/actualidad\/el-ayuntamiento-de-pamplona-homenajeara-al-violinista-pablo-sarasate-frente-a-su-tumba-el-20-de-septiembre-fecha-del-fallecimiento-del-insigne-musico-pamplones\/#article","isPartOf":{"@id":"https:\/\/www.laguiadepamplona.com\/actualidad\/el-ayuntamiento-de-pamplona-homenajeara-al-violinista-pablo-sarasate-frente-a-su-tumba-el-20-de-septiembre-fecha-del-fallecimiento-del-insigne-musico-pamplones\/"},"author":{"name":"La Gu\u00eda de Pamplona","@id":"https:\/\/www.laguiadepamplona.com\/actualidad\/#\/schema\/person\/efe887376f0213d4657c93adc50b1fdb"},"headline":"El Ayuntamiento de Pamplona homenajear\u00e1 al violinista Pablo Sarasate frente a su tumba el 20 de septiembre, fecha del fallecimiento del insigne m\u00fasico pamplon\u00e9s","datePublished":"2024-09-13T17:22:18+00:00","mainEntityOfPage":{"@id":"https:\/\/www.laguiadepamplona.com\/actualidad\/el-ayuntamiento-de-pamplona-homenajeara-al-violinista-pablo-sarasate-frente-a-su-tumba-el-20-de-septiembre-fecha-del-fallecimiento-del-insigne-musico-pamplones\/"},"wordCount":466,"commentCount":0,"publisher":{"@id":"https:\/\/www.laguiadepamplona.com\/actualidad\/#organization"},"image":{"@id":"https:\/\/www.laguiadepamplona.com\/actualidad\/el-ayuntamiento-de-pamplona-homenajeara-al-violinista-pablo-sarasate-frente-a-su-tumba-el-20-de-septiembre-fecha-del-fallecimiento-del-insigne-musico-pamplones\/#primaryimage"},"thumbnailUrl":"https:\/\/www.laguiadepamplona.com\/actualidad\/wp-content\/uploads\/2024\/09\/homenaje-Sarasate_web.webp","articleSection":["Ayto Pamplona"],"inLanguage":"es","potentialAction":[{"@type":"CommentAction","name":"Comment","target":["https:\/\/www.laguiadepamplona.com\/actualidad\/el-ayuntamiento-de-pamplona-homenajeara-al-violinista-pablo-sarasate-frente-a-su-tumba-el-20-de-septiembre-fecha-del-fallecimiento-del-insigne-musico-pamplones\/#respond"]}]},{"@type":"WebPage","@id":"https:\/\/www.laguiadepamplona.com\/actualidad\/el-ayuntamiento-de-pamplona-homenajeara-al-violinista-pablo-sarasate-frente-a-su-tumba-el-20-de-septiembre-fecha-del-fallecimiento-del-insigne-musico-pamplones\/","url":"https:\/\/www.laguiadepamplona.com\/actualidad\/el-ayuntamiento-de-pamplona-homenajeara-al-violinista-pablo-sarasate-frente-a-su-tumba-el-20-de-septiembre-fecha-del-fallecimiento-del-insigne-musico-pamplones\/","name":"El Ayuntamiento de Pamplona homenajear\u00e1 al violinista Pablo Sarasate frente a su tumba el 20 de septiembre, fecha del fallecimiento del insigne m\u00fasico pamplon\u00e9s","isPartOf":{"@id":"https:\/\/www.laguiadepamplona.com\/actualidad\/#website"},"primaryImageOfPage":{"@id":"https:\/\/www.laguiadepamplona.com\/actualidad\/el-ayuntamiento-de-pamplona-homenajeara-al-violinista-pablo-sarasate-frente-a-su-tumba-el-20-de-septiembre-fecha-del-fallecimiento-del-insigne-musico-pamplones\/#primaryimage"},"image":{"@id":"https:\/\/www.laguiadepamplona.com\/actualidad\/el-ayuntamiento-de-pamplona-homenajeara-al-violinista-pablo-sarasate-frente-a-su-tumba-el-20-de-septiembre-fecha-del-fallecimiento-del-insigne-musico-pamplones\/#primaryimage"},"thumbnailUrl":"https:\/\/www.laguiadepamplona.com\/actualidad\/wp-content\/uploads\/2024\/09\/homenaje-Sarasate_web.webp","datePublished":"2024-09-13T17:22:18+00:00","description":"Este cambio, apoyado por la mayor\u00eda de los grupos, busca ligar el homenaje al \u201cperiplo vital\u201d de Sarasate, y dar mayor valor a un acto que se celebraba el 1 de noviembre","breadcrumb":{"@id":"https:\/\/www.laguiadepamplona.com\/actualidad\/el-ayuntamiento-de-pamplona-homenajeara-al-violinista-pablo-sarasate-frente-a-su-tumba-el-20-de-septiembre-fecha-del-fallecimiento-del-insigne-musico-pamplones\/#breadcrumb"},"inLanguage":"es","potentialAction":[{"@type":"ReadAction","target":["https:\/\/www.laguiadepamplona.com\/actualidad\/el-ayuntamiento-de-pamplona-homenajeara-al-violinista-pablo-sarasate-frente-a-su-tumba-el-20-de-septiembre-fecha-del-fallecimiento-del-insigne-musico-pamplones\/"]}]},{"@type":"ImageObject","inLanguage":"es","@id":"https:\/\/www.laguiadepamplona.com\/actualidad\/el-ayuntamiento-de-pamplona-homenajeara-al-violinista-pablo-sarasate-frente-a-su-tumba-el-20-de-septiembre-fecha-del-fallecimiento-del-insigne-musico-pamplones\/#primaryimage","url":"https:\/\/www.laguiadepamplona.com\/actualidad\/wp-content\/uploads\/2024\/09\/homenaje-Sarasate_web.webp","contentUrl":"https:\/\/www.laguiadepamplona.com\/actualidad\/wp-content\/uploads\/2024\/09\/homenaje-Sarasate_web.webp","width":1000,"height":667,"caption":"homenaje Pablo Sarasate"},{"@type":"BreadcrumbList","@id":"https:\/\/www.laguiadepamplona.com\/actualidad\/el-ayuntamiento-de-pamplona-homenajeara-al-violinista-pablo-sarasate-frente-a-su-tumba-el-20-de-septiembre-fecha-del-fallecimiento-del-insigne-musico-pamplones\/#breadcrumb","itemListElement":[{"@type":"ListItem","position":1,"name":"Portada","item":"https:\/\/www.laguiadepamplona.com\/actualidad\/"},{"@type":"ListItem","position":2,"name":"El Ayuntamiento de Pamplona homenajear\u00e1 al violinista Pablo Sarasate frente a su tumba el 20 de septiembre, fecha del fallecimiento del insigne m\u00fasico pamplon\u00e9s"}]},{"@type":"WebSite","@id":"https:\/\/www.laguiadepamplona.com\/actualidad\/#website","url":"https:\/\/www.laguiadepamplona.com\/actualidad\/","name":"La gu\u00eda de Pamplona","description":"Noticias de Pamplona","publisher":{"@id":"https:\/\/www.laguiadepamplona.com\/actualidad\/#organization"},"potentialAction":[{"@type":"SearchAction","target":{"@type":"EntryPoint","urlTemplate":"https:\/\/www.laguiadepamplona.com\/actualidad\/?s={search_term_string}"},"query-input":{"@type":"PropertyValueSpecification","valueRequired":true,"valueName":"search_term_string"}}],"inLanguage":"es"},{"@type":"Organization","@id":"https:\/\/www.laguiadepamplona.com\/actualidad\/#organization","name":"La Gu\u00eda de Pamplona \/ Noticias","url":"https:\/\/www.laguiadepamplona.com\/actualidad\/","logo":{"@type":"ImageObject","inLanguage":"es","@id":"https:\/\/www.laguiadepamplona.com\/actualidad\/#\/schema\/logo\/image\/","url":"https:\/\/www.laguiadepamplona.com\/actualidad\/wp-content\/uploads\/2018\/11\/logo-laguiadepamplona18-web1.png","contentUrl":"https:\/\/www.laguiadepamplona.com\/actualidad\/wp-content\/uploads\/2018\/11\/logo-laguiadepamplona18-web1.png","width":600,"height":196,"caption":"La Gu\u00eda de Pamplona \/ Noticias"},"image":{"@id":"https:\/\/www.laguiadepamplona.com\/actualidad\/#\/schema\/logo\/image\/"},"sameAs":["https:\/\/www.facebook.com\/laguiadepamplonacom-133175176762273\/?ref=hl","https:\/\/x.com\/LaGuiadPamplona","https:\/\/www.instagram.com\/la_guia_de_pamplona\/","https:\/\/www.youtube.com\/user\/laguiadepamplona"]},{"@type":"Person","@id":"https:\/\/www.laguiadepamplona.com\/actualidad\/#\/schema\/person\/efe887376f0213d4657c93adc50b1fdb","name":"La Gu\u00eda de Pamplona","image":{"@type":"ImageObject","inLanguage":"es","@id":"https:\/\/secure.gravatar.com\/avatar\/b6992f131dc8d30ab0dff15446e9d346d9dbd95992de0fef795073f5ea83a81c?s=96&d=mm&r=g","url":"https:\/\/secure.gravatar.com\/avatar\/b6992f131dc8d30ab0dff15446e9d346d9dbd95992de0fef795073f5ea83a81c?s=96&d=mm&r=g","contentUrl":"https:\/\/secure.gravatar.com\/avatar\/b6992f131dc8d30ab0dff15446e9d346d9dbd95992de0fef795073f5ea83a81c?s=96&d=mm&r=g","caption":"La Gu\u00eda de Pamplona"}}]}},"post_mailing_queue_ids":[],"_links":{"self":[{"href":"https:\/\/www.laguiadepamplona.com\/actualidad\/wp-json\/wp\/v2\/posts\/50660","targetHints":{"allow":["GET"]}}],"collection":[{"href":"https:\/\/www.laguiadepamplona.com\/actualidad\/wp-json\/wp\/v2\/posts"}],"about":[{"href":"https:\/\/www.laguiadepamplona.com\/actualidad\/wp-json\/wp\/v2\/types\/post"}],"author":[{"embeddable":true,"href":"https:\/\/www.laguiadepamplona.com\/actualidad\/wp-json\/wp\/v2\/users\/1"}],"replies":[{"embeddable":true,"href":"https:\/\/www.laguiadepamplona.com\/actualidad\/wp-json\/wp\/v2\/comments?post=50660"}],"version-history":[{"count":1,"href":"https:\/\/www.laguiadepamplona.com\/actualidad\/wp-json\/wp\/v2\/posts\/50660\/revisions"}],"predecessor-version":[{"id":50662,"href":"https:\/\/www.laguiadepamplona.com\/actualidad\/wp-json\/wp\/v2\/posts\/50660\/revisions\/50662"}],"wp:featuredmedia":[{"embeddable":true,"href":"https:\/\/www.laguiadepamplona.com\/actualidad\/wp-json\/wp\/v2\/media\/50661"}],"wp:attachment":[{"href":"https:\/\/www.laguiadepamplona.com\/actualidad\/wp-json\/wp\/v2\/media?parent=50660"}],"wp:term":[{"taxonomy":"category","embeddable":true,"href":"https:\/\/www.laguiadepamplona.com\/actualidad\/wp-json\/wp\/v2\/categories?post=50660"},{"taxonomy":"post_tag","embeddable":true,"href":"https:\/\/www.laguiadepamplona.com\/actualidad\/wp-json\/wp\/v2\/tags?post=50660"}],"curies":[{"name":"wp","href":"https:\/\/api.w.org\/{rel}","templated":true}]}}