{"id":50644,"date":"2024-09-12T18:30:49","date_gmt":"2024-09-12T16:30:49","guid":{"rendered":"https:\/\/www.laguiadepamplona.com\/actualidad\/?p=50644"},"modified":"2024-09-12T18:30:49","modified_gmt":"2024-09-12T16:30:49","slug":"duguna-iruneko-dantzariak-celebrara-este-sabado-una-kalejira-por-su-75-aniversario-junto-a-300-dantzaris-y-musicos-y-la-comparsa-de-gigantes-y-cabezudos-de-pamplona","status":"publish","type":"post","link":"https:\/\/www.laguiadepamplona.com\/actualidad\/duguna-iruneko-dantzariak-celebrara-este-sabado-una-kalejira-por-su-75-aniversario-junto-a-300-dantzaris-y-musicos-y-la-comparsa-de-gigantes-y-cabezudos-de-pamplona\/","title":{"rendered":"Duguna \u2013 Iru\u00f1eko Dantzariak celebrar\u00e1 este s\u00e1bado una kalejira por su 75 aniversario junto a 300 dantzaris y m\u00fasicos y la comparsa de Gigantes y Cabezudos de Pamplona"},"content":{"rendered":"<h2>Comenzar\u00e1 a las 11.30 horas en la plaza de San Francisco y concluir\u00e1 sobre las 13.45 horas en la plaza del Castillo con un baile conjunto<\/h2>\n<p><!--more--><\/p>\n<p>Alrededor de 300 dantzaris y m\u00fasicos y la comparsa de Gigantes y Cabezudos de Pamplona se unen este s\u00e1bado a Duguna \u2013 Iru\u00f1eko Dantzariak en una kalejira enmarcada en los actos de celebraci\u00f3n del 75 aniversario del grupo de danzas. La kalejira partir\u00e1 a las 11.30 horas de la plaza San Francisco y terminar\u00e1 en la plaza del Castillo sobre las 13.45 horas con un baile conjunto de todas las entidades participantes.<\/p>\n<p>La kalejira recorrer\u00e1 la calle Mayor y la Plaza Consistorial para llegar a la plaza de los Burgos donde cada grupo realizar\u00e1 una peque\u00f1a exhibici\u00f3n de 5 minutos. Desde all\u00ed, el cortejo pasar\u00e1 de nuevo por la Plaza Consistorial, Mercaderes y Chapitela hasta la plaza del Castillo, donde concluir\u00e1 el pasacalles con un baile conjunto. Acompa\u00f1ar\u00e1n a Duguna \u2013 Iru\u00f1eko Dantzariak, los dantzaris de San Lorenzo y la comparsa de Gigantes y Cabezudos de Pamplona, la comparsa de gigantes Ezpelur de Bara\u00f1\u00e1in, Kezka-dantza taldea de Eibar, Aurtzaka dantza taldea de Beasain, Gamere &#8211; Zihigako dantzariak de Zuberoa y Ball de Bastons de Tarragona.<\/p>\n<p>Este pasacalles quiere recordar la rica tradici\u00f3n de danza que ha tenido Pamplona a lo largo de los siglos hasta la actualidad. De hecho, a partir del siglo XVI la presencia de la danza en las fiestas m\u00e1s solemnes de Pamplona ha sido constante hasta el siglo XIX. Los dantzaris que participaban en estos cortejos eran originarios de Pamplona, pero tambi\u00e9n de otras zonas como Gipuzkoa, Iparralde o el Levante. Por lo tanto, esta kalejira pretende ser una actualizaci\u00f3n de las de la \u00e9poca. De ah\u00ed que se haya invitado a dantzaris de Pamplona, Gipuzkoa, Zuberoa y Catalu\u00f1a.<\/p>\n<p>La comparsa de Gigantes y Cabezudos de Pamplona saldr\u00e1 media hora antes del inicio de la kalejira, a las 11 horas, de la estaci\u00f3n de autobuses. Para llegar a la plaza de San Francisco, recorrer\u00e1n la plaza de la Paz, las calles Yanguas y Miranda, Garc\u00eda Xim\u00e9nez, Tudela y Estella, pasar\u00e1n por la plaza del V\u00ednculo y el paseo de Sarasate y despu\u00e9s de la calle San Miguel. Una vez finalizada la kalejira en la plaza del Castillo, la comparsa regresar\u00e1 a la estaci\u00f3n de autobuses por el paseo de Sarasate, V\u00ednculo, Tudela, Conde Oliveto y plaza de la Paz.<\/p>\n","protected":false},"excerpt":{"rendered":"<p>Comenzar\u00e1 a las 11.30 horas en la plaza de San Francisco y concluir\u00e1 sobre las 13.45 horas en la plaza del Castillo con un baile conjunto<\/p>\n","protected":false},"author":1,"featured_media":50037,"comment_status":"open","ping_status":"closed","sticky":false,"template":"","format":"standard","meta":{"footnotes":""},"categories":[2],"tags":[],"class_list":["post-50644","post","type-post","status-publish","format-standard","has-post-thumbnail","hentry","category-ayuntamiento-pamplona"],"yoast_head":"<!-- This site is optimized with the Yoast SEO plugin v27.3 - https:\/\/yoast.com\/product\/yoast-seo-wordpress\/ -->\n<title>Duguna \u2013 Iru\u00f1eko Dantzariak celebrar\u00e1 este s\u00e1bado una kalejira por su 75 aniversario junto a 300 dantzaris y m\u00fasicos y la comparsa de Gigantes y Cabezudos de Pamplona<\/title>\n<meta name=\"description\" content=\"Comenzar\u00e1 a las 11.30 horas en la plaza de San Francisco y concluir\u00e1 sobre las 13.45 horas en la plaza del Castillo con un baile conjunto\" \/>\n<meta name=\"robots\" content=\"index, follow, max-snippet:-1, max-image-preview:large, max-video-preview:-1\" \/>\n<link rel=\"canonical\" href=\"https:\/\/www.laguiadepamplona.com\/actualidad\/duguna-iruneko-dantzariak-celebrara-este-sabado-una-kalejira-por-su-75-aniversario-junto-a-300-dantzaris-y-musicos-y-la-comparsa-de-gigantes-y-cabezudos-de-pamplona\/\" \/>\n<meta property=\"og:locale\" content=\"es_ES\" \/>\n<meta property=\"og:type\" content=\"article\" \/>\n<meta property=\"og:title\" content=\"Duguna \u2013 Iru\u00f1eko Dantzariak celebrar\u00e1 este s\u00e1bado una kalejira por su 75 aniversario junto a 300 dantzaris y m\u00fasicos y la comparsa de Gigantes y Cabezudos de Pamplona\" \/>\n<meta property=\"og:description\" content=\"Comenzar\u00e1 a las 11.30 horas en la plaza de San Francisco y concluir\u00e1 sobre las 13.45 horas en la plaza del Castillo con un baile conjunto\" \/>\n<meta property=\"og:url\" content=\"https:\/\/www.laguiadepamplona.com\/actualidad\/duguna-iruneko-dantzariak-celebrara-este-sabado-una-kalejira-por-su-75-aniversario-junto-a-300-dantzaris-y-musicos-y-la-comparsa-de-gigantes-y-cabezudos-de-pamplona\/\" \/>\n<meta property=\"og:site_name\" content=\"La Gu\u00eda de Pamplona\" \/>\n<meta property=\"article:publisher\" content=\"https:\/\/www.facebook.com\/laguiadepamplonacom-133175176762273\/?ref=hl\" \/>\n<meta property=\"article:published_time\" content=\"2024-09-12T16:30:49+00:00\" \/>\n<meta property=\"og:image\" content=\"https:\/\/www.laguiadepamplona.com\/actualidad\/wp-content\/uploads\/2024\/06\/Chupinazo_duguna.webp\" \/>\n\t<meta property=\"og:image:width\" content=\"1000\" \/>\n\t<meta property=\"og:image:height\" content=\"667\" \/>\n\t<meta property=\"og:image:type\" content=\"image\/webp\" \/>\n<meta name=\"author\" content=\"La Gu\u00eda de Pamplona\" \/>\n<meta name=\"twitter:card\" content=\"summary_large_image\" \/>\n<meta name=\"twitter:creator\" content=\"@LaGuiadPamplona\" \/>\n<meta name=\"twitter:site\" content=\"@LaGuiadPamplona\" \/>\n<meta name=\"twitter:label1\" content=\"Escrito por\" \/>\n\t<meta name=\"twitter:data1\" content=\"La Gu\u00eda de Pamplona\" \/>\n\t<meta name=\"twitter:label2\" content=\"Tiempo de lectura\" \/>\n\t<meta name=\"twitter:data2\" content=\"2 minutos\" \/>\n<script type=\"application\/ld+json\" class=\"yoast-schema-graph\">{\"@context\":\"https:\\\/\\\/schema.org\",\"@graph\":[{\"@type\":\"Article\",\"@id\":\"https:\\\/\\\/www.laguiadepamplona.com\\\/actualidad\\\/duguna-iruneko-dantzariak-celebrara-este-sabado-una-kalejira-por-su-75-aniversario-junto-a-300-dantzaris-y-musicos-y-la-comparsa-de-gigantes-y-cabezudos-de-pamplona\\\/#article\",\"isPartOf\":{\"@id\":\"https:\\\/\\\/www.laguiadepamplona.com\\\/actualidad\\\/duguna-iruneko-dantzariak-celebrara-este-sabado-una-kalejira-por-su-75-aniversario-junto-a-300-dantzaris-y-musicos-y-la-comparsa-de-gigantes-y-cabezudos-de-pamplona\\\/\"},\"author\":{\"name\":\"La Gu\u00eda de Pamplona\",\"@id\":\"https:\\\/\\\/www.laguiadepamplona.com\\\/actualidad\\\/#\\\/schema\\\/person\\\/efe887376f0213d4657c93adc50b1fdb\"},\"headline\":\"Duguna \u2013 Iru\u00f1eko Dantzariak celebrar\u00e1 este s\u00e1bado una kalejira por su 75 aniversario junto a 300 dantzaris y m\u00fasicos y la comparsa de Gigantes y Cabezudos de Pamplona\",\"datePublished\":\"2024-09-12T16:30:49+00:00\",\"mainEntityOfPage\":{\"@id\":\"https:\\\/\\\/www.laguiadepamplona.com\\\/actualidad\\\/duguna-iruneko-dantzariak-celebrara-este-sabado-una-kalejira-por-su-75-aniversario-junto-a-300-dantzaris-y-musicos-y-la-comparsa-de-gigantes-y-cabezudos-de-pamplona\\\/\"},\"wordCount\":441,\"commentCount\":0,\"publisher\":{\"@id\":\"https:\\\/\\\/www.laguiadepamplona.com\\\/actualidad\\\/#organization\"},\"image\":{\"@id\":\"https:\\\/\\\/www.laguiadepamplona.com\\\/actualidad\\\/duguna-iruneko-dantzariak-celebrara-este-sabado-una-kalejira-por-su-75-aniversario-junto-a-300-dantzaris-y-musicos-y-la-comparsa-de-gigantes-y-cabezudos-de-pamplona\\\/#primaryimage\"},\"thumbnailUrl\":\"https:\\\/\\\/www.laguiadepamplona.com\\\/actualidad\\\/wp-content\\\/uploads\\\/2024\\\/06\\\/Chupinazo_duguna.webp\",\"articleSection\":[\"Ayto Pamplona\"],\"inLanguage\":\"es\",\"potentialAction\":[{\"@type\":\"CommentAction\",\"name\":\"Comment\",\"target\":[\"https:\\\/\\\/www.laguiadepamplona.com\\\/actualidad\\\/duguna-iruneko-dantzariak-celebrara-este-sabado-una-kalejira-por-su-75-aniversario-junto-a-300-dantzaris-y-musicos-y-la-comparsa-de-gigantes-y-cabezudos-de-pamplona\\\/#respond\"]}]},{\"@type\":\"WebPage\",\"@id\":\"https:\\\/\\\/www.laguiadepamplona.com\\\/actualidad\\\/duguna-iruneko-dantzariak-celebrara-este-sabado-una-kalejira-por-su-75-aniversario-junto-a-300-dantzaris-y-musicos-y-la-comparsa-de-gigantes-y-cabezudos-de-pamplona\\\/\",\"url\":\"https:\\\/\\\/www.laguiadepamplona.com\\\/actualidad\\\/duguna-iruneko-dantzariak-celebrara-este-sabado-una-kalejira-por-su-75-aniversario-junto-a-300-dantzaris-y-musicos-y-la-comparsa-de-gigantes-y-cabezudos-de-pamplona\\\/\",\"name\":\"Duguna \u2013 Iru\u00f1eko Dantzariak celebrar\u00e1 este s\u00e1bado una kalejira por su 75 aniversario junto a 300 dantzaris y m\u00fasicos y la comparsa de Gigantes y Cabezudos de Pamplona\",\"isPartOf\":{\"@id\":\"https:\\\/\\\/www.laguiadepamplona.com\\\/actualidad\\\/#website\"},\"primaryImageOfPage\":{\"@id\":\"https:\\\/\\\/www.laguiadepamplona.com\\\/actualidad\\\/duguna-iruneko-dantzariak-celebrara-este-sabado-una-kalejira-por-su-75-aniversario-junto-a-300-dantzaris-y-musicos-y-la-comparsa-de-gigantes-y-cabezudos-de-pamplona\\\/#primaryimage\"},\"image\":{\"@id\":\"https:\\\/\\\/www.laguiadepamplona.com\\\/actualidad\\\/duguna-iruneko-dantzariak-celebrara-este-sabado-una-kalejira-por-su-75-aniversario-junto-a-300-dantzaris-y-musicos-y-la-comparsa-de-gigantes-y-cabezudos-de-pamplona\\\/#primaryimage\"},\"thumbnailUrl\":\"https:\\\/\\\/www.laguiadepamplona.com\\\/actualidad\\\/wp-content\\\/uploads\\\/2024\\\/06\\\/Chupinazo_duguna.webp\",\"datePublished\":\"2024-09-12T16:30:49+00:00\",\"description\":\"Comenzar\u00e1 a las 11.30 horas en la plaza de San Francisco y concluir\u00e1 sobre las 13.45 horas en la plaza del Castillo con un baile conjunto\",\"breadcrumb\":{\"@id\":\"https:\\\/\\\/www.laguiadepamplona.com\\\/actualidad\\\/duguna-iruneko-dantzariak-celebrara-este-sabado-una-kalejira-por-su-75-aniversario-junto-a-300-dantzaris-y-musicos-y-la-comparsa-de-gigantes-y-cabezudos-de-pamplona\\\/#breadcrumb\"},\"inLanguage\":\"es\",\"potentialAction\":[{\"@type\":\"ReadAction\",\"target\":[\"https:\\\/\\\/www.laguiadepamplona.com\\\/actualidad\\\/duguna-iruneko-dantzariak-celebrara-este-sabado-una-kalejira-por-su-75-aniversario-junto-a-300-dantzaris-y-musicos-y-la-comparsa-de-gigantes-y-cabezudos-de-pamplona\\\/\"]}]},{\"@type\":\"ImageObject\",\"inLanguage\":\"es\",\"@id\":\"https:\\\/\\\/www.laguiadepamplona.com\\\/actualidad\\\/duguna-iruneko-dantzariak-celebrara-este-sabado-una-kalejira-por-su-75-aniversario-junto-a-300-dantzaris-y-musicos-y-la-comparsa-de-gigantes-y-cabezudos-de-pamplona\\\/#primaryimage\",\"url\":\"https:\\\/\\\/www.laguiadepamplona.com\\\/actualidad\\\/wp-content\\\/uploads\\\/2024\\\/06\\\/Chupinazo_duguna.webp\",\"contentUrl\":\"https:\\\/\\\/www.laguiadepamplona.com\\\/actualidad\\\/wp-content\\\/uploads\\\/2024\\\/06\\\/Chupinazo_duguna.webp\",\"width\":1000,\"height\":667},{\"@type\":\"BreadcrumbList\",\"@id\":\"https:\\\/\\\/www.laguiadepamplona.com\\\/actualidad\\\/duguna-iruneko-dantzariak-celebrara-este-sabado-una-kalejira-por-su-75-aniversario-junto-a-300-dantzaris-y-musicos-y-la-comparsa-de-gigantes-y-cabezudos-de-pamplona\\\/#breadcrumb\",\"itemListElement\":[{\"@type\":\"ListItem\",\"position\":1,\"name\":\"Portada\",\"item\":\"https:\\\/\\\/www.laguiadepamplona.com\\\/actualidad\\\/\"},{\"@type\":\"ListItem\",\"position\":2,\"name\":\"Duguna \u2013 Iru\u00f1eko Dantzariak celebrar\u00e1 este s\u00e1bado una kalejira por su 75 aniversario junto a 300 dantzaris y m\u00fasicos y la comparsa de Gigantes y Cabezudos de Pamplona\"}]},{\"@type\":\"WebSite\",\"@id\":\"https:\\\/\\\/www.laguiadepamplona.com\\\/actualidad\\\/#website\",\"url\":\"https:\\\/\\\/www.laguiadepamplona.com\\\/actualidad\\\/\",\"name\":\"La gu\u00eda de Pamplona\",\"description\":\"Noticias de Pamplona\",\"publisher\":{\"@id\":\"https:\\\/\\\/www.laguiadepamplona.com\\\/actualidad\\\/#organization\"},\"potentialAction\":[{\"@type\":\"SearchAction\",\"target\":{\"@type\":\"EntryPoint\",\"urlTemplate\":\"https:\\\/\\\/www.laguiadepamplona.com\\\/actualidad\\\/?s={search_term_string}\"},\"query-input\":{\"@type\":\"PropertyValueSpecification\",\"valueRequired\":true,\"valueName\":\"search_term_string\"}}],\"inLanguage\":\"es\"},{\"@type\":\"Organization\",\"@id\":\"https:\\\/\\\/www.laguiadepamplona.com\\\/actualidad\\\/#organization\",\"name\":\"La Gu\u00eda de Pamplona \\\/ Noticias\",\"url\":\"https:\\\/\\\/www.laguiadepamplona.com\\\/actualidad\\\/\",\"logo\":{\"@type\":\"ImageObject\",\"inLanguage\":\"es\",\"@id\":\"https:\\\/\\\/www.laguiadepamplona.com\\\/actualidad\\\/#\\\/schema\\\/logo\\\/image\\\/\",\"url\":\"https:\\\/\\\/www.laguiadepamplona.com\\\/actualidad\\\/wp-content\\\/uploads\\\/2018\\\/11\\\/logo-laguiadepamplona18-web1.png\",\"contentUrl\":\"https:\\\/\\\/www.laguiadepamplona.com\\\/actualidad\\\/wp-content\\\/uploads\\\/2018\\\/11\\\/logo-laguiadepamplona18-web1.png\",\"width\":600,\"height\":196,\"caption\":\"La Gu\u00eda de Pamplona \\\/ Noticias\"},\"image\":{\"@id\":\"https:\\\/\\\/www.laguiadepamplona.com\\\/actualidad\\\/#\\\/schema\\\/logo\\\/image\\\/\"},\"sameAs\":[\"https:\\\/\\\/www.facebook.com\\\/laguiadepamplonacom-133175176762273\\\/?ref=hl\",\"https:\\\/\\\/x.com\\\/LaGuiadPamplona\",\"https:\\\/\\\/www.instagram.com\\\/la_guia_de_pamplona\\\/\",\"https:\\\/\\\/www.youtube.com\\\/user\\\/laguiadepamplona\"]},{\"@type\":\"Person\",\"@id\":\"https:\\\/\\\/www.laguiadepamplona.com\\\/actualidad\\\/#\\\/schema\\\/person\\\/efe887376f0213d4657c93adc50b1fdb\",\"name\":\"La Gu\u00eda de Pamplona\",\"image\":{\"@type\":\"ImageObject\",\"inLanguage\":\"es\",\"@id\":\"https:\\\/\\\/secure.gravatar.com\\\/avatar\\\/b6992f131dc8d30ab0dff15446e9d346d9dbd95992de0fef795073f5ea83a81c?s=96&d=mm&r=g\",\"url\":\"https:\\\/\\\/secure.gravatar.com\\\/avatar\\\/b6992f131dc8d30ab0dff15446e9d346d9dbd95992de0fef795073f5ea83a81c?s=96&d=mm&r=g\",\"contentUrl\":\"https:\\\/\\\/secure.gravatar.com\\\/avatar\\\/b6992f131dc8d30ab0dff15446e9d346d9dbd95992de0fef795073f5ea83a81c?s=96&d=mm&r=g\",\"caption\":\"La Gu\u00eda de Pamplona\"}}]}<\/script>\n<!-- \/ Yoast SEO plugin. -->","yoast_head_json":{"title":"Duguna \u2013 Iru\u00f1eko Dantzariak celebrar\u00e1 este s\u00e1bado una kalejira por su 75 aniversario junto a 300 dantzaris y m\u00fasicos y la comparsa de Gigantes y Cabezudos de Pamplona","description":"Comenzar\u00e1 a las 11.30 horas en la plaza de San Francisco y concluir\u00e1 sobre las 13.45 horas en la plaza del Castillo con un baile conjunto","robots":{"index":"index","follow":"follow","max-snippet":"max-snippet:-1","max-image-preview":"max-image-preview:large","max-video-preview":"max-video-preview:-1"},"canonical":"https:\/\/www.laguiadepamplona.com\/actualidad\/duguna-iruneko-dantzariak-celebrara-este-sabado-una-kalejira-por-su-75-aniversario-junto-a-300-dantzaris-y-musicos-y-la-comparsa-de-gigantes-y-cabezudos-de-pamplona\/","og_locale":"es_ES","og_type":"article","og_title":"Duguna \u2013 Iru\u00f1eko Dantzariak celebrar\u00e1 este s\u00e1bado una kalejira por su 75 aniversario junto a 300 dantzaris y m\u00fasicos y la comparsa de Gigantes y Cabezudos de Pamplona","og_description":"Comenzar\u00e1 a las 11.30 horas en la plaza de San Francisco y concluir\u00e1 sobre las 13.45 horas en la plaza del Castillo con un baile conjunto","og_url":"https:\/\/www.laguiadepamplona.com\/actualidad\/duguna-iruneko-dantzariak-celebrara-este-sabado-una-kalejira-por-su-75-aniversario-junto-a-300-dantzaris-y-musicos-y-la-comparsa-de-gigantes-y-cabezudos-de-pamplona\/","og_site_name":"La Gu\u00eda de Pamplona","article_publisher":"https:\/\/www.facebook.com\/laguiadepamplonacom-133175176762273\/?ref=hl","article_published_time":"2024-09-12T16:30:49+00:00","og_image":[{"width":1000,"height":667,"url":"https:\/\/www.laguiadepamplona.com\/actualidad\/wp-content\/uploads\/2024\/06\/Chupinazo_duguna.webp","type":"image\/webp"}],"author":"La Gu\u00eda de Pamplona","twitter_card":"summary_large_image","twitter_creator":"@LaGuiadPamplona","twitter_site":"@LaGuiadPamplona","twitter_misc":{"Escrito por":"La Gu\u00eda de Pamplona","Tiempo de lectura":"2 minutos"},"schema":{"@context":"https:\/\/schema.org","@graph":[{"@type":"Article","@id":"https:\/\/www.laguiadepamplona.com\/actualidad\/duguna-iruneko-dantzariak-celebrara-este-sabado-una-kalejira-por-su-75-aniversario-junto-a-300-dantzaris-y-musicos-y-la-comparsa-de-gigantes-y-cabezudos-de-pamplona\/#article","isPartOf":{"@id":"https:\/\/www.laguiadepamplona.com\/actualidad\/duguna-iruneko-dantzariak-celebrara-este-sabado-una-kalejira-por-su-75-aniversario-junto-a-300-dantzaris-y-musicos-y-la-comparsa-de-gigantes-y-cabezudos-de-pamplona\/"},"author":{"name":"La Gu\u00eda de Pamplona","@id":"https:\/\/www.laguiadepamplona.com\/actualidad\/#\/schema\/person\/efe887376f0213d4657c93adc50b1fdb"},"headline":"Duguna \u2013 Iru\u00f1eko Dantzariak celebrar\u00e1 este s\u00e1bado una kalejira por su 75 aniversario junto a 300 dantzaris y m\u00fasicos y la comparsa de Gigantes y Cabezudos de Pamplona","datePublished":"2024-09-12T16:30:49+00:00","mainEntityOfPage":{"@id":"https:\/\/www.laguiadepamplona.com\/actualidad\/duguna-iruneko-dantzariak-celebrara-este-sabado-una-kalejira-por-su-75-aniversario-junto-a-300-dantzaris-y-musicos-y-la-comparsa-de-gigantes-y-cabezudos-de-pamplona\/"},"wordCount":441,"commentCount":0,"publisher":{"@id":"https:\/\/www.laguiadepamplona.com\/actualidad\/#organization"},"image":{"@id":"https:\/\/www.laguiadepamplona.com\/actualidad\/duguna-iruneko-dantzariak-celebrara-este-sabado-una-kalejira-por-su-75-aniversario-junto-a-300-dantzaris-y-musicos-y-la-comparsa-de-gigantes-y-cabezudos-de-pamplona\/#primaryimage"},"thumbnailUrl":"https:\/\/www.laguiadepamplona.com\/actualidad\/wp-content\/uploads\/2024\/06\/Chupinazo_duguna.webp","articleSection":["Ayto Pamplona"],"inLanguage":"es","potentialAction":[{"@type":"CommentAction","name":"Comment","target":["https:\/\/www.laguiadepamplona.com\/actualidad\/duguna-iruneko-dantzariak-celebrara-este-sabado-una-kalejira-por-su-75-aniversario-junto-a-300-dantzaris-y-musicos-y-la-comparsa-de-gigantes-y-cabezudos-de-pamplona\/#respond"]}]},{"@type":"WebPage","@id":"https:\/\/www.laguiadepamplona.com\/actualidad\/duguna-iruneko-dantzariak-celebrara-este-sabado-una-kalejira-por-su-75-aniversario-junto-a-300-dantzaris-y-musicos-y-la-comparsa-de-gigantes-y-cabezudos-de-pamplona\/","url":"https:\/\/www.laguiadepamplona.com\/actualidad\/duguna-iruneko-dantzariak-celebrara-este-sabado-una-kalejira-por-su-75-aniversario-junto-a-300-dantzaris-y-musicos-y-la-comparsa-de-gigantes-y-cabezudos-de-pamplona\/","name":"Duguna \u2013 Iru\u00f1eko Dantzariak celebrar\u00e1 este s\u00e1bado una kalejira por su 75 aniversario junto a 300 dantzaris y m\u00fasicos y la comparsa de Gigantes y Cabezudos de Pamplona","isPartOf":{"@id":"https:\/\/www.laguiadepamplona.com\/actualidad\/#website"},"primaryImageOfPage":{"@id":"https:\/\/www.laguiadepamplona.com\/actualidad\/duguna-iruneko-dantzariak-celebrara-este-sabado-una-kalejira-por-su-75-aniversario-junto-a-300-dantzaris-y-musicos-y-la-comparsa-de-gigantes-y-cabezudos-de-pamplona\/#primaryimage"},"image":{"@id":"https:\/\/www.laguiadepamplona.com\/actualidad\/duguna-iruneko-dantzariak-celebrara-este-sabado-una-kalejira-por-su-75-aniversario-junto-a-300-dantzaris-y-musicos-y-la-comparsa-de-gigantes-y-cabezudos-de-pamplona\/#primaryimage"},"thumbnailUrl":"https:\/\/www.laguiadepamplona.com\/actualidad\/wp-content\/uploads\/2024\/06\/Chupinazo_duguna.webp","datePublished":"2024-09-12T16:30:49+00:00","description":"Comenzar\u00e1 a las 11.30 horas en la plaza de San Francisco y concluir\u00e1 sobre las 13.45 horas en la plaza del Castillo con un baile conjunto","breadcrumb":{"@id":"https:\/\/www.laguiadepamplona.com\/actualidad\/duguna-iruneko-dantzariak-celebrara-este-sabado-una-kalejira-por-su-75-aniversario-junto-a-300-dantzaris-y-musicos-y-la-comparsa-de-gigantes-y-cabezudos-de-pamplona\/#breadcrumb"},"inLanguage":"es","potentialAction":[{"@type":"ReadAction","target":["https:\/\/www.laguiadepamplona.com\/actualidad\/duguna-iruneko-dantzariak-celebrara-este-sabado-una-kalejira-por-su-75-aniversario-junto-a-300-dantzaris-y-musicos-y-la-comparsa-de-gigantes-y-cabezudos-de-pamplona\/"]}]},{"@type":"ImageObject","inLanguage":"es","@id":"https:\/\/www.laguiadepamplona.com\/actualidad\/duguna-iruneko-dantzariak-celebrara-este-sabado-una-kalejira-por-su-75-aniversario-junto-a-300-dantzaris-y-musicos-y-la-comparsa-de-gigantes-y-cabezudos-de-pamplona\/#primaryimage","url":"https:\/\/www.laguiadepamplona.com\/actualidad\/wp-content\/uploads\/2024\/06\/Chupinazo_duguna.webp","contentUrl":"https:\/\/www.laguiadepamplona.com\/actualidad\/wp-content\/uploads\/2024\/06\/Chupinazo_duguna.webp","width":1000,"height":667},{"@type":"BreadcrumbList","@id":"https:\/\/www.laguiadepamplona.com\/actualidad\/duguna-iruneko-dantzariak-celebrara-este-sabado-una-kalejira-por-su-75-aniversario-junto-a-300-dantzaris-y-musicos-y-la-comparsa-de-gigantes-y-cabezudos-de-pamplona\/#breadcrumb","itemListElement":[{"@type":"ListItem","position":1,"name":"Portada","item":"https:\/\/www.laguiadepamplona.com\/actualidad\/"},{"@type":"ListItem","position":2,"name":"Duguna \u2013 Iru\u00f1eko Dantzariak celebrar\u00e1 este s\u00e1bado una kalejira por su 75 aniversario junto a 300 dantzaris y m\u00fasicos y la comparsa de Gigantes y Cabezudos de Pamplona"}]},{"@type":"WebSite","@id":"https:\/\/www.laguiadepamplona.com\/actualidad\/#website","url":"https:\/\/www.laguiadepamplona.com\/actualidad\/","name":"La gu\u00eda de Pamplona","description":"Noticias de Pamplona","publisher":{"@id":"https:\/\/www.laguiadepamplona.com\/actualidad\/#organization"},"potentialAction":[{"@type":"SearchAction","target":{"@type":"EntryPoint","urlTemplate":"https:\/\/www.laguiadepamplona.com\/actualidad\/?s={search_term_string}"},"query-input":{"@type":"PropertyValueSpecification","valueRequired":true,"valueName":"search_term_string"}}],"inLanguage":"es"},{"@type":"Organization","@id":"https:\/\/www.laguiadepamplona.com\/actualidad\/#organization","name":"La Gu\u00eda de Pamplona \/ Noticias","url":"https:\/\/www.laguiadepamplona.com\/actualidad\/","logo":{"@type":"ImageObject","inLanguage":"es","@id":"https:\/\/www.laguiadepamplona.com\/actualidad\/#\/schema\/logo\/image\/","url":"https:\/\/www.laguiadepamplona.com\/actualidad\/wp-content\/uploads\/2018\/11\/logo-laguiadepamplona18-web1.png","contentUrl":"https:\/\/www.laguiadepamplona.com\/actualidad\/wp-content\/uploads\/2018\/11\/logo-laguiadepamplona18-web1.png","width":600,"height":196,"caption":"La Gu\u00eda de Pamplona \/ Noticias"},"image":{"@id":"https:\/\/www.laguiadepamplona.com\/actualidad\/#\/schema\/logo\/image\/"},"sameAs":["https:\/\/www.facebook.com\/laguiadepamplonacom-133175176762273\/?ref=hl","https:\/\/x.com\/LaGuiadPamplona","https:\/\/www.instagram.com\/la_guia_de_pamplona\/","https:\/\/www.youtube.com\/user\/laguiadepamplona"]},{"@type":"Person","@id":"https:\/\/www.laguiadepamplona.com\/actualidad\/#\/schema\/person\/efe887376f0213d4657c93adc50b1fdb","name":"La Gu\u00eda de Pamplona","image":{"@type":"ImageObject","inLanguage":"es","@id":"https:\/\/secure.gravatar.com\/avatar\/b6992f131dc8d30ab0dff15446e9d346d9dbd95992de0fef795073f5ea83a81c?s=96&d=mm&r=g","url":"https:\/\/secure.gravatar.com\/avatar\/b6992f131dc8d30ab0dff15446e9d346d9dbd95992de0fef795073f5ea83a81c?s=96&d=mm&r=g","contentUrl":"https:\/\/secure.gravatar.com\/avatar\/b6992f131dc8d30ab0dff15446e9d346d9dbd95992de0fef795073f5ea83a81c?s=96&d=mm&r=g","caption":"La Gu\u00eda de Pamplona"}}]}},"post_mailing_queue_ids":[],"_links":{"self":[{"href":"https:\/\/www.laguiadepamplona.com\/actualidad\/wp-json\/wp\/v2\/posts\/50644","targetHints":{"allow":["GET"]}}],"collection":[{"href":"https:\/\/www.laguiadepamplona.com\/actualidad\/wp-json\/wp\/v2\/posts"}],"about":[{"href":"https:\/\/www.laguiadepamplona.com\/actualidad\/wp-json\/wp\/v2\/types\/post"}],"author":[{"embeddable":true,"href":"https:\/\/www.laguiadepamplona.com\/actualidad\/wp-json\/wp\/v2\/users\/1"}],"replies":[{"embeddable":true,"href":"https:\/\/www.laguiadepamplona.com\/actualidad\/wp-json\/wp\/v2\/comments?post=50644"}],"version-history":[{"count":1,"href":"https:\/\/www.laguiadepamplona.com\/actualidad\/wp-json\/wp\/v2\/posts\/50644\/revisions"}],"predecessor-version":[{"id":50645,"href":"https:\/\/www.laguiadepamplona.com\/actualidad\/wp-json\/wp\/v2\/posts\/50644\/revisions\/50645"}],"wp:featuredmedia":[{"embeddable":true,"href":"https:\/\/www.laguiadepamplona.com\/actualidad\/wp-json\/wp\/v2\/media\/50037"}],"wp:attachment":[{"href":"https:\/\/www.laguiadepamplona.com\/actualidad\/wp-json\/wp\/v2\/media?parent=50644"}],"wp:term":[{"taxonomy":"category","embeddable":true,"href":"https:\/\/www.laguiadepamplona.com\/actualidad\/wp-json\/wp\/v2\/categories?post=50644"},{"taxonomy":"post_tag","embeddable":true,"href":"https:\/\/www.laguiadepamplona.com\/actualidad\/wp-json\/wp\/v2\/tags?post=50644"}],"curies":[{"name":"wp","href":"https:\/\/api.w.org\/{rel}","templated":true}]}}