{"id":50639,"date":"2024-09-12T18:28:51","date_gmt":"2024-09-12T16:28:51","guid":{"rendered":"https:\/\/www.laguiadepamplona.com\/actualidad\/?p=50639"},"modified":"2024-09-12T18:28:51","modified_gmt":"2024-09-12T16:28:51","slug":"un-lapiz-gigante-con-su-correspondiente-sacapuntas-presidira-este-curso-las-aulas-de-la-escuela-municipal-de-artes-y-oficios-catalina-de-oscariz","status":"publish","type":"post","link":"https:\/\/www.laguiadepamplona.com\/actualidad\/un-lapiz-gigante-con-su-correspondiente-sacapuntas-presidira-este-curso-las-aulas-de-la-escuela-municipal-de-artes-y-oficios-catalina-de-oscariz\/","title":{"rendered":"Un l\u00e1piz gigante con su correspondiente sacapuntas presidir\u00e1 este curso las aulas de la Escuela Municipal de Artes y Oficios Catalina de Osc\u00e1riz"},"content":{"rendered":"<h2>Es el complemento decorativo de un trabajo de adaptaci\u00f3n artesanal del mobiliario especifico que ha hecho la Escuela Taller de Carpinter\u00eda en madera<\/h2>\n<p><!--more--><\/p>\n<p>El alumnado de la Escuela Taller de Carpinter\u00eda en madera del Ayuntamiento de Pamplona se ha acercado a la Escuela Municipal de Artes y Oficios Catalina de Osc\u00e1riz. Y es que desde junio 17 j\u00f3venes han alternado la formaci\u00f3n con el aprendizaje para adaptar de forma artesanal y a medida, el mobiliario de las aulas a las necesidades de una matr\u00edcula que va en ascenso. Este curso se ofertan 240 plazas entre los dos talleres anuales de dibujo y pintura, los dos trimestrales, los cuatro cursos monogr\u00e1ficos y las sesiones de proyectos personales y perfeccionamiento.<\/p>\n<p>Las 700 horas de trabajo invertidas en rehacer y adaptar espacios de almacenaje para obras art\u00edsticas de diversos tama\u00f1os, separadores de armarios, reposa-pinceles en los caballetes o bastidores para lienzos comenzaron en el taller del Centro de Formaci\u00f3n Landaben, pero en las \u00faltimas semanas las 5 chicas (29,4%) y los 12 chicos (70,5%) que forman el alumnado de la escuela taller, junto a sus dos monitores, han realizado los \u00faltimos retoques y la colocaci\u00f3n en los espacios previstos para su ubicaci\u00f3n. Para realizar esos elementos han utilizado tableros de madera de pino, de melamina y de DM, adem\u00e1s de corcho. Como pieza especial de su trabajo y regalo a la Escuela Municipal de Artes y Oficios Catalina de Osc\u00e1riz, han fabricado un l\u00e1piz de 4 metros que va asociado a un gran sacapuntas que, en realidad, es una funcional papelera.<\/p>\n<p>El alumnado de la Escuela Taller de Carpinter\u00eda en madera habr\u00e1 completado 792 horas de formaci\u00f3n en el mes de octubre de 2025 que permitir\u00e1 que alumnas y alumnos obtengan certificados de acreditaci\u00f3n profesional nivel 1 y otros complementarios que necesitan en su proceso de capacitaci\u00f3n para el empleo. Pero, adem\u00e1s, habr\u00e1n realizado unas pr\u00e1cticas profesionales que se enfocan a la mejora de la ciudad, en lo que se llama la \u2018Obra social\u2019. El trabajo realizado para Catalina de Osc\u00e1riz es parte de esta \u00faltima destreza.<\/p>\n<p>A cambio Pamplona ahorra costes ya que, en este tipo de trabajos, el Ayuntamiento solo paga los materiales, en este caso, 3.000 euros. En este trabajo tan artesanal y realizado \u201ca medida\u201d el ahorro para la ciudad es dif\u00edcil de cuantificar, pero hubiera sido considerablemente m\u00e1s caro encargado externamente. El siguiente trabajo de esta escuela-taller son algunos pisos de San Pedro, desde la fabricaci\u00f3n completa del mobiliario de las cocinas, hasta la colocaci\u00f3n de puertas y suelos de madera.<\/p>\n<p>Las escuelas taller son un recurso formativo y de inserci\u00f3n remunerado cofinanciadas por el Ayuntamiento de Pamplona y Gobierno de Navarra a trav\u00e9s del Servicio Navarro de Empleo. El curso, que durar\u00e1 18 meses, comenz\u00f3 el pasado mes de marzo. En el caso de esta escuela la persona de mayor edad tiene 29 a\u00f1os y la m\u00e1s joven es una alumna de 19 a\u00f1os.<\/p>\n","protected":false},"excerpt":{"rendered":"<p>Es el complemento decorativo de un trabajo de adaptaci\u00f3n artesanal del mobiliario especifico que ha hecho la Escuela Taller de Carpinter\u00eda en madera<\/p>\n","protected":false},"author":1,"featured_media":50640,"comment_status":"open","ping_status":"closed","sticky":false,"template":"","format":"standard","meta":{"footnotes":""},"categories":[2],"tags":[],"class_list":["post-50639","post","type-post","status-publish","format-standard","has-post-thumbnail","hentry","category-ayuntamiento-pamplona"],"yoast_head":"<!-- This site is optimized with the Yoast SEO plugin v27.3 - https:\/\/yoast.com\/product\/yoast-seo-wordpress\/ -->\n<title>Un l\u00e1piz gigante con su correspondiente sacapuntas presidir\u00e1 este curso las aulas de la Escuela Municipal de Artes y Oficios Catalina de Osc\u00e1riz<\/title>\n<meta name=\"description\" content=\"Es el complemento decorativo de un trabajo de adaptaci\u00f3n artesanal del mobiliario especifico que ha hecho la Escuela Taller de Carpinter\u00eda en madera\" \/>\n<meta name=\"robots\" content=\"index, follow, max-snippet:-1, max-image-preview:large, max-video-preview:-1\" \/>\n<link rel=\"canonical\" href=\"https:\/\/www.laguiadepamplona.com\/actualidad\/un-lapiz-gigante-con-su-correspondiente-sacapuntas-presidira-este-curso-las-aulas-de-la-escuela-municipal-de-artes-y-oficios-catalina-de-oscariz\/\" \/>\n<meta property=\"og:locale\" content=\"es_ES\" \/>\n<meta property=\"og:type\" content=\"article\" \/>\n<meta property=\"og:title\" content=\"Un l\u00e1piz gigante con su correspondiente sacapuntas presidir\u00e1 este curso las aulas de la Escuela Municipal de Artes y Oficios Catalina de Osc\u00e1riz\" \/>\n<meta property=\"og:description\" content=\"Es el complemento decorativo de un trabajo de adaptaci\u00f3n artesanal del mobiliario especifico que ha hecho la Escuela Taller de Carpinter\u00eda en madera\" \/>\n<meta property=\"og:url\" content=\"https:\/\/www.laguiadepamplona.com\/actualidad\/un-lapiz-gigante-con-su-correspondiente-sacapuntas-presidira-este-curso-las-aulas-de-la-escuela-municipal-de-artes-y-oficios-catalina-de-oscariz\/\" \/>\n<meta property=\"og:site_name\" content=\"La Gu\u00eda de Pamplona\" \/>\n<meta property=\"article:publisher\" content=\"https:\/\/www.facebook.com\/laguiadepamplonacom-133175176762273\/?ref=hl\" \/>\n<meta property=\"article:published_time\" content=\"2024-09-12T16:28:51+00:00\" \/>\n<meta property=\"og:image\" content=\"https:\/\/www.laguiadepamplona.com\/actualidad\/wp-content\/uploads\/2024\/09\/lapizweb.webp\" \/>\n\t<meta property=\"og:image:width\" content=\"1000\" \/>\n\t<meta property=\"og:image:height\" content=\"750\" \/>\n\t<meta property=\"og:image:type\" content=\"image\/webp\" \/>\n<meta name=\"author\" content=\"La Gu\u00eda de Pamplona\" \/>\n<meta name=\"twitter:card\" content=\"summary_large_image\" \/>\n<meta name=\"twitter:creator\" content=\"@LaGuiadPamplona\" \/>\n<meta name=\"twitter:site\" content=\"@LaGuiadPamplona\" \/>\n<meta name=\"twitter:label1\" content=\"Escrito por\" \/>\n\t<meta name=\"twitter:data1\" content=\"La Gu\u00eda de Pamplona\" \/>\n\t<meta name=\"twitter:label2\" content=\"Tiempo de lectura\" \/>\n\t<meta name=\"twitter:data2\" content=\"3 minutos\" \/>\n<script type=\"application\/ld+json\" class=\"yoast-schema-graph\">{\"@context\":\"https:\\\/\\\/schema.org\",\"@graph\":[{\"@type\":\"Article\",\"@id\":\"https:\\\/\\\/www.laguiadepamplona.com\\\/actualidad\\\/un-lapiz-gigante-con-su-correspondiente-sacapuntas-presidira-este-curso-las-aulas-de-la-escuela-municipal-de-artes-y-oficios-catalina-de-oscariz\\\/#article\",\"isPartOf\":{\"@id\":\"https:\\\/\\\/www.laguiadepamplona.com\\\/actualidad\\\/un-lapiz-gigante-con-su-correspondiente-sacapuntas-presidira-este-curso-las-aulas-de-la-escuela-municipal-de-artes-y-oficios-catalina-de-oscariz\\\/\"},\"author\":{\"name\":\"La Gu\u00eda de Pamplona\",\"@id\":\"https:\\\/\\\/www.laguiadepamplona.com\\\/actualidad\\\/#\\\/schema\\\/person\\\/efe887376f0213d4657c93adc50b1fdb\"},\"headline\":\"Un l\u00e1piz gigante con su correspondiente sacapuntas presidir\u00e1 este curso las aulas de la Escuela Municipal de Artes y Oficios Catalina de Osc\u00e1riz\",\"datePublished\":\"2024-09-12T16:28:51+00:00\",\"mainEntityOfPage\":{\"@id\":\"https:\\\/\\\/www.laguiadepamplona.com\\\/actualidad\\\/un-lapiz-gigante-con-su-correspondiente-sacapuntas-presidira-este-curso-las-aulas-de-la-escuela-municipal-de-artes-y-oficios-catalina-de-oscariz\\\/\"},\"wordCount\":530,\"commentCount\":0,\"publisher\":{\"@id\":\"https:\\\/\\\/www.laguiadepamplona.com\\\/actualidad\\\/#organization\"},\"image\":{\"@id\":\"https:\\\/\\\/www.laguiadepamplona.com\\\/actualidad\\\/un-lapiz-gigante-con-su-correspondiente-sacapuntas-presidira-este-curso-las-aulas-de-la-escuela-municipal-de-artes-y-oficios-catalina-de-oscariz\\\/#primaryimage\"},\"thumbnailUrl\":\"https:\\\/\\\/www.laguiadepamplona.com\\\/actualidad\\\/wp-content\\\/uploads\\\/2024\\\/09\\\/lapizweb.webp\",\"articleSection\":[\"Ayto Pamplona\"],\"inLanguage\":\"es\",\"potentialAction\":[{\"@type\":\"CommentAction\",\"name\":\"Comment\",\"target\":[\"https:\\\/\\\/www.laguiadepamplona.com\\\/actualidad\\\/un-lapiz-gigante-con-su-correspondiente-sacapuntas-presidira-este-curso-las-aulas-de-la-escuela-municipal-de-artes-y-oficios-catalina-de-oscariz\\\/#respond\"]}]},{\"@type\":\"WebPage\",\"@id\":\"https:\\\/\\\/www.laguiadepamplona.com\\\/actualidad\\\/un-lapiz-gigante-con-su-correspondiente-sacapuntas-presidira-este-curso-las-aulas-de-la-escuela-municipal-de-artes-y-oficios-catalina-de-oscariz\\\/\",\"url\":\"https:\\\/\\\/www.laguiadepamplona.com\\\/actualidad\\\/un-lapiz-gigante-con-su-correspondiente-sacapuntas-presidira-este-curso-las-aulas-de-la-escuela-municipal-de-artes-y-oficios-catalina-de-oscariz\\\/\",\"name\":\"Un l\u00e1piz gigante con su correspondiente sacapuntas presidir\u00e1 este curso las aulas de la Escuela Municipal de Artes y Oficios Catalina de Osc\u00e1riz\",\"isPartOf\":{\"@id\":\"https:\\\/\\\/www.laguiadepamplona.com\\\/actualidad\\\/#website\"},\"primaryImageOfPage\":{\"@id\":\"https:\\\/\\\/www.laguiadepamplona.com\\\/actualidad\\\/un-lapiz-gigante-con-su-correspondiente-sacapuntas-presidira-este-curso-las-aulas-de-la-escuela-municipal-de-artes-y-oficios-catalina-de-oscariz\\\/#primaryimage\"},\"image\":{\"@id\":\"https:\\\/\\\/www.laguiadepamplona.com\\\/actualidad\\\/un-lapiz-gigante-con-su-correspondiente-sacapuntas-presidira-este-curso-las-aulas-de-la-escuela-municipal-de-artes-y-oficios-catalina-de-oscariz\\\/#primaryimage\"},\"thumbnailUrl\":\"https:\\\/\\\/www.laguiadepamplona.com\\\/actualidad\\\/wp-content\\\/uploads\\\/2024\\\/09\\\/lapizweb.webp\",\"datePublished\":\"2024-09-12T16:28:51+00:00\",\"description\":\"Es el complemento decorativo de un trabajo de adaptaci\u00f3n artesanal del mobiliario especifico que ha hecho la Escuela Taller de Carpinter\u00eda en madera\",\"breadcrumb\":{\"@id\":\"https:\\\/\\\/www.laguiadepamplona.com\\\/actualidad\\\/un-lapiz-gigante-con-su-correspondiente-sacapuntas-presidira-este-curso-las-aulas-de-la-escuela-municipal-de-artes-y-oficios-catalina-de-oscariz\\\/#breadcrumb\"},\"inLanguage\":\"es\",\"potentialAction\":[{\"@type\":\"ReadAction\",\"target\":[\"https:\\\/\\\/www.laguiadepamplona.com\\\/actualidad\\\/un-lapiz-gigante-con-su-correspondiente-sacapuntas-presidira-este-curso-las-aulas-de-la-escuela-municipal-de-artes-y-oficios-catalina-de-oscariz\\\/\"]}]},{\"@type\":\"ImageObject\",\"inLanguage\":\"es\",\"@id\":\"https:\\\/\\\/www.laguiadepamplona.com\\\/actualidad\\\/un-lapiz-gigante-con-su-correspondiente-sacapuntas-presidira-este-curso-las-aulas-de-la-escuela-municipal-de-artes-y-oficios-catalina-de-oscariz\\\/#primaryimage\",\"url\":\"https:\\\/\\\/www.laguiadepamplona.com\\\/actualidad\\\/wp-content\\\/uploads\\\/2024\\\/09\\\/lapizweb.webp\",\"contentUrl\":\"https:\\\/\\\/www.laguiadepamplona.com\\\/actualidad\\\/wp-content\\\/uploads\\\/2024\\\/09\\\/lapizweb.webp\",\"width\":1000,\"height\":750,\"caption\":\"l\u00e1piz gigante\"},{\"@type\":\"BreadcrumbList\",\"@id\":\"https:\\\/\\\/www.laguiadepamplona.com\\\/actualidad\\\/un-lapiz-gigante-con-su-correspondiente-sacapuntas-presidira-este-curso-las-aulas-de-la-escuela-municipal-de-artes-y-oficios-catalina-de-oscariz\\\/#breadcrumb\",\"itemListElement\":[{\"@type\":\"ListItem\",\"position\":1,\"name\":\"Portada\",\"item\":\"https:\\\/\\\/www.laguiadepamplona.com\\\/actualidad\\\/\"},{\"@type\":\"ListItem\",\"position\":2,\"name\":\"Un l\u00e1piz gigante con su correspondiente sacapuntas presidir\u00e1 este curso las aulas de la Escuela Municipal de Artes y Oficios Catalina de Osc\u00e1riz\"}]},{\"@type\":\"WebSite\",\"@id\":\"https:\\\/\\\/www.laguiadepamplona.com\\\/actualidad\\\/#website\",\"url\":\"https:\\\/\\\/www.laguiadepamplona.com\\\/actualidad\\\/\",\"name\":\"La gu\u00eda de Pamplona\",\"description\":\"Noticias de Pamplona\",\"publisher\":{\"@id\":\"https:\\\/\\\/www.laguiadepamplona.com\\\/actualidad\\\/#organization\"},\"potentialAction\":[{\"@type\":\"SearchAction\",\"target\":{\"@type\":\"EntryPoint\",\"urlTemplate\":\"https:\\\/\\\/www.laguiadepamplona.com\\\/actualidad\\\/?s={search_term_string}\"},\"query-input\":{\"@type\":\"PropertyValueSpecification\",\"valueRequired\":true,\"valueName\":\"search_term_string\"}}],\"inLanguage\":\"es\"},{\"@type\":\"Organization\",\"@id\":\"https:\\\/\\\/www.laguiadepamplona.com\\\/actualidad\\\/#organization\",\"name\":\"La Gu\u00eda de Pamplona \\\/ Noticias\",\"url\":\"https:\\\/\\\/www.laguiadepamplona.com\\\/actualidad\\\/\",\"logo\":{\"@type\":\"ImageObject\",\"inLanguage\":\"es\",\"@id\":\"https:\\\/\\\/www.laguiadepamplona.com\\\/actualidad\\\/#\\\/schema\\\/logo\\\/image\\\/\",\"url\":\"https:\\\/\\\/www.laguiadepamplona.com\\\/actualidad\\\/wp-content\\\/uploads\\\/2018\\\/11\\\/logo-laguiadepamplona18-web1.png\",\"contentUrl\":\"https:\\\/\\\/www.laguiadepamplona.com\\\/actualidad\\\/wp-content\\\/uploads\\\/2018\\\/11\\\/logo-laguiadepamplona18-web1.png\",\"width\":600,\"height\":196,\"caption\":\"La Gu\u00eda de Pamplona \\\/ Noticias\"},\"image\":{\"@id\":\"https:\\\/\\\/www.laguiadepamplona.com\\\/actualidad\\\/#\\\/schema\\\/logo\\\/image\\\/\"},\"sameAs\":[\"https:\\\/\\\/www.facebook.com\\\/laguiadepamplonacom-133175176762273\\\/?ref=hl\",\"https:\\\/\\\/x.com\\\/LaGuiadPamplona\",\"https:\\\/\\\/www.instagram.com\\\/la_guia_de_pamplona\\\/\",\"https:\\\/\\\/www.youtube.com\\\/user\\\/laguiadepamplona\"]},{\"@type\":\"Person\",\"@id\":\"https:\\\/\\\/www.laguiadepamplona.com\\\/actualidad\\\/#\\\/schema\\\/person\\\/efe887376f0213d4657c93adc50b1fdb\",\"name\":\"La Gu\u00eda de Pamplona\",\"image\":{\"@type\":\"ImageObject\",\"inLanguage\":\"es\",\"@id\":\"https:\\\/\\\/secure.gravatar.com\\\/avatar\\\/b6992f131dc8d30ab0dff15446e9d346d9dbd95992de0fef795073f5ea83a81c?s=96&d=mm&r=g\",\"url\":\"https:\\\/\\\/secure.gravatar.com\\\/avatar\\\/b6992f131dc8d30ab0dff15446e9d346d9dbd95992de0fef795073f5ea83a81c?s=96&d=mm&r=g\",\"contentUrl\":\"https:\\\/\\\/secure.gravatar.com\\\/avatar\\\/b6992f131dc8d30ab0dff15446e9d346d9dbd95992de0fef795073f5ea83a81c?s=96&d=mm&r=g\",\"caption\":\"La Gu\u00eda de Pamplona\"}}]}<\/script>\n<!-- \/ Yoast SEO plugin. -->","yoast_head_json":{"title":"Un l\u00e1piz gigante con su correspondiente sacapuntas presidir\u00e1 este curso las aulas de la Escuela Municipal de Artes y Oficios Catalina de Osc\u00e1riz","description":"Es el complemento decorativo de un trabajo de adaptaci\u00f3n artesanal del mobiliario especifico que ha hecho la Escuela Taller de Carpinter\u00eda en madera","robots":{"index":"index","follow":"follow","max-snippet":"max-snippet:-1","max-image-preview":"max-image-preview:large","max-video-preview":"max-video-preview:-1"},"canonical":"https:\/\/www.laguiadepamplona.com\/actualidad\/un-lapiz-gigante-con-su-correspondiente-sacapuntas-presidira-este-curso-las-aulas-de-la-escuela-municipal-de-artes-y-oficios-catalina-de-oscariz\/","og_locale":"es_ES","og_type":"article","og_title":"Un l\u00e1piz gigante con su correspondiente sacapuntas presidir\u00e1 este curso las aulas de la Escuela Municipal de Artes y Oficios Catalina de Osc\u00e1riz","og_description":"Es el complemento decorativo de un trabajo de adaptaci\u00f3n artesanal del mobiliario especifico que ha hecho la Escuela Taller de Carpinter\u00eda en madera","og_url":"https:\/\/www.laguiadepamplona.com\/actualidad\/un-lapiz-gigante-con-su-correspondiente-sacapuntas-presidira-este-curso-las-aulas-de-la-escuela-municipal-de-artes-y-oficios-catalina-de-oscariz\/","og_site_name":"La Gu\u00eda de Pamplona","article_publisher":"https:\/\/www.facebook.com\/laguiadepamplonacom-133175176762273\/?ref=hl","article_published_time":"2024-09-12T16:28:51+00:00","og_image":[{"width":1000,"height":750,"url":"https:\/\/www.laguiadepamplona.com\/actualidad\/wp-content\/uploads\/2024\/09\/lapizweb.webp","type":"image\/webp"}],"author":"La Gu\u00eda de Pamplona","twitter_card":"summary_large_image","twitter_creator":"@LaGuiadPamplona","twitter_site":"@LaGuiadPamplona","twitter_misc":{"Escrito por":"La Gu\u00eda de Pamplona","Tiempo de lectura":"3 minutos"},"schema":{"@context":"https:\/\/schema.org","@graph":[{"@type":"Article","@id":"https:\/\/www.laguiadepamplona.com\/actualidad\/un-lapiz-gigante-con-su-correspondiente-sacapuntas-presidira-este-curso-las-aulas-de-la-escuela-municipal-de-artes-y-oficios-catalina-de-oscariz\/#article","isPartOf":{"@id":"https:\/\/www.laguiadepamplona.com\/actualidad\/un-lapiz-gigante-con-su-correspondiente-sacapuntas-presidira-este-curso-las-aulas-de-la-escuela-municipal-de-artes-y-oficios-catalina-de-oscariz\/"},"author":{"name":"La Gu\u00eda de Pamplona","@id":"https:\/\/www.laguiadepamplona.com\/actualidad\/#\/schema\/person\/efe887376f0213d4657c93adc50b1fdb"},"headline":"Un l\u00e1piz gigante con su correspondiente sacapuntas presidir\u00e1 este curso las aulas de la Escuela Municipal de Artes y Oficios Catalina de Osc\u00e1riz","datePublished":"2024-09-12T16:28:51+00:00","mainEntityOfPage":{"@id":"https:\/\/www.laguiadepamplona.com\/actualidad\/un-lapiz-gigante-con-su-correspondiente-sacapuntas-presidira-este-curso-las-aulas-de-la-escuela-municipal-de-artes-y-oficios-catalina-de-oscariz\/"},"wordCount":530,"commentCount":0,"publisher":{"@id":"https:\/\/www.laguiadepamplona.com\/actualidad\/#organization"},"image":{"@id":"https:\/\/www.laguiadepamplona.com\/actualidad\/un-lapiz-gigante-con-su-correspondiente-sacapuntas-presidira-este-curso-las-aulas-de-la-escuela-municipal-de-artes-y-oficios-catalina-de-oscariz\/#primaryimage"},"thumbnailUrl":"https:\/\/www.laguiadepamplona.com\/actualidad\/wp-content\/uploads\/2024\/09\/lapizweb.webp","articleSection":["Ayto Pamplona"],"inLanguage":"es","potentialAction":[{"@type":"CommentAction","name":"Comment","target":["https:\/\/www.laguiadepamplona.com\/actualidad\/un-lapiz-gigante-con-su-correspondiente-sacapuntas-presidira-este-curso-las-aulas-de-la-escuela-municipal-de-artes-y-oficios-catalina-de-oscariz\/#respond"]}]},{"@type":"WebPage","@id":"https:\/\/www.laguiadepamplona.com\/actualidad\/un-lapiz-gigante-con-su-correspondiente-sacapuntas-presidira-este-curso-las-aulas-de-la-escuela-municipal-de-artes-y-oficios-catalina-de-oscariz\/","url":"https:\/\/www.laguiadepamplona.com\/actualidad\/un-lapiz-gigante-con-su-correspondiente-sacapuntas-presidira-este-curso-las-aulas-de-la-escuela-municipal-de-artes-y-oficios-catalina-de-oscariz\/","name":"Un l\u00e1piz gigante con su correspondiente sacapuntas presidir\u00e1 este curso las aulas de la Escuela Municipal de Artes y Oficios Catalina de Osc\u00e1riz","isPartOf":{"@id":"https:\/\/www.laguiadepamplona.com\/actualidad\/#website"},"primaryImageOfPage":{"@id":"https:\/\/www.laguiadepamplona.com\/actualidad\/un-lapiz-gigante-con-su-correspondiente-sacapuntas-presidira-este-curso-las-aulas-de-la-escuela-municipal-de-artes-y-oficios-catalina-de-oscariz\/#primaryimage"},"image":{"@id":"https:\/\/www.laguiadepamplona.com\/actualidad\/un-lapiz-gigante-con-su-correspondiente-sacapuntas-presidira-este-curso-las-aulas-de-la-escuela-municipal-de-artes-y-oficios-catalina-de-oscariz\/#primaryimage"},"thumbnailUrl":"https:\/\/www.laguiadepamplona.com\/actualidad\/wp-content\/uploads\/2024\/09\/lapizweb.webp","datePublished":"2024-09-12T16:28:51+00:00","description":"Es el complemento decorativo de un trabajo de adaptaci\u00f3n artesanal del mobiliario especifico que ha hecho la Escuela Taller de Carpinter\u00eda en madera","breadcrumb":{"@id":"https:\/\/www.laguiadepamplona.com\/actualidad\/un-lapiz-gigante-con-su-correspondiente-sacapuntas-presidira-este-curso-las-aulas-de-la-escuela-municipal-de-artes-y-oficios-catalina-de-oscariz\/#breadcrumb"},"inLanguage":"es","potentialAction":[{"@type":"ReadAction","target":["https:\/\/www.laguiadepamplona.com\/actualidad\/un-lapiz-gigante-con-su-correspondiente-sacapuntas-presidira-este-curso-las-aulas-de-la-escuela-municipal-de-artes-y-oficios-catalina-de-oscariz\/"]}]},{"@type":"ImageObject","inLanguage":"es","@id":"https:\/\/www.laguiadepamplona.com\/actualidad\/un-lapiz-gigante-con-su-correspondiente-sacapuntas-presidira-este-curso-las-aulas-de-la-escuela-municipal-de-artes-y-oficios-catalina-de-oscariz\/#primaryimage","url":"https:\/\/www.laguiadepamplona.com\/actualidad\/wp-content\/uploads\/2024\/09\/lapizweb.webp","contentUrl":"https:\/\/www.laguiadepamplona.com\/actualidad\/wp-content\/uploads\/2024\/09\/lapizweb.webp","width":1000,"height":750,"caption":"l\u00e1piz gigante"},{"@type":"BreadcrumbList","@id":"https:\/\/www.laguiadepamplona.com\/actualidad\/un-lapiz-gigante-con-su-correspondiente-sacapuntas-presidira-este-curso-las-aulas-de-la-escuela-municipal-de-artes-y-oficios-catalina-de-oscariz\/#breadcrumb","itemListElement":[{"@type":"ListItem","position":1,"name":"Portada","item":"https:\/\/www.laguiadepamplona.com\/actualidad\/"},{"@type":"ListItem","position":2,"name":"Un l\u00e1piz gigante con su correspondiente sacapuntas presidir\u00e1 este curso las aulas de la Escuela Municipal de Artes y Oficios Catalina de Osc\u00e1riz"}]},{"@type":"WebSite","@id":"https:\/\/www.laguiadepamplona.com\/actualidad\/#website","url":"https:\/\/www.laguiadepamplona.com\/actualidad\/","name":"La gu\u00eda de Pamplona","description":"Noticias de Pamplona","publisher":{"@id":"https:\/\/www.laguiadepamplona.com\/actualidad\/#organization"},"potentialAction":[{"@type":"SearchAction","target":{"@type":"EntryPoint","urlTemplate":"https:\/\/www.laguiadepamplona.com\/actualidad\/?s={search_term_string}"},"query-input":{"@type":"PropertyValueSpecification","valueRequired":true,"valueName":"search_term_string"}}],"inLanguage":"es"},{"@type":"Organization","@id":"https:\/\/www.laguiadepamplona.com\/actualidad\/#organization","name":"La Gu\u00eda de Pamplona \/ Noticias","url":"https:\/\/www.laguiadepamplona.com\/actualidad\/","logo":{"@type":"ImageObject","inLanguage":"es","@id":"https:\/\/www.laguiadepamplona.com\/actualidad\/#\/schema\/logo\/image\/","url":"https:\/\/www.laguiadepamplona.com\/actualidad\/wp-content\/uploads\/2018\/11\/logo-laguiadepamplona18-web1.png","contentUrl":"https:\/\/www.laguiadepamplona.com\/actualidad\/wp-content\/uploads\/2018\/11\/logo-laguiadepamplona18-web1.png","width":600,"height":196,"caption":"La Gu\u00eda de Pamplona \/ Noticias"},"image":{"@id":"https:\/\/www.laguiadepamplona.com\/actualidad\/#\/schema\/logo\/image\/"},"sameAs":["https:\/\/www.facebook.com\/laguiadepamplonacom-133175176762273\/?ref=hl","https:\/\/x.com\/LaGuiadPamplona","https:\/\/www.instagram.com\/la_guia_de_pamplona\/","https:\/\/www.youtube.com\/user\/laguiadepamplona"]},{"@type":"Person","@id":"https:\/\/www.laguiadepamplona.com\/actualidad\/#\/schema\/person\/efe887376f0213d4657c93adc50b1fdb","name":"La Gu\u00eda de Pamplona","image":{"@type":"ImageObject","inLanguage":"es","@id":"https:\/\/secure.gravatar.com\/avatar\/b6992f131dc8d30ab0dff15446e9d346d9dbd95992de0fef795073f5ea83a81c?s=96&d=mm&r=g","url":"https:\/\/secure.gravatar.com\/avatar\/b6992f131dc8d30ab0dff15446e9d346d9dbd95992de0fef795073f5ea83a81c?s=96&d=mm&r=g","contentUrl":"https:\/\/secure.gravatar.com\/avatar\/b6992f131dc8d30ab0dff15446e9d346d9dbd95992de0fef795073f5ea83a81c?s=96&d=mm&r=g","caption":"La Gu\u00eda de Pamplona"}}]}},"post_mailing_queue_ids":[],"_links":{"self":[{"href":"https:\/\/www.laguiadepamplona.com\/actualidad\/wp-json\/wp\/v2\/posts\/50639","targetHints":{"allow":["GET"]}}],"collection":[{"href":"https:\/\/www.laguiadepamplona.com\/actualidad\/wp-json\/wp\/v2\/posts"}],"about":[{"href":"https:\/\/www.laguiadepamplona.com\/actualidad\/wp-json\/wp\/v2\/types\/post"}],"author":[{"embeddable":true,"href":"https:\/\/www.laguiadepamplona.com\/actualidad\/wp-json\/wp\/v2\/users\/1"}],"replies":[{"embeddable":true,"href":"https:\/\/www.laguiadepamplona.com\/actualidad\/wp-json\/wp\/v2\/comments?post=50639"}],"version-history":[{"count":1,"href":"https:\/\/www.laguiadepamplona.com\/actualidad\/wp-json\/wp\/v2\/posts\/50639\/revisions"}],"predecessor-version":[{"id":50641,"href":"https:\/\/www.laguiadepamplona.com\/actualidad\/wp-json\/wp\/v2\/posts\/50639\/revisions\/50641"}],"wp:featuredmedia":[{"embeddable":true,"href":"https:\/\/www.laguiadepamplona.com\/actualidad\/wp-json\/wp\/v2\/media\/50640"}],"wp:attachment":[{"href":"https:\/\/www.laguiadepamplona.com\/actualidad\/wp-json\/wp\/v2\/media?parent=50639"}],"wp:term":[{"taxonomy":"category","embeddable":true,"href":"https:\/\/www.laguiadepamplona.com\/actualidad\/wp-json\/wp\/v2\/categories?post=50639"},{"taxonomy":"post_tag","embeddable":true,"href":"https:\/\/www.laguiadepamplona.com\/actualidad\/wp-json\/wp\/v2\/tags?post=50639"}],"curies":[{"name":"wp","href":"https:\/\/api.w.org\/{rel}","templated":true}]}}