{"id":50636,"date":"2024-09-12T18:26:59","date_gmt":"2024-09-12T16:26:59","guid":{"rendered":"https:\/\/www.laguiadepamplona.com\/actualidad\/?p=50636"},"modified":"2024-09-12T18:26:59","modified_gmt":"2024-09-12T16:26:59","slug":"vivir-revivir-convivir-bienvivir-lema-del-xi-congreso-de-ciudades-que-caminan-que-acoge-pamplona-del-26-al-28-de-septiembre","status":"publish","type":"post","link":"https:\/\/www.laguiadepamplona.com\/actualidad\/vivir-revivir-convivir-bienvivir-lema-del-xi-congreso-de-ciudades-que-caminan-que-acoge-pamplona-del-26-al-28-de-septiembre\/","title":{"rendered":"\u2018Vivir, revivir, convivir, bienvivir\u2019, lema del XI Congreso de Ciudades que Caminan que acoge Pamplona del 26 al 28 de septiembre"},"content":{"rendered":"<h2>El concepto de vitalidad del espacio p\u00fablico centrar\u00e1 las conferencias, ponencias, visitas y actividades organizadas durante los tres d\u00edas<\/h2>\n<p><!--more--><\/p>\n<p>Tres d\u00edas para reflexionar sobre movilidad, caminabilidad, espacios p\u00fablicos y calidad de vida. El XI Congreso de Ciudades que Caminan se celebrar\u00e1 en Pamplona a finales de este mes de septiembre, del 26 al 28 de septiembre, con el concepto de vitalidad del espacio p\u00fablico como eje de las actividades organizadas. Bajo el lema \u2018Vivir, revivir, convivir, bienvivir\u2019, se desarrollar\u00e1n conferencias, ponencias, mesas redondas o visitas.<\/p>\n<p>El concejal delegado de Ciudad Habitable y Sostenible, Borja Izagirre Larra\u00f1aga, y la directora t\u00e9cnica de la Red de Ciudades que Caminan, Ana Montalb\u00e1n, han presentado esta ma\u00f1ana el programa del congreso. En esta edici\u00f3n, y con el lema elegido, se busca reivindicar la importancia que adquieren las calles y plazas de las ciudades como espacios de vitalidad y generadores de calidad de vida de las personas, as\u00ed como la recuperaci\u00f3n de espacios de cara a su optimizaci\u00f3n.<\/p>\n<p>El alcalde de Pamplona, Joseba Asiron Saez, y el presidente de la Red de Ciudades que Caminan y alcalde de Pontevedra, Miguel Anxo Fern\u00e1ndez Lores, abrir\u00e1n el congreso el pr\u00f3ximo jueves 26 de septiembre, a las 9.30 horas. Baluarte ser\u00e1 el epicentro de las actividades, aunque habr\u00e1 tambi\u00e9n otros lugares como el Centro Comunitario Plazara, el barrio del San Jorge o las propias calles de la ciudad donde se desarrollar\u00e1n algunas citas del programa. El congreso incluye la celebraci\u00f3n de la Asamblea General de la red el mismo d\u00eda 26 o la entrega de los Premios Ciudades que Caminan 2024 el s\u00e1bado 27 de septiembre.<\/p>\n<p><strong>La experiencia de Pamplona<\/strong><\/p>\n<p>Pamplona expondr\u00e1 tambi\u00e9n su experiencia en pol\u00edticas de movilidad, iniciativas y acciones que le valieron en 2023 el premio concedido por la propia <strong>Red de Ciudades que Caminan <\/strong>en la categor\u00eda de m\u00e1s de 100.000 habitantes. El viernes 27 de septiembre, a las 12 horas, comenzar\u00e1 un paseo guiada, a modo de caso pr\u00e1ctico por el barrio de San Jorge, con el concejal delegado de Ciudad Habitable y Sostenible, Borja Izagirre. All\u00ed dar\u00e1n a conocer y se visitar\u00e1n diferentes actuaciones como el corredor sostenible de Dr. Juaristi, el parque en el antiguo patin\u00f3dromo o el concurso de ideas convocado para la transformaci\u00f3n del barrio.<\/p>\n<p>El s\u00e1bado est\u00e1 previsto el acto inaugural de la Escuela de Espacio P\u00fablico (EPP) de la Red de Ciudades que Caminan en el Centro Plazara (c\/ Mayor, 31). El acto incluye un taller pr\u00e1ctico abierto a cualquier persona que quiera participar en este espacio de formaci\u00f3n online. Tambi\u00e9n el s\u00e1bado, como cierre del congreso se ha organizado una deriva fotogr\u00e1fica que las personas participantes realizar\u00e1n durante media hora de forma espont\u00e1nea, no guiada. De esas im\u00e1genes, se seleccionar\u00e1n algunas de ellas para realizar una puesta en com\u00fan, bajo la coordinaci\u00f3n de del cuerpo docente de la Escuela de Espacio P\u00fablico.<\/p>\n<p><strong>Diez a\u00f1os con el compromiso de la caminabilidad<\/strong><\/p>\n<p><strong>La Red de Ciudades que Caminan es una asociaci\u00f3n internacional sin \u00e1nimo de lucro, abierta a ayuntamientos y otras administraciones p\u00fablicas comprometidas con la caminabilidad.<\/strong>\u00a0El objetivo principal es que quienes apuestan por ir a pie sean los m\u00e1ximos protagonistas de la movilidad urbana y del espacio p\u00fablico. La integraci\u00f3n en la Red implica un\u00a0<strong>compromiso con la mejora del espacio p\u00fablico como lugar para caminar, estar y socializar,<\/strong>\u00a0abordando proyectos para fomentar la caminabilidad y, en en relaci\u00f3n con esta, la movilidad sostenible, la accesibilidad universal, la seguridad vial, la calidad del medio ambiente urbano y la autonom\u00eda infantil.<\/p>\n<p>La red la integran m\u00e1s de 80 municipios y provincias que representan a unos diez millones de personas. Se cre\u00f3 en 2013 y Pamplona se adhiri\u00f3 en 2021. Desde octubre de 2023, Pamplona forma parte de la Junta Directiva de la red como una de las vocal\u00edas. Junto a los congresos, una de las acciones m\u00e1s importantes que han emprendido ha sido la creaci\u00f3n de la Escuela de Espacio P\u00fablico (EPP), un centro de formaci\u00f3n online abierto a la participaci\u00f3n de cualquier persona, con acceso gratuito para los miembros de la red.<\/p>\n<p>&nbsp;<\/p>\n<h3>XI Congreso Ciudades que Caminan. Baluarte, del 26 al 28 de septiembre<\/h3>\n<p><strong>JUEVES 26 DE SEPTIEMBRE<\/strong><\/p>\n<ul>\n<li>09:30 Bienvenida institucional<\/li>\n<li>10:00 Conferencia de Carme Miralles i Guasch, doctora en Geograf\u00eda, profesora de la Universidad Aut\u00f3noma de Barcelona<\/li>\n<li>11:30 Caf\u00e9<\/li>\n<li>12:00 Calles de convivencia. Ronda de ponencias con casos pr\u00e1cticos y posterior coloquio<\/li>\n<li>14:00 Comida<\/li>\n<li>19:00 Asamblea General. Restringida a municipios y diputaciones asociadas. Centro Plazara!, C\/ Mayor, 31<\/li>\n<li>21:30 Cena. Para miembros de la Red y ponentes participantes en el congreso<\/li>\n<\/ul>\n<p><strong>VIERNES 27 DE SEPTIEMBRE<\/strong><\/p>\n<ul>\n<li>09:30 Premios Ciudades que Caminan 2024. Entrega de galardones y exposici\u00f3n de los proyectos premiados. Coloquio posterior moderado por Paula Teles, ingeniera y urbanista, coordinadora nacional de la Rede de Cidades e Vilas que Caminham<\/li>\n<li>11:30 Caf\u00e9<\/li>\n<li>12:00 Caso pr\u00e1ctico: Pamplona. Paseo guiado con Borja Izaguirre, concejal delegado del \u00e1rea de Ciudad Habitable y Sostenible<\/li>\n<li>14:00 Clausura<\/li>\n<li>14:30 Comida<\/li>\n<\/ul>\n<p><strong>S\u00c1BADO 28 DE SEPTIEMBRE<\/strong><\/p>\n<ul>\n<li>Acto inaugural de la Escuela de Espacio P\u00fablico (EEP) de la Red de Ciudades que Caminan en el Centro Plazara! C\/ Mayor, 31. Incluye taller pr\u00e1ctico abierto a cualquier persona<\/li>\n<li>10:30 &#8211; 10:45 Alocuci\u00f3n inaugural de Francesco Tonucci, fil\u00f3sofo, pedagogo y dibujante<\/li>\n<li>10:45 &#8211; 11:15 Deriva. Paseo no guiado con toma de fotograf\u00edas<\/li>\n<li>11:30 &#8211; 13:00 Debate en torno a las fotograf\u00edas seleccionadas<\/li>\n<\/ul>\n","protected":false},"excerpt":{"rendered":"<p>El concepto de vitalidad del espacio p\u00fablico centrar\u00e1 las conferencias, ponencias, visitas y actividades organizadas durante los tres d\u00edas<\/p>\n","protected":false},"author":1,"featured_media":50637,"comment_status":"open","ping_status":"closed","sticky":false,"template":"","format":"standard","meta":{"footnotes":""},"categories":[2],"tags":[],"class_list":["post-50636","post","type-post","status-publish","format-standard","has-post-thumbnail","hentry","category-ayuntamiento-pamplona"],"yoast_head":"<!-- This site is optimized with the Yoast SEO plugin v27.3 - https:\/\/yoast.com\/product\/yoast-seo-wordpress\/ -->\n<title>\u2018Vivir, revivir, convivir, bienvivir\u2019, lema del XI Congreso de Ciudades que Caminan que acoge Pamplona del 26 al 28 de septiembre<\/title>\n<meta name=\"description\" content=\"El concepto de vitalidad del espacio p\u00fablico centrar\u00e1 las conferencias, ponencias, visitas y actividades organizadas durante los tres d\u00edas\" \/>\n<meta name=\"robots\" content=\"index, follow, max-snippet:-1, max-image-preview:large, max-video-preview:-1\" \/>\n<link rel=\"canonical\" href=\"https:\/\/www.laguiadepamplona.com\/actualidad\/vivir-revivir-convivir-bienvivir-lema-del-xi-congreso-de-ciudades-que-caminan-que-acoge-pamplona-del-26-al-28-de-septiembre\/\" \/>\n<meta property=\"og:locale\" content=\"es_ES\" \/>\n<meta property=\"og:type\" content=\"article\" \/>\n<meta property=\"og:title\" content=\"\u2018Vivir, revivir, convivir, bienvivir\u2019, lema del XI Congreso de Ciudades que Caminan que acoge Pamplona del 26 al 28 de septiembre\" \/>\n<meta property=\"og:description\" content=\"El concepto de vitalidad del espacio p\u00fablico centrar\u00e1 las conferencias, ponencias, visitas y actividades organizadas durante los tres d\u00edas\" \/>\n<meta property=\"og:url\" content=\"https:\/\/www.laguiadepamplona.com\/actualidad\/vivir-revivir-convivir-bienvivir-lema-del-xi-congreso-de-ciudades-que-caminan-que-acoge-pamplona-del-26-al-28-de-septiembre\/\" \/>\n<meta property=\"og:site_name\" content=\"La Gu\u00eda de Pamplona\" \/>\n<meta property=\"article:publisher\" content=\"https:\/\/www.facebook.com\/laguiadepamplonacom-133175176762273\/?ref=hl\" \/>\n<meta property=\"article:published_time\" content=\"2024-09-12T16:26:59+00:00\" \/>\n<meta property=\"og:image\" content=\"https:\/\/www.laguiadepamplona.com\/actualidad\/wp-content\/uploads\/2024\/09\/congreso-ciudades-que-caminan_web.webp\" \/>\n\t<meta property=\"og:image:width\" content=\"898\" \/>\n\t<meta property=\"og:image:height\" content=\"775\" \/>\n\t<meta property=\"og:image:type\" content=\"image\/webp\" \/>\n<meta name=\"author\" content=\"La Gu\u00eda de Pamplona\" \/>\n<meta name=\"twitter:card\" content=\"summary_large_image\" \/>\n<meta name=\"twitter:creator\" content=\"@LaGuiadPamplona\" \/>\n<meta name=\"twitter:site\" content=\"@LaGuiadPamplona\" \/>\n<meta name=\"twitter:label1\" content=\"Escrito por\" \/>\n\t<meta name=\"twitter:data1\" content=\"La Gu\u00eda de Pamplona\" \/>\n\t<meta name=\"twitter:label2\" content=\"Tiempo de lectura\" \/>\n\t<meta name=\"twitter:data2\" content=\"5 minutos\" \/>\n<script type=\"application\/ld+json\" class=\"yoast-schema-graph\">{\"@context\":\"https:\\\/\\\/schema.org\",\"@graph\":[{\"@type\":\"Article\",\"@id\":\"https:\\\/\\\/www.laguiadepamplona.com\\\/actualidad\\\/vivir-revivir-convivir-bienvivir-lema-del-xi-congreso-de-ciudades-que-caminan-que-acoge-pamplona-del-26-al-28-de-septiembre\\\/#article\",\"isPartOf\":{\"@id\":\"https:\\\/\\\/www.laguiadepamplona.com\\\/actualidad\\\/vivir-revivir-convivir-bienvivir-lema-del-xi-congreso-de-ciudades-que-caminan-que-acoge-pamplona-del-26-al-28-de-septiembre\\\/\"},\"author\":{\"name\":\"La Gu\u00eda de Pamplona\",\"@id\":\"https:\\\/\\\/www.laguiadepamplona.com\\\/actualidad\\\/#\\\/schema\\\/person\\\/efe887376f0213d4657c93adc50b1fdb\"},\"headline\":\"\u2018Vivir, revivir, convivir, bienvivir\u2019, lema del XI Congreso de Ciudades que Caminan que acoge Pamplona del 26 al 28 de septiembre\",\"datePublished\":\"2024-09-12T16:26:59+00:00\",\"mainEntityOfPage\":{\"@id\":\"https:\\\/\\\/www.laguiadepamplona.com\\\/actualidad\\\/vivir-revivir-convivir-bienvivir-lema-del-xi-congreso-de-ciudades-que-caminan-que-acoge-pamplona-del-26-al-28-de-septiembre\\\/\"},\"wordCount\":936,\"commentCount\":0,\"publisher\":{\"@id\":\"https:\\\/\\\/www.laguiadepamplona.com\\\/actualidad\\\/#organization\"},\"image\":{\"@id\":\"https:\\\/\\\/www.laguiadepamplona.com\\\/actualidad\\\/vivir-revivir-convivir-bienvivir-lema-del-xi-congreso-de-ciudades-que-caminan-que-acoge-pamplona-del-26-al-28-de-septiembre\\\/#primaryimage\"},\"thumbnailUrl\":\"https:\\\/\\\/www.laguiadepamplona.com\\\/actualidad\\\/wp-content\\\/uploads\\\/2024\\\/09\\\/congreso-ciudades-que-caminan_web.webp\",\"articleSection\":[\"Ayto Pamplona\"],\"inLanguage\":\"es\",\"potentialAction\":[{\"@type\":\"CommentAction\",\"name\":\"Comment\",\"target\":[\"https:\\\/\\\/www.laguiadepamplona.com\\\/actualidad\\\/vivir-revivir-convivir-bienvivir-lema-del-xi-congreso-de-ciudades-que-caminan-que-acoge-pamplona-del-26-al-28-de-septiembre\\\/#respond\"]}]},{\"@type\":\"WebPage\",\"@id\":\"https:\\\/\\\/www.laguiadepamplona.com\\\/actualidad\\\/vivir-revivir-convivir-bienvivir-lema-del-xi-congreso-de-ciudades-que-caminan-que-acoge-pamplona-del-26-al-28-de-septiembre\\\/\",\"url\":\"https:\\\/\\\/www.laguiadepamplona.com\\\/actualidad\\\/vivir-revivir-convivir-bienvivir-lema-del-xi-congreso-de-ciudades-que-caminan-que-acoge-pamplona-del-26-al-28-de-septiembre\\\/\",\"name\":\"\u2018Vivir, revivir, convivir, bienvivir\u2019, lema del XI Congreso de Ciudades que Caminan que acoge Pamplona del 26 al 28 de septiembre\",\"isPartOf\":{\"@id\":\"https:\\\/\\\/www.laguiadepamplona.com\\\/actualidad\\\/#website\"},\"primaryImageOfPage\":{\"@id\":\"https:\\\/\\\/www.laguiadepamplona.com\\\/actualidad\\\/vivir-revivir-convivir-bienvivir-lema-del-xi-congreso-de-ciudades-que-caminan-que-acoge-pamplona-del-26-al-28-de-septiembre\\\/#primaryimage\"},\"image\":{\"@id\":\"https:\\\/\\\/www.laguiadepamplona.com\\\/actualidad\\\/vivir-revivir-convivir-bienvivir-lema-del-xi-congreso-de-ciudades-que-caminan-que-acoge-pamplona-del-26-al-28-de-septiembre\\\/#primaryimage\"},\"thumbnailUrl\":\"https:\\\/\\\/www.laguiadepamplona.com\\\/actualidad\\\/wp-content\\\/uploads\\\/2024\\\/09\\\/congreso-ciudades-que-caminan_web.webp\",\"datePublished\":\"2024-09-12T16:26:59+00:00\",\"description\":\"El concepto de vitalidad del espacio p\u00fablico centrar\u00e1 las conferencias, ponencias, visitas y actividades organizadas durante los tres d\u00edas\",\"breadcrumb\":{\"@id\":\"https:\\\/\\\/www.laguiadepamplona.com\\\/actualidad\\\/vivir-revivir-convivir-bienvivir-lema-del-xi-congreso-de-ciudades-que-caminan-que-acoge-pamplona-del-26-al-28-de-septiembre\\\/#breadcrumb\"},\"inLanguage\":\"es\",\"potentialAction\":[{\"@type\":\"ReadAction\",\"target\":[\"https:\\\/\\\/www.laguiadepamplona.com\\\/actualidad\\\/vivir-revivir-convivir-bienvivir-lema-del-xi-congreso-de-ciudades-que-caminan-que-acoge-pamplona-del-26-al-28-de-septiembre\\\/\"]}]},{\"@type\":\"ImageObject\",\"inLanguage\":\"es\",\"@id\":\"https:\\\/\\\/www.laguiadepamplona.com\\\/actualidad\\\/vivir-revivir-convivir-bienvivir-lema-del-xi-congreso-de-ciudades-que-caminan-que-acoge-pamplona-del-26-al-28-de-septiembre\\\/#primaryimage\",\"url\":\"https:\\\/\\\/www.laguiadepamplona.com\\\/actualidad\\\/wp-content\\\/uploads\\\/2024\\\/09\\\/congreso-ciudades-que-caminan_web.webp\",\"contentUrl\":\"https:\\\/\\\/www.laguiadepamplona.com\\\/actualidad\\\/wp-content\\\/uploads\\\/2024\\\/09\\\/congreso-ciudades-que-caminan_web.webp\",\"width\":898,\"height\":775,\"caption\":\"congreso de ciudades que caminan\"},{\"@type\":\"BreadcrumbList\",\"@id\":\"https:\\\/\\\/www.laguiadepamplona.com\\\/actualidad\\\/vivir-revivir-convivir-bienvivir-lema-del-xi-congreso-de-ciudades-que-caminan-que-acoge-pamplona-del-26-al-28-de-septiembre\\\/#breadcrumb\",\"itemListElement\":[{\"@type\":\"ListItem\",\"position\":1,\"name\":\"Portada\",\"item\":\"https:\\\/\\\/www.laguiadepamplona.com\\\/actualidad\\\/\"},{\"@type\":\"ListItem\",\"position\":2,\"name\":\"\u2018Vivir, revivir, convivir, bienvivir\u2019, lema del XI Congreso de Ciudades que Caminan que acoge Pamplona del 26 al 28 de septiembre\"}]},{\"@type\":\"WebSite\",\"@id\":\"https:\\\/\\\/www.laguiadepamplona.com\\\/actualidad\\\/#website\",\"url\":\"https:\\\/\\\/www.laguiadepamplona.com\\\/actualidad\\\/\",\"name\":\"La gu\u00eda de Pamplona\",\"description\":\"Noticias de Pamplona\",\"publisher\":{\"@id\":\"https:\\\/\\\/www.laguiadepamplona.com\\\/actualidad\\\/#organization\"},\"potentialAction\":[{\"@type\":\"SearchAction\",\"target\":{\"@type\":\"EntryPoint\",\"urlTemplate\":\"https:\\\/\\\/www.laguiadepamplona.com\\\/actualidad\\\/?s={search_term_string}\"},\"query-input\":{\"@type\":\"PropertyValueSpecification\",\"valueRequired\":true,\"valueName\":\"search_term_string\"}}],\"inLanguage\":\"es\"},{\"@type\":\"Organization\",\"@id\":\"https:\\\/\\\/www.laguiadepamplona.com\\\/actualidad\\\/#organization\",\"name\":\"La Gu\u00eda de Pamplona \\\/ Noticias\",\"url\":\"https:\\\/\\\/www.laguiadepamplona.com\\\/actualidad\\\/\",\"logo\":{\"@type\":\"ImageObject\",\"inLanguage\":\"es\",\"@id\":\"https:\\\/\\\/www.laguiadepamplona.com\\\/actualidad\\\/#\\\/schema\\\/logo\\\/image\\\/\",\"url\":\"https:\\\/\\\/www.laguiadepamplona.com\\\/actualidad\\\/wp-content\\\/uploads\\\/2018\\\/11\\\/logo-laguiadepamplona18-web1.png\",\"contentUrl\":\"https:\\\/\\\/www.laguiadepamplona.com\\\/actualidad\\\/wp-content\\\/uploads\\\/2018\\\/11\\\/logo-laguiadepamplona18-web1.png\",\"width\":600,\"height\":196,\"caption\":\"La Gu\u00eda de Pamplona \\\/ Noticias\"},\"image\":{\"@id\":\"https:\\\/\\\/www.laguiadepamplona.com\\\/actualidad\\\/#\\\/schema\\\/logo\\\/image\\\/\"},\"sameAs\":[\"https:\\\/\\\/www.facebook.com\\\/laguiadepamplonacom-133175176762273\\\/?ref=hl\",\"https:\\\/\\\/x.com\\\/LaGuiadPamplona\",\"https:\\\/\\\/www.instagram.com\\\/la_guia_de_pamplona\\\/\",\"https:\\\/\\\/www.youtube.com\\\/user\\\/laguiadepamplona\"]},{\"@type\":\"Person\",\"@id\":\"https:\\\/\\\/www.laguiadepamplona.com\\\/actualidad\\\/#\\\/schema\\\/person\\\/efe887376f0213d4657c93adc50b1fdb\",\"name\":\"La Gu\u00eda de Pamplona\",\"image\":{\"@type\":\"ImageObject\",\"inLanguage\":\"es\",\"@id\":\"https:\\\/\\\/secure.gravatar.com\\\/avatar\\\/b6992f131dc8d30ab0dff15446e9d346d9dbd95992de0fef795073f5ea83a81c?s=96&d=mm&r=g\",\"url\":\"https:\\\/\\\/secure.gravatar.com\\\/avatar\\\/b6992f131dc8d30ab0dff15446e9d346d9dbd95992de0fef795073f5ea83a81c?s=96&d=mm&r=g\",\"contentUrl\":\"https:\\\/\\\/secure.gravatar.com\\\/avatar\\\/b6992f131dc8d30ab0dff15446e9d346d9dbd95992de0fef795073f5ea83a81c?s=96&d=mm&r=g\",\"caption\":\"La Gu\u00eda de Pamplona\"}}]}<\/script>\n<!-- \/ Yoast SEO plugin. -->","yoast_head_json":{"title":"\u2018Vivir, revivir, convivir, bienvivir\u2019, lema del XI Congreso de Ciudades que Caminan que acoge Pamplona del 26 al 28 de septiembre","description":"El concepto de vitalidad del espacio p\u00fablico centrar\u00e1 las conferencias, ponencias, visitas y actividades organizadas durante los tres d\u00edas","robots":{"index":"index","follow":"follow","max-snippet":"max-snippet:-1","max-image-preview":"max-image-preview:large","max-video-preview":"max-video-preview:-1"},"canonical":"https:\/\/www.laguiadepamplona.com\/actualidad\/vivir-revivir-convivir-bienvivir-lema-del-xi-congreso-de-ciudades-que-caminan-que-acoge-pamplona-del-26-al-28-de-septiembre\/","og_locale":"es_ES","og_type":"article","og_title":"\u2018Vivir, revivir, convivir, bienvivir\u2019, lema del XI Congreso de Ciudades que Caminan que acoge Pamplona del 26 al 28 de septiembre","og_description":"El concepto de vitalidad del espacio p\u00fablico centrar\u00e1 las conferencias, ponencias, visitas y actividades organizadas durante los tres d\u00edas","og_url":"https:\/\/www.laguiadepamplona.com\/actualidad\/vivir-revivir-convivir-bienvivir-lema-del-xi-congreso-de-ciudades-que-caminan-que-acoge-pamplona-del-26-al-28-de-septiembre\/","og_site_name":"La Gu\u00eda de Pamplona","article_publisher":"https:\/\/www.facebook.com\/laguiadepamplonacom-133175176762273\/?ref=hl","article_published_time":"2024-09-12T16:26:59+00:00","og_image":[{"width":898,"height":775,"url":"https:\/\/www.laguiadepamplona.com\/actualidad\/wp-content\/uploads\/2024\/09\/congreso-ciudades-que-caminan_web.webp","type":"image\/webp"}],"author":"La Gu\u00eda de Pamplona","twitter_card":"summary_large_image","twitter_creator":"@LaGuiadPamplona","twitter_site":"@LaGuiadPamplona","twitter_misc":{"Escrito por":"La Gu\u00eda de Pamplona","Tiempo de lectura":"5 minutos"},"schema":{"@context":"https:\/\/schema.org","@graph":[{"@type":"Article","@id":"https:\/\/www.laguiadepamplona.com\/actualidad\/vivir-revivir-convivir-bienvivir-lema-del-xi-congreso-de-ciudades-que-caminan-que-acoge-pamplona-del-26-al-28-de-septiembre\/#article","isPartOf":{"@id":"https:\/\/www.laguiadepamplona.com\/actualidad\/vivir-revivir-convivir-bienvivir-lema-del-xi-congreso-de-ciudades-que-caminan-que-acoge-pamplona-del-26-al-28-de-septiembre\/"},"author":{"name":"La Gu\u00eda de Pamplona","@id":"https:\/\/www.laguiadepamplona.com\/actualidad\/#\/schema\/person\/efe887376f0213d4657c93adc50b1fdb"},"headline":"\u2018Vivir, revivir, convivir, bienvivir\u2019, lema del XI Congreso de Ciudades que Caminan que acoge Pamplona del 26 al 28 de septiembre","datePublished":"2024-09-12T16:26:59+00:00","mainEntityOfPage":{"@id":"https:\/\/www.laguiadepamplona.com\/actualidad\/vivir-revivir-convivir-bienvivir-lema-del-xi-congreso-de-ciudades-que-caminan-que-acoge-pamplona-del-26-al-28-de-septiembre\/"},"wordCount":936,"commentCount":0,"publisher":{"@id":"https:\/\/www.laguiadepamplona.com\/actualidad\/#organization"},"image":{"@id":"https:\/\/www.laguiadepamplona.com\/actualidad\/vivir-revivir-convivir-bienvivir-lema-del-xi-congreso-de-ciudades-que-caminan-que-acoge-pamplona-del-26-al-28-de-septiembre\/#primaryimage"},"thumbnailUrl":"https:\/\/www.laguiadepamplona.com\/actualidad\/wp-content\/uploads\/2024\/09\/congreso-ciudades-que-caminan_web.webp","articleSection":["Ayto Pamplona"],"inLanguage":"es","potentialAction":[{"@type":"CommentAction","name":"Comment","target":["https:\/\/www.laguiadepamplona.com\/actualidad\/vivir-revivir-convivir-bienvivir-lema-del-xi-congreso-de-ciudades-que-caminan-que-acoge-pamplona-del-26-al-28-de-septiembre\/#respond"]}]},{"@type":"WebPage","@id":"https:\/\/www.laguiadepamplona.com\/actualidad\/vivir-revivir-convivir-bienvivir-lema-del-xi-congreso-de-ciudades-que-caminan-que-acoge-pamplona-del-26-al-28-de-septiembre\/","url":"https:\/\/www.laguiadepamplona.com\/actualidad\/vivir-revivir-convivir-bienvivir-lema-del-xi-congreso-de-ciudades-que-caminan-que-acoge-pamplona-del-26-al-28-de-septiembre\/","name":"\u2018Vivir, revivir, convivir, bienvivir\u2019, lema del XI Congreso de Ciudades que Caminan que acoge Pamplona del 26 al 28 de septiembre","isPartOf":{"@id":"https:\/\/www.laguiadepamplona.com\/actualidad\/#website"},"primaryImageOfPage":{"@id":"https:\/\/www.laguiadepamplona.com\/actualidad\/vivir-revivir-convivir-bienvivir-lema-del-xi-congreso-de-ciudades-que-caminan-que-acoge-pamplona-del-26-al-28-de-septiembre\/#primaryimage"},"image":{"@id":"https:\/\/www.laguiadepamplona.com\/actualidad\/vivir-revivir-convivir-bienvivir-lema-del-xi-congreso-de-ciudades-que-caminan-que-acoge-pamplona-del-26-al-28-de-septiembre\/#primaryimage"},"thumbnailUrl":"https:\/\/www.laguiadepamplona.com\/actualidad\/wp-content\/uploads\/2024\/09\/congreso-ciudades-que-caminan_web.webp","datePublished":"2024-09-12T16:26:59+00:00","description":"El concepto de vitalidad del espacio p\u00fablico centrar\u00e1 las conferencias, ponencias, visitas y actividades organizadas durante los tres d\u00edas","breadcrumb":{"@id":"https:\/\/www.laguiadepamplona.com\/actualidad\/vivir-revivir-convivir-bienvivir-lema-del-xi-congreso-de-ciudades-que-caminan-que-acoge-pamplona-del-26-al-28-de-septiembre\/#breadcrumb"},"inLanguage":"es","potentialAction":[{"@type":"ReadAction","target":["https:\/\/www.laguiadepamplona.com\/actualidad\/vivir-revivir-convivir-bienvivir-lema-del-xi-congreso-de-ciudades-que-caminan-que-acoge-pamplona-del-26-al-28-de-septiembre\/"]}]},{"@type":"ImageObject","inLanguage":"es","@id":"https:\/\/www.laguiadepamplona.com\/actualidad\/vivir-revivir-convivir-bienvivir-lema-del-xi-congreso-de-ciudades-que-caminan-que-acoge-pamplona-del-26-al-28-de-septiembre\/#primaryimage","url":"https:\/\/www.laguiadepamplona.com\/actualidad\/wp-content\/uploads\/2024\/09\/congreso-ciudades-que-caminan_web.webp","contentUrl":"https:\/\/www.laguiadepamplona.com\/actualidad\/wp-content\/uploads\/2024\/09\/congreso-ciudades-que-caminan_web.webp","width":898,"height":775,"caption":"congreso de ciudades que caminan"},{"@type":"BreadcrumbList","@id":"https:\/\/www.laguiadepamplona.com\/actualidad\/vivir-revivir-convivir-bienvivir-lema-del-xi-congreso-de-ciudades-que-caminan-que-acoge-pamplona-del-26-al-28-de-septiembre\/#breadcrumb","itemListElement":[{"@type":"ListItem","position":1,"name":"Portada","item":"https:\/\/www.laguiadepamplona.com\/actualidad\/"},{"@type":"ListItem","position":2,"name":"\u2018Vivir, revivir, convivir, bienvivir\u2019, lema del XI Congreso de Ciudades que Caminan que acoge Pamplona del 26 al 28 de septiembre"}]},{"@type":"WebSite","@id":"https:\/\/www.laguiadepamplona.com\/actualidad\/#website","url":"https:\/\/www.laguiadepamplona.com\/actualidad\/","name":"La gu\u00eda de Pamplona","description":"Noticias de Pamplona","publisher":{"@id":"https:\/\/www.laguiadepamplona.com\/actualidad\/#organization"},"potentialAction":[{"@type":"SearchAction","target":{"@type":"EntryPoint","urlTemplate":"https:\/\/www.laguiadepamplona.com\/actualidad\/?s={search_term_string}"},"query-input":{"@type":"PropertyValueSpecification","valueRequired":true,"valueName":"search_term_string"}}],"inLanguage":"es"},{"@type":"Organization","@id":"https:\/\/www.laguiadepamplona.com\/actualidad\/#organization","name":"La Gu\u00eda de Pamplona \/ Noticias","url":"https:\/\/www.laguiadepamplona.com\/actualidad\/","logo":{"@type":"ImageObject","inLanguage":"es","@id":"https:\/\/www.laguiadepamplona.com\/actualidad\/#\/schema\/logo\/image\/","url":"https:\/\/www.laguiadepamplona.com\/actualidad\/wp-content\/uploads\/2018\/11\/logo-laguiadepamplona18-web1.png","contentUrl":"https:\/\/www.laguiadepamplona.com\/actualidad\/wp-content\/uploads\/2018\/11\/logo-laguiadepamplona18-web1.png","width":600,"height":196,"caption":"La Gu\u00eda de Pamplona \/ Noticias"},"image":{"@id":"https:\/\/www.laguiadepamplona.com\/actualidad\/#\/schema\/logo\/image\/"},"sameAs":["https:\/\/www.facebook.com\/laguiadepamplonacom-133175176762273\/?ref=hl","https:\/\/x.com\/LaGuiadPamplona","https:\/\/www.instagram.com\/la_guia_de_pamplona\/","https:\/\/www.youtube.com\/user\/laguiadepamplona"]},{"@type":"Person","@id":"https:\/\/www.laguiadepamplona.com\/actualidad\/#\/schema\/person\/efe887376f0213d4657c93adc50b1fdb","name":"La Gu\u00eda de Pamplona","image":{"@type":"ImageObject","inLanguage":"es","@id":"https:\/\/secure.gravatar.com\/avatar\/b6992f131dc8d30ab0dff15446e9d346d9dbd95992de0fef795073f5ea83a81c?s=96&d=mm&r=g","url":"https:\/\/secure.gravatar.com\/avatar\/b6992f131dc8d30ab0dff15446e9d346d9dbd95992de0fef795073f5ea83a81c?s=96&d=mm&r=g","contentUrl":"https:\/\/secure.gravatar.com\/avatar\/b6992f131dc8d30ab0dff15446e9d346d9dbd95992de0fef795073f5ea83a81c?s=96&d=mm&r=g","caption":"La Gu\u00eda de Pamplona"}}]}},"post_mailing_queue_ids":[],"_links":{"self":[{"href":"https:\/\/www.laguiadepamplona.com\/actualidad\/wp-json\/wp\/v2\/posts\/50636","targetHints":{"allow":["GET"]}}],"collection":[{"href":"https:\/\/www.laguiadepamplona.com\/actualidad\/wp-json\/wp\/v2\/posts"}],"about":[{"href":"https:\/\/www.laguiadepamplona.com\/actualidad\/wp-json\/wp\/v2\/types\/post"}],"author":[{"embeddable":true,"href":"https:\/\/www.laguiadepamplona.com\/actualidad\/wp-json\/wp\/v2\/users\/1"}],"replies":[{"embeddable":true,"href":"https:\/\/www.laguiadepamplona.com\/actualidad\/wp-json\/wp\/v2\/comments?post=50636"}],"version-history":[{"count":1,"href":"https:\/\/www.laguiadepamplona.com\/actualidad\/wp-json\/wp\/v2\/posts\/50636\/revisions"}],"predecessor-version":[{"id":50638,"href":"https:\/\/www.laguiadepamplona.com\/actualidad\/wp-json\/wp\/v2\/posts\/50636\/revisions\/50638"}],"wp:featuredmedia":[{"embeddable":true,"href":"https:\/\/www.laguiadepamplona.com\/actualidad\/wp-json\/wp\/v2\/media\/50637"}],"wp:attachment":[{"href":"https:\/\/www.laguiadepamplona.com\/actualidad\/wp-json\/wp\/v2\/media?parent=50636"}],"wp:term":[{"taxonomy":"category","embeddable":true,"href":"https:\/\/www.laguiadepamplona.com\/actualidad\/wp-json\/wp\/v2\/categories?post=50636"},{"taxonomy":"post_tag","embeddable":true,"href":"https:\/\/www.laguiadepamplona.com\/actualidad\/wp-json\/wp\/v2\/tags?post=50636"}],"curies":[{"name":"wp","href":"https:\/\/api.w.org\/{rel}","templated":true}]}}