{"id":50634,"date":"2024-09-12T18:25:13","date_gmt":"2024-09-12T16:25:13","guid":{"rendered":"https:\/\/www.laguiadepamplona.com\/actualidad\/?p=50634"},"modified":"2024-09-12T18:25:13","modified_gmt":"2024-09-12T16:25:13","slug":"propuesta-de-actividades-organizadas-por-el-ayuntamiento-de-pamplona-del-13-al-16-de-septiembre-con-plazas-libres","status":"publish","type":"post","link":"https:\/\/www.laguiadepamplona.com\/actualidad\/propuesta-de-actividades-organizadas-por-el-ayuntamiento-de-pamplona-del-13-al-16-de-septiembre-con-plazas-libres\/","title":{"rendered":"Propuesta de actividades organizadas por el Ayuntamiento de Pamplona del 13 al 16 de septiembre con plazas libres"},"content":{"rendered":"<p><strong>\u00a0<\/strong><!--more--><\/p>\n<p><strong>VIERNES 13 DE SEPTIEMBRE<\/strong><\/p>\n<p><a href=\"https:\/\/www.pamplona.es\/actualidad\/eventos\/mesa-redonda-nak24-x-aniversario-10-anos-del-nak-encuentro-civivox-condestable\">NAK 24. X Aniversario. Encuentro did\u00e1ctico. Civivox Condestable<\/a>, 18 horas. Entrada libre, hasta completar el aforo<\/p>\n<p>Yolanda Campos Bergua, directora art\u00edstica del NAK, Ignacio Fern\u00e1ndez Galindo, ayudante de programaci\u00f3n, y Sergio Eslava, coordinador del festival, realizar\u00e1n un encuentro con el p\u00fablico sobre la historia del festival y las reflexiones m\u00e1s destacadas que han compartido a lo largo de estos diez a\u00f1os de trayectoria. Entusiasmo, sue\u00f1os compartidos, aspiraciones que no pudieron ser o an\u00e9cdotas con artistas, son solo algunas de las vivencias que se relatar\u00e1n. Todas ellas han fortalecido un v\u00ednculo de compa\u00f1erismo y amistad que, pese a las muchas adversidades, ha permanecido intacto.<\/p>\n<p><a href=\"https:\/\/www.pamplona.es\/actualidad\/eventos\/cafeteando-karaoke-casa-de-la-juventud-2\">#Cafeteando. Karaoke. Casa de la Juventud<\/a>, 18.30 horas. Entrada libre, hasta completar el aforo<\/p>\n<p>La Casa de la Juventud propone para este viernes una de las actividades m\u00e1s habituales y m\u00e1s concurridas. Vuelven los viernes de karaoke para pasar un buen rato cantando \u00e9xitos actuales y canciones de toda la vida en un ambiente alegre y divertido, con diferentes juegos para dinamizar una tarde de lo m\u00e1s musical.<\/p>\n<p><a href=\"https:\/\/www.pamplona.es\/actualidad\/eventos\/callejeando-por-la-rocha-2024-concierto-lilo-civivox-jus-la-rocha\">Callejeando por la Rocha 2024. Concierto. Lilo. Civivox Jus la Rocha<\/a>, 20 horas. Entrada libre, hasta completar el aforo<\/p>\n<p>Lilo, una banda en la que destaca el pop, aunque tambi\u00e9n otros estilos como el rock o el indie, nos presenta algunos temas de su \u00e1lbum \u201cNora goazen jakin gabe\u201d.<\/p>\n<p><a href=\"https:\/\/www.pamplona.es\/actualidad\/eventos\/nak24-x-aniversario-concierto-omicron-xxi-civivox-condestable\">NAK 24. X Aniversario. Concierto. \u00d3micron XXI. #Confianza \u00d3micron XXI. Civivox Condestable<\/a>, 20 horas. Entrada libre, hasta completar el aforo<\/p>\n<p>Nuevo proyecto de Pilar Rius y Elisa Urrestarazu que presentan en primicia en el NAK se cimenta sobre estrenos absolutos de algunos de los compositores y compositoras m\u00e1s relevantes de la creaci\u00f3n actual. Nuevas piezas que encarnan una exploraci\u00f3n innovadora del hecho sonoro de estos dos instrumentos tan diferentes; fusionando la expresividad, fuerza y ductilidad del saxof\u00f3n con la versatilidad de la guitarra, creando un di\u00e1logo musical personal.<\/p>\n<p>&nbsp;<\/p>\n<p><strong>S\u00c1BADO 14 DE SEPTIEMBRE<\/strong><\/p>\n<p><a href=\"https:\/\/www.pamplona.es\/actualidad\/eventos\/escape-room-el-legado-de-sarasate-el-misterio-de-pablo-sarasate-civivox\">El legado de Sarasate. Escape room familiar. El misterio de Pablo Sarasate. Civivox Condestable<\/a>, 10.30 y 12 horas. Entrada libre, previa inscripci\u00f3n en 010, la red Civivox o <a href=\"http:\/\/www.pamplonaescultura.es\">www.pamplonaescultura.es<\/a><\/p>\n<p>Sum\u00e9rgete en el mundo de la m\u00fasica cl\u00e1sica y desentra\u00f1a los secretos del virtuoso violinista Pablo Sarasate. Se rumorea que Sarasate dej\u00f3 una partitura in\u00e9dita escondida en su casa, una obra maestra que podr\u00eda cambiar la historia de la m\u00fasica cl\u00e1sica. \u00a1T\u00fa la encontrar\u00e1s! Menores entre 6 y 11 a\u00f1os, en compa\u00f1\u00eda de una persona adulta.<\/p>\n<p><a href=\"https:\/\/www.pamplona.es\/actualidad\/eventos\/semana-europea-de-la-movilidad-2024-chequeo-y-ajuste-gratuito-de-bicicletas\">Semana de la Movilidad. Chequeo y ajuste gratuito de bicicletas. Plaza del Castillo<\/a><strong>, de 11 a 14 horas. Entrada libre<\/strong><\/p>\n<p>La plaza del Castillo acoge un chequeo y ajuste gratuito de bicicletas, con la colaboraci\u00f3n de Ciclos Mart\u00edn.<\/p>\n<p><a href=\"https:\/\/www.pamplona.es\/actualidad\/eventos\/callejeando-por-la-rocha-i-feria-del-libro-del-paseo-de-los-enamorados-civivox\">Callejeando por la Rocha 2024. I Feria del Libro del paseo de los Enamorados. Civivox Jus la Rocha y paseo de los Enamorados<\/a>, 11 horas. Entrada libre, hasta completar el aforo<\/p>\n<p>El paseo de los Enamorados acoge la primera feria literaria de la mano de la asociaci\u00f3n Kayaapa. Novela, poes\u00eda, ensayo y otras producciones literarias que han surgido del barrio se exhibir\u00e1n al p\u00fablico durante toda la ma\u00f1ana.<\/p>\n<p><a href=\"https:\/\/www.pamplona.es\/actualidad\/eventos\/75-aniversario-de-duguna-iruneko-dantzariak-kalejira-desde-la-plaza-de-san\">75 aniversario de Duguna &#8211; Iru\u00f1eko dantzariak. Kalejira. Desde la plaza de San Francisco<\/a>, 11.30 horas. Libre participaci\u00f3n<\/p>\n<p>Alrededor de 300 dantzaris y m\u00fasicos de Pamplona, Bara\u00f1ain, Eibar, Beasain, Zuberoa y Tarragona llenar\u00e1n las calles de Pamplona de melod\u00edas y color. Con este pasacalles, se quiere recordar la rica tradici\u00f3n de danza que ha tenido Pamplona a lo largo de los siglos hasta la actualidad. Adem\u00e1s de los dantzaris, desfilar\u00e1n tambi\u00e9n gigantes, cabezudos, kilikis, zaldikos, tarascas&#8230;. El pasacalles recorrer\u00e1 las calles San Francisco, Mayor, Plaza Consistoria y Santo Domingo, hasta la plaza de los Burgos, donde cada grupo realizar\u00e1 una peque\u00f1a exhibici\u00f3n de 5 minutos. Desde all\u00ed, el cortejo proseguir\u00e1 por la Consistorial, Mercaderes y Chapitela, hasta la Plaza del Castillo, donde baular\u00e1n todos juntos.<\/p>\n<p><a href=\"https:\/\/www.pamplona.es\/actualidad\/eventos\/yincana-de-par-de-manana-casa-de-la-juventud\">Yincana. De par de ma\u00f1ana. Casa de la Juventud<\/a>, 11.30 horas. Entrada libre, hasta completar el aforo<\/p>\n<p>Actividades y juegos con la animadora de la Casa de la Juventud para pasar un buen rato el s\u00e1bado por la ma\u00f1ana.<\/p>\n<p><a href=\"https:\/\/www.pamplona.es\/actualidad\/eventos\/callejeando-por-la-rocha-exhibicion-herri-dantzak-punto-de-encuentro-civivox-jus\">Callejeando por la Rocha 2024. Exhibici\u00f3n. Herri dantzak. Punto de encuentro: Civivox Jus la Rocha<\/a>, 12 horas. Entrada libre<\/p>\n<p>Numerosas personas de varios grupos de danzas tradicionales ensayan durante el curso en Civivox Jus la Rocha. En esta ocasi\u00f3n van a salir de pasacalles por el barrio e invitan a quien se anime a sumarse y a participar.<\/p>\n<p><a href=\"https:\/\/www.pamplona.es\/actualidad\/eventos\/semana-europea-de-la-movilidad-marabiyak-bizi-fest-parque-de-antoniutti\">Semana de la Movilidad. Marabiyak Bizi Fest. Parque de Antoniutti<\/a><strong>, de 17 a 22 horas. Libre participaci\u00f3n<\/strong><\/p>\n<p>Marcha recreativa y musical colectiva en bicicleta por la ciudad. Marabiyak Bizi Fest se concibe como un festival de m\u00fasica itinerante, que busca reunir a las personas que habitualmente se mueven por la ciudad para recorrerla durante 5 horas, con paradas que acogen actuaciones de DJs locales e internacionales, como es el caso del brit\u00e1nico Dom Whiting o la donostiarra Brava. La fiesta final se celebrar\u00e1 en el pump track de Trinitarios.<\/p>\n<p>&nbsp;<\/p>\n<p><strong>DOMINGO 15 DE SEPTIEMBRE<\/strong><\/p>\n<p><a href=\"https:\/\/www.pamplona.es\/actualidad\/eventos\/semana-europea-de-la-movilidad-2024-chequeo-y-ajuste-gratuito-de-bicicletas\">Semana de la Movilidad. Chequeo y ajuste gratuito de bicicletas. Plaza del Castillo<\/a><strong>, de 11 a 14 horas. Entrada libre<\/strong><\/p>\n<p>La plaza del Castillo acoge un chequeo y ajuste gratuito de bicicletas, con la colaboraci\u00f3n de Ciclos Mart\u00edn.<\/p>\n<p><strong><a href=\"https:\/\/www.pamplona.es\/actualidad\/eventos\/espectaculo-check-out-en-ciudadela\">Espect\u00e1culo. \u2018Check out\u2019, con Adri\u00e1n Conde. Ciudadela<\/a>, 19 horas. Entrada libre, hasta completar el aforo<\/strong><\/p>\n<p>Show de\u00a0<strong>magia, clown, humor y malabares<\/strong>\u00a0para p\u00fablico familiar. Una comedia visual inspirada en el cine mudo. La vida de Eugenio transcurre en el vest\u00edbulo de un hotel. Entre maletas sue\u00f1a con dejarle a sus hijos un futuro mejor. Un botones diferente que, entre equ\u00edvocos, juego de clown y mucha diversi\u00f3n, descubre a lo largo de una jornada imprevista de trabajo que no hay mejor futuro que vivir disfrutando el presente. La actividad est\u00e1 dentro de la programaci\u00f3n de\u00a0<strong>Camino Escena Norte<\/strong>, un proyecto de intercambio cultural por medio de las artes esc\u00e9nicas entre Galicia, Asturias, Cantabria, Euskadi y Navarra que, promovido por las asociaciones Escena Galega, EscenAsturias, Acepae, Eskena y Escena Navarra.<\/p>\n","protected":false},"excerpt":{"rendered":"<p>\u00a0<\/p>\n","protected":false},"author":1,"featured_media":41391,"comment_status":"open","ping_status":"closed","sticky":false,"template":"","format":"standard","meta":{"footnotes":""},"categories":[2],"tags":[],"class_list":["post-50634","post","type-post","status-publish","format-standard","has-post-thumbnail","hentry","category-ayuntamiento-pamplona"],"yoast_head":"<!-- This site is optimized with the Yoast SEO plugin v27.3 - https:\/\/yoast.com\/product\/yoast-seo-wordpress\/ -->\n<title>Propuesta de actividades organizadas por el Ayuntamiento de Pamplona del 13 al 16 de septiembre con plazas libres<\/title>\n<meta name=\"robots\" content=\"index, follow, max-snippet:-1, max-image-preview:large, max-video-preview:-1\" \/>\n<link rel=\"canonical\" href=\"https:\/\/www.laguiadepamplona.com\/actualidad\/propuesta-de-actividades-organizadas-por-el-ayuntamiento-de-pamplona-del-13-al-16-de-septiembre-con-plazas-libres\/\" \/>\n<meta property=\"og:locale\" content=\"es_ES\" \/>\n<meta property=\"og:type\" content=\"article\" \/>\n<meta property=\"og:title\" content=\"Propuesta de actividades organizadas por el Ayuntamiento de Pamplona del 13 al 16 de septiembre con plazas libres\" \/>\n<meta property=\"og:description\" content=\"\u00a0\" \/>\n<meta property=\"og:url\" content=\"https:\/\/www.laguiadepamplona.com\/actualidad\/propuesta-de-actividades-organizadas-por-el-ayuntamiento-de-pamplona-del-13-al-16-de-septiembre-con-plazas-libres\/\" \/>\n<meta property=\"og:site_name\" content=\"La Gu\u00eda de Pamplona\" \/>\n<meta property=\"article:publisher\" content=\"https:\/\/www.facebook.com\/laguiadepamplonacom-133175176762273\/?ref=hl\" \/>\n<meta property=\"article:published_time\" content=\"2024-09-12T16:25:13+00:00\" \/>\n<meta property=\"og:image\" content=\"https:\/\/www.laguiadepamplona.com\/actualidad\/wp-content\/uploads\/2022\/08\/reloj_ayuntamiento.webp\" \/>\n\t<meta property=\"og:image:width\" content=\"1920\" \/>\n\t<meta property=\"og:image:height\" content=\"1245\" \/>\n\t<meta property=\"og:image:type\" content=\"image\/webp\" \/>\n<meta name=\"author\" content=\"La Gu\u00eda de Pamplona\" \/>\n<meta name=\"twitter:card\" content=\"summary_large_image\" \/>\n<meta name=\"twitter:creator\" content=\"@LaGuiadPamplona\" \/>\n<meta name=\"twitter:site\" content=\"@LaGuiadPamplona\" \/>\n<meta name=\"twitter:label1\" content=\"Escrito por\" \/>\n\t<meta name=\"twitter:data1\" content=\"La Gu\u00eda de Pamplona\" \/>\n\t<meta name=\"twitter:label2\" content=\"Tiempo de lectura\" \/>\n\t<meta name=\"twitter:data2\" content=\"5 minutos\" \/>\n<script type=\"application\/ld+json\" class=\"yoast-schema-graph\">{\"@context\":\"https:\\\/\\\/schema.org\",\"@graph\":[{\"@type\":\"Article\",\"@id\":\"https:\\\/\\\/www.laguiadepamplona.com\\\/actualidad\\\/propuesta-de-actividades-organizadas-por-el-ayuntamiento-de-pamplona-del-13-al-16-de-septiembre-con-plazas-libres\\\/#article\",\"isPartOf\":{\"@id\":\"https:\\\/\\\/www.laguiadepamplona.com\\\/actualidad\\\/propuesta-de-actividades-organizadas-por-el-ayuntamiento-de-pamplona-del-13-al-16-de-septiembre-con-plazas-libres\\\/\"},\"author\":{\"name\":\"La Gu\u00eda de Pamplona\",\"@id\":\"https:\\\/\\\/www.laguiadepamplona.com\\\/actualidad\\\/#\\\/schema\\\/person\\\/efe887376f0213d4657c93adc50b1fdb\"},\"headline\":\"Propuesta de actividades organizadas por el Ayuntamiento de Pamplona del 13 al 16 de septiembre con plazas libres\",\"datePublished\":\"2024-09-12T16:25:13+00:00\",\"mainEntityOfPage\":{\"@id\":\"https:\\\/\\\/www.laguiadepamplona.com\\\/actualidad\\\/propuesta-de-actividades-organizadas-por-el-ayuntamiento-de-pamplona-del-13-al-16-de-septiembre-con-plazas-libres\\\/\"},\"wordCount\":1051,\"commentCount\":0,\"publisher\":{\"@id\":\"https:\\\/\\\/www.laguiadepamplona.com\\\/actualidad\\\/#organization\"},\"image\":{\"@id\":\"https:\\\/\\\/www.laguiadepamplona.com\\\/actualidad\\\/propuesta-de-actividades-organizadas-por-el-ayuntamiento-de-pamplona-del-13-al-16-de-septiembre-con-plazas-libres\\\/#primaryimage\"},\"thumbnailUrl\":\"https:\\\/\\\/www.laguiadepamplona.com\\\/actualidad\\\/wp-content\\\/uploads\\\/2022\\\/08\\\/reloj_ayuntamiento.webp\",\"articleSection\":[\"Ayto Pamplona\"],\"inLanguage\":\"es\",\"potentialAction\":[{\"@type\":\"CommentAction\",\"name\":\"Comment\",\"target\":[\"https:\\\/\\\/www.laguiadepamplona.com\\\/actualidad\\\/propuesta-de-actividades-organizadas-por-el-ayuntamiento-de-pamplona-del-13-al-16-de-septiembre-con-plazas-libres\\\/#respond\"]}]},{\"@type\":\"WebPage\",\"@id\":\"https:\\\/\\\/www.laguiadepamplona.com\\\/actualidad\\\/propuesta-de-actividades-organizadas-por-el-ayuntamiento-de-pamplona-del-13-al-16-de-septiembre-con-plazas-libres\\\/\",\"url\":\"https:\\\/\\\/www.laguiadepamplona.com\\\/actualidad\\\/propuesta-de-actividades-organizadas-por-el-ayuntamiento-de-pamplona-del-13-al-16-de-septiembre-con-plazas-libres\\\/\",\"name\":\"Propuesta de actividades organizadas por el Ayuntamiento de Pamplona del 13 al 16 de septiembre con plazas libres\",\"isPartOf\":{\"@id\":\"https:\\\/\\\/www.laguiadepamplona.com\\\/actualidad\\\/#website\"},\"primaryImageOfPage\":{\"@id\":\"https:\\\/\\\/www.laguiadepamplona.com\\\/actualidad\\\/propuesta-de-actividades-organizadas-por-el-ayuntamiento-de-pamplona-del-13-al-16-de-septiembre-con-plazas-libres\\\/#primaryimage\"},\"image\":{\"@id\":\"https:\\\/\\\/www.laguiadepamplona.com\\\/actualidad\\\/propuesta-de-actividades-organizadas-por-el-ayuntamiento-de-pamplona-del-13-al-16-de-septiembre-con-plazas-libres\\\/#primaryimage\"},\"thumbnailUrl\":\"https:\\\/\\\/www.laguiadepamplona.com\\\/actualidad\\\/wp-content\\\/uploads\\\/2022\\\/08\\\/reloj_ayuntamiento.webp\",\"datePublished\":\"2024-09-12T16:25:13+00:00\",\"breadcrumb\":{\"@id\":\"https:\\\/\\\/www.laguiadepamplona.com\\\/actualidad\\\/propuesta-de-actividades-organizadas-por-el-ayuntamiento-de-pamplona-del-13-al-16-de-septiembre-con-plazas-libres\\\/#breadcrumb\"},\"inLanguage\":\"es\",\"potentialAction\":[{\"@type\":\"ReadAction\",\"target\":[\"https:\\\/\\\/www.laguiadepamplona.com\\\/actualidad\\\/propuesta-de-actividades-organizadas-por-el-ayuntamiento-de-pamplona-del-13-al-16-de-septiembre-con-plazas-libres\\\/\"]}]},{\"@type\":\"ImageObject\",\"inLanguage\":\"es\",\"@id\":\"https:\\\/\\\/www.laguiadepamplona.com\\\/actualidad\\\/propuesta-de-actividades-organizadas-por-el-ayuntamiento-de-pamplona-del-13-al-16-de-septiembre-con-plazas-libres\\\/#primaryimage\",\"url\":\"https:\\\/\\\/www.laguiadepamplona.com\\\/actualidad\\\/wp-content\\\/uploads\\\/2022\\\/08\\\/reloj_ayuntamiento.webp\",\"contentUrl\":\"https:\\\/\\\/www.laguiadepamplona.com\\\/actualidad\\\/wp-content\\\/uploads\\\/2022\\\/08\\\/reloj_ayuntamiento.webp\",\"width\":1920,\"height\":1245,\"caption\":\"ayuntamiento\"},{\"@type\":\"BreadcrumbList\",\"@id\":\"https:\\\/\\\/www.laguiadepamplona.com\\\/actualidad\\\/propuesta-de-actividades-organizadas-por-el-ayuntamiento-de-pamplona-del-13-al-16-de-septiembre-con-plazas-libres\\\/#breadcrumb\",\"itemListElement\":[{\"@type\":\"ListItem\",\"position\":1,\"name\":\"Portada\",\"item\":\"https:\\\/\\\/www.laguiadepamplona.com\\\/actualidad\\\/\"},{\"@type\":\"ListItem\",\"position\":2,\"name\":\"Propuesta de actividades organizadas por el Ayuntamiento de Pamplona del 13 al 16 de septiembre con plazas libres\"}]},{\"@type\":\"WebSite\",\"@id\":\"https:\\\/\\\/www.laguiadepamplona.com\\\/actualidad\\\/#website\",\"url\":\"https:\\\/\\\/www.laguiadepamplona.com\\\/actualidad\\\/\",\"name\":\"La gu\u00eda de Pamplona\",\"description\":\"Noticias de Pamplona\",\"publisher\":{\"@id\":\"https:\\\/\\\/www.laguiadepamplona.com\\\/actualidad\\\/#organization\"},\"potentialAction\":[{\"@type\":\"SearchAction\",\"target\":{\"@type\":\"EntryPoint\",\"urlTemplate\":\"https:\\\/\\\/www.laguiadepamplona.com\\\/actualidad\\\/?s={search_term_string}\"},\"query-input\":{\"@type\":\"PropertyValueSpecification\",\"valueRequired\":true,\"valueName\":\"search_term_string\"}}],\"inLanguage\":\"es\"},{\"@type\":\"Organization\",\"@id\":\"https:\\\/\\\/www.laguiadepamplona.com\\\/actualidad\\\/#organization\",\"name\":\"La Gu\u00eda de Pamplona \\\/ Noticias\",\"url\":\"https:\\\/\\\/www.laguiadepamplona.com\\\/actualidad\\\/\",\"logo\":{\"@type\":\"ImageObject\",\"inLanguage\":\"es\",\"@id\":\"https:\\\/\\\/www.laguiadepamplona.com\\\/actualidad\\\/#\\\/schema\\\/logo\\\/image\\\/\",\"url\":\"https:\\\/\\\/www.laguiadepamplona.com\\\/actualidad\\\/wp-content\\\/uploads\\\/2018\\\/11\\\/logo-laguiadepamplona18-web1.png\",\"contentUrl\":\"https:\\\/\\\/www.laguiadepamplona.com\\\/actualidad\\\/wp-content\\\/uploads\\\/2018\\\/11\\\/logo-laguiadepamplona18-web1.png\",\"width\":600,\"height\":196,\"caption\":\"La Gu\u00eda de Pamplona \\\/ Noticias\"},\"image\":{\"@id\":\"https:\\\/\\\/www.laguiadepamplona.com\\\/actualidad\\\/#\\\/schema\\\/logo\\\/image\\\/\"},\"sameAs\":[\"https:\\\/\\\/www.facebook.com\\\/laguiadepamplonacom-133175176762273\\\/?ref=hl\",\"https:\\\/\\\/x.com\\\/LaGuiadPamplona\",\"https:\\\/\\\/www.instagram.com\\\/la_guia_de_pamplona\\\/\",\"https:\\\/\\\/www.youtube.com\\\/user\\\/laguiadepamplona\"]},{\"@type\":\"Person\",\"@id\":\"https:\\\/\\\/www.laguiadepamplona.com\\\/actualidad\\\/#\\\/schema\\\/person\\\/efe887376f0213d4657c93adc50b1fdb\",\"name\":\"La Gu\u00eda de Pamplona\",\"image\":{\"@type\":\"ImageObject\",\"inLanguage\":\"es\",\"@id\":\"https:\\\/\\\/secure.gravatar.com\\\/avatar\\\/b6992f131dc8d30ab0dff15446e9d346d9dbd95992de0fef795073f5ea83a81c?s=96&d=mm&r=g\",\"url\":\"https:\\\/\\\/secure.gravatar.com\\\/avatar\\\/b6992f131dc8d30ab0dff15446e9d346d9dbd95992de0fef795073f5ea83a81c?s=96&d=mm&r=g\",\"contentUrl\":\"https:\\\/\\\/secure.gravatar.com\\\/avatar\\\/b6992f131dc8d30ab0dff15446e9d346d9dbd95992de0fef795073f5ea83a81c?s=96&d=mm&r=g\",\"caption\":\"La Gu\u00eda de Pamplona\"}}]}<\/script>\n<!-- \/ Yoast SEO plugin. -->","yoast_head_json":{"title":"Propuesta de actividades organizadas por el Ayuntamiento de Pamplona del 13 al 16 de septiembre con plazas libres","robots":{"index":"index","follow":"follow","max-snippet":"max-snippet:-1","max-image-preview":"max-image-preview:large","max-video-preview":"max-video-preview:-1"},"canonical":"https:\/\/www.laguiadepamplona.com\/actualidad\/propuesta-de-actividades-organizadas-por-el-ayuntamiento-de-pamplona-del-13-al-16-de-septiembre-con-plazas-libres\/","og_locale":"es_ES","og_type":"article","og_title":"Propuesta de actividades organizadas por el Ayuntamiento de Pamplona del 13 al 16 de septiembre con plazas libres","og_description":"\u00a0","og_url":"https:\/\/www.laguiadepamplona.com\/actualidad\/propuesta-de-actividades-organizadas-por-el-ayuntamiento-de-pamplona-del-13-al-16-de-septiembre-con-plazas-libres\/","og_site_name":"La Gu\u00eda de Pamplona","article_publisher":"https:\/\/www.facebook.com\/laguiadepamplonacom-133175176762273\/?ref=hl","article_published_time":"2024-09-12T16:25:13+00:00","og_image":[{"width":1920,"height":1245,"url":"https:\/\/www.laguiadepamplona.com\/actualidad\/wp-content\/uploads\/2022\/08\/reloj_ayuntamiento.webp","type":"image\/webp"}],"author":"La Gu\u00eda de Pamplona","twitter_card":"summary_large_image","twitter_creator":"@LaGuiadPamplona","twitter_site":"@LaGuiadPamplona","twitter_misc":{"Escrito por":"La Gu\u00eda de Pamplona","Tiempo de lectura":"5 minutos"},"schema":{"@context":"https:\/\/schema.org","@graph":[{"@type":"Article","@id":"https:\/\/www.laguiadepamplona.com\/actualidad\/propuesta-de-actividades-organizadas-por-el-ayuntamiento-de-pamplona-del-13-al-16-de-septiembre-con-plazas-libres\/#article","isPartOf":{"@id":"https:\/\/www.laguiadepamplona.com\/actualidad\/propuesta-de-actividades-organizadas-por-el-ayuntamiento-de-pamplona-del-13-al-16-de-septiembre-con-plazas-libres\/"},"author":{"name":"La Gu\u00eda de Pamplona","@id":"https:\/\/www.laguiadepamplona.com\/actualidad\/#\/schema\/person\/efe887376f0213d4657c93adc50b1fdb"},"headline":"Propuesta de actividades organizadas por el Ayuntamiento de Pamplona del 13 al 16 de septiembre con plazas libres","datePublished":"2024-09-12T16:25:13+00:00","mainEntityOfPage":{"@id":"https:\/\/www.laguiadepamplona.com\/actualidad\/propuesta-de-actividades-organizadas-por-el-ayuntamiento-de-pamplona-del-13-al-16-de-septiembre-con-plazas-libres\/"},"wordCount":1051,"commentCount":0,"publisher":{"@id":"https:\/\/www.laguiadepamplona.com\/actualidad\/#organization"},"image":{"@id":"https:\/\/www.laguiadepamplona.com\/actualidad\/propuesta-de-actividades-organizadas-por-el-ayuntamiento-de-pamplona-del-13-al-16-de-septiembre-con-plazas-libres\/#primaryimage"},"thumbnailUrl":"https:\/\/www.laguiadepamplona.com\/actualidad\/wp-content\/uploads\/2022\/08\/reloj_ayuntamiento.webp","articleSection":["Ayto Pamplona"],"inLanguage":"es","potentialAction":[{"@type":"CommentAction","name":"Comment","target":["https:\/\/www.laguiadepamplona.com\/actualidad\/propuesta-de-actividades-organizadas-por-el-ayuntamiento-de-pamplona-del-13-al-16-de-septiembre-con-plazas-libres\/#respond"]}]},{"@type":"WebPage","@id":"https:\/\/www.laguiadepamplona.com\/actualidad\/propuesta-de-actividades-organizadas-por-el-ayuntamiento-de-pamplona-del-13-al-16-de-septiembre-con-plazas-libres\/","url":"https:\/\/www.laguiadepamplona.com\/actualidad\/propuesta-de-actividades-organizadas-por-el-ayuntamiento-de-pamplona-del-13-al-16-de-septiembre-con-plazas-libres\/","name":"Propuesta de actividades organizadas por el Ayuntamiento de Pamplona del 13 al 16 de septiembre con plazas libres","isPartOf":{"@id":"https:\/\/www.laguiadepamplona.com\/actualidad\/#website"},"primaryImageOfPage":{"@id":"https:\/\/www.laguiadepamplona.com\/actualidad\/propuesta-de-actividades-organizadas-por-el-ayuntamiento-de-pamplona-del-13-al-16-de-septiembre-con-plazas-libres\/#primaryimage"},"image":{"@id":"https:\/\/www.laguiadepamplona.com\/actualidad\/propuesta-de-actividades-organizadas-por-el-ayuntamiento-de-pamplona-del-13-al-16-de-septiembre-con-plazas-libres\/#primaryimage"},"thumbnailUrl":"https:\/\/www.laguiadepamplona.com\/actualidad\/wp-content\/uploads\/2022\/08\/reloj_ayuntamiento.webp","datePublished":"2024-09-12T16:25:13+00:00","breadcrumb":{"@id":"https:\/\/www.laguiadepamplona.com\/actualidad\/propuesta-de-actividades-organizadas-por-el-ayuntamiento-de-pamplona-del-13-al-16-de-septiembre-con-plazas-libres\/#breadcrumb"},"inLanguage":"es","potentialAction":[{"@type":"ReadAction","target":["https:\/\/www.laguiadepamplona.com\/actualidad\/propuesta-de-actividades-organizadas-por-el-ayuntamiento-de-pamplona-del-13-al-16-de-septiembre-con-plazas-libres\/"]}]},{"@type":"ImageObject","inLanguage":"es","@id":"https:\/\/www.laguiadepamplona.com\/actualidad\/propuesta-de-actividades-organizadas-por-el-ayuntamiento-de-pamplona-del-13-al-16-de-septiembre-con-plazas-libres\/#primaryimage","url":"https:\/\/www.laguiadepamplona.com\/actualidad\/wp-content\/uploads\/2022\/08\/reloj_ayuntamiento.webp","contentUrl":"https:\/\/www.laguiadepamplona.com\/actualidad\/wp-content\/uploads\/2022\/08\/reloj_ayuntamiento.webp","width":1920,"height":1245,"caption":"ayuntamiento"},{"@type":"BreadcrumbList","@id":"https:\/\/www.laguiadepamplona.com\/actualidad\/propuesta-de-actividades-organizadas-por-el-ayuntamiento-de-pamplona-del-13-al-16-de-septiembre-con-plazas-libres\/#breadcrumb","itemListElement":[{"@type":"ListItem","position":1,"name":"Portada","item":"https:\/\/www.laguiadepamplona.com\/actualidad\/"},{"@type":"ListItem","position":2,"name":"Propuesta de actividades organizadas por el Ayuntamiento de Pamplona del 13 al 16 de septiembre con plazas libres"}]},{"@type":"WebSite","@id":"https:\/\/www.laguiadepamplona.com\/actualidad\/#website","url":"https:\/\/www.laguiadepamplona.com\/actualidad\/","name":"La gu\u00eda de Pamplona","description":"Noticias de Pamplona","publisher":{"@id":"https:\/\/www.laguiadepamplona.com\/actualidad\/#organization"},"potentialAction":[{"@type":"SearchAction","target":{"@type":"EntryPoint","urlTemplate":"https:\/\/www.laguiadepamplona.com\/actualidad\/?s={search_term_string}"},"query-input":{"@type":"PropertyValueSpecification","valueRequired":true,"valueName":"search_term_string"}}],"inLanguage":"es"},{"@type":"Organization","@id":"https:\/\/www.laguiadepamplona.com\/actualidad\/#organization","name":"La Gu\u00eda de Pamplona \/ Noticias","url":"https:\/\/www.laguiadepamplona.com\/actualidad\/","logo":{"@type":"ImageObject","inLanguage":"es","@id":"https:\/\/www.laguiadepamplona.com\/actualidad\/#\/schema\/logo\/image\/","url":"https:\/\/www.laguiadepamplona.com\/actualidad\/wp-content\/uploads\/2018\/11\/logo-laguiadepamplona18-web1.png","contentUrl":"https:\/\/www.laguiadepamplona.com\/actualidad\/wp-content\/uploads\/2018\/11\/logo-laguiadepamplona18-web1.png","width":600,"height":196,"caption":"La Gu\u00eda de Pamplona \/ Noticias"},"image":{"@id":"https:\/\/www.laguiadepamplona.com\/actualidad\/#\/schema\/logo\/image\/"},"sameAs":["https:\/\/www.facebook.com\/laguiadepamplonacom-133175176762273\/?ref=hl","https:\/\/x.com\/LaGuiadPamplona","https:\/\/www.instagram.com\/la_guia_de_pamplona\/","https:\/\/www.youtube.com\/user\/laguiadepamplona"]},{"@type":"Person","@id":"https:\/\/www.laguiadepamplona.com\/actualidad\/#\/schema\/person\/efe887376f0213d4657c93adc50b1fdb","name":"La Gu\u00eda de Pamplona","image":{"@type":"ImageObject","inLanguage":"es","@id":"https:\/\/secure.gravatar.com\/avatar\/b6992f131dc8d30ab0dff15446e9d346d9dbd95992de0fef795073f5ea83a81c?s=96&d=mm&r=g","url":"https:\/\/secure.gravatar.com\/avatar\/b6992f131dc8d30ab0dff15446e9d346d9dbd95992de0fef795073f5ea83a81c?s=96&d=mm&r=g","contentUrl":"https:\/\/secure.gravatar.com\/avatar\/b6992f131dc8d30ab0dff15446e9d346d9dbd95992de0fef795073f5ea83a81c?s=96&d=mm&r=g","caption":"La Gu\u00eda de Pamplona"}}]}},"post_mailing_queue_ids":[],"_links":{"self":[{"href":"https:\/\/www.laguiadepamplona.com\/actualidad\/wp-json\/wp\/v2\/posts\/50634","targetHints":{"allow":["GET"]}}],"collection":[{"href":"https:\/\/www.laguiadepamplona.com\/actualidad\/wp-json\/wp\/v2\/posts"}],"about":[{"href":"https:\/\/www.laguiadepamplona.com\/actualidad\/wp-json\/wp\/v2\/types\/post"}],"author":[{"embeddable":true,"href":"https:\/\/www.laguiadepamplona.com\/actualidad\/wp-json\/wp\/v2\/users\/1"}],"replies":[{"embeddable":true,"href":"https:\/\/www.laguiadepamplona.com\/actualidad\/wp-json\/wp\/v2\/comments?post=50634"}],"version-history":[{"count":1,"href":"https:\/\/www.laguiadepamplona.com\/actualidad\/wp-json\/wp\/v2\/posts\/50634\/revisions"}],"predecessor-version":[{"id":50635,"href":"https:\/\/www.laguiadepamplona.com\/actualidad\/wp-json\/wp\/v2\/posts\/50634\/revisions\/50635"}],"wp:featuredmedia":[{"embeddable":true,"href":"https:\/\/www.laguiadepamplona.com\/actualidad\/wp-json\/wp\/v2\/media\/41391"}],"wp:attachment":[{"href":"https:\/\/www.laguiadepamplona.com\/actualidad\/wp-json\/wp\/v2\/media?parent=50634"}],"wp:term":[{"taxonomy":"category","embeddable":true,"href":"https:\/\/www.laguiadepamplona.com\/actualidad\/wp-json\/wp\/v2\/categories?post=50634"},{"taxonomy":"post_tag","embeddable":true,"href":"https:\/\/www.laguiadepamplona.com\/actualidad\/wp-json\/wp\/v2\/tags?post=50634"}],"curies":[{"name":"wp","href":"https:\/\/api.w.org\/{rel}","templated":true}]}}