{"id":50631,"date":"2024-09-12T18:24:22","date_gmt":"2024-09-12T16:24:22","guid":{"rendered":"https:\/\/www.laguiadepamplona.com\/actualidad\/?p=50631"},"modified":"2024-09-12T18:24:22","modified_gmt":"2024-09-12T16:24:22","slug":"el-ayuntamiento-de-pamplona-mejorara-la-accesibilidad-en-once-paradas-del-transporte-urbano-comarcal-en-diferentes-barrios-de-la-ciudad","status":"publish","type":"post","link":"https:\/\/www.laguiadepamplona.com\/actualidad\/el-ayuntamiento-de-pamplona-mejorara-la-accesibilidad-en-once-paradas-del-transporte-urbano-comarcal-en-diferentes-barrios-de-la-ciudad\/","title":{"rendered":"El Ayuntamiento de Pamplona mejorar\u00e1 la accesibilidad en once paradas del transporte urbano comarcal en diferentes barrios de la ciudad"},"content":{"rendered":"<h2>Se construir\u00e1n paradas avanzadas que facilitan la subida y bajada de las villavesas a personas con problemas de movilidad y, adem\u00e1s, calman el tr\u00e1fico<\/h2>\n<p><!--more--><\/p>\n<p>El Ayuntamiento de Pamplona invertir\u00e1 un total de 144.830,97 euros en obras de mejora de la accesibilidad en once paradas de transporte urbano comarcal (TUC). Los trabajos, que comenzar\u00e1n a mediados de mes, afectan a varias paradas en los barrios de San Jorge, Etxabakoitz, San Juan, Ermitaga\u00f1a, Milagrosa y Lezkairu. En todas ellas, se realizar\u00e1n avances de forma que el autob\u00fas urbano se detenga en el propio carril de circulaci\u00f3n, para la subida y bajada de pasajeros.<\/p>\n<p>La Junta de Gobierno Local ha adjudicado las obras a la UTE Urbanismo T\u00e1ctico Pamplona (Lacunza Hermanos, S.L. y Goyo Se\u00f1alizaciones, S.L.). Esta obra es el cuarto contrato derivado del Acuerdo Marco de Obras de Mejora de la Movilidad y la Sostenibilidad. El objetivo es que todos los trabajos est\u00e9n listos en un plazo de tres meses.<\/p>\n<p>Las paradas sobre las que se va a actuar est\u00e1n configuradas en la actualidad como apeaderos, que impiden que los autobuses puedan detenerse en paralelo a la acera y deban realizar maniobras de acercamiento. Todo ello provoca problemas de accesibilidad en las operaciones de subida y bajada de pasajeros, especialmente de aquellas personas que presentan problemas de movilidad y necesitan el despliegue de rampas. Las nuevas paradas avanzadas, que se construir\u00e1n ocupando parte de la calzada, buscan evitar esos problemas y facilitar el acceso y salida de los autobuses. Este recurso mejora la velocidad comercial de las l\u00edneas y, por tanto, la calidad del servicio. Adem\u00e1s, elimina el efecto de los veh\u00edculos ilegalmente parados en los andenes retranqueados y los inconvenientes que producen al correcto recorrido de los autobuses urbanos.<\/p>\n<p>En concreto, se realizar\u00e1n once avances en nueve ubicaciones diferentes, ya que dos de ellas cuentan con dos paradas enfrentadas. Se actuar\u00e1 en las paradas de la avenida de Gipuzkoa (junto al Puente de Santa Engracia), la calle San Roque n\u00ba 17 (frente a la Audiencia de Navarra, con dos paradas enfrentadas), la calle Monasterio de Irache n\u00ba 34, la avenida de Bara\u00f1ain n\u00ba 52 (frente al Planetario), la avenida de Zaragoza frente al n\u00ba 13 (frente a la entrada a la calle Navarro Villoslada), la calle Adela Bazo-Avenida de Juan Pablo II (donde tambi\u00e9n hay dos paradas enfrentadas), la avenida de Ar\u00f3stegui (a la altura del puente sobre el r\u00edo Elorz) y la avenida de San Jorge, en dos puntos distintos, uno a la altura del n\u00ba 69 (junto al cruce con calle Doctor Labayen) y otro frente al n\u00ba 17 (junto al campo de f\u00fatbol).<\/p>\n<p>Las obras, que estar\u00e1n debidamente se\u00f1alizadas para el tr\u00e1fico rodado, consistir\u00e1n en la demolici\u00f3n del bordillo y r\u00edgola y el avance de la acera con sus correspondientes nuevos bordillos y pavimento de baldosa. Se instalar\u00e1n tambi\u00e9n nuevas marquesinas en la parada avanzada y se modificar\u00e1 la pintura de se\u00f1alizaci\u00f3n de la parada de bus en su nueva ubicaci\u00f3n. Adem\u00e1s de estos, donde sea necesario, se instalar\u00e1n nuevos sumideros para la recogida de aguas pluviales.<\/p>\n","protected":false},"excerpt":{"rendered":"<p>Se construir\u00e1n paradas avanzadas que facilitan la subida y bajada de las villavesas a personas con problemas de movilidad y, adem\u00e1s, calman el tr\u00e1fico<\/p>\n","protected":false},"author":1,"featured_media":50632,"comment_status":"open","ping_status":"closed","sticky":false,"template":"","format":"standard","meta":{"footnotes":""},"categories":[2],"tags":[],"class_list":["post-50631","post","type-post","status-publish","format-standard","has-post-thumbnail","hentry","category-ayuntamiento-pamplona"],"yoast_head":"<!-- This site is optimized with the Yoast SEO plugin v27.3 - https:\/\/yoast.com\/product\/yoast-seo-wordpress\/ -->\n<title>El Ayuntamiento de Pamplona mejorar\u00e1 la accesibilidad en once paradas del transporte urbano comarcal en diferentes barrios de la ciudad<\/title>\n<meta name=\"description\" content=\"Se construir\u00e1n paradas avanzadas que facilitan la subida y bajada de las villavesas a personas con problemas de movilidad y, adem\u00e1s, calman el tr\u00e1fico\" \/>\n<meta name=\"robots\" content=\"index, follow, max-snippet:-1, max-image-preview:large, max-video-preview:-1\" \/>\n<link rel=\"canonical\" href=\"https:\/\/www.laguiadepamplona.com\/actualidad\/el-ayuntamiento-de-pamplona-mejorara-la-accesibilidad-en-once-paradas-del-transporte-urbano-comarcal-en-diferentes-barrios-de-la-ciudad\/\" \/>\n<meta property=\"og:locale\" content=\"es_ES\" \/>\n<meta property=\"og:type\" content=\"article\" \/>\n<meta property=\"og:title\" content=\"El Ayuntamiento de Pamplona mejorar\u00e1 la accesibilidad en once paradas del transporte urbano comarcal en diferentes barrios de la ciudad\" \/>\n<meta property=\"og:description\" content=\"Se construir\u00e1n paradas avanzadas que facilitan la subida y bajada de las villavesas a personas con problemas de movilidad y, adem\u00e1s, calman el tr\u00e1fico\" \/>\n<meta property=\"og:url\" content=\"https:\/\/www.laguiadepamplona.com\/actualidad\/el-ayuntamiento-de-pamplona-mejorara-la-accesibilidad-en-once-paradas-del-transporte-urbano-comarcal-en-diferentes-barrios-de-la-ciudad\/\" \/>\n<meta property=\"og:site_name\" content=\"La Gu\u00eda de Pamplona\" \/>\n<meta property=\"article:publisher\" content=\"https:\/\/www.facebook.com\/laguiadepamplonacom-133175176762273\/?ref=hl\" \/>\n<meta property=\"article:published_time\" content=\"2024-09-12T16:24:22+00:00\" \/>\n<meta property=\"og:image\" content=\"https:\/\/www.laguiadepamplona.com\/actualidad\/wp-content\/uploads\/2024\/09\/parada-adelantada-Villavesa_web.webp\" \/>\n\t<meta property=\"og:image:width\" content=\"1000\" \/>\n\t<meta property=\"og:image:height\" content=\"667\" \/>\n\t<meta property=\"og:image:type\" content=\"image\/webp\" \/>\n<meta name=\"author\" content=\"La Gu\u00eda de Pamplona\" \/>\n<meta name=\"twitter:card\" content=\"summary_large_image\" \/>\n<meta name=\"twitter:creator\" content=\"@LaGuiadPamplona\" \/>\n<meta name=\"twitter:site\" content=\"@LaGuiadPamplona\" \/>\n<meta name=\"twitter:label1\" content=\"Escrito por\" \/>\n\t<meta name=\"twitter:data1\" content=\"La Gu\u00eda de Pamplona\" \/>\n\t<meta name=\"twitter:label2\" content=\"Tiempo de lectura\" \/>\n\t<meta name=\"twitter:data2\" content=\"3 minutos\" \/>\n<script type=\"application\/ld+json\" class=\"yoast-schema-graph\">{\"@context\":\"https:\\\/\\\/schema.org\",\"@graph\":[{\"@type\":\"Article\",\"@id\":\"https:\\\/\\\/www.laguiadepamplona.com\\\/actualidad\\\/el-ayuntamiento-de-pamplona-mejorara-la-accesibilidad-en-once-paradas-del-transporte-urbano-comarcal-en-diferentes-barrios-de-la-ciudad\\\/#article\",\"isPartOf\":{\"@id\":\"https:\\\/\\\/www.laguiadepamplona.com\\\/actualidad\\\/el-ayuntamiento-de-pamplona-mejorara-la-accesibilidad-en-once-paradas-del-transporte-urbano-comarcal-en-diferentes-barrios-de-la-ciudad\\\/\"},\"author\":{\"name\":\"La Gu\u00eda de Pamplona\",\"@id\":\"https:\\\/\\\/www.laguiadepamplona.com\\\/actualidad\\\/#\\\/schema\\\/person\\\/efe887376f0213d4657c93adc50b1fdb\"},\"headline\":\"El Ayuntamiento de Pamplona mejorar\u00e1 la accesibilidad en once paradas del transporte urbano comarcal en diferentes barrios de la ciudad\",\"datePublished\":\"2024-09-12T16:24:22+00:00\",\"mainEntityOfPage\":{\"@id\":\"https:\\\/\\\/www.laguiadepamplona.com\\\/actualidad\\\/el-ayuntamiento-de-pamplona-mejorara-la-accesibilidad-en-once-paradas-del-transporte-urbano-comarcal-en-diferentes-barrios-de-la-ciudad\\\/\"},\"wordCount\":559,\"commentCount\":0,\"publisher\":{\"@id\":\"https:\\\/\\\/www.laguiadepamplona.com\\\/actualidad\\\/#organization\"},\"image\":{\"@id\":\"https:\\\/\\\/www.laguiadepamplona.com\\\/actualidad\\\/el-ayuntamiento-de-pamplona-mejorara-la-accesibilidad-en-once-paradas-del-transporte-urbano-comarcal-en-diferentes-barrios-de-la-ciudad\\\/#primaryimage\"},\"thumbnailUrl\":\"https:\\\/\\\/www.laguiadepamplona.com\\\/actualidad\\\/wp-content\\\/uploads\\\/2024\\\/09\\\/parada-adelantada-Villavesa_web.webp\",\"articleSection\":[\"Ayto Pamplona\"],\"inLanguage\":\"es\",\"potentialAction\":[{\"@type\":\"CommentAction\",\"name\":\"Comment\",\"target\":[\"https:\\\/\\\/www.laguiadepamplona.com\\\/actualidad\\\/el-ayuntamiento-de-pamplona-mejorara-la-accesibilidad-en-once-paradas-del-transporte-urbano-comarcal-en-diferentes-barrios-de-la-ciudad\\\/#respond\"]}]},{\"@type\":\"WebPage\",\"@id\":\"https:\\\/\\\/www.laguiadepamplona.com\\\/actualidad\\\/el-ayuntamiento-de-pamplona-mejorara-la-accesibilidad-en-once-paradas-del-transporte-urbano-comarcal-en-diferentes-barrios-de-la-ciudad\\\/\",\"url\":\"https:\\\/\\\/www.laguiadepamplona.com\\\/actualidad\\\/el-ayuntamiento-de-pamplona-mejorara-la-accesibilidad-en-once-paradas-del-transporte-urbano-comarcal-en-diferentes-barrios-de-la-ciudad\\\/\",\"name\":\"El Ayuntamiento de Pamplona mejorar\u00e1 la accesibilidad en once paradas del transporte urbano comarcal en diferentes barrios de la ciudad\",\"isPartOf\":{\"@id\":\"https:\\\/\\\/www.laguiadepamplona.com\\\/actualidad\\\/#website\"},\"primaryImageOfPage\":{\"@id\":\"https:\\\/\\\/www.laguiadepamplona.com\\\/actualidad\\\/el-ayuntamiento-de-pamplona-mejorara-la-accesibilidad-en-once-paradas-del-transporte-urbano-comarcal-en-diferentes-barrios-de-la-ciudad\\\/#primaryimage\"},\"image\":{\"@id\":\"https:\\\/\\\/www.laguiadepamplona.com\\\/actualidad\\\/el-ayuntamiento-de-pamplona-mejorara-la-accesibilidad-en-once-paradas-del-transporte-urbano-comarcal-en-diferentes-barrios-de-la-ciudad\\\/#primaryimage\"},\"thumbnailUrl\":\"https:\\\/\\\/www.laguiadepamplona.com\\\/actualidad\\\/wp-content\\\/uploads\\\/2024\\\/09\\\/parada-adelantada-Villavesa_web.webp\",\"datePublished\":\"2024-09-12T16:24:22+00:00\",\"description\":\"Se construir\u00e1n paradas avanzadas que facilitan la subida y bajada de las villavesas a personas con problemas de movilidad y, adem\u00e1s, calman el tr\u00e1fico\",\"breadcrumb\":{\"@id\":\"https:\\\/\\\/www.laguiadepamplona.com\\\/actualidad\\\/el-ayuntamiento-de-pamplona-mejorara-la-accesibilidad-en-once-paradas-del-transporte-urbano-comarcal-en-diferentes-barrios-de-la-ciudad\\\/#breadcrumb\"},\"inLanguage\":\"es\",\"potentialAction\":[{\"@type\":\"ReadAction\",\"target\":[\"https:\\\/\\\/www.laguiadepamplona.com\\\/actualidad\\\/el-ayuntamiento-de-pamplona-mejorara-la-accesibilidad-en-once-paradas-del-transporte-urbano-comarcal-en-diferentes-barrios-de-la-ciudad\\\/\"]}]},{\"@type\":\"ImageObject\",\"inLanguage\":\"es\",\"@id\":\"https:\\\/\\\/www.laguiadepamplona.com\\\/actualidad\\\/el-ayuntamiento-de-pamplona-mejorara-la-accesibilidad-en-once-paradas-del-transporte-urbano-comarcal-en-diferentes-barrios-de-la-ciudad\\\/#primaryimage\",\"url\":\"https:\\\/\\\/www.laguiadepamplona.com\\\/actualidad\\\/wp-content\\\/uploads\\\/2024\\\/09\\\/parada-adelantada-Villavesa_web.webp\",\"contentUrl\":\"https:\\\/\\\/www.laguiadepamplona.com\\\/actualidad\\\/wp-content\\\/uploads\\\/2024\\\/09\\\/parada-adelantada-Villavesa_web.webp\",\"width\":1000,\"height\":667,\"caption\":\"parada villavesa autobus pamplona\"},{\"@type\":\"BreadcrumbList\",\"@id\":\"https:\\\/\\\/www.laguiadepamplona.com\\\/actualidad\\\/el-ayuntamiento-de-pamplona-mejorara-la-accesibilidad-en-once-paradas-del-transporte-urbano-comarcal-en-diferentes-barrios-de-la-ciudad\\\/#breadcrumb\",\"itemListElement\":[{\"@type\":\"ListItem\",\"position\":1,\"name\":\"Portada\",\"item\":\"https:\\\/\\\/www.laguiadepamplona.com\\\/actualidad\\\/\"},{\"@type\":\"ListItem\",\"position\":2,\"name\":\"El Ayuntamiento de Pamplona mejorar\u00e1 la accesibilidad en once paradas del transporte urbano comarcal en diferentes barrios de la ciudad\"}]},{\"@type\":\"WebSite\",\"@id\":\"https:\\\/\\\/www.laguiadepamplona.com\\\/actualidad\\\/#website\",\"url\":\"https:\\\/\\\/www.laguiadepamplona.com\\\/actualidad\\\/\",\"name\":\"La gu\u00eda de Pamplona\",\"description\":\"Noticias de Pamplona\",\"publisher\":{\"@id\":\"https:\\\/\\\/www.laguiadepamplona.com\\\/actualidad\\\/#organization\"},\"potentialAction\":[{\"@type\":\"SearchAction\",\"target\":{\"@type\":\"EntryPoint\",\"urlTemplate\":\"https:\\\/\\\/www.laguiadepamplona.com\\\/actualidad\\\/?s={search_term_string}\"},\"query-input\":{\"@type\":\"PropertyValueSpecification\",\"valueRequired\":true,\"valueName\":\"search_term_string\"}}],\"inLanguage\":\"es\"},{\"@type\":\"Organization\",\"@id\":\"https:\\\/\\\/www.laguiadepamplona.com\\\/actualidad\\\/#organization\",\"name\":\"La Gu\u00eda de Pamplona \\\/ Noticias\",\"url\":\"https:\\\/\\\/www.laguiadepamplona.com\\\/actualidad\\\/\",\"logo\":{\"@type\":\"ImageObject\",\"inLanguage\":\"es\",\"@id\":\"https:\\\/\\\/www.laguiadepamplona.com\\\/actualidad\\\/#\\\/schema\\\/logo\\\/image\\\/\",\"url\":\"https:\\\/\\\/www.laguiadepamplona.com\\\/actualidad\\\/wp-content\\\/uploads\\\/2018\\\/11\\\/logo-laguiadepamplona18-web1.png\",\"contentUrl\":\"https:\\\/\\\/www.laguiadepamplona.com\\\/actualidad\\\/wp-content\\\/uploads\\\/2018\\\/11\\\/logo-laguiadepamplona18-web1.png\",\"width\":600,\"height\":196,\"caption\":\"La Gu\u00eda de Pamplona \\\/ Noticias\"},\"image\":{\"@id\":\"https:\\\/\\\/www.laguiadepamplona.com\\\/actualidad\\\/#\\\/schema\\\/logo\\\/image\\\/\"},\"sameAs\":[\"https:\\\/\\\/www.facebook.com\\\/laguiadepamplonacom-133175176762273\\\/?ref=hl\",\"https:\\\/\\\/x.com\\\/LaGuiadPamplona\",\"https:\\\/\\\/www.instagram.com\\\/la_guia_de_pamplona\\\/\",\"https:\\\/\\\/www.youtube.com\\\/user\\\/laguiadepamplona\"]},{\"@type\":\"Person\",\"@id\":\"https:\\\/\\\/www.laguiadepamplona.com\\\/actualidad\\\/#\\\/schema\\\/person\\\/efe887376f0213d4657c93adc50b1fdb\",\"name\":\"La Gu\u00eda de Pamplona\",\"image\":{\"@type\":\"ImageObject\",\"inLanguage\":\"es\",\"@id\":\"https:\\\/\\\/secure.gravatar.com\\\/avatar\\\/b6992f131dc8d30ab0dff15446e9d346d9dbd95992de0fef795073f5ea83a81c?s=96&d=mm&r=g\",\"url\":\"https:\\\/\\\/secure.gravatar.com\\\/avatar\\\/b6992f131dc8d30ab0dff15446e9d346d9dbd95992de0fef795073f5ea83a81c?s=96&d=mm&r=g\",\"contentUrl\":\"https:\\\/\\\/secure.gravatar.com\\\/avatar\\\/b6992f131dc8d30ab0dff15446e9d346d9dbd95992de0fef795073f5ea83a81c?s=96&d=mm&r=g\",\"caption\":\"La Gu\u00eda de Pamplona\"}}]}<\/script>\n<!-- \/ Yoast SEO plugin. -->","yoast_head_json":{"title":"El Ayuntamiento de Pamplona mejorar\u00e1 la accesibilidad en once paradas del transporte urbano comarcal en diferentes barrios de la ciudad","description":"Se construir\u00e1n paradas avanzadas que facilitan la subida y bajada de las villavesas a personas con problemas de movilidad y, adem\u00e1s, calman el tr\u00e1fico","robots":{"index":"index","follow":"follow","max-snippet":"max-snippet:-1","max-image-preview":"max-image-preview:large","max-video-preview":"max-video-preview:-1"},"canonical":"https:\/\/www.laguiadepamplona.com\/actualidad\/el-ayuntamiento-de-pamplona-mejorara-la-accesibilidad-en-once-paradas-del-transporte-urbano-comarcal-en-diferentes-barrios-de-la-ciudad\/","og_locale":"es_ES","og_type":"article","og_title":"El Ayuntamiento de Pamplona mejorar\u00e1 la accesibilidad en once paradas del transporte urbano comarcal en diferentes barrios de la ciudad","og_description":"Se construir\u00e1n paradas avanzadas que facilitan la subida y bajada de las villavesas a personas con problemas de movilidad y, adem\u00e1s, calman el tr\u00e1fico","og_url":"https:\/\/www.laguiadepamplona.com\/actualidad\/el-ayuntamiento-de-pamplona-mejorara-la-accesibilidad-en-once-paradas-del-transporte-urbano-comarcal-en-diferentes-barrios-de-la-ciudad\/","og_site_name":"La Gu\u00eda de Pamplona","article_publisher":"https:\/\/www.facebook.com\/laguiadepamplonacom-133175176762273\/?ref=hl","article_published_time":"2024-09-12T16:24:22+00:00","og_image":[{"width":1000,"height":667,"url":"https:\/\/www.laguiadepamplona.com\/actualidad\/wp-content\/uploads\/2024\/09\/parada-adelantada-Villavesa_web.webp","type":"image\/webp"}],"author":"La Gu\u00eda de Pamplona","twitter_card":"summary_large_image","twitter_creator":"@LaGuiadPamplona","twitter_site":"@LaGuiadPamplona","twitter_misc":{"Escrito por":"La Gu\u00eda de Pamplona","Tiempo de lectura":"3 minutos"},"schema":{"@context":"https:\/\/schema.org","@graph":[{"@type":"Article","@id":"https:\/\/www.laguiadepamplona.com\/actualidad\/el-ayuntamiento-de-pamplona-mejorara-la-accesibilidad-en-once-paradas-del-transporte-urbano-comarcal-en-diferentes-barrios-de-la-ciudad\/#article","isPartOf":{"@id":"https:\/\/www.laguiadepamplona.com\/actualidad\/el-ayuntamiento-de-pamplona-mejorara-la-accesibilidad-en-once-paradas-del-transporte-urbano-comarcal-en-diferentes-barrios-de-la-ciudad\/"},"author":{"name":"La Gu\u00eda de Pamplona","@id":"https:\/\/www.laguiadepamplona.com\/actualidad\/#\/schema\/person\/efe887376f0213d4657c93adc50b1fdb"},"headline":"El Ayuntamiento de Pamplona mejorar\u00e1 la accesibilidad en once paradas del transporte urbano comarcal en diferentes barrios de la ciudad","datePublished":"2024-09-12T16:24:22+00:00","mainEntityOfPage":{"@id":"https:\/\/www.laguiadepamplona.com\/actualidad\/el-ayuntamiento-de-pamplona-mejorara-la-accesibilidad-en-once-paradas-del-transporte-urbano-comarcal-en-diferentes-barrios-de-la-ciudad\/"},"wordCount":559,"commentCount":0,"publisher":{"@id":"https:\/\/www.laguiadepamplona.com\/actualidad\/#organization"},"image":{"@id":"https:\/\/www.laguiadepamplona.com\/actualidad\/el-ayuntamiento-de-pamplona-mejorara-la-accesibilidad-en-once-paradas-del-transporte-urbano-comarcal-en-diferentes-barrios-de-la-ciudad\/#primaryimage"},"thumbnailUrl":"https:\/\/www.laguiadepamplona.com\/actualidad\/wp-content\/uploads\/2024\/09\/parada-adelantada-Villavesa_web.webp","articleSection":["Ayto Pamplona"],"inLanguage":"es","potentialAction":[{"@type":"CommentAction","name":"Comment","target":["https:\/\/www.laguiadepamplona.com\/actualidad\/el-ayuntamiento-de-pamplona-mejorara-la-accesibilidad-en-once-paradas-del-transporte-urbano-comarcal-en-diferentes-barrios-de-la-ciudad\/#respond"]}]},{"@type":"WebPage","@id":"https:\/\/www.laguiadepamplona.com\/actualidad\/el-ayuntamiento-de-pamplona-mejorara-la-accesibilidad-en-once-paradas-del-transporte-urbano-comarcal-en-diferentes-barrios-de-la-ciudad\/","url":"https:\/\/www.laguiadepamplona.com\/actualidad\/el-ayuntamiento-de-pamplona-mejorara-la-accesibilidad-en-once-paradas-del-transporte-urbano-comarcal-en-diferentes-barrios-de-la-ciudad\/","name":"El Ayuntamiento de Pamplona mejorar\u00e1 la accesibilidad en once paradas del transporte urbano comarcal en diferentes barrios de la ciudad","isPartOf":{"@id":"https:\/\/www.laguiadepamplona.com\/actualidad\/#website"},"primaryImageOfPage":{"@id":"https:\/\/www.laguiadepamplona.com\/actualidad\/el-ayuntamiento-de-pamplona-mejorara-la-accesibilidad-en-once-paradas-del-transporte-urbano-comarcal-en-diferentes-barrios-de-la-ciudad\/#primaryimage"},"image":{"@id":"https:\/\/www.laguiadepamplona.com\/actualidad\/el-ayuntamiento-de-pamplona-mejorara-la-accesibilidad-en-once-paradas-del-transporte-urbano-comarcal-en-diferentes-barrios-de-la-ciudad\/#primaryimage"},"thumbnailUrl":"https:\/\/www.laguiadepamplona.com\/actualidad\/wp-content\/uploads\/2024\/09\/parada-adelantada-Villavesa_web.webp","datePublished":"2024-09-12T16:24:22+00:00","description":"Se construir\u00e1n paradas avanzadas que facilitan la subida y bajada de las villavesas a personas con problemas de movilidad y, adem\u00e1s, calman el tr\u00e1fico","breadcrumb":{"@id":"https:\/\/www.laguiadepamplona.com\/actualidad\/el-ayuntamiento-de-pamplona-mejorara-la-accesibilidad-en-once-paradas-del-transporte-urbano-comarcal-en-diferentes-barrios-de-la-ciudad\/#breadcrumb"},"inLanguage":"es","potentialAction":[{"@type":"ReadAction","target":["https:\/\/www.laguiadepamplona.com\/actualidad\/el-ayuntamiento-de-pamplona-mejorara-la-accesibilidad-en-once-paradas-del-transporte-urbano-comarcal-en-diferentes-barrios-de-la-ciudad\/"]}]},{"@type":"ImageObject","inLanguage":"es","@id":"https:\/\/www.laguiadepamplona.com\/actualidad\/el-ayuntamiento-de-pamplona-mejorara-la-accesibilidad-en-once-paradas-del-transporte-urbano-comarcal-en-diferentes-barrios-de-la-ciudad\/#primaryimage","url":"https:\/\/www.laguiadepamplona.com\/actualidad\/wp-content\/uploads\/2024\/09\/parada-adelantada-Villavesa_web.webp","contentUrl":"https:\/\/www.laguiadepamplona.com\/actualidad\/wp-content\/uploads\/2024\/09\/parada-adelantada-Villavesa_web.webp","width":1000,"height":667,"caption":"parada villavesa autobus pamplona"},{"@type":"BreadcrumbList","@id":"https:\/\/www.laguiadepamplona.com\/actualidad\/el-ayuntamiento-de-pamplona-mejorara-la-accesibilidad-en-once-paradas-del-transporte-urbano-comarcal-en-diferentes-barrios-de-la-ciudad\/#breadcrumb","itemListElement":[{"@type":"ListItem","position":1,"name":"Portada","item":"https:\/\/www.laguiadepamplona.com\/actualidad\/"},{"@type":"ListItem","position":2,"name":"El Ayuntamiento de Pamplona mejorar\u00e1 la accesibilidad en once paradas del transporte urbano comarcal en diferentes barrios de la ciudad"}]},{"@type":"WebSite","@id":"https:\/\/www.laguiadepamplona.com\/actualidad\/#website","url":"https:\/\/www.laguiadepamplona.com\/actualidad\/","name":"La gu\u00eda de Pamplona","description":"Noticias de Pamplona","publisher":{"@id":"https:\/\/www.laguiadepamplona.com\/actualidad\/#organization"},"potentialAction":[{"@type":"SearchAction","target":{"@type":"EntryPoint","urlTemplate":"https:\/\/www.laguiadepamplona.com\/actualidad\/?s={search_term_string}"},"query-input":{"@type":"PropertyValueSpecification","valueRequired":true,"valueName":"search_term_string"}}],"inLanguage":"es"},{"@type":"Organization","@id":"https:\/\/www.laguiadepamplona.com\/actualidad\/#organization","name":"La Gu\u00eda de Pamplona \/ Noticias","url":"https:\/\/www.laguiadepamplona.com\/actualidad\/","logo":{"@type":"ImageObject","inLanguage":"es","@id":"https:\/\/www.laguiadepamplona.com\/actualidad\/#\/schema\/logo\/image\/","url":"https:\/\/www.laguiadepamplona.com\/actualidad\/wp-content\/uploads\/2018\/11\/logo-laguiadepamplona18-web1.png","contentUrl":"https:\/\/www.laguiadepamplona.com\/actualidad\/wp-content\/uploads\/2018\/11\/logo-laguiadepamplona18-web1.png","width":600,"height":196,"caption":"La Gu\u00eda de Pamplona \/ Noticias"},"image":{"@id":"https:\/\/www.laguiadepamplona.com\/actualidad\/#\/schema\/logo\/image\/"},"sameAs":["https:\/\/www.facebook.com\/laguiadepamplonacom-133175176762273\/?ref=hl","https:\/\/x.com\/LaGuiadPamplona","https:\/\/www.instagram.com\/la_guia_de_pamplona\/","https:\/\/www.youtube.com\/user\/laguiadepamplona"]},{"@type":"Person","@id":"https:\/\/www.laguiadepamplona.com\/actualidad\/#\/schema\/person\/efe887376f0213d4657c93adc50b1fdb","name":"La Gu\u00eda de Pamplona","image":{"@type":"ImageObject","inLanguage":"es","@id":"https:\/\/secure.gravatar.com\/avatar\/b6992f131dc8d30ab0dff15446e9d346d9dbd95992de0fef795073f5ea83a81c?s=96&d=mm&r=g","url":"https:\/\/secure.gravatar.com\/avatar\/b6992f131dc8d30ab0dff15446e9d346d9dbd95992de0fef795073f5ea83a81c?s=96&d=mm&r=g","contentUrl":"https:\/\/secure.gravatar.com\/avatar\/b6992f131dc8d30ab0dff15446e9d346d9dbd95992de0fef795073f5ea83a81c?s=96&d=mm&r=g","caption":"La Gu\u00eda de Pamplona"}}]}},"post_mailing_queue_ids":[],"_links":{"self":[{"href":"https:\/\/www.laguiadepamplona.com\/actualidad\/wp-json\/wp\/v2\/posts\/50631","targetHints":{"allow":["GET"]}}],"collection":[{"href":"https:\/\/www.laguiadepamplona.com\/actualidad\/wp-json\/wp\/v2\/posts"}],"about":[{"href":"https:\/\/www.laguiadepamplona.com\/actualidad\/wp-json\/wp\/v2\/types\/post"}],"author":[{"embeddable":true,"href":"https:\/\/www.laguiadepamplona.com\/actualidad\/wp-json\/wp\/v2\/users\/1"}],"replies":[{"embeddable":true,"href":"https:\/\/www.laguiadepamplona.com\/actualidad\/wp-json\/wp\/v2\/comments?post=50631"}],"version-history":[{"count":1,"href":"https:\/\/www.laguiadepamplona.com\/actualidad\/wp-json\/wp\/v2\/posts\/50631\/revisions"}],"predecessor-version":[{"id":50633,"href":"https:\/\/www.laguiadepamplona.com\/actualidad\/wp-json\/wp\/v2\/posts\/50631\/revisions\/50633"}],"wp:featuredmedia":[{"embeddable":true,"href":"https:\/\/www.laguiadepamplona.com\/actualidad\/wp-json\/wp\/v2\/media\/50632"}],"wp:attachment":[{"href":"https:\/\/www.laguiadepamplona.com\/actualidad\/wp-json\/wp\/v2\/media?parent=50631"}],"wp:term":[{"taxonomy":"category","embeddable":true,"href":"https:\/\/www.laguiadepamplona.com\/actualidad\/wp-json\/wp\/v2\/categories?post=50631"},{"taxonomy":"post_tag","embeddable":true,"href":"https:\/\/www.laguiadepamplona.com\/actualidad\/wp-json\/wp\/v2\/tags?post=50631"}],"curies":[{"name":"wp","href":"https:\/\/api.w.org\/{rel}","templated":true}]}}