{"id":50623,"date":"2024-08-27T17:06:48","date_gmt":"2024-08-27T15:06:48","guid":{"rendered":"https:\/\/www.laguiadepamplona.com\/actualidad\/?p=50623"},"modified":"2024-08-27T17:06:48","modified_gmt":"2024-08-27T15:06:48","slug":"las-agrupaciones-vocales-e-instrumentales-de-joaquin-maya-hacen-hueco-a-otros-musicos-de-la-ciudad-empiezan-las-preinscripciones-para-personas-no-matriculadas","status":"publish","type":"post","link":"https:\/\/www.laguiadepamplona.com\/actualidad\/las-agrupaciones-vocales-e-instrumentales-de-joaquin-maya-hacen-hueco-a-otros-musicos-de-la-ciudad-empiezan-las-preinscripciones-para-personas-no-matriculadas\/","title":{"rendered":"Las agrupaciones vocales e instrumentales de Joaqu\u00edn Maya hacen hueco a otros m\u00fasicos de la ciudad: empiezan las preinscripciones para personas no matriculadas"},"content":{"rendered":"<h2>La escuela de m\u00fasica del Ayuntamiento de Pamplona empezar\u00e1 el curso el 2 de septiembre con casi 900 matr\u00edculas y 31 agrupaciones<\/h2>\n<p><!--more--><\/p>\n<p>Este lunes d\u00eda 2 se abre el plazo de preinscripci\u00f3n para que personas no matriculadas se puedan apuntar a las <a href=\"https:\/\/www.pamplona.es\/sites\/default\/files\/2024-08\/Agrupaciones%2024-25%20para%20alumnado%20de%20la%20Escuela_3.pdf\" target=\"_blank\" rel=\"noopener\">agrupaciones instrumentales y vocales de la Escuela de M\u00fasica Joaqu\u00edn Maya<\/a>. Las personas interesadas optar\u00e1n a las plazas que queden libres despu\u00e9s de que se adjudiquen al alumnado matriculado este curso plazas en esas formaciones. El plazo de solicitud se extender\u00e1 hasta el 9 de septiembre y la lista de personas admitidas se har\u00e1 p\u00fablica el d\u00eda 26. La matriculaci\u00f3n se podr\u00e1 hacer <em>on line<\/em> en <a href=\"http:\/\/www.pamplona.es\/escuelademusica\" target=\"_blank\" rel=\"noopener\">www.pamplona.es\/escuelademusica<\/a> los d\u00edas 1 y 2 de octubre.<\/p>\n<p>Durante el curso 2024-2025 la Escuela tendr\u00e1 en funcionamiento 31 agrupaciones instrumentales y vocales, y numerosos grupos de m\u00fasica de c\u00e1mara. La inscripci\u00f3n abierta a personas no matriculadas permite a otros m\u00fasicos participar en la vida musical del centro y de la ciudad mezclando su experiencia con la del alumnado.<\/p>\n<p>La tarifa anual para quienes participen este curso en las agrupaciones ser\u00e1 de 85,80 euros, con independencia del n\u00famero de agrupaciones en las que se participe, a salvo de que puedan solicitar reducci\u00f3n de precio quienes se encuentran en las siguientes circunstancias: ingresos bajos (seg\u00fan baremo), familias numerosas o monoparentales, personas que presenten discapacidad reconocida de un 33% o superior y personas que se encuentran en acogimiento familiar. Estos casos supondr\u00e1n un descuento del 50% del importe. Hay tambi\u00e9n previstas otras reducciones del 90% y exenci\u00f3n de pago en diversos supuestos.<\/p>\n<p>En el caso de reducciones, las que est\u00e1n vinculadas a ser familia numerosa y\/o minusval\u00edas no requieren entrega de documentaci\u00f3n porque la comprobaci\u00f3n de datos se har\u00e1 de oficio. Para el resto de deducciones es necesario remitir el documento al mail <a href=\"mailto:escuelamusica@pamplona.es\">escuelamusica@pamplona.es<\/a> a partir de la publicaci\u00f3n de la lista de admisi\u00f3n, hasta el 27 de septiembre. El pago se realizar\u00e1 en el momento de matriculaci\u00f3n, bien <em>on line<\/em> o bien por domiciliaci\u00f3n bancaria.<\/p>\n<p><strong>Una escuela para todas las edades<\/strong><\/p>\n<p>Creada por iniciativa del Ayuntamiento en 1986, la escuela tom\u00f3 su nombre del m\u00fasico pamplon\u00e9s Joaqu\u00edn Maya (1838-1926) que, adem\u00e1s de compositor, fue el primer director del Orfe\u00f3n pamplon\u00e9s y de la Orquesta Sinf\u00f3nica Santa Cecilia, la orquesta m\u00e1s veterana de Espa\u00f1a, y profesor y director de la Academia Municipal de M\u00fasica de Pamplona. Desde agosto de 2009 est\u00e1 ubicada en la calle General Chinchilla, 6, en un edificio del arquitecto Manuel Mart\u00ednez de Ubago de estilo modernista. La escuela cuenta con cabinas de estudio, espacios de audici\u00f3n, aulas insonorizadas, un sal\u00f3n de actos con capacidad para 100 espectadores, biblioteca, sala de espera, dependencias administrativas y conserjer\u00eda, adem\u00e1s de aseos y almacenes.<\/p>\n<p>Esta escuela es el n\u00facleo de la ense\u00f1anza musical no reglada en Pamplona y admite alumnado de todas las edades (de 7 a 90 a\u00f1os). En ella se puede cursar un plan de estudios completo de 9 a\u00f1os de duraci\u00f3n con asignaturas instrumentales y te\u00f3ricas, prepararse para acceder a ense\u00f1anzas las profesionales de m\u00fasica y realizar cursos monogr\u00e1ficos (p\u00fablico adulto). El centro imparte dentro de su plan de estudios ense\u00f1anza musical en 23 instrumentos adem\u00e1s de asignaturas como Lenguaje Musical, Coro y Armon\u00eda.<\/p>\n<h3>Agrupaciones instrumentales y vocales. Escuela de M\u00fasica Joaqu\u00edn Maya<\/h3>\n<ul>\n<li>Plazo de preinscripci\u00f3n: del 2 al 9 de septiembre (on line)<\/li>\n<li>Publicaci\u00f3n de listas de admitidos: 26 de septiembre<\/li>\n<li>Matriculaci\u00f3n: 1 y 2 de octubre (on line)<\/li>\n<\/ul>\n","protected":false},"excerpt":{"rendered":"<p>La escuela de m\u00fasica del Ayuntamiento de Pamplona empezar\u00e1 el curso el 2 de septiembre con casi 900 matr\u00edculas y 31 agrupaciones<\/p>\n","protected":false},"author":1,"featured_media":50624,"comment_status":"open","ping_status":"closed","sticky":false,"template":"","format":"standard","meta":{"footnotes":""},"categories":[2],"tags":[],"class_list":["post-50623","post","type-post","status-publish","format-standard","has-post-thumbnail","hentry","category-ayuntamiento-pamplona"],"yoast_head":"<!-- This site is optimized with the Yoast SEO plugin v27.3 - https:\/\/yoast.com\/product\/yoast-seo-wordpress\/ -->\n<title>Las agrupaciones vocales e instrumentales de Joaqu\u00edn Maya hacen hueco a otros m\u00fasicos de la ciudad: empiezan las preinscripciones para personas no matriculadas<\/title>\n<meta name=\"description\" content=\"La escuela de m\u00fasica del Ayuntamiento de Pamplona empezar\u00e1 el curso el 2 de septiembre con casi 900 matr\u00edculas y 31 agrupaciones\" \/>\n<meta name=\"robots\" content=\"index, follow, max-snippet:-1, max-image-preview:large, max-video-preview:-1\" \/>\n<link rel=\"canonical\" href=\"https:\/\/www.laguiadepamplona.com\/actualidad\/las-agrupaciones-vocales-e-instrumentales-de-joaquin-maya-hacen-hueco-a-otros-musicos-de-la-ciudad-empiezan-las-preinscripciones-para-personas-no-matriculadas\/\" \/>\n<meta property=\"og:locale\" content=\"es_ES\" \/>\n<meta property=\"og:type\" content=\"article\" \/>\n<meta property=\"og:title\" content=\"Las agrupaciones vocales e instrumentales de Joaqu\u00edn Maya hacen hueco a otros m\u00fasicos de la ciudad: empiezan las preinscripciones para personas no matriculadas\" \/>\n<meta property=\"og:description\" content=\"La escuela de m\u00fasica del Ayuntamiento de Pamplona empezar\u00e1 el curso el 2 de septiembre con casi 900 matr\u00edculas y 31 agrupaciones\" \/>\n<meta property=\"og:url\" content=\"https:\/\/www.laguiadepamplona.com\/actualidad\/las-agrupaciones-vocales-e-instrumentales-de-joaquin-maya-hacen-hueco-a-otros-musicos-de-la-ciudad-empiezan-las-preinscripciones-para-personas-no-matriculadas\/\" \/>\n<meta property=\"og:site_name\" content=\"La Gu\u00eda de Pamplona\" \/>\n<meta property=\"article:publisher\" content=\"https:\/\/www.facebook.com\/laguiadepamplonacom-133175176762273\/?ref=hl\" \/>\n<meta property=\"article:published_time\" content=\"2024-08-27T15:06:48+00:00\" \/>\n<meta property=\"og:image\" content=\"https:\/\/www.laguiadepamplona.com\/actualidad\/wp-content\/uploads\/2024\/08\/escuela-de-musica_web.webp\" \/>\n\t<meta property=\"og:image:width\" content=\"1000\" \/>\n\t<meta property=\"og:image:height\" content=\"667\" \/>\n\t<meta property=\"og:image:type\" content=\"image\/webp\" \/>\n<meta name=\"author\" content=\"La Gu\u00eda de Pamplona\" \/>\n<meta name=\"twitter:card\" content=\"summary_large_image\" \/>\n<meta name=\"twitter:creator\" content=\"@LaGuiadPamplona\" \/>\n<meta name=\"twitter:site\" content=\"@LaGuiadPamplona\" \/>\n<meta name=\"twitter:label1\" content=\"Escrito por\" \/>\n\t<meta name=\"twitter:data1\" content=\"La Gu\u00eda de Pamplona\" \/>\n\t<meta name=\"twitter:label2\" content=\"Tiempo de lectura\" \/>\n\t<meta name=\"twitter:data2\" content=\"3 minutos\" \/>\n<script type=\"application\/ld+json\" class=\"yoast-schema-graph\">{\"@context\":\"https:\\\/\\\/schema.org\",\"@graph\":[{\"@type\":\"Article\",\"@id\":\"https:\\\/\\\/www.laguiadepamplona.com\\\/actualidad\\\/las-agrupaciones-vocales-e-instrumentales-de-joaquin-maya-hacen-hueco-a-otros-musicos-de-la-ciudad-empiezan-las-preinscripciones-para-personas-no-matriculadas\\\/#article\",\"isPartOf\":{\"@id\":\"https:\\\/\\\/www.laguiadepamplona.com\\\/actualidad\\\/las-agrupaciones-vocales-e-instrumentales-de-joaquin-maya-hacen-hueco-a-otros-musicos-de-la-ciudad-empiezan-las-preinscripciones-para-personas-no-matriculadas\\\/\"},\"author\":{\"name\":\"La Gu\u00eda de Pamplona\",\"@id\":\"https:\\\/\\\/www.laguiadepamplona.com\\\/actualidad\\\/#\\\/schema\\\/person\\\/efe887376f0213d4657c93adc50b1fdb\"},\"headline\":\"Las agrupaciones vocales e instrumentales de Joaqu\u00edn Maya hacen hueco a otros m\u00fasicos de la ciudad: empiezan las preinscripciones para personas no matriculadas\",\"datePublished\":\"2024-08-27T15:06:48+00:00\",\"mainEntityOfPage\":{\"@id\":\"https:\\\/\\\/www.laguiadepamplona.com\\\/actualidad\\\/las-agrupaciones-vocales-e-instrumentales-de-joaquin-maya-hacen-hueco-a-otros-musicos-de-la-ciudad-empiezan-las-preinscripciones-para-personas-no-matriculadas\\\/\"},\"wordCount\":635,\"commentCount\":0,\"publisher\":{\"@id\":\"https:\\\/\\\/www.laguiadepamplona.com\\\/actualidad\\\/#organization\"},\"image\":{\"@id\":\"https:\\\/\\\/www.laguiadepamplona.com\\\/actualidad\\\/las-agrupaciones-vocales-e-instrumentales-de-joaquin-maya-hacen-hueco-a-otros-musicos-de-la-ciudad-empiezan-las-preinscripciones-para-personas-no-matriculadas\\\/#primaryimage\"},\"thumbnailUrl\":\"https:\\\/\\\/www.laguiadepamplona.com\\\/actualidad\\\/wp-content\\\/uploads\\\/2024\\\/08\\\/escuela-de-musica_web.webp\",\"articleSection\":[\"Ayto Pamplona\"],\"inLanguage\":\"es\",\"potentialAction\":[{\"@type\":\"CommentAction\",\"name\":\"Comment\",\"target\":[\"https:\\\/\\\/www.laguiadepamplona.com\\\/actualidad\\\/las-agrupaciones-vocales-e-instrumentales-de-joaquin-maya-hacen-hueco-a-otros-musicos-de-la-ciudad-empiezan-las-preinscripciones-para-personas-no-matriculadas\\\/#respond\"]}]},{\"@type\":\"WebPage\",\"@id\":\"https:\\\/\\\/www.laguiadepamplona.com\\\/actualidad\\\/las-agrupaciones-vocales-e-instrumentales-de-joaquin-maya-hacen-hueco-a-otros-musicos-de-la-ciudad-empiezan-las-preinscripciones-para-personas-no-matriculadas\\\/\",\"url\":\"https:\\\/\\\/www.laguiadepamplona.com\\\/actualidad\\\/las-agrupaciones-vocales-e-instrumentales-de-joaquin-maya-hacen-hueco-a-otros-musicos-de-la-ciudad-empiezan-las-preinscripciones-para-personas-no-matriculadas\\\/\",\"name\":\"Las agrupaciones vocales e instrumentales de Joaqu\u00edn Maya hacen hueco a otros m\u00fasicos de la ciudad: empiezan las preinscripciones para personas no matriculadas\",\"isPartOf\":{\"@id\":\"https:\\\/\\\/www.laguiadepamplona.com\\\/actualidad\\\/#website\"},\"primaryImageOfPage\":{\"@id\":\"https:\\\/\\\/www.laguiadepamplona.com\\\/actualidad\\\/las-agrupaciones-vocales-e-instrumentales-de-joaquin-maya-hacen-hueco-a-otros-musicos-de-la-ciudad-empiezan-las-preinscripciones-para-personas-no-matriculadas\\\/#primaryimage\"},\"image\":{\"@id\":\"https:\\\/\\\/www.laguiadepamplona.com\\\/actualidad\\\/las-agrupaciones-vocales-e-instrumentales-de-joaquin-maya-hacen-hueco-a-otros-musicos-de-la-ciudad-empiezan-las-preinscripciones-para-personas-no-matriculadas\\\/#primaryimage\"},\"thumbnailUrl\":\"https:\\\/\\\/www.laguiadepamplona.com\\\/actualidad\\\/wp-content\\\/uploads\\\/2024\\\/08\\\/escuela-de-musica_web.webp\",\"datePublished\":\"2024-08-27T15:06:48+00:00\",\"description\":\"La escuela de m\u00fasica del Ayuntamiento de Pamplona empezar\u00e1 el curso el 2 de septiembre con casi 900 matr\u00edculas y 31 agrupaciones\",\"breadcrumb\":{\"@id\":\"https:\\\/\\\/www.laguiadepamplona.com\\\/actualidad\\\/las-agrupaciones-vocales-e-instrumentales-de-joaquin-maya-hacen-hueco-a-otros-musicos-de-la-ciudad-empiezan-las-preinscripciones-para-personas-no-matriculadas\\\/#breadcrumb\"},\"inLanguage\":\"es\",\"potentialAction\":[{\"@type\":\"ReadAction\",\"target\":[\"https:\\\/\\\/www.laguiadepamplona.com\\\/actualidad\\\/las-agrupaciones-vocales-e-instrumentales-de-joaquin-maya-hacen-hueco-a-otros-musicos-de-la-ciudad-empiezan-las-preinscripciones-para-personas-no-matriculadas\\\/\"]}]},{\"@type\":\"ImageObject\",\"inLanguage\":\"es\",\"@id\":\"https:\\\/\\\/www.laguiadepamplona.com\\\/actualidad\\\/las-agrupaciones-vocales-e-instrumentales-de-joaquin-maya-hacen-hueco-a-otros-musicos-de-la-ciudad-empiezan-las-preinscripciones-para-personas-no-matriculadas\\\/#primaryimage\",\"url\":\"https:\\\/\\\/www.laguiadepamplona.com\\\/actualidad\\\/wp-content\\\/uploads\\\/2024\\\/08\\\/escuela-de-musica_web.webp\",\"contentUrl\":\"https:\\\/\\\/www.laguiadepamplona.com\\\/actualidad\\\/wp-content\\\/uploads\\\/2024\\\/08\\\/escuela-de-musica_web.webp\",\"width\":1000,\"height\":667,\"caption\":\"escuela de m\u00fasica\"},{\"@type\":\"BreadcrumbList\",\"@id\":\"https:\\\/\\\/www.laguiadepamplona.com\\\/actualidad\\\/las-agrupaciones-vocales-e-instrumentales-de-joaquin-maya-hacen-hueco-a-otros-musicos-de-la-ciudad-empiezan-las-preinscripciones-para-personas-no-matriculadas\\\/#breadcrumb\",\"itemListElement\":[{\"@type\":\"ListItem\",\"position\":1,\"name\":\"Portada\",\"item\":\"https:\\\/\\\/www.laguiadepamplona.com\\\/actualidad\\\/\"},{\"@type\":\"ListItem\",\"position\":2,\"name\":\"Las agrupaciones vocales e instrumentales de Joaqu\u00edn Maya hacen hueco a otros m\u00fasicos de la ciudad: empiezan las preinscripciones para personas no matriculadas\"}]},{\"@type\":\"WebSite\",\"@id\":\"https:\\\/\\\/www.laguiadepamplona.com\\\/actualidad\\\/#website\",\"url\":\"https:\\\/\\\/www.laguiadepamplona.com\\\/actualidad\\\/\",\"name\":\"La gu\u00eda de Pamplona\",\"description\":\"Noticias de Pamplona\",\"publisher\":{\"@id\":\"https:\\\/\\\/www.laguiadepamplona.com\\\/actualidad\\\/#organization\"},\"potentialAction\":[{\"@type\":\"SearchAction\",\"target\":{\"@type\":\"EntryPoint\",\"urlTemplate\":\"https:\\\/\\\/www.laguiadepamplona.com\\\/actualidad\\\/?s={search_term_string}\"},\"query-input\":{\"@type\":\"PropertyValueSpecification\",\"valueRequired\":true,\"valueName\":\"search_term_string\"}}],\"inLanguage\":\"es\"},{\"@type\":\"Organization\",\"@id\":\"https:\\\/\\\/www.laguiadepamplona.com\\\/actualidad\\\/#organization\",\"name\":\"La Gu\u00eda de Pamplona \\\/ Noticias\",\"url\":\"https:\\\/\\\/www.laguiadepamplona.com\\\/actualidad\\\/\",\"logo\":{\"@type\":\"ImageObject\",\"inLanguage\":\"es\",\"@id\":\"https:\\\/\\\/www.laguiadepamplona.com\\\/actualidad\\\/#\\\/schema\\\/logo\\\/image\\\/\",\"url\":\"https:\\\/\\\/www.laguiadepamplona.com\\\/actualidad\\\/wp-content\\\/uploads\\\/2018\\\/11\\\/logo-laguiadepamplona18-web1.png\",\"contentUrl\":\"https:\\\/\\\/www.laguiadepamplona.com\\\/actualidad\\\/wp-content\\\/uploads\\\/2018\\\/11\\\/logo-laguiadepamplona18-web1.png\",\"width\":600,\"height\":196,\"caption\":\"La Gu\u00eda de Pamplona \\\/ Noticias\"},\"image\":{\"@id\":\"https:\\\/\\\/www.laguiadepamplona.com\\\/actualidad\\\/#\\\/schema\\\/logo\\\/image\\\/\"},\"sameAs\":[\"https:\\\/\\\/www.facebook.com\\\/laguiadepamplonacom-133175176762273\\\/?ref=hl\",\"https:\\\/\\\/x.com\\\/LaGuiadPamplona\",\"https:\\\/\\\/www.instagram.com\\\/la_guia_de_pamplona\\\/\",\"https:\\\/\\\/www.youtube.com\\\/user\\\/laguiadepamplona\"]},{\"@type\":\"Person\",\"@id\":\"https:\\\/\\\/www.laguiadepamplona.com\\\/actualidad\\\/#\\\/schema\\\/person\\\/efe887376f0213d4657c93adc50b1fdb\",\"name\":\"La Gu\u00eda de Pamplona\",\"image\":{\"@type\":\"ImageObject\",\"inLanguage\":\"es\",\"@id\":\"https:\\\/\\\/secure.gravatar.com\\\/avatar\\\/b6992f131dc8d30ab0dff15446e9d346d9dbd95992de0fef795073f5ea83a81c?s=96&d=mm&r=g\",\"url\":\"https:\\\/\\\/secure.gravatar.com\\\/avatar\\\/b6992f131dc8d30ab0dff15446e9d346d9dbd95992de0fef795073f5ea83a81c?s=96&d=mm&r=g\",\"contentUrl\":\"https:\\\/\\\/secure.gravatar.com\\\/avatar\\\/b6992f131dc8d30ab0dff15446e9d346d9dbd95992de0fef795073f5ea83a81c?s=96&d=mm&r=g\",\"caption\":\"La Gu\u00eda de Pamplona\"}}]}<\/script>\n<!-- \/ Yoast SEO plugin. -->","yoast_head_json":{"title":"Las agrupaciones vocales e instrumentales de Joaqu\u00edn Maya hacen hueco a otros m\u00fasicos de la ciudad: empiezan las preinscripciones para personas no matriculadas","description":"La escuela de m\u00fasica del Ayuntamiento de Pamplona empezar\u00e1 el curso el 2 de septiembre con casi 900 matr\u00edculas y 31 agrupaciones","robots":{"index":"index","follow":"follow","max-snippet":"max-snippet:-1","max-image-preview":"max-image-preview:large","max-video-preview":"max-video-preview:-1"},"canonical":"https:\/\/www.laguiadepamplona.com\/actualidad\/las-agrupaciones-vocales-e-instrumentales-de-joaquin-maya-hacen-hueco-a-otros-musicos-de-la-ciudad-empiezan-las-preinscripciones-para-personas-no-matriculadas\/","og_locale":"es_ES","og_type":"article","og_title":"Las agrupaciones vocales e instrumentales de Joaqu\u00edn Maya hacen hueco a otros m\u00fasicos de la ciudad: empiezan las preinscripciones para personas no matriculadas","og_description":"La escuela de m\u00fasica del Ayuntamiento de Pamplona empezar\u00e1 el curso el 2 de septiembre con casi 900 matr\u00edculas y 31 agrupaciones","og_url":"https:\/\/www.laguiadepamplona.com\/actualidad\/las-agrupaciones-vocales-e-instrumentales-de-joaquin-maya-hacen-hueco-a-otros-musicos-de-la-ciudad-empiezan-las-preinscripciones-para-personas-no-matriculadas\/","og_site_name":"La Gu\u00eda de Pamplona","article_publisher":"https:\/\/www.facebook.com\/laguiadepamplonacom-133175176762273\/?ref=hl","article_published_time":"2024-08-27T15:06:48+00:00","og_image":[{"width":1000,"height":667,"url":"https:\/\/www.laguiadepamplona.com\/actualidad\/wp-content\/uploads\/2024\/08\/escuela-de-musica_web.webp","type":"image\/webp"}],"author":"La Gu\u00eda de Pamplona","twitter_card":"summary_large_image","twitter_creator":"@LaGuiadPamplona","twitter_site":"@LaGuiadPamplona","twitter_misc":{"Escrito por":"La Gu\u00eda de Pamplona","Tiempo de lectura":"3 minutos"},"schema":{"@context":"https:\/\/schema.org","@graph":[{"@type":"Article","@id":"https:\/\/www.laguiadepamplona.com\/actualidad\/las-agrupaciones-vocales-e-instrumentales-de-joaquin-maya-hacen-hueco-a-otros-musicos-de-la-ciudad-empiezan-las-preinscripciones-para-personas-no-matriculadas\/#article","isPartOf":{"@id":"https:\/\/www.laguiadepamplona.com\/actualidad\/las-agrupaciones-vocales-e-instrumentales-de-joaquin-maya-hacen-hueco-a-otros-musicos-de-la-ciudad-empiezan-las-preinscripciones-para-personas-no-matriculadas\/"},"author":{"name":"La Gu\u00eda de Pamplona","@id":"https:\/\/www.laguiadepamplona.com\/actualidad\/#\/schema\/person\/efe887376f0213d4657c93adc50b1fdb"},"headline":"Las agrupaciones vocales e instrumentales de Joaqu\u00edn Maya hacen hueco a otros m\u00fasicos de la ciudad: empiezan las preinscripciones para personas no matriculadas","datePublished":"2024-08-27T15:06:48+00:00","mainEntityOfPage":{"@id":"https:\/\/www.laguiadepamplona.com\/actualidad\/las-agrupaciones-vocales-e-instrumentales-de-joaquin-maya-hacen-hueco-a-otros-musicos-de-la-ciudad-empiezan-las-preinscripciones-para-personas-no-matriculadas\/"},"wordCount":635,"commentCount":0,"publisher":{"@id":"https:\/\/www.laguiadepamplona.com\/actualidad\/#organization"},"image":{"@id":"https:\/\/www.laguiadepamplona.com\/actualidad\/las-agrupaciones-vocales-e-instrumentales-de-joaquin-maya-hacen-hueco-a-otros-musicos-de-la-ciudad-empiezan-las-preinscripciones-para-personas-no-matriculadas\/#primaryimage"},"thumbnailUrl":"https:\/\/www.laguiadepamplona.com\/actualidad\/wp-content\/uploads\/2024\/08\/escuela-de-musica_web.webp","articleSection":["Ayto Pamplona"],"inLanguage":"es","potentialAction":[{"@type":"CommentAction","name":"Comment","target":["https:\/\/www.laguiadepamplona.com\/actualidad\/las-agrupaciones-vocales-e-instrumentales-de-joaquin-maya-hacen-hueco-a-otros-musicos-de-la-ciudad-empiezan-las-preinscripciones-para-personas-no-matriculadas\/#respond"]}]},{"@type":"WebPage","@id":"https:\/\/www.laguiadepamplona.com\/actualidad\/las-agrupaciones-vocales-e-instrumentales-de-joaquin-maya-hacen-hueco-a-otros-musicos-de-la-ciudad-empiezan-las-preinscripciones-para-personas-no-matriculadas\/","url":"https:\/\/www.laguiadepamplona.com\/actualidad\/las-agrupaciones-vocales-e-instrumentales-de-joaquin-maya-hacen-hueco-a-otros-musicos-de-la-ciudad-empiezan-las-preinscripciones-para-personas-no-matriculadas\/","name":"Las agrupaciones vocales e instrumentales de Joaqu\u00edn Maya hacen hueco a otros m\u00fasicos de la ciudad: empiezan las preinscripciones para personas no matriculadas","isPartOf":{"@id":"https:\/\/www.laguiadepamplona.com\/actualidad\/#website"},"primaryImageOfPage":{"@id":"https:\/\/www.laguiadepamplona.com\/actualidad\/las-agrupaciones-vocales-e-instrumentales-de-joaquin-maya-hacen-hueco-a-otros-musicos-de-la-ciudad-empiezan-las-preinscripciones-para-personas-no-matriculadas\/#primaryimage"},"image":{"@id":"https:\/\/www.laguiadepamplona.com\/actualidad\/las-agrupaciones-vocales-e-instrumentales-de-joaquin-maya-hacen-hueco-a-otros-musicos-de-la-ciudad-empiezan-las-preinscripciones-para-personas-no-matriculadas\/#primaryimage"},"thumbnailUrl":"https:\/\/www.laguiadepamplona.com\/actualidad\/wp-content\/uploads\/2024\/08\/escuela-de-musica_web.webp","datePublished":"2024-08-27T15:06:48+00:00","description":"La escuela de m\u00fasica del Ayuntamiento de Pamplona empezar\u00e1 el curso el 2 de septiembre con casi 900 matr\u00edculas y 31 agrupaciones","breadcrumb":{"@id":"https:\/\/www.laguiadepamplona.com\/actualidad\/las-agrupaciones-vocales-e-instrumentales-de-joaquin-maya-hacen-hueco-a-otros-musicos-de-la-ciudad-empiezan-las-preinscripciones-para-personas-no-matriculadas\/#breadcrumb"},"inLanguage":"es","potentialAction":[{"@type":"ReadAction","target":["https:\/\/www.laguiadepamplona.com\/actualidad\/las-agrupaciones-vocales-e-instrumentales-de-joaquin-maya-hacen-hueco-a-otros-musicos-de-la-ciudad-empiezan-las-preinscripciones-para-personas-no-matriculadas\/"]}]},{"@type":"ImageObject","inLanguage":"es","@id":"https:\/\/www.laguiadepamplona.com\/actualidad\/las-agrupaciones-vocales-e-instrumentales-de-joaquin-maya-hacen-hueco-a-otros-musicos-de-la-ciudad-empiezan-las-preinscripciones-para-personas-no-matriculadas\/#primaryimage","url":"https:\/\/www.laguiadepamplona.com\/actualidad\/wp-content\/uploads\/2024\/08\/escuela-de-musica_web.webp","contentUrl":"https:\/\/www.laguiadepamplona.com\/actualidad\/wp-content\/uploads\/2024\/08\/escuela-de-musica_web.webp","width":1000,"height":667,"caption":"escuela de m\u00fasica"},{"@type":"BreadcrumbList","@id":"https:\/\/www.laguiadepamplona.com\/actualidad\/las-agrupaciones-vocales-e-instrumentales-de-joaquin-maya-hacen-hueco-a-otros-musicos-de-la-ciudad-empiezan-las-preinscripciones-para-personas-no-matriculadas\/#breadcrumb","itemListElement":[{"@type":"ListItem","position":1,"name":"Portada","item":"https:\/\/www.laguiadepamplona.com\/actualidad\/"},{"@type":"ListItem","position":2,"name":"Las agrupaciones vocales e instrumentales de Joaqu\u00edn Maya hacen hueco a otros m\u00fasicos de la ciudad: empiezan las preinscripciones para personas no matriculadas"}]},{"@type":"WebSite","@id":"https:\/\/www.laguiadepamplona.com\/actualidad\/#website","url":"https:\/\/www.laguiadepamplona.com\/actualidad\/","name":"La gu\u00eda de Pamplona","description":"Noticias de Pamplona","publisher":{"@id":"https:\/\/www.laguiadepamplona.com\/actualidad\/#organization"},"potentialAction":[{"@type":"SearchAction","target":{"@type":"EntryPoint","urlTemplate":"https:\/\/www.laguiadepamplona.com\/actualidad\/?s={search_term_string}"},"query-input":{"@type":"PropertyValueSpecification","valueRequired":true,"valueName":"search_term_string"}}],"inLanguage":"es"},{"@type":"Organization","@id":"https:\/\/www.laguiadepamplona.com\/actualidad\/#organization","name":"La Gu\u00eda de Pamplona \/ Noticias","url":"https:\/\/www.laguiadepamplona.com\/actualidad\/","logo":{"@type":"ImageObject","inLanguage":"es","@id":"https:\/\/www.laguiadepamplona.com\/actualidad\/#\/schema\/logo\/image\/","url":"https:\/\/www.laguiadepamplona.com\/actualidad\/wp-content\/uploads\/2018\/11\/logo-laguiadepamplona18-web1.png","contentUrl":"https:\/\/www.laguiadepamplona.com\/actualidad\/wp-content\/uploads\/2018\/11\/logo-laguiadepamplona18-web1.png","width":600,"height":196,"caption":"La Gu\u00eda de Pamplona \/ Noticias"},"image":{"@id":"https:\/\/www.laguiadepamplona.com\/actualidad\/#\/schema\/logo\/image\/"},"sameAs":["https:\/\/www.facebook.com\/laguiadepamplonacom-133175176762273\/?ref=hl","https:\/\/x.com\/LaGuiadPamplona","https:\/\/www.instagram.com\/la_guia_de_pamplona\/","https:\/\/www.youtube.com\/user\/laguiadepamplona"]},{"@type":"Person","@id":"https:\/\/www.laguiadepamplona.com\/actualidad\/#\/schema\/person\/efe887376f0213d4657c93adc50b1fdb","name":"La Gu\u00eda de Pamplona","image":{"@type":"ImageObject","inLanguage":"es","@id":"https:\/\/secure.gravatar.com\/avatar\/b6992f131dc8d30ab0dff15446e9d346d9dbd95992de0fef795073f5ea83a81c?s=96&d=mm&r=g","url":"https:\/\/secure.gravatar.com\/avatar\/b6992f131dc8d30ab0dff15446e9d346d9dbd95992de0fef795073f5ea83a81c?s=96&d=mm&r=g","contentUrl":"https:\/\/secure.gravatar.com\/avatar\/b6992f131dc8d30ab0dff15446e9d346d9dbd95992de0fef795073f5ea83a81c?s=96&d=mm&r=g","caption":"La Gu\u00eda de Pamplona"}}]}},"post_mailing_queue_ids":[],"_links":{"self":[{"href":"https:\/\/www.laguiadepamplona.com\/actualidad\/wp-json\/wp\/v2\/posts\/50623","targetHints":{"allow":["GET"]}}],"collection":[{"href":"https:\/\/www.laguiadepamplona.com\/actualidad\/wp-json\/wp\/v2\/posts"}],"about":[{"href":"https:\/\/www.laguiadepamplona.com\/actualidad\/wp-json\/wp\/v2\/types\/post"}],"author":[{"embeddable":true,"href":"https:\/\/www.laguiadepamplona.com\/actualidad\/wp-json\/wp\/v2\/users\/1"}],"replies":[{"embeddable":true,"href":"https:\/\/www.laguiadepamplona.com\/actualidad\/wp-json\/wp\/v2\/comments?post=50623"}],"version-history":[{"count":1,"href":"https:\/\/www.laguiadepamplona.com\/actualidad\/wp-json\/wp\/v2\/posts\/50623\/revisions"}],"predecessor-version":[{"id":50625,"href":"https:\/\/www.laguiadepamplona.com\/actualidad\/wp-json\/wp\/v2\/posts\/50623\/revisions\/50625"}],"wp:featuredmedia":[{"embeddable":true,"href":"https:\/\/www.laguiadepamplona.com\/actualidad\/wp-json\/wp\/v2\/media\/50624"}],"wp:attachment":[{"href":"https:\/\/www.laguiadepamplona.com\/actualidad\/wp-json\/wp\/v2\/media?parent=50623"}],"wp:term":[{"taxonomy":"category","embeddable":true,"href":"https:\/\/www.laguiadepamplona.com\/actualidad\/wp-json\/wp\/v2\/categories?post=50623"},{"taxonomy":"post_tag","embeddable":true,"href":"https:\/\/www.laguiadepamplona.com\/actualidad\/wp-json\/wp\/v2\/tags?post=50623"}],"curies":[{"name":"wp","href":"https:\/\/api.w.org\/{rel}","templated":true}]}}