{"id":50620,"date":"2024-08-27T17:04:45","date_gmt":"2024-08-27T15:04:45","guid":{"rendered":"https:\/\/www.laguiadepamplona.com\/actualidad\/?p=50620"},"modified":"2024-08-27T17:04:45","modified_gmt":"2024-08-27T15:04:45","slug":"duguna-y-los-cantaores-pepe-habichuela-y-josemi-carmona-fusionan-dantzas-y-flamenco-este-miercoles-en-la-plaza-consistorial","status":"publish","type":"post","link":"https:\/\/www.laguiadepamplona.com\/actualidad\/duguna-y-los-cantaores-pepe-habichuela-y-josemi-carmona-fusionan-dantzas-y-flamenco-este-miercoles-en-la-plaza-consistorial\/","title":{"rendered":"Duguna y los cantaores Pepe Habichuela y Josemi Carmona fusionan dantzas y flamenco este mi\u00e9rcoles en la Plaza Consistorial"},"content":{"rendered":"<h2>Esta actuaci\u00f3n, que tendr\u00e1 lugar a las 12 horas, abre la secci\u00f3n de balcones y plazas del Flamenco On Fire en Pamplona<\/h2>\n<p><!--more--><\/p>\n<p>La XI edici\u00f3n del festival Flamenco On Fire apuesta este mi\u00e9rcoles por la fusi\u00f3n de la dantza y el flamenco, en una actuaci\u00f3n novedosa coincidiendo con el 75 aniversario del grupo Duguna Iru\u00f1eko Dantzariak \/ Dantzaris de Pamplona. La Plaza Consistorial acoger\u00e1 la actuaci\u00f3n del grupo, al son de los cantaores Pepe Habichuela y Josemi Carmona. Ser\u00e1 la apertura de las actuaciones en balcones y plaza de Pamplona, que se prolongar\u00e1n hasta el domingo 1 de septiembre.<\/p>\n<p>La cita del mi\u00e9rcoles ser\u00e1 a las 12 del mediod\u00eda. En ella, el festival Flamenco On Fire quiere hacer un gui\u00f1o al territorio y a la danza, en esta edici\u00f3n centrada en baile. El flamenco ese d\u00eda correr\u00e1 a cargo de Pepe Habichuela, nieto de Habichuela el Viejo e hijo de Jos\u00e9 Carmona y cuyos hermanos, Juan Habichuela, Carlos y Luis, tambi\u00e9n han seguido la estela familiar. Pepe Habichuela es, un a\u00f1o m\u00e1s, padrino del festival Flamenco On Fire, como hace desde su inauguraci\u00f3n en 2014. En esta ocasi\u00f3n acude con su hijo, Josemi Carmona, que ser\u00e1 el encargado de servir con su guitarra flamenco la m\u00fasica que ejecutar\u00e1 Duguna.<\/p>\n<p>Tras esta actuaci\u00f3n en la plaza, ser\u00e1 el turno de los balcones de la Casa Consistorial, que se abrir\u00e1n al flamenco de jueves a domingo, tambi\u00e9n a las 12 horas. El jueves la voz correr\u00e1 a cargo de Miguel Flores Quir\u00f3s, conocido como Capullo de Jerez, con Ram\u00f3n Trujillo a la guitarra. El viernes, actuar\u00e1 Israel Fern\u00e1ndez, acompa\u00f1ado a la guitarra por Antonio el Relojero. El s\u00e1bado Aurora Vargas mostrar\u00e1 su arte como cantaora desde la fachada de la Casa Consistorial acompa\u00f1ada a la guitarra por Miguel Salado.<\/p>\n<p>El broche final a las actuaciones desde el Ayuntamiento lo pondr\u00e1 Remedios Amaya. La cantaora sevillana de ra\u00edces extreme\u00f1as fue una de las preferidas de Camar\u00f3n de la Isla, con quien trabaj\u00f3 en numerosas ocasiones. Tras un tiempo retirada de los escenarios, en 1997 reaparece con m\u00e1s fuerza de la mano de Vicente Amigo. Sus producciones discogr\u00e1ficas siempre han contado con el respaldo de los mejores productores del flamenco: Isidro Mu\u00f1oz, Vicente Amigo, Ricardo Pach\u00f3n. Amaya actuar\u00e1 junto al guitarrista Diego del Morao.<\/p>\n<p>Al margen de las actuaciones en el Ayuntamiento, el festival Flamenco On Fire ofrecer\u00e1 de esos mismos d\u00edas conciertos en el palacio de Ezpeleta, en la calle Mayor, a las 19.45 horas; y de jueves a domingo desde los balcones del hotel La Perla, a las 12.45 horas.<\/p>\n<p>&nbsp;<\/p>\n<h3>Flamenco On Fire \u2013 Ayuntamiento de Pamplona<\/h3>\n<ul>\n<li><strong>Mi\u00e9rcoles 28 de agosto<\/strong>. A las 12 horas. Plaza Consistorial\n<ul>\n<li>Actuaci\u00f3n de Pepe Habichuela y Josemi Carmona actuar\u00e1n junto con Duguna Iru\u00f1eko Dantzariak \/ Dantzaris de Pamplona<\/li>\n<\/ul>\n<\/li>\n<li><strong>Jueves 29 de agosto.<\/strong> A las 12 horas. Balcones de la Casa Consistorial\n<ul>\n<li>Actuaci\u00f3n de Capullo de Jerez y Ram\u00f3n Trujillo<\/li>\n<\/ul>\n<\/li>\n<li><strong>Viernes 30 de agosto<\/strong>. A las 12 horas. Balcones de la Casa Consistorial\n<ul>\n<li>Actuaci\u00f3n de Israel Fern\u00e1ndez y Antonio el Relojero<\/li>\n<\/ul>\n<\/li>\n<li><strong>S\u00e1bado 31 de agosto.<\/strong> A las 12 horas. Balcones de la Casa Consistorial\n<ul>\n<li>Actuaci\u00f3n de Aurora Vargas y Miguel Salado<\/li>\n<\/ul>\n<\/li>\n<li><strong>Domingo 1 de agosto.<\/strong> A las 12 horas. Balcones de la Casa Consistorial\n<ul>\n<li>Actuaci\u00f3n de Remedios Amaya y Diego del Morao<\/li>\n<\/ul>\n<\/li>\n<\/ul>\n","protected":false},"excerpt":{"rendered":"<p>Esta actuaci\u00f3n, que tendr\u00e1 lugar a las 12 horas, abre la secci\u00f3n de balcones y plazas del Flamenco On Fire en Pamplona<\/p>\n","protected":false},"author":1,"featured_media":50621,"comment_status":"open","ping_status":"closed","sticky":false,"template":"","format":"standard","meta":{"footnotes":""},"categories":[2],"tags":[],"class_list":["post-50620","post","type-post","status-publish","format-standard","has-post-thumbnail","hentry","category-ayuntamiento-pamplona"],"yoast_head":"<!-- This site is optimized with the Yoast SEO plugin v27.3 - https:\/\/yoast.com\/product\/yoast-seo-wordpress\/ -->\n<title>Duguna y los cantaores Pepe Habichuela y Josemi Carmona fusionan dantzas y flamenco este mi\u00e9rcoles en la Plaza Consistorial<\/title>\n<meta name=\"description\" content=\"Esta actuaci\u00f3n, que tendr\u00e1 lugar a las 12 horas, abre la secci\u00f3n de balcones y plazas del Flamenco On Fire en Pamplona\" \/>\n<meta name=\"robots\" content=\"index, follow, max-snippet:-1, max-image-preview:large, max-video-preview:-1\" \/>\n<link rel=\"canonical\" href=\"https:\/\/www.laguiadepamplona.com\/actualidad\/duguna-y-los-cantaores-pepe-habichuela-y-josemi-carmona-fusionan-dantzas-y-flamenco-este-miercoles-en-la-plaza-consistorial\/\" \/>\n<meta property=\"og:locale\" content=\"es_ES\" \/>\n<meta property=\"og:type\" content=\"article\" \/>\n<meta property=\"og:title\" content=\"Duguna y los cantaores Pepe Habichuela y Josemi Carmona fusionan dantzas y flamenco este mi\u00e9rcoles en la Plaza Consistorial\" \/>\n<meta property=\"og:description\" content=\"Esta actuaci\u00f3n, que tendr\u00e1 lugar a las 12 horas, abre la secci\u00f3n de balcones y plazas del Flamenco On Fire en Pamplona\" \/>\n<meta property=\"og:url\" content=\"https:\/\/www.laguiadepamplona.com\/actualidad\/duguna-y-los-cantaores-pepe-habichuela-y-josemi-carmona-fusionan-dantzas-y-flamenco-este-miercoles-en-la-plaza-consistorial\/\" \/>\n<meta property=\"og:site_name\" content=\"La Gu\u00eda de Pamplona\" \/>\n<meta property=\"article:publisher\" content=\"https:\/\/www.facebook.com\/laguiadepamplonacom-133175176762273\/?ref=hl\" \/>\n<meta property=\"article:published_time\" content=\"2024-08-27T15:04:45+00:00\" \/>\n<meta property=\"og:image\" content=\"https:\/\/www.laguiadepamplona.com\/actualidad\/wp-content\/uploads\/2024\/08\/flamenco-onfire_web.webp\" \/>\n\t<meta property=\"og:image:width\" content=\"1000\" \/>\n\t<meta property=\"og:image:height\" content=\"667\" \/>\n\t<meta property=\"og:image:type\" content=\"image\/webp\" \/>\n<meta name=\"author\" content=\"La Gu\u00eda de Pamplona\" \/>\n<meta name=\"twitter:card\" content=\"summary_large_image\" \/>\n<meta name=\"twitter:creator\" content=\"@LaGuiadPamplona\" \/>\n<meta name=\"twitter:site\" content=\"@LaGuiadPamplona\" \/>\n<meta name=\"twitter:label1\" content=\"Escrito por\" \/>\n\t<meta name=\"twitter:data1\" content=\"La Gu\u00eda de Pamplona\" \/>\n\t<meta name=\"twitter:label2\" content=\"Tiempo de lectura\" \/>\n\t<meta name=\"twitter:data2\" content=\"3 minutos\" \/>\n<script type=\"application\/ld+json\" class=\"yoast-schema-graph\">{\"@context\":\"https:\\\/\\\/schema.org\",\"@graph\":[{\"@type\":\"Article\",\"@id\":\"https:\\\/\\\/www.laguiadepamplona.com\\\/actualidad\\\/duguna-y-los-cantaores-pepe-habichuela-y-josemi-carmona-fusionan-dantzas-y-flamenco-este-miercoles-en-la-plaza-consistorial\\\/#article\",\"isPartOf\":{\"@id\":\"https:\\\/\\\/www.laguiadepamplona.com\\\/actualidad\\\/duguna-y-los-cantaores-pepe-habichuela-y-josemi-carmona-fusionan-dantzas-y-flamenco-este-miercoles-en-la-plaza-consistorial\\\/\"},\"author\":{\"name\":\"La Gu\u00eda de Pamplona\",\"@id\":\"https:\\\/\\\/www.laguiadepamplona.com\\\/actualidad\\\/#\\\/schema\\\/person\\\/efe887376f0213d4657c93adc50b1fdb\"},\"headline\":\"Duguna y los cantaores Pepe Habichuela y Josemi Carmona fusionan dantzas y flamenco este mi\u00e9rcoles en la Plaza Consistorial\",\"datePublished\":\"2024-08-27T15:04:45+00:00\",\"mainEntityOfPage\":{\"@id\":\"https:\\\/\\\/www.laguiadepamplona.com\\\/actualidad\\\/duguna-y-los-cantaores-pepe-habichuela-y-josemi-carmona-fusionan-dantzas-y-flamenco-este-miercoles-en-la-plaza-consistorial\\\/\"},\"wordCount\":592,\"commentCount\":0,\"publisher\":{\"@id\":\"https:\\\/\\\/www.laguiadepamplona.com\\\/actualidad\\\/#organization\"},\"image\":{\"@id\":\"https:\\\/\\\/www.laguiadepamplona.com\\\/actualidad\\\/duguna-y-los-cantaores-pepe-habichuela-y-josemi-carmona-fusionan-dantzas-y-flamenco-este-miercoles-en-la-plaza-consistorial\\\/#primaryimage\"},\"thumbnailUrl\":\"https:\\\/\\\/www.laguiadepamplona.com\\\/actualidad\\\/wp-content\\\/uploads\\\/2024\\\/08\\\/flamenco-onfire_web.webp\",\"articleSection\":[\"Ayto Pamplona\"],\"inLanguage\":\"es\",\"potentialAction\":[{\"@type\":\"CommentAction\",\"name\":\"Comment\",\"target\":[\"https:\\\/\\\/www.laguiadepamplona.com\\\/actualidad\\\/duguna-y-los-cantaores-pepe-habichuela-y-josemi-carmona-fusionan-dantzas-y-flamenco-este-miercoles-en-la-plaza-consistorial\\\/#respond\"]}]},{\"@type\":\"WebPage\",\"@id\":\"https:\\\/\\\/www.laguiadepamplona.com\\\/actualidad\\\/duguna-y-los-cantaores-pepe-habichuela-y-josemi-carmona-fusionan-dantzas-y-flamenco-este-miercoles-en-la-plaza-consistorial\\\/\",\"url\":\"https:\\\/\\\/www.laguiadepamplona.com\\\/actualidad\\\/duguna-y-los-cantaores-pepe-habichuela-y-josemi-carmona-fusionan-dantzas-y-flamenco-este-miercoles-en-la-plaza-consistorial\\\/\",\"name\":\"Duguna y los cantaores Pepe Habichuela y Josemi Carmona fusionan dantzas y flamenco este mi\u00e9rcoles en la Plaza Consistorial\",\"isPartOf\":{\"@id\":\"https:\\\/\\\/www.laguiadepamplona.com\\\/actualidad\\\/#website\"},\"primaryImageOfPage\":{\"@id\":\"https:\\\/\\\/www.laguiadepamplona.com\\\/actualidad\\\/duguna-y-los-cantaores-pepe-habichuela-y-josemi-carmona-fusionan-dantzas-y-flamenco-este-miercoles-en-la-plaza-consistorial\\\/#primaryimage\"},\"image\":{\"@id\":\"https:\\\/\\\/www.laguiadepamplona.com\\\/actualidad\\\/duguna-y-los-cantaores-pepe-habichuela-y-josemi-carmona-fusionan-dantzas-y-flamenco-este-miercoles-en-la-plaza-consistorial\\\/#primaryimage\"},\"thumbnailUrl\":\"https:\\\/\\\/www.laguiadepamplona.com\\\/actualidad\\\/wp-content\\\/uploads\\\/2024\\\/08\\\/flamenco-onfire_web.webp\",\"datePublished\":\"2024-08-27T15:04:45+00:00\",\"description\":\"Esta actuaci\u00f3n, que tendr\u00e1 lugar a las 12 horas, abre la secci\u00f3n de balcones y plazas del Flamenco On Fire en Pamplona\",\"breadcrumb\":{\"@id\":\"https:\\\/\\\/www.laguiadepamplona.com\\\/actualidad\\\/duguna-y-los-cantaores-pepe-habichuela-y-josemi-carmona-fusionan-dantzas-y-flamenco-este-miercoles-en-la-plaza-consistorial\\\/#breadcrumb\"},\"inLanguage\":\"es\",\"potentialAction\":[{\"@type\":\"ReadAction\",\"target\":[\"https:\\\/\\\/www.laguiadepamplona.com\\\/actualidad\\\/duguna-y-los-cantaores-pepe-habichuela-y-josemi-carmona-fusionan-dantzas-y-flamenco-este-miercoles-en-la-plaza-consistorial\\\/\"]}]},{\"@type\":\"ImageObject\",\"inLanguage\":\"es\",\"@id\":\"https:\\\/\\\/www.laguiadepamplona.com\\\/actualidad\\\/duguna-y-los-cantaores-pepe-habichuela-y-josemi-carmona-fusionan-dantzas-y-flamenco-este-miercoles-en-la-plaza-consistorial\\\/#primaryimage\",\"url\":\"https:\\\/\\\/www.laguiadepamplona.com\\\/actualidad\\\/wp-content\\\/uploads\\\/2024\\\/08\\\/flamenco-onfire_web.webp\",\"contentUrl\":\"https:\\\/\\\/www.laguiadepamplona.com\\\/actualidad\\\/wp-content\\\/uploads\\\/2024\\\/08\\\/flamenco-onfire_web.webp\",\"width\":1000,\"height\":667,\"caption\":\"flamenco onfire\"},{\"@type\":\"BreadcrumbList\",\"@id\":\"https:\\\/\\\/www.laguiadepamplona.com\\\/actualidad\\\/duguna-y-los-cantaores-pepe-habichuela-y-josemi-carmona-fusionan-dantzas-y-flamenco-este-miercoles-en-la-plaza-consistorial\\\/#breadcrumb\",\"itemListElement\":[{\"@type\":\"ListItem\",\"position\":1,\"name\":\"Portada\",\"item\":\"https:\\\/\\\/www.laguiadepamplona.com\\\/actualidad\\\/\"},{\"@type\":\"ListItem\",\"position\":2,\"name\":\"Duguna y los cantaores Pepe Habichuela y Josemi Carmona fusionan dantzas y flamenco este mi\u00e9rcoles en la Plaza Consistorial\"}]},{\"@type\":\"WebSite\",\"@id\":\"https:\\\/\\\/www.laguiadepamplona.com\\\/actualidad\\\/#website\",\"url\":\"https:\\\/\\\/www.laguiadepamplona.com\\\/actualidad\\\/\",\"name\":\"La gu\u00eda de Pamplona\",\"description\":\"Noticias de Pamplona\",\"publisher\":{\"@id\":\"https:\\\/\\\/www.laguiadepamplona.com\\\/actualidad\\\/#organization\"},\"potentialAction\":[{\"@type\":\"SearchAction\",\"target\":{\"@type\":\"EntryPoint\",\"urlTemplate\":\"https:\\\/\\\/www.laguiadepamplona.com\\\/actualidad\\\/?s={search_term_string}\"},\"query-input\":{\"@type\":\"PropertyValueSpecification\",\"valueRequired\":true,\"valueName\":\"search_term_string\"}}],\"inLanguage\":\"es\"},{\"@type\":\"Organization\",\"@id\":\"https:\\\/\\\/www.laguiadepamplona.com\\\/actualidad\\\/#organization\",\"name\":\"La Gu\u00eda de Pamplona \\\/ Noticias\",\"url\":\"https:\\\/\\\/www.laguiadepamplona.com\\\/actualidad\\\/\",\"logo\":{\"@type\":\"ImageObject\",\"inLanguage\":\"es\",\"@id\":\"https:\\\/\\\/www.laguiadepamplona.com\\\/actualidad\\\/#\\\/schema\\\/logo\\\/image\\\/\",\"url\":\"https:\\\/\\\/www.laguiadepamplona.com\\\/actualidad\\\/wp-content\\\/uploads\\\/2018\\\/11\\\/logo-laguiadepamplona18-web1.png\",\"contentUrl\":\"https:\\\/\\\/www.laguiadepamplona.com\\\/actualidad\\\/wp-content\\\/uploads\\\/2018\\\/11\\\/logo-laguiadepamplona18-web1.png\",\"width\":600,\"height\":196,\"caption\":\"La Gu\u00eda de Pamplona \\\/ Noticias\"},\"image\":{\"@id\":\"https:\\\/\\\/www.laguiadepamplona.com\\\/actualidad\\\/#\\\/schema\\\/logo\\\/image\\\/\"},\"sameAs\":[\"https:\\\/\\\/www.facebook.com\\\/laguiadepamplonacom-133175176762273\\\/?ref=hl\",\"https:\\\/\\\/x.com\\\/LaGuiadPamplona\",\"https:\\\/\\\/www.instagram.com\\\/la_guia_de_pamplona\\\/\",\"https:\\\/\\\/www.youtube.com\\\/user\\\/laguiadepamplona\"]},{\"@type\":\"Person\",\"@id\":\"https:\\\/\\\/www.laguiadepamplona.com\\\/actualidad\\\/#\\\/schema\\\/person\\\/efe887376f0213d4657c93adc50b1fdb\",\"name\":\"La Gu\u00eda de Pamplona\",\"image\":{\"@type\":\"ImageObject\",\"inLanguage\":\"es\",\"@id\":\"https:\\\/\\\/secure.gravatar.com\\\/avatar\\\/b6992f131dc8d30ab0dff15446e9d346d9dbd95992de0fef795073f5ea83a81c?s=96&d=mm&r=g\",\"url\":\"https:\\\/\\\/secure.gravatar.com\\\/avatar\\\/b6992f131dc8d30ab0dff15446e9d346d9dbd95992de0fef795073f5ea83a81c?s=96&d=mm&r=g\",\"contentUrl\":\"https:\\\/\\\/secure.gravatar.com\\\/avatar\\\/b6992f131dc8d30ab0dff15446e9d346d9dbd95992de0fef795073f5ea83a81c?s=96&d=mm&r=g\",\"caption\":\"La Gu\u00eda de Pamplona\"}}]}<\/script>\n<!-- \/ Yoast SEO plugin. -->","yoast_head_json":{"title":"Duguna y los cantaores Pepe Habichuela y Josemi Carmona fusionan dantzas y flamenco este mi\u00e9rcoles en la Plaza Consistorial","description":"Esta actuaci\u00f3n, que tendr\u00e1 lugar a las 12 horas, abre la secci\u00f3n de balcones y plazas del Flamenco On Fire en Pamplona","robots":{"index":"index","follow":"follow","max-snippet":"max-snippet:-1","max-image-preview":"max-image-preview:large","max-video-preview":"max-video-preview:-1"},"canonical":"https:\/\/www.laguiadepamplona.com\/actualidad\/duguna-y-los-cantaores-pepe-habichuela-y-josemi-carmona-fusionan-dantzas-y-flamenco-este-miercoles-en-la-plaza-consistorial\/","og_locale":"es_ES","og_type":"article","og_title":"Duguna y los cantaores Pepe Habichuela y Josemi Carmona fusionan dantzas y flamenco este mi\u00e9rcoles en la Plaza Consistorial","og_description":"Esta actuaci\u00f3n, que tendr\u00e1 lugar a las 12 horas, abre la secci\u00f3n de balcones y plazas del Flamenco On Fire en Pamplona","og_url":"https:\/\/www.laguiadepamplona.com\/actualidad\/duguna-y-los-cantaores-pepe-habichuela-y-josemi-carmona-fusionan-dantzas-y-flamenco-este-miercoles-en-la-plaza-consistorial\/","og_site_name":"La Gu\u00eda de Pamplona","article_publisher":"https:\/\/www.facebook.com\/laguiadepamplonacom-133175176762273\/?ref=hl","article_published_time":"2024-08-27T15:04:45+00:00","og_image":[{"width":1000,"height":667,"url":"https:\/\/www.laguiadepamplona.com\/actualidad\/wp-content\/uploads\/2024\/08\/flamenco-onfire_web.webp","type":"image\/webp"}],"author":"La Gu\u00eda de Pamplona","twitter_card":"summary_large_image","twitter_creator":"@LaGuiadPamplona","twitter_site":"@LaGuiadPamplona","twitter_misc":{"Escrito por":"La Gu\u00eda de Pamplona","Tiempo de lectura":"3 minutos"},"schema":{"@context":"https:\/\/schema.org","@graph":[{"@type":"Article","@id":"https:\/\/www.laguiadepamplona.com\/actualidad\/duguna-y-los-cantaores-pepe-habichuela-y-josemi-carmona-fusionan-dantzas-y-flamenco-este-miercoles-en-la-plaza-consistorial\/#article","isPartOf":{"@id":"https:\/\/www.laguiadepamplona.com\/actualidad\/duguna-y-los-cantaores-pepe-habichuela-y-josemi-carmona-fusionan-dantzas-y-flamenco-este-miercoles-en-la-plaza-consistorial\/"},"author":{"name":"La Gu\u00eda de Pamplona","@id":"https:\/\/www.laguiadepamplona.com\/actualidad\/#\/schema\/person\/efe887376f0213d4657c93adc50b1fdb"},"headline":"Duguna y los cantaores Pepe Habichuela y Josemi Carmona fusionan dantzas y flamenco este mi\u00e9rcoles en la Plaza Consistorial","datePublished":"2024-08-27T15:04:45+00:00","mainEntityOfPage":{"@id":"https:\/\/www.laguiadepamplona.com\/actualidad\/duguna-y-los-cantaores-pepe-habichuela-y-josemi-carmona-fusionan-dantzas-y-flamenco-este-miercoles-en-la-plaza-consistorial\/"},"wordCount":592,"commentCount":0,"publisher":{"@id":"https:\/\/www.laguiadepamplona.com\/actualidad\/#organization"},"image":{"@id":"https:\/\/www.laguiadepamplona.com\/actualidad\/duguna-y-los-cantaores-pepe-habichuela-y-josemi-carmona-fusionan-dantzas-y-flamenco-este-miercoles-en-la-plaza-consistorial\/#primaryimage"},"thumbnailUrl":"https:\/\/www.laguiadepamplona.com\/actualidad\/wp-content\/uploads\/2024\/08\/flamenco-onfire_web.webp","articleSection":["Ayto Pamplona"],"inLanguage":"es","potentialAction":[{"@type":"CommentAction","name":"Comment","target":["https:\/\/www.laguiadepamplona.com\/actualidad\/duguna-y-los-cantaores-pepe-habichuela-y-josemi-carmona-fusionan-dantzas-y-flamenco-este-miercoles-en-la-plaza-consistorial\/#respond"]}]},{"@type":"WebPage","@id":"https:\/\/www.laguiadepamplona.com\/actualidad\/duguna-y-los-cantaores-pepe-habichuela-y-josemi-carmona-fusionan-dantzas-y-flamenco-este-miercoles-en-la-plaza-consistorial\/","url":"https:\/\/www.laguiadepamplona.com\/actualidad\/duguna-y-los-cantaores-pepe-habichuela-y-josemi-carmona-fusionan-dantzas-y-flamenco-este-miercoles-en-la-plaza-consistorial\/","name":"Duguna y los cantaores Pepe Habichuela y Josemi Carmona fusionan dantzas y flamenco este mi\u00e9rcoles en la Plaza Consistorial","isPartOf":{"@id":"https:\/\/www.laguiadepamplona.com\/actualidad\/#website"},"primaryImageOfPage":{"@id":"https:\/\/www.laguiadepamplona.com\/actualidad\/duguna-y-los-cantaores-pepe-habichuela-y-josemi-carmona-fusionan-dantzas-y-flamenco-este-miercoles-en-la-plaza-consistorial\/#primaryimage"},"image":{"@id":"https:\/\/www.laguiadepamplona.com\/actualidad\/duguna-y-los-cantaores-pepe-habichuela-y-josemi-carmona-fusionan-dantzas-y-flamenco-este-miercoles-en-la-plaza-consistorial\/#primaryimage"},"thumbnailUrl":"https:\/\/www.laguiadepamplona.com\/actualidad\/wp-content\/uploads\/2024\/08\/flamenco-onfire_web.webp","datePublished":"2024-08-27T15:04:45+00:00","description":"Esta actuaci\u00f3n, que tendr\u00e1 lugar a las 12 horas, abre la secci\u00f3n de balcones y plazas del Flamenco On Fire en Pamplona","breadcrumb":{"@id":"https:\/\/www.laguiadepamplona.com\/actualidad\/duguna-y-los-cantaores-pepe-habichuela-y-josemi-carmona-fusionan-dantzas-y-flamenco-este-miercoles-en-la-plaza-consistorial\/#breadcrumb"},"inLanguage":"es","potentialAction":[{"@type":"ReadAction","target":["https:\/\/www.laguiadepamplona.com\/actualidad\/duguna-y-los-cantaores-pepe-habichuela-y-josemi-carmona-fusionan-dantzas-y-flamenco-este-miercoles-en-la-plaza-consistorial\/"]}]},{"@type":"ImageObject","inLanguage":"es","@id":"https:\/\/www.laguiadepamplona.com\/actualidad\/duguna-y-los-cantaores-pepe-habichuela-y-josemi-carmona-fusionan-dantzas-y-flamenco-este-miercoles-en-la-plaza-consistorial\/#primaryimage","url":"https:\/\/www.laguiadepamplona.com\/actualidad\/wp-content\/uploads\/2024\/08\/flamenco-onfire_web.webp","contentUrl":"https:\/\/www.laguiadepamplona.com\/actualidad\/wp-content\/uploads\/2024\/08\/flamenco-onfire_web.webp","width":1000,"height":667,"caption":"flamenco onfire"},{"@type":"BreadcrumbList","@id":"https:\/\/www.laguiadepamplona.com\/actualidad\/duguna-y-los-cantaores-pepe-habichuela-y-josemi-carmona-fusionan-dantzas-y-flamenco-este-miercoles-en-la-plaza-consistorial\/#breadcrumb","itemListElement":[{"@type":"ListItem","position":1,"name":"Portada","item":"https:\/\/www.laguiadepamplona.com\/actualidad\/"},{"@type":"ListItem","position":2,"name":"Duguna y los cantaores Pepe Habichuela y Josemi Carmona fusionan dantzas y flamenco este mi\u00e9rcoles en la Plaza Consistorial"}]},{"@type":"WebSite","@id":"https:\/\/www.laguiadepamplona.com\/actualidad\/#website","url":"https:\/\/www.laguiadepamplona.com\/actualidad\/","name":"La gu\u00eda de Pamplona","description":"Noticias de Pamplona","publisher":{"@id":"https:\/\/www.laguiadepamplona.com\/actualidad\/#organization"},"potentialAction":[{"@type":"SearchAction","target":{"@type":"EntryPoint","urlTemplate":"https:\/\/www.laguiadepamplona.com\/actualidad\/?s={search_term_string}"},"query-input":{"@type":"PropertyValueSpecification","valueRequired":true,"valueName":"search_term_string"}}],"inLanguage":"es"},{"@type":"Organization","@id":"https:\/\/www.laguiadepamplona.com\/actualidad\/#organization","name":"La Gu\u00eda de Pamplona \/ Noticias","url":"https:\/\/www.laguiadepamplona.com\/actualidad\/","logo":{"@type":"ImageObject","inLanguage":"es","@id":"https:\/\/www.laguiadepamplona.com\/actualidad\/#\/schema\/logo\/image\/","url":"https:\/\/www.laguiadepamplona.com\/actualidad\/wp-content\/uploads\/2018\/11\/logo-laguiadepamplona18-web1.png","contentUrl":"https:\/\/www.laguiadepamplona.com\/actualidad\/wp-content\/uploads\/2018\/11\/logo-laguiadepamplona18-web1.png","width":600,"height":196,"caption":"La Gu\u00eda de Pamplona \/ Noticias"},"image":{"@id":"https:\/\/www.laguiadepamplona.com\/actualidad\/#\/schema\/logo\/image\/"},"sameAs":["https:\/\/www.facebook.com\/laguiadepamplonacom-133175176762273\/?ref=hl","https:\/\/x.com\/LaGuiadPamplona","https:\/\/www.instagram.com\/la_guia_de_pamplona\/","https:\/\/www.youtube.com\/user\/laguiadepamplona"]},{"@type":"Person","@id":"https:\/\/www.laguiadepamplona.com\/actualidad\/#\/schema\/person\/efe887376f0213d4657c93adc50b1fdb","name":"La Gu\u00eda de Pamplona","image":{"@type":"ImageObject","inLanguage":"es","@id":"https:\/\/secure.gravatar.com\/avatar\/b6992f131dc8d30ab0dff15446e9d346d9dbd95992de0fef795073f5ea83a81c?s=96&d=mm&r=g","url":"https:\/\/secure.gravatar.com\/avatar\/b6992f131dc8d30ab0dff15446e9d346d9dbd95992de0fef795073f5ea83a81c?s=96&d=mm&r=g","contentUrl":"https:\/\/secure.gravatar.com\/avatar\/b6992f131dc8d30ab0dff15446e9d346d9dbd95992de0fef795073f5ea83a81c?s=96&d=mm&r=g","caption":"La Gu\u00eda de Pamplona"}}]}},"post_mailing_queue_ids":[],"_links":{"self":[{"href":"https:\/\/www.laguiadepamplona.com\/actualidad\/wp-json\/wp\/v2\/posts\/50620","targetHints":{"allow":["GET"]}}],"collection":[{"href":"https:\/\/www.laguiadepamplona.com\/actualidad\/wp-json\/wp\/v2\/posts"}],"about":[{"href":"https:\/\/www.laguiadepamplona.com\/actualidad\/wp-json\/wp\/v2\/types\/post"}],"author":[{"embeddable":true,"href":"https:\/\/www.laguiadepamplona.com\/actualidad\/wp-json\/wp\/v2\/users\/1"}],"replies":[{"embeddable":true,"href":"https:\/\/www.laguiadepamplona.com\/actualidad\/wp-json\/wp\/v2\/comments?post=50620"}],"version-history":[{"count":1,"href":"https:\/\/www.laguiadepamplona.com\/actualidad\/wp-json\/wp\/v2\/posts\/50620\/revisions"}],"predecessor-version":[{"id":50622,"href":"https:\/\/www.laguiadepamplona.com\/actualidad\/wp-json\/wp\/v2\/posts\/50620\/revisions\/50622"}],"wp:featuredmedia":[{"embeddable":true,"href":"https:\/\/www.laguiadepamplona.com\/actualidad\/wp-json\/wp\/v2\/media\/50621"}],"wp:attachment":[{"href":"https:\/\/www.laguiadepamplona.com\/actualidad\/wp-json\/wp\/v2\/media?parent=50620"}],"wp:term":[{"taxonomy":"category","embeddable":true,"href":"https:\/\/www.laguiadepamplona.com\/actualidad\/wp-json\/wp\/v2\/categories?post=50620"},{"taxonomy":"post_tag","embeddable":true,"href":"https:\/\/www.laguiadepamplona.com\/actualidad\/wp-json\/wp\/v2\/tags?post=50620"}],"curies":[{"name":"wp","href":"https:\/\/api.w.org\/{rel}","templated":true}]}}