{"id":50612,"date":"2024-08-26T18:00:40","date_gmt":"2024-08-26T16:00:40","guid":{"rendered":"https:\/\/www.laguiadepamplona.com\/actualidad\/?p=50612"},"modified":"2024-08-26T18:00:40","modified_gmt":"2024-08-26T16:00:40","slug":"comienza-la-ultima-semana-de-cada-dia-un-plan-en-la-casa-de-la-juventud-un-programa-que-cierra-el-verano-con-canto-baile-y-manualidades","status":"publish","type":"post","link":"https:\/\/www.laguiadepamplona.com\/actualidad\/comienza-la-ultima-semana-de-cada-dia-un-plan-en-la-casa-de-la-juventud-un-programa-que-cierra-el-verano-con-canto-baile-y-manualidades\/","title":{"rendered":"Comienza la \u00faltima semana de \u2018Cada d\u00eda un plan\u2019 en la Casa de la Juventud, un programa que cierra el verano con canto, baile y manualidades"},"content":{"rendered":"<h2>La participaci\u00f3n este a\u00f1o ha llegado a las 526 plazas ocupadas en las 27 sesiones contabilizadas, a una media 20 personas asistentes por actividad<\/h2>\n<p><!--more--><\/p>\n<p>Comienza la \u00faltima semana de \u2018Cada d\u00eda un plan\u2019, el programa de actividades gratuitas para las tardes del verano de la Casa de la Juventud. Las cinco \u00faltimas actividades del programa ser\u00e1n dos sesiones de baile (sevillanas y dantzas), otras dos de manualidades (mandalas de madera y objetos de macram\u00e9) y una de canto moderno. Dos de las cinco sesiones se desarrollar\u00e1n en euskera.<\/p>\n<p>Entre el 15 de julio y el 30 de agosto se habr\u00e1n completado 32 actividades diferentes en una edici\u00f3n avalada por los datos de participaci\u00f3n. Este a\u00f1o, a falta de cinco sesiones para dar por acabada la programaci\u00f3n, se han completado 526 plazas, frente a las 361 plazas que cubri\u00f3 el programa en todo el a\u00f1o anterior. Eso supone que, de media, a cada una de las sesiones contabilizadas (27) han asistido 20 personas. El programa estival \u2018Cada d\u00eda un plan\u2019 celebra este a\u00f1o su octava edici\u00f3n.<\/p>\n<p>La apuesta es ofrecer cada tarde del verano a j\u00f3venes de 12 y 30 a\u00f1os una actividad de ocio y de desarrollo personal en la que poder participar de forma gratuita, inclusiva y sin necesidad de inscripci\u00f3n previa. Las actividades programadas son muy concretas y variadas para abarcar el mayor n\u00famero posible de intereses y de gustos. El programa pretende ofrecer una oferta de ocio inclusivo, a coste cero, a la juventud de Pamplona durante el verano; difundir las actividades y servicios de la Casa de la Juventud entre las personas j\u00f3venes; y atraer al sector m\u00e1s joven de la ciudad a los recursos municipales.<\/p>\n<p>Esta tarde, en horario de 19 a 20.30 horas, la propuesta es \u2018Sevillanas\u2019 con Nerea Bonito, actriz y profesora de baile en la Casa de la Juventud. Ser\u00e1 la forma de aproximarse a una coreograf\u00eda que consta de tres partes, que a su vez se subdividen en 4 movimientos: pase\u00edllos, pasadas, careos y remate.<\/p>\n<p><strong>Martes y mi\u00e9rcoles: dantzas y mandalas<\/strong><\/p>\n<p>Josune Castellot, bailarina con una amplia experiencia en diversas disciplinas de danza se encargar\u00e1 de impartir, el martes 27 de agosto, danzas tradicionales en la sesi\u00f3n \u2018Dantzak\u2019. Ser\u00e1 una clase en euskera de una manifestaci\u00f3n de la cultura navarra y su folklore y parte de su patrimonio inmaterial. La sesi\u00f3n ayudar\u00e1 a quienes participen a unirse a los bailes en las fiestas populares con danzas b\u00e1sicas como Zazpi jauzi, zortziko, polka, etc.<\/p>\n<p>El mi\u00e9rcoles la propuesta es hacer mandalas en madera, de la mano de Garazi Valluerca, graduada en Arte por la Universidad del Pa\u00eds Vasco, La idea es aprender a hacer mandalas en ese material utilizando diferentes t\u00e9cnicas de pintura. Adem\u00e1s, explorar\u00e1n las diferentes maneras de incorporar este tipo de creaciones a la decoraci\u00f3n del hogar. Los mandalas, palabra que en s\u00e1nscrito que traduce \u201cc\u00edrculo\u201d), son cierto tipo de diagramas simb\u00f3licos, comunes en el hinduismo y el budismo, que representan el macrocosmos y el microcosmos a trav\u00e9s de un conjunto de c\u00edrculos conc\u00e9ntricos y patrones recurrentes. Son, adem\u00e1s, un buen ejercicio de creatividad y de concentraci\u00f3n.<\/p>\n<p><strong>Canto y macram\u00e9 para el final de la semana<\/strong><\/p>\n<p>El jueves 29 de agosto, Nuria Morales, profesora de canto, impartir\u00e1 el taller de \u2018Canto Moderno\u2019, dirigido a principiantes. Con la ayuda de la profesional se trabajar\u00e1n aspectos b\u00e1sicos de la t\u00e9cnica vocal y de la expresividad en la interpretaci\u00f3n, explorando las capacidades de la voz como instrumento y analizando los factores a tener en cuenta a la hora de utilizarla.<\/p>\n<p>Para finalizar agosto, en la que ser\u00e1 la \u00faltima actividad de \u2018Cada d\u00eda un plan 2024`\u2019 el viernes 30 de agosto llegar\u00e1 de nuevo una propuesta de manualidades de Garazi Valluerca. Ser\u00e1 el taller de \u2018Objetos decorativos con macram\u00e9\u2019 y de nuevo la sesi\u00f3n ser\u00e1 en euskera. El macram\u00e9 es una t\u00e9cnica que genera objetos, tanto decorativos, como funcionales, mediante el tejido de cuerdas a trav\u00e9s de nudos decorativos. Seg\u00fan la dificultad de los nudos se obtienen formas y acabados distintas.<\/p>\n<h3><strong>Cada d\u00eda un plan. semana del 26 al 30 de agosto<\/strong><\/h3>\n<p><strong>Lunes 26 de agosto<\/strong><\/p>\n<ul>\n<li>Sevillanas<\/li>\n<li>Imparte: Nerea Bonito, actriz y profesora de baile en la Casa de la Juventud<\/li>\n<\/ul>\n<p><strong>Martes 27 de agosto<\/strong><\/p>\n<ul>\n<li>Dantzak<\/li>\n<li>Imparte: Josune Castellot, bailarina con una amplia experiencia<\/li>\n<\/ul>\n<p><strong>Mi\u00e9rcoles 28 de agosto<\/strong><\/p>\n<ul>\n<li>Mandalas de madera<\/li>\n<li>Imparte: Garazi Valluerca, graduada en Arte por la Universidad del Pa\u00eds Vasco<\/li>\n<\/ul>\n<p><strong>Jueves 29 de agosto<\/strong><\/p>\n<ul>\n<li>Canto moderno<\/li>\n<li>Imparte: Nuria Morales, profesora de canto<\/li>\n<\/ul>\n<p><strong>Viernes 30 de agosto<\/strong><\/p>\n<ul>\n<li>Objetos decorativos con macram\u00e9<\/li>\n<li>Imparte: Garazi Valluerca, graduada en Arte por la Universidad del Pa\u00eds Vasco<\/li>\n<\/ul>\n","protected":false},"excerpt":{"rendered":"<p>La participaci\u00f3n este a\u00f1o ha llegado a las 526 plazas ocupadas en las 27 sesiones contabilizadas, a una media 20 personas asistentes por actividad<\/p>\n","protected":false},"author":1,"featured_media":50370,"comment_status":"open","ping_status":"closed","sticky":false,"template":"","format":"standard","meta":{"footnotes":""},"categories":[2],"tags":[],"class_list":["post-50612","post","type-post","status-publish","format-standard","has-post-thumbnail","hentry","category-ayuntamiento-pamplona"],"yoast_head":"<!-- This site is optimized with the Yoast SEO plugin v27.3 - https:\/\/yoast.com\/product\/yoast-seo-wordpress\/ -->\n<title>Comienza la \u00faltima semana de \u2018Cada d\u00eda un plan\u2019 en la Casa de la Juventud, un programa que cierra el verano con canto, baile y manualidades<\/title>\n<meta name=\"description\" content=\"La participaci\u00f3n este a\u00f1o ha llegado a las 526 plazas ocupadas en las 27 sesiones contabilizadas, a una media 20 personas asistentes por actividad\" \/>\n<meta name=\"robots\" content=\"index, follow, max-snippet:-1, max-image-preview:large, max-video-preview:-1\" \/>\n<link rel=\"canonical\" href=\"https:\/\/www.laguiadepamplona.com\/actualidad\/comienza-la-ultima-semana-de-cada-dia-un-plan-en-la-casa-de-la-juventud-un-programa-que-cierra-el-verano-con-canto-baile-y-manualidades\/\" \/>\n<meta property=\"og:locale\" content=\"es_ES\" \/>\n<meta property=\"og:type\" content=\"article\" \/>\n<meta property=\"og:title\" content=\"Comienza la \u00faltima semana de \u2018Cada d\u00eda un plan\u2019 en la Casa de la Juventud, un programa que cierra el verano con canto, baile y manualidades\" \/>\n<meta property=\"og:description\" content=\"La participaci\u00f3n este a\u00f1o ha llegado a las 526 plazas ocupadas en las 27 sesiones contabilizadas, a una media 20 personas asistentes por actividad\" \/>\n<meta property=\"og:url\" content=\"https:\/\/www.laguiadepamplona.com\/actualidad\/comienza-la-ultima-semana-de-cada-dia-un-plan-en-la-casa-de-la-juventud-un-programa-que-cierra-el-verano-con-canto-baile-y-manualidades\/\" \/>\n<meta property=\"og:site_name\" content=\"La Gu\u00eda de Pamplona\" \/>\n<meta property=\"article:publisher\" content=\"https:\/\/www.facebook.com\/laguiadepamplonacom-133175176762273\/?ref=hl\" \/>\n<meta property=\"article:published_time\" content=\"2024-08-26T16:00:40+00:00\" \/>\n<meta property=\"og:image\" content=\"https:\/\/www.laguiadepamplona.com\/actualidad\/wp-content\/uploads\/2024\/07\/cada-dia-un-plan-Casa-Juventud_web.webp\" \/>\n\t<meta property=\"og:image:width\" content=\"1000\" \/>\n\t<meta property=\"og:image:height\" content=\"667\" \/>\n\t<meta property=\"og:image:type\" content=\"image\/webp\" \/>\n<meta name=\"author\" content=\"La Gu\u00eda de Pamplona\" \/>\n<meta name=\"twitter:card\" content=\"summary_large_image\" \/>\n<meta name=\"twitter:creator\" content=\"@LaGuiadPamplona\" \/>\n<meta name=\"twitter:site\" content=\"@LaGuiadPamplona\" \/>\n<meta name=\"twitter:label1\" content=\"Escrito por\" \/>\n\t<meta name=\"twitter:data1\" content=\"La Gu\u00eda de Pamplona\" \/>\n\t<meta name=\"twitter:label2\" content=\"Tiempo de lectura\" \/>\n\t<meta name=\"twitter:data2\" content=\"4 minutos\" \/>\n<script type=\"application\/ld+json\" class=\"yoast-schema-graph\">{\"@context\":\"https:\\\/\\\/schema.org\",\"@graph\":[{\"@type\":\"Article\",\"@id\":\"https:\\\/\\\/www.laguiadepamplona.com\\\/actualidad\\\/comienza-la-ultima-semana-de-cada-dia-un-plan-en-la-casa-de-la-juventud-un-programa-que-cierra-el-verano-con-canto-baile-y-manualidades\\\/#article\",\"isPartOf\":{\"@id\":\"https:\\\/\\\/www.laguiadepamplona.com\\\/actualidad\\\/comienza-la-ultima-semana-de-cada-dia-un-plan-en-la-casa-de-la-juventud-un-programa-que-cierra-el-verano-con-canto-baile-y-manualidades\\\/\"},\"author\":{\"name\":\"La Gu\u00eda de Pamplona\",\"@id\":\"https:\\\/\\\/www.laguiadepamplona.com\\\/actualidad\\\/#\\\/schema\\\/person\\\/efe887376f0213d4657c93adc50b1fdb\"},\"headline\":\"Comienza la \u00faltima semana de \u2018Cada d\u00eda un plan\u2019 en la Casa de la Juventud, un programa que cierra el verano con canto, baile y manualidades\",\"datePublished\":\"2024-08-26T16:00:40+00:00\",\"mainEntityOfPage\":{\"@id\":\"https:\\\/\\\/www.laguiadepamplona.com\\\/actualidad\\\/comienza-la-ultima-semana-de-cada-dia-un-plan-en-la-casa-de-la-juventud-un-programa-que-cierra-el-verano-con-canto-baile-y-manualidades\\\/\"},\"wordCount\":817,\"commentCount\":0,\"publisher\":{\"@id\":\"https:\\\/\\\/www.laguiadepamplona.com\\\/actualidad\\\/#organization\"},\"image\":{\"@id\":\"https:\\\/\\\/www.laguiadepamplona.com\\\/actualidad\\\/comienza-la-ultima-semana-de-cada-dia-un-plan-en-la-casa-de-la-juventud-un-programa-que-cierra-el-verano-con-canto-baile-y-manualidades\\\/#primaryimage\"},\"thumbnailUrl\":\"https:\\\/\\\/www.laguiadepamplona.com\\\/actualidad\\\/wp-content\\\/uploads\\\/2024\\\/07\\\/cada-dia-un-plan-Casa-Juventud_web.webp\",\"articleSection\":[\"Ayto Pamplona\"],\"inLanguage\":\"es\",\"potentialAction\":[{\"@type\":\"CommentAction\",\"name\":\"Comment\",\"target\":[\"https:\\\/\\\/www.laguiadepamplona.com\\\/actualidad\\\/comienza-la-ultima-semana-de-cada-dia-un-plan-en-la-casa-de-la-juventud-un-programa-que-cierra-el-verano-con-canto-baile-y-manualidades\\\/#respond\"]}]},{\"@type\":\"WebPage\",\"@id\":\"https:\\\/\\\/www.laguiadepamplona.com\\\/actualidad\\\/comienza-la-ultima-semana-de-cada-dia-un-plan-en-la-casa-de-la-juventud-un-programa-que-cierra-el-verano-con-canto-baile-y-manualidades\\\/\",\"url\":\"https:\\\/\\\/www.laguiadepamplona.com\\\/actualidad\\\/comienza-la-ultima-semana-de-cada-dia-un-plan-en-la-casa-de-la-juventud-un-programa-que-cierra-el-verano-con-canto-baile-y-manualidades\\\/\",\"name\":\"Comienza la \u00faltima semana de \u2018Cada d\u00eda un plan\u2019 en la Casa de la Juventud, un programa que cierra el verano con canto, baile y manualidades\",\"isPartOf\":{\"@id\":\"https:\\\/\\\/www.laguiadepamplona.com\\\/actualidad\\\/#website\"},\"primaryImageOfPage\":{\"@id\":\"https:\\\/\\\/www.laguiadepamplona.com\\\/actualidad\\\/comienza-la-ultima-semana-de-cada-dia-un-plan-en-la-casa-de-la-juventud-un-programa-que-cierra-el-verano-con-canto-baile-y-manualidades\\\/#primaryimage\"},\"image\":{\"@id\":\"https:\\\/\\\/www.laguiadepamplona.com\\\/actualidad\\\/comienza-la-ultima-semana-de-cada-dia-un-plan-en-la-casa-de-la-juventud-un-programa-que-cierra-el-verano-con-canto-baile-y-manualidades\\\/#primaryimage\"},\"thumbnailUrl\":\"https:\\\/\\\/www.laguiadepamplona.com\\\/actualidad\\\/wp-content\\\/uploads\\\/2024\\\/07\\\/cada-dia-un-plan-Casa-Juventud_web.webp\",\"datePublished\":\"2024-08-26T16:00:40+00:00\",\"description\":\"La participaci\u00f3n este a\u00f1o ha llegado a las 526 plazas ocupadas en las 27 sesiones contabilizadas, a una media 20 personas asistentes por actividad\",\"breadcrumb\":{\"@id\":\"https:\\\/\\\/www.laguiadepamplona.com\\\/actualidad\\\/comienza-la-ultima-semana-de-cada-dia-un-plan-en-la-casa-de-la-juventud-un-programa-que-cierra-el-verano-con-canto-baile-y-manualidades\\\/#breadcrumb\"},\"inLanguage\":\"es\",\"potentialAction\":[{\"@type\":\"ReadAction\",\"target\":[\"https:\\\/\\\/www.laguiadepamplona.com\\\/actualidad\\\/comienza-la-ultima-semana-de-cada-dia-un-plan-en-la-casa-de-la-juventud-un-programa-que-cierra-el-verano-con-canto-baile-y-manualidades\\\/\"]}]},{\"@type\":\"ImageObject\",\"inLanguage\":\"es\",\"@id\":\"https:\\\/\\\/www.laguiadepamplona.com\\\/actualidad\\\/comienza-la-ultima-semana-de-cada-dia-un-plan-en-la-casa-de-la-juventud-un-programa-que-cierra-el-verano-con-canto-baile-y-manualidades\\\/#primaryimage\",\"url\":\"https:\\\/\\\/www.laguiadepamplona.com\\\/actualidad\\\/wp-content\\\/uploads\\\/2024\\\/07\\\/cada-dia-un-plan-Casa-Juventud_web.webp\",\"contentUrl\":\"https:\\\/\\\/www.laguiadepamplona.com\\\/actualidad\\\/wp-content\\\/uploads\\\/2024\\\/07\\\/cada-dia-un-plan-Casa-Juventud_web.webp\",\"width\":1000,\"height\":667,\"caption\":\"casa juventud bailes\"},{\"@type\":\"BreadcrumbList\",\"@id\":\"https:\\\/\\\/www.laguiadepamplona.com\\\/actualidad\\\/comienza-la-ultima-semana-de-cada-dia-un-plan-en-la-casa-de-la-juventud-un-programa-que-cierra-el-verano-con-canto-baile-y-manualidades\\\/#breadcrumb\",\"itemListElement\":[{\"@type\":\"ListItem\",\"position\":1,\"name\":\"Portada\",\"item\":\"https:\\\/\\\/www.laguiadepamplona.com\\\/actualidad\\\/\"},{\"@type\":\"ListItem\",\"position\":2,\"name\":\"Comienza la \u00faltima semana de \u2018Cada d\u00eda un plan\u2019 en la Casa de la Juventud, un programa que cierra el verano con canto, baile y manualidades\"}]},{\"@type\":\"WebSite\",\"@id\":\"https:\\\/\\\/www.laguiadepamplona.com\\\/actualidad\\\/#website\",\"url\":\"https:\\\/\\\/www.laguiadepamplona.com\\\/actualidad\\\/\",\"name\":\"La gu\u00eda de Pamplona\",\"description\":\"Noticias de Pamplona\",\"publisher\":{\"@id\":\"https:\\\/\\\/www.laguiadepamplona.com\\\/actualidad\\\/#organization\"},\"potentialAction\":[{\"@type\":\"SearchAction\",\"target\":{\"@type\":\"EntryPoint\",\"urlTemplate\":\"https:\\\/\\\/www.laguiadepamplona.com\\\/actualidad\\\/?s={search_term_string}\"},\"query-input\":{\"@type\":\"PropertyValueSpecification\",\"valueRequired\":true,\"valueName\":\"search_term_string\"}}],\"inLanguage\":\"es\"},{\"@type\":\"Organization\",\"@id\":\"https:\\\/\\\/www.laguiadepamplona.com\\\/actualidad\\\/#organization\",\"name\":\"La Gu\u00eda de Pamplona \\\/ Noticias\",\"url\":\"https:\\\/\\\/www.laguiadepamplona.com\\\/actualidad\\\/\",\"logo\":{\"@type\":\"ImageObject\",\"inLanguage\":\"es\",\"@id\":\"https:\\\/\\\/www.laguiadepamplona.com\\\/actualidad\\\/#\\\/schema\\\/logo\\\/image\\\/\",\"url\":\"https:\\\/\\\/www.laguiadepamplona.com\\\/actualidad\\\/wp-content\\\/uploads\\\/2018\\\/11\\\/logo-laguiadepamplona18-web1.png\",\"contentUrl\":\"https:\\\/\\\/www.laguiadepamplona.com\\\/actualidad\\\/wp-content\\\/uploads\\\/2018\\\/11\\\/logo-laguiadepamplona18-web1.png\",\"width\":600,\"height\":196,\"caption\":\"La Gu\u00eda de Pamplona \\\/ Noticias\"},\"image\":{\"@id\":\"https:\\\/\\\/www.laguiadepamplona.com\\\/actualidad\\\/#\\\/schema\\\/logo\\\/image\\\/\"},\"sameAs\":[\"https:\\\/\\\/www.facebook.com\\\/laguiadepamplonacom-133175176762273\\\/?ref=hl\",\"https:\\\/\\\/x.com\\\/LaGuiadPamplona\",\"https:\\\/\\\/www.instagram.com\\\/la_guia_de_pamplona\\\/\",\"https:\\\/\\\/www.youtube.com\\\/user\\\/laguiadepamplona\"]},{\"@type\":\"Person\",\"@id\":\"https:\\\/\\\/www.laguiadepamplona.com\\\/actualidad\\\/#\\\/schema\\\/person\\\/efe887376f0213d4657c93adc50b1fdb\",\"name\":\"La Gu\u00eda de Pamplona\",\"image\":{\"@type\":\"ImageObject\",\"inLanguage\":\"es\",\"@id\":\"https:\\\/\\\/secure.gravatar.com\\\/avatar\\\/b6992f131dc8d30ab0dff15446e9d346d9dbd95992de0fef795073f5ea83a81c?s=96&d=mm&r=g\",\"url\":\"https:\\\/\\\/secure.gravatar.com\\\/avatar\\\/b6992f131dc8d30ab0dff15446e9d346d9dbd95992de0fef795073f5ea83a81c?s=96&d=mm&r=g\",\"contentUrl\":\"https:\\\/\\\/secure.gravatar.com\\\/avatar\\\/b6992f131dc8d30ab0dff15446e9d346d9dbd95992de0fef795073f5ea83a81c?s=96&d=mm&r=g\",\"caption\":\"La Gu\u00eda de Pamplona\"}}]}<\/script>\n<!-- \/ Yoast SEO plugin. -->","yoast_head_json":{"title":"Comienza la \u00faltima semana de \u2018Cada d\u00eda un plan\u2019 en la Casa de la Juventud, un programa que cierra el verano con canto, baile y manualidades","description":"La participaci\u00f3n este a\u00f1o ha llegado a las 526 plazas ocupadas en las 27 sesiones contabilizadas, a una media 20 personas asistentes por actividad","robots":{"index":"index","follow":"follow","max-snippet":"max-snippet:-1","max-image-preview":"max-image-preview:large","max-video-preview":"max-video-preview:-1"},"canonical":"https:\/\/www.laguiadepamplona.com\/actualidad\/comienza-la-ultima-semana-de-cada-dia-un-plan-en-la-casa-de-la-juventud-un-programa-que-cierra-el-verano-con-canto-baile-y-manualidades\/","og_locale":"es_ES","og_type":"article","og_title":"Comienza la \u00faltima semana de \u2018Cada d\u00eda un plan\u2019 en la Casa de la Juventud, un programa que cierra el verano con canto, baile y manualidades","og_description":"La participaci\u00f3n este a\u00f1o ha llegado a las 526 plazas ocupadas en las 27 sesiones contabilizadas, a una media 20 personas asistentes por actividad","og_url":"https:\/\/www.laguiadepamplona.com\/actualidad\/comienza-la-ultima-semana-de-cada-dia-un-plan-en-la-casa-de-la-juventud-un-programa-que-cierra-el-verano-con-canto-baile-y-manualidades\/","og_site_name":"La Gu\u00eda de Pamplona","article_publisher":"https:\/\/www.facebook.com\/laguiadepamplonacom-133175176762273\/?ref=hl","article_published_time":"2024-08-26T16:00:40+00:00","og_image":[{"width":1000,"height":667,"url":"https:\/\/www.laguiadepamplona.com\/actualidad\/wp-content\/uploads\/2024\/07\/cada-dia-un-plan-Casa-Juventud_web.webp","type":"image\/webp"}],"author":"La Gu\u00eda de Pamplona","twitter_card":"summary_large_image","twitter_creator":"@LaGuiadPamplona","twitter_site":"@LaGuiadPamplona","twitter_misc":{"Escrito por":"La Gu\u00eda de Pamplona","Tiempo de lectura":"4 minutos"},"schema":{"@context":"https:\/\/schema.org","@graph":[{"@type":"Article","@id":"https:\/\/www.laguiadepamplona.com\/actualidad\/comienza-la-ultima-semana-de-cada-dia-un-plan-en-la-casa-de-la-juventud-un-programa-que-cierra-el-verano-con-canto-baile-y-manualidades\/#article","isPartOf":{"@id":"https:\/\/www.laguiadepamplona.com\/actualidad\/comienza-la-ultima-semana-de-cada-dia-un-plan-en-la-casa-de-la-juventud-un-programa-que-cierra-el-verano-con-canto-baile-y-manualidades\/"},"author":{"name":"La Gu\u00eda de Pamplona","@id":"https:\/\/www.laguiadepamplona.com\/actualidad\/#\/schema\/person\/efe887376f0213d4657c93adc50b1fdb"},"headline":"Comienza la \u00faltima semana de \u2018Cada d\u00eda un plan\u2019 en la Casa de la Juventud, un programa que cierra el verano con canto, baile y manualidades","datePublished":"2024-08-26T16:00:40+00:00","mainEntityOfPage":{"@id":"https:\/\/www.laguiadepamplona.com\/actualidad\/comienza-la-ultima-semana-de-cada-dia-un-plan-en-la-casa-de-la-juventud-un-programa-que-cierra-el-verano-con-canto-baile-y-manualidades\/"},"wordCount":817,"commentCount":0,"publisher":{"@id":"https:\/\/www.laguiadepamplona.com\/actualidad\/#organization"},"image":{"@id":"https:\/\/www.laguiadepamplona.com\/actualidad\/comienza-la-ultima-semana-de-cada-dia-un-plan-en-la-casa-de-la-juventud-un-programa-que-cierra-el-verano-con-canto-baile-y-manualidades\/#primaryimage"},"thumbnailUrl":"https:\/\/www.laguiadepamplona.com\/actualidad\/wp-content\/uploads\/2024\/07\/cada-dia-un-plan-Casa-Juventud_web.webp","articleSection":["Ayto Pamplona"],"inLanguage":"es","potentialAction":[{"@type":"CommentAction","name":"Comment","target":["https:\/\/www.laguiadepamplona.com\/actualidad\/comienza-la-ultima-semana-de-cada-dia-un-plan-en-la-casa-de-la-juventud-un-programa-que-cierra-el-verano-con-canto-baile-y-manualidades\/#respond"]}]},{"@type":"WebPage","@id":"https:\/\/www.laguiadepamplona.com\/actualidad\/comienza-la-ultima-semana-de-cada-dia-un-plan-en-la-casa-de-la-juventud-un-programa-que-cierra-el-verano-con-canto-baile-y-manualidades\/","url":"https:\/\/www.laguiadepamplona.com\/actualidad\/comienza-la-ultima-semana-de-cada-dia-un-plan-en-la-casa-de-la-juventud-un-programa-que-cierra-el-verano-con-canto-baile-y-manualidades\/","name":"Comienza la \u00faltima semana de \u2018Cada d\u00eda un plan\u2019 en la Casa de la Juventud, un programa que cierra el verano con canto, baile y manualidades","isPartOf":{"@id":"https:\/\/www.laguiadepamplona.com\/actualidad\/#website"},"primaryImageOfPage":{"@id":"https:\/\/www.laguiadepamplona.com\/actualidad\/comienza-la-ultima-semana-de-cada-dia-un-plan-en-la-casa-de-la-juventud-un-programa-que-cierra-el-verano-con-canto-baile-y-manualidades\/#primaryimage"},"image":{"@id":"https:\/\/www.laguiadepamplona.com\/actualidad\/comienza-la-ultima-semana-de-cada-dia-un-plan-en-la-casa-de-la-juventud-un-programa-que-cierra-el-verano-con-canto-baile-y-manualidades\/#primaryimage"},"thumbnailUrl":"https:\/\/www.laguiadepamplona.com\/actualidad\/wp-content\/uploads\/2024\/07\/cada-dia-un-plan-Casa-Juventud_web.webp","datePublished":"2024-08-26T16:00:40+00:00","description":"La participaci\u00f3n este a\u00f1o ha llegado a las 526 plazas ocupadas en las 27 sesiones contabilizadas, a una media 20 personas asistentes por actividad","breadcrumb":{"@id":"https:\/\/www.laguiadepamplona.com\/actualidad\/comienza-la-ultima-semana-de-cada-dia-un-plan-en-la-casa-de-la-juventud-un-programa-que-cierra-el-verano-con-canto-baile-y-manualidades\/#breadcrumb"},"inLanguage":"es","potentialAction":[{"@type":"ReadAction","target":["https:\/\/www.laguiadepamplona.com\/actualidad\/comienza-la-ultima-semana-de-cada-dia-un-plan-en-la-casa-de-la-juventud-un-programa-que-cierra-el-verano-con-canto-baile-y-manualidades\/"]}]},{"@type":"ImageObject","inLanguage":"es","@id":"https:\/\/www.laguiadepamplona.com\/actualidad\/comienza-la-ultima-semana-de-cada-dia-un-plan-en-la-casa-de-la-juventud-un-programa-que-cierra-el-verano-con-canto-baile-y-manualidades\/#primaryimage","url":"https:\/\/www.laguiadepamplona.com\/actualidad\/wp-content\/uploads\/2024\/07\/cada-dia-un-plan-Casa-Juventud_web.webp","contentUrl":"https:\/\/www.laguiadepamplona.com\/actualidad\/wp-content\/uploads\/2024\/07\/cada-dia-un-plan-Casa-Juventud_web.webp","width":1000,"height":667,"caption":"casa juventud bailes"},{"@type":"BreadcrumbList","@id":"https:\/\/www.laguiadepamplona.com\/actualidad\/comienza-la-ultima-semana-de-cada-dia-un-plan-en-la-casa-de-la-juventud-un-programa-que-cierra-el-verano-con-canto-baile-y-manualidades\/#breadcrumb","itemListElement":[{"@type":"ListItem","position":1,"name":"Portada","item":"https:\/\/www.laguiadepamplona.com\/actualidad\/"},{"@type":"ListItem","position":2,"name":"Comienza la \u00faltima semana de \u2018Cada d\u00eda un plan\u2019 en la Casa de la Juventud, un programa que cierra el verano con canto, baile y manualidades"}]},{"@type":"WebSite","@id":"https:\/\/www.laguiadepamplona.com\/actualidad\/#website","url":"https:\/\/www.laguiadepamplona.com\/actualidad\/","name":"La gu\u00eda de Pamplona","description":"Noticias de Pamplona","publisher":{"@id":"https:\/\/www.laguiadepamplona.com\/actualidad\/#organization"},"potentialAction":[{"@type":"SearchAction","target":{"@type":"EntryPoint","urlTemplate":"https:\/\/www.laguiadepamplona.com\/actualidad\/?s={search_term_string}"},"query-input":{"@type":"PropertyValueSpecification","valueRequired":true,"valueName":"search_term_string"}}],"inLanguage":"es"},{"@type":"Organization","@id":"https:\/\/www.laguiadepamplona.com\/actualidad\/#organization","name":"La Gu\u00eda de Pamplona \/ Noticias","url":"https:\/\/www.laguiadepamplona.com\/actualidad\/","logo":{"@type":"ImageObject","inLanguage":"es","@id":"https:\/\/www.laguiadepamplona.com\/actualidad\/#\/schema\/logo\/image\/","url":"https:\/\/www.laguiadepamplona.com\/actualidad\/wp-content\/uploads\/2018\/11\/logo-laguiadepamplona18-web1.png","contentUrl":"https:\/\/www.laguiadepamplona.com\/actualidad\/wp-content\/uploads\/2018\/11\/logo-laguiadepamplona18-web1.png","width":600,"height":196,"caption":"La Gu\u00eda de Pamplona \/ Noticias"},"image":{"@id":"https:\/\/www.laguiadepamplona.com\/actualidad\/#\/schema\/logo\/image\/"},"sameAs":["https:\/\/www.facebook.com\/laguiadepamplonacom-133175176762273\/?ref=hl","https:\/\/x.com\/LaGuiadPamplona","https:\/\/www.instagram.com\/la_guia_de_pamplona\/","https:\/\/www.youtube.com\/user\/laguiadepamplona"]},{"@type":"Person","@id":"https:\/\/www.laguiadepamplona.com\/actualidad\/#\/schema\/person\/efe887376f0213d4657c93adc50b1fdb","name":"La Gu\u00eda de Pamplona","image":{"@type":"ImageObject","inLanguage":"es","@id":"https:\/\/secure.gravatar.com\/avatar\/b6992f131dc8d30ab0dff15446e9d346d9dbd95992de0fef795073f5ea83a81c?s=96&d=mm&r=g","url":"https:\/\/secure.gravatar.com\/avatar\/b6992f131dc8d30ab0dff15446e9d346d9dbd95992de0fef795073f5ea83a81c?s=96&d=mm&r=g","contentUrl":"https:\/\/secure.gravatar.com\/avatar\/b6992f131dc8d30ab0dff15446e9d346d9dbd95992de0fef795073f5ea83a81c?s=96&d=mm&r=g","caption":"La Gu\u00eda de Pamplona"}}]}},"post_mailing_queue_ids":[],"_links":{"self":[{"href":"https:\/\/www.laguiadepamplona.com\/actualidad\/wp-json\/wp\/v2\/posts\/50612","targetHints":{"allow":["GET"]}}],"collection":[{"href":"https:\/\/www.laguiadepamplona.com\/actualidad\/wp-json\/wp\/v2\/posts"}],"about":[{"href":"https:\/\/www.laguiadepamplona.com\/actualidad\/wp-json\/wp\/v2\/types\/post"}],"author":[{"embeddable":true,"href":"https:\/\/www.laguiadepamplona.com\/actualidad\/wp-json\/wp\/v2\/users\/1"}],"replies":[{"embeddable":true,"href":"https:\/\/www.laguiadepamplona.com\/actualidad\/wp-json\/wp\/v2\/comments?post=50612"}],"version-history":[{"count":1,"href":"https:\/\/www.laguiadepamplona.com\/actualidad\/wp-json\/wp\/v2\/posts\/50612\/revisions"}],"predecessor-version":[{"id":50613,"href":"https:\/\/www.laguiadepamplona.com\/actualidad\/wp-json\/wp\/v2\/posts\/50612\/revisions\/50613"}],"wp:featuredmedia":[{"embeddable":true,"href":"https:\/\/www.laguiadepamplona.com\/actualidad\/wp-json\/wp\/v2\/media\/50370"}],"wp:attachment":[{"href":"https:\/\/www.laguiadepamplona.com\/actualidad\/wp-json\/wp\/v2\/media?parent=50612"}],"wp:term":[{"taxonomy":"category","embeddable":true,"href":"https:\/\/www.laguiadepamplona.com\/actualidad\/wp-json\/wp\/v2\/categories?post=50612"},{"taxonomy":"post_tag","embeddable":true,"href":"https:\/\/www.laguiadepamplona.com\/actualidad\/wp-json\/wp\/v2\/tags?post=50612"}],"curies":[{"name":"wp","href":"https:\/\/api.w.org\/{rel}","templated":true}]}}