{"id":50609,"date":"2024-08-26T17:59:29","date_gmt":"2024-08-26T15:59:29","guid":{"rendered":"https:\/\/www.laguiadepamplona.com\/actualidad\/?p=50609"},"modified":"2024-08-26T17:59:29","modified_gmt":"2024-08-26T15:59:29","slug":"la-casa-consistorial-abre-sus-puertas-del-2-al-7-de-septiembre-para-conocer-su-historia-y-patrimonio-a-traves-de-visitas-guiadas-con-motivo-del-privilegio-de-la-union","status":"publish","type":"post","link":"https:\/\/www.laguiadepamplona.com\/actualidad\/la-casa-consistorial-abre-sus-puertas-del-2-al-7-de-septiembre-para-conocer-su-historia-y-patrimonio-a-traves-de-visitas-guiadas-con-motivo-del-privilegio-de-la-union\/","title":{"rendered":"La Casa Consistorial abre sus puertas del 2 al 7 de septiembre para conocer su historia y patrimonio, a trav\u00e9s de visitas guiadas con motivo del Privilegio de la Uni\u00f3n"},"content":{"rendered":"<h2>Se han programado 26 visitas gratuitas, por la ma\u00f1ana y por la tarde, para las que hay que apuntarse desde el 28 de agosto en el 010 o en la web municipal<\/h2>\n<p><!--more--><\/p>\n<p>El Ayuntamiento de Pamplona abre el mi\u00e9rcoles 28 de agosto las inscripciones para las visitas guiadas a la Casa Consistorial que tendr\u00e1n lugar del 2 al 7 de septiembre, con motivo de la celebraci\u00f3n del 601 aniversario del Privilegio de la Uni\u00f3n de los Tres Burgos. Las personas interesadas podr\u00e1n apuntarse a las visitas a trav\u00e9s del tel\u00e9fono 010 \u2013 948 420 100 o a trav\u00e9s de la web municipal, <a href=\"http:\/\/www.pamplona.es\" target=\"_blank\" rel=\"noopener\">www.pamplona.es<\/a>.<\/p>\n<p>Se llevar\u00e1n a cabo 26 visitas guiadas, 16 en castellano y 10 en euskera, con 30 plazas en cada una de ellas. En total, se ofertan 780 plazas. Las visitas tendr\u00e1n lugar los d\u00edas 2, 3, 4, 5 y 7 de septiembre, tanto por la ma\u00f1ana como por la tarde, a las 12 horas, 13 horas, 17 horas, 18 horas y 19 horas. Las visitas de las 13 y las 18 horas ser\u00e1n en euskera y las de las 12, 17 y 18 horas en castellano. Est\u00e1 previsto que el alcalde de Pamplona, Joseba Asiron Saez, realice la primera de las visitas, la de las 12 horas del primer d\u00eda, el lunes 2 de septiembre.<\/p>\n<p>En el momento de la inscripci\u00f3n, es obligatorio apuntar a todas las personas mayores de 6 a\u00f1os que vayan participar en la visita guiada con su DNI. En el caso de menores sin DNI, se incluir\u00e1 el de la persona responsable. Los menores de 6 a\u00f1os podr\u00e1n acceder sin inscripci\u00f3n, en compa\u00f1\u00eda de las personas adultas inscritas. Si alguna persona tiene problemas de movilidad, se debe avisar de forma previa.<\/p>\n<p><strong>Recorrido de las visitas<\/strong><\/p>\n<p>El punto de encuentro para iniciar las visitas guiadas estar\u00e1 en la puerta principal de la Casa Consistorial y se deber\u00e1 acudir cinco minutos antes de la hora. La visita tiene una duraci\u00f3n aproximada de 30 minutos. Se recorrer\u00e1n dependencias municipales como el Sal\u00f3n de Recepciones, el Sal\u00f3n de Plenos o la sala de prensa, desde cuyo balc\u00f3n se lanza cada 6 de julio en Chupinazo que abre los Sanfermines.<\/p>\n<p>Se conocer\u00e1 el patrimonio hist\u00f3rico y art\u00edstico de la Casa Consistorial a trav\u00e9s de los cuadros, fotograf\u00edas, carteles y documentos, como el original del Privilegio de la Uni\u00f3n de 1423, que se exhibir\u00e1 en el Sal\u00f3n de Recepciones. Una copia se puede ver durante todo el a\u00f1o en el zagu\u00e1n, junto a otros elementos significativos y distintivos de Pamplona como las mazas de plata o las llaves de la ciudad.<\/p>\n<p>El Privilegio de la Uni\u00f3n es el tratado por el que los tres burgos, Ciudad de la Navarrer\u00eda, Burgo de San Cernin y Poblaci\u00f3n de San Nicol\u00e1s, que formaban la ciudad de Pamplona en la Edad Media se unieron mediante un documento firmado el 8 de septiembre de 1423 por el rey Carlos III el Noble. Hasta ese d\u00eda cada burgo hab\u00eda pose\u00eddo su propia bandera y regidor. Desde la firma del Privilegio de la Uni\u00f3n, los tres burgos se unieron en una sola entidad tras siglos de conflictos entre ellos.<\/p>\n<h3>Visitas Guiadas. Privilegio de la Uni\u00f3n. D\u00edas y horarios<\/h3>\n<ul>\n<li><strong>Lunes 2 de septiembre<\/strong>\n<ul>\n<li>12.00 en castellano<\/li>\n<li>13.00 en euskera<\/li>\n<li>17.00 en castellano<\/li>\n<li>18.00 en euskera<\/li>\n<li>19.00 en castellano<\/li>\n<\/ul>\n<\/li>\n<li><strong>Martes 3 de septiembre<\/strong>\n<ul>\n<li>12.00 en castellano<\/li>\n<li>13.00 en euskera<\/li>\n<li>17.00 en castellano<\/li>\n<li>18.00 en euskera<\/li>\n<li>19.00 en castellano<\/li>\n<\/ul>\n<\/li>\n<li><strong>Mi\u00e9rcoles 4 de septiembre<\/strong>\n<ul>\n<li>12.00 en castellano<\/li>\n<li>13.00 en euskera<\/li>\n<li>17.00 en castellano<\/li>\n<li>18.00 en euskera<\/li>\n<li>19.00 en castellano<\/li>\n<\/ul>\n<\/li>\n<li><strong>Jueves 5 de septiembre<\/strong>\n<ul>\n<li>12.00 en castellano<\/li>\n<li>13.00 en euskera<\/li>\n<li>17.00 en castellano<\/li>\n<li>18.00 en euskera<\/li>\n<li>19.00 en castellano<\/li>\n<\/ul>\n<\/li>\n<li><strong>S\u00e1bado 7 de septiembre<\/strong>\n<ul>\n<li>11.00 en castellano<\/li>\n<li>12.00 en euskera<\/li>\n<li>13.00 en castellano<\/li>\n<li>17.00 en castellano<\/li>\n<li>18.00 en euskera<\/li>\n<li>19.00 en castellano<\/li>\n<\/ul>\n<\/li>\n<\/ul>\n","protected":false},"excerpt":{"rendered":"<p>Se han programado 26 visitas gratuitas, por la ma\u00f1ana y por la tarde, para las que hay que apuntarse desde el 28 de agosto en el 010 o en la&#8230;<\/p>\n","protected":false},"author":1,"featured_media":50610,"comment_status":"open","ping_status":"closed","sticky":false,"template":"","format":"standard","meta":{"footnotes":""},"categories":[2],"tags":[],"class_list":["post-50609","post","type-post","status-publish","format-standard","has-post-thumbnail","hentry","category-ayuntamiento-pamplona"],"yoast_head":"<!-- This site is optimized with the Yoast SEO plugin v27.3 - https:\/\/yoast.com\/product\/yoast-seo-wordpress\/ -->\n<title>La Casa Consistorial abre sus puertas del 2 al 7 de septiembre para conocer su historia y patrimonio, a trav\u00e9s de visitas guiadas con motivo del Privilegio de la Uni\u00f3n<\/title>\n<meta name=\"description\" content=\"Se han programado 26 visitas gratuitas, por la ma\u00f1ana y por la tarde, para las que hay que apuntarse desde el 28 de agosto en el 010 o en la web municipal\" \/>\n<meta name=\"robots\" content=\"index, follow, max-snippet:-1, max-image-preview:large, max-video-preview:-1\" \/>\n<link rel=\"canonical\" href=\"https:\/\/www.laguiadepamplona.com\/actualidad\/la-casa-consistorial-abre-sus-puertas-del-2-al-7-de-septiembre-para-conocer-su-historia-y-patrimonio-a-traves-de-visitas-guiadas-con-motivo-del-privilegio-de-la-union\/\" \/>\n<meta property=\"og:locale\" content=\"es_ES\" \/>\n<meta property=\"og:type\" content=\"article\" \/>\n<meta property=\"og:title\" content=\"La Casa Consistorial abre sus puertas del 2 al 7 de septiembre para conocer su historia y patrimonio, a trav\u00e9s de visitas guiadas con motivo del Privilegio de la Uni\u00f3n\" \/>\n<meta property=\"og:description\" content=\"Se han programado 26 visitas gratuitas, por la ma\u00f1ana y por la tarde, para las que hay que apuntarse desde el 28 de agosto en el 010 o en la web municipal\" \/>\n<meta property=\"og:url\" content=\"https:\/\/www.laguiadepamplona.com\/actualidad\/la-casa-consistorial-abre-sus-puertas-del-2-al-7-de-septiembre-para-conocer-su-historia-y-patrimonio-a-traves-de-visitas-guiadas-con-motivo-del-privilegio-de-la-union\/\" \/>\n<meta property=\"og:site_name\" content=\"La Gu\u00eda de Pamplona\" \/>\n<meta property=\"article:publisher\" content=\"https:\/\/www.facebook.com\/laguiadepamplonacom-133175176762273\/?ref=hl\" \/>\n<meta property=\"article:published_time\" content=\"2024-08-26T15:59:29+00:00\" \/>\n<meta property=\"og:image\" content=\"https:\/\/www.laguiadepamplona.com\/actualidad\/wp-content\/uploads\/2024\/08\/visitas-privilegio-de-la-union_web.webp\" \/>\n\t<meta property=\"og:image:width\" content=\"1000\" \/>\n\t<meta property=\"og:image:height\" content=\"667\" \/>\n\t<meta property=\"og:image:type\" content=\"image\/webp\" \/>\n<meta name=\"author\" content=\"La Gu\u00eda de Pamplona\" \/>\n<meta name=\"twitter:card\" content=\"summary_large_image\" \/>\n<meta name=\"twitter:creator\" content=\"@LaGuiadPamplona\" \/>\n<meta name=\"twitter:site\" content=\"@LaGuiadPamplona\" \/>\n<meta name=\"twitter:label1\" content=\"Escrito por\" \/>\n\t<meta name=\"twitter:data1\" content=\"La Gu\u00eda de Pamplona\" \/>\n\t<meta name=\"twitter:label2\" content=\"Tiempo de lectura\" \/>\n\t<meta name=\"twitter:data2\" content=\"3 minutos\" \/>\n<script type=\"application\/ld+json\" class=\"yoast-schema-graph\">{\"@context\":\"https:\\\/\\\/schema.org\",\"@graph\":[{\"@type\":\"Article\",\"@id\":\"https:\\\/\\\/www.laguiadepamplona.com\\\/actualidad\\\/la-casa-consistorial-abre-sus-puertas-del-2-al-7-de-septiembre-para-conocer-su-historia-y-patrimonio-a-traves-de-visitas-guiadas-con-motivo-del-privilegio-de-la-union\\\/#article\",\"isPartOf\":{\"@id\":\"https:\\\/\\\/www.laguiadepamplona.com\\\/actualidad\\\/la-casa-consistorial-abre-sus-puertas-del-2-al-7-de-septiembre-para-conocer-su-historia-y-patrimonio-a-traves-de-visitas-guiadas-con-motivo-del-privilegio-de-la-union\\\/\"},\"author\":{\"name\":\"La Gu\u00eda de Pamplona\",\"@id\":\"https:\\\/\\\/www.laguiadepamplona.com\\\/actualidad\\\/#\\\/schema\\\/person\\\/efe887376f0213d4657c93adc50b1fdb\"},\"headline\":\"La Casa Consistorial abre sus puertas del 2 al 7 de septiembre para conocer su historia y patrimonio, a trav\u00e9s de visitas guiadas con motivo del Privilegio de la Uni\u00f3n\",\"datePublished\":\"2024-08-26T15:59:29+00:00\",\"mainEntityOfPage\":{\"@id\":\"https:\\\/\\\/www.laguiadepamplona.com\\\/actualidad\\\/la-casa-consistorial-abre-sus-puertas-del-2-al-7-de-septiembre-para-conocer-su-historia-y-patrimonio-a-traves-de-visitas-guiadas-con-motivo-del-privilegio-de-la-union\\\/\"},\"wordCount\":636,\"commentCount\":0,\"publisher\":{\"@id\":\"https:\\\/\\\/www.laguiadepamplona.com\\\/actualidad\\\/#organization\"},\"image\":{\"@id\":\"https:\\\/\\\/www.laguiadepamplona.com\\\/actualidad\\\/la-casa-consistorial-abre-sus-puertas-del-2-al-7-de-septiembre-para-conocer-su-historia-y-patrimonio-a-traves-de-visitas-guiadas-con-motivo-del-privilegio-de-la-union\\\/#primaryimage\"},\"thumbnailUrl\":\"https:\\\/\\\/www.laguiadepamplona.com\\\/actualidad\\\/wp-content\\\/uploads\\\/2024\\\/08\\\/visitas-privilegio-de-la-union_web.webp\",\"articleSection\":[\"Ayto Pamplona\"],\"inLanguage\":\"es\",\"potentialAction\":[{\"@type\":\"CommentAction\",\"name\":\"Comment\",\"target\":[\"https:\\\/\\\/www.laguiadepamplona.com\\\/actualidad\\\/la-casa-consistorial-abre-sus-puertas-del-2-al-7-de-septiembre-para-conocer-su-historia-y-patrimonio-a-traves-de-visitas-guiadas-con-motivo-del-privilegio-de-la-union\\\/#respond\"]}]},{\"@type\":\"WebPage\",\"@id\":\"https:\\\/\\\/www.laguiadepamplona.com\\\/actualidad\\\/la-casa-consistorial-abre-sus-puertas-del-2-al-7-de-septiembre-para-conocer-su-historia-y-patrimonio-a-traves-de-visitas-guiadas-con-motivo-del-privilegio-de-la-union\\\/\",\"url\":\"https:\\\/\\\/www.laguiadepamplona.com\\\/actualidad\\\/la-casa-consistorial-abre-sus-puertas-del-2-al-7-de-septiembre-para-conocer-su-historia-y-patrimonio-a-traves-de-visitas-guiadas-con-motivo-del-privilegio-de-la-union\\\/\",\"name\":\"La Casa Consistorial abre sus puertas del 2 al 7 de septiembre para conocer su historia y patrimonio, a trav\u00e9s de visitas guiadas con motivo del Privilegio de la Uni\u00f3n\",\"isPartOf\":{\"@id\":\"https:\\\/\\\/www.laguiadepamplona.com\\\/actualidad\\\/#website\"},\"primaryImageOfPage\":{\"@id\":\"https:\\\/\\\/www.laguiadepamplona.com\\\/actualidad\\\/la-casa-consistorial-abre-sus-puertas-del-2-al-7-de-septiembre-para-conocer-su-historia-y-patrimonio-a-traves-de-visitas-guiadas-con-motivo-del-privilegio-de-la-union\\\/#primaryimage\"},\"image\":{\"@id\":\"https:\\\/\\\/www.laguiadepamplona.com\\\/actualidad\\\/la-casa-consistorial-abre-sus-puertas-del-2-al-7-de-septiembre-para-conocer-su-historia-y-patrimonio-a-traves-de-visitas-guiadas-con-motivo-del-privilegio-de-la-union\\\/#primaryimage\"},\"thumbnailUrl\":\"https:\\\/\\\/www.laguiadepamplona.com\\\/actualidad\\\/wp-content\\\/uploads\\\/2024\\\/08\\\/visitas-privilegio-de-la-union_web.webp\",\"datePublished\":\"2024-08-26T15:59:29+00:00\",\"description\":\"Se han programado 26 visitas gratuitas, por la ma\u00f1ana y por la tarde, para las que hay que apuntarse desde el 28 de agosto en el 010 o en la web municipal\",\"breadcrumb\":{\"@id\":\"https:\\\/\\\/www.laguiadepamplona.com\\\/actualidad\\\/la-casa-consistorial-abre-sus-puertas-del-2-al-7-de-septiembre-para-conocer-su-historia-y-patrimonio-a-traves-de-visitas-guiadas-con-motivo-del-privilegio-de-la-union\\\/#breadcrumb\"},\"inLanguage\":\"es\",\"potentialAction\":[{\"@type\":\"ReadAction\",\"target\":[\"https:\\\/\\\/www.laguiadepamplona.com\\\/actualidad\\\/la-casa-consistorial-abre-sus-puertas-del-2-al-7-de-septiembre-para-conocer-su-historia-y-patrimonio-a-traves-de-visitas-guiadas-con-motivo-del-privilegio-de-la-union\\\/\"]}]},{\"@type\":\"ImageObject\",\"inLanguage\":\"es\",\"@id\":\"https:\\\/\\\/www.laguiadepamplona.com\\\/actualidad\\\/la-casa-consistorial-abre-sus-puertas-del-2-al-7-de-septiembre-para-conocer-su-historia-y-patrimonio-a-traves-de-visitas-guiadas-con-motivo-del-privilegio-de-la-union\\\/#primaryimage\",\"url\":\"https:\\\/\\\/www.laguiadepamplona.com\\\/actualidad\\\/wp-content\\\/uploads\\\/2024\\\/08\\\/visitas-privilegio-de-la-union_web.webp\",\"contentUrl\":\"https:\\\/\\\/www.laguiadepamplona.com\\\/actualidad\\\/wp-content\\\/uploads\\\/2024\\\/08\\\/visitas-privilegio-de-la-union_web.webp\",\"width\":1000,\"height\":667,\"caption\":\"visitas privilegio\"},{\"@type\":\"BreadcrumbList\",\"@id\":\"https:\\\/\\\/www.laguiadepamplona.com\\\/actualidad\\\/la-casa-consistorial-abre-sus-puertas-del-2-al-7-de-septiembre-para-conocer-su-historia-y-patrimonio-a-traves-de-visitas-guiadas-con-motivo-del-privilegio-de-la-union\\\/#breadcrumb\",\"itemListElement\":[{\"@type\":\"ListItem\",\"position\":1,\"name\":\"Portada\",\"item\":\"https:\\\/\\\/www.laguiadepamplona.com\\\/actualidad\\\/\"},{\"@type\":\"ListItem\",\"position\":2,\"name\":\"La Casa Consistorial abre sus puertas del 2 al 7 de septiembre para conocer su historia y patrimonio, a trav\u00e9s de visitas guiadas con motivo del Privilegio de la Uni\u00f3n\"}]},{\"@type\":\"WebSite\",\"@id\":\"https:\\\/\\\/www.laguiadepamplona.com\\\/actualidad\\\/#website\",\"url\":\"https:\\\/\\\/www.laguiadepamplona.com\\\/actualidad\\\/\",\"name\":\"La gu\u00eda de Pamplona\",\"description\":\"Noticias de Pamplona\",\"publisher\":{\"@id\":\"https:\\\/\\\/www.laguiadepamplona.com\\\/actualidad\\\/#organization\"},\"potentialAction\":[{\"@type\":\"SearchAction\",\"target\":{\"@type\":\"EntryPoint\",\"urlTemplate\":\"https:\\\/\\\/www.laguiadepamplona.com\\\/actualidad\\\/?s={search_term_string}\"},\"query-input\":{\"@type\":\"PropertyValueSpecification\",\"valueRequired\":true,\"valueName\":\"search_term_string\"}}],\"inLanguage\":\"es\"},{\"@type\":\"Organization\",\"@id\":\"https:\\\/\\\/www.laguiadepamplona.com\\\/actualidad\\\/#organization\",\"name\":\"La Gu\u00eda de Pamplona \\\/ Noticias\",\"url\":\"https:\\\/\\\/www.laguiadepamplona.com\\\/actualidad\\\/\",\"logo\":{\"@type\":\"ImageObject\",\"inLanguage\":\"es\",\"@id\":\"https:\\\/\\\/www.laguiadepamplona.com\\\/actualidad\\\/#\\\/schema\\\/logo\\\/image\\\/\",\"url\":\"https:\\\/\\\/www.laguiadepamplona.com\\\/actualidad\\\/wp-content\\\/uploads\\\/2018\\\/11\\\/logo-laguiadepamplona18-web1.png\",\"contentUrl\":\"https:\\\/\\\/www.laguiadepamplona.com\\\/actualidad\\\/wp-content\\\/uploads\\\/2018\\\/11\\\/logo-laguiadepamplona18-web1.png\",\"width\":600,\"height\":196,\"caption\":\"La Gu\u00eda de Pamplona \\\/ Noticias\"},\"image\":{\"@id\":\"https:\\\/\\\/www.laguiadepamplona.com\\\/actualidad\\\/#\\\/schema\\\/logo\\\/image\\\/\"},\"sameAs\":[\"https:\\\/\\\/www.facebook.com\\\/laguiadepamplonacom-133175176762273\\\/?ref=hl\",\"https:\\\/\\\/x.com\\\/LaGuiadPamplona\",\"https:\\\/\\\/www.instagram.com\\\/la_guia_de_pamplona\\\/\",\"https:\\\/\\\/www.youtube.com\\\/user\\\/laguiadepamplona\"]},{\"@type\":\"Person\",\"@id\":\"https:\\\/\\\/www.laguiadepamplona.com\\\/actualidad\\\/#\\\/schema\\\/person\\\/efe887376f0213d4657c93adc50b1fdb\",\"name\":\"La Gu\u00eda de Pamplona\",\"image\":{\"@type\":\"ImageObject\",\"inLanguage\":\"es\",\"@id\":\"https:\\\/\\\/secure.gravatar.com\\\/avatar\\\/b6992f131dc8d30ab0dff15446e9d346d9dbd95992de0fef795073f5ea83a81c?s=96&d=mm&r=g\",\"url\":\"https:\\\/\\\/secure.gravatar.com\\\/avatar\\\/b6992f131dc8d30ab0dff15446e9d346d9dbd95992de0fef795073f5ea83a81c?s=96&d=mm&r=g\",\"contentUrl\":\"https:\\\/\\\/secure.gravatar.com\\\/avatar\\\/b6992f131dc8d30ab0dff15446e9d346d9dbd95992de0fef795073f5ea83a81c?s=96&d=mm&r=g\",\"caption\":\"La Gu\u00eda de Pamplona\"}}]}<\/script>\n<!-- \/ Yoast SEO plugin. -->","yoast_head_json":{"title":"La Casa Consistorial abre sus puertas del 2 al 7 de septiembre para conocer su historia y patrimonio, a trav\u00e9s de visitas guiadas con motivo del Privilegio de la Uni\u00f3n","description":"Se han programado 26 visitas gratuitas, por la ma\u00f1ana y por la tarde, para las que hay que apuntarse desde el 28 de agosto en el 010 o en la web municipal","robots":{"index":"index","follow":"follow","max-snippet":"max-snippet:-1","max-image-preview":"max-image-preview:large","max-video-preview":"max-video-preview:-1"},"canonical":"https:\/\/www.laguiadepamplona.com\/actualidad\/la-casa-consistorial-abre-sus-puertas-del-2-al-7-de-septiembre-para-conocer-su-historia-y-patrimonio-a-traves-de-visitas-guiadas-con-motivo-del-privilegio-de-la-union\/","og_locale":"es_ES","og_type":"article","og_title":"La Casa Consistorial abre sus puertas del 2 al 7 de septiembre para conocer su historia y patrimonio, a trav\u00e9s de visitas guiadas con motivo del Privilegio de la Uni\u00f3n","og_description":"Se han programado 26 visitas gratuitas, por la ma\u00f1ana y por la tarde, para las que hay que apuntarse desde el 28 de agosto en el 010 o en la web municipal","og_url":"https:\/\/www.laguiadepamplona.com\/actualidad\/la-casa-consistorial-abre-sus-puertas-del-2-al-7-de-septiembre-para-conocer-su-historia-y-patrimonio-a-traves-de-visitas-guiadas-con-motivo-del-privilegio-de-la-union\/","og_site_name":"La Gu\u00eda de Pamplona","article_publisher":"https:\/\/www.facebook.com\/laguiadepamplonacom-133175176762273\/?ref=hl","article_published_time":"2024-08-26T15:59:29+00:00","og_image":[{"width":1000,"height":667,"url":"https:\/\/www.laguiadepamplona.com\/actualidad\/wp-content\/uploads\/2024\/08\/visitas-privilegio-de-la-union_web.webp","type":"image\/webp"}],"author":"La Gu\u00eda de Pamplona","twitter_card":"summary_large_image","twitter_creator":"@LaGuiadPamplona","twitter_site":"@LaGuiadPamplona","twitter_misc":{"Escrito por":"La Gu\u00eda de Pamplona","Tiempo de lectura":"3 minutos"},"schema":{"@context":"https:\/\/schema.org","@graph":[{"@type":"Article","@id":"https:\/\/www.laguiadepamplona.com\/actualidad\/la-casa-consistorial-abre-sus-puertas-del-2-al-7-de-septiembre-para-conocer-su-historia-y-patrimonio-a-traves-de-visitas-guiadas-con-motivo-del-privilegio-de-la-union\/#article","isPartOf":{"@id":"https:\/\/www.laguiadepamplona.com\/actualidad\/la-casa-consistorial-abre-sus-puertas-del-2-al-7-de-septiembre-para-conocer-su-historia-y-patrimonio-a-traves-de-visitas-guiadas-con-motivo-del-privilegio-de-la-union\/"},"author":{"name":"La Gu\u00eda de Pamplona","@id":"https:\/\/www.laguiadepamplona.com\/actualidad\/#\/schema\/person\/efe887376f0213d4657c93adc50b1fdb"},"headline":"La Casa Consistorial abre sus puertas del 2 al 7 de septiembre para conocer su historia y patrimonio, a trav\u00e9s de visitas guiadas con motivo del Privilegio de la Uni\u00f3n","datePublished":"2024-08-26T15:59:29+00:00","mainEntityOfPage":{"@id":"https:\/\/www.laguiadepamplona.com\/actualidad\/la-casa-consistorial-abre-sus-puertas-del-2-al-7-de-septiembre-para-conocer-su-historia-y-patrimonio-a-traves-de-visitas-guiadas-con-motivo-del-privilegio-de-la-union\/"},"wordCount":636,"commentCount":0,"publisher":{"@id":"https:\/\/www.laguiadepamplona.com\/actualidad\/#organization"},"image":{"@id":"https:\/\/www.laguiadepamplona.com\/actualidad\/la-casa-consistorial-abre-sus-puertas-del-2-al-7-de-septiembre-para-conocer-su-historia-y-patrimonio-a-traves-de-visitas-guiadas-con-motivo-del-privilegio-de-la-union\/#primaryimage"},"thumbnailUrl":"https:\/\/www.laguiadepamplona.com\/actualidad\/wp-content\/uploads\/2024\/08\/visitas-privilegio-de-la-union_web.webp","articleSection":["Ayto Pamplona"],"inLanguage":"es","potentialAction":[{"@type":"CommentAction","name":"Comment","target":["https:\/\/www.laguiadepamplona.com\/actualidad\/la-casa-consistorial-abre-sus-puertas-del-2-al-7-de-septiembre-para-conocer-su-historia-y-patrimonio-a-traves-de-visitas-guiadas-con-motivo-del-privilegio-de-la-union\/#respond"]}]},{"@type":"WebPage","@id":"https:\/\/www.laguiadepamplona.com\/actualidad\/la-casa-consistorial-abre-sus-puertas-del-2-al-7-de-septiembre-para-conocer-su-historia-y-patrimonio-a-traves-de-visitas-guiadas-con-motivo-del-privilegio-de-la-union\/","url":"https:\/\/www.laguiadepamplona.com\/actualidad\/la-casa-consistorial-abre-sus-puertas-del-2-al-7-de-septiembre-para-conocer-su-historia-y-patrimonio-a-traves-de-visitas-guiadas-con-motivo-del-privilegio-de-la-union\/","name":"La Casa Consistorial abre sus puertas del 2 al 7 de septiembre para conocer su historia y patrimonio, a trav\u00e9s de visitas guiadas con motivo del Privilegio de la Uni\u00f3n","isPartOf":{"@id":"https:\/\/www.laguiadepamplona.com\/actualidad\/#website"},"primaryImageOfPage":{"@id":"https:\/\/www.laguiadepamplona.com\/actualidad\/la-casa-consistorial-abre-sus-puertas-del-2-al-7-de-septiembre-para-conocer-su-historia-y-patrimonio-a-traves-de-visitas-guiadas-con-motivo-del-privilegio-de-la-union\/#primaryimage"},"image":{"@id":"https:\/\/www.laguiadepamplona.com\/actualidad\/la-casa-consistorial-abre-sus-puertas-del-2-al-7-de-septiembre-para-conocer-su-historia-y-patrimonio-a-traves-de-visitas-guiadas-con-motivo-del-privilegio-de-la-union\/#primaryimage"},"thumbnailUrl":"https:\/\/www.laguiadepamplona.com\/actualidad\/wp-content\/uploads\/2024\/08\/visitas-privilegio-de-la-union_web.webp","datePublished":"2024-08-26T15:59:29+00:00","description":"Se han programado 26 visitas gratuitas, por la ma\u00f1ana y por la tarde, para las que hay que apuntarse desde el 28 de agosto en el 010 o en la web municipal","breadcrumb":{"@id":"https:\/\/www.laguiadepamplona.com\/actualidad\/la-casa-consistorial-abre-sus-puertas-del-2-al-7-de-septiembre-para-conocer-su-historia-y-patrimonio-a-traves-de-visitas-guiadas-con-motivo-del-privilegio-de-la-union\/#breadcrumb"},"inLanguage":"es","potentialAction":[{"@type":"ReadAction","target":["https:\/\/www.laguiadepamplona.com\/actualidad\/la-casa-consistorial-abre-sus-puertas-del-2-al-7-de-septiembre-para-conocer-su-historia-y-patrimonio-a-traves-de-visitas-guiadas-con-motivo-del-privilegio-de-la-union\/"]}]},{"@type":"ImageObject","inLanguage":"es","@id":"https:\/\/www.laguiadepamplona.com\/actualidad\/la-casa-consistorial-abre-sus-puertas-del-2-al-7-de-septiembre-para-conocer-su-historia-y-patrimonio-a-traves-de-visitas-guiadas-con-motivo-del-privilegio-de-la-union\/#primaryimage","url":"https:\/\/www.laguiadepamplona.com\/actualidad\/wp-content\/uploads\/2024\/08\/visitas-privilegio-de-la-union_web.webp","contentUrl":"https:\/\/www.laguiadepamplona.com\/actualidad\/wp-content\/uploads\/2024\/08\/visitas-privilegio-de-la-union_web.webp","width":1000,"height":667,"caption":"visitas privilegio"},{"@type":"BreadcrumbList","@id":"https:\/\/www.laguiadepamplona.com\/actualidad\/la-casa-consistorial-abre-sus-puertas-del-2-al-7-de-septiembre-para-conocer-su-historia-y-patrimonio-a-traves-de-visitas-guiadas-con-motivo-del-privilegio-de-la-union\/#breadcrumb","itemListElement":[{"@type":"ListItem","position":1,"name":"Portada","item":"https:\/\/www.laguiadepamplona.com\/actualidad\/"},{"@type":"ListItem","position":2,"name":"La Casa Consistorial abre sus puertas del 2 al 7 de septiembre para conocer su historia y patrimonio, a trav\u00e9s de visitas guiadas con motivo del Privilegio de la Uni\u00f3n"}]},{"@type":"WebSite","@id":"https:\/\/www.laguiadepamplona.com\/actualidad\/#website","url":"https:\/\/www.laguiadepamplona.com\/actualidad\/","name":"La gu\u00eda de Pamplona","description":"Noticias de Pamplona","publisher":{"@id":"https:\/\/www.laguiadepamplona.com\/actualidad\/#organization"},"potentialAction":[{"@type":"SearchAction","target":{"@type":"EntryPoint","urlTemplate":"https:\/\/www.laguiadepamplona.com\/actualidad\/?s={search_term_string}"},"query-input":{"@type":"PropertyValueSpecification","valueRequired":true,"valueName":"search_term_string"}}],"inLanguage":"es"},{"@type":"Organization","@id":"https:\/\/www.laguiadepamplona.com\/actualidad\/#organization","name":"La Gu\u00eda de Pamplona \/ Noticias","url":"https:\/\/www.laguiadepamplona.com\/actualidad\/","logo":{"@type":"ImageObject","inLanguage":"es","@id":"https:\/\/www.laguiadepamplona.com\/actualidad\/#\/schema\/logo\/image\/","url":"https:\/\/www.laguiadepamplona.com\/actualidad\/wp-content\/uploads\/2018\/11\/logo-laguiadepamplona18-web1.png","contentUrl":"https:\/\/www.laguiadepamplona.com\/actualidad\/wp-content\/uploads\/2018\/11\/logo-laguiadepamplona18-web1.png","width":600,"height":196,"caption":"La Gu\u00eda de Pamplona \/ Noticias"},"image":{"@id":"https:\/\/www.laguiadepamplona.com\/actualidad\/#\/schema\/logo\/image\/"},"sameAs":["https:\/\/www.facebook.com\/laguiadepamplonacom-133175176762273\/?ref=hl","https:\/\/x.com\/LaGuiadPamplona","https:\/\/www.instagram.com\/la_guia_de_pamplona\/","https:\/\/www.youtube.com\/user\/laguiadepamplona"]},{"@type":"Person","@id":"https:\/\/www.laguiadepamplona.com\/actualidad\/#\/schema\/person\/efe887376f0213d4657c93adc50b1fdb","name":"La Gu\u00eda de Pamplona","image":{"@type":"ImageObject","inLanguage":"es","@id":"https:\/\/secure.gravatar.com\/avatar\/b6992f131dc8d30ab0dff15446e9d346d9dbd95992de0fef795073f5ea83a81c?s=96&d=mm&r=g","url":"https:\/\/secure.gravatar.com\/avatar\/b6992f131dc8d30ab0dff15446e9d346d9dbd95992de0fef795073f5ea83a81c?s=96&d=mm&r=g","contentUrl":"https:\/\/secure.gravatar.com\/avatar\/b6992f131dc8d30ab0dff15446e9d346d9dbd95992de0fef795073f5ea83a81c?s=96&d=mm&r=g","caption":"La Gu\u00eda de Pamplona"}}]}},"post_mailing_queue_ids":[],"_links":{"self":[{"href":"https:\/\/www.laguiadepamplona.com\/actualidad\/wp-json\/wp\/v2\/posts\/50609","targetHints":{"allow":["GET"]}}],"collection":[{"href":"https:\/\/www.laguiadepamplona.com\/actualidad\/wp-json\/wp\/v2\/posts"}],"about":[{"href":"https:\/\/www.laguiadepamplona.com\/actualidad\/wp-json\/wp\/v2\/types\/post"}],"author":[{"embeddable":true,"href":"https:\/\/www.laguiadepamplona.com\/actualidad\/wp-json\/wp\/v2\/users\/1"}],"replies":[{"embeddable":true,"href":"https:\/\/www.laguiadepamplona.com\/actualidad\/wp-json\/wp\/v2\/comments?post=50609"}],"version-history":[{"count":1,"href":"https:\/\/www.laguiadepamplona.com\/actualidad\/wp-json\/wp\/v2\/posts\/50609\/revisions"}],"predecessor-version":[{"id":50611,"href":"https:\/\/www.laguiadepamplona.com\/actualidad\/wp-json\/wp\/v2\/posts\/50609\/revisions\/50611"}],"wp:featuredmedia":[{"embeddable":true,"href":"https:\/\/www.laguiadepamplona.com\/actualidad\/wp-json\/wp\/v2\/media\/50610"}],"wp:attachment":[{"href":"https:\/\/www.laguiadepamplona.com\/actualidad\/wp-json\/wp\/v2\/media?parent=50609"}],"wp:term":[{"taxonomy":"category","embeddable":true,"href":"https:\/\/www.laguiadepamplona.com\/actualidad\/wp-json\/wp\/v2\/categories?post=50609"},{"taxonomy":"post_tag","embeddable":true,"href":"https:\/\/www.laguiadepamplona.com\/actualidad\/wp-json\/wp\/v2\/tags?post=50609"}],"curies":[{"name":"wp","href":"https:\/\/api.w.org\/{rel}","templated":true}]}}