{"id":50607,"date":"2024-08-26T17:53:30","date_gmt":"2024-08-26T15:53:30","guid":{"rendered":"https:\/\/www.laguiadepamplona.com\/actualidad\/?p=50607"},"modified":"2024-08-26T17:53:30","modified_gmt":"2024-08-26T15:53:30","slug":"el-ayuntamiento-de-pamplona-abona-este-martes-a-los-agentes-de-la-policia-municipal-los-atrasos-del-complemento-de-pruebas-fisicas-que-recoge-la-ley-foral-de-policias","status":"publish","type":"post","link":"https:\/\/www.laguiadepamplona.com\/actualidad\/el-ayuntamiento-de-pamplona-abona-este-martes-a-los-agentes-de-la-policia-municipal-los-atrasos-del-complemento-de-pruebas-fisicas-que-recoge-la-ley-foral-de-policias\/","title":{"rendered":"El Ayuntamiento de Pamplona abona este martes a los agentes de la Polic\u00eda Municipal los atrasos del complemento de pruebas f\u00edsicas que recoge la Ley Foral de Polic\u00edas"},"content":{"rendered":"<h2>Se pagar\u00e1n los atrasos desde diciembre de 2018 hasta 2022 incluido, lo que supone alrededor de 6,5 millones de euros<\/h2>\n<p><!--more--><\/p>\n<p>Un total de 477 agentes de la Polic\u00eda Municipal de Pamplona van a recibir este martes el abono de los atrasos del complemento econ\u00f3mico por la superaci\u00f3n de pruebas f\u00edsicas. Recogida en la Ley Foral de Polic\u00edas de Navarra y aprobada en su d\u00eda para la Polic\u00eda Foral, la compensaci\u00f3n econ\u00f3mica de un 17% del sueldo inicial por la superaci\u00f3n de pruebas f\u00edsicas, debe aplicarse tambi\u00e9n por sentencia judicial a la Polic\u00eda Municipal de Pamplona. Este abono le supondr\u00e1 al Ayuntamiento de Pamplona un gasto cercano a los 6,5 millones de euros, pues se incluyen tambi\u00e9n los correspondientes pagos a la Seguridad Social.<\/p>\n<p>El complemento se pagar\u00e1 con car\u00e1cter retroactivo desde la primera reclamaci\u00f3n realizada en el Ayuntamiento de Pamplona en diciembre de 2018 hasta el a\u00f1o 2022 incluido en su totalidad. El abono del complemento en 2023 ya se llev\u00f3 a cabo el a\u00f1o pasado. En 2021, una sentencia firme del Tribunal Superior de Justicia de Navarra confirmaba la sentencia del 11 de junio de 2020 del Juzgado Contencioso-Administrativo n\u00ba3 de Pamplona que daba la raz\u00f3n a un polic\u00eda municipal que demand\u00f3 el cobro de ese complemento.<\/p>\n<p>El complemento econ\u00f3mico por superaci\u00f3n de pruebas f\u00edsicas lo cobrar\u00e1n tanto el personal en activo de la plantilla de la Polic\u00eda Municipal de Pamplona como aquellas personas del cuerpo que se hayan jubilado en estos \u00faltimos a\u00f1os. La paga bruta m\u00e1s alta que se abonar\u00e1 asciende a 17.242,11 euros, mientras que la m\u00e1s baja es de 117,16 euros. De media, cada agente recibir\u00e1 10.783,51 euros.<\/p>\n","protected":false},"excerpt":{"rendered":"<p>Se pagar\u00e1n los atrasos desde diciembre de 2018 hasta 2022 incluido, lo que supone alrededor de 6,5 millones de euros<\/p>\n","protected":false},"author":1,"featured_media":34872,"comment_status":"open","ping_status":"closed","sticky":false,"template":"","format":"standard","meta":{"footnotes":""},"categories":[2],"tags":[],"class_list":["post-50607","post","type-post","status-publish","format-standard","has-post-thumbnail","hentry","category-ayuntamiento-pamplona"],"yoast_head":"<!-- This site is optimized with the Yoast SEO plugin v27.3 - https:\/\/yoast.com\/product\/yoast-seo-wordpress\/ -->\n<title>El Ayuntamiento de Pamplona abona este martes a los agentes de la Polic\u00eda Municipal los atrasos del complemento de pruebas f\u00edsicas que recoge la Ley Foral de Polic\u00edas<\/title>\n<meta name=\"description\" content=\"Se pagar\u00e1n los atrasos desde diciembre de 2018 hasta 2022 incluido, lo que supone alrededor de 6,5 millones de euros\" \/>\n<meta name=\"robots\" content=\"index, follow, max-snippet:-1, max-image-preview:large, max-video-preview:-1\" \/>\n<link rel=\"canonical\" href=\"https:\/\/www.laguiadepamplona.com\/actualidad\/el-ayuntamiento-de-pamplona-abona-este-martes-a-los-agentes-de-la-policia-municipal-los-atrasos-del-complemento-de-pruebas-fisicas-que-recoge-la-ley-foral-de-policias\/\" \/>\n<meta property=\"og:locale\" content=\"es_ES\" \/>\n<meta property=\"og:type\" content=\"article\" \/>\n<meta property=\"og:title\" content=\"El Ayuntamiento de Pamplona abona este martes a los agentes de la Polic\u00eda Municipal los atrasos del complemento de pruebas f\u00edsicas que recoge la Ley Foral de Polic\u00edas\" \/>\n<meta property=\"og:description\" content=\"Se pagar\u00e1n los atrasos desde diciembre de 2018 hasta 2022 incluido, lo que supone alrededor de 6,5 millones de euros\" \/>\n<meta property=\"og:url\" content=\"https:\/\/www.laguiadepamplona.com\/actualidad\/el-ayuntamiento-de-pamplona-abona-este-martes-a-los-agentes-de-la-policia-municipal-los-atrasos-del-complemento-de-pruebas-fisicas-que-recoge-la-ley-foral-de-policias\/\" \/>\n<meta property=\"og:site_name\" content=\"La Gu\u00eda de Pamplona\" \/>\n<meta property=\"article:publisher\" content=\"https:\/\/www.facebook.com\/laguiadepamplonacom-133175176762273\/?ref=hl\" \/>\n<meta property=\"article:published_time\" content=\"2024-08-26T15:53:30+00:00\" \/>\n<meta property=\"og:image\" content=\"https:\/\/www.laguiadepamplona.com\/actualidad\/wp-content\/uploads\/2021\/05\/policia_municipal-pamplona.jpg\" \/>\n\t<meta property=\"og:image:width\" content=\"1920\" \/>\n\t<meta property=\"og:image:height\" content=\"1280\" \/>\n\t<meta property=\"og:image:type\" content=\"image\/jpeg\" \/>\n<meta name=\"author\" content=\"La Gu\u00eda de Pamplona\" \/>\n<meta name=\"twitter:card\" content=\"summary_large_image\" \/>\n<meta name=\"twitter:creator\" content=\"@LaGuiadPamplona\" \/>\n<meta name=\"twitter:site\" content=\"@LaGuiadPamplona\" \/>\n<meta name=\"twitter:label1\" content=\"Escrito por\" \/>\n\t<meta name=\"twitter:data1\" content=\"La Gu\u00eda de Pamplona\" \/>\n\t<meta name=\"twitter:label2\" content=\"Tiempo de lectura\" \/>\n\t<meta name=\"twitter:data2\" content=\"2 minutos\" \/>\n<script type=\"application\/ld+json\" class=\"yoast-schema-graph\">{\"@context\":\"https:\\\/\\\/schema.org\",\"@graph\":[{\"@type\":\"Article\",\"@id\":\"https:\\\/\\\/www.laguiadepamplona.com\\\/actualidad\\\/el-ayuntamiento-de-pamplona-abona-este-martes-a-los-agentes-de-la-policia-municipal-los-atrasos-del-complemento-de-pruebas-fisicas-que-recoge-la-ley-foral-de-policias\\\/#article\",\"isPartOf\":{\"@id\":\"https:\\\/\\\/www.laguiadepamplona.com\\\/actualidad\\\/el-ayuntamiento-de-pamplona-abona-este-martes-a-los-agentes-de-la-policia-municipal-los-atrasos-del-complemento-de-pruebas-fisicas-que-recoge-la-ley-foral-de-policias\\\/\"},\"author\":{\"name\":\"La Gu\u00eda de Pamplona\",\"@id\":\"https:\\\/\\\/www.laguiadepamplona.com\\\/actualidad\\\/#\\\/schema\\\/person\\\/efe887376f0213d4657c93adc50b1fdb\"},\"headline\":\"El Ayuntamiento de Pamplona abona este martes a los agentes de la Polic\u00eda Municipal los atrasos del complemento de pruebas f\u00edsicas que recoge la Ley Foral de Polic\u00edas\",\"datePublished\":\"2024-08-26T15:53:30+00:00\",\"mainEntityOfPage\":{\"@id\":\"https:\\\/\\\/www.laguiadepamplona.com\\\/actualidad\\\/el-ayuntamiento-de-pamplona-abona-este-martes-a-los-agentes-de-la-policia-municipal-los-atrasos-del-complemento-de-pruebas-fisicas-que-recoge-la-ley-foral-de-policias\\\/\"},\"wordCount\":318,\"commentCount\":0,\"publisher\":{\"@id\":\"https:\\\/\\\/www.laguiadepamplona.com\\\/actualidad\\\/#organization\"},\"image\":{\"@id\":\"https:\\\/\\\/www.laguiadepamplona.com\\\/actualidad\\\/el-ayuntamiento-de-pamplona-abona-este-martes-a-los-agentes-de-la-policia-municipal-los-atrasos-del-complemento-de-pruebas-fisicas-que-recoge-la-ley-foral-de-policias\\\/#primaryimage\"},\"thumbnailUrl\":\"https:\\\/\\\/www.laguiadepamplona.com\\\/actualidad\\\/wp-content\\\/uploads\\\/2021\\\/05\\\/policia_municipal-pamplona.jpg\",\"articleSection\":[\"Ayto Pamplona\"],\"inLanguage\":\"es\",\"potentialAction\":[{\"@type\":\"CommentAction\",\"name\":\"Comment\",\"target\":[\"https:\\\/\\\/www.laguiadepamplona.com\\\/actualidad\\\/el-ayuntamiento-de-pamplona-abona-este-martes-a-los-agentes-de-la-policia-municipal-los-atrasos-del-complemento-de-pruebas-fisicas-que-recoge-la-ley-foral-de-policias\\\/#respond\"]}]},{\"@type\":\"WebPage\",\"@id\":\"https:\\\/\\\/www.laguiadepamplona.com\\\/actualidad\\\/el-ayuntamiento-de-pamplona-abona-este-martes-a-los-agentes-de-la-policia-municipal-los-atrasos-del-complemento-de-pruebas-fisicas-que-recoge-la-ley-foral-de-policias\\\/\",\"url\":\"https:\\\/\\\/www.laguiadepamplona.com\\\/actualidad\\\/el-ayuntamiento-de-pamplona-abona-este-martes-a-los-agentes-de-la-policia-municipal-los-atrasos-del-complemento-de-pruebas-fisicas-que-recoge-la-ley-foral-de-policias\\\/\",\"name\":\"El Ayuntamiento de Pamplona abona este martes a los agentes de la Polic\u00eda Municipal los atrasos del complemento de pruebas f\u00edsicas que recoge la Ley Foral de Polic\u00edas\",\"isPartOf\":{\"@id\":\"https:\\\/\\\/www.laguiadepamplona.com\\\/actualidad\\\/#website\"},\"primaryImageOfPage\":{\"@id\":\"https:\\\/\\\/www.laguiadepamplona.com\\\/actualidad\\\/el-ayuntamiento-de-pamplona-abona-este-martes-a-los-agentes-de-la-policia-municipal-los-atrasos-del-complemento-de-pruebas-fisicas-que-recoge-la-ley-foral-de-policias\\\/#primaryimage\"},\"image\":{\"@id\":\"https:\\\/\\\/www.laguiadepamplona.com\\\/actualidad\\\/el-ayuntamiento-de-pamplona-abona-este-martes-a-los-agentes-de-la-policia-municipal-los-atrasos-del-complemento-de-pruebas-fisicas-que-recoge-la-ley-foral-de-policias\\\/#primaryimage\"},\"thumbnailUrl\":\"https:\\\/\\\/www.laguiadepamplona.com\\\/actualidad\\\/wp-content\\\/uploads\\\/2021\\\/05\\\/policia_municipal-pamplona.jpg\",\"datePublished\":\"2024-08-26T15:53:30+00:00\",\"description\":\"Se pagar\u00e1n los atrasos desde diciembre de 2018 hasta 2022 incluido, lo que supone alrededor de 6,5 millones de euros\",\"breadcrumb\":{\"@id\":\"https:\\\/\\\/www.laguiadepamplona.com\\\/actualidad\\\/el-ayuntamiento-de-pamplona-abona-este-martes-a-los-agentes-de-la-policia-municipal-los-atrasos-del-complemento-de-pruebas-fisicas-que-recoge-la-ley-foral-de-policias\\\/#breadcrumb\"},\"inLanguage\":\"es\",\"potentialAction\":[{\"@type\":\"ReadAction\",\"target\":[\"https:\\\/\\\/www.laguiadepamplona.com\\\/actualidad\\\/el-ayuntamiento-de-pamplona-abona-este-martes-a-los-agentes-de-la-policia-municipal-los-atrasos-del-complemento-de-pruebas-fisicas-que-recoge-la-ley-foral-de-policias\\\/\"]}]},{\"@type\":\"ImageObject\",\"inLanguage\":\"es\",\"@id\":\"https:\\\/\\\/www.laguiadepamplona.com\\\/actualidad\\\/el-ayuntamiento-de-pamplona-abona-este-martes-a-los-agentes-de-la-policia-municipal-los-atrasos-del-complemento-de-pruebas-fisicas-que-recoge-la-ley-foral-de-policias\\\/#primaryimage\",\"url\":\"https:\\\/\\\/www.laguiadepamplona.com\\\/actualidad\\\/wp-content\\\/uploads\\\/2021\\\/05\\\/policia_municipal-pamplona.jpg\",\"contentUrl\":\"https:\\\/\\\/www.laguiadepamplona.com\\\/actualidad\\\/wp-content\\\/uploads\\\/2021\\\/05\\\/policia_municipal-pamplona.jpg\",\"width\":1920,\"height\":1280,\"caption\":\"polic\u00eda municipal\"},{\"@type\":\"BreadcrumbList\",\"@id\":\"https:\\\/\\\/www.laguiadepamplona.com\\\/actualidad\\\/el-ayuntamiento-de-pamplona-abona-este-martes-a-los-agentes-de-la-policia-municipal-los-atrasos-del-complemento-de-pruebas-fisicas-que-recoge-la-ley-foral-de-policias\\\/#breadcrumb\",\"itemListElement\":[{\"@type\":\"ListItem\",\"position\":1,\"name\":\"Portada\",\"item\":\"https:\\\/\\\/www.laguiadepamplona.com\\\/actualidad\\\/\"},{\"@type\":\"ListItem\",\"position\":2,\"name\":\"El Ayuntamiento de Pamplona abona este martes a los agentes de la Polic\u00eda Municipal los atrasos del complemento de pruebas f\u00edsicas que recoge la Ley Foral de Polic\u00edas\"}]},{\"@type\":\"WebSite\",\"@id\":\"https:\\\/\\\/www.laguiadepamplona.com\\\/actualidad\\\/#website\",\"url\":\"https:\\\/\\\/www.laguiadepamplona.com\\\/actualidad\\\/\",\"name\":\"La gu\u00eda de Pamplona\",\"description\":\"Noticias de Pamplona\",\"publisher\":{\"@id\":\"https:\\\/\\\/www.laguiadepamplona.com\\\/actualidad\\\/#organization\"},\"potentialAction\":[{\"@type\":\"SearchAction\",\"target\":{\"@type\":\"EntryPoint\",\"urlTemplate\":\"https:\\\/\\\/www.laguiadepamplona.com\\\/actualidad\\\/?s={search_term_string}\"},\"query-input\":{\"@type\":\"PropertyValueSpecification\",\"valueRequired\":true,\"valueName\":\"search_term_string\"}}],\"inLanguage\":\"es\"},{\"@type\":\"Organization\",\"@id\":\"https:\\\/\\\/www.laguiadepamplona.com\\\/actualidad\\\/#organization\",\"name\":\"La Gu\u00eda de Pamplona \\\/ Noticias\",\"url\":\"https:\\\/\\\/www.laguiadepamplona.com\\\/actualidad\\\/\",\"logo\":{\"@type\":\"ImageObject\",\"inLanguage\":\"es\",\"@id\":\"https:\\\/\\\/www.laguiadepamplona.com\\\/actualidad\\\/#\\\/schema\\\/logo\\\/image\\\/\",\"url\":\"https:\\\/\\\/www.laguiadepamplona.com\\\/actualidad\\\/wp-content\\\/uploads\\\/2018\\\/11\\\/logo-laguiadepamplona18-web1.png\",\"contentUrl\":\"https:\\\/\\\/www.laguiadepamplona.com\\\/actualidad\\\/wp-content\\\/uploads\\\/2018\\\/11\\\/logo-laguiadepamplona18-web1.png\",\"width\":600,\"height\":196,\"caption\":\"La Gu\u00eda de Pamplona \\\/ Noticias\"},\"image\":{\"@id\":\"https:\\\/\\\/www.laguiadepamplona.com\\\/actualidad\\\/#\\\/schema\\\/logo\\\/image\\\/\"},\"sameAs\":[\"https:\\\/\\\/www.facebook.com\\\/laguiadepamplonacom-133175176762273\\\/?ref=hl\",\"https:\\\/\\\/x.com\\\/LaGuiadPamplona\",\"https:\\\/\\\/www.instagram.com\\\/la_guia_de_pamplona\\\/\",\"https:\\\/\\\/www.youtube.com\\\/user\\\/laguiadepamplona\"]},{\"@type\":\"Person\",\"@id\":\"https:\\\/\\\/www.laguiadepamplona.com\\\/actualidad\\\/#\\\/schema\\\/person\\\/efe887376f0213d4657c93adc50b1fdb\",\"name\":\"La Gu\u00eda de Pamplona\",\"image\":{\"@type\":\"ImageObject\",\"inLanguage\":\"es\",\"@id\":\"https:\\\/\\\/secure.gravatar.com\\\/avatar\\\/b6992f131dc8d30ab0dff15446e9d346d9dbd95992de0fef795073f5ea83a81c?s=96&d=mm&r=g\",\"url\":\"https:\\\/\\\/secure.gravatar.com\\\/avatar\\\/b6992f131dc8d30ab0dff15446e9d346d9dbd95992de0fef795073f5ea83a81c?s=96&d=mm&r=g\",\"contentUrl\":\"https:\\\/\\\/secure.gravatar.com\\\/avatar\\\/b6992f131dc8d30ab0dff15446e9d346d9dbd95992de0fef795073f5ea83a81c?s=96&d=mm&r=g\",\"caption\":\"La Gu\u00eda de Pamplona\"}}]}<\/script>\n<!-- \/ Yoast SEO plugin. -->","yoast_head_json":{"title":"El Ayuntamiento de Pamplona abona este martes a los agentes de la Polic\u00eda Municipal los atrasos del complemento de pruebas f\u00edsicas que recoge la Ley Foral de Polic\u00edas","description":"Se pagar\u00e1n los atrasos desde diciembre de 2018 hasta 2022 incluido, lo que supone alrededor de 6,5 millones de euros","robots":{"index":"index","follow":"follow","max-snippet":"max-snippet:-1","max-image-preview":"max-image-preview:large","max-video-preview":"max-video-preview:-1"},"canonical":"https:\/\/www.laguiadepamplona.com\/actualidad\/el-ayuntamiento-de-pamplona-abona-este-martes-a-los-agentes-de-la-policia-municipal-los-atrasos-del-complemento-de-pruebas-fisicas-que-recoge-la-ley-foral-de-policias\/","og_locale":"es_ES","og_type":"article","og_title":"El Ayuntamiento de Pamplona abona este martes a los agentes de la Polic\u00eda Municipal los atrasos del complemento de pruebas f\u00edsicas que recoge la Ley Foral de Polic\u00edas","og_description":"Se pagar\u00e1n los atrasos desde diciembre de 2018 hasta 2022 incluido, lo que supone alrededor de 6,5 millones de euros","og_url":"https:\/\/www.laguiadepamplona.com\/actualidad\/el-ayuntamiento-de-pamplona-abona-este-martes-a-los-agentes-de-la-policia-municipal-los-atrasos-del-complemento-de-pruebas-fisicas-que-recoge-la-ley-foral-de-policias\/","og_site_name":"La Gu\u00eda de Pamplona","article_publisher":"https:\/\/www.facebook.com\/laguiadepamplonacom-133175176762273\/?ref=hl","article_published_time":"2024-08-26T15:53:30+00:00","og_image":[{"width":1920,"height":1280,"url":"https:\/\/www.laguiadepamplona.com\/actualidad\/wp-content\/uploads\/2021\/05\/policia_municipal-pamplona.jpg","type":"image\/jpeg"}],"author":"La Gu\u00eda de Pamplona","twitter_card":"summary_large_image","twitter_creator":"@LaGuiadPamplona","twitter_site":"@LaGuiadPamplona","twitter_misc":{"Escrito por":"La Gu\u00eda de Pamplona","Tiempo de lectura":"2 minutos"},"schema":{"@context":"https:\/\/schema.org","@graph":[{"@type":"Article","@id":"https:\/\/www.laguiadepamplona.com\/actualidad\/el-ayuntamiento-de-pamplona-abona-este-martes-a-los-agentes-de-la-policia-municipal-los-atrasos-del-complemento-de-pruebas-fisicas-que-recoge-la-ley-foral-de-policias\/#article","isPartOf":{"@id":"https:\/\/www.laguiadepamplona.com\/actualidad\/el-ayuntamiento-de-pamplona-abona-este-martes-a-los-agentes-de-la-policia-municipal-los-atrasos-del-complemento-de-pruebas-fisicas-que-recoge-la-ley-foral-de-policias\/"},"author":{"name":"La Gu\u00eda de Pamplona","@id":"https:\/\/www.laguiadepamplona.com\/actualidad\/#\/schema\/person\/efe887376f0213d4657c93adc50b1fdb"},"headline":"El Ayuntamiento de Pamplona abona este martes a los agentes de la Polic\u00eda Municipal los atrasos del complemento de pruebas f\u00edsicas que recoge la Ley Foral de Polic\u00edas","datePublished":"2024-08-26T15:53:30+00:00","mainEntityOfPage":{"@id":"https:\/\/www.laguiadepamplona.com\/actualidad\/el-ayuntamiento-de-pamplona-abona-este-martes-a-los-agentes-de-la-policia-municipal-los-atrasos-del-complemento-de-pruebas-fisicas-que-recoge-la-ley-foral-de-policias\/"},"wordCount":318,"commentCount":0,"publisher":{"@id":"https:\/\/www.laguiadepamplona.com\/actualidad\/#organization"},"image":{"@id":"https:\/\/www.laguiadepamplona.com\/actualidad\/el-ayuntamiento-de-pamplona-abona-este-martes-a-los-agentes-de-la-policia-municipal-los-atrasos-del-complemento-de-pruebas-fisicas-que-recoge-la-ley-foral-de-policias\/#primaryimage"},"thumbnailUrl":"https:\/\/www.laguiadepamplona.com\/actualidad\/wp-content\/uploads\/2021\/05\/policia_municipal-pamplona.jpg","articleSection":["Ayto Pamplona"],"inLanguage":"es","potentialAction":[{"@type":"CommentAction","name":"Comment","target":["https:\/\/www.laguiadepamplona.com\/actualidad\/el-ayuntamiento-de-pamplona-abona-este-martes-a-los-agentes-de-la-policia-municipal-los-atrasos-del-complemento-de-pruebas-fisicas-que-recoge-la-ley-foral-de-policias\/#respond"]}]},{"@type":"WebPage","@id":"https:\/\/www.laguiadepamplona.com\/actualidad\/el-ayuntamiento-de-pamplona-abona-este-martes-a-los-agentes-de-la-policia-municipal-los-atrasos-del-complemento-de-pruebas-fisicas-que-recoge-la-ley-foral-de-policias\/","url":"https:\/\/www.laguiadepamplona.com\/actualidad\/el-ayuntamiento-de-pamplona-abona-este-martes-a-los-agentes-de-la-policia-municipal-los-atrasos-del-complemento-de-pruebas-fisicas-que-recoge-la-ley-foral-de-policias\/","name":"El Ayuntamiento de Pamplona abona este martes a los agentes de la Polic\u00eda Municipal los atrasos del complemento de pruebas f\u00edsicas que recoge la Ley Foral de Polic\u00edas","isPartOf":{"@id":"https:\/\/www.laguiadepamplona.com\/actualidad\/#website"},"primaryImageOfPage":{"@id":"https:\/\/www.laguiadepamplona.com\/actualidad\/el-ayuntamiento-de-pamplona-abona-este-martes-a-los-agentes-de-la-policia-municipal-los-atrasos-del-complemento-de-pruebas-fisicas-que-recoge-la-ley-foral-de-policias\/#primaryimage"},"image":{"@id":"https:\/\/www.laguiadepamplona.com\/actualidad\/el-ayuntamiento-de-pamplona-abona-este-martes-a-los-agentes-de-la-policia-municipal-los-atrasos-del-complemento-de-pruebas-fisicas-que-recoge-la-ley-foral-de-policias\/#primaryimage"},"thumbnailUrl":"https:\/\/www.laguiadepamplona.com\/actualidad\/wp-content\/uploads\/2021\/05\/policia_municipal-pamplona.jpg","datePublished":"2024-08-26T15:53:30+00:00","description":"Se pagar\u00e1n los atrasos desde diciembre de 2018 hasta 2022 incluido, lo que supone alrededor de 6,5 millones de euros","breadcrumb":{"@id":"https:\/\/www.laguiadepamplona.com\/actualidad\/el-ayuntamiento-de-pamplona-abona-este-martes-a-los-agentes-de-la-policia-municipal-los-atrasos-del-complemento-de-pruebas-fisicas-que-recoge-la-ley-foral-de-policias\/#breadcrumb"},"inLanguage":"es","potentialAction":[{"@type":"ReadAction","target":["https:\/\/www.laguiadepamplona.com\/actualidad\/el-ayuntamiento-de-pamplona-abona-este-martes-a-los-agentes-de-la-policia-municipal-los-atrasos-del-complemento-de-pruebas-fisicas-que-recoge-la-ley-foral-de-policias\/"]}]},{"@type":"ImageObject","inLanguage":"es","@id":"https:\/\/www.laguiadepamplona.com\/actualidad\/el-ayuntamiento-de-pamplona-abona-este-martes-a-los-agentes-de-la-policia-municipal-los-atrasos-del-complemento-de-pruebas-fisicas-que-recoge-la-ley-foral-de-policias\/#primaryimage","url":"https:\/\/www.laguiadepamplona.com\/actualidad\/wp-content\/uploads\/2021\/05\/policia_municipal-pamplona.jpg","contentUrl":"https:\/\/www.laguiadepamplona.com\/actualidad\/wp-content\/uploads\/2021\/05\/policia_municipal-pamplona.jpg","width":1920,"height":1280,"caption":"polic\u00eda municipal"},{"@type":"BreadcrumbList","@id":"https:\/\/www.laguiadepamplona.com\/actualidad\/el-ayuntamiento-de-pamplona-abona-este-martes-a-los-agentes-de-la-policia-municipal-los-atrasos-del-complemento-de-pruebas-fisicas-que-recoge-la-ley-foral-de-policias\/#breadcrumb","itemListElement":[{"@type":"ListItem","position":1,"name":"Portada","item":"https:\/\/www.laguiadepamplona.com\/actualidad\/"},{"@type":"ListItem","position":2,"name":"El Ayuntamiento de Pamplona abona este martes a los agentes de la Polic\u00eda Municipal los atrasos del complemento de pruebas f\u00edsicas que recoge la Ley Foral de Polic\u00edas"}]},{"@type":"WebSite","@id":"https:\/\/www.laguiadepamplona.com\/actualidad\/#website","url":"https:\/\/www.laguiadepamplona.com\/actualidad\/","name":"La gu\u00eda de Pamplona","description":"Noticias de Pamplona","publisher":{"@id":"https:\/\/www.laguiadepamplona.com\/actualidad\/#organization"},"potentialAction":[{"@type":"SearchAction","target":{"@type":"EntryPoint","urlTemplate":"https:\/\/www.laguiadepamplona.com\/actualidad\/?s={search_term_string}"},"query-input":{"@type":"PropertyValueSpecification","valueRequired":true,"valueName":"search_term_string"}}],"inLanguage":"es"},{"@type":"Organization","@id":"https:\/\/www.laguiadepamplona.com\/actualidad\/#organization","name":"La Gu\u00eda de Pamplona \/ Noticias","url":"https:\/\/www.laguiadepamplona.com\/actualidad\/","logo":{"@type":"ImageObject","inLanguage":"es","@id":"https:\/\/www.laguiadepamplona.com\/actualidad\/#\/schema\/logo\/image\/","url":"https:\/\/www.laguiadepamplona.com\/actualidad\/wp-content\/uploads\/2018\/11\/logo-laguiadepamplona18-web1.png","contentUrl":"https:\/\/www.laguiadepamplona.com\/actualidad\/wp-content\/uploads\/2018\/11\/logo-laguiadepamplona18-web1.png","width":600,"height":196,"caption":"La Gu\u00eda de Pamplona \/ Noticias"},"image":{"@id":"https:\/\/www.laguiadepamplona.com\/actualidad\/#\/schema\/logo\/image\/"},"sameAs":["https:\/\/www.facebook.com\/laguiadepamplonacom-133175176762273\/?ref=hl","https:\/\/x.com\/LaGuiadPamplona","https:\/\/www.instagram.com\/la_guia_de_pamplona\/","https:\/\/www.youtube.com\/user\/laguiadepamplona"]},{"@type":"Person","@id":"https:\/\/www.laguiadepamplona.com\/actualidad\/#\/schema\/person\/efe887376f0213d4657c93adc50b1fdb","name":"La Gu\u00eda de Pamplona","image":{"@type":"ImageObject","inLanguage":"es","@id":"https:\/\/secure.gravatar.com\/avatar\/b6992f131dc8d30ab0dff15446e9d346d9dbd95992de0fef795073f5ea83a81c?s=96&d=mm&r=g","url":"https:\/\/secure.gravatar.com\/avatar\/b6992f131dc8d30ab0dff15446e9d346d9dbd95992de0fef795073f5ea83a81c?s=96&d=mm&r=g","contentUrl":"https:\/\/secure.gravatar.com\/avatar\/b6992f131dc8d30ab0dff15446e9d346d9dbd95992de0fef795073f5ea83a81c?s=96&d=mm&r=g","caption":"La Gu\u00eda de Pamplona"}}]}},"post_mailing_queue_ids":[],"_links":{"self":[{"href":"https:\/\/www.laguiadepamplona.com\/actualidad\/wp-json\/wp\/v2\/posts\/50607","targetHints":{"allow":["GET"]}}],"collection":[{"href":"https:\/\/www.laguiadepamplona.com\/actualidad\/wp-json\/wp\/v2\/posts"}],"about":[{"href":"https:\/\/www.laguiadepamplona.com\/actualidad\/wp-json\/wp\/v2\/types\/post"}],"author":[{"embeddable":true,"href":"https:\/\/www.laguiadepamplona.com\/actualidad\/wp-json\/wp\/v2\/users\/1"}],"replies":[{"embeddable":true,"href":"https:\/\/www.laguiadepamplona.com\/actualidad\/wp-json\/wp\/v2\/comments?post=50607"}],"version-history":[{"count":1,"href":"https:\/\/www.laguiadepamplona.com\/actualidad\/wp-json\/wp\/v2\/posts\/50607\/revisions"}],"predecessor-version":[{"id":50608,"href":"https:\/\/www.laguiadepamplona.com\/actualidad\/wp-json\/wp\/v2\/posts\/50607\/revisions\/50608"}],"wp:featuredmedia":[{"embeddable":true,"href":"https:\/\/www.laguiadepamplona.com\/actualidad\/wp-json\/wp\/v2\/media\/34872"}],"wp:attachment":[{"href":"https:\/\/www.laguiadepamplona.com\/actualidad\/wp-json\/wp\/v2\/media?parent=50607"}],"wp:term":[{"taxonomy":"category","embeddable":true,"href":"https:\/\/www.laguiadepamplona.com\/actualidad\/wp-json\/wp\/v2\/categories?post=50607"},{"taxonomy":"post_tag","embeddable":true,"href":"https:\/\/www.laguiadepamplona.com\/actualidad\/wp-json\/wp\/v2\/tags?post=50607"}],"curies":[{"name":"wp","href":"https:\/\/api.w.org\/{rel}","templated":true}]}}