{"id":50602,"date":"2024-08-23T17:38:22","date_gmt":"2024-08-23T15:38:22","guid":{"rendered":"https:\/\/www.laguiadepamplona.com\/actualidad\/?p=50602"},"modified":"2024-08-23T17:38:22","modified_gmt":"2024-08-23T15:38:22","slug":"una-pelicula-fantastica-rodada-en-euskera-y-tres-comedias-se-sucederan-la-semana-que-viene-poniendo-fin-al-programa-noches-de-cine-2024","status":"publish","type":"post","link":"https:\/\/www.laguiadepamplona.com\/actualidad\/una-pelicula-fantastica-rodada-en-euskera-y-tres-comedias-se-sucederan-la-semana-que-viene-poniendo-fin-al-programa-noches-de-cine-2024\/","title":{"rendered":"Una pel\u00edcula fant\u00e1stica rodada en euskera y tres comedias se suceder\u00e1n la semana que viene, poniendo fin al programa \u2018Noches de cine\u2019 2024"},"content":{"rendered":"<h2>Este programa de ocio estival comenz\u00f3 en el a\u00f1o 1997 y se desarrolla cada verano a trav\u00e9s de la red Civivox<\/h2>\n<p><!--more--><\/p>\n<p>Esta pr\u00f3xima semana el ciclo municipal de proyecciones cinematogr\u00e1ficas encara su recta final con la exhibici\u00f3n de las cuatro \u00faltimas pel\u00edculas de Noches de cine. Las citas son en Casco Antiguo, Txantrea, Iturrama y Milagrosa. Cuando el jueves se apague el proyector, habr\u00e1n sido 22 los filmes puestos a disposici\u00f3n de la ciudadan\u00eda desde el 30 de julio.<\/p>\n<p>Cada noche, de lunes a viernes, un largometraje diferente, en una cartelera que abarca g\u00e9neros diversos y con un dise\u00f1o pensado, en la mayor\u00eda de los casos, para el p\u00fablico familiar, infantil y juvenil. El lugar de proyecci\u00f3n cambia cada jornada, pero la hora ser\u00e1 siempre la misma, cuando ya ha bajado la luz diurna, a las 22 horas. Este programa de ocio estival, que se desarrolla a trav\u00e9s de la red Civivox comenz\u00f3 en el a\u00f1o 1997, inicialmente con nueve sesiones de cine; a lo largo de estos a\u00f1os las propuestas han ido modific\u00e1ndose, tanto en extensi\u00f3n y ubicaciones, como en tem\u00e1ticas, hasta alcanzar su dimensi\u00f3n actual.<\/p>\n<p>\u2018Irati\u2019 (Espa\u00f1a, 2022, 11\u2019); \u2018Ruby: Aventuras de una kraken adolescente\u2019 (EEUU, 2023, 90\u2019); \u2018Como Dios manda\u2019 (Espa\u00f1a. 2023, 99\u2019) y \u2018\u00a1Vaya vacaciones!\u2019 (Espa\u00f1a, 2023. 90\u2019), ser\u00e1n los cuatro \u00faltimos filmes que se proyectar\u00e1n en el programa, lunes, martes, mi\u00e9rcoles y jueves, respectivamente, de la semana que viene.<\/p>\n<p>La primera cinta, \u2018Irati\u2019, se exhibir\u00e1 en euskera, el idioma en el que fue rodada, el lunes 26 de agosto en la plaza de San Francisco. Es la \u00fanica de las cuatro de la pr\u00f3xima semana que no es una comedia. Es un filme fant\u00e1stico y \u00e9pico situado en un escenario medieval del siglo VIII. Es tambi\u00e9n una pel\u00edcula donde la mitolog\u00eda adquiere gran peso. El cristianismo se extiende por Europa mientras las creencias paganas desaparecen. Ante el ataque del ej\u00e9rcito de Carlomagno atravesando los Pirineos, el l\u00edder del valle pide ayuda a una diosa ancestral, pero todo pacto tiene un precio\u2026 Paul Urkijo Alijo se encarga de la direcci\u00f3n de este filme que fue rodado en localizaciones de \u00c1lava, Guip\u00fazcoa, Bizkaia, Navarra y Huesca y que cuenta con una potente banda sonora. Nominada a 5 Goyas, la pel\u00edcula se alz\u00f3 con el Premio del p\u00fablico y el Premio a los mejores efectos especiales en el 55 Festival Internacional de Cinema de Catalunya &#8211; Sitges 2022.<\/p>\n<p><strong>Tres noches de comedia<\/strong><\/p>\n<p>\u2018Ruby: Aventuras de una kraken adolescente\u2019 (EEUU, 2023, 90\u2019) es una comedia fant\u00e1stica de animaci\u00f3n. La dulce y algo torpe Ruby Gillman tiene 16 a\u00f1os y solo quiere encajar con sus compa\u00f1eros del instituto Oceanside High. Cuando se salta la prohibici\u00f3n de meterse en el agua, Ruby descubre que desciende de las grandes reinas guerreras de los Kraken y que est\u00e1 destinada a heredar el trono de su exigente abuela, la Reina Guerrera de los Siete Mares. Esta cinta, calificada por todos los p\u00fablicos, se proyectar\u00e1 el martes 27 de agosto en la plaza Arriurdi\u00f1eta de Txantrea.<\/p>\n<p>El mi\u00e9rcoles 28 el proyector municipal se encender\u00e1 en el boulevard de Iturrama con la pel\u00edcula \u2018Como Dios manda\u2019 (Espa\u00f1a, 2023, 99\u2019) para p\u00fablico a partir de 7 a\u00f1os. Leo Harlem y Mar\u00eda Morales, bajo la direcci\u00f3n de Paz Jimenez abordan un argumento en el que un estricto funcionario del Ministerio de Hacienda que cree que la vida tiene un orden natural, jer\u00e1rquico e inamovible, va a parar al Ministerio de Igualdad donde sus estereotipos saltar\u00e1n en pedazos.<\/p>\n<p>Finalmente, para concluir el ciclo, \u2018Noches de cine\u2019 2024 se trasladar\u00e1 a la plaza Alfredo Florist\u00e1n de Milagrosa con la pel\u00edcula \u00a1Vaya vacaciones! (Espa\u00f1a, 2023, 90\u2019), de V\u00edctor Garc\u00eda Le\u00f3n. Tito Valverde, Gracia Olayo y Toni Acosta, entre otros, interpretan un argumento de enfrentamiento entre abuelos cuidadores y nietos de los que se tienen que hacer cargo mientras que el eslab\u00f3n intermedio, los hijos, han mentido sobre el motivo de su ausencia para irse de vacaciones a Bali.<\/p>\n<p>&nbsp;<\/p>\n<h3>\u00daltimos t\u00edtulos de \u2018Noches de cine\u2019 2024<\/h3>\n<ul>\n<li><strong>Lunes 26 de agosto<\/strong>\n<ul>\n<li>Irati (Espa\u00f1a, 2022, 11\u2019). En euskera<\/li>\n<li>Para mayores de 16 a\u00f1os)<\/li>\n<li>Plaza de San Francisco. Casco Antiguo<\/li>\n<\/ul>\n<\/li>\n<li><strong>Martes 27 de agosto<\/strong>\n<ul>\n<li>Ruby: Aventuras de una kraken adolescente (EEUU, 2023, 90\u2019)<\/li>\n<li>Para todos los p\u00fablicos)<\/li>\n<li>Plaza Arriurdi\u00f1eta. Txantrea<\/li>\n<\/ul>\n<\/li>\n<li><strong>Mi\u00e9rcoles 28 de agosto<\/strong>\n<ul>\n<li>Como Dios manda (Espa\u00f1a, 2023, 99\u2019)<\/li>\n<li>Para mayores de siete a\u00f1os<\/li>\n<li>Boulevard de Iturrama<\/li>\n<\/ul>\n<\/li>\n<li><strong>Jueves 29 de agosto<\/strong>\n<ul>\n<li>\u00a1Vaya vacaciones! (Espa\u00f1a, 2023, 90\u2019)<\/li>\n<li>Para mayores de siete a\u00f1os<\/li>\n<li>Plaza de Alfredo Florist\u00e1n. Milagrosa<\/li>\n<\/ul>\n<\/li>\n<\/ul>\n","protected":false},"excerpt":{"rendered":"<p>Este programa de ocio estival comenz\u00f3 en el a\u00f1o 1997 y se desarrolla cada verano a trav\u00e9s de la red Civivox<\/p>\n","protected":false},"author":1,"featured_media":23391,"comment_status":"open","ping_status":"closed","sticky":false,"template":"","format":"standard","meta":{"footnotes":""},"categories":[2],"tags":[],"class_list":["post-50602","post","type-post","status-publish","format-standard","has-post-thumbnail","hentry","category-ayuntamiento-pamplona"],"yoast_head":"<!-- This site is optimized with the Yoast SEO plugin v27.3 - https:\/\/yoast.com\/product\/yoast-seo-wordpress\/ -->\n<title>Una pel\u00edcula fant\u00e1stica rodada en euskera y tres comedias se suceder\u00e1n la semana que viene, poniendo fin al programa \u2018Noches de cine\u2019 2024<\/title>\n<meta name=\"description\" content=\"Este programa de ocio estival comenz\u00f3 en el a\u00f1o 1997 y se desarrolla cada verano a trav\u00e9s de la red Civivox\" \/>\n<meta name=\"robots\" content=\"index, follow, max-snippet:-1, max-image-preview:large, max-video-preview:-1\" \/>\n<link rel=\"canonical\" href=\"https:\/\/www.laguiadepamplona.com\/actualidad\/una-pelicula-fantastica-rodada-en-euskera-y-tres-comedias-se-sucederan-la-semana-que-viene-poniendo-fin-al-programa-noches-de-cine-2024\/\" \/>\n<meta property=\"og:locale\" content=\"es_ES\" \/>\n<meta property=\"og:type\" content=\"article\" \/>\n<meta property=\"og:title\" content=\"Una pel\u00edcula fant\u00e1stica rodada en euskera y tres comedias se suceder\u00e1n la semana que viene, poniendo fin al programa \u2018Noches de cine\u2019 2024\" \/>\n<meta property=\"og:description\" content=\"Este programa de ocio estival comenz\u00f3 en el a\u00f1o 1997 y se desarrolla cada verano a trav\u00e9s de la red Civivox\" \/>\n<meta property=\"og:url\" content=\"https:\/\/www.laguiadepamplona.com\/actualidad\/una-pelicula-fantastica-rodada-en-euskera-y-tres-comedias-se-sucederan-la-semana-que-viene-poniendo-fin-al-programa-noches-de-cine-2024\/\" \/>\n<meta property=\"og:site_name\" content=\"La Gu\u00eda de Pamplona\" \/>\n<meta property=\"article:publisher\" content=\"https:\/\/www.facebook.com\/laguiadepamplonacom-133175176762273\/?ref=hl\" \/>\n<meta property=\"article:published_time\" content=\"2024-08-23T15:38:22+00:00\" \/>\n<meta property=\"og:image\" content=\"https:\/\/www.laguiadepamplona.com\/actualidad\/wp-content\/uploads\/2019\/07\/noches-de-cine.jpg\" \/>\n\t<meta property=\"og:image:width\" content=\"1800\" \/>\n\t<meta property=\"og:image:height\" content=\"1035\" \/>\n\t<meta property=\"og:image:type\" content=\"image\/jpeg\" \/>\n<meta name=\"author\" content=\"La Gu\u00eda de Pamplona\" \/>\n<meta name=\"twitter:card\" content=\"summary_large_image\" \/>\n<meta name=\"twitter:creator\" content=\"@LaGuiadPamplona\" \/>\n<meta name=\"twitter:site\" content=\"@LaGuiadPamplona\" \/>\n<meta name=\"twitter:label1\" content=\"Escrito por\" \/>\n\t<meta name=\"twitter:data1\" content=\"La Gu\u00eda de Pamplona\" \/>\n\t<meta name=\"twitter:label2\" content=\"Tiempo de lectura\" \/>\n\t<meta name=\"twitter:data2\" content=\"4 minutos\" \/>\n<script type=\"application\/ld+json\" class=\"yoast-schema-graph\">{\"@context\":\"https:\\\/\\\/schema.org\",\"@graph\":[{\"@type\":\"Article\",\"@id\":\"https:\\\/\\\/www.laguiadepamplona.com\\\/actualidad\\\/una-pelicula-fantastica-rodada-en-euskera-y-tres-comedias-se-sucederan-la-semana-que-viene-poniendo-fin-al-programa-noches-de-cine-2024\\\/#article\",\"isPartOf\":{\"@id\":\"https:\\\/\\\/www.laguiadepamplona.com\\\/actualidad\\\/una-pelicula-fantastica-rodada-en-euskera-y-tres-comedias-se-sucederan-la-semana-que-viene-poniendo-fin-al-programa-noches-de-cine-2024\\\/\"},\"author\":{\"name\":\"La Gu\u00eda de Pamplona\",\"@id\":\"https:\\\/\\\/www.laguiadepamplona.com\\\/actualidad\\\/#\\\/schema\\\/person\\\/efe887376f0213d4657c93adc50b1fdb\"},\"headline\":\"Una pel\u00edcula fant\u00e1stica rodada en euskera y tres comedias se suceder\u00e1n la semana que viene, poniendo fin al programa \u2018Noches de cine\u2019 2024\",\"datePublished\":\"2024-08-23T15:38:22+00:00\",\"mainEntityOfPage\":{\"@id\":\"https:\\\/\\\/www.laguiadepamplona.com\\\/actualidad\\\/una-pelicula-fantastica-rodada-en-euskera-y-tres-comedias-se-sucederan-la-semana-que-viene-poniendo-fin-al-programa-noches-de-cine-2024\\\/\"},\"wordCount\":798,\"commentCount\":0,\"publisher\":{\"@id\":\"https:\\\/\\\/www.laguiadepamplona.com\\\/actualidad\\\/#organization\"},\"image\":{\"@id\":\"https:\\\/\\\/www.laguiadepamplona.com\\\/actualidad\\\/una-pelicula-fantastica-rodada-en-euskera-y-tres-comedias-se-sucederan-la-semana-que-viene-poniendo-fin-al-programa-noches-de-cine-2024\\\/#primaryimage\"},\"thumbnailUrl\":\"https:\\\/\\\/www.laguiadepamplona.com\\\/actualidad\\\/wp-content\\\/uploads\\\/2019\\\/07\\\/noches-de-cine.jpg\",\"articleSection\":[\"Ayto Pamplona\"],\"inLanguage\":\"es\",\"potentialAction\":[{\"@type\":\"CommentAction\",\"name\":\"Comment\",\"target\":[\"https:\\\/\\\/www.laguiadepamplona.com\\\/actualidad\\\/una-pelicula-fantastica-rodada-en-euskera-y-tres-comedias-se-sucederan-la-semana-que-viene-poniendo-fin-al-programa-noches-de-cine-2024\\\/#respond\"]}]},{\"@type\":\"WebPage\",\"@id\":\"https:\\\/\\\/www.laguiadepamplona.com\\\/actualidad\\\/una-pelicula-fantastica-rodada-en-euskera-y-tres-comedias-se-sucederan-la-semana-que-viene-poniendo-fin-al-programa-noches-de-cine-2024\\\/\",\"url\":\"https:\\\/\\\/www.laguiadepamplona.com\\\/actualidad\\\/una-pelicula-fantastica-rodada-en-euskera-y-tres-comedias-se-sucederan-la-semana-que-viene-poniendo-fin-al-programa-noches-de-cine-2024\\\/\",\"name\":\"Una pel\u00edcula fant\u00e1stica rodada en euskera y tres comedias se suceder\u00e1n la semana que viene, poniendo fin al programa \u2018Noches de cine\u2019 2024\",\"isPartOf\":{\"@id\":\"https:\\\/\\\/www.laguiadepamplona.com\\\/actualidad\\\/#website\"},\"primaryImageOfPage\":{\"@id\":\"https:\\\/\\\/www.laguiadepamplona.com\\\/actualidad\\\/una-pelicula-fantastica-rodada-en-euskera-y-tres-comedias-se-sucederan-la-semana-que-viene-poniendo-fin-al-programa-noches-de-cine-2024\\\/#primaryimage\"},\"image\":{\"@id\":\"https:\\\/\\\/www.laguiadepamplona.com\\\/actualidad\\\/una-pelicula-fantastica-rodada-en-euskera-y-tres-comedias-se-sucederan-la-semana-que-viene-poniendo-fin-al-programa-noches-de-cine-2024\\\/#primaryimage\"},\"thumbnailUrl\":\"https:\\\/\\\/www.laguiadepamplona.com\\\/actualidad\\\/wp-content\\\/uploads\\\/2019\\\/07\\\/noches-de-cine.jpg\",\"datePublished\":\"2024-08-23T15:38:22+00:00\",\"description\":\"Este programa de ocio estival comenz\u00f3 en el a\u00f1o 1997 y se desarrolla cada verano a trav\u00e9s de la red Civivox\",\"breadcrumb\":{\"@id\":\"https:\\\/\\\/www.laguiadepamplona.com\\\/actualidad\\\/una-pelicula-fantastica-rodada-en-euskera-y-tres-comedias-se-sucederan-la-semana-que-viene-poniendo-fin-al-programa-noches-de-cine-2024\\\/#breadcrumb\"},\"inLanguage\":\"es\",\"potentialAction\":[{\"@type\":\"ReadAction\",\"target\":[\"https:\\\/\\\/www.laguiadepamplona.com\\\/actualidad\\\/una-pelicula-fantastica-rodada-en-euskera-y-tres-comedias-se-sucederan-la-semana-que-viene-poniendo-fin-al-programa-noches-de-cine-2024\\\/\"]}]},{\"@type\":\"ImageObject\",\"inLanguage\":\"es\",\"@id\":\"https:\\\/\\\/www.laguiadepamplona.com\\\/actualidad\\\/una-pelicula-fantastica-rodada-en-euskera-y-tres-comedias-se-sucederan-la-semana-que-viene-poniendo-fin-al-programa-noches-de-cine-2024\\\/#primaryimage\",\"url\":\"https:\\\/\\\/www.laguiadepamplona.com\\\/actualidad\\\/wp-content\\\/uploads\\\/2019\\\/07\\\/noches-de-cine.jpg\",\"contentUrl\":\"https:\\\/\\\/www.laguiadepamplona.com\\\/actualidad\\\/wp-content\\\/uploads\\\/2019\\\/07\\\/noches-de-cine.jpg\",\"width\":1800,\"height\":1035,\"caption\":\"noches de cine\"},{\"@type\":\"BreadcrumbList\",\"@id\":\"https:\\\/\\\/www.laguiadepamplona.com\\\/actualidad\\\/una-pelicula-fantastica-rodada-en-euskera-y-tres-comedias-se-sucederan-la-semana-que-viene-poniendo-fin-al-programa-noches-de-cine-2024\\\/#breadcrumb\",\"itemListElement\":[{\"@type\":\"ListItem\",\"position\":1,\"name\":\"Portada\",\"item\":\"https:\\\/\\\/www.laguiadepamplona.com\\\/actualidad\\\/\"},{\"@type\":\"ListItem\",\"position\":2,\"name\":\"Una pel\u00edcula fant\u00e1stica rodada en euskera y tres comedias se suceder\u00e1n la semana que viene, poniendo fin al programa \u2018Noches de cine\u2019 2024\"}]},{\"@type\":\"WebSite\",\"@id\":\"https:\\\/\\\/www.laguiadepamplona.com\\\/actualidad\\\/#website\",\"url\":\"https:\\\/\\\/www.laguiadepamplona.com\\\/actualidad\\\/\",\"name\":\"La gu\u00eda de Pamplona\",\"description\":\"Noticias de Pamplona\",\"publisher\":{\"@id\":\"https:\\\/\\\/www.laguiadepamplona.com\\\/actualidad\\\/#organization\"},\"potentialAction\":[{\"@type\":\"SearchAction\",\"target\":{\"@type\":\"EntryPoint\",\"urlTemplate\":\"https:\\\/\\\/www.laguiadepamplona.com\\\/actualidad\\\/?s={search_term_string}\"},\"query-input\":{\"@type\":\"PropertyValueSpecification\",\"valueRequired\":true,\"valueName\":\"search_term_string\"}}],\"inLanguage\":\"es\"},{\"@type\":\"Organization\",\"@id\":\"https:\\\/\\\/www.laguiadepamplona.com\\\/actualidad\\\/#organization\",\"name\":\"La Gu\u00eda de Pamplona \\\/ Noticias\",\"url\":\"https:\\\/\\\/www.laguiadepamplona.com\\\/actualidad\\\/\",\"logo\":{\"@type\":\"ImageObject\",\"inLanguage\":\"es\",\"@id\":\"https:\\\/\\\/www.laguiadepamplona.com\\\/actualidad\\\/#\\\/schema\\\/logo\\\/image\\\/\",\"url\":\"https:\\\/\\\/www.laguiadepamplona.com\\\/actualidad\\\/wp-content\\\/uploads\\\/2018\\\/11\\\/logo-laguiadepamplona18-web1.png\",\"contentUrl\":\"https:\\\/\\\/www.laguiadepamplona.com\\\/actualidad\\\/wp-content\\\/uploads\\\/2018\\\/11\\\/logo-laguiadepamplona18-web1.png\",\"width\":600,\"height\":196,\"caption\":\"La Gu\u00eda de Pamplona \\\/ Noticias\"},\"image\":{\"@id\":\"https:\\\/\\\/www.laguiadepamplona.com\\\/actualidad\\\/#\\\/schema\\\/logo\\\/image\\\/\"},\"sameAs\":[\"https:\\\/\\\/www.facebook.com\\\/laguiadepamplonacom-133175176762273\\\/?ref=hl\",\"https:\\\/\\\/x.com\\\/LaGuiadPamplona\",\"https:\\\/\\\/www.instagram.com\\\/la_guia_de_pamplona\\\/\",\"https:\\\/\\\/www.youtube.com\\\/user\\\/laguiadepamplona\"]},{\"@type\":\"Person\",\"@id\":\"https:\\\/\\\/www.laguiadepamplona.com\\\/actualidad\\\/#\\\/schema\\\/person\\\/efe887376f0213d4657c93adc50b1fdb\",\"name\":\"La Gu\u00eda de Pamplona\",\"image\":{\"@type\":\"ImageObject\",\"inLanguage\":\"es\",\"@id\":\"https:\\\/\\\/secure.gravatar.com\\\/avatar\\\/b6992f131dc8d30ab0dff15446e9d346d9dbd95992de0fef795073f5ea83a81c?s=96&d=mm&r=g\",\"url\":\"https:\\\/\\\/secure.gravatar.com\\\/avatar\\\/b6992f131dc8d30ab0dff15446e9d346d9dbd95992de0fef795073f5ea83a81c?s=96&d=mm&r=g\",\"contentUrl\":\"https:\\\/\\\/secure.gravatar.com\\\/avatar\\\/b6992f131dc8d30ab0dff15446e9d346d9dbd95992de0fef795073f5ea83a81c?s=96&d=mm&r=g\",\"caption\":\"La Gu\u00eda de Pamplona\"}}]}<\/script>\n<!-- \/ Yoast SEO plugin. -->","yoast_head_json":{"title":"Una pel\u00edcula fant\u00e1stica rodada en euskera y tres comedias se suceder\u00e1n la semana que viene, poniendo fin al programa \u2018Noches de cine\u2019 2024","description":"Este programa de ocio estival comenz\u00f3 en el a\u00f1o 1997 y se desarrolla cada verano a trav\u00e9s de la red Civivox","robots":{"index":"index","follow":"follow","max-snippet":"max-snippet:-1","max-image-preview":"max-image-preview:large","max-video-preview":"max-video-preview:-1"},"canonical":"https:\/\/www.laguiadepamplona.com\/actualidad\/una-pelicula-fantastica-rodada-en-euskera-y-tres-comedias-se-sucederan-la-semana-que-viene-poniendo-fin-al-programa-noches-de-cine-2024\/","og_locale":"es_ES","og_type":"article","og_title":"Una pel\u00edcula fant\u00e1stica rodada en euskera y tres comedias se suceder\u00e1n la semana que viene, poniendo fin al programa \u2018Noches de cine\u2019 2024","og_description":"Este programa de ocio estival comenz\u00f3 en el a\u00f1o 1997 y se desarrolla cada verano a trav\u00e9s de la red Civivox","og_url":"https:\/\/www.laguiadepamplona.com\/actualidad\/una-pelicula-fantastica-rodada-en-euskera-y-tres-comedias-se-sucederan-la-semana-que-viene-poniendo-fin-al-programa-noches-de-cine-2024\/","og_site_name":"La Gu\u00eda de Pamplona","article_publisher":"https:\/\/www.facebook.com\/laguiadepamplonacom-133175176762273\/?ref=hl","article_published_time":"2024-08-23T15:38:22+00:00","og_image":[{"width":1800,"height":1035,"url":"https:\/\/www.laguiadepamplona.com\/actualidad\/wp-content\/uploads\/2019\/07\/noches-de-cine.jpg","type":"image\/jpeg"}],"author":"La Gu\u00eda de Pamplona","twitter_card":"summary_large_image","twitter_creator":"@LaGuiadPamplona","twitter_site":"@LaGuiadPamplona","twitter_misc":{"Escrito por":"La Gu\u00eda de Pamplona","Tiempo de lectura":"4 minutos"},"schema":{"@context":"https:\/\/schema.org","@graph":[{"@type":"Article","@id":"https:\/\/www.laguiadepamplona.com\/actualidad\/una-pelicula-fantastica-rodada-en-euskera-y-tres-comedias-se-sucederan-la-semana-que-viene-poniendo-fin-al-programa-noches-de-cine-2024\/#article","isPartOf":{"@id":"https:\/\/www.laguiadepamplona.com\/actualidad\/una-pelicula-fantastica-rodada-en-euskera-y-tres-comedias-se-sucederan-la-semana-que-viene-poniendo-fin-al-programa-noches-de-cine-2024\/"},"author":{"name":"La Gu\u00eda de Pamplona","@id":"https:\/\/www.laguiadepamplona.com\/actualidad\/#\/schema\/person\/efe887376f0213d4657c93adc50b1fdb"},"headline":"Una pel\u00edcula fant\u00e1stica rodada en euskera y tres comedias se suceder\u00e1n la semana que viene, poniendo fin al programa \u2018Noches de cine\u2019 2024","datePublished":"2024-08-23T15:38:22+00:00","mainEntityOfPage":{"@id":"https:\/\/www.laguiadepamplona.com\/actualidad\/una-pelicula-fantastica-rodada-en-euskera-y-tres-comedias-se-sucederan-la-semana-que-viene-poniendo-fin-al-programa-noches-de-cine-2024\/"},"wordCount":798,"commentCount":0,"publisher":{"@id":"https:\/\/www.laguiadepamplona.com\/actualidad\/#organization"},"image":{"@id":"https:\/\/www.laguiadepamplona.com\/actualidad\/una-pelicula-fantastica-rodada-en-euskera-y-tres-comedias-se-sucederan-la-semana-que-viene-poniendo-fin-al-programa-noches-de-cine-2024\/#primaryimage"},"thumbnailUrl":"https:\/\/www.laguiadepamplona.com\/actualidad\/wp-content\/uploads\/2019\/07\/noches-de-cine.jpg","articleSection":["Ayto Pamplona"],"inLanguage":"es","potentialAction":[{"@type":"CommentAction","name":"Comment","target":["https:\/\/www.laguiadepamplona.com\/actualidad\/una-pelicula-fantastica-rodada-en-euskera-y-tres-comedias-se-sucederan-la-semana-que-viene-poniendo-fin-al-programa-noches-de-cine-2024\/#respond"]}]},{"@type":"WebPage","@id":"https:\/\/www.laguiadepamplona.com\/actualidad\/una-pelicula-fantastica-rodada-en-euskera-y-tres-comedias-se-sucederan-la-semana-que-viene-poniendo-fin-al-programa-noches-de-cine-2024\/","url":"https:\/\/www.laguiadepamplona.com\/actualidad\/una-pelicula-fantastica-rodada-en-euskera-y-tres-comedias-se-sucederan-la-semana-que-viene-poniendo-fin-al-programa-noches-de-cine-2024\/","name":"Una pel\u00edcula fant\u00e1stica rodada en euskera y tres comedias se suceder\u00e1n la semana que viene, poniendo fin al programa \u2018Noches de cine\u2019 2024","isPartOf":{"@id":"https:\/\/www.laguiadepamplona.com\/actualidad\/#website"},"primaryImageOfPage":{"@id":"https:\/\/www.laguiadepamplona.com\/actualidad\/una-pelicula-fantastica-rodada-en-euskera-y-tres-comedias-se-sucederan-la-semana-que-viene-poniendo-fin-al-programa-noches-de-cine-2024\/#primaryimage"},"image":{"@id":"https:\/\/www.laguiadepamplona.com\/actualidad\/una-pelicula-fantastica-rodada-en-euskera-y-tres-comedias-se-sucederan-la-semana-que-viene-poniendo-fin-al-programa-noches-de-cine-2024\/#primaryimage"},"thumbnailUrl":"https:\/\/www.laguiadepamplona.com\/actualidad\/wp-content\/uploads\/2019\/07\/noches-de-cine.jpg","datePublished":"2024-08-23T15:38:22+00:00","description":"Este programa de ocio estival comenz\u00f3 en el a\u00f1o 1997 y se desarrolla cada verano a trav\u00e9s de la red Civivox","breadcrumb":{"@id":"https:\/\/www.laguiadepamplona.com\/actualidad\/una-pelicula-fantastica-rodada-en-euskera-y-tres-comedias-se-sucederan-la-semana-que-viene-poniendo-fin-al-programa-noches-de-cine-2024\/#breadcrumb"},"inLanguage":"es","potentialAction":[{"@type":"ReadAction","target":["https:\/\/www.laguiadepamplona.com\/actualidad\/una-pelicula-fantastica-rodada-en-euskera-y-tres-comedias-se-sucederan-la-semana-que-viene-poniendo-fin-al-programa-noches-de-cine-2024\/"]}]},{"@type":"ImageObject","inLanguage":"es","@id":"https:\/\/www.laguiadepamplona.com\/actualidad\/una-pelicula-fantastica-rodada-en-euskera-y-tres-comedias-se-sucederan-la-semana-que-viene-poniendo-fin-al-programa-noches-de-cine-2024\/#primaryimage","url":"https:\/\/www.laguiadepamplona.com\/actualidad\/wp-content\/uploads\/2019\/07\/noches-de-cine.jpg","contentUrl":"https:\/\/www.laguiadepamplona.com\/actualidad\/wp-content\/uploads\/2019\/07\/noches-de-cine.jpg","width":1800,"height":1035,"caption":"noches de cine"},{"@type":"BreadcrumbList","@id":"https:\/\/www.laguiadepamplona.com\/actualidad\/una-pelicula-fantastica-rodada-en-euskera-y-tres-comedias-se-sucederan-la-semana-que-viene-poniendo-fin-al-programa-noches-de-cine-2024\/#breadcrumb","itemListElement":[{"@type":"ListItem","position":1,"name":"Portada","item":"https:\/\/www.laguiadepamplona.com\/actualidad\/"},{"@type":"ListItem","position":2,"name":"Una pel\u00edcula fant\u00e1stica rodada en euskera y tres comedias se suceder\u00e1n la semana que viene, poniendo fin al programa \u2018Noches de cine\u2019 2024"}]},{"@type":"WebSite","@id":"https:\/\/www.laguiadepamplona.com\/actualidad\/#website","url":"https:\/\/www.laguiadepamplona.com\/actualidad\/","name":"La gu\u00eda de Pamplona","description":"Noticias de Pamplona","publisher":{"@id":"https:\/\/www.laguiadepamplona.com\/actualidad\/#organization"},"potentialAction":[{"@type":"SearchAction","target":{"@type":"EntryPoint","urlTemplate":"https:\/\/www.laguiadepamplona.com\/actualidad\/?s={search_term_string}"},"query-input":{"@type":"PropertyValueSpecification","valueRequired":true,"valueName":"search_term_string"}}],"inLanguage":"es"},{"@type":"Organization","@id":"https:\/\/www.laguiadepamplona.com\/actualidad\/#organization","name":"La Gu\u00eda de Pamplona \/ Noticias","url":"https:\/\/www.laguiadepamplona.com\/actualidad\/","logo":{"@type":"ImageObject","inLanguage":"es","@id":"https:\/\/www.laguiadepamplona.com\/actualidad\/#\/schema\/logo\/image\/","url":"https:\/\/www.laguiadepamplona.com\/actualidad\/wp-content\/uploads\/2018\/11\/logo-laguiadepamplona18-web1.png","contentUrl":"https:\/\/www.laguiadepamplona.com\/actualidad\/wp-content\/uploads\/2018\/11\/logo-laguiadepamplona18-web1.png","width":600,"height":196,"caption":"La Gu\u00eda de Pamplona \/ Noticias"},"image":{"@id":"https:\/\/www.laguiadepamplona.com\/actualidad\/#\/schema\/logo\/image\/"},"sameAs":["https:\/\/www.facebook.com\/laguiadepamplonacom-133175176762273\/?ref=hl","https:\/\/x.com\/LaGuiadPamplona","https:\/\/www.instagram.com\/la_guia_de_pamplona\/","https:\/\/www.youtube.com\/user\/laguiadepamplona"]},{"@type":"Person","@id":"https:\/\/www.laguiadepamplona.com\/actualidad\/#\/schema\/person\/efe887376f0213d4657c93adc50b1fdb","name":"La Gu\u00eda de Pamplona","image":{"@type":"ImageObject","inLanguage":"es","@id":"https:\/\/secure.gravatar.com\/avatar\/b6992f131dc8d30ab0dff15446e9d346d9dbd95992de0fef795073f5ea83a81c?s=96&d=mm&r=g","url":"https:\/\/secure.gravatar.com\/avatar\/b6992f131dc8d30ab0dff15446e9d346d9dbd95992de0fef795073f5ea83a81c?s=96&d=mm&r=g","contentUrl":"https:\/\/secure.gravatar.com\/avatar\/b6992f131dc8d30ab0dff15446e9d346d9dbd95992de0fef795073f5ea83a81c?s=96&d=mm&r=g","caption":"La Gu\u00eda de Pamplona"}}]}},"post_mailing_queue_ids":[],"_links":{"self":[{"href":"https:\/\/www.laguiadepamplona.com\/actualidad\/wp-json\/wp\/v2\/posts\/50602","targetHints":{"allow":["GET"]}}],"collection":[{"href":"https:\/\/www.laguiadepamplona.com\/actualidad\/wp-json\/wp\/v2\/posts"}],"about":[{"href":"https:\/\/www.laguiadepamplona.com\/actualidad\/wp-json\/wp\/v2\/types\/post"}],"author":[{"embeddable":true,"href":"https:\/\/www.laguiadepamplona.com\/actualidad\/wp-json\/wp\/v2\/users\/1"}],"replies":[{"embeddable":true,"href":"https:\/\/www.laguiadepamplona.com\/actualidad\/wp-json\/wp\/v2\/comments?post=50602"}],"version-history":[{"count":1,"href":"https:\/\/www.laguiadepamplona.com\/actualidad\/wp-json\/wp\/v2\/posts\/50602\/revisions"}],"predecessor-version":[{"id":50603,"href":"https:\/\/www.laguiadepamplona.com\/actualidad\/wp-json\/wp\/v2\/posts\/50602\/revisions\/50603"}],"wp:featuredmedia":[{"embeddable":true,"href":"https:\/\/www.laguiadepamplona.com\/actualidad\/wp-json\/wp\/v2\/media\/23391"}],"wp:attachment":[{"href":"https:\/\/www.laguiadepamplona.com\/actualidad\/wp-json\/wp\/v2\/media?parent=50602"}],"wp:term":[{"taxonomy":"category","embeddable":true,"href":"https:\/\/www.laguiadepamplona.com\/actualidad\/wp-json\/wp\/v2\/categories?post=50602"},{"taxonomy":"post_tag","embeddable":true,"href":"https:\/\/www.laguiadepamplona.com\/actualidad\/wp-json\/wp\/v2\/tags?post=50602"}],"curies":[{"name":"wp","href":"https:\/\/api.w.org\/{rel}","templated":true}]}}