{"id":50599,"date":"2024-08-23T17:36:54","date_gmt":"2024-08-23T15:36:54","guid":{"rendered":"https:\/\/www.laguiadepamplona.com\/actualidad\/?p=50599"},"modified":"2024-08-23T17:36:54","modified_gmt":"2024-08-23T15:36:54","slug":"este-lunes-termina-el-ciclo-versionando-en-la-plaza-de-san-jose-con-un-concierto-de-la-banda-pamplonesa-100-to-8","status":"publish","type":"post","link":"https:\/\/www.laguiadepamplona.com\/actualidad\/este-lunes-termina-el-ciclo-versionando-en-la-plaza-de-san-jose-con-un-concierto-de-la-banda-pamplonesa-100-to-8\/","title":{"rendered":"Este lunes termina el ciclo Versionando en la plaza de San Jos\u00e9 con un concierto de la banda pamplonesa 100 TO 8"},"content":{"rendered":"<h2>Esta programaci\u00f3n municipal en 2024 ha cumplido 14 a\u00f1os ofreciendo versiones de temas musicales de todos los tiempos<\/h2>\n<p><!--more--><\/p>\n<p>Este pr\u00f3ximo lunes concluye la oferta de Versionando, un ciclo que comenz\u00f3 el pasado 5 de agosto y que se ha desarrolla todos los lunes del mes. La \u00faltima actuaci\u00f3n del ciclo, el 26 de agosto, correr\u00e1 a cargo de 100 TO 8, grupo de versiones que funde grandes cl\u00e1sicos del pop y del rock nacional e internacional, desde La Uni\u00f3n, Coque Maya o los Pistones en una pincelada nacional, al broche de colores de artistas como U2, Rolling Stones, Radiohead, Pince, Lenny Krawich, Ottis Reding o The Killers.<\/p>\n<p>100 TO 8 se reivindica como un \u2018banda de garaje\u2019. Un encuentro en uno de ellos determin\u00f3 que un grupo de amigos y compa\u00f1eros de trabajo decidieran desempolvar instrumentos y dejarse llevar por unos cuantos acordes. El grupo est\u00e1 compuesto por N\u00e9stor (bater\u00eda), Gerardo (guitarra y voz), Jokin (guitarra), Kike (bajo y voz), Fernando (teclados) y Chema (voz principal).<\/p>\n<p>La actuaci\u00f3n, como todas las del ciclo, comenzar\u00e1 a las 20 horas en la plaza de San Jos\u00e9. Hace 14 a\u00f1os ya que la programaci\u00f3n estival del Ayuntamiento de Pamplona deja un hueco para versiones de temas musicales de todos los tiempos a trav\u00e9s de la red Civivox. En 2024 ha ofertado cuatro conciertos: Atxajaunak, Mind the gap, Los Apandadores y, este lunes la banda 100 to 8.<\/p>\n<h3><strong>Versionando<\/strong><\/h3>\n<p><strong>Plaza de San Jos\u00e9<\/strong><\/p>\n<p>20 horas<\/p>\n<p>Todos los p\u00fablicos. Libre participaci\u00f3n<\/p>\n<p>26 de agosto de 2024 100 to 8<\/p>\n","protected":false},"excerpt":{"rendered":"<p>Esta programaci\u00f3n municipal en 2024 ha cumplido 14 a\u00f1os ofreciendo versiones de temas musicales de todos los tiempos<\/p>\n","protected":false},"author":1,"featured_media":50600,"comment_status":"open","ping_status":"closed","sticky":false,"template":"","format":"standard","meta":{"footnotes":""},"categories":[2],"tags":[],"class_list":["post-50599","post","type-post","status-publish","format-standard","has-post-thumbnail","hentry","category-ayuntamiento-pamplona"],"yoast_head":"<!-- This site is optimized with the Yoast SEO plugin v27.3 - https:\/\/yoast.com\/product\/yoast-seo-wordpress\/ -->\n<title>Este lunes termina el ciclo Versionando en la plaza de San Jos\u00e9 con un concierto de la banda pamplonesa 100 TO 8<\/title>\n<meta name=\"description\" content=\"Esta programaci\u00f3n municipal en 2024 ha cumplido 14 a\u00f1os ofreciendo versiones de temas musicales de todos los tiempos\" \/>\n<meta name=\"robots\" content=\"index, follow, max-snippet:-1, max-image-preview:large, max-video-preview:-1\" \/>\n<link rel=\"canonical\" href=\"https:\/\/www.laguiadepamplona.com\/actualidad\/este-lunes-termina-el-ciclo-versionando-en-la-plaza-de-san-jose-con-un-concierto-de-la-banda-pamplonesa-100-to-8\/\" \/>\n<meta property=\"og:locale\" content=\"es_ES\" \/>\n<meta property=\"og:type\" content=\"article\" \/>\n<meta property=\"og:title\" content=\"Este lunes termina el ciclo Versionando en la plaza de San Jos\u00e9 con un concierto de la banda pamplonesa 100 TO 8\" \/>\n<meta property=\"og:description\" content=\"Esta programaci\u00f3n municipal en 2024 ha cumplido 14 a\u00f1os ofreciendo versiones de temas musicales de todos los tiempos\" \/>\n<meta property=\"og:url\" content=\"https:\/\/www.laguiadepamplona.com\/actualidad\/este-lunes-termina-el-ciclo-versionando-en-la-plaza-de-san-jose-con-un-concierto-de-la-banda-pamplonesa-100-to-8\/\" \/>\n<meta property=\"og:site_name\" content=\"La Gu\u00eda de Pamplona\" \/>\n<meta property=\"article:publisher\" content=\"https:\/\/www.facebook.com\/laguiadepamplonacom-133175176762273\/?ref=hl\" \/>\n<meta property=\"article:published_time\" content=\"2024-08-23T15:36:54+00:00\" \/>\n<meta property=\"og:image\" content=\"https:\/\/www.laguiadepamplona.com\/actualidad\/wp-content\/uploads\/2024\/08\/Versionando_web.webp\" \/>\n\t<meta property=\"og:image:width\" content=\"1000\" \/>\n\t<meta property=\"og:image:height\" content=\"685\" \/>\n\t<meta property=\"og:image:type\" content=\"image\/webp\" \/>\n<meta name=\"author\" content=\"La Gu\u00eda de Pamplona\" \/>\n<meta name=\"twitter:card\" content=\"summary_large_image\" \/>\n<meta name=\"twitter:creator\" content=\"@LaGuiadPamplona\" \/>\n<meta name=\"twitter:site\" content=\"@LaGuiadPamplona\" \/>\n<meta name=\"twitter:label1\" content=\"Escrito por\" \/>\n\t<meta name=\"twitter:data1\" content=\"La Gu\u00eda de Pamplona\" \/>\n\t<meta name=\"twitter:label2\" content=\"Tiempo de lectura\" \/>\n\t<meta name=\"twitter:data2\" content=\"2 minutos\" \/>\n<script type=\"application\/ld+json\" class=\"yoast-schema-graph\">{\"@context\":\"https:\\\/\\\/schema.org\",\"@graph\":[{\"@type\":\"Article\",\"@id\":\"https:\\\/\\\/www.laguiadepamplona.com\\\/actualidad\\\/este-lunes-termina-el-ciclo-versionando-en-la-plaza-de-san-jose-con-un-concierto-de-la-banda-pamplonesa-100-to-8\\\/#article\",\"isPartOf\":{\"@id\":\"https:\\\/\\\/www.laguiadepamplona.com\\\/actualidad\\\/este-lunes-termina-el-ciclo-versionando-en-la-plaza-de-san-jose-con-un-concierto-de-la-banda-pamplonesa-100-to-8\\\/\"},\"author\":{\"name\":\"La Gu\u00eda de Pamplona\",\"@id\":\"https:\\\/\\\/www.laguiadepamplona.com\\\/actualidad\\\/#\\\/schema\\\/person\\\/efe887376f0213d4657c93adc50b1fdb\"},\"headline\":\"Este lunes termina el ciclo Versionando en la plaza de San Jos\u00e9 con un concierto de la banda pamplonesa 100 TO 8\",\"datePublished\":\"2024-08-23T15:36:54+00:00\",\"mainEntityOfPage\":{\"@id\":\"https:\\\/\\\/www.laguiadepamplona.com\\\/actualidad\\\/este-lunes-termina-el-ciclo-versionando-en-la-plaza-de-san-jose-con-un-concierto-de-la-banda-pamplonesa-100-to-8\\\/\"},\"wordCount\":271,\"commentCount\":0,\"publisher\":{\"@id\":\"https:\\\/\\\/www.laguiadepamplona.com\\\/actualidad\\\/#organization\"},\"image\":{\"@id\":\"https:\\\/\\\/www.laguiadepamplona.com\\\/actualidad\\\/este-lunes-termina-el-ciclo-versionando-en-la-plaza-de-san-jose-con-un-concierto-de-la-banda-pamplonesa-100-to-8\\\/#primaryimage\"},\"thumbnailUrl\":\"https:\\\/\\\/www.laguiadepamplona.com\\\/actualidad\\\/wp-content\\\/uploads\\\/2024\\\/08\\\/Versionando_web.webp\",\"articleSection\":[\"Ayto Pamplona\"],\"inLanguage\":\"es\",\"potentialAction\":[{\"@type\":\"CommentAction\",\"name\":\"Comment\",\"target\":[\"https:\\\/\\\/www.laguiadepamplona.com\\\/actualidad\\\/este-lunes-termina-el-ciclo-versionando-en-la-plaza-de-san-jose-con-un-concierto-de-la-banda-pamplonesa-100-to-8\\\/#respond\"]}]},{\"@type\":\"WebPage\",\"@id\":\"https:\\\/\\\/www.laguiadepamplona.com\\\/actualidad\\\/este-lunes-termina-el-ciclo-versionando-en-la-plaza-de-san-jose-con-un-concierto-de-la-banda-pamplonesa-100-to-8\\\/\",\"url\":\"https:\\\/\\\/www.laguiadepamplona.com\\\/actualidad\\\/este-lunes-termina-el-ciclo-versionando-en-la-plaza-de-san-jose-con-un-concierto-de-la-banda-pamplonesa-100-to-8\\\/\",\"name\":\"Este lunes termina el ciclo Versionando en la plaza de San Jos\u00e9 con un concierto de la banda pamplonesa 100 TO 8\",\"isPartOf\":{\"@id\":\"https:\\\/\\\/www.laguiadepamplona.com\\\/actualidad\\\/#website\"},\"primaryImageOfPage\":{\"@id\":\"https:\\\/\\\/www.laguiadepamplona.com\\\/actualidad\\\/este-lunes-termina-el-ciclo-versionando-en-la-plaza-de-san-jose-con-un-concierto-de-la-banda-pamplonesa-100-to-8\\\/#primaryimage\"},\"image\":{\"@id\":\"https:\\\/\\\/www.laguiadepamplona.com\\\/actualidad\\\/este-lunes-termina-el-ciclo-versionando-en-la-plaza-de-san-jose-con-un-concierto-de-la-banda-pamplonesa-100-to-8\\\/#primaryimage\"},\"thumbnailUrl\":\"https:\\\/\\\/www.laguiadepamplona.com\\\/actualidad\\\/wp-content\\\/uploads\\\/2024\\\/08\\\/Versionando_web.webp\",\"datePublished\":\"2024-08-23T15:36:54+00:00\",\"description\":\"Esta programaci\u00f3n municipal en 2024 ha cumplido 14 a\u00f1os ofreciendo versiones de temas musicales de todos los tiempos\",\"breadcrumb\":{\"@id\":\"https:\\\/\\\/www.laguiadepamplona.com\\\/actualidad\\\/este-lunes-termina-el-ciclo-versionando-en-la-plaza-de-san-jose-con-un-concierto-de-la-banda-pamplonesa-100-to-8\\\/#breadcrumb\"},\"inLanguage\":\"es\",\"potentialAction\":[{\"@type\":\"ReadAction\",\"target\":[\"https:\\\/\\\/www.laguiadepamplona.com\\\/actualidad\\\/este-lunes-termina-el-ciclo-versionando-en-la-plaza-de-san-jose-con-un-concierto-de-la-banda-pamplonesa-100-to-8\\\/\"]}]},{\"@type\":\"ImageObject\",\"inLanguage\":\"es\",\"@id\":\"https:\\\/\\\/www.laguiadepamplona.com\\\/actualidad\\\/este-lunes-termina-el-ciclo-versionando-en-la-plaza-de-san-jose-con-un-concierto-de-la-banda-pamplonesa-100-to-8\\\/#primaryimage\",\"url\":\"https:\\\/\\\/www.laguiadepamplona.com\\\/actualidad\\\/wp-content\\\/uploads\\\/2024\\\/08\\\/Versionando_web.webp\",\"contentUrl\":\"https:\\\/\\\/www.laguiadepamplona.com\\\/actualidad\\\/wp-content\\\/uploads\\\/2024\\\/08\\\/Versionando_web.webp\",\"width\":1000,\"height\":685,\"caption\":\"versionando 100 to 8\"},{\"@type\":\"BreadcrumbList\",\"@id\":\"https:\\\/\\\/www.laguiadepamplona.com\\\/actualidad\\\/este-lunes-termina-el-ciclo-versionando-en-la-plaza-de-san-jose-con-un-concierto-de-la-banda-pamplonesa-100-to-8\\\/#breadcrumb\",\"itemListElement\":[{\"@type\":\"ListItem\",\"position\":1,\"name\":\"Portada\",\"item\":\"https:\\\/\\\/www.laguiadepamplona.com\\\/actualidad\\\/\"},{\"@type\":\"ListItem\",\"position\":2,\"name\":\"Este lunes termina el ciclo Versionando en la plaza de San Jos\u00e9 con un concierto de la banda pamplonesa 100 TO 8\"}]},{\"@type\":\"WebSite\",\"@id\":\"https:\\\/\\\/www.laguiadepamplona.com\\\/actualidad\\\/#website\",\"url\":\"https:\\\/\\\/www.laguiadepamplona.com\\\/actualidad\\\/\",\"name\":\"La gu\u00eda de Pamplona\",\"description\":\"Noticias de Pamplona\",\"publisher\":{\"@id\":\"https:\\\/\\\/www.laguiadepamplona.com\\\/actualidad\\\/#organization\"},\"potentialAction\":[{\"@type\":\"SearchAction\",\"target\":{\"@type\":\"EntryPoint\",\"urlTemplate\":\"https:\\\/\\\/www.laguiadepamplona.com\\\/actualidad\\\/?s={search_term_string}\"},\"query-input\":{\"@type\":\"PropertyValueSpecification\",\"valueRequired\":true,\"valueName\":\"search_term_string\"}}],\"inLanguage\":\"es\"},{\"@type\":\"Organization\",\"@id\":\"https:\\\/\\\/www.laguiadepamplona.com\\\/actualidad\\\/#organization\",\"name\":\"La Gu\u00eda de Pamplona \\\/ Noticias\",\"url\":\"https:\\\/\\\/www.laguiadepamplona.com\\\/actualidad\\\/\",\"logo\":{\"@type\":\"ImageObject\",\"inLanguage\":\"es\",\"@id\":\"https:\\\/\\\/www.laguiadepamplona.com\\\/actualidad\\\/#\\\/schema\\\/logo\\\/image\\\/\",\"url\":\"https:\\\/\\\/www.laguiadepamplona.com\\\/actualidad\\\/wp-content\\\/uploads\\\/2018\\\/11\\\/logo-laguiadepamplona18-web1.png\",\"contentUrl\":\"https:\\\/\\\/www.laguiadepamplona.com\\\/actualidad\\\/wp-content\\\/uploads\\\/2018\\\/11\\\/logo-laguiadepamplona18-web1.png\",\"width\":600,\"height\":196,\"caption\":\"La Gu\u00eda de Pamplona \\\/ Noticias\"},\"image\":{\"@id\":\"https:\\\/\\\/www.laguiadepamplona.com\\\/actualidad\\\/#\\\/schema\\\/logo\\\/image\\\/\"},\"sameAs\":[\"https:\\\/\\\/www.facebook.com\\\/laguiadepamplonacom-133175176762273\\\/?ref=hl\",\"https:\\\/\\\/x.com\\\/LaGuiadPamplona\",\"https:\\\/\\\/www.instagram.com\\\/la_guia_de_pamplona\\\/\",\"https:\\\/\\\/www.youtube.com\\\/user\\\/laguiadepamplona\"]},{\"@type\":\"Person\",\"@id\":\"https:\\\/\\\/www.laguiadepamplona.com\\\/actualidad\\\/#\\\/schema\\\/person\\\/efe887376f0213d4657c93adc50b1fdb\",\"name\":\"La Gu\u00eda de Pamplona\",\"image\":{\"@type\":\"ImageObject\",\"inLanguage\":\"es\",\"@id\":\"https:\\\/\\\/secure.gravatar.com\\\/avatar\\\/b6992f131dc8d30ab0dff15446e9d346d9dbd95992de0fef795073f5ea83a81c?s=96&d=mm&r=g\",\"url\":\"https:\\\/\\\/secure.gravatar.com\\\/avatar\\\/b6992f131dc8d30ab0dff15446e9d346d9dbd95992de0fef795073f5ea83a81c?s=96&d=mm&r=g\",\"contentUrl\":\"https:\\\/\\\/secure.gravatar.com\\\/avatar\\\/b6992f131dc8d30ab0dff15446e9d346d9dbd95992de0fef795073f5ea83a81c?s=96&d=mm&r=g\",\"caption\":\"La Gu\u00eda de Pamplona\"}}]}<\/script>\n<!-- \/ Yoast SEO plugin. -->","yoast_head_json":{"title":"Este lunes termina el ciclo Versionando en la plaza de San Jos\u00e9 con un concierto de la banda pamplonesa 100 TO 8","description":"Esta programaci\u00f3n municipal en 2024 ha cumplido 14 a\u00f1os ofreciendo versiones de temas musicales de todos los tiempos","robots":{"index":"index","follow":"follow","max-snippet":"max-snippet:-1","max-image-preview":"max-image-preview:large","max-video-preview":"max-video-preview:-1"},"canonical":"https:\/\/www.laguiadepamplona.com\/actualidad\/este-lunes-termina-el-ciclo-versionando-en-la-plaza-de-san-jose-con-un-concierto-de-la-banda-pamplonesa-100-to-8\/","og_locale":"es_ES","og_type":"article","og_title":"Este lunes termina el ciclo Versionando en la plaza de San Jos\u00e9 con un concierto de la banda pamplonesa 100 TO 8","og_description":"Esta programaci\u00f3n municipal en 2024 ha cumplido 14 a\u00f1os ofreciendo versiones de temas musicales de todos los tiempos","og_url":"https:\/\/www.laguiadepamplona.com\/actualidad\/este-lunes-termina-el-ciclo-versionando-en-la-plaza-de-san-jose-con-un-concierto-de-la-banda-pamplonesa-100-to-8\/","og_site_name":"La Gu\u00eda de Pamplona","article_publisher":"https:\/\/www.facebook.com\/laguiadepamplonacom-133175176762273\/?ref=hl","article_published_time":"2024-08-23T15:36:54+00:00","og_image":[{"width":1000,"height":685,"url":"https:\/\/www.laguiadepamplona.com\/actualidad\/wp-content\/uploads\/2024\/08\/Versionando_web.webp","type":"image\/webp"}],"author":"La Gu\u00eda de Pamplona","twitter_card":"summary_large_image","twitter_creator":"@LaGuiadPamplona","twitter_site":"@LaGuiadPamplona","twitter_misc":{"Escrito por":"La Gu\u00eda de Pamplona","Tiempo de lectura":"2 minutos"},"schema":{"@context":"https:\/\/schema.org","@graph":[{"@type":"Article","@id":"https:\/\/www.laguiadepamplona.com\/actualidad\/este-lunes-termina-el-ciclo-versionando-en-la-plaza-de-san-jose-con-un-concierto-de-la-banda-pamplonesa-100-to-8\/#article","isPartOf":{"@id":"https:\/\/www.laguiadepamplona.com\/actualidad\/este-lunes-termina-el-ciclo-versionando-en-la-plaza-de-san-jose-con-un-concierto-de-la-banda-pamplonesa-100-to-8\/"},"author":{"name":"La Gu\u00eda de Pamplona","@id":"https:\/\/www.laguiadepamplona.com\/actualidad\/#\/schema\/person\/efe887376f0213d4657c93adc50b1fdb"},"headline":"Este lunes termina el ciclo Versionando en la plaza de San Jos\u00e9 con un concierto de la banda pamplonesa 100 TO 8","datePublished":"2024-08-23T15:36:54+00:00","mainEntityOfPage":{"@id":"https:\/\/www.laguiadepamplona.com\/actualidad\/este-lunes-termina-el-ciclo-versionando-en-la-plaza-de-san-jose-con-un-concierto-de-la-banda-pamplonesa-100-to-8\/"},"wordCount":271,"commentCount":0,"publisher":{"@id":"https:\/\/www.laguiadepamplona.com\/actualidad\/#organization"},"image":{"@id":"https:\/\/www.laguiadepamplona.com\/actualidad\/este-lunes-termina-el-ciclo-versionando-en-la-plaza-de-san-jose-con-un-concierto-de-la-banda-pamplonesa-100-to-8\/#primaryimage"},"thumbnailUrl":"https:\/\/www.laguiadepamplona.com\/actualidad\/wp-content\/uploads\/2024\/08\/Versionando_web.webp","articleSection":["Ayto Pamplona"],"inLanguage":"es","potentialAction":[{"@type":"CommentAction","name":"Comment","target":["https:\/\/www.laguiadepamplona.com\/actualidad\/este-lunes-termina-el-ciclo-versionando-en-la-plaza-de-san-jose-con-un-concierto-de-la-banda-pamplonesa-100-to-8\/#respond"]}]},{"@type":"WebPage","@id":"https:\/\/www.laguiadepamplona.com\/actualidad\/este-lunes-termina-el-ciclo-versionando-en-la-plaza-de-san-jose-con-un-concierto-de-la-banda-pamplonesa-100-to-8\/","url":"https:\/\/www.laguiadepamplona.com\/actualidad\/este-lunes-termina-el-ciclo-versionando-en-la-plaza-de-san-jose-con-un-concierto-de-la-banda-pamplonesa-100-to-8\/","name":"Este lunes termina el ciclo Versionando en la plaza de San Jos\u00e9 con un concierto de la banda pamplonesa 100 TO 8","isPartOf":{"@id":"https:\/\/www.laguiadepamplona.com\/actualidad\/#website"},"primaryImageOfPage":{"@id":"https:\/\/www.laguiadepamplona.com\/actualidad\/este-lunes-termina-el-ciclo-versionando-en-la-plaza-de-san-jose-con-un-concierto-de-la-banda-pamplonesa-100-to-8\/#primaryimage"},"image":{"@id":"https:\/\/www.laguiadepamplona.com\/actualidad\/este-lunes-termina-el-ciclo-versionando-en-la-plaza-de-san-jose-con-un-concierto-de-la-banda-pamplonesa-100-to-8\/#primaryimage"},"thumbnailUrl":"https:\/\/www.laguiadepamplona.com\/actualidad\/wp-content\/uploads\/2024\/08\/Versionando_web.webp","datePublished":"2024-08-23T15:36:54+00:00","description":"Esta programaci\u00f3n municipal en 2024 ha cumplido 14 a\u00f1os ofreciendo versiones de temas musicales de todos los tiempos","breadcrumb":{"@id":"https:\/\/www.laguiadepamplona.com\/actualidad\/este-lunes-termina-el-ciclo-versionando-en-la-plaza-de-san-jose-con-un-concierto-de-la-banda-pamplonesa-100-to-8\/#breadcrumb"},"inLanguage":"es","potentialAction":[{"@type":"ReadAction","target":["https:\/\/www.laguiadepamplona.com\/actualidad\/este-lunes-termina-el-ciclo-versionando-en-la-plaza-de-san-jose-con-un-concierto-de-la-banda-pamplonesa-100-to-8\/"]}]},{"@type":"ImageObject","inLanguage":"es","@id":"https:\/\/www.laguiadepamplona.com\/actualidad\/este-lunes-termina-el-ciclo-versionando-en-la-plaza-de-san-jose-con-un-concierto-de-la-banda-pamplonesa-100-to-8\/#primaryimage","url":"https:\/\/www.laguiadepamplona.com\/actualidad\/wp-content\/uploads\/2024\/08\/Versionando_web.webp","contentUrl":"https:\/\/www.laguiadepamplona.com\/actualidad\/wp-content\/uploads\/2024\/08\/Versionando_web.webp","width":1000,"height":685,"caption":"versionando 100 to 8"},{"@type":"BreadcrumbList","@id":"https:\/\/www.laguiadepamplona.com\/actualidad\/este-lunes-termina-el-ciclo-versionando-en-la-plaza-de-san-jose-con-un-concierto-de-la-banda-pamplonesa-100-to-8\/#breadcrumb","itemListElement":[{"@type":"ListItem","position":1,"name":"Portada","item":"https:\/\/www.laguiadepamplona.com\/actualidad\/"},{"@type":"ListItem","position":2,"name":"Este lunes termina el ciclo Versionando en la plaza de San Jos\u00e9 con un concierto de la banda pamplonesa 100 TO 8"}]},{"@type":"WebSite","@id":"https:\/\/www.laguiadepamplona.com\/actualidad\/#website","url":"https:\/\/www.laguiadepamplona.com\/actualidad\/","name":"La gu\u00eda de Pamplona","description":"Noticias de Pamplona","publisher":{"@id":"https:\/\/www.laguiadepamplona.com\/actualidad\/#organization"},"potentialAction":[{"@type":"SearchAction","target":{"@type":"EntryPoint","urlTemplate":"https:\/\/www.laguiadepamplona.com\/actualidad\/?s={search_term_string}"},"query-input":{"@type":"PropertyValueSpecification","valueRequired":true,"valueName":"search_term_string"}}],"inLanguage":"es"},{"@type":"Organization","@id":"https:\/\/www.laguiadepamplona.com\/actualidad\/#organization","name":"La Gu\u00eda de Pamplona \/ Noticias","url":"https:\/\/www.laguiadepamplona.com\/actualidad\/","logo":{"@type":"ImageObject","inLanguage":"es","@id":"https:\/\/www.laguiadepamplona.com\/actualidad\/#\/schema\/logo\/image\/","url":"https:\/\/www.laguiadepamplona.com\/actualidad\/wp-content\/uploads\/2018\/11\/logo-laguiadepamplona18-web1.png","contentUrl":"https:\/\/www.laguiadepamplona.com\/actualidad\/wp-content\/uploads\/2018\/11\/logo-laguiadepamplona18-web1.png","width":600,"height":196,"caption":"La Gu\u00eda de Pamplona \/ Noticias"},"image":{"@id":"https:\/\/www.laguiadepamplona.com\/actualidad\/#\/schema\/logo\/image\/"},"sameAs":["https:\/\/www.facebook.com\/laguiadepamplonacom-133175176762273\/?ref=hl","https:\/\/x.com\/LaGuiadPamplona","https:\/\/www.instagram.com\/la_guia_de_pamplona\/","https:\/\/www.youtube.com\/user\/laguiadepamplona"]},{"@type":"Person","@id":"https:\/\/www.laguiadepamplona.com\/actualidad\/#\/schema\/person\/efe887376f0213d4657c93adc50b1fdb","name":"La Gu\u00eda de Pamplona","image":{"@type":"ImageObject","inLanguage":"es","@id":"https:\/\/secure.gravatar.com\/avatar\/b6992f131dc8d30ab0dff15446e9d346d9dbd95992de0fef795073f5ea83a81c?s=96&d=mm&r=g","url":"https:\/\/secure.gravatar.com\/avatar\/b6992f131dc8d30ab0dff15446e9d346d9dbd95992de0fef795073f5ea83a81c?s=96&d=mm&r=g","contentUrl":"https:\/\/secure.gravatar.com\/avatar\/b6992f131dc8d30ab0dff15446e9d346d9dbd95992de0fef795073f5ea83a81c?s=96&d=mm&r=g","caption":"La Gu\u00eda de Pamplona"}}]}},"post_mailing_queue_ids":[],"_links":{"self":[{"href":"https:\/\/www.laguiadepamplona.com\/actualidad\/wp-json\/wp\/v2\/posts\/50599","targetHints":{"allow":["GET"]}}],"collection":[{"href":"https:\/\/www.laguiadepamplona.com\/actualidad\/wp-json\/wp\/v2\/posts"}],"about":[{"href":"https:\/\/www.laguiadepamplona.com\/actualidad\/wp-json\/wp\/v2\/types\/post"}],"author":[{"embeddable":true,"href":"https:\/\/www.laguiadepamplona.com\/actualidad\/wp-json\/wp\/v2\/users\/1"}],"replies":[{"embeddable":true,"href":"https:\/\/www.laguiadepamplona.com\/actualidad\/wp-json\/wp\/v2\/comments?post=50599"}],"version-history":[{"count":1,"href":"https:\/\/www.laguiadepamplona.com\/actualidad\/wp-json\/wp\/v2\/posts\/50599\/revisions"}],"predecessor-version":[{"id":50601,"href":"https:\/\/www.laguiadepamplona.com\/actualidad\/wp-json\/wp\/v2\/posts\/50599\/revisions\/50601"}],"wp:featuredmedia":[{"embeddable":true,"href":"https:\/\/www.laguiadepamplona.com\/actualidad\/wp-json\/wp\/v2\/media\/50600"}],"wp:attachment":[{"href":"https:\/\/www.laguiadepamplona.com\/actualidad\/wp-json\/wp\/v2\/media?parent=50599"}],"wp:term":[{"taxonomy":"category","embeddable":true,"href":"https:\/\/www.laguiadepamplona.com\/actualidad\/wp-json\/wp\/v2\/categories?post=50599"},{"taxonomy":"post_tag","embeddable":true,"href":"https:\/\/www.laguiadepamplona.com\/actualidad\/wp-json\/wp\/v2\/tags?post=50599"}],"curies":[{"name":"wp","href":"https:\/\/api.w.org\/{rel}","templated":true}]}}