{"id":50596,"date":"2024-08-23T17:34:46","date_gmt":"2024-08-23T15:34:46","guid":{"rendered":"https:\/\/www.laguiadepamplona.com\/actualidad\/?p=50596"},"modified":"2024-08-23T17:34:46","modified_gmt":"2024-08-23T15:34:46","slug":"la-danza-contemporanea-de-danzad-danzad-malditos-ddm-y-la-musica-electronica-malditos-night-se-trasladan-este-sabado-a-la-ciudadela-por-la-prevision-de-lluvias","status":"publish","type":"post","link":"https:\/\/www.laguiadepamplona.com\/actualidad\/la-danza-contemporanea-de-danzad-danzad-malditos-ddm-y-la-musica-electronica-malditos-night-se-trasladan-este-sabado-a-la-ciudadela-por-la-prevision-de-lluvias\/","title":{"rendered":"La danza contempor\u00e1nea de Danzad, Danzad, Malditos (DDM), y la m\u00fasica electr\u00f3nica Malditos Night, se trasladan este s\u00e1bado a la Ciudadela por la previsi\u00f3n de lluvias"},"content":{"rendered":"<h2>El ciclo cierra su programaci\u00f3n de 2024 con seis actuaciones, cuatro de danza y dos DJ<\/h2>\n<p><!--more--><\/p>\n<p>El festival Danzad, Danzad, Malditos termina este s\u00e1bado con su programaci\u00f3n en las se dan cita la creaci\u00f3n contempor\u00e1nea y las artes del movimiento. En previsi\u00f3n de las posibles lluvias la tarde del s\u00e1bado 24 de agosto, el Consistorio ha previsto que las actuaciones del s\u00e1bado se trasladen al entorno de la Sala de Armas de la Ciudadela. A partir de las 20 horas el p\u00fablico podr\u00e1 disfrutar de cuatro actuaciones, las de Areli Moran, Pepa Cases, Led Silhouette y Anouar Merabet. Como en cada una de las jornadas de Danzad, Danzad, Malditos, el equipo de parkour telonear\u00e1 cada una de las actuaciones.<\/p>\n<p>El proyecto DDM forma parte del Festival de las Murallas de Ayuntamiento de Pamplona y cuenta con el apoyo del Programa Innova de Fundaci\u00f3n \u201cla Caixa\u201d y Fundaci\u00f3n Caja Navarra, el Gobierno de Navarra y la Red Acieloabiero.<\/p>\n<p>Por la noche, en el interior de la Sala de Armas de la Ciudadela, de 22 a 01 horas con entrada libre la m\u00fasica electr\u00f3nica correr\u00e1 a cargo de los DJ\u2019s Divorce form New York y Ope Loeb que cerrar\u00e1n el espacio participativo Malditos Night.<\/p>\n<p>El festival cierra con esta programaci\u00f3n su novena edici\u00f3n en la que el parkour, las artes del movimiento, la creaci\u00f3n contempor\u00e1nea y la m\u00fasica de vanguardia se acercan a espacios no convencionales.<\/p>\n<p><strong>Cuatro obras para un fin de ciclo<\/strong><\/p>\n<p>Areli Moran abrir\u00e1 la \u00faltima jornada del festival con un fragmento de \u2018Nuestro cuerpo, tierra suave\u2019, en el que participar\u00e1n de artistas locales. Se trata de una danza ritual que celebra el viaje de la vida y sus ciclos, el crecimiento y la transformaci\u00f3n del cuerpo. Tras ella, la artista valenciana Pepa Cases mostrar\u00e1 su propuesta \u2018Pols\u2019, un espect\u00e1culo de danza contempor\u00e1nea que reflexiona sobre la diversidad sexual y su necesaria normalizaci\u00f3n.<\/p>\n<p>El madrile\u00f1o Jon L\u00f3pez y el navarro Martxel Rodriguez, integrantes de la compa\u00f1\u00eda Led Silhouette presentar\u00e1n \u2018Los perros\u2019, pieza que busca un estado de resistencia; perros que se encuentran, que comparten alegr\u00eda y dolor, que caen y se levantan, que bailan, que se rebelan a trav\u00e9s del amor, para encontrar el sentido de sus vidas. Y la \u00faltima actuaci\u00f3n la traer\u00e1 Anouar Merabet (Mother founding Kiki House of Anunnaki) que acercar\u00e1 la danza vogue al front\u00f3n Jito Alai con su pieza \u2018Tiempo\u2019. En la que plantea que al igual que el arte guarda secretos, el artista no revela el proceso de creaci\u00f3n, dejando que el tiempo le d\u00e9 forma y construya una idea individual en el imaginario colectivo.<\/p>\n<p><strong>M\u00fasica de vanguardia en la Ciudadela<\/strong><\/p>\n<p>Para terminar Malditos Night, la secci\u00f3n de m\u00fasica de vanguardia, cerrar\u00e1 el festival con dos actuaciones de 22 a 01 horas en la Ciudadela. La sesi\u00f3n se iniciar\u00e1 con DJ Divorce form New York, que ofrecer\u00e1 una Live session con elementos de fusi\u00f3n de jungle, house y broken beat con sensibilidad jazz\u00edstica mediante el sampleo de su colecci\u00f3n de discos de jazz.<\/p>\n<p>Para acabar el ciclo de sesiones de m\u00fasica electr\u00f3nica la DJ y fot\u00f3grafa donostiarra Ope Loeb presentar\u00e1 un DJ Set de energ\u00eda contagiosa, viajando a trav\u00e9s de los ritmos palpitantes del UK-Bass, breaks, hasta los cautivadores sonidos del house, pasando por sonidos m\u00e1s experimentales.<\/p>\n<p>DDM<\/p>\n<h3>S\u00e1bado 24 de agosto a las 20 horas en el entorno de la sala de Armas de la Ciudadela<\/h3>\n<ul>\n<li>Areli Moran \u00a0\u00a0\u00a0\u00a0\u00a0\u00a0\u00a0\u00a0\u00a0\u00a0\u00a0\u00a0\u00a0\u00a0\u00a0\u00a0\u00a0\u00a0\u00a0\u00a0\u00a0\u00a0\u00a0\u00a0\u00a0\u00a0\u00a0\u00a0\u00a0\u00a0\u00a0\u00a0\u00a0\u00a0\u00a0\u00a0\u00a0\u00a0\u00a0\u00a0\u00a0\u00a0\u00a0\u00a0\u00a0\u00a0\u00a0\u00a0\u00a0\u00a0\u00a0\u00a0\u00a0\u00a0\u00a0\u00a0\u00a0\u00a0\u00a0\u00a0\u00a0\u00a0\u00a0\u00a0\u00a0\u00a0\u00a0\u00a0\u00a0\u00a0\u00a0\u00a0\u00a0\u00a0\u00a0\u00a0\u00a0\u00a0\u00a0\u00a0\u00a0 <em>Nuestro Cuerpo, Tierra Suave<\/em><\/li>\n<li>Pepa Cases \u00a0\u00a0\u00a0\u00a0\u00a0\u00a0\u00a0\u00a0\u00a0\u00a0\u00a0\u00a0\u00a0\u00a0\u00a0\u00a0\u00a0\u00a0\u00a0\u00a0\u00a0\u00a0\u00a0\u00a0\u00a0\u00a0\u00a0\u00a0\u00a0\u00a0\u00a0\u00a0\u00a0\u00a0\u00a0\u00a0\u00a0\u00a0\u00a0\u00a0\u00a0\u00a0\u00a0\u00a0\u00a0\u00a0\u00a0\u00a0\u00a0\u00a0\u00a0\u00a0\u00a0\u00a0\u00a0\u00a0\u00a0\u00a0\u00a0\u00a0\u00a0\u00a0\u00a0\u00a0\u00a0\u00a0\u00a0\u00a0\u00a0\u00a0\u00a0\u00a0\u00a0\u00a0\u00a0\u00a0\u00a0\u00a0\u00a0\u00a0 <em>Pols<\/em><\/li>\n<li>Led Silhouette \u00a0\u00a0\u00a0\u00a0\u00a0\u00a0\u00a0\u00a0\u00a0\u00a0\u00a0\u00a0\u00a0\u00a0\u00a0\u00a0\u00a0\u00a0\u00a0\u00a0\u00a0\u00a0\u00a0\u00a0\u00a0\u00a0\u00a0\u00a0\u00a0\u00a0\u00a0\u00a0\u00a0\u00a0\u00a0\u00a0\u00a0\u00a0\u00a0\u00a0\u00a0\u00a0\u00a0\u00a0\u00a0\u00a0\u00a0\u00a0\u00a0\u00a0\u00a0\u00a0\u00a0\u00a0\u00a0\u00a0\u00a0\u00a0\u00a0\u00a0\u00a0\u00a0\u00a0\u00a0\u00a0\u00a0\u00a0\u00a0\u00a0\u00a0\u00a0\u00a0\u00a0\u00a0\u00a0\u00a0 <em>Los Perros<\/em><\/li>\n<li>Anouar Merabet \/ Mother founding Kiki House of Anunnaki \u00a0\u00a0\u00a0\u00a0\u00a0 <em>Tiempo<\/em><\/li>\n<\/ul>\n<h3>Malditos Night<\/h3>\n<h3>S\u00e1bado 24 de agosto a las 22.00 horas en la Ciudadela<\/h3>\n<ul>\n<li>Divorce from New York Live<\/li>\n<li>Ope Loeb Dj Set<\/li>\n<\/ul>\n<p>Toda la informaci\u00f3n en la p\u00e1gina web: <a href=\"https:\/\/danzadmalditos.com\" target=\"_blank\" rel=\"noopener\">https:\/\/danzadmalditos.com<\/a><\/p>\n","protected":false},"excerpt":{"rendered":"<p>El ciclo cierra su programaci\u00f3n de 2024 con seis actuaciones, cuatro de danza y dos DJ<\/p>\n","protected":false},"author":1,"featured_media":50597,"comment_status":"open","ping_status":"closed","sticky":false,"template":"","format":"standard","meta":{"footnotes":""},"categories":[2],"tags":[],"class_list":["post-50596","post","type-post","status-publish","format-standard","has-post-thumbnail","hentry","category-ayuntamiento-pamplona"],"yoast_head":"<!-- This site is optimized with the Yoast SEO plugin v27.3 - https:\/\/yoast.com\/product\/yoast-seo-wordpress\/ -->\n<title>La danza contempor\u00e1nea de Danzad, Danzad, Malditos (DDM), y la m\u00fasica electr\u00f3nica Malditos Night, se trasladan este s\u00e1bado a la Ciudadela por la previsi\u00f3n de lluvias<\/title>\n<meta name=\"description\" content=\"El ciclo cierra su programaci\u00f3n de 2024 con seis actuaciones, cuatro de danza y dos DJ\" \/>\n<meta name=\"robots\" content=\"index, follow, max-snippet:-1, max-image-preview:large, max-video-preview:-1\" \/>\n<link rel=\"canonical\" href=\"https:\/\/www.laguiadepamplona.com\/actualidad\/la-danza-contemporanea-de-danzad-danzad-malditos-ddm-y-la-musica-electronica-malditos-night-se-trasladan-este-sabado-a-la-ciudadela-por-la-prevision-de-lluvias\/\" \/>\n<meta property=\"og:locale\" content=\"es_ES\" \/>\n<meta property=\"og:type\" content=\"article\" \/>\n<meta property=\"og:title\" content=\"La danza contempor\u00e1nea de Danzad, Danzad, Malditos (DDM), y la m\u00fasica electr\u00f3nica Malditos Night, se trasladan este s\u00e1bado a la Ciudadela por la previsi\u00f3n de lluvias\" \/>\n<meta property=\"og:description\" content=\"El ciclo cierra su programaci\u00f3n de 2024 con seis actuaciones, cuatro de danza y dos DJ\" \/>\n<meta property=\"og:url\" content=\"https:\/\/www.laguiadepamplona.com\/actualidad\/la-danza-contemporanea-de-danzad-danzad-malditos-ddm-y-la-musica-electronica-malditos-night-se-trasladan-este-sabado-a-la-ciudadela-por-la-prevision-de-lluvias\/\" \/>\n<meta property=\"og:site_name\" content=\"La Gu\u00eda de Pamplona\" \/>\n<meta property=\"article:publisher\" content=\"https:\/\/www.facebook.com\/laguiadepamplonacom-133175176762273\/?ref=hl\" \/>\n<meta property=\"article:published_time\" content=\"2024-08-23T15:34:46+00:00\" \/>\n<meta property=\"og:image\" content=\"https:\/\/www.laguiadepamplona.com\/actualidad\/wp-content\/uploads\/2024\/08\/malditosnightweb2.webp\" \/>\n\t<meta property=\"og:image:width\" content=\"1000\" \/>\n\t<meta property=\"og:image:height\" content=\"667\" \/>\n\t<meta property=\"og:image:type\" content=\"image\/webp\" \/>\n<meta name=\"author\" content=\"La Gu\u00eda de Pamplona\" \/>\n<meta name=\"twitter:card\" content=\"summary_large_image\" \/>\n<meta name=\"twitter:creator\" content=\"@LaGuiadPamplona\" \/>\n<meta name=\"twitter:site\" content=\"@LaGuiadPamplona\" \/>\n<meta name=\"twitter:label1\" content=\"Escrito por\" \/>\n\t<meta name=\"twitter:data1\" content=\"La Gu\u00eda de Pamplona\" \/>\n\t<meta name=\"twitter:label2\" content=\"Tiempo de lectura\" \/>\n\t<meta name=\"twitter:data2\" content=\"4 minutos\" \/>\n<script type=\"application\/ld+json\" class=\"yoast-schema-graph\">{\"@context\":\"https:\\\/\\\/schema.org\",\"@graph\":[{\"@type\":\"Article\",\"@id\":\"https:\\\/\\\/www.laguiadepamplona.com\\\/actualidad\\\/la-danza-contemporanea-de-danzad-danzad-malditos-ddm-y-la-musica-electronica-malditos-night-se-trasladan-este-sabado-a-la-ciudadela-por-la-prevision-de-lluvias\\\/#article\",\"isPartOf\":{\"@id\":\"https:\\\/\\\/www.laguiadepamplona.com\\\/actualidad\\\/la-danza-contemporanea-de-danzad-danzad-malditos-ddm-y-la-musica-electronica-malditos-night-se-trasladan-este-sabado-a-la-ciudadela-por-la-prevision-de-lluvias\\\/\"},\"author\":{\"name\":\"La Gu\u00eda de Pamplona\",\"@id\":\"https:\\\/\\\/www.laguiadepamplona.com\\\/actualidad\\\/#\\\/schema\\\/person\\\/efe887376f0213d4657c93adc50b1fdb\"},\"headline\":\"La danza contempor\u00e1nea de Danzad, Danzad, Malditos (DDM), y la m\u00fasica electr\u00f3nica Malditos Night, se trasladan este s\u00e1bado a la Ciudadela por la previsi\u00f3n de lluvias\",\"datePublished\":\"2024-08-23T15:34:46+00:00\",\"mainEntityOfPage\":{\"@id\":\"https:\\\/\\\/www.laguiadepamplona.com\\\/actualidad\\\/la-danza-contemporanea-de-danzad-danzad-malditos-ddm-y-la-musica-electronica-malditos-night-se-trasladan-este-sabado-a-la-ciudadela-por-la-prevision-de-lluvias\\\/\"},\"wordCount\":688,\"commentCount\":0,\"publisher\":{\"@id\":\"https:\\\/\\\/www.laguiadepamplona.com\\\/actualidad\\\/#organization\"},\"image\":{\"@id\":\"https:\\\/\\\/www.laguiadepamplona.com\\\/actualidad\\\/la-danza-contemporanea-de-danzad-danzad-malditos-ddm-y-la-musica-electronica-malditos-night-se-trasladan-este-sabado-a-la-ciudadela-por-la-prevision-de-lluvias\\\/#primaryimage\"},\"thumbnailUrl\":\"https:\\\/\\\/www.laguiadepamplona.com\\\/actualidad\\\/wp-content\\\/uploads\\\/2024\\\/08\\\/malditosnightweb2.webp\",\"articleSection\":[\"Ayto Pamplona\"],\"inLanguage\":\"es\",\"potentialAction\":[{\"@type\":\"CommentAction\",\"name\":\"Comment\",\"target\":[\"https:\\\/\\\/www.laguiadepamplona.com\\\/actualidad\\\/la-danza-contemporanea-de-danzad-danzad-malditos-ddm-y-la-musica-electronica-malditos-night-se-trasladan-este-sabado-a-la-ciudadela-por-la-prevision-de-lluvias\\\/#respond\"]}]},{\"@type\":\"WebPage\",\"@id\":\"https:\\\/\\\/www.laguiadepamplona.com\\\/actualidad\\\/la-danza-contemporanea-de-danzad-danzad-malditos-ddm-y-la-musica-electronica-malditos-night-se-trasladan-este-sabado-a-la-ciudadela-por-la-prevision-de-lluvias\\\/\",\"url\":\"https:\\\/\\\/www.laguiadepamplona.com\\\/actualidad\\\/la-danza-contemporanea-de-danzad-danzad-malditos-ddm-y-la-musica-electronica-malditos-night-se-trasladan-este-sabado-a-la-ciudadela-por-la-prevision-de-lluvias\\\/\",\"name\":\"La danza contempor\u00e1nea de Danzad, Danzad, Malditos (DDM), y la m\u00fasica electr\u00f3nica Malditos Night, se trasladan este s\u00e1bado a la Ciudadela por la previsi\u00f3n de lluvias\",\"isPartOf\":{\"@id\":\"https:\\\/\\\/www.laguiadepamplona.com\\\/actualidad\\\/#website\"},\"primaryImageOfPage\":{\"@id\":\"https:\\\/\\\/www.laguiadepamplona.com\\\/actualidad\\\/la-danza-contemporanea-de-danzad-danzad-malditos-ddm-y-la-musica-electronica-malditos-night-se-trasladan-este-sabado-a-la-ciudadela-por-la-prevision-de-lluvias\\\/#primaryimage\"},\"image\":{\"@id\":\"https:\\\/\\\/www.laguiadepamplona.com\\\/actualidad\\\/la-danza-contemporanea-de-danzad-danzad-malditos-ddm-y-la-musica-electronica-malditos-night-se-trasladan-este-sabado-a-la-ciudadela-por-la-prevision-de-lluvias\\\/#primaryimage\"},\"thumbnailUrl\":\"https:\\\/\\\/www.laguiadepamplona.com\\\/actualidad\\\/wp-content\\\/uploads\\\/2024\\\/08\\\/malditosnightweb2.webp\",\"datePublished\":\"2024-08-23T15:34:46+00:00\",\"description\":\"El ciclo cierra su programaci\u00f3n de 2024 con seis actuaciones, cuatro de danza y dos DJ\",\"breadcrumb\":{\"@id\":\"https:\\\/\\\/www.laguiadepamplona.com\\\/actualidad\\\/la-danza-contemporanea-de-danzad-danzad-malditos-ddm-y-la-musica-electronica-malditos-night-se-trasladan-este-sabado-a-la-ciudadela-por-la-prevision-de-lluvias\\\/#breadcrumb\"},\"inLanguage\":\"es\",\"potentialAction\":[{\"@type\":\"ReadAction\",\"target\":[\"https:\\\/\\\/www.laguiadepamplona.com\\\/actualidad\\\/la-danza-contemporanea-de-danzad-danzad-malditos-ddm-y-la-musica-electronica-malditos-night-se-trasladan-este-sabado-a-la-ciudadela-por-la-prevision-de-lluvias\\\/\"]}]},{\"@type\":\"ImageObject\",\"inLanguage\":\"es\",\"@id\":\"https:\\\/\\\/www.laguiadepamplona.com\\\/actualidad\\\/la-danza-contemporanea-de-danzad-danzad-malditos-ddm-y-la-musica-electronica-malditos-night-se-trasladan-este-sabado-a-la-ciudadela-por-la-prevision-de-lluvias\\\/#primaryimage\",\"url\":\"https:\\\/\\\/www.laguiadepamplona.com\\\/actualidad\\\/wp-content\\\/uploads\\\/2024\\\/08\\\/malditosnightweb2.webp\",\"contentUrl\":\"https:\\\/\\\/www.laguiadepamplona.com\\\/actualidad\\\/wp-content\\\/uploads\\\/2024\\\/08\\\/malditosnightweb2.webp\",\"width\":1000,\"height\":667,\"caption\":\"danzad malditos - ope loeb\"},{\"@type\":\"BreadcrumbList\",\"@id\":\"https:\\\/\\\/www.laguiadepamplona.com\\\/actualidad\\\/la-danza-contemporanea-de-danzad-danzad-malditos-ddm-y-la-musica-electronica-malditos-night-se-trasladan-este-sabado-a-la-ciudadela-por-la-prevision-de-lluvias\\\/#breadcrumb\",\"itemListElement\":[{\"@type\":\"ListItem\",\"position\":1,\"name\":\"Portada\",\"item\":\"https:\\\/\\\/www.laguiadepamplona.com\\\/actualidad\\\/\"},{\"@type\":\"ListItem\",\"position\":2,\"name\":\"La danza contempor\u00e1nea de Danzad, Danzad, Malditos (DDM), y la m\u00fasica electr\u00f3nica Malditos Night, se trasladan este s\u00e1bado a la Ciudadela por la previsi\u00f3n de lluvias\"}]},{\"@type\":\"WebSite\",\"@id\":\"https:\\\/\\\/www.laguiadepamplona.com\\\/actualidad\\\/#website\",\"url\":\"https:\\\/\\\/www.laguiadepamplona.com\\\/actualidad\\\/\",\"name\":\"La gu\u00eda de Pamplona\",\"description\":\"Noticias de Pamplona\",\"publisher\":{\"@id\":\"https:\\\/\\\/www.laguiadepamplona.com\\\/actualidad\\\/#organization\"},\"potentialAction\":[{\"@type\":\"SearchAction\",\"target\":{\"@type\":\"EntryPoint\",\"urlTemplate\":\"https:\\\/\\\/www.laguiadepamplona.com\\\/actualidad\\\/?s={search_term_string}\"},\"query-input\":{\"@type\":\"PropertyValueSpecification\",\"valueRequired\":true,\"valueName\":\"search_term_string\"}}],\"inLanguage\":\"es\"},{\"@type\":\"Organization\",\"@id\":\"https:\\\/\\\/www.laguiadepamplona.com\\\/actualidad\\\/#organization\",\"name\":\"La Gu\u00eda de Pamplona \\\/ Noticias\",\"url\":\"https:\\\/\\\/www.laguiadepamplona.com\\\/actualidad\\\/\",\"logo\":{\"@type\":\"ImageObject\",\"inLanguage\":\"es\",\"@id\":\"https:\\\/\\\/www.laguiadepamplona.com\\\/actualidad\\\/#\\\/schema\\\/logo\\\/image\\\/\",\"url\":\"https:\\\/\\\/www.laguiadepamplona.com\\\/actualidad\\\/wp-content\\\/uploads\\\/2018\\\/11\\\/logo-laguiadepamplona18-web1.png\",\"contentUrl\":\"https:\\\/\\\/www.laguiadepamplona.com\\\/actualidad\\\/wp-content\\\/uploads\\\/2018\\\/11\\\/logo-laguiadepamplona18-web1.png\",\"width\":600,\"height\":196,\"caption\":\"La Gu\u00eda de Pamplona \\\/ Noticias\"},\"image\":{\"@id\":\"https:\\\/\\\/www.laguiadepamplona.com\\\/actualidad\\\/#\\\/schema\\\/logo\\\/image\\\/\"},\"sameAs\":[\"https:\\\/\\\/www.facebook.com\\\/laguiadepamplonacom-133175176762273\\\/?ref=hl\",\"https:\\\/\\\/x.com\\\/LaGuiadPamplona\",\"https:\\\/\\\/www.instagram.com\\\/la_guia_de_pamplona\\\/\",\"https:\\\/\\\/www.youtube.com\\\/user\\\/laguiadepamplona\"]},{\"@type\":\"Person\",\"@id\":\"https:\\\/\\\/www.laguiadepamplona.com\\\/actualidad\\\/#\\\/schema\\\/person\\\/efe887376f0213d4657c93adc50b1fdb\",\"name\":\"La Gu\u00eda de Pamplona\",\"image\":{\"@type\":\"ImageObject\",\"inLanguage\":\"es\",\"@id\":\"https:\\\/\\\/secure.gravatar.com\\\/avatar\\\/b6992f131dc8d30ab0dff15446e9d346d9dbd95992de0fef795073f5ea83a81c?s=96&d=mm&r=g\",\"url\":\"https:\\\/\\\/secure.gravatar.com\\\/avatar\\\/b6992f131dc8d30ab0dff15446e9d346d9dbd95992de0fef795073f5ea83a81c?s=96&d=mm&r=g\",\"contentUrl\":\"https:\\\/\\\/secure.gravatar.com\\\/avatar\\\/b6992f131dc8d30ab0dff15446e9d346d9dbd95992de0fef795073f5ea83a81c?s=96&d=mm&r=g\",\"caption\":\"La Gu\u00eda de Pamplona\"}}]}<\/script>\n<!-- \/ Yoast SEO plugin. -->","yoast_head_json":{"title":"La danza contempor\u00e1nea de Danzad, Danzad, Malditos (DDM), y la m\u00fasica electr\u00f3nica Malditos Night, se trasladan este s\u00e1bado a la Ciudadela por la previsi\u00f3n de lluvias","description":"El ciclo cierra su programaci\u00f3n de 2024 con seis actuaciones, cuatro de danza y dos DJ","robots":{"index":"index","follow":"follow","max-snippet":"max-snippet:-1","max-image-preview":"max-image-preview:large","max-video-preview":"max-video-preview:-1"},"canonical":"https:\/\/www.laguiadepamplona.com\/actualidad\/la-danza-contemporanea-de-danzad-danzad-malditos-ddm-y-la-musica-electronica-malditos-night-se-trasladan-este-sabado-a-la-ciudadela-por-la-prevision-de-lluvias\/","og_locale":"es_ES","og_type":"article","og_title":"La danza contempor\u00e1nea de Danzad, Danzad, Malditos (DDM), y la m\u00fasica electr\u00f3nica Malditos Night, se trasladan este s\u00e1bado a la Ciudadela por la previsi\u00f3n de lluvias","og_description":"El ciclo cierra su programaci\u00f3n de 2024 con seis actuaciones, cuatro de danza y dos DJ","og_url":"https:\/\/www.laguiadepamplona.com\/actualidad\/la-danza-contemporanea-de-danzad-danzad-malditos-ddm-y-la-musica-electronica-malditos-night-se-trasladan-este-sabado-a-la-ciudadela-por-la-prevision-de-lluvias\/","og_site_name":"La Gu\u00eda de Pamplona","article_publisher":"https:\/\/www.facebook.com\/laguiadepamplonacom-133175176762273\/?ref=hl","article_published_time":"2024-08-23T15:34:46+00:00","og_image":[{"width":1000,"height":667,"url":"https:\/\/www.laguiadepamplona.com\/actualidad\/wp-content\/uploads\/2024\/08\/malditosnightweb2.webp","type":"image\/webp"}],"author":"La Gu\u00eda de Pamplona","twitter_card":"summary_large_image","twitter_creator":"@LaGuiadPamplona","twitter_site":"@LaGuiadPamplona","twitter_misc":{"Escrito por":"La Gu\u00eda de Pamplona","Tiempo de lectura":"4 minutos"},"schema":{"@context":"https:\/\/schema.org","@graph":[{"@type":"Article","@id":"https:\/\/www.laguiadepamplona.com\/actualidad\/la-danza-contemporanea-de-danzad-danzad-malditos-ddm-y-la-musica-electronica-malditos-night-se-trasladan-este-sabado-a-la-ciudadela-por-la-prevision-de-lluvias\/#article","isPartOf":{"@id":"https:\/\/www.laguiadepamplona.com\/actualidad\/la-danza-contemporanea-de-danzad-danzad-malditos-ddm-y-la-musica-electronica-malditos-night-se-trasladan-este-sabado-a-la-ciudadela-por-la-prevision-de-lluvias\/"},"author":{"name":"La Gu\u00eda de Pamplona","@id":"https:\/\/www.laguiadepamplona.com\/actualidad\/#\/schema\/person\/efe887376f0213d4657c93adc50b1fdb"},"headline":"La danza contempor\u00e1nea de Danzad, Danzad, Malditos (DDM), y la m\u00fasica electr\u00f3nica Malditos Night, se trasladan este s\u00e1bado a la Ciudadela por la previsi\u00f3n de lluvias","datePublished":"2024-08-23T15:34:46+00:00","mainEntityOfPage":{"@id":"https:\/\/www.laguiadepamplona.com\/actualidad\/la-danza-contemporanea-de-danzad-danzad-malditos-ddm-y-la-musica-electronica-malditos-night-se-trasladan-este-sabado-a-la-ciudadela-por-la-prevision-de-lluvias\/"},"wordCount":688,"commentCount":0,"publisher":{"@id":"https:\/\/www.laguiadepamplona.com\/actualidad\/#organization"},"image":{"@id":"https:\/\/www.laguiadepamplona.com\/actualidad\/la-danza-contemporanea-de-danzad-danzad-malditos-ddm-y-la-musica-electronica-malditos-night-se-trasladan-este-sabado-a-la-ciudadela-por-la-prevision-de-lluvias\/#primaryimage"},"thumbnailUrl":"https:\/\/www.laguiadepamplona.com\/actualidad\/wp-content\/uploads\/2024\/08\/malditosnightweb2.webp","articleSection":["Ayto Pamplona"],"inLanguage":"es","potentialAction":[{"@type":"CommentAction","name":"Comment","target":["https:\/\/www.laguiadepamplona.com\/actualidad\/la-danza-contemporanea-de-danzad-danzad-malditos-ddm-y-la-musica-electronica-malditos-night-se-trasladan-este-sabado-a-la-ciudadela-por-la-prevision-de-lluvias\/#respond"]}]},{"@type":"WebPage","@id":"https:\/\/www.laguiadepamplona.com\/actualidad\/la-danza-contemporanea-de-danzad-danzad-malditos-ddm-y-la-musica-electronica-malditos-night-se-trasladan-este-sabado-a-la-ciudadela-por-la-prevision-de-lluvias\/","url":"https:\/\/www.laguiadepamplona.com\/actualidad\/la-danza-contemporanea-de-danzad-danzad-malditos-ddm-y-la-musica-electronica-malditos-night-se-trasladan-este-sabado-a-la-ciudadela-por-la-prevision-de-lluvias\/","name":"La danza contempor\u00e1nea de Danzad, Danzad, Malditos (DDM), y la m\u00fasica electr\u00f3nica Malditos Night, se trasladan este s\u00e1bado a la Ciudadela por la previsi\u00f3n de lluvias","isPartOf":{"@id":"https:\/\/www.laguiadepamplona.com\/actualidad\/#website"},"primaryImageOfPage":{"@id":"https:\/\/www.laguiadepamplona.com\/actualidad\/la-danza-contemporanea-de-danzad-danzad-malditos-ddm-y-la-musica-electronica-malditos-night-se-trasladan-este-sabado-a-la-ciudadela-por-la-prevision-de-lluvias\/#primaryimage"},"image":{"@id":"https:\/\/www.laguiadepamplona.com\/actualidad\/la-danza-contemporanea-de-danzad-danzad-malditos-ddm-y-la-musica-electronica-malditos-night-se-trasladan-este-sabado-a-la-ciudadela-por-la-prevision-de-lluvias\/#primaryimage"},"thumbnailUrl":"https:\/\/www.laguiadepamplona.com\/actualidad\/wp-content\/uploads\/2024\/08\/malditosnightweb2.webp","datePublished":"2024-08-23T15:34:46+00:00","description":"El ciclo cierra su programaci\u00f3n de 2024 con seis actuaciones, cuatro de danza y dos DJ","breadcrumb":{"@id":"https:\/\/www.laguiadepamplona.com\/actualidad\/la-danza-contemporanea-de-danzad-danzad-malditos-ddm-y-la-musica-electronica-malditos-night-se-trasladan-este-sabado-a-la-ciudadela-por-la-prevision-de-lluvias\/#breadcrumb"},"inLanguage":"es","potentialAction":[{"@type":"ReadAction","target":["https:\/\/www.laguiadepamplona.com\/actualidad\/la-danza-contemporanea-de-danzad-danzad-malditos-ddm-y-la-musica-electronica-malditos-night-se-trasladan-este-sabado-a-la-ciudadela-por-la-prevision-de-lluvias\/"]}]},{"@type":"ImageObject","inLanguage":"es","@id":"https:\/\/www.laguiadepamplona.com\/actualidad\/la-danza-contemporanea-de-danzad-danzad-malditos-ddm-y-la-musica-electronica-malditos-night-se-trasladan-este-sabado-a-la-ciudadela-por-la-prevision-de-lluvias\/#primaryimage","url":"https:\/\/www.laguiadepamplona.com\/actualidad\/wp-content\/uploads\/2024\/08\/malditosnightweb2.webp","contentUrl":"https:\/\/www.laguiadepamplona.com\/actualidad\/wp-content\/uploads\/2024\/08\/malditosnightweb2.webp","width":1000,"height":667,"caption":"danzad malditos - ope loeb"},{"@type":"BreadcrumbList","@id":"https:\/\/www.laguiadepamplona.com\/actualidad\/la-danza-contemporanea-de-danzad-danzad-malditos-ddm-y-la-musica-electronica-malditos-night-se-trasladan-este-sabado-a-la-ciudadela-por-la-prevision-de-lluvias\/#breadcrumb","itemListElement":[{"@type":"ListItem","position":1,"name":"Portada","item":"https:\/\/www.laguiadepamplona.com\/actualidad\/"},{"@type":"ListItem","position":2,"name":"La danza contempor\u00e1nea de Danzad, Danzad, Malditos (DDM), y la m\u00fasica electr\u00f3nica Malditos Night, se trasladan este s\u00e1bado a la Ciudadela por la previsi\u00f3n de lluvias"}]},{"@type":"WebSite","@id":"https:\/\/www.laguiadepamplona.com\/actualidad\/#website","url":"https:\/\/www.laguiadepamplona.com\/actualidad\/","name":"La gu\u00eda de Pamplona","description":"Noticias de Pamplona","publisher":{"@id":"https:\/\/www.laguiadepamplona.com\/actualidad\/#organization"},"potentialAction":[{"@type":"SearchAction","target":{"@type":"EntryPoint","urlTemplate":"https:\/\/www.laguiadepamplona.com\/actualidad\/?s={search_term_string}"},"query-input":{"@type":"PropertyValueSpecification","valueRequired":true,"valueName":"search_term_string"}}],"inLanguage":"es"},{"@type":"Organization","@id":"https:\/\/www.laguiadepamplona.com\/actualidad\/#organization","name":"La Gu\u00eda de Pamplona \/ Noticias","url":"https:\/\/www.laguiadepamplona.com\/actualidad\/","logo":{"@type":"ImageObject","inLanguage":"es","@id":"https:\/\/www.laguiadepamplona.com\/actualidad\/#\/schema\/logo\/image\/","url":"https:\/\/www.laguiadepamplona.com\/actualidad\/wp-content\/uploads\/2018\/11\/logo-laguiadepamplona18-web1.png","contentUrl":"https:\/\/www.laguiadepamplona.com\/actualidad\/wp-content\/uploads\/2018\/11\/logo-laguiadepamplona18-web1.png","width":600,"height":196,"caption":"La Gu\u00eda de Pamplona \/ Noticias"},"image":{"@id":"https:\/\/www.laguiadepamplona.com\/actualidad\/#\/schema\/logo\/image\/"},"sameAs":["https:\/\/www.facebook.com\/laguiadepamplonacom-133175176762273\/?ref=hl","https:\/\/x.com\/LaGuiadPamplona","https:\/\/www.instagram.com\/la_guia_de_pamplona\/","https:\/\/www.youtube.com\/user\/laguiadepamplona"]},{"@type":"Person","@id":"https:\/\/www.laguiadepamplona.com\/actualidad\/#\/schema\/person\/efe887376f0213d4657c93adc50b1fdb","name":"La Gu\u00eda de Pamplona","image":{"@type":"ImageObject","inLanguage":"es","@id":"https:\/\/secure.gravatar.com\/avatar\/b6992f131dc8d30ab0dff15446e9d346d9dbd95992de0fef795073f5ea83a81c?s=96&d=mm&r=g","url":"https:\/\/secure.gravatar.com\/avatar\/b6992f131dc8d30ab0dff15446e9d346d9dbd95992de0fef795073f5ea83a81c?s=96&d=mm&r=g","contentUrl":"https:\/\/secure.gravatar.com\/avatar\/b6992f131dc8d30ab0dff15446e9d346d9dbd95992de0fef795073f5ea83a81c?s=96&d=mm&r=g","caption":"La Gu\u00eda de Pamplona"}}]}},"post_mailing_queue_ids":[],"_links":{"self":[{"href":"https:\/\/www.laguiadepamplona.com\/actualidad\/wp-json\/wp\/v2\/posts\/50596","targetHints":{"allow":["GET"]}}],"collection":[{"href":"https:\/\/www.laguiadepamplona.com\/actualidad\/wp-json\/wp\/v2\/posts"}],"about":[{"href":"https:\/\/www.laguiadepamplona.com\/actualidad\/wp-json\/wp\/v2\/types\/post"}],"author":[{"embeddable":true,"href":"https:\/\/www.laguiadepamplona.com\/actualidad\/wp-json\/wp\/v2\/users\/1"}],"replies":[{"embeddable":true,"href":"https:\/\/www.laguiadepamplona.com\/actualidad\/wp-json\/wp\/v2\/comments?post=50596"}],"version-history":[{"count":1,"href":"https:\/\/www.laguiadepamplona.com\/actualidad\/wp-json\/wp\/v2\/posts\/50596\/revisions"}],"predecessor-version":[{"id":50598,"href":"https:\/\/www.laguiadepamplona.com\/actualidad\/wp-json\/wp\/v2\/posts\/50596\/revisions\/50598"}],"wp:featuredmedia":[{"embeddable":true,"href":"https:\/\/www.laguiadepamplona.com\/actualidad\/wp-json\/wp\/v2\/media\/50597"}],"wp:attachment":[{"href":"https:\/\/www.laguiadepamplona.com\/actualidad\/wp-json\/wp\/v2\/media?parent=50596"}],"wp:term":[{"taxonomy":"category","embeddable":true,"href":"https:\/\/www.laguiadepamplona.com\/actualidad\/wp-json\/wp\/v2\/categories?post=50596"},{"taxonomy":"post_tag","embeddable":true,"href":"https:\/\/www.laguiadepamplona.com\/actualidad\/wp-json\/wp\/v2\/tags?post=50596"}],"curies":[{"name":"wp","href":"https:\/\/api.w.org\/{rel}","templated":true}]}}