{"id":50587,"date":"2024-08-23T17:24:23","date_gmt":"2024-08-23T15:24:23","guid":{"rendered":"https:\/\/www.laguiadepamplona.com\/actualidad\/?p=50587"},"modified":"2024-08-23T17:24:23","modified_gmt":"2024-08-23T15:24:23","slug":"terminan-las-obras-de-redistribucion-de-la-planta-baja-del-cp-iturrama-en-las-que-ademas-se-ha-adaptado-un-aseo-para-personas-con-diversidad-funcional","status":"publish","type":"post","link":"https:\/\/www.laguiadepamplona.com\/actualidad\/terminan-las-obras-de-redistribucion-de-la-planta-baja-del-cp-iturrama-en-las-que-ademas-se-ha-adaptado-un-aseo-para-personas-con-diversidad-funcional\/","title":{"rendered":"Terminan las obras de redistribuci\u00f3n de la planta baja del CP Iturrama en las que, adem\u00e1s, se ha adaptado un aseo para personas con diversidad funcional"},"content":{"rendered":"<h2>Los trabajos, realizados a demanda del centro, forman parte de las obras de mantenimiento y mejora de los colegios p\u00fablico de la ciudad<\/h2>\n<p><!--more--><\/p>\n<p>Esta semana han acabado las obras del CP Iturrama, unas obras que se enmarcan dentro de los trabajos de mantenimiento y mejora que lleva a cabo el Ayuntamiento de Pamplona de los colegios p\u00fablico de la ciudad. Las obras han redistribuido algunos espacios de la planta baja, concretamente los dedicados a administraci\u00f3n y direcci\u00f3n, adem\u00e1s de modificar tres ba\u00f1os, adaptando uno de ellos. El importe de la actuaci\u00f3n ha sido de 46.000 euros y los trabajos han sido realizados por Belate Servicios Integrales S.L.<\/p>\n<p>Los trabajos se han desarrollados desde principios de julio y han abarcado los meses de vacaciones escolares. La obra ha afectado a dos zonas de la planta baja. En la zona de administraci\u00f3n y direcci\u00f3n, por un lado, se ha tirado la tabiquer\u00eda, se ha puesto parqu\u00e9 laminado nuevo y se ha pintado la estancia resultante. Por otro, se ha hecho la reforma de dos ba\u00f1os que ten\u00edan acceso desde las dependencias administrativa para darles entrada por el pasillo y ponerlos al servicio de todo el centro escolar.<\/p>\n<p>La segunda zona es la sala de profesorado anexa al vest\u00edbulo de entrada. El espacio se ha compartimentado en dos salas diferenciadas y se adaptado el ba\u00f1o anexo para personas con diversidad funcional. Se cambia tambi\u00e9n el acceso a ese ba\u00f1o que ahora se abre hacia dependencias comunes (el vest\u00edbulo). En ba\u00f1os, tanto los paramentos verticales, como los suelos, se han acabado en baldosa de gres porcel\u00e1nico y con falso techo continuo de Pladur. En esas estancias se han realizado nuevas instalaciones de fontaner\u00eda, saneamiento y calefacci\u00f3n.<\/p>\n<p>Las obras, realizadas a propuesta del centro escolar, quedan a servicio de un alumnado compuesto en el \u00faltimo curso por 253 alumnos y alumnas, adem\u00e1s de para el profesorado y el personal auxiliar.<\/p>\n","protected":false},"excerpt":{"rendered":"<p>Los trabajos, realizados a demanda del centro, forman parte de las obras de mantenimiento y mejora de los colegios p\u00fablico de la ciudad<\/p>\n","protected":false},"author":1,"featured_media":50588,"comment_status":"open","ping_status":"closed","sticky":false,"template":"","format":"standard","meta":{"footnotes":""},"categories":[2],"tags":[],"class_list":["post-50587","post","type-post","status-publish","format-standard","has-post-thumbnail","hentry","category-ayuntamiento-pamplona"],"yoast_head":"<!-- This site is optimized with the Yoast SEO plugin v27.3 - https:\/\/yoast.com\/product\/yoast-seo-wordpress\/ -->\n<title>Terminan las obras de redistribuci\u00f3n de la planta baja del CP Iturrama en las que, adem\u00e1s, se ha adaptado un aseo para personas con diversidad funcional<\/title>\n<meta name=\"description\" content=\"Los trabajos, realizados a demanda del centro, forman parte de las obras de mantenimiento y mejora de los colegios p\u00fablico de la ciudad\" \/>\n<meta name=\"robots\" content=\"index, follow, max-snippet:-1, max-image-preview:large, max-video-preview:-1\" \/>\n<link rel=\"canonical\" href=\"https:\/\/www.laguiadepamplona.com\/actualidad\/terminan-las-obras-de-redistribucion-de-la-planta-baja-del-cp-iturrama-en-las-que-ademas-se-ha-adaptado-un-aseo-para-personas-con-diversidad-funcional\/\" \/>\n<meta property=\"og:locale\" content=\"es_ES\" \/>\n<meta property=\"og:type\" content=\"article\" \/>\n<meta property=\"og:title\" content=\"Terminan las obras de redistribuci\u00f3n de la planta baja del CP Iturrama en las que, adem\u00e1s, se ha adaptado un aseo para personas con diversidad funcional\" \/>\n<meta property=\"og:description\" content=\"Los trabajos, realizados a demanda del centro, forman parte de las obras de mantenimiento y mejora de los colegios p\u00fablico de la ciudad\" \/>\n<meta property=\"og:url\" content=\"https:\/\/www.laguiadepamplona.com\/actualidad\/terminan-las-obras-de-redistribucion-de-la-planta-baja-del-cp-iturrama-en-las-que-ademas-se-ha-adaptado-un-aseo-para-personas-con-diversidad-funcional\/\" \/>\n<meta property=\"og:site_name\" content=\"La Gu\u00eda de Pamplona\" \/>\n<meta property=\"article:publisher\" content=\"https:\/\/www.facebook.com\/laguiadepamplonacom-133175176762273\/?ref=hl\" \/>\n<meta property=\"article:published_time\" content=\"2024-08-23T15:24:23+00:00\" \/>\n<meta property=\"og:image\" content=\"https:\/\/www.laguiadepamplona.com\/actualidad\/wp-content\/uploads\/2024\/08\/Obras-CP-Iturrama_web.webp\" \/>\n\t<meta property=\"og:image:width\" content=\"1000\" \/>\n\t<meta property=\"og:image:height\" content=\"750\" \/>\n\t<meta property=\"og:image:type\" content=\"image\/webp\" \/>\n<meta name=\"author\" content=\"La Gu\u00eda de Pamplona\" \/>\n<meta name=\"twitter:card\" content=\"summary_large_image\" \/>\n<meta name=\"twitter:creator\" content=\"@LaGuiadPamplona\" \/>\n<meta name=\"twitter:site\" content=\"@LaGuiadPamplona\" \/>\n<meta name=\"twitter:label1\" content=\"Escrito por\" \/>\n\t<meta name=\"twitter:data1\" content=\"La Gu\u00eda de Pamplona\" \/>\n\t<meta name=\"twitter:label2\" content=\"Tiempo de lectura\" \/>\n\t<meta name=\"twitter:data2\" content=\"2 minutos\" \/>\n<script type=\"application\/ld+json\" class=\"yoast-schema-graph\">{\"@context\":\"https:\\\/\\\/schema.org\",\"@graph\":[{\"@type\":\"Article\",\"@id\":\"https:\\\/\\\/www.laguiadepamplona.com\\\/actualidad\\\/terminan-las-obras-de-redistribucion-de-la-planta-baja-del-cp-iturrama-en-las-que-ademas-se-ha-adaptado-un-aseo-para-personas-con-diversidad-funcional\\\/#article\",\"isPartOf\":{\"@id\":\"https:\\\/\\\/www.laguiadepamplona.com\\\/actualidad\\\/terminan-las-obras-de-redistribucion-de-la-planta-baja-del-cp-iturrama-en-las-que-ademas-se-ha-adaptado-un-aseo-para-personas-con-diversidad-funcional\\\/\"},\"author\":{\"name\":\"La Gu\u00eda de Pamplona\",\"@id\":\"https:\\\/\\\/www.laguiadepamplona.com\\\/actualidad\\\/#\\\/schema\\\/person\\\/efe887376f0213d4657c93adc50b1fdb\"},\"headline\":\"Terminan las obras de redistribuci\u00f3n de la planta baja del CP Iturrama en las que, adem\u00e1s, se ha adaptado un aseo para personas con diversidad funcional\",\"datePublished\":\"2024-08-23T15:24:23+00:00\",\"mainEntityOfPage\":{\"@id\":\"https:\\\/\\\/www.laguiadepamplona.com\\\/actualidad\\\/terminan-las-obras-de-redistribucion-de-la-planta-baja-del-cp-iturrama-en-las-que-ademas-se-ha-adaptado-un-aseo-para-personas-con-diversidad-funcional\\\/\"},\"wordCount\":364,\"commentCount\":0,\"publisher\":{\"@id\":\"https:\\\/\\\/www.laguiadepamplona.com\\\/actualidad\\\/#organization\"},\"image\":{\"@id\":\"https:\\\/\\\/www.laguiadepamplona.com\\\/actualidad\\\/terminan-las-obras-de-redistribucion-de-la-planta-baja-del-cp-iturrama-en-las-que-ademas-se-ha-adaptado-un-aseo-para-personas-con-diversidad-funcional\\\/#primaryimage\"},\"thumbnailUrl\":\"https:\\\/\\\/www.laguiadepamplona.com\\\/actualidad\\\/wp-content\\\/uploads\\\/2024\\\/08\\\/Obras-CP-Iturrama_web.webp\",\"articleSection\":[\"Ayto Pamplona\"],\"inLanguage\":\"es\",\"potentialAction\":[{\"@type\":\"CommentAction\",\"name\":\"Comment\",\"target\":[\"https:\\\/\\\/www.laguiadepamplona.com\\\/actualidad\\\/terminan-las-obras-de-redistribucion-de-la-planta-baja-del-cp-iturrama-en-las-que-ademas-se-ha-adaptado-un-aseo-para-personas-con-diversidad-funcional\\\/#respond\"]}]},{\"@type\":\"WebPage\",\"@id\":\"https:\\\/\\\/www.laguiadepamplona.com\\\/actualidad\\\/terminan-las-obras-de-redistribucion-de-la-planta-baja-del-cp-iturrama-en-las-que-ademas-se-ha-adaptado-un-aseo-para-personas-con-diversidad-funcional\\\/\",\"url\":\"https:\\\/\\\/www.laguiadepamplona.com\\\/actualidad\\\/terminan-las-obras-de-redistribucion-de-la-planta-baja-del-cp-iturrama-en-las-que-ademas-se-ha-adaptado-un-aseo-para-personas-con-diversidad-funcional\\\/\",\"name\":\"Terminan las obras de redistribuci\u00f3n de la planta baja del CP Iturrama en las que, adem\u00e1s, se ha adaptado un aseo para personas con diversidad funcional\",\"isPartOf\":{\"@id\":\"https:\\\/\\\/www.laguiadepamplona.com\\\/actualidad\\\/#website\"},\"primaryImageOfPage\":{\"@id\":\"https:\\\/\\\/www.laguiadepamplona.com\\\/actualidad\\\/terminan-las-obras-de-redistribucion-de-la-planta-baja-del-cp-iturrama-en-las-que-ademas-se-ha-adaptado-un-aseo-para-personas-con-diversidad-funcional\\\/#primaryimage\"},\"image\":{\"@id\":\"https:\\\/\\\/www.laguiadepamplona.com\\\/actualidad\\\/terminan-las-obras-de-redistribucion-de-la-planta-baja-del-cp-iturrama-en-las-que-ademas-se-ha-adaptado-un-aseo-para-personas-con-diversidad-funcional\\\/#primaryimage\"},\"thumbnailUrl\":\"https:\\\/\\\/www.laguiadepamplona.com\\\/actualidad\\\/wp-content\\\/uploads\\\/2024\\\/08\\\/Obras-CP-Iturrama_web.webp\",\"datePublished\":\"2024-08-23T15:24:23+00:00\",\"description\":\"Los trabajos, realizados a demanda del centro, forman parte de las obras de mantenimiento y mejora de los colegios p\u00fablico de la ciudad\",\"breadcrumb\":{\"@id\":\"https:\\\/\\\/www.laguiadepamplona.com\\\/actualidad\\\/terminan-las-obras-de-redistribucion-de-la-planta-baja-del-cp-iturrama-en-las-que-ademas-se-ha-adaptado-un-aseo-para-personas-con-diversidad-funcional\\\/#breadcrumb\"},\"inLanguage\":\"es\",\"potentialAction\":[{\"@type\":\"ReadAction\",\"target\":[\"https:\\\/\\\/www.laguiadepamplona.com\\\/actualidad\\\/terminan-las-obras-de-redistribucion-de-la-planta-baja-del-cp-iturrama-en-las-que-ademas-se-ha-adaptado-un-aseo-para-personas-con-diversidad-funcional\\\/\"]}]},{\"@type\":\"ImageObject\",\"inLanguage\":\"es\",\"@id\":\"https:\\\/\\\/www.laguiadepamplona.com\\\/actualidad\\\/terminan-las-obras-de-redistribucion-de-la-planta-baja-del-cp-iturrama-en-las-que-ademas-se-ha-adaptado-un-aseo-para-personas-con-diversidad-funcional\\\/#primaryimage\",\"url\":\"https:\\\/\\\/www.laguiadepamplona.com\\\/actualidad\\\/wp-content\\\/uploads\\\/2024\\\/08\\\/Obras-CP-Iturrama_web.webp\",\"contentUrl\":\"https:\\\/\\\/www.laguiadepamplona.com\\\/actualidad\\\/wp-content\\\/uploads\\\/2024\\\/08\\\/Obras-CP-Iturrama_web.webp\",\"width\":1000,\"height\":750,\"caption\":\"obras cp Iturrama\"},{\"@type\":\"BreadcrumbList\",\"@id\":\"https:\\\/\\\/www.laguiadepamplona.com\\\/actualidad\\\/terminan-las-obras-de-redistribucion-de-la-planta-baja-del-cp-iturrama-en-las-que-ademas-se-ha-adaptado-un-aseo-para-personas-con-diversidad-funcional\\\/#breadcrumb\",\"itemListElement\":[{\"@type\":\"ListItem\",\"position\":1,\"name\":\"Portada\",\"item\":\"https:\\\/\\\/www.laguiadepamplona.com\\\/actualidad\\\/\"},{\"@type\":\"ListItem\",\"position\":2,\"name\":\"Terminan las obras de redistribuci\u00f3n de la planta baja del CP Iturrama en las que, adem\u00e1s, se ha adaptado un aseo para personas con diversidad funcional\"}]},{\"@type\":\"WebSite\",\"@id\":\"https:\\\/\\\/www.laguiadepamplona.com\\\/actualidad\\\/#website\",\"url\":\"https:\\\/\\\/www.laguiadepamplona.com\\\/actualidad\\\/\",\"name\":\"La gu\u00eda de Pamplona\",\"description\":\"Noticias de Pamplona\",\"publisher\":{\"@id\":\"https:\\\/\\\/www.laguiadepamplona.com\\\/actualidad\\\/#organization\"},\"potentialAction\":[{\"@type\":\"SearchAction\",\"target\":{\"@type\":\"EntryPoint\",\"urlTemplate\":\"https:\\\/\\\/www.laguiadepamplona.com\\\/actualidad\\\/?s={search_term_string}\"},\"query-input\":{\"@type\":\"PropertyValueSpecification\",\"valueRequired\":true,\"valueName\":\"search_term_string\"}}],\"inLanguage\":\"es\"},{\"@type\":\"Organization\",\"@id\":\"https:\\\/\\\/www.laguiadepamplona.com\\\/actualidad\\\/#organization\",\"name\":\"La Gu\u00eda de Pamplona \\\/ Noticias\",\"url\":\"https:\\\/\\\/www.laguiadepamplona.com\\\/actualidad\\\/\",\"logo\":{\"@type\":\"ImageObject\",\"inLanguage\":\"es\",\"@id\":\"https:\\\/\\\/www.laguiadepamplona.com\\\/actualidad\\\/#\\\/schema\\\/logo\\\/image\\\/\",\"url\":\"https:\\\/\\\/www.laguiadepamplona.com\\\/actualidad\\\/wp-content\\\/uploads\\\/2018\\\/11\\\/logo-laguiadepamplona18-web1.png\",\"contentUrl\":\"https:\\\/\\\/www.laguiadepamplona.com\\\/actualidad\\\/wp-content\\\/uploads\\\/2018\\\/11\\\/logo-laguiadepamplona18-web1.png\",\"width\":600,\"height\":196,\"caption\":\"La Gu\u00eda de Pamplona \\\/ Noticias\"},\"image\":{\"@id\":\"https:\\\/\\\/www.laguiadepamplona.com\\\/actualidad\\\/#\\\/schema\\\/logo\\\/image\\\/\"},\"sameAs\":[\"https:\\\/\\\/www.facebook.com\\\/laguiadepamplonacom-133175176762273\\\/?ref=hl\",\"https:\\\/\\\/x.com\\\/LaGuiadPamplona\",\"https:\\\/\\\/www.instagram.com\\\/la_guia_de_pamplona\\\/\",\"https:\\\/\\\/www.youtube.com\\\/user\\\/laguiadepamplona\"]},{\"@type\":\"Person\",\"@id\":\"https:\\\/\\\/www.laguiadepamplona.com\\\/actualidad\\\/#\\\/schema\\\/person\\\/efe887376f0213d4657c93adc50b1fdb\",\"name\":\"La Gu\u00eda de Pamplona\",\"image\":{\"@type\":\"ImageObject\",\"inLanguage\":\"es\",\"@id\":\"https:\\\/\\\/secure.gravatar.com\\\/avatar\\\/b6992f131dc8d30ab0dff15446e9d346d9dbd95992de0fef795073f5ea83a81c?s=96&d=mm&r=g\",\"url\":\"https:\\\/\\\/secure.gravatar.com\\\/avatar\\\/b6992f131dc8d30ab0dff15446e9d346d9dbd95992de0fef795073f5ea83a81c?s=96&d=mm&r=g\",\"contentUrl\":\"https:\\\/\\\/secure.gravatar.com\\\/avatar\\\/b6992f131dc8d30ab0dff15446e9d346d9dbd95992de0fef795073f5ea83a81c?s=96&d=mm&r=g\",\"caption\":\"La Gu\u00eda de Pamplona\"}}]}<\/script>\n<!-- \/ Yoast SEO plugin. -->","yoast_head_json":{"title":"Terminan las obras de redistribuci\u00f3n de la planta baja del CP Iturrama en las que, adem\u00e1s, se ha adaptado un aseo para personas con diversidad funcional","description":"Los trabajos, realizados a demanda del centro, forman parte de las obras de mantenimiento y mejora de los colegios p\u00fablico de la ciudad","robots":{"index":"index","follow":"follow","max-snippet":"max-snippet:-1","max-image-preview":"max-image-preview:large","max-video-preview":"max-video-preview:-1"},"canonical":"https:\/\/www.laguiadepamplona.com\/actualidad\/terminan-las-obras-de-redistribucion-de-la-planta-baja-del-cp-iturrama-en-las-que-ademas-se-ha-adaptado-un-aseo-para-personas-con-diversidad-funcional\/","og_locale":"es_ES","og_type":"article","og_title":"Terminan las obras de redistribuci\u00f3n de la planta baja del CP Iturrama en las que, adem\u00e1s, se ha adaptado un aseo para personas con diversidad funcional","og_description":"Los trabajos, realizados a demanda del centro, forman parte de las obras de mantenimiento y mejora de los colegios p\u00fablico de la ciudad","og_url":"https:\/\/www.laguiadepamplona.com\/actualidad\/terminan-las-obras-de-redistribucion-de-la-planta-baja-del-cp-iturrama-en-las-que-ademas-se-ha-adaptado-un-aseo-para-personas-con-diversidad-funcional\/","og_site_name":"La Gu\u00eda de Pamplona","article_publisher":"https:\/\/www.facebook.com\/laguiadepamplonacom-133175176762273\/?ref=hl","article_published_time":"2024-08-23T15:24:23+00:00","og_image":[{"width":1000,"height":750,"url":"https:\/\/www.laguiadepamplona.com\/actualidad\/wp-content\/uploads\/2024\/08\/Obras-CP-Iturrama_web.webp","type":"image\/webp"}],"author":"La Gu\u00eda de Pamplona","twitter_card":"summary_large_image","twitter_creator":"@LaGuiadPamplona","twitter_site":"@LaGuiadPamplona","twitter_misc":{"Escrito por":"La Gu\u00eda de Pamplona","Tiempo de lectura":"2 minutos"},"schema":{"@context":"https:\/\/schema.org","@graph":[{"@type":"Article","@id":"https:\/\/www.laguiadepamplona.com\/actualidad\/terminan-las-obras-de-redistribucion-de-la-planta-baja-del-cp-iturrama-en-las-que-ademas-se-ha-adaptado-un-aseo-para-personas-con-diversidad-funcional\/#article","isPartOf":{"@id":"https:\/\/www.laguiadepamplona.com\/actualidad\/terminan-las-obras-de-redistribucion-de-la-planta-baja-del-cp-iturrama-en-las-que-ademas-se-ha-adaptado-un-aseo-para-personas-con-diversidad-funcional\/"},"author":{"name":"La Gu\u00eda de Pamplona","@id":"https:\/\/www.laguiadepamplona.com\/actualidad\/#\/schema\/person\/efe887376f0213d4657c93adc50b1fdb"},"headline":"Terminan las obras de redistribuci\u00f3n de la planta baja del CP Iturrama en las que, adem\u00e1s, se ha adaptado un aseo para personas con diversidad funcional","datePublished":"2024-08-23T15:24:23+00:00","mainEntityOfPage":{"@id":"https:\/\/www.laguiadepamplona.com\/actualidad\/terminan-las-obras-de-redistribucion-de-la-planta-baja-del-cp-iturrama-en-las-que-ademas-se-ha-adaptado-un-aseo-para-personas-con-diversidad-funcional\/"},"wordCount":364,"commentCount":0,"publisher":{"@id":"https:\/\/www.laguiadepamplona.com\/actualidad\/#organization"},"image":{"@id":"https:\/\/www.laguiadepamplona.com\/actualidad\/terminan-las-obras-de-redistribucion-de-la-planta-baja-del-cp-iturrama-en-las-que-ademas-se-ha-adaptado-un-aseo-para-personas-con-diversidad-funcional\/#primaryimage"},"thumbnailUrl":"https:\/\/www.laguiadepamplona.com\/actualidad\/wp-content\/uploads\/2024\/08\/Obras-CP-Iturrama_web.webp","articleSection":["Ayto Pamplona"],"inLanguage":"es","potentialAction":[{"@type":"CommentAction","name":"Comment","target":["https:\/\/www.laguiadepamplona.com\/actualidad\/terminan-las-obras-de-redistribucion-de-la-planta-baja-del-cp-iturrama-en-las-que-ademas-se-ha-adaptado-un-aseo-para-personas-con-diversidad-funcional\/#respond"]}]},{"@type":"WebPage","@id":"https:\/\/www.laguiadepamplona.com\/actualidad\/terminan-las-obras-de-redistribucion-de-la-planta-baja-del-cp-iturrama-en-las-que-ademas-se-ha-adaptado-un-aseo-para-personas-con-diversidad-funcional\/","url":"https:\/\/www.laguiadepamplona.com\/actualidad\/terminan-las-obras-de-redistribucion-de-la-planta-baja-del-cp-iturrama-en-las-que-ademas-se-ha-adaptado-un-aseo-para-personas-con-diversidad-funcional\/","name":"Terminan las obras de redistribuci\u00f3n de la planta baja del CP Iturrama en las que, adem\u00e1s, se ha adaptado un aseo para personas con diversidad funcional","isPartOf":{"@id":"https:\/\/www.laguiadepamplona.com\/actualidad\/#website"},"primaryImageOfPage":{"@id":"https:\/\/www.laguiadepamplona.com\/actualidad\/terminan-las-obras-de-redistribucion-de-la-planta-baja-del-cp-iturrama-en-las-que-ademas-se-ha-adaptado-un-aseo-para-personas-con-diversidad-funcional\/#primaryimage"},"image":{"@id":"https:\/\/www.laguiadepamplona.com\/actualidad\/terminan-las-obras-de-redistribucion-de-la-planta-baja-del-cp-iturrama-en-las-que-ademas-se-ha-adaptado-un-aseo-para-personas-con-diversidad-funcional\/#primaryimage"},"thumbnailUrl":"https:\/\/www.laguiadepamplona.com\/actualidad\/wp-content\/uploads\/2024\/08\/Obras-CP-Iturrama_web.webp","datePublished":"2024-08-23T15:24:23+00:00","description":"Los trabajos, realizados a demanda del centro, forman parte de las obras de mantenimiento y mejora de los colegios p\u00fablico de la ciudad","breadcrumb":{"@id":"https:\/\/www.laguiadepamplona.com\/actualidad\/terminan-las-obras-de-redistribucion-de-la-planta-baja-del-cp-iturrama-en-las-que-ademas-se-ha-adaptado-un-aseo-para-personas-con-diversidad-funcional\/#breadcrumb"},"inLanguage":"es","potentialAction":[{"@type":"ReadAction","target":["https:\/\/www.laguiadepamplona.com\/actualidad\/terminan-las-obras-de-redistribucion-de-la-planta-baja-del-cp-iturrama-en-las-que-ademas-se-ha-adaptado-un-aseo-para-personas-con-diversidad-funcional\/"]}]},{"@type":"ImageObject","inLanguage":"es","@id":"https:\/\/www.laguiadepamplona.com\/actualidad\/terminan-las-obras-de-redistribucion-de-la-planta-baja-del-cp-iturrama-en-las-que-ademas-se-ha-adaptado-un-aseo-para-personas-con-diversidad-funcional\/#primaryimage","url":"https:\/\/www.laguiadepamplona.com\/actualidad\/wp-content\/uploads\/2024\/08\/Obras-CP-Iturrama_web.webp","contentUrl":"https:\/\/www.laguiadepamplona.com\/actualidad\/wp-content\/uploads\/2024\/08\/Obras-CP-Iturrama_web.webp","width":1000,"height":750,"caption":"obras cp Iturrama"},{"@type":"BreadcrumbList","@id":"https:\/\/www.laguiadepamplona.com\/actualidad\/terminan-las-obras-de-redistribucion-de-la-planta-baja-del-cp-iturrama-en-las-que-ademas-se-ha-adaptado-un-aseo-para-personas-con-diversidad-funcional\/#breadcrumb","itemListElement":[{"@type":"ListItem","position":1,"name":"Portada","item":"https:\/\/www.laguiadepamplona.com\/actualidad\/"},{"@type":"ListItem","position":2,"name":"Terminan las obras de redistribuci\u00f3n de la planta baja del CP Iturrama en las que, adem\u00e1s, se ha adaptado un aseo para personas con diversidad funcional"}]},{"@type":"WebSite","@id":"https:\/\/www.laguiadepamplona.com\/actualidad\/#website","url":"https:\/\/www.laguiadepamplona.com\/actualidad\/","name":"La gu\u00eda de Pamplona","description":"Noticias de Pamplona","publisher":{"@id":"https:\/\/www.laguiadepamplona.com\/actualidad\/#organization"},"potentialAction":[{"@type":"SearchAction","target":{"@type":"EntryPoint","urlTemplate":"https:\/\/www.laguiadepamplona.com\/actualidad\/?s={search_term_string}"},"query-input":{"@type":"PropertyValueSpecification","valueRequired":true,"valueName":"search_term_string"}}],"inLanguage":"es"},{"@type":"Organization","@id":"https:\/\/www.laguiadepamplona.com\/actualidad\/#organization","name":"La Gu\u00eda de Pamplona \/ Noticias","url":"https:\/\/www.laguiadepamplona.com\/actualidad\/","logo":{"@type":"ImageObject","inLanguage":"es","@id":"https:\/\/www.laguiadepamplona.com\/actualidad\/#\/schema\/logo\/image\/","url":"https:\/\/www.laguiadepamplona.com\/actualidad\/wp-content\/uploads\/2018\/11\/logo-laguiadepamplona18-web1.png","contentUrl":"https:\/\/www.laguiadepamplona.com\/actualidad\/wp-content\/uploads\/2018\/11\/logo-laguiadepamplona18-web1.png","width":600,"height":196,"caption":"La Gu\u00eda de Pamplona \/ Noticias"},"image":{"@id":"https:\/\/www.laguiadepamplona.com\/actualidad\/#\/schema\/logo\/image\/"},"sameAs":["https:\/\/www.facebook.com\/laguiadepamplonacom-133175176762273\/?ref=hl","https:\/\/x.com\/LaGuiadPamplona","https:\/\/www.instagram.com\/la_guia_de_pamplona\/","https:\/\/www.youtube.com\/user\/laguiadepamplona"]},{"@type":"Person","@id":"https:\/\/www.laguiadepamplona.com\/actualidad\/#\/schema\/person\/efe887376f0213d4657c93adc50b1fdb","name":"La Gu\u00eda de Pamplona","image":{"@type":"ImageObject","inLanguage":"es","@id":"https:\/\/secure.gravatar.com\/avatar\/b6992f131dc8d30ab0dff15446e9d346d9dbd95992de0fef795073f5ea83a81c?s=96&d=mm&r=g","url":"https:\/\/secure.gravatar.com\/avatar\/b6992f131dc8d30ab0dff15446e9d346d9dbd95992de0fef795073f5ea83a81c?s=96&d=mm&r=g","contentUrl":"https:\/\/secure.gravatar.com\/avatar\/b6992f131dc8d30ab0dff15446e9d346d9dbd95992de0fef795073f5ea83a81c?s=96&d=mm&r=g","caption":"La Gu\u00eda de Pamplona"}}]}},"post_mailing_queue_ids":[],"_links":{"self":[{"href":"https:\/\/www.laguiadepamplona.com\/actualidad\/wp-json\/wp\/v2\/posts\/50587","targetHints":{"allow":["GET"]}}],"collection":[{"href":"https:\/\/www.laguiadepamplona.com\/actualidad\/wp-json\/wp\/v2\/posts"}],"about":[{"href":"https:\/\/www.laguiadepamplona.com\/actualidad\/wp-json\/wp\/v2\/types\/post"}],"author":[{"embeddable":true,"href":"https:\/\/www.laguiadepamplona.com\/actualidad\/wp-json\/wp\/v2\/users\/1"}],"replies":[{"embeddable":true,"href":"https:\/\/www.laguiadepamplona.com\/actualidad\/wp-json\/wp\/v2\/comments?post=50587"}],"version-history":[{"count":1,"href":"https:\/\/www.laguiadepamplona.com\/actualidad\/wp-json\/wp\/v2\/posts\/50587\/revisions"}],"predecessor-version":[{"id":50589,"href":"https:\/\/www.laguiadepamplona.com\/actualidad\/wp-json\/wp\/v2\/posts\/50587\/revisions\/50589"}],"wp:featuredmedia":[{"embeddable":true,"href":"https:\/\/www.laguiadepamplona.com\/actualidad\/wp-json\/wp\/v2\/media\/50588"}],"wp:attachment":[{"href":"https:\/\/www.laguiadepamplona.com\/actualidad\/wp-json\/wp\/v2\/media?parent=50587"}],"wp:term":[{"taxonomy":"category","embeddable":true,"href":"https:\/\/www.laguiadepamplona.com\/actualidad\/wp-json\/wp\/v2\/categories?post=50587"},{"taxonomy":"post_tag","embeddable":true,"href":"https:\/\/www.laguiadepamplona.com\/actualidad\/wp-json\/wp\/v2\/tags?post=50587"}],"curies":[{"name":"wp","href":"https:\/\/api.w.org\/{rel}","templated":true}]}}