{"id":50565,"date":"2024-08-21T17:54:39","date_gmt":"2024-08-21T15:54:39","guid":{"rendered":"https:\/\/www.laguiadepamplona.com\/actualidad\/?p=50565"},"modified":"2024-08-21T17:54:39","modified_gmt":"2024-08-21T15:54:39","slug":"la-inscripcion-en-campamentos-y-escapadas-del-ayuntamiento-de-pamplona-destinadas-a-ninos-ninas-y-adolescentes-en-este-verano-ha-llegado-al-100","status":"publish","type":"post","link":"https:\/\/www.laguiadepamplona.com\/actualidad\/la-inscripcion-en-campamentos-y-escapadas-del-ayuntamiento-de-pamplona-destinadas-a-ninos-ninas-y-adolescentes-en-este-verano-ha-llegado-al-100\/","title":{"rendered":"La inscripci\u00f3n en campamentos y escapadas del Ayuntamiento de Pamplona destinadas a ni\u00f1os, ni\u00f1as y adolescentes en este verano ha llegado al 100%"},"content":{"rendered":"<h2>El lunes comienza el \u00faltimo de los campamentos municipales de este verano: Multideporte para menores de 8 a 12 a\u00f1os, ya completo<\/h2>\n<p><!--more--><\/p>\n<p>El Ayuntamiento ha cubierto las inscripciones de las de las 850 plazas ofertadas en cinco tipolog\u00edas de campamentos de verano y escapadas que se est\u00e1n desarrollando entre el 1 de julio y el 30 de agosto. Este verano, en diferentes tandas en general, el Consistorio ha hecho una amplia propuesta de actividades, localizaciones, contenidos, precios y edades. La oferta municipal hasta el 16 de agosto cubr\u00eda campamentos de verano en los colegios p\u00fablicos Azpilaga\u00f1a y Cardenal Ilund\u00e1in de 3 a 12 a\u00f1os; campamentos de piscina para ni\u00f1as y ni\u00f1os y para adolescentes en Aranzadi y Aquavox San Jorge; un \u2018Ecocamp\u2019 en el entorno de las murallas y de la escuela de Pirag\u00fcismo y escapadas para conocer parajes pr\u00f3ximos.<\/p>\n<p>Hoy terminaba el plazo de inscripci\u00f3n para la \u00faltima de las ofertas de este verano: un campamento multideporte de cinco d\u00edas de duraci\u00f3n, dise\u00f1ado para para menores de 9 a 12 a\u00f1os. Ofrece 50 plazas y est\u00e1 ya completo.<\/p>\n<p><strong>Un sistema abierto con m\u00faltiples variables<\/strong><\/p>\n<p>Los campamentos urbanos son una oferta para que los menores y adolescentes que viven en la ciudad disfruten en verano de actividades distintas a las que hacen el resto del a\u00f1o, o bien, un recurso de apoyo a las familias con menores que necesitan conciliar la vacaciones con el \u00e1mbito laboral de los progenitores. El conjunto de los ofertado por el Ayuntamiento de Pamplona ha acogido a menores desde los 3 a\u00f1os, hasta adolescentes de 17.<\/p>\n<p>La oferta global de actividades engloba desde juegos, manualidades, deporte y talleres sobre los Objetivos de Desarrollo Sostenible de Naciones Unidas, a pirag\u00fcismo, sesiones de escape room, salting, actividades acu\u00e1ticas de varios tipos o salidas hacia la playa y a parajes naturales del entorno como el Aquarium de San Sebasti\u00e1n, las cuevas de Mendukilo, el santuario Coraz\u00f3n Verde u Hondarribia.<\/p>\n<p>Adem\u00e1s de la variedad de la oferta, destaca tambi\u00e9n la diversidad del coste de las distintas modalidades de plaza para las familias. As\u00ed, hab\u00eda desde actividades gratuitas en los campamentos en las piscinas p\u00fablicas o el \u2018Ecocamp\u2019, hasta los 10 euros por plaza en las escapadas que requer\u00edan transporte o los pagos de 60 a 90 euros por semana (seg\u00fan se incluyese o no el comedor en el servicio) en los campamentos en colegios p\u00fablicos.<\/p>\n<h3>Todas las actividades<\/h3>\n<p><strong>Campamentos Urbanos <\/strong><\/p>\n<ul>\n<li>600 plazas en total<\/li>\n<li>Fechas: del 15 de julio al 16 de agosto<\/li>\n<li>Edad: 3 \u2013 12 a\u00f1os<\/li>\n<\/ul>\n<p><strong>Campamento Piscinas Julio \/ Agosto \/ Adolescentes<\/strong><\/p>\n<ul>\n<li>120 plazas en tota<\/li>\n<li>Del 15 de julio al 16 de agosto<\/li>\n<li>Edad: 8 \u2013 17 a\u00f1os<\/li>\n<\/ul>\n<p><strong>Ecocamp Adolescentes<\/strong><\/p>\n<ul>\n<li>40 plazas en total<\/li>\n<li>Fechas: del 12 al 16 de agosto<\/li>\n<li>Edad: 13 \u2013 17 a\u00f1os<\/li>\n<\/ul>\n<p><strong>Escapadas I y II <\/strong><\/p>\n<ul>\n<li>40 plazas en total<\/li>\n<li>Fechas: del 31 de julio al 9 de agosto<\/li>\n<li>Edad: 9 \u2013 17 a\u00f1os<\/li>\n<\/ul>\n<p><strong>Multideporte<\/strong><\/p>\n<ul>\n<li>50 plazas en total<\/li>\n<li>Del 26 al 30 de agosto<\/li>\n<li>De 9 a 12 a\u00f1os<\/li>\n<\/ul>\n","protected":false},"excerpt":{"rendered":"<p>El lunes comienza el \u00faltimo de los campamentos municipales de este verano: Multideporte para menores de 8 a 12 a\u00f1os, ya completo<\/p>\n","protected":false},"author":1,"featured_media":50566,"comment_status":"open","ping_status":"closed","sticky":false,"template":"","format":"standard","meta":{"footnotes":""},"categories":[2],"tags":[],"class_list":["post-50565","post","type-post","status-publish","format-standard","has-post-thumbnail","hentry","category-ayuntamiento-pamplona"],"yoast_head":"<!-- This site is optimized with the Yoast SEO plugin v27.3 - https:\/\/yoast.com\/product\/yoast-seo-wordpress\/ -->\n<title>La inscripci\u00f3n en campamentos y escapadas del Ayuntamiento de Pamplona destinadas a ni\u00f1os, ni\u00f1as y adolescentes en este verano ha llegado al 100%<\/title>\n<meta name=\"description\" content=\"El lunes comienza el \u00faltimo de los campamentos municipales de este verano: Multideporte para menores de 8 a 12 a\u00f1os, ya completo\" \/>\n<meta name=\"robots\" content=\"index, follow, max-snippet:-1, max-image-preview:large, max-video-preview:-1\" \/>\n<link rel=\"canonical\" href=\"https:\/\/www.laguiadepamplona.com\/actualidad\/la-inscripcion-en-campamentos-y-escapadas-del-ayuntamiento-de-pamplona-destinadas-a-ninos-ninas-y-adolescentes-en-este-verano-ha-llegado-al-100\/\" \/>\n<meta property=\"og:locale\" content=\"es_ES\" \/>\n<meta property=\"og:type\" content=\"article\" \/>\n<meta property=\"og:title\" content=\"La inscripci\u00f3n en campamentos y escapadas del Ayuntamiento de Pamplona destinadas a ni\u00f1os, ni\u00f1as y adolescentes en este verano ha llegado al 100%\" \/>\n<meta property=\"og:description\" content=\"El lunes comienza el \u00faltimo de los campamentos municipales de este verano: Multideporte para menores de 8 a 12 a\u00f1os, ya completo\" \/>\n<meta property=\"og:url\" content=\"https:\/\/www.laguiadepamplona.com\/actualidad\/la-inscripcion-en-campamentos-y-escapadas-del-ayuntamiento-de-pamplona-destinadas-a-ninos-ninas-y-adolescentes-en-este-verano-ha-llegado-al-100\/\" \/>\n<meta property=\"og:site_name\" content=\"La Gu\u00eda de Pamplona\" \/>\n<meta property=\"article:publisher\" content=\"https:\/\/www.facebook.com\/laguiadepamplonacom-133175176762273\/?ref=hl\" \/>\n<meta property=\"article:published_time\" content=\"2024-08-21T15:54:39+00:00\" \/>\n<meta property=\"og:image\" content=\"https:\/\/www.laguiadepamplona.com\/actualidad\/wp-content\/uploads\/2024\/08\/campamentosurbanoscardenalilundainnb5356.webp\" \/>\n\t<meta property=\"og:image:width\" content=\"1000\" \/>\n\t<meta property=\"og:image:height\" content=\"667\" \/>\n\t<meta property=\"og:image:type\" content=\"image\/webp\" \/>\n<meta name=\"author\" content=\"La Gu\u00eda de Pamplona\" \/>\n<meta name=\"twitter:card\" content=\"summary_large_image\" \/>\n<meta name=\"twitter:creator\" content=\"@LaGuiadPamplona\" \/>\n<meta name=\"twitter:site\" content=\"@LaGuiadPamplona\" \/>\n<meta name=\"twitter:label1\" content=\"Escrito por\" \/>\n\t<meta name=\"twitter:data1\" content=\"La Gu\u00eda de Pamplona\" \/>\n\t<meta name=\"twitter:label2\" content=\"Tiempo de lectura\" \/>\n\t<meta name=\"twitter:data2\" content=\"3 minutos\" \/>\n<script type=\"application\/ld+json\" class=\"yoast-schema-graph\">{\"@context\":\"https:\\\/\\\/schema.org\",\"@graph\":[{\"@type\":\"Article\",\"@id\":\"https:\\\/\\\/www.laguiadepamplona.com\\\/actualidad\\\/la-inscripcion-en-campamentos-y-escapadas-del-ayuntamiento-de-pamplona-destinadas-a-ninos-ninas-y-adolescentes-en-este-verano-ha-llegado-al-100\\\/#article\",\"isPartOf\":{\"@id\":\"https:\\\/\\\/www.laguiadepamplona.com\\\/actualidad\\\/la-inscripcion-en-campamentos-y-escapadas-del-ayuntamiento-de-pamplona-destinadas-a-ninos-ninas-y-adolescentes-en-este-verano-ha-llegado-al-100\\\/\"},\"author\":{\"name\":\"La Gu\u00eda de Pamplona\",\"@id\":\"https:\\\/\\\/www.laguiadepamplona.com\\\/actualidad\\\/#\\\/schema\\\/person\\\/efe887376f0213d4657c93adc50b1fdb\"},\"headline\":\"La inscripci\u00f3n en campamentos y escapadas del Ayuntamiento de Pamplona destinadas a ni\u00f1os, ni\u00f1as y adolescentes en este verano ha llegado al 100%\",\"datePublished\":\"2024-08-21T15:54:39+00:00\",\"mainEntityOfPage\":{\"@id\":\"https:\\\/\\\/www.laguiadepamplona.com\\\/actualidad\\\/la-inscripcion-en-campamentos-y-escapadas-del-ayuntamiento-de-pamplona-destinadas-a-ninos-ninas-y-adolescentes-en-este-verano-ha-llegado-al-100\\\/\"},\"wordCount\":513,\"commentCount\":0,\"publisher\":{\"@id\":\"https:\\\/\\\/www.laguiadepamplona.com\\\/actualidad\\\/#organization\"},\"image\":{\"@id\":\"https:\\\/\\\/www.laguiadepamplona.com\\\/actualidad\\\/la-inscripcion-en-campamentos-y-escapadas-del-ayuntamiento-de-pamplona-destinadas-a-ninos-ninas-y-adolescentes-en-este-verano-ha-llegado-al-100\\\/#primaryimage\"},\"thumbnailUrl\":\"https:\\\/\\\/www.laguiadepamplona.com\\\/actualidad\\\/wp-content\\\/uploads\\\/2024\\\/08\\\/campamentosurbanoscardenalilundainnb5356.webp\",\"articleSection\":[\"Ayto Pamplona\"],\"inLanguage\":\"es\",\"potentialAction\":[{\"@type\":\"CommentAction\",\"name\":\"Comment\",\"target\":[\"https:\\\/\\\/www.laguiadepamplona.com\\\/actualidad\\\/la-inscripcion-en-campamentos-y-escapadas-del-ayuntamiento-de-pamplona-destinadas-a-ninos-ninas-y-adolescentes-en-este-verano-ha-llegado-al-100\\\/#respond\"]}]},{\"@type\":\"WebPage\",\"@id\":\"https:\\\/\\\/www.laguiadepamplona.com\\\/actualidad\\\/la-inscripcion-en-campamentos-y-escapadas-del-ayuntamiento-de-pamplona-destinadas-a-ninos-ninas-y-adolescentes-en-este-verano-ha-llegado-al-100\\\/\",\"url\":\"https:\\\/\\\/www.laguiadepamplona.com\\\/actualidad\\\/la-inscripcion-en-campamentos-y-escapadas-del-ayuntamiento-de-pamplona-destinadas-a-ninos-ninas-y-adolescentes-en-este-verano-ha-llegado-al-100\\\/\",\"name\":\"La inscripci\u00f3n en campamentos y escapadas del Ayuntamiento de Pamplona destinadas a ni\u00f1os, ni\u00f1as y adolescentes en este verano ha llegado al 100%\",\"isPartOf\":{\"@id\":\"https:\\\/\\\/www.laguiadepamplona.com\\\/actualidad\\\/#website\"},\"primaryImageOfPage\":{\"@id\":\"https:\\\/\\\/www.laguiadepamplona.com\\\/actualidad\\\/la-inscripcion-en-campamentos-y-escapadas-del-ayuntamiento-de-pamplona-destinadas-a-ninos-ninas-y-adolescentes-en-este-verano-ha-llegado-al-100\\\/#primaryimage\"},\"image\":{\"@id\":\"https:\\\/\\\/www.laguiadepamplona.com\\\/actualidad\\\/la-inscripcion-en-campamentos-y-escapadas-del-ayuntamiento-de-pamplona-destinadas-a-ninos-ninas-y-adolescentes-en-este-verano-ha-llegado-al-100\\\/#primaryimage\"},\"thumbnailUrl\":\"https:\\\/\\\/www.laguiadepamplona.com\\\/actualidad\\\/wp-content\\\/uploads\\\/2024\\\/08\\\/campamentosurbanoscardenalilundainnb5356.webp\",\"datePublished\":\"2024-08-21T15:54:39+00:00\",\"description\":\"El lunes comienza el \u00faltimo de los campamentos municipales de este verano: Multideporte para menores de 8 a 12 a\u00f1os, ya completo\",\"breadcrumb\":{\"@id\":\"https:\\\/\\\/www.laguiadepamplona.com\\\/actualidad\\\/la-inscripcion-en-campamentos-y-escapadas-del-ayuntamiento-de-pamplona-destinadas-a-ninos-ninas-y-adolescentes-en-este-verano-ha-llegado-al-100\\\/#breadcrumb\"},\"inLanguage\":\"es\",\"potentialAction\":[{\"@type\":\"ReadAction\",\"target\":[\"https:\\\/\\\/www.laguiadepamplona.com\\\/actualidad\\\/la-inscripcion-en-campamentos-y-escapadas-del-ayuntamiento-de-pamplona-destinadas-a-ninos-ninas-y-adolescentes-en-este-verano-ha-llegado-al-100\\\/\"]}]},{\"@type\":\"ImageObject\",\"inLanguage\":\"es\",\"@id\":\"https:\\\/\\\/www.laguiadepamplona.com\\\/actualidad\\\/la-inscripcion-en-campamentos-y-escapadas-del-ayuntamiento-de-pamplona-destinadas-a-ninos-ninas-y-adolescentes-en-este-verano-ha-llegado-al-100\\\/#primaryimage\",\"url\":\"https:\\\/\\\/www.laguiadepamplona.com\\\/actualidad\\\/wp-content\\\/uploads\\\/2024\\\/08\\\/campamentosurbanoscardenalilundainnb5356.webp\",\"contentUrl\":\"https:\\\/\\\/www.laguiadepamplona.com\\\/actualidad\\\/wp-content\\\/uploads\\\/2024\\\/08\\\/campamentosurbanoscardenalilundainnb5356.webp\",\"width\":1000,\"height\":667,\"caption\":\"campamentos urbanos\"},{\"@type\":\"BreadcrumbList\",\"@id\":\"https:\\\/\\\/www.laguiadepamplona.com\\\/actualidad\\\/la-inscripcion-en-campamentos-y-escapadas-del-ayuntamiento-de-pamplona-destinadas-a-ninos-ninas-y-adolescentes-en-este-verano-ha-llegado-al-100\\\/#breadcrumb\",\"itemListElement\":[{\"@type\":\"ListItem\",\"position\":1,\"name\":\"Portada\",\"item\":\"https:\\\/\\\/www.laguiadepamplona.com\\\/actualidad\\\/\"},{\"@type\":\"ListItem\",\"position\":2,\"name\":\"La inscripci\u00f3n en campamentos y escapadas del Ayuntamiento de Pamplona destinadas a ni\u00f1os, ni\u00f1as y adolescentes en este verano ha llegado al 100%\"}]},{\"@type\":\"WebSite\",\"@id\":\"https:\\\/\\\/www.laguiadepamplona.com\\\/actualidad\\\/#website\",\"url\":\"https:\\\/\\\/www.laguiadepamplona.com\\\/actualidad\\\/\",\"name\":\"La gu\u00eda de Pamplona\",\"description\":\"Noticias de Pamplona\",\"publisher\":{\"@id\":\"https:\\\/\\\/www.laguiadepamplona.com\\\/actualidad\\\/#organization\"},\"potentialAction\":[{\"@type\":\"SearchAction\",\"target\":{\"@type\":\"EntryPoint\",\"urlTemplate\":\"https:\\\/\\\/www.laguiadepamplona.com\\\/actualidad\\\/?s={search_term_string}\"},\"query-input\":{\"@type\":\"PropertyValueSpecification\",\"valueRequired\":true,\"valueName\":\"search_term_string\"}}],\"inLanguage\":\"es\"},{\"@type\":\"Organization\",\"@id\":\"https:\\\/\\\/www.laguiadepamplona.com\\\/actualidad\\\/#organization\",\"name\":\"La Gu\u00eda de Pamplona \\\/ Noticias\",\"url\":\"https:\\\/\\\/www.laguiadepamplona.com\\\/actualidad\\\/\",\"logo\":{\"@type\":\"ImageObject\",\"inLanguage\":\"es\",\"@id\":\"https:\\\/\\\/www.laguiadepamplona.com\\\/actualidad\\\/#\\\/schema\\\/logo\\\/image\\\/\",\"url\":\"https:\\\/\\\/www.laguiadepamplona.com\\\/actualidad\\\/wp-content\\\/uploads\\\/2018\\\/11\\\/logo-laguiadepamplona18-web1.png\",\"contentUrl\":\"https:\\\/\\\/www.laguiadepamplona.com\\\/actualidad\\\/wp-content\\\/uploads\\\/2018\\\/11\\\/logo-laguiadepamplona18-web1.png\",\"width\":600,\"height\":196,\"caption\":\"La Gu\u00eda de Pamplona \\\/ Noticias\"},\"image\":{\"@id\":\"https:\\\/\\\/www.laguiadepamplona.com\\\/actualidad\\\/#\\\/schema\\\/logo\\\/image\\\/\"},\"sameAs\":[\"https:\\\/\\\/www.facebook.com\\\/laguiadepamplonacom-133175176762273\\\/?ref=hl\",\"https:\\\/\\\/x.com\\\/LaGuiadPamplona\",\"https:\\\/\\\/www.instagram.com\\\/la_guia_de_pamplona\\\/\",\"https:\\\/\\\/www.youtube.com\\\/user\\\/laguiadepamplona\"]},{\"@type\":\"Person\",\"@id\":\"https:\\\/\\\/www.laguiadepamplona.com\\\/actualidad\\\/#\\\/schema\\\/person\\\/efe887376f0213d4657c93adc50b1fdb\",\"name\":\"La Gu\u00eda de Pamplona\",\"image\":{\"@type\":\"ImageObject\",\"inLanguage\":\"es\",\"@id\":\"https:\\\/\\\/secure.gravatar.com\\\/avatar\\\/b6992f131dc8d30ab0dff15446e9d346d9dbd95992de0fef795073f5ea83a81c?s=96&d=mm&r=g\",\"url\":\"https:\\\/\\\/secure.gravatar.com\\\/avatar\\\/b6992f131dc8d30ab0dff15446e9d346d9dbd95992de0fef795073f5ea83a81c?s=96&d=mm&r=g\",\"contentUrl\":\"https:\\\/\\\/secure.gravatar.com\\\/avatar\\\/b6992f131dc8d30ab0dff15446e9d346d9dbd95992de0fef795073f5ea83a81c?s=96&d=mm&r=g\",\"caption\":\"La Gu\u00eda de Pamplona\"}}]}<\/script>\n<!-- \/ Yoast SEO plugin. -->","yoast_head_json":{"title":"La inscripci\u00f3n en campamentos y escapadas del Ayuntamiento de Pamplona destinadas a ni\u00f1os, ni\u00f1as y adolescentes en este verano ha llegado al 100%","description":"El lunes comienza el \u00faltimo de los campamentos municipales de este verano: Multideporte para menores de 8 a 12 a\u00f1os, ya completo","robots":{"index":"index","follow":"follow","max-snippet":"max-snippet:-1","max-image-preview":"max-image-preview:large","max-video-preview":"max-video-preview:-1"},"canonical":"https:\/\/www.laguiadepamplona.com\/actualidad\/la-inscripcion-en-campamentos-y-escapadas-del-ayuntamiento-de-pamplona-destinadas-a-ninos-ninas-y-adolescentes-en-este-verano-ha-llegado-al-100\/","og_locale":"es_ES","og_type":"article","og_title":"La inscripci\u00f3n en campamentos y escapadas del Ayuntamiento de Pamplona destinadas a ni\u00f1os, ni\u00f1as y adolescentes en este verano ha llegado al 100%","og_description":"El lunes comienza el \u00faltimo de los campamentos municipales de este verano: Multideporte para menores de 8 a 12 a\u00f1os, ya completo","og_url":"https:\/\/www.laguiadepamplona.com\/actualidad\/la-inscripcion-en-campamentos-y-escapadas-del-ayuntamiento-de-pamplona-destinadas-a-ninos-ninas-y-adolescentes-en-este-verano-ha-llegado-al-100\/","og_site_name":"La Gu\u00eda de Pamplona","article_publisher":"https:\/\/www.facebook.com\/laguiadepamplonacom-133175176762273\/?ref=hl","article_published_time":"2024-08-21T15:54:39+00:00","og_image":[{"width":1000,"height":667,"url":"https:\/\/www.laguiadepamplona.com\/actualidad\/wp-content\/uploads\/2024\/08\/campamentosurbanoscardenalilundainnb5356.webp","type":"image\/webp"}],"author":"La Gu\u00eda de Pamplona","twitter_card":"summary_large_image","twitter_creator":"@LaGuiadPamplona","twitter_site":"@LaGuiadPamplona","twitter_misc":{"Escrito por":"La Gu\u00eda de Pamplona","Tiempo de lectura":"3 minutos"},"schema":{"@context":"https:\/\/schema.org","@graph":[{"@type":"Article","@id":"https:\/\/www.laguiadepamplona.com\/actualidad\/la-inscripcion-en-campamentos-y-escapadas-del-ayuntamiento-de-pamplona-destinadas-a-ninos-ninas-y-adolescentes-en-este-verano-ha-llegado-al-100\/#article","isPartOf":{"@id":"https:\/\/www.laguiadepamplona.com\/actualidad\/la-inscripcion-en-campamentos-y-escapadas-del-ayuntamiento-de-pamplona-destinadas-a-ninos-ninas-y-adolescentes-en-este-verano-ha-llegado-al-100\/"},"author":{"name":"La Gu\u00eda de Pamplona","@id":"https:\/\/www.laguiadepamplona.com\/actualidad\/#\/schema\/person\/efe887376f0213d4657c93adc50b1fdb"},"headline":"La inscripci\u00f3n en campamentos y escapadas del Ayuntamiento de Pamplona destinadas a ni\u00f1os, ni\u00f1as y adolescentes en este verano ha llegado al 100%","datePublished":"2024-08-21T15:54:39+00:00","mainEntityOfPage":{"@id":"https:\/\/www.laguiadepamplona.com\/actualidad\/la-inscripcion-en-campamentos-y-escapadas-del-ayuntamiento-de-pamplona-destinadas-a-ninos-ninas-y-adolescentes-en-este-verano-ha-llegado-al-100\/"},"wordCount":513,"commentCount":0,"publisher":{"@id":"https:\/\/www.laguiadepamplona.com\/actualidad\/#organization"},"image":{"@id":"https:\/\/www.laguiadepamplona.com\/actualidad\/la-inscripcion-en-campamentos-y-escapadas-del-ayuntamiento-de-pamplona-destinadas-a-ninos-ninas-y-adolescentes-en-este-verano-ha-llegado-al-100\/#primaryimage"},"thumbnailUrl":"https:\/\/www.laguiadepamplona.com\/actualidad\/wp-content\/uploads\/2024\/08\/campamentosurbanoscardenalilundainnb5356.webp","articleSection":["Ayto Pamplona"],"inLanguage":"es","potentialAction":[{"@type":"CommentAction","name":"Comment","target":["https:\/\/www.laguiadepamplona.com\/actualidad\/la-inscripcion-en-campamentos-y-escapadas-del-ayuntamiento-de-pamplona-destinadas-a-ninos-ninas-y-adolescentes-en-este-verano-ha-llegado-al-100\/#respond"]}]},{"@type":"WebPage","@id":"https:\/\/www.laguiadepamplona.com\/actualidad\/la-inscripcion-en-campamentos-y-escapadas-del-ayuntamiento-de-pamplona-destinadas-a-ninos-ninas-y-adolescentes-en-este-verano-ha-llegado-al-100\/","url":"https:\/\/www.laguiadepamplona.com\/actualidad\/la-inscripcion-en-campamentos-y-escapadas-del-ayuntamiento-de-pamplona-destinadas-a-ninos-ninas-y-adolescentes-en-este-verano-ha-llegado-al-100\/","name":"La inscripci\u00f3n en campamentos y escapadas del Ayuntamiento de Pamplona destinadas a ni\u00f1os, ni\u00f1as y adolescentes en este verano ha llegado al 100%","isPartOf":{"@id":"https:\/\/www.laguiadepamplona.com\/actualidad\/#website"},"primaryImageOfPage":{"@id":"https:\/\/www.laguiadepamplona.com\/actualidad\/la-inscripcion-en-campamentos-y-escapadas-del-ayuntamiento-de-pamplona-destinadas-a-ninos-ninas-y-adolescentes-en-este-verano-ha-llegado-al-100\/#primaryimage"},"image":{"@id":"https:\/\/www.laguiadepamplona.com\/actualidad\/la-inscripcion-en-campamentos-y-escapadas-del-ayuntamiento-de-pamplona-destinadas-a-ninos-ninas-y-adolescentes-en-este-verano-ha-llegado-al-100\/#primaryimage"},"thumbnailUrl":"https:\/\/www.laguiadepamplona.com\/actualidad\/wp-content\/uploads\/2024\/08\/campamentosurbanoscardenalilundainnb5356.webp","datePublished":"2024-08-21T15:54:39+00:00","description":"El lunes comienza el \u00faltimo de los campamentos municipales de este verano: Multideporte para menores de 8 a 12 a\u00f1os, ya completo","breadcrumb":{"@id":"https:\/\/www.laguiadepamplona.com\/actualidad\/la-inscripcion-en-campamentos-y-escapadas-del-ayuntamiento-de-pamplona-destinadas-a-ninos-ninas-y-adolescentes-en-este-verano-ha-llegado-al-100\/#breadcrumb"},"inLanguage":"es","potentialAction":[{"@type":"ReadAction","target":["https:\/\/www.laguiadepamplona.com\/actualidad\/la-inscripcion-en-campamentos-y-escapadas-del-ayuntamiento-de-pamplona-destinadas-a-ninos-ninas-y-adolescentes-en-este-verano-ha-llegado-al-100\/"]}]},{"@type":"ImageObject","inLanguage":"es","@id":"https:\/\/www.laguiadepamplona.com\/actualidad\/la-inscripcion-en-campamentos-y-escapadas-del-ayuntamiento-de-pamplona-destinadas-a-ninos-ninas-y-adolescentes-en-este-verano-ha-llegado-al-100\/#primaryimage","url":"https:\/\/www.laguiadepamplona.com\/actualidad\/wp-content\/uploads\/2024\/08\/campamentosurbanoscardenalilundainnb5356.webp","contentUrl":"https:\/\/www.laguiadepamplona.com\/actualidad\/wp-content\/uploads\/2024\/08\/campamentosurbanoscardenalilundainnb5356.webp","width":1000,"height":667,"caption":"campamentos urbanos"},{"@type":"BreadcrumbList","@id":"https:\/\/www.laguiadepamplona.com\/actualidad\/la-inscripcion-en-campamentos-y-escapadas-del-ayuntamiento-de-pamplona-destinadas-a-ninos-ninas-y-adolescentes-en-este-verano-ha-llegado-al-100\/#breadcrumb","itemListElement":[{"@type":"ListItem","position":1,"name":"Portada","item":"https:\/\/www.laguiadepamplona.com\/actualidad\/"},{"@type":"ListItem","position":2,"name":"La inscripci\u00f3n en campamentos y escapadas del Ayuntamiento de Pamplona destinadas a ni\u00f1os, ni\u00f1as y adolescentes en este verano ha llegado al 100%"}]},{"@type":"WebSite","@id":"https:\/\/www.laguiadepamplona.com\/actualidad\/#website","url":"https:\/\/www.laguiadepamplona.com\/actualidad\/","name":"La gu\u00eda de Pamplona","description":"Noticias de Pamplona","publisher":{"@id":"https:\/\/www.laguiadepamplona.com\/actualidad\/#organization"},"potentialAction":[{"@type":"SearchAction","target":{"@type":"EntryPoint","urlTemplate":"https:\/\/www.laguiadepamplona.com\/actualidad\/?s={search_term_string}"},"query-input":{"@type":"PropertyValueSpecification","valueRequired":true,"valueName":"search_term_string"}}],"inLanguage":"es"},{"@type":"Organization","@id":"https:\/\/www.laguiadepamplona.com\/actualidad\/#organization","name":"La Gu\u00eda de Pamplona \/ Noticias","url":"https:\/\/www.laguiadepamplona.com\/actualidad\/","logo":{"@type":"ImageObject","inLanguage":"es","@id":"https:\/\/www.laguiadepamplona.com\/actualidad\/#\/schema\/logo\/image\/","url":"https:\/\/www.laguiadepamplona.com\/actualidad\/wp-content\/uploads\/2018\/11\/logo-laguiadepamplona18-web1.png","contentUrl":"https:\/\/www.laguiadepamplona.com\/actualidad\/wp-content\/uploads\/2018\/11\/logo-laguiadepamplona18-web1.png","width":600,"height":196,"caption":"La Gu\u00eda de Pamplona \/ Noticias"},"image":{"@id":"https:\/\/www.laguiadepamplona.com\/actualidad\/#\/schema\/logo\/image\/"},"sameAs":["https:\/\/www.facebook.com\/laguiadepamplonacom-133175176762273\/?ref=hl","https:\/\/x.com\/LaGuiadPamplona","https:\/\/www.instagram.com\/la_guia_de_pamplona\/","https:\/\/www.youtube.com\/user\/laguiadepamplona"]},{"@type":"Person","@id":"https:\/\/www.laguiadepamplona.com\/actualidad\/#\/schema\/person\/efe887376f0213d4657c93adc50b1fdb","name":"La Gu\u00eda de Pamplona","image":{"@type":"ImageObject","inLanguage":"es","@id":"https:\/\/secure.gravatar.com\/avatar\/b6992f131dc8d30ab0dff15446e9d346d9dbd95992de0fef795073f5ea83a81c?s=96&d=mm&r=g","url":"https:\/\/secure.gravatar.com\/avatar\/b6992f131dc8d30ab0dff15446e9d346d9dbd95992de0fef795073f5ea83a81c?s=96&d=mm&r=g","contentUrl":"https:\/\/secure.gravatar.com\/avatar\/b6992f131dc8d30ab0dff15446e9d346d9dbd95992de0fef795073f5ea83a81c?s=96&d=mm&r=g","caption":"La Gu\u00eda de Pamplona"}}]}},"post_mailing_queue_ids":[],"_links":{"self":[{"href":"https:\/\/www.laguiadepamplona.com\/actualidad\/wp-json\/wp\/v2\/posts\/50565","targetHints":{"allow":["GET"]}}],"collection":[{"href":"https:\/\/www.laguiadepamplona.com\/actualidad\/wp-json\/wp\/v2\/posts"}],"about":[{"href":"https:\/\/www.laguiadepamplona.com\/actualidad\/wp-json\/wp\/v2\/types\/post"}],"author":[{"embeddable":true,"href":"https:\/\/www.laguiadepamplona.com\/actualidad\/wp-json\/wp\/v2\/users\/1"}],"replies":[{"embeddable":true,"href":"https:\/\/www.laguiadepamplona.com\/actualidad\/wp-json\/wp\/v2\/comments?post=50565"}],"version-history":[{"count":1,"href":"https:\/\/www.laguiadepamplona.com\/actualidad\/wp-json\/wp\/v2\/posts\/50565\/revisions"}],"predecessor-version":[{"id":50567,"href":"https:\/\/www.laguiadepamplona.com\/actualidad\/wp-json\/wp\/v2\/posts\/50565\/revisions\/50567"}],"wp:featuredmedia":[{"embeddable":true,"href":"https:\/\/www.laguiadepamplona.com\/actualidad\/wp-json\/wp\/v2\/media\/50566"}],"wp:attachment":[{"href":"https:\/\/www.laguiadepamplona.com\/actualidad\/wp-json\/wp\/v2\/media?parent=50565"}],"wp:term":[{"taxonomy":"category","embeddable":true,"href":"https:\/\/www.laguiadepamplona.com\/actualidad\/wp-json\/wp\/v2\/categories?post=50565"},{"taxonomy":"post_tag","embeddable":true,"href":"https:\/\/www.laguiadepamplona.com\/actualidad\/wp-json\/wp\/v2\/tags?post=50565"}],"curies":[{"name":"wp","href":"https:\/\/api.w.org\/{rel}","templated":true}]}}