{"id":50562,"date":"2024-08-21T17:51:55","date_gmt":"2024-08-21T15:51:55","guid":{"rendered":"https:\/\/www.laguiadepamplona.com\/actualidad\/?p=50562"},"modified":"2024-08-21T17:51:55","modified_gmt":"2024-08-21T15:51:55","slug":"el-patio-del-palacio-de-ezpeleta-cierra-su-ciclo-de-artes-de-calle-con-la-obra-wc-de-david-cebrian-una-comedia-sin-palabras-dirigida-a-todos-los-publicos","status":"publish","type":"post","link":"https:\/\/www.laguiadepamplona.com\/actualidad\/el-patio-del-palacio-de-ezpeleta-cierra-su-ciclo-de-artes-de-calle-con-la-obra-wc-de-david-cebrian-una-comedia-sin-palabras-dirigida-a-todos-los-publicos\/","title":{"rendered":"El patio del Palacio de Ezpeleta cierra su ciclo de Artes de calle con la obra \u2018WC\u2019, de David Cebri\u00e1n, una comedia sin palabras dirigida a todos los p\u00fablicos"},"content":{"rendered":"<h2>La obra se representa este jueves, a las 19.30, con entrada gratuita hasta completar aforo<\/h2>\n<p><!--more--><\/p>\n<p>El patio del Palacio de Ezpeleta acoge este jueves, a las 19.30, el \u00faltimo espect\u00e1culo del ciclo Artes de calle, dentro de la programaci\u00f3n familiar de la red Civivox para el verano. La obra programada es \u2018WC\u2019, de David Cebri\u00e1n, una comedia sin palabras dirigida a todos los p\u00fablicos, con im\u00e1genes imposibles y elementos sorpresivos y absurdos. La entrada es libre hasta completar aforo y el acceso se realiza por la calle de San Francisco.<\/p>\n<p>La comedia \u2018WC\u2019 la ofrece un \u00fanico int\u00e9rprete en clave de clown, guiado por la m\u00e9trica y la r\u00edtmica musical. Las t\u00e9cnicas circenses son claves para contar la historia de un hombre de 48 a\u00f1os que logra realizar el sue\u00f1o de su vida: adquirir una vivienda e independizarse. En la inmobiliaria le informan de que la vivienda es peque\u00f1a y antigua, pero con encanto, di\u00e1fana y con un buen cuarto de ba\u00f1o.<\/p>\n<p>Pero la realidad es algo bastante diferente y las dificultades que presenta la vivienda, la resignaci\u00f3n y las reacciones del personaje a esta desesperante situaci\u00f3n brindan al espectador una comedia absurda e hilarante. Las habilidades circenses aparecen como algo casual dentro de la trama teatral, que se desarrolla en una vivienda derrumbada en la que solo queda en pie el cuarto de ba\u00f1o.<\/p>\n<p>Este espect\u00e1culo est\u00e1 creado por la compa\u00f1\u00eda de nueva creaci\u00f3n de David Cebri\u00e1n, que atesora una dilatada trayectoria art\u00edstica. David Cebri\u00e1n se ha formado en Comedia dell Arte en la Scuola Internacional dell Attore Comico, en artes circenses en escuelas como Carampa o la Escuela Nacional de Circo de la Habana y en interpretaci\u00f3n actoral con maestros como Eric De Bont, Hernan Genn\u00e9 o Jacques Lecoq. En este proyecto cuenta con el asesoramiento de Lapso Producciones, que ha realizado un acompa\u00f1amiento y seguimiento de la producci\u00f3n, adem\u00e1s de asumir la direcci\u00f3n art\u00edstica, dramaturgia y composici\u00f3n musical de la obra.<\/p>\n<p>&nbsp;<\/p>\n<h3>Artes de Calle<\/h3>\n<ul>\n<li>Jueves 22 de agosto. 19.30 horas\n<ul>\n<li>\u2018WC\u2019. Teatro, circo, clown. Compa\u00f1\u00eda David Cebri\u00e1n<\/li>\n<\/ul>\n<\/li>\n<\/ul>\n","protected":false},"excerpt":{"rendered":"<p>La obra se representa este jueves, a las 19.30, con entrada gratuita hasta completar aforo<\/p>\n","protected":false},"author":1,"featured_media":50563,"comment_status":"open","ping_status":"closed","sticky":false,"template":"","format":"standard","meta":{"footnotes":""},"categories":[2],"tags":[],"class_list":["post-50562","post","type-post","status-publish","format-standard","has-post-thumbnail","hentry","category-ayuntamiento-pamplona"],"yoast_head":"<!-- This site is optimized with the Yoast SEO plugin v27.3 - https:\/\/yoast.com\/product\/yoast-seo-wordpress\/ -->\n<title>El patio del Palacio de Ezpeleta cierra su ciclo de Artes de calle con la obra \u2018WC\u2019, de David Cebri\u00e1n, una comedia sin palabras dirigida a todos los p\u00fablicos<\/title>\n<meta name=\"description\" content=\"La obra se representa este jueves, a las 19.30, con entrada gratuita hasta completar aforo\" \/>\n<meta name=\"robots\" content=\"index, follow, max-snippet:-1, max-image-preview:large, max-video-preview:-1\" \/>\n<link rel=\"canonical\" href=\"https:\/\/www.laguiadepamplona.com\/actualidad\/el-patio-del-palacio-de-ezpeleta-cierra-su-ciclo-de-artes-de-calle-con-la-obra-wc-de-david-cebrian-una-comedia-sin-palabras-dirigida-a-todos-los-publicos\/\" \/>\n<meta property=\"og:locale\" content=\"es_ES\" \/>\n<meta property=\"og:type\" content=\"article\" \/>\n<meta property=\"og:title\" content=\"El patio del Palacio de Ezpeleta cierra su ciclo de Artes de calle con la obra \u2018WC\u2019, de David Cebri\u00e1n, una comedia sin palabras dirigida a todos los p\u00fablicos\" \/>\n<meta property=\"og:description\" content=\"La obra se representa este jueves, a las 19.30, con entrada gratuita hasta completar aforo\" \/>\n<meta property=\"og:url\" content=\"https:\/\/www.laguiadepamplona.com\/actualidad\/el-patio-del-palacio-de-ezpeleta-cierra-su-ciclo-de-artes-de-calle-con-la-obra-wc-de-david-cebrian-una-comedia-sin-palabras-dirigida-a-todos-los-publicos\/\" \/>\n<meta property=\"og:site_name\" content=\"La Gu\u00eda de Pamplona\" \/>\n<meta property=\"article:publisher\" content=\"https:\/\/www.facebook.com\/laguiadepamplonacom-133175176762273\/?ref=hl\" \/>\n<meta property=\"article:published_time\" content=\"2024-08-21T15:51:55+00:00\" \/>\n<meta property=\"og:image\" content=\"https:\/\/www.laguiadepamplona.com\/actualidad\/wp-content\/uploads\/2024\/08\/ezpeleta_web.webp\" \/>\n\t<meta property=\"og:image:width\" content=\"1000\" \/>\n\t<meta property=\"og:image:height\" content=\"750\" \/>\n\t<meta property=\"og:image:type\" content=\"image\/webp\" \/>\n<meta name=\"author\" content=\"La Gu\u00eda de Pamplona\" \/>\n<meta name=\"twitter:card\" content=\"summary_large_image\" \/>\n<meta name=\"twitter:creator\" content=\"@LaGuiadPamplona\" \/>\n<meta name=\"twitter:site\" content=\"@LaGuiadPamplona\" \/>\n<meta name=\"twitter:label1\" content=\"Escrito por\" \/>\n\t<meta name=\"twitter:data1\" content=\"La Gu\u00eda de Pamplona\" \/>\n\t<meta name=\"twitter:label2\" content=\"Tiempo de lectura\" \/>\n\t<meta name=\"twitter:data2\" content=\"2 minutos\" \/>\n<script type=\"application\/ld+json\" class=\"yoast-schema-graph\">{\"@context\":\"https:\\\/\\\/schema.org\",\"@graph\":[{\"@type\":\"Article\",\"@id\":\"https:\\\/\\\/www.laguiadepamplona.com\\\/actualidad\\\/el-patio-del-palacio-de-ezpeleta-cierra-su-ciclo-de-artes-de-calle-con-la-obra-wc-de-david-cebrian-una-comedia-sin-palabras-dirigida-a-todos-los-publicos\\\/#article\",\"isPartOf\":{\"@id\":\"https:\\\/\\\/www.laguiadepamplona.com\\\/actualidad\\\/el-patio-del-palacio-de-ezpeleta-cierra-su-ciclo-de-artes-de-calle-con-la-obra-wc-de-david-cebrian-una-comedia-sin-palabras-dirigida-a-todos-los-publicos\\\/\"},\"author\":{\"name\":\"La Gu\u00eda de Pamplona\",\"@id\":\"https:\\\/\\\/www.laguiadepamplona.com\\\/actualidad\\\/#\\\/schema\\\/person\\\/efe887376f0213d4657c93adc50b1fdb\"},\"headline\":\"El patio del Palacio de Ezpeleta cierra su ciclo de Artes de calle con la obra \u2018WC\u2019, de David Cebri\u00e1n, una comedia sin palabras dirigida a todos los p\u00fablicos\",\"datePublished\":\"2024-08-21T15:51:55+00:00\",\"mainEntityOfPage\":{\"@id\":\"https:\\\/\\\/www.laguiadepamplona.com\\\/actualidad\\\/el-patio-del-palacio-de-ezpeleta-cierra-su-ciclo-de-artes-de-calle-con-la-obra-wc-de-david-cebrian-una-comedia-sin-palabras-dirigida-a-todos-los-publicos\\\/\"},\"wordCount\":399,\"commentCount\":0,\"publisher\":{\"@id\":\"https:\\\/\\\/www.laguiadepamplona.com\\\/actualidad\\\/#organization\"},\"image\":{\"@id\":\"https:\\\/\\\/www.laguiadepamplona.com\\\/actualidad\\\/el-patio-del-palacio-de-ezpeleta-cierra-su-ciclo-de-artes-de-calle-con-la-obra-wc-de-david-cebrian-una-comedia-sin-palabras-dirigida-a-todos-los-publicos\\\/#primaryimage\"},\"thumbnailUrl\":\"https:\\\/\\\/www.laguiadepamplona.com\\\/actualidad\\\/wp-content\\\/uploads\\\/2024\\\/08\\\/ezpeleta_web.webp\",\"articleSection\":[\"Ayto Pamplona\"],\"inLanguage\":\"es\",\"potentialAction\":[{\"@type\":\"CommentAction\",\"name\":\"Comment\",\"target\":[\"https:\\\/\\\/www.laguiadepamplona.com\\\/actualidad\\\/el-patio-del-palacio-de-ezpeleta-cierra-su-ciclo-de-artes-de-calle-con-la-obra-wc-de-david-cebrian-una-comedia-sin-palabras-dirigida-a-todos-los-publicos\\\/#respond\"]}]},{\"@type\":\"WebPage\",\"@id\":\"https:\\\/\\\/www.laguiadepamplona.com\\\/actualidad\\\/el-patio-del-palacio-de-ezpeleta-cierra-su-ciclo-de-artes-de-calle-con-la-obra-wc-de-david-cebrian-una-comedia-sin-palabras-dirigida-a-todos-los-publicos\\\/\",\"url\":\"https:\\\/\\\/www.laguiadepamplona.com\\\/actualidad\\\/el-patio-del-palacio-de-ezpeleta-cierra-su-ciclo-de-artes-de-calle-con-la-obra-wc-de-david-cebrian-una-comedia-sin-palabras-dirigida-a-todos-los-publicos\\\/\",\"name\":\"El patio del Palacio de Ezpeleta cierra su ciclo de Artes de calle con la obra \u2018WC\u2019, de David Cebri\u00e1n, una comedia sin palabras dirigida a todos los p\u00fablicos\",\"isPartOf\":{\"@id\":\"https:\\\/\\\/www.laguiadepamplona.com\\\/actualidad\\\/#website\"},\"primaryImageOfPage\":{\"@id\":\"https:\\\/\\\/www.laguiadepamplona.com\\\/actualidad\\\/el-patio-del-palacio-de-ezpeleta-cierra-su-ciclo-de-artes-de-calle-con-la-obra-wc-de-david-cebrian-una-comedia-sin-palabras-dirigida-a-todos-los-publicos\\\/#primaryimage\"},\"image\":{\"@id\":\"https:\\\/\\\/www.laguiadepamplona.com\\\/actualidad\\\/el-patio-del-palacio-de-ezpeleta-cierra-su-ciclo-de-artes-de-calle-con-la-obra-wc-de-david-cebrian-una-comedia-sin-palabras-dirigida-a-todos-los-publicos\\\/#primaryimage\"},\"thumbnailUrl\":\"https:\\\/\\\/www.laguiadepamplona.com\\\/actualidad\\\/wp-content\\\/uploads\\\/2024\\\/08\\\/ezpeleta_web.webp\",\"datePublished\":\"2024-08-21T15:51:55+00:00\",\"description\":\"La obra se representa este jueves, a las 19.30, con entrada gratuita hasta completar aforo\",\"breadcrumb\":{\"@id\":\"https:\\\/\\\/www.laguiadepamplona.com\\\/actualidad\\\/el-patio-del-palacio-de-ezpeleta-cierra-su-ciclo-de-artes-de-calle-con-la-obra-wc-de-david-cebrian-una-comedia-sin-palabras-dirigida-a-todos-los-publicos\\\/#breadcrumb\"},\"inLanguage\":\"es\",\"potentialAction\":[{\"@type\":\"ReadAction\",\"target\":[\"https:\\\/\\\/www.laguiadepamplona.com\\\/actualidad\\\/el-patio-del-palacio-de-ezpeleta-cierra-su-ciclo-de-artes-de-calle-con-la-obra-wc-de-david-cebrian-una-comedia-sin-palabras-dirigida-a-todos-los-publicos\\\/\"]}]},{\"@type\":\"ImageObject\",\"inLanguage\":\"es\",\"@id\":\"https:\\\/\\\/www.laguiadepamplona.com\\\/actualidad\\\/el-patio-del-palacio-de-ezpeleta-cierra-su-ciclo-de-artes-de-calle-con-la-obra-wc-de-david-cebrian-una-comedia-sin-palabras-dirigida-a-todos-los-publicos\\\/#primaryimage\",\"url\":\"https:\\\/\\\/www.laguiadepamplona.com\\\/actualidad\\\/wp-content\\\/uploads\\\/2024\\\/08\\\/ezpeleta_web.webp\",\"contentUrl\":\"https:\\\/\\\/www.laguiadepamplona.com\\\/actualidad\\\/wp-content\\\/uploads\\\/2024\\\/08\\\/ezpeleta_web.webp\",\"width\":1000,\"height\":750,\"caption\":\"ezpeleta\"},{\"@type\":\"BreadcrumbList\",\"@id\":\"https:\\\/\\\/www.laguiadepamplona.com\\\/actualidad\\\/el-patio-del-palacio-de-ezpeleta-cierra-su-ciclo-de-artes-de-calle-con-la-obra-wc-de-david-cebrian-una-comedia-sin-palabras-dirigida-a-todos-los-publicos\\\/#breadcrumb\",\"itemListElement\":[{\"@type\":\"ListItem\",\"position\":1,\"name\":\"Portada\",\"item\":\"https:\\\/\\\/www.laguiadepamplona.com\\\/actualidad\\\/\"},{\"@type\":\"ListItem\",\"position\":2,\"name\":\"El patio del Palacio de Ezpeleta cierra su ciclo de Artes de calle con la obra \u2018WC\u2019, de David Cebri\u00e1n, una comedia sin palabras dirigida a todos los p\u00fablicos\"}]},{\"@type\":\"WebSite\",\"@id\":\"https:\\\/\\\/www.laguiadepamplona.com\\\/actualidad\\\/#website\",\"url\":\"https:\\\/\\\/www.laguiadepamplona.com\\\/actualidad\\\/\",\"name\":\"La gu\u00eda de Pamplona\",\"description\":\"Noticias de Pamplona\",\"publisher\":{\"@id\":\"https:\\\/\\\/www.laguiadepamplona.com\\\/actualidad\\\/#organization\"},\"potentialAction\":[{\"@type\":\"SearchAction\",\"target\":{\"@type\":\"EntryPoint\",\"urlTemplate\":\"https:\\\/\\\/www.laguiadepamplona.com\\\/actualidad\\\/?s={search_term_string}\"},\"query-input\":{\"@type\":\"PropertyValueSpecification\",\"valueRequired\":true,\"valueName\":\"search_term_string\"}}],\"inLanguage\":\"es\"},{\"@type\":\"Organization\",\"@id\":\"https:\\\/\\\/www.laguiadepamplona.com\\\/actualidad\\\/#organization\",\"name\":\"La Gu\u00eda de Pamplona \\\/ Noticias\",\"url\":\"https:\\\/\\\/www.laguiadepamplona.com\\\/actualidad\\\/\",\"logo\":{\"@type\":\"ImageObject\",\"inLanguage\":\"es\",\"@id\":\"https:\\\/\\\/www.laguiadepamplona.com\\\/actualidad\\\/#\\\/schema\\\/logo\\\/image\\\/\",\"url\":\"https:\\\/\\\/www.laguiadepamplona.com\\\/actualidad\\\/wp-content\\\/uploads\\\/2018\\\/11\\\/logo-laguiadepamplona18-web1.png\",\"contentUrl\":\"https:\\\/\\\/www.laguiadepamplona.com\\\/actualidad\\\/wp-content\\\/uploads\\\/2018\\\/11\\\/logo-laguiadepamplona18-web1.png\",\"width\":600,\"height\":196,\"caption\":\"La Gu\u00eda de Pamplona \\\/ Noticias\"},\"image\":{\"@id\":\"https:\\\/\\\/www.laguiadepamplona.com\\\/actualidad\\\/#\\\/schema\\\/logo\\\/image\\\/\"},\"sameAs\":[\"https:\\\/\\\/www.facebook.com\\\/laguiadepamplonacom-133175176762273\\\/?ref=hl\",\"https:\\\/\\\/x.com\\\/LaGuiadPamplona\",\"https:\\\/\\\/www.instagram.com\\\/la_guia_de_pamplona\\\/\",\"https:\\\/\\\/www.youtube.com\\\/user\\\/laguiadepamplona\"]},{\"@type\":\"Person\",\"@id\":\"https:\\\/\\\/www.laguiadepamplona.com\\\/actualidad\\\/#\\\/schema\\\/person\\\/efe887376f0213d4657c93adc50b1fdb\",\"name\":\"La Gu\u00eda de Pamplona\",\"image\":{\"@type\":\"ImageObject\",\"inLanguage\":\"es\",\"@id\":\"https:\\\/\\\/secure.gravatar.com\\\/avatar\\\/b6992f131dc8d30ab0dff15446e9d346d9dbd95992de0fef795073f5ea83a81c?s=96&d=mm&r=g\",\"url\":\"https:\\\/\\\/secure.gravatar.com\\\/avatar\\\/b6992f131dc8d30ab0dff15446e9d346d9dbd95992de0fef795073f5ea83a81c?s=96&d=mm&r=g\",\"contentUrl\":\"https:\\\/\\\/secure.gravatar.com\\\/avatar\\\/b6992f131dc8d30ab0dff15446e9d346d9dbd95992de0fef795073f5ea83a81c?s=96&d=mm&r=g\",\"caption\":\"La Gu\u00eda de Pamplona\"}}]}<\/script>\n<!-- \/ Yoast SEO plugin. -->","yoast_head_json":{"title":"El patio del Palacio de Ezpeleta cierra su ciclo de Artes de calle con la obra \u2018WC\u2019, de David Cebri\u00e1n, una comedia sin palabras dirigida a todos los p\u00fablicos","description":"La obra se representa este jueves, a las 19.30, con entrada gratuita hasta completar aforo","robots":{"index":"index","follow":"follow","max-snippet":"max-snippet:-1","max-image-preview":"max-image-preview:large","max-video-preview":"max-video-preview:-1"},"canonical":"https:\/\/www.laguiadepamplona.com\/actualidad\/el-patio-del-palacio-de-ezpeleta-cierra-su-ciclo-de-artes-de-calle-con-la-obra-wc-de-david-cebrian-una-comedia-sin-palabras-dirigida-a-todos-los-publicos\/","og_locale":"es_ES","og_type":"article","og_title":"El patio del Palacio de Ezpeleta cierra su ciclo de Artes de calle con la obra \u2018WC\u2019, de David Cebri\u00e1n, una comedia sin palabras dirigida a todos los p\u00fablicos","og_description":"La obra se representa este jueves, a las 19.30, con entrada gratuita hasta completar aforo","og_url":"https:\/\/www.laguiadepamplona.com\/actualidad\/el-patio-del-palacio-de-ezpeleta-cierra-su-ciclo-de-artes-de-calle-con-la-obra-wc-de-david-cebrian-una-comedia-sin-palabras-dirigida-a-todos-los-publicos\/","og_site_name":"La Gu\u00eda de Pamplona","article_publisher":"https:\/\/www.facebook.com\/laguiadepamplonacom-133175176762273\/?ref=hl","article_published_time":"2024-08-21T15:51:55+00:00","og_image":[{"width":1000,"height":750,"url":"https:\/\/www.laguiadepamplona.com\/actualidad\/wp-content\/uploads\/2024\/08\/ezpeleta_web.webp","type":"image\/webp"}],"author":"La Gu\u00eda de Pamplona","twitter_card":"summary_large_image","twitter_creator":"@LaGuiadPamplona","twitter_site":"@LaGuiadPamplona","twitter_misc":{"Escrito por":"La Gu\u00eda de Pamplona","Tiempo de lectura":"2 minutos"},"schema":{"@context":"https:\/\/schema.org","@graph":[{"@type":"Article","@id":"https:\/\/www.laguiadepamplona.com\/actualidad\/el-patio-del-palacio-de-ezpeleta-cierra-su-ciclo-de-artes-de-calle-con-la-obra-wc-de-david-cebrian-una-comedia-sin-palabras-dirigida-a-todos-los-publicos\/#article","isPartOf":{"@id":"https:\/\/www.laguiadepamplona.com\/actualidad\/el-patio-del-palacio-de-ezpeleta-cierra-su-ciclo-de-artes-de-calle-con-la-obra-wc-de-david-cebrian-una-comedia-sin-palabras-dirigida-a-todos-los-publicos\/"},"author":{"name":"La Gu\u00eda de Pamplona","@id":"https:\/\/www.laguiadepamplona.com\/actualidad\/#\/schema\/person\/efe887376f0213d4657c93adc50b1fdb"},"headline":"El patio del Palacio de Ezpeleta cierra su ciclo de Artes de calle con la obra \u2018WC\u2019, de David Cebri\u00e1n, una comedia sin palabras dirigida a todos los p\u00fablicos","datePublished":"2024-08-21T15:51:55+00:00","mainEntityOfPage":{"@id":"https:\/\/www.laguiadepamplona.com\/actualidad\/el-patio-del-palacio-de-ezpeleta-cierra-su-ciclo-de-artes-de-calle-con-la-obra-wc-de-david-cebrian-una-comedia-sin-palabras-dirigida-a-todos-los-publicos\/"},"wordCount":399,"commentCount":0,"publisher":{"@id":"https:\/\/www.laguiadepamplona.com\/actualidad\/#organization"},"image":{"@id":"https:\/\/www.laguiadepamplona.com\/actualidad\/el-patio-del-palacio-de-ezpeleta-cierra-su-ciclo-de-artes-de-calle-con-la-obra-wc-de-david-cebrian-una-comedia-sin-palabras-dirigida-a-todos-los-publicos\/#primaryimage"},"thumbnailUrl":"https:\/\/www.laguiadepamplona.com\/actualidad\/wp-content\/uploads\/2024\/08\/ezpeleta_web.webp","articleSection":["Ayto Pamplona"],"inLanguage":"es","potentialAction":[{"@type":"CommentAction","name":"Comment","target":["https:\/\/www.laguiadepamplona.com\/actualidad\/el-patio-del-palacio-de-ezpeleta-cierra-su-ciclo-de-artes-de-calle-con-la-obra-wc-de-david-cebrian-una-comedia-sin-palabras-dirigida-a-todos-los-publicos\/#respond"]}]},{"@type":"WebPage","@id":"https:\/\/www.laguiadepamplona.com\/actualidad\/el-patio-del-palacio-de-ezpeleta-cierra-su-ciclo-de-artes-de-calle-con-la-obra-wc-de-david-cebrian-una-comedia-sin-palabras-dirigida-a-todos-los-publicos\/","url":"https:\/\/www.laguiadepamplona.com\/actualidad\/el-patio-del-palacio-de-ezpeleta-cierra-su-ciclo-de-artes-de-calle-con-la-obra-wc-de-david-cebrian-una-comedia-sin-palabras-dirigida-a-todos-los-publicos\/","name":"El patio del Palacio de Ezpeleta cierra su ciclo de Artes de calle con la obra \u2018WC\u2019, de David Cebri\u00e1n, una comedia sin palabras dirigida a todos los p\u00fablicos","isPartOf":{"@id":"https:\/\/www.laguiadepamplona.com\/actualidad\/#website"},"primaryImageOfPage":{"@id":"https:\/\/www.laguiadepamplona.com\/actualidad\/el-patio-del-palacio-de-ezpeleta-cierra-su-ciclo-de-artes-de-calle-con-la-obra-wc-de-david-cebrian-una-comedia-sin-palabras-dirigida-a-todos-los-publicos\/#primaryimage"},"image":{"@id":"https:\/\/www.laguiadepamplona.com\/actualidad\/el-patio-del-palacio-de-ezpeleta-cierra-su-ciclo-de-artes-de-calle-con-la-obra-wc-de-david-cebrian-una-comedia-sin-palabras-dirigida-a-todos-los-publicos\/#primaryimage"},"thumbnailUrl":"https:\/\/www.laguiadepamplona.com\/actualidad\/wp-content\/uploads\/2024\/08\/ezpeleta_web.webp","datePublished":"2024-08-21T15:51:55+00:00","description":"La obra se representa este jueves, a las 19.30, con entrada gratuita hasta completar aforo","breadcrumb":{"@id":"https:\/\/www.laguiadepamplona.com\/actualidad\/el-patio-del-palacio-de-ezpeleta-cierra-su-ciclo-de-artes-de-calle-con-la-obra-wc-de-david-cebrian-una-comedia-sin-palabras-dirigida-a-todos-los-publicos\/#breadcrumb"},"inLanguage":"es","potentialAction":[{"@type":"ReadAction","target":["https:\/\/www.laguiadepamplona.com\/actualidad\/el-patio-del-palacio-de-ezpeleta-cierra-su-ciclo-de-artes-de-calle-con-la-obra-wc-de-david-cebrian-una-comedia-sin-palabras-dirigida-a-todos-los-publicos\/"]}]},{"@type":"ImageObject","inLanguage":"es","@id":"https:\/\/www.laguiadepamplona.com\/actualidad\/el-patio-del-palacio-de-ezpeleta-cierra-su-ciclo-de-artes-de-calle-con-la-obra-wc-de-david-cebrian-una-comedia-sin-palabras-dirigida-a-todos-los-publicos\/#primaryimage","url":"https:\/\/www.laguiadepamplona.com\/actualidad\/wp-content\/uploads\/2024\/08\/ezpeleta_web.webp","contentUrl":"https:\/\/www.laguiadepamplona.com\/actualidad\/wp-content\/uploads\/2024\/08\/ezpeleta_web.webp","width":1000,"height":750,"caption":"ezpeleta"},{"@type":"BreadcrumbList","@id":"https:\/\/www.laguiadepamplona.com\/actualidad\/el-patio-del-palacio-de-ezpeleta-cierra-su-ciclo-de-artes-de-calle-con-la-obra-wc-de-david-cebrian-una-comedia-sin-palabras-dirigida-a-todos-los-publicos\/#breadcrumb","itemListElement":[{"@type":"ListItem","position":1,"name":"Portada","item":"https:\/\/www.laguiadepamplona.com\/actualidad\/"},{"@type":"ListItem","position":2,"name":"El patio del Palacio de Ezpeleta cierra su ciclo de Artes de calle con la obra \u2018WC\u2019, de David Cebri\u00e1n, una comedia sin palabras dirigida a todos los p\u00fablicos"}]},{"@type":"WebSite","@id":"https:\/\/www.laguiadepamplona.com\/actualidad\/#website","url":"https:\/\/www.laguiadepamplona.com\/actualidad\/","name":"La gu\u00eda de Pamplona","description":"Noticias de Pamplona","publisher":{"@id":"https:\/\/www.laguiadepamplona.com\/actualidad\/#organization"},"potentialAction":[{"@type":"SearchAction","target":{"@type":"EntryPoint","urlTemplate":"https:\/\/www.laguiadepamplona.com\/actualidad\/?s={search_term_string}"},"query-input":{"@type":"PropertyValueSpecification","valueRequired":true,"valueName":"search_term_string"}}],"inLanguage":"es"},{"@type":"Organization","@id":"https:\/\/www.laguiadepamplona.com\/actualidad\/#organization","name":"La Gu\u00eda de Pamplona \/ Noticias","url":"https:\/\/www.laguiadepamplona.com\/actualidad\/","logo":{"@type":"ImageObject","inLanguage":"es","@id":"https:\/\/www.laguiadepamplona.com\/actualidad\/#\/schema\/logo\/image\/","url":"https:\/\/www.laguiadepamplona.com\/actualidad\/wp-content\/uploads\/2018\/11\/logo-laguiadepamplona18-web1.png","contentUrl":"https:\/\/www.laguiadepamplona.com\/actualidad\/wp-content\/uploads\/2018\/11\/logo-laguiadepamplona18-web1.png","width":600,"height":196,"caption":"La Gu\u00eda de Pamplona \/ Noticias"},"image":{"@id":"https:\/\/www.laguiadepamplona.com\/actualidad\/#\/schema\/logo\/image\/"},"sameAs":["https:\/\/www.facebook.com\/laguiadepamplonacom-133175176762273\/?ref=hl","https:\/\/x.com\/LaGuiadPamplona","https:\/\/www.instagram.com\/la_guia_de_pamplona\/","https:\/\/www.youtube.com\/user\/laguiadepamplona"]},{"@type":"Person","@id":"https:\/\/www.laguiadepamplona.com\/actualidad\/#\/schema\/person\/efe887376f0213d4657c93adc50b1fdb","name":"La Gu\u00eda de Pamplona","image":{"@type":"ImageObject","inLanguage":"es","@id":"https:\/\/secure.gravatar.com\/avatar\/b6992f131dc8d30ab0dff15446e9d346d9dbd95992de0fef795073f5ea83a81c?s=96&d=mm&r=g","url":"https:\/\/secure.gravatar.com\/avatar\/b6992f131dc8d30ab0dff15446e9d346d9dbd95992de0fef795073f5ea83a81c?s=96&d=mm&r=g","contentUrl":"https:\/\/secure.gravatar.com\/avatar\/b6992f131dc8d30ab0dff15446e9d346d9dbd95992de0fef795073f5ea83a81c?s=96&d=mm&r=g","caption":"La Gu\u00eda de Pamplona"}}]}},"post_mailing_queue_ids":[],"_links":{"self":[{"href":"https:\/\/www.laguiadepamplona.com\/actualidad\/wp-json\/wp\/v2\/posts\/50562","targetHints":{"allow":["GET"]}}],"collection":[{"href":"https:\/\/www.laguiadepamplona.com\/actualidad\/wp-json\/wp\/v2\/posts"}],"about":[{"href":"https:\/\/www.laguiadepamplona.com\/actualidad\/wp-json\/wp\/v2\/types\/post"}],"author":[{"embeddable":true,"href":"https:\/\/www.laguiadepamplona.com\/actualidad\/wp-json\/wp\/v2\/users\/1"}],"replies":[{"embeddable":true,"href":"https:\/\/www.laguiadepamplona.com\/actualidad\/wp-json\/wp\/v2\/comments?post=50562"}],"version-history":[{"count":1,"href":"https:\/\/www.laguiadepamplona.com\/actualidad\/wp-json\/wp\/v2\/posts\/50562\/revisions"}],"predecessor-version":[{"id":50564,"href":"https:\/\/www.laguiadepamplona.com\/actualidad\/wp-json\/wp\/v2\/posts\/50562\/revisions\/50564"}],"wp:featuredmedia":[{"embeddable":true,"href":"https:\/\/www.laguiadepamplona.com\/actualidad\/wp-json\/wp\/v2\/media\/50563"}],"wp:attachment":[{"href":"https:\/\/www.laguiadepamplona.com\/actualidad\/wp-json\/wp\/v2\/media?parent=50562"}],"wp:term":[{"taxonomy":"category","embeddable":true,"href":"https:\/\/www.laguiadepamplona.com\/actualidad\/wp-json\/wp\/v2\/categories?post=50562"},{"taxonomy":"post_tag","embeddable":true,"href":"https:\/\/www.laguiadepamplona.com\/actualidad\/wp-json\/wp\/v2\/tags?post=50562"}],"curies":[{"name":"wp","href":"https:\/\/api.w.org\/{rel}","templated":true}]}}