{"id":50559,"date":"2024-08-21T17:48:02","date_gmt":"2024-08-21T15:48:02","guid":{"rendered":"https:\/\/www.laguiadepamplona.com\/actualidad\/?p=50559"},"modified":"2024-08-21T17:48:02","modified_gmt":"2024-08-21T15:48:02","slug":"mas-de-6-000-personas-han-visitado-la-exposicion-musica-en-los-carteles-de-san-fermin-que-se-clausura-este-domingo-en-condestable","status":"publish","type":"post","link":"https:\/\/www.laguiadepamplona.com\/actualidad\/mas-de-6-000-personas-han-visitado-la-exposicion-musica-en-los-carteles-de-san-fermin-que-se-clausura-este-domingo-en-condestable\/","title":{"rendered":"M\u00e1s de 6.000 personas han visitado la exposici\u00f3n \u2018M\u00fasica en los carteles de San Ferm\u00edn\u2019, que se clausura este domingo en Condestable"},"content":{"rendered":"<h2>La muestra, con programas originales y reproducciones que recorren 175 a\u00f1os de fiestas, ha permanecido abierta al p\u00fablica desde el 28 de junio<\/h2>\n<p><!--more--><\/p>\n<p>La exposici\u00f3n \u2018M\u00fasica en los carteles de San Ferm\u00edn\u2019, que ha acogido Condestable desde el pasado 28 de junio, cierra este pr\u00f3ximo domingo. Un total de 6.012 personas (3.987 mujeres y 2.025 hombres) se han acercado en estos casi dos meses a las salas 1 y 2 de la primera planta de Condestable para recorrer el papel de la m\u00fasica en los Sanfermines, a trav\u00e9s de carteles de la fiestas y programas de mano oficiales, desde 1848 hasta la actualidad.<\/p>\n<p>La muestra la ha organizado el Ayuntamiento de Pamplona, en colaboraci\u00f3n con el Archivo Municipal de Pamplona, que ha cedido los originales y reproducciones que se exhiben. En total, 38 reproducciones en alta calidad de carteles anunciadores de los Sanfermines y 30 programas originales, que se exponen agrupados en funci\u00f3n de la representaci\u00f3n musical que recojan y el tratamiento que reciben bajo los t\u00edtulos de \u2018Alegor\u00edas, \u2018Detalles decorativos\u2019, \u2018Gaiteros\u2019, \u2018Joteros\u2019, \u2018Txistularis\u2019, \u2018Charangas y m\u00fasica en la calle\u2019, \u2018M\u00fasica institucional\u2019 y \u2018Pablo Sarasate\u2019.<\/p>\n<p>El cartel m\u00e1s antiguo que se expone data de 1848. Le acompa\u00f1an una serie de ilustraciones de finales del XIX y de la primera mitad del siglo XX, adem\u00e1s de media docena de carteles de las d\u00e9cadas de los 80, 90, 2000 y 2010. No pod\u00eda faltar en una exposici\u00f3n dedicada a la m\u00fasica y San Ferm\u00edn, la obra ganadora este a\u00f1o, \u2018Gaiteros\u2019, que anunci\u00f3 las fiestas en este 2024. En cuanto a los programas, todos son originales, y recorren la evoluci\u00f3n de la m\u00fasica y los gustos de la ciudadan\u00eda desde 1875 hasta 2024, con especial \u00e9nfasis en los documentos de finales del XIX y principios del XX.<\/p>\n<p>Tanto en los carteles como en los programas, destaca la variedad de estilos y la evoluci\u00f3n del arte a trav\u00e9s del tiempo. De la ilustraci\u00f3n rom\u00e1ntica de estilo modernista a lo conceptual y abstracto, de la m\u00fasica culta de Sarasate o de las zarzuelas al folclore popular y la m\u00fasica en la calle, de las musas y las figuras aleg\u00f3ricas con instrumentos a los propios m\u00fasicos o los propios instrumentos con su personalidad. Todo ello a lo largo de m\u00e1s de un siglo y medio de fiestas de San Ferm\u00edn.<\/p>\n<p>La exposici\u00f3n incluye un reto, un quiz, dirigido al p\u00fablico sobre todo infantil para hacerle m\u00e1s entretenida la visita. Se trata de resolver un cuestionario de veinte preguntas sobre detalles y elementos que se puede encontrar en las obras y que servir\u00e1n de respuesta para solucionar el reto propuesto.<\/p>\n","protected":false},"excerpt":{"rendered":"<p>La muestra, con programas originales y reproducciones que recorren 175 a\u00f1os de fiestas, ha permanecido abierta al p\u00fablica desde el 28 de junio<\/p>\n","protected":false},"author":1,"featured_media":50560,"comment_status":"open","ping_status":"closed","sticky":false,"template":"","format":"standard","meta":{"footnotes":""},"categories":[2],"tags":[],"class_list":["post-50559","post","type-post","status-publish","format-standard","has-post-thumbnail","hentry","category-ayuntamiento-pamplona"],"yoast_head":"<!-- This site is optimized with the Yoast SEO plugin v27.3 - https:\/\/yoast.com\/product\/yoast-seo-wordpress\/ -->\n<title>M\u00e1s de 6.000 personas han visitado la exposici\u00f3n \u2018M\u00fasica en los carteles de San Ferm\u00edn\u2019, que se clausura este domingo en Condestable<\/title>\n<meta name=\"description\" content=\"La muestra, con programas originales y reproducciones que recorren 175 a\u00f1os de fiestas, ha permanecido abierta al p\u00fablica desde el 28 de junio\" \/>\n<meta name=\"robots\" content=\"index, follow, max-snippet:-1, max-image-preview:large, max-video-preview:-1\" \/>\n<link rel=\"canonical\" href=\"https:\/\/www.laguiadepamplona.com\/actualidad\/mas-de-6-000-personas-han-visitado-la-exposicion-musica-en-los-carteles-de-san-fermin-que-se-clausura-este-domingo-en-condestable\/\" \/>\n<meta property=\"og:locale\" content=\"es_ES\" \/>\n<meta property=\"og:type\" content=\"article\" \/>\n<meta property=\"og:title\" content=\"M\u00e1s de 6.000 personas han visitado la exposici\u00f3n \u2018M\u00fasica en los carteles de San Ferm\u00edn\u2019, que se clausura este domingo en Condestable\" \/>\n<meta property=\"og:description\" content=\"La muestra, con programas originales y reproducciones que recorren 175 a\u00f1os de fiestas, ha permanecido abierta al p\u00fablica desde el 28 de junio\" \/>\n<meta property=\"og:url\" content=\"https:\/\/www.laguiadepamplona.com\/actualidad\/mas-de-6-000-personas-han-visitado-la-exposicion-musica-en-los-carteles-de-san-fermin-que-se-clausura-este-domingo-en-condestable\/\" \/>\n<meta property=\"og:site_name\" content=\"La Gu\u00eda de Pamplona\" \/>\n<meta property=\"article:publisher\" content=\"https:\/\/www.facebook.com\/laguiadepamplonacom-133175176762273\/?ref=hl\" \/>\n<meta property=\"article:published_time\" content=\"2024-08-21T15:48:02+00:00\" \/>\n<meta property=\"og:image\" content=\"https:\/\/www.laguiadepamplona.com\/actualidad\/wp-content\/uploads\/2024\/08\/carteles_web_0.webp\" \/>\n\t<meta property=\"og:image:width\" content=\"756\" \/>\n\t<meta property=\"og:image:height\" content=\"417\" \/>\n\t<meta property=\"og:image:type\" content=\"image\/webp\" \/>\n<meta name=\"author\" content=\"La Gu\u00eda de Pamplona\" \/>\n<meta name=\"twitter:card\" content=\"summary_large_image\" \/>\n<meta name=\"twitter:creator\" content=\"@LaGuiadPamplona\" \/>\n<meta name=\"twitter:site\" content=\"@LaGuiadPamplona\" \/>\n<meta name=\"twitter:label1\" content=\"Escrito por\" \/>\n\t<meta name=\"twitter:data1\" content=\"La Gu\u00eda de Pamplona\" \/>\n\t<meta name=\"twitter:label2\" content=\"Tiempo de lectura\" \/>\n\t<meta name=\"twitter:data2\" content=\"2 minutos\" \/>\n<script type=\"application\/ld+json\" class=\"yoast-schema-graph\">{\"@context\":\"https:\\\/\\\/schema.org\",\"@graph\":[{\"@type\":\"Article\",\"@id\":\"https:\\\/\\\/www.laguiadepamplona.com\\\/actualidad\\\/mas-de-6-000-personas-han-visitado-la-exposicion-musica-en-los-carteles-de-san-fermin-que-se-clausura-este-domingo-en-condestable\\\/#article\",\"isPartOf\":{\"@id\":\"https:\\\/\\\/www.laguiadepamplona.com\\\/actualidad\\\/mas-de-6-000-personas-han-visitado-la-exposicion-musica-en-los-carteles-de-san-fermin-que-se-clausura-este-domingo-en-condestable\\\/\"},\"author\":{\"name\":\"La Gu\u00eda de Pamplona\",\"@id\":\"https:\\\/\\\/www.laguiadepamplona.com\\\/actualidad\\\/#\\\/schema\\\/person\\\/efe887376f0213d4657c93adc50b1fdb\"},\"headline\":\"M\u00e1s de 6.000 personas han visitado la exposici\u00f3n \u2018M\u00fasica en los carteles de San Ferm\u00edn\u2019, que se clausura este domingo en Condestable\",\"datePublished\":\"2024-08-21T15:48:02+00:00\",\"mainEntityOfPage\":{\"@id\":\"https:\\\/\\\/www.laguiadepamplona.com\\\/actualidad\\\/mas-de-6-000-personas-han-visitado-la-exposicion-musica-en-los-carteles-de-san-fermin-que-se-clausura-este-domingo-en-condestable\\\/\"},\"wordCount\":480,\"commentCount\":0,\"publisher\":{\"@id\":\"https:\\\/\\\/www.laguiadepamplona.com\\\/actualidad\\\/#organization\"},\"image\":{\"@id\":\"https:\\\/\\\/www.laguiadepamplona.com\\\/actualidad\\\/mas-de-6-000-personas-han-visitado-la-exposicion-musica-en-los-carteles-de-san-fermin-que-se-clausura-este-domingo-en-condestable\\\/#primaryimage\"},\"thumbnailUrl\":\"https:\\\/\\\/www.laguiadepamplona.com\\\/actualidad\\\/wp-content\\\/uploads\\\/2024\\\/08\\\/carteles_web_0.webp\",\"articleSection\":[\"Ayto Pamplona\"],\"inLanguage\":\"es\",\"potentialAction\":[{\"@type\":\"CommentAction\",\"name\":\"Comment\",\"target\":[\"https:\\\/\\\/www.laguiadepamplona.com\\\/actualidad\\\/mas-de-6-000-personas-han-visitado-la-exposicion-musica-en-los-carteles-de-san-fermin-que-se-clausura-este-domingo-en-condestable\\\/#respond\"]}]},{\"@type\":\"WebPage\",\"@id\":\"https:\\\/\\\/www.laguiadepamplona.com\\\/actualidad\\\/mas-de-6-000-personas-han-visitado-la-exposicion-musica-en-los-carteles-de-san-fermin-que-se-clausura-este-domingo-en-condestable\\\/\",\"url\":\"https:\\\/\\\/www.laguiadepamplona.com\\\/actualidad\\\/mas-de-6-000-personas-han-visitado-la-exposicion-musica-en-los-carteles-de-san-fermin-que-se-clausura-este-domingo-en-condestable\\\/\",\"name\":\"M\u00e1s de 6.000 personas han visitado la exposici\u00f3n \u2018M\u00fasica en los carteles de San Ferm\u00edn\u2019, que se clausura este domingo en Condestable\",\"isPartOf\":{\"@id\":\"https:\\\/\\\/www.laguiadepamplona.com\\\/actualidad\\\/#website\"},\"primaryImageOfPage\":{\"@id\":\"https:\\\/\\\/www.laguiadepamplona.com\\\/actualidad\\\/mas-de-6-000-personas-han-visitado-la-exposicion-musica-en-los-carteles-de-san-fermin-que-se-clausura-este-domingo-en-condestable\\\/#primaryimage\"},\"image\":{\"@id\":\"https:\\\/\\\/www.laguiadepamplona.com\\\/actualidad\\\/mas-de-6-000-personas-han-visitado-la-exposicion-musica-en-los-carteles-de-san-fermin-que-se-clausura-este-domingo-en-condestable\\\/#primaryimage\"},\"thumbnailUrl\":\"https:\\\/\\\/www.laguiadepamplona.com\\\/actualidad\\\/wp-content\\\/uploads\\\/2024\\\/08\\\/carteles_web_0.webp\",\"datePublished\":\"2024-08-21T15:48:02+00:00\",\"description\":\"La muestra, con programas originales y reproducciones que recorren 175 a\u00f1os de fiestas, ha permanecido abierta al p\u00fablica desde el 28 de junio\",\"breadcrumb\":{\"@id\":\"https:\\\/\\\/www.laguiadepamplona.com\\\/actualidad\\\/mas-de-6-000-personas-han-visitado-la-exposicion-musica-en-los-carteles-de-san-fermin-que-se-clausura-este-domingo-en-condestable\\\/#breadcrumb\"},\"inLanguage\":\"es\",\"potentialAction\":[{\"@type\":\"ReadAction\",\"target\":[\"https:\\\/\\\/www.laguiadepamplona.com\\\/actualidad\\\/mas-de-6-000-personas-han-visitado-la-exposicion-musica-en-los-carteles-de-san-fermin-que-se-clausura-este-domingo-en-condestable\\\/\"]}]},{\"@type\":\"ImageObject\",\"inLanguage\":\"es\",\"@id\":\"https:\\\/\\\/www.laguiadepamplona.com\\\/actualidad\\\/mas-de-6-000-personas-han-visitado-la-exposicion-musica-en-los-carteles-de-san-fermin-que-se-clausura-este-domingo-en-condestable\\\/#primaryimage\",\"url\":\"https:\\\/\\\/www.laguiadepamplona.com\\\/actualidad\\\/wp-content\\\/uploads\\\/2024\\\/08\\\/carteles_web_0.webp\",\"contentUrl\":\"https:\\\/\\\/www.laguiadepamplona.com\\\/actualidad\\\/wp-content\\\/uploads\\\/2024\\\/08\\\/carteles_web_0.webp\",\"width\":756,\"height\":417,\"caption\":\"carteles\"},{\"@type\":\"BreadcrumbList\",\"@id\":\"https:\\\/\\\/www.laguiadepamplona.com\\\/actualidad\\\/mas-de-6-000-personas-han-visitado-la-exposicion-musica-en-los-carteles-de-san-fermin-que-se-clausura-este-domingo-en-condestable\\\/#breadcrumb\",\"itemListElement\":[{\"@type\":\"ListItem\",\"position\":1,\"name\":\"Portada\",\"item\":\"https:\\\/\\\/www.laguiadepamplona.com\\\/actualidad\\\/\"},{\"@type\":\"ListItem\",\"position\":2,\"name\":\"M\u00e1s de 6.000 personas han visitado la exposici\u00f3n \u2018M\u00fasica en los carteles de San Ferm\u00edn\u2019, que se clausura este domingo en Condestable\"}]},{\"@type\":\"WebSite\",\"@id\":\"https:\\\/\\\/www.laguiadepamplona.com\\\/actualidad\\\/#website\",\"url\":\"https:\\\/\\\/www.laguiadepamplona.com\\\/actualidad\\\/\",\"name\":\"La gu\u00eda de Pamplona\",\"description\":\"Noticias de Pamplona\",\"publisher\":{\"@id\":\"https:\\\/\\\/www.laguiadepamplona.com\\\/actualidad\\\/#organization\"},\"potentialAction\":[{\"@type\":\"SearchAction\",\"target\":{\"@type\":\"EntryPoint\",\"urlTemplate\":\"https:\\\/\\\/www.laguiadepamplona.com\\\/actualidad\\\/?s={search_term_string}\"},\"query-input\":{\"@type\":\"PropertyValueSpecification\",\"valueRequired\":true,\"valueName\":\"search_term_string\"}}],\"inLanguage\":\"es\"},{\"@type\":\"Organization\",\"@id\":\"https:\\\/\\\/www.laguiadepamplona.com\\\/actualidad\\\/#organization\",\"name\":\"La Gu\u00eda de Pamplona \\\/ Noticias\",\"url\":\"https:\\\/\\\/www.laguiadepamplona.com\\\/actualidad\\\/\",\"logo\":{\"@type\":\"ImageObject\",\"inLanguage\":\"es\",\"@id\":\"https:\\\/\\\/www.laguiadepamplona.com\\\/actualidad\\\/#\\\/schema\\\/logo\\\/image\\\/\",\"url\":\"https:\\\/\\\/www.laguiadepamplona.com\\\/actualidad\\\/wp-content\\\/uploads\\\/2018\\\/11\\\/logo-laguiadepamplona18-web1.png\",\"contentUrl\":\"https:\\\/\\\/www.laguiadepamplona.com\\\/actualidad\\\/wp-content\\\/uploads\\\/2018\\\/11\\\/logo-laguiadepamplona18-web1.png\",\"width\":600,\"height\":196,\"caption\":\"La Gu\u00eda de Pamplona \\\/ Noticias\"},\"image\":{\"@id\":\"https:\\\/\\\/www.laguiadepamplona.com\\\/actualidad\\\/#\\\/schema\\\/logo\\\/image\\\/\"},\"sameAs\":[\"https:\\\/\\\/www.facebook.com\\\/laguiadepamplonacom-133175176762273\\\/?ref=hl\",\"https:\\\/\\\/x.com\\\/LaGuiadPamplona\",\"https:\\\/\\\/www.instagram.com\\\/la_guia_de_pamplona\\\/\",\"https:\\\/\\\/www.youtube.com\\\/user\\\/laguiadepamplona\"]},{\"@type\":\"Person\",\"@id\":\"https:\\\/\\\/www.laguiadepamplona.com\\\/actualidad\\\/#\\\/schema\\\/person\\\/efe887376f0213d4657c93adc50b1fdb\",\"name\":\"La Gu\u00eda de Pamplona\",\"image\":{\"@type\":\"ImageObject\",\"inLanguage\":\"es\",\"@id\":\"https:\\\/\\\/secure.gravatar.com\\\/avatar\\\/b6992f131dc8d30ab0dff15446e9d346d9dbd95992de0fef795073f5ea83a81c?s=96&d=mm&r=g\",\"url\":\"https:\\\/\\\/secure.gravatar.com\\\/avatar\\\/b6992f131dc8d30ab0dff15446e9d346d9dbd95992de0fef795073f5ea83a81c?s=96&d=mm&r=g\",\"contentUrl\":\"https:\\\/\\\/secure.gravatar.com\\\/avatar\\\/b6992f131dc8d30ab0dff15446e9d346d9dbd95992de0fef795073f5ea83a81c?s=96&d=mm&r=g\",\"caption\":\"La Gu\u00eda de Pamplona\"}}]}<\/script>\n<!-- \/ Yoast SEO plugin. -->","yoast_head_json":{"title":"M\u00e1s de 6.000 personas han visitado la exposici\u00f3n \u2018M\u00fasica en los carteles de San Ferm\u00edn\u2019, que se clausura este domingo en Condestable","description":"La muestra, con programas originales y reproducciones que recorren 175 a\u00f1os de fiestas, ha permanecido abierta al p\u00fablica desde el 28 de junio","robots":{"index":"index","follow":"follow","max-snippet":"max-snippet:-1","max-image-preview":"max-image-preview:large","max-video-preview":"max-video-preview:-1"},"canonical":"https:\/\/www.laguiadepamplona.com\/actualidad\/mas-de-6-000-personas-han-visitado-la-exposicion-musica-en-los-carteles-de-san-fermin-que-se-clausura-este-domingo-en-condestable\/","og_locale":"es_ES","og_type":"article","og_title":"M\u00e1s de 6.000 personas han visitado la exposici\u00f3n \u2018M\u00fasica en los carteles de San Ferm\u00edn\u2019, que se clausura este domingo en Condestable","og_description":"La muestra, con programas originales y reproducciones que recorren 175 a\u00f1os de fiestas, ha permanecido abierta al p\u00fablica desde el 28 de junio","og_url":"https:\/\/www.laguiadepamplona.com\/actualidad\/mas-de-6-000-personas-han-visitado-la-exposicion-musica-en-los-carteles-de-san-fermin-que-se-clausura-este-domingo-en-condestable\/","og_site_name":"La Gu\u00eda de Pamplona","article_publisher":"https:\/\/www.facebook.com\/laguiadepamplonacom-133175176762273\/?ref=hl","article_published_time":"2024-08-21T15:48:02+00:00","og_image":[{"width":756,"height":417,"url":"https:\/\/www.laguiadepamplona.com\/actualidad\/wp-content\/uploads\/2024\/08\/carteles_web_0.webp","type":"image\/webp"}],"author":"La Gu\u00eda de Pamplona","twitter_card":"summary_large_image","twitter_creator":"@LaGuiadPamplona","twitter_site":"@LaGuiadPamplona","twitter_misc":{"Escrito por":"La Gu\u00eda de Pamplona","Tiempo de lectura":"2 minutos"},"schema":{"@context":"https:\/\/schema.org","@graph":[{"@type":"Article","@id":"https:\/\/www.laguiadepamplona.com\/actualidad\/mas-de-6-000-personas-han-visitado-la-exposicion-musica-en-los-carteles-de-san-fermin-que-se-clausura-este-domingo-en-condestable\/#article","isPartOf":{"@id":"https:\/\/www.laguiadepamplona.com\/actualidad\/mas-de-6-000-personas-han-visitado-la-exposicion-musica-en-los-carteles-de-san-fermin-que-se-clausura-este-domingo-en-condestable\/"},"author":{"name":"La Gu\u00eda de Pamplona","@id":"https:\/\/www.laguiadepamplona.com\/actualidad\/#\/schema\/person\/efe887376f0213d4657c93adc50b1fdb"},"headline":"M\u00e1s de 6.000 personas han visitado la exposici\u00f3n \u2018M\u00fasica en los carteles de San Ferm\u00edn\u2019, que se clausura este domingo en Condestable","datePublished":"2024-08-21T15:48:02+00:00","mainEntityOfPage":{"@id":"https:\/\/www.laguiadepamplona.com\/actualidad\/mas-de-6-000-personas-han-visitado-la-exposicion-musica-en-los-carteles-de-san-fermin-que-se-clausura-este-domingo-en-condestable\/"},"wordCount":480,"commentCount":0,"publisher":{"@id":"https:\/\/www.laguiadepamplona.com\/actualidad\/#organization"},"image":{"@id":"https:\/\/www.laguiadepamplona.com\/actualidad\/mas-de-6-000-personas-han-visitado-la-exposicion-musica-en-los-carteles-de-san-fermin-que-se-clausura-este-domingo-en-condestable\/#primaryimage"},"thumbnailUrl":"https:\/\/www.laguiadepamplona.com\/actualidad\/wp-content\/uploads\/2024\/08\/carteles_web_0.webp","articleSection":["Ayto Pamplona"],"inLanguage":"es","potentialAction":[{"@type":"CommentAction","name":"Comment","target":["https:\/\/www.laguiadepamplona.com\/actualidad\/mas-de-6-000-personas-han-visitado-la-exposicion-musica-en-los-carteles-de-san-fermin-que-se-clausura-este-domingo-en-condestable\/#respond"]}]},{"@type":"WebPage","@id":"https:\/\/www.laguiadepamplona.com\/actualidad\/mas-de-6-000-personas-han-visitado-la-exposicion-musica-en-los-carteles-de-san-fermin-que-se-clausura-este-domingo-en-condestable\/","url":"https:\/\/www.laguiadepamplona.com\/actualidad\/mas-de-6-000-personas-han-visitado-la-exposicion-musica-en-los-carteles-de-san-fermin-que-se-clausura-este-domingo-en-condestable\/","name":"M\u00e1s de 6.000 personas han visitado la exposici\u00f3n \u2018M\u00fasica en los carteles de San Ferm\u00edn\u2019, que se clausura este domingo en Condestable","isPartOf":{"@id":"https:\/\/www.laguiadepamplona.com\/actualidad\/#website"},"primaryImageOfPage":{"@id":"https:\/\/www.laguiadepamplona.com\/actualidad\/mas-de-6-000-personas-han-visitado-la-exposicion-musica-en-los-carteles-de-san-fermin-que-se-clausura-este-domingo-en-condestable\/#primaryimage"},"image":{"@id":"https:\/\/www.laguiadepamplona.com\/actualidad\/mas-de-6-000-personas-han-visitado-la-exposicion-musica-en-los-carteles-de-san-fermin-que-se-clausura-este-domingo-en-condestable\/#primaryimage"},"thumbnailUrl":"https:\/\/www.laguiadepamplona.com\/actualidad\/wp-content\/uploads\/2024\/08\/carteles_web_0.webp","datePublished":"2024-08-21T15:48:02+00:00","description":"La muestra, con programas originales y reproducciones que recorren 175 a\u00f1os de fiestas, ha permanecido abierta al p\u00fablica desde el 28 de junio","breadcrumb":{"@id":"https:\/\/www.laguiadepamplona.com\/actualidad\/mas-de-6-000-personas-han-visitado-la-exposicion-musica-en-los-carteles-de-san-fermin-que-se-clausura-este-domingo-en-condestable\/#breadcrumb"},"inLanguage":"es","potentialAction":[{"@type":"ReadAction","target":["https:\/\/www.laguiadepamplona.com\/actualidad\/mas-de-6-000-personas-han-visitado-la-exposicion-musica-en-los-carteles-de-san-fermin-que-se-clausura-este-domingo-en-condestable\/"]}]},{"@type":"ImageObject","inLanguage":"es","@id":"https:\/\/www.laguiadepamplona.com\/actualidad\/mas-de-6-000-personas-han-visitado-la-exposicion-musica-en-los-carteles-de-san-fermin-que-se-clausura-este-domingo-en-condestable\/#primaryimage","url":"https:\/\/www.laguiadepamplona.com\/actualidad\/wp-content\/uploads\/2024\/08\/carteles_web_0.webp","contentUrl":"https:\/\/www.laguiadepamplona.com\/actualidad\/wp-content\/uploads\/2024\/08\/carteles_web_0.webp","width":756,"height":417,"caption":"carteles"},{"@type":"BreadcrumbList","@id":"https:\/\/www.laguiadepamplona.com\/actualidad\/mas-de-6-000-personas-han-visitado-la-exposicion-musica-en-los-carteles-de-san-fermin-que-se-clausura-este-domingo-en-condestable\/#breadcrumb","itemListElement":[{"@type":"ListItem","position":1,"name":"Portada","item":"https:\/\/www.laguiadepamplona.com\/actualidad\/"},{"@type":"ListItem","position":2,"name":"M\u00e1s de 6.000 personas han visitado la exposici\u00f3n \u2018M\u00fasica en los carteles de San Ferm\u00edn\u2019, que se clausura este domingo en Condestable"}]},{"@type":"WebSite","@id":"https:\/\/www.laguiadepamplona.com\/actualidad\/#website","url":"https:\/\/www.laguiadepamplona.com\/actualidad\/","name":"La gu\u00eda de Pamplona","description":"Noticias de Pamplona","publisher":{"@id":"https:\/\/www.laguiadepamplona.com\/actualidad\/#organization"},"potentialAction":[{"@type":"SearchAction","target":{"@type":"EntryPoint","urlTemplate":"https:\/\/www.laguiadepamplona.com\/actualidad\/?s={search_term_string}"},"query-input":{"@type":"PropertyValueSpecification","valueRequired":true,"valueName":"search_term_string"}}],"inLanguage":"es"},{"@type":"Organization","@id":"https:\/\/www.laguiadepamplona.com\/actualidad\/#organization","name":"La Gu\u00eda de Pamplona \/ Noticias","url":"https:\/\/www.laguiadepamplona.com\/actualidad\/","logo":{"@type":"ImageObject","inLanguage":"es","@id":"https:\/\/www.laguiadepamplona.com\/actualidad\/#\/schema\/logo\/image\/","url":"https:\/\/www.laguiadepamplona.com\/actualidad\/wp-content\/uploads\/2018\/11\/logo-laguiadepamplona18-web1.png","contentUrl":"https:\/\/www.laguiadepamplona.com\/actualidad\/wp-content\/uploads\/2018\/11\/logo-laguiadepamplona18-web1.png","width":600,"height":196,"caption":"La Gu\u00eda de Pamplona \/ Noticias"},"image":{"@id":"https:\/\/www.laguiadepamplona.com\/actualidad\/#\/schema\/logo\/image\/"},"sameAs":["https:\/\/www.facebook.com\/laguiadepamplonacom-133175176762273\/?ref=hl","https:\/\/x.com\/LaGuiadPamplona","https:\/\/www.instagram.com\/la_guia_de_pamplona\/","https:\/\/www.youtube.com\/user\/laguiadepamplona"]},{"@type":"Person","@id":"https:\/\/www.laguiadepamplona.com\/actualidad\/#\/schema\/person\/efe887376f0213d4657c93adc50b1fdb","name":"La Gu\u00eda de Pamplona","image":{"@type":"ImageObject","inLanguage":"es","@id":"https:\/\/secure.gravatar.com\/avatar\/b6992f131dc8d30ab0dff15446e9d346d9dbd95992de0fef795073f5ea83a81c?s=96&d=mm&r=g","url":"https:\/\/secure.gravatar.com\/avatar\/b6992f131dc8d30ab0dff15446e9d346d9dbd95992de0fef795073f5ea83a81c?s=96&d=mm&r=g","contentUrl":"https:\/\/secure.gravatar.com\/avatar\/b6992f131dc8d30ab0dff15446e9d346d9dbd95992de0fef795073f5ea83a81c?s=96&d=mm&r=g","caption":"La Gu\u00eda de Pamplona"}}]}},"post_mailing_queue_ids":[],"_links":{"self":[{"href":"https:\/\/www.laguiadepamplona.com\/actualidad\/wp-json\/wp\/v2\/posts\/50559","targetHints":{"allow":["GET"]}}],"collection":[{"href":"https:\/\/www.laguiadepamplona.com\/actualidad\/wp-json\/wp\/v2\/posts"}],"about":[{"href":"https:\/\/www.laguiadepamplona.com\/actualidad\/wp-json\/wp\/v2\/types\/post"}],"author":[{"embeddable":true,"href":"https:\/\/www.laguiadepamplona.com\/actualidad\/wp-json\/wp\/v2\/users\/1"}],"replies":[{"embeddable":true,"href":"https:\/\/www.laguiadepamplona.com\/actualidad\/wp-json\/wp\/v2\/comments?post=50559"}],"version-history":[{"count":1,"href":"https:\/\/www.laguiadepamplona.com\/actualidad\/wp-json\/wp\/v2\/posts\/50559\/revisions"}],"predecessor-version":[{"id":50561,"href":"https:\/\/www.laguiadepamplona.com\/actualidad\/wp-json\/wp\/v2\/posts\/50559\/revisions\/50561"}],"wp:featuredmedia":[{"embeddable":true,"href":"https:\/\/www.laguiadepamplona.com\/actualidad\/wp-json\/wp\/v2\/media\/50560"}],"wp:attachment":[{"href":"https:\/\/www.laguiadepamplona.com\/actualidad\/wp-json\/wp\/v2\/media?parent=50559"}],"wp:term":[{"taxonomy":"category","embeddable":true,"href":"https:\/\/www.laguiadepamplona.com\/actualidad\/wp-json\/wp\/v2\/categories?post=50559"},{"taxonomy":"post_tag","embeddable":true,"href":"https:\/\/www.laguiadepamplona.com\/actualidad\/wp-json\/wp\/v2\/tags?post=50559"}],"curies":[{"name":"wp","href":"https:\/\/api.w.org\/{rel}","templated":true}]}}