{"id":50553,"date":"2024-08-21T17:43:48","date_gmt":"2024-08-21T15:43:48","guid":{"rendered":"https:\/\/www.laguiadepamplona.com\/actualidad\/?p=50553"},"modified":"2024-08-21T17:43:48","modified_gmt":"2024-08-21T15:43:48","slug":"abierto-el-plazo-para-que-la-ciudadania-realice-aportaciones-para-la-modificacion-de-la-mesa-de-la-infancia-del-ayuntamiento-de-pamplona","status":"publish","type":"post","link":"https:\/\/www.laguiadepamplona.com\/actualidad\/abierto-el-plazo-para-que-la-ciudadania-realice-aportaciones-para-la-modificacion-de-la-mesa-de-la-infancia-del-ayuntamiento-de-pamplona\/","title":{"rendered":"Abierto el plazo para que la ciudadan\u00eda realice aportaciones para la modificaci\u00f3n de la Mesa de la Infancia del Ayuntamiento de Pamplona"},"content":{"rendered":"<h2>Las personas o colectivos que lo deseen podr\u00e1n plantear sus sugerencias en el mail <a href=\"mailto:infanto_juvenil@pamplona.es\">infanto_juvenil@pamplona.es<\/a> hasta el pr\u00f3ximo 11 de septiembre<\/h2>\n<p><!--more--><\/p>\n<p>El Ayuntamiento de Pamplona ha abierto el plazo para que todas las personas o colectivos que lo deseen env\u00eden aportaciones y sugerencias dentro el proceso de modificaci\u00f3n de la Mesa Municipal de la Infancia. Hasta el pr\u00f3ximo 11 de septiembre estar\u00e1 abierto este periodo de consulta previo que busca recabar la opini\u00f3n de la ciudadan\u00eda y organizaciones representativas que potencialmente pudieran verse afectadas por la creaci\u00f3n del nuevo consejo.<\/p>\n<p>La forma de participar en este dise\u00f1o es enviar un correo electr\u00f3nico a la direcci\u00f3n <a href=\"mailto:infanto_juvenil@pamplona.es\">infanto_juvenil@pamplona.es<\/a> con la cuesti\u00f3n a plantear o la sugerencia, adem\u00e1s de los datos de identificaci\u00f3n de la persona o entidad que presenta la aportaci\u00f3n. La Mesa de la Infancia, creada en 2010, constituye un \u00f3rgano de participaci\u00f3n del Ayuntamiento de Pamplona para todos aquellos asuntos que se considere necesario consultar en materia de participaci\u00f3n, promoci\u00f3n, atenci\u00f3n y protecci\u00f3n a la infancia.<\/p>\n<p>Entre los objetivos principales de la Mesa de la Infancia se encuentran los de \u201cfavorecer la informaci\u00f3n, valoraci\u00f3n y de propuestas de los ni\u00f1os y ni\u00f1as de Pamplona y sus asociaciones en relaci\u00f3n con las actuaciones de la pol\u00edtica municipal\u201d y \u201cpromover el ejercicio de los derechos de los ni\u00f1os y ni\u00f1as recogidos en la Convenci\u00f3n sobre los Derechos del Ni\u00f1o adoptada por la Asamblea General de Naciones Unidas en 20 de noviembre de 1989\u201d.<\/p>\n<p>En 2018, Pamplona fue reconocida por UNICEF por primera vez como Ciudad Amiga de la Infancia tras la aprobaci\u00f3n del I Plan de Infancia y Adolescencia, reconocimiento que se renov\u00f3 el 12 de marzo de 2024 y que tendr\u00e1 vigencia hasta el 31 de diciembre de 2027. Este reconocimiento supone pertenecer a la red de Ciudades Amigas de la Infancia e implica compartir una misma visi\u00f3n: que todo ni\u00f1o, ni\u00f1a y adolescente pueda desarrollarse plenamente en sus ciudades y comunidades. En este sentido es clave el compromiso de las administraciones y agentes locales para generar mecanismos y espacios participativos para tratar los asuntos de las pol\u00edticas p\u00fablicas que les afectan directamente.<\/p>\n<p><strong>Normativa aplicable<\/strong><\/p>\n<p>En los \u00faltimos a\u00f1os el desarrollo normativo en materia de infancia y de participaci\u00f3n ha sido notable. En 2022 se aprob\u00f3 la Ley Foral 12\/2022, de 11 de mayo, de atenci\u00f3n y protecci\u00f3n a ni\u00f1os, ni\u00f1as y adolescentes y de promoci\u00f3n de sus familias, derechos e igualdad; en su art\u00edculo 17 reconoce el Derecho a la participaci\u00f3n social y al asociacionismo, y el derecho de las personas menores a ser o\u00eddas y escuchadas y a la libertad de expresi\u00f3n. Espec\u00edficamente recoge que la Administraci\u00f3n de la Comunidad Foral de Navarra \u201cdivulgar\u00e1 y tendr\u00e1 en cuenta el criterio de los consejos locales o estructuras estables de participaci\u00f3n integradas por ni\u00f1os, ni\u00f1as y adolescentes con funciones consultiva y de participaci\u00f3n a nivel municipal\u201d.<\/p>\n<p>En 2019, la Ley Foral 12\/2019, de 22 de marzo, de Participaci\u00f3n Democr\u00e1tica en Navarra recoge, en el art\u00edculo 55, el derecho a la participaci\u00f3n de ni\u00f1os, ni\u00f1as y adolescentes ; y en el art\u00edculo 56.4, se alude a que las Administraciones Locales \u201cdesarrollar\u00e1n actuaciones dirigidas a incorporar la participaci\u00f3n infantil y adolescente en su \u00e1mbito territorial y competencial mediante la creaci\u00f3n y puesta en marcha de consejos locales o estructuras estables de participaci\u00f3n integradas por ni\u00f1os, ni\u00f1as y adolescentes con funciones consultiva y de participaci\u00f3n en todos aquellos asuntos que les afecten, directa o indirectamente, a nivel municipal, avalando su funcionamiento\u201d.<\/p>\n<p>Adem\u00e1s, tanto el I Plan Municipal de Infancia y Adolescencia (2018-2022) como el II Plan (2023-2027) recogen la creaci\u00f3n y promoci\u00f3n de un \u00f3rgano estable de participaci\u00f3n infantil y adolescente. Por \u00faltimo, el Reglamento de Participaci\u00f3n del Ayuntamiento de Pamplona aprobado el 14 de noviembre de 2019, regula los \u00f3rganos de participaci\u00f3n de la ciudadan\u00eda de Pamplona en la vida y gesti\u00f3n municipal.<\/p>\n<p>Por lo anteriormente expuesto, se considera oportuno revisar la Mesa de la Infancia ya existente, para adaptarla a la nueva normativa en cuanto a su composici\u00f3n, medios y procedimientos de participaci\u00f3n, con el fin de promover la participaci\u00f3n de ni\u00f1os, ni\u00f1as y adolescentes, y para ello se invita a la ciudadan\u00eda en general y a las asociaciones que trabajan con la infancia y adolescencia a que aporten sus sugerencias e ideas.<\/p>\n","protected":false},"excerpt":{"rendered":"<p>Las personas o colectivos que lo deseen podr\u00e1n plantear sus sugerencias en el mail infanto_juvenil@pamplona.es hasta el pr\u00f3ximo 11 de septiembre<\/p>\n","protected":false},"author":1,"featured_media":50554,"comment_status":"open","ping_status":"closed","sticky":false,"template":"","format":"standard","meta":{"footnotes":""},"categories":[2],"tags":[],"class_list":["post-50553","post","type-post","status-publish","format-standard","has-post-thumbnail","hentry","category-ayuntamiento-pamplona"],"yoast_head":"<!-- This site is optimized with the Yoast SEO plugin v27.3 - https:\/\/yoast.com\/product\/yoast-seo-wordpress\/ -->\n<title>Abierto el plazo para que la ciudadan\u00eda realice aportaciones para la modificaci\u00f3n de la Mesa de la Infancia del Ayuntamiento de Pamplona<\/title>\n<meta name=\"description\" content=\"Las personas o colectivos que lo deseen podr\u00e1n plantear sus sugerencias en el mail infanto_juvenil@pamplona.es hasta el pr\u00f3ximo 11 de septiembre\" \/>\n<meta name=\"robots\" content=\"index, follow, max-snippet:-1, max-image-preview:large, max-video-preview:-1\" \/>\n<link rel=\"canonical\" href=\"https:\/\/www.laguiadepamplona.com\/actualidad\/abierto-el-plazo-para-que-la-ciudadania-realice-aportaciones-para-la-modificacion-de-la-mesa-de-la-infancia-del-ayuntamiento-de-pamplona\/\" \/>\n<meta property=\"og:locale\" content=\"es_ES\" \/>\n<meta property=\"og:type\" content=\"article\" \/>\n<meta property=\"og:title\" content=\"Abierto el plazo para que la ciudadan\u00eda realice aportaciones para la modificaci\u00f3n de la Mesa de la Infancia del Ayuntamiento de Pamplona\" \/>\n<meta property=\"og:description\" content=\"Las personas o colectivos que lo deseen podr\u00e1n plantear sus sugerencias en el mail infanto_juvenil@pamplona.es hasta el pr\u00f3ximo 11 de septiembre\" \/>\n<meta property=\"og:url\" content=\"https:\/\/www.laguiadepamplona.com\/actualidad\/abierto-el-plazo-para-que-la-ciudadania-realice-aportaciones-para-la-modificacion-de-la-mesa-de-la-infancia-del-ayuntamiento-de-pamplona\/\" \/>\n<meta property=\"og:site_name\" content=\"La Gu\u00eda de Pamplona\" \/>\n<meta property=\"article:publisher\" content=\"https:\/\/www.facebook.com\/laguiadepamplonacom-133175176762273\/?ref=hl\" \/>\n<meta property=\"article:published_time\" content=\"2024-08-21T15:43:48+00:00\" \/>\n<meta property=\"og:image\" content=\"https:\/\/www.laguiadepamplona.com\/actualidad\/wp-content\/uploads\/2024\/08\/infancia_web.webp\" \/>\n\t<meta property=\"og:image:width\" content=\"1000\" \/>\n\t<meta property=\"og:image:height\" content=\"556\" \/>\n\t<meta property=\"og:image:type\" content=\"image\/webp\" \/>\n<meta name=\"author\" content=\"La Gu\u00eda de Pamplona\" \/>\n<meta name=\"twitter:card\" content=\"summary_large_image\" \/>\n<meta name=\"twitter:creator\" content=\"@LaGuiadPamplona\" \/>\n<meta name=\"twitter:site\" content=\"@LaGuiadPamplona\" \/>\n<meta name=\"twitter:label1\" content=\"Escrito por\" \/>\n\t<meta name=\"twitter:data1\" content=\"La Gu\u00eda de Pamplona\" \/>\n\t<meta name=\"twitter:label2\" content=\"Tiempo de lectura\" \/>\n\t<meta name=\"twitter:data2\" content=\"4 minutos\" \/>\n<script type=\"application\/ld+json\" class=\"yoast-schema-graph\">{\"@context\":\"https:\\\/\\\/schema.org\",\"@graph\":[{\"@type\":\"Article\",\"@id\":\"https:\\\/\\\/www.laguiadepamplona.com\\\/actualidad\\\/abierto-el-plazo-para-que-la-ciudadania-realice-aportaciones-para-la-modificacion-de-la-mesa-de-la-infancia-del-ayuntamiento-de-pamplona\\\/#article\",\"isPartOf\":{\"@id\":\"https:\\\/\\\/www.laguiadepamplona.com\\\/actualidad\\\/abierto-el-plazo-para-que-la-ciudadania-realice-aportaciones-para-la-modificacion-de-la-mesa-de-la-infancia-del-ayuntamiento-de-pamplona\\\/\"},\"author\":{\"name\":\"La Gu\u00eda de Pamplona\",\"@id\":\"https:\\\/\\\/www.laguiadepamplona.com\\\/actualidad\\\/#\\\/schema\\\/person\\\/efe887376f0213d4657c93adc50b1fdb\"},\"headline\":\"Abierto el plazo para que la ciudadan\u00eda realice aportaciones para la modificaci\u00f3n de la Mesa de la Infancia del Ayuntamiento de Pamplona\",\"datePublished\":\"2024-08-21T15:43:48+00:00\",\"mainEntityOfPage\":{\"@id\":\"https:\\\/\\\/www.laguiadepamplona.com\\\/actualidad\\\/abierto-el-plazo-para-que-la-ciudadania-realice-aportaciones-para-la-modificacion-de-la-mesa-de-la-infancia-del-ayuntamiento-de-pamplona\\\/\"},\"wordCount\":800,\"commentCount\":0,\"publisher\":{\"@id\":\"https:\\\/\\\/www.laguiadepamplona.com\\\/actualidad\\\/#organization\"},\"image\":{\"@id\":\"https:\\\/\\\/www.laguiadepamplona.com\\\/actualidad\\\/abierto-el-plazo-para-que-la-ciudadania-realice-aportaciones-para-la-modificacion-de-la-mesa-de-la-infancia-del-ayuntamiento-de-pamplona\\\/#primaryimage\"},\"thumbnailUrl\":\"https:\\\/\\\/www.laguiadepamplona.com\\\/actualidad\\\/wp-content\\\/uploads\\\/2024\\\/08\\\/infancia_web.webp\",\"articleSection\":[\"Ayto Pamplona\"],\"inLanguage\":\"es\",\"potentialAction\":[{\"@type\":\"CommentAction\",\"name\":\"Comment\",\"target\":[\"https:\\\/\\\/www.laguiadepamplona.com\\\/actualidad\\\/abierto-el-plazo-para-que-la-ciudadania-realice-aportaciones-para-la-modificacion-de-la-mesa-de-la-infancia-del-ayuntamiento-de-pamplona\\\/#respond\"]}]},{\"@type\":\"WebPage\",\"@id\":\"https:\\\/\\\/www.laguiadepamplona.com\\\/actualidad\\\/abierto-el-plazo-para-que-la-ciudadania-realice-aportaciones-para-la-modificacion-de-la-mesa-de-la-infancia-del-ayuntamiento-de-pamplona\\\/\",\"url\":\"https:\\\/\\\/www.laguiadepamplona.com\\\/actualidad\\\/abierto-el-plazo-para-que-la-ciudadania-realice-aportaciones-para-la-modificacion-de-la-mesa-de-la-infancia-del-ayuntamiento-de-pamplona\\\/\",\"name\":\"Abierto el plazo para que la ciudadan\u00eda realice aportaciones para la modificaci\u00f3n de la Mesa de la Infancia del Ayuntamiento de Pamplona\",\"isPartOf\":{\"@id\":\"https:\\\/\\\/www.laguiadepamplona.com\\\/actualidad\\\/#website\"},\"primaryImageOfPage\":{\"@id\":\"https:\\\/\\\/www.laguiadepamplona.com\\\/actualidad\\\/abierto-el-plazo-para-que-la-ciudadania-realice-aportaciones-para-la-modificacion-de-la-mesa-de-la-infancia-del-ayuntamiento-de-pamplona\\\/#primaryimage\"},\"image\":{\"@id\":\"https:\\\/\\\/www.laguiadepamplona.com\\\/actualidad\\\/abierto-el-plazo-para-que-la-ciudadania-realice-aportaciones-para-la-modificacion-de-la-mesa-de-la-infancia-del-ayuntamiento-de-pamplona\\\/#primaryimage\"},\"thumbnailUrl\":\"https:\\\/\\\/www.laguiadepamplona.com\\\/actualidad\\\/wp-content\\\/uploads\\\/2024\\\/08\\\/infancia_web.webp\",\"datePublished\":\"2024-08-21T15:43:48+00:00\",\"description\":\"Las personas o colectivos que lo deseen podr\u00e1n plantear sus sugerencias en el mail infanto_juvenil@pamplona.es hasta el pr\u00f3ximo 11 de septiembre\",\"breadcrumb\":{\"@id\":\"https:\\\/\\\/www.laguiadepamplona.com\\\/actualidad\\\/abierto-el-plazo-para-que-la-ciudadania-realice-aportaciones-para-la-modificacion-de-la-mesa-de-la-infancia-del-ayuntamiento-de-pamplona\\\/#breadcrumb\"},\"inLanguage\":\"es\",\"potentialAction\":[{\"@type\":\"ReadAction\",\"target\":[\"https:\\\/\\\/www.laguiadepamplona.com\\\/actualidad\\\/abierto-el-plazo-para-que-la-ciudadania-realice-aportaciones-para-la-modificacion-de-la-mesa-de-la-infancia-del-ayuntamiento-de-pamplona\\\/\"]}]},{\"@type\":\"ImageObject\",\"inLanguage\":\"es\",\"@id\":\"https:\\\/\\\/www.laguiadepamplona.com\\\/actualidad\\\/abierto-el-plazo-para-que-la-ciudadania-realice-aportaciones-para-la-modificacion-de-la-mesa-de-la-infancia-del-ayuntamiento-de-pamplona\\\/#primaryimage\",\"url\":\"https:\\\/\\\/www.laguiadepamplona.com\\\/actualidad\\\/wp-content\\\/uploads\\\/2024\\\/08\\\/infancia_web.webp\",\"contentUrl\":\"https:\\\/\\\/www.laguiadepamplona.com\\\/actualidad\\\/wp-content\\\/uploads\\\/2024\\\/08\\\/infancia_web.webp\",\"width\":1000,\"height\":556,\"caption\":\"infancia\"},{\"@type\":\"BreadcrumbList\",\"@id\":\"https:\\\/\\\/www.laguiadepamplona.com\\\/actualidad\\\/abierto-el-plazo-para-que-la-ciudadania-realice-aportaciones-para-la-modificacion-de-la-mesa-de-la-infancia-del-ayuntamiento-de-pamplona\\\/#breadcrumb\",\"itemListElement\":[{\"@type\":\"ListItem\",\"position\":1,\"name\":\"Portada\",\"item\":\"https:\\\/\\\/www.laguiadepamplona.com\\\/actualidad\\\/\"},{\"@type\":\"ListItem\",\"position\":2,\"name\":\"Abierto el plazo para que la ciudadan\u00eda realice aportaciones para la modificaci\u00f3n de la Mesa de la Infancia del Ayuntamiento de Pamplona\"}]},{\"@type\":\"WebSite\",\"@id\":\"https:\\\/\\\/www.laguiadepamplona.com\\\/actualidad\\\/#website\",\"url\":\"https:\\\/\\\/www.laguiadepamplona.com\\\/actualidad\\\/\",\"name\":\"La gu\u00eda de Pamplona\",\"description\":\"Noticias de Pamplona\",\"publisher\":{\"@id\":\"https:\\\/\\\/www.laguiadepamplona.com\\\/actualidad\\\/#organization\"},\"potentialAction\":[{\"@type\":\"SearchAction\",\"target\":{\"@type\":\"EntryPoint\",\"urlTemplate\":\"https:\\\/\\\/www.laguiadepamplona.com\\\/actualidad\\\/?s={search_term_string}\"},\"query-input\":{\"@type\":\"PropertyValueSpecification\",\"valueRequired\":true,\"valueName\":\"search_term_string\"}}],\"inLanguage\":\"es\"},{\"@type\":\"Organization\",\"@id\":\"https:\\\/\\\/www.laguiadepamplona.com\\\/actualidad\\\/#organization\",\"name\":\"La Gu\u00eda de Pamplona \\\/ Noticias\",\"url\":\"https:\\\/\\\/www.laguiadepamplona.com\\\/actualidad\\\/\",\"logo\":{\"@type\":\"ImageObject\",\"inLanguage\":\"es\",\"@id\":\"https:\\\/\\\/www.laguiadepamplona.com\\\/actualidad\\\/#\\\/schema\\\/logo\\\/image\\\/\",\"url\":\"https:\\\/\\\/www.laguiadepamplona.com\\\/actualidad\\\/wp-content\\\/uploads\\\/2018\\\/11\\\/logo-laguiadepamplona18-web1.png\",\"contentUrl\":\"https:\\\/\\\/www.laguiadepamplona.com\\\/actualidad\\\/wp-content\\\/uploads\\\/2018\\\/11\\\/logo-laguiadepamplona18-web1.png\",\"width\":600,\"height\":196,\"caption\":\"La Gu\u00eda de Pamplona \\\/ Noticias\"},\"image\":{\"@id\":\"https:\\\/\\\/www.laguiadepamplona.com\\\/actualidad\\\/#\\\/schema\\\/logo\\\/image\\\/\"},\"sameAs\":[\"https:\\\/\\\/www.facebook.com\\\/laguiadepamplonacom-133175176762273\\\/?ref=hl\",\"https:\\\/\\\/x.com\\\/LaGuiadPamplona\",\"https:\\\/\\\/www.instagram.com\\\/la_guia_de_pamplona\\\/\",\"https:\\\/\\\/www.youtube.com\\\/user\\\/laguiadepamplona\"]},{\"@type\":\"Person\",\"@id\":\"https:\\\/\\\/www.laguiadepamplona.com\\\/actualidad\\\/#\\\/schema\\\/person\\\/efe887376f0213d4657c93adc50b1fdb\",\"name\":\"La Gu\u00eda de Pamplona\",\"image\":{\"@type\":\"ImageObject\",\"inLanguage\":\"es\",\"@id\":\"https:\\\/\\\/secure.gravatar.com\\\/avatar\\\/b6992f131dc8d30ab0dff15446e9d346d9dbd95992de0fef795073f5ea83a81c?s=96&d=mm&r=g\",\"url\":\"https:\\\/\\\/secure.gravatar.com\\\/avatar\\\/b6992f131dc8d30ab0dff15446e9d346d9dbd95992de0fef795073f5ea83a81c?s=96&d=mm&r=g\",\"contentUrl\":\"https:\\\/\\\/secure.gravatar.com\\\/avatar\\\/b6992f131dc8d30ab0dff15446e9d346d9dbd95992de0fef795073f5ea83a81c?s=96&d=mm&r=g\",\"caption\":\"La Gu\u00eda de Pamplona\"}}]}<\/script>\n<!-- \/ Yoast SEO plugin. -->","yoast_head_json":{"title":"Abierto el plazo para que la ciudadan\u00eda realice aportaciones para la modificaci\u00f3n de la Mesa de la Infancia del Ayuntamiento de Pamplona","description":"Las personas o colectivos que lo deseen podr\u00e1n plantear sus sugerencias en el mail infanto_juvenil@pamplona.es hasta el pr\u00f3ximo 11 de septiembre","robots":{"index":"index","follow":"follow","max-snippet":"max-snippet:-1","max-image-preview":"max-image-preview:large","max-video-preview":"max-video-preview:-1"},"canonical":"https:\/\/www.laguiadepamplona.com\/actualidad\/abierto-el-plazo-para-que-la-ciudadania-realice-aportaciones-para-la-modificacion-de-la-mesa-de-la-infancia-del-ayuntamiento-de-pamplona\/","og_locale":"es_ES","og_type":"article","og_title":"Abierto el plazo para que la ciudadan\u00eda realice aportaciones para la modificaci\u00f3n de la Mesa de la Infancia del Ayuntamiento de Pamplona","og_description":"Las personas o colectivos que lo deseen podr\u00e1n plantear sus sugerencias en el mail infanto_juvenil@pamplona.es hasta el pr\u00f3ximo 11 de septiembre","og_url":"https:\/\/www.laguiadepamplona.com\/actualidad\/abierto-el-plazo-para-que-la-ciudadania-realice-aportaciones-para-la-modificacion-de-la-mesa-de-la-infancia-del-ayuntamiento-de-pamplona\/","og_site_name":"La Gu\u00eda de Pamplona","article_publisher":"https:\/\/www.facebook.com\/laguiadepamplonacom-133175176762273\/?ref=hl","article_published_time":"2024-08-21T15:43:48+00:00","og_image":[{"width":1000,"height":556,"url":"https:\/\/www.laguiadepamplona.com\/actualidad\/wp-content\/uploads\/2024\/08\/infancia_web.webp","type":"image\/webp"}],"author":"La Gu\u00eda de Pamplona","twitter_card":"summary_large_image","twitter_creator":"@LaGuiadPamplona","twitter_site":"@LaGuiadPamplona","twitter_misc":{"Escrito por":"La Gu\u00eda de Pamplona","Tiempo de lectura":"4 minutos"},"schema":{"@context":"https:\/\/schema.org","@graph":[{"@type":"Article","@id":"https:\/\/www.laguiadepamplona.com\/actualidad\/abierto-el-plazo-para-que-la-ciudadania-realice-aportaciones-para-la-modificacion-de-la-mesa-de-la-infancia-del-ayuntamiento-de-pamplona\/#article","isPartOf":{"@id":"https:\/\/www.laguiadepamplona.com\/actualidad\/abierto-el-plazo-para-que-la-ciudadania-realice-aportaciones-para-la-modificacion-de-la-mesa-de-la-infancia-del-ayuntamiento-de-pamplona\/"},"author":{"name":"La Gu\u00eda de Pamplona","@id":"https:\/\/www.laguiadepamplona.com\/actualidad\/#\/schema\/person\/efe887376f0213d4657c93adc50b1fdb"},"headline":"Abierto el plazo para que la ciudadan\u00eda realice aportaciones para la modificaci\u00f3n de la Mesa de la Infancia del Ayuntamiento de Pamplona","datePublished":"2024-08-21T15:43:48+00:00","mainEntityOfPage":{"@id":"https:\/\/www.laguiadepamplona.com\/actualidad\/abierto-el-plazo-para-que-la-ciudadania-realice-aportaciones-para-la-modificacion-de-la-mesa-de-la-infancia-del-ayuntamiento-de-pamplona\/"},"wordCount":800,"commentCount":0,"publisher":{"@id":"https:\/\/www.laguiadepamplona.com\/actualidad\/#organization"},"image":{"@id":"https:\/\/www.laguiadepamplona.com\/actualidad\/abierto-el-plazo-para-que-la-ciudadania-realice-aportaciones-para-la-modificacion-de-la-mesa-de-la-infancia-del-ayuntamiento-de-pamplona\/#primaryimage"},"thumbnailUrl":"https:\/\/www.laguiadepamplona.com\/actualidad\/wp-content\/uploads\/2024\/08\/infancia_web.webp","articleSection":["Ayto Pamplona"],"inLanguage":"es","potentialAction":[{"@type":"CommentAction","name":"Comment","target":["https:\/\/www.laguiadepamplona.com\/actualidad\/abierto-el-plazo-para-que-la-ciudadania-realice-aportaciones-para-la-modificacion-de-la-mesa-de-la-infancia-del-ayuntamiento-de-pamplona\/#respond"]}]},{"@type":"WebPage","@id":"https:\/\/www.laguiadepamplona.com\/actualidad\/abierto-el-plazo-para-que-la-ciudadania-realice-aportaciones-para-la-modificacion-de-la-mesa-de-la-infancia-del-ayuntamiento-de-pamplona\/","url":"https:\/\/www.laguiadepamplona.com\/actualidad\/abierto-el-plazo-para-que-la-ciudadania-realice-aportaciones-para-la-modificacion-de-la-mesa-de-la-infancia-del-ayuntamiento-de-pamplona\/","name":"Abierto el plazo para que la ciudadan\u00eda realice aportaciones para la modificaci\u00f3n de la Mesa de la Infancia del Ayuntamiento de Pamplona","isPartOf":{"@id":"https:\/\/www.laguiadepamplona.com\/actualidad\/#website"},"primaryImageOfPage":{"@id":"https:\/\/www.laguiadepamplona.com\/actualidad\/abierto-el-plazo-para-que-la-ciudadania-realice-aportaciones-para-la-modificacion-de-la-mesa-de-la-infancia-del-ayuntamiento-de-pamplona\/#primaryimage"},"image":{"@id":"https:\/\/www.laguiadepamplona.com\/actualidad\/abierto-el-plazo-para-que-la-ciudadania-realice-aportaciones-para-la-modificacion-de-la-mesa-de-la-infancia-del-ayuntamiento-de-pamplona\/#primaryimage"},"thumbnailUrl":"https:\/\/www.laguiadepamplona.com\/actualidad\/wp-content\/uploads\/2024\/08\/infancia_web.webp","datePublished":"2024-08-21T15:43:48+00:00","description":"Las personas o colectivos que lo deseen podr\u00e1n plantear sus sugerencias en el mail infanto_juvenil@pamplona.es hasta el pr\u00f3ximo 11 de septiembre","breadcrumb":{"@id":"https:\/\/www.laguiadepamplona.com\/actualidad\/abierto-el-plazo-para-que-la-ciudadania-realice-aportaciones-para-la-modificacion-de-la-mesa-de-la-infancia-del-ayuntamiento-de-pamplona\/#breadcrumb"},"inLanguage":"es","potentialAction":[{"@type":"ReadAction","target":["https:\/\/www.laguiadepamplona.com\/actualidad\/abierto-el-plazo-para-que-la-ciudadania-realice-aportaciones-para-la-modificacion-de-la-mesa-de-la-infancia-del-ayuntamiento-de-pamplona\/"]}]},{"@type":"ImageObject","inLanguage":"es","@id":"https:\/\/www.laguiadepamplona.com\/actualidad\/abierto-el-plazo-para-que-la-ciudadania-realice-aportaciones-para-la-modificacion-de-la-mesa-de-la-infancia-del-ayuntamiento-de-pamplona\/#primaryimage","url":"https:\/\/www.laguiadepamplona.com\/actualidad\/wp-content\/uploads\/2024\/08\/infancia_web.webp","contentUrl":"https:\/\/www.laguiadepamplona.com\/actualidad\/wp-content\/uploads\/2024\/08\/infancia_web.webp","width":1000,"height":556,"caption":"infancia"},{"@type":"BreadcrumbList","@id":"https:\/\/www.laguiadepamplona.com\/actualidad\/abierto-el-plazo-para-que-la-ciudadania-realice-aportaciones-para-la-modificacion-de-la-mesa-de-la-infancia-del-ayuntamiento-de-pamplona\/#breadcrumb","itemListElement":[{"@type":"ListItem","position":1,"name":"Portada","item":"https:\/\/www.laguiadepamplona.com\/actualidad\/"},{"@type":"ListItem","position":2,"name":"Abierto el plazo para que la ciudadan\u00eda realice aportaciones para la modificaci\u00f3n de la Mesa de la Infancia del Ayuntamiento de Pamplona"}]},{"@type":"WebSite","@id":"https:\/\/www.laguiadepamplona.com\/actualidad\/#website","url":"https:\/\/www.laguiadepamplona.com\/actualidad\/","name":"La gu\u00eda de Pamplona","description":"Noticias de Pamplona","publisher":{"@id":"https:\/\/www.laguiadepamplona.com\/actualidad\/#organization"},"potentialAction":[{"@type":"SearchAction","target":{"@type":"EntryPoint","urlTemplate":"https:\/\/www.laguiadepamplona.com\/actualidad\/?s={search_term_string}"},"query-input":{"@type":"PropertyValueSpecification","valueRequired":true,"valueName":"search_term_string"}}],"inLanguage":"es"},{"@type":"Organization","@id":"https:\/\/www.laguiadepamplona.com\/actualidad\/#organization","name":"La Gu\u00eda de Pamplona \/ Noticias","url":"https:\/\/www.laguiadepamplona.com\/actualidad\/","logo":{"@type":"ImageObject","inLanguage":"es","@id":"https:\/\/www.laguiadepamplona.com\/actualidad\/#\/schema\/logo\/image\/","url":"https:\/\/www.laguiadepamplona.com\/actualidad\/wp-content\/uploads\/2018\/11\/logo-laguiadepamplona18-web1.png","contentUrl":"https:\/\/www.laguiadepamplona.com\/actualidad\/wp-content\/uploads\/2018\/11\/logo-laguiadepamplona18-web1.png","width":600,"height":196,"caption":"La Gu\u00eda de Pamplona \/ Noticias"},"image":{"@id":"https:\/\/www.laguiadepamplona.com\/actualidad\/#\/schema\/logo\/image\/"},"sameAs":["https:\/\/www.facebook.com\/laguiadepamplonacom-133175176762273\/?ref=hl","https:\/\/x.com\/LaGuiadPamplona","https:\/\/www.instagram.com\/la_guia_de_pamplona\/","https:\/\/www.youtube.com\/user\/laguiadepamplona"]},{"@type":"Person","@id":"https:\/\/www.laguiadepamplona.com\/actualidad\/#\/schema\/person\/efe887376f0213d4657c93adc50b1fdb","name":"La Gu\u00eda de Pamplona","image":{"@type":"ImageObject","inLanguage":"es","@id":"https:\/\/secure.gravatar.com\/avatar\/b6992f131dc8d30ab0dff15446e9d346d9dbd95992de0fef795073f5ea83a81c?s=96&d=mm&r=g","url":"https:\/\/secure.gravatar.com\/avatar\/b6992f131dc8d30ab0dff15446e9d346d9dbd95992de0fef795073f5ea83a81c?s=96&d=mm&r=g","contentUrl":"https:\/\/secure.gravatar.com\/avatar\/b6992f131dc8d30ab0dff15446e9d346d9dbd95992de0fef795073f5ea83a81c?s=96&d=mm&r=g","caption":"La Gu\u00eda de Pamplona"}}]}},"post_mailing_queue_ids":[],"_links":{"self":[{"href":"https:\/\/www.laguiadepamplona.com\/actualidad\/wp-json\/wp\/v2\/posts\/50553","targetHints":{"allow":["GET"]}}],"collection":[{"href":"https:\/\/www.laguiadepamplona.com\/actualidad\/wp-json\/wp\/v2\/posts"}],"about":[{"href":"https:\/\/www.laguiadepamplona.com\/actualidad\/wp-json\/wp\/v2\/types\/post"}],"author":[{"embeddable":true,"href":"https:\/\/www.laguiadepamplona.com\/actualidad\/wp-json\/wp\/v2\/users\/1"}],"replies":[{"embeddable":true,"href":"https:\/\/www.laguiadepamplona.com\/actualidad\/wp-json\/wp\/v2\/comments?post=50553"}],"version-history":[{"count":1,"href":"https:\/\/www.laguiadepamplona.com\/actualidad\/wp-json\/wp\/v2\/posts\/50553\/revisions"}],"predecessor-version":[{"id":50555,"href":"https:\/\/www.laguiadepamplona.com\/actualidad\/wp-json\/wp\/v2\/posts\/50553\/revisions\/50555"}],"wp:featuredmedia":[{"embeddable":true,"href":"https:\/\/www.laguiadepamplona.com\/actualidad\/wp-json\/wp\/v2\/media\/50554"}],"wp:attachment":[{"href":"https:\/\/www.laguiadepamplona.com\/actualidad\/wp-json\/wp\/v2\/media?parent=50553"}],"wp:term":[{"taxonomy":"category","embeddable":true,"href":"https:\/\/www.laguiadepamplona.com\/actualidad\/wp-json\/wp\/v2\/categories?post=50553"},{"taxonomy":"post_tag","embeddable":true,"href":"https:\/\/www.laguiadepamplona.com\/actualidad\/wp-json\/wp\/v2\/tags?post=50553"}],"curies":[{"name":"wp","href":"https:\/\/api.w.org\/{rel}","templated":true}]}}