{"id":50550,"date":"2024-08-20T18:13:27","date_gmt":"2024-08-20T16:13:27","guid":{"rendered":"https:\/\/www.laguiadepamplona.com\/actualidad\/?p=50550"},"modified":"2024-08-20T18:13:27","modified_gmt":"2024-08-20T16:13:27","slug":"los-autobuses-fletados-por-renfe-que-uniran-pamplona-y-tafalla-del-22-de-agosto-al-2-de-septiembre-conectaran-las-estaciones-de-tren-de-ambas-localidades","status":"publish","type":"post","link":"https:\/\/www.laguiadepamplona.com\/actualidad\/los-autobuses-fletados-por-renfe-que-uniran-pamplona-y-tafalla-del-22-de-agosto-al-2-de-septiembre-conectaran-las-estaciones-de-tren-de-ambas-localidades\/","title":{"rendered":"Los autobuses fletados por RENFE que unir\u00e1n Pamplona y Tafalla del 22 de agosto al 2 de septiembre conectar\u00e1n las estaciones de tren de ambas localidades"},"content":{"rendered":"<h2>En esos d\u00edas, se suspende el servicio ferroviario entre Pamplona y Tafalla para ejecutar obras en un puente entre Bara\u00f1\u00e1in y Arazuri<\/h2>\n<p><!--more--><\/p>\n<p>Los autobuses contratados por RENFE, que unir\u00e1n Pamplona y Tafalla entre el 22 de agosto y el 2 de septiembre, periodo en el que el servicio de ferrocarril estar\u00e1 cortado entre ambas localidades por obras, conectar\u00e1n las estaciones de tren de ambas localidades. No se prev\u00e9n afecciones importantes en el entorno de la estaci\u00f3n de tren de Pamplona por este nuevo servicio, m\u00e1s all\u00e1 del habitual incremento del tr\u00e1nsito peatonal en las horas en las que salgan y lleguen los autobuses.<\/p>\n<p>Las obras que Adif ejecuta en la red ferroviaria obligan a interrumpir del servicio de Media y Larga Distancia entre Pamplona y Tafalla desde el jueves 22 de agosto hasta el domingo 2 de septiembre. En estos doce d\u00edas se llevar\u00e1n a cabo las obras previstas en el puente ferroviario que atraviesa el r\u00edo Arga entre Bara\u00f1\u00e1in y Arazuri. Para garantizar la movilidad de los viajeros y viajeras a quienes les afecte, Renfe va a poner en marcha un plan de transporte por carretera para todos los trenes que deben realizar ese trayecto, tanto de salida como de llegada a Pamplona, cada uno de los d\u00edas.<\/p>\n<p>Durante ese periodo de tiempo se programar\u00e1n 202 trayectos de autobuses para los servicios de Media Distancia o regionales y 593 para los de Larga Distancia. Se ver\u00e1n afectados los servicios entre Ir\u00fan \u2013 Madrid, Barcelona-Salamanca, Barcelona &#8211; Vigo \/ A Coru\u00f1a, Barcelona \u2013 Donostia\/San Sebasti\u00e1n, Barcelona \u2013 Pamplona y Donostia\/San Sebasti\u00e1n \u2013 Vitoria. El primer tren de la ma\u00f1ana del 3 de septiembre, a las 6.10 horas, con destino Madrid tambi\u00e9n realizar\u00e1 los transbordos por carretera en autob\u00fas. Los horarios de los servicios ferroviarios se pueden consultar en <a href=\"https:\/\/renfe.com\" target=\"_blank\" rel=\"noopener\">https:\/\/renfe.com<\/a>.<\/p>\n","protected":false},"excerpt":{"rendered":"<p>En esos d\u00edas, se suspende el servicio ferroviario entre Pamplona y Tafalla para ejecutar obras en un puente entre Bara\u00f1\u00e1in y Arazuri<\/p>\n","protected":false},"author":1,"featured_media":50551,"comment_status":"open","ping_status":"closed","sticky":false,"template":"","format":"standard","meta":{"footnotes":""},"categories":[2],"tags":[],"class_list":["post-50550","post","type-post","status-publish","format-standard","has-post-thumbnail","hentry","category-ayuntamiento-pamplona"],"yoast_head":"<!-- This site is optimized with the Yoast SEO plugin v27.3 - https:\/\/yoast.com\/product\/yoast-seo-wordpress\/ -->\n<title>Los autobuses fletados por RENFE que unir\u00e1n Pamplona y Tafalla del 22 de agosto al 2 de septiembre conectar\u00e1n las estaciones de tren de ambas localidades<\/title>\n<meta name=\"description\" content=\"En esos d\u00edas, se suspende el servicio ferroviario entre Pamplona y Tafalla para ejecutar obras en un puente entre Bara\u00f1\u00e1in y Arazuri\" \/>\n<meta name=\"robots\" content=\"index, follow, max-snippet:-1, max-image-preview:large, max-video-preview:-1\" \/>\n<link rel=\"canonical\" href=\"https:\/\/www.laguiadepamplona.com\/actualidad\/los-autobuses-fletados-por-renfe-que-uniran-pamplona-y-tafalla-del-22-de-agosto-al-2-de-septiembre-conectaran-las-estaciones-de-tren-de-ambas-localidades\/\" \/>\n<meta property=\"og:locale\" content=\"es_ES\" \/>\n<meta property=\"og:type\" content=\"article\" \/>\n<meta property=\"og:title\" content=\"Los autobuses fletados por RENFE que unir\u00e1n Pamplona y Tafalla del 22 de agosto al 2 de septiembre conectar\u00e1n las estaciones de tren de ambas localidades\" \/>\n<meta property=\"og:description\" content=\"En esos d\u00edas, se suspende el servicio ferroviario entre Pamplona y Tafalla para ejecutar obras en un puente entre Bara\u00f1\u00e1in y Arazuri\" \/>\n<meta property=\"og:url\" content=\"https:\/\/www.laguiadepamplona.com\/actualidad\/los-autobuses-fletados-por-renfe-que-uniran-pamplona-y-tafalla-del-22-de-agosto-al-2-de-septiembre-conectaran-las-estaciones-de-tren-de-ambas-localidades\/\" \/>\n<meta property=\"og:site_name\" content=\"La Gu\u00eda de Pamplona\" \/>\n<meta property=\"article:publisher\" content=\"https:\/\/www.facebook.com\/laguiadepamplonacom-133175176762273\/?ref=hl\" \/>\n<meta property=\"article:published_time\" content=\"2024-08-20T16:13:27+00:00\" \/>\n<meta property=\"og:image\" content=\"https:\/\/www.laguiadepamplona.com\/actualidad\/wp-content\/uploads\/2024\/08\/bus.webp\" \/>\n\t<meta property=\"og:image:width\" content=\"1000\" \/>\n\t<meta property=\"og:image:height\" content=\"668\" \/>\n\t<meta property=\"og:image:type\" content=\"image\/webp\" \/>\n<meta name=\"author\" content=\"La Gu\u00eda de Pamplona\" \/>\n<meta name=\"twitter:card\" content=\"summary_large_image\" \/>\n<meta name=\"twitter:creator\" content=\"@LaGuiadPamplona\" \/>\n<meta name=\"twitter:site\" content=\"@LaGuiadPamplona\" \/>\n<meta name=\"twitter:label1\" content=\"Escrito por\" \/>\n\t<meta name=\"twitter:data1\" content=\"La Gu\u00eda de Pamplona\" \/>\n\t<meta name=\"twitter:label2\" content=\"Tiempo de lectura\" \/>\n\t<meta name=\"twitter:data2\" content=\"2 minutos\" \/>\n<script type=\"application\/ld+json\" class=\"yoast-schema-graph\">{\"@context\":\"https:\\\/\\\/schema.org\",\"@graph\":[{\"@type\":\"Article\",\"@id\":\"https:\\\/\\\/www.laguiadepamplona.com\\\/actualidad\\\/los-autobuses-fletados-por-renfe-que-uniran-pamplona-y-tafalla-del-22-de-agosto-al-2-de-septiembre-conectaran-las-estaciones-de-tren-de-ambas-localidades\\\/#article\",\"isPartOf\":{\"@id\":\"https:\\\/\\\/www.laguiadepamplona.com\\\/actualidad\\\/los-autobuses-fletados-por-renfe-que-uniran-pamplona-y-tafalla-del-22-de-agosto-al-2-de-septiembre-conectaran-las-estaciones-de-tren-de-ambas-localidades\\\/\"},\"author\":{\"name\":\"La Gu\u00eda de Pamplona\",\"@id\":\"https:\\\/\\\/www.laguiadepamplona.com\\\/actualidad\\\/#\\\/schema\\\/person\\\/efe887376f0213d4657c93adc50b1fdb\"},\"headline\":\"Los autobuses fletados por RENFE que unir\u00e1n Pamplona y Tafalla del 22 de agosto al 2 de septiembre conectar\u00e1n las estaciones de tren de ambas localidades\",\"datePublished\":\"2024-08-20T16:13:27+00:00\",\"mainEntityOfPage\":{\"@id\":\"https:\\\/\\\/www.laguiadepamplona.com\\\/actualidad\\\/los-autobuses-fletados-por-renfe-que-uniran-pamplona-y-tafalla-del-22-de-agosto-al-2-de-septiembre-conectaran-las-estaciones-de-tren-de-ambas-localidades\\\/\"},\"wordCount\":338,\"commentCount\":0,\"publisher\":{\"@id\":\"https:\\\/\\\/www.laguiadepamplona.com\\\/actualidad\\\/#organization\"},\"image\":{\"@id\":\"https:\\\/\\\/www.laguiadepamplona.com\\\/actualidad\\\/los-autobuses-fletados-por-renfe-que-uniran-pamplona-y-tafalla-del-22-de-agosto-al-2-de-septiembre-conectaran-las-estaciones-de-tren-de-ambas-localidades\\\/#primaryimage\"},\"thumbnailUrl\":\"https:\\\/\\\/www.laguiadepamplona.com\\\/actualidad\\\/wp-content\\\/uploads\\\/2024\\\/08\\\/bus.webp\",\"articleSection\":[\"Ayto Pamplona\"],\"inLanguage\":\"es\",\"potentialAction\":[{\"@type\":\"CommentAction\",\"name\":\"Comment\",\"target\":[\"https:\\\/\\\/www.laguiadepamplona.com\\\/actualidad\\\/los-autobuses-fletados-por-renfe-que-uniran-pamplona-y-tafalla-del-22-de-agosto-al-2-de-septiembre-conectaran-las-estaciones-de-tren-de-ambas-localidades\\\/#respond\"]}]},{\"@type\":\"WebPage\",\"@id\":\"https:\\\/\\\/www.laguiadepamplona.com\\\/actualidad\\\/los-autobuses-fletados-por-renfe-que-uniran-pamplona-y-tafalla-del-22-de-agosto-al-2-de-septiembre-conectaran-las-estaciones-de-tren-de-ambas-localidades\\\/\",\"url\":\"https:\\\/\\\/www.laguiadepamplona.com\\\/actualidad\\\/los-autobuses-fletados-por-renfe-que-uniran-pamplona-y-tafalla-del-22-de-agosto-al-2-de-septiembre-conectaran-las-estaciones-de-tren-de-ambas-localidades\\\/\",\"name\":\"Los autobuses fletados por RENFE que unir\u00e1n Pamplona y Tafalla del 22 de agosto al 2 de septiembre conectar\u00e1n las estaciones de tren de ambas localidades\",\"isPartOf\":{\"@id\":\"https:\\\/\\\/www.laguiadepamplona.com\\\/actualidad\\\/#website\"},\"primaryImageOfPage\":{\"@id\":\"https:\\\/\\\/www.laguiadepamplona.com\\\/actualidad\\\/los-autobuses-fletados-por-renfe-que-uniran-pamplona-y-tafalla-del-22-de-agosto-al-2-de-septiembre-conectaran-las-estaciones-de-tren-de-ambas-localidades\\\/#primaryimage\"},\"image\":{\"@id\":\"https:\\\/\\\/www.laguiadepamplona.com\\\/actualidad\\\/los-autobuses-fletados-por-renfe-que-uniran-pamplona-y-tafalla-del-22-de-agosto-al-2-de-septiembre-conectaran-las-estaciones-de-tren-de-ambas-localidades\\\/#primaryimage\"},\"thumbnailUrl\":\"https:\\\/\\\/www.laguiadepamplona.com\\\/actualidad\\\/wp-content\\\/uploads\\\/2024\\\/08\\\/bus.webp\",\"datePublished\":\"2024-08-20T16:13:27+00:00\",\"description\":\"En esos d\u00edas, se suspende el servicio ferroviario entre Pamplona y Tafalla para ejecutar obras en un puente entre Bara\u00f1\u00e1in y Arazuri\",\"breadcrumb\":{\"@id\":\"https:\\\/\\\/www.laguiadepamplona.com\\\/actualidad\\\/los-autobuses-fletados-por-renfe-que-uniran-pamplona-y-tafalla-del-22-de-agosto-al-2-de-septiembre-conectaran-las-estaciones-de-tren-de-ambas-localidades\\\/#breadcrumb\"},\"inLanguage\":\"es\",\"potentialAction\":[{\"@type\":\"ReadAction\",\"target\":[\"https:\\\/\\\/www.laguiadepamplona.com\\\/actualidad\\\/los-autobuses-fletados-por-renfe-que-uniran-pamplona-y-tafalla-del-22-de-agosto-al-2-de-septiembre-conectaran-las-estaciones-de-tren-de-ambas-localidades\\\/\"]}]},{\"@type\":\"ImageObject\",\"inLanguage\":\"es\",\"@id\":\"https:\\\/\\\/www.laguiadepamplona.com\\\/actualidad\\\/los-autobuses-fletados-por-renfe-que-uniran-pamplona-y-tafalla-del-22-de-agosto-al-2-de-septiembre-conectaran-las-estaciones-de-tren-de-ambas-localidades\\\/#primaryimage\",\"url\":\"https:\\\/\\\/www.laguiadepamplona.com\\\/actualidad\\\/wp-content\\\/uploads\\\/2024\\\/08\\\/bus.webp\",\"contentUrl\":\"https:\\\/\\\/www.laguiadepamplona.com\\\/actualidad\\\/wp-content\\\/uploads\\\/2024\\\/08\\\/bus.webp\",\"width\":1000,\"height\":668,\"caption\":\"autobus\"},{\"@type\":\"BreadcrumbList\",\"@id\":\"https:\\\/\\\/www.laguiadepamplona.com\\\/actualidad\\\/los-autobuses-fletados-por-renfe-que-uniran-pamplona-y-tafalla-del-22-de-agosto-al-2-de-septiembre-conectaran-las-estaciones-de-tren-de-ambas-localidades\\\/#breadcrumb\",\"itemListElement\":[{\"@type\":\"ListItem\",\"position\":1,\"name\":\"Portada\",\"item\":\"https:\\\/\\\/www.laguiadepamplona.com\\\/actualidad\\\/\"},{\"@type\":\"ListItem\",\"position\":2,\"name\":\"Los autobuses fletados por RENFE que unir\u00e1n Pamplona y Tafalla del 22 de agosto al 2 de septiembre conectar\u00e1n las estaciones de tren de ambas localidades\"}]},{\"@type\":\"WebSite\",\"@id\":\"https:\\\/\\\/www.laguiadepamplona.com\\\/actualidad\\\/#website\",\"url\":\"https:\\\/\\\/www.laguiadepamplona.com\\\/actualidad\\\/\",\"name\":\"La gu\u00eda de Pamplona\",\"description\":\"Noticias de Pamplona\",\"publisher\":{\"@id\":\"https:\\\/\\\/www.laguiadepamplona.com\\\/actualidad\\\/#organization\"},\"potentialAction\":[{\"@type\":\"SearchAction\",\"target\":{\"@type\":\"EntryPoint\",\"urlTemplate\":\"https:\\\/\\\/www.laguiadepamplona.com\\\/actualidad\\\/?s={search_term_string}\"},\"query-input\":{\"@type\":\"PropertyValueSpecification\",\"valueRequired\":true,\"valueName\":\"search_term_string\"}}],\"inLanguage\":\"es\"},{\"@type\":\"Organization\",\"@id\":\"https:\\\/\\\/www.laguiadepamplona.com\\\/actualidad\\\/#organization\",\"name\":\"La Gu\u00eda de Pamplona \\\/ Noticias\",\"url\":\"https:\\\/\\\/www.laguiadepamplona.com\\\/actualidad\\\/\",\"logo\":{\"@type\":\"ImageObject\",\"inLanguage\":\"es\",\"@id\":\"https:\\\/\\\/www.laguiadepamplona.com\\\/actualidad\\\/#\\\/schema\\\/logo\\\/image\\\/\",\"url\":\"https:\\\/\\\/www.laguiadepamplona.com\\\/actualidad\\\/wp-content\\\/uploads\\\/2018\\\/11\\\/logo-laguiadepamplona18-web1.png\",\"contentUrl\":\"https:\\\/\\\/www.laguiadepamplona.com\\\/actualidad\\\/wp-content\\\/uploads\\\/2018\\\/11\\\/logo-laguiadepamplona18-web1.png\",\"width\":600,\"height\":196,\"caption\":\"La Gu\u00eda de Pamplona \\\/ Noticias\"},\"image\":{\"@id\":\"https:\\\/\\\/www.laguiadepamplona.com\\\/actualidad\\\/#\\\/schema\\\/logo\\\/image\\\/\"},\"sameAs\":[\"https:\\\/\\\/www.facebook.com\\\/laguiadepamplonacom-133175176762273\\\/?ref=hl\",\"https:\\\/\\\/x.com\\\/LaGuiadPamplona\",\"https:\\\/\\\/www.instagram.com\\\/la_guia_de_pamplona\\\/\",\"https:\\\/\\\/www.youtube.com\\\/user\\\/laguiadepamplona\"]},{\"@type\":\"Person\",\"@id\":\"https:\\\/\\\/www.laguiadepamplona.com\\\/actualidad\\\/#\\\/schema\\\/person\\\/efe887376f0213d4657c93adc50b1fdb\",\"name\":\"La Gu\u00eda de Pamplona\",\"image\":{\"@type\":\"ImageObject\",\"inLanguage\":\"es\",\"@id\":\"https:\\\/\\\/secure.gravatar.com\\\/avatar\\\/b6992f131dc8d30ab0dff15446e9d346d9dbd95992de0fef795073f5ea83a81c?s=96&d=mm&r=g\",\"url\":\"https:\\\/\\\/secure.gravatar.com\\\/avatar\\\/b6992f131dc8d30ab0dff15446e9d346d9dbd95992de0fef795073f5ea83a81c?s=96&d=mm&r=g\",\"contentUrl\":\"https:\\\/\\\/secure.gravatar.com\\\/avatar\\\/b6992f131dc8d30ab0dff15446e9d346d9dbd95992de0fef795073f5ea83a81c?s=96&d=mm&r=g\",\"caption\":\"La Gu\u00eda de Pamplona\"}}]}<\/script>\n<!-- \/ Yoast SEO plugin. -->","yoast_head_json":{"title":"Los autobuses fletados por RENFE que unir\u00e1n Pamplona y Tafalla del 22 de agosto al 2 de septiembre conectar\u00e1n las estaciones de tren de ambas localidades","description":"En esos d\u00edas, se suspende el servicio ferroviario entre Pamplona y Tafalla para ejecutar obras en un puente entre Bara\u00f1\u00e1in y Arazuri","robots":{"index":"index","follow":"follow","max-snippet":"max-snippet:-1","max-image-preview":"max-image-preview:large","max-video-preview":"max-video-preview:-1"},"canonical":"https:\/\/www.laguiadepamplona.com\/actualidad\/los-autobuses-fletados-por-renfe-que-uniran-pamplona-y-tafalla-del-22-de-agosto-al-2-de-septiembre-conectaran-las-estaciones-de-tren-de-ambas-localidades\/","og_locale":"es_ES","og_type":"article","og_title":"Los autobuses fletados por RENFE que unir\u00e1n Pamplona y Tafalla del 22 de agosto al 2 de septiembre conectar\u00e1n las estaciones de tren de ambas localidades","og_description":"En esos d\u00edas, se suspende el servicio ferroviario entre Pamplona y Tafalla para ejecutar obras en un puente entre Bara\u00f1\u00e1in y Arazuri","og_url":"https:\/\/www.laguiadepamplona.com\/actualidad\/los-autobuses-fletados-por-renfe-que-uniran-pamplona-y-tafalla-del-22-de-agosto-al-2-de-septiembre-conectaran-las-estaciones-de-tren-de-ambas-localidades\/","og_site_name":"La Gu\u00eda de Pamplona","article_publisher":"https:\/\/www.facebook.com\/laguiadepamplonacom-133175176762273\/?ref=hl","article_published_time":"2024-08-20T16:13:27+00:00","og_image":[{"width":1000,"height":668,"url":"https:\/\/www.laguiadepamplona.com\/actualidad\/wp-content\/uploads\/2024\/08\/bus.webp","type":"image\/webp"}],"author":"La Gu\u00eda de Pamplona","twitter_card":"summary_large_image","twitter_creator":"@LaGuiadPamplona","twitter_site":"@LaGuiadPamplona","twitter_misc":{"Escrito por":"La Gu\u00eda de Pamplona","Tiempo de lectura":"2 minutos"},"schema":{"@context":"https:\/\/schema.org","@graph":[{"@type":"Article","@id":"https:\/\/www.laguiadepamplona.com\/actualidad\/los-autobuses-fletados-por-renfe-que-uniran-pamplona-y-tafalla-del-22-de-agosto-al-2-de-septiembre-conectaran-las-estaciones-de-tren-de-ambas-localidades\/#article","isPartOf":{"@id":"https:\/\/www.laguiadepamplona.com\/actualidad\/los-autobuses-fletados-por-renfe-que-uniran-pamplona-y-tafalla-del-22-de-agosto-al-2-de-septiembre-conectaran-las-estaciones-de-tren-de-ambas-localidades\/"},"author":{"name":"La Gu\u00eda de Pamplona","@id":"https:\/\/www.laguiadepamplona.com\/actualidad\/#\/schema\/person\/efe887376f0213d4657c93adc50b1fdb"},"headline":"Los autobuses fletados por RENFE que unir\u00e1n Pamplona y Tafalla del 22 de agosto al 2 de septiembre conectar\u00e1n las estaciones de tren de ambas localidades","datePublished":"2024-08-20T16:13:27+00:00","mainEntityOfPage":{"@id":"https:\/\/www.laguiadepamplona.com\/actualidad\/los-autobuses-fletados-por-renfe-que-uniran-pamplona-y-tafalla-del-22-de-agosto-al-2-de-septiembre-conectaran-las-estaciones-de-tren-de-ambas-localidades\/"},"wordCount":338,"commentCount":0,"publisher":{"@id":"https:\/\/www.laguiadepamplona.com\/actualidad\/#organization"},"image":{"@id":"https:\/\/www.laguiadepamplona.com\/actualidad\/los-autobuses-fletados-por-renfe-que-uniran-pamplona-y-tafalla-del-22-de-agosto-al-2-de-septiembre-conectaran-las-estaciones-de-tren-de-ambas-localidades\/#primaryimage"},"thumbnailUrl":"https:\/\/www.laguiadepamplona.com\/actualidad\/wp-content\/uploads\/2024\/08\/bus.webp","articleSection":["Ayto Pamplona"],"inLanguage":"es","potentialAction":[{"@type":"CommentAction","name":"Comment","target":["https:\/\/www.laguiadepamplona.com\/actualidad\/los-autobuses-fletados-por-renfe-que-uniran-pamplona-y-tafalla-del-22-de-agosto-al-2-de-septiembre-conectaran-las-estaciones-de-tren-de-ambas-localidades\/#respond"]}]},{"@type":"WebPage","@id":"https:\/\/www.laguiadepamplona.com\/actualidad\/los-autobuses-fletados-por-renfe-que-uniran-pamplona-y-tafalla-del-22-de-agosto-al-2-de-septiembre-conectaran-las-estaciones-de-tren-de-ambas-localidades\/","url":"https:\/\/www.laguiadepamplona.com\/actualidad\/los-autobuses-fletados-por-renfe-que-uniran-pamplona-y-tafalla-del-22-de-agosto-al-2-de-septiembre-conectaran-las-estaciones-de-tren-de-ambas-localidades\/","name":"Los autobuses fletados por RENFE que unir\u00e1n Pamplona y Tafalla del 22 de agosto al 2 de septiembre conectar\u00e1n las estaciones de tren de ambas localidades","isPartOf":{"@id":"https:\/\/www.laguiadepamplona.com\/actualidad\/#website"},"primaryImageOfPage":{"@id":"https:\/\/www.laguiadepamplona.com\/actualidad\/los-autobuses-fletados-por-renfe-que-uniran-pamplona-y-tafalla-del-22-de-agosto-al-2-de-septiembre-conectaran-las-estaciones-de-tren-de-ambas-localidades\/#primaryimage"},"image":{"@id":"https:\/\/www.laguiadepamplona.com\/actualidad\/los-autobuses-fletados-por-renfe-que-uniran-pamplona-y-tafalla-del-22-de-agosto-al-2-de-septiembre-conectaran-las-estaciones-de-tren-de-ambas-localidades\/#primaryimage"},"thumbnailUrl":"https:\/\/www.laguiadepamplona.com\/actualidad\/wp-content\/uploads\/2024\/08\/bus.webp","datePublished":"2024-08-20T16:13:27+00:00","description":"En esos d\u00edas, se suspende el servicio ferroviario entre Pamplona y Tafalla para ejecutar obras en un puente entre Bara\u00f1\u00e1in y Arazuri","breadcrumb":{"@id":"https:\/\/www.laguiadepamplona.com\/actualidad\/los-autobuses-fletados-por-renfe-que-uniran-pamplona-y-tafalla-del-22-de-agosto-al-2-de-septiembre-conectaran-las-estaciones-de-tren-de-ambas-localidades\/#breadcrumb"},"inLanguage":"es","potentialAction":[{"@type":"ReadAction","target":["https:\/\/www.laguiadepamplona.com\/actualidad\/los-autobuses-fletados-por-renfe-que-uniran-pamplona-y-tafalla-del-22-de-agosto-al-2-de-septiembre-conectaran-las-estaciones-de-tren-de-ambas-localidades\/"]}]},{"@type":"ImageObject","inLanguage":"es","@id":"https:\/\/www.laguiadepamplona.com\/actualidad\/los-autobuses-fletados-por-renfe-que-uniran-pamplona-y-tafalla-del-22-de-agosto-al-2-de-septiembre-conectaran-las-estaciones-de-tren-de-ambas-localidades\/#primaryimage","url":"https:\/\/www.laguiadepamplona.com\/actualidad\/wp-content\/uploads\/2024\/08\/bus.webp","contentUrl":"https:\/\/www.laguiadepamplona.com\/actualidad\/wp-content\/uploads\/2024\/08\/bus.webp","width":1000,"height":668,"caption":"autobus"},{"@type":"BreadcrumbList","@id":"https:\/\/www.laguiadepamplona.com\/actualidad\/los-autobuses-fletados-por-renfe-que-uniran-pamplona-y-tafalla-del-22-de-agosto-al-2-de-septiembre-conectaran-las-estaciones-de-tren-de-ambas-localidades\/#breadcrumb","itemListElement":[{"@type":"ListItem","position":1,"name":"Portada","item":"https:\/\/www.laguiadepamplona.com\/actualidad\/"},{"@type":"ListItem","position":2,"name":"Los autobuses fletados por RENFE que unir\u00e1n Pamplona y Tafalla del 22 de agosto al 2 de septiembre conectar\u00e1n las estaciones de tren de ambas localidades"}]},{"@type":"WebSite","@id":"https:\/\/www.laguiadepamplona.com\/actualidad\/#website","url":"https:\/\/www.laguiadepamplona.com\/actualidad\/","name":"La gu\u00eda de Pamplona","description":"Noticias de Pamplona","publisher":{"@id":"https:\/\/www.laguiadepamplona.com\/actualidad\/#organization"},"potentialAction":[{"@type":"SearchAction","target":{"@type":"EntryPoint","urlTemplate":"https:\/\/www.laguiadepamplona.com\/actualidad\/?s={search_term_string}"},"query-input":{"@type":"PropertyValueSpecification","valueRequired":true,"valueName":"search_term_string"}}],"inLanguage":"es"},{"@type":"Organization","@id":"https:\/\/www.laguiadepamplona.com\/actualidad\/#organization","name":"La Gu\u00eda de Pamplona \/ Noticias","url":"https:\/\/www.laguiadepamplona.com\/actualidad\/","logo":{"@type":"ImageObject","inLanguage":"es","@id":"https:\/\/www.laguiadepamplona.com\/actualidad\/#\/schema\/logo\/image\/","url":"https:\/\/www.laguiadepamplona.com\/actualidad\/wp-content\/uploads\/2018\/11\/logo-laguiadepamplona18-web1.png","contentUrl":"https:\/\/www.laguiadepamplona.com\/actualidad\/wp-content\/uploads\/2018\/11\/logo-laguiadepamplona18-web1.png","width":600,"height":196,"caption":"La Gu\u00eda de Pamplona \/ Noticias"},"image":{"@id":"https:\/\/www.laguiadepamplona.com\/actualidad\/#\/schema\/logo\/image\/"},"sameAs":["https:\/\/www.facebook.com\/laguiadepamplonacom-133175176762273\/?ref=hl","https:\/\/x.com\/LaGuiadPamplona","https:\/\/www.instagram.com\/la_guia_de_pamplona\/","https:\/\/www.youtube.com\/user\/laguiadepamplona"]},{"@type":"Person","@id":"https:\/\/www.laguiadepamplona.com\/actualidad\/#\/schema\/person\/efe887376f0213d4657c93adc50b1fdb","name":"La Gu\u00eda de Pamplona","image":{"@type":"ImageObject","inLanguage":"es","@id":"https:\/\/secure.gravatar.com\/avatar\/b6992f131dc8d30ab0dff15446e9d346d9dbd95992de0fef795073f5ea83a81c?s=96&d=mm&r=g","url":"https:\/\/secure.gravatar.com\/avatar\/b6992f131dc8d30ab0dff15446e9d346d9dbd95992de0fef795073f5ea83a81c?s=96&d=mm&r=g","contentUrl":"https:\/\/secure.gravatar.com\/avatar\/b6992f131dc8d30ab0dff15446e9d346d9dbd95992de0fef795073f5ea83a81c?s=96&d=mm&r=g","caption":"La Gu\u00eda de Pamplona"}}]}},"post_mailing_queue_ids":[],"_links":{"self":[{"href":"https:\/\/www.laguiadepamplona.com\/actualidad\/wp-json\/wp\/v2\/posts\/50550","targetHints":{"allow":["GET"]}}],"collection":[{"href":"https:\/\/www.laguiadepamplona.com\/actualidad\/wp-json\/wp\/v2\/posts"}],"about":[{"href":"https:\/\/www.laguiadepamplona.com\/actualidad\/wp-json\/wp\/v2\/types\/post"}],"author":[{"embeddable":true,"href":"https:\/\/www.laguiadepamplona.com\/actualidad\/wp-json\/wp\/v2\/users\/1"}],"replies":[{"embeddable":true,"href":"https:\/\/www.laguiadepamplona.com\/actualidad\/wp-json\/wp\/v2\/comments?post=50550"}],"version-history":[{"count":1,"href":"https:\/\/www.laguiadepamplona.com\/actualidad\/wp-json\/wp\/v2\/posts\/50550\/revisions"}],"predecessor-version":[{"id":50552,"href":"https:\/\/www.laguiadepamplona.com\/actualidad\/wp-json\/wp\/v2\/posts\/50550\/revisions\/50552"}],"wp:featuredmedia":[{"embeddable":true,"href":"https:\/\/www.laguiadepamplona.com\/actualidad\/wp-json\/wp\/v2\/media\/50551"}],"wp:attachment":[{"href":"https:\/\/www.laguiadepamplona.com\/actualidad\/wp-json\/wp\/v2\/media?parent=50550"}],"wp:term":[{"taxonomy":"category","embeddable":true,"href":"https:\/\/www.laguiadepamplona.com\/actualidad\/wp-json\/wp\/v2\/categories?post=50550"},{"taxonomy":"post_tag","embeddable":true,"href":"https:\/\/www.laguiadepamplona.com\/actualidad\/wp-json\/wp\/v2\/tags?post=50550"}],"curies":[{"name":"wp","href":"https:\/\/api.w.org\/{rel}","templated":true}]}}