{"id":50547,"date":"2024-08-20T18:12:02","date_gmt":"2024-08-20T16:12:02","guid":{"rendered":"https:\/\/www.laguiadepamplona.com\/actualidad\/?p=50547"},"modified":"2024-08-20T18:12:02","modified_gmt":"2024-08-20T16:12:02","slug":"el-escenario-del-bosquecillo-propone-este-miercoles-el-concierto-de-los-pamploneses-no-sanctuary-de-la-mano-de-krawill-dentro-del-ciclo-salas-de-musica-en-la-calle","status":"publish","type":"post","link":"https:\/\/www.laguiadepamplona.com\/actualidad\/el-escenario-del-bosquecillo-propone-este-miercoles-el-concierto-de-los-pamploneses-no-sanctuary-de-la-mano-de-krawill-dentro-del-ciclo-salas-de-musica-en-la-calle\/","title":{"rendered":"El escenario del Bosquecillo propone este mi\u00e9rcoles el concierto de los pamploneses No Sanctuary, de la mano de Krawill, dentro del ciclo \u2018Salas de M\u00fasica en la Calle\u2019"},"content":{"rendered":"<h2>La banda de crust metal combina protesta, ruido y devoci\u00f3n en creaciones que poseen un marcado estilo propio<\/h2>\n<p><!--more--><\/p>\n<p>El grupo pamplon\u00e9s No Sanctuary protagoniza este mi\u00e9rcoles el nuevo concierto del ciclo \u2018Salas de M\u00fasica en la Calle\u2019, en el escenario del Bosquecillo. A partir de las 20 horas, con entrada gratuita, la banda de crust metal en constante evoluci\u00f3n ofrecer\u00e1 temas de sus \u00faltimos trabajos, de la mano de la sala Krawill. El concierto es abierto para todos los p\u00fablicos.<\/p>\n<p>La banda pamplonesa cumple 10 a\u00f1os en activo en los entornos de la m\u00fasica de naturaleza oscura. Dentro de sus referencias musicales aparecen nombres como Rudimentary Peni, Killing Joke, Saint Vitus o Amebix. Desde estas influencias, han conseguido desarrollar una sonoridad muy particular y directamente personal. Siempre se han hecho comentarios muy variados de su sonido en g\u00e9neros como\u00a0post-punk, doom metal o m\u00fasica industrial, entre sus calificativos. Y nombres tan sorprendentes como Julian Cope o la banda Akauzazte. Todas estas referencias dan una idea de que es una banda con amplio rango dentro de las formaciones de guitarra.<\/p>\n<p>Con su EP de debut en 2015 y, sobre todo, con su LP \u2018Weird Slow Pvnk of Mystery and Imagination\u2019, en 2019, dejan clara su apuesta con temas que abarcan desde John Carpenter hasta el pasado industrial vizca\u00edno, y que contin\u00faan con \u2018Bury Me in the Cave I Dreamt Of\u2019 y \u2018Balance Oratory\u2019, donde experimentan con distintos sonidos. La banda ha ofrecido m\u00e1s de 50 conciertos, incluyendo dos giras que les han llevado desde Madrid, Barcelona y Portugalete hasta Budapest y Brno pasando por Francia, Italia, Eslovenia, Croacia y Serbia.<\/p>\n<p><strong>Nuevo disco<\/strong><\/p>\n<p>En el concierto de este mi\u00e9rcoles, presentar\u00e1n su cuarto trabajo \u2018Metaf\u00edsica Popular Port\u00e1til\u2019, que ya han disfrutado en directo por todo el pa\u00eds y por lugares como\u00a0Zagreb (Croacia), Ljubljana (Eslovenia) o Novi Sad (Serbia).\u00a0Un disco que, a pesar de lo aparentemente oscuro, transmite que \u00abya sea paseando por el puerto, un bosque o las calles de tu ciudad, puedes sentir que hay algo de belleza en el mundo\u00a0al final de d\u00eda\u00bb.\u00a0Desde el inicio de \u2018Godstar\u2019, particular homenaje en forma de versi\u00f3n a ese nodo de culto que fue Psychic TV, hasta los samples que cierran \u2018C\u00e9nit \/\/ Defensa Interior\u2019, canci\u00f3n con ecos de folk y monta\u00f1a, \u2018Metaf\u00edsica\u2019 es un pasaporte a los interiores bellos y tensos de este grupo, ahora volcados sobre el mundo de nuevos modos y maneras.<\/p>\n<p>Todo ello sin olvidar sus coordenadas personales: si \u2018Central Zero\u2019 es su tema m\u00e1s puramente \u2018stenchcore\u2019 hasta la fecha, \u2018Ballad of Boots and Bats\u2019 es el ritmo de los primeros Killing Joke con la noche de cuero y sudor como tel\u00f3n de fondo, mientras que \u2018Acer\u00eda Compacta de Bizkaia\u2019 contin\u00faa la historia que comenzaron a narrar en la canci\u00f3n \u2018Altos Hornos de Vizcaya. Para saber m\u00e1s sobre el grupo se puede consultar su <a href=\"https:\/\/nosanctuaryband.bandcamp.com\/\" target=\"_blank\" rel=\"noopener\">p\u00e1gina web<\/a> y su cuenta de <a href=\"https:\/\/www.instagram.com\/nosanctuaryband\/\" target=\"_blank\" rel=\"noopener\">Instagram<\/a>.<\/p>\n<p>Esta nueva edici\u00f3n del programa \u2018<em>SMC: Salas de M\u00fasica en la Calle\u2019 se extiende por primera vez a otras localidades forales, como Tudela, Roncal o Elizondo, de la mano de la <\/em>Navarra Music Commission. El ciclo est\u00e1 dirigido a todo tipo de p\u00fablico ya que los estilos de los grupos son variados, con punk-rock, dreampop-indie, hermetick punk, indie-rock o rock &amp; roll.<\/p>\n<p>&nbsp;<\/p>\n<h3>Salas de M\u00fasica en la Calle. Programaci\u00f3n Bosquecillo<\/h3>\n<ul>\n<li><strong>En Pamplona. Calle Bosquecillo, a las 20 horas:<\/strong>\n<ul>\n<li>Mi\u00e9rcoles 21 de agosto. Concierto de \u2018No Sanctuary\u2019, de la mano de Krawill<\/li>\n<li>Mi\u00e9rcoles 4 de septiembre. Concierto de \u2018Mourn\u2019, de la mano de Txintxarri<\/li>\n<li>Mi\u00e9rcoles 11 de septiembre. Concierto de \u2018The Parrockos\u2019, de la mano de Toki Leza<\/li>\n<li>Mi\u00e9rcoles 18 de septiembre. Concierto de \u2018Ezpalak\u2019, de la mano de Canalla<\/li>\n<\/ul>\n<\/li>\n<\/ul>\n","protected":false},"excerpt":{"rendered":"<p>La banda de crust metal combina protesta, ruido y devoci\u00f3n en creaciones que poseen un marcado estilo propio<\/p>\n","protected":false},"author":1,"featured_media":50548,"comment_status":"open","ping_status":"closed","sticky":false,"template":"","format":"standard","meta":{"footnotes":""},"categories":[2],"tags":[],"class_list":["post-50547","post","type-post","status-publish","format-standard","has-post-thumbnail","hentry","category-ayuntamiento-pamplona"],"yoast_head":"<!-- This site is optimized with the Yoast SEO plugin v27.3 - https:\/\/yoast.com\/product\/yoast-seo-wordpress\/ -->\n<title>El escenario del Bosquecillo propone este mi\u00e9rcoles el concierto de los pamploneses No Sanctuary, de la mano de Krawill, dentro del ciclo \u2018Salas de M\u00fasica en la Calle\u2019<\/title>\n<meta name=\"description\" content=\"La banda de crust metal combina protesta, ruido y devoci\u00f3n en creaciones que poseen un marcado estilo propio\" \/>\n<meta name=\"robots\" content=\"index, follow, max-snippet:-1, max-image-preview:large, max-video-preview:-1\" \/>\n<link rel=\"canonical\" href=\"https:\/\/www.laguiadepamplona.com\/actualidad\/el-escenario-del-bosquecillo-propone-este-miercoles-el-concierto-de-los-pamploneses-no-sanctuary-de-la-mano-de-krawill-dentro-del-ciclo-salas-de-musica-en-la-calle\/\" \/>\n<meta property=\"og:locale\" content=\"es_ES\" \/>\n<meta property=\"og:type\" content=\"article\" \/>\n<meta property=\"og:title\" content=\"El escenario del Bosquecillo propone este mi\u00e9rcoles el concierto de los pamploneses No Sanctuary, de la mano de Krawill, dentro del ciclo \u2018Salas de M\u00fasica en la Calle\u2019\" \/>\n<meta property=\"og:description\" content=\"La banda de crust metal combina protesta, ruido y devoci\u00f3n en creaciones que poseen un marcado estilo propio\" \/>\n<meta property=\"og:url\" content=\"https:\/\/www.laguiadepamplona.com\/actualidad\/el-escenario-del-bosquecillo-propone-este-miercoles-el-concierto-de-los-pamploneses-no-sanctuary-de-la-mano-de-krawill-dentro-del-ciclo-salas-de-musica-en-la-calle\/\" \/>\n<meta property=\"og:site_name\" content=\"La Gu\u00eda de Pamplona\" \/>\n<meta property=\"article:publisher\" content=\"https:\/\/www.facebook.com\/laguiadepamplonacom-133175176762273\/?ref=hl\" \/>\n<meta property=\"article:published_time\" content=\"2024-08-20T16:12:02+00:00\" \/>\n<meta property=\"og:image\" content=\"https:\/\/www.laguiadepamplona.com\/actualidad\/wp-content\/uploads\/2024\/08\/No-Sanctuary-by-Eider-Iturriaga.webp\" \/>\n\t<meta property=\"og:image:width\" content=\"880\" \/>\n\t<meta property=\"og:image:height\" content=\"495\" \/>\n\t<meta property=\"og:image:type\" content=\"image\/webp\" \/>\n<meta name=\"author\" content=\"La Gu\u00eda de Pamplona\" \/>\n<meta name=\"twitter:card\" content=\"summary_large_image\" \/>\n<meta name=\"twitter:creator\" content=\"@LaGuiadPamplona\" \/>\n<meta name=\"twitter:site\" content=\"@LaGuiadPamplona\" \/>\n<meta name=\"twitter:label1\" content=\"Escrito por\" \/>\n\t<meta name=\"twitter:data1\" content=\"La Gu\u00eda de Pamplona\" \/>\n\t<meta name=\"twitter:label2\" content=\"Tiempo de lectura\" \/>\n\t<meta name=\"twitter:data2\" content=\"3 minutos\" \/>\n<script type=\"application\/ld+json\" class=\"yoast-schema-graph\">{\"@context\":\"https:\\\/\\\/schema.org\",\"@graph\":[{\"@type\":\"Article\",\"@id\":\"https:\\\/\\\/www.laguiadepamplona.com\\\/actualidad\\\/el-escenario-del-bosquecillo-propone-este-miercoles-el-concierto-de-los-pamploneses-no-sanctuary-de-la-mano-de-krawill-dentro-del-ciclo-salas-de-musica-en-la-calle\\\/#article\",\"isPartOf\":{\"@id\":\"https:\\\/\\\/www.laguiadepamplona.com\\\/actualidad\\\/el-escenario-del-bosquecillo-propone-este-miercoles-el-concierto-de-los-pamploneses-no-sanctuary-de-la-mano-de-krawill-dentro-del-ciclo-salas-de-musica-en-la-calle\\\/\"},\"author\":{\"name\":\"La Gu\u00eda de Pamplona\",\"@id\":\"https:\\\/\\\/www.laguiadepamplona.com\\\/actualidad\\\/#\\\/schema\\\/person\\\/efe887376f0213d4657c93adc50b1fdb\"},\"headline\":\"El escenario del Bosquecillo propone este mi\u00e9rcoles el concierto de los pamploneses No Sanctuary, de la mano de Krawill, dentro del ciclo \u2018Salas de M\u00fasica en la Calle\u2019\",\"datePublished\":\"2024-08-20T16:12:02+00:00\",\"mainEntityOfPage\":{\"@id\":\"https:\\\/\\\/www.laguiadepamplona.com\\\/actualidad\\\/el-escenario-del-bosquecillo-propone-este-miercoles-el-concierto-de-los-pamploneses-no-sanctuary-de-la-mano-de-krawill-dentro-del-ciclo-salas-de-musica-en-la-calle\\\/\"},\"wordCount\":673,\"commentCount\":0,\"publisher\":{\"@id\":\"https:\\\/\\\/www.laguiadepamplona.com\\\/actualidad\\\/#organization\"},\"image\":{\"@id\":\"https:\\\/\\\/www.laguiadepamplona.com\\\/actualidad\\\/el-escenario-del-bosquecillo-propone-este-miercoles-el-concierto-de-los-pamploneses-no-sanctuary-de-la-mano-de-krawill-dentro-del-ciclo-salas-de-musica-en-la-calle\\\/#primaryimage\"},\"thumbnailUrl\":\"https:\\\/\\\/www.laguiadepamplona.com\\\/actualidad\\\/wp-content\\\/uploads\\\/2024\\\/08\\\/No-Sanctuary-by-Eider-Iturriaga.webp\",\"articleSection\":[\"Ayto Pamplona\"],\"inLanguage\":\"es\",\"potentialAction\":[{\"@type\":\"CommentAction\",\"name\":\"Comment\",\"target\":[\"https:\\\/\\\/www.laguiadepamplona.com\\\/actualidad\\\/el-escenario-del-bosquecillo-propone-este-miercoles-el-concierto-de-los-pamploneses-no-sanctuary-de-la-mano-de-krawill-dentro-del-ciclo-salas-de-musica-en-la-calle\\\/#respond\"]}]},{\"@type\":\"WebPage\",\"@id\":\"https:\\\/\\\/www.laguiadepamplona.com\\\/actualidad\\\/el-escenario-del-bosquecillo-propone-este-miercoles-el-concierto-de-los-pamploneses-no-sanctuary-de-la-mano-de-krawill-dentro-del-ciclo-salas-de-musica-en-la-calle\\\/\",\"url\":\"https:\\\/\\\/www.laguiadepamplona.com\\\/actualidad\\\/el-escenario-del-bosquecillo-propone-este-miercoles-el-concierto-de-los-pamploneses-no-sanctuary-de-la-mano-de-krawill-dentro-del-ciclo-salas-de-musica-en-la-calle\\\/\",\"name\":\"El escenario del Bosquecillo propone este mi\u00e9rcoles el concierto de los pamploneses No Sanctuary, de la mano de Krawill, dentro del ciclo \u2018Salas de M\u00fasica en la Calle\u2019\",\"isPartOf\":{\"@id\":\"https:\\\/\\\/www.laguiadepamplona.com\\\/actualidad\\\/#website\"},\"primaryImageOfPage\":{\"@id\":\"https:\\\/\\\/www.laguiadepamplona.com\\\/actualidad\\\/el-escenario-del-bosquecillo-propone-este-miercoles-el-concierto-de-los-pamploneses-no-sanctuary-de-la-mano-de-krawill-dentro-del-ciclo-salas-de-musica-en-la-calle\\\/#primaryimage\"},\"image\":{\"@id\":\"https:\\\/\\\/www.laguiadepamplona.com\\\/actualidad\\\/el-escenario-del-bosquecillo-propone-este-miercoles-el-concierto-de-los-pamploneses-no-sanctuary-de-la-mano-de-krawill-dentro-del-ciclo-salas-de-musica-en-la-calle\\\/#primaryimage\"},\"thumbnailUrl\":\"https:\\\/\\\/www.laguiadepamplona.com\\\/actualidad\\\/wp-content\\\/uploads\\\/2024\\\/08\\\/No-Sanctuary-by-Eider-Iturriaga.webp\",\"datePublished\":\"2024-08-20T16:12:02+00:00\",\"description\":\"La banda de crust metal combina protesta, ruido y devoci\u00f3n en creaciones que poseen un marcado estilo propio\",\"breadcrumb\":{\"@id\":\"https:\\\/\\\/www.laguiadepamplona.com\\\/actualidad\\\/el-escenario-del-bosquecillo-propone-este-miercoles-el-concierto-de-los-pamploneses-no-sanctuary-de-la-mano-de-krawill-dentro-del-ciclo-salas-de-musica-en-la-calle\\\/#breadcrumb\"},\"inLanguage\":\"es\",\"potentialAction\":[{\"@type\":\"ReadAction\",\"target\":[\"https:\\\/\\\/www.laguiadepamplona.com\\\/actualidad\\\/el-escenario-del-bosquecillo-propone-este-miercoles-el-concierto-de-los-pamploneses-no-sanctuary-de-la-mano-de-krawill-dentro-del-ciclo-salas-de-musica-en-la-calle\\\/\"]}]},{\"@type\":\"ImageObject\",\"inLanguage\":\"es\",\"@id\":\"https:\\\/\\\/www.laguiadepamplona.com\\\/actualidad\\\/el-escenario-del-bosquecillo-propone-este-miercoles-el-concierto-de-los-pamploneses-no-sanctuary-de-la-mano-de-krawill-dentro-del-ciclo-salas-de-musica-en-la-calle\\\/#primaryimage\",\"url\":\"https:\\\/\\\/www.laguiadepamplona.com\\\/actualidad\\\/wp-content\\\/uploads\\\/2024\\\/08\\\/No-Sanctuary-by-Eider-Iturriaga.webp\",\"contentUrl\":\"https:\\\/\\\/www.laguiadepamplona.com\\\/actualidad\\\/wp-content\\\/uploads\\\/2024\\\/08\\\/No-Sanctuary-by-Eider-Iturriaga.webp\",\"width\":880,\"height\":495,\"caption\":\"No Sanctuary\"},{\"@type\":\"BreadcrumbList\",\"@id\":\"https:\\\/\\\/www.laguiadepamplona.com\\\/actualidad\\\/el-escenario-del-bosquecillo-propone-este-miercoles-el-concierto-de-los-pamploneses-no-sanctuary-de-la-mano-de-krawill-dentro-del-ciclo-salas-de-musica-en-la-calle\\\/#breadcrumb\",\"itemListElement\":[{\"@type\":\"ListItem\",\"position\":1,\"name\":\"Portada\",\"item\":\"https:\\\/\\\/www.laguiadepamplona.com\\\/actualidad\\\/\"},{\"@type\":\"ListItem\",\"position\":2,\"name\":\"El escenario del Bosquecillo propone este mi\u00e9rcoles el concierto de los pamploneses No Sanctuary, de la mano de Krawill, dentro del ciclo \u2018Salas de M\u00fasica en la Calle\u2019\"}]},{\"@type\":\"WebSite\",\"@id\":\"https:\\\/\\\/www.laguiadepamplona.com\\\/actualidad\\\/#website\",\"url\":\"https:\\\/\\\/www.laguiadepamplona.com\\\/actualidad\\\/\",\"name\":\"La gu\u00eda de Pamplona\",\"description\":\"Noticias de Pamplona\",\"publisher\":{\"@id\":\"https:\\\/\\\/www.laguiadepamplona.com\\\/actualidad\\\/#organization\"},\"potentialAction\":[{\"@type\":\"SearchAction\",\"target\":{\"@type\":\"EntryPoint\",\"urlTemplate\":\"https:\\\/\\\/www.laguiadepamplona.com\\\/actualidad\\\/?s={search_term_string}\"},\"query-input\":{\"@type\":\"PropertyValueSpecification\",\"valueRequired\":true,\"valueName\":\"search_term_string\"}}],\"inLanguage\":\"es\"},{\"@type\":\"Organization\",\"@id\":\"https:\\\/\\\/www.laguiadepamplona.com\\\/actualidad\\\/#organization\",\"name\":\"La Gu\u00eda de Pamplona \\\/ Noticias\",\"url\":\"https:\\\/\\\/www.laguiadepamplona.com\\\/actualidad\\\/\",\"logo\":{\"@type\":\"ImageObject\",\"inLanguage\":\"es\",\"@id\":\"https:\\\/\\\/www.laguiadepamplona.com\\\/actualidad\\\/#\\\/schema\\\/logo\\\/image\\\/\",\"url\":\"https:\\\/\\\/www.laguiadepamplona.com\\\/actualidad\\\/wp-content\\\/uploads\\\/2018\\\/11\\\/logo-laguiadepamplona18-web1.png\",\"contentUrl\":\"https:\\\/\\\/www.laguiadepamplona.com\\\/actualidad\\\/wp-content\\\/uploads\\\/2018\\\/11\\\/logo-laguiadepamplona18-web1.png\",\"width\":600,\"height\":196,\"caption\":\"La Gu\u00eda de Pamplona \\\/ Noticias\"},\"image\":{\"@id\":\"https:\\\/\\\/www.laguiadepamplona.com\\\/actualidad\\\/#\\\/schema\\\/logo\\\/image\\\/\"},\"sameAs\":[\"https:\\\/\\\/www.facebook.com\\\/laguiadepamplonacom-133175176762273\\\/?ref=hl\",\"https:\\\/\\\/x.com\\\/LaGuiadPamplona\",\"https:\\\/\\\/www.instagram.com\\\/la_guia_de_pamplona\\\/\",\"https:\\\/\\\/www.youtube.com\\\/user\\\/laguiadepamplona\"]},{\"@type\":\"Person\",\"@id\":\"https:\\\/\\\/www.laguiadepamplona.com\\\/actualidad\\\/#\\\/schema\\\/person\\\/efe887376f0213d4657c93adc50b1fdb\",\"name\":\"La Gu\u00eda de Pamplona\",\"image\":{\"@type\":\"ImageObject\",\"inLanguage\":\"es\",\"@id\":\"https:\\\/\\\/secure.gravatar.com\\\/avatar\\\/b6992f131dc8d30ab0dff15446e9d346d9dbd95992de0fef795073f5ea83a81c?s=96&d=mm&r=g\",\"url\":\"https:\\\/\\\/secure.gravatar.com\\\/avatar\\\/b6992f131dc8d30ab0dff15446e9d346d9dbd95992de0fef795073f5ea83a81c?s=96&d=mm&r=g\",\"contentUrl\":\"https:\\\/\\\/secure.gravatar.com\\\/avatar\\\/b6992f131dc8d30ab0dff15446e9d346d9dbd95992de0fef795073f5ea83a81c?s=96&d=mm&r=g\",\"caption\":\"La Gu\u00eda de Pamplona\"}}]}<\/script>\n<!-- \/ Yoast SEO plugin. -->","yoast_head_json":{"title":"El escenario del Bosquecillo propone este mi\u00e9rcoles el concierto de los pamploneses No Sanctuary, de la mano de Krawill, dentro del ciclo \u2018Salas de M\u00fasica en la Calle\u2019","description":"La banda de crust metal combina protesta, ruido y devoci\u00f3n en creaciones que poseen un marcado estilo propio","robots":{"index":"index","follow":"follow","max-snippet":"max-snippet:-1","max-image-preview":"max-image-preview:large","max-video-preview":"max-video-preview:-1"},"canonical":"https:\/\/www.laguiadepamplona.com\/actualidad\/el-escenario-del-bosquecillo-propone-este-miercoles-el-concierto-de-los-pamploneses-no-sanctuary-de-la-mano-de-krawill-dentro-del-ciclo-salas-de-musica-en-la-calle\/","og_locale":"es_ES","og_type":"article","og_title":"El escenario del Bosquecillo propone este mi\u00e9rcoles el concierto de los pamploneses No Sanctuary, de la mano de Krawill, dentro del ciclo \u2018Salas de M\u00fasica en la Calle\u2019","og_description":"La banda de crust metal combina protesta, ruido y devoci\u00f3n en creaciones que poseen un marcado estilo propio","og_url":"https:\/\/www.laguiadepamplona.com\/actualidad\/el-escenario-del-bosquecillo-propone-este-miercoles-el-concierto-de-los-pamploneses-no-sanctuary-de-la-mano-de-krawill-dentro-del-ciclo-salas-de-musica-en-la-calle\/","og_site_name":"La Gu\u00eda de Pamplona","article_publisher":"https:\/\/www.facebook.com\/laguiadepamplonacom-133175176762273\/?ref=hl","article_published_time":"2024-08-20T16:12:02+00:00","og_image":[{"width":880,"height":495,"url":"https:\/\/www.laguiadepamplona.com\/actualidad\/wp-content\/uploads\/2024\/08\/No-Sanctuary-by-Eider-Iturriaga.webp","type":"image\/webp"}],"author":"La Gu\u00eda de Pamplona","twitter_card":"summary_large_image","twitter_creator":"@LaGuiadPamplona","twitter_site":"@LaGuiadPamplona","twitter_misc":{"Escrito por":"La Gu\u00eda de Pamplona","Tiempo de lectura":"3 minutos"},"schema":{"@context":"https:\/\/schema.org","@graph":[{"@type":"Article","@id":"https:\/\/www.laguiadepamplona.com\/actualidad\/el-escenario-del-bosquecillo-propone-este-miercoles-el-concierto-de-los-pamploneses-no-sanctuary-de-la-mano-de-krawill-dentro-del-ciclo-salas-de-musica-en-la-calle\/#article","isPartOf":{"@id":"https:\/\/www.laguiadepamplona.com\/actualidad\/el-escenario-del-bosquecillo-propone-este-miercoles-el-concierto-de-los-pamploneses-no-sanctuary-de-la-mano-de-krawill-dentro-del-ciclo-salas-de-musica-en-la-calle\/"},"author":{"name":"La Gu\u00eda de Pamplona","@id":"https:\/\/www.laguiadepamplona.com\/actualidad\/#\/schema\/person\/efe887376f0213d4657c93adc50b1fdb"},"headline":"El escenario del Bosquecillo propone este mi\u00e9rcoles el concierto de los pamploneses No Sanctuary, de la mano de Krawill, dentro del ciclo \u2018Salas de M\u00fasica en la Calle\u2019","datePublished":"2024-08-20T16:12:02+00:00","mainEntityOfPage":{"@id":"https:\/\/www.laguiadepamplona.com\/actualidad\/el-escenario-del-bosquecillo-propone-este-miercoles-el-concierto-de-los-pamploneses-no-sanctuary-de-la-mano-de-krawill-dentro-del-ciclo-salas-de-musica-en-la-calle\/"},"wordCount":673,"commentCount":0,"publisher":{"@id":"https:\/\/www.laguiadepamplona.com\/actualidad\/#organization"},"image":{"@id":"https:\/\/www.laguiadepamplona.com\/actualidad\/el-escenario-del-bosquecillo-propone-este-miercoles-el-concierto-de-los-pamploneses-no-sanctuary-de-la-mano-de-krawill-dentro-del-ciclo-salas-de-musica-en-la-calle\/#primaryimage"},"thumbnailUrl":"https:\/\/www.laguiadepamplona.com\/actualidad\/wp-content\/uploads\/2024\/08\/No-Sanctuary-by-Eider-Iturriaga.webp","articleSection":["Ayto Pamplona"],"inLanguage":"es","potentialAction":[{"@type":"CommentAction","name":"Comment","target":["https:\/\/www.laguiadepamplona.com\/actualidad\/el-escenario-del-bosquecillo-propone-este-miercoles-el-concierto-de-los-pamploneses-no-sanctuary-de-la-mano-de-krawill-dentro-del-ciclo-salas-de-musica-en-la-calle\/#respond"]}]},{"@type":"WebPage","@id":"https:\/\/www.laguiadepamplona.com\/actualidad\/el-escenario-del-bosquecillo-propone-este-miercoles-el-concierto-de-los-pamploneses-no-sanctuary-de-la-mano-de-krawill-dentro-del-ciclo-salas-de-musica-en-la-calle\/","url":"https:\/\/www.laguiadepamplona.com\/actualidad\/el-escenario-del-bosquecillo-propone-este-miercoles-el-concierto-de-los-pamploneses-no-sanctuary-de-la-mano-de-krawill-dentro-del-ciclo-salas-de-musica-en-la-calle\/","name":"El escenario del Bosquecillo propone este mi\u00e9rcoles el concierto de los pamploneses No Sanctuary, de la mano de Krawill, dentro del ciclo \u2018Salas de M\u00fasica en la Calle\u2019","isPartOf":{"@id":"https:\/\/www.laguiadepamplona.com\/actualidad\/#website"},"primaryImageOfPage":{"@id":"https:\/\/www.laguiadepamplona.com\/actualidad\/el-escenario-del-bosquecillo-propone-este-miercoles-el-concierto-de-los-pamploneses-no-sanctuary-de-la-mano-de-krawill-dentro-del-ciclo-salas-de-musica-en-la-calle\/#primaryimage"},"image":{"@id":"https:\/\/www.laguiadepamplona.com\/actualidad\/el-escenario-del-bosquecillo-propone-este-miercoles-el-concierto-de-los-pamploneses-no-sanctuary-de-la-mano-de-krawill-dentro-del-ciclo-salas-de-musica-en-la-calle\/#primaryimage"},"thumbnailUrl":"https:\/\/www.laguiadepamplona.com\/actualidad\/wp-content\/uploads\/2024\/08\/No-Sanctuary-by-Eider-Iturriaga.webp","datePublished":"2024-08-20T16:12:02+00:00","description":"La banda de crust metal combina protesta, ruido y devoci\u00f3n en creaciones que poseen un marcado estilo propio","breadcrumb":{"@id":"https:\/\/www.laguiadepamplona.com\/actualidad\/el-escenario-del-bosquecillo-propone-este-miercoles-el-concierto-de-los-pamploneses-no-sanctuary-de-la-mano-de-krawill-dentro-del-ciclo-salas-de-musica-en-la-calle\/#breadcrumb"},"inLanguage":"es","potentialAction":[{"@type":"ReadAction","target":["https:\/\/www.laguiadepamplona.com\/actualidad\/el-escenario-del-bosquecillo-propone-este-miercoles-el-concierto-de-los-pamploneses-no-sanctuary-de-la-mano-de-krawill-dentro-del-ciclo-salas-de-musica-en-la-calle\/"]}]},{"@type":"ImageObject","inLanguage":"es","@id":"https:\/\/www.laguiadepamplona.com\/actualidad\/el-escenario-del-bosquecillo-propone-este-miercoles-el-concierto-de-los-pamploneses-no-sanctuary-de-la-mano-de-krawill-dentro-del-ciclo-salas-de-musica-en-la-calle\/#primaryimage","url":"https:\/\/www.laguiadepamplona.com\/actualidad\/wp-content\/uploads\/2024\/08\/No-Sanctuary-by-Eider-Iturriaga.webp","contentUrl":"https:\/\/www.laguiadepamplona.com\/actualidad\/wp-content\/uploads\/2024\/08\/No-Sanctuary-by-Eider-Iturriaga.webp","width":880,"height":495,"caption":"No Sanctuary"},{"@type":"BreadcrumbList","@id":"https:\/\/www.laguiadepamplona.com\/actualidad\/el-escenario-del-bosquecillo-propone-este-miercoles-el-concierto-de-los-pamploneses-no-sanctuary-de-la-mano-de-krawill-dentro-del-ciclo-salas-de-musica-en-la-calle\/#breadcrumb","itemListElement":[{"@type":"ListItem","position":1,"name":"Portada","item":"https:\/\/www.laguiadepamplona.com\/actualidad\/"},{"@type":"ListItem","position":2,"name":"El escenario del Bosquecillo propone este mi\u00e9rcoles el concierto de los pamploneses No Sanctuary, de la mano de Krawill, dentro del ciclo \u2018Salas de M\u00fasica en la Calle\u2019"}]},{"@type":"WebSite","@id":"https:\/\/www.laguiadepamplona.com\/actualidad\/#website","url":"https:\/\/www.laguiadepamplona.com\/actualidad\/","name":"La gu\u00eda de Pamplona","description":"Noticias de Pamplona","publisher":{"@id":"https:\/\/www.laguiadepamplona.com\/actualidad\/#organization"},"potentialAction":[{"@type":"SearchAction","target":{"@type":"EntryPoint","urlTemplate":"https:\/\/www.laguiadepamplona.com\/actualidad\/?s={search_term_string}"},"query-input":{"@type":"PropertyValueSpecification","valueRequired":true,"valueName":"search_term_string"}}],"inLanguage":"es"},{"@type":"Organization","@id":"https:\/\/www.laguiadepamplona.com\/actualidad\/#organization","name":"La Gu\u00eda de Pamplona \/ Noticias","url":"https:\/\/www.laguiadepamplona.com\/actualidad\/","logo":{"@type":"ImageObject","inLanguage":"es","@id":"https:\/\/www.laguiadepamplona.com\/actualidad\/#\/schema\/logo\/image\/","url":"https:\/\/www.laguiadepamplona.com\/actualidad\/wp-content\/uploads\/2018\/11\/logo-laguiadepamplona18-web1.png","contentUrl":"https:\/\/www.laguiadepamplona.com\/actualidad\/wp-content\/uploads\/2018\/11\/logo-laguiadepamplona18-web1.png","width":600,"height":196,"caption":"La Gu\u00eda de Pamplona \/ Noticias"},"image":{"@id":"https:\/\/www.laguiadepamplona.com\/actualidad\/#\/schema\/logo\/image\/"},"sameAs":["https:\/\/www.facebook.com\/laguiadepamplonacom-133175176762273\/?ref=hl","https:\/\/x.com\/LaGuiadPamplona","https:\/\/www.instagram.com\/la_guia_de_pamplona\/","https:\/\/www.youtube.com\/user\/laguiadepamplona"]},{"@type":"Person","@id":"https:\/\/www.laguiadepamplona.com\/actualidad\/#\/schema\/person\/efe887376f0213d4657c93adc50b1fdb","name":"La Gu\u00eda de Pamplona","image":{"@type":"ImageObject","inLanguage":"es","@id":"https:\/\/secure.gravatar.com\/avatar\/b6992f131dc8d30ab0dff15446e9d346d9dbd95992de0fef795073f5ea83a81c?s=96&d=mm&r=g","url":"https:\/\/secure.gravatar.com\/avatar\/b6992f131dc8d30ab0dff15446e9d346d9dbd95992de0fef795073f5ea83a81c?s=96&d=mm&r=g","contentUrl":"https:\/\/secure.gravatar.com\/avatar\/b6992f131dc8d30ab0dff15446e9d346d9dbd95992de0fef795073f5ea83a81c?s=96&d=mm&r=g","caption":"La Gu\u00eda de Pamplona"}}]}},"post_mailing_queue_ids":[],"_links":{"self":[{"href":"https:\/\/www.laguiadepamplona.com\/actualidad\/wp-json\/wp\/v2\/posts\/50547","targetHints":{"allow":["GET"]}}],"collection":[{"href":"https:\/\/www.laguiadepamplona.com\/actualidad\/wp-json\/wp\/v2\/posts"}],"about":[{"href":"https:\/\/www.laguiadepamplona.com\/actualidad\/wp-json\/wp\/v2\/types\/post"}],"author":[{"embeddable":true,"href":"https:\/\/www.laguiadepamplona.com\/actualidad\/wp-json\/wp\/v2\/users\/1"}],"replies":[{"embeddable":true,"href":"https:\/\/www.laguiadepamplona.com\/actualidad\/wp-json\/wp\/v2\/comments?post=50547"}],"version-history":[{"count":1,"href":"https:\/\/www.laguiadepamplona.com\/actualidad\/wp-json\/wp\/v2\/posts\/50547\/revisions"}],"predecessor-version":[{"id":50549,"href":"https:\/\/www.laguiadepamplona.com\/actualidad\/wp-json\/wp\/v2\/posts\/50547\/revisions\/50549"}],"wp:featuredmedia":[{"embeddable":true,"href":"https:\/\/www.laguiadepamplona.com\/actualidad\/wp-json\/wp\/v2\/media\/50548"}],"wp:attachment":[{"href":"https:\/\/www.laguiadepamplona.com\/actualidad\/wp-json\/wp\/v2\/media?parent=50547"}],"wp:term":[{"taxonomy":"category","embeddable":true,"href":"https:\/\/www.laguiadepamplona.com\/actualidad\/wp-json\/wp\/v2\/categories?post=50547"},{"taxonomy":"post_tag","embeddable":true,"href":"https:\/\/www.laguiadepamplona.com\/actualidad\/wp-json\/wp\/v2\/tags?post=50547"}],"curies":[{"name":"wp","href":"https:\/\/api.w.org\/{rel}","templated":true}]}}