{"id":50542,"date":"2024-08-20T18:08:43","date_gmt":"2024-08-20T16:08:43","guid":{"rendered":"https:\/\/www.laguiadepamplona.com\/actualidad\/?p=50542"},"modified":"2024-08-20T18:08:43","modified_gmt":"2024-08-20T16:08:43","slug":"sabados-de-septiembre-en-bicicleta-con-la-red-civivox-para-conocer-las-fuentes-historicas-de-la-ciudad-lugares-de-memoria-o-las-esculturas-de-juan-ramon-anda","status":"publish","type":"post","link":"https:\/\/www.laguiadepamplona.com\/actualidad\/sabados-de-septiembre-en-bicicleta-con-la-red-civivox-para-conocer-las-fuentes-historicas-de-la-ciudad-lugares-de-memoria-o-las-esculturas-de-juan-ramon-anda\/","title":{"rendered":"S\u00e1bados de septiembre en bicicleta con la red Civivox para conocer las fuentes hist\u00f3ricas de la ciudad, lugares de memoria o las esculturas de Juan Ram\u00f3n Anda"},"content":{"rendered":"<h2>Los cuatro s\u00e1bados de septiembre se llevar\u00e1n a cabo cuatro paseos, para los que la inscripci\u00f3n gratuita est\u00e1 ya abierta en la red Civivox<\/h2>\n<p><!--more--><\/p>\n<p>Este martes se han abierto las inscripciones para los cuatro paseos en bicicleta que la red Civivox propone los s\u00e1bados de septiembre para descubrir el arte urbano y el patrimonio de Pamplona. Las visitas se centrar\u00e1n en las fuentes hist\u00f3ricas de Pamplona, en los lugares de memoria y desmemoria de la ciudad y en la escultura de Juan Ram\u00f3n Anda. Son cuatro paseos gratuitos, que requieren inscripci\u00f3n previa a trav\u00e9s del tel\u00e9fono 010, en los centros Civivox o en <a href=\"http:\/\/www.pamplonaescultura.es\" target=\"_blank\" rel=\"noopener\">www.pamplonaescultura.es<\/a>.<\/p>\n<p>Los paseos tendr\u00e1n lugar por la ma\u00f1ana durante dos horas, entre las 11 y las 13 horas. Los recorridos estar\u00e1n guiados por Ricardo Laspidea y partir\u00e1n, como punto de encuentro, desde el Rinc\u00f3n de la Aduana. Las personas que se inscriban para cada una de estas visitas deber\u00e1n llevar su propia bicicleta o bien alquilar una bicicleta el\u00e9ctrica de las que est\u00e1n a disposici\u00f3n de la ciudadan\u00eda en las diferentes bases repartidas por la ciudad. Ese alquiler de bicicleta el\u00e9ctrica no est\u00e1 incluido en la visita.<\/p>\n<p><strong>Fuentes con historia<\/strong><\/p>\n<p>Bajo el t\u00edtulo de \u2018El agua que baj\u00f3 de Subiza\u2019, la primera ruta, el 7 de septiembre, recorrer\u00e1 hito de la llegada del agua a Pamplona. Se visitar\u00e1n la fuente de la Mariblanca de la Taconera, la fuente de la plaza de las Recoletas, la fuente de Neptuno Ni\u00f1o de la plaza del Consejo, la fuente de la Navarrer\u00eda y la fuente de la Teja, esta \u00faltima, en el parque de las Pioneras en Lezkairu.<\/p>\n<p>Este viaje por la historia del agua y las fuentes de la ciudad se completar\u00e1 una semana despu\u00e9s, el 14 de septiembre con otros elementos llamativos del centro de Pamplona. Se conocer\u00e1n detalles de fuentes de inspiraci\u00f3n francesa como el surtidor de los jardines de la Taconera, la fuente de la calle Descalzos o la fuente de los Delfines de la plazuela de San Jos\u00e9. Por \u00faltimo, se visitar\u00e1 en la calle Dos de Mayo una fuente del le\u00f3n \u2018original\u2019.<\/p>\n<p><strong>Lugares de memoria y esculturas de Juan Ram\u00f3n Anda<\/strong><\/p>\n<p>El paseo del 21 de septiembre estar\u00e1 dedicado a la memoria y la desmemoria. Se transitar\u00e1 en bici por los adoquines de calles y plazas del Casco Antiguo y se recorrer\u00e1 el Ensanche para conocer el Memorial de los Centro de Detenci\u00f3n del franquismo ubicado entre la calle Aralar y el paseo Juan Moya Bernedo y tambi\u00e9n el conjunto arquitect\u00f3nico de Los Ca\u00eddos. La ruta finalizar\u00e1 en la Vuelta del Castillo, cerca de la puerta del Socorro, en la placa conmemorativa en memoria de las casi 300 personas fusiladas en la ciudad en 1936.<\/p>\n<p>El \u00faltimo recorrido, el 28 de septiembre, dar\u00e1 a conocer la obra del escultor navarro Jos\u00e9 Ram\u00f3n Anda. Se visitar\u00e1n las obras \u2018Polifemo\u2019 en la avenida de P\u00edo XII, \u2018Sin t\u00edtulo\u2019 en la plaza del Juez El\u00edo y \u2018Homenaje a Juan de Anchieta\u2019 en el parque de la Magdalena. Tras una breve etapa figurativa-expresiva centrada en el ser humano, el conocimiento de Oteiza le conduce hasta una escultura con formas geom\u00e9tricas elementales (el cubo, la esfera, el cilindro, el ovoide y la pir\u00e1mide, principalmente), bajo un planteamiento abstracto y conceptual.<\/p>\n<p>&nbsp;<\/p>\n<h3>Paseos en bici por el arte urbano y patrimonio de Pamplona<\/h3>\n<ul>\n<li>S\u00e1bado 7 de septiembre. El agua que baj\u00f3 de Subiza. Fuentes con historia I<\/li>\n<li>S\u00e1bado 14 de septiembre. <em>Les fontaines<\/em> de Pamplona. Fuentes con historia II<\/li>\n<li>S\u00e1bado 21 de septiembre. Memoria y desmemoria<\/li>\n<li>S\u00e1bado 28 de septiembre. J.R. Anda, estilo libre y libre de estilos<\/li>\n<\/ul>\n<p>&nbsp;<\/p>\n<ul>\n<li>Visitas guiadas por Ricardo Laspidea. De 11 a 13 horas, con punto de encuentro en el Rinc\u00f3n de la Aduana<\/li>\n<li>Visitas gratuitas con inscripci\u00f3n previa, a partir del 20 de agosto, en el tel\u00e9fono 010, la red Civivox y <a href=\"http:\/\/www.pamplonaescultura.es\" target=\"_blank\" rel=\"noopener\">www.pamplonaescultura.es<\/a>.<\/li>\n<li>Las personas inscritas deben traer su propia bicicleta o bien alquilar una bici el\u00e9ctrica del servicio del Ayuntamiento de Pamplona. El alquiler no est\u00e1 incluido en la visita<\/li>\n<\/ul>\n","protected":false},"excerpt":{"rendered":"<p>Los cuatro s\u00e1bados de septiembre se llevar\u00e1n a cabo cuatro paseos, para los que la inscripci\u00f3n gratuita est\u00e1 ya abierta en la red Civivox<\/p>\n","protected":false},"author":1,"featured_media":50543,"comment_status":"open","ping_status":"closed","sticky":false,"template":"","format":"standard","meta":{"footnotes":""},"categories":[2],"tags":[],"class_list":["post-50542","post","type-post","status-publish","format-standard","has-post-thumbnail","hentry","category-ayuntamiento-pamplona"],"yoast_head":"<!-- This site is optimized with the Yoast SEO plugin v27.3 - https:\/\/yoast.com\/product\/yoast-seo-wordpress\/ -->\n<title>S\u00e1bados de septiembre en bicicleta con la red Civivox para conocer las fuentes hist\u00f3ricas de la ciudad, lugares de memoria o las esculturas de Juan Ram\u00f3n Anda<\/title>\n<meta name=\"description\" content=\"Los cuatro s\u00e1bados de septiembre se llevar\u00e1n a cabo cuatro paseos, para los que la inscripci\u00f3n gratuita est\u00e1 ya abierta en la red Civivox\" \/>\n<meta name=\"robots\" content=\"index, follow, max-snippet:-1, max-image-preview:large, max-video-preview:-1\" \/>\n<link rel=\"canonical\" href=\"https:\/\/www.laguiadepamplona.com\/actualidad\/sabados-de-septiembre-en-bicicleta-con-la-red-civivox-para-conocer-las-fuentes-historicas-de-la-ciudad-lugares-de-memoria-o-las-esculturas-de-juan-ramon-anda\/\" \/>\n<meta property=\"og:locale\" content=\"es_ES\" \/>\n<meta property=\"og:type\" content=\"article\" \/>\n<meta property=\"og:title\" content=\"S\u00e1bados de septiembre en bicicleta con la red Civivox para conocer las fuentes hist\u00f3ricas de la ciudad, lugares de memoria o las esculturas de Juan Ram\u00f3n Anda\" \/>\n<meta property=\"og:description\" content=\"Los cuatro s\u00e1bados de septiembre se llevar\u00e1n a cabo cuatro paseos, para los que la inscripci\u00f3n gratuita est\u00e1 ya abierta en la red Civivox\" \/>\n<meta property=\"og:url\" content=\"https:\/\/www.laguiadepamplona.com\/actualidad\/sabados-de-septiembre-en-bicicleta-con-la-red-civivox-para-conocer-las-fuentes-historicas-de-la-ciudad-lugares-de-memoria-o-las-esculturas-de-juan-ramon-anda\/\" \/>\n<meta property=\"og:site_name\" content=\"La Gu\u00eda de Pamplona\" \/>\n<meta property=\"article:publisher\" content=\"https:\/\/www.facebook.com\/laguiadepamplonacom-133175176762273\/?ref=hl\" \/>\n<meta property=\"article:published_time\" content=\"2024-08-20T16:08:43+00:00\" \/>\n<meta property=\"og:image\" content=\"https:\/\/www.laguiadepamplona.com\/actualidad\/wp-content\/uploads\/2024\/08\/Biciruta-Oteiza-2017-26.webp\" \/>\n\t<meta property=\"og:image:width\" content=\"1000\" \/>\n\t<meta property=\"og:image:height\" content=\"750\" \/>\n\t<meta property=\"og:image:type\" content=\"image\/webp\" \/>\n<meta name=\"author\" content=\"La Gu\u00eda de Pamplona\" \/>\n<meta name=\"twitter:card\" content=\"summary_large_image\" \/>\n<meta name=\"twitter:creator\" content=\"@LaGuiadPamplona\" \/>\n<meta name=\"twitter:site\" content=\"@LaGuiadPamplona\" \/>\n<meta name=\"twitter:label1\" content=\"Escrito por\" \/>\n\t<meta name=\"twitter:data1\" content=\"La Gu\u00eda de Pamplona\" \/>\n\t<meta name=\"twitter:label2\" content=\"Tiempo de lectura\" \/>\n\t<meta name=\"twitter:data2\" content=\"4 minutos\" \/>\n<script type=\"application\/ld+json\" class=\"yoast-schema-graph\">{\"@context\":\"https:\\\/\\\/schema.org\",\"@graph\":[{\"@type\":\"Article\",\"@id\":\"https:\\\/\\\/www.laguiadepamplona.com\\\/actualidad\\\/sabados-de-septiembre-en-bicicleta-con-la-red-civivox-para-conocer-las-fuentes-historicas-de-la-ciudad-lugares-de-memoria-o-las-esculturas-de-juan-ramon-anda\\\/#article\",\"isPartOf\":{\"@id\":\"https:\\\/\\\/www.laguiadepamplona.com\\\/actualidad\\\/sabados-de-septiembre-en-bicicleta-con-la-red-civivox-para-conocer-las-fuentes-historicas-de-la-ciudad-lugares-de-memoria-o-las-esculturas-de-juan-ramon-anda\\\/\"},\"author\":{\"name\":\"La Gu\u00eda de Pamplona\",\"@id\":\"https:\\\/\\\/www.laguiadepamplona.com\\\/actualidad\\\/#\\\/schema\\\/person\\\/efe887376f0213d4657c93adc50b1fdb\"},\"headline\":\"S\u00e1bados de septiembre en bicicleta con la red Civivox para conocer las fuentes hist\u00f3ricas de la ciudad, lugares de memoria o las esculturas de Juan Ram\u00f3n Anda\",\"datePublished\":\"2024-08-20T16:08:43+00:00\",\"mainEntityOfPage\":{\"@id\":\"https:\\\/\\\/www.laguiadepamplona.com\\\/actualidad\\\/sabados-de-septiembre-en-bicicleta-con-la-red-civivox-para-conocer-las-fuentes-historicas-de-la-ciudad-lugares-de-memoria-o-las-esculturas-de-juan-ramon-anda\\\/\"},\"wordCount\":734,\"commentCount\":0,\"publisher\":{\"@id\":\"https:\\\/\\\/www.laguiadepamplona.com\\\/actualidad\\\/#organization\"},\"image\":{\"@id\":\"https:\\\/\\\/www.laguiadepamplona.com\\\/actualidad\\\/sabados-de-septiembre-en-bicicleta-con-la-red-civivox-para-conocer-las-fuentes-historicas-de-la-ciudad-lugares-de-memoria-o-las-esculturas-de-juan-ramon-anda\\\/#primaryimage\"},\"thumbnailUrl\":\"https:\\\/\\\/www.laguiadepamplona.com\\\/actualidad\\\/wp-content\\\/uploads\\\/2024\\\/08\\\/Biciruta-Oteiza-2017-26.webp\",\"articleSection\":[\"Ayto Pamplona\"],\"inLanguage\":\"es\",\"potentialAction\":[{\"@type\":\"CommentAction\",\"name\":\"Comment\",\"target\":[\"https:\\\/\\\/www.laguiadepamplona.com\\\/actualidad\\\/sabados-de-septiembre-en-bicicleta-con-la-red-civivox-para-conocer-las-fuentes-historicas-de-la-ciudad-lugares-de-memoria-o-las-esculturas-de-juan-ramon-anda\\\/#respond\"]}]},{\"@type\":\"WebPage\",\"@id\":\"https:\\\/\\\/www.laguiadepamplona.com\\\/actualidad\\\/sabados-de-septiembre-en-bicicleta-con-la-red-civivox-para-conocer-las-fuentes-historicas-de-la-ciudad-lugares-de-memoria-o-las-esculturas-de-juan-ramon-anda\\\/\",\"url\":\"https:\\\/\\\/www.laguiadepamplona.com\\\/actualidad\\\/sabados-de-septiembre-en-bicicleta-con-la-red-civivox-para-conocer-las-fuentes-historicas-de-la-ciudad-lugares-de-memoria-o-las-esculturas-de-juan-ramon-anda\\\/\",\"name\":\"S\u00e1bados de septiembre en bicicleta con la red Civivox para conocer las fuentes hist\u00f3ricas de la ciudad, lugares de memoria o las esculturas de Juan Ram\u00f3n Anda\",\"isPartOf\":{\"@id\":\"https:\\\/\\\/www.laguiadepamplona.com\\\/actualidad\\\/#website\"},\"primaryImageOfPage\":{\"@id\":\"https:\\\/\\\/www.laguiadepamplona.com\\\/actualidad\\\/sabados-de-septiembre-en-bicicleta-con-la-red-civivox-para-conocer-las-fuentes-historicas-de-la-ciudad-lugares-de-memoria-o-las-esculturas-de-juan-ramon-anda\\\/#primaryimage\"},\"image\":{\"@id\":\"https:\\\/\\\/www.laguiadepamplona.com\\\/actualidad\\\/sabados-de-septiembre-en-bicicleta-con-la-red-civivox-para-conocer-las-fuentes-historicas-de-la-ciudad-lugares-de-memoria-o-las-esculturas-de-juan-ramon-anda\\\/#primaryimage\"},\"thumbnailUrl\":\"https:\\\/\\\/www.laguiadepamplona.com\\\/actualidad\\\/wp-content\\\/uploads\\\/2024\\\/08\\\/Biciruta-Oteiza-2017-26.webp\",\"datePublished\":\"2024-08-20T16:08:43+00:00\",\"description\":\"Los cuatro s\u00e1bados de septiembre se llevar\u00e1n a cabo cuatro paseos, para los que la inscripci\u00f3n gratuita est\u00e1 ya abierta en la red Civivox\",\"breadcrumb\":{\"@id\":\"https:\\\/\\\/www.laguiadepamplona.com\\\/actualidad\\\/sabados-de-septiembre-en-bicicleta-con-la-red-civivox-para-conocer-las-fuentes-historicas-de-la-ciudad-lugares-de-memoria-o-las-esculturas-de-juan-ramon-anda\\\/#breadcrumb\"},\"inLanguage\":\"es\",\"potentialAction\":[{\"@type\":\"ReadAction\",\"target\":[\"https:\\\/\\\/www.laguiadepamplona.com\\\/actualidad\\\/sabados-de-septiembre-en-bicicleta-con-la-red-civivox-para-conocer-las-fuentes-historicas-de-la-ciudad-lugares-de-memoria-o-las-esculturas-de-juan-ramon-anda\\\/\"]}]},{\"@type\":\"ImageObject\",\"inLanguage\":\"es\",\"@id\":\"https:\\\/\\\/www.laguiadepamplona.com\\\/actualidad\\\/sabados-de-septiembre-en-bicicleta-con-la-red-civivox-para-conocer-las-fuentes-historicas-de-la-ciudad-lugares-de-memoria-o-las-esculturas-de-juan-ramon-anda\\\/#primaryimage\",\"url\":\"https:\\\/\\\/www.laguiadepamplona.com\\\/actualidad\\\/wp-content\\\/uploads\\\/2024\\\/08\\\/Biciruta-Oteiza-2017-26.webp\",\"contentUrl\":\"https:\\\/\\\/www.laguiadepamplona.com\\\/actualidad\\\/wp-content\\\/uploads\\\/2024\\\/08\\\/Biciruta-Oteiza-2017-26.webp\",\"width\":1000,\"height\":750,\"caption\":\"Biciruta Oteiza\"},{\"@type\":\"BreadcrumbList\",\"@id\":\"https:\\\/\\\/www.laguiadepamplona.com\\\/actualidad\\\/sabados-de-septiembre-en-bicicleta-con-la-red-civivox-para-conocer-las-fuentes-historicas-de-la-ciudad-lugares-de-memoria-o-las-esculturas-de-juan-ramon-anda\\\/#breadcrumb\",\"itemListElement\":[{\"@type\":\"ListItem\",\"position\":1,\"name\":\"Portada\",\"item\":\"https:\\\/\\\/www.laguiadepamplona.com\\\/actualidad\\\/\"},{\"@type\":\"ListItem\",\"position\":2,\"name\":\"S\u00e1bados de septiembre en bicicleta con la red Civivox para conocer las fuentes hist\u00f3ricas de la ciudad, lugares de memoria o las esculturas de Juan Ram\u00f3n Anda\"}]},{\"@type\":\"WebSite\",\"@id\":\"https:\\\/\\\/www.laguiadepamplona.com\\\/actualidad\\\/#website\",\"url\":\"https:\\\/\\\/www.laguiadepamplona.com\\\/actualidad\\\/\",\"name\":\"La gu\u00eda de Pamplona\",\"description\":\"Noticias de Pamplona\",\"publisher\":{\"@id\":\"https:\\\/\\\/www.laguiadepamplona.com\\\/actualidad\\\/#organization\"},\"potentialAction\":[{\"@type\":\"SearchAction\",\"target\":{\"@type\":\"EntryPoint\",\"urlTemplate\":\"https:\\\/\\\/www.laguiadepamplona.com\\\/actualidad\\\/?s={search_term_string}\"},\"query-input\":{\"@type\":\"PropertyValueSpecification\",\"valueRequired\":true,\"valueName\":\"search_term_string\"}}],\"inLanguage\":\"es\"},{\"@type\":\"Organization\",\"@id\":\"https:\\\/\\\/www.laguiadepamplona.com\\\/actualidad\\\/#organization\",\"name\":\"La Gu\u00eda de Pamplona \\\/ Noticias\",\"url\":\"https:\\\/\\\/www.laguiadepamplona.com\\\/actualidad\\\/\",\"logo\":{\"@type\":\"ImageObject\",\"inLanguage\":\"es\",\"@id\":\"https:\\\/\\\/www.laguiadepamplona.com\\\/actualidad\\\/#\\\/schema\\\/logo\\\/image\\\/\",\"url\":\"https:\\\/\\\/www.laguiadepamplona.com\\\/actualidad\\\/wp-content\\\/uploads\\\/2018\\\/11\\\/logo-laguiadepamplona18-web1.png\",\"contentUrl\":\"https:\\\/\\\/www.laguiadepamplona.com\\\/actualidad\\\/wp-content\\\/uploads\\\/2018\\\/11\\\/logo-laguiadepamplona18-web1.png\",\"width\":600,\"height\":196,\"caption\":\"La Gu\u00eda de Pamplona \\\/ Noticias\"},\"image\":{\"@id\":\"https:\\\/\\\/www.laguiadepamplona.com\\\/actualidad\\\/#\\\/schema\\\/logo\\\/image\\\/\"},\"sameAs\":[\"https:\\\/\\\/www.facebook.com\\\/laguiadepamplonacom-133175176762273\\\/?ref=hl\",\"https:\\\/\\\/x.com\\\/LaGuiadPamplona\",\"https:\\\/\\\/www.instagram.com\\\/la_guia_de_pamplona\\\/\",\"https:\\\/\\\/www.youtube.com\\\/user\\\/laguiadepamplona\"]},{\"@type\":\"Person\",\"@id\":\"https:\\\/\\\/www.laguiadepamplona.com\\\/actualidad\\\/#\\\/schema\\\/person\\\/efe887376f0213d4657c93adc50b1fdb\",\"name\":\"La Gu\u00eda de Pamplona\",\"image\":{\"@type\":\"ImageObject\",\"inLanguage\":\"es\",\"@id\":\"https:\\\/\\\/secure.gravatar.com\\\/avatar\\\/b6992f131dc8d30ab0dff15446e9d346d9dbd95992de0fef795073f5ea83a81c?s=96&d=mm&r=g\",\"url\":\"https:\\\/\\\/secure.gravatar.com\\\/avatar\\\/b6992f131dc8d30ab0dff15446e9d346d9dbd95992de0fef795073f5ea83a81c?s=96&d=mm&r=g\",\"contentUrl\":\"https:\\\/\\\/secure.gravatar.com\\\/avatar\\\/b6992f131dc8d30ab0dff15446e9d346d9dbd95992de0fef795073f5ea83a81c?s=96&d=mm&r=g\",\"caption\":\"La Gu\u00eda de Pamplona\"}}]}<\/script>\n<!-- \/ Yoast SEO plugin. -->","yoast_head_json":{"title":"S\u00e1bados de septiembre en bicicleta con la red Civivox para conocer las fuentes hist\u00f3ricas de la ciudad, lugares de memoria o las esculturas de Juan Ram\u00f3n Anda","description":"Los cuatro s\u00e1bados de septiembre se llevar\u00e1n a cabo cuatro paseos, para los que la inscripci\u00f3n gratuita est\u00e1 ya abierta en la red Civivox","robots":{"index":"index","follow":"follow","max-snippet":"max-snippet:-1","max-image-preview":"max-image-preview:large","max-video-preview":"max-video-preview:-1"},"canonical":"https:\/\/www.laguiadepamplona.com\/actualidad\/sabados-de-septiembre-en-bicicleta-con-la-red-civivox-para-conocer-las-fuentes-historicas-de-la-ciudad-lugares-de-memoria-o-las-esculturas-de-juan-ramon-anda\/","og_locale":"es_ES","og_type":"article","og_title":"S\u00e1bados de septiembre en bicicleta con la red Civivox para conocer las fuentes hist\u00f3ricas de la ciudad, lugares de memoria o las esculturas de Juan Ram\u00f3n Anda","og_description":"Los cuatro s\u00e1bados de septiembre se llevar\u00e1n a cabo cuatro paseos, para los que la inscripci\u00f3n gratuita est\u00e1 ya abierta en la red Civivox","og_url":"https:\/\/www.laguiadepamplona.com\/actualidad\/sabados-de-septiembre-en-bicicleta-con-la-red-civivox-para-conocer-las-fuentes-historicas-de-la-ciudad-lugares-de-memoria-o-las-esculturas-de-juan-ramon-anda\/","og_site_name":"La Gu\u00eda de Pamplona","article_publisher":"https:\/\/www.facebook.com\/laguiadepamplonacom-133175176762273\/?ref=hl","article_published_time":"2024-08-20T16:08:43+00:00","og_image":[{"width":1000,"height":750,"url":"https:\/\/www.laguiadepamplona.com\/actualidad\/wp-content\/uploads\/2024\/08\/Biciruta-Oteiza-2017-26.webp","type":"image\/webp"}],"author":"La Gu\u00eda de Pamplona","twitter_card":"summary_large_image","twitter_creator":"@LaGuiadPamplona","twitter_site":"@LaGuiadPamplona","twitter_misc":{"Escrito por":"La Gu\u00eda de Pamplona","Tiempo de lectura":"4 minutos"},"schema":{"@context":"https:\/\/schema.org","@graph":[{"@type":"Article","@id":"https:\/\/www.laguiadepamplona.com\/actualidad\/sabados-de-septiembre-en-bicicleta-con-la-red-civivox-para-conocer-las-fuentes-historicas-de-la-ciudad-lugares-de-memoria-o-las-esculturas-de-juan-ramon-anda\/#article","isPartOf":{"@id":"https:\/\/www.laguiadepamplona.com\/actualidad\/sabados-de-septiembre-en-bicicleta-con-la-red-civivox-para-conocer-las-fuentes-historicas-de-la-ciudad-lugares-de-memoria-o-las-esculturas-de-juan-ramon-anda\/"},"author":{"name":"La Gu\u00eda de Pamplona","@id":"https:\/\/www.laguiadepamplona.com\/actualidad\/#\/schema\/person\/efe887376f0213d4657c93adc50b1fdb"},"headline":"S\u00e1bados de septiembre en bicicleta con la red Civivox para conocer las fuentes hist\u00f3ricas de la ciudad, lugares de memoria o las esculturas de Juan Ram\u00f3n Anda","datePublished":"2024-08-20T16:08:43+00:00","mainEntityOfPage":{"@id":"https:\/\/www.laguiadepamplona.com\/actualidad\/sabados-de-septiembre-en-bicicleta-con-la-red-civivox-para-conocer-las-fuentes-historicas-de-la-ciudad-lugares-de-memoria-o-las-esculturas-de-juan-ramon-anda\/"},"wordCount":734,"commentCount":0,"publisher":{"@id":"https:\/\/www.laguiadepamplona.com\/actualidad\/#organization"},"image":{"@id":"https:\/\/www.laguiadepamplona.com\/actualidad\/sabados-de-septiembre-en-bicicleta-con-la-red-civivox-para-conocer-las-fuentes-historicas-de-la-ciudad-lugares-de-memoria-o-las-esculturas-de-juan-ramon-anda\/#primaryimage"},"thumbnailUrl":"https:\/\/www.laguiadepamplona.com\/actualidad\/wp-content\/uploads\/2024\/08\/Biciruta-Oteiza-2017-26.webp","articleSection":["Ayto Pamplona"],"inLanguage":"es","potentialAction":[{"@type":"CommentAction","name":"Comment","target":["https:\/\/www.laguiadepamplona.com\/actualidad\/sabados-de-septiembre-en-bicicleta-con-la-red-civivox-para-conocer-las-fuentes-historicas-de-la-ciudad-lugares-de-memoria-o-las-esculturas-de-juan-ramon-anda\/#respond"]}]},{"@type":"WebPage","@id":"https:\/\/www.laguiadepamplona.com\/actualidad\/sabados-de-septiembre-en-bicicleta-con-la-red-civivox-para-conocer-las-fuentes-historicas-de-la-ciudad-lugares-de-memoria-o-las-esculturas-de-juan-ramon-anda\/","url":"https:\/\/www.laguiadepamplona.com\/actualidad\/sabados-de-septiembre-en-bicicleta-con-la-red-civivox-para-conocer-las-fuentes-historicas-de-la-ciudad-lugares-de-memoria-o-las-esculturas-de-juan-ramon-anda\/","name":"S\u00e1bados de septiembre en bicicleta con la red Civivox para conocer las fuentes hist\u00f3ricas de la ciudad, lugares de memoria o las esculturas de Juan Ram\u00f3n Anda","isPartOf":{"@id":"https:\/\/www.laguiadepamplona.com\/actualidad\/#website"},"primaryImageOfPage":{"@id":"https:\/\/www.laguiadepamplona.com\/actualidad\/sabados-de-septiembre-en-bicicleta-con-la-red-civivox-para-conocer-las-fuentes-historicas-de-la-ciudad-lugares-de-memoria-o-las-esculturas-de-juan-ramon-anda\/#primaryimage"},"image":{"@id":"https:\/\/www.laguiadepamplona.com\/actualidad\/sabados-de-septiembre-en-bicicleta-con-la-red-civivox-para-conocer-las-fuentes-historicas-de-la-ciudad-lugares-de-memoria-o-las-esculturas-de-juan-ramon-anda\/#primaryimage"},"thumbnailUrl":"https:\/\/www.laguiadepamplona.com\/actualidad\/wp-content\/uploads\/2024\/08\/Biciruta-Oteiza-2017-26.webp","datePublished":"2024-08-20T16:08:43+00:00","description":"Los cuatro s\u00e1bados de septiembre se llevar\u00e1n a cabo cuatro paseos, para los que la inscripci\u00f3n gratuita est\u00e1 ya abierta en la red Civivox","breadcrumb":{"@id":"https:\/\/www.laguiadepamplona.com\/actualidad\/sabados-de-septiembre-en-bicicleta-con-la-red-civivox-para-conocer-las-fuentes-historicas-de-la-ciudad-lugares-de-memoria-o-las-esculturas-de-juan-ramon-anda\/#breadcrumb"},"inLanguage":"es","potentialAction":[{"@type":"ReadAction","target":["https:\/\/www.laguiadepamplona.com\/actualidad\/sabados-de-septiembre-en-bicicleta-con-la-red-civivox-para-conocer-las-fuentes-historicas-de-la-ciudad-lugares-de-memoria-o-las-esculturas-de-juan-ramon-anda\/"]}]},{"@type":"ImageObject","inLanguage":"es","@id":"https:\/\/www.laguiadepamplona.com\/actualidad\/sabados-de-septiembre-en-bicicleta-con-la-red-civivox-para-conocer-las-fuentes-historicas-de-la-ciudad-lugares-de-memoria-o-las-esculturas-de-juan-ramon-anda\/#primaryimage","url":"https:\/\/www.laguiadepamplona.com\/actualidad\/wp-content\/uploads\/2024\/08\/Biciruta-Oteiza-2017-26.webp","contentUrl":"https:\/\/www.laguiadepamplona.com\/actualidad\/wp-content\/uploads\/2024\/08\/Biciruta-Oteiza-2017-26.webp","width":1000,"height":750,"caption":"Biciruta Oteiza"},{"@type":"BreadcrumbList","@id":"https:\/\/www.laguiadepamplona.com\/actualidad\/sabados-de-septiembre-en-bicicleta-con-la-red-civivox-para-conocer-las-fuentes-historicas-de-la-ciudad-lugares-de-memoria-o-las-esculturas-de-juan-ramon-anda\/#breadcrumb","itemListElement":[{"@type":"ListItem","position":1,"name":"Portada","item":"https:\/\/www.laguiadepamplona.com\/actualidad\/"},{"@type":"ListItem","position":2,"name":"S\u00e1bados de septiembre en bicicleta con la red Civivox para conocer las fuentes hist\u00f3ricas de la ciudad, lugares de memoria o las esculturas de Juan Ram\u00f3n Anda"}]},{"@type":"WebSite","@id":"https:\/\/www.laguiadepamplona.com\/actualidad\/#website","url":"https:\/\/www.laguiadepamplona.com\/actualidad\/","name":"La gu\u00eda de Pamplona","description":"Noticias de Pamplona","publisher":{"@id":"https:\/\/www.laguiadepamplona.com\/actualidad\/#organization"},"potentialAction":[{"@type":"SearchAction","target":{"@type":"EntryPoint","urlTemplate":"https:\/\/www.laguiadepamplona.com\/actualidad\/?s={search_term_string}"},"query-input":{"@type":"PropertyValueSpecification","valueRequired":true,"valueName":"search_term_string"}}],"inLanguage":"es"},{"@type":"Organization","@id":"https:\/\/www.laguiadepamplona.com\/actualidad\/#organization","name":"La Gu\u00eda de Pamplona \/ Noticias","url":"https:\/\/www.laguiadepamplona.com\/actualidad\/","logo":{"@type":"ImageObject","inLanguage":"es","@id":"https:\/\/www.laguiadepamplona.com\/actualidad\/#\/schema\/logo\/image\/","url":"https:\/\/www.laguiadepamplona.com\/actualidad\/wp-content\/uploads\/2018\/11\/logo-laguiadepamplona18-web1.png","contentUrl":"https:\/\/www.laguiadepamplona.com\/actualidad\/wp-content\/uploads\/2018\/11\/logo-laguiadepamplona18-web1.png","width":600,"height":196,"caption":"La Gu\u00eda de Pamplona \/ Noticias"},"image":{"@id":"https:\/\/www.laguiadepamplona.com\/actualidad\/#\/schema\/logo\/image\/"},"sameAs":["https:\/\/www.facebook.com\/laguiadepamplonacom-133175176762273\/?ref=hl","https:\/\/x.com\/LaGuiadPamplona","https:\/\/www.instagram.com\/la_guia_de_pamplona\/","https:\/\/www.youtube.com\/user\/laguiadepamplona"]},{"@type":"Person","@id":"https:\/\/www.laguiadepamplona.com\/actualidad\/#\/schema\/person\/efe887376f0213d4657c93adc50b1fdb","name":"La Gu\u00eda de Pamplona","image":{"@type":"ImageObject","inLanguage":"es","@id":"https:\/\/secure.gravatar.com\/avatar\/b6992f131dc8d30ab0dff15446e9d346d9dbd95992de0fef795073f5ea83a81c?s=96&d=mm&r=g","url":"https:\/\/secure.gravatar.com\/avatar\/b6992f131dc8d30ab0dff15446e9d346d9dbd95992de0fef795073f5ea83a81c?s=96&d=mm&r=g","contentUrl":"https:\/\/secure.gravatar.com\/avatar\/b6992f131dc8d30ab0dff15446e9d346d9dbd95992de0fef795073f5ea83a81c?s=96&d=mm&r=g","caption":"La Gu\u00eda de Pamplona"}}]}},"post_mailing_queue_ids":[],"_links":{"self":[{"href":"https:\/\/www.laguiadepamplona.com\/actualidad\/wp-json\/wp\/v2\/posts\/50542","targetHints":{"allow":["GET"]}}],"collection":[{"href":"https:\/\/www.laguiadepamplona.com\/actualidad\/wp-json\/wp\/v2\/posts"}],"about":[{"href":"https:\/\/www.laguiadepamplona.com\/actualidad\/wp-json\/wp\/v2\/types\/post"}],"author":[{"embeddable":true,"href":"https:\/\/www.laguiadepamplona.com\/actualidad\/wp-json\/wp\/v2\/users\/1"}],"replies":[{"embeddable":true,"href":"https:\/\/www.laguiadepamplona.com\/actualidad\/wp-json\/wp\/v2\/comments?post=50542"}],"version-history":[{"count":1,"href":"https:\/\/www.laguiadepamplona.com\/actualidad\/wp-json\/wp\/v2\/posts\/50542\/revisions"}],"predecessor-version":[{"id":50544,"href":"https:\/\/www.laguiadepamplona.com\/actualidad\/wp-json\/wp\/v2\/posts\/50542\/revisions\/50544"}],"wp:featuredmedia":[{"embeddable":true,"href":"https:\/\/www.laguiadepamplona.com\/actualidad\/wp-json\/wp\/v2\/media\/50543"}],"wp:attachment":[{"href":"https:\/\/www.laguiadepamplona.com\/actualidad\/wp-json\/wp\/v2\/media?parent=50542"}],"wp:term":[{"taxonomy":"category","embeddable":true,"href":"https:\/\/www.laguiadepamplona.com\/actualidad\/wp-json\/wp\/v2\/categories?post=50542"},{"taxonomy":"post_tag","embeddable":true,"href":"https:\/\/www.laguiadepamplona.com\/actualidad\/wp-json\/wp\/v2\/tags?post=50542"}],"curies":[{"name":"wp","href":"https:\/\/api.w.org\/{rel}","templated":true}]}}