{"id":50536,"date":"2024-08-20T18:04:32","date_gmt":"2024-08-20T16:04:32","guid":{"rendered":"https:\/\/www.laguiadepamplona.com\/actualidad\/?p=50536"},"modified":"2024-08-20T18:04:32","modified_gmt":"2024-08-20T16:04:32","slug":"mujeres-de-todos-los-ambitos-artisticos-dialogan-en-el-ciclo-confluencias-miradas-hacia-otras-disciplinas-que-se-celebra-de-septiembre-a-diciembre-en-la-sala-de-armas","status":"publish","type":"post","link":"https:\/\/www.laguiadepamplona.com\/actualidad\/mujeres-de-todos-los-ambitos-artisticos-dialogan-en-el-ciclo-confluencias-miradas-hacia-otras-disciplinas-que-se-celebra-de-septiembre-a-diciembre-en-la-sala-de-armas\/","title":{"rendered":"Mujeres de todos los \u00e1mbitos art\u00edsticos dialogan en el ciclo \u2018Confluencias: miradas hacia otras disciplinas\u2019, que se celebra de septiembre a diciembre en la Sala de Armas"},"content":{"rendered":"<h2>Las cuatro sesiones, gratuitas, tratan sobre teatro, arte y m\u00fasica, e incluyen la realizaci\u00f3n en directo del podcast \u2018Ciberlocutorio\u2019<\/h2>\n<p><!--more--><\/p>\n<p>La Sala de Armas de la Ciudadela va a ser el escenario del ciclo \u2018Confluencias: miradas hacia otras disciplinas\u2019, que propone cuatro encuentros de mujeres de distintas \u00e1reas del arte. El ciclo, organizado por el Ayuntamiento de Pamplona, tendr\u00e1 lugar del 5 de septiembre al 12 de diciembre, con entrada libre hasta completar aforo y sin necesidad de inscripci\u00f3n previa.<\/p>\n<p>Las cuatro sesiones, tres di\u00e1logos en torno al teatro, el arte y la m\u00fasica y la realizaci\u00f3n en directo del podcast Ciberlocutorio, han sido presentadas por el director del \u00e1rea de Cultura, Fiestas, Educaci\u00f3n y Deporte, I\u00f1igo G\u00f3mez, y las coordinadoras del ciclo, Nerea Madariaga y Carolina Otamendi. En el ciclo participar\u00e1n, como artistas, Luc\u00eda Carballal, Mar\u00eda Folguera, Eugenia Tenenbaum, Coco D\u00e1vez, Anna Pacheco, Andrea Gumes, Miren Iza y Lorena \u00c1lvarez.<\/p>\n<p>Este nuevo proyecto art\u00edstico tiene por objetivo generar un espacio de encuentro, di\u00e1logo y reflexi\u00f3n con mujeres de distintos \u00e1mbitos. \u2018Confluencias\u2019 nace vinculado al festival Letraheridas, cita ya imprescindible en la programaci\u00f3n cultural de Pamplona, que celebrar\u00e1 su sexta edici\u00f3n en octubre y por el que han pasado 50 autoras referentes en la literatura contempor\u00e1nea.<\/p>\n<p>Las directoras del Festival Letraheridas, Nerea Madariaga y Carolina Otamendi, idearon en el quinto aniversario, en 2023, tres encuentros en torno al cine, las series y la ilustraci\u00f3n. Debido a la buena acogida de estos encuentros, se pens\u00f3 en un ciclo que diera continuidad a esta mirada hacia otras disciplinas m\u00e1s all\u00e1 de la literaria y que se convirtiera en una oportunidad anual de escuchar a artistas y divulgadoras de distintos \u00e1mbitos culturales.<\/p>\n<p>De esta manera, surgi\u00f3 \u2018Confluencias\u2019, que se ha fraguado con una identidad feminista y con el objetivo de seguir dando voz y protagonismo a lo que las mujeres est\u00e1n generando con su trabajo, sus discursos y sus obras.<\/p>\n<p><strong>Teatro para abrir el ciclo<\/strong><\/p>\n<p>El programa de \u2018Confluencias: miradas hacia otras disciplinas\u2019 se abre el jueves 5 de septiembre, a las 19 horas, con el encuentro en torno al teatro \u2018La palabra en escena: cuando el texto se hace carne\u2019. El di\u00e1logo lo mantienen la autora y directora teatral Luc\u00eda Carballal y la escritora y gestora cultural Mar\u00eda Folguera, facilitado por la directora pamplonesa Ana Maestrojuan.<\/p>\n<p>La segunda sesi\u00f3n del ciclo tendr\u00e1 lugar en la Sala de Armas el martes 15 de octubre, las 19 horas, con el t\u00edtulo \u2018Divulgar arte: reparando siglos de misoginia\u2019. El encuentro combina a la artista multidisciplinar Valeria Palmeiro, m\u00e1s conocida como Coco D\u00e1vez, con la historiadora del arte especializada en perspectiva de g\u00e9nero y cr\u00edtica de arte Eugenia Tenenbaum. En encuentro estar\u00e1 facilitado por Zuri\u00f1e Laf\u00f3n, investigadora y docente universitaria sobre Cultura Visual.<\/p>\n<p><strong>Podcast en directo y m\u00fasica<\/strong><\/p>\n<p>La tercera propuesta del ciclo se celebra el s\u00e1bado 9 de noviembre, las 12 horas, y consiste en la realizaci\u00f3n en directo del podcast feminista cultural \u2018Ciberlocutorio\u2019, de Anna Pacheco y Andrea Gumes. Este formato permite abordar las obsesiones, miedos y otros asuntos de las creadoras. La periodista, actriz y polit\u00f3loga Andrea Gumes ha trabajado como presentadora en radio y televisi\u00f3n. Anna Pacheco es periodista y escritora especializada en temas sociales con perspectiva de clase y de g\u00e9nero.<\/p>\n<p>La sesi\u00f3n que cierra el ciclo se centra en la m\u00fasica, el jueves 12 de diciembre, a las 19 horas. Se trata del encuentro entre Miren Iza y Lorena \u00c1lvarez, facilitado por Laura Torre, seguido por un miniconcierto de ambas, poniendo en di\u00e1logo sus canciones. La compositora y cantante donostiarra Miren Iza, con el nombre art\u00edstico de Tulsa, ha publicado siete discos, mientras que la compositora, productora, inte\u0301rprete y pintora Lorena \u00c1lvarez es referente de la canci\u00f3n de autora contempor\u00e1nea. La moderadora ser\u00e1 la pamplonesa Laura Torre Vall, doctora en Historia del Arte, especializada en Historia de la Fotograf\u00eda, y bater\u00eda del grupo Melenas.<\/p>\n<p>&nbsp;<\/p>\n<h3>\u2018Confluencias: miradas hacia otras disciplinas\u2019. Sala de Armas, Ciudadela<\/h3>\n<ul>\n<li><strong>Jueves 5 de septiembre. 19 horas. Teatro<\/strong>\n<ul>\n<li>\u2018La palabra en escena: cuando el texto se hace carne\u2019<\/li>\n<li>Encuentro entre Luc\u00eda Carballal y Mar\u00eda Folguera<\/li>\n<li>Facilitado por Ana Maestrojuan<\/li>\n<\/ul>\n<\/li>\n<li><strong>Martes 15 de octubre. 19 horas. Arte<\/strong>\n<ul>\n<li>\u2018Divulgar arte: reparando siglos de misoginia\u2019<\/li>\n<li>Encuentro entre Coco D\u00e1vez y Eugenia Tenenbaum<\/li>\n<li>Facilitado por Zuri\u00f1e Laf\u00f3n<\/li>\n<\/ul>\n<\/li>\n<li><strong>S\u00e1bado 9 de noviembre. 12 horas. Podcast en directo<\/strong>\n<ul>\n<li>Realizaci\u00f3n en directo del podcast feminista cultural \u2018Ciberlocutorio\u2019, de Anna Pacheco y Andrea Gumes<\/li>\n<\/ul>\n<\/li>\n<li><strong>Jueves 12 de diciembre. 19 horas. M\u00fasica<\/strong>\n<ul>\n<li>Encuentro entre Miren Iza (Tulsa) y Lorena \u00c1lvarez<\/li>\n<li>Mini concierto posterior de ambas, poniendo en di\u00e1logo sus canciones<\/li>\n<li>Facilitado por Laura Torre (Melenas)<\/li>\n<\/ul>\n<\/li>\n<\/ul>\n","protected":false},"excerpt":{"rendered":"<p>Las cuatro sesiones, gratuitas, tratan sobre teatro, arte y m\u00fasica, e incluyen la realizaci\u00f3n en directo del podcast \u2018Ciberlocutorio\u2019<\/p>\n","protected":false},"author":1,"featured_media":50537,"comment_status":"open","ping_status":"closed","sticky":false,"template":"","format":"standard","meta":{"footnotes":""},"categories":[2],"tags":[],"class_list":["post-50536","post","type-post","status-publish","format-standard","has-post-thumbnail","hentry","category-ayuntamiento-pamplona"],"yoast_head":"<!-- This site is optimized with the Yoast SEO plugin v27.3 - https:\/\/yoast.com\/product\/yoast-seo-wordpress\/ -->\n<title>Mujeres de todos los \u00e1mbitos art\u00edsticos dialogan en el ciclo \u2018Confluencias: miradas hacia otras disciplinas\u2019, que se celebra de septiembre a diciembre en la Sala de Armas<\/title>\n<meta name=\"description\" content=\"Las cuatro sesiones, gratuitas, tratan sobre teatro, arte y m\u00fasica, e incluyen la realizaci\u00f3n en directo del podcast \u2018Ciberlocutorio\u2019\" \/>\n<meta name=\"robots\" content=\"index, follow, max-snippet:-1, max-image-preview:large, max-video-preview:-1\" \/>\n<link rel=\"canonical\" href=\"https:\/\/www.laguiadepamplona.com\/actualidad\/mujeres-de-todos-los-ambitos-artisticos-dialogan-en-el-ciclo-confluencias-miradas-hacia-otras-disciplinas-que-se-celebra-de-septiembre-a-diciembre-en-la-sala-de-armas\/\" \/>\n<meta property=\"og:locale\" content=\"es_ES\" \/>\n<meta property=\"og:type\" content=\"article\" \/>\n<meta property=\"og:title\" content=\"Mujeres de todos los \u00e1mbitos art\u00edsticos dialogan en el ciclo \u2018Confluencias: miradas hacia otras disciplinas\u2019, que se celebra de septiembre a diciembre en la Sala de Armas\" \/>\n<meta property=\"og:description\" content=\"Las cuatro sesiones, gratuitas, tratan sobre teatro, arte y m\u00fasica, e incluyen la realizaci\u00f3n en directo del podcast \u2018Ciberlocutorio\u2019\" \/>\n<meta property=\"og:url\" content=\"https:\/\/www.laguiadepamplona.com\/actualidad\/mujeres-de-todos-los-ambitos-artisticos-dialogan-en-el-ciclo-confluencias-miradas-hacia-otras-disciplinas-que-se-celebra-de-septiembre-a-diciembre-en-la-sala-de-armas\/\" \/>\n<meta property=\"og:site_name\" content=\"La Gu\u00eda de Pamplona\" \/>\n<meta property=\"article:publisher\" content=\"https:\/\/www.facebook.com\/laguiadepamplonacom-133175176762273\/?ref=hl\" \/>\n<meta property=\"article:published_time\" content=\"2024-08-20T16:04:32+00:00\" \/>\n<meta property=\"og:image\" content=\"https:\/\/www.laguiadepamplona.com\/actualidad\/wp-content\/uploads\/2024\/08\/240820rpconfluenciasq5a6221_0.webp\" \/>\n\t<meta property=\"og:image:width\" content=\"1000\" \/>\n\t<meta property=\"og:image:height\" content=\"667\" \/>\n\t<meta property=\"og:image:type\" content=\"image\/webp\" \/>\n<meta name=\"author\" content=\"La Gu\u00eda de Pamplona\" \/>\n<meta name=\"twitter:card\" content=\"summary_large_image\" \/>\n<meta name=\"twitter:creator\" content=\"@LaGuiadPamplona\" \/>\n<meta name=\"twitter:site\" content=\"@LaGuiadPamplona\" \/>\n<meta name=\"twitter:label1\" content=\"Escrito por\" \/>\n\t<meta name=\"twitter:data1\" content=\"La Gu\u00eda de Pamplona\" \/>\n\t<meta name=\"twitter:label2\" content=\"Tiempo de lectura\" \/>\n\t<meta name=\"twitter:data2\" content=\"4 minutos\" \/>\n<script type=\"application\/ld+json\" class=\"yoast-schema-graph\">{\"@context\":\"https:\\\/\\\/schema.org\",\"@graph\":[{\"@type\":\"Article\",\"@id\":\"https:\\\/\\\/www.laguiadepamplona.com\\\/actualidad\\\/mujeres-de-todos-los-ambitos-artisticos-dialogan-en-el-ciclo-confluencias-miradas-hacia-otras-disciplinas-que-se-celebra-de-septiembre-a-diciembre-en-la-sala-de-armas\\\/#article\",\"isPartOf\":{\"@id\":\"https:\\\/\\\/www.laguiadepamplona.com\\\/actualidad\\\/mujeres-de-todos-los-ambitos-artisticos-dialogan-en-el-ciclo-confluencias-miradas-hacia-otras-disciplinas-que-se-celebra-de-septiembre-a-diciembre-en-la-sala-de-armas\\\/\"},\"author\":{\"name\":\"La Gu\u00eda de Pamplona\",\"@id\":\"https:\\\/\\\/www.laguiadepamplona.com\\\/actualidad\\\/#\\\/schema\\\/person\\\/efe887376f0213d4657c93adc50b1fdb\"},\"headline\":\"Mujeres de todos los \u00e1mbitos art\u00edsticos dialogan en el ciclo \u2018Confluencias: miradas hacia otras disciplinas\u2019, que se celebra de septiembre a diciembre en la Sala de Armas\",\"datePublished\":\"2024-08-20T16:04:32+00:00\",\"mainEntityOfPage\":{\"@id\":\"https:\\\/\\\/www.laguiadepamplona.com\\\/actualidad\\\/mujeres-de-todos-los-ambitos-artisticos-dialogan-en-el-ciclo-confluencias-miradas-hacia-otras-disciplinas-que-se-celebra-de-septiembre-a-diciembre-en-la-sala-de-armas\\\/\"},\"wordCount\":823,\"commentCount\":0,\"publisher\":{\"@id\":\"https:\\\/\\\/www.laguiadepamplona.com\\\/actualidad\\\/#organization\"},\"image\":{\"@id\":\"https:\\\/\\\/www.laguiadepamplona.com\\\/actualidad\\\/mujeres-de-todos-los-ambitos-artisticos-dialogan-en-el-ciclo-confluencias-miradas-hacia-otras-disciplinas-que-se-celebra-de-septiembre-a-diciembre-en-la-sala-de-armas\\\/#primaryimage\"},\"thumbnailUrl\":\"https:\\\/\\\/www.laguiadepamplona.com\\\/actualidad\\\/wp-content\\\/uploads\\\/2024\\\/08\\\/240820rpconfluenciasq5a6221_0.webp\",\"articleSection\":[\"Ayto Pamplona\"],\"inLanguage\":\"es\",\"potentialAction\":[{\"@type\":\"CommentAction\",\"name\":\"Comment\",\"target\":[\"https:\\\/\\\/www.laguiadepamplona.com\\\/actualidad\\\/mujeres-de-todos-los-ambitos-artisticos-dialogan-en-el-ciclo-confluencias-miradas-hacia-otras-disciplinas-que-se-celebra-de-septiembre-a-diciembre-en-la-sala-de-armas\\\/#respond\"]}]},{\"@type\":\"WebPage\",\"@id\":\"https:\\\/\\\/www.laguiadepamplona.com\\\/actualidad\\\/mujeres-de-todos-los-ambitos-artisticos-dialogan-en-el-ciclo-confluencias-miradas-hacia-otras-disciplinas-que-se-celebra-de-septiembre-a-diciembre-en-la-sala-de-armas\\\/\",\"url\":\"https:\\\/\\\/www.laguiadepamplona.com\\\/actualidad\\\/mujeres-de-todos-los-ambitos-artisticos-dialogan-en-el-ciclo-confluencias-miradas-hacia-otras-disciplinas-que-se-celebra-de-septiembre-a-diciembre-en-la-sala-de-armas\\\/\",\"name\":\"Mujeres de todos los \u00e1mbitos art\u00edsticos dialogan en el ciclo \u2018Confluencias: miradas hacia otras disciplinas\u2019, que se celebra de septiembre a diciembre en la Sala de Armas\",\"isPartOf\":{\"@id\":\"https:\\\/\\\/www.laguiadepamplona.com\\\/actualidad\\\/#website\"},\"primaryImageOfPage\":{\"@id\":\"https:\\\/\\\/www.laguiadepamplona.com\\\/actualidad\\\/mujeres-de-todos-los-ambitos-artisticos-dialogan-en-el-ciclo-confluencias-miradas-hacia-otras-disciplinas-que-se-celebra-de-septiembre-a-diciembre-en-la-sala-de-armas\\\/#primaryimage\"},\"image\":{\"@id\":\"https:\\\/\\\/www.laguiadepamplona.com\\\/actualidad\\\/mujeres-de-todos-los-ambitos-artisticos-dialogan-en-el-ciclo-confluencias-miradas-hacia-otras-disciplinas-que-se-celebra-de-septiembre-a-diciembre-en-la-sala-de-armas\\\/#primaryimage\"},\"thumbnailUrl\":\"https:\\\/\\\/www.laguiadepamplona.com\\\/actualidad\\\/wp-content\\\/uploads\\\/2024\\\/08\\\/240820rpconfluenciasq5a6221_0.webp\",\"datePublished\":\"2024-08-20T16:04:32+00:00\",\"description\":\"Las cuatro sesiones, gratuitas, tratan sobre teatro, arte y m\u00fasica, e incluyen la realizaci\u00f3n en directo del podcast \u2018Ciberlocutorio\u2019\",\"breadcrumb\":{\"@id\":\"https:\\\/\\\/www.laguiadepamplona.com\\\/actualidad\\\/mujeres-de-todos-los-ambitos-artisticos-dialogan-en-el-ciclo-confluencias-miradas-hacia-otras-disciplinas-que-se-celebra-de-septiembre-a-diciembre-en-la-sala-de-armas\\\/#breadcrumb\"},\"inLanguage\":\"es\",\"potentialAction\":[{\"@type\":\"ReadAction\",\"target\":[\"https:\\\/\\\/www.laguiadepamplona.com\\\/actualidad\\\/mujeres-de-todos-los-ambitos-artisticos-dialogan-en-el-ciclo-confluencias-miradas-hacia-otras-disciplinas-que-se-celebra-de-septiembre-a-diciembre-en-la-sala-de-armas\\\/\"]}]},{\"@type\":\"ImageObject\",\"inLanguage\":\"es\",\"@id\":\"https:\\\/\\\/www.laguiadepamplona.com\\\/actualidad\\\/mujeres-de-todos-los-ambitos-artisticos-dialogan-en-el-ciclo-confluencias-miradas-hacia-otras-disciplinas-que-se-celebra-de-septiembre-a-diciembre-en-la-sala-de-armas\\\/#primaryimage\",\"url\":\"https:\\\/\\\/www.laguiadepamplona.com\\\/actualidad\\\/wp-content\\\/uploads\\\/2024\\\/08\\\/240820rpconfluenciasq5a6221_0.webp\",\"contentUrl\":\"https:\\\/\\\/www.laguiadepamplona.com\\\/actualidad\\\/wp-content\\\/uploads\\\/2024\\\/08\\\/240820rpconfluenciasq5a6221_0.webp\",\"width\":1000,\"height\":667,\"caption\":\"confluencias\"},{\"@type\":\"BreadcrumbList\",\"@id\":\"https:\\\/\\\/www.laguiadepamplona.com\\\/actualidad\\\/mujeres-de-todos-los-ambitos-artisticos-dialogan-en-el-ciclo-confluencias-miradas-hacia-otras-disciplinas-que-se-celebra-de-septiembre-a-diciembre-en-la-sala-de-armas\\\/#breadcrumb\",\"itemListElement\":[{\"@type\":\"ListItem\",\"position\":1,\"name\":\"Portada\",\"item\":\"https:\\\/\\\/www.laguiadepamplona.com\\\/actualidad\\\/\"},{\"@type\":\"ListItem\",\"position\":2,\"name\":\"Mujeres de todos los \u00e1mbitos art\u00edsticos dialogan en el ciclo \u2018Confluencias: miradas hacia otras disciplinas\u2019, que se celebra de septiembre a diciembre en la Sala de Armas\"}]},{\"@type\":\"WebSite\",\"@id\":\"https:\\\/\\\/www.laguiadepamplona.com\\\/actualidad\\\/#website\",\"url\":\"https:\\\/\\\/www.laguiadepamplona.com\\\/actualidad\\\/\",\"name\":\"La gu\u00eda de Pamplona\",\"description\":\"Noticias de Pamplona\",\"publisher\":{\"@id\":\"https:\\\/\\\/www.laguiadepamplona.com\\\/actualidad\\\/#organization\"},\"potentialAction\":[{\"@type\":\"SearchAction\",\"target\":{\"@type\":\"EntryPoint\",\"urlTemplate\":\"https:\\\/\\\/www.laguiadepamplona.com\\\/actualidad\\\/?s={search_term_string}\"},\"query-input\":{\"@type\":\"PropertyValueSpecification\",\"valueRequired\":true,\"valueName\":\"search_term_string\"}}],\"inLanguage\":\"es\"},{\"@type\":\"Organization\",\"@id\":\"https:\\\/\\\/www.laguiadepamplona.com\\\/actualidad\\\/#organization\",\"name\":\"La Gu\u00eda de Pamplona \\\/ Noticias\",\"url\":\"https:\\\/\\\/www.laguiadepamplona.com\\\/actualidad\\\/\",\"logo\":{\"@type\":\"ImageObject\",\"inLanguage\":\"es\",\"@id\":\"https:\\\/\\\/www.laguiadepamplona.com\\\/actualidad\\\/#\\\/schema\\\/logo\\\/image\\\/\",\"url\":\"https:\\\/\\\/www.laguiadepamplona.com\\\/actualidad\\\/wp-content\\\/uploads\\\/2018\\\/11\\\/logo-laguiadepamplona18-web1.png\",\"contentUrl\":\"https:\\\/\\\/www.laguiadepamplona.com\\\/actualidad\\\/wp-content\\\/uploads\\\/2018\\\/11\\\/logo-laguiadepamplona18-web1.png\",\"width\":600,\"height\":196,\"caption\":\"La Gu\u00eda de Pamplona \\\/ Noticias\"},\"image\":{\"@id\":\"https:\\\/\\\/www.laguiadepamplona.com\\\/actualidad\\\/#\\\/schema\\\/logo\\\/image\\\/\"},\"sameAs\":[\"https:\\\/\\\/www.facebook.com\\\/laguiadepamplonacom-133175176762273\\\/?ref=hl\",\"https:\\\/\\\/x.com\\\/LaGuiadPamplona\",\"https:\\\/\\\/www.instagram.com\\\/la_guia_de_pamplona\\\/\",\"https:\\\/\\\/www.youtube.com\\\/user\\\/laguiadepamplona\"]},{\"@type\":\"Person\",\"@id\":\"https:\\\/\\\/www.laguiadepamplona.com\\\/actualidad\\\/#\\\/schema\\\/person\\\/efe887376f0213d4657c93adc50b1fdb\",\"name\":\"La Gu\u00eda de Pamplona\",\"image\":{\"@type\":\"ImageObject\",\"inLanguage\":\"es\",\"@id\":\"https:\\\/\\\/secure.gravatar.com\\\/avatar\\\/b6992f131dc8d30ab0dff15446e9d346d9dbd95992de0fef795073f5ea83a81c?s=96&d=mm&r=g\",\"url\":\"https:\\\/\\\/secure.gravatar.com\\\/avatar\\\/b6992f131dc8d30ab0dff15446e9d346d9dbd95992de0fef795073f5ea83a81c?s=96&d=mm&r=g\",\"contentUrl\":\"https:\\\/\\\/secure.gravatar.com\\\/avatar\\\/b6992f131dc8d30ab0dff15446e9d346d9dbd95992de0fef795073f5ea83a81c?s=96&d=mm&r=g\",\"caption\":\"La Gu\u00eda de Pamplona\"}}]}<\/script>\n<!-- \/ Yoast SEO plugin. -->","yoast_head_json":{"title":"Mujeres de todos los \u00e1mbitos art\u00edsticos dialogan en el ciclo \u2018Confluencias: miradas hacia otras disciplinas\u2019, que se celebra de septiembre a diciembre en la Sala de Armas","description":"Las cuatro sesiones, gratuitas, tratan sobre teatro, arte y m\u00fasica, e incluyen la realizaci\u00f3n en directo del podcast \u2018Ciberlocutorio\u2019","robots":{"index":"index","follow":"follow","max-snippet":"max-snippet:-1","max-image-preview":"max-image-preview:large","max-video-preview":"max-video-preview:-1"},"canonical":"https:\/\/www.laguiadepamplona.com\/actualidad\/mujeres-de-todos-los-ambitos-artisticos-dialogan-en-el-ciclo-confluencias-miradas-hacia-otras-disciplinas-que-se-celebra-de-septiembre-a-diciembre-en-la-sala-de-armas\/","og_locale":"es_ES","og_type":"article","og_title":"Mujeres de todos los \u00e1mbitos art\u00edsticos dialogan en el ciclo \u2018Confluencias: miradas hacia otras disciplinas\u2019, que se celebra de septiembre a diciembre en la Sala de Armas","og_description":"Las cuatro sesiones, gratuitas, tratan sobre teatro, arte y m\u00fasica, e incluyen la realizaci\u00f3n en directo del podcast \u2018Ciberlocutorio\u2019","og_url":"https:\/\/www.laguiadepamplona.com\/actualidad\/mujeres-de-todos-los-ambitos-artisticos-dialogan-en-el-ciclo-confluencias-miradas-hacia-otras-disciplinas-que-se-celebra-de-septiembre-a-diciembre-en-la-sala-de-armas\/","og_site_name":"La Gu\u00eda de Pamplona","article_publisher":"https:\/\/www.facebook.com\/laguiadepamplonacom-133175176762273\/?ref=hl","article_published_time":"2024-08-20T16:04:32+00:00","og_image":[{"width":1000,"height":667,"url":"https:\/\/www.laguiadepamplona.com\/actualidad\/wp-content\/uploads\/2024\/08\/240820rpconfluenciasq5a6221_0.webp","type":"image\/webp"}],"author":"La Gu\u00eda de Pamplona","twitter_card":"summary_large_image","twitter_creator":"@LaGuiadPamplona","twitter_site":"@LaGuiadPamplona","twitter_misc":{"Escrito por":"La Gu\u00eda de Pamplona","Tiempo de lectura":"4 minutos"},"schema":{"@context":"https:\/\/schema.org","@graph":[{"@type":"Article","@id":"https:\/\/www.laguiadepamplona.com\/actualidad\/mujeres-de-todos-los-ambitos-artisticos-dialogan-en-el-ciclo-confluencias-miradas-hacia-otras-disciplinas-que-se-celebra-de-septiembre-a-diciembre-en-la-sala-de-armas\/#article","isPartOf":{"@id":"https:\/\/www.laguiadepamplona.com\/actualidad\/mujeres-de-todos-los-ambitos-artisticos-dialogan-en-el-ciclo-confluencias-miradas-hacia-otras-disciplinas-que-se-celebra-de-septiembre-a-diciembre-en-la-sala-de-armas\/"},"author":{"name":"La Gu\u00eda de Pamplona","@id":"https:\/\/www.laguiadepamplona.com\/actualidad\/#\/schema\/person\/efe887376f0213d4657c93adc50b1fdb"},"headline":"Mujeres de todos los \u00e1mbitos art\u00edsticos dialogan en el ciclo \u2018Confluencias: miradas hacia otras disciplinas\u2019, que se celebra de septiembre a diciembre en la Sala de Armas","datePublished":"2024-08-20T16:04:32+00:00","mainEntityOfPage":{"@id":"https:\/\/www.laguiadepamplona.com\/actualidad\/mujeres-de-todos-los-ambitos-artisticos-dialogan-en-el-ciclo-confluencias-miradas-hacia-otras-disciplinas-que-se-celebra-de-septiembre-a-diciembre-en-la-sala-de-armas\/"},"wordCount":823,"commentCount":0,"publisher":{"@id":"https:\/\/www.laguiadepamplona.com\/actualidad\/#organization"},"image":{"@id":"https:\/\/www.laguiadepamplona.com\/actualidad\/mujeres-de-todos-los-ambitos-artisticos-dialogan-en-el-ciclo-confluencias-miradas-hacia-otras-disciplinas-que-se-celebra-de-septiembre-a-diciembre-en-la-sala-de-armas\/#primaryimage"},"thumbnailUrl":"https:\/\/www.laguiadepamplona.com\/actualidad\/wp-content\/uploads\/2024\/08\/240820rpconfluenciasq5a6221_0.webp","articleSection":["Ayto Pamplona"],"inLanguage":"es","potentialAction":[{"@type":"CommentAction","name":"Comment","target":["https:\/\/www.laguiadepamplona.com\/actualidad\/mujeres-de-todos-los-ambitos-artisticos-dialogan-en-el-ciclo-confluencias-miradas-hacia-otras-disciplinas-que-se-celebra-de-septiembre-a-diciembre-en-la-sala-de-armas\/#respond"]}]},{"@type":"WebPage","@id":"https:\/\/www.laguiadepamplona.com\/actualidad\/mujeres-de-todos-los-ambitos-artisticos-dialogan-en-el-ciclo-confluencias-miradas-hacia-otras-disciplinas-que-se-celebra-de-septiembre-a-diciembre-en-la-sala-de-armas\/","url":"https:\/\/www.laguiadepamplona.com\/actualidad\/mujeres-de-todos-los-ambitos-artisticos-dialogan-en-el-ciclo-confluencias-miradas-hacia-otras-disciplinas-que-se-celebra-de-septiembre-a-diciembre-en-la-sala-de-armas\/","name":"Mujeres de todos los \u00e1mbitos art\u00edsticos dialogan en el ciclo \u2018Confluencias: miradas hacia otras disciplinas\u2019, que se celebra de septiembre a diciembre en la Sala de Armas","isPartOf":{"@id":"https:\/\/www.laguiadepamplona.com\/actualidad\/#website"},"primaryImageOfPage":{"@id":"https:\/\/www.laguiadepamplona.com\/actualidad\/mujeres-de-todos-los-ambitos-artisticos-dialogan-en-el-ciclo-confluencias-miradas-hacia-otras-disciplinas-que-se-celebra-de-septiembre-a-diciembre-en-la-sala-de-armas\/#primaryimage"},"image":{"@id":"https:\/\/www.laguiadepamplona.com\/actualidad\/mujeres-de-todos-los-ambitos-artisticos-dialogan-en-el-ciclo-confluencias-miradas-hacia-otras-disciplinas-que-se-celebra-de-septiembre-a-diciembre-en-la-sala-de-armas\/#primaryimage"},"thumbnailUrl":"https:\/\/www.laguiadepamplona.com\/actualidad\/wp-content\/uploads\/2024\/08\/240820rpconfluenciasq5a6221_0.webp","datePublished":"2024-08-20T16:04:32+00:00","description":"Las cuatro sesiones, gratuitas, tratan sobre teatro, arte y m\u00fasica, e incluyen la realizaci\u00f3n en directo del podcast \u2018Ciberlocutorio\u2019","breadcrumb":{"@id":"https:\/\/www.laguiadepamplona.com\/actualidad\/mujeres-de-todos-los-ambitos-artisticos-dialogan-en-el-ciclo-confluencias-miradas-hacia-otras-disciplinas-que-se-celebra-de-septiembre-a-diciembre-en-la-sala-de-armas\/#breadcrumb"},"inLanguage":"es","potentialAction":[{"@type":"ReadAction","target":["https:\/\/www.laguiadepamplona.com\/actualidad\/mujeres-de-todos-los-ambitos-artisticos-dialogan-en-el-ciclo-confluencias-miradas-hacia-otras-disciplinas-que-se-celebra-de-septiembre-a-diciembre-en-la-sala-de-armas\/"]}]},{"@type":"ImageObject","inLanguage":"es","@id":"https:\/\/www.laguiadepamplona.com\/actualidad\/mujeres-de-todos-los-ambitos-artisticos-dialogan-en-el-ciclo-confluencias-miradas-hacia-otras-disciplinas-que-se-celebra-de-septiembre-a-diciembre-en-la-sala-de-armas\/#primaryimage","url":"https:\/\/www.laguiadepamplona.com\/actualidad\/wp-content\/uploads\/2024\/08\/240820rpconfluenciasq5a6221_0.webp","contentUrl":"https:\/\/www.laguiadepamplona.com\/actualidad\/wp-content\/uploads\/2024\/08\/240820rpconfluenciasq5a6221_0.webp","width":1000,"height":667,"caption":"confluencias"},{"@type":"BreadcrumbList","@id":"https:\/\/www.laguiadepamplona.com\/actualidad\/mujeres-de-todos-los-ambitos-artisticos-dialogan-en-el-ciclo-confluencias-miradas-hacia-otras-disciplinas-que-se-celebra-de-septiembre-a-diciembre-en-la-sala-de-armas\/#breadcrumb","itemListElement":[{"@type":"ListItem","position":1,"name":"Portada","item":"https:\/\/www.laguiadepamplona.com\/actualidad\/"},{"@type":"ListItem","position":2,"name":"Mujeres de todos los \u00e1mbitos art\u00edsticos dialogan en el ciclo \u2018Confluencias: miradas hacia otras disciplinas\u2019, que se celebra de septiembre a diciembre en la Sala de Armas"}]},{"@type":"WebSite","@id":"https:\/\/www.laguiadepamplona.com\/actualidad\/#website","url":"https:\/\/www.laguiadepamplona.com\/actualidad\/","name":"La gu\u00eda de Pamplona","description":"Noticias de Pamplona","publisher":{"@id":"https:\/\/www.laguiadepamplona.com\/actualidad\/#organization"},"potentialAction":[{"@type":"SearchAction","target":{"@type":"EntryPoint","urlTemplate":"https:\/\/www.laguiadepamplona.com\/actualidad\/?s={search_term_string}"},"query-input":{"@type":"PropertyValueSpecification","valueRequired":true,"valueName":"search_term_string"}}],"inLanguage":"es"},{"@type":"Organization","@id":"https:\/\/www.laguiadepamplona.com\/actualidad\/#organization","name":"La Gu\u00eda de Pamplona \/ Noticias","url":"https:\/\/www.laguiadepamplona.com\/actualidad\/","logo":{"@type":"ImageObject","inLanguage":"es","@id":"https:\/\/www.laguiadepamplona.com\/actualidad\/#\/schema\/logo\/image\/","url":"https:\/\/www.laguiadepamplona.com\/actualidad\/wp-content\/uploads\/2018\/11\/logo-laguiadepamplona18-web1.png","contentUrl":"https:\/\/www.laguiadepamplona.com\/actualidad\/wp-content\/uploads\/2018\/11\/logo-laguiadepamplona18-web1.png","width":600,"height":196,"caption":"La Gu\u00eda de Pamplona \/ Noticias"},"image":{"@id":"https:\/\/www.laguiadepamplona.com\/actualidad\/#\/schema\/logo\/image\/"},"sameAs":["https:\/\/www.facebook.com\/laguiadepamplonacom-133175176762273\/?ref=hl","https:\/\/x.com\/LaGuiadPamplona","https:\/\/www.instagram.com\/la_guia_de_pamplona\/","https:\/\/www.youtube.com\/user\/laguiadepamplona"]},{"@type":"Person","@id":"https:\/\/www.laguiadepamplona.com\/actualidad\/#\/schema\/person\/efe887376f0213d4657c93adc50b1fdb","name":"La Gu\u00eda de Pamplona","image":{"@type":"ImageObject","inLanguage":"es","@id":"https:\/\/secure.gravatar.com\/avatar\/b6992f131dc8d30ab0dff15446e9d346d9dbd95992de0fef795073f5ea83a81c?s=96&d=mm&r=g","url":"https:\/\/secure.gravatar.com\/avatar\/b6992f131dc8d30ab0dff15446e9d346d9dbd95992de0fef795073f5ea83a81c?s=96&d=mm&r=g","contentUrl":"https:\/\/secure.gravatar.com\/avatar\/b6992f131dc8d30ab0dff15446e9d346d9dbd95992de0fef795073f5ea83a81c?s=96&d=mm&r=g","caption":"La Gu\u00eda de Pamplona"}}]}},"post_mailing_queue_ids":[],"_links":{"self":[{"href":"https:\/\/www.laguiadepamplona.com\/actualidad\/wp-json\/wp\/v2\/posts\/50536","targetHints":{"allow":["GET"]}}],"collection":[{"href":"https:\/\/www.laguiadepamplona.com\/actualidad\/wp-json\/wp\/v2\/posts"}],"about":[{"href":"https:\/\/www.laguiadepamplona.com\/actualidad\/wp-json\/wp\/v2\/types\/post"}],"author":[{"embeddable":true,"href":"https:\/\/www.laguiadepamplona.com\/actualidad\/wp-json\/wp\/v2\/users\/1"}],"replies":[{"embeddable":true,"href":"https:\/\/www.laguiadepamplona.com\/actualidad\/wp-json\/wp\/v2\/comments?post=50536"}],"version-history":[{"count":1,"href":"https:\/\/www.laguiadepamplona.com\/actualidad\/wp-json\/wp\/v2\/posts\/50536\/revisions"}],"predecessor-version":[{"id":50538,"href":"https:\/\/www.laguiadepamplona.com\/actualidad\/wp-json\/wp\/v2\/posts\/50536\/revisions\/50538"}],"wp:featuredmedia":[{"embeddable":true,"href":"https:\/\/www.laguiadepamplona.com\/actualidad\/wp-json\/wp\/v2\/media\/50537"}],"wp:attachment":[{"href":"https:\/\/www.laguiadepamplona.com\/actualidad\/wp-json\/wp\/v2\/media?parent=50536"}],"wp:term":[{"taxonomy":"category","embeddable":true,"href":"https:\/\/www.laguiadepamplona.com\/actualidad\/wp-json\/wp\/v2\/categories?post=50536"},{"taxonomy":"post_tag","embeddable":true,"href":"https:\/\/www.laguiadepamplona.com\/actualidad\/wp-json\/wp\/v2\/tags?post=50536"}],"curies":[{"name":"wp","href":"https:\/\/api.w.org\/{rel}","templated":true}]}}