{"id":50522,"date":"2024-08-14T12:51:09","date_gmt":"2024-08-14T10:51:09","guid":{"rendered":"https:\/\/www.laguiadepamplona.com\/actualidad\/?p=50522"},"modified":"2024-08-14T12:51:09","modified_gmt":"2024-08-14T10:51:09","slug":"este-viernes-llega-a-la-vuelta-del-castillo-lanai-la-tercera-propuesta-musical-del-ciclo-enklaves","status":"publish","type":"post","link":"https:\/\/www.laguiadepamplona.com\/actualidad\/este-viernes-llega-a-la-vuelta-del-castillo-lanai-la-tercera-propuesta-musical-del-ciclo-enklaves\/","title":{"rendered":"Este viernes llega a la Vuelta del Castillo \u2018Lanai\u2019, la tercera propuesta musical del ciclo Enklaves"},"content":{"rendered":"<h2>La sesi\u00f3n responde un proyecto personal de Naiara Ruz a la que acompa\u00f1an los m\u00fasicos Jorge Perianes, Carlos Colina y Ra\u00fal Elizalde<\/h2>\n<p><!--more--><\/p>\n<p>El 16 de agosto llegar\u00e1 a la Vuelta del Castillo \u2018Lanai\u2019, un proyecto personal de Naiara Ruz (guitarra ac\u00fastica, ukelele, percusi\u00f3n y voz) a la que acompa\u00f1a sobre el escenario un tr\u00edo, el formado por los m\u00fasicos Jorge Perianes \u201cJorgito\u201d (contrabajo), Carlos Colina (Piano, \u00f3rgano Hammond, guitarra ac\u00fastica y voz y Ra\u00fal Elizalde (guitarra el\u00e9ctrica y guitarra ac\u00fastica).<\/p>\n<p>Ruz es una cantante, compositora, core\u00f3grafa y bailarina navarra que a lo largo de su carrera se ha movido por diferentes estilos desde el flamenco al pop o al rock pasando por el soul. Tambi\u00e9n ha participado en formaciones como Razkin, El Drogas, Jataja, El Portal de Jade. En esta cita en propuesta de formato tr\u00edo la acompa\u00f1an otros tres m\u00fasicos. Por un lado, Jorge Perianes, que cuenta con una ampl\u00edsima experiencia, enfocada principalmente al jazz, el flamenco y la m\u00fasica moderna y ha participado como m\u00fasico en producciones de estudio locales e internacionales. Adem\u00e1s, ha colaborado en diferentes agrupaciones multidisciplinares y en residencias art\u00edsticas de investigaci\u00f3n. En la actualidad se encuentra terminando sus estudios de contrabajo en la modalidad de Jazz en el Conservatorio Superior de Pamplona.<\/p>\n<p>Tambi\u00e9n pas\u00f3 por el conservatorio, el Pablo Sarasate, el m\u00fasico Carlos Colina, segundo integrante de este tr\u00edo. Colina ha participado en multitud de formaciones musicales como multiintrumentista y vocalista; Innerve, Barracus, Colina o Ciento volando. Colina es uno de los artistas locales m\u00e1s demandados como m\u00fasico de estudio, compositor y arreglista y ha participado en incontables grabaciones para agrupaciones musicales. Actualmente sigue tocando con Edu Errea, Gussy. Finalmente, Ra\u00fal Elizalde, guitarra el\u00e9ctrica y guitarra ac\u00fastica, es un instrumentista autodidacta con marcado estilo blues rock y, con m\u00e1s de 30 a\u00f1os de experiencia, es el m\u00e1s veterano de la formaci\u00f3n. Ha participado como guitarrista en innumerables agrupaciones musicales como La Prima Janis, Sonikete, Barracus, Ciento Volando. Como t\u00e9cnico de sonido ha realizado giras y conciertos locales e internacionales con agrupaciones como Barricada, Skalariak, Vendetta, El Drogas o Dr. Deseo<\/p>\n<p>El ciclo 2024 Elklaves est\u00e1 ofreciendo conciertos todos los viernes de agosto en diferentes ubicaciones de la Vuelta del Castillo, con entrada libre, a las 20 horas. Es una propuesta del Ayuntamiento de Pamplona para acercar a la ciudadan\u00eda grupos emergentes del panorama musical local, en escenarios naturales. En este caso el concierto tendr\u00e1 lugar en la zona verde que hay ante el baluarte Real<\/p>\n<h3><strong>Pr\u00f3ximos conciertos del ciclo EnKlaves<\/strong><\/h3>\n<ul>\n<li>Lugar: En distintos enclaves del Vuelta del Castillo<\/li>\n<li>Horario: A las 20 horas<\/li>\n<li>Todos los p\u00fablicos<\/li>\n<li>Entrada libre<\/li>\n<li>Programaci\u00f3n:\n<ul>\n<li>Viernes 16 de agosto. \u2018Lanai\u2019<\/li>\n<li>Viernes 23 de agosto. \u2018Bris\u2019<\/li>\n<\/ul>\n<\/li>\n<\/ul>\n","protected":false},"excerpt":{"rendered":"<p>La sesi\u00f3n responde un proyecto personal de Naiara Ruz a la que acompa\u00f1an los m\u00fasicos Jorge Perianes, Carlos Colina y Ra\u00fal Elizalde<\/p>\n","protected":false},"author":1,"featured_media":50420,"comment_status":"open","ping_status":"closed","sticky":false,"template":"","format":"standard","meta":{"footnotes":""},"categories":[2],"tags":[],"class_list":["post-50522","post","type-post","status-publish","format-standard","has-post-thumbnail","hentry","category-ayuntamiento-pamplona"],"yoast_head":"<!-- This site is optimized with the Yoast SEO plugin v27.3 - https:\/\/yoast.com\/product\/yoast-seo-wordpress\/ -->\n<title>Este viernes llega a la Vuelta del Castillo \u2018Lanai\u2019, la tercera propuesta musical del ciclo Enklaves<\/title>\n<meta name=\"description\" content=\"La sesi\u00f3n responde un proyecto personal de Naiara Ruz a la que acompa\u00f1an los m\u00fasicos Jorge Perianes, Carlos Colina y Ra\u00fal Elizalde\" \/>\n<meta name=\"robots\" content=\"index, follow, max-snippet:-1, max-image-preview:large, max-video-preview:-1\" \/>\n<link rel=\"canonical\" href=\"https:\/\/www.laguiadepamplona.com\/actualidad\/este-viernes-llega-a-la-vuelta-del-castillo-lanai-la-tercera-propuesta-musical-del-ciclo-enklaves\/\" \/>\n<meta property=\"og:locale\" content=\"es_ES\" \/>\n<meta property=\"og:type\" content=\"article\" \/>\n<meta property=\"og:title\" content=\"Este viernes llega a la Vuelta del Castillo \u2018Lanai\u2019, la tercera propuesta musical del ciclo Enklaves\" \/>\n<meta property=\"og:description\" content=\"La sesi\u00f3n responde un proyecto personal de Naiara Ruz a la que acompa\u00f1an los m\u00fasicos Jorge Perianes, Carlos Colina y Ra\u00fal Elizalde\" \/>\n<meta property=\"og:url\" content=\"https:\/\/www.laguiadepamplona.com\/actualidad\/este-viernes-llega-a-la-vuelta-del-castillo-lanai-la-tercera-propuesta-musical-del-ciclo-enklaves\/\" \/>\n<meta property=\"og:site_name\" content=\"La Gu\u00eda de Pamplona\" \/>\n<meta property=\"article:publisher\" content=\"https:\/\/www.facebook.com\/laguiadepamplonacom-133175176762273\/?ref=hl\" \/>\n<meta property=\"article:published_time\" content=\"2024-08-14T10:51:09+00:00\" \/>\n<meta property=\"og:image\" content=\"https:\/\/www.laguiadepamplona.com\/actualidad\/wp-content\/uploads\/2024\/08\/enklaves24lanai1.webp\" \/>\n\t<meta property=\"og:image:width\" content=\"1000\" \/>\n\t<meta property=\"og:image:height\" content=\"664\" \/>\n\t<meta property=\"og:image:type\" content=\"image\/webp\" \/>\n<meta name=\"author\" content=\"La Gu\u00eda de Pamplona\" \/>\n<meta name=\"twitter:card\" content=\"summary_large_image\" \/>\n<meta name=\"twitter:creator\" content=\"@LaGuiadPamplona\" \/>\n<meta name=\"twitter:site\" content=\"@LaGuiadPamplona\" \/>\n<meta name=\"twitter:label1\" content=\"Escrito por\" \/>\n\t<meta name=\"twitter:data1\" content=\"La Gu\u00eda de Pamplona\" \/>\n\t<meta name=\"twitter:label2\" content=\"Tiempo de lectura\" \/>\n\t<meta name=\"twitter:data2\" content=\"3 minutos\" \/>\n<script type=\"application\/ld+json\" class=\"yoast-schema-graph\">{\"@context\":\"https:\\\/\\\/schema.org\",\"@graph\":[{\"@type\":\"Article\",\"@id\":\"https:\\\/\\\/www.laguiadepamplona.com\\\/actualidad\\\/este-viernes-llega-a-la-vuelta-del-castillo-lanai-la-tercera-propuesta-musical-del-ciclo-enklaves\\\/#article\",\"isPartOf\":{\"@id\":\"https:\\\/\\\/www.laguiadepamplona.com\\\/actualidad\\\/este-viernes-llega-a-la-vuelta-del-castillo-lanai-la-tercera-propuesta-musical-del-ciclo-enklaves\\\/\"},\"author\":{\"name\":\"La Gu\u00eda de Pamplona\",\"@id\":\"https:\\\/\\\/www.laguiadepamplona.com\\\/actualidad\\\/#\\\/schema\\\/person\\\/efe887376f0213d4657c93adc50b1fdb\"},\"headline\":\"Este viernes llega a la Vuelta del Castillo \u2018Lanai\u2019, la tercera propuesta musical del ciclo Enklaves\",\"datePublished\":\"2024-08-14T10:51:09+00:00\",\"mainEntityOfPage\":{\"@id\":\"https:\\\/\\\/www.laguiadepamplona.com\\\/actualidad\\\/este-viernes-llega-a-la-vuelta-del-castillo-lanai-la-tercera-propuesta-musical-del-ciclo-enklaves\\\/\"},\"wordCount\":495,\"commentCount\":0,\"publisher\":{\"@id\":\"https:\\\/\\\/www.laguiadepamplona.com\\\/actualidad\\\/#organization\"},\"image\":{\"@id\":\"https:\\\/\\\/www.laguiadepamplona.com\\\/actualidad\\\/este-viernes-llega-a-la-vuelta-del-castillo-lanai-la-tercera-propuesta-musical-del-ciclo-enklaves\\\/#primaryimage\"},\"thumbnailUrl\":\"https:\\\/\\\/www.laguiadepamplona.com\\\/actualidad\\\/wp-content\\\/uploads\\\/2024\\\/08\\\/enklaves24lanai1.webp\",\"articleSection\":[\"Ayto Pamplona\"],\"inLanguage\":\"es\",\"potentialAction\":[{\"@type\":\"CommentAction\",\"name\":\"Comment\",\"target\":[\"https:\\\/\\\/www.laguiadepamplona.com\\\/actualidad\\\/este-viernes-llega-a-la-vuelta-del-castillo-lanai-la-tercera-propuesta-musical-del-ciclo-enklaves\\\/#respond\"]}]},{\"@type\":\"WebPage\",\"@id\":\"https:\\\/\\\/www.laguiadepamplona.com\\\/actualidad\\\/este-viernes-llega-a-la-vuelta-del-castillo-lanai-la-tercera-propuesta-musical-del-ciclo-enklaves\\\/\",\"url\":\"https:\\\/\\\/www.laguiadepamplona.com\\\/actualidad\\\/este-viernes-llega-a-la-vuelta-del-castillo-lanai-la-tercera-propuesta-musical-del-ciclo-enklaves\\\/\",\"name\":\"Este viernes llega a la Vuelta del Castillo \u2018Lanai\u2019, la tercera propuesta musical del ciclo Enklaves\",\"isPartOf\":{\"@id\":\"https:\\\/\\\/www.laguiadepamplona.com\\\/actualidad\\\/#website\"},\"primaryImageOfPage\":{\"@id\":\"https:\\\/\\\/www.laguiadepamplona.com\\\/actualidad\\\/este-viernes-llega-a-la-vuelta-del-castillo-lanai-la-tercera-propuesta-musical-del-ciclo-enklaves\\\/#primaryimage\"},\"image\":{\"@id\":\"https:\\\/\\\/www.laguiadepamplona.com\\\/actualidad\\\/este-viernes-llega-a-la-vuelta-del-castillo-lanai-la-tercera-propuesta-musical-del-ciclo-enklaves\\\/#primaryimage\"},\"thumbnailUrl\":\"https:\\\/\\\/www.laguiadepamplona.com\\\/actualidad\\\/wp-content\\\/uploads\\\/2024\\\/08\\\/enklaves24lanai1.webp\",\"datePublished\":\"2024-08-14T10:51:09+00:00\",\"description\":\"La sesi\u00f3n responde un proyecto personal de Naiara Ruz a la que acompa\u00f1an los m\u00fasicos Jorge Perianes, Carlos Colina y Ra\u00fal Elizalde\",\"breadcrumb\":{\"@id\":\"https:\\\/\\\/www.laguiadepamplona.com\\\/actualidad\\\/este-viernes-llega-a-la-vuelta-del-castillo-lanai-la-tercera-propuesta-musical-del-ciclo-enklaves\\\/#breadcrumb\"},\"inLanguage\":\"es\",\"potentialAction\":[{\"@type\":\"ReadAction\",\"target\":[\"https:\\\/\\\/www.laguiadepamplona.com\\\/actualidad\\\/este-viernes-llega-a-la-vuelta-del-castillo-lanai-la-tercera-propuesta-musical-del-ciclo-enklaves\\\/\"]}]},{\"@type\":\"ImageObject\",\"inLanguage\":\"es\",\"@id\":\"https:\\\/\\\/www.laguiadepamplona.com\\\/actualidad\\\/este-viernes-llega-a-la-vuelta-del-castillo-lanai-la-tercera-propuesta-musical-del-ciclo-enklaves\\\/#primaryimage\",\"url\":\"https:\\\/\\\/www.laguiadepamplona.com\\\/actualidad\\\/wp-content\\\/uploads\\\/2024\\\/08\\\/enklaves24lanai1.webp\",\"contentUrl\":\"https:\\\/\\\/www.laguiadepamplona.com\\\/actualidad\\\/wp-content\\\/uploads\\\/2024\\\/08\\\/enklaves24lanai1.webp\",\"width\":1000,\"height\":664,\"caption\":\"enklaves\"},{\"@type\":\"BreadcrumbList\",\"@id\":\"https:\\\/\\\/www.laguiadepamplona.com\\\/actualidad\\\/este-viernes-llega-a-la-vuelta-del-castillo-lanai-la-tercera-propuesta-musical-del-ciclo-enklaves\\\/#breadcrumb\",\"itemListElement\":[{\"@type\":\"ListItem\",\"position\":1,\"name\":\"Portada\",\"item\":\"https:\\\/\\\/www.laguiadepamplona.com\\\/actualidad\\\/\"},{\"@type\":\"ListItem\",\"position\":2,\"name\":\"Este viernes llega a la Vuelta del Castillo \u2018Lanai\u2019, la tercera propuesta musical del ciclo Enklaves\"}]},{\"@type\":\"WebSite\",\"@id\":\"https:\\\/\\\/www.laguiadepamplona.com\\\/actualidad\\\/#website\",\"url\":\"https:\\\/\\\/www.laguiadepamplona.com\\\/actualidad\\\/\",\"name\":\"La gu\u00eda de Pamplona\",\"description\":\"Noticias de Pamplona\",\"publisher\":{\"@id\":\"https:\\\/\\\/www.laguiadepamplona.com\\\/actualidad\\\/#organization\"},\"potentialAction\":[{\"@type\":\"SearchAction\",\"target\":{\"@type\":\"EntryPoint\",\"urlTemplate\":\"https:\\\/\\\/www.laguiadepamplona.com\\\/actualidad\\\/?s={search_term_string}\"},\"query-input\":{\"@type\":\"PropertyValueSpecification\",\"valueRequired\":true,\"valueName\":\"search_term_string\"}}],\"inLanguage\":\"es\"},{\"@type\":\"Organization\",\"@id\":\"https:\\\/\\\/www.laguiadepamplona.com\\\/actualidad\\\/#organization\",\"name\":\"La Gu\u00eda de Pamplona \\\/ Noticias\",\"url\":\"https:\\\/\\\/www.laguiadepamplona.com\\\/actualidad\\\/\",\"logo\":{\"@type\":\"ImageObject\",\"inLanguage\":\"es\",\"@id\":\"https:\\\/\\\/www.laguiadepamplona.com\\\/actualidad\\\/#\\\/schema\\\/logo\\\/image\\\/\",\"url\":\"https:\\\/\\\/www.laguiadepamplona.com\\\/actualidad\\\/wp-content\\\/uploads\\\/2018\\\/11\\\/logo-laguiadepamplona18-web1.png\",\"contentUrl\":\"https:\\\/\\\/www.laguiadepamplona.com\\\/actualidad\\\/wp-content\\\/uploads\\\/2018\\\/11\\\/logo-laguiadepamplona18-web1.png\",\"width\":600,\"height\":196,\"caption\":\"La Gu\u00eda de Pamplona \\\/ Noticias\"},\"image\":{\"@id\":\"https:\\\/\\\/www.laguiadepamplona.com\\\/actualidad\\\/#\\\/schema\\\/logo\\\/image\\\/\"},\"sameAs\":[\"https:\\\/\\\/www.facebook.com\\\/laguiadepamplonacom-133175176762273\\\/?ref=hl\",\"https:\\\/\\\/x.com\\\/LaGuiadPamplona\",\"https:\\\/\\\/www.instagram.com\\\/la_guia_de_pamplona\\\/\",\"https:\\\/\\\/www.youtube.com\\\/user\\\/laguiadepamplona\"]},{\"@type\":\"Person\",\"@id\":\"https:\\\/\\\/www.laguiadepamplona.com\\\/actualidad\\\/#\\\/schema\\\/person\\\/efe887376f0213d4657c93adc50b1fdb\",\"name\":\"La Gu\u00eda de Pamplona\",\"image\":{\"@type\":\"ImageObject\",\"inLanguage\":\"es\",\"@id\":\"https:\\\/\\\/secure.gravatar.com\\\/avatar\\\/b6992f131dc8d30ab0dff15446e9d346d9dbd95992de0fef795073f5ea83a81c?s=96&d=mm&r=g\",\"url\":\"https:\\\/\\\/secure.gravatar.com\\\/avatar\\\/b6992f131dc8d30ab0dff15446e9d346d9dbd95992de0fef795073f5ea83a81c?s=96&d=mm&r=g\",\"contentUrl\":\"https:\\\/\\\/secure.gravatar.com\\\/avatar\\\/b6992f131dc8d30ab0dff15446e9d346d9dbd95992de0fef795073f5ea83a81c?s=96&d=mm&r=g\",\"caption\":\"La Gu\u00eda de Pamplona\"}}]}<\/script>\n<!-- \/ Yoast SEO plugin. -->","yoast_head_json":{"title":"Este viernes llega a la Vuelta del Castillo \u2018Lanai\u2019, la tercera propuesta musical del ciclo Enklaves","description":"La sesi\u00f3n responde un proyecto personal de Naiara Ruz a la que acompa\u00f1an los m\u00fasicos Jorge Perianes, Carlos Colina y Ra\u00fal Elizalde","robots":{"index":"index","follow":"follow","max-snippet":"max-snippet:-1","max-image-preview":"max-image-preview:large","max-video-preview":"max-video-preview:-1"},"canonical":"https:\/\/www.laguiadepamplona.com\/actualidad\/este-viernes-llega-a-la-vuelta-del-castillo-lanai-la-tercera-propuesta-musical-del-ciclo-enklaves\/","og_locale":"es_ES","og_type":"article","og_title":"Este viernes llega a la Vuelta del Castillo \u2018Lanai\u2019, la tercera propuesta musical del ciclo Enklaves","og_description":"La sesi\u00f3n responde un proyecto personal de Naiara Ruz a la que acompa\u00f1an los m\u00fasicos Jorge Perianes, Carlos Colina y Ra\u00fal Elizalde","og_url":"https:\/\/www.laguiadepamplona.com\/actualidad\/este-viernes-llega-a-la-vuelta-del-castillo-lanai-la-tercera-propuesta-musical-del-ciclo-enklaves\/","og_site_name":"La Gu\u00eda de Pamplona","article_publisher":"https:\/\/www.facebook.com\/laguiadepamplonacom-133175176762273\/?ref=hl","article_published_time":"2024-08-14T10:51:09+00:00","og_image":[{"width":1000,"height":664,"url":"https:\/\/www.laguiadepamplona.com\/actualidad\/wp-content\/uploads\/2024\/08\/enklaves24lanai1.webp","type":"image\/webp"}],"author":"La Gu\u00eda de Pamplona","twitter_card":"summary_large_image","twitter_creator":"@LaGuiadPamplona","twitter_site":"@LaGuiadPamplona","twitter_misc":{"Escrito por":"La Gu\u00eda de Pamplona","Tiempo de lectura":"3 minutos"},"schema":{"@context":"https:\/\/schema.org","@graph":[{"@type":"Article","@id":"https:\/\/www.laguiadepamplona.com\/actualidad\/este-viernes-llega-a-la-vuelta-del-castillo-lanai-la-tercera-propuesta-musical-del-ciclo-enklaves\/#article","isPartOf":{"@id":"https:\/\/www.laguiadepamplona.com\/actualidad\/este-viernes-llega-a-la-vuelta-del-castillo-lanai-la-tercera-propuesta-musical-del-ciclo-enklaves\/"},"author":{"name":"La Gu\u00eda de Pamplona","@id":"https:\/\/www.laguiadepamplona.com\/actualidad\/#\/schema\/person\/efe887376f0213d4657c93adc50b1fdb"},"headline":"Este viernes llega a la Vuelta del Castillo \u2018Lanai\u2019, la tercera propuesta musical del ciclo Enklaves","datePublished":"2024-08-14T10:51:09+00:00","mainEntityOfPage":{"@id":"https:\/\/www.laguiadepamplona.com\/actualidad\/este-viernes-llega-a-la-vuelta-del-castillo-lanai-la-tercera-propuesta-musical-del-ciclo-enklaves\/"},"wordCount":495,"commentCount":0,"publisher":{"@id":"https:\/\/www.laguiadepamplona.com\/actualidad\/#organization"},"image":{"@id":"https:\/\/www.laguiadepamplona.com\/actualidad\/este-viernes-llega-a-la-vuelta-del-castillo-lanai-la-tercera-propuesta-musical-del-ciclo-enklaves\/#primaryimage"},"thumbnailUrl":"https:\/\/www.laguiadepamplona.com\/actualidad\/wp-content\/uploads\/2024\/08\/enklaves24lanai1.webp","articleSection":["Ayto Pamplona"],"inLanguage":"es","potentialAction":[{"@type":"CommentAction","name":"Comment","target":["https:\/\/www.laguiadepamplona.com\/actualidad\/este-viernes-llega-a-la-vuelta-del-castillo-lanai-la-tercera-propuesta-musical-del-ciclo-enklaves\/#respond"]}]},{"@type":"WebPage","@id":"https:\/\/www.laguiadepamplona.com\/actualidad\/este-viernes-llega-a-la-vuelta-del-castillo-lanai-la-tercera-propuesta-musical-del-ciclo-enklaves\/","url":"https:\/\/www.laguiadepamplona.com\/actualidad\/este-viernes-llega-a-la-vuelta-del-castillo-lanai-la-tercera-propuesta-musical-del-ciclo-enklaves\/","name":"Este viernes llega a la Vuelta del Castillo \u2018Lanai\u2019, la tercera propuesta musical del ciclo Enklaves","isPartOf":{"@id":"https:\/\/www.laguiadepamplona.com\/actualidad\/#website"},"primaryImageOfPage":{"@id":"https:\/\/www.laguiadepamplona.com\/actualidad\/este-viernes-llega-a-la-vuelta-del-castillo-lanai-la-tercera-propuesta-musical-del-ciclo-enklaves\/#primaryimage"},"image":{"@id":"https:\/\/www.laguiadepamplona.com\/actualidad\/este-viernes-llega-a-la-vuelta-del-castillo-lanai-la-tercera-propuesta-musical-del-ciclo-enklaves\/#primaryimage"},"thumbnailUrl":"https:\/\/www.laguiadepamplona.com\/actualidad\/wp-content\/uploads\/2024\/08\/enklaves24lanai1.webp","datePublished":"2024-08-14T10:51:09+00:00","description":"La sesi\u00f3n responde un proyecto personal de Naiara Ruz a la que acompa\u00f1an los m\u00fasicos Jorge Perianes, Carlos Colina y Ra\u00fal Elizalde","breadcrumb":{"@id":"https:\/\/www.laguiadepamplona.com\/actualidad\/este-viernes-llega-a-la-vuelta-del-castillo-lanai-la-tercera-propuesta-musical-del-ciclo-enklaves\/#breadcrumb"},"inLanguage":"es","potentialAction":[{"@type":"ReadAction","target":["https:\/\/www.laguiadepamplona.com\/actualidad\/este-viernes-llega-a-la-vuelta-del-castillo-lanai-la-tercera-propuesta-musical-del-ciclo-enklaves\/"]}]},{"@type":"ImageObject","inLanguage":"es","@id":"https:\/\/www.laguiadepamplona.com\/actualidad\/este-viernes-llega-a-la-vuelta-del-castillo-lanai-la-tercera-propuesta-musical-del-ciclo-enklaves\/#primaryimage","url":"https:\/\/www.laguiadepamplona.com\/actualidad\/wp-content\/uploads\/2024\/08\/enklaves24lanai1.webp","contentUrl":"https:\/\/www.laguiadepamplona.com\/actualidad\/wp-content\/uploads\/2024\/08\/enklaves24lanai1.webp","width":1000,"height":664,"caption":"enklaves"},{"@type":"BreadcrumbList","@id":"https:\/\/www.laguiadepamplona.com\/actualidad\/este-viernes-llega-a-la-vuelta-del-castillo-lanai-la-tercera-propuesta-musical-del-ciclo-enklaves\/#breadcrumb","itemListElement":[{"@type":"ListItem","position":1,"name":"Portada","item":"https:\/\/www.laguiadepamplona.com\/actualidad\/"},{"@type":"ListItem","position":2,"name":"Este viernes llega a la Vuelta del Castillo \u2018Lanai\u2019, la tercera propuesta musical del ciclo Enklaves"}]},{"@type":"WebSite","@id":"https:\/\/www.laguiadepamplona.com\/actualidad\/#website","url":"https:\/\/www.laguiadepamplona.com\/actualidad\/","name":"La gu\u00eda de Pamplona","description":"Noticias de Pamplona","publisher":{"@id":"https:\/\/www.laguiadepamplona.com\/actualidad\/#organization"},"potentialAction":[{"@type":"SearchAction","target":{"@type":"EntryPoint","urlTemplate":"https:\/\/www.laguiadepamplona.com\/actualidad\/?s={search_term_string}"},"query-input":{"@type":"PropertyValueSpecification","valueRequired":true,"valueName":"search_term_string"}}],"inLanguage":"es"},{"@type":"Organization","@id":"https:\/\/www.laguiadepamplona.com\/actualidad\/#organization","name":"La Gu\u00eda de Pamplona \/ Noticias","url":"https:\/\/www.laguiadepamplona.com\/actualidad\/","logo":{"@type":"ImageObject","inLanguage":"es","@id":"https:\/\/www.laguiadepamplona.com\/actualidad\/#\/schema\/logo\/image\/","url":"https:\/\/www.laguiadepamplona.com\/actualidad\/wp-content\/uploads\/2018\/11\/logo-laguiadepamplona18-web1.png","contentUrl":"https:\/\/www.laguiadepamplona.com\/actualidad\/wp-content\/uploads\/2018\/11\/logo-laguiadepamplona18-web1.png","width":600,"height":196,"caption":"La Gu\u00eda de Pamplona \/ Noticias"},"image":{"@id":"https:\/\/www.laguiadepamplona.com\/actualidad\/#\/schema\/logo\/image\/"},"sameAs":["https:\/\/www.facebook.com\/laguiadepamplonacom-133175176762273\/?ref=hl","https:\/\/x.com\/LaGuiadPamplona","https:\/\/www.instagram.com\/la_guia_de_pamplona\/","https:\/\/www.youtube.com\/user\/laguiadepamplona"]},{"@type":"Person","@id":"https:\/\/www.laguiadepamplona.com\/actualidad\/#\/schema\/person\/efe887376f0213d4657c93adc50b1fdb","name":"La Gu\u00eda de Pamplona","image":{"@type":"ImageObject","inLanguage":"es","@id":"https:\/\/secure.gravatar.com\/avatar\/b6992f131dc8d30ab0dff15446e9d346d9dbd95992de0fef795073f5ea83a81c?s=96&d=mm&r=g","url":"https:\/\/secure.gravatar.com\/avatar\/b6992f131dc8d30ab0dff15446e9d346d9dbd95992de0fef795073f5ea83a81c?s=96&d=mm&r=g","contentUrl":"https:\/\/secure.gravatar.com\/avatar\/b6992f131dc8d30ab0dff15446e9d346d9dbd95992de0fef795073f5ea83a81c?s=96&d=mm&r=g","caption":"La Gu\u00eda de Pamplona"}}]}},"post_mailing_queue_ids":[],"_links":{"self":[{"href":"https:\/\/www.laguiadepamplona.com\/actualidad\/wp-json\/wp\/v2\/posts\/50522","targetHints":{"allow":["GET"]}}],"collection":[{"href":"https:\/\/www.laguiadepamplona.com\/actualidad\/wp-json\/wp\/v2\/posts"}],"about":[{"href":"https:\/\/www.laguiadepamplona.com\/actualidad\/wp-json\/wp\/v2\/types\/post"}],"author":[{"embeddable":true,"href":"https:\/\/www.laguiadepamplona.com\/actualidad\/wp-json\/wp\/v2\/users\/1"}],"replies":[{"embeddable":true,"href":"https:\/\/www.laguiadepamplona.com\/actualidad\/wp-json\/wp\/v2\/comments?post=50522"}],"version-history":[{"count":1,"href":"https:\/\/www.laguiadepamplona.com\/actualidad\/wp-json\/wp\/v2\/posts\/50522\/revisions"}],"predecessor-version":[{"id":50523,"href":"https:\/\/www.laguiadepamplona.com\/actualidad\/wp-json\/wp\/v2\/posts\/50522\/revisions\/50523"}],"wp:featuredmedia":[{"embeddable":true,"href":"https:\/\/www.laguiadepamplona.com\/actualidad\/wp-json\/wp\/v2\/media\/50420"}],"wp:attachment":[{"href":"https:\/\/www.laguiadepamplona.com\/actualidad\/wp-json\/wp\/v2\/media?parent=50522"}],"wp:term":[{"taxonomy":"category","embeddable":true,"href":"https:\/\/www.laguiadepamplona.com\/actualidad\/wp-json\/wp\/v2\/categories?post=50522"},{"taxonomy":"post_tag","embeddable":true,"href":"https:\/\/www.laguiadepamplona.com\/actualidad\/wp-json\/wp\/v2\/tags?post=50522"}],"curies":[{"name":"wp","href":"https:\/\/api.w.org\/{rel}","templated":true}]}}