{"id":50519,"date":"2024-08-14T12:44:20","date_gmt":"2024-08-14T10:44:20","guid":{"rendered":"https:\/\/www.laguiadepamplona.com\/actualidad\/?p=50519"},"modified":"2024-08-14T12:44:20","modified_gmt":"2024-08-14T10:44:20","slug":"la-danza-contemporanea-y-suspendida-de-maitane-sarralde-llega-este-viernes-a-la-plaza-de-la-virgen-de-la-0","status":"publish","type":"post","link":"https:\/\/www.laguiadepamplona.com\/actualidad\/la-danza-contemporanea-y-suspendida-de-maitane-sarralde-llega-este-viernes-a-la-plaza-de-la-virgen-de-la-0\/","title":{"rendered":"La danza contempor\u00e1nea y suspendida de Maitane Sarralde llega este viernes a la plaza de la Virgen de la 0"},"content":{"rendered":"<h2>La obra \u2018Des\u00aanuda\u2019 es la propuesta para esta semana del ciclo de actividades Atardecer Pamplona<\/h2>\n<p><!--more--><\/p>\n<p>\u2018Des\u00aanuda\u2019 es la obra programada para la pr\u00f3xima sesi\u00f3n de Atardecer Pamplona, un espect\u00e1culo de danza contempor\u00e1nea y suspendida que trata sobre el nudo y la entrega al vac\u00edo desnudo. Maitane Sarralde interact\u00faa con la estructura flotante y los elementos pendulares que cuelgan de su armaz\u00f3n en una danza a\u00e9rea. Sus movimientos componen una pieza interdisciplinar que investiga sobre el cuerpo ingr\u00e1vido y las m\u00faltiples corporalidades ante el estrangulamiento de un nudo y la inestabilidad que provoca. \u2018Des\u00aanuda\u2019 es un cuerpo anudado en busca del cabo suelto; un estudio sobre los improbables horizontes cuando no hay conciencia del cuerpo y su contorno.<\/p>\n<p>Tras haber trabajado como bailarina e int\u00e9rprete en diversos proyectos y compa\u00f1\u00edas nacionales e internacionales (Marie de Jongh, CIA Yskinna, Magalie Lanrriot, Beco Cabaret, La Glo Zirko&#8230;) Maitane Sarralde decide sumergirse en una propuesta unipersonal como creadora e int\u00e9rprete. Es un ejercicio en el que integrar nuevas pr\u00e1cticas junto al equipo t\u00e9cnico y art\u00edstico que compone \u2018Des\u00aanuda\u2019, su primera creaci\u00f3n. Este espect\u00e1culo nace en la b\u00fasqueda de nuevas formas de explorar la danza con arn\u00e9s y las din\u00e1micas que la rigen. El p\u00e9ndulo, la ca\u00edda, la ingravidez y la suspensi\u00f3n. Partiendo de la materia y los elementos con los que trabajan, se genera un discurso com\u00fan en torno al nudo y los elementos \u201cpendientes\u201d.<\/p>\n<p>Por octavo a\u00f1o consecutivo el Festival de las Murallas propone en los viernes de agosto citas al atardecer en la plaza de la Virgen de la O. \u2018Atardecer Pamplona\u2019 es una acci\u00f3n cultural gratuita al aire libre que integra algunas de las claves m\u00e1s importantes en la sociedad del futuro: ciencia, arte, nuevas tecnolog\u00edas y energ\u00edas renovables. La propuesta del Ayuntamiento de Pamplona se realiza en colaboraci\u00f3n con el colectivo conCienciaArte y tiene lugar a las 20 horas.<\/p>\n<h3><strong>Atardecer Pamplona. Plaza Virgen de la O. Viernes, 20 horas<\/strong><\/h3>\n<ul>\n<li><strong>Viernes 9 de agosto.<\/strong> \u2018O2 Oxygen\u2019, con la compa\u00f1\u00eda PIA Ecolog\u00eda y circo<\/li>\n<li><strong>Viernes 16 de agosto.<\/strong> \u2018Des\u00aanuda\u2019, con Maitane Sarralde. Danza contempor\u00e1neo y circo<\/li>\n<li><strong>Viernes 23 de agosto<\/strong>. \u2018Ardatzak (Ejes)\u2019, con la compa\u00f1\u00eda Zirkozaurre. Circo y acrobacias<\/li>\n<\/ul>\n","protected":false},"excerpt":{"rendered":"<p>La obra \u2018Des\u00aanuda\u2019 es la propuesta para esta semana del ciclo de actividades Atardecer Pamplona<\/p>\n","protected":false},"author":1,"featured_media":50520,"comment_status":"open","ping_status":"closed","sticky":false,"template":"","format":"standard","meta":{"footnotes":""},"categories":[2],"tags":[],"class_list":["post-50519","post","type-post","status-publish","format-standard","has-post-thumbnail","hentry","category-ayuntamiento-pamplona"],"yoast_head":"<!-- This site is optimized with the Yoast SEO plugin v27.3 - https:\/\/yoast.com\/product\/yoast-seo-wordpress\/ -->\n<title>La danza contempor\u00e1nea y suspendida de Maitane Sarralde llega este viernes a la plaza de la Virgen de la 0<\/title>\n<meta name=\"description\" content=\"La obra \u2018Des\u00aanuda\u2019 es la propuesta para esta semana del ciclo de actividades Atardecer Pamplona\" \/>\n<meta name=\"robots\" content=\"index, follow, max-snippet:-1, max-image-preview:large, max-video-preview:-1\" \/>\n<link rel=\"canonical\" href=\"https:\/\/www.laguiadepamplona.com\/actualidad\/la-danza-contemporanea-y-suspendida-de-maitane-sarralde-llega-este-viernes-a-la-plaza-de-la-virgen-de-la-0\/\" \/>\n<meta property=\"og:locale\" content=\"es_ES\" \/>\n<meta property=\"og:type\" content=\"article\" \/>\n<meta property=\"og:title\" content=\"La danza contempor\u00e1nea y suspendida de Maitane Sarralde llega este viernes a la plaza de la Virgen de la 0\" \/>\n<meta property=\"og:description\" content=\"La obra \u2018Des\u00aanuda\u2019 es la propuesta para esta semana del ciclo de actividades Atardecer Pamplona\" \/>\n<meta property=\"og:url\" content=\"https:\/\/www.laguiadepamplona.com\/actualidad\/la-danza-contemporanea-y-suspendida-de-maitane-sarralde-llega-este-viernes-a-la-plaza-de-la-virgen-de-la-0\/\" \/>\n<meta property=\"og:site_name\" content=\"La Gu\u00eda de Pamplona\" \/>\n<meta property=\"article:publisher\" content=\"https:\/\/www.facebook.com\/laguiadepamplonacom-133175176762273\/?ref=hl\" \/>\n<meta property=\"article:published_time\" content=\"2024-08-14T10:44:20+00:00\" \/>\n<meta property=\"og:image\" content=\"https:\/\/www.laguiadepamplona.com\/actualidad\/wp-content\/uploads\/2024\/08\/atardecer-web.webp\" \/>\n\t<meta property=\"og:image:width\" content=\"1000\" \/>\n\t<meta property=\"og:image:height\" content=\"667\" \/>\n\t<meta property=\"og:image:type\" content=\"image\/webp\" \/>\n<meta name=\"author\" content=\"La Gu\u00eda de Pamplona\" \/>\n<meta name=\"twitter:card\" content=\"summary_large_image\" \/>\n<meta name=\"twitter:creator\" content=\"@LaGuiadPamplona\" \/>\n<meta name=\"twitter:site\" content=\"@LaGuiadPamplona\" \/>\n<meta name=\"twitter:label1\" content=\"Escrito por\" \/>\n\t<meta name=\"twitter:data1\" content=\"La Gu\u00eda de Pamplona\" \/>\n\t<meta name=\"twitter:label2\" content=\"Tiempo de lectura\" \/>\n\t<meta name=\"twitter:data2\" content=\"2 minutos\" \/>\n<script type=\"application\/ld+json\" class=\"yoast-schema-graph\">{\"@context\":\"https:\\\/\\\/schema.org\",\"@graph\":[{\"@type\":\"Article\",\"@id\":\"https:\\\/\\\/www.laguiadepamplona.com\\\/actualidad\\\/la-danza-contemporanea-y-suspendida-de-maitane-sarralde-llega-este-viernes-a-la-plaza-de-la-virgen-de-la-0\\\/#article\",\"isPartOf\":{\"@id\":\"https:\\\/\\\/www.laguiadepamplona.com\\\/actualidad\\\/la-danza-contemporanea-y-suspendida-de-maitane-sarralde-llega-este-viernes-a-la-plaza-de-la-virgen-de-la-0\\\/\"},\"author\":{\"name\":\"La Gu\u00eda de Pamplona\",\"@id\":\"https:\\\/\\\/www.laguiadepamplona.com\\\/actualidad\\\/#\\\/schema\\\/person\\\/efe887376f0213d4657c93adc50b1fdb\"},\"headline\":\"La danza contempor\u00e1nea y suspendida de Maitane Sarralde llega este viernes a la plaza de la Virgen de la 0\",\"datePublished\":\"2024-08-14T10:44:20+00:00\",\"mainEntityOfPage\":{\"@id\":\"https:\\\/\\\/www.laguiadepamplona.com\\\/actualidad\\\/la-danza-contemporanea-y-suspendida-de-maitane-sarralde-llega-este-viernes-a-la-plaza-de-la-virgen-de-la-0\\\/\"},\"wordCount\":412,\"commentCount\":0,\"publisher\":{\"@id\":\"https:\\\/\\\/www.laguiadepamplona.com\\\/actualidad\\\/#organization\"},\"image\":{\"@id\":\"https:\\\/\\\/www.laguiadepamplona.com\\\/actualidad\\\/la-danza-contemporanea-y-suspendida-de-maitane-sarralde-llega-este-viernes-a-la-plaza-de-la-virgen-de-la-0\\\/#primaryimage\"},\"thumbnailUrl\":\"https:\\\/\\\/www.laguiadepamplona.com\\\/actualidad\\\/wp-content\\\/uploads\\\/2024\\\/08\\\/atardecer-web.webp\",\"articleSection\":[\"Ayto Pamplona\"],\"inLanguage\":\"es\",\"potentialAction\":[{\"@type\":\"CommentAction\",\"name\":\"Comment\",\"target\":[\"https:\\\/\\\/www.laguiadepamplona.com\\\/actualidad\\\/la-danza-contemporanea-y-suspendida-de-maitane-sarralde-llega-este-viernes-a-la-plaza-de-la-virgen-de-la-0\\\/#respond\"]}]},{\"@type\":\"WebPage\",\"@id\":\"https:\\\/\\\/www.laguiadepamplona.com\\\/actualidad\\\/la-danza-contemporanea-y-suspendida-de-maitane-sarralde-llega-este-viernes-a-la-plaza-de-la-virgen-de-la-0\\\/\",\"url\":\"https:\\\/\\\/www.laguiadepamplona.com\\\/actualidad\\\/la-danza-contemporanea-y-suspendida-de-maitane-sarralde-llega-este-viernes-a-la-plaza-de-la-virgen-de-la-0\\\/\",\"name\":\"La danza contempor\u00e1nea y suspendida de Maitane Sarralde llega este viernes a la plaza de la Virgen de la 0\",\"isPartOf\":{\"@id\":\"https:\\\/\\\/www.laguiadepamplona.com\\\/actualidad\\\/#website\"},\"primaryImageOfPage\":{\"@id\":\"https:\\\/\\\/www.laguiadepamplona.com\\\/actualidad\\\/la-danza-contemporanea-y-suspendida-de-maitane-sarralde-llega-este-viernes-a-la-plaza-de-la-virgen-de-la-0\\\/#primaryimage\"},\"image\":{\"@id\":\"https:\\\/\\\/www.laguiadepamplona.com\\\/actualidad\\\/la-danza-contemporanea-y-suspendida-de-maitane-sarralde-llega-este-viernes-a-la-plaza-de-la-virgen-de-la-0\\\/#primaryimage\"},\"thumbnailUrl\":\"https:\\\/\\\/www.laguiadepamplona.com\\\/actualidad\\\/wp-content\\\/uploads\\\/2024\\\/08\\\/atardecer-web.webp\",\"datePublished\":\"2024-08-14T10:44:20+00:00\",\"description\":\"La obra \u2018Des\u00aanuda\u2019 es la propuesta para esta semana del ciclo de actividades Atardecer Pamplona\",\"breadcrumb\":{\"@id\":\"https:\\\/\\\/www.laguiadepamplona.com\\\/actualidad\\\/la-danza-contemporanea-y-suspendida-de-maitane-sarralde-llega-este-viernes-a-la-plaza-de-la-virgen-de-la-0\\\/#breadcrumb\"},\"inLanguage\":\"es\",\"potentialAction\":[{\"@type\":\"ReadAction\",\"target\":[\"https:\\\/\\\/www.laguiadepamplona.com\\\/actualidad\\\/la-danza-contemporanea-y-suspendida-de-maitane-sarralde-llega-este-viernes-a-la-plaza-de-la-virgen-de-la-0\\\/\"]}]},{\"@type\":\"ImageObject\",\"inLanguage\":\"es\",\"@id\":\"https:\\\/\\\/www.laguiadepamplona.com\\\/actualidad\\\/la-danza-contemporanea-y-suspendida-de-maitane-sarralde-llega-este-viernes-a-la-plaza-de-la-virgen-de-la-0\\\/#primaryimage\",\"url\":\"https:\\\/\\\/www.laguiadepamplona.com\\\/actualidad\\\/wp-content\\\/uploads\\\/2024\\\/08\\\/atardecer-web.webp\",\"contentUrl\":\"https:\\\/\\\/www.laguiadepamplona.com\\\/actualidad\\\/wp-content\\\/uploads\\\/2024\\\/08\\\/atardecer-web.webp\",\"width\":1000,\"height\":667,\"caption\":\"atardecer danza\"},{\"@type\":\"BreadcrumbList\",\"@id\":\"https:\\\/\\\/www.laguiadepamplona.com\\\/actualidad\\\/la-danza-contemporanea-y-suspendida-de-maitane-sarralde-llega-este-viernes-a-la-plaza-de-la-virgen-de-la-0\\\/#breadcrumb\",\"itemListElement\":[{\"@type\":\"ListItem\",\"position\":1,\"name\":\"Portada\",\"item\":\"https:\\\/\\\/www.laguiadepamplona.com\\\/actualidad\\\/\"},{\"@type\":\"ListItem\",\"position\":2,\"name\":\"La danza contempor\u00e1nea y suspendida de Maitane Sarralde llega este viernes a la plaza de la Virgen de la 0\"}]},{\"@type\":\"WebSite\",\"@id\":\"https:\\\/\\\/www.laguiadepamplona.com\\\/actualidad\\\/#website\",\"url\":\"https:\\\/\\\/www.laguiadepamplona.com\\\/actualidad\\\/\",\"name\":\"La gu\u00eda de Pamplona\",\"description\":\"Noticias de Pamplona\",\"publisher\":{\"@id\":\"https:\\\/\\\/www.laguiadepamplona.com\\\/actualidad\\\/#organization\"},\"potentialAction\":[{\"@type\":\"SearchAction\",\"target\":{\"@type\":\"EntryPoint\",\"urlTemplate\":\"https:\\\/\\\/www.laguiadepamplona.com\\\/actualidad\\\/?s={search_term_string}\"},\"query-input\":{\"@type\":\"PropertyValueSpecification\",\"valueRequired\":true,\"valueName\":\"search_term_string\"}}],\"inLanguage\":\"es\"},{\"@type\":\"Organization\",\"@id\":\"https:\\\/\\\/www.laguiadepamplona.com\\\/actualidad\\\/#organization\",\"name\":\"La Gu\u00eda de Pamplona \\\/ Noticias\",\"url\":\"https:\\\/\\\/www.laguiadepamplona.com\\\/actualidad\\\/\",\"logo\":{\"@type\":\"ImageObject\",\"inLanguage\":\"es\",\"@id\":\"https:\\\/\\\/www.laguiadepamplona.com\\\/actualidad\\\/#\\\/schema\\\/logo\\\/image\\\/\",\"url\":\"https:\\\/\\\/www.laguiadepamplona.com\\\/actualidad\\\/wp-content\\\/uploads\\\/2018\\\/11\\\/logo-laguiadepamplona18-web1.png\",\"contentUrl\":\"https:\\\/\\\/www.laguiadepamplona.com\\\/actualidad\\\/wp-content\\\/uploads\\\/2018\\\/11\\\/logo-laguiadepamplona18-web1.png\",\"width\":600,\"height\":196,\"caption\":\"La Gu\u00eda de Pamplona \\\/ Noticias\"},\"image\":{\"@id\":\"https:\\\/\\\/www.laguiadepamplona.com\\\/actualidad\\\/#\\\/schema\\\/logo\\\/image\\\/\"},\"sameAs\":[\"https:\\\/\\\/www.facebook.com\\\/laguiadepamplonacom-133175176762273\\\/?ref=hl\",\"https:\\\/\\\/x.com\\\/LaGuiadPamplona\",\"https:\\\/\\\/www.instagram.com\\\/la_guia_de_pamplona\\\/\",\"https:\\\/\\\/www.youtube.com\\\/user\\\/laguiadepamplona\"]},{\"@type\":\"Person\",\"@id\":\"https:\\\/\\\/www.laguiadepamplona.com\\\/actualidad\\\/#\\\/schema\\\/person\\\/efe887376f0213d4657c93adc50b1fdb\",\"name\":\"La Gu\u00eda de Pamplona\",\"image\":{\"@type\":\"ImageObject\",\"inLanguage\":\"es\",\"@id\":\"https:\\\/\\\/secure.gravatar.com\\\/avatar\\\/b6992f131dc8d30ab0dff15446e9d346d9dbd95992de0fef795073f5ea83a81c?s=96&d=mm&r=g\",\"url\":\"https:\\\/\\\/secure.gravatar.com\\\/avatar\\\/b6992f131dc8d30ab0dff15446e9d346d9dbd95992de0fef795073f5ea83a81c?s=96&d=mm&r=g\",\"contentUrl\":\"https:\\\/\\\/secure.gravatar.com\\\/avatar\\\/b6992f131dc8d30ab0dff15446e9d346d9dbd95992de0fef795073f5ea83a81c?s=96&d=mm&r=g\",\"caption\":\"La Gu\u00eda de Pamplona\"}}]}<\/script>\n<!-- \/ Yoast SEO plugin. -->","yoast_head_json":{"title":"La danza contempor\u00e1nea y suspendida de Maitane Sarralde llega este viernes a la plaza de la Virgen de la 0","description":"La obra \u2018Des\u00aanuda\u2019 es la propuesta para esta semana del ciclo de actividades Atardecer Pamplona","robots":{"index":"index","follow":"follow","max-snippet":"max-snippet:-1","max-image-preview":"max-image-preview:large","max-video-preview":"max-video-preview:-1"},"canonical":"https:\/\/www.laguiadepamplona.com\/actualidad\/la-danza-contemporanea-y-suspendida-de-maitane-sarralde-llega-este-viernes-a-la-plaza-de-la-virgen-de-la-0\/","og_locale":"es_ES","og_type":"article","og_title":"La danza contempor\u00e1nea y suspendida de Maitane Sarralde llega este viernes a la plaza de la Virgen de la 0","og_description":"La obra \u2018Des\u00aanuda\u2019 es la propuesta para esta semana del ciclo de actividades Atardecer Pamplona","og_url":"https:\/\/www.laguiadepamplona.com\/actualidad\/la-danza-contemporanea-y-suspendida-de-maitane-sarralde-llega-este-viernes-a-la-plaza-de-la-virgen-de-la-0\/","og_site_name":"La Gu\u00eda de Pamplona","article_publisher":"https:\/\/www.facebook.com\/laguiadepamplonacom-133175176762273\/?ref=hl","article_published_time":"2024-08-14T10:44:20+00:00","og_image":[{"width":1000,"height":667,"url":"https:\/\/www.laguiadepamplona.com\/actualidad\/wp-content\/uploads\/2024\/08\/atardecer-web.webp","type":"image\/webp"}],"author":"La Gu\u00eda de Pamplona","twitter_card":"summary_large_image","twitter_creator":"@LaGuiadPamplona","twitter_site":"@LaGuiadPamplona","twitter_misc":{"Escrito por":"La Gu\u00eda de Pamplona","Tiempo de lectura":"2 minutos"},"schema":{"@context":"https:\/\/schema.org","@graph":[{"@type":"Article","@id":"https:\/\/www.laguiadepamplona.com\/actualidad\/la-danza-contemporanea-y-suspendida-de-maitane-sarralde-llega-este-viernes-a-la-plaza-de-la-virgen-de-la-0\/#article","isPartOf":{"@id":"https:\/\/www.laguiadepamplona.com\/actualidad\/la-danza-contemporanea-y-suspendida-de-maitane-sarralde-llega-este-viernes-a-la-plaza-de-la-virgen-de-la-0\/"},"author":{"name":"La Gu\u00eda de Pamplona","@id":"https:\/\/www.laguiadepamplona.com\/actualidad\/#\/schema\/person\/efe887376f0213d4657c93adc50b1fdb"},"headline":"La danza contempor\u00e1nea y suspendida de Maitane Sarralde llega este viernes a la plaza de la Virgen de la 0","datePublished":"2024-08-14T10:44:20+00:00","mainEntityOfPage":{"@id":"https:\/\/www.laguiadepamplona.com\/actualidad\/la-danza-contemporanea-y-suspendida-de-maitane-sarralde-llega-este-viernes-a-la-plaza-de-la-virgen-de-la-0\/"},"wordCount":412,"commentCount":0,"publisher":{"@id":"https:\/\/www.laguiadepamplona.com\/actualidad\/#organization"},"image":{"@id":"https:\/\/www.laguiadepamplona.com\/actualidad\/la-danza-contemporanea-y-suspendida-de-maitane-sarralde-llega-este-viernes-a-la-plaza-de-la-virgen-de-la-0\/#primaryimage"},"thumbnailUrl":"https:\/\/www.laguiadepamplona.com\/actualidad\/wp-content\/uploads\/2024\/08\/atardecer-web.webp","articleSection":["Ayto Pamplona"],"inLanguage":"es","potentialAction":[{"@type":"CommentAction","name":"Comment","target":["https:\/\/www.laguiadepamplona.com\/actualidad\/la-danza-contemporanea-y-suspendida-de-maitane-sarralde-llega-este-viernes-a-la-plaza-de-la-virgen-de-la-0\/#respond"]}]},{"@type":"WebPage","@id":"https:\/\/www.laguiadepamplona.com\/actualidad\/la-danza-contemporanea-y-suspendida-de-maitane-sarralde-llega-este-viernes-a-la-plaza-de-la-virgen-de-la-0\/","url":"https:\/\/www.laguiadepamplona.com\/actualidad\/la-danza-contemporanea-y-suspendida-de-maitane-sarralde-llega-este-viernes-a-la-plaza-de-la-virgen-de-la-0\/","name":"La danza contempor\u00e1nea y suspendida de Maitane Sarralde llega este viernes a la plaza de la Virgen de la 0","isPartOf":{"@id":"https:\/\/www.laguiadepamplona.com\/actualidad\/#website"},"primaryImageOfPage":{"@id":"https:\/\/www.laguiadepamplona.com\/actualidad\/la-danza-contemporanea-y-suspendida-de-maitane-sarralde-llega-este-viernes-a-la-plaza-de-la-virgen-de-la-0\/#primaryimage"},"image":{"@id":"https:\/\/www.laguiadepamplona.com\/actualidad\/la-danza-contemporanea-y-suspendida-de-maitane-sarralde-llega-este-viernes-a-la-plaza-de-la-virgen-de-la-0\/#primaryimage"},"thumbnailUrl":"https:\/\/www.laguiadepamplona.com\/actualidad\/wp-content\/uploads\/2024\/08\/atardecer-web.webp","datePublished":"2024-08-14T10:44:20+00:00","description":"La obra \u2018Des\u00aanuda\u2019 es la propuesta para esta semana del ciclo de actividades Atardecer Pamplona","breadcrumb":{"@id":"https:\/\/www.laguiadepamplona.com\/actualidad\/la-danza-contemporanea-y-suspendida-de-maitane-sarralde-llega-este-viernes-a-la-plaza-de-la-virgen-de-la-0\/#breadcrumb"},"inLanguage":"es","potentialAction":[{"@type":"ReadAction","target":["https:\/\/www.laguiadepamplona.com\/actualidad\/la-danza-contemporanea-y-suspendida-de-maitane-sarralde-llega-este-viernes-a-la-plaza-de-la-virgen-de-la-0\/"]}]},{"@type":"ImageObject","inLanguage":"es","@id":"https:\/\/www.laguiadepamplona.com\/actualidad\/la-danza-contemporanea-y-suspendida-de-maitane-sarralde-llega-este-viernes-a-la-plaza-de-la-virgen-de-la-0\/#primaryimage","url":"https:\/\/www.laguiadepamplona.com\/actualidad\/wp-content\/uploads\/2024\/08\/atardecer-web.webp","contentUrl":"https:\/\/www.laguiadepamplona.com\/actualidad\/wp-content\/uploads\/2024\/08\/atardecer-web.webp","width":1000,"height":667,"caption":"atardecer danza"},{"@type":"BreadcrumbList","@id":"https:\/\/www.laguiadepamplona.com\/actualidad\/la-danza-contemporanea-y-suspendida-de-maitane-sarralde-llega-este-viernes-a-la-plaza-de-la-virgen-de-la-0\/#breadcrumb","itemListElement":[{"@type":"ListItem","position":1,"name":"Portada","item":"https:\/\/www.laguiadepamplona.com\/actualidad\/"},{"@type":"ListItem","position":2,"name":"La danza contempor\u00e1nea y suspendida de Maitane Sarralde llega este viernes a la plaza de la Virgen de la 0"}]},{"@type":"WebSite","@id":"https:\/\/www.laguiadepamplona.com\/actualidad\/#website","url":"https:\/\/www.laguiadepamplona.com\/actualidad\/","name":"La gu\u00eda de Pamplona","description":"Noticias de Pamplona","publisher":{"@id":"https:\/\/www.laguiadepamplona.com\/actualidad\/#organization"},"potentialAction":[{"@type":"SearchAction","target":{"@type":"EntryPoint","urlTemplate":"https:\/\/www.laguiadepamplona.com\/actualidad\/?s={search_term_string}"},"query-input":{"@type":"PropertyValueSpecification","valueRequired":true,"valueName":"search_term_string"}}],"inLanguage":"es"},{"@type":"Organization","@id":"https:\/\/www.laguiadepamplona.com\/actualidad\/#organization","name":"La Gu\u00eda de Pamplona \/ Noticias","url":"https:\/\/www.laguiadepamplona.com\/actualidad\/","logo":{"@type":"ImageObject","inLanguage":"es","@id":"https:\/\/www.laguiadepamplona.com\/actualidad\/#\/schema\/logo\/image\/","url":"https:\/\/www.laguiadepamplona.com\/actualidad\/wp-content\/uploads\/2018\/11\/logo-laguiadepamplona18-web1.png","contentUrl":"https:\/\/www.laguiadepamplona.com\/actualidad\/wp-content\/uploads\/2018\/11\/logo-laguiadepamplona18-web1.png","width":600,"height":196,"caption":"La Gu\u00eda de Pamplona \/ Noticias"},"image":{"@id":"https:\/\/www.laguiadepamplona.com\/actualidad\/#\/schema\/logo\/image\/"},"sameAs":["https:\/\/www.facebook.com\/laguiadepamplonacom-133175176762273\/?ref=hl","https:\/\/x.com\/LaGuiadPamplona","https:\/\/www.instagram.com\/la_guia_de_pamplona\/","https:\/\/www.youtube.com\/user\/laguiadepamplona"]},{"@type":"Person","@id":"https:\/\/www.laguiadepamplona.com\/actualidad\/#\/schema\/person\/efe887376f0213d4657c93adc50b1fdb","name":"La Gu\u00eda de Pamplona","image":{"@type":"ImageObject","inLanguage":"es","@id":"https:\/\/secure.gravatar.com\/avatar\/b6992f131dc8d30ab0dff15446e9d346d9dbd95992de0fef795073f5ea83a81c?s=96&d=mm&r=g","url":"https:\/\/secure.gravatar.com\/avatar\/b6992f131dc8d30ab0dff15446e9d346d9dbd95992de0fef795073f5ea83a81c?s=96&d=mm&r=g","contentUrl":"https:\/\/secure.gravatar.com\/avatar\/b6992f131dc8d30ab0dff15446e9d346d9dbd95992de0fef795073f5ea83a81c?s=96&d=mm&r=g","caption":"La Gu\u00eda de Pamplona"}}]}},"post_mailing_queue_ids":[],"_links":{"self":[{"href":"https:\/\/www.laguiadepamplona.com\/actualidad\/wp-json\/wp\/v2\/posts\/50519","targetHints":{"allow":["GET"]}}],"collection":[{"href":"https:\/\/www.laguiadepamplona.com\/actualidad\/wp-json\/wp\/v2\/posts"}],"about":[{"href":"https:\/\/www.laguiadepamplona.com\/actualidad\/wp-json\/wp\/v2\/types\/post"}],"author":[{"embeddable":true,"href":"https:\/\/www.laguiadepamplona.com\/actualidad\/wp-json\/wp\/v2\/users\/1"}],"replies":[{"embeddable":true,"href":"https:\/\/www.laguiadepamplona.com\/actualidad\/wp-json\/wp\/v2\/comments?post=50519"}],"version-history":[{"count":1,"href":"https:\/\/www.laguiadepamplona.com\/actualidad\/wp-json\/wp\/v2\/posts\/50519\/revisions"}],"predecessor-version":[{"id":50521,"href":"https:\/\/www.laguiadepamplona.com\/actualidad\/wp-json\/wp\/v2\/posts\/50519\/revisions\/50521"}],"wp:featuredmedia":[{"embeddable":true,"href":"https:\/\/www.laguiadepamplona.com\/actualidad\/wp-json\/wp\/v2\/media\/50520"}],"wp:attachment":[{"href":"https:\/\/www.laguiadepamplona.com\/actualidad\/wp-json\/wp\/v2\/media?parent=50519"}],"wp:term":[{"taxonomy":"category","embeddable":true,"href":"https:\/\/www.laguiadepamplona.com\/actualidad\/wp-json\/wp\/v2\/categories?post=50519"},{"taxonomy":"post_tag","embeddable":true,"href":"https:\/\/www.laguiadepamplona.com\/actualidad\/wp-json\/wp\/v2\/tags?post=50519"}],"curies":[{"name":"wp","href":"https:\/\/api.w.org\/{rel}","templated":true}]}}