{"id":50517,"date":"2024-08-14T12:39:25","date_gmt":"2024-08-14T10:39:25","guid":{"rendered":"https:\/\/www.laguiadepamplona.com\/actualidad\/?p=50517"},"modified":"2024-08-14T12:39:25","modified_gmt":"2024-08-14T10:39:25","slug":"mas-de-mil-ninos-y-ninas-de-0-a-3-anos-comienzan-este-viernes-un-nuevo-curso-en-las-escuelas-infantiles-municipales","status":"publish","type":"post","link":"https:\/\/www.laguiadepamplona.com\/actualidad\/mas-de-mil-ninos-y-ninas-de-0-a-3-anos-comienzan-este-viernes-un-nuevo-curso-en-las-escuelas-infantiles-municipales\/","title":{"rendered":"M\u00e1s de mil ni\u00f1os y ni\u00f1as de 0 a 3 a\u00f1os comienzan este viernes un nuevo curso en las escuelas infantiles municipales"},"content":{"rendered":"<h2>Los procesos de estabilizaci\u00f3n han conllevado que el personal fijo y\/o funcionario de escuelas infantiles haya pasado del 25% al 66% en dos a\u00f1os<\/h2>\n<p><!--more--><\/p>\n<p>Las doce escuelas infantiles municipales cuentan con 1.069 plazas para ni\u00f1os y ni\u00f1as de 0 a 3 a\u00f1os en el que se denomina como primer ciclo de Educaci\u00f3n Infantil. Este viernes comienza un nuevo curso, el 2024 \u2013 2025, con la novedad de la reapertura en las pr\u00f3ximas semanas de la Escuela Infantil Donibane ya reformada. Un a\u00f1o m\u00e1s, las escuelas son gratuitas, aunque las familias deber\u00e1n pagar el servicio de comedor en las plazas de jornada completa.<\/p>\n<p>El organismo aut\u00f3nomo Escuelas Infantiles Municipales de Pamplona gestiona doce centros: Donibane, Mendebaldea, Mendillorri, Haurtzaro, Izartegi, Hello Egunsenti, Hello Azpilaga\u00f1a, Hello Buztintxuri, Printzearen Harresi \u2013 Fuerte del Pr\u00edncipe, Goiz Eder, Lezkairu y Jos\u00e9 Mar\u00eda Huarte. La oferta pedag\u00f3gica incluye plazas en castellano, en euskera, en castellano con actividades en ingl\u00e9s y en euskera con actividades en ingl\u00e9s. Las plazas son en jornada completa, con servicio de comedor, y tambi\u00e9n en media jornada. En estos primeros d\u00edas de curso se lleva a cabo el tiempo de acogida, principalmente con los ni\u00f1os y ni\u00f1as y familias que acuden por primera vez a una escuela infantil.<\/p>\n<p>Una vez finalizados los plazos de matr\u00edcula, las plazas de las doce escuelas infantiles est\u00e1n pr\u00e1cticamente cubiertas. Quedan algunas plazas vacantes, principalmente, en aulas de dos a\u00f1os. Estas plazas se est\u00e1n ofertando a las listas de espera existentes y se ofrecer\u00e1n tambi\u00e9n en la matriculaci\u00f3n fuera de plazo que comenzar\u00e1 el 2 de septiembre.<\/p>\n<p><strong>Reducci\u00f3n de un 40% en la temporalidad del personal<\/strong><\/p>\n<p>A lo largo de los a\u00f1os 2023 y 2024, como resultado de los procesos de estabilizaci\u00f3n, se han hecho nombramientos como personal funcionario o de contrataci\u00f3n fija a 73 personas, 46 de ellas por concurso de m\u00e9ritos y 27 por concurso oposici\u00f3n. En concurso de m\u00e9ritos se adjudicaron 25 plazas de educadoras, 3 direcciones, 4 profesionales de cocina y 14 auxiliares de limpieza, cocina y mantenimiento. A trav\u00e9s de las convocatorias de concurso oposici\u00f3n, se adjudicaron 24 plazas de educadoras, 1 de directora, 1 de cocina y 1 de auxiliar de limpieza, cocina y mantenimiento.<\/p>\n<p>En 2022 hab\u00eda 62 personas laborales fijas y\/o funcionarias, lo que significaba un 25 % de plantilla fija. En 2024, despu\u00e9s de estos procesos, existen 162 personas laborales fijas y\/ o funcionarias, lo que significa el 66 % del total de la plantilla. Por tanto, se ha incrementado la estabilidad en el empleo de Escuelas infantiles en m\u00e1s del 40 % respecto en los dos \u00faltimos a\u00f1os.<\/p>\n<p>Para este pr\u00f3ximo curso, est\u00e1 prevista la realizaci\u00f3n de 70 contratos temporales a tiempo completo o a tiempo parcial. A pesar de la reducci\u00f3n de la temporalidad en los dos \u00faltimos a\u00f1os, el objetivo de Escuelas Infantiles sigue siendo trabajar en la fijeza y estabilidad del personal profesional, que repercute as\u00ed en un mejor clima laboral y en una mayor calidad del servicio p\u00fablico que se ofrece a la ciudadan\u00eda.<\/p>\n","protected":false},"excerpt":{"rendered":"<p>Los procesos de estabilizaci\u00f3n han conllevado que el personal fijo y\/o funcionario de escuelas infantiles haya pasado del 25% al 66% en dos a\u00f1os<\/p>\n","protected":false},"author":1,"featured_media":32954,"comment_status":"open","ping_status":"closed","sticky":false,"template":"","format":"standard","meta":{"footnotes":""},"categories":[2],"tags":[],"class_list":["post-50517","post","type-post","status-publish","format-standard","has-post-thumbnail","hentry","category-ayuntamiento-pamplona"],"yoast_head":"<!-- This site is optimized with the Yoast SEO plugin v27.3 - https:\/\/yoast.com\/product\/yoast-seo-wordpress\/ -->\n<title>M\u00e1s de mil ni\u00f1os y ni\u00f1as de 0 a 3 a\u00f1os comienzan este viernes un nuevo curso en las escuelas infantiles municipales<\/title>\n<meta name=\"description\" content=\"Los procesos de estabilizaci\u00f3n han conllevado que el personal fijo y\/o funcionario de escuelas infantiles haya pasado del 25% al 66% en dos a\u00f1os\" \/>\n<meta name=\"robots\" content=\"index, follow, max-snippet:-1, max-image-preview:large, max-video-preview:-1\" \/>\n<link rel=\"canonical\" href=\"https:\/\/www.laguiadepamplona.com\/actualidad\/mas-de-mil-ninos-y-ninas-de-0-a-3-anos-comienzan-este-viernes-un-nuevo-curso-en-las-escuelas-infantiles-municipales\/\" \/>\n<meta property=\"og:locale\" content=\"es_ES\" \/>\n<meta property=\"og:type\" content=\"article\" \/>\n<meta property=\"og:title\" content=\"M\u00e1s de mil ni\u00f1os y ni\u00f1as de 0 a 3 a\u00f1os comienzan este viernes un nuevo curso en las escuelas infantiles municipales\" \/>\n<meta property=\"og:description\" content=\"Los procesos de estabilizaci\u00f3n han conllevado que el personal fijo y\/o funcionario de escuelas infantiles haya pasado del 25% al 66% en dos a\u00f1os\" \/>\n<meta property=\"og:url\" content=\"https:\/\/www.laguiadepamplona.com\/actualidad\/mas-de-mil-ninos-y-ninas-de-0-a-3-anos-comienzan-este-viernes-un-nuevo-curso-en-las-escuelas-infantiles-municipales\/\" \/>\n<meta property=\"og:site_name\" content=\"La Gu\u00eda de Pamplona\" \/>\n<meta property=\"article:publisher\" content=\"https:\/\/www.facebook.com\/laguiadepamplonacom-133175176762273\/?ref=hl\" \/>\n<meta property=\"article:published_time\" content=\"2024-08-14T10:39:25+00:00\" \/>\n<meta property=\"og:image\" content=\"https:\/\/www.laguiadepamplona.com\/actualidad\/wp-content\/uploads\/2021\/01\/escuelas-infantiles2.jpeg\" \/>\n\t<meta property=\"og:image:width\" content=\"1000\" \/>\n\t<meta property=\"og:image:height\" content=\"488\" \/>\n\t<meta property=\"og:image:type\" content=\"image\/jpeg\" \/>\n<meta name=\"author\" content=\"La Gu\u00eda de Pamplona\" \/>\n<meta name=\"twitter:card\" content=\"summary_large_image\" \/>\n<meta name=\"twitter:creator\" content=\"@LaGuiadPamplona\" \/>\n<meta name=\"twitter:site\" content=\"@LaGuiadPamplona\" \/>\n<meta name=\"twitter:label1\" content=\"Escrito por\" \/>\n\t<meta name=\"twitter:data1\" content=\"La Gu\u00eda de Pamplona\" \/>\n\t<meta name=\"twitter:label2\" content=\"Tiempo de lectura\" \/>\n\t<meta name=\"twitter:data2\" content=\"3 minutos\" \/>\n<script type=\"application\/ld+json\" class=\"yoast-schema-graph\">{\"@context\":\"https:\\\/\\\/schema.org\",\"@graph\":[{\"@type\":\"Article\",\"@id\":\"https:\\\/\\\/www.laguiadepamplona.com\\\/actualidad\\\/mas-de-mil-ninos-y-ninas-de-0-a-3-anos-comienzan-este-viernes-un-nuevo-curso-en-las-escuelas-infantiles-municipales\\\/#article\",\"isPartOf\":{\"@id\":\"https:\\\/\\\/www.laguiadepamplona.com\\\/actualidad\\\/mas-de-mil-ninos-y-ninas-de-0-a-3-anos-comienzan-este-viernes-un-nuevo-curso-en-las-escuelas-infantiles-municipales\\\/\"},\"author\":{\"name\":\"La Gu\u00eda de Pamplona\",\"@id\":\"https:\\\/\\\/www.laguiadepamplona.com\\\/actualidad\\\/#\\\/schema\\\/person\\\/efe887376f0213d4657c93adc50b1fdb\"},\"headline\":\"M\u00e1s de mil ni\u00f1os y ni\u00f1as de 0 a 3 a\u00f1os comienzan este viernes un nuevo curso en las escuelas infantiles municipales\",\"datePublished\":\"2024-08-14T10:39:25+00:00\",\"mainEntityOfPage\":{\"@id\":\"https:\\\/\\\/www.laguiadepamplona.com\\\/actualidad\\\/mas-de-mil-ninos-y-ninas-de-0-a-3-anos-comienzan-este-viernes-un-nuevo-curso-en-las-escuelas-infantiles-municipales\\\/\"},\"wordCount\":539,\"commentCount\":0,\"publisher\":{\"@id\":\"https:\\\/\\\/www.laguiadepamplona.com\\\/actualidad\\\/#organization\"},\"image\":{\"@id\":\"https:\\\/\\\/www.laguiadepamplona.com\\\/actualidad\\\/mas-de-mil-ninos-y-ninas-de-0-a-3-anos-comienzan-este-viernes-un-nuevo-curso-en-las-escuelas-infantiles-municipales\\\/#primaryimage\"},\"thumbnailUrl\":\"https:\\\/\\\/www.laguiadepamplona.com\\\/actualidad\\\/wp-content\\\/uploads\\\/2021\\\/01\\\/escuelas-infantiles2.jpeg\",\"articleSection\":[\"Ayto Pamplona\"],\"inLanguage\":\"es\",\"potentialAction\":[{\"@type\":\"CommentAction\",\"name\":\"Comment\",\"target\":[\"https:\\\/\\\/www.laguiadepamplona.com\\\/actualidad\\\/mas-de-mil-ninos-y-ninas-de-0-a-3-anos-comienzan-este-viernes-un-nuevo-curso-en-las-escuelas-infantiles-municipales\\\/#respond\"]}]},{\"@type\":\"WebPage\",\"@id\":\"https:\\\/\\\/www.laguiadepamplona.com\\\/actualidad\\\/mas-de-mil-ninos-y-ninas-de-0-a-3-anos-comienzan-este-viernes-un-nuevo-curso-en-las-escuelas-infantiles-municipales\\\/\",\"url\":\"https:\\\/\\\/www.laguiadepamplona.com\\\/actualidad\\\/mas-de-mil-ninos-y-ninas-de-0-a-3-anos-comienzan-este-viernes-un-nuevo-curso-en-las-escuelas-infantiles-municipales\\\/\",\"name\":\"M\u00e1s de mil ni\u00f1os y ni\u00f1as de 0 a 3 a\u00f1os comienzan este viernes un nuevo curso en las escuelas infantiles municipales\",\"isPartOf\":{\"@id\":\"https:\\\/\\\/www.laguiadepamplona.com\\\/actualidad\\\/#website\"},\"primaryImageOfPage\":{\"@id\":\"https:\\\/\\\/www.laguiadepamplona.com\\\/actualidad\\\/mas-de-mil-ninos-y-ninas-de-0-a-3-anos-comienzan-este-viernes-un-nuevo-curso-en-las-escuelas-infantiles-municipales\\\/#primaryimage\"},\"image\":{\"@id\":\"https:\\\/\\\/www.laguiadepamplona.com\\\/actualidad\\\/mas-de-mil-ninos-y-ninas-de-0-a-3-anos-comienzan-este-viernes-un-nuevo-curso-en-las-escuelas-infantiles-municipales\\\/#primaryimage\"},\"thumbnailUrl\":\"https:\\\/\\\/www.laguiadepamplona.com\\\/actualidad\\\/wp-content\\\/uploads\\\/2021\\\/01\\\/escuelas-infantiles2.jpeg\",\"datePublished\":\"2024-08-14T10:39:25+00:00\",\"description\":\"Los procesos de estabilizaci\u00f3n han conllevado que el personal fijo y\\\/o funcionario de escuelas infantiles haya pasado del 25% al 66% en dos a\u00f1os\",\"breadcrumb\":{\"@id\":\"https:\\\/\\\/www.laguiadepamplona.com\\\/actualidad\\\/mas-de-mil-ninos-y-ninas-de-0-a-3-anos-comienzan-este-viernes-un-nuevo-curso-en-las-escuelas-infantiles-municipales\\\/#breadcrumb\"},\"inLanguage\":\"es\",\"potentialAction\":[{\"@type\":\"ReadAction\",\"target\":[\"https:\\\/\\\/www.laguiadepamplona.com\\\/actualidad\\\/mas-de-mil-ninos-y-ninas-de-0-a-3-anos-comienzan-este-viernes-un-nuevo-curso-en-las-escuelas-infantiles-municipales\\\/\"]}]},{\"@type\":\"ImageObject\",\"inLanguage\":\"es\",\"@id\":\"https:\\\/\\\/www.laguiadepamplona.com\\\/actualidad\\\/mas-de-mil-ninos-y-ninas-de-0-a-3-anos-comienzan-este-viernes-un-nuevo-curso-en-las-escuelas-infantiles-municipales\\\/#primaryimage\",\"url\":\"https:\\\/\\\/www.laguiadepamplona.com\\\/actualidad\\\/wp-content\\\/uploads\\\/2021\\\/01\\\/escuelas-infantiles2.jpeg\",\"contentUrl\":\"https:\\\/\\\/www.laguiadepamplona.com\\\/actualidad\\\/wp-content\\\/uploads\\\/2021\\\/01\\\/escuelas-infantiles2.jpeg\",\"width\":1000,\"height\":488},{\"@type\":\"BreadcrumbList\",\"@id\":\"https:\\\/\\\/www.laguiadepamplona.com\\\/actualidad\\\/mas-de-mil-ninos-y-ninas-de-0-a-3-anos-comienzan-este-viernes-un-nuevo-curso-en-las-escuelas-infantiles-municipales\\\/#breadcrumb\",\"itemListElement\":[{\"@type\":\"ListItem\",\"position\":1,\"name\":\"Portada\",\"item\":\"https:\\\/\\\/www.laguiadepamplona.com\\\/actualidad\\\/\"},{\"@type\":\"ListItem\",\"position\":2,\"name\":\"M\u00e1s de mil ni\u00f1os y ni\u00f1as de 0 a 3 a\u00f1os comienzan este viernes un nuevo curso en las escuelas infantiles municipales\"}]},{\"@type\":\"WebSite\",\"@id\":\"https:\\\/\\\/www.laguiadepamplona.com\\\/actualidad\\\/#website\",\"url\":\"https:\\\/\\\/www.laguiadepamplona.com\\\/actualidad\\\/\",\"name\":\"La gu\u00eda de Pamplona\",\"description\":\"Noticias de Pamplona\",\"publisher\":{\"@id\":\"https:\\\/\\\/www.laguiadepamplona.com\\\/actualidad\\\/#organization\"},\"potentialAction\":[{\"@type\":\"SearchAction\",\"target\":{\"@type\":\"EntryPoint\",\"urlTemplate\":\"https:\\\/\\\/www.laguiadepamplona.com\\\/actualidad\\\/?s={search_term_string}\"},\"query-input\":{\"@type\":\"PropertyValueSpecification\",\"valueRequired\":true,\"valueName\":\"search_term_string\"}}],\"inLanguage\":\"es\"},{\"@type\":\"Organization\",\"@id\":\"https:\\\/\\\/www.laguiadepamplona.com\\\/actualidad\\\/#organization\",\"name\":\"La Gu\u00eda de Pamplona \\\/ Noticias\",\"url\":\"https:\\\/\\\/www.laguiadepamplona.com\\\/actualidad\\\/\",\"logo\":{\"@type\":\"ImageObject\",\"inLanguage\":\"es\",\"@id\":\"https:\\\/\\\/www.laguiadepamplona.com\\\/actualidad\\\/#\\\/schema\\\/logo\\\/image\\\/\",\"url\":\"https:\\\/\\\/www.laguiadepamplona.com\\\/actualidad\\\/wp-content\\\/uploads\\\/2018\\\/11\\\/logo-laguiadepamplona18-web1.png\",\"contentUrl\":\"https:\\\/\\\/www.laguiadepamplona.com\\\/actualidad\\\/wp-content\\\/uploads\\\/2018\\\/11\\\/logo-laguiadepamplona18-web1.png\",\"width\":600,\"height\":196,\"caption\":\"La Gu\u00eda de Pamplona \\\/ Noticias\"},\"image\":{\"@id\":\"https:\\\/\\\/www.laguiadepamplona.com\\\/actualidad\\\/#\\\/schema\\\/logo\\\/image\\\/\"},\"sameAs\":[\"https:\\\/\\\/www.facebook.com\\\/laguiadepamplonacom-133175176762273\\\/?ref=hl\",\"https:\\\/\\\/x.com\\\/LaGuiadPamplona\",\"https:\\\/\\\/www.instagram.com\\\/la_guia_de_pamplona\\\/\",\"https:\\\/\\\/www.youtube.com\\\/user\\\/laguiadepamplona\"]},{\"@type\":\"Person\",\"@id\":\"https:\\\/\\\/www.laguiadepamplona.com\\\/actualidad\\\/#\\\/schema\\\/person\\\/efe887376f0213d4657c93adc50b1fdb\",\"name\":\"La Gu\u00eda de Pamplona\",\"image\":{\"@type\":\"ImageObject\",\"inLanguage\":\"es\",\"@id\":\"https:\\\/\\\/secure.gravatar.com\\\/avatar\\\/b6992f131dc8d30ab0dff15446e9d346d9dbd95992de0fef795073f5ea83a81c?s=96&d=mm&r=g\",\"url\":\"https:\\\/\\\/secure.gravatar.com\\\/avatar\\\/b6992f131dc8d30ab0dff15446e9d346d9dbd95992de0fef795073f5ea83a81c?s=96&d=mm&r=g\",\"contentUrl\":\"https:\\\/\\\/secure.gravatar.com\\\/avatar\\\/b6992f131dc8d30ab0dff15446e9d346d9dbd95992de0fef795073f5ea83a81c?s=96&d=mm&r=g\",\"caption\":\"La Gu\u00eda de Pamplona\"}}]}<\/script>\n<!-- \/ Yoast SEO plugin. -->","yoast_head_json":{"title":"M\u00e1s de mil ni\u00f1os y ni\u00f1as de 0 a 3 a\u00f1os comienzan este viernes un nuevo curso en las escuelas infantiles municipales","description":"Los procesos de estabilizaci\u00f3n han conllevado que el personal fijo y\/o funcionario de escuelas infantiles haya pasado del 25% al 66% en dos a\u00f1os","robots":{"index":"index","follow":"follow","max-snippet":"max-snippet:-1","max-image-preview":"max-image-preview:large","max-video-preview":"max-video-preview:-1"},"canonical":"https:\/\/www.laguiadepamplona.com\/actualidad\/mas-de-mil-ninos-y-ninas-de-0-a-3-anos-comienzan-este-viernes-un-nuevo-curso-en-las-escuelas-infantiles-municipales\/","og_locale":"es_ES","og_type":"article","og_title":"M\u00e1s de mil ni\u00f1os y ni\u00f1as de 0 a 3 a\u00f1os comienzan este viernes un nuevo curso en las escuelas infantiles municipales","og_description":"Los procesos de estabilizaci\u00f3n han conllevado que el personal fijo y\/o funcionario de escuelas infantiles haya pasado del 25% al 66% en dos a\u00f1os","og_url":"https:\/\/www.laguiadepamplona.com\/actualidad\/mas-de-mil-ninos-y-ninas-de-0-a-3-anos-comienzan-este-viernes-un-nuevo-curso-en-las-escuelas-infantiles-municipales\/","og_site_name":"La Gu\u00eda de Pamplona","article_publisher":"https:\/\/www.facebook.com\/laguiadepamplonacom-133175176762273\/?ref=hl","article_published_time":"2024-08-14T10:39:25+00:00","og_image":[{"width":1000,"height":488,"url":"https:\/\/www.laguiadepamplona.com\/actualidad\/wp-content\/uploads\/2021\/01\/escuelas-infantiles2.jpeg","type":"image\/jpeg"}],"author":"La Gu\u00eda de Pamplona","twitter_card":"summary_large_image","twitter_creator":"@LaGuiadPamplona","twitter_site":"@LaGuiadPamplona","twitter_misc":{"Escrito por":"La Gu\u00eda de Pamplona","Tiempo de lectura":"3 minutos"},"schema":{"@context":"https:\/\/schema.org","@graph":[{"@type":"Article","@id":"https:\/\/www.laguiadepamplona.com\/actualidad\/mas-de-mil-ninos-y-ninas-de-0-a-3-anos-comienzan-este-viernes-un-nuevo-curso-en-las-escuelas-infantiles-municipales\/#article","isPartOf":{"@id":"https:\/\/www.laguiadepamplona.com\/actualidad\/mas-de-mil-ninos-y-ninas-de-0-a-3-anos-comienzan-este-viernes-un-nuevo-curso-en-las-escuelas-infantiles-municipales\/"},"author":{"name":"La Gu\u00eda de Pamplona","@id":"https:\/\/www.laguiadepamplona.com\/actualidad\/#\/schema\/person\/efe887376f0213d4657c93adc50b1fdb"},"headline":"M\u00e1s de mil ni\u00f1os y ni\u00f1as de 0 a 3 a\u00f1os comienzan este viernes un nuevo curso en las escuelas infantiles municipales","datePublished":"2024-08-14T10:39:25+00:00","mainEntityOfPage":{"@id":"https:\/\/www.laguiadepamplona.com\/actualidad\/mas-de-mil-ninos-y-ninas-de-0-a-3-anos-comienzan-este-viernes-un-nuevo-curso-en-las-escuelas-infantiles-municipales\/"},"wordCount":539,"commentCount":0,"publisher":{"@id":"https:\/\/www.laguiadepamplona.com\/actualidad\/#organization"},"image":{"@id":"https:\/\/www.laguiadepamplona.com\/actualidad\/mas-de-mil-ninos-y-ninas-de-0-a-3-anos-comienzan-este-viernes-un-nuevo-curso-en-las-escuelas-infantiles-municipales\/#primaryimage"},"thumbnailUrl":"https:\/\/www.laguiadepamplona.com\/actualidad\/wp-content\/uploads\/2021\/01\/escuelas-infantiles2.jpeg","articleSection":["Ayto Pamplona"],"inLanguage":"es","potentialAction":[{"@type":"CommentAction","name":"Comment","target":["https:\/\/www.laguiadepamplona.com\/actualidad\/mas-de-mil-ninos-y-ninas-de-0-a-3-anos-comienzan-este-viernes-un-nuevo-curso-en-las-escuelas-infantiles-municipales\/#respond"]}]},{"@type":"WebPage","@id":"https:\/\/www.laguiadepamplona.com\/actualidad\/mas-de-mil-ninos-y-ninas-de-0-a-3-anos-comienzan-este-viernes-un-nuevo-curso-en-las-escuelas-infantiles-municipales\/","url":"https:\/\/www.laguiadepamplona.com\/actualidad\/mas-de-mil-ninos-y-ninas-de-0-a-3-anos-comienzan-este-viernes-un-nuevo-curso-en-las-escuelas-infantiles-municipales\/","name":"M\u00e1s de mil ni\u00f1os y ni\u00f1as de 0 a 3 a\u00f1os comienzan este viernes un nuevo curso en las escuelas infantiles municipales","isPartOf":{"@id":"https:\/\/www.laguiadepamplona.com\/actualidad\/#website"},"primaryImageOfPage":{"@id":"https:\/\/www.laguiadepamplona.com\/actualidad\/mas-de-mil-ninos-y-ninas-de-0-a-3-anos-comienzan-este-viernes-un-nuevo-curso-en-las-escuelas-infantiles-municipales\/#primaryimage"},"image":{"@id":"https:\/\/www.laguiadepamplona.com\/actualidad\/mas-de-mil-ninos-y-ninas-de-0-a-3-anos-comienzan-este-viernes-un-nuevo-curso-en-las-escuelas-infantiles-municipales\/#primaryimage"},"thumbnailUrl":"https:\/\/www.laguiadepamplona.com\/actualidad\/wp-content\/uploads\/2021\/01\/escuelas-infantiles2.jpeg","datePublished":"2024-08-14T10:39:25+00:00","description":"Los procesos de estabilizaci\u00f3n han conllevado que el personal fijo y\/o funcionario de escuelas infantiles haya pasado del 25% al 66% en dos a\u00f1os","breadcrumb":{"@id":"https:\/\/www.laguiadepamplona.com\/actualidad\/mas-de-mil-ninos-y-ninas-de-0-a-3-anos-comienzan-este-viernes-un-nuevo-curso-en-las-escuelas-infantiles-municipales\/#breadcrumb"},"inLanguage":"es","potentialAction":[{"@type":"ReadAction","target":["https:\/\/www.laguiadepamplona.com\/actualidad\/mas-de-mil-ninos-y-ninas-de-0-a-3-anos-comienzan-este-viernes-un-nuevo-curso-en-las-escuelas-infantiles-municipales\/"]}]},{"@type":"ImageObject","inLanguage":"es","@id":"https:\/\/www.laguiadepamplona.com\/actualidad\/mas-de-mil-ninos-y-ninas-de-0-a-3-anos-comienzan-este-viernes-un-nuevo-curso-en-las-escuelas-infantiles-municipales\/#primaryimage","url":"https:\/\/www.laguiadepamplona.com\/actualidad\/wp-content\/uploads\/2021\/01\/escuelas-infantiles2.jpeg","contentUrl":"https:\/\/www.laguiadepamplona.com\/actualidad\/wp-content\/uploads\/2021\/01\/escuelas-infantiles2.jpeg","width":1000,"height":488},{"@type":"BreadcrumbList","@id":"https:\/\/www.laguiadepamplona.com\/actualidad\/mas-de-mil-ninos-y-ninas-de-0-a-3-anos-comienzan-este-viernes-un-nuevo-curso-en-las-escuelas-infantiles-municipales\/#breadcrumb","itemListElement":[{"@type":"ListItem","position":1,"name":"Portada","item":"https:\/\/www.laguiadepamplona.com\/actualidad\/"},{"@type":"ListItem","position":2,"name":"M\u00e1s de mil ni\u00f1os y ni\u00f1as de 0 a 3 a\u00f1os comienzan este viernes un nuevo curso en las escuelas infantiles municipales"}]},{"@type":"WebSite","@id":"https:\/\/www.laguiadepamplona.com\/actualidad\/#website","url":"https:\/\/www.laguiadepamplona.com\/actualidad\/","name":"La gu\u00eda de Pamplona","description":"Noticias de Pamplona","publisher":{"@id":"https:\/\/www.laguiadepamplona.com\/actualidad\/#organization"},"potentialAction":[{"@type":"SearchAction","target":{"@type":"EntryPoint","urlTemplate":"https:\/\/www.laguiadepamplona.com\/actualidad\/?s={search_term_string}"},"query-input":{"@type":"PropertyValueSpecification","valueRequired":true,"valueName":"search_term_string"}}],"inLanguage":"es"},{"@type":"Organization","@id":"https:\/\/www.laguiadepamplona.com\/actualidad\/#organization","name":"La Gu\u00eda de Pamplona \/ Noticias","url":"https:\/\/www.laguiadepamplona.com\/actualidad\/","logo":{"@type":"ImageObject","inLanguage":"es","@id":"https:\/\/www.laguiadepamplona.com\/actualidad\/#\/schema\/logo\/image\/","url":"https:\/\/www.laguiadepamplona.com\/actualidad\/wp-content\/uploads\/2018\/11\/logo-laguiadepamplona18-web1.png","contentUrl":"https:\/\/www.laguiadepamplona.com\/actualidad\/wp-content\/uploads\/2018\/11\/logo-laguiadepamplona18-web1.png","width":600,"height":196,"caption":"La Gu\u00eda de Pamplona \/ Noticias"},"image":{"@id":"https:\/\/www.laguiadepamplona.com\/actualidad\/#\/schema\/logo\/image\/"},"sameAs":["https:\/\/www.facebook.com\/laguiadepamplonacom-133175176762273\/?ref=hl","https:\/\/x.com\/LaGuiadPamplona","https:\/\/www.instagram.com\/la_guia_de_pamplona\/","https:\/\/www.youtube.com\/user\/laguiadepamplona"]},{"@type":"Person","@id":"https:\/\/www.laguiadepamplona.com\/actualidad\/#\/schema\/person\/efe887376f0213d4657c93adc50b1fdb","name":"La Gu\u00eda de Pamplona","image":{"@type":"ImageObject","inLanguage":"es","@id":"https:\/\/secure.gravatar.com\/avatar\/b6992f131dc8d30ab0dff15446e9d346d9dbd95992de0fef795073f5ea83a81c?s=96&d=mm&r=g","url":"https:\/\/secure.gravatar.com\/avatar\/b6992f131dc8d30ab0dff15446e9d346d9dbd95992de0fef795073f5ea83a81c?s=96&d=mm&r=g","contentUrl":"https:\/\/secure.gravatar.com\/avatar\/b6992f131dc8d30ab0dff15446e9d346d9dbd95992de0fef795073f5ea83a81c?s=96&d=mm&r=g","caption":"La Gu\u00eda de Pamplona"}}]}},"post_mailing_queue_ids":[],"_links":{"self":[{"href":"https:\/\/www.laguiadepamplona.com\/actualidad\/wp-json\/wp\/v2\/posts\/50517","targetHints":{"allow":["GET"]}}],"collection":[{"href":"https:\/\/www.laguiadepamplona.com\/actualidad\/wp-json\/wp\/v2\/posts"}],"about":[{"href":"https:\/\/www.laguiadepamplona.com\/actualidad\/wp-json\/wp\/v2\/types\/post"}],"author":[{"embeddable":true,"href":"https:\/\/www.laguiadepamplona.com\/actualidad\/wp-json\/wp\/v2\/users\/1"}],"replies":[{"embeddable":true,"href":"https:\/\/www.laguiadepamplona.com\/actualidad\/wp-json\/wp\/v2\/comments?post=50517"}],"version-history":[{"count":1,"href":"https:\/\/www.laguiadepamplona.com\/actualidad\/wp-json\/wp\/v2\/posts\/50517\/revisions"}],"predecessor-version":[{"id":50518,"href":"https:\/\/www.laguiadepamplona.com\/actualidad\/wp-json\/wp\/v2\/posts\/50517\/revisions\/50518"}],"wp:featuredmedia":[{"embeddable":true,"href":"https:\/\/www.laguiadepamplona.com\/actualidad\/wp-json\/wp\/v2\/media\/32954"}],"wp:attachment":[{"href":"https:\/\/www.laguiadepamplona.com\/actualidad\/wp-json\/wp\/v2\/media?parent=50517"}],"wp:term":[{"taxonomy":"category","embeddable":true,"href":"https:\/\/www.laguiadepamplona.com\/actualidad\/wp-json\/wp\/v2\/categories?post=50517"},{"taxonomy":"post_tag","embeddable":true,"href":"https:\/\/www.laguiadepamplona.com\/actualidad\/wp-json\/wp\/v2\/tags?post=50517"}],"curies":[{"name":"wp","href":"https:\/\/api.w.org\/{rel}","templated":true}]}}