{"id":50505,"date":"2024-08-13T19:25:05","date_gmt":"2024-08-13T17:25:05","guid":{"rendered":"https:\/\/www.laguiadepamplona.com\/actualidad\/?p=50505"},"modified":"2024-08-13T19:25:05","modified_gmt":"2024-08-13T17:25:05","slug":"la-musica-alternativa-de-los-bilbainos-airu-llega-al-bosquecillo-este-miercoles-de-la-mano-de-zentral-dentro-del-ciclo-salas-de-musica-en-la-calle","status":"publish","type":"post","link":"https:\/\/www.laguiadepamplona.com\/actualidad\/la-musica-alternativa-de-los-bilbainos-airu-llega-al-bosquecillo-este-miercoles-de-la-mano-de-zentral-dentro-del-ciclo-salas-de-musica-en-la-calle\/","title":{"rendered":"La m\u00fasica alternativa de los bilba\u00ednos Airu llega al Bosquecillo este mi\u00e9rcoles, de la mano de Zentral, dentro del ciclo \u2018Salas de M\u00fasica en la Calle\u2019"},"content":{"rendered":"<h2>El concierto del cuarteto, a las 20 horas, combina sentimentalismo y melod\u00edas pegadizas, con especial atenci\u00f3n al lenguaje<\/h2>\n<p><!--more--><\/p>\n<p>El ciclo \u2018Salas de M\u00fasica en la Calle\u2019, organizado por el Ayuntamiento de Pamplona, contin\u00faa este mi\u00e9rcoles con el grupo Airu, que llega de la mano de la sala Zentral. A partir de las 20 horas, el escenario de la calle Bosquecillo acoge el sentimentalismo, melod\u00edas pegadizas y una profunda voz, los tres pilares del cuarteto bilba\u00edno. El concierto se dirige a todos los p\u00fablicos y la entrada es gratuita.<\/p>\n<p>La banda Airu, creada en Bilbao en 2018, ha conseguido posicionarse en la m\u00fasica alternativa a nivel estatal, siendo reconocida por medios como Mondosonoro, Neo 2 o Movistar+. Tras ser seleccionada una de sus integrantes como artista Keychange en 2022 y su paso por festivales reconocidos como el Waves Vienna de Austria, el cuarteto euskaldun se une al sello Oso Polita, con quien lanzan su primer LP, \u2018Con lo bueno y con pena\u2019.<\/p>\n<p>Este primer trabajo discogr\u00e1fico fusiona la m\u00fasica indie-rock, indie-pop y la electr\u00f3nica, con similar protagonismo para sintes y guitarras. Acoge un total de 13 canciones que incluyen los singles que la banda ha ido mostrando hasta la fecha. La banda ha presentado este disco en una extensa gira estatal, adem\u00e1s de participar en cert\u00e1menes de primer nivel como el Bilbao BBK Live, o los americanos New Colossus, New New Festival y SXSW en 2024.<\/p>\n<p>En el concierto del Bosquecillo presentar\u00e1n temas del LP como \u2018Bailar sobre mi espalda\u2019, \u2018En el m\u00e1s all\u00e1\u2019 o \u2018Es por tu bien\u2019, donde dejan patente su inter\u00e9s especial por el significado oculto tras el lenguaje y la exploraci\u00f3n de nuevos sonidos. Para conocer m\u00e1s sobre el grupo, se pueden consultar los siguientes enlaces: <a href=\"https:\/\/www.instagram.com\/airu.cove\/\" target=\"_blank\" rel=\"noopener\">Instagram<\/a>, <a href=\"https:\/\/www.youtube.com\/@airucove\/videos\" target=\"_blank\" rel=\"noopener\">Youtube<\/a> y <a href=\"https:\/\/open.spotify.com\/intl-es\/artist\/47IHD6RxxZW56J4RazegM2?si=qfh2Nku9SGSnSHWTdSABaA\" target=\"_blank\" rel=\"noopener\">Spotify<\/a>.<\/p>\n<p>El programa \u2018Salas de M\u00fasica en la Calle\u2019 apuesta por apoyar a las salas de peque\u00f1o y gran aforo de la ciudad, dando visibilidad a su difusi\u00f3n de m\u00fasica de todos los estilos y procedencias, y su implicaci\u00f3n en la promoci\u00f3n e identificaci\u00f3n de talento musical.<\/p>\n<p>El siguiente concierto del ciclo en Pamplona, el mi\u00e9rcoles 21 de agosto, a las 20 horas, lo ofrecer\u00e1 el grupo \u2018No Sanctuary\u2019, de la mano de la sala Krawill.<\/p>\n<p>&nbsp;<\/p>\n<h3>Salas de M\u00fasica en la Calle. Programaci\u00f3n Bosquecillo<\/h3>\n<ul>\n<li><strong>En Pamplona. Calle Bosquecillo, a las 20 horas:<\/strong>\n<ul>\n<li>Mi\u00e9rcoles 14 de agosto. Concierto de \u2018Airu\u2019, de la mano de Zentral<\/li>\n<li>Mi\u00e9rcoles 21 de agosto. Concierto de \u2018No Sanctuary\u2019, de la mano de Krawill<\/li>\n<li>Mi\u00e9rcoles 4 de septiembre. Concierto de \u2018Mourn\u2019, de la mano de Txintxarri<\/li>\n<li>Mi\u00e9rcoles 11 de septiembre. Concierto de \u2018The Parrockos\u2019, de la mano de Toki Leza<\/li>\n<li>Mi\u00e9rcoles 18 de septiembre. Concierto de \u2018Ezpalak\u2019, de la mano de Canalla<\/li>\n<\/ul>\n<\/li>\n<\/ul>\n","protected":false},"excerpt":{"rendered":"<p>El concierto del cuarteto, a las 20 horas, combina sentimentalismo y melod\u00edas pegadizas, con especial atenci\u00f3n al lenguaje<\/p>\n","protected":false},"author":1,"featured_media":50506,"comment_status":"open","ping_status":"closed","sticky":false,"template":"","format":"standard","meta":{"footnotes":""},"categories":[2],"tags":[],"class_list":["post-50505","post","type-post","status-publish","format-standard","has-post-thumbnail","hentry","category-ayuntamiento-pamplona"],"yoast_head":"<!-- This site is optimized with the Yoast SEO plugin v27.3 - https:\/\/yoast.com\/product\/yoast-seo-wordpress\/ -->\n<title>La m\u00fasica alternativa de los bilba\u00ednos Airu llega al Bosquecillo este mi\u00e9rcoles, de la mano de Zentral, dentro del ciclo \u2018Salas de M\u00fasica en la Calle\u2019<\/title>\n<meta name=\"description\" content=\"El concierto del cuarteto, a las 20 horas, combina sentimentalismo y melod\u00edas pegadizas, con especial atenci\u00f3n al lenguaje\" \/>\n<meta name=\"robots\" content=\"index, follow, max-snippet:-1, max-image-preview:large, max-video-preview:-1\" \/>\n<link rel=\"canonical\" href=\"https:\/\/www.laguiadepamplona.com\/actualidad\/la-musica-alternativa-de-los-bilbainos-airu-llega-al-bosquecillo-este-miercoles-de-la-mano-de-zentral-dentro-del-ciclo-salas-de-musica-en-la-calle\/\" \/>\n<meta property=\"og:locale\" content=\"es_ES\" \/>\n<meta property=\"og:type\" content=\"article\" \/>\n<meta property=\"og:title\" content=\"La m\u00fasica alternativa de los bilba\u00ednos Airu llega al Bosquecillo este mi\u00e9rcoles, de la mano de Zentral, dentro del ciclo \u2018Salas de M\u00fasica en la Calle\u2019\" \/>\n<meta property=\"og:description\" content=\"El concierto del cuarteto, a las 20 horas, combina sentimentalismo y melod\u00edas pegadizas, con especial atenci\u00f3n al lenguaje\" \/>\n<meta property=\"og:url\" content=\"https:\/\/www.laguiadepamplona.com\/actualidad\/la-musica-alternativa-de-los-bilbainos-airu-llega-al-bosquecillo-este-miercoles-de-la-mano-de-zentral-dentro-del-ciclo-salas-de-musica-en-la-calle\/\" \/>\n<meta property=\"og:site_name\" content=\"La Gu\u00eda de Pamplona\" \/>\n<meta property=\"article:publisher\" content=\"https:\/\/www.facebook.com\/laguiadepamplonacom-133175176762273\/?ref=hl\" \/>\n<meta property=\"article:published_time\" content=\"2024-08-13T17:25:05+00:00\" \/>\n<meta property=\"og:image\" content=\"https:\/\/www.laguiadepamplona.com\/actualidad\/wp-content\/uploads\/2024\/08\/SMC_06.webp\" \/>\n\t<meta property=\"og:image:width\" content=\"1000\" \/>\n\t<meta property=\"og:image:height\" content=\"1000\" \/>\n\t<meta property=\"og:image:type\" content=\"image\/webp\" \/>\n<meta name=\"author\" content=\"La Gu\u00eda de Pamplona\" \/>\n<meta name=\"twitter:card\" content=\"summary_large_image\" \/>\n<meta name=\"twitter:creator\" content=\"@LaGuiadPamplona\" \/>\n<meta name=\"twitter:site\" content=\"@LaGuiadPamplona\" \/>\n<meta name=\"twitter:label1\" content=\"Escrito por\" \/>\n\t<meta name=\"twitter:data1\" content=\"La Gu\u00eda de Pamplona\" \/>\n\t<meta name=\"twitter:label2\" content=\"Tiempo de lectura\" \/>\n\t<meta name=\"twitter:data2\" content=\"3 minutos\" \/>\n<script type=\"application\/ld+json\" class=\"yoast-schema-graph\">{\"@context\":\"https:\\\/\\\/schema.org\",\"@graph\":[{\"@type\":\"Article\",\"@id\":\"https:\\\/\\\/www.laguiadepamplona.com\\\/actualidad\\\/la-musica-alternativa-de-los-bilbainos-airu-llega-al-bosquecillo-este-miercoles-de-la-mano-de-zentral-dentro-del-ciclo-salas-de-musica-en-la-calle\\\/#article\",\"isPartOf\":{\"@id\":\"https:\\\/\\\/www.laguiadepamplona.com\\\/actualidad\\\/la-musica-alternativa-de-los-bilbainos-airu-llega-al-bosquecillo-este-miercoles-de-la-mano-de-zentral-dentro-del-ciclo-salas-de-musica-en-la-calle\\\/\"},\"author\":{\"name\":\"La Gu\u00eda de Pamplona\",\"@id\":\"https:\\\/\\\/www.laguiadepamplona.com\\\/actualidad\\\/#\\\/schema\\\/person\\\/efe887376f0213d4657c93adc50b1fdb\"},\"headline\":\"La m\u00fasica alternativa de los bilba\u00ednos Airu llega al Bosquecillo este mi\u00e9rcoles, de la mano de Zentral, dentro del ciclo \u2018Salas de M\u00fasica en la Calle\u2019\",\"datePublished\":\"2024-08-13T17:25:05+00:00\",\"mainEntityOfPage\":{\"@id\":\"https:\\\/\\\/www.laguiadepamplona.com\\\/actualidad\\\/la-musica-alternativa-de-los-bilbainos-airu-llega-al-bosquecillo-este-miercoles-de-la-mano-de-zentral-dentro-del-ciclo-salas-de-musica-en-la-calle\\\/\"},\"wordCount\":497,\"commentCount\":0,\"publisher\":{\"@id\":\"https:\\\/\\\/www.laguiadepamplona.com\\\/actualidad\\\/#organization\"},\"image\":{\"@id\":\"https:\\\/\\\/www.laguiadepamplona.com\\\/actualidad\\\/la-musica-alternativa-de-los-bilbainos-airu-llega-al-bosquecillo-este-miercoles-de-la-mano-de-zentral-dentro-del-ciclo-salas-de-musica-en-la-calle\\\/#primaryimage\"},\"thumbnailUrl\":\"https:\\\/\\\/www.laguiadepamplona.com\\\/actualidad\\\/wp-content\\\/uploads\\\/2024\\\/08\\\/SMC_06.webp\",\"articleSection\":[\"Ayto Pamplona\"],\"inLanguage\":\"es\",\"potentialAction\":[{\"@type\":\"CommentAction\",\"name\":\"Comment\",\"target\":[\"https:\\\/\\\/www.laguiadepamplona.com\\\/actualidad\\\/la-musica-alternativa-de-los-bilbainos-airu-llega-al-bosquecillo-este-miercoles-de-la-mano-de-zentral-dentro-del-ciclo-salas-de-musica-en-la-calle\\\/#respond\"]}]},{\"@type\":\"WebPage\",\"@id\":\"https:\\\/\\\/www.laguiadepamplona.com\\\/actualidad\\\/la-musica-alternativa-de-los-bilbainos-airu-llega-al-bosquecillo-este-miercoles-de-la-mano-de-zentral-dentro-del-ciclo-salas-de-musica-en-la-calle\\\/\",\"url\":\"https:\\\/\\\/www.laguiadepamplona.com\\\/actualidad\\\/la-musica-alternativa-de-los-bilbainos-airu-llega-al-bosquecillo-este-miercoles-de-la-mano-de-zentral-dentro-del-ciclo-salas-de-musica-en-la-calle\\\/\",\"name\":\"La m\u00fasica alternativa de los bilba\u00ednos Airu llega al Bosquecillo este mi\u00e9rcoles, de la mano de Zentral, dentro del ciclo \u2018Salas de M\u00fasica en la Calle\u2019\",\"isPartOf\":{\"@id\":\"https:\\\/\\\/www.laguiadepamplona.com\\\/actualidad\\\/#website\"},\"primaryImageOfPage\":{\"@id\":\"https:\\\/\\\/www.laguiadepamplona.com\\\/actualidad\\\/la-musica-alternativa-de-los-bilbainos-airu-llega-al-bosquecillo-este-miercoles-de-la-mano-de-zentral-dentro-del-ciclo-salas-de-musica-en-la-calle\\\/#primaryimage\"},\"image\":{\"@id\":\"https:\\\/\\\/www.laguiadepamplona.com\\\/actualidad\\\/la-musica-alternativa-de-los-bilbainos-airu-llega-al-bosquecillo-este-miercoles-de-la-mano-de-zentral-dentro-del-ciclo-salas-de-musica-en-la-calle\\\/#primaryimage\"},\"thumbnailUrl\":\"https:\\\/\\\/www.laguiadepamplona.com\\\/actualidad\\\/wp-content\\\/uploads\\\/2024\\\/08\\\/SMC_06.webp\",\"datePublished\":\"2024-08-13T17:25:05+00:00\",\"description\":\"El concierto del cuarteto, a las 20 horas, combina sentimentalismo y melod\u00edas pegadizas, con especial atenci\u00f3n al lenguaje\",\"breadcrumb\":{\"@id\":\"https:\\\/\\\/www.laguiadepamplona.com\\\/actualidad\\\/la-musica-alternativa-de-los-bilbainos-airu-llega-al-bosquecillo-este-miercoles-de-la-mano-de-zentral-dentro-del-ciclo-salas-de-musica-en-la-calle\\\/#breadcrumb\"},\"inLanguage\":\"es\",\"potentialAction\":[{\"@type\":\"ReadAction\",\"target\":[\"https:\\\/\\\/www.laguiadepamplona.com\\\/actualidad\\\/la-musica-alternativa-de-los-bilbainos-airu-llega-al-bosquecillo-este-miercoles-de-la-mano-de-zentral-dentro-del-ciclo-salas-de-musica-en-la-calle\\\/\"]}]},{\"@type\":\"ImageObject\",\"inLanguage\":\"es\",\"@id\":\"https:\\\/\\\/www.laguiadepamplona.com\\\/actualidad\\\/la-musica-alternativa-de-los-bilbainos-airu-llega-al-bosquecillo-este-miercoles-de-la-mano-de-zentral-dentro-del-ciclo-salas-de-musica-en-la-calle\\\/#primaryimage\",\"url\":\"https:\\\/\\\/www.laguiadepamplona.com\\\/actualidad\\\/wp-content\\\/uploads\\\/2024\\\/08\\\/SMC_06.webp\",\"contentUrl\":\"https:\\\/\\\/www.laguiadepamplona.com\\\/actualidad\\\/wp-content\\\/uploads\\\/2024\\\/08\\\/SMC_06.webp\",\"width\":1000,\"height\":1000,\"caption\":\"smc\"},{\"@type\":\"BreadcrumbList\",\"@id\":\"https:\\\/\\\/www.laguiadepamplona.com\\\/actualidad\\\/la-musica-alternativa-de-los-bilbainos-airu-llega-al-bosquecillo-este-miercoles-de-la-mano-de-zentral-dentro-del-ciclo-salas-de-musica-en-la-calle\\\/#breadcrumb\",\"itemListElement\":[{\"@type\":\"ListItem\",\"position\":1,\"name\":\"Portada\",\"item\":\"https:\\\/\\\/www.laguiadepamplona.com\\\/actualidad\\\/\"},{\"@type\":\"ListItem\",\"position\":2,\"name\":\"La m\u00fasica alternativa de los bilba\u00ednos Airu llega al Bosquecillo este mi\u00e9rcoles, de la mano de Zentral, dentro del ciclo \u2018Salas de M\u00fasica en la Calle\u2019\"}]},{\"@type\":\"WebSite\",\"@id\":\"https:\\\/\\\/www.laguiadepamplona.com\\\/actualidad\\\/#website\",\"url\":\"https:\\\/\\\/www.laguiadepamplona.com\\\/actualidad\\\/\",\"name\":\"La gu\u00eda de Pamplona\",\"description\":\"Noticias de Pamplona\",\"publisher\":{\"@id\":\"https:\\\/\\\/www.laguiadepamplona.com\\\/actualidad\\\/#organization\"},\"potentialAction\":[{\"@type\":\"SearchAction\",\"target\":{\"@type\":\"EntryPoint\",\"urlTemplate\":\"https:\\\/\\\/www.laguiadepamplona.com\\\/actualidad\\\/?s={search_term_string}\"},\"query-input\":{\"@type\":\"PropertyValueSpecification\",\"valueRequired\":true,\"valueName\":\"search_term_string\"}}],\"inLanguage\":\"es\"},{\"@type\":\"Organization\",\"@id\":\"https:\\\/\\\/www.laguiadepamplona.com\\\/actualidad\\\/#organization\",\"name\":\"La Gu\u00eda de Pamplona \\\/ Noticias\",\"url\":\"https:\\\/\\\/www.laguiadepamplona.com\\\/actualidad\\\/\",\"logo\":{\"@type\":\"ImageObject\",\"inLanguage\":\"es\",\"@id\":\"https:\\\/\\\/www.laguiadepamplona.com\\\/actualidad\\\/#\\\/schema\\\/logo\\\/image\\\/\",\"url\":\"https:\\\/\\\/www.laguiadepamplona.com\\\/actualidad\\\/wp-content\\\/uploads\\\/2018\\\/11\\\/logo-laguiadepamplona18-web1.png\",\"contentUrl\":\"https:\\\/\\\/www.laguiadepamplona.com\\\/actualidad\\\/wp-content\\\/uploads\\\/2018\\\/11\\\/logo-laguiadepamplona18-web1.png\",\"width\":600,\"height\":196,\"caption\":\"La Gu\u00eda de Pamplona \\\/ Noticias\"},\"image\":{\"@id\":\"https:\\\/\\\/www.laguiadepamplona.com\\\/actualidad\\\/#\\\/schema\\\/logo\\\/image\\\/\"},\"sameAs\":[\"https:\\\/\\\/www.facebook.com\\\/laguiadepamplonacom-133175176762273\\\/?ref=hl\",\"https:\\\/\\\/x.com\\\/LaGuiadPamplona\",\"https:\\\/\\\/www.instagram.com\\\/la_guia_de_pamplona\\\/\",\"https:\\\/\\\/www.youtube.com\\\/user\\\/laguiadepamplona\"]},{\"@type\":\"Person\",\"@id\":\"https:\\\/\\\/www.laguiadepamplona.com\\\/actualidad\\\/#\\\/schema\\\/person\\\/efe887376f0213d4657c93adc50b1fdb\",\"name\":\"La Gu\u00eda de Pamplona\",\"image\":{\"@type\":\"ImageObject\",\"inLanguage\":\"es\",\"@id\":\"https:\\\/\\\/secure.gravatar.com\\\/avatar\\\/b6992f131dc8d30ab0dff15446e9d346d9dbd95992de0fef795073f5ea83a81c?s=96&d=mm&r=g\",\"url\":\"https:\\\/\\\/secure.gravatar.com\\\/avatar\\\/b6992f131dc8d30ab0dff15446e9d346d9dbd95992de0fef795073f5ea83a81c?s=96&d=mm&r=g\",\"contentUrl\":\"https:\\\/\\\/secure.gravatar.com\\\/avatar\\\/b6992f131dc8d30ab0dff15446e9d346d9dbd95992de0fef795073f5ea83a81c?s=96&d=mm&r=g\",\"caption\":\"La Gu\u00eda de Pamplona\"}}]}<\/script>\n<!-- \/ Yoast SEO plugin. -->","yoast_head_json":{"title":"La m\u00fasica alternativa de los bilba\u00ednos Airu llega al Bosquecillo este mi\u00e9rcoles, de la mano de Zentral, dentro del ciclo \u2018Salas de M\u00fasica en la Calle\u2019","description":"El concierto del cuarteto, a las 20 horas, combina sentimentalismo y melod\u00edas pegadizas, con especial atenci\u00f3n al lenguaje","robots":{"index":"index","follow":"follow","max-snippet":"max-snippet:-1","max-image-preview":"max-image-preview:large","max-video-preview":"max-video-preview:-1"},"canonical":"https:\/\/www.laguiadepamplona.com\/actualidad\/la-musica-alternativa-de-los-bilbainos-airu-llega-al-bosquecillo-este-miercoles-de-la-mano-de-zentral-dentro-del-ciclo-salas-de-musica-en-la-calle\/","og_locale":"es_ES","og_type":"article","og_title":"La m\u00fasica alternativa de los bilba\u00ednos Airu llega al Bosquecillo este mi\u00e9rcoles, de la mano de Zentral, dentro del ciclo \u2018Salas de M\u00fasica en la Calle\u2019","og_description":"El concierto del cuarteto, a las 20 horas, combina sentimentalismo y melod\u00edas pegadizas, con especial atenci\u00f3n al lenguaje","og_url":"https:\/\/www.laguiadepamplona.com\/actualidad\/la-musica-alternativa-de-los-bilbainos-airu-llega-al-bosquecillo-este-miercoles-de-la-mano-de-zentral-dentro-del-ciclo-salas-de-musica-en-la-calle\/","og_site_name":"La Gu\u00eda de Pamplona","article_publisher":"https:\/\/www.facebook.com\/laguiadepamplonacom-133175176762273\/?ref=hl","article_published_time":"2024-08-13T17:25:05+00:00","og_image":[{"width":1000,"height":1000,"url":"https:\/\/www.laguiadepamplona.com\/actualidad\/wp-content\/uploads\/2024\/08\/SMC_06.webp","type":"image\/webp"}],"author":"La Gu\u00eda de Pamplona","twitter_card":"summary_large_image","twitter_creator":"@LaGuiadPamplona","twitter_site":"@LaGuiadPamplona","twitter_misc":{"Escrito por":"La Gu\u00eda de Pamplona","Tiempo de lectura":"3 minutos"},"schema":{"@context":"https:\/\/schema.org","@graph":[{"@type":"Article","@id":"https:\/\/www.laguiadepamplona.com\/actualidad\/la-musica-alternativa-de-los-bilbainos-airu-llega-al-bosquecillo-este-miercoles-de-la-mano-de-zentral-dentro-del-ciclo-salas-de-musica-en-la-calle\/#article","isPartOf":{"@id":"https:\/\/www.laguiadepamplona.com\/actualidad\/la-musica-alternativa-de-los-bilbainos-airu-llega-al-bosquecillo-este-miercoles-de-la-mano-de-zentral-dentro-del-ciclo-salas-de-musica-en-la-calle\/"},"author":{"name":"La Gu\u00eda de Pamplona","@id":"https:\/\/www.laguiadepamplona.com\/actualidad\/#\/schema\/person\/efe887376f0213d4657c93adc50b1fdb"},"headline":"La m\u00fasica alternativa de los bilba\u00ednos Airu llega al Bosquecillo este mi\u00e9rcoles, de la mano de Zentral, dentro del ciclo \u2018Salas de M\u00fasica en la Calle\u2019","datePublished":"2024-08-13T17:25:05+00:00","mainEntityOfPage":{"@id":"https:\/\/www.laguiadepamplona.com\/actualidad\/la-musica-alternativa-de-los-bilbainos-airu-llega-al-bosquecillo-este-miercoles-de-la-mano-de-zentral-dentro-del-ciclo-salas-de-musica-en-la-calle\/"},"wordCount":497,"commentCount":0,"publisher":{"@id":"https:\/\/www.laguiadepamplona.com\/actualidad\/#organization"},"image":{"@id":"https:\/\/www.laguiadepamplona.com\/actualidad\/la-musica-alternativa-de-los-bilbainos-airu-llega-al-bosquecillo-este-miercoles-de-la-mano-de-zentral-dentro-del-ciclo-salas-de-musica-en-la-calle\/#primaryimage"},"thumbnailUrl":"https:\/\/www.laguiadepamplona.com\/actualidad\/wp-content\/uploads\/2024\/08\/SMC_06.webp","articleSection":["Ayto Pamplona"],"inLanguage":"es","potentialAction":[{"@type":"CommentAction","name":"Comment","target":["https:\/\/www.laguiadepamplona.com\/actualidad\/la-musica-alternativa-de-los-bilbainos-airu-llega-al-bosquecillo-este-miercoles-de-la-mano-de-zentral-dentro-del-ciclo-salas-de-musica-en-la-calle\/#respond"]}]},{"@type":"WebPage","@id":"https:\/\/www.laguiadepamplona.com\/actualidad\/la-musica-alternativa-de-los-bilbainos-airu-llega-al-bosquecillo-este-miercoles-de-la-mano-de-zentral-dentro-del-ciclo-salas-de-musica-en-la-calle\/","url":"https:\/\/www.laguiadepamplona.com\/actualidad\/la-musica-alternativa-de-los-bilbainos-airu-llega-al-bosquecillo-este-miercoles-de-la-mano-de-zentral-dentro-del-ciclo-salas-de-musica-en-la-calle\/","name":"La m\u00fasica alternativa de los bilba\u00ednos Airu llega al Bosquecillo este mi\u00e9rcoles, de la mano de Zentral, dentro del ciclo \u2018Salas de M\u00fasica en la Calle\u2019","isPartOf":{"@id":"https:\/\/www.laguiadepamplona.com\/actualidad\/#website"},"primaryImageOfPage":{"@id":"https:\/\/www.laguiadepamplona.com\/actualidad\/la-musica-alternativa-de-los-bilbainos-airu-llega-al-bosquecillo-este-miercoles-de-la-mano-de-zentral-dentro-del-ciclo-salas-de-musica-en-la-calle\/#primaryimage"},"image":{"@id":"https:\/\/www.laguiadepamplona.com\/actualidad\/la-musica-alternativa-de-los-bilbainos-airu-llega-al-bosquecillo-este-miercoles-de-la-mano-de-zentral-dentro-del-ciclo-salas-de-musica-en-la-calle\/#primaryimage"},"thumbnailUrl":"https:\/\/www.laguiadepamplona.com\/actualidad\/wp-content\/uploads\/2024\/08\/SMC_06.webp","datePublished":"2024-08-13T17:25:05+00:00","description":"El concierto del cuarteto, a las 20 horas, combina sentimentalismo y melod\u00edas pegadizas, con especial atenci\u00f3n al lenguaje","breadcrumb":{"@id":"https:\/\/www.laguiadepamplona.com\/actualidad\/la-musica-alternativa-de-los-bilbainos-airu-llega-al-bosquecillo-este-miercoles-de-la-mano-de-zentral-dentro-del-ciclo-salas-de-musica-en-la-calle\/#breadcrumb"},"inLanguage":"es","potentialAction":[{"@type":"ReadAction","target":["https:\/\/www.laguiadepamplona.com\/actualidad\/la-musica-alternativa-de-los-bilbainos-airu-llega-al-bosquecillo-este-miercoles-de-la-mano-de-zentral-dentro-del-ciclo-salas-de-musica-en-la-calle\/"]}]},{"@type":"ImageObject","inLanguage":"es","@id":"https:\/\/www.laguiadepamplona.com\/actualidad\/la-musica-alternativa-de-los-bilbainos-airu-llega-al-bosquecillo-este-miercoles-de-la-mano-de-zentral-dentro-del-ciclo-salas-de-musica-en-la-calle\/#primaryimage","url":"https:\/\/www.laguiadepamplona.com\/actualidad\/wp-content\/uploads\/2024\/08\/SMC_06.webp","contentUrl":"https:\/\/www.laguiadepamplona.com\/actualidad\/wp-content\/uploads\/2024\/08\/SMC_06.webp","width":1000,"height":1000,"caption":"smc"},{"@type":"BreadcrumbList","@id":"https:\/\/www.laguiadepamplona.com\/actualidad\/la-musica-alternativa-de-los-bilbainos-airu-llega-al-bosquecillo-este-miercoles-de-la-mano-de-zentral-dentro-del-ciclo-salas-de-musica-en-la-calle\/#breadcrumb","itemListElement":[{"@type":"ListItem","position":1,"name":"Portada","item":"https:\/\/www.laguiadepamplona.com\/actualidad\/"},{"@type":"ListItem","position":2,"name":"La m\u00fasica alternativa de los bilba\u00ednos Airu llega al Bosquecillo este mi\u00e9rcoles, de la mano de Zentral, dentro del ciclo \u2018Salas de M\u00fasica en la Calle\u2019"}]},{"@type":"WebSite","@id":"https:\/\/www.laguiadepamplona.com\/actualidad\/#website","url":"https:\/\/www.laguiadepamplona.com\/actualidad\/","name":"La gu\u00eda de Pamplona","description":"Noticias de Pamplona","publisher":{"@id":"https:\/\/www.laguiadepamplona.com\/actualidad\/#organization"},"potentialAction":[{"@type":"SearchAction","target":{"@type":"EntryPoint","urlTemplate":"https:\/\/www.laguiadepamplona.com\/actualidad\/?s={search_term_string}"},"query-input":{"@type":"PropertyValueSpecification","valueRequired":true,"valueName":"search_term_string"}}],"inLanguage":"es"},{"@type":"Organization","@id":"https:\/\/www.laguiadepamplona.com\/actualidad\/#organization","name":"La Gu\u00eda de Pamplona \/ Noticias","url":"https:\/\/www.laguiadepamplona.com\/actualidad\/","logo":{"@type":"ImageObject","inLanguage":"es","@id":"https:\/\/www.laguiadepamplona.com\/actualidad\/#\/schema\/logo\/image\/","url":"https:\/\/www.laguiadepamplona.com\/actualidad\/wp-content\/uploads\/2018\/11\/logo-laguiadepamplona18-web1.png","contentUrl":"https:\/\/www.laguiadepamplona.com\/actualidad\/wp-content\/uploads\/2018\/11\/logo-laguiadepamplona18-web1.png","width":600,"height":196,"caption":"La Gu\u00eda de Pamplona \/ Noticias"},"image":{"@id":"https:\/\/www.laguiadepamplona.com\/actualidad\/#\/schema\/logo\/image\/"},"sameAs":["https:\/\/www.facebook.com\/laguiadepamplonacom-133175176762273\/?ref=hl","https:\/\/x.com\/LaGuiadPamplona","https:\/\/www.instagram.com\/la_guia_de_pamplona\/","https:\/\/www.youtube.com\/user\/laguiadepamplona"]},{"@type":"Person","@id":"https:\/\/www.laguiadepamplona.com\/actualidad\/#\/schema\/person\/efe887376f0213d4657c93adc50b1fdb","name":"La Gu\u00eda de Pamplona","image":{"@type":"ImageObject","inLanguage":"es","@id":"https:\/\/secure.gravatar.com\/avatar\/b6992f131dc8d30ab0dff15446e9d346d9dbd95992de0fef795073f5ea83a81c?s=96&d=mm&r=g","url":"https:\/\/secure.gravatar.com\/avatar\/b6992f131dc8d30ab0dff15446e9d346d9dbd95992de0fef795073f5ea83a81c?s=96&d=mm&r=g","contentUrl":"https:\/\/secure.gravatar.com\/avatar\/b6992f131dc8d30ab0dff15446e9d346d9dbd95992de0fef795073f5ea83a81c?s=96&d=mm&r=g","caption":"La Gu\u00eda de Pamplona"}}]}},"post_mailing_queue_ids":[],"_links":{"self":[{"href":"https:\/\/www.laguiadepamplona.com\/actualidad\/wp-json\/wp\/v2\/posts\/50505","targetHints":{"allow":["GET"]}}],"collection":[{"href":"https:\/\/www.laguiadepamplona.com\/actualidad\/wp-json\/wp\/v2\/posts"}],"about":[{"href":"https:\/\/www.laguiadepamplona.com\/actualidad\/wp-json\/wp\/v2\/types\/post"}],"author":[{"embeddable":true,"href":"https:\/\/www.laguiadepamplona.com\/actualidad\/wp-json\/wp\/v2\/users\/1"}],"replies":[{"embeddable":true,"href":"https:\/\/www.laguiadepamplona.com\/actualidad\/wp-json\/wp\/v2\/comments?post=50505"}],"version-history":[{"count":1,"href":"https:\/\/www.laguiadepamplona.com\/actualidad\/wp-json\/wp\/v2\/posts\/50505\/revisions"}],"predecessor-version":[{"id":50507,"href":"https:\/\/www.laguiadepamplona.com\/actualidad\/wp-json\/wp\/v2\/posts\/50505\/revisions\/50507"}],"wp:featuredmedia":[{"embeddable":true,"href":"https:\/\/www.laguiadepamplona.com\/actualidad\/wp-json\/wp\/v2\/media\/50506"}],"wp:attachment":[{"href":"https:\/\/www.laguiadepamplona.com\/actualidad\/wp-json\/wp\/v2\/media?parent=50505"}],"wp:term":[{"taxonomy":"category","embeddable":true,"href":"https:\/\/www.laguiadepamplona.com\/actualidad\/wp-json\/wp\/v2\/categories?post=50505"},{"taxonomy":"post_tag","embeddable":true,"href":"https:\/\/www.laguiadepamplona.com\/actualidad\/wp-json\/wp\/v2\/tags?post=50505"}],"curies":[{"name":"wp","href":"https:\/\/api.w.org\/{rel}","templated":true}]}}