{"id":50502,"date":"2024-08-13T19:21:24","date_gmt":"2024-08-13T17:21:24","guid":{"rendered":"https:\/\/www.laguiadepamplona.com\/actualidad\/?p=50502"},"modified":"2024-08-13T19:21:24","modified_gmt":"2024-08-13T17:21:24","slug":"pamplona-destina-inicialmente-923-000-euros-para-proyectos-de-cooperacion-internacional-que-se-realicen-en-paises-y-territorios-en-transicion","status":"publish","type":"post","link":"https:\/\/www.laguiadepamplona.com\/actualidad\/pamplona-destina-inicialmente-923-000-euros-para-proyectos-de-cooperacion-internacional-que-se-realicen-en-paises-y-territorios-en-transicion\/","title":{"rendered":"Pamplona destina inicialmente 923.000 euros para proyectos de cooperaci\u00f3n internacional que se realicen en pa\u00edses y territorios en transici\u00f3n"},"content":{"rendered":"<h2>El plazo para concurrir a la convocatoria, que busca apoyar el desarrollo humano y sostenible de comunidades y municipios del Sur, finaliza el 24 de agosto<\/h2>\n<p><!--more--><\/p>\n<p>El Ayuntamiento de Pamplona ha convocado subvenciones para cofinanciar proyectos de cooperaci\u00f3n internacional al desarrollo que se realicen en comunidades y municipios del Sur dirigidos al desarrollo humano local. Los proyectos deber\u00e1n promocionar el desarrollo humano local en las \u00e1reas de educaci\u00f3n, formaci\u00f3n, salud, vivienda, defensa de los derechos humanos, desarrollo econ\u00f3mico o infraestructuras que beneficien a comunidades rurales o urbanas, y deber\u00e1n promover la participaci\u00f3n activa de dichas comunidades y municipios y de sus instancias representativas en su proposici\u00f3n, gesti\u00f3n y educaci\u00f3n.<\/p>\n<p>La convocatoria, dotada inicialmente con 923.000 euros y publicada en el <a href=\"https:\/\/bon.navarra.es\/es\/anuncio\/-\/texto\/2024\/150\/72\" target=\"_blank\" rel=\"noopener\">Bolet\u00edn Oficial de Navarra n\u00ba 150<\/a>, est\u00e1 abierta hasta el s\u00e1bado 24 de agosto inclusive. Toda la informaci\u00f3n se puede consultar en la web municipal <a href=\"https:\/\/sedeelectronica.pamplona.es\/FichaTramite.aspx?id=PL4000061&amp;Idioma=1\" target=\"_blank\" rel=\"noopener\">www.pamplona.es<\/a>, donde se presentan las solicitudes de forma telem\u00e1tica a trav\u00e9s del tr\u00e1mite \u201c<a href=\"https:\/\/sedeelectronica.pamplona.es\/FichaTramite.aspx?id=229967TA\" target=\"_blank\" rel=\"noopener\">Solicitud electr\u00f3nica de subvenciones para personas jur\u00eddicas<\/a>\u201d. Los pa\u00edses y territorios en desarrollo o en transici\u00f3n que pueden recibir esta ayuda son los incluidos en la relaci\u00f3n vigente de pa\u00edses beneficiarios de Ayuda Oficial al Desarrollo (AOD) establecida por el Comit\u00e9 de Ayuda al Desarrollo (CAD) de la OCDE.<\/p>\n<p>Los proyectos contar\u00e1n con un plazo de ejecuci\u00f3n que no supere los 24 meses, a contar desde la percepci\u00f3n efectiva de la subvenci\u00f3n, y deber\u00e1n tener una socia local (contraparte) en la zona donde se vaya a realizar el proyecto. Dicha socia podr\u00e1 ser una Administraci\u00f3n P\u00fablica o una ONG, incluida la Delegaci\u00f3n de la propia ONGD solicitante en el pa\u00eds de referencia. Cada ONGD podr\u00e1 presentar una \u00fanica solicitud.<\/p>\n<p>La cuant\u00eda m\u00e1xima para cada entidad beneficiaria no podr\u00e1 superar el 90% del presupuesto total del proyecto, con el l\u00edmite de subvenci\u00f3n de 35.000 euros por proyecto financiado. Las subvenciones concedidas guardar\u00e1n una relaci\u00f3n directa con los fondos disponibles y con la puntuaci\u00f3n obtenida por el proyecto presentado, en funci\u00f3n de los siguientes tramos porcentuales: entre 70 y 80 puntos, el 90% de lo solicitado en relaci\u00f3n a las bases; entre 81 y 90 puntos, el 95%; y entre 91 y 100 puntos, el 100%.<\/p>\n<p>La puntuaci\u00f3n se obtiene a trav\u00e9s de los criterios objetivos de valoraci\u00f3n, que contemplan hasta 22 puntos por la capacidad de la entidad, los actores y la calidad de sus relaciones; hasta 72 puntos por la calidad t\u00e9cnica del proyecto; y hasta 6 puntos por otros criterios, como la programaci\u00f3n de actividades de sensibilizaci\u00f3n para la poblaci\u00f3n de Pamplona. No obtendr\u00e1n financiaci\u00f3n los proyectos que no alcancen los 70 puntos en la valoraci\u00f3n. Cuando un proyecto, adem\u00e1s de alcanzar 70 puntos, tenga como destino alguno de los pa\u00edses incluidos en la relaci\u00f3n de Pa\u00edses Menos Adelantados (PMA) emitida por el CAD-OCDE, se incrementar\u00e1 la puntuaci\u00f3n obtenida en 10 puntos.<\/p>\n<p><strong>Requisitos<\/strong><\/p>\n<p>Entre los requisitos para concurrir a esta convocatoria se establece ser una persona jur\u00eddica, legalmente constituida y estar inscrita a la fecha de finalizaci\u00f3n del plazo de presentaci\u00f3n de solicitudes en el Registro de Organizaciones No Gubernamentales de Desarrollo de la Agencia Espa\u00f1ola de Cooperaci\u00f3n Internacional para el Desarrollo, carecer de fines de lucro y tener como fin expreso la realizaci\u00f3n de actividades relacionadas con la cooperaci\u00f3n internacional al desarrollo y el fomento de la solidaridad entre los pueblos. Tambi\u00e9n es necesario tener domicilio social o delegaci\u00f3n permanente en Pamplona\/Iru\u00f1a o, en su caso, que las entidades desarrollen la mayor parte de su actividad en Pamplona y con su ciudadan\u00eda y sean activas en el \u00e1mbito de la ciudad, en cuanto a la gesti\u00f3n de programas de cooperaci\u00f3n o de ayuda humanitaria, o a la promoci\u00f3n de la solidaridad y sensibilizaci\u00f3n sobre la situaci\u00f3n de los pa\u00edses del Sur; para ello deber\u00e1n documentar las actividades realizadas en Pamplona en los dos \u00faltimos a\u00f1os.<\/p>\n<p>Adem\u00e1s, las entidades deben tener una socia local (contraparte) en la zona donde se vaya a realizar el proyecto, que puede ser una Administraci\u00f3n p\u00fablica o una ONGD, incluida la delegaci\u00f3n de la propia ONGD solicitante en el pa\u00eds de referencia. Es necesario disponer de la estructura suficiente para garantizar el cumplimiento de sus fines sociales y poder acreditar la experiencia y la capacidad operativas que resulten necesarias para el logro de los objetivos propuestos. En el caso de haber recibido subvenciones con anterioridad, deber\u00e1n estar al corriente en el cumplimiento de las obligaciones impuestas por la concesi\u00f3n de las mismas; en caso contrario quedar\u00e1n expresamente excluidas de la convocatoria. Tambi\u00e9n deber\u00e1n estar al corriente de las obligaciones tributarias y de Seguridad Social.<\/p>\n<p>Quedan expresamente excluidas de la convocatoria las empresas y otras entidades con \u00e1nimo de lucro, y las ONGD que no hayan tenido actividad en Pamplona durante los 24 meses anteriores a la fecha de presentaci\u00f3n de solicitud de financiaci\u00f3n a la presente convocatoria, es decir: quedar\u00e1n excluidas las ONGD que no documenten haber desarrollado una actividad de relevancia p\u00fablica en el \u00e1mbito de la sensibilizaci\u00f3n, ayuda humanitaria o cooperaci\u00f3n realizadas en Pamplona durante dicho periodo. En ning\u00fan caso se considerar\u00e1 como actividad que ostente relevancia p\u00fablica la publicaci\u00f3n espor\u00e1dica de art\u00edculos o de entrevistas de la ONGD en cualesquiera medios de comunicaci\u00f3n o las actividades internas de la entidad solicitante (formaci\u00f3n, difusi\u00f3n, etc\u00e9tera).<\/p>\n","protected":false},"excerpt":{"rendered":"<p>El plazo para concurrir a la convocatoria, que busca apoyar el desarrollo humano y sostenible de comunidades y municipios del Sur, finaliza el 24 de agosto<\/p>\n","protected":false},"author":1,"featured_media":50503,"comment_status":"open","ping_status":"closed","sticky":false,"template":"","format":"standard","meta":{"footnotes":""},"categories":[2],"tags":[],"class_list":["post-50502","post","type-post","status-publish","format-standard","has-post-thumbnail","hentry","category-ayuntamiento-pamplona"],"yoast_head":"<!-- This site is optimized with the Yoast SEO plugin v27.3 - https:\/\/yoast.com\/product\/yoast-seo-wordpress\/ -->\n<title>Pamplona destina inicialmente 923.000 euros para proyectos de cooperaci\u00f3n internacional que se realicen en pa\u00edses y territorios en transici\u00f3n<\/title>\n<meta name=\"description\" content=\"El plazo para concurrir a la convocatoria, que busca apoyar el desarrollo humano y sostenible de comunidades y municipios del Sur, finaliza el 24 de agosto\" \/>\n<meta name=\"robots\" content=\"index, follow, max-snippet:-1, max-image-preview:large, max-video-preview:-1\" \/>\n<link rel=\"canonical\" href=\"https:\/\/www.laguiadepamplona.com\/actualidad\/pamplona-destina-inicialmente-923-000-euros-para-proyectos-de-cooperacion-internacional-que-se-realicen-en-paises-y-territorios-en-transicion\/\" \/>\n<meta property=\"og:locale\" content=\"es_ES\" \/>\n<meta property=\"og:type\" content=\"article\" \/>\n<meta property=\"og:title\" content=\"Pamplona destina inicialmente 923.000 euros para proyectos de cooperaci\u00f3n internacional que se realicen en pa\u00edses y territorios en transici\u00f3n\" \/>\n<meta property=\"og:description\" content=\"El plazo para concurrir a la convocatoria, que busca apoyar el desarrollo humano y sostenible de comunidades y municipios del Sur, finaliza el 24 de agosto\" \/>\n<meta property=\"og:url\" content=\"https:\/\/www.laguiadepamplona.com\/actualidad\/pamplona-destina-inicialmente-923-000-euros-para-proyectos-de-cooperacion-internacional-que-se-realicen-en-paises-y-territorios-en-transicion\/\" \/>\n<meta property=\"og:site_name\" content=\"La Gu\u00eda de Pamplona\" \/>\n<meta property=\"article:publisher\" content=\"https:\/\/www.facebook.com\/laguiadepamplonacom-133175176762273\/?ref=hl\" \/>\n<meta property=\"article:published_time\" content=\"2024-08-13T17:21:24+00:00\" \/>\n<meta property=\"og:image\" content=\"https:\/\/www.laguiadepamplona.com\/actualidad\/wp-content\/uploads\/2024\/08\/cooperacion_0.webp\" \/>\n\t<meta property=\"og:image:width\" content=\"1000\" \/>\n\t<meta property=\"og:image:height\" content=\"750\" \/>\n\t<meta property=\"og:image:type\" content=\"image\/webp\" \/>\n<meta name=\"author\" content=\"La Gu\u00eda de Pamplona\" \/>\n<meta name=\"twitter:card\" content=\"summary_large_image\" \/>\n<meta name=\"twitter:creator\" content=\"@LaGuiadPamplona\" \/>\n<meta name=\"twitter:site\" content=\"@LaGuiadPamplona\" \/>\n<meta name=\"twitter:label1\" content=\"Escrito por\" \/>\n\t<meta name=\"twitter:data1\" content=\"La Gu\u00eda de Pamplona\" \/>\n\t<meta name=\"twitter:label2\" content=\"Tiempo de lectura\" \/>\n\t<meta name=\"twitter:data2\" content=\"4 minutos\" \/>\n<script type=\"application\/ld+json\" class=\"yoast-schema-graph\">{\"@context\":\"https:\\\/\\\/schema.org\",\"@graph\":[{\"@type\":\"Article\",\"@id\":\"https:\\\/\\\/www.laguiadepamplona.com\\\/actualidad\\\/pamplona-destina-inicialmente-923-000-euros-para-proyectos-de-cooperacion-internacional-que-se-realicen-en-paises-y-territorios-en-transicion\\\/#article\",\"isPartOf\":{\"@id\":\"https:\\\/\\\/www.laguiadepamplona.com\\\/actualidad\\\/pamplona-destina-inicialmente-923-000-euros-para-proyectos-de-cooperacion-internacional-que-se-realicen-en-paises-y-territorios-en-transicion\\\/\"},\"author\":{\"name\":\"La Gu\u00eda de Pamplona\",\"@id\":\"https:\\\/\\\/www.laguiadepamplona.com\\\/actualidad\\\/#\\\/schema\\\/person\\\/efe887376f0213d4657c93adc50b1fdb\"},\"headline\":\"Pamplona destina inicialmente 923.000 euros para proyectos de cooperaci\u00f3n internacional que se realicen en pa\u00edses y territorios en transici\u00f3n\",\"datePublished\":\"2024-08-13T17:21:24+00:00\",\"mainEntityOfPage\":{\"@id\":\"https:\\\/\\\/www.laguiadepamplona.com\\\/actualidad\\\/pamplona-destina-inicialmente-923-000-euros-para-proyectos-de-cooperacion-internacional-que-se-realicen-en-paises-y-territorios-en-transicion\\\/\"},\"wordCount\":971,\"commentCount\":0,\"publisher\":{\"@id\":\"https:\\\/\\\/www.laguiadepamplona.com\\\/actualidad\\\/#organization\"},\"image\":{\"@id\":\"https:\\\/\\\/www.laguiadepamplona.com\\\/actualidad\\\/pamplona-destina-inicialmente-923-000-euros-para-proyectos-de-cooperacion-internacional-que-se-realicen-en-paises-y-territorios-en-transicion\\\/#primaryimage\"},\"thumbnailUrl\":\"https:\\\/\\\/www.laguiadepamplona.com\\\/actualidad\\\/wp-content\\\/uploads\\\/2024\\\/08\\\/cooperacion_0.webp\",\"articleSection\":[\"Ayto Pamplona\"],\"inLanguage\":\"es\",\"potentialAction\":[{\"@type\":\"CommentAction\",\"name\":\"Comment\",\"target\":[\"https:\\\/\\\/www.laguiadepamplona.com\\\/actualidad\\\/pamplona-destina-inicialmente-923-000-euros-para-proyectos-de-cooperacion-internacional-que-se-realicen-en-paises-y-territorios-en-transicion\\\/#respond\"]}]},{\"@type\":\"WebPage\",\"@id\":\"https:\\\/\\\/www.laguiadepamplona.com\\\/actualidad\\\/pamplona-destina-inicialmente-923-000-euros-para-proyectos-de-cooperacion-internacional-que-se-realicen-en-paises-y-territorios-en-transicion\\\/\",\"url\":\"https:\\\/\\\/www.laguiadepamplona.com\\\/actualidad\\\/pamplona-destina-inicialmente-923-000-euros-para-proyectos-de-cooperacion-internacional-que-se-realicen-en-paises-y-territorios-en-transicion\\\/\",\"name\":\"Pamplona destina inicialmente 923.000 euros para proyectos de cooperaci\u00f3n internacional que se realicen en pa\u00edses y territorios en transici\u00f3n\",\"isPartOf\":{\"@id\":\"https:\\\/\\\/www.laguiadepamplona.com\\\/actualidad\\\/#website\"},\"primaryImageOfPage\":{\"@id\":\"https:\\\/\\\/www.laguiadepamplona.com\\\/actualidad\\\/pamplona-destina-inicialmente-923-000-euros-para-proyectos-de-cooperacion-internacional-que-se-realicen-en-paises-y-territorios-en-transicion\\\/#primaryimage\"},\"image\":{\"@id\":\"https:\\\/\\\/www.laguiadepamplona.com\\\/actualidad\\\/pamplona-destina-inicialmente-923-000-euros-para-proyectos-de-cooperacion-internacional-que-se-realicen-en-paises-y-territorios-en-transicion\\\/#primaryimage\"},\"thumbnailUrl\":\"https:\\\/\\\/www.laguiadepamplona.com\\\/actualidad\\\/wp-content\\\/uploads\\\/2024\\\/08\\\/cooperacion_0.webp\",\"datePublished\":\"2024-08-13T17:21:24+00:00\",\"description\":\"El plazo para concurrir a la convocatoria, que busca apoyar el desarrollo humano y sostenible de comunidades y municipios del Sur, finaliza el 24 de agosto\",\"breadcrumb\":{\"@id\":\"https:\\\/\\\/www.laguiadepamplona.com\\\/actualidad\\\/pamplona-destina-inicialmente-923-000-euros-para-proyectos-de-cooperacion-internacional-que-se-realicen-en-paises-y-territorios-en-transicion\\\/#breadcrumb\"},\"inLanguage\":\"es\",\"potentialAction\":[{\"@type\":\"ReadAction\",\"target\":[\"https:\\\/\\\/www.laguiadepamplona.com\\\/actualidad\\\/pamplona-destina-inicialmente-923-000-euros-para-proyectos-de-cooperacion-internacional-que-se-realicen-en-paises-y-territorios-en-transicion\\\/\"]}]},{\"@type\":\"ImageObject\",\"inLanguage\":\"es\",\"@id\":\"https:\\\/\\\/www.laguiadepamplona.com\\\/actualidad\\\/pamplona-destina-inicialmente-923-000-euros-para-proyectos-de-cooperacion-internacional-que-se-realicen-en-paises-y-territorios-en-transicion\\\/#primaryimage\",\"url\":\"https:\\\/\\\/www.laguiadepamplona.com\\\/actualidad\\\/wp-content\\\/uploads\\\/2024\\\/08\\\/cooperacion_0.webp\",\"contentUrl\":\"https:\\\/\\\/www.laguiadepamplona.com\\\/actualidad\\\/wp-content\\\/uploads\\\/2024\\\/08\\\/cooperacion_0.webp\",\"width\":1000,\"height\":750,\"caption\":\"cooperaci\u00f3n\"},{\"@type\":\"BreadcrumbList\",\"@id\":\"https:\\\/\\\/www.laguiadepamplona.com\\\/actualidad\\\/pamplona-destina-inicialmente-923-000-euros-para-proyectos-de-cooperacion-internacional-que-se-realicen-en-paises-y-territorios-en-transicion\\\/#breadcrumb\",\"itemListElement\":[{\"@type\":\"ListItem\",\"position\":1,\"name\":\"Portada\",\"item\":\"https:\\\/\\\/www.laguiadepamplona.com\\\/actualidad\\\/\"},{\"@type\":\"ListItem\",\"position\":2,\"name\":\"Pamplona destina inicialmente 923.000 euros para proyectos de cooperaci\u00f3n internacional que se realicen en pa\u00edses y territorios en transici\u00f3n\"}]},{\"@type\":\"WebSite\",\"@id\":\"https:\\\/\\\/www.laguiadepamplona.com\\\/actualidad\\\/#website\",\"url\":\"https:\\\/\\\/www.laguiadepamplona.com\\\/actualidad\\\/\",\"name\":\"La gu\u00eda de Pamplona\",\"description\":\"Noticias de Pamplona\",\"publisher\":{\"@id\":\"https:\\\/\\\/www.laguiadepamplona.com\\\/actualidad\\\/#organization\"},\"potentialAction\":[{\"@type\":\"SearchAction\",\"target\":{\"@type\":\"EntryPoint\",\"urlTemplate\":\"https:\\\/\\\/www.laguiadepamplona.com\\\/actualidad\\\/?s={search_term_string}\"},\"query-input\":{\"@type\":\"PropertyValueSpecification\",\"valueRequired\":true,\"valueName\":\"search_term_string\"}}],\"inLanguage\":\"es\"},{\"@type\":\"Organization\",\"@id\":\"https:\\\/\\\/www.laguiadepamplona.com\\\/actualidad\\\/#organization\",\"name\":\"La Gu\u00eda de Pamplona \\\/ Noticias\",\"url\":\"https:\\\/\\\/www.laguiadepamplona.com\\\/actualidad\\\/\",\"logo\":{\"@type\":\"ImageObject\",\"inLanguage\":\"es\",\"@id\":\"https:\\\/\\\/www.laguiadepamplona.com\\\/actualidad\\\/#\\\/schema\\\/logo\\\/image\\\/\",\"url\":\"https:\\\/\\\/www.laguiadepamplona.com\\\/actualidad\\\/wp-content\\\/uploads\\\/2018\\\/11\\\/logo-laguiadepamplona18-web1.png\",\"contentUrl\":\"https:\\\/\\\/www.laguiadepamplona.com\\\/actualidad\\\/wp-content\\\/uploads\\\/2018\\\/11\\\/logo-laguiadepamplona18-web1.png\",\"width\":600,\"height\":196,\"caption\":\"La Gu\u00eda de Pamplona \\\/ Noticias\"},\"image\":{\"@id\":\"https:\\\/\\\/www.laguiadepamplona.com\\\/actualidad\\\/#\\\/schema\\\/logo\\\/image\\\/\"},\"sameAs\":[\"https:\\\/\\\/www.facebook.com\\\/laguiadepamplonacom-133175176762273\\\/?ref=hl\",\"https:\\\/\\\/x.com\\\/LaGuiadPamplona\",\"https:\\\/\\\/www.instagram.com\\\/la_guia_de_pamplona\\\/\",\"https:\\\/\\\/www.youtube.com\\\/user\\\/laguiadepamplona\"]},{\"@type\":\"Person\",\"@id\":\"https:\\\/\\\/www.laguiadepamplona.com\\\/actualidad\\\/#\\\/schema\\\/person\\\/efe887376f0213d4657c93adc50b1fdb\",\"name\":\"La Gu\u00eda de Pamplona\",\"image\":{\"@type\":\"ImageObject\",\"inLanguage\":\"es\",\"@id\":\"https:\\\/\\\/secure.gravatar.com\\\/avatar\\\/b6992f131dc8d30ab0dff15446e9d346d9dbd95992de0fef795073f5ea83a81c?s=96&d=mm&r=g\",\"url\":\"https:\\\/\\\/secure.gravatar.com\\\/avatar\\\/b6992f131dc8d30ab0dff15446e9d346d9dbd95992de0fef795073f5ea83a81c?s=96&d=mm&r=g\",\"contentUrl\":\"https:\\\/\\\/secure.gravatar.com\\\/avatar\\\/b6992f131dc8d30ab0dff15446e9d346d9dbd95992de0fef795073f5ea83a81c?s=96&d=mm&r=g\",\"caption\":\"La Gu\u00eda de Pamplona\"}}]}<\/script>\n<!-- \/ Yoast SEO plugin. -->","yoast_head_json":{"title":"Pamplona destina inicialmente 923.000 euros para proyectos de cooperaci\u00f3n internacional que se realicen en pa\u00edses y territorios en transici\u00f3n","description":"El plazo para concurrir a la convocatoria, que busca apoyar el desarrollo humano y sostenible de comunidades y municipios del Sur, finaliza el 24 de agosto","robots":{"index":"index","follow":"follow","max-snippet":"max-snippet:-1","max-image-preview":"max-image-preview:large","max-video-preview":"max-video-preview:-1"},"canonical":"https:\/\/www.laguiadepamplona.com\/actualidad\/pamplona-destina-inicialmente-923-000-euros-para-proyectos-de-cooperacion-internacional-que-se-realicen-en-paises-y-territorios-en-transicion\/","og_locale":"es_ES","og_type":"article","og_title":"Pamplona destina inicialmente 923.000 euros para proyectos de cooperaci\u00f3n internacional que se realicen en pa\u00edses y territorios en transici\u00f3n","og_description":"El plazo para concurrir a la convocatoria, que busca apoyar el desarrollo humano y sostenible de comunidades y municipios del Sur, finaliza el 24 de agosto","og_url":"https:\/\/www.laguiadepamplona.com\/actualidad\/pamplona-destina-inicialmente-923-000-euros-para-proyectos-de-cooperacion-internacional-que-se-realicen-en-paises-y-territorios-en-transicion\/","og_site_name":"La Gu\u00eda de Pamplona","article_publisher":"https:\/\/www.facebook.com\/laguiadepamplonacom-133175176762273\/?ref=hl","article_published_time":"2024-08-13T17:21:24+00:00","og_image":[{"width":1000,"height":750,"url":"https:\/\/www.laguiadepamplona.com\/actualidad\/wp-content\/uploads\/2024\/08\/cooperacion_0.webp","type":"image\/webp"}],"author":"La Gu\u00eda de Pamplona","twitter_card":"summary_large_image","twitter_creator":"@LaGuiadPamplona","twitter_site":"@LaGuiadPamplona","twitter_misc":{"Escrito por":"La Gu\u00eda de Pamplona","Tiempo de lectura":"4 minutos"},"schema":{"@context":"https:\/\/schema.org","@graph":[{"@type":"Article","@id":"https:\/\/www.laguiadepamplona.com\/actualidad\/pamplona-destina-inicialmente-923-000-euros-para-proyectos-de-cooperacion-internacional-que-se-realicen-en-paises-y-territorios-en-transicion\/#article","isPartOf":{"@id":"https:\/\/www.laguiadepamplona.com\/actualidad\/pamplona-destina-inicialmente-923-000-euros-para-proyectos-de-cooperacion-internacional-que-se-realicen-en-paises-y-territorios-en-transicion\/"},"author":{"name":"La Gu\u00eda de Pamplona","@id":"https:\/\/www.laguiadepamplona.com\/actualidad\/#\/schema\/person\/efe887376f0213d4657c93adc50b1fdb"},"headline":"Pamplona destina inicialmente 923.000 euros para proyectos de cooperaci\u00f3n internacional que se realicen en pa\u00edses y territorios en transici\u00f3n","datePublished":"2024-08-13T17:21:24+00:00","mainEntityOfPage":{"@id":"https:\/\/www.laguiadepamplona.com\/actualidad\/pamplona-destina-inicialmente-923-000-euros-para-proyectos-de-cooperacion-internacional-que-se-realicen-en-paises-y-territorios-en-transicion\/"},"wordCount":971,"commentCount":0,"publisher":{"@id":"https:\/\/www.laguiadepamplona.com\/actualidad\/#organization"},"image":{"@id":"https:\/\/www.laguiadepamplona.com\/actualidad\/pamplona-destina-inicialmente-923-000-euros-para-proyectos-de-cooperacion-internacional-que-se-realicen-en-paises-y-territorios-en-transicion\/#primaryimage"},"thumbnailUrl":"https:\/\/www.laguiadepamplona.com\/actualidad\/wp-content\/uploads\/2024\/08\/cooperacion_0.webp","articleSection":["Ayto Pamplona"],"inLanguage":"es","potentialAction":[{"@type":"CommentAction","name":"Comment","target":["https:\/\/www.laguiadepamplona.com\/actualidad\/pamplona-destina-inicialmente-923-000-euros-para-proyectos-de-cooperacion-internacional-que-se-realicen-en-paises-y-territorios-en-transicion\/#respond"]}]},{"@type":"WebPage","@id":"https:\/\/www.laguiadepamplona.com\/actualidad\/pamplona-destina-inicialmente-923-000-euros-para-proyectos-de-cooperacion-internacional-que-se-realicen-en-paises-y-territorios-en-transicion\/","url":"https:\/\/www.laguiadepamplona.com\/actualidad\/pamplona-destina-inicialmente-923-000-euros-para-proyectos-de-cooperacion-internacional-que-se-realicen-en-paises-y-territorios-en-transicion\/","name":"Pamplona destina inicialmente 923.000 euros para proyectos de cooperaci\u00f3n internacional que se realicen en pa\u00edses y territorios en transici\u00f3n","isPartOf":{"@id":"https:\/\/www.laguiadepamplona.com\/actualidad\/#website"},"primaryImageOfPage":{"@id":"https:\/\/www.laguiadepamplona.com\/actualidad\/pamplona-destina-inicialmente-923-000-euros-para-proyectos-de-cooperacion-internacional-que-se-realicen-en-paises-y-territorios-en-transicion\/#primaryimage"},"image":{"@id":"https:\/\/www.laguiadepamplona.com\/actualidad\/pamplona-destina-inicialmente-923-000-euros-para-proyectos-de-cooperacion-internacional-que-se-realicen-en-paises-y-territorios-en-transicion\/#primaryimage"},"thumbnailUrl":"https:\/\/www.laguiadepamplona.com\/actualidad\/wp-content\/uploads\/2024\/08\/cooperacion_0.webp","datePublished":"2024-08-13T17:21:24+00:00","description":"El plazo para concurrir a la convocatoria, que busca apoyar el desarrollo humano y sostenible de comunidades y municipios del Sur, finaliza el 24 de agosto","breadcrumb":{"@id":"https:\/\/www.laguiadepamplona.com\/actualidad\/pamplona-destina-inicialmente-923-000-euros-para-proyectos-de-cooperacion-internacional-que-se-realicen-en-paises-y-territorios-en-transicion\/#breadcrumb"},"inLanguage":"es","potentialAction":[{"@type":"ReadAction","target":["https:\/\/www.laguiadepamplona.com\/actualidad\/pamplona-destina-inicialmente-923-000-euros-para-proyectos-de-cooperacion-internacional-que-se-realicen-en-paises-y-territorios-en-transicion\/"]}]},{"@type":"ImageObject","inLanguage":"es","@id":"https:\/\/www.laguiadepamplona.com\/actualidad\/pamplona-destina-inicialmente-923-000-euros-para-proyectos-de-cooperacion-internacional-que-se-realicen-en-paises-y-territorios-en-transicion\/#primaryimage","url":"https:\/\/www.laguiadepamplona.com\/actualidad\/wp-content\/uploads\/2024\/08\/cooperacion_0.webp","contentUrl":"https:\/\/www.laguiadepamplona.com\/actualidad\/wp-content\/uploads\/2024\/08\/cooperacion_0.webp","width":1000,"height":750,"caption":"cooperaci\u00f3n"},{"@type":"BreadcrumbList","@id":"https:\/\/www.laguiadepamplona.com\/actualidad\/pamplona-destina-inicialmente-923-000-euros-para-proyectos-de-cooperacion-internacional-que-se-realicen-en-paises-y-territorios-en-transicion\/#breadcrumb","itemListElement":[{"@type":"ListItem","position":1,"name":"Portada","item":"https:\/\/www.laguiadepamplona.com\/actualidad\/"},{"@type":"ListItem","position":2,"name":"Pamplona destina inicialmente 923.000 euros para proyectos de cooperaci\u00f3n internacional que se realicen en pa\u00edses y territorios en transici\u00f3n"}]},{"@type":"WebSite","@id":"https:\/\/www.laguiadepamplona.com\/actualidad\/#website","url":"https:\/\/www.laguiadepamplona.com\/actualidad\/","name":"La gu\u00eda de Pamplona","description":"Noticias de Pamplona","publisher":{"@id":"https:\/\/www.laguiadepamplona.com\/actualidad\/#organization"},"potentialAction":[{"@type":"SearchAction","target":{"@type":"EntryPoint","urlTemplate":"https:\/\/www.laguiadepamplona.com\/actualidad\/?s={search_term_string}"},"query-input":{"@type":"PropertyValueSpecification","valueRequired":true,"valueName":"search_term_string"}}],"inLanguage":"es"},{"@type":"Organization","@id":"https:\/\/www.laguiadepamplona.com\/actualidad\/#organization","name":"La Gu\u00eda de Pamplona \/ Noticias","url":"https:\/\/www.laguiadepamplona.com\/actualidad\/","logo":{"@type":"ImageObject","inLanguage":"es","@id":"https:\/\/www.laguiadepamplona.com\/actualidad\/#\/schema\/logo\/image\/","url":"https:\/\/www.laguiadepamplona.com\/actualidad\/wp-content\/uploads\/2018\/11\/logo-laguiadepamplona18-web1.png","contentUrl":"https:\/\/www.laguiadepamplona.com\/actualidad\/wp-content\/uploads\/2018\/11\/logo-laguiadepamplona18-web1.png","width":600,"height":196,"caption":"La Gu\u00eda de Pamplona \/ Noticias"},"image":{"@id":"https:\/\/www.laguiadepamplona.com\/actualidad\/#\/schema\/logo\/image\/"},"sameAs":["https:\/\/www.facebook.com\/laguiadepamplonacom-133175176762273\/?ref=hl","https:\/\/x.com\/LaGuiadPamplona","https:\/\/www.instagram.com\/la_guia_de_pamplona\/","https:\/\/www.youtube.com\/user\/laguiadepamplona"]},{"@type":"Person","@id":"https:\/\/www.laguiadepamplona.com\/actualidad\/#\/schema\/person\/efe887376f0213d4657c93adc50b1fdb","name":"La Gu\u00eda de Pamplona","image":{"@type":"ImageObject","inLanguage":"es","@id":"https:\/\/secure.gravatar.com\/avatar\/b6992f131dc8d30ab0dff15446e9d346d9dbd95992de0fef795073f5ea83a81c?s=96&d=mm&r=g","url":"https:\/\/secure.gravatar.com\/avatar\/b6992f131dc8d30ab0dff15446e9d346d9dbd95992de0fef795073f5ea83a81c?s=96&d=mm&r=g","contentUrl":"https:\/\/secure.gravatar.com\/avatar\/b6992f131dc8d30ab0dff15446e9d346d9dbd95992de0fef795073f5ea83a81c?s=96&d=mm&r=g","caption":"La Gu\u00eda de Pamplona"}}]}},"post_mailing_queue_ids":[],"_links":{"self":[{"href":"https:\/\/www.laguiadepamplona.com\/actualidad\/wp-json\/wp\/v2\/posts\/50502","targetHints":{"allow":["GET"]}}],"collection":[{"href":"https:\/\/www.laguiadepamplona.com\/actualidad\/wp-json\/wp\/v2\/posts"}],"about":[{"href":"https:\/\/www.laguiadepamplona.com\/actualidad\/wp-json\/wp\/v2\/types\/post"}],"author":[{"embeddable":true,"href":"https:\/\/www.laguiadepamplona.com\/actualidad\/wp-json\/wp\/v2\/users\/1"}],"replies":[{"embeddable":true,"href":"https:\/\/www.laguiadepamplona.com\/actualidad\/wp-json\/wp\/v2\/comments?post=50502"}],"version-history":[{"count":1,"href":"https:\/\/www.laguiadepamplona.com\/actualidad\/wp-json\/wp\/v2\/posts\/50502\/revisions"}],"predecessor-version":[{"id":50504,"href":"https:\/\/www.laguiadepamplona.com\/actualidad\/wp-json\/wp\/v2\/posts\/50502\/revisions\/50504"}],"wp:featuredmedia":[{"embeddable":true,"href":"https:\/\/www.laguiadepamplona.com\/actualidad\/wp-json\/wp\/v2\/media\/50503"}],"wp:attachment":[{"href":"https:\/\/www.laguiadepamplona.com\/actualidad\/wp-json\/wp\/v2\/media?parent=50502"}],"wp:term":[{"taxonomy":"category","embeddable":true,"href":"https:\/\/www.laguiadepamplona.com\/actualidad\/wp-json\/wp\/v2\/categories?post=50502"},{"taxonomy":"post_tag","embeddable":true,"href":"https:\/\/www.laguiadepamplona.com\/actualidad\/wp-json\/wp\/v2\/tags?post=50502"}],"curies":[{"name":"wp","href":"https:\/\/api.w.org\/{rel}","templated":true}]}}